{"id":56721,"date":"2024-03-08T11:05:16","date_gmt":"2024-03-08T09:05:16","guid":{"rendered":"https:\/\/just-now.news\/de\/deutschland\/polen-gegen-verlaengerung-der-handelsprivilegien-fuer-die-ukraine\/"},"modified":"2024-03-08T11:05:16","modified_gmt":"2024-03-08T09:05:16","slug":"polen-gegen-verlaengerung-der-handelsprivilegien-fuer-die-ukraine","status":"publish","type":"post","link":"https:\/\/now-news.de\/de\/deutschland\/polen-gegen-verlaengerung-der-handelsprivilegien-fuer-die-ukraine\/","title":{"rendered":"Polen gegen Verl\u00e4ngerung der Handelsprivilegien f\u00fcr die Ukraine"},"content":{"rendered":"<p><img decoding=\"async\" src=\"http:\/\/just-now.news\/de\/wp-content\/uploads\/sites\/3\/2024\/03\/65eac008b480cc129f04f12c.jpg\" \/><\/p>\n<div class=\"Text-root Text-type_1 \">\n                Die Regeln sollten auch f\u00fcr die Ukraine wieder so gelten, wie sie vor dem Konflikt mit Russland galten, fordert der polnische Premierminister. Das soll die Bauernproteste beenden, durch die seit Wochen die Grenzen zur Ukraine blockiert werden. Aber das Regime in Kiew fordert einen Preis.\n            <\/div>\n<p><\/p>\n<div class=\"Text-root Text-type_5 ArticleView-text ViewText-root \">\n<p>In Warschau w\u00fcnscht man, dass die EU-Kommission die Vorzugsregeln streicht, die nach dem Beginn des Konflikts mit Russland der Ukraine gew\u00e4hrt wurden, sagte der polnische Premierminister Donald Tusk am Donnerstag zu Reportern und reagierte damit offenbar auf den Druck landesweiter Bauernproteste.<\/p>\n<p>Tusk sagte, dass er sich in anstehenden Treffen mit europ\u00e4ischen EVP-Spitzenpolitikern auf dem Kongress der Europ\u00e4ischen Volkspartei in Bukarest am Donnerstag \u2013 darunter auch die EU-Kommissionschefin Ursula von der Leyen \u2013 f\u00fcr Ver\u00e4nderungen einsetzen wird, um polnische und andere EU-M\u00e4rkte und Produzenten zu sch\u00fctzen:<\/p>\n<p><em>&#8220;Mit Ver\u00e4nderungen meinen wir die Notwendigkeit, mehr oder weniger zu den Regeln zur\u00fcckzukehren, die vor Ausbruch des Krieges f\u00fcr den Handel mit der Ukraine und anderen Drittl\u00e4ndern galten.&#8221;<\/em><\/p>\n<p>Kurz nach Beginn des milit\u00e4rischen Sonderoperation Russlands in der Ukraine hob die Europ\u00e4ische Kommission vor\u00fcbergehend alle Z\u00f6lle und Quoten f\u00fcr ukrainische Waren f\u00fcr zun\u00e4chst ein Jahr auf \u2013 mit dem Ziel, den landwirtschaftlichen Produkte Kiews die Weiterlieferung \u00fcber Europa auf globale M\u00e4rkte zu erm\u00f6glichen. Aber ein gro\u00dfer Teil davon \u00fcberflutete am Ende die osteurop\u00e4ischen M\u00e4rkte und destabilisierte die Preise.<\/p>\n<p>2023 verl\u00e4ngerte die Kommission in Br\u00fcssel die Ma\u00dfnahme um ein weiteres Jahr, trotz der Proteste von einheimischen Bauern im ganzen EU-Block, die meinten, die Vorzugsbehandlung der Ukraine schaffe einen unfairen Wettbewerb und bedrohe ihren Lebensunterhalt.<\/p>\n<p>Am Donnerstag unterst\u00fctzte der Handelsausschuss des Europaparlaments den Vorschlag, die Sonderregeln f\u00fcr den Handel mit der Ukraine nunmehr weiter bis zum Juni 2025 zu verl\u00e4ngern. Die Entscheidung muss allerdings im April noch vom Europaparlament best\u00e4tigt werden.<\/p>\n<p>W\u00e4hrenddessen hat die Regierung in Warschau bereits einseitig Nahrungsmittelimporte aus der Ukraine gestoppt \u2013 nach den anhaltenden Protesten polnischer Bauern, die so die Grenz\u00fcberg\u00e4nge zur Ukraine fast v\u00f6llig blockiert hatten, um die weitere Einfuhr von Getreide zu verhindern.<\/p>\n<p>Die <em>Financial Times<\/em> berichtete am Mittwoch, die Ukraine habe &#8220;besonderen&#8221; Handelsbeschr\u00e4nkungen mit der EU zugestimmt, um den Streit mit Polen zu beenden. Aus Kiew kam jedoch die Forderung, dass die EU doch im Gegenzug einfach den Import von landwirtschaftlichen Produkten, insbesondere Getreide, aus Russland und Wei\u00dfrussland verbieten solle.<\/p>\n<p>Die polnische Regierung hat Unterst\u00fctzung f\u00fcr diese Kiewer Forderung signalisiert, und Tusk verk\u00fcndete am Montag, derartige Ma\u00dfnahmen w\u00fcrden auch von Litauen unterst\u00fctzt. Nach offiziellen Angaben importierte Polen 2023 aus Russland Nahrungsmittel im Wert von 380 Millionen US-Dollar, im Vergleich dazu allerdings aus der Ukraine bereits Importe im Wert von \u00fcber 1,8 Milliarde US-Dollar.<\/p>\n<p><strong>Mehr zum Thema<\/strong> \u2013 <a rel=\"nofollow noopener\" target=\"_blank\" href=\"https:\/\/freeassange.rtde.life\/europa\/198537-bauernproteste-vor-polnischen-parlament-eskalieren\/\">Warschau: Demonstranten sollen Sejm-Geb\u00e4ude gest\u00fcrmt haben <\/a><\/p>\n<div class=\"EmbedBlock-root EmbedBlock-externalVideo EmbedBlock-odysee\">\n<div class=\"VkEmbed\"><iframe class=\"lazyload\" data-src=\"https:\/\/odysee.com\/%24\/embed\/%40RTDE%3Ae%2FSelenskij--Blockade-polnischer-Bauern-%C3%BCberschreitet-moralische-Grenzen%3A7\" frameborder=\"0\" width=\"853\" height=\"480\" allowfullscreen><\/iframe><\/div>\n<\/div>\n<\/div>\n<p><br \/>\n<br \/><a href=\"https:\/\/de.rt.com\/international\/198687-polen-gegen-verlaengerung-handelsprivilegien-fuer-ukraine\/\">Source link <\/a><\/p>\n","protected":false},"excerpt":{"rendered":"<p>Die Regeln sollten auch f\u00fcr die Ukraine wieder so gelten, wie sie vor dem Konflikt mit Russland galten, fordert der polnische Premierminister. Das soll die Bauernproteste beenden, durch die seit Wochen die Grenzen zur Ukraine blockiert werden. Aber das Regime in Kiew fordert einen Preis. In Warschau w\u00fcnscht man, dass die EU-Kommission die Vorzugsregeln streicht, [&hellip;]<\/p>\n","protected":false},"author":3,"featured_media":56722,"comment_status":"open","ping_status":"open","sticky":false,"template":"","format":"standard","meta":{"_yoast_indexnow_last_ping":["1709889672"],"wp_automatic_camp":["217"],"ddd62afa494113ae0d55e3f1e9d6ec0b":["Polen gegen Verl\u00e4ngerung der Handelsprivilegien f\u00fcr die Ukraine"],"original_link":["https:\/\/de.rt.com\/international\/198687-polen-gegen-verlaengerung-handelsprivilegien-fuer-ukraine\/"],"_thumbnail_id":["56722"],"_wptgpro_p2tg_sent2tg":["a:1:{i:23737;s:19:\"2024-03-08 11:22:18\";}"],"jnews_social_counter_last_update":["1777472139"]},"categories":[19,23],"tags":[82,45,221,278,54228,5850,127,23093],"yoast_head":"<!-- This site is optimized with the Yoast SEO Premium plugin v22.7 (Yoast SEO v22.7) - https:\/\/yoast.com\/wordpress\/plugins\/seo\/ -->\n<title>Polen gegen Verl\u00e4ngerung der Handelsprivilegien f\u00fcr die Ukraine - just-now.NEWS Deutschland<\/title>\n<meta name=\"robots\" content=\"index, follow, max-snippet:-1, max-image-preview:large, max-video-preview:-1\" \/>\n<link rel=\"canonical\" href=\"https:\/\/now-news.de\/de\/deutschland\/polen-gegen-verlaengerung-der-handelsprivilegien-fuer-die-ukraine\/\" \/>\n<meta property=\"og:locale\" content=\"de_DE\" \/>\n<meta property=\"og:type\" content=\"article\" \/>\n<meta property=\"og:title\" content=\"Polen gegen Verl\u00e4ngerung der Handelsprivilegien f\u00fcr die Ukraine\" \/>\n<meta property=\"og:description\" content=\"Die Regeln sollten auch f\u00fcr die Ukraine wieder so gelten, wie sie vor dem Konflikt mit Russland galten, fordert der polnische Premierminister. Das soll die Bauernproteste beenden, durch die seit Wochen die Grenzen zur Ukraine blockiert werden. Aber das Regime in Kiew fordert einen Preis. In Warschau w\u00fcnscht man, dass die EU-Kommission die Vorzugsregeln streicht, [&hellip;]\" \/>\n<meta property=\"og:url\" content=\"https:\/\/now-news.de\/de\/deutschland\/polen-gegen-verlaengerung-der-handelsprivilegien-fuer-die-ukraine\/\" \/>\n<meta property=\"og:site_name\" content=\"just-now.NEWS Deutschland\" \/>\n<meta property=\"article:publisher\" content=\"https:\/\/www.facebook.com\/wirmachenauf\" \/>\n<meta property=\"article:published_time\" content=\"2024-03-08T09:05:16+00:00\" \/>\n<meta property=\"og:image\" content=\"https:\/\/now-news.de\/de\/wp-content\/uploads\/sites\/3\/2024\/03\/Polen-gegen-Verlaengerung-der-Handelsprivilegien-fuer-die-Ukraine.jpg\" \/>\n\t<meta property=\"og:image:width\" content=\"460\" \/>\n\t<meta property=\"og:image:height\" content=\"259\" \/>\n\t<meta property=\"og:image:type\" content=\"image\/jpeg\" \/>\n<meta name=\"author\" content=\"rtnews\" \/>\n<meta name=\"twitter:card\" content=\"summary_large_image\" \/>\n<meta name=\"twitter:creator\" content=\"@WirMachenAuf_de\" \/>\n<meta name=\"twitter:site\" content=\"@WirMachenAuf_de\" \/>\n<meta name=\"twitter:label1\" content=\"Verfasst von\" \/>\n\t<meta name=\"twitter:data1\" content=\"rtnews\" \/>\n\t<meta name=\"twitter:label2\" content=\"Gesch\u00e4tzte Lesezeit\" \/>\n\t<meta name=\"twitter:data2\" content=\"2\u00a0Minuten\" \/>\n<script type=\"application\/ld+json\" class=\"yoast-schema-graph\">{\"@context\":\"https:\/\/schema.org\",\"@graph\":[{\"@type\":\"Article\",\"@id\":\"https:\/\/now-news.de\/de\/deutschland\/polen-gegen-verlaengerung-der-handelsprivilegien-fuer-die-ukraine\/#article\",\"isPartOf\":{\"@id\":\"https:\/\/now-news.de\/de\/deutschland\/polen-gegen-verlaengerung-der-handelsprivilegien-fuer-die-ukraine\/\"},\"author\":{\"name\":\"rtnews\",\"@id\":\"https:\/\/now-news.de\/de\/#\/schema\/person\/fb534a4e865501d8b3285208df34a9b5\"},\"headline\":\"Polen gegen Verl\u00e4ngerung der Handelsprivilegien f\u00fcr die Ukraine\",\"datePublished\":\"2024-03-08T09:05:16+00:00\",\"dateModified\":\"2024-03-08T09:05:16+00:00\",\"mainEntityOfPage\":{\"@id\":\"https:\/\/now-news.de\/de\/deutschland\/polen-gegen-verlaengerung-der-handelsprivilegien-fuer-die-ukraine\/\"},\"wordCount\":486,\"commentCount\":0,\"publisher\":{\"@id\":\"https:\/\/now-news.de\/de\/#organization\"},\"image\":{\"@id\":\"https:\/\/now-news.de\/de\/deutschland\/polen-gegen-verlaengerung-der-handelsprivilegien-fuer-die-ukraine\/#primaryimage\"},\"thumbnailUrl\":\"https:\/\/now-news.de\/de\/wp-content\/uploads\/sites\/3\/2024\/03\/Polen-gegen-Verlaengerung-der-Handelsprivilegien-fuer-die-Ukraine.jpg\",\"keywords\":[\"der\",\"die\",\"f\u00fcr\",\"gegen\",\"Handelsprivilegien\",\"Polen\",\"ukraine\",\"Verl\u00e4ngerung\"],\"articleSection\":[\"Deutschland\",\"Russland\"],\"inLanguage\":\"de\",\"potentialAction\":[{\"@type\":\"CommentAction\",\"name\":\"Comment\",\"target\":[\"https:\/\/now-news.de\/de\/deutschland\/polen-gegen-verlaengerung-der-handelsprivilegien-fuer-die-ukraine\/#respond\"]}]},{\"@type\":\"WebPage\",\"@id\":\"https:\/\/now-news.de\/de\/deutschland\/polen-gegen-verlaengerung-der-handelsprivilegien-fuer-die-ukraine\/\",\"url\":\"https:\/\/now-news.de\/de\/deutschland\/polen-gegen-verlaengerung-der-handelsprivilegien-fuer-die-ukraine\/\",\"name\":\"Polen gegen Verl\u00e4ngerung der Handelsprivilegien f\u00fcr die Ukraine - just-now.NEWS Deutschland\",\"isPartOf\":{\"@id\":\"https:\/\/now-news.de\/de\/#website\"},\"primaryImageOfPage\":{\"@id\":\"https:\/\/now-news.de\/de\/deutschland\/polen-gegen-verlaengerung-der-handelsprivilegien-fuer-die-ukraine\/#primaryimage\"},\"image\":{\"@id\":\"https:\/\/now-news.de\/de\/deutschland\/polen-gegen-verlaengerung-der-handelsprivilegien-fuer-die-ukraine\/#primaryimage\"},\"thumbnailUrl\":\"https:\/\/now-news.de\/de\/wp-content\/uploads\/sites\/3\/2024\/03\/Polen-gegen-Verlaengerung-der-Handelsprivilegien-fuer-die-Ukraine.jpg\",\"datePublished\":\"2024-03-08T09:05:16+00:00\",\"dateModified\":\"2024-03-08T09:05:16+00:00\",\"breadcrumb\":{\"@id\":\"https:\/\/now-news.de\/de\/deutschland\/polen-gegen-verlaengerung-der-handelsprivilegien-fuer-die-ukraine\/#breadcrumb\"},\"inLanguage\":\"de\",\"potentialAction\":[{\"@type\":\"ReadAction\",\"target\":[\"https:\/\/now-news.de\/de\/deutschland\/polen-gegen-verlaengerung-der-handelsprivilegien-fuer-die-ukraine\/\"]}]},{\"@type\":\"ImageObject\",\"inLanguage\":\"de\",\"@id\":\"https:\/\/now-news.de\/de\/deutschland\/polen-gegen-verlaengerung-der-handelsprivilegien-fuer-die-ukraine\/#primaryimage\",\"url\":\"https:\/\/now-news.de\/de\/wp-content\/uploads\/sites\/3\/2024\/03\/Polen-gegen-Verlaengerung-der-Handelsprivilegien-fuer-die-Ukraine.jpg\",\"contentUrl\":\"https:\/\/now-news.de\/de\/wp-content\/uploads\/sites\/3\/2024\/03\/Polen-gegen-Verlaengerung-der-Handelsprivilegien-fuer-die-Ukraine.jpg\",\"width\":460,\"height\":259,\"caption\":\"Polen gegen Verl\u00e4ngerung der Handelsprivilegien f\u00fcr die Ukraine\"},{\"@type\":\"BreadcrumbList\",\"@id\":\"https:\/\/now-news.de\/de\/deutschland\/polen-gegen-verlaengerung-der-handelsprivilegien-fuer-die-ukraine\/#breadcrumb\",\"itemListElement\":[{\"@type\":\"ListItem\",\"position\":1,\"name\":\"Home\",\"item\":\"https:\/\/now-news.de\/de\/\"},{\"@type\":\"ListItem\",\"position\":2,\"name\":\"Polen gegen Verl\u00e4ngerung der Handelsprivilegien f\u00fcr die Ukraine\"}]},{\"@type\":\"WebSite\",\"@id\":\"https:\/\/now-news.de\/de\/#website\",\"url\":\"https:\/\/now-news.de\/de\/\",\"name\":\"just-now.NEWS Deutschland\",\"description\":\"Das Portal f\u00fcr unzensierte Nachrichten aus der Welt\",\"publisher\":{\"@id\":\"https:\/\/now-news.de\/de\/#organization\"},\"potentialAction\":[{\"@type\":\"SearchAction\",\"target\":{\"@type\":\"EntryPoint\",\"urlTemplate\":\"https:\/\/now-news.de\/de\/?s={search_term_string}\"},\"query-input\":\"required name=search_term_string\"}],\"inLanguage\":\"de\"},{\"@type\":\"Organization\",\"@id\":\"https:\/\/now-news.de\/de\/#organization\",\"name\":\"Just Now News\",\"url\":\"https:\/\/now-news.de\/de\/\",\"logo\":{\"@type\":\"ImageObject\",\"inLanguage\":\"de\",\"@id\":\"https:\/\/now-news.de\/de\/#\/schema\/logo\/image\/\",\"url\":\"http:\/\/just-now.news\/de\/wp-content\/uploads\/sites\/3\/2022\/04\/logo500x500.jpg\",\"contentUrl\":\"http:\/\/just-now.news\/de\/wp-content\/uploads\/sites\/3\/2022\/04\/logo500x500.jpg\",\"width\":500,\"height\":500,\"caption\":\"Just Now News\"},\"image\":{\"@id\":\"https:\/\/now-news.de\/de\/#\/schema\/logo\/image\/\"},\"sameAs\":[\"https:\/\/www.facebook.com\/wirmachenauf\",\"https:\/\/x.com\/WirMachenAuf_de\"]},{\"@type\":\"Person\",\"@id\":\"https:\/\/now-news.de\/de\/#\/schema\/person\/fb534a4e865501d8b3285208df34a9b5\",\"name\":\"rtnews\",\"image\":{\"@type\":\"ImageObject\",\"inLanguage\":\"de\",\"@id\":\"https:\/\/now-news.de\/de\/#\/schema\/person\/image\/\",\"url\":\"https:\/\/secure.gravatar.com\/avatar\/82aafea7d8127119dd649515f56e2117?s=96&d=mm&r=g\",\"contentUrl\":\"https:\/\/secure.gravatar.com\/avatar\/82aafea7d8127119dd649515f56e2117?s=96&d=mm&r=g\",\"caption\":\"rtnews\"},\"url\":\"https:\/\/now-news.de\/de\/author\/rnews\/\"}]}<\/script>\n<!-- \/ Yoast SEO Premium plugin. -->","yoast_head_json":{"title":"Polen gegen Verl\u00e4ngerung der Handelsprivilegien f\u00fcr die Ukraine - just-now.NEWS Deutschland","robots":{"index":"index","follow":"follow","max-snippet":"max-snippet:-1","max-image-preview":"max-image-preview:large","max-video-preview":"max-video-preview:-1"},"canonical":"https:\/\/now-news.de\/de\/deutschland\/polen-gegen-verlaengerung-der-handelsprivilegien-fuer-die-ukraine\/","og_locale":"de_DE","og_type":"article","og_title":"Polen gegen Verl\u00e4ngerung der Handelsprivilegien f\u00fcr die Ukraine","og_description":"Die Regeln sollten auch f\u00fcr die Ukraine wieder so gelten, wie sie vor dem Konflikt mit Russland galten, fordert der polnische Premierminister. Das soll die Bauernproteste beenden, durch die seit Wochen die Grenzen zur Ukraine blockiert werden. Aber das Regime in Kiew fordert einen Preis. In Warschau w\u00fcnscht man, dass die EU-Kommission die Vorzugsregeln streicht, [&hellip;]","og_url":"https:\/\/now-news.de\/de\/deutschland\/polen-gegen-verlaengerung-der-handelsprivilegien-fuer-die-ukraine\/","og_site_name":"just-now.NEWS Deutschland","article_publisher":"https:\/\/www.facebook.com\/wirmachenauf","article_published_time":"2024-03-08T09:05:16+00:00","og_image":[{"width":460,"height":259,"url":"https:\/\/now-news.de\/de\/wp-content\/uploads\/sites\/3\/2024\/03\/Polen-gegen-Verlaengerung-der-Handelsprivilegien-fuer-die-Ukraine.jpg","type":"image\/jpeg"}],"author":"rtnews","twitter_card":"summary_large_image","twitter_creator":"@WirMachenAuf_de","twitter_site":"@WirMachenAuf_de","twitter_misc":{"Verfasst von":"rtnews","Gesch\u00e4tzte Lesezeit":"2\u00a0Minuten"},"schema":{"@context":"https:\/\/schema.org","@graph":[{"@type":"Article","@id":"https:\/\/now-news.de\/de\/deutschland\/polen-gegen-verlaengerung-der-handelsprivilegien-fuer-die-ukraine\/#article","isPartOf":{"@id":"https:\/\/now-news.de\/de\/deutschland\/polen-gegen-verlaengerung-der-handelsprivilegien-fuer-die-ukraine\/"},"author":{"name":"rtnews","@id":"https:\/\/now-news.de\/de\/#\/schema\/person\/fb534a4e865501d8b3285208df34a9b5"},"headline":"Polen gegen Verl\u00e4ngerung der Handelsprivilegien f\u00fcr die Ukraine","datePublished":"2024-03-08T09:05:16+00:00","dateModified":"2024-03-08T09:05:16+00:00","mainEntityOfPage":{"@id":"https:\/\/now-news.de\/de\/deutschland\/polen-gegen-verlaengerung-der-handelsprivilegien-fuer-die-ukraine\/"},"wordCount":486,"commentCount":0,"publisher":{"@id":"https:\/\/now-news.de\/de\/#organization"},"image":{"@id":"https:\/\/now-news.de\/de\/deutschland\/polen-gegen-verlaengerung-der-handelsprivilegien-fuer-die-ukraine\/#primaryimage"},"thumbnailUrl":"https:\/\/now-news.de\/de\/wp-content\/uploads\/sites\/3\/2024\/03\/Polen-gegen-Verlaengerung-der-Handelsprivilegien-fuer-die-Ukraine.jpg","keywords":["der","die","f\u00fcr","gegen","Handelsprivilegien","Polen","ukraine","Verl\u00e4ngerung"],"articleSection":["Deutschland","Russland"],"inLanguage":"de","potentialAction":[{"@type":"CommentAction","name":"Comment","target":["https:\/\/now-news.de\/de\/deutschland\/polen-gegen-verlaengerung-der-handelsprivilegien-fuer-die-ukraine\/#respond"]}]},{"@type":"WebPage","@id":"https:\/\/now-news.de\/de\/deutschland\/polen-gegen-verlaengerung-der-handelsprivilegien-fuer-die-ukraine\/","url":"https:\/\/now-news.de\/de\/deutschland\/polen-gegen-verlaengerung-der-handelsprivilegien-fuer-die-ukraine\/","name":"Polen gegen Verl\u00e4ngerung der Handelsprivilegien f\u00fcr die Ukraine - just-now.NEWS Deutschland","isPartOf":{"@id":"https:\/\/now-news.de\/de\/#website"},"primaryImageOfPage":{"@id":"https:\/\/now-news.de\/de\/deutschland\/polen-gegen-verlaengerung-der-handelsprivilegien-fuer-die-ukraine\/#primaryimage"},"image":{"@id":"https:\/\/now-news.de\/de\/deutschland\/polen-gegen-verlaengerung-der-handelsprivilegien-fuer-die-ukraine\/#primaryimage"},"thumbnailUrl":"https:\/\/now-news.de\/de\/wp-content\/uploads\/sites\/3\/2024\/03\/Polen-gegen-Verlaengerung-der-Handelsprivilegien-fuer-die-Ukraine.jpg","datePublished":"2024-03-08T09:05:16+00:00","dateModified":"2024-03-08T09:05:16+00:00","breadcrumb":{"@id":"https:\/\/now-news.de\/de\/deutschland\/polen-gegen-verlaengerung-der-handelsprivilegien-fuer-die-ukraine\/#breadcrumb"},"inLanguage":"de","potentialAction":[{"@type":"ReadAction","target":["https:\/\/now-news.de\/de\/deutschland\/polen-gegen-verlaengerung-der-handelsprivilegien-fuer-die-ukraine\/"]}]},{"@type":"ImageObject","inLanguage":"de","@id":"https:\/\/now-news.de\/de\/deutschland\/polen-gegen-verlaengerung-der-handelsprivilegien-fuer-die-ukraine\/#primaryimage","url":"https:\/\/now-news.de\/de\/wp-content\/uploads\/sites\/3\/2024\/03\/Polen-gegen-Verlaengerung-der-Handelsprivilegien-fuer-die-Ukraine.jpg","contentUrl":"https:\/\/now-news.de\/de\/wp-content\/uploads\/sites\/3\/2024\/03\/Polen-gegen-Verlaengerung-der-Handelsprivilegien-fuer-die-Ukraine.jpg","width":460,"height":259,"caption":"Polen gegen Verl\u00e4ngerung der Handelsprivilegien f\u00fcr die Ukraine"},{"@type":"BreadcrumbList","@id":"https:\/\/now-news.de\/de\/deutschland\/polen-gegen-verlaengerung-der-handelsprivilegien-fuer-die-ukraine\/#breadcrumb","itemListElement":[{"@type":"ListItem","position":1,"name":"Home","item":"https:\/\/now-news.de\/de\/"},{"@type":"ListItem","position":2,"name":"Polen gegen Verl\u00e4ngerung der Handelsprivilegien f\u00fcr die Ukraine"}]},{"@type":"WebSite","@id":"https:\/\/now-news.de\/de\/#website","url":"https:\/\/now-news.de\/de\/","name":"just-now.NEWS Deutschland","description":"Das Portal f\u00fcr unzensierte Nachrichten aus der Welt","publisher":{"@id":"https:\/\/now-news.de\/de\/#organization"},"potentialAction":[{"@type":"SearchAction","target":{"@type":"EntryPoint","urlTemplate":"https:\/\/now-news.de\/de\/?s={search_term_string}"},"query-input":"required name=search_term_string"}],"inLanguage":"de"},{"@type":"Organization","@id":"https:\/\/now-news.de\/de\/#organization","name":"Just Now News","url":"https:\/\/now-news.de\/de\/","logo":{"@type":"ImageObject","inLanguage":"de","@id":"https:\/\/now-news.de\/de\/#\/schema\/logo\/image\/","url":"http:\/\/just-now.news\/de\/wp-content\/uploads\/sites\/3\/2022\/04\/logo500x500.jpg","contentUrl":"http:\/\/just-now.news\/de\/wp-content\/uploads\/sites\/3\/2022\/04\/logo500x500.jpg","width":500,"height":500,"caption":"Just Now News"},"image":{"@id":"https:\/\/now-news.de\/de\/#\/schema\/logo\/image\/"},"sameAs":["https:\/\/www.facebook.com\/wirmachenauf","https:\/\/x.com\/WirMachenAuf_de"]},{"@type":"Person","@id":"https:\/\/now-news.de\/de\/#\/schema\/person\/fb534a4e865501d8b3285208df34a9b5","name":"rtnews","image":{"@type":"ImageObject","inLanguage":"de","@id":"https:\/\/now-news.de\/de\/#\/schema\/person\/image\/","url":"https:\/\/secure.gravatar.com\/avatar\/82aafea7d8127119dd649515f56e2117?s=96&d=mm&r=g","contentUrl":"https:\/\/secure.gravatar.com\/avatar\/82aafea7d8127119dd649515f56e2117?s=96&d=mm&r=g","caption":"rtnews"},"url":"https:\/\/now-news.de\/de\/author\/rnews\/"}]}},"_links":{"self":[{"href":"https:\/\/now-news.de\/de\/wp-json\/wp\/v2\/posts\/56721"}],"collection":[{"href":"https:\/\/now-news.de\/de\/wp-json\/wp\/v2\/posts"}],"about":[{"href":"https:\/\/now-news.de\/de\/wp-json\/wp\/v2\/types\/post"}],"author":[{"embeddable":true,"href":"https:\/\/now-news.de\/de\/wp-json\/wp\/v2\/users\/3"}],"replies":[{"embeddable":true,"href":"https:\/\/now-news.de\/de\/wp-json\/wp\/v2\/comments?post=56721"}],"version-history":[{"count":0,"href":"https:\/\/now-news.de\/de\/wp-json\/wp\/v2\/posts\/56721\/revisions"}],"wp:featuredmedia":[{"embeddable":true,"href":"https:\/\/now-news.de\/de\/wp-json\/wp\/v2\/media\/56722"}],"wp:attachment":[{"href":"https:\/\/now-news.de\/de\/wp-json\/wp\/v2\/media?parent=56721"}],"wp:term":[{"taxonomy":"category","embeddable":true,"href":"https:\/\/now-news.de\/de\/wp-json\/wp\/v2\/categories?post=56721"},{"taxonomy":"post_tag","embeddable":true,"href":"https:\/\/now-news.de\/de\/wp-json\/wp\/v2\/tags?post=56721"}],"curies":[{"name":"wp","href":"https:\/\/api.w.org\/{rel}","templated":true}]}}