{"id":56719,"date":"2024-03-08T10:42:57","date_gmt":"2024-03-08T08:42:57","guid":{"rendered":"https:\/\/just-now.news\/de\/deutschland\/wegen-kritischem-bericht-des-bundesrechnungshofs-zur-energiewende-habeck-ist-beleidigt\/"},"modified":"2024-03-08T10:42:57","modified_gmt":"2024-03-08T08:42:57","slug":"wegen-kritischem-bericht-des-bundesrechnungshofs-zur-energiewende-habeck-ist-beleidigt","status":"publish","type":"post","link":"https:\/\/now-news.de\/de\/deutschland\/wegen-kritischem-bericht-des-bundesrechnungshofs-zur-energiewende-habeck-ist-beleidigt\/","title":{"rendered":"Wegen kritischem Bericht des Bundesrechnungshofs zur &quot;Energiewende&quot;: Habeck ist beleidigt"},"content":{"rendered":"<p><img decoding=\"async\" src=\"http:\/\/just-now.news\/de\/wp-content\/uploads\/sites\/3\/2024\/03\/65eacc74b480cc140255e181.jpg\" \/><\/p>\n<div class=\"Text-root Text-type_1 \">\n                Bundeswirtschaftsminister Robert Habeck von den Gr\u00fcnen zeigte sich auf seiner USA-Reise wegen eines kritischen Berichts des Bundesrechnungshofs deutlich angefasst. Der Bericht bezeichnet die bisherigen Ma\u00dfnahmen der Bundesregierung zur Umsetzung der Energiewende als ungen\u00fcgend und warnt vor steigenden Strompreisen.\n            <\/div>\n<p><\/p>\n<div class=\"Text-root Text-type_5 ArticleView-text ViewText-root \">\n<p>Der Bundesrechnungshof kritisiert in einem Bericht den schleppenden Ausbau der erneuerbaren Energien, der Stromnetze sowie den mangelnden Aufbau zus\u00e4tzlicher Erzeugungskapazit\u00e4ten f\u00fcr den Bedarfsfall. In dem Bericht hei\u00dft es:<\/p>\n<blockquote>\n<p><em>&#8220;Die Bundesregierung muss umgehend reagieren, andernfalls droht die Energiewende zu scheitern.&#8221;<\/em><\/p>\n<\/blockquote>\n<p>Und weiter:<\/p>\n<blockquote>\n<p><em>&#8220;Die Kosten des Stromsystems werden erheblich steigen. Die steigenden Kosten tr\u00e4gt der Endverbraucher \u00fcber die Strompreise oder \u2013 bei \u00dcbernahme von Kosten aus Haushaltsmitteln \u2013 als Steuerzahler. Die aktuelle und voraussichtliche Entwicklung der Strompreise birgt ein erhebliches Risiko f\u00fcr den Wirtschaftsstandort Deutschland und die Akzeptanz der Energiewende in der Bev\u00f6lkerung.&#8221;<\/em><\/p>\n<\/blockquote>\n<p>Die Bundesregierung m\u00fcsse umgehend reagieren, &#8220;andernfalls droht die Energiewende zu scheitern&#8221;.<\/p>\n<p>Auf seiner USA-Reise reagierte Habeck deutlich angefasst auf den Bericht des Rechnungshofs. Er haben diesen zur Kenntnis genommen \u2013 mehr aber auch nicht&#8221;, so Habeck. Dann erg\u00e4nzte der Kinderbuchautor gegen\u00fcber Journalisten in Washington:<\/p>\n<blockquote>\n<p><em>&#8220;Ich sage nicht, dass wir durch sind. Aber zu sagen, die Bundesregierung tut nicht genug, die Energiepreise runterzubringen, die Energiesicherung umzusetzen, den CO2-Aussto\u00df zu reduzieren, ist eine erstaunliche Wahrnehmung, die nichts mit der Wirklichkeit zu tun hat.&#8221;<\/em><\/p>\n<\/blockquote>\n<p>Die Energiepreise s\u00e4nken, betonte der Minister, und die Regierung setze um, was jahrzehntelang vers\u00e4umt worden sei. Habeck weiter:<\/p>\n<blockquote>\n<p><em>&#8220;Der Ausbau der erneuerbaren Energien hat m\u00e4chtig Fahrt aufgenommen.&#8221;<\/em><\/p>\n<\/blockquote>\n<p>Auch Genehmigungen f\u00fcr den Netzausbau w\u00fcrden deutlich schneller erteilt, so der Minister weiter.<\/p>\n<p>Das BMWK habe in einer Stellungnahme f\u00fcr den Bericht zugestimmt, dass die Ausbaudynamik erh\u00f6ht werden m\u00fcsse. Entsprechende Ma\u00dfnahmenpakete aus dem Jahr 2022 wirkten erst zeitversetzt. Die Installation und Genehmigungen von Windenergieanlagen an Land h\u00e4tten im Jahresvergleich aber bereits deutlich zugenommen.<\/p>\n<p>Wie <em>Bild<\/em> berichtet, wurde der Minister auch noch deutlicher. Dass die Regierung Netzausbaukosten auf den Strompreis umlegen m\u00fcsse, kommentierte Habeck mit den Worten:<\/p>\n<blockquote>\n<p><em>&#8220;Daf\u00fcr h\u00e4tte ich nicht den Bericht des Bundesrechnungshofes gebraucht. Jeder, der nachdenken kann, sieht, dass das das Problem ist. Da haben sie einen Punkt. Sch\u00f6nen Dank daf\u00fcr.&#8221;<\/em><\/p>\n<\/blockquote>\n<p><strong>Mehr zum Thema<\/strong> \u2013 <a rel=\"nofollow noopener\" target=\"_blank\" href=\"https:\/\/freeassange.rtde.life\/inland\/198675-bundesrechnungshofbericht-zur-energiewende-habeck-setzen\/\">Sonderbericht des Bundesrechnungshofs zur Energiewende: Habeck, setzen, Sechs! <\/a><\/p>\n<div class=\"EmbedBlock-root EmbedBlock-externalVideo EmbedBlock-vk\">\n<div class=\"VkEmbed\"><iframe class=\"lazyload\" data-src=\"https:\/\/vk.com\/video_ext.php?oid=-134310637&amp;id=456274850\" frameborder=\"0\" width=\"853\" height=\"480\" allowfullscreen><\/iframe><\/div>\n<\/div>\n<\/div>\n<p><br \/>\n<br \/><a href=\"https:\/\/de.rt.com\/inland\/198704-habeck-beleidigt-wegen-krtischem-bericht-des-bundesrechnugshofs-zur-energiewende\/\">Source link <\/a><\/p>\n","protected":false},"excerpt":{"rendered":"<p>Bundeswirtschaftsminister Robert Habeck von den Gr\u00fcnen zeigte sich auf seiner USA-Reise wegen eines kritischen Berichts des Bundesrechnungshofs deutlich angefasst. Der Bericht bezeichnet die bisherigen Ma\u00dfnahmen der Bundesregierung zur Umsetzung der Energiewende als ungen\u00fcgend und warnt vor steigenden Strompreisen. Der Bundesrechnungshof kritisiert in einem Bericht den schleppenden Ausbau der erneuerbaren Energien, der Stromnetze sowie den mangelnden [&hellip;]<\/p>\n","protected":false},"author":3,"featured_media":56720,"comment_status":"open","ping_status":"open","sticky":false,"template":"","format":"standard","meta":{"_yoast_indexnow_last_ping":["1709887734"],"wp_automatic_camp":["217"],"3e0874d8ae1c0427d02e9d1f163c248a":["Wegen kritischem Bericht des Bundesrechnungshofs zur &quot;Energiewende&quot;: Habeck ist beleidigt"],"original_link":["https:\/\/de.rt.com\/inland\/198704-habeck-beleidigt-wegen-krtischem-bericht-des-bundesrechnugshofs-zur-energiewende\/"],"_thumbnail_id":["56720"],"_wptgpro_p2tg_sent2tg":["a:1:{i:23737;s:19:\"2024-03-08 10:49:58\";}"],"jnews_social_counter_last_update":["1777199741"]},"categories":[19,23],"tags":[20206,667,54224,583,911,414,13395,45146,145,581],"yoast_head":"<!-- This site is optimized with the Yoast SEO Premium plugin v22.7 (Yoast SEO v22.7) - https:\/\/yoast.com\/wordpress\/plugins\/seo\/ -->\n<title>Wegen kritischem Bericht des Bundesrechnungshofs zur &quot;Energiewende&quot;: Habeck ist beleidigt - just-now.NEWS Deutschland<\/title>\n<meta name=\"robots\" content=\"index, follow, max-snippet:-1, max-image-preview:large, max-video-preview:-1\" \/>\n<link rel=\"canonical\" href=\"https:\/\/now-news.de\/de\/deutschland\/wegen-kritischem-bericht-des-bundesrechnungshofs-zur-energiewende-habeck-ist-beleidigt\/\" \/>\n<meta property=\"og:locale\" content=\"de_DE\" \/>\n<meta property=\"og:type\" content=\"article\" \/>\n<meta property=\"og:title\" content=\"Wegen kritischem Bericht des Bundesrechnungshofs zur &quot;Energiewende&quot;: Habeck ist beleidigt\" \/>\n<meta property=\"og:description\" content=\"Bundeswirtschaftsminister Robert Habeck von den Gr\u00fcnen zeigte sich auf seiner USA-Reise wegen eines kritischen Berichts des Bundesrechnungshofs deutlich angefasst. Der Bericht bezeichnet die bisherigen Ma\u00dfnahmen der Bundesregierung zur Umsetzung der Energiewende als ungen\u00fcgend und warnt vor steigenden Strompreisen. Der Bundesrechnungshof kritisiert in einem Bericht den schleppenden Ausbau der erneuerbaren Energien, der Stromnetze sowie den mangelnden [&hellip;]\" \/>\n<meta property=\"og:url\" content=\"https:\/\/now-news.de\/de\/deutschland\/wegen-kritischem-bericht-des-bundesrechnungshofs-zur-energiewende-habeck-ist-beleidigt\/\" \/>\n<meta property=\"og:site_name\" content=\"just-now.NEWS Deutschland\" \/>\n<meta property=\"article:publisher\" content=\"https:\/\/www.facebook.com\/wirmachenauf\" \/>\n<meta property=\"article:published_time\" content=\"2024-03-08T08:42:57+00:00\" \/>\n<meta property=\"og:image\" content=\"https:\/\/now-news.de\/de\/wp-content\/uploads\/sites\/3\/2024\/03\/Wegen-kritischem-Bericht-des-Bundesrechnungshofs-zur-quotEnergiewendequot-Habeck-ist-beleidigt.jpg\" \/>\n\t<meta property=\"og:image:width\" content=\"460\" \/>\n\t<meta property=\"og:image:height\" content=\"259\" \/>\n\t<meta property=\"og:image:type\" content=\"image\/jpeg\" \/>\n<meta name=\"author\" content=\"rtnews\" \/>\n<meta name=\"twitter:card\" content=\"summary_large_image\" \/>\n<meta name=\"twitter:creator\" content=\"@WirMachenAuf_de\" \/>\n<meta name=\"twitter:site\" content=\"@WirMachenAuf_de\" \/>\n<meta name=\"twitter:label1\" content=\"Verfasst von\" \/>\n\t<meta name=\"twitter:data1\" content=\"rtnews\" \/>\n\t<meta name=\"twitter:label2\" content=\"Gesch\u00e4tzte Lesezeit\" \/>\n\t<meta name=\"twitter:data2\" content=\"2\u00a0Minuten\" \/>\n<script type=\"application\/ld+json\" class=\"yoast-schema-graph\">{\"@context\":\"https:\/\/schema.org\",\"@graph\":[{\"@type\":\"Article\",\"@id\":\"https:\/\/now-news.de\/de\/deutschland\/wegen-kritischem-bericht-des-bundesrechnungshofs-zur-energiewende-habeck-ist-beleidigt\/#article\",\"isPartOf\":{\"@id\":\"https:\/\/now-news.de\/de\/deutschland\/wegen-kritischem-bericht-des-bundesrechnungshofs-zur-energiewende-habeck-ist-beleidigt\/\"},\"author\":{\"name\":\"rtnews\",\"@id\":\"https:\/\/now-news.de\/de\/#\/schema\/person\/fb534a4e865501d8b3285208df34a9b5\"},\"headline\":\"Wegen kritischem Bericht des Bundesrechnungshofs zur &quot;Energiewende&quot;: Habeck ist beleidigt\",\"datePublished\":\"2024-03-08T08:42:57+00:00\",\"dateModified\":\"2024-03-08T08:42:57+00:00\",\"mainEntityOfPage\":{\"@id\":\"https:\/\/now-news.de\/de\/deutschland\/wegen-kritischem-bericht-des-bundesrechnungshofs-zur-energiewende-habeck-ist-beleidigt\/\"},\"wordCount\":391,\"commentCount\":0,\"publisher\":{\"@id\":\"https:\/\/now-news.de\/de\/#organization\"},\"image\":{\"@id\":\"https:\/\/now-news.de\/de\/deutschland\/wegen-kritischem-bericht-des-bundesrechnungshofs-zur-energiewende-habeck-ist-beleidigt\/#primaryimage\"},\"thumbnailUrl\":\"https:\/\/now-news.de\/de\/wp-content\/uploads\/sites\/3\/2024\/03\/Wegen-kritischem-Bericht-des-Bundesrechnungshofs-zur-quotEnergiewendequot-Habeck-ist-beleidigt.jpg\",\"keywords\":[\"beleidigt\",\"Bericht\",\"Bundesrechnungshofs\",\"des\",\"Habeck\",\"ist\",\"kritischem\",\"quotEnergiewendequot\",\"wegen\",\"zur\"],\"articleSection\":[\"Deutschland\",\"Russland\"],\"inLanguage\":\"de\",\"potentialAction\":[{\"@type\":\"CommentAction\",\"name\":\"Comment\",\"target\":[\"https:\/\/now-news.de\/de\/deutschland\/wegen-kritischem-bericht-des-bundesrechnungshofs-zur-energiewende-habeck-ist-beleidigt\/#respond\"]}]},{\"@type\":\"WebPage\",\"@id\":\"https:\/\/now-news.de\/de\/deutschland\/wegen-kritischem-bericht-des-bundesrechnungshofs-zur-energiewende-habeck-ist-beleidigt\/\",\"url\":\"https:\/\/now-news.de\/de\/deutschland\/wegen-kritischem-bericht-des-bundesrechnungshofs-zur-energiewende-habeck-ist-beleidigt\/\",\"name\":\"Wegen kritischem Bericht des Bundesrechnungshofs zur &quot;Energiewende&quot;: Habeck ist beleidigt - just-now.NEWS Deutschland\",\"isPartOf\":{\"@id\":\"https:\/\/now-news.de\/de\/#website\"},\"primaryImageOfPage\":{\"@id\":\"https:\/\/now-news.de\/de\/deutschland\/wegen-kritischem-bericht-des-bundesrechnungshofs-zur-energiewende-habeck-ist-beleidigt\/#primaryimage\"},\"image\":{\"@id\":\"https:\/\/now-news.de\/de\/deutschland\/wegen-kritischem-bericht-des-bundesrechnungshofs-zur-energiewende-habeck-ist-beleidigt\/#primaryimage\"},\"thumbnailUrl\":\"https:\/\/now-news.de\/de\/wp-content\/uploads\/sites\/3\/2024\/03\/Wegen-kritischem-Bericht-des-Bundesrechnungshofs-zur-quotEnergiewendequot-Habeck-ist-beleidigt.jpg\",\"datePublished\":\"2024-03-08T08:42:57+00:00\",\"dateModified\":\"2024-03-08T08:42:57+00:00\",\"breadcrumb\":{\"@id\":\"https:\/\/now-news.de\/de\/deutschland\/wegen-kritischem-bericht-des-bundesrechnungshofs-zur-energiewende-habeck-ist-beleidigt\/#breadcrumb\"},\"inLanguage\":\"de\",\"potentialAction\":[{\"@type\":\"ReadAction\",\"target\":[\"https:\/\/now-news.de\/de\/deutschland\/wegen-kritischem-bericht-des-bundesrechnungshofs-zur-energiewende-habeck-ist-beleidigt\/\"]}]},{\"@type\":\"ImageObject\",\"inLanguage\":\"de\",\"@id\":\"https:\/\/now-news.de\/de\/deutschland\/wegen-kritischem-bericht-des-bundesrechnungshofs-zur-energiewende-habeck-ist-beleidigt\/#primaryimage\",\"url\":\"https:\/\/now-news.de\/de\/wp-content\/uploads\/sites\/3\/2024\/03\/Wegen-kritischem-Bericht-des-Bundesrechnungshofs-zur-quotEnergiewendequot-Habeck-ist-beleidigt.jpg\",\"contentUrl\":\"https:\/\/now-news.de\/de\/wp-content\/uploads\/sites\/3\/2024\/03\/Wegen-kritischem-Bericht-des-Bundesrechnungshofs-zur-quotEnergiewendequot-Habeck-ist-beleidigt.jpg\",\"width\":460,\"height\":259,\"caption\":\"Wegen kritischem Bericht des Bundesrechnungshofs zur &quot;Energiewende&quot;: Habeck ist beleidigt\"},{\"@type\":\"BreadcrumbList\",\"@id\":\"https:\/\/now-news.de\/de\/deutschland\/wegen-kritischem-bericht-des-bundesrechnungshofs-zur-energiewende-habeck-ist-beleidigt\/#breadcrumb\",\"itemListElement\":[{\"@type\":\"ListItem\",\"position\":1,\"name\":\"Home\",\"item\":\"https:\/\/now-news.de\/de\/\"},{\"@type\":\"ListItem\",\"position\":2,\"name\":\"Wegen kritischem Bericht des Bundesrechnungshofs zur &quot;Energiewende&quot;: Habeck ist beleidigt\"}]},{\"@type\":\"WebSite\",\"@id\":\"https:\/\/now-news.de\/de\/#website\",\"url\":\"https:\/\/now-news.de\/de\/\",\"name\":\"just-now.NEWS Deutschland\",\"description\":\"Das Portal f\u00fcr unzensierte Nachrichten aus der Welt\",\"publisher\":{\"@id\":\"https:\/\/now-news.de\/de\/#organization\"},\"potentialAction\":[{\"@type\":\"SearchAction\",\"target\":{\"@type\":\"EntryPoint\",\"urlTemplate\":\"https:\/\/now-news.de\/de\/?s={search_term_string}\"},\"query-input\":\"required name=search_term_string\"}],\"inLanguage\":\"de\"},{\"@type\":\"Organization\",\"@id\":\"https:\/\/now-news.de\/de\/#organization\",\"name\":\"Just Now News\",\"url\":\"https:\/\/now-news.de\/de\/\",\"logo\":{\"@type\":\"ImageObject\",\"inLanguage\":\"de\",\"@id\":\"https:\/\/now-news.de\/de\/#\/schema\/logo\/image\/\",\"url\":\"http:\/\/just-now.news\/de\/wp-content\/uploads\/sites\/3\/2022\/04\/logo500x500.jpg\",\"contentUrl\":\"http:\/\/just-now.news\/de\/wp-content\/uploads\/sites\/3\/2022\/04\/logo500x500.jpg\",\"width\":500,\"height\":500,\"caption\":\"Just Now News\"},\"image\":{\"@id\":\"https:\/\/now-news.de\/de\/#\/schema\/logo\/image\/\"},\"sameAs\":[\"https:\/\/www.facebook.com\/wirmachenauf\",\"https:\/\/x.com\/WirMachenAuf_de\"]},{\"@type\":\"Person\",\"@id\":\"https:\/\/now-news.de\/de\/#\/schema\/person\/fb534a4e865501d8b3285208df34a9b5\",\"name\":\"rtnews\",\"image\":{\"@type\":\"ImageObject\",\"inLanguage\":\"de\",\"@id\":\"https:\/\/now-news.de\/de\/#\/schema\/person\/image\/\",\"url\":\"https:\/\/secure.gravatar.com\/avatar\/82aafea7d8127119dd649515f56e2117?s=96&d=mm&r=g\",\"contentUrl\":\"https:\/\/secure.gravatar.com\/avatar\/82aafea7d8127119dd649515f56e2117?s=96&d=mm&r=g\",\"caption\":\"rtnews\"},\"url\":\"https:\/\/now-news.de\/de\/author\/rnews\/\"}]}<\/script>\n<!-- \/ Yoast SEO Premium plugin. -->","yoast_head_json":{"title":"Wegen kritischem Bericht des Bundesrechnungshofs zur &quot;Energiewende&quot;: Habeck ist beleidigt - just-now.NEWS Deutschland","robots":{"index":"index","follow":"follow","max-snippet":"max-snippet:-1","max-image-preview":"max-image-preview:large","max-video-preview":"max-video-preview:-1"},"canonical":"https:\/\/now-news.de\/de\/deutschland\/wegen-kritischem-bericht-des-bundesrechnungshofs-zur-energiewende-habeck-ist-beleidigt\/","og_locale":"de_DE","og_type":"article","og_title":"Wegen kritischem Bericht des Bundesrechnungshofs zur &quot;Energiewende&quot;: Habeck ist beleidigt","og_description":"Bundeswirtschaftsminister Robert Habeck von den Gr\u00fcnen zeigte sich auf seiner USA-Reise wegen eines kritischen Berichts des Bundesrechnungshofs deutlich angefasst. Der Bericht bezeichnet die bisherigen Ma\u00dfnahmen der Bundesregierung zur Umsetzung der Energiewende als ungen\u00fcgend und warnt vor steigenden Strompreisen. Der Bundesrechnungshof kritisiert in einem Bericht den schleppenden Ausbau der erneuerbaren Energien, der Stromnetze sowie den mangelnden [&hellip;]","og_url":"https:\/\/now-news.de\/de\/deutschland\/wegen-kritischem-bericht-des-bundesrechnungshofs-zur-energiewende-habeck-ist-beleidigt\/","og_site_name":"just-now.NEWS Deutschland","article_publisher":"https:\/\/www.facebook.com\/wirmachenauf","article_published_time":"2024-03-08T08:42:57+00:00","og_image":[{"width":460,"height":259,"url":"https:\/\/now-news.de\/de\/wp-content\/uploads\/sites\/3\/2024\/03\/Wegen-kritischem-Bericht-des-Bundesrechnungshofs-zur-quotEnergiewendequot-Habeck-ist-beleidigt.jpg","type":"image\/jpeg"}],"author":"rtnews","twitter_card":"summary_large_image","twitter_creator":"@WirMachenAuf_de","twitter_site":"@WirMachenAuf_de","twitter_misc":{"Verfasst von":"rtnews","Gesch\u00e4tzte Lesezeit":"2\u00a0Minuten"},"schema":{"@context":"https:\/\/schema.org","@graph":[{"@type":"Article","@id":"https:\/\/now-news.de\/de\/deutschland\/wegen-kritischem-bericht-des-bundesrechnungshofs-zur-energiewende-habeck-ist-beleidigt\/#article","isPartOf":{"@id":"https:\/\/now-news.de\/de\/deutschland\/wegen-kritischem-bericht-des-bundesrechnungshofs-zur-energiewende-habeck-ist-beleidigt\/"},"author":{"name":"rtnews","@id":"https:\/\/now-news.de\/de\/#\/schema\/person\/fb534a4e865501d8b3285208df34a9b5"},"headline":"Wegen kritischem Bericht des Bundesrechnungshofs zur &quot;Energiewende&quot;: Habeck ist beleidigt","datePublished":"2024-03-08T08:42:57+00:00","dateModified":"2024-03-08T08:42:57+00:00","mainEntityOfPage":{"@id":"https:\/\/now-news.de\/de\/deutschland\/wegen-kritischem-bericht-des-bundesrechnungshofs-zur-energiewende-habeck-ist-beleidigt\/"},"wordCount":391,"commentCount":0,"publisher":{"@id":"https:\/\/now-news.de\/de\/#organization"},"image":{"@id":"https:\/\/now-news.de\/de\/deutschland\/wegen-kritischem-bericht-des-bundesrechnungshofs-zur-energiewende-habeck-ist-beleidigt\/#primaryimage"},"thumbnailUrl":"https:\/\/now-news.de\/de\/wp-content\/uploads\/sites\/3\/2024\/03\/Wegen-kritischem-Bericht-des-Bundesrechnungshofs-zur-quotEnergiewendequot-Habeck-ist-beleidigt.jpg","keywords":["beleidigt","Bericht","Bundesrechnungshofs","des","Habeck","ist","kritischem","quotEnergiewendequot","wegen","zur"],"articleSection":["Deutschland","Russland"],"inLanguage":"de","potentialAction":[{"@type":"CommentAction","name":"Comment","target":["https:\/\/now-news.de\/de\/deutschland\/wegen-kritischem-bericht-des-bundesrechnungshofs-zur-energiewende-habeck-ist-beleidigt\/#respond"]}]},{"@type":"WebPage","@id":"https:\/\/now-news.de\/de\/deutschland\/wegen-kritischem-bericht-des-bundesrechnungshofs-zur-energiewende-habeck-ist-beleidigt\/","url":"https:\/\/now-news.de\/de\/deutschland\/wegen-kritischem-bericht-des-bundesrechnungshofs-zur-energiewende-habeck-ist-beleidigt\/","name":"Wegen kritischem Bericht des Bundesrechnungshofs zur &quot;Energiewende&quot;: Habeck ist beleidigt - just-now.NEWS Deutschland","isPartOf":{"@id":"https:\/\/now-news.de\/de\/#website"},"primaryImageOfPage":{"@id":"https:\/\/now-news.de\/de\/deutschland\/wegen-kritischem-bericht-des-bundesrechnungshofs-zur-energiewende-habeck-ist-beleidigt\/#primaryimage"},"image":{"@id":"https:\/\/now-news.de\/de\/deutschland\/wegen-kritischem-bericht-des-bundesrechnungshofs-zur-energiewende-habeck-ist-beleidigt\/#primaryimage"},"thumbnailUrl":"https:\/\/now-news.de\/de\/wp-content\/uploads\/sites\/3\/2024\/03\/Wegen-kritischem-Bericht-des-Bundesrechnungshofs-zur-quotEnergiewendequot-Habeck-ist-beleidigt.jpg","datePublished":"2024-03-08T08:42:57+00:00","dateModified":"2024-03-08T08:42:57+00:00","breadcrumb":{"@id":"https:\/\/now-news.de\/de\/deutschland\/wegen-kritischem-bericht-des-bundesrechnungshofs-zur-energiewende-habeck-ist-beleidigt\/#breadcrumb"},"inLanguage":"de","potentialAction":[{"@type":"ReadAction","target":["https:\/\/now-news.de\/de\/deutschland\/wegen-kritischem-bericht-des-bundesrechnungshofs-zur-energiewende-habeck-ist-beleidigt\/"]}]},{"@type":"ImageObject","inLanguage":"de","@id":"https:\/\/now-news.de\/de\/deutschland\/wegen-kritischem-bericht-des-bundesrechnungshofs-zur-energiewende-habeck-ist-beleidigt\/#primaryimage","url":"https:\/\/now-news.de\/de\/wp-content\/uploads\/sites\/3\/2024\/03\/Wegen-kritischem-Bericht-des-Bundesrechnungshofs-zur-quotEnergiewendequot-Habeck-ist-beleidigt.jpg","contentUrl":"https:\/\/now-news.de\/de\/wp-content\/uploads\/sites\/3\/2024\/03\/Wegen-kritischem-Bericht-des-Bundesrechnungshofs-zur-quotEnergiewendequot-Habeck-ist-beleidigt.jpg","width":460,"height":259,"caption":"Wegen kritischem Bericht des Bundesrechnungshofs zur &quot;Energiewende&quot;: Habeck ist beleidigt"},{"@type":"BreadcrumbList","@id":"https:\/\/now-news.de\/de\/deutschland\/wegen-kritischem-bericht-des-bundesrechnungshofs-zur-energiewende-habeck-ist-beleidigt\/#breadcrumb","itemListElement":[{"@type":"ListItem","position":1,"name":"Home","item":"https:\/\/now-news.de\/de\/"},{"@type":"ListItem","position":2,"name":"Wegen kritischem Bericht des Bundesrechnungshofs zur &quot;Energiewende&quot;: Habeck ist beleidigt"}]},{"@type":"WebSite","@id":"https:\/\/now-news.de\/de\/#website","url":"https:\/\/now-news.de\/de\/","name":"just-now.NEWS Deutschland","description":"Das Portal f\u00fcr unzensierte Nachrichten aus der Welt","publisher":{"@id":"https:\/\/now-news.de\/de\/#organization"},"potentialAction":[{"@type":"SearchAction","target":{"@type":"EntryPoint","urlTemplate":"https:\/\/now-news.de\/de\/?s={search_term_string}"},"query-input":"required name=search_term_string"}],"inLanguage":"de"},{"@type":"Organization","@id":"https:\/\/now-news.de\/de\/#organization","name":"Just Now News","url":"https:\/\/now-news.de\/de\/","logo":{"@type":"ImageObject","inLanguage":"de","@id":"https:\/\/now-news.de\/de\/#\/schema\/logo\/image\/","url":"http:\/\/just-now.news\/de\/wp-content\/uploads\/sites\/3\/2022\/04\/logo500x500.jpg","contentUrl":"http:\/\/just-now.news\/de\/wp-content\/uploads\/sites\/3\/2022\/04\/logo500x500.jpg","width":500,"height":500,"caption":"Just Now News"},"image":{"@id":"https:\/\/now-news.de\/de\/#\/schema\/logo\/image\/"},"sameAs":["https:\/\/www.facebook.com\/wirmachenauf","https:\/\/x.com\/WirMachenAuf_de"]},{"@type":"Person","@id":"https:\/\/now-news.de\/de\/#\/schema\/person\/fb534a4e865501d8b3285208df34a9b5","name":"rtnews","image":{"@type":"ImageObject","inLanguage":"de","@id":"https:\/\/now-news.de\/de\/#\/schema\/person\/image\/","url":"https:\/\/secure.gravatar.com\/avatar\/82aafea7d8127119dd649515f56e2117?s=96&d=mm&r=g","contentUrl":"https:\/\/secure.gravatar.com\/avatar\/82aafea7d8127119dd649515f56e2117?s=96&d=mm&r=g","caption":"rtnews"},"url":"https:\/\/now-news.de\/de\/author\/rnews\/"}]}},"_links":{"self":[{"href":"https:\/\/now-news.de\/de\/wp-json\/wp\/v2\/posts\/56719"}],"collection":[{"href":"https:\/\/now-news.de\/de\/wp-json\/wp\/v2\/posts"}],"about":[{"href":"https:\/\/now-news.de\/de\/wp-json\/wp\/v2\/types\/post"}],"author":[{"embeddable":true,"href":"https:\/\/now-news.de\/de\/wp-json\/wp\/v2\/users\/3"}],"replies":[{"embeddable":true,"href":"https:\/\/now-news.de\/de\/wp-json\/wp\/v2\/comments?post=56719"}],"version-history":[{"count":0,"href":"https:\/\/now-news.de\/de\/wp-json\/wp\/v2\/posts\/56719\/revisions"}],"wp:featuredmedia":[{"embeddable":true,"href":"https:\/\/now-news.de\/de\/wp-json\/wp\/v2\/media\/56720"}],"wp:attachment":[{"href":"https:\/\/now-news.de\/de\/wp-json\/wp\/v2\/media?parent=56719"}],"wp:term":[{"taxonomy":"category","embeddable":true,"href":"https:\/\/now-news.de\/de\/wp-json\/wp\/v2\/categories?post=56719"},{"taxonomy":"post_tag","embeddable":true,"href":"https:\/\/now-news.de\/de\/wp-json\/wp\/v2\/tags?post=56719"}],"curies":[{"name":"wp","href":"https:\/\/api.w.org\/{rel}","templated":true}]}}