{"id":56676,"date":"2024-03-07T17:33:20","date_gmt":"2024-03-07T15:33:20","guid":{"rendered":"https:\/\/just-now.news\/de\/deutschland\/investor-und-unternehmer-rene-benko-meldet-privatinsolvenz-an\/"},"modified":"2024-03-07T17:33:20","modified_gmt":"2024-03-07T15:33:20","slug":"investor-und-unternehmer-rene-benko-meldet-privatinsolvenz-an","status":"publish","type":"post","link":"https:\/\/now-news.de\/de\/deutschland\/investor-und-unternehmer-rene-benko-meldet-privatinsolvenz-an\/","title":{"rendered":"Investor und Unternehmer Ren\u00e9 Benko meldet Privatinsolvenz an"},"content":{"rendered":"<p><img decoding=\"async\" src=\"http:\/\/just-now.news\/de\/wp-content\/uploads\/sites\/3\/2024\/03\/65e9bea9b480cc6c4f19c471.jpeg\" \/><\/p>\n<div class=\"Text-root Text-type_1 \">\n                Der \u00f6sterreichische Finanzjongleur Ren\u00e9 Benko hat laut Medienberichten beim Innsbrucker Landesgericht Privatinsolvenz in Form eines &#8220;Eigenantrags&#8221; eingereicht. Das Land \u00d6sterreich hatte zuvor im Januar bereits seinerseits einen Insolvenzantrag gegen den Milliard\u00e4r veranlasst.\n            <\/div>\n<p><\/p>\n<div class=\"Text-root Text-type_5 ArticleView-text ViewText-root \">\n<p>Erste Berichte \u00f6sterreichischer Medien wurden durch die <em>Kronen Zeitung <\/em>und den <em>Standard<\/em> \u00f6ffentlich gemacht. Das Anwaltsteam von Benko <a rel=\"nofollow noopener\" target=\"_blank\" href=\"https:\/\/www.derstandard.de\/story\/3000000210643\/rene-benko-stellte-eigenantrag-auf-privatinsolvenz\">best\u00e4tigte<\/a> demnach die Anfragen, ob der Gr\u00fcnder der\u00a0Signa-Unternehmensgruppe beim Landesgericht Innsbruck einen Antrag auf Privatinsolvenz gestellt habe. Das Magazin <em>Forbes\u00a0<\/em>listete\u00a0den umtriebigen Gesch\u00e4ftsmann \u00fcber Jahre als mehrfachen Milliard\u00e4r. Laut der <em>Kronen Zeitung<\/em> will sich Benko mit diesem juristischen Schritt eines &#8220;Eigenantrags&#8221; dem staatlich veranlassten\u00a0Insolvenzantrag der Finanzbeh\u00f6rden zu Jahresbeginn entgegenstellen. Laut einem <a rel=\"nofollow noopener\" target=\"_blank\" href=\"https:\/\/www.krone.at\/3282634\">Artikel<\/a> geht es dabei um Schulden gegen\u00fcber dem \u00f6sterreichischen Staat &#8220;in H\u00f6he von rund zwei Millionen Euro&#8221;. \u00a0<\/p>\n<p>Ein weiterer Vorwurf laufender Klagen gegen\u00fcber dem weltweit agierenden Immobilienspekulanten Benko sei die Nichtzahlung einer zugesagten &#8220;versprochenen dritten Million, die er zur Sanierung seiner in die Pleite geschlitterten Signa Holding aufbringen sollte&#8221;, erl\u00e4utert die <em>Kronen Zeitung<\/em>. So soll bereits &#8220;die zweite der drei angek\u00fcndigten Raten&#8221;, die dem Masseverwalter\u00a0seitens des langj\u00e4hrigen Milliard\u00e4rs zugesagt worden war, &#8220;von dritter Seite&#8221; \u00fcberwiesen worden sein.<\/p>\n<p>Eine Verhandlung zur Kl\u00e4rung der Sache am 13. Februar fand in Abwesenheit von Benko statt.\u00a0Am 5. M\u00e4rz lief dann die mit dem Anwaltsteam vereinbarte Frist ab, &#8220;um Unterlagen \u00fcber m\u00f6gliche Verm\u00f6genswerte des Tirolers nachzuliefern&#8221;. Der Zeitungsartikel legt dar:<\/p>\n<p><em>&#8220;Benko hat nicht nur eine komplexe, intransparente Unternehmensgruppe aus weit mehr als 1.000 Firmen geschaffen, sondern sein Privatverm\u00f6gen gerne in Stiftungen gebunkert. Die beiden \u00f6sterreichischen Stiftungen, die Familie Benko Privatstiftung sowie die Laura Privatstiftung, verf\u00fcgten laut den geheimen Jahresabschl\u00fcssen jedoch \u2013 Stand Ende 2022 \u2013 angesichts der Gr\u00f6\u00dfe \u00fcber keine nennenswerte Liquidit\u00e4t mehr. Zumindest nicht im Vergleich zum Jahr davor.&#8221;<\/em><\/p>\n<p>Das <em>Handelsblatt<\/em>\u00a0<a rel=\"nofollow noopener\" target=\"_blank\" href=\"https:\/\/www.handelsblatt.com\/unternehmen\/handel-konsumgueter\/signa-gruender-rene-benko-meldet-insolvenz-als-privatunternehmer-an\/100021721.html\">erl\u00e4utert,<\/a> dass\u00a0Benko bis dato von den Insolvenzen seiner Signa-Gruppe &#8220;nur mittelbar betroffen war durch die seiner Familie zuzurechnenden Privatstiftungen, die Anteile an Signa-Gesellschaften halten&#8221;. In der Signa-Holding h\u00e4tte der Unternehmer demnach &#8220;schon seit Jahren offiziell kein operatives Amt mehr inne&#8221; gehabt.<\/p>\n<p>In einem \u00f6sterreichischen parlamentarischen Untersuchungsausschuss war am Mittwoch demnach bekannt geworden, dass Benko &#8220;im Jahr 2019 knapp 26 Millionen Euro verdient hat&#8221;. Ein anderer Ausschuss besch\u00e4ftige sich derweil mit Fragen zu zur\u00fcckliegenden staatlichen Hilfszahlungen an Benko.\u00a0<\/p>\n<p>Im Ausschuss wurde bekannt, dass Benko in einer Steuererkl\u00e4rung &#8220;rund sechs Millionen Euro Verlust f\u00fcr seinen Privatjet gegenrechnete, um seine Steuerlast zu senken&#8221;. Diese Vorg\u00e4nge habe das Finanzministerium nun &#8220;neu aufgerollt&#8221; und laut j\u00fcngstem Bescheid &#8220;vom 29. Februar vier Millionen Euro Einkommenssteuer von Benko nachgefordert&#8221;. Der privatinsolvente\u00a0Unternehmer selbst ist f\u00fcr den 4. April in den Ausschuss vorgeladen worden und hat demnach laut Medienberichten seine Teilnahme bereits zugesagt.\u00a0<\/p>\n<p>Durch die &#8220;Eigeninsolvenz&#8221; als Einzelunternehmer haftet Benko damit\u00a0mittels seines kompletten Privatverm\u00f6gens. Nun muss\u00a0ein Gericht \u00fcber den Insolvenzantrag und dessen Folgen entscheiden.<\/p>\n<p>Zu Benkos Unternehmensgruppe Signa Holding geh\u00f6ren auch zahlreiche Gesch\u00e4ftsimmobilien in Deutschland und \u00d6sterreich sowie der Warenhauskonzern Galeria Karstadt Kaufhof GmbH, der bereits zwei Insolvenzverfahren hinter sich hat. In Hamburg wollte die Signa-Tochter Signa Prime Selection AG den teils umstrittenen sogenannten &#8220;Elbtower&#8221; bauen. Das Projekt ruht allerdings momentan in seinem Zustand als Rohbau. In Berlin ist das renommierte Kaufhaus des Westens (KaDeWe) am Wittenbergplatz betroffen.\u00a0Die KaDeWe Group geh\u00f6rt zu 49,9 Prozent der Signa und zu 50,1 Prozent der Central Group, einem Handels- und Immobilienkonzern aus Thailand.<\/p>\n<p><strong>Mehr zum Thema &#8211;<\/strong>\u00a0<a rel=\"nofollow noopener\" target=\"_blank\" href=\"https:\/\/freeassange.rtde.life\/wirtschaft\/192076-kaufhauskette-karstadt-kaufhof-will-insolvenz\/\">Kaufhauskette Karstadt Kaufhof will Insolvenz beantragen<\/a><\/p>\n<\/div>\n<p><br \/>\n<br \/><a href=\"https:\/\/de.rt.com\/europa\/198635-investor-und-unternehmer-rene-benko\/\">Source link <\/a><\/p>\n","protected":false},"excerpt":{"rendered":"<p>Der \u00f6sterreichische Finanzjongleur Ren\u00e9 Benko hat laut Medienberichten beim Innsbrucker Landesgericht Privatinsolvenz in Form eines &#8220;Eigenantrags&#8221; eingereicht. Das Land \u00d6sterreich hatte zuvor im Januar bereits seinerseits einen Insolvenzantrag gegen den Milliard\u00e4r veranlasst. Erste Berichte \u00f6sterreichischer Medien wurden durch die Kronen Zeitung und den Standard \u00f6ffentlich gemacht. Das Anwaltsteam von Benko best\u00e4tigte demnach die Anfragen, ob [&hellip;]<\/p>\n","protected":false},"author":3,"featured_media":56677,"comment_status":"open","ping_status":"open","sticky":false,"template":"","format":"standard","meta":{"_yoast_indexnow_last_ping":["1709826077"],"wp_automatic_camp":["217"],"078c35b95fa1708b800ded81f2632200":["Investor und Unternehmer Ren\u00e9 Benko meldet Privatinsolvenz an"],"original_link":["https:\/\/de.rt.com\/europa\/198635-investor-und-unternehmer-rene-benko\/"],"_thumbnail_id":["56677"],"_wptgpro_p2tg_sent2tg":["a:1:{i:23737;s:19:\"2024-03-07 17:42:19\";}"],"jnews_social_counter_last_update":["1777339218"]},"categories":[19,23],"tags":[54212,240,272,54213,27272,140,7625],"yoast_head":"<!-- This site is optimized with the Yoast SEO Premium plugin v22.7 (Yoast SEO v22.7) - https:\/\/yoast.com\/wordpress\/plugins\/seo\/ -->\n<title>Investor und Unternehmer Ren\u00e9 Benko meldet Privatinsolvenz an - just-now.NEWS Deutschland<\/title>\n<meta name=\"robots\" content=\"index, follow, max-snippet:-1, max-image-preview:large, max-video-preview:-1\" \/>\n<link rel=\"canonical\" href=\"https:\/\/now-news.de\/de\/deutschland\/investor-und-unternehmer-rene-benko-meldet-privatinsolvenz-an\/\" \/>\n<meta property=\"og:locale\" content=\"de_DE\" \/>\n<meta property=\"og:type\" content=\"article\" \/>\n<meta property=\"og:title\" content=\"Investor und Unternehmer Ren\u00e9 Benko meldet Privatinsolvenz an\" \/>\n<meta property=\"og:description\" content=\"Der \u00f6sterreichische Finanzjongleur Ren\u00e9 Benko hat laut Medienberichten beim Innsbrucker Landesgericht Privatinsolvenz in Form eines &#8220;Eigenantrags&#8221; eingereicht. Das Land \u00d6sterreich hatte zuvor im Januar bereits seinerseits einen Insolvenzantrag gegen den Milliard\u00e4r veranlasst. Erste Berichte \u00f6sterreichischer Medien wurden durch die Kronen Zeitung und den Standard \u00f6ffentlich gemacht. Das Anwaltsteam von Benko best\u00e4tigte demnach die Anfragen, ob [&hellip;]\" \/>\n<meta property=\"og:url\" content=\"https:\/\/now-news.de\/de\/deutschland\/investor-und-unternehmer-rene-benko-meldet-privatinsolvenz-an\/\" \/>\n<meta property=\"og:site_name\" content=\"just-now.NEWS Deutschland\" \/>\n<meta property=\"article:publisher\" content=\"https:\/\/www.facebook.com\/wirmachenauf\" \/>\n<meta property=\"article:published_time\" content=\"2024-03-07T15:33:20+00:00\" \/>\n<meta property=\"og:image\" content=\"https:\/\/now-news.de\/de\/wp-content\/uploads\/sites\/3\/2024\/03\/Investor-und-Unternehmer-Rene-Benko-meldet-Privatinsolvenz-an.jpeg\" \/>\n\t<meta property=\"og:image:width\" content=\"460\" \/>\n\t<meta property=\"og:image:height\" content=\"259\" \/>\n\t<meta property=\"og:image:type\" content=\"image\/jpeg\" \/>\n<meta name=\"author\" content=\"rtnews\" \/>\n<meta name=\"twitter:card\" content=\"summary_large_image\" \/>\n<meta name=\"twitter:creator\" content=\"@WirMachenAuf_de\" \/>\n<meta name=\"twitter:site\" content=\"@WirMachenAuf_de\" \/>\n<meta name=\"twitter:label1\" content=\"Verfasst von\" \/>\n\t<meta name=\"twitter:data1\" content=\"rtnews\" \/>\n\t<meta name=\"twitter:label2\" content=\"Gesch\u00e4tzte Lesezeit\" \/>\n\t<meta name=\"twitter:data2\" content=\"3\u00a0Minuten\" \/>\n<script type=\"application\/ld+json\" class=\"yoast-schema-graph\">{\"@context\":\"https:\/\/schema.org\",\"@graph\":[{\"@type\":\"Article\",\"@id\":\"https:\/\/now-news.de\/de\/deutschland\/investor-und-unternehmer-rene-benko-meldet-privatinsolvenz-an\/#article\",\"isPartOf\":{\"@id\":\"https:\/\/now-news.de\/de\/deutschland\/investor-und-unternehmer-rene-benko-meldet-privatinsolvenz-an\/\"},\"author\":{\"name\":\"rtnews\",\"@id\":\"https:\/\/now-news.de\/de\/#\/schema\/person\/fb534a4e865501d8b3285208df34a9b5\"},\"headline\":\"Investor und Unternehmer Ren\u00e9 Benko meldet Privatinsolvenz an\",\"datePublished\":\"2024-03-07T15:33:20+00:00\",\"dateModified\":\"2024-03-07T15:33:20+00:00\",\"mainEntityOfPage\":{\"@id\":\"https:\/\/now-news.de\/de\/deutschland\/investor-und-unternehmer-rene-benko-meldet-privatinsolvenz-an\/\"},\"wordCount\":582,\"commentCount\":0,\"publisher\":{\"@id\":\"https:\/\/now-news.de\/de\/#organization\"},\"image\":{\"@id\":\"https:\/\/now-news.de\/de\/deutschland\/investor-und-unternehmer-rene-benko-meldet-privatinsolvenz-an\/#primaryimage\"},\"thumbnailUrl\":\"https:\/\/now-news.de\/de\/wp-content\/uploads\/sites\/3\/2024\/03\/Investor-und-Unternehmer-Rene-Benko-meldet-Privatinsolvenz-an.jpeg\",\"keywords\":[\"Benko\",\"Investor\",\"meldet\",\"Privatinsolvenz\",\"Ren\u00e9\",\"und\",\"Unternehmer\"],\"articleSection\":[\"Deutschland\",\"Russland\"],\"inLanguage\":\"de\",\"potentialAction\":[{\"@type\":\"CommentAction\",\"name\":\"Comment\",\"target\":[\"https:\/\/now-news.de\/de\/deutschland\/investor-und-unternehmer-rene-benko-meldet-privatinsolvenz-an\/#respond\"]}]},{\"@type\":\"WebPage\",\"@id\":\"https:\/\/now-news.de\/de\/deutschland\/investor-und-unternehmer-rene-benko-meldet-privatinsolvenz-an\/\",\"url\":\"https:\/\/now-news.de\/de\/deutschland\/investor-und-unternehmer-rene-benko-meldet-privatinsolvenz-an\/\",\"name\":\"Investor und Unternehmer Ren\u00e9 Benko meldet Privatinsolvenz an - just-now.NEWS Deutschland\",\"isPartOf\":{\"@id\":\"https:\/\/now-news.de\/de\/#website\"},\"primaryImageOfPage\":{\"@id\":\"https:\/\/now-news.de\/de\/deutschland\/investor-und-unternehmer-rene-benko-meldet-privatinsolvenz-an\/#primaryimage\"},\"image\":{\"@id\":\"https:\/\/now-news.de\/de\/deutschland\/investor-und-unternehmer-rene-benko-meldet-privatinsolvenz-an\/#primaryimage\"},\"thumbnailUrl\":\"https:\/\/now-news.de\/de\/wp-content\/uploads\/sites\/3\/2024\/03\/Investor-und-Unternehmer-Rene-Benko-meldet-Privatinsolvenz-an.jpeg\",\"datePublished\":\"2024-03-07T15:33:20+00:00\",\"dateModified\":\"2024-03-07T15:33:20+00:00\",\"breadcrumb\":{\"@id\":\"https:\/\/now-news.de\/de\/deutschland\/investor-und-unternehmer-rene-benko-meldet-privatinsolvenz-an\/#breadcrumb\"},\"inLanguage\":\"de\",\"potentialAction\":[{\"@type\":\"ReadAction\",\"target\":[\"https:\/\/now-news.de\/de\/deutschland\/investor-und-unternehmer-rene-benko-meldet-privatinsolvenz-an\/\"]}]},{\"@type\":\"ImageObject\",\"inLanguage\":\"de\",\"@id\":\"https:\/\/now-news.de\/de\/deutschland\/investor-und-unternehmer-rene-benko-meldet-privatinsolvenz-an\/#primaryimage\",\"url\":\"https:\/\/now-news.de\/de\/wp-content\/uploads\/sites\/3\/2024\/03\/Investor-und-Unternehmer-Rene-Benko-meldet-Privatinsolvenz-an.jpeg\",\"contentUrl\":\"https:\/\/now-news.de\/de\/wp-content\/uploads\/sites\/3\/2024\/03\/Investor-und-Unternehmer-Rene-Benko-meldet-Privatinsolvenz-an.jpeg\",\"width\":460,\"height\":259,\"caption\":\"Investor und Unternehmer Ren\u00e9 Benko meldet Privatinsolvenz an\"},{\"@type\":\"BreadcrumbList\",\"@id\":\"https:\/\/now-news.de\/de\/deutschland\/investor-und-unternehmer-rene-benko-meldet-privatinsolvenz-an\/#breadcrumb\",\"itemListElement\":[{\"@type\":\"ListItem\",\"position\":1,\"name\":\"Home\",\"item\":\"https:\/\/now-news.de\/de\/\"},{\"@type\":\"ListItem\",\"position\":2,\"name\":\"Investor und Unternehmer Ren\u00e9 Benko meldet Privatinsolvenz an\"}]},{\"@type\":\"WebSite\",\"@id\":\"https:\/\/now-news.de\/de\/#website\",\"url\":\"https:\/\/now-news.de\/de\/\",\"name\":\"just-now.NEWS Deutschland\",\"description\":\"Das Portal f\u00fcr unzensierte Nachrichten aus der Welt\",\"publisher\":{\"@id\":\"https:\/\/now-news.de\/de\/#organization\"},\"potentialAction\":[{\"@type\":\"SearchAction\",\"target\":{\"@type\":\"EntryPoint\",\"urlTemplate\":\"https:\/\/now-news.de\/de\/?s={search_term_string}\"},\"query-input\":\"required name=search_term_string\"}],\"inLanguage\":\"de\"},{\"@type\":\"Organization\",\"@id\":\"https:\/\/now-news.de\/de\/#organization\",\"name\":\"Just Now News\",\"url\":\"https:\/\/now-news.de\/de\/\",\"logo\":{\"@type\":\"ImageObject\",\"inLanguage\":\"de\",\"@id\":\"https:\/\/now-news.de\/de\/#\/schema\/logo\/image\/\",\"url\":\"http:\/\/just-now.news\/de\/wp-content\/uploads\/sites\/3\/2022\/04\/logo500x500.jpg\",\"contentUrl\":\"http:\/\/just-now.news\/de\/wp-content\/uploads\/sites\/3\/2022\/04\/logo500x500.jpg\",\"width\":500,\"height\":500,\"caption\":\"Just Now News\"},\"image\":{\"@id\":\"https:\/\/now-news.de\/de\/#\/schema\/logo\/image\/\"},\"sameAs\":[\"https:\/\/www.facebook.com\/wirmachenauf\",\"https:\/\/x.com\/WirMachenAuf_de\"]},{\"@type\":\"Person\",\"@id\":\"https:\/\/now-news.de\/de\/#\/schema\/person\/fb534a4e865501d8b3285208df34a9b5\",\"name\":\"rtnews\",\"image\":{\"@type\":\"ImageObject\",\"inLanguage\":\"de\",\"@id\":\"https:\/\/now-news.de\/de\/#\/schema\/person\/image\/\",\"url\":\"https:\/\/secure.gravatar.com\/avatar\/82aafea7d8127119dd649515f56e2117?s=96&d=mm&r=g\",\"contentUrl\":\"https:\/\/secure.gravatar.com\/avatar\/82aafea7d8127119dd649515f56e2117?s=96&d=mm&r=g\",\"caption\":\"rtnews\"},\"url\":\"https:\/\/now-news.de\/de\/author\/rnews\/\"}]}<\/script>\n<!-- \/ Yoast SEO Premium plugin. -->","yoast_head_json":{"title":"Investor und Unternehmer Ren\u00e9 Benko meldet Privatinsolvenz an - just-now.NEWS Deutschland","robots":{"index":"index","follow":"follow","max-snippet":"max-snippet:-1","max-image-preview":"max-image-preview:large","max-video-preview":"max-video-preview:-1"},"canonical":"https:\/\/now-news.de\/de\/deutschland\/investor-und-unternehmer-rene-benko-meldet-privatinsolvenz-an\/","og_locale":"de_DE","og_type":"article","og_title":"Investor und Unternehmer Ren\u00e9 Benko meldet Privatinsolvenz an","og_description":"Der \u00f6sterreichische Finanzjongleur Ren\u00e9 Benko hat laut Medienberichten beim Innsbrucker Landesgericht Privatinsolvenz in Form eines &#8220;Eigenantrags&#8221; eingereicht. Das Land \u00d6sterreich hatte zuvor im Januar bereits seinerseits einen Insolvenzantrag gegen den Milliard\u00e4r veranlasst. Erste Berichte \u00f6sterreichischer Medien wurden durch die Kronen Zeitung und den Standard \u00f6ffentlich gemacht. Das Anwaltsteam von Benko best\u00e4tigte demnach die Anfragen, ob [&hellip;]","og_url":"https:\/\/now-news.de\/de\/deutschland\/investor-und-unternehmer-rene-benko-meldet-privatinsolvenz-an\/","og_site_name":"just-now.NEWS Deutschland","article_publisher":"https:\/\/www.facebook.com\/wirmachenauf","article_published_time":"2024-03-07T15:33:20+00:00","og_image":[{"width":460,"height":259,"url":"https:\/\/now-news.de\/de\/wp-content\/uploads\/sites\/3\/2024\/03\/Investor-und-Unternehmer-Rene-Benko-meldet-Privatinsolvenz-an.jpeg","type":"image\/jpeg"}],"author":"rtnews","twitter_card":"summary_large_image","twitter_creator":"@WirMachenAuf_de","twitter_site":"@WirMachenAuf_de","twitter_misc":{"Verfasst von":"rtnews","Gesch\u00e4tzte Lesezeit":"3\u00a0Minuten"},"schema":{"@context":"https:\/\/schema.org","@graph":[{"@type":"Article","@id":"https:\/\/now-news.de\/de\/deutschland\/investor-und-unternehmer-rene-benko-meldet-privatinsolvenz-an\/#article","isPartOf":{"@id":"https:\/\/now-news.de\/de\/deutschland\/investor-und-unternehmer-rene-benko-meldet-privatinsolvenz-an\/"},"author":{"name":"rtnews","@id":"https:\/\/now-news.de\/de\/#\/schema\/person\/fb534a4e865501d8b3285208df34a9b5"},"headline":"Investor und Unternehmer Ren\u00e9 Benko meldet Privatinsolvenz an","datePublished":"2024-03-07T15:33:20+00:00","dateModified":"2024-03-07T15:33:20+00:00","mainEntityOfPage":{"@id":"https:\/\/now-news.de\/de\/deutschland\/investor-und-unternehmer-rene-benko-meldet-privatinsolvenz-an\/"},"wordCount":582,"commentCount":0,"publisher":{"@id":"https:\/\/now-news.de\/de\/#organization"},"image":{"@id":"https:\/\/now-news.de\/de\/deutschland\/investor-und-unternehmer-rene-benko-meldet-privatinsolvenz-an\/#primaryimage"},"thumbnailUrl":"https:\/\/now-news.de\/de\/wp-content\/uploads\/sites\/3\/2024\/03\/Investor-und-Unternehmer-Rene-Benko-meldet-Privatinsolvenz-an.jpeg","keywords":["Benko","Investor","meldet","Privatinsolvenz","Ren\u00e9","und","Unternehmer"],"articleSection":["Deutschland","Russland"],"inLanguage":"de","potentialAction":[{"@type":"CommentAction","name":"Comment","target":["https:\/\/now-news.de\/de\/deutschland\/investor-und-unternehmer-rene-benko-meldet-privatinsolvenz-an\/#respond"]}]},{"@type":"WebPage","@id":"https:\/\/now-news.de\/de\/deutschland\/investor-und-unternehmer-rene-benko-meldet-privatinsolvenz-an\/","url":"https:\/\/now-news.de\/de\/deutschland\/investor-und-unternehmer-rene-benko-meldet-privatinsolvenz-an\/","name":"Investor und Unternehmer Ren\u00e9 Benko meldet Privatinsolvenz an - just-now.NEWS Deutschland","isPartOf":{"@id":"https:\/\/now-news.de\/de\/#website"},"primaryImageOfPage":{"@id":"https:\/\/now-news.de\/de\/deutschland\/investor-und-unternehmer-rene-benko-meldet-privatinsolvenz-an\/#primaryimage"},"image":{"@id":"https:\/\/now-news.de\/de\/deutschland\/investor-und-unternehmer-rene-benko-meldet-privatinsolvenz-an\/#primaryimage"},"thumbnailUrl":"https:\/\/now-news.de\/de\/wp-content\/uploads\/sites\/3\/2024\/03\/Investor-und-Unternehmer-Rene-Benko-meldet-Privatinsolvenz-an.jpeg","datePublished":"2024-03-07T15:33:20+00:00","dateModified":"2024-03-07T15:33:20+00:00","breadcrumb":{"@id":"https:\/\/now-news.de\/de\/deutschland\/investor-und-unternehmer-rene-benko-meldet-privatinsolvenz-an\/#breadcrumb"},"inLanguage":"de","potentialAction":[{"@type":"ReadAction","target":["https:\/\/now-news.de\/de\/deutschland\/investor-und-unternehmer-rene-benko-meldet-privatinsolvenz-an\/"]}]},{"@type":"ImageObject","inLanguage":"de","@id":"https:\/\/now-news.de\/de\/deutschland\/investor-und-unternehmer-rene-benko-meldet-privatinsolvenz-an\/#primaryimage","url":"https:\/\/now-news.de\/de\/wp-content\/uploads\/sites\/3\/2024\/03\/Investor-und-Unternehmer-Rene-Benko-meldet-Privatinsolvenz-an.jpeg","contentUrl":"https:\/\/now-news.de\/de\/wp-content\/uploads\/sites\/3\/2024\/03\/Investor-und-Unternehmer-Rene-Benko-meldet-Privatinsolvenz-an.jpeg","width":460,"height":259,"caption":"Investor und Unternehmer Ren\u00e9 Benko meldet Privatinsolvenz an"},{"@type":"BreadcrumbList","@id":"https:\/\/now-news.de\/de\/deutschland\/investor-und-unternehmer-rene-benko-meldet-privatinsolvenz-an\/#breadcrumb","itemListElement":[{"@type":"ListItem","position":1,"name":"Home","item":"https:\/\/now-news.de\/de\/"},{"@type":"ListItem","position":2,"name":"Investor und Unternehmer Ren\u00e9 Benko meldet Privatinsolvenz an"}]},{"@type":"WebSite","@id":"https:\/\/now-news.de\/de\/#website","url":"https:\/\/now-news.de\/de\/","name":"just-now.NEWS Deutschland","description":"Das Portal f\u00fcr unzensierte Nachrichten aus der Welt","publisher":{"@id":"https:\/\/now-news.de\/de\/#organization"},"potentialAction":[{"@type":"SearchAction","target":{"@type":"EntryPoint","urlTemplate":"https:\/\/now-news.de\/de\/?s={search_term_string}"},"query-input":"required name=search_term_string"}],"inLanguage":"de"},{"@type":"Organization","@id":"https:\/\/now-news.de\/de\/#organization","name":"Just Now News","url":"https:\/\/now-news.de\/de\/","logo":{"@type":"ImageObject","inLanguage":"de","@id":"https:\/\/now-news.de\/de\/#\/schema\/logo\/image\/","url":"http:\/\/just-now.news\/de\/wp-content\/uploads\/sites\/3\/2022\/04\/logo500x500.jpg","contentUrl":"http:\/\/just-now.news\/de\/wp-content\/uploads\/sites\/3\/2022\/04\/logo500x500.jpg","width":500,"height":500,"caption":"Just Now News"},"image":{"@id":"https:\/\/now-news.de\/de\/#\/schema\/logo\/image\/"},"sameAs":["https:\/\/www.facebook.com\/wirmachenauf","https:\/\/x.com\/WirMachenAuf_de"]},{"@type":"Person","@id":"https:\/\/now-news.de\/de\/#\/schema\/person\/fb534a4e865501d8b3285208df34a9b5","name":"rtnews","image":{"@type":"ImageObject","inLanguage":"de","@id":"https:\/\/now-news.de\/de\/#\/schema\/person\/image\/","url":"https:\/\/secure.gravatar.com\/avatar\/82aafea7d8127119dd649515f56e2117?s=96&d=mm&r=g","contentUrl":"https:\/\/secure.gravatar.com\/avatar\/82aafea7d8127119dd649515f56e2117?s=96&d=mm&r=g","caption":"rtnews"},"url":"https:\/\/now-news.de\/de\/author\/rnews\/"}]}},"_links":{"self":[{"href":"https:\/\/now-news.de\/de\/wp-json\/wp\/v2\/posts\/56676"}],"collection":[{"href":"https:\/\/now-news.de\/de\/wp-json\/wp\/v2\/posts"}],"about":[{"href":"https:\/\/now-news.de\/de\/wp-json\/wp\/v2\/types\/post"}],"author":[{"embeddable":true,"href":"https:\/\/now-news.de\/de\/wp-json\/wp\/v2\/users\/3"}],"replies":[{"embeddable":true,"href":"https:\/\/now-news.de\/de\/wp-json\/wp\/v2\/comments?post=56676"}],"version-history":[{"count":0,"href":"https:\/\/now-news.de\/de\/wp-json\/wp\/v2\/posts\/56676\/revisions"}],"wp:featuredmedia":[{"embeddable":true,"href":"https:\/\/now-news.de\/de\/wp-json\/wp\/v2\/media\/56677"}],"wp:attachment":[{"href":"https:\/\/now-news.de\/de\/wp-json\/wp\/v2\/media?parent=56676"}],"wp:term":[{"taxonomy":"category","embeddable":true,"href":"https:\/\/now-news.de\/de\/wp-json\/wp\/v2\/categories?post=56676"},{"taxonomy":"post_tag","embeddable":true,"href":"https:\/\/now-news.de\/de\/wp-json\/wp\/v2\/tags?post=56676"}],"curies":[{"name":"wp","href":"https:\/\/api.w.org\/{rel}","templated":true}]}}