{"id":56663,"date":"2024-03-07T15:37:07","date_gmt":"2024-03-07T13:37:07","guid":{"rendered":"https:\/\/just-now.news\/de\/deutschland\/gruenen-hoffnungstraeger-fuer-eu-wahl-scheitert-schon-vorab-an-metoo-vorwurf\/"},"modified":"2024-03-07T15:37:07","modified_gmt":"2024-03-07T13:37:07","slug":"gruenen-hoffnungstraeger-fuer-eu-wahl-scheitert-schon-vorab-an-metoo-vorwurf","status":"publish","type":"post","link":"https:\/\/now-news.de\/de\/deutschland\/gruenen-hoffnungstraeger-fuer-eu-wahl-scheitert-schon-vorab-an-metoo-vorwurf\/","title":{"rendered":"Gr\u00fcnen-Hoffnungstr\u00e4ger f\u00fcr EU-Wahl scheitert schon vorab an MeToo-Vorwurf"},"content":{"rendered":"<p><img decoding=\"async\" src=\"http:\/\/just-now.news\/de\/wp-content\/uploads\/sites\/3\/2024\/03\/65e99e4548fbef3b5923f563.jpeg\" \/><\/p>\n<div class=\"Text-root Text-type_1 \">\n                Vorw\u00fcrfe sexueller Bel\u00e4stigung besch\u00e4ftigen die Gr\u00fcnen-Partei.  Malte Gall\u00e9e, j\u00fcngster Abgeordneter der EU-Fraktion, ist nun aufgrund massiver Bel\u00e4stigungsvorw\u00fcrfe zur\u00fcckgetreten. Ausschlaggebend waren Recherchen des Magazins Stern. Zudem wird Kritik am Agieren seiner Chefin, der gr\u00fcnen EU-Spitzenkandidatin Terry Reintke, laut.\n            <\/div>\n<p><\/p>\n<div class=\"Text-root Text-type_5 ArticleView-text ViewText-root \">\n<p>Die diesj\u00e4hrige Wahl zum Europ\u00e4ischen Parlament findet voraussichtlich vom 6. bis 9. Juni in den Mitgliedsstaaten der Europ\u00e4ischen Union statt. Die Partei B\u00fcndnis 90\/Die Gr\u00fcnen setzt dabei intern unter anderem auf den sogenannten &#8220;Hoffnungstr\u00e4ger&#8221; der Zukunft. Auf seiner\u00a0<a rel=\"nofollow noopener\" target=\"_blank\" href=\"https:\/\/maltegallee.eu\/about\/#career\">Webseite<\/a>\u00a0schreibt\u00a0Malte Gall\u00e9e zu seiner Person: &#8220;Ich bin der j\u00fcngste deutsche Europaabgeordnete und sogar j\u00fcnger als die EU selbst&#8221;. Aktuell wird der steile Karriereweg des ambitionierten Gr\u00fcnen-Politikers\u00a0durch mehrere Artikel des Boulevard-Magazins\u00a0<em>Stern\u00a0<\/em>vorerst gestoppt<em>.\u00a0<\/em>Die wiederholten\u00a0&#8220;MeToo-Vorw\u00fcrfe&#8221; beziehen sich auf Aussagen &#8220;etlicher Mitarbeitender der Partei\u00a0seit Sommer 2022&#8221;. In das Kreuzfeuer der Kritik ger\u00e4t nun auch seine Chefin, die\u00a0Gr\u00fcnen-Fraktionschefin Terry Reintke. Ihr wird Unt\u00e4tigkeit vorgeworfen.<\/p>\n<p>Der erste\u00a0<a rel=\"nofollow noopener\" target=\"_blank\" href=\"https:\/\/www.stern.de\/gesellschaft\/fall-malte-gall%C3%A9e--ein-gruener-ikarus-34507772.html\">Artikel<\/a>\u00a0seitens des\u00a0<em>Stern<\/em>-Magazins zur Causa Gall\u00e9e erfolgte am 1. M\u00e4rz und trug den Titel (Bezahlschranke):<\/p>\n<p><em>&#8220;MeToo-Vorw\u00fcrfe: &#8216;Ich hatte richtig Angst vor ihm&#8217;: Von einem gr\u00fcnen Polittalent, das Grenzen ausgetestet und sie \u00fcberschritten haben soll.&#8221;<\/em><\/p>\n<p>Der Artikel beschreibt einleitend das ambitionierte Streben des jungen Gr\u00fcnen-Politikers mit der Umschreibung, &#8220;es schien, als schwebte er unaufh\u00f6rlich Richtung Macht&#8221;. Typisches Agieren des\u00a0Gr\u00fcnen in Br\u00fcssel scheint demnach so ausgesehen zu haben:<\/p>\n<p><em>&#8220;Es gibt Europaabgeordnete. Und es gibt Malte Gall\u00e9e. Neben seiner B\u00fcrot\u00fcr im Parlament in Br\u00fcssel liegen silbrig glitzernde High Heels. Er zieht sie manchmal an, ruft den Umstehenden zu, er gehe mal die Rechten \u00e4rgern, und stolziert auf dem Weg zur Raucherterrasse im siebten Stock an den B\u00fcros der AfD vorbei. Oder er kurvt mit dem Tretroller durch die Parlamentsflure, als sei die europ\u00e4ische Politik ein Kindergeburtstag und er das Geburtstagskind.&#8221;<\/em><\/p>\n<p>Laut dem Artikel h\u00e4tten parallel zum leichten Leben des Daseins jedoch auch die Kritik etlicher Mitarbeiterinnen der Partei in\u00a0Br\u00fcssel\u00a0geh\u00f6rt, beginnend im Jahr 2022. Gall\u00e9e\u00a0r\u00fcckte im Dezember 2021 f\u00fcr\u00a0Sven Giegold\u00a0ins Europaparlament nach. Zuvor verfehlte er im Jahr 2019 den Einzug ins Europaparlament. Sein Regional-B\u00fcro\u00a0liegt im bayerischen Bamberg.\u00a0\u00a0<\/p>\n<p>Seit dem Sommer 2022 kam es demnach dann zu den ersten lauteren Vorw\u00fcrfen von Kolleginnen \u00fcber Gall\u00e9e, der sie &#8220;sexuell bel\u00e4stigt&#8221; haben soll. Laut\u00a0<em>Stern<\/em>-Recherchen gingen in dieser Zeit &#8220;mehrere Beschwerden bei Ombudspersonen der Gr\u00fcnenfraktion im\u00a0Europaparlament\u00a0ein&#8221;. So hei\u00dft es zu den sich h\u00e4ufenden Situationen:<\/p>\n<p><em>&#8220;Die Vorw\u00fcrfe betrafen demnach zun\u00e4chst grenz\u00fcberschreitendes Verhalten, unerw\u00fcnschte Ber\u00fchrungen, ungebetenes Betreten von B\u00fcros, aber auch Mobbing.&#8221;<\/em><\/p>\n<p>In einem\u00a0<em>Stern<\/em>&#8211;<a rel=\"nofollow noopener\" target=\"_blank\" href=\"https:\/\/www.stern.de\/politik\/fall-malte-gall%C3%A9e--nach-metoo-vorwuerfen-waechst-bei-den-gruenen-die-wut-34514596.html\">Folgeartikel<\/a> vom 5. M\u00e4rz hei\u00dft es, dass Unterst\u00fctzer der &#8220;MeToo&#8221;-Vorw\u00fcrfe die gr\u00fcne Br\u00fcsseler Parteispitze &#8220;mit klaren Worten kritisiert&#8221; h\u00e4tten. In einem offenen Brief von Mitarbeiterinnen und Mitarbeitern der Europ\u00e4ischen Gr\u00fcnen, der dem S<em>tern<\/em>\u00a0vorliegt, hei\u00dft es dazu:<\/p>\n<p><em>&#8220;Wir weigern uns, uns an der Abwiegelung unserer F\u00fchrung zu beteiligen, die weder dem Ernst der Lage, noch der F\u00fchrungsverantwortung und der Erfahrungen der Betroffenen gerecht wird. Wir stehen in unersch\u00fctterlicher Solidarit\u00e4t mit den Opfern von Mobbing und ihren Zeugen.&#8221;<\/em><\/p>\n<p>Das Schreiben wurde laut\u00a0<em>Stern<\/em>-Artikel von &#8220;100 ehemaligen und aktuellen Gr\u00fcnen-Mitarbeitern in Br\u00fcssel<em>&#8221;\u00a0<\/em>unterzeichnet.<em>\u00a0<\/em>Adressiert ist das Schreiben unter anderem auch an die deutsche Vorsitzende der Gr\u00fcnen-Europafraktion, Terry Reintke.\u00a0Seit 1999 bilden die Gr\u00fcnen gemeinsam mit der Europ\u00e4ischen Freien Allianz (EFA) in der sich etwa Regionalparteien zusammengeschlossen haben, eine gemeinsame Fraktion.\u00a0Die deutsche Parteispitze h\u00e4tte dabei\u00a0seit gut einem Jahr &#8220;von den Vorw\u00fcrfen gegen den deutschen Abgeordneten gewusst \u2013 ohne dass dies Konsequenzen hatte&#8221;. Der Vorwurf aus internen Br\u00fcsseler Kollegenkreisen an Reintke lautet demnach: &#8220;Sie habe keine geeigneten Ma\u00dfnahmen gegen Malte Gall\u00e9e ergriffen&#8221;.\u00a0<\/p>\n<p>Reintke\u00a0lehnte eine Interviewanfrage des <em>Sterns<\/em>\u00a0ab.\u00a0Gall\u00e9e wiederum soll seine Chefin bereits Februar \u00fcber seinen R\u00fccktritt informiert haben. Auf seiner Webseite hei\u00dft es dazu in einer pers\u00f6nlichen\u00a0<a rel=\"nofollow noopener\" target=\"_blank\" href=\"https:\/\/maltegallee.eu\/posts\/personliche-aufklarung\">Erkl\u00e4rung<\/a>:<\/p>\n<p><em>&#8220;Unkonkrete Ger\u00fcchte \u00fcber mich hatte es bereits zuvor gegeben und ich habe die Ombudsstelle meiner Fraktion im Europ\u00e4ischen Parlament schon im Jahr 2022 aktiv gebeten, diesen nachzugehen. Ich bin davon \u00fcberzeugt, dass ich mir nichts habe zuschulden kommen lassen; zugleich war und bin ich selbstverst\u00e4ndlich jederzeit bereit, aktiv zu einer Kl\u00e4rung beizutragen.&#8221;<\/em><\/p>\n<p>Die Webseite der bayerischen Gr\u00fcnen haben die\u00a0<a rel=\"nofollow noopener\" target=\"_blank\" href=\"https:\/\/web.archive.org\/web\/20240301124337\/https:\/\/www.gruene-bayern.de\/person\/malte-gallee\/\">Informationen<\/a>\u00a0zu Gall\u00e9es EU-T\u00e4tigkeiten mittlerweile offline genommen. Im j\u00fcngsten <em>Stern<\/em>-Artikel zur Causa hei\u00dft es am 7. M\u00e4rz:<\/p>\n<p><em>&#8220;Ein MeToo-Fall in der Gr\u00fcnen-Fraktion im EU-Parlament wird nun brenzlig f\u00fcr die deutsche Fraktionschefin\u00a0Terry Reintke. In einer Fraktionssitzung am Mittwoch soll es nach Angaben mehrerer Teilnehmer hoch her gegangen sein. Besonders in der franz\u00f6sischsprachigen Delegation der Partei br\u00f6ckelt offenbar die Unterst\u00fctzung f\u00fcr Reintke. Mehrere Abgeordnete sollen in der Sitzung w\u00fctend gewesen sein, dass die Fraktionsspitze die seit l\u00e4ngerer Zeit bekannten Ger\u00fcchte \u00fcber Malte Gall\u00e9e nicht ernst genommen habe. Und auch, dass sich die Fraktionsspitze nun hinter formalen Ausreden\u00a0verstecke.&#8221;<\/em><\/p>\n<p>Eine ungenannte franz\u00f6sische Gr\u00fcnen-Abgeordnete\u00a0bezeichnete gegen\u00fcber\u00a0<em>Stern<\/em>-Mitarbeitern den F\u00fchrungsstil der deutschen Co-Fraktionsvorsitzenden Reintke als &#8220;undemokratisch&#8221;. Zudem gab sie zu Protokoll, dass Malte Gall\u00e9e &#8220;nicht der einzige problematische Abgeordnete der gr\u00fcnen Europagruppe&#8221; in Br\u00fcssel sei.<\/p>\n<p>In internen Mails im Br\u00fcsseler Europaparlament soll Reintke in den vergangenen Tagen mehrmals mitgeteilt haben, dass &#8220;ihr Schwere und Ausma\u00df der Vorw\u00fcrfe gegen Malte Gall\u00e9e nicht bekannt gewesen seien&#8221;.\u00a0Nach Recherchen des\u00a0<em>Sterns<\/em>\u00a0stimmt diese Aussage nicht. Reintke hat demnach &#8220;bereits im Oktober 2022 von den Vorw\u00fcrfen gegen Gall\u00e9e gewusst&#8221;.<\/p>\n<p>Ein\u00a0<em>Taz<\/em>&#8211;<a rel=\"nofollow noopener\" target=\"_blank\" href=\"https:\/\/taz.de\/Sexuelle-Uebergriffe-im-Europaparlament\/!5993573\/\">Artikel<\/a>\u00a0zu der Sache erinnert daran, dass\u00a0Reintke, hauptberuflich die aktuelle Spitzenkandidatin der Gr\u00fcnen bei der kommenden EU-Wahl, die &#8220;MeToo&#8221;-Debatte &#8220;einst nach Br\u00fcssel brachte&#8221;. Sie warb in ihrem Programm als Schwerpunkt &#8220;f\u00fcr Ma\u00dfnahmen des Parlaments gegen sexuelle Bel\u00e4stigung und wurde daf\u00fcr neben anderen im\u00a0<em>Time Magazine<\/em>\u00a0zur &#8216;Person of the Year&#8217; gek\u00fcrt&#8221;. Die Recherchen und daraus erfolgte Konsequenzen des\u00a0<em>Sterns\u00a0<\/em>stellen nun &#8220;eine Gefahr f\u00fcr ihre Glaubw\u00fcrdigkeit&#8221; dar.<\/p>\n<p>Eine Stellungnahme der deutschen gr\u00fcnen Parteispitze ist bis dato noch nicht erfolgt.\u00a0Parteichefin Ricarda Lang bezog sich auf\u00a0<em>Taz<\/em>-Nachfrage nur auf die Situation von &#8220;MeToo&#8221;-Regelungen in Br\u00fcssel. Dazu hei\u00dft es, Lang zitierend: &#8220;Es gebe Strukturen und die &#8216;wurden in den letzten Jahren auch deutlich gest\u00e4rkt'&#8221;.<\/p>\n<p><strong>Mehr zum Thema &#8211;<\/strong>\u00a0<a rel=\"nofollow noopener\" target=\"_blank\" href=\"https:\/\/freedert.online\/meinung\/197982-welt-will-frieden-baerbock-will\/\">Die Welt will Frieden \u2013 Baerbock will ihn nicht<\/a><\/p>\n<\/div>\n<p><br \/>\n<br \/><a href=\"https:\/\/de.rt.com\/inland\/198613-gruenen-hoffnungstraeger-fuer-eu-wahl\/\">Source link <\/a><\/p>\n","protected":false},"excerpt":{"rendered":"<p>Vorw\u00fcrfe sexueller Bel\u00e4stigung besch\u00e4ftigen die Gr\u00fcnen-Partei. Malte Gall\u00e9e, j\u00fcngster Abgeordneter der EU-Fraktion, ist nun aufgrund massiver Bel\u00e4stigungsvorw\u00fcrfe zur\u00fcckgetreten. Ausschlaggebend waren Recherchen des Magazins Stern. Zudem wird Kritik am Agieren seiner Chefin, der gr\u00fcnen EU-Spitzenkandidatin Terry Reintke, laut. Die diesj\u00e4hrige Wahl zum Europ\u00e4ischen Parlament findet voraussichtlich vom 6. bis 9. Juni in den Mitgliedsstaaten der Europ\u00e4ischen [&hellip;]<\/p>\n","protected":false},"author":3,"featured_media":56664,"comment_status":"open","ping_status":"open","sticky":false,"template":"","format":"standard","meta":{"_yoast_indexnow_last_ping":["1709819218"],"wp_automatic_camp":["217"],"063c72a39798ce01723d12827b349716":["Gr\u00fcnen-Hoffnungstr\u00e4ger f\u00fcr EU-Wahl scheitert schon vorab an MeToo-Vorwurf"],"original_link":["https:\/\/de.rt.com\/inland\/198613-gruenen-hoffnungstraeger-fuer-eu-wahl\/"],"_thumbnail_id":["56664"],"_wptgpro_p2tg_sent2tg":["a:1:{i:23737;s:19:\"2024-03-07 15:48:10\";}"],"jnews_social_counter_last_update":["1777186274"]},"categories":[19,23],"tags":[46825,221,54204,54205,1160,5652,45309],"yoast_head":"<!-- This site is optimized with the Yoast SEO Premium plugin v22.7 (Yoast SEO v22.7) - https:\/\/yoast.com\/wordpress\/plugins\/seo\/ -->\n<title>Gr\u00fcnen-Hoffnungstr\u00e4ger f\u00fcr EU-Wahl scheitert schon vorab an MeToo-Vorwurf - just-now.NEWS Deutschland<\/title>\n<meta name=\"robots\" content=\"index, follow, max-snippet:-1, max-image-preview:large, max-video-preview:-1\" \/>\n<link rel=\"canonical\" href=\"https:\/\/now-news.de\/de\/deutschland\/gruenen-hoffnungstraeger-fuer-eu-wahl-scheitert-schon-vorab-an-metoo-vorwurf\/\" \/>\n<meta property=\"og:locale\" content=\"de_DE\" \/>\n<meta property=\"og:type\" content=\"article\" \/>\n<meta property=\"og:title\" content=\"Gr\u00fcnen-Hoffnungstr\u00e4ger f\u00fcr EU-Wahl scheitert schon vorab an MeToo-Vorwurf\" \/>\n<meta property=\"og:description\" content=\"Vorw\u00fcrfe sexueller Bel\u00e4stigung besch\u00e4ftigen die Gr\u00fcnen-Partei. Malte Gall\u00e9e, j\u00fcngster Abgeordneter der EU-Fraktion, ist nun aufgrund massiver Bel\u00e4stigungsvorw\u00fcrfe zur\u00fcckgetreten. Ausschlaggebend waren Recherchen des Magazins Stern. Zudem wird Kritik am Agieren seiner Chefin, der gr\u00fcnen EU-Spitzenkandidatin Terry Reintke, laut. Die diesj\u00e4hrige Wahl zum Europ\u00e4ischen Parlament findet voraussichtlich vom 6. bis 9. Juni in den Mitgliedsstaaten der Europ\u00e4ischen [&hellip;]\" \/>\n<meta property=\"og:url\" content=\"https:\/\/now-news.de\/de\/deutschland\/gruenen-hoffnungstraeger-fuer-eu-wahl-scheitert-schon-vorab-an-metoo-vorwurf\/\" \/>\n<meta property=\"og:site_name\" content=\"just-now.NEWS Deutschland\" \/>\n<meta property=\"article:publisher\" content=\"https:\/\/www.facebook.com\/wirmachenauf\" \/>\n<meta property=\"article:published_time\" content=\"2024-03-07T13:37:07+00:00\" \/>\n<meta property=\"og:image\" content=\"https:\/\/now-news.de\/de\/wp-content\/uploads\/sites\/3\/2024\/03\/Gruenen-Hoffnungstraeger-fuer-EU-Wahl-scheitert-schon-vorab-an-MeToo-Vorwurf.jpeg\" \/>\n\t<meta property=\"og:image:width\" content=\"460\" \/>\n\t<meta property=\"og:image:height\" content=\"259\" \/>\n\t<meta property=\"og:image:type\" content=\"image\/jpeg\" \/>\n<meta name=\"author\" content=\"rtnews\" \/>\n<meta name=\"twitter:card\" content=\"summary_large_image\" \/>\n<meta name=\"twitter:creator\" content=\"@WirMachenAuf_de\" \/>\n<meta name=\"twitter:site\" content=\"@WirMachenAuf_de\" \/>\n<meta name=\"twitter:label1\" content=\"Verfasst von\" \/>\n\t<meta name=\"twitter:data1\" content=\"rtnews\" \/>\n\t<meta name=\"twitter:label2\" content=\"Gesch\u00e4tzte Lesezeit\" \/>\n\t<meta name=\"twitter:data2\" content=\"5\u00a0Minuten\" \/>\n<script type=\"application\/ld+json\" class=\"yoast-schema-graph\">{\"@context\":\"https:\/\/schema.org\",\"@graph\":[{\"@type\":\"Article\",\"@id\":\"https:\/\/now-news.de\/de\/deutschland\/gruenen-hoffnungstraeger-fuer-eu-wahl-scheitert-schon-vorab-an-metoo-vorwurf\/#article\",\"isPartOf\":{\"@id\":\"https:\/\/now-news.de\/de\/deutschland\/gruenen-hoffnungstraeger-fuer-eu-wahl-scheitert-schon-vorab-an-metoo-vorwurf\/\"},\"author\":{\"name\":\"rtnews\",\"@id\":\"https:\/\/now-news.de\/de\/#\/schema\/person\/fb534a4e865501d8b3285208df34a9b5\"},\"headline\":\"Gr\u00fcnen-Hoffnungstr\u00e4ger f\u00fcr EU-Wahl scheitert schon vorab an MeToo-Vorwurf\",\"datePublished\":\"2024-03-07T13:37:07+00:00\",\"dateModified\":\"2024-03-07T13:37:07+00:00\",\"mainEntityOfPage\":{\"@id\":\"https:\/\/now-news.de\/de\/deutschland\/gruenen-hoffnungstraeger-fuer-eu-wahl-scheitert-schon-vorab-an-metoo-vorwurf\/\"},\"wordCount\":1098,\"commentCount\":0,\"publisher\":{\"@id\":\"https:\/\/now-news.de\/de\/#organization\"},\"image\":{\"@id\":\"https:\/\/now-news.de\/de\/deutschland\/gruenen-hoffnungstraeger-fuer-eu-wahl-scheitert-schon-vorab-an-metoo-vorwurf\/#primaryimage\"},\"thumbnailUrl\":\"https:\/\/now-news.de\/de\/wp-content\/uploads\/sites\/3\/2024\/03\/Gruenen-Hoffnungstraeger-fuer-EU-Wahl-scheitert-schon-vorab-an-MeToo-Vorwurf.jpeg\",\"keywords\":[\"EUWahl\",\"f\u00fcr\",\"Gr\u00fcnenHoffnungstr\u00e4ger\",\"MeTooVorwurf\",\"scheitert\",\"schon\",\"vorab\"],\"articleSection\":[\"Deutschland\",\"Russland\"],\"inLanguage\":\"de\",\"potentialAction\":[{\"@type\":\"CommentAction\",\"name\":\"Comment\",\"target\":[\"https:\/\/now-news.de\/de\/deutschland\/gruenen-hoffnungstraeger-fuer-eu-wahl-scheitert-schon-vorab-an-metoo-vorwurf\/#respond\"]}]},{\"@type\":\"WebPage\",\"@id\":\"https:\/\/now-news.de\/de\/deutschland\/gruenen-hoffnungstraeger-fuer-eu-wahl-scheitert-schon-vorab-an-metoo-vorwurf\/\",\"url\":\"https:\/\/now-news.de\/de\/deutschland\/gruenen-hoffnungstraeger-fuer-eu-wahl-scheitert-schon-vorab-an-metoo-vorwurf\/\",\"name\":\"Gr\u00fcnen-Hoffnungstr\u00e4ger f\u00fcr EU-Wahl scheitert schon vorab an MeToo-Vorwurf - just-now.NEWS Deutschland\",\"isPartOf\":{\"@id\":\"https:\/\/now-news.de\/de\/#website\"},\"primaryImageOfPage\":{\"@id\":\"https:\/\/now-news.de\/de\/deutschland\/gruenen-hoffnungstraeger-fuer-eu-wahl-scheitert-schon-vorab-an-metoo-vorwurf\/#primaryimage\"},\"image\":{\"@id\":\"https:\/\/now-news.de\/de\/deutschland\/gruenen-hoffnungstraeger-fuer-eu-wahl-scheitert-schon-vorab-an-metoo-vorwurf\/#primaryimage\"},\"thumbnailUrl\":\"https:\/\/now-news.de\/de\/wp-content\/uploads\/sites\/3\/2024\/03\/Gruenen-Hoffnungstraeger-fuer-EU-Wahl-scheitert-schon-vorab-an-MeToo-Vorwurf.jpeg\",\"datePublished\":\"2024-03-07T13:37:07+00:00\",\"dateModified\":\"2024-03-07T13:37:07+00:00\",\"breadcrumb\":{\"@id\":\"https:\/\/now-news.de\/de\/deutschland\/gruenen-hoffnungstraeger-fuer-eu-wahl-scheitert-schon-vorab-an-metoo-vorwurf\/#breadcrumb\"},\"inLanguage\":\"de\",\"potentialAction\":[{\"@type\":\"ReadAction\",\"target\":[\"https:\/\/now-news.de\/de\/deutschland\/gruenen-hoffnungstraeger-fuer-eu-wahl-scheitert-schon-vorab-an-metoo-vorwurf\/\"]}]},{\"@type\":\"ImageObject\",\"inLanguage\":\"de\",\"@id\":\"https:\/\/now-news.de\/de\/deutschland\/gruenen-hoffnungstraeger-fuer-eu-wahl-scheitert-schon-vorab-an-metoo-vorwurf\/#primaryimage\",\"url\":\"https:\/\/now-news.de\/de\/wp-content\/uploads\/sites\/3\/2024\/03\/Gruenen-Hoffnungstraeger-fuer-EU-Wahl-scheitert-schon-vorab-an-MeToo-Vorwurf.jpeg\",\"contentUrl\":\"https:\/\/now-news.de\/de\/wp-content\/uploads\/sites\/3\/2024\/03\/Gruenen-Hoffnungstraeger-fuer-EU-Wahl-scheitert-schon-vorab-an-MeToo-Vorwurf.jpeg\",\"width\":460,\"height\":259,\"caption\":\"Gr\u00fcnen-Hoffnungstr\u00e4ger f\u00fcr EU-Wahl scheitert schon vorab an MeToo-Vorwurf\"},{\"@type\":\"BreadcrumbList\",\"@id\":\"https:\/\/now-news.de\/de\/deutschland\/gruenen-hoffnungstraeger-fuer-eu-wahl-scheitert-schon-vorab-an-metoo-vorwurf\/#breadcrumb\",\"itemListElement\":[{\"@type\":\"ListItem\",\"position\":1,\"name\":\"Home\",\"item\":\"https:\/\/now-news.de\/de\/\"},{\"@type\":\"ListItem\",\"position\":2,\"name\":\"Gr\u00fcnen-Hoffnungstr\u00e4ger f\u00fcr EU-Wahl scheitert schon vorab an MeToo-Vorwurf\"}]},{\"@type\":\"WebSite\",\"@id\":\"https:\/\/now-news.de\/de\/#website\",\"url\":\"https:\/\/now-news.de\/de\/\",\"name\":\"just-now.NEWS Deutschland\",\"description\":\"Das Portal f\u00fcr unzensierte Nachrichten aus der Welt\",\"publisher\":{\"@id\":\"https:\/\/now-news.de\/de\/#organization\"},\"potentialAction\":[{\"@type\":\"SearchAction\",\"target\":{\"@type\":\"EntryPoint\",\"urlTemplate\":\"https:\/\/now-news.de\/de\/?s={search_term_string}\"},\"query-input\":\"required name=search_term_string\"}],\"inLanguage\":\"de\"},{\"@type\":\"Organization\",\"@id\":\"https:\/\/now-news.de\/de\/#organization\",\"name\":\"Just Now News\",\"url\":\"https:\/\/now-news.de\/de\/\",\"logo\":{\"@type\":\"ImageObject\",\"inLanguage\":\"de\",\"@id\":\"https:\/\/now-news.de\/de\/#\/schema\/logo\/image\/\",\"url\":\"http:\/\/just-now.news\/de\/wp-content\/uploads\/sites\/3\/2022\/04\/logo500x500.jpg\",\"contentUrl\":\"http:\/\/just-now.news\/de\/wp-content\/uploads\/sites\/3\/2022\/04\/logo500x500.jpg\",\"width\":500,\"height\":500,\"caption\":\"Just Now News\"},\"image\":{\"@id\":\"https:\/\/now-news.de\/de\/#\/schema\/logo\/image\/\"},\"sameAs\":[\"https:\/\/www.facebook.com\/wirmachenauf\",\"https:\/\/x.com\/WirMachenAuf_de\"]},{\"@type\":\"Person\",\"@id\":\"https:\/\/now-news.de\/de\/#\/schema\/person\/fb534a4e865501d8b3285208df34a9b5\",\"name\":\"rtnews\",\"image\":{\"@type\":\"ImageObject\",\"inLanguage\":\"de\",\"@id\":\"https:\/\/now-news.de\/de\/#\/schema\/person\/image\/\",\"url\":\"https:\/\/secure.gravatar.com\/avatar\/82aafea7d8127119dd649515f56e2117?s=96&d=mm&r=g\",\"contentUrl\":\"https:\/\/secure.gravatar.com\/avatar\/82aafea7d8127119dd649515f56e2117?s=96&d=mm&r=g\",\"caption\":\"rtnews\"},\"url\":\"https:\/\/now-news.de\/de\/author\/rnews\/\"}]}<\/script>\n<!-- \/ Yoast SEO Premium plugin. -->","yoast_head_json":{"title":"Gr\u00fcnen-Hoffnungstr\u00e4ger f\u00fcr EU-Wahl scheitert schon vorab an MeToo-Vorwurf - just-now.NEWS Deutschland","robots":{"index":"index","follow":"follow","max-snippet":"max-snippet:-1","max-image-preview":"max-image-preview:large","max-video-preview":"max-video-preview:-1"},"canonical":"https:\/\/now-news.de\/de\/deutschland\/gruenen-hoffnungstraeger-fuer-eu-wahl-scheitert-schon-vorab-an-metoo-vorwurf\/","og_locale":"de_DE","og_type":"article","og_title":"Gr\u00fcnen-Hoffnungstr\u00e4ger f\u00fcr EU-Wahl scheitert schon vorab an MeToo-Vorwurf","og_description":"Vorw\u00fcrfe sexueller Bel\u00e4stigung besch\u00e4ftigen die Gr\u00fcnen-Partei. Malte Gall\u00e9e, j\u00fcngster Abgeordneter der EU-Fraktion, ist nun aufgrund massiver Bel\u00e4stigungsvorw\u00fcrfe zur\u00fcckgetreten. Ausschlaggebend waren Recherchen des Magazins Stern. Zudem wird Kritik am Agieren seiner Chefin, der gr\u00fcnen EU-Spitzenkandidatin Terry Reintke, laut. Die diesj\u00e4hrige Wahl zum Europ\u00e4ischen Parlament findet voraussichtlich vom 6. bis 9. Juni in den Mitgliedsstaaten der Europ\u00e4ischen [&hellip;]","og_url":"https:\/\/now-news.de\/de\/deutschland\/gruenen-hoffnungstraeger-fuer-eu-wahl-scheitert-schon-vorab-an-metoo-vorwurf\/","og_site_name":"just-now.NEWS Deutschland","article_publisher":"https:\/\/www.facebook.com\/wirmachenauf","article_published_time":"2024-03-07T13:37:07+00:00","og_image":[{"width":460,"height":259,"url":"https:\/\/now-news.de\/de\/wp-content\/uploads\/sites\/3\/2024\/03\/Gruenen-Hoffnungstraeger-fuer-EU-Wahl-scheitert-schon-vorab-an-MeToo-Vorwurf.jpeg","type":"image\/jpeg"}],"author":"rtnews","twitter_card":"summary_large_image","twitter_creator":"@WirMachenAuf_de","twitter_site":"@WirMachenAuf_de","twitter_misc":{"Verfasst von":"rtnews","Gesch\u00e4tzte Lesezeit":"5\u00a0Minuten"},"schema":{"@context":"https:\/\/schema.org","@graph":[{"@type":"Article","@id":"https:\/\/now-news.de\/de\/deutschland\/gruenen-hoffnungstraeger-fuer-eu-wahl-scheitert-schon-vorab-an-metoo-vorwurf\/#article","isPartOf":{"@id":"https:\/\/now-news.de\/de\/deutschland\/gruenen-hoffnungstraeger-fuer-eu-wahl-scheitert-schon-vorab-an-metoo-vorwurf\/"},"author":{"name":"rtnews","@id":"https:\/\/now-news.de\/de\/#\/schema\/person\/fb534a4e865501d8b3285208df34a9b5"},"headline":"Gr\u00fcnen-Hoffnungstr\u00e4ger f\u00fcr EU-Wahl scheitert schon vorab an MeToo-Vorwurf","datePublished":"2024-03-07T13:37:07+00:00","dateModified":"2024-03-07T13:37:07+00:00","mainEntityOfPage":{"@id":"https:\/\/now-news.de\/de\/deutschland\/gruenen-hoffnungstraeger-fuer-eu-wahl-scheitert-schon-vorab-an-metoo-vorwurf\/"},"wordCount":1098,"commentCount":0,"publisher":{"@id":"https:\/\/now-news.de\/de\/#organization"},"image":{"@id":"https:\/\/now-news.de\/de\/deutschland\/gruenen-hoffnungstraeger-fuer-eu-wahl-scheitert-schon-vorab-an-metoo-vorwurf\/#primaryimage"},"thumbnailUrl":"https:\/\/now-news.de\/de\/wp-content\/uploads\/sites\/3\/2024\/03\/Gruenen-Hoffnungstraeger-fuer-EU-Wahl-scheitert-schon-vorab-an-MeToo-Vorwurf.jpeg","keywords":["EUWahl","f\u00fcr","Gr\u00fcnenHoffnungstr\u00e4ger","MeTooVorwurf","scheitert","schon","vorab"],"articleSection":["Deutschland","Russland"],"inLanguage":"de","potentialAction":[{"@type":"CommentAction","name":"Comment","target":["https:\/\/now-news.de\/de\/deutschland\/gruenen-hoffnungstraeger-fuer-eu-wahl-scheitert-schon-vorab-an-metoo-vorwurf\/#respond"]}]},{"@type":"WebPage","@id":"https:\/\/now-news.de\/de\/deutschland\/gruenen-hoffnungstraeger-fuer-eu-wahl-scheitert-schon-vorab-an-metoo-vorwurf\/","url":"https:\/\/now-news.de\/de\/deutschland\/gruenen-hoffnungstraeger-fuer-eu-wahl-scheitert-schon-vorab-an-metoo-vorwurf\/","name":"Gr\u00fcnen-Hoffnungstr\u00e4ger f\u00fcr EU-Wahl scheitert schon vorab an MeToo-Vorwurf - just-now.NEWS Deutschland","isPartOf":{"@id":"https:\/\/now-news.de\/de\/#website"},"primaryImageOfPage":{"@id":"https:\/\/now-news.de\/de\/deutschland\/gruenen-hoffnungstraeger-fuer-eu-wahl-scheitert-schon-vorab-an-metoo-vorwurf\/#primaryimage"},"image":{"@id":"https:\/\/now-news.de\/de\/deutschland\/gruenen-hoffnungstraeger-fuer-eu-wahl-scheitert-schon-vorab-an-metoo-vorwurf\/#primaryimage"},"thumbnailUrl":"https:\/\/now-news.de\/de\/wp-content\/uploads\/sites\/3\/2024\/03\/Gruenen-Hoffnungstraeger-fuer-EU-Wahl-scheitert-schon-vorab-an-MeToo-Vorwurf.jpeg","datePublished":"2024-03-07T13:37:07+00:00","dateModified":"2024-03-07T13:37:07+00:00","breadcrumb":{"@id":"https:\/\/now-news.de\/de\/deutschland\/gruenen-hoffnungstraeger-fuer-eu-wahl-scheitert-schon-vorab-an-metoo-vorwurf\/#breadcrumb"},"inLanguage":"de","potentialAction":[{"@type":"ReadAction","target":["https:\/\/now-news.de\/de\/deutschland\/gruenen-hoffnungstraeger-fuer-eu-wahl-scheitert-schon-vorab-an-metoo-vorwurf\/"]}]},{"@type":"ImageObject","inLanguage":"de","@id":"https:\/\/now-news.de\/de\/deutschland\/gruenen-hoffnungstraeger-fuer-eu-wahl-scheitert-schon-vorab-an-metoo-vorwurf\/#primaryimage","url":"https:\/\/now-news.de\/de\/wp-content\/uploads\/sites\/3\/2024\/03\/Gruenen-Hoffnungstraeger-fuer-EU-Wahl-scheitert-schon-vorab-an-MeToo-Vorwurf.jpeg","contentUrl":"https:\/\/now-news.de\/de\/wp-content\/uploads\/sites\/3\/2024\/03\/Gruenen-Hoffnungstraeger-fuer-EU-Wahl-scheitert-schon-vorab-an-MeToo-Vorwurf.jpeg","width":460,"height":259,"caption":"Gr\u00fcnen-Hoffnungstr\u00e4ger f\u00fcr EU-Wahl scheitert schon vorab an MeToo-Vorwurf"},{"@type":"BreadcrumbList","@id":"https:\/\/now-news.de\/de\/deutschland\/gruenen-hoffnungstraeger-fuer-eu-wahl-scheitert-schon-vorab-an-metoo-vorwurf\/#breadcrumb","itemListElement":[{"@type":"ListItem","position":1,"name":"Home","item":"https:\/\/now-news.de\/de\/"},{"@type":"ListItem","position":2,"name":"Gr\u00fcnen-Hoffnungstr\u00e4ger f\u00fcr EU-Wahl scheitert schon vorab an MeToo-Vorwurf"}]},{"@type":"WebSite","@id":"https:\/\/now-news.de\/de\/#website","url":"https:\/\/now-news.de\/de\/","name":"just-now.NEWS Deutschland","description":"Das Portal f\u00fcr unzensierte Nachrichten aus der Welt","publisher":{"@id":"https:\/\/now-news.de\/de\/#organization"},"potentialAction":[{"@type":"SearchAction","target":{"@type":"EntryPoint","urlTemplate":"https:\/\/now-news.de\/de\/?s={search_term_string}"},"query-input":"required name=search_term_string"}],"inLanguage":"de"},{"@type":"Organization","@id":"https:\/\/now-news.de\/de\/#organization","name":"Just Now News","url":"https:\/\/now-news.de\/de\/","logo":{"@type":"ImageObject","inLanguage":"de","@id":"https:\/\/now-news.de\/de\/#\/schema\/logo\/image\/","url":"http:\/\/just-now.news\/de\/wp-content\/uploads\/sites\/3\/2022\/04\/logo500x500.jpg","contentUrl":"http:\/\/just-now.news\/de\/wp-content\/uploads\/sites\/3\/2022\/04\/logo500x500.jpg","width":500,"height":500,"caption":"Just Now News"},"image":{"@id":"https:\/\/now-news.de\/de\/#\/schema\/logo\/image\/"},"sameAs":["https:\/\/www.facebook.com\/wirmachenauf","https:\/\/x.com\/WirMachenAuf_de"]},{"@type":"Person","@id":"https:\/\/now-news.de\/de\/#\/schema\/person\/fb534a4e865501d8b3285208df34a9b5","name":"rtnews","image":{"@type":"ImageObject","inLanguage":"de","@id":"https:\/\/now-news.de\/de\/#\/schema\/person\/image\/","url":"https:\/\/secure.gravatar.com\/avatar\/82aafea7d8127119dd649515f56e2117?s=96&d=mm&r=g","contentUrl":"https:\/\/secure.gravatar.com\/avatar\/82aafea7d8127119dd649515f56e2117?s=96&d=mm&r=g","caption":"rtnews"},"url":"https:\/\/now-news.de\/de\/author\/rnews\/"}]}},"_links":{"self":[{"href":"https:\/\/now-news.de\/de\/wp-json\/wp\/v2\/posts\/56663"}],"collection":[{"href":"https:\/\/now-news.de\/de\/wp-json\/wp\/v2\/posts"}],"about":[{"href":"https:\/\/now-news.de\/de\/wp-json\/wp\/v2\/types\/post"}],"author":[{"embeddable":true,"href":"https:\/\/now-news.de\/de\/wp-json\/wp\/v2\/users\/3"}],"replies":[{"embeddable":true,"href":"https:\/\/now-news.de\/de\/wp-json\/wp\/v2\/comments?post=56663"}],"version-history":[{"count":0,"href":"https:\/\/now-news.de\/de\/wp-json\/wp\/v2\/posts\/56663\/revisions"}],"wp:featuredmedia":[{"embeddable":true,"href":"https:\/\/now-news.de\/de\/wp-json\/wp\/v2\/media\/56664"}],"wp:attachment":[{"href":"https:\/\/now-news.de\/de\/wp-json\/wp\/v2\/media?parent=56663"}],"wp:term":[{"taxonomy":"category","embeddable":true,"href":"https:\/\/now-news.de\/de\/wp-json\/wp\/v2\/categories?post=56663"},{"taxonomy":"post_tag","embeddable":true,"href":"https:\/\/now-news.de\/de\/wp-json\/wp\/v2\/tags?post=56663"}],"curies":[{"name":"wp","href":"https:\/\/api.w.org\/{rel}","templated":true}]}}