{"id":56567,"date":"2024-03-05T22:18:33","date_gmt":"2024-03-05T20:18:33","guid":{"rendered":"https:\/\/just-now.news\/de\/deutschland\/olaf-scholz-bestreitet-dass-friedensverhandlungen-ende-maerz-2022-kurz-vor-dem-erfolg-standen\/"},"modified":"2024-03-05T22:18:33","modified_gmt":"2024-03-05T20:18:33","slug":"olaf-scholz-bestreitet-dass-friedensverhandlungen-ende-maerz-2022-kurz-vor-dem-erfolg-standen","status":"publish","type":"post","link":"https:\/\/now-news.de\/de\/deutschland\/olaf-scholz-bestreitet-dass-friedensverhandlungen-ende-maerz-2022-kurz-vor-dem-erfolg-standen\/","title":{"rendered":"Olaf Scholz bestreitet, dass Friedensverhandlungen Ende M\u00e4rz 2022 kurz vor dem Erfolg standen"},"content":{"rendered":"<p><img decoding=\"async\" src=\"http:\/\/just-now.news\/de\/wp-content\/uploads\/sites\/3\/2024\/03\/65e775e0b480cc522d62216c.jpg\" \/><\/p>\n<div class=\"Text-root Text-type_1 \">\n                Obwohl inzwischen sogar der Wall Street Journal den Ende M\u00e4rz 2022 in Istanbul paraphierten Entwurf eines Friedensvertrags zwischen Russland und der Ukraine ver\u00f6ffentlicht hat, bestreitet Olaf Scholz in einem Interview mit der &#8220;S\u00e4chsischen Zeitung&#8221; diese Tatsache vehement.\n            <\/div>\n<p><\/p>\n<div class=\"Text-root Text-type_5 ArticleView-text ViewText-root \">\n<p><em>Von Alexej Danckwardt<\/em>\u00a0<\/p>\n<p>Der deutsche Bundeskanzler Olaf Scholz hat in einem Interview mit der <em>S\u00e4chsischen Zeitung<\/em>\u00a0am Dienstag bestritten, dass russisch-ukrainische Friedensverhandlungen in Istanbul Ende M\u00e4rz 2022 kurz vor einem erfolgreichen Abschluss standen. Er bezeichnete entsprechende Berichte, die es aus unterschiedlichen Quellen gibt, als &#8220;russische Propaganda&#8221;.\u00a0<\/p>\n<p>W\u00f6rtlich sagte Scholz:\u00a0<\/p>\n<blockquote>\n<p><em>&#8220;Nein, das ist russische Propaganda. Da wird behauptet, es h\u00e4tte zwischen der Ukraine und Russland einen fertigen Friedensvertrag gegeben, aber wahlweise h\u00e4tte ihn mal Boris Johnson, mal Joe Biden verhindert. V\u00f6lliger Unsinn. Die Wahrheit ist: Die Gespr\u00e4che zwischen der Ukraine und Russland sind deshalb abgebrochen worden, weil Russland seine Truppen umverlegt hatte und im Osten eine Gro\u00dfoffensive begann und die Gr\u00e4ueltaten und Massaker von Butcha bekannt wurden. Das hat den damaligen Gespr\u00e4chen die Grundlage entzogen.&#8221;<\/em><\/p>\n<\/blockquote>\n<p>Auf der anderen Seite beharrte der Bundeskanzler in dem Interview auf seiner Ablehnung der Lieferung von Marschflugk\u00f6rpern des Typs &#8220;Taurus&#8221; in die Ukraine:<\/p>\n<blockquote>\n<p><em>&#8220;Wir liefern aber nicht auf Zuruf, sondern w\u00e4gen genau ab \u2013 das ist meine Verantwortung als Bundeskanzler. Deshalb habe ich vor ein paar Tagen klargestellt, dass wir das sehr weitreichende Waffensystem Taurus absehbar nicht beisteuern werden. An unserer immensen Hilfe f\u00fcr die Ukraine \u00e4ndert das nichts. Und ich werbe seit Wochen bei unseren Freunden in Europa daf\u00fcr, dass sie die Ukraine \u00e4hnlich stark unterst\u00fctzen, wie Deutschland das tut.&#8221;<\/em><\/p>\n<\/blockquote>\n<p>Auch dem Einsatz von Bodentruppen in der Ukraine steht Scholz weiter ablehnend gegen\u00fcber:\u00a0<\/p>\n<blockquote>\n<p><em>&#8220;F\u00fcr mich ist ganz klar \u2013 und zwar seit Beginn des Krieges: Es darf nicht zu einem Krieg zwischen Russland und der NATO kommen. Die Folgen w\u00e4ren unkalkulierbar. Deshalb darf es keine NATO-Truppen und keine deutschen Soldaten auf ukrainischem Boden geben.&#8221;<\/em><\/p>\n<\/blockquote>\n<p>Dass im Zuge der Verhandlungen in Istanbul Ende M\u00e4rz 2022 der Entwurf eines Friedensvertrags zwischen der Ukraine und Russland paraphiert werden konnte, hat zuerst der fr\u00fchere israelische Regierungschef Naftali Benett berichtet. Sp\u00e4ter skizzierte der wei\u00dfrussische Pr\u00e4sident Alexander Lukaschenko im russischen Fernsehen die Eckpunkte des damals paraphierten Friedensvertrages: R\u00fcckzug Russland in die Ausgangsstellungen von Februar 2022, Verzicht der Ukraine auf den Beitritt zur NATO und die Stationierung ausl\u00e4ndischer Truppen auf ihrem Gebiet, Beschr\u00e4nkung ihrer ihrer eigenen Truppenst\u00e4rke und der Anzahl bestimmter Waffen, langfristiger Pachtvertrag die Krim betreffend, Entscheidung \u00fcber die Zukunft des Donbass in gesonderten Verhandlungen.\u00a0<\/p>\n<p>Sp\u00e4ter zeigte der russische Pr\u00e4sident Wladimir Putin afrikanischen Staats- und Regierungschefs den Vertragsentwurf, der nach seinen Angaben bereits unterschriftsreif war.\u00a0<\/p>\n<p>Ende 2023 best\u00e4tigten mehrere ukrainische Politiker und Beamte diese Darstellung. So schilderte beispielsweise der Fraktionsvorsitzende von Selenskijs Regierungspartei im ukrainischen Parlament Dawid Arachamija in einem <a rel=\"nofollow noopener\" target=\"_blank\" href=\"https:\/\/freedert.online\/europa\/188836-verpasste-frieden-wir-werden-gar\/\">Fernsehinterview f\u00fcr den ukrainischen Sender <em>1+1<\/em><\/a> Ende November,\u00a0dass die russische Verhandlungsdelegation ein &#8220;konkretes Ziel&#8221; verfolgt habe: die Ukraine dazu zu bringen, eine milit\u00e4rische Neutralit\u00e4t zu akzeptieren und die Bestrebungen f\u00fcr eine NATO-Mitgliedschaft aufzugeben. Nach den Worten von Arachamija wurde alles andere, was Russland zuvor als Ziele definiert hatte, etwa die Forderungen nach &#8220;Entnazifizierung der Ukraine&#8221;, den &#8220;Schutz der Rechte der russischsprachigen Bev\u00f6lkerungsgruppen und so weiter&#8221;, lediglich als &#8220;kosmetische politische W\u00fcrze&#8221; vorgebracht. Arachamija leitete die ukrainische Delegation in Istanbul.<\/p>\n<p>Nach seinen Worten sind die Friedensverhandlungen abgebrochen worden, nachdem Boris Johnson am 9. April 2022 in Kiew war und Wladimir Selenskij den Friedensschluss &#8220;ausredete&#8221;. Arachamija erinnerte in dem Interview daran, dass der damalige britische Premierminister mit den Worten interveniert habe:<\/p>\n<blockquote>\n<p><em>&#8220;Wir werden gar nichts unterzeichnen, ihr werdet einfach weiterk\u00e4mpfen.&#8221;<\/em><\/p>\n<\/blockquote>\n<p>Schlie\u00dflich ver\u00f6ffentlichte <em>Wall Street Journal<\/em> am 1. M\u00e4rz 2024 sogar <a rel=\"nofollow noopener\" target=\"_blank\" href=\"https:\/\/www.wsj.com\/world\/russia-ukraine-peace-deal-2022-document-6e12e093\">das in Istanbul paraphierte Dokument<\/a>, umso mehr wundert es, dass Olaf Scholz seine Existenz immer noch vehement bestretet.\u00a0<\/p>\n<p>Was die Erkl\u00e4rungen f\u00fcr den Abbruch der Verhandlungen durch die Ukraine angeht, die der Bundeskanzler den Lesern der <em>S\u00e4chsischen Zeitung<\/em> auftischt, so hat es im April 2022 schlichtweg keine &#8220;russische Gro\u00dfoffensive&#8221; gegeben, auch nicht im Osten der Ukraine. Vielmehr hat Russland damals f\u00fcr Beobachter \u00fcberaus \u00fcberraschend seine Truppen nicht nur aus den Vororten von Kiew, sondern aus insgesamt drei ukrainischen Regionen abgezogen. Das wurde damals ausdr\u00fccklich als eine Geste des guten Willens mit Blick auf die laufenden Verhandlungen bezeichnet.\u00a0<\/p>\n<p>Im Zuge dieses Abzugs wurde auch die Stadt Butscha ger\u00e4umt, was die zwei Tage sp\u00e4ter inszenierte Provokation erm\u00f6glichte. Was genau in Butscha geschehen ist, ist bis heute nicht aufgekl\u00e4rt. W\u00e4hrend jedes Ermittlungsverfahren weltweit mit gerichtsmedizinischen Gutachten beginnt, die Aussagen zur Todesursache und zum Zeitpunkt des Todes treffen, gibt es diese Gutachten bis heute nicht. Zumindest sind sie (anders als bei echten Massakern, wie dem Massaker des 2. Mai 2014 in Odessa) bis heute nicht ver\u00f6ffentlicht, ebenso wenig wie Namenslisten der tats\u00e4chlichen oder vermeintlichen Opfer, deren Vorlage Russland regelm\u00e4\u00dfig im Sicherheitsrat fordert.\u00a0<\/p>\n<p>Daher spricht Russland nicht ohne Grund von einer Inszenierung, um die Friedensverhandlungen zu Scheitern zu bringen. Das unabh\u00e4ngig davon, als das Auftreten von Kriegsverbrechen nicht nur kein Hindernis f\u00fcr einen Friedensschluss ist, sondern verantwortlichen Staatsf\u00fchrern umso mehr Antrieb geben sollte, den Krieg so schnell wie m\u00f6glich zu beenden.\u00a0<\/p>\n<p>Daher muss man dem deutschen Bundeskanzler bez\u00fcglich seiner Darstellung in der <em>S\u00e4chsischen Zeitung<\/em> zumindest Unaufrichtigkeit vorwerfen. Schlechtes Informiertsein allein kann diese Art Argumentation nicht erkl\u00e4ren.<\/p>\n<p><strong>Mehr zum Thema<\/strong> &#8211; <a rel=\"nofollow noopener\" target=\"_blank\" href=\"https:\/\/freedert.online\/international\/196209-putinversteher-arestowitsch-putin-ist-einzige-der-frieden-will\/\">Putinversteher Arestowitsch: &#8220;Putin ist der Einzige, der Frieden will&#8221;<\/a>\u00a0<\/p>\n<\/p>\n<\/div>\n<p><br \/>\n<br \/><a href=\"https:\/\/de.rt.com\/inland\/198446-olaf-scholz-bestreitet-dass-friedensverhandlungen-vor-abschluss-standen\/\">Source link <\/a><\/p>\n","protected":false},"excerpt":{"rendered":"<p>Obwohl inzwischen sogar der Wall Street Journal den Ende M\u00e4rz 2022 in Istanbul paraphierten Entwurf eines Friedensvertrags zwischen Russland und der Ukraine ver\u00f6ffentlicht hat, bestreitet Olaf Scholz in einem Interview mit der &#8220;S\u00e4chsischen Zeitung&#8221; diese Tatsache vehement. Von Alexej Danckwardt\u00a0 Der deutsche Bundeskanzler Olaf Scholz hat in einem Interview mit der S\u00e4chsischen Zeitung\u00a0am Dienstag bestritten, [&hellip;]<\/p>\n","protected":false},"author":3,"featured_media":56568,"comment_status":"open","ping_status":"open","sticky":false,"template":"","format":"standard","meta":{"_yoast_indexnow_last_ping":["1709671601"],"wp_automatic_camp":["217"],"2aa6a5b84868e27173f7ba2682c4f9d6":["Olaf Scholz bestreitet, dass Friedensverhandlungen Ende M\u00e4rz 2022 kurz vor dem Erfolg standen"],"original_link":["https:\/\/de.rt.com\/inland\/198446-olaf-scholz-bestreitet-dass-friedensverhandlungen-vor-abschluss-standen\/"],"_thumbnail_id":["56568"],"jnews_social_counter_last_update":["1777623600"],"_wptgpro_p2tg_sent2tg":["a:1:{i:23737;s:19:\"2024-03-05 22:47:46\";}"]},"categories":[19,23],"tags":[18892,42,134,5375,591,19884,18106,9175,7179,1001,54151,320],"yoast_head":"<!-- This site is optimized with the Yoast SEO Premium plugin v22.7 (Yoast SEO v22.7) - https:\/\/yoast.com\/wordpress\/plugins\/seo\/ -->\n<title>Olaf Scholz bestreitet, dass Friedensverhandlungen Ende M\u00e4rz 2022 kurz vor dem Erfolg standen - just-now.NEWS Deutschland<\/title>\n<meta name=\"robots\" content=\"index, follow, max-snippet:-1, max-image-preview:large, max-video-preview:-1\" \/>\n<link rel=\"canonical\" href=\"https:\/\/now-news.de\/de\/deutschland\/olaf-scholz-bestreitet-dass-friedensverhandlungen-ende-maerz-2022-kurz-vor-dem-erfolg-standen\/\" \/>\n<meta property=\"og:locale\" content=\"de_DE\" \/>\n<meta property=\"og:type\" content=\"article\" \/>\n<meta property=\"og:title\" content=\"Olaf Scholz bestreitet, dass Friedensverhandlungen Ende M\u00e4rz 2022 kurz vor dem Erfolg standen\" \/>\n<meta property=\"og:description\" content=\"Obwohl inzwischen sogar der Wall Street Journal den Ende M\u00e4rz 2022 in Istanbul paraphierten Entwurf eines Friedensvertrags zwischen Russland und der Ukraine ver\u00f6ffentlicht hat, bestreitet Olaf Scholz in einem Interview mit der &#8220;S\u00e4chsischen Zeitung&#8221; diese Tatsache vehement. Von Alexej Danckwardt\u00a0 Der deutsche Bundeskanzler Olaf Scholz hat in einem Interview mit der S\u00e4chsischen Zeitung\u00a0am Dienstag bestritten, [&hellip;]\" \/>\n<meta property=\"og:url\" content=\"https:\/\/now-news.de\/de\/deutschland\/olaf-scholz-bestreitet-dass-friedensverhandlungen-ende-maerz-2022-kurz-vor-dem-erfolg-standen\/\" \/>\n<meta property=\"og:site_name\" content=\"just-now.NEWS Deutschland\" \/>\n<meta property=\"article:publisher\" content=\"https:\/\/www.facebook.com\/wirmachenauf\" \/>\n<meta property=\"article:published_time\" content=\"2024-03-05T20:18:33+00:00\" \/>\n<meta property=\"og:image\" content=\"https:\/\/now-news.de\/de\/wp-content\/uploads\/sites\/3\/2024\/03\/Olaf-Scholz-bestreitet-dass-Friedensverhandlungen-Ende-Maerz-2022-kurz-vor.jpg\" \/>\n\t<meta property=\"og:image:width\" content=\"460\" \/>\n\t<meta property=\"og:image:height\" content=\"259\" \/>\n\t<meta property=\"og:image:type\" content=\"image\/jpeg\" \/>\n<meta name=\"author\" content=\"rtnews\" \/>\n<meta name=\"twitter:card\" content=\"summary_large_image\" \/>\n<meta name=\"twitter:creator\" content=\"@WirMachenAuf_de\" \/>\n<meta name=\"twitter:site\" content=\"@WirMachenAuf_de\" \/>\n<meta name=\"twitter:label1\" content=\"Verfasst von\" \/>\n\t<meta name=\"twitter:data1\" content=\"rtnews\" \/>\n\t<meta name=\"twitter:label2\" content=\"Gesch\u00e4tzte Lesezeit\" \/>\n\t<meta name=\"twitter:data2\" content=\"5\u00a0Minuten\" \/>\n<script type=\"application\/ld+json\" class=\"yoast-schema-graph\">{\"@context\":\"https:\/\/schema.org\",\"@graph\":[{\"@type\":\"Article\",\"@id\":\"https:\/\/now-news.de\/de\/deutschland\/olaf-scholz-bestreitet-dass-friedensverhandlungen-ende-maerz-2022-kurz-vor-dem-erfolg-standen\/#article\",\"isPartOf\":{\"@id\":\"https:\/\/now-news.de\/de\/deutschland\/olaf-scholz-bestreitet-dass-friedensverhandlungen-ende-maerz-2022-kurz-vor-dem-erfolg-standen\/\"},\"author\":{\"name\":\"rtnews\",\"@id\":\"https:\/\/now-news.de\/de\/#\/schema\/person\/fb534a4e865501d8b3285208df34a9b5\"},\"headline\":\"Olaf Scholz bestreitet, dass Friedensverhandlungen Ende M\u00e4rz 2022 kurz vor dem Erfolg standen\",\"datePublished\":\"2024-03-05T20:18:33+00:00\",\"dateModified\":\"2024-03-05T20:18:33+00:00\",\"mainEntityOfPage\":{\"@id\":\"https:\/\/now-news.de\/de\/deutschland\/olaf-scholz-bestreitet-dass-friedensverhandlungen-ende-maerz-2022-kurz-vor-dem-erfolg-standen\/\"},\"wordCount\":923,\"commentCount\":0,\"publisher\":{\"@id\":\"https:\/\/now-news.de\/de\/#organization\"},\"image\":{\"@id\":\"https:\/\/now-news.de\/de\/deutschland\/olaf-scholz-bestreitet-dass-friedensverhandlungen-ende-maerz-2022-kurz-vor-dem-erfolg-standen\/#primaryimage\"},\"thumbnailUrl\":\"https:\/\/now-news.de\/de\/wp-content\/uploads\/sites\/3\/2024\/03\/Olaf-Scholz-bestreitet-dass-Friedensverhandlungen-Ende-Maerz-2022-kurz-vor.jpg\",\"keywords\":[\"bestreitet\",\"dass\",\"DEM\",\"Ende\",\"Erfolg\",\"Friedensverhandlungen\",\"kurz\",\"M\u00e4rz\",\"Olaf\",\"Scholz\",\"standen\",\"vor\"],\"articleSection\":[\"Deutschland\",\"Russland\"],\"inLanguage\":\"de\",\"potentialAction\":[{\"@type\":\"CommentAction\",\"name\":\"Comment\",\"target\":[\"https:\/\/now-news.de\/de\/deutschland\/olaf-scholz-bestreitet-dass-friedensverhandlungen-ende-maerz-2022-kurz-vor-dem-erfolg-standen\/#respond\"]}]},{\"@type\":\"WebPage\",\"@id\":\"https:\/\/now-news.de\/de\/deutschland\/olaf-scholz-bestreitet-dass-friedensverhandlungen-ende-maerz-2022-kurz-vor-dem-erfolg-standen\/\",\"url\":\"https:\/\/now-news.de\/de\/deutschland\/olaf-scholz-bestreitet-dass-friedensverhandlungen-ende-maerz-2022-kurz-vor-dem-erfolg-standen\/\",\"name\":\"Olaf Scholz bestreitet, dass Friedensverhandlungen Ende M\u00e4rz 2022 kurz vor dem Erfolg standen - just-now.NEWS Deutschland\",\"isPartOf\":{\"@id\":\"https:\/\/now-news.de\/de\/#website\"},\"primaryImageOfPage\":{\"@id\":\"https:\/\/now-news.de\/de\/deutschland\/olaf-scholz-bestreitet-dass-friedensverhandlungen-ende-maerz-2022-kurz-vor-dem-erfolg-standen\/#primaryimage\"},\"image\":{\"@id\":\"https:\/\/now-news.de\/de\/deutschland\/olaf-scholz-bestreitet-dass-friedensverhandlungen-ende-maerz-2022-kurz-vor-dem-erfolg-standen\/#primaryimage\"},\"thumbnailUrl\":\"https:\/\/now-news.de\/de\/wp-content\/uploads\/sites\/3\/2024\/03\/Olaf-Scholz-bestreitet-dass-Friedensverhandlungen-Ende-Maerz-2022-kurz-vor.jpg\",\"datePublished\":\"2024-03-05T20:18:33+00:00\",\"dateModified\":\"2024-03-05T20:18:33+00:00\",\"breadcrumb\":{\"@id\":\"https:\/\/now-news.de\/de\/deutschland\/olaf-scholz-bestreitet-dass-friedensverhandlungen-ende-maerz-2022-kurz-vor-dem-erfolg-standen\/#breadcrumb\"},\"inLanguage\":\"de\",\"potentialAction\":[{\"@type\":\"ReadAction\",\"target\":[\"https:\/\/now-news.de\/de\/deutschland\/olaf-scholz-bestreitet-dass-friedensverhandlungen-ende-maerz-2022-kurz-vor-dem-erfolg-standen\/\"]}]},{\"@type\":\"ImageObject\",\"inLanguage\":\"de\",\"@id\":\"https:\/\/now-news.de\/de\/deutschland\/olaf-scholz-bestreitet-dass-friedensverhandlungen-ende-maerz-2022-kurz-vor-dem-erfolg-standen\/#primaryimage\",\"url\":\"https:\/\/now-news.de\/de\/wp-content\/uploads\/sites\/3\/2024\/03\/Olaf-Scholz-bestreitet-dass-Friedensverhandlungen-Ende-Maerz-2022-kurz-vor.jpg\",\"contentUrl\":\"https:\/\/now-news.de\/de\/wp-content\/uploads\/sites\/3\/2024\/03\/Olaf-Scholz-bestreitet-dass-Friedensverhandlungen-Ende-Maerz-2022-kurz-vor.jpg\",\"width\":460,\"height\":259,\"caption\":\"Olaf Scholz bestreitet, dass Friedensverhandlungen Ende M\u00e4rz 2022 kurz vor dem Erfolg standen\"},{\"@type\":\"BreadcrumbList\",\"@id\":\"https:\/\/now-news.de\/de\/deutschland\/olaf-scholz-bestreitet-dass-friedensverhandlungen-ende-maerz-2022-kurz-vor-dem-erfolg-standen\/#breadcrumb\",\"itemListElement\":[{\"@type\":\"ListItem\",\"position\":1,\"name\":\"Home\",\"item\":\"https:\/\/now-news.de\/de\/\"},{\"@type\":\"ListItem\",\"position\":2,\"name\":\"Olaf Scholz bestreitet, dass Friedensverhandlungen Ende M\u00e4rz 2022 kurz vor dem Erfolg standen\"}]},{\"@type\":\"WebSite\",\"@id\":\"https:\/\/now-news.de\/de\/#website\",\"url\":\"https:\/\/now-news.de\/de\/\",\"name\":\"just-now.NEWS Deutschland\",\"description\":\"Das Portal f\u00fcr unzensierte Nachrichten aus der Welt\",\"publisher\":{\"@id\":\"https:\/\/now-news.de\/de\/#organization\"},\"potentialAction\":[{\"@type\":\"SearchAction\",\"target\":{\"@type\":\"EntryPoint\",\"urlTemplate\":\"https:\/\/now-news.de\/de\/?s={search_term_string}\"},\"query-input\":\"required name=search_term_string\"}],\"inLanguage\":\"de\"},{\"@type\":\"Organization\",\"@id\":\"https:\/\/now-news.de\/de\/#organization\",\"name\":\"Just Now News\",\"url\":\"https:\/\/now-news.de\/de\/\",\"logo\":{\"@type\":\"ImageObject\",\"inLanguage\":\"de\",\"@id\":\"https:\/\/now-news.de\/de\/#\/schema\/logo\/image\/\",\"url\":\"http:\/\/just-now.news\/de\/wp-content\/uploads\/sites\/3\/2022\/04\/logo500x500.jpg\",\"contentUrl\":\"http:\/\/just-now.news\/de\/wp-content\/uploads\/sites\/3\/2022\/04\/logo500x500.jpg\",\"width\":500,\"height\":500,\"caption\":\"Just Now News\"},\"image\":{\"@id\":\"https:\/\/now-news.de\/de\/#\/schema\/logo\/image\/\"},\"sameAs\":[\"https:\/\/www.facebook.com\/wirmachenauf\",\"https:\/\/x.com\/WirMachenAuf_de\"]},{\"@type\":\"Person\",\"@id\":\"https:\/\/now-news.de\/de\/#\/schema\/person\/fb534a4e865501d8b3285208df34a9b5\",\"name\":\"rtnews\",\"image\":{\"@type\":\"ImageObject\",\"inLanguage\":\"de\",\"@id\":\"https:\/\/now-news.de\/de\/#\/schema\/person\/image\/\",\"url\":\"https:\/\/secure.gravatar.com\/avatar\/82aafea7d8127119dd649515f56e2117?s=96&d=mm&r=g\",\"contentUrl\":\"https:\/\/secure.gravatar.com\/avatar\/82aafea7d8127119dd649515f56e2117?s=96&d=mm&r=g\",\"caption\":\"rtnews\"},\"url\":\"https:\/\/now-news.de\/de\/author\/rnews\/\"}]}<\/script>\n<!-- \/ Yoast SEO Premium plugin. -->","yoast_head_json":{"title":"Olaf Scholz bestreitet, dass Friedensverhandlungen Ende M\u00e4rz 2022 kurz vor dem Erfolg standen - just-now.NEWS Deutschland","robots":{"index":"index","follow":"follow","max-snippet":"max-snippet:-1","max-image-preview":"max-image-preview:large","max-video-preview":"max-video-preview:-1"},"canonical":"https:\/\/now-news.de\/de\/deutschland\/olaf-scholz-bestreitet-dass-friedensverhandlungen-ende-maerz-2022-kurz-vor-dem-erfolg-standen\/","og_locale":"de_DE","og_type":"article","og_title":"Olaf Scholz bestreitet, dass Friedensverhandlungen Ende M\u00e4rz 2022 kurz vor dem Erfolg standen","og_description":"Obwohl inzwischen sogar der Wall Street Journal den Ende M\u00e4rz 2022 in Istanbul paraphierten Entwurf eines Friedensvertrags zwischen Russland und der Ukraine ver\u00f6ffentlicht hat, bestreitet Olaf Scholz in einem Interview mit der &#8220;S\u00e4chsischen Zeitung&#8221; diese Tatsache vehement. Von Alexej Danckwardt\u00a0 Der deutsche Bundeskanzler Olaf Scholz hat in einem Interview mit der S\u00e4chsischen Zeitung\u00a0am Dienstag bestritten, [&hellip;]","og_url":"https:\/\/now-news.de\/de\/deutschland\/olaf-scholz-bestreitet-dass-friedensverhandlungen-ende-maerz-2022-kurz-vor-dem-erfolg-standen\/","og_site_name":"just-now.NEWS Deutschland","article_publisher":"https:\/\/www.facebook.com\/wirmachenauf","article_published_time":"2024-03-05T20:18:33+00:00","og_image":[{"width":460,"height":259,"url":"https:\/\/now-news.de\/de\/wp-content\/uploads\/sites\/3\/2024\/03\/Olaf-Scholz-bestreitet-dass-Friedensverhandlungen-Ende-Maerz-2022-kurz-vor.jpg","type":"image\/jpeg"}],"author":"rtnews","twitter_card":"summary_large_image","twitter_creator":"@WirMachenAuf_de","twitter_site":"@WirMachenAuf_de","twitter_misc":{"Verfasst von":"rtnews","Gesch\u00e4tzte Lesezeit":"5\u00a0Minuten"},"schema":{"@context":"https:\/\/schema.org","@graph":[{"@type":"Article","@id":"https:\/\/now-news.de\/de\/deutschland\/olaf-scholz-bestreitet-dass-friedensverhandlungen-ende-maerz-2022-kurz-vor-dem-erfolg-standen\/#article","isPartOf":{"@id":"https:\/\/now-news.de\/de\/deutschland\/olaf-scholz-bestreitet-dass-friedensverhandlungen-ende-maerz-2022-kurz-vor-dem-erfolg-standen\/"},"author":{"name":"rtnews","@id":"https:\/\/now-news.de\/de\/#\/schema\/person\/fb534a4e865501d8b3285208df34a9b5"},"headline":"Olaf Scholz bestreitet, dass Friedensverhandlungen Ende M\u00e4rz 2022 kurz vor dem Erfolg standen","datePublished":"2024-03-05T20:18:33+00:00","dateModified":"2024-03-05T20:18:33+00:00","mainEntityOfPage":{"@id":"https:\/\/now-news.de\/de\/deutschland\/olaf-scholz-bestreitet-dass-friedensverhandlungen-ende-maerz-2022-kurz-vor-dem-erfolg-standen\/"},"wordCount":923,"commentCount":0,"publisher":{"@id":"https:\/\/now-news.de\/de\/#organization"},"image":{"@id":"https:\/\/now-news.de\/de\/deutschland\/olaf-scholz-bestreitet-dass-friedensverhandlungen-ende-maerz-2022-kurz-vor-dem-erfolg-standen\/#primaryimage"},"thumbnailUrl":"https:\/\/now-news.de\/de\/wp-content\/uploads\/sites\/3\/2024\/03\/Olaf-Scholz-bestreitet-dass-Friedensverhandlungen-Ende-Maerz-2022-kurz-vor.jpg","keywords":["bestreitet","dass","DEM","Ende","Erfolg","Friedensverhandlungen","kurz","M\u00e4rz","Olaf","Scholz","standen","vor"],"articleSection":["Deutschland","Russland"],"inLanguage":"de","potentialAction":[{"@type":"CommentAction","name":"Comment","target":["https:\/\/now-news.de\/de\/deutschland\/olaf-scholz-bestreitet-dass-friedensverhandlungen-ende-maerz-2022-kurz-vor-dem-erfolg-standen\/#respond"]}]},{"@type":"WebPage","@id":"https:\/\/now-news.de\/de\/deutschland\/olaf-scholz-bestreitet-dass-friedensverhandlungen-ende-maerz-2022-kurz-vor-dem-erfolg-standen\/","url":"https:\/\/now-news.de\/de\/deutschland\/olaf-scholz-bestreitet-dass-friedensverhandlungen-ende-maerz-2022-kurz-vor-dem-erfolg-standen\/","name":"Olaf Scholz bestreitet, dass Friedensverhandlungen Ende M\u00e4rz 2022 kurz vor dem Erfolg standen - just-now.NEWS Deutschland","isPartOf":{"@id":"https:\/\/now-news.de\/de\/#website"},"primaryImageOfPage":{"@id":"https:\/\/now-news.de\/de\/deutschland\/olaf-scholz-bestreitet-dass-friedensverhandlungen-ende-maerz-2022-kurz-vor-dem-erfolg-standen\/#primaryimage"},"image":{"@id":"https:\/\/now-news.de\/de\/deutschland\/olaf-scholz-bestreitet-dass-friedensverhandlungen-ende-maerz-2022-kurz-vor-dem-erfolg-standen\/#primaryimage"},"thumbnailUrl":"https:\/\/now-news.de\/de\/wp-content\/uploads\/sites\/3\/2024\/03\/Olaf-Scholz-bestreitet-dass-Friedensverhandlungen-Ende-Maerz-2022-kurz-vor.jpg","datePublished":"2024-03-05T20:18:33+00:00","dateModified":"2024-03-05T20:18:33+00:00","breadcrumb":{"@id":"https:\/\/now-news.de\/de\/deutschland\/olaf-scholz-bestreitet-dass-friedensverhandlungen-ende-maerz-2022-kurz-vor-dem-erfolg-standen\/#breadcrumb"},"inLanguage":"de","potentialAction":[{"@type":"ReadAction","target":["https:\/\/now-news.de\/de\/deutschland\/olaf-scholz-bestreitet-dass-friedensverhandlungen-ende-maerz-2022-kurz-vor-dem-erfolg-standen\/"]}]},{"@type":"ImageObject","inLanguage":"de","@id":"https:\/\/now-news.de\/de\/deutschland\/olaf-scholz-bestreitet-dass-friedensverhandlungen-ende-maerz-2022-kurz-vor-dem-erfolg-standen\/#primaryimage","url":"https:\/\/now-news.de\/de\/wp-content\/uploads\/sites\/3\/2024\/03\/Olaf-Scholz-bestreitet-dass-Friedensverhandlungen-Ende-Maerz-2022-kurz-vor.jpg","contentUrl":"https:\/\/now-news.de\/de\/wp-content\/uploads\/sites\/3\/2024\/03\/Olaf-Scholz-bestreitet-dass-Friedensverhandlungen-Ende-Maerz-2022-kurz-vor.jpg","width":460,"height":259,"caption":"Olaf Scholz bestreitet, dass Friedensverhandlungen Ende M\u00e4rz 2022 kurz vor dem Erfolg standen"},{"@type":"BreadcrumbList","@id":"https:\/\/now-news.de\/de\/deutschland\/olaf-scholz-bestreitet-dass-friedensverhandlungen-ende-maerz-2022-kurz-vor-dem-erfolg-standen\/#breadcrumb","itemListElement":[{"@type":"ListItem","position":1,"name":"Home","item":"https:\/\/now-news.de\/de\/"},{"@type":"ListItem","position":2,"name":"Olaf Scholz bestreitet, dass Friedensverhandlungen Ende M\u00e4rz 2022 kurz vor dem Erfolg standen"}]},{"@type":"WebSite","@id":"https:\/\/now-news.de\/de\/#website","url":"https:\/\/now-news.de\/de\/","name":"just-now.NEWS Deutschland","description":"Das Portal f\u00fcr unzensierte Nachrichten aus der Welt","publisher":{"@id":"https:\/\/now-news.de\/de\/#organization"},"potentialAction":[{"@type":"SearchAction","target":{"@type":"EntryPoint","urlTemplate":"https:\/\/now-news.de\/de\/?s={search_term_string}"},"query-input":"required name=search_term_string"}],"inLanguage":"de"},{"@type":"Organization","@id":"https:\/\/now-news.de\/de\/#organization","name":"Just Now News","url":"https:\/\/now-news.de\/de\/","logo":{"@type":"ImageObject","inLanguage":"de","@id":"https:\/\/now-news.de\/de\/#\/schema\/logo\/image\/","url":"http:\/\/just-now.news\/de\/wp-content\/uploads\/sites\/3\/2022\/04\/logo500x500.jpg","contentUrl":"http:\/\/just-now.news\/de\/wp-content\/uploads\/sites\/3\/2022\/04\/logo500x500.jpg","width":500,"height":500,"caption":"Just Now News"},"image":{"@id":"https:\/\/now-news.de\/de\/#\/schema\/logo\/image\/"},"sameAs":["https:\/\/www.facebook.com\/wirmachenauf","https:\/\/x.com\/WirMachenAuf_de"]},{"@type":"Person","@id":"https:\/\/now-news.de\/de\/#\/schema\/person\/fb534a4e865501d8b3285208df34a9b5","name":"rtnews","image":{"@type":"ImageObject","inLanguage":"de","@id":"https:\/\/now-news.de\/de\/#\/schema\/person\/image\/","url":"https:\/\/secure.gravatar.com\/avatar\/82aafea7d8127119dd649515f56e2117?s=96&d=mm&r=g","contentUrl":"https:\/\/secure.gravatar.com\/avatar\/82aafea7d8127119dd649515f56e2117?s=96&d=mm&r=g","caption":"rtnews"},"url":"https:\/\/now-news.de\/de\/author\/rnews\/"}]}},"_links":{"self":[{"href":"https:\/\/now-news.de\/de\/wp-json\/wp\/v2\/posts\/56567"}],"collection":[{"href":"https:\/\/now-news.de\/de\/wp-json\/wp\/v2\/posts"}],"about":[{"href":"https:\/\/now-news.de\/de\/wp-json\/wp\/v2\/types\/post"}],"author":[{"embeddable":true,"href":"https:\/\/now-news.de\/de\/wp-json\/wp\/v2\/users\/3"}],"replies":[{"embeddable":true,"href":"https:\/\/now-news.de\/de\/wp-json\/wp\/v2\/comments?post=56567"}],"version-history":[{"count":0,"href":"https:\/\/now-news.de\/de\/wp-json\/wp\/v2\/posts\/56567\/revisions"}],"wp:featuredmedia":[{"embeddable":true,"href":"https:\/\/now-news.de\/de\/wp-json\/wp\/v2\/media\/56568"}],"wp:attachment":[{"href":"https:\/\/now-news.de\/de\/wp-json\/wp\/v2\/media?parent=56567"}],"wp:term":[{"taxonomy":"category","embeddable":true,"href":"https:\/\/now-news.de\/de\/wp-json\/wp\/v2\/categories?post=56567"},{"taxonomy":"post_tag","embeddable":true,"href":"https:\/\/now-news.de\/de\/wp-json\/wp\/v2\/tags?post=56567"}],"curies":[{"name":"wp","href":"https:\/\/api.w.org\/{rel}","templated":true}]}}