{"id":56540,"date":"2024-03-05T18:05:56","date_gmt":"2024-03-05T16:05:56","guid":{"rendered":"https:\/\/just-now.news\/de\/deutschland\/causa-correctiv-welch-wunder-selbst-wikipedia-entschaerft-artikel-zum-thema-deportation\/"},"modified":"2024-03-05T18:05:56","modified_gmt":"2024-03-05T16:05:56","slug":"causa-correctiv-welch-wunder-selbst-wikipedia-entschaerft-artikel-zum-thema-deportation","status":"publish","type":"post","link":"https:\/\/now-news.de\/de\/deutschland\/causa-correctiv-welch-wunder-selbst-wikipedia-entschaerft-artikel-zum-thema-deportation\/","title":{"rendered":"Causa Correctiv: Welch&#039; Wunder \u2013 Selbst Wikipedia entsch\u00e4rft Artikel zum Thema &quot;Deportation&quot;"},"content":{"rendered":"<p><img decoding=\"async\" src=\"http:\/\/just-now.news\/de\/wp-content\/uploads\/sites\/3\/2024\/03\/65e721e6b480cc325733a74b.png\" \/><\/p>\n<div class=\"Text-root Text-type_1 \">\n                Die verleumderische Unterstellung von ge\u00e4u\u00dferten &#8220;Deportationspl\u00e4nen&#8221; w\u00e4hrend einer Privatveranstaltung im Vorjahr f\u00fchrt zu gesellschaftlichen Diskussionen. Nun stellt sich heraus, dass auch die &#8220;freie Enzyklop\u00e4die&#8221; Wikipedia den Eintrag zum Hauptvorwurf gegen Anwesende mehrmals korrigiert hat.\n            <\/div>\n<p><\/p>\n<div class=\"Text-root Text-type_5 ArticleView-text ViewText-root \">\n<p>Mit der Ver\u00f6ffentlichung eines Artikels durch den &#8220;Rechercheverbund&#8221;\u00a0<em>Correctiv<\/em>\u00a0am 10. Januar dynamisierte sich eine medial-politisch forcierte und ann\u00e4hernd konzertiert anmutende Verleumdungskampagne gegen die anwesenden G\u00e4ste in einem Hotel bei Potsdam im November 2023. Seit Wochen spiegelt sich in landesweiten Protest- und Demonstrationsereignissen die diesbez\u00fcgliche Wirkung kolportierter und verleumderisch formulierter Inhalte des vermeintlichen &#8220;Geheimtreffens&#8221;.<\/p>\n<p>Die &#8220;<em>Correctiv<\/em>&#8220;-Redaktion geriet dabei recht schnell in Verdacht, individuell ausgelegter und damit inkorrekt dargestellter Inhalte zur Veranstaltung. Ein diesbez\u00fcgliches Gerichtsurteil best\u00e4tigte \u2013 bis dato \u2013 in Teilen die eines klagenden Veranstaltungsgastes unterstellten Fehler im Artikel. Nun korrigierte eher unbemerkt das &#8220;Informationsportal&#8221; Wikipedia einen wesentlichen Argumentationsvorwurf von Kritikern der Veranstaltung.<\/p>\n<p>Das ma\u00dfgebliche Schlagwort der gesellschaftlich nachdr\u00fccklichen Ablehnung zum unterstellten &#8220;Geheimtreffen&#8221; war und ist weiterhin das Wort &#8220;Deportation&#8221;. Dies in den Varianten &#8220;Deportationspl\u00e4ne&#8221;, &#8220;Deportationstreffen&#8221; oder &#8220;Deportationsfantasien&#8221;. Die stellvertretende <em>Correctiv<\/em>-Chefredakteurin Anette Dowideit behauptete dann am 28. Januar in der <em>ARD<\/em>:<\/p>\n<p><em>&#8220;Wir haben auch nicht von Deportationen gesprochen, sondern das wurde dann von denen \u2013 Presse und Politiker \u2013 missinterpretiert.&#8221;\u00a0<\/em><\/p>\n<p>Der themenbezogene Eintrag bei Wikipedia erfolgte erstmalig drei Tage nach Ver\u00f6ffentlichung des <em>Correctiv<\/em>-Artikels. Dort hie\u00df es\u00a0<a rel=\"nofollow noopener\" target=\"_blank\" href=\"https:\/\/web.archive.org\/web\/20240113132916\/https:\/\/de.wikipedia.org\/wiki\/Treffen_von_Rechtsextremisten_in_Potsdam_2023\">ab 11.59 Uhr<\/a>:<\/p>\n<p><em>&#8220;Das\u00a0Treffen von Rechtsextremisten in Potsdam\u00a0war eine Zusammenkunft in der\u00a0Villa Adlon\u00a0am\u00a0Lehnitzsee\u00a0in\u00a0Potsdam, die am 25. November 2023 stattgefunden hat. Auf der Veranstaltung, die in der Presse als &#8216;Geheimtreffen&#8217; bekannt geworden ist, stellte der Rechtsextremist\u00a0Martin Sellner\u00a0<strong>einen Plan zur\u00a0Deportation<\/strong>\u00a0bestimmter Bev\u00f6lkerungsgruppen aus Deutschland vor.&#8221;<\/em><\/p>\n<p>Dem <em>Nius<\/em>-Mitarbeiter Felix Perrefort fiel laut <a rel=\"nofollow noopener\" target=\"_blank\" href=\"https:\/\/twitter.com\/FPerrefort\/status\/1764702769061990477\">X-Posting<\/a> vom 4. Februar auf, dass diese Passage klammheimlich ohne entsprechende Information seitens Wikipedia nun auch ge\u00e4ndert wurde, wie es zuvor auch die <em>Correctiv<\/em>-Redaktion unter anderem auf ihrer Publikationswebseite t\u00e4tigte.<\/p>\n<div class=\"EmbedBlock-root EmbedBlock-twitter\">\n<div class=\"TwitterEmbed\">\n<blockquote class=\"twitter-tweet lazyload\" data-twitter=\"twitter-tweet\" data-media-max-width=\"560\">\n<p lang=\"de\" dir=\"ltr\">Correctiv und die \u201eDeportationen\u201c <a rel=\"nofollow noopener\" target=\"_blank\" href=\"https:\/\/t.co\/rQwFhnuYoM\">pic.twitter.com\/rQwFhnuYoM<\/a><\/p>\n<p>\u2014 _horizont_ (@hori_____zont) <a rel=\"nofollow noopener\" target=\"_blank\" href=\"https:\/\/twitter.com\/hori_____zont\/status\/1752009899800768745?ref_src=twsrc%5Etfw\">January 29, 2024<\/a><\/p><\/blockquote>\n<\/div>\n<\/div>\n<p>Die Recherche best\u00e4tigt, Wikipedia nahm sogar nicht nur Ver\u00e4nderungen vor, sondern <a rel=\"nofollow noopener\" target=\"_blank\" href=\"https:\/\/web.archive.org\/web\/20240214001520\/https:\/\/de.wikipedia.org\/wiki\/Treffen_von_Rechtsextremisten_in_Potsdam_2023\">entfernte<\/a>\u00a0kurzzeitig das Reizwort &#8220;Deportation&#8221; komplett aus der Einleitung. So hie\u00df es Anfang Februar in der Einleitung lediglich:<\/p>\n<p><em>&#8220;Das\u00a0Treffen von Rechtsextremisten in Potsdam\u00a0war eine Zusammenkunft in der\u00a0Villa Adlon\u00a0am\u00a0Lehnitzsee\u00a0in\u00a0Potsdam, die am 25. November 2023 stattfand und Mitte Januar 2024 publik wurde. Auf der Veranstaltung stellte der Rechtsextremist\u00a0Martin Sellner\u00a0einen als &#8216;Masterplan zur\u00a0Remigration&#8217; angek\u00fcndigten Plan zur Vertreibung bestimmter Bev\u00f6lkerungsgruppen aus Deutschland vor:\u00a0Asylbewerber, Ausl\u00e4nder mit\u00a0Bleiberecht\u00a0sowie &#8216;nicht\u00a0assimilierte\u00a0deutsche Staatsb\u00fcrger&#8217;.&#8221;<\/em><\/p>\n<p>Seit M\u00e4rz lautet die vorerst letzte Aktualisierung im Wikipedia-Artikel nun wieder:<\/p>\n<p><em>&#8220;Das\u00a0Treffen von Rechtsextremisten in Potsdam\u00a0war eine Zusammenkunft in der\u00a0Villa Adlon\u00a0am\u00a0Lehnitzsee\u00a0in\u00a0Potsdam, die am 25. November 2023 stattfand und Mitte Januar 2024 publik wurde. Auf der Veranstaltung stellte der Rechtsextremist\u00a0Martin Sellner\u00a0als &#8216;Masterplan zur\u00a0Remigration&#8217; bezeichnete \u00dcberlegungen vor. Sellners Nutzung des Wortes &#8216;Remigration&#8217;\u00a0<strong>wurde vielfach als verharmlosende Umschreibung<\/strong> einer Ausweisung, Abschiebung, Vertreibung <strong>und\/oder Deportation<\/strong> sowohl von\u00a0Asylbewerbern\u00a0und Ausl\u00e4ndern mit\u00a0Bleiberecht\u00a0als auch von &#8216;nicht\u00a0assimilierten&#8217; deutschen Staatsb\u00fcrgern verstanden.&#8221;<\/em><\/p>\n<p>Weder die <em>Correctiv<\/em>&#8211; noch die Wikipedia-Redaktion informieren \u00fcber die ma\u00dfgeblichen Ver\u00e4nderungen. Perrefort <a rel=\"nofollow noopener\" target=\"_blank\" href=\"https:\/\/twitter.com\/FPerrefort\/status\/1753425981136629995\">kritisiert<\/a>\u00a0vollkommen zu Recht, dass der Wikipedia-Mitarbeiter zudem keinerlei Notwendigkeit befindet, die Leser des Eintrags im Artikel und damit verbundenen Quellenangaben auf kritische\u00a0Beitr\u00e4ge\u00a0zur &#8220;Causa <em>Correctiv<\/em>&#8221; hinzuweisen.\u00a0<\/p>\n<p><strong>Mehr zum Thema &#8211;<\/strong>\u00a0<a rel=\"nofollow noopener\" target=\"_blank\" href=\"https:\/\/freedert.online\/inland\/197660-gerichtsurteil-correctiv-muss-satz-aus\/\">Gerichtsurteil: Correctiv muss einen Satz aus Verleumdungsartikel entfernen<\/a><\/p>\n<\/div>\n<p><script async src=\"https:\/\/platform.twitter.com\/widgets.js\" charset=\"utf-8\"><\/script><br \/>\n<br \/><br \/>\n<br \/><a href=\"https:\/\/de.rt.com\/inland\/198404-causa-correctiv-welch-wunder-selbst\/\">Source link <\/a><\/p>\n","protected":false},"excerpt":{"rendered":"<p>Die verleumderische Unterstellung von ge\u00e4u\u00dferten &#8220;Deportationspl\u00e4nen&#8221; w\u00e4hrend einer Privatveranstaltung im Vorjahr f\u00fchrt zu gesellschaftlichen Diskussionen. Nun stellt sich heraus, dass auch die &#8220;freie Enzyklop\u00e4die&#8221; Wikipedia den Eintrag zum Hauptvorwurf gegen Anwesende mehrmals korrigiert hat. Mit der Ver\u00f6ffentlichung eines Artikels durch den &#8220;Rechercheverbund&#8221;\u00a0Correctiv\u00a0am 10. Januar dynamisierte sich eine medial-politisch forcierte und ann\u00e4hernd konzertiert anmutende Verleumdungskampagne gegen [&hellip;]<\/p>\n","protected":false},"author":3,"featured_media":56541,"comment_status":"open","ping_status":"open","sticky":false,"template":"","format":"standard","meta":{"_yoast_indexnow_last_ping":["1709655298"],"wp_automatic_camp":["217"],"471ae366a754f1ff5f874d8ec8638b4c":["Causa Correctiv: Welch&#039; Wunder \u2013 Selbst Wikipedia entsch\u00e4rft Artikel zum Thema &quot;Deportation&quot;"],"original_link":["https:\/\/de.rt.com\/inland\/198404-causa-correctiv-welch-wunder-selbst\/"],"_thumbnail_id":["56541"],"jnews_social_counter_last_update":["1777559210"],"_wptgpro_p2tg_sent2tg":["a:1:{i:23737;s:19:\"2024-03-05 18:16:13\";}"]},"categories":[19,23],"tags":[23778,30383,47616,41052,52983,7618,15832,54139,9108,21611,565],"yoast_head":"<!-- This site is optimized with the Yoast SEO Premium plugin v22.7 (Yoast SEO v22.7) - https:\/\/yoast.com\/wordpress\/plugins\/seo\/ -->\n<title>Causa Correctiv: Welch&#039; Wunder \u2013 Selbst Wikipedia entsch\u00e4rft Artikel zum Thema &quot;Deportation&quot; - just-now.NEWS Deutschland<\/title>\n<meta name=\"robots\" content=\"index, follow, max-snippet:-1, max-image-preview:large, max-video-preview:-1\" \/>\n<link rel=\"canonical\" href=\"https:\/\/now-news.de\/de\/deutschland\/causa-correctiv-welch-wunder-selbst-wikipedia-entschaerft-artikel-zum-thema-deportation\/\" \/>\n<meta property=\"og:locale\" content=\"de_DE\" \/>\n<meta property=\"og:type\" content=\"article\" \/>\n<meta property=\"og:title\" content=\"Causa Correctiv: Welch&#039; Wunder \u2013 Selbst Wikipedia entsch\u00e4rft Artikel zum Thema &quot;Deportation&quot;\" \/>\n<meta property=\"og:description\" content=\"Die verleumderische Unterstellung von ge\u00e4u\u00dferten &#8220;Deportationspl\u00e4nen&#8221; w\u00e4hrend einer Privatveranstaltung im Vorjahr f\u00fchrt zu gesellschaftlichen Diskussionen. Nun stellt sich heraus, dass auch die &#8220;freie Enzyklop\u00e4die&#8221; Wikipedia den Eintrag zum Hauptvorwurf gegen Anwesende mehrmals korrigiert hat. Mit der Ver\u00f6ffentlichung eines Artikels durch den &#8220;Rechercheverbund&#8221;\u00a0Correctiv\u00a0am 10. Januar dynamisierte sich eine medial-politisch forcierte und ann\u00e4hernd konzertiert anmutende Verleumdungskampagne gegen [&hellip;]\" \/>\n<meta property=\"og:url\" content=\"https:\/\/now-news.de\/de\/deutschland\/causa-correctiv-welch-wunder-selbst-wikipedia-entschaerft-artikel-zum-thema-deportation\/\" \/>\n<meta property=\"og:site_name\" content=\"just-now.NEWS Deutschland\" \/>\n<meta property=\"article:publisher\" content=\"https:\/\/www.facebook.com\/wirmachenauf\" \/>\n<meta property=\"article:published_time\" content=\"2024-03-05T16:05:56+00:00\" \/>\n<meta property=\"og:image\" content=\"https:\/\/now-news.de\/de\/wp-content\/uploads\/sites\/3\/2024\/03\/Causa-Correctiv-Welch039-Wunder-\u2013-Selbst-Wikipedia-entschaerft-Artikel-zum.png\" \/>\n\t<meta property=\"og:image:width\" content=\"460\" \/>\n\t<meta property=\"og:image:height\" content=\"259\" \/>\n\t<meta property=\"og:image:type\" content=\"image\/png\" \/>\n<meta name=\"author\" content=\"rtnews\" \/>\n<meta name=\"twitter:card\" content=\"summary_large_image\" \/>\n<meta name=\"twitter:creator\" content=\"@WirMachenAuf_de\" \/>\n<meta name=\"twitter:site\" content=\"@WirMachenAuf_de\" \/>\n<meta name=\"twitter:label1\" content=\"Verfasst von\" \/>\n\t<meta name=\"twitter:data1\" content=\"rtnews\" \/>\n\t<meta name=\"twitter:label2\" content=\"Gesch\u00e4tzte Lesezeit\" \/>\n\t<meta name=\"twitter:data2\" content=\"3\u00a0Minuten\" \/>\n<script type=\"application\/ld+json\" class=\"yoast-schema-graph\">{\"@context\":\"https:\/\/schema.org\",\"@graph\":[{\"@type\":\"Article\",\"@id\":\"https:\/\/now-news.de\/de\/deutschland\/causa-correctiv-welch-wunder-selbst-wikipedia-entschaerft-artikel-zum-thema-deportation\/#article\",\"isPartOf\":{\"@id\":\"https:\/\/now-news.de\/de\/deutschland\/causa-correctiv-welch-wunder-selbst-wikipedia-entschaerft-artikel-zum-thema-deportation\/\"},\"author\":{\"name\":\"rtnews\",\"@id\":\"https:\/\/now-news.de\/de\/#\/schema\/person\/fb534a4e865501d8b3285208df34a9b5\"},\"headline\":\"Causa Correctiv: Welch&#039; Wunder \u2013 Selbst Wikipedia entsch\u00e4rft Artikel zum Thema &quot;Deportation&quot;\",\"datePublished\":\"2024-03-05T16:05:56+00:00\",\"dateModified\":\"2024-03-05T16:05:56+00:00\",\"mainEntityOfPage\":{\"@id\":\"https:\/\/now-news.de\/de\/deutschland\/causa-correctiv-welch-wunder-selbst-wikipedia-entschaerft-artikel-zum-thema-deportation\/\"},\"wordCount\":571,\"commentCount\":0,\"publisher\":{\"@id\":\"https:\/\/now-news.de\/de\/#organization\"},\"image\":{\"@id\":\"https:\/\/now-news.de\/de\/deutschland\/causa-correctiv-welch-wunder-selbst-wikipedia-entschaerft-artikel-zum-thema-deportation\/#primaryimage\"},\"thumbnailUrl\":\"https:\/\/now-news.de\/de\/wp-content\/uploads\/sites\/3\/2024\/03\/Causa-Correctiv-Welch039-Wunder-\u2013-Selbst-Wikipedia-entschaerft-Artikel-zum.png\",\"keywords\":[\"Artikel\",\"Causa\",\"Correctiv\",\"entsch\u00e4rft\",\"quotDeportationquot\",\"selbst\",\"Thema\",\"Welch039\",\"Wikipedia\",\"Wunder\",\"zum\"],\"articleSection\":[\"Deutschland\",\"Russland\"],\"inLanguage\":\"de\",\"potentialAction\":[{\"@type\":\"CommentAction\",\"name\":\"Comment\",\"target\":[\"https:\/\/now-news.de\/de\/deutschland\/causa-correctiv-welch-wunder-selbst-wikipedia-entschaerft-artikel-zum-thema-deportation\/#respond\"]}]},{\"@type\":\"WebPage\",\"@id\":\"https:\/\/now-news.de\/de\/deutschland\/causa-correctiv-welch-wunder-selbst-wikipedia-entschaerft-artikel-zum-thema-deportation\/\",\"url\":\"https:\/\/now-news.de\/de\/deutschland\/causa-correctiv-welch-wunder-selbst-wikipedia-entschaerft-artikel-zum-thema-deportation\/\",\"name\":\"Causa Correctiv: Welch&#039; Wunder \u2013 Selbst Wikipedia entsch\u00e4rft Artikel zum Thema &quot;Deportation&quot; - just-now.NEWS Deutschland\",\"isPartOf\":{\"@id\":\"https:\/\/now-news.de\/de\/#website\"},\"primaryImageOfPage\":{\"@id\":\"https:\/\/now-news.de\/de\/deutschland\/causa-correctiv-welch-wunder-selbst-wikipedia-entschaerft-artikel-zum-thema-deportation\/#primaryimage\"},\"image\":{\"@id\":\"https:\/\/now-news.de\/de\/deutschland\/causa-correctiv-welch-wunder-selbst-wikipedia-entschaerft-artikel-zum-thema-deportation\/#primaryimage\"},\"thumbnailUrl\":\"https:\/\/now-news.de\/de\/wp-content\/uploads\/sites\/3\/2024\/03\/Causa-Correctiv-Welch039-Wunder-\u2013-Selbst-Wikipedia-entschaerft-Artikel-zum.png\",\"datePublished\":\"2024-03-05T16:05:56+00:00\",\"dateModified\":\"2024-03-05T16:05:56+00:00\",\"breadcrumb\":{\"@id\":\"https:\/\/now-news.de\/de\/deutschland\/causa-correctiv-welch-wunder-selbst-wikipedia-entschaerft-artikel-zum-thema-deportation\/#breadcrumb\"},\"inLanguage\":\"de\",\"potentialAction\":[{\"@type\":\"ReadAction\",\"target\":[\"https:\/\/now-news.de\/de\/deutschland\/causa-correctiv-welch-wunder-selbst-wikipedia-entschaerft-artikel-zum-thema-deportation\/\"]}]},{\"@type\":\"ImageObject\",\"inLanguage\":\"de\",\"@id\":\"https:\/\/now-news.de\/de\/deutschland\/causa-correctiv-welch-wunder-selbst-wikipedia-entschaerft-artikel-zum-thema-deportation\/#primaryimage\",\"url\":\"https:\/\/now-news.de\/de\/wp-content\/uploads\/sites\/3\/2024\/03\/Causa-Correctiv-Welch039-Wunder-\u2013-Selbst-Wikipedia-entschaerft-Artikel-zum.png\",\"contentUrl\":\"https:\/\/now-news.de\/de\/wp-content\/uploads\/sites\/3\/2024\/03\/Causa-Correctiv-Welch039-Wunder-\u2013-Selbst-Wikipedia-entschaerft-Artikel-zum.png\",\"width\":460,\"height\":259,\"caption\":\"Causa Correctiv: Welch&#039; Wunder \u2013 Selbst Wikipedia entsch\u00e4rft Artikel zum Thema &quot;Deportation&quot;\"},{\"@type\":\"BreadcrumbList\",\"@id\":\"https:\/\/now-news.de\/de\/deutschland\/causa-correctiv-welch-wunder-selbst-wikipedia-entschaerft-artikel-zum-thema-deportation\/#breadcrumb\",\"itemListElement\":[{\"@type\":\"ListItem\",\"position\":1,\"name\":\"Home\",\"item\":\"https:\/\/now-news.de\/de\/\"},{\"@type\":\"ListItem\",\"position\":2,\"name\":\"Causa Correctiv: Welch&#039; Wunder \u2013 Selbst Wikipedia entsch\u00e4rft Artikel zum Thema &quot;Deportation&quot;\"}]},{\"@type\":\"WebSite\",\"@id\":\"https:\/\/now-news.de\/de\/#website\",\"url\":\"https:\/\/now-news.de\/de\/\",\"name\":\"just-now.NEWS Deutschland\",\"description\":\"Das Portal f\u00fcr unzensierte Nachrichten aus der Welt\",\"publisher\":{\"@id\":\"https:\/\/now-news.de\/de\/#organization\"},\"potentialAction\":[{\"@type\":\"SearchAction\",\"target\":{\"@type\":\"EntryPoint\",\"urlTemplate\":\"https:\/\/now-news.de\/de\/?s={search_term_string}\"},\"query-input\":\"required name=search_term_string\"}],\"inLanguage\":\"de\"},{\"@type\":\"Organization\",\"@id\":\"https:\/\/now-news.de\/de\/#organization\",\"name\":\"Just Now News\",\"url\":\"https:\/\/now-news.de\/de\/\",\"logo\":{\"@type\":\"ImageObject\",\"inLanguage\":\"de\",\"@id\":\"https:\/\/now-news.de\/de\/#\/schema\/logo\/image\/\",\"url\":\"http:\/\/just-now.news\/de\/wp-content\/uploads\/sites\/3\/2022\/04\/logo500x500.jpg\",\"contentUrl\":\"http:\/\/just-now.news\/de\/wp-content\/uploads\/sites\/3\/2022\/04\/logo500x500.jpg\",\"width\":500,\"height\":500,\"caption\":\"Just Now News\"},\"image\":{\"@id\":\"https:\/\/now-news.de\/de\/#\/schema\/logo\/image\/\"},\"sameAs\":[\"https:\/\/www.facebook.com\/wirmachenauf\",\"https:\/\/x.com\/WirMachenAuf_de\"]},{\"@type\":\"Person\",\"@id\":\"https:\/\/now-news.de\/de\/#\/schema\/person\/fb534a4e865501d8b3285208df34a9b5\",\"name\":\"rtnews\",\"image\":{\"@type\":\"ImageObject\",\"inLanguage\":\"de\",\"@id\":\"https:\/\/now-news.de\/de\/#\/schema\/person\/image\/\",\"url\":\"https:\/\/secure.gravatar.com\/avatar\/82aafea7d8127119dd649515f56e2117?s=96&d=mm&r=g\",\"contentUrl\":\"https:\/\/secure.gravatar.com\/avatar\/82aafea7d8127119dd649515f56e2117?s=96&d=mm&r=g\",\"caption\":\"rtnews\"},\"url\":\"https:\/\/now-news.de\/de\/author\/rnews\/\"}]}<\/script>\n<!-- \/ Yoast SEO Premium plugin. -->","yoast_head_json":{"title":"Causa Correctiv: Welch&#039; Wunder \u2013 Selbst Wikipedia entsch\u00e4rft Artikel zum Thema &quot;Deportation&quot; - just-now.NEWS Deutschland","robots":{"index":"index","follow":"follow","max-snippet":"max-snippet:-1","max-image-preview":"max-image-preview:large","max-video-preview":"max-video-preview:-1"},"canonical":"https:\/\/now-news.de\/de\/deutschland\/causa-correctiv-welch-wunder-selbst-wikipedia-entschaerft-artikel-zum-thema-deportation\/","og_locale":"de_DE","og_type":"article","og_title":"Causa Correctiv: Welch&#039; Wunder \u2013 Selbst Wikipedia entsch\u00e4rft Artikel zum Thema &quot;Deportation&quot;","og_description":"Die verleumderische Unterstellung von ge\u00e4u\u00dferten &#8220;Deportationspl\u00e4nen&#8221; w\u00e4hrend einer Privatveranstaltung im Vorjahr f\u00fchrt zu gesellschaftlichen Diskussionen. Nun stellt sich heraus, dass auch die &#8220;freie Enzyklop\u00e4die&#8221; Wikipedia den Eintrag zum Hauptvorwurf gegen Anwesende mehrmals korrigiert hat. Mit der Ver\u00f6ffentlichung eines Artikels durch den &#8220;Rechercheverbund&#8221;\u00a0Correctiv\u00a0am 10. Januar dynamisierte sich eine medial-politisch forcierte und ann\u00e4hernd konzertiert anmutende Verleumdungskampagne gegen [&hellip;]","og_url":"https:\/\/now-news.de\/de\/deutschland\/causa-correctiv-welch-wunder-selbst-wikipedia-entschaerft-artikel-zum-thema-deportation\/","og_site_name":"just-now.NEWS Deutschland","article_publisher":"https:\/\/www.facebook.com\/wirmachenauf","article_published_time":"2024-03-05T16:05:56+00:00","og_image":[{"width":460,"height":259,"url":"https:\/\/now-news.de\/de\/wp-content\/uploads\/sites\/3\/2024\/03\/Causa-Correctiv-Welch039-Wunder-\u2013-Selbst-Wikipedia-entschaerft-Artikel-zum.png","type":"image\/png"}],"author":"rtnews","twitter_card":"summary_large_image","twitter_creator":"@WirMachenAuf_de","twitter_site":"@WirMachenAuf_de","twitter_misc":{"Verfasst von":"rtnews","Gesch\u00e4tzte Lesezeit":"3\u00a0Minuten"},"schema":{"@context":"https:\/\/schema.org","@graph":[{"@type":"Article","@id":"https:\/\/now-news.de\/de\/deutschland\/causa-correctiv-welch-wunder-selbst-wikipedia-entschaerft-artikel-zum-thema-deportation\/#article","isPartOf":{"@id":"https:\/\/now-news.de\/de\/deutschland\/causa-correctiv-welch-wunder-selbst-wikipedia-entschaerft-artikel-zum-thema-deportation\/"},"author":{"name":"rtnews","@id":"https:\/\/now-news.de\/de\/#\/schema\/person\/fb534a4e865501d8b3285208df34a9b5"},"headline":"Causa Correctiv: Welch&#039; Wunder \u2013 Selbst Wikipedia entsch\u00e4rft Artikel zum Thema &quot;Deportation&quot;","datePublished":"2024-03-05T16:05:56+00:00","dateModified":"2024-03-05T16:05:56+00:00","mainEntityOfPage":{"@id":"https:\/\/now-news.de\/de\/deutschland\/causa-correctiv-welch-wunder-selbst-wikipedia-entschaerft-artikel-zum-thema-deportation\/"},"wordCount":571,"commentCount":0,"publisher":{"@id":"https:\/\/now-news.de\/de\/#organization"},"image":{"@id":"https:\/\/now-news.de\/de\/deutschland\/causa-correctiv-welch-wunder-selbst-wikipedia-entschaerft-artikel-zum-thema-deportation\/#primaryimage"},"thumbnailUrl":"https:\/\/now-news.de\/de\/wp-content\/uploads\/sites\/3\/2024\/03\/Causa-Correctiv-Welch039-Wunder-\u2013-Selbst-Wikipedia-entschaerft-Artikel-zum.png","keywords":["Artikel","Causa","Correctiv","entsch\u00e4rft","quotDeportationquot","selbst","Thema","Welch039","Wikipedia","Wunder","zum"],"articleSection":["Deutschland","Russland"],"inLanguage":"de","potentialAction":[{"@type":"CommentAction","name":"Comment","target":["https:\/\/now-news.de\/de\/deutschland\/causa-correctiv-welch-wunder-selbst-wikipedia-entschaerft-artikel-zum-thema-deportation\/#respond"]}]},{"@type":"WebPage","@id":"https:\/\/now-news.de\/de\/deutschland\/causa-correctiv-welch-wunder-selbst-wikipedia-entschaerft-artikel-zum-thema-deportation\/","url":"https:\/\/now-news.de\/de\/deutschland\/causa-correctiv-welch-wunder-selbst-wikipedia-entschaerft-artikel-zum-thema-deportation\/","name":"Causa Correctiv: Welch&#039; Wunder \u2013 Selbst Wikipedia entsch\u00e4rft Artikel zum Thema &quot;Deportation&quot; - just-now.NEWS Deutschland","isPartOf":{"@id":"https:\/\/now-news.de\/de\/#website"},"primaryImageOfPage":{"@id":"https:\/\/now-news.de\/de\/deutschland\/causa-correctiv-welch-wunder-selbst-wikipedia-entschaerft-artikel-zum-thema-deportation\/#primaryimage"},"image":{"@id":"https:\/\/now-news.de\/de\/deutschland\/causa-correctiv-welch-wunder-selbst-wikipedia-entschaerft-artikel-zum-thema-deportation\/#primaryimage"},"thumbnailUrl":"https:\/\/now-news.de\/de\/wp-content\/uploads\/sites\/3\/2024\/03\/Causa-Correctiv-Welch039-Wunder-\u2013-Selbst-Wikipedia-entschaerft-Artikel-zum.png","datePublished":"2024-03-05T16:05:56+00:00","dateModified":"2024-03-05T16:05:56+00:00","breadcrumb":{"@id":"https:\/\/now-news.de\/de\/deutschland\/causa-correctiv-welch-wunder-selbst-wikipedia-entschaerft-artikel-zum-thema-deportation\/#breadcrumb"},"inLanguage":"de","potentialAction":[{"@type":"ReadAction","target":["https:\/\/now-news.de\/de\/deutschland\/causa-correctiv-welch-wunder-selbst-wikipedia-entschaerft-artikel-zum-thema-deportation\/"]}]},{"@type":"ImageObject","inLanguage":"de","@id":"https:\/\/now-news.de\/de\/deutschland\/causa-correctiv-welch-wunder-selbst-wikipedia-entschaerft-artikel-zum-thema-deportation\/#primaryimage","url":"https:\/\/now-news.de\/de\/wp-content\/uploads\/sites\/3\/2024\/03\/Causa-Correctiv-Welch039-Wunder-\u2013-Selbst-Wikipedia-entschaerft-Artikel-zum.png","contentUrl":"https:\/\/now-news.de\/de\/wp-content\/uploads\/sites\/3\/2024\/03\/Causa-Correctiv-Welch039-Wunder-\u2013-Selbst-Wikipedia-entschaerft-Artikel-zum.png","width":460,"height":259,"caption":"Causa Correctiv: Welch&#039; Wunder \u2013 Selbst Wikipedia entsch\u00e4rft Artikel zum Thema &quot;Deportation&quot;"},{"@type":"BreadcrumbList","@id":"https:\/\/now-news.de\/de\/deutschland\/causa-correctiv-welch-wunder-selbst-wikipedia-entschaerft-artikel-zum-thema-deportation\/#breadcrumb","itemListElement":[{"@type":"ListItem","position":1,"name":"Home","item":"https:\/\/now-news.de\/de\/"},{"@type":"ListItem","position":2,"name":"Causa Correctiv: Welch&#039; Wunder \u2013 Selbst Wikipedia entsch\u00e4rft Artikel zum Thema &quot;Deportation&quot;"}]},{"@type":"WebSite","@id":"https:\/\/now-news.de\/de\/#website","url":"https:\/\/now-news.de\/de\/","name":"just-now.NEWS Deutschland","description":"Das Portal f\u00fcr unzensierte Nachrichten aus der Welt","publisher":{"@id":"https:\/\/now-news.de\/de\/#organization"},"potentialAction":[{"@type":"SearchAction","target":{"@type":"EntryPoint","urlTemplate":"https:\/\/now-news.de\/de\/?s={search_term_string}"},"query-input":"required name=search_term_string"}],"inLanguage":"de"},{"@type":"Organization","@id":"https:\/\/now-news.de\/de\/#organization","name":"Just Now News","url":"https:\/\/now-news.de\/de\/","logo":{"@type":"ImageObject","inLanguage":"de","@id":"https:\/\/now-news.de\/de\/#\/schema\/logo\/image\/","url":"http:\/\/just-now.news\/de\/wp-content\/uploads\/sites\/3\/2022\/04\/logo500x500.jpg","contentUrl":"http:\/\/just-now.news\/de\/wp-content\/uploads\/sites\/3\/2022\/04\/logo500x500.jpg","width":500,"height":500,"caption":"Just Now News"},"image":{"@id":"https:\/\/now-news.de\/de\/#\/schema\/logo\/image\/"},"sameAs":["https:\/\/www.facebook.com\/wirmachenauf","https:\/\/x.com\/WirMachenAuf_de"]},{"@type":"Person","@id":"https:\/\/now-news.de\/de\/#\/schema\/person\/fb534a4e865501d8b3285208df34a9b5","name":"rtnews","image":{"@type":"ImageObject","inLanguage":"de","@id":"https:\/\/now-news.de\/de\/#\/schema\/person\/image\/","url":"https:\/\/secure.gravatar.com\/avatar\/82aafea7d8127119dd649515f56e2117?s=96&d=mm&r=g","contentUrl":"https:\/\/secure.gravatar.com\/avatar\/82aafea7d8127119dd649515f56e2117?s=96&d=mm&r=g","caption":"rtnews"},"url":"https:\/\/now-news.de\/de\/author\/rnews\/"}]}},"_links":{"self":[{"href":"https:\/\/now-news.de\/de\/wp-json\/wp\/v2\/posts\/56540"}],"collection":[{"href":"https:\/\/now-news.de\/de\/wp-json\/wp\/v2\/posts"}],"about":[{"href":"https:\/\/now-news.de\/de\/wp-json\/wp\/v2\/types\/post"}],"author":[{"embeddable":true,"href":"https:\/\/now-news.de\/de\/wp-json\/wp\/v2\/users\/3"}],"replies":[{"embeddable":true,"href":"https:\/\/now-news.de\/de\/wp-json\/wp\/v2\/comments?post=56540"}],"version-history":[{"count":0,"href":"https:\/\/now-news.de\/de\/wp-json\/wp\/v2\/posts\/56540\/revisions"}],"wp:featuredmedia":[{"embeddable":true,"href":"https:\/\/now-news.de\/de\/wp-json\/wp\/v2\/media\/56541"}],"wp:attachment":[{"href":"https:\/\/now-news.de\/de\/wp-json\/wp\/v2\/media?parent=56540"}],"wp:term":[{"taxonomy":"category","embeddable":true,"href":"https:\/\/now-news.de\/de\/wp-json\/wp\/v2\/categories?post=56540"},{"taxonomy":"post_tag","embeddable":true,"href":"https:\/\/now-news.de\/de\/wp-json\/wp\/v2\/tags?post=56540"}],"curies":[{"name":"wp","href":"https:\/\/api.w.org\/{rel}","templated":true}]}}