{"id":56455,"date":"2024-03-04T11:37:11","date_gmt":"2024-03-04T09:37:11","guid":{"rendered":"https:\/\/just-now.news\/de\/deutschland\/ungarns-aussenminister-treffen-von-orban-und-selenskij-nicht-in-sicht\/"},"modified":"2024-03-04T11:37:11","modified_gmt":"2024-03-04T09:37:11","slug":"ungarns-aussenminister-treffen-von-orban-und-selenskij-nicht-in-sicht","status":"publish","type":"post","link":"https:\/\/now-news.de\/de\/deutschland\/ungarns-aussenminister-treffen-von-orban-und-selenskij-nicht-in-sicht\/","title":{"rendered":"Ungarns Au\u00dfenminister: Treffen von Orb\u00e1n und Selenskij nicht in Sicht"},"content":{"rendered":"<p><img decoding=\"async\" src=\"http:\/\/just-now.news\/de\/wp-content\/uploads\/sites\/3\/2024\/03\/65e58f2d48fbef25944cb372.jpg\" \/><\/p>\n<div class=\"Text-root Text-type_1 \">\n                Die Vorbedingungen f\u00fcr eine Zusammenkunft zwischen dem ungarischen Ministerpr\u00e4sidenten Viktor Orb\u00e1n und dem Pr\u00e4sidenten der Ukraine Wladimir Selenskij sind noch nicht ausgereift. Das erkl\u00e4rte Ungarns Au\u00dfenminister Peter Szijj\u00e1rt\u00f3 in einem Interview.\n            <\/div>\n<p><\/p>\n<div class=\"Text-root Text-type_5 ArticleView-text ViewText-root \">\n<p>Am Rande des j\u00fcngsten Diplomatie-Forums im t\u00fcrkischen Badeort Antalya hat sich der ungarische Au\u00dfenminister Peter Szijj\u00e1rt\u00f3 zu den Aussichten f\u00fcr ein Treffen zwischen dem ungarischen Ministerpr\u00e4sidenten Viktor Orb\u00e1n und dem ukrainischen Pr\u00e4sidenten Wladimir Selenskij ge\u00e4u\u00dfert. Hierzu wird er von der Nachrichtenagentur <em>RIA Nowosti<\/em> mit den Worten zitiert:<\/p>\n<blockquote>\n<p><em>&#8220;F\u00fcr ein solches Treffen sind einige Voraussetzungen notwendig. Derzeit sind diese Voraussetzungen f\u00fcr die Organisation der Zusammenkunft noch lange nicht ausgereift.&#8221;<\/em><\/p>\n<\/blockquote>\n<p>In seiner Antwort auf eine entsprechende Frage im Januar hatte Szijj\u00e1rt\u00f3 angegeben, dass ein Gespr\u00e4ch zwischen Orb\u00e1n und Selenskij Sinn ergeben werde, wenn die ukrainische Seite alle Forderungen aus Budapest in Bezug auf die ungarische Minderheit in Transkarpatien erf\u00fclle. Ihm zufolge wird Budapest keine nennenswerten Bestrebungen der Ukraine mit Bezug auf den Beitritt zur NATO und EU unterst\u00fctzen, bis die Rechte der Ungarn in Transkarpaten wiederhergestellt seien.<\/p>\n<p>Bereits im Fr\u00fchling 2022 hatte Selenskij den ungarischen Premier in die Ukraine eingeladen. Im M\u00e4rz 2023 erkl\u00e4rte Szijj\u00e1rt\u00f3, seine Beh\u00f6rde sei dabei, Orb\u00e1ns Besuch in Kiew vorzubereiten. Die Zusammenkunft werde zur richtigen Zeit stattfinden, hie\u00df es damals. Ende 2023 trafen sich Orb\u00e1n und Selenskij in Buenos Aires bei der Amtseinf\u00fchrung des neuen argentinischen Staatschefs Javier Milei.<\/p>\n<p>Der ukrainische Pr\u00e4sident gab danach an, &#8220;ein offenes Gespr\u00e4ch&#8221; mit Orb\u00e1n \u00fcber den von der Ukraine angestrebten EU-Beitritt gef\u00fchrt zu haben. Orb\u00e1n selbst erkl\u00e4rte jedoch anschlie\u00dfend, dass man dies nicht als Treffen bezeichnen k\u00f6nne, da er und Selenskij nur gemeinsam auf einem Balkon gesessen und nur ein paar Worte gewechselt h\u00e4tten. Bertalan Havasi, der Sprecher des ungarischen Ministerpr\u00e4sidenten, gab bekannt, Orb\u00e1n habe Selenskij zu verstehen gegeben, dass die Mitglieder der EU in Sachen Beitritt der Ukraine &#8220;kontinuierlich miteinander verhandeln&#8221;.<\/p>\n<p>Seit dem Beginn der russischen Spezialoperation in der Ukraine hat\u00a0Katalin\u00a0Nov\u00e1k, die ehemalige ungarische Pr\u00e4sidentin, Kiew zweimal besucht. Premier Orb\u00e1n und Au\u00dfenminister Szijj\u00e1rt\u00f3 kamen in dieser Zeit nicht in die Ukraine.<\/p>\n<p>In seiner Rede ebenfalls bei dem Diplomatie-Forum in Antalya erkl\u00e4rte der ungarische Ministerpr\u00e4sident, dass Budapest sich in Bezug auf den Ukraine-Konflikt ausschlie\u00dflich von eigenen Interessen leiten lasse. Zugleich betonte er, dass die Zeit Russland in die H\u00e4nde spiele und dass die EU und die Ukraine sofort Verhandlungen mit Russland aufnehmen m\u00fcssten.<\/p>\n<p><strong>Mehr zum Thema<\/strong> &#8211; <a rel=\"nofollow noopener\" target=\"_blank\" href=\"https:\/\/freeassange.rtde.life\/europa\/197482-ungarn--stimmt-schwedens-nato-beitritt\/\">Ungarisches Parlament stimmt Schwedens NATO-Beitritt zu<\/a><\/p>\n<\/div>\n<p><br \/>\n<br \/><a href=\"https:\/\/de.rt.com\/europa\/198223-ungarns-aussenminister-treffen-von-orban\/\">Source link <\/a><\/p>\n","protected":false},"excerpt":{"rendered":"<p>Die Vorbedingungen f\u00fcr eine Zusammenkunft zwischen dem ungarischen Ministerpr\u00e4sidenten Viktor Orb\u00e1n und dem Pr\u00e4sidenten der Ukraine Wladimir Selenskij sind noch nicht ausgereift. Das erkl\u00e4rte Ungarns Au\u00dfenminister Peter Szijj\u00e1rt\u00f3 in einem Interview. Am Rande des j\u00fcngsten Diplomatie-Forums im t\u00fcrkischen Badeort Antalya hat sich der ungarische Au\u00dfenminister Peter Szijj\u00e1rt\u00f3 zu den Aussichten f\u00fcr ein Treffen zwischen dem [&hellip;]<\/p>\n","protected":false},"author":3,"featured_media":56456,"comment_status":"open","ping_status":"open","sticky":false,"template":"","format":"standard","meta":{"_yoast_indexnow_last_ping":["1709545645"],"wp_automatic_camp":["217"],"cf8037fdb1fdc89fe24763327ee1ece3":["Ungarns Au\u00dfenminister: Treffen von Orb\u00e1n und Selenskij nicht in Sicht"],"original_link":["https:\/\/de.rt.com\/europa\/198223-ungarns-aussenminister-treffen-von-orban\/"],"_thumbnail_id":["56456"],"_wptgpro_p2tg_sent2tg":["a:1:{i:23737;s:19:\"2024-03-04 11:50:00\";}"],"jnews_social_counter_last_update":["1777153104"]},"categories":[19,23],"tags":[13830,800,6397,6158,13406,354,140,27176,50],"yoast_head":"<!-- This site is optimized with the Yoast SEO Premium plugin v22.7 (Yoast SEO v22.7) - https:\/\/yoast.com\/wordpress\/plugins\/seo\/ -->\n<title>Ungarns Au\u00dfenminister: Treffen von Orb\u00e1n und Selenskij nicht in Sicht - just-now.NEWS Deutschland<\/title>\n<meta name=\"robots\" content=\"index, follow, max-snippet:-1, max-image-preview:large, max-video-preview:-1\" \/>\n<link rel=\"canonical\" href=\"https:\/\/now-news.de\/de\/deutschland\/ungarns-aussenminister-treffen-von-orban-und-selenskij-nicht-in-sicht\/\" \/>\n<meta property=\"og:locale\" content=\"de_DE\" \/>\n<meta property=\"og:type\" content=\"article\" \/>\n<meta property=\"og:title\" content=\"Ungarns Au\u00dfenminister: Treffen von Orb\u00e1n und Selenskij nicht in Sicht\" \/>\n<meta property=\"og:description\" content=\"Die Vorbedingungen f\u00fcr eine Zusammenkunft zwischen dem ungarischen Ministerpr\u00e4sidenten Viktor Orb\u00e1n und dem Pr\u00e4sidenten der Ukraine Wladimir Selenskij sind noch nicht ausgereift. Das erkl\u00e4rte Ungarns Au\u00dfenminister Peter Szijj\u00e1rt\u00f3 in einem Interview. Am Rande des j\u00fcngsten Diplomatie-Forums im t\u00fcrkischen Badeort Antalya hat sich der ungarische Au\u00dfenminister Peter Szijj\u00e1rt\u00f3 zu den Aussichten f\u00fcr ein Treffen zwischen dem [&hellip;]\" \/>\n<meta property=\"og:url\" content=\"https:\/\/now-news.de\/de\/deutschland\/ungarns-aussenminister-treffen-von-orban-und-selenskij-nicht-in-sicht\/\" \/>\n<meta property=\"og:site_name\" content=\"just-now.NEWS Deutschland\" \/>\n<meta property=\"article:publisher\" content=\"https:\/\/www.facebook.com\/wirmachenauf\" \/>\n<meta property=\"article:published_time\" content=\"2024-03-04T09:37:11+00:00\" \/>\n<meta property=\"og:image\" content=\"https:\/\/now-news.de\/de\/wp-content\/uploads\/sites\/3\/2024\/03\/Ungarns-Aussenminister-Treffen-von-Orban-und-Selenskij-nicht-in-Sicht.jpg\" \/>\n\t<meta property=\"og:image:width\" content=\"460\" \/>\n\t<meta property=\"og:image:height\" content=\"259\" \/>\n\t<meta property=\"og:image:type\" content=\"image\/jpeg\" \/>\n<meta name=\"author\" content=\"rtnews\" \/>\n<meta name=\"twitter:card\" content=\"summary_large_image\" \/>\n<meta name=\"twitter:creator\" content=\"@WirMachenAuf_de\" \/>\n<meta name=\"twitter:site\" content=\"@WirMachenAuf_de\" \/>\n<meta name=\"twitter:label1\" content=\"Verfasst von\" \/>\n\t<meta name=\"twitter:data1\" content=\"rtnews\" \/>\n\t<meta name=\"twitter:label2\" content=\"Gesch\u00e4tzte Lesezeit\" \/>\n\t<meta name=\"twitter:data2\" content=\"2\u00a0Minuten\" \/>\n<script type=\"application\/ld+json\" class=\"yoast-schema-graph\">{\"@context\":\"https:\/\/schema.org\",\"@graph\":[{\"@type\":\"Article\",\"@id\":\"https:\/\/now-news.de\/de\/deutschland\/ungarns-aussenminister-treffen-von-orban-und-selenskij-nicht-in-sicht\/#article\",\"isPartOf\":{\"@id\":\"https:\/\/now-news.de\/de\/deutschland\/ungarns-aussenminister-treffen-von-orban-und-selenskij-nicht-in-sicht\/\"},\"author\":{\"name\":\"rtnews\",\"@id\":\"https:\/\/now-news.de\/de\/#\/schema\/person\/fb534a4e865501d8b3285208df34a9b5\"},\"headline\":\"Ungarns Au\u00dfenminister: Treffen von Orb\u00e1n und Selenskij nicht in Sicht\",\"datePublished\":\"2024-03-04T09:37:11+00:00\",\"dateModified\":\"2024-03-04T09:37:11+00:00\",\"mainEntityOfPage\":{\"@id\":\"https:\/\/now-news.de\/de\/deutschland\/ungarns-aussenminister-treffen-von-orban-und-selenskij-nicht-in-sicht\/\"},\"wordCount\":459,\"commentCount\":0,\"publisher\":{\"@id\":\"https:\/\/now-news.de\/de\/#organization\"},\"image\":{\"@id\":\"https:\/\/now-news.de\/de\/deutschland\/ungarns-aussenminister-treffen-von-orban-und-selenskij-nicht-in-sicht\/#primaryimage\"},\"thumbnailUrl\":\"https:\/\/now-news.de\/de\/wp-content\/uploads\/sites\/3\/2024\/03\/Ungarns-Aussenminister-Treffen-von-Orban-und-Selenskij-nicht-in-Sicht.jpg\",\"keywords\":[\"Au\u00dfenminister\",\"nicht\",\"Orb\u00e1n\",\"Selenskij\",\"Sicht\",\"Treffen\",\"und\",\"Ungarns\",\"von\"],\"articleSection\":[\"Deutschland\",\"Russland\"],\"inLanguage\":\"de\",\"potentialAction\":[{\"@type\":\"CommentAction\",\"name\":\"Comment\",\"target\":[\"https:\/\/now-news.de\/de\/deutschland\/ungarns-aussenminister-treffen-von-orban-und-selenskij-nicht-in-sicht\/#respond\"]}]},{\"@type\":\"WebPage\",\"@id\":\"https:\/\/now-news.de\/de\/deutschland\/ungarns-aussenminister-treffen-von-orban-und-selenskij-nicht-in-sicht\/\",\"url\":\"https:\/\/now-news.de\/de\/deutschland\/ungarns-aussenminister-treffen-von-orban-und-selenskij-nicht-in-sicht\/\",\"name\":\"Ungarns Au\u00dfenminister: Treffen von Orb\u00e1n und Selenskij nicht in Sicht - just-now.NEWS Deutschland\",\"isPartOf\":{\"@id\":\"https:\/\/now-news.de\/de\/#website\"},\"primaryImageOfPage\":{\"@id\":\"https:\/\/now-news.de\/de\/deutschland\/ungarns-aussenminister-treffen-von-orban-und-selenskij-nicht-in-sicht\/#primaryimage\"},\"image\":{\"@id\":\"https:\/\/now-news.de\/de\/deutschland\/ungarns-aussenminister-treffen-von-orban-und-selenskij-nicht-in-sicht\/#primaryimage\"},\"thumbnailUrl\":\"https:\/\/now-news.de\/de\/wp-content\/uploads\/sites\/3\/2024\/03\/Ungarns-Aussenminister-Treffen-von-Orban-und-Selenskij-nicht-in-Sicht.jpg\",\"datePublished\":\"2024-03-04T09:37:11+00:00\",\"dateModified\":\"2024-03-04T09:37:11+00:00\",\"breadcrumb\":{\"@id\":\"https:\/\/now-news.de\/de\/deutschland\/ungarns-aussenminister-treffen-von-orban-und-selenskij-nicht-in-sicht\/#breadcrumb\"},\"inLanguage\":\"de\",\"potentialAction\":[{\"@type\":\"ReadAction\",\"target\":[\"https:\/\/now-news.de\/de\/deutschland\/ungarns-aussenminister-treffen-von-orban-und-selenskij-nicht-in-sicht\/\"]}]},{\"@type\":\"ImageObject\",\"inLanguage\":\"de\",\"@id\":\"https:\/\/now-news.de\/de\/deutschland\/ungarns-aussenminister-treffen-von-orban-und-selenskij-nicht-in-sicht\/#primaryimage\",\"url\":\"https:\/\/now-news.de\/de\/wp-content\/uploads\/sites\/3\/2024\/03\/Ungarns-Aussenminister-Treffen-von-Orban-und-Selenskij-nicht-in-Sicht.jpg\",\"contentUrl\":\"https:\/\/now-news.de\/de\/wp-content\/uploads\/sites\/3\/2024\/03\/Ungarns-Aussenminister-Treffen-von-Orban-und-Selenskij-nicht-in-Sicht.jpg\",\"width\":460,\"height\":259,\"caption\":\"Ungarns Au\u00dfenminister: Treffen von Orb\u00e1n und Selenskij nicht in Sicht\"},{\"@type\":\"BreadcrumbList\",\"@id\":\"https:\/\/now-news.de\/de\/deutschland\/ungarns-aussenminister-treffen-von-orban-und-selenskij-nicht-in-sicht\/#breadcrumb\",\"itemListElement\":[{\"@type\":\"ListItem\",\"position\":1,\"name\":\"Home\",\"item\":\"https:\/\/now-news.de\/de\/\"},{\"@type\":\"ListItem\",\"position\":2,\"name\":\"Ungarns Au\u00dfenminister: Treffen von Orb\u00e1n und Selenskij nicht in Sicht\"}]},{\"@type\":\"WebSite\",\"@id\":\"https:\/\/now-news.de\/de\/#website\",\"url\":\"https:\/\/now-news.de\/de\/\",\"name\":\"just-now.NEWS Deutschland\",\"description\":\"Das Portal f\u00fcr unzensierte Nachrichten aus der Welt\",\"publisher\":{\"@id\":\"https:\/\/now-news.de\/de\/#organization\"},\"potentialAction\":[{\"@type\":\"SearchAction\",\"target\":{\"@type\":\"EntryPoint\",\"urlTemplate\":\"https:\/\/now-news.de\/de\/?s={search_term_string}\"},\"query-input\":\"required name=search_term_string\"}],\"inLanguage\":\"de\"},{\"@type\":\"Organization\",\"@id\":\"https:\/\/now-news.de\/de\/#organization\",\"name\":\"Just Now News\",\"url\":\"https:\/\/now-news.de\/de\/\",\"logo\":{\"@type\":\"ImageObject\",\"inLanguage\":\"de\",\"@id\":\"https:\/\/now-news.de\/de\/#\/schema\/logo\/image\/\",\"url\":\"http:\/\/just-now.news\/de\/wp-content\/uploads\/sites\/3\/2022\/04\/logo500x500.jpg\",\"contentUrl\":\"http:\/\/just-now.news\/de\/wp-content\/uploads\/sites\/3\/2022\/04\/logo500x500.jpg\",\"width\":500,\"height\":500,\"caption\":\"Just Now News\"},\"image\":{\"@id\":\"https:\/\/now-news.de\/de\/#\/schema\/logo\/image\/\"},\"sameAs\":[\"https:\/\/www.facebook.com\/wirmachenauf\",\"https:\/\/x.com\/WirMachenAuf_de\"]},{\"@type\":\"Person\",\"@id\":\"https:\/\/now-news.de\/de\/#\/schema\/person\/fb534a4e865501d8b3285208df34a9b5\",\"name\":\"rtnews\",\"image\":{\"@type\":\"ImageObject\",\"inLanguage\":\"de\",\"@id\":\"https:\/\/now-news.de\/de\/#\/schema\/person\/image\/\",\"url\":\"https:\/\/secure.gravatar.com\/avatar\/82aafea7d8127119dd649515f56e2117?s=96&d=mm&r=g\",\"contentUrl\":\"https:\/\/secure.gravatar.com\/avatar\/82aafea7d8127119dd649515f56e2117?s=96&d=mm&r=g\",\"caption\":\"rtnews\"},\"url\":\"https:\/\/now-news.de\/de\/author\/rnews\/\"}]}<\/script>\n<!-- \/ Yoast SEO Premium plugin. -->","yoast_head_json":{"title":"Ungarns Au\u00dfenminister: Treffen von Orb\u00e1n und Selenskij nicht in Sicht - just-now.NEWS Deutschland","robots":{"index":"index","follow":"follow","max-snippet":"max-snippet:-1","max-image-preview":"max-image-preview:large","max-video-preview":"max-video-preview:-1"},"canonical":"https:\/\/now-news.de\/de\/deutschland\/ungarns-aussenminister-treffen-von-orban-und-selenskij-nicht-in-sicht\/","og_locale":"de_DE","og_type":"article","og_title":"Ungarns Au\u00dfenminister: Treffen von Orb\u00e1n und Selenskij nicht in Sicht","og_description":"Die Vorbedingungen f\u00fcr eine Zusammenkunft zwischen dem ungarischen Ministerpr\u00e4sidenten Viktor Orb\u00e1n und dem Pr\u00e4sidenten der Ukraine Wladimir Selenskij sind noch nicht ausgereift. Das erkl\u00e4rte Ungarns Au\u00dfenminister Peter Szijj\u00e1rt\u00f3 in einem Interview. Am Rande des j\u00fcngsten Diplomatie-Forums im t\u00fcrkischen Badeort Antalya hat sich der ungarische Au\u00dfenminister Peter Szijj\u00e1rt\u00f3 zu den Aussichten f\u00fcr ein Treffen zwischen dem [&hellip;]","og_url":"https:\/\/now-news.de\/de\/deutschland\/ungarns-aussenminister-treffen-von-orban-und-selenskij-nicht-in-sicht\/","og_site_name":"just-now.NEWS Deutschland","article_publisher":"https:\/\/www.facebook.com\/wirmachenauf","article_published_time":"2024-03-04T09:37:11+00:00","og_image":[{"width":460,"height":259,"url":"https:\/\/now-news.de\/de\/wp-content\/uploads\/sites\/3\/2024\/03\/Ungarns-Aussenminister-Treffen-von-Orban-und-Selenskij-nicht-in-Sicht.jpg","type":"image\/jpeg"}],"author":"rtnews","twitter_card":"summary_large_image","twitter_creator":"@WirMachenAuf_de","twitter_site":"@WirMachenAuf_de","twitter_misc":{"Verfasst von":"rtnews","Gesch\u00e4tzte Lesezeit":"2\u00a0Minuten"},"schema":{"@context":"https:\/\/schema.org","@graph":[{"@type":"Article","@id":"https:\/\/now-news.de\/de\/deutschland\/ungarns-aussenminister-treffen-von-orban-und-selenskij-nicht-in-sicht\/#article","isPartOf":{"@id":"https:\/\/now-news.de\/de\/deutschland\/ungarns-aussenminister-treffen-von-orban-und-selenskij-nicht-in-sicht\/"},"author":{"name":"rtnews","@id":"https:\/\/now-news.de\/de\/#\/schema\/person\/fb534a4e865501d8b3285208df34a9b5"},"headline":"Ungarns Au\u00dfenminister: Treffen von Orb\u00e1n und Selenskij nicht in Sicht","datePublished":"2024-03-04T09:37:11+00:00","dateModified":"2024-03-04T09:37:11+00:00","mainEntityOfPage":{"@id":"https:\/\/now-news.de\/de\/deutschland\/ungarns-aussenminister-treffen-von-orban-und-selenskij-nicht-in-sicht\/"},"wordCount":459,"commentCount":0,"publisher":{"@id":"https:\/\/now-news.de\/de\/#organization"},"image":{"@id":"https:\/\/now-news.de\/de\/deutschland\/ungarns-aussenminister-treffen-von-orban-und-selenskij-nicht-in-sicht\/#primaryimage"},"thumbnailUrl":"https:\/\/now-news.de\/de\/wp-content\/uploads\/sites\/3\/2024\/03\/Ungarns-Aussenminister-Treffen-von-Orban-und-Selenskij-nicht-in-Sicht.jpg","keywords":["Au\u00dfenminister","nicht","Orb\u00e1n","Selenskij","Sicht","Treffen","und","Ungarns","von"],"articleSection":["Deutschland","Russland"],"inLanguage":"de","potentialAction":[{"@type":"CommentAction","name":"Comment","target":["https:\/\/now-news.de\/de\/deutschland\/ungarns-aussenminister-treffen-von-orban-und-selenskij-nicht-in-sicht\/#respond"]}]},{"@type":"WebPage","@id":"https:\/\/now-news.de\/de\/deutschland\/ungarns-aussenminister-treffen-von-orban-und-selenskij-nicht-in-sicht\/","url":"https:\/\/now-news.de\/de\/deutschland\/ungarns-aussenminister-treffen-von-orban-und-selenskij-nicht-in-sicht\/","name":"Ungarns Au\u00dfenminister: Treffen von Orb\u00e1n und Selenskij nicht in Sicht - just-now.NEWS Deutschland","isPartOf":{"@id":"https:\/\/now-news.de\/de\/#website"},"primaryImageOfPage":{"@id":"https:\/\/now-news.de\/de\/deutschland\/ungarns-aussenminister-treffen-von-orban-und-selenskij-nicht-in-sicht\/#primaryimage"},"image":{"@id":"https:\/\/now-news.de\/de\/deutschland\/ungarns-aussenminister-treffen-von-orban-und-selenskij-nicht-in-sicht\/#primaryimage"},"thumbnailUrl":"https:\/\/now-news.de\/de\/wp-content\/uploads\/sites\/3\/2024\/03\/Ungarns-Aussenminister-Treffen-von-Orban-und-Selenskij-nicht-in-Sicht.jpg","datePublished":"2024-03-04T09:37:11+00:00","dateModified":"2024-03-04T09:37:11+00:00","breadcrumb":{"@id":"https:\/\/now-news.de\/de\/deutschland\/ungarns-aussenminister-treffen-von-orban-und-selenskij-nicht-in-sicht\/#breadcrumb"},"inLanguage":"de","potentialAction":[{"@type":"ReadAction","target":["https:\/\/now-news.de\/de\/deutschland\/ungarns-aussenminister-treffen-von-orban-und-selenskij-nicht-in-sicht\/"]}]},{"@type":"ImageObject","inLanguage":"de","@id":"https:\/\/now-news.de\/de\/deutschland\/ungarns-aussenminister-treffen-von-orban-und-selenskij-nicht-in-sicht\/#primaryimage","url":"https:\/\/now-news.de\/de\/wp-content\/uploads\/sites\/3\/2024\/03\/Ungarns-Aussenminister-Treffen-von-Orban-und-Selenskij-nicht-in-Sicht.jpg","contentUrl":"https:\/\/now-news.de\/de\/wp-content\/uploads\/sites\/3\/2024\/03\/Ungarns-Aussenminister-Treffen-von-Orban-und-Selenskij-nicht-in-Sicht.jpg","width":460,"height":259,"caption":"Ungarns Au\u00dfenminister: Treffen von Orb\u00e1n und Selenskij nicht in Sicht"},{"@type":"BreadcrumbList","@id":"https:\/\/now-news.de\/de\/deutschland\/ungarns-aussenminister-treffen-von-orban-und-selenskij-nicht-in-sicht\/#breadcrumb","itemListElement":[{"@type":"ListItem","position":1,"name":"Home","item":"https:\/\/now-news.de\/de\/"},{"@type":"ListItem","position":2,"name":"Ungarns Au\u00dfenminister: Treffen von Orb\u00e1n und Selenskij nicht in Sicht"}]},{"@type":"WebSite","@id":"https:\/\/now-news.de\/de\/#website","url":"https:\/\/now-news.de\/de\/","name":"just-now.NEWS Deutschland","description":"Das Portal f\u00fcr unzensierte Nachrichten aus der Welt","publisher":{"@id":"https:\/\/now-news.de\/de\/#organization"},"potentialAction":[{"@type":"SearchAction","target":{"@type":"EntryPoint","urlTemplate":"https:\/\/now-news.de\/de\/?s={search_term_string}"},"query-input":"required name=search_term_string"}],"inLanguage":"de"},{"@type":"Organization","@id":"https:\/\/now-news.de\/de\/#organization","name":"Just Now News","url":"https:\/\/now-news.de\/de\/","logo":{"@type":"ImageObject","inLanguage":"de","@id":"https:\/\/now-news.de\/de\/#\/schema\/logo\/image\/","url":"http:\/\/just-now.news\/de\/wp-content\/uploads\/sites\/3\/2022\/04\/logo500x500.jpg","contentUrl":"http:\/\/just-now.news\/de\/wp-content\/uploads\/sites\/3\/2022\/04\/logo500x500.jpg","width":500,"height":500,"caption":"Just Now News"},"image":{"@id":"https:\/\/now-news.de\/de\/#\/schema\/logo\/image\/"},"sameAs":["https:\/\/www.facebook.com\/wirmachenauf","https:\/\/x.com\/WirMachenAuf_de"]},{"@type":"Person","@id":"https:\/\/now-news.de\/de\/#\/schema\/person\/fb534a4e865501d8b3285208df34a9b5","name":"rtnews","image":{"@type":"ImageObject","inLanguage":"de","@id":"https:\/\/now-news.de\/de\/#\/schema\/person\/image\/","url":"https:\/\/secure.gravatar.com\/avatar\/82aafea7d8127119dd649515f56e2117?s=96&d=mm&r=g","contentUrl":"https:\/\/secure.gravatar.com\/avatar\/82aafea7d8127119dd649515f56e2117?s=96&d=mm&r=g","caption":"rtnews"},"url":"https:\/\/now-news.de\/de\/author\/rnews\/"}]}},"_links":{"self":[{"href":"https:\/\/now-news.de\/de\/wp-json\/wp\/v2\/posts\/56455"}],"collection":[{"href":"https:\/\/now-news.de\/de\/wp-json\/wp\/v2\/posts"}],"about":[{"href":"https:\/\/now-news.de\/de\/wp-json\/wp\/v2\/types\/post"}],"author":[{"embeddable":true,"href":"https:\/\/now-news.de\/de\/wp-json\/wp\/v2\/users\/3"}],"replies":[{"embeddable":true,"href":"https:\/\/now-news.de\/de\/wp-json\/wp\/v2\/comments?post=56455"}],"version-history":[{"count":0,"href":"https:\/\/now-news.de\/de\/wp-json\/wp\/v2\/posts\/56455\/revisions"}],"wp:featuredmedia":[{"embeddable":true,"href":"https:\/\/now-news.de\/de\/wp-json\/wp\/v2\/media\/56456"}],"wp:attachment":[{"href":"https:\/\/now-news.de\/de\/wp-json\/wp\/v2\/media?parent=56455"}],"wp:term":[{"taxonomy":"category","embeddable":true,"href":"https:\/\/now-news.de\/de\/wp-json\/wp\/v2\/categories?post=56455"},{"taxonomy":"post_tag","embeddable":true,"href":"https:\/\/now-news.de\/de\/wp-json\/wp\/v2\/tags?post=56455"}],"curies":[{"name":"wp","href":"https:\/\/api.w.org\/{rel}","templated":true}]}}