{"id":56313,"date":"2024-03-01T13:12:29","date_gmt":"2024-03-01T11:12:29","guid":{"rendered":"https:\/\/just-now.news\/de\/deutschland\/grosse-erwartungen-und-geringe-chancen-der-balkangipfel-in-tirana\/"},"modified":"2024-03-01T13:12:29","modified_gmt":"2024-03-01T11:12:29","slug":"grosse-erwartungen-und-geringe-chancen-der-balkangipfel-in-tirana","status":"publish","type":"post","link":"https:\/\/now-news.de\/de\/deutschland\/grosse-erwartungen-und-geringe-chancen-der-balkangipfel-in-tirana\/","title":{"rendered":"Gro\u00dfe Erwartungen und geringe Chancen: Der Balkangipfel in Tirana"},"content":{"rendered":"<p><img decoding=\"async\" src=\"http:\/\/just-now.news\/de\/wp-content\/uploads\/sites\/3\/2024\/03\/65e1b59b48fbef483d74ca0e.jpg\" \/><\/p>\n<div class=\"Text-root Text-type_1 \">\n                In Tirana ist ein Gipfel der Staats- und Regierungschefs der Balkanstaaten zu Ende gegangen. Die Bilanz des Treffens, so unser Autor Marinko U\u010dur, f\u00e4llt mager aus. Der Gipfel verwandelte sich in eine Demonstration zur Unterst\u00fctzung der Ukraine in ihrem &#8220;Kampf gegen die russische Aggression&#8221;.\n            <\/div>\n<p><\/p>\n<div class=\"Text-root Text-type_5 ArticleView-text ViewText-root \">\n<p><em>Von Marinko U\u010dur<\/em><\/p>\n<p>So \u00fcberschrieben k\u00f6nnte man das gerade zu Ende gegangene zweit\u00e4gige Treffen der Balkanf\u00fchrer in Tirana, der Hauptstadt Albaniens, kurz charakterisieren. Das pr\u00e4tenti\u00f6s unter &#8220;Ukraine-S\u00fcdosteuropa&#8221; angek\u00fcndigte Gipfeltreffen verwandelte sich in eine weitere Demonstration zur Unterst\u00fctzung der Ukraine in ihrem &#8220;Kampf gegen die russische Aggression&#8221;. Es blieb unklar, wer die wahren Initiatoren und Organisatoren des Gipfeltreffens waren, das keine Ideen zur L\u00f6sung des Konflikts hervorbrachte. Es ist m\u00f6glich, dass es einigen Eurofanatikern aus dem Balkan und ihren Br\u00fcsseler Einsagern ein paar Punkte eingebracht hat.<\/p>\n<h4><strong>Wer &#8220;bestellte&#8221; das<\/strong>\u00a0<strong>Gipfeltreffen?<\/strong><\/h4>\n<p>Es ist nicht schwer, den Schluss zu ziehen, dass das Gipfeltreffen der Staats- und Regierungschefs der f\u00fcnf Balkanstaaten von Br\u00fcssel aus inspiriert wurde, obwohl die formellen Gastgeber Albanien und dessen Premierminister Edi Rama waren. Auff\u00e4llig ist, dass das offizielle Sofia dem nicht beiwohnte, was angesichts der Tatsache, dass auch dieses Land durchaus im S\u00fcdosten Europas liegt, durchaus intrigant anmutet. Auf der anderen Seite nahm Kroatien an dem Treffen teil, das eigentlich um jeden Preis aus dem Balkanring und dem ehemals jugoslawischen Gebiet austreten will. Aber offenbar ordnete jemand mit einer Autorit\u00e4tsposition die Kroaten an, dort pr\u00e4sent zu sein, Solidarit\u00e4t mit der Ukraine zu bekunden und Russland und dessen Rolle in der milit\u00e4rischen Sonderoperation zum x-ten Mal ins Visier zu nehmen.<\/p>\n<p>Das Treffen w\u00e4re ein komplettes Fiasko gewesen, wenn es nicht in gewisser Weise durch den t\u00fcrkischen Pr\u00e4sidenten Recep Tayyip Erdo\u011fan aufgewertet worden w\u00e4re, der sich per Videokonferenzschaltung an die Teilnehmer des Gipfeltreffens wandte. Bei dieser Gelegenheit erkl\u00e4rte er, dass die T\u00fcrkei erneut bereit sei, den Verhandlungstisch in Istanbul wieder herzurichten, um Frieden zwischen Russland und der Ukraine zu erzielen. Mit anderen Worten: Erdo\u011fan nutzte die Gelegenheit, um die diplomatische und friedensstiftende F\u00e4higkeit seines Landes zu demonstrieren, was allem Anschein nach seine einzige und l\u00f6bliche Absicht war. <\/p>\n<p>F\u00fcr solch einen konstruierten &#8220;Stammtisch der Solidarit\u00e4t mit der Ukraine&#8221; ist die Glaubw\u00fcrdigkeit in Sachen Frieden jener L\u00e4nder, die sich bisher durch ihre eifrige Unterst\u00fctzung f\u00fcr die Ukraine &#8220;ber\u00fchmt gemacht&#8221; haben, sicherlich fragw\u00fcrdig. Alle \u2013 au\u00dfer Serbien \u2013 handelten bisher folgsam gem\u00e4\u00df den Anordnungen aus Br\u00fcssel und Washington, verh\u00e4ngten Sanktionen gegen Russland und verurteilten die milit\u00e4rische Sonderoperation Russlands. Es ist auch nicht unbekannt, dass einige Balkanstaaten wie Kroatien und Nordmazedonien milit\u00e4rische Ausr\u00fcstung und Waffen an die Ukraine gespendet haben.<\/p>\n<h4><strong>Eine Falle f\u00fcr Vu\u010di\u0107?!<\/strong><\/h4>\n<p>Der serbische Pr\u00e4sident Aleksandar Vu\u010di\u0107, der ebenfalls zu diesem Treffen der Balkanf\u00fchrer eingeladen war, befand sich in einer wenig beneidenswerten Lage. Sie alle trafen sich zu getrennten Treffen mit dem ukrainischen Pr\u00e4sidenten Selenskij, der zu diesem Anlass nach Tirana anreiste. Vu\u010di\u0107 best\u00e4tigte, dass das Treffen mit Selenskij korrekt war und dass Serbien es zu sch\u00e4tzen wei\u00df, dass die Ukraine die einseitig erkl\u00e4rte Unabh\u00e4ngigkeit der serbischen Provinz Kosovo* nicht anerkennt. Mit anderen Worten: Sowohl Serbien als auch die Ukraine respektieren weiterhin die Souver\u00e4nit\u00e4t und territoriale Integrit\u00e4t des Gegen\u00fcbers. Gleichzeitig sagte Vu\u010di\u0107, dass er mit Selenskij keine Vereinbarung unterzeichnet habe, die eine Voraussetzung f\u00fcr den Transfer serbischer Waffen und Munition in dieses Land darstellen w\u00fcrde.<\/p>\n<p>Als F\u00fchrer des einzigen Landes des Westbalkans und Europas, das keine antirussischen Sanktionen verh\u00e4ngte, musste Vu\u010di\u0107 bei der Formulierung der Schlussakte des Treffens in Tirana mit gro\u00dfer Vorsicht agieren. Bei der Plenarsitzung im Rahmen des Gipfeltreffens &#8220;Ukraine \u2013 S\u00fcdosteuropa&#8221; wurden n\u00e4mlich auf Dr\u00e4ngen des serbischen Pr\u00e4sidenten in der vereinbarten Erkl\u00e4rung weder Sanktionen gegen Russland noch &#8220;russischer b\u00f6sartiger Einfluss&#8221; erw\u00e4hnt, was Belgrad als eigenen Erfolg seiner Entschlossenheit ansieht, weiterhin eine unabh\u00e4ngige, auf eigenen Interessen basierende Au\u00dfenpolitik zu f\u00fchren.<\/p>\n<p>Die Teilnehmer des Gipfeltreffens &#8220;Ukraine \u2013 S\u00fcdosteuropa&#8221; verabschiedeten in Tirana eine gemeinsame Erkl\u00e4rung, in der sie ihre Unterst\u00fctzung f\u00fcr die Unabh\u00e4ngigkeit, Souver\u00e4nit\u00e4t und territoriale Integrit\u00e4t der Ukraine innerhalb ihrer international anerkannten Grenzen seit 1991 zum Ausdruck brachten.<\/p>\n<p>Gleichzeitig wird die Ukraine unter dem Vorwand, dass jedes Land das Recht hat, f\u00fcr seine eigene Sicherheit zu sorgen, ermutigt, k\u00fcnftig ein Anrecht auf Mitgliedschaft im NATO-B\u00fcndnis zu haben, w\u00e4hrend andererseits die Unterzeichner der Erkl\u00e4rung nach wie vor entschlossen seien, der Ukraine die notwendige Unterst\u00fctzung bei der Verwirklichung eines gerechten Friedens bereitzustellen. Auf welche Art von Frieden ist in einer Lage zu rechnen, in der der Konflikt einseitig betrachtet wird, und wie kann ein Frieden gerecht sein, wenn Russland nicht als jene Partei erw\u00e4hnt wird, ohne die es unm\u00f6glich ist, nennenswerte Friedensfortschritte zu erzielen?<\/p>\n<p>Die Teilnehmer des Gipfeltreffens machten offenbar keinen Hehl daraus, sondern inszenierten neuerlich ein bereits fr\u00fcher aufgef\u00fchrtes Theaterst\u00fcck, in dem einer Seite die Rolle des Opfers und der anderen Seite die des Aggressors zugeordnet wurde. Es war ein weiterer sehr kleiner Schritt f\u00fcr den Frieden, aber ein gro\u00dfer Schritt vorw\u00e4rts bei dem Versuch, doch noch die unipolare Welt zu retten.<\/p>\n<p><strong>Mehr zum Thema<\/strong> &#8211; <a rel=\"nofollow noopener\" target=\"_blank\" href=\"https:\/\/freedert.online\/meinung\/194343-ex-terrorist-wird-premierminister-nordmazedonien\/\">Ex-Terrorist wird Premierminister: Wie hat sich Nordmazedonien einsch\u00fcchtern lassen?<\/a><\/p>\n<\/p>\n<\/div>\n<p><br \/>\n<br \/><a href=\"https:\/\/de.rt.com\/meinung\/197916-grosse-erwartungen-und-geringe-chancen\/\">Source link <\/a><\/p>\n","protected":false},"excerpt":{"rendered":"<p>In Tirana ist ein Gipfel der Staats- und Regierungschefs der Balkanstaaten zu Ende gegangen. Die Bilanz des Treffens, so unser Autor Marinko U\u010dur, f\u00e4llt mager aus. Der Gipfel verwandelte sich in eine Demonstration zur Unterst\u00fctzung der Ukraine in ihrem &#8220;Kampf gegen die russische Aggression&#8221;. Von Marinko U\u010dur So \u00fcberschrieben k\u00f6nnte man das gerade zu Ende [&hellip;]<\/p>\n","protected":false},"author":3,"featured_media":56314,"comment_status":"open","ping_status":"open","sticky":false,"template":"","format":"standard","meta":{"_yoast_indexnow_last_ping":["1709293826"],"wp_automatic_camp":["217"],"e9245730b2467cd4337d0307f5171796":["Gro\u00dfe Erwartungen und geringe Chancen: Der Balkangipfel in Tirana"],"original_link":["https:\/\/de.rt.com\/meinung\/197916-grosse-erwartungen-und-geringe-chancen\/"],"_thumbnail_id":["56314"],"_wptgpro_p2tg_sent2tg":["a:1:{i:23737;s:19:\"2024-03-01 13:51:27\";}"],"jnews_social_counter_last_update":["1777339108"]},"categories":[19,23],"tags":[54034,26834,82,13544,45916,2830,27638,140],"yoast_head":"<!-- This site is optimized with the Yoast SEO Premium plugin v22.7 (Yoast SEO v22.7) - https:\/\/yoast.com\/wordpress\/plugins\/seo\/ -->\n<title>Gro\u00dfe Erwartungen und geringe Chancen: Der Balkangipfel in Tirana - just-now.NEWS Deutschland<\/title>\n<meta name=\"robots\" content=\"index, follow, max-snippet:-1, max-image-preview:large, max-video-preview:-1\" \/>\n<link rel=\"canonical\" href=\"https:\/\/now-news.de\/de\/deutschland\/grosse-erwartungen-und-geringe-chancen-der-balkangipfel-in-tirana\/\" \/>\n<meta property=\"og:locale\" content=\"de_DE\" \/>\n<meta property=\"og:type\" content=\"article\" \/>\n<meta property=\"og:title\" content=\"Gro\u00dfe Erwartungen und geringe Chancen: Der Balkangipfel in Tirana\" \/>\n<meta property=\"og:description\" content=\"In Tirana ist ein Gipfel der Staats- und Regierungschefs der Balkanstaaten zu Ende gegangen. Die Bilanz des Treffens, so unser Autor Marinko U\u010dur, f\u00e4llt mager aus. Der Gipfel verwandelte sich in eine Demonstration zur Unterst\u00fctzung der Ukraine in ihrem &#8220;Kampf gegen die russische Aggression&#8221;. Von Marinko U\u010dur So \u00fcberschrieben k\u00f6nnte man das gerade zu Ende [&hellip;]\" \/>\n<meta property=\"og:url\" content=\"https:\/\/now-news.de\/de\/deutschland\/grosse-erwartungen-und-geringe-chancen-der-balkangipfel-in-tirana\/\" \/>\n<meta property=\"og:site_name\" content=\"just-now.NEWS Deutschland\" \/>\n<meta property=\"article:publisher\" content=\"https:\/\/www.facebook.com\/wirmachenauf\" \/>\n<meta property=\"article:published_time\" content=\"2024-03-01T11:12:29+00:00\" \/>\n<meta property=\"og:image\" content=\"https:\/\/now-news.de\/de\/wp-content\/uploads\/sites\/3\/2024\/03\/Grosse-Erwartungen-und-geringe-Chancen-Der-Balkangipfel-in-Tirana.jpg\" \/>\n\t<meta property=\"og:image:width\" content=\"460\" \/>\n\t<meta property=\"og:image:height\" content=\"259\" \/>\n\t<meta property=\"og:image:type\" content=\"image\/jpeg\" \/>\n<meta name=\"author\" content=\"rtnews\" \/>\n<meta name=\"twitter:card\" content=\"summary_large_image\" \/>\n<meta name=\"twitter:creator\" content=\"@WirMachenAuf_de\" \/>\n<meta name=\"twitter:site\" content=\"@WirMachenAuf_de\" \/>\n<meta name=\"twitter:label1\" content=\"Verfasst von\" \/>\n\t<meta name=\"twitter:data1\" content=\"rtnews\" \/>\n\t<meta name=\"twitter:label2\" content=\"Gesch\u00e4tzte Lesezeit\" \/>\n\t<meta name=\"twitter:data2\" content=\"5\u00a0Minuten\" \/>\n<script type=\"application\/ld+json\" class=\"yoast-schema-graph\">{\"@context\":\"https:\/\/schema.org\",\"@graph\":[{\"@type\":\"Article\",\"@id\":\"https:\/\/now-news.de\/de\/deutschland\/grosse-erwartungen-und-geringe-chancen-der-balkangipfel-in-tirana\/#article\",\"isPartOf\":{\"@id\":\"https:\/\/now-news.de\/de\/deutschland\/grosse-erwartungen-und-geringe-chancen-der-balkangipfel-in-tirana\/\"},\"author\":{\"name\":\"rtnews\",\"@id\":\"https:\/\/now-news.de\/de\/#\/schema\/person\/fb534a4e865501d8b3285208df34a9b5\"},\"headline\":\"Gro\u00dfe Erwartungen und geringe Chancen: Der Balkangipfel in Tirana\",\"datePublished\":\"2024-03-01T11:12:29+00:00\",\"dateModified\":\"2024-03-01T11:12:29+00:00\",\"mainEntityOfPage\":{\"@id\":\"https:\/\/now-news.de\/de\/deutschland\/grosse-erwartungen-und-geringe-chancen-der-balkangipfel-in-tirana\/\"},\"wordCount\":925,\"commentCount\":0,\"publisher\":{\"@id\":\"https:\/\/now-news.de\/de\/#organization\"},\"image\":{\"@id\":\"https:\/\/now-news.de\/de\/deutschland\/grosse-erwartungen-und-geringe-chancen-der-balkangipfel-in-tirana\/#primaryimage\"},\"thumbnailUrl\":\"https:\/\/now-news.de\/de\/wp-content\/uploads\/sites\/3\/2024\/03\/Grosse-Erwartungen-und-geringe-Chancen-Der-Balkangipfel-in-Tirana.jpg\",\"keywords\":[\"Balkangipfel\",\"Chancen\",\"der\",\"Erwartungen\",\"geringe\",\"Gro\u00dfe\",\"Tirana\",\"und\"],\"articleSection\":[\"Deutschland\",\"Russland\"],\"inLanguage\":\"de\",\"potentialAction\":[{\"@type\":\"CommentAction\",\"name\":\"Comment\",\"target\":[\"https:\/\/now-news.de\/de\/deutschland\/grosse-erwartungen-und-geringe-chancen-der-balkangipfel-in-tirana\/#respond\"]}]},{\"@type\":\"WebPage\",\"@id\":\"https:\/\/now-news.de\/de\/deutschland\/grosse-erwartungen-und-geringe-chancen-der-balkangipfel-in-tirana\/\",\"url\":\"https:\/\/now-news.de\/de\/deutschland\/grosse-erwartungen-und-geringe-chancen-der-balkangipfel-in-tirana\/\",\"name\":\"Gro\u00dfe Erwartungen und geringe Chancen: Der Balkangipfel in Tirana - just-now.NEWS Deutschland\",\"isPartOf\":{\"@id\":\"https:\/\/now-news.de\/de\/#website\"},\"primaryImageOfPage\":{\"@id\":\"https:\/\/now-news.de\/de\/deutschland\/grosse-erwartungen-und-geringe-chancen-der-balkangipfel-in-tirana\/#primaryimage\"},\"image\":{\"@id\":\"https:\/\/now-news.de\/de\/deutschland\/grosse-erwartungen-und-geringe-chancen-der-balkangipfel-in-tirana\/#primaryimage\"},\"thumbnailUrl\":\"https:\/\/now-news.de\/de\/wp-content\/uploads\/sites\/3\/2024\/03\/Grosse-Erwartungen-und-geringe-Chancen-Der-Balkangipfel-in-Tirana.jpg\",\"datePublished\":\"2024-03-01T11:12:29+00:00\",\"dateModified\":\"2024-03-01T11:12:29+00:00\",\"breadcrumb\":{\"@id\":\"https:\/\/now-news.de\/de\/deutschland\/grosse-erwartungen-und-geringe-chancen-der-balkangipfel-in-tirana\/#breadcrumb\"},\"inLanguage\":\"de\",\"potentialAction\":[{\"@type\":\"ReadAction\",\"target\":[\"https:\/\/now-news.de\/de\/deutschland\/grosse-erwartungen-und-geringe-chancen-der-balkangipfel-in-tirana\/\"]}]},{\"@type\":\"ImageObject\",\"inLanguage\":\"de\",\"@id\":\"https:\/\/now-news.de\/de\/deutschland\/grosse-erwartungen-und-geringe-chancen-der-balkangipfel-in-tirana\/#primaryimage\",\"url\":\"https:\/\/now-news.de\/de\/wp-content\/uploads\/sites\/3\/2024\/03\/Grosse-Erwartungen-und-geringe-Chancen-Der-Balkangipfel-in-Tirana.jpg\",\"contentUrl\":\"https:\/\/now-news.de\/de\/wp-content\/uploads\/sites\/3\/2024\/03\/Grosse-Erwartungen-und-geringe-Chancen-Der-Balkangipfel-in-Tirana.jpg\",\"width\":460,\"height\":259,\"caption\":\"Gro\u00dfe Erwartungen und geringe Chancen: Der Balkangipfel in Tirana\"},{\"@type\":\"BreadcrumbList\",\"@id\":\"https:\/\/now-news.de\/de\/deutschland\/grosse-erwartungen-und-geringe-chancen-der-balkangipfel-in-tirana\/#breadcrumb\",\"itemListElement\":[{\"@type\":\"ListItem\",\"position\":1,\"name\":\"Home\",\"item\":\"https:\/\/now-news.de\/de\/\"},{\"@type\":\"ListItem\",\"position\":2,\"name\":\"Gro\u00dfe Erwartungen und geringe Chancen: Der Balkangipfel in Tirana\"}]},{\"@type\":\"WebSite\",\"@id\":\"https:\/\/now-news.de\/de\/#website\",\"url\":\"https:\/\/now-news.de\/de\/\",\"name\":\"just-now.NEWS Deutschland\",\"description\":\"Das Portal f\u00fcr unzensierte Nachrichten aus der Welt\",\"publisher\":{\"@id\":\"https:\/\/now-news.de\/de\/#organization\"},\"potentialAction\":[{\"@type\":\"SearchAction\",\"target\":{\"@type\":\"EntryPoint\",\"urlTemplate\":\"https:\/\/now-news.de\/de\/?s={search_term_string}\"},\"query-input\":\"required name=search_term_string\"}],\"inLanguage\":\"de\"},{\"@type\":\"Organization\",\"@id\":\"https:\/\/now-news.de\/de\/#organization\",\"name\":\"Just Now News\",\"url\":\"https:\/\/now-news.de\/de\/\",\"logo\":{\"@type\":\"ImageObject\",\"inLanguage\":\"de\",\"@id\":\"https:\/\/now-news.de\/de\/#\/schema\/logo\/image\/\",\"url\":\"http:\/\/just-now.news\/de\/wp-content\/uploads\/sites\/3\/2022\/04\/logo500x500.jpg\",\"contentUrl\":\"http:\/\/just-now.news\/de\/wp-content\/uploads\/sites\/3\/2022\/04\/logo500x500.jpg\",\"width\":500,\"height\":500,\"caption\":\"Just Now News\"},\"image\":{\"@id\":\"https:\/\/now-news.de\/de\/#\/schema\/logo\/image\/\"},\"sameAs\":[\"https:\/\/www.facebook.com\/wirmachenauf\",\"https:\/\/x.com\/WirMachenAuf_de\"]},{\"@type\":\"Person\",\"@id\":\"https:\/\/now-news.de\/de\/#\/schema\/person\/fb534a4e865501d8b3285208df34a9b5\",\"name\":\"rtnews\",\"image\":{\"@type\":\"ImageObject\",\"inLanguage\":\"de\",\"@id\":\"https:\/\/now-news.de\/de\/#\/schema\/person\/image\/\",\"url\":\"https:\/\/secure.gravatar.com\/avatar\/82aafea7d8127119dd649515f56e2117?s=96&d=mm&r=g\",\"contentUrl\":\"https:\/\/secure.gravatar.com\/avatar\/82aafea7d8127119dd649515f56e2117?s=96&d=mm&r=g\",\"caption\":\"rtnews\"},\"url\":\"https:\/\/now-news.de\/de\/author\/rnews\/\"}]}<\/script>\n<!-- \/ Yoast SEO Premium plugin. -->","yoast_head_json":{"title":"Gro\u00dfe Erwartungen und geringe Chancen: Der Balkangipfel in Tirana - just-now.NEWS Deutschland","robots":{"index":"index","follow":"follow","max-snippet":"max-snippet:-1","max-image-preview":"max-image-preview:large","max-video-preview":"max-video-preview:-1"},"canonical":"https:\/\/now-news.de\/de\/deutschland\/grosse-erwartungen-und-geringe-chancen-der-balkangipfel-in-tirana\/","og_locale":"de_DE","og_type":"article","og_title":"Gro\u00dfe Erwartungen und geringe Chancen: Der Balkangipfel in Tirana","og_description":"In Tirana ist ein Gipfel der Staats- und Regierungschefs der Balkanstaaten zu Ende gegangen. Die Bilanz des Treffens, so unser Autor Marinko U\u010dur, f\u00e4llt mager aus. Der Gipfel verwandelte sich in eine Demonstration zur Unterst\u00fctzung der Ukraine in ihrem &#8220;Kampf gegen die russische Aggression&#8221;. Von Marinko U\u010dur So \u00fcberschrieben k\u00f6nnte man das gerade zu Ende [&hellip;]","og_url":"https:\/\/now-news.de\/de\/deutschland\/grosse-erwartungen-und-geringe-chancen-der-balkangipfel-in-tirana\/","og_site_name":"just-now.NEWS Deutschland","article_publisher":"https:\/\/www.facebook.com\/wirmachenauf","article_published_time":"2024-03-01T11:12:29+00:00","og_image":[{"width":460,"height":259,"url":"https:\/\/now-news.de\/de\/wp-content\/uploads\/sites\/3\/2024\/03\/Grosse-Erwartungen-und-geringe-Chancen-Der-Balkangipfel-in-Tirana.jpg","type":"image\/jpeg"}],"author":"rtnews","twitter_card":"summary_large_image","twitter_creator":"@WirMachenAuf_de","twitter_site":"@WirMachenAuf_de","twitter_misc":{"Verfasst von":"rtnews","Gesch\u00e4tzte Lesezeit":"5\u00a0Minuten"},"schema":{"@context":"https:\/\/schema.org","@graph":[{"@type":"Article","@id":"https:\/\/now-news.de\/de\/deutschland\/grosse-erwartungen-und-geringe-chancen-der-balkangipfel-in-tirana\/#article","isPartOf":{"@id":"https:\/\/now-news.de\/de\/deutschland\/grosse-erwartungen-und-geringe-chancen-der-balkangipfel-in-tirana\/"},"author":{"name":"rtnews","@id":"https:\/\/now-news.de\/de\/#\/schema\/person\/fb534a4e865501d8b3285208df34a9b5"},"headline":"Gro\u00dfe Erwartungen und geringe Chancen: Der Balkangipfel in Tirana","datePublished":"2024-03-01T11:12:29+00:00","dateModified":"2024-03-01T11:12:29+00:00","mainEntityOfPage":{"@id":"https:\/\/now-news.de\/de\/deutschland\/grosse-erwartungen-und-geringe-chancen-der-balkangipfel-in-tirana\/"},"wordCount":925,"commentCount":0,"publisher":{"@id":"https:\/\/now-news.de\/de\/#organization"},"image":{"@id":"https:\/\/now-news.de\/de\/deutschland\/grosse-erwartungen-und-geringe-chancen-der-balkangipfel-in-tirana\/#primaryimage"},"thumbnailUrl":"https:\/\/now-news.de\/de\/wp-content\/uploads\/sites\/3\/2024\/03\/Grosse-Erwartungen-und-geringe-Chancen-Der-Balkangipfel-in-Tirana.jpg","keywords":["Balkangipfel","Chancen","der","Erwartungen","geringe","Gro\u00dfe","Tirana","und"],"articleSection":["Deutschland","Russland"],"inLanguage":"de","potentialAction":[{"@type":"CommentAction","name":"Comment","target":["https:\/\/now-news.de\/de\/deutschland\/grosse-erwartungen-und-geringe-chancen-der-balkangipfel-in-tirana\/#respond"]}]},{"@type":"WebPage","@id":"https:\/\/now-news.de\/de\/deutschland\/grosse-erwartungen-und-geringe-chancen-der-balkangipfel-in-tirana\/","url":"https:\/\/now-news.de\/de\/deutschland\/grosse-erwartungen-und-geringe-chancen-der-balkangipfel-in-tirana\/","name":"Gro\u00dfe Erwartungen und geringe Chancen: Der Balkangipfel in Tirana - just-now.NEWS Deutschland","isPartOf":{"@id":"https:\/\/now-news.de\/de\/#website"},"primaryImageOfPage":{"@id":"https:\/\/now-news.de\/de\/deutschland\/grosse-erwartungen-und-geringe-chancen-der-balkangipfel-in-tirana\/#primaryimage"},"image":{"@id":"https:\/\/now-news.de\/de\/deutschland\/grosse-erwartungen-und-geringe-chancen-der-balkangipfel-in-tirana\/#primaryimage"},"thumbnailUrl":"https:\/\/now-news.de\/de\/wp-content\/uploads\/sites\/3\/2024\/03\/Grosse-Erwartungen-und-geringe-Chancen-Der-Balkangipfel-in-Tirana.jpg","datePublished":"2024-03-01T11:12:29+00:00","dateModified":"2024-03-01T11:12:29+00:00","breadcrumb":{"@id":"https:\/\/now-news.de\/de\/deutschland\/grosse-erwartungen-und-geringe-chancen-der-balkangipfel-in-tirana\/#breadcrumb"},"inLanguage":"de","potentialAction":[{"@type":"ReadAction","target":["https:\/\/now-news.de\/de\/deutschland\/grosse-erwartungen-und-geringe-chancen-der-balkangipfel-in-tirana\/"]}]},{"@type":"ImageObject","inLanguage":"de","@id":"https:\/\/now-news.de\/de\/deutschland\/grosse-erwartungen-und-geringe-chancen-der-balkangipfel-in-tirana\/#primaryimage","url":"https:\/\/now-news.de\/de\/wp-content\/uploads\/sites\/3\/2024\/03\/Grosse-Erwartungen-und-geringe-Chancen-Der-Balkangipfel-in-Tirana.jpg","contentUrl":"https:\/\/now-news.de\/de\/wp-content\/uploads\/sites\/3\/2024\/03\/Grosse-Erwartungen-und-geringe-Chancen-Der-Balkangipfel-in-Tirana.jpg","width":460,"height":259,"caption":"Gro\u00dfe Erwartungen und geringe Chancen: Der Balkangipfel in Tirana"},{"@type":"BreadcrumbList","@id":"https:\/\/now-news.de\/de\/deutschland\/grosse-erwartungen-und-geringe-chancen-der-balkangipfel-in-tirana\/#breadcrumb","itemListElement":[{"@type":"ListItem","position":1,"name":"Home","item":"https:\/\/now-news.de\/de\/"},{"@type":"ListItem","position":2,"name":"Gro\u00dfe Erwartungen und geringe Chancen: Der Balkangipfel in Tirana"}]},{"@type":"WebSite","@id":"https:\/\/now-news.de\/de\/#website","url":"https:\/\/now-news.de\/de\/","name":"just-now.NEWS Deutschland","description":"Das Portal f\u00fcr unzensierte Nachrichten aus der Welt","publisher":{"@id":"https:\/\/now-news.de\/de\/#organization"},"potentialAction":[{"@type":"SearchAction","target":{"@type":"EntryPoint","urlTemplate":"https:\/\/now-news.de\/de\/?s={search_term_string}"},"query-input":"required name=search_term_string"}],"inLanguage":"de"},{"@type":"Organization","@id":"https:\/\/now-news.de\/de\/#organization","name":"Just Now News","url":"https:\/\/now-news.de\/de\/","logo":{"@type":"ImageObject","inLanguage":"de","@id":"https:\/\/now-news.de\/de\/#\/schema\/logo\/image\/","url":"http:\/\/just-now.news\/de\/wp-content\/uploads\/sites\/3\/2022\/04\/logo500x500.jpg","contentUrl":"http:\/\/just-now.news\/de\/wp-content\/uploads\/sites\/3\/2022\/04\/logo500x500.jpg","width":500,"height":500,"caption":"Just Now News"},"image":{"@id":"https:\/\/now-news.de\/de\/#\/schema\/logo\/image\/"},"sameAs":["https:\/\/www.facebook.com\/wirmachenauf","https:\/\/x.com\/WirMachenAuf_de"]},{"@type":"Person","@id":"https:\/\/now-news.de\/de\/#\/schema\/person\/fb534a4e865501d8b3285208df34a9b5","name":"rtnews","image":{"@type":"ImageObject","inLanguage":"de","@id":"https:\/\/now-news.de\/de\/#\/schema\/person\/image\/","url":"https:\/\/secure.gravatar.com\/avatar\/82aafea7d8127119dd649515f56e2117?s=96&d=mm&r=g","contentUrl":"https:\/\/secure.gravatar.com\/avatar\/82aafea7d8127119dd649515f56e2117?s=96&d=mm&r=g","caption":"rtnews"},"url":"https:\/\/now-news.de\/de\/author\/rnews\/"}]}},"_links":{"self":[{"href":"https:\/\/now-news.de\/de\/wp-json\/wp\/v2\/posts\/56313"}],"collection":[{"href":"https:\/\/now-news.de\/de\/wp-json\/wp\/v2\/posts"}],"about":[{"href":"https:\/\/now-news.de\/de\/wp-json\/wp\/v2\/types\/post"}],"author":[{"embeddable":true,"href":"https:\/\/now-news.de\/de\/wp-json\/wp\/v2\/users\/3"}],"replies":[{"embeddable":true,"href":"https:\/\/now-news.de\/de\/wp-json\/wp\/v2\/comments?post=56313"}],"version-history":[{"count":0,"href":"https:\/\/now-news.de\/de\/wp-json\/wp\/v2\/posts\/56313\/revisions"}],"wp:featuredmedia":[{"embeddable":true,"href":"https:\/\/now-news.de\/de\/wp-json\/wp\/v2\/media\/56314"}],"wp:attachment":[{"href":"https:\/\/now-news.de\/de\/wp-json\/wp\/v2\/media?parent=56313"}],"wp:term":[{"taxonomy":"category","embeddable":true,"href":"https:\/\/now-news.de\/de\/wp-json\/wp\/v2\/categories?post=56313"},{"taxonomy":"post_tag","embeddable":true,"href":"https:\/\/now-news.de\/de\/wp-json\/wp\/v2\/tags?post=56313"}],"curies":[{"name":"wp","href":"https:\/\/api.w.org\/{rel}","templated":true}]}}