{"id":56275,"date":"2024-02-29T21:38:10","date_gmt":"2024-02-29T19:38:10","guid":{"rendered":"https:\/\/just-now.news\/de\/deutschland\/macron-versus-scholz-und-die-folgen-die-twitterer-beeilten-sich-zu-reagieren\/"},"modified":"2024-02-29T21:38:10","modified_gmt":"2024-02-29T19:38:10","slug":"macron-versus-scholz-und-die-folgen-die-twitterer-beeilten-sich-zu-reagieren","status":"publish","type":"post","link":"https:\/\/now-news.de\/de\/deutschland\/macron-versus-scholz-und-die-folgen-die-twitterer-beeilten-sich-zu-reagieren\/","title":{"rendered":"Macron versus Scholz und die Folgen: Die &quot;Twitterer&quot; beeilten sich zu reagieren"},"content":{"rendered":"<p><img decoding=\"async\" src=\"http:\/\/just-now.news\/de\/wp-content\/uploads\/sites\/3\/2024\/02\/65e0c1f7b480cc40a85298a6.jpg\" \/><\/p>\n<div class=\"Text-root Text-type_1 \">\n                Der franz\u00f6sische Vorsto\u00df zur Entsendung von Bodentruppen in die Ukraine scheint f\u00fcrs Erste gescheitert zu sein. Olaf Scholz widersprach Emmanuel Macron. Aber die Debatte ist er\u00f6ffnet. Aus Moskau kommentiert Dmitri Petrowski die Gefahr eines Einsatzes der Bundeswehr in der Ukraine.\n            <\/div>\n<p><\/p>\n<div class=\"Text-root Text-type_5 ArticleView-text ViewText-root \">\n<p><em>Von Dmitri Petrowski<\/em><\/p>\n<p>Olaf Scholz nahm eine Videobotschaft auf und stellte sie in das soziale Netzwerk <em>X<\/em> (ehemals <em>Twitter<\/em>) ein, in der er erkl\u00e4rte, dass Deutschland nicht in einen Krieg mit der Ukraine ziehen werde und dass die NATO keine Partei in diesem Konflikt sei.<\/p>\n<p>Daraufhin beeilten sich die Twitterer, ihm zu antworten, dass Deutschland eigentlich eine parlamentarische Demokratie sei und er nichts entscheide.<\/p>\n<p>Ich m\u00f6chte Sie daran erinnern, dass Macron der Erste war, der in den Krieg mit Russland ziehen wollte, gefolgt von der estnischen Premierministerin Kaja Kallas. Zumindest sagten beide Politiker, sie seien bereit, ihre B\u00fcrger als Teil der NATO-Truppen in die Ukraine zu schicken. Scholz hat eine Antwort aufgezeichnet \u2013 und hier ist sie: &#8230;<\/p>\n<p>Ja, wenn schon, hat sogar B\u00fcndnis-Generalsekret\u00e4r Stoltenberg die Entsendung eines NATO-Kontingents dementiert: Er sagte, es gebe keine Pl\u00e4ne daf\u00fcr. Aber Macron, als Pr\u00e4sident, kann theoretisch seine tapferen Grenadiere allein nach Kiew schicken. Aber kann die BRD, wenn Scholz nicht will &#8230;<\/p>\n<p>Deutschland ist eine parlamentarische Republik, d. h. die h\u00f6chste Instanz ist das Parlament, auch Bundestag genannt. Olaf Scholz ist als Vorsitzender der Regierungspartei SPD der De-facto-Chef des Bundestages.<\/p>\n<p>Das Problem ist, dass die SPD nicht einmal ann\u00e4hernd die Gestaltungsmehrheit hat, die Merkels Partei in ihren besten Jahren hatte.<\/p>\n<p>Und wenn es zu einem Bruch der Koalition kommt (die Christdemokraten schlie\u00dfen sich zum Beispiel mit den Gr\u00fcnen zusammen und wollen, dass Deutschland doch Truppen in die Ukraine schickt), hat Scholz nichts, um sie zu blockieren. So zumindest in der Theorie.<\/p>\n<p>In der Praxis hat jedoch keine der beiden gro\u00dfen Parteien bisher eine besondere Neigung zur Scharfmacherei gezeigt. Die Gr\u00fcnen und gelegentlich die Liberalen st\u00f6ren die Ruhe, aber selbst wenn sie sich zusammenschlie\u00dfen, werden sie die SPD allein nicht \u00fcberfl\u00fcgeln.<\/p>\n<p>Und ja, vergessen Sie nicht die Alternative f\u00fcr Deutschland, die auf keinen Fall f\u00fcr einen Truppeneinsatz in der Ukraine stimmen wird.<\/p>\n<p>Im Allgemeinen haben die Twitterer, die Scholz daran erinnern, dass es nicht so einfach ist, technisch gesehen recht, aber das \u00e4ndert nicht viel. Deutschland als Ganzes will sich nicht voll in diesen Konflikt einmischen, Scholz hat von Anfang an, so gut es geht, man\u00f6vriert, und das ist auch richtig so \u2013 sonst verstehen es die B\u00fcrger einfach nicht. Aber die Ukrainer sollten nicht verzweifeln. Immerhin haben sie Estland.<\/p>\n<p><em>Der Standpunkt des Autors muss nicht mit dem der Redaktion \u00fcbereinstimmen.<\/em><\/p>\n<p><em>\u00dcbersetzung aus dem <a rel=\"nofollow noopener\" target=\"_blank\" href=\"https:\/\/russian.rt.com\/opinion\/1279476-petrovskii-germaniya-bundestag-ukraina-voiska-reshenie\">Russischen<\/a>. Der Kommentar erschien zuerst am 29.02.2024 auf RT \u043d\u0430 \u0440\u0443\u0441\u0441\u043a\u043e\u043c.<\/em><\/p>\n<p><em><strong>Dmitri Petrowski<\/strong> ist Schriftsteller, Drehbuchautor, Publizist. Autor der B\u00fccher &#8220;Eine Aff\u00e4re mit einem Maschinengewehr&#8221; und &#8220;Liebling, ich bin zu Hause&#8221;.<\/em><\/p>\n<p><strong>Mehr zum Thema<\/strong> \u2013 <a rel=\"nofollow noopener\" target=\"_blank\" href=\"https:\/\/freedert.online\/meinung\/197819-was-bedeuten-macrons-aeusserungen-zur\/\">Was bedeuten Macrons \u00c4u\u00dferungen zur Entsendung von Bodentruppen?<\/a><\/p>\n<\/p>\n<\/div>\n<p><br \/>\n<br \/><a href=\"https:\/\/de.rt.com\/meinung\/197901-macron-versus-scholz-und-folgen\/\">Source link <\/a><\/p>\n","protected":false},"excerpt":{"rendered":"<p>Der franz\u00f6sische Vorsto\u00df zur Entsendung von Bodentruppen in die Ukraine scheint f\u00fcrs Erste gescheitert zu sein. Olaf Scholz widersprach Emmanuel Macron. Aber die Debatte ist er\u00f6ffnet. Aus Moskau kommentiert Dmitri Petrowski die Gefahr eines Einsatzes der Bundeswehr in der Ukraine. Von Dmitri Petrowski Olaf Scholz nahm eine Videobotschaft auf und stellte sie in das soziale [&hellip;]<\/p>\n","protected":false},"author":3,"featured_media":56276,"comment_status":"open","ping_status":"open","sticky":false,"template":"","format":"standard","meta":{"_yoast_indexnow_last_ping":["1709236046"],"wp_automatic_camp":["217"],"c4274a87a99fd67aa04f278e933c3b65":["Macron versus Scholz und die Folgen: Die &quot;Twitterer&quot; beeilten sich zu reagieren"],"original_link":["https:\/\/de.rt.com\/meinung\/197901-macron-versus-scholz-und-folgen\/"],"_thumbnail_id":["56276"],"_wptgpro_p2tg_sent2tg":["a:1:{i:23737;s:19:\"2024-02-29 21:48:29\";}"],"jnews_social_counter_last_update":["1777706201"]},"categories":[19,23],"tags":[54022,45,2378,1711,54021,535,1001,434,140],"yoast_head":"<!-- This site is optimized with the Yoast SEO Premium plugin v22.7 (Yoast SEO v22.7) - https:\/\/yoast.com\/wordpress\/plugins\/seo\/ -->\n<title>Macron versus Scholz und die Folgen: Die &quot;Twitterer&quot; beeilten sich zu reagieren - just-now.NEWS Deutschland<\/title>\n<meta name=\"robots\" content=\"index, follow, max-snippet:-1, max-image-preview:large, max-video-preview:-1\" \/>\n<link rel=\"canonical\" href=\"https:\/\/now-news.de\/de\/deutschland\/macron-versus-scholz-und-die-folgen-die-twitterer-beeilten-sich-zu-reagieren\/\" \/>\n<meta property=\"og:locale\" content=\"de_DE\" \/>\n<meta property=\"og:type\" content=\"article\" \/>\n<meta property=\"og:title\" content=\"Macron versus Scholz und die Folgen: Die &quot;Twitterer&quot; beeilten sich zu reagieren\" \/>\n<meta property=\"og:description\" content=\"Der franz\u00f6sische Vorsto\u00df zur Entsendung von Bodentruppen in die Ukraine scheint f\u00fcrs Erste gescheitert zu sein. Olaf Scholz widersprach Emmanuel Macron. Aber die Debatte ist er\u00f6ffnet. Aus Moskau kommentiert Dmitri Petrowski die Gefahr eines Einsatzes der Bundeswehr in der Ukraine. Von Dmitri Petrowski Olaf Scholz nahm eine Videobotschaft auf und stellte sie in das soziale [&hellip;]\" \/>\n<meta property=\"og:url\" content=\"https:\/\/now-news.de\/de\/deutschland\/macron-versus-scholz-und-die-folgen-die-twitterer-beeilten-sich-zu-reagieren\/\" \/>\n<meta property=\"og:site_name\" content=\"just-now.NEWS Deutschland\" \/>\n<meta property=\"article:publisher\" content=\"https:\/\/www.facebook.com\/wirmachenauf\" \/>\n<meta property=\"article:published_time\" content=\"2024-02-29T19:38:10+00:00\" \/>\n<meta property=\"og:image\" content=\"https:\/\/now-news.de\/de\/wp-content\/uploads\/sites\/3\/2024\/02\/Macron-versus-Scholz-und-die-Folgen-Die-quotTwittererquot-beeilten-sich.jpg\" \/>\n\t<meta property=\"og:image:width\" content=\"460\" \/>\n\t<meta property=\"og:image:height\" content=\"259\" \/>\n\t<meta property=\"og:image:type\" content=\"image\/jpeg\" \/>\n<meta name=\"author\" content=\"rtnews\" \/>\n<meta name=\"twitter:card\" content=\"summary_large_image\" \/>\n<meta name=\"twitter:creator\" content=\"@WirMachenAuf_de\" \/>\n<meta name=\"twitter:site\" content=\"@WirMachenAuf_de\" \/>\n<meta name=\"twitter:label1\" content=\"Verfasst von\" \/>\n\t<meta name=\"twitter:data1\" content=\"rtnews\" \/>\n\t<meta name=\"twitter:label2\" content=\"Gesch\u00e4tzte Lesezeit\" \/>\n\t<meta name=\"twitter:data2\" content=\"2\u00a0Minuten\" \/>\n<script type=\"application\/ld+json\" class=\"yoast-schema-graph\">{\"@context\":\"https:\/\/schema.org\",\"@graph\":[{\"@type\":\"Article\",\"@id\":\"https:\/\/now-news.de\/de\/deutschland\/macron-versus-scholz-und-die-folgen-die-twitterer-beeilten-sich-zu-reagieren\/#article\",\"isPartOf\":{\"@id\":\"https:\/\/now-news.de\/de\/deutschland\/macron-versus-scholz-und-die-folgen-die-twitterer-beeilten-sich-zu-reagieren\/\"},\"author\":{\"name\":\"rtnews\",\"@id\":\"https:\/\/now-news.de\/de\/#\/schema\/person\/fb534a4e865501d8b3285208df34a9b5\"},\"headline\":\"Macron versus Scholz und die Folgen: Die &quot;Twitterer&quot; beeilten sich zu reagieren\",\"datePublished\":\"2024-02-29T19:38:10+00:00\",\"dateModified\":\"2024-02-29T19:38:10+00:00\",\"mainEntityOfPage\":{\"@id\":\"https:\/\/now-news.de\/de\/deutschland\/macron-versus-scholz-und-die-folgen-die-twitterer-beeilten-sich-zu-reagieren\/\"},\"wordCount\":511,\"commentCount\":0,\"publisher\":{\"@id\":\"https:\/\/now-news.de\/de\/#organization\"},\"image\":{\"@id\":\"https:\/\/now-news.de\/de\/deutschland\/macron-versus-scholz-und-die-folgen-die-twitterer-beeilten-sich-zu-reagieren\/#primaryimage\"},\"thumbnailUrl\":\"https:\/\/now-news.de\/de\/wp-content\/uploads\/sites\/3\/2024\/02\/Macron-versus-Scholz-und-die-Folgen-Die-quotTwittererquot-beeilten-sich.jpg\",\"keywords\":[\"beeilten\",\"die\",\"Folgen\",\"macron\",\"quotTwittererquot\",\"reagieren\",\"Scholz\",\"sich\",\"und\"],\"articleSection\":[\"Deutschland\",\"Russland\"],\"inLanguage\":\"de\",\"potentialAction\":[{\"@type\":\"CommentAction\",\"name\":\"Comment\",\"target\":[\"https:\/\/now-news.de\/de\/deutschland\/macron-versus-scholz-und-die-folgen-die-twitterer-beeilten-sich-zu-reagieren\/#respond\"]}]},{\"@type\":\"WebPage\",\"@id\":\"https:\/\/now-news.de\/de\/deutschland\/macron-versus-scholz-und-die-folgen-die-twitterer-beeilten-sich-zu-reagieren\/\",\"url\":\"https:\/\/now-news.de\/de\/deutschland\/macron-versus-scholz-und-die-folgen-die-twitterer-beeilten-sich-zu-reagieren\/\",\"name\":\"Macron versus Scholz und die Folgen: Die &quot;Twitterer&quot; beeilten sich zu reagieren - just-now.NEWS Deutschland\",\"isPartOf\":{\"@id\":\"https:\/\/now-news.de\/de\/#website\"},\"primaryImageOfPage\":{\"@id\":\"https:\/\/now-news.de\/de\/deutschland\/macron-versus-scholz-und-die-folgen-die-twitterer-beeilten-sich-zu-reagieren\/#primaryimage\"},\"image\":{\"@id\":\"https:\/\/now-news.de\/de\/deutschland\/macron-versus-scholz-und-die-folgen-die-twitterer-beeilten-sich-zu-reagieren\/#primaryimage\"},\"thumbnailUrl\":\"https:\/\/now-news.de\/de\/wp-content\/uploads\/sites\/3\/2024\/02\/Macron-versus-Scholz-und-die-Folgen-Die-quotTwittererquot-beeilten-sich.jpg\",\"datePublished\":\"2024-02-29T19:38:10+00:00\",\"dateModified\":\"2024-02-29T19:38:10+00:00\",\"breadcrumb\":{\"@id\":\"https:\/\/now-news.de\/de\/deutschland\/macron-versus-scholz-und-die-folgen-die-twitterer-beeilten-sich-zu-reagieren\/#breadcrumb\"},\"inLanguage\":\"de\",\"potentialAction\":[{\"@type\":\"ReadAction\",\"target\":[\"https:\/\/now-news.de\/de\/deutschland\/macron-versus-scholz-und-die-folgen-die-twitterer-beeilten-sich-zu-reagieren\/\"]}]},{\"@type\":\"ImageObject\",\"inLanguage\":\"de\",\"@id\":\"https:\/\/now-news.de\/de\/deutschland\/macron-versus-scholz-und-die-folgen-die-twitterer-beeilten-sich-zu-reagieren\/#primaryimage\",\"url\":\"https:\/\/now-news.de\/de\/wp-content\/uploads\/sites\/3\/2024\/02\/Macron-versus-Scholz-und-die-Folgen-Die-quotTwittererquot-beeilten-sich.jpg\",\"contentUrl\":\"https:\/\/now-news.de\/de\/wp-content\/uploads\/sites\/3\/2024\/02\/Macron-versus-Scholz-und-die-Folgen-Die-quotTwittererquot-beeilten-sich.jpg\",\"width\":460,\"height\":259,\"caption\":\"Macron versus Scholz und die Folgen: Die &quot;Twitterer&quot; beeilten sich zu reagieren\"},{\"@type\":\"BreadcrumbList\",\"@id\":\"https:\/\/now-news.de\/de\/deutschland\/macron-versus-scholz-und-die-folgen-die-twitterer-beeilten-sich-zu-reagieren\/#breadcrumb\",\"itemListElement\":[{\"@type\":\"ListItem\",\"position\":1,\"name\":\"Home\",\"item\":\"https:\/\/now-news.de\/de\/\"},{\"@type\":\"ListItem\",\"position\":2,\"name\":\"Macron versus Scholz und die Folgen: Die &quot;Twitterer&quot; beeilten sich zu reagieren\"}]},{\"@type\":\"WebSite\",\"@id\":\"https:\/\/now-news.de\/de\/#website\",\"url\":\"https:\/\/now-news.de\/de\/\",\"name\":\"just-now.NEWS Deutschland\",\"description\":\"Das Portal f\u00fcr unzensierte Nachrichten aus der Welt\",\"publisher\":{\"@id\":\"https:\/\/now-news.de\/de\/#organization\"},\"potentialAction\":[{\"@type\":\"SearchAction\",\"target\":{\"@type\":\"EntryPoint\",\"urlTemplate\":\"https:\/\/now-news.de\/de\/?s={search_term_string}\"},\"query-input\":\"required name=search_term_string\"}],\"inLanguage\":\"de\"},{\"@type\":\"Organization\",\"@id\":\"https:\/\/now-news.de\/de\/#organization\",\"name\":\"Just Now News\",\"url\":\"https:\/\/now-news.de\/de\/\",\"logo\":{\"@type\":\"ImageObject\",\"inLanguage\":\"de\",\"@id\":\"https:\/\/now-news.de\/de\/#\/schema\/logo\/image\/\",\"url\":\"http:\/\/just-now.news\/de\/wp-content\/uploads\/sites\/3\/2022\/04\/logo500x500.jpg\",\"contentUrl\":\"http:\/\/just-now.news\/de\/wp-content\/uploads\/sites\/3\/2022\/04\/logo500x500.jpg\",\"width\":500,\"height\":500,\"caption\":\"Just Now News\"},\"image\":{\"@id\":\"https:\/\/now-news.de\/de\/#\/schema\/logo\/image\/\"},\"sameAs\":[\"https:\/\/www.facebook.com\/wirmachenauf\",\"https:\/\/x.com\/WirMachenAuf_de\"]},{\"@type\":\"Person\",\"@id\":\"https:\/\/now-news.de\/de\/#\/schema\/person\/fb534a4e865501d8b3285208df34a9b5\",\"name\":\"rtnews\",\"image\":{\"@type\":\"ImageObject\",\"inLanguage\":\"de\",\"@id\":\"https:\/\/now-news.de\/de\/#\/schema\/person\/image\/\",\"url\":\"https:\/\/secure.gravatar.com\/avatar\/82aafea7d8127119dd649515f56e2117?s=96&d=mm&r=g\",\"contentUrl\":\"https:\/\/secure.gravatar.com\/avatar\/82aafea7d8127119dd649515f56e2117?s=96&d=mm&r=g\",\"caption\":\"rtnews\"},\"url\":\"https:\/\/now-news.de\/de\/author\/rnews\/\"}]}<\/script>\n<!-- \/ Yoast SEO Premium plugin. -->","yoast_head_json":{"title":"Macron versus Scholz und die Folgen: Die &quot;Twitterer&quot; beeilten sich zu reagieren - just-now.NEWS Deutschland","robots":{"index":"index","follow":"follow","max-snippet":"max-snippet:-1","max-image-preview":"max-image-preview:large","max-video-preview":"max-video-preview:-1"},"canonical":"https:\/\/now-news.de\/de\/deutschland\/macron-versus-scholz-und-die-folgen-die-twitterer-beeilten-sich-zu-reagieren\/","og_locale":"de_DE","og_type":"article","og_title":"Macron versus Scholz und die Folgen: Die &quot;Twitterer&quot; beeilten sich zu reagieren","og_description":"Der franz\u00f6sische Vorsto\u00df zur Entsendung von Bodentruppen in die Ukraine scheint f\u00fcrs Erste gescheitert zu sein. Olaf Scholz widersprach Emmanuel Macron. Aber die Debatte ist er\u00f6ffnet. Aus Moskau kommentiert Dmitri Petrowski die Gefahr eines Einsatzes der Bundeswehr in der Ukraine. Von Dmitri Petrowski Olaf Scholz nahm eine Videobotschaft auf und stellte sie in das soziale [&hellip;]","og_url":"https:\/\/now-news.de\/de\/deutschland\/macron-versus-scholz-und-die-folgen-die-twitterer-beeilten-sich-zu-reagieren\/","og_site_name":"just-now.NEWS Deutschland","article_publisher":"https:\/\/www.facebook.com\/wirmachenauf","article_published_time":"2024-02-29T19:38:10+00:00","og_image":[{"width":460,"height":259,"url":"https:\/\/now-news.de\/de\/wp-content\/uploads\/sites\/3\/2024\/02\/Macron-versus-Scholz-und-die-Folgen-Die-quotTwittererquot-beeilten-sich.jpg","type":"image\/jpeg"}],"author":"rtnews","twitter_card":"summary_large_image","twitter_creator":"@WirMachenAuf_de","twitter_site":"@WirMachenAuf_de","twitter_misc":{"Verfasst von":"rtnews","Gesch\u00e4tzte Lesezeit":"2\u00a0Minuten"},"schema":{"@context":"https:\/\/schema.org","@graph":[{"@type":"Article","@id":"https:\/\/now-news.de\/de\/deutschland\/macron-versus-scholz-und-die-folgen-die-twitterer-beeilten-sich-zu-reagieren\/#article","isPartOf":{"@id":"https:\/\/now-news.de\/de\/deutschland\/macron-versus-scholz-und-die-folgen-die-twitterer-beeilten-sich-zu-reagieren\/"},"author":{"name":"rtnews","@id":"https:\/\/now-news.de\/de\/#\/schema\/person\/fb534a4e865501d8b3285208df34a9b5"},"headline":"Macron versus Scholz und die Folgen: Die &quot;Twitterer&quot; beeilten sich zu reagieren","datePublished":"2024-02-29T19:38:10+00:00","dateModified":"2024-02-29T19:38:10+00:00","mainEntityOfPage":{"@id":"https:\/\/now-news.de\/de\/deutschland\/macron-versus-scholz-und-die-folgen-die-twitterer-beeilten-sich-zu-reagieren\/"},"wordCount":511,"commentCount":0,"publisher":{"@id":"https:\/\/now-news.de\/de\/#organization"},"image":{"@id":"https:\/\/now-news.de\/de\/deutschland\/macron-versus-scholz-und-die-folgen-die-twitterer-beeilten-sich-zu-reagieren\/#primaryimage"},"thumbnailUrl":"https:\/\/now-news.de\/de\/wp-content\/uploads\/sites\/3\/2024\/02\/Macron-versus-Scholz-und-die-Folgen-Die-quotTwittererquot-beeilten-sich.jpg","keywords":["beeilten","die","Folgen","macron","quotTwittererquot","reagieren","Scholz","sich","und"],"articleSection":["Deutschland","Russland"],"inLanguage":"de","potentialAction":[{"@type":"CommentAction","name":"Comment","target":["https:\/\/now-news.de\/de\/deutschland\/macron-versus-scholz-und-die-folgen-die-twitterer-beeilten-sich-zu-reagieren\/#respond"]}]},{"@type":"WebPage","@id":"https:\/\/now-news.de\/de\/deutschland\/macron-versus-scholz-und-die-folgen-die-twitterer-beeilten-sich-zu-reagieren\/","url":"https:\/\/now-news.de\/de\/deutschland\/macron-versus-scholz-und-die-folgen-die-twitterer-beeilten-sich-zu-reagieren\/","name":"Macron versus Scholz und die Folgen: Die &quot;Twitterer&quot; beeilten sich zu reagieren - just-now.NEWS Deutschland","isPartOf":{"@id":"https:\/\/now-news.de\/de\/#website"},"primaryImageOfPage":{"@id":"https:\/\/now-news.de\/de\/deutschland\/macron-versus-scholz-und-die-folgen-die-twitterer-beeilten-sich-zu-reagieren\/#primaryimage"},"image":{"@id":"https:\/\/now-news.de\/de\/deutschland\/macron-versus-scholz-und-die-folgen-die-twitterer-beeilten-sich-zu-reagieren\/#primaryimage"},"thumbnailUrl":"https:\/\/now-news.de\/de\/wp-content\/uploads\/sites\/3\/2024\/02\/Macron-versus-Scholz-und-die-Folgen-Die-quotTwittererquot-beeilten-sich.jpg","datePublished":"2024-02-29T19:38:10+00:00","dateModified":"2024-02-29T19:38:10+00:00","breadcrumb":{"@id":"https:\/\/now-news.de\/de\/deutschland\/macron-versus-scholz-und-die-folgen-die-twitterer-beeilten-sich-zu-reagieren\/#breadcrumb"},"inLanguage":"de","potentialAction":[{"@type":"ReadAction","target":["https:\/\/now-news.de\/de\/deutschland\/macron-versus-scholz-und-die-folgen-die-twitterer-beeilten-sich-zu-reagieren\/"]}]},{"@type":"ImageObject","inLanguage":"de","@id":"https:\/\/now-news.de\/de\/deutschland\/macron-versus-scholz-und-die-folgen-die-twitterer-beeilten-sich-zu-reagieren\/#primaryimage","url":"https:\/\/now-news.de\/de\/wp-content\/uploads\/sites\/3\/2024\/02\/Macron-versus-Scholz-und-die-Folgen-Die-quotTwittererquot-beeilten-sich.jpg","contentUrl":"https:\/\/now-news.de\/de\/wp-content\/uploads\/sites\/3\/2024\/02\/Macron-versus-Scholz-und-die-Folgen-Die-quotTwittererquot-beeilten-sich.jpg","width":460,"height":259,"caption":"Macron versus Scholz und die Folgen: Die &quot;Twitterer&quot; beeilten sich zu reagieren"},{"@type":"BreadcrumbList","@id":"https:\/\/now-news.de\/de\/deutschland\/macron-versus-scholz-und-die-folgen-die-twitterer-beeilten-sich-zu-reagieren\/#breadcrumb","itemListElement":[{"@type":"ListItem","position":1,"name":"Home","item":"https:\/\/now-news.de\/de\/"},{"@type":"ListItem","position":2,"name":"Macron versus Scholz und die Folgen: Die &quot;Twitterer&quot; beeilten sich zu reagieren"}]},{"@type":"WebSite","@id":"https:\/\/now-news.de\/de\/#website","url":"https:\/\/now-news.de\/de\/","name":"just-now.NEWS Deutschland","description":"Das Portal f\u00fcr unzensierte Nachrichten aus der Welt","publisher":{"@id":"https:\/\/now-news.de\/de\/#organization"},"potentialAction":[{"@type":"SearchAction","target":{"@type":"EntryPoint","urlTemplate":"https:\/\/now-news.de\/de\/?s={search_term_string}"},"query-input":"required name=search_term_string"}],"inLanguage":"de"},{"@type":"Organization","@id":"https:\/\/now-news.de\/de\/#organization","name":"Just Now News","url":"https:\/\/now-news.de\/de\/","logo":{"@type":"ImageObject","inLanguage":"de","@id":"https:\/\/now-news.de\/de\/#\/schema\/logo\/image\/","url":"http:\/\/just-now.news\/de\/wp-content\/uploads\/sites\/3\/2022\/04\/logo500x500.jpg","contentUrl":"http:\/\/just-now.news\/de\/wp-content\/uploads\/sites\/3\/2022\/04\/logo500x500.jpg","width":500,"height":500,"caption":"Just Now News"},"image":{"@id":"https:\/\/now-news.de\/de\/#\/schema\/logo\/image\/"},"sameAs":["https:\/\/www.facebook.com\/wirmachenauf","https:\/\/x.com\/WirMachenAuf_de"]},{"@type":"Person","@id":"https:\/\/now-news.de\/de\/#\/schema\/person\/fb534a4e865501d8b3285208df34a9b5","name":"rtnews","image":{"@type":"ImageObject","inLanguage":"de","@id":"https:\/\/now-news.de\/de\/#\/schema\/person\/image\/","url":"https:\/\/secure.gravatar.com\/avatar\/82aafea7d8127119dd649515f56e2117?s=96&d=mm&r=g","contentUrl":"https:\/\/secure.gravatar.com\/avatar\/82aafea7d8127119dd649515f56e2117?s=96&d=mm&r=g","caption":"rtnews"},"url":"https:\/\/now-news.de\/de\/author\/rnews\/"}]}},"_links":{"self":[{"href":"https:\/\/now-news.de\/de\/wp-json\/wp\/v2\/posts\/56275"}],"collection":[{"href":"https:\/\/now-news.de\/de\/wp-json\/wp\/v2\/posts"}],"about":[{"href":"https:\/\/now-news.de\/de\/wp-json\/wp\/v2\/types\/post"}],"author":[{"embeddable":true,"href":"https:\/\/now-news.de\/de\/wp-json\/wp\/v2\/users\/3"}],"replies":[{"embeddable":true,"href":"https:\/\/now-news.de\/de\/wp-json\/wp\/v2\/comments?post=56275"}],"version-history":[{"count":0,"href":"https:\/\/now-news.de\/de\/wp-json\/wp\/v2\/posts\/56275\/revisions"}],"wp:featuredmedia":[{"embeddable":true,"href":"https:\/\/now-news.de\/de\/wp-json\/wp\/v2\/media\/56276"}],"wp:attachment":[{"href":"https:\/\/now-news.de\/de\/wp-json\/wp\/v2\/media?parent=56275"}],"wp:term":[{"taxonomy":"category","embeddable":true,"href":"https:\/\/now-news.de\/de\/wp-json\/wp\/v2\/categories?post=56275"},{"taxonomy":"post_tag","embeddable":true,"href":"https:\/\/now-news.de\/de\/wp-json\/wp\/v2\/tags?post=56275"}],"curies":[{"name":"wp","href":"https:\/\/api.w.org\/{rel}","templated":true}]}}