{"id":56273,"date":"2024-02-29T21:05:48","date_gmt":"2024-02-29T19:05:48","guid":{"rendered":"https:\/\/just-now.news\/de\/deutschland\/ist-die-anwesenheit-westlicher-truppen-in-der-ukraine-jetzt-bestaetigt\/"},"modified":"2024-02-29T21:05:48","modified_gmt":"2024-02-29T19:05:48","slug":"ist-die-anwesenheit-westlicher-truppen-in-der-ukraine-jetzt-bestaetigt","status":"publish","type":"post","link":"https:\/\/now-news.de\/de\/deutschland\/ist-die-anwesenheit-westlicher-truppen-in-der-ukraine-jetzt-bestaetigt\/","title":{"rendered":"Ist die Anwesenheit westlicher Truppen in der Ukraine jetzt best\u00e4tigt?"},"content":{"rendered":"<p><img decoding=\"async\" src=\"http:\/\/just-now.news\/de\/wp-content\/uploads\/sites\/3\/2024\/02\/65e07a1f48fbef3ce3340958.jpg\" \/><\/p>\n<div class=\"Text-root Text-type_1 \">\n                Es ist das zweite Mal, dass derartige Informationen in westlichen Medien auftauchen, die die l\u00e4ngst vermutete Anwesenheit von offiziellen westlichen Truppen, nicht S\u00f6ldnern, best\u00e4tigen. Auch die Aussagen von Bundeskanzler Scholz deuten darauf hin.\n            <\/div>\n<p><\/p>\n<div class=\"Text-root Text-type_5 ArticleView-text ViewText-root \">\n<p>Es war nur ein kurzes Zitat in einem <a rel=\"nofollow noopener\" target=\"_blank\" href=\"https:\/\/www.ft.com\/content\/10df6f24-7ce6-407f-8509-76c65ec6e740\">Artikel<\/a> der <em>Financial Times<\/em> zu Macrons j\u00fcngsten Aussagen, aber es wurde au\u00dferhalb Deutschlands sehr aufmerksam aufgenommen. <em>Al Mayadeen, United News of India<\/em> und die <em>Kyiv Post<\/em> berichteten beispielsweise dar\u00fcber.<\/p>\n<blockquote>\n<p><em>&#8220;Ein h\u00f6herrangiger europ\u00e4ischer Verteidigungsbeamter sagte, Macrons Aussagen sollten Abschreckung und Unklarheit Russland gegen\u00fcber schaffen, und er f\u00fcgte hinzu: &#8216;Jeder wei\u00df, dass es westliche Spezialeinheiten in der Ukraine gibt \u2013 sie haben es nur nicht offiziell zugegeben.'&#8221;<\/em><\/p>\n<\/blockquote>\n<p>Die <em>Kyiv Post<\/em> hatte in der Folge eine Stellungnahme des Sprechers des ukrainischen Milit\u00e4rgeheimdienstes <a rel=\"nofollow noopener\" target=\"_blank\" href=\"https:\/\/www.kyivpost.com\/post\/28758\">eingeholt<\/a>, der daraufhin &#8220;die Behauptung, dass westliche L\u00e4nder in der Ukraine Spezialeinheiten einsetzen w\u00fcrden, weder best\u00e4tigte noch zur\u00fcckwies.&#8221;<\/p>\n<p>Im selben Artikel wird daran erinnert, dass der <em>Guardian<\/em> bereits im April 2023 geleakte Dokumente des US-Milit\u00e4rs <a rel=\"nofollow noopener\" target=\"_blank\" href=\"https:\/\/www.theguardian.com\/uk-news\/2023\/apr\/11\/up-to-50-uk-special-forces-present-in-ukraine-this-year-us-leak-suggests\">zitierte<\/a>, nach denen etwa 100 Angeh\u00f6rige von Spezialeinheiten in der Ukraine seien:<\/p>\n<blockquote>\n<p><em>&#8220;US-Vertreter sch\u00e4tzten damals, dass von den 97 Angeh\u00f6rigen von Spezialeinheiten aus NATO-L\u00e4ndern, die in der Ukraine aktiv waren, 50 Briten waren. Das ist eine deutlich h\u00f6here Anzahl als aus den USA und aus Frankreich, die 14 respektive 15 Angeh\u00f6rige von Spezialeinheiten im Einsatz haben sollen.&#8221;<\/em><\/p>\n<\/blockquote>\n<p>Damals hatte das britische Verteidigungsministerium diese Dokumente nicht kommentiert, allerdings in einem Tweet angemerkt, der Leak zeige &#8220;ein ernsthaftes Niveau der Ungenauigkeit&#8221;.<\/p>\n<p>Der Leak im vergangenen Jahr wurde kurzfristig auch von einigen deutschen Medien aufgegriffen, verschwand aber sehr schnell wieder aus der Debatte. Das neue Zitat aus der <em>Financial Times<\/em> hat noch keine weiteren Kreise gezogen, nur der <em>M\u00fcnchner Merkur<\/em>\u00a0<a rel=\"nofollow noopener\" target=\"_blank\" href=\"https:\/\/www.merkur.de\/politik\/militaer-macron-bodentruppen-ukraine-krieg-spezialkraefte-westen-eu-insider-nato-zr-92859777.html\">berichtet<\/a> dar\u00fcber, und f\u00fcgt hinzu:<\/p>\n<blockquote>\n<p><em>&#8220;Die Reaktion von 10 Downing Streeet auf die j\u00fcngsten \u00c4u\u00dferungen von Emmanuel Macron scheint die Pr\u00e4senz britischer Truppen in der Ukraine jetzt aber indirekt zu best\u00e4tigen. &#8216;\u00dcber die geringe Zahl von Kr\u00e4ften im Land, die die Streitkr\u00e4fte unterst\u00fctzen, hinaus haben wir keine Pl\u00e4ne, Truppen im gro\u00dfen Stil zu entsenden&#8217;, sagte ein Sprecher der Regierung von Premierminister Rishi Sunak.&#8221;<\/em><\/p>\n<\/blockquote>\n<p>Die Frage anwesender deutscher Milit\u00e4rs wurde zumindest von den im vergangenen Jahr ver\u00f6ffentlichten Dokumenten noch nicht aufgeworfen, stellt sich aber sp\u00e4testens mit der Lieferung komplexer Waffen wie der Patriot-Systeme und der Leopard-Panzer.<\/p>\n<p>Seit aber Bundeskanzler Olaf Scholz seine Ablehnung einer Lieferung von Taurus-Marschflugk\u00f6rpern an die Ukraine unter anderem mit der daraus resultierenden Notwendigkeit der Anwesenheit deutscher Soldaten dort begr\u00fcndete, wird von deutschen Politikern vor allem abgestritten, dass dem so sei. Schlie\u00dflich habe S\u00fcdkorea ebenfalls Taurus-Marschflugk\u00f6rper, ben\u00f6tige daf\u00fcr aber keine Bundeswehrsoldaten. Kein wirklich \u00fcberzeugendes Argument, denn wenn man die \u00fcbliche Ausbildungszeit ansetzen k\u00f6nnte, w\u00fcrde auch die Ukraine keine ben\u00f6tigen; die Lieferung an die Ukraine wird aber mit einem aktuellen Bedarf begr\u00fcndet, und nicht mit einem in einem Jahr oder noch sp\u00e4ter.<\/p>\n<p>Allerdings gab es bereits im Jahr 2014 Anzeichen daf\u00fcr, dass auch die deutsche Beteiligung weiter geht, als der \u00d6ffentlichkeit bekannt ist: Der damals als vermeintlicher &#8220;OSZE-Beobachter&#8221; in Slawjansk festgehaltene Oberst Axel Schneider hatte zwei Tage davor in einem Interview mit dem <em>Bayrischen Rundfunk<\/em> seine T\u00e4tigkeit beschrieben. Demnach sollte er die Kampfbereitschaft der ukrainischen Armee \u00fcberpr\u00fcfen, und nicht Waffenkontrollen nach dem Wiener Abkommen durchf\u00fchren.<\/p>\n<p><strong>Mehr zum Thema<\/strong> &#8211; <a rel=\"nofollow noopener\" target=\"_blank\" href=\"https:\/\/freeassange.rtde.live\/meinung\/197697-fahren-sie-doch-nach-russland\/\">Fahren Sie doch nach Russland, Herr Kujat!<\/a><\/p>\n<\/p>\n<\/div>\n<p><br \/>\n<br \/><a href=\"https:\/\/de.rt.com\/europa\/197845-ist-anwesenheit-westlicher-truppen-in\/\">Source link <\/a><\/p>\n","protected":false},"excerpt":{"rendered":"<p>Es ist das zweite Mal, dass derartige Informationen in westlichen Medien auftauchen, die die l\u00e4ngst vermutete Anwesenheit von offiziellen westlichen Truppen, nicht S\u00f6ldnern, best\u00e4tigen. Auch die Aussagen von Bundeskanzler Scholz deuten darauf hin. Es war nur ein kurzes Zitat in einem Artikel der Financial Times zu Macrons j\u00fcngsten Aussagen, aber es wurde au\u00dferhalb Deutschlands sehr [&hellip;]<\/p>\n","protected":false},"author":3,"featured_media":56274,"comment_status":"open","ping_status":"open","sticky":false,"template":"","format":"standard","meta":{"_yoast_indexnow_last_ping":["1709234130"],"wp_automatic_camp":["217"],"d4db17f76ecae91d64c80c27d80e72df":["Ist die Anwesenheit westlicher Truppen in der Ukraine jetzt best\u00e4tigt?"],"original_link":["https:\/\/de.rt.com\/europa\/197845-ist-anwesenheit-westlicher-truppen-in\/"],"_thumbnail_id":["56274"],"jnews_social_counter_last_update":["1777566371"],"_wptgpro_p2tg_sent2tg":["a:1:{i:23737;s:19:\"2024-02-29 21:16:32\";}"]},"categories":[19,23],"tags":[22974,1438,82,45,414,2731,3574,127,16696],"yoast_head":"<!-- This site is optimized with the Yoast SEO Premium plugin v22.7 (Yoast SEO v22.7) - https:\/\/yoast.com\/wordpress\/plugins\/seo\/ -->\n<title>Ist die Anwesenheit westlicher Truppen in der Ukraine jetzt best\u00e4tigt? - just-now.NEWS Deutschland<\/title>\n<meta name=\"robots\" content=\"index, follow, max-snippet:-1, max-image-preview:large, max-video-preview:-1\" \/>\n<link rel=\"canonical\" href=\"https:\/\/now-news.de\/de\/deutschland\/ist-die-anwesenheit-westlicher-truppen-in-der-ukraine-jetzt-bestaetigt\/\" \/>\n<meta property=\"og:locale\" content=\"de_DE\" \/>\n<meta property=\"og:type\" content=\"article\" \/>\n<meta property=\"og:title\" content=\"Ist die Anwesenheit westlicher Truppen in der Ukraine jetzt best\u00e4tigt?\" \/>\n<meta property=\"og:description\" content=\"Es ist das zweite Mal, dass derartige Informationen in westlichen Medien auftauchen, die die l\u00e4ngst vermutete Anwesenheit von offiziellen westlichen Truppen, nicht S\u00f6ldnern, best\u00e4tigen. Auch die Aussagen von Bundeskanzler Scholz deuten darauf hin. Es war nur ein kurzes Zitat in einem Artikel der Financial Times zu Macrons j\u00fcngsten Aussagen, aber es wurde au\u00dferhalb Deutschlands sehr [&hellip;]\" \/>\n<meta property=\"og:url\" content=\"https:\/\/now-news.de\/de\/deutschland\/ist-die-anwesenheit-westlicher-truppen-in-der-ukraine-jetzt-bestaetigt\/\" \/>\n<meta property=\"og:site_name\" content=\"just-now.NEWS Deutschland\" \/>\n<meta property=\"article:publisher\" content=\"https:\/\/www.facebook.com\/wirmachenauf\" \/>\n<meta property=\"article:published_time\" content=\"2024-02-29T19:05:48+00:00\" \/>\n<meta property=\"og:image\" content=\"https:\/\/now-news.de\/de\/wp-content\/uploads\/sites\/3\/2024\/02\/Ist-die-Anwesenheit-westlicher-Truppen-in-der-Ukraine-jetzt-bestaetigt.jpg\" \/>\n\t<meta property=\"og:image:width\" content=\"460\" \/>\n\t<meta property=\"og:image:height\" content=\"259\" \/>\n\t<meta property=\"og:image:type\" content=\"image\/jpeg\" \/>\n<meta name=\"author\" content=\"rtnews\" \/>\n<meta name=\"twitter:card\" content=\"summary_large_image\" \/>\n<meta name=\"twitter:creator\" content=\"@WirMachenAuf_de\" \/>\n<meta name=\"twitter:site\" content=\"@WirMachenAuf_de\" \/>\n<meta name=\"twitter:label1\" content=\"Verfasst von\" \/>\n\t<meta name=\"twitter:data1\" content=\"rtnews\" \/>\n\t<meta name=\"twitter:label2\" content=\"Gesch\u00e4tzte Lesezeit\" \/>\n\t<meta name=\"twitter:data2\" content=\"3\u00a0Minuten\" \/>\n<script type=\"application\/ld+json\" class=\"yoast-schema-graph\">{\"@context\":\"https:\/\/schema.org\",\"@graph\":[{\"@type\":\"Article\",\"@id\":\"https:\/\/now-news.de\/de\/deutschland\/ist-die-anwesenheit-westlicher-truppen-in-der-ukraine-jetzt-bestaetigt\/#article\",\"isPartOf\":{\"@id\":\"https:\/\/now-news.de\/de\/deutschland\/ist-die-anwesenheit-westlicher-truppen-in-der-ukraine-jetzt-bestaetigt\/\"},\"author\":{\"name\":\"rtnews\",\"@id\":\"https:\/\/now-news.de\/de\/#\/schema\/person\/fb534a4e865501d8b3285208df34a9b5\"},\"headline\":\"Ist die Anwesenheit westlicher Truppen in der Ukraine jetzt best\u00e4tigt?\",\"datePublished\":\"2024-02-29T19:05:48+00:00\",\"dateModified\":\"2024-02-29T19:05:48+00:00\",\"mainEntityOfPage\":{\"@id\":\"https:\/\/now-news.de\/de\/deutschland\/ist-die-anwesenheit-westlicher-truppen-in-der-ukraine-jetzt-bestaetigt\/\"},\"wordCount\":587,\"commentCount\":0,\"publisher\":{\"@id\":\"https:\/\/now-news.de\/de\/#organization\"},\"image\":{\"@id\":\"https:\/\/now-news.de\/de\/deutschland\/ist-die-anwesenheit-westlicher-truppen-in-der-ukraine-jetzt-bestaetigt\/#primaryimage\"},\"thumbnailUrl\":\"https:\/\/now-news.de\/de\/wp-content\/uploads\/sites\/3\/2024\/02\/Ist-die-Anwesenheit-westlicher-Truppen-in-der-Ukraine-jetzt-bestaetigt.jpg\",\"keywords\":[\"Anwesenheit\",\"best\u00e4tigt\",\"der\",\"die\",\"ist\",\"Jetzt\",\"Truppen\",\"ukraine\",\"westlicher\"],\"articleSection\":[\"Deutschland\",\"Russland\"],\"inLanguage\":\"de\",\"potentialAction\":[{\"@type\":\"CommentAction\",\"name\":\"Comment\",\"target\":[\"https:\/\/now-news.de\/de\/deutschland\/ist-die-anwesenheit-westlicher-truppen-in-der-ukraine-jetzt-bestaetigt\/#respond\"]}]},{\"@type\":\"WebPage\",\"@id\":\"https:\/\/now-news.de\/de\/deutschland\/ist-die-anwesenheit-westlicher-truppen-in-der-ukraine-jetzt-bestaetigt\/\",\"url\":\"https:\/\/now-news.de\/de\/deutschland\/ist-die-anwesenheit-westlicher-truppen-in-der-ukraine-jetzt-bestaetigt\/\",\"name\":\"Ist die Anwesenheit westlicher Truppen in der Ukraine jetzt best\u00e4tigt? - just-now.NEWS Deutschland\",\"isPartOf\":{\"@id\":\"https:\/\/now-news.de\/de\/#website\"},\"primaryImageOfPage\":{\"@id\":\"https:\/\/now-news.de\/de\/deutschland\/ist-die-anwesenheit-westlicher-truppen-in-der-ukraine-jetzt-bestaetigt\/#primaryimage\"},\"image\":{\"@id\":\"https:\/\/now-news.de\/de\/deutschland\/ist-die-anwesenheit-westlicher-truppen-in-der-ukraine-jetzt-bestaetigt\/#primaryimage\"},\"thumbnailUrl\":\"https:\/\/now-news.de\/de\/wp-content\/uploads\/sites\/3\/2024\/02\/Ist-die-Anwesenheit-westlicher-Truppen-in-der-Ukraine-jetzt-bestaetigt.jpg\",\"datePublished\":\"2024-02-29T19:05:48+00:00\",\"dateModified\":\"2024-02-29T19:05:48+00:00\",\"breadcrumb\":{\"@id\":\"https:\/\/now-news.de\/de\/deutschland\/ist-die-anwesenheit-westlicher-truppen-in-der-ukraine-jetzt-bestaetigt\/#breadcrumb\"},\"inLanguage\":\"de\",\"potentialAction\":[{\"@type\":\"ReadAction\",\"target\":[\"https:\/\/now-news.de\/de\/deutschland\/ist-die-anwesenheit-westlicher-truppen-in-der-ukraine-jetzt-bestaetigt\/\"]}]},{\"@type\":\"ImageObject\",\"inLanguage\":\"de\",\"@id\":\"https:\/\/now-news.de\/de\/deutschland\/ist-die-anwesenheit-westlicher-truppen-in-der-ukraine-jetzt-bestaetigt\/#primaryimage\",\"url\":\"https:\/\/now-news.de\/de\/wp-content\/uploads\/sites\/3\/2024\/02\/Ist-die-Anwesenheit-westlicher-Truppen-in-der-Ukraine-jetzt-bestaetigt.jpg\",\"contentUrl\":\"https:\/\/now-news.de\/de\/wp-content\/uploads\/sites\/3\/2024\/02\/Ist-die-Anwesenheit-westlicher-Truppen-in-der-Ukraine-jetzt-bestaetigt.jpg\",\"width\":460,\"height\":259,\"caption\":\"Ist die Anwesenheit westlicher Truppen in der Ukraine jetzt best\u00e4tigt?\"},{\"@type\":\"BreadcrumbList\",\"@id\":\"https:\/\/now-news.de\/de\/deutschland\/ist-die-anwesenheit-westlicher-truppen-in-der-ukraine-jetzt-bestaetigt\/#breadcrumb\",\"itemListElement\":[{\"@type\":\"ListItem\",\"position\":1,\"name\":\"Home\",\"item\":\"https:\/\/now-news.de\/de\/\"},{\"@type\":\"ListItem\",\"position\":2,\"name\":\"Ist die Anwesenheit westlicher Truppen in der Ukraine jetzt best\u00e4tigt?\"}]},{\"@type\":\"WebSite\",\"@id\":\"https:\/\/now-news.de\/de\/#website\",\"url\":\"https:\/\/now-news.de\/de\/\",\"name\":\"just-now.NEWS Deutschland\",\"description\":\"Das Portal f\u00fcr unzensierte Nachrichten aus der Welt\",\"publisher\":{\"@id\":\"https:\/\/now-news.de\/de\/#organization\"},\"potentialAction\":[{\"@type\":\"SearchAction\",\"target\":{\"@type\":\"EntryPoint\",\"urlTemplate\":\"https:\/\/now-news.de\/de\/?s={search_term_string}\"},\"query-input\":\"required name=search_term_string\"}],\"inLanguage\":\"de\"},{\"@type\":\"Organization\",\"@id\":\"https:\/\/now-news.de\/de\/#organization\",\"name\":\"Just Now News\",\"url\":\"https:\/\/now-news.de\/de\/\",\"logo\":{\"@type\":\"ImageObject\",\"inLanguage\":\"de\",\"@id\":\"https:\/\/now-news.de\/de\/#\/schema\/logo\/image\/\",\"url\":\"http:\/\/just-now.news\/de\/wp-content\/uploads\/sites\/3\/2022\/04\/logo500x500.jpg\",\"contentUrl\":\"http:\/\/just-now.news\/de\/wp-content\/uploads\/sites\/3\/2022\/04\/logo500x500.jpg\",\"width\":500,\"height\":500,\"caption\":\"Just Now News\"},\"image\":{\"@id\":\"https:\/\/now-news.de\/de\/#\/schema\/logo\/image\/\"},\"sameAs\":[\"https:\/\/www.facebook.com\/wirmachenauf\",\"https:\/\/x.com\/WirMachenAuf_de\"]},{\"@type\":\"Person\",\"@id\":\"https:\/\/now-news.de\/de\/#\/schema\/person\/fb534a4e865501d8b3285208df34a9b5\",\"name\":\"rtnews\",\"image\":{\"@type\":\"ImageObject\",\"inLanguage\":\"de\",\"@id\":\"https:\/\/now-news.de\/de\/#\/schema\/person\/image\/\",\"url\":\"https:\/\/secure.gravatar.com\/avatar\/82aafea7d8127119dd649515f56e2117?s=96&d=mm&r=g\",\"contentUrl\":\"https:\/\/secure.gravatar.com\/avatar\/82aafea7d8127119dd649515f56e2117?s=96&d=mm&r=g\",\"caption\":\"rtnews\"},\"url\":\"https:\/\/now-news.de\/de\/author\/rnews\/\"}]}<\/script>\n<!-- \/ Yoast SEO Premium plugin. -->","yoast_head_json":{"title":"Ist die Anwesenheit westlicher Truppen in der Ukraine jetzt best\u00e4tigt? - just-now.NEWS Deutschland","robots":{"index":"index","follow":"follow","max-snippet":"max-snippet:-1","max-image-preview":"max-image-preview:large","max-video-preview":"max-video-preview:-1"},"canonical":"https:\/\/now-news.de\/de\/deutschland\/ist-die-anwesenheit-westlicher-truppen-in-der-ukraine-jetzt-bestaetigt\/","og_locale":"de_DE","og_type":"article","og_title":"Ist die Anwesenheit westlicher Truppen in der Ukraine jetzt best\u00e4tigt?","og_description":"Es ist das zweite Mal, dass derartige Informationen in westlichen Medien auftauchen, die die l\u00e4ngst vermutete Anwesenheit von offiziellen westlichen Truppen, nicht S\u00f6ldnern, best\u00e4tigen. Auch die Aussagen von Bundeskanzler Scholz deuten darauf hin. Es war nur ein kurzes Zitat in einem Artikel der Financial Times zu Macrons j\u00fcngsten Aussagen, aber es wurde au\u00dferhalb Deutschlands sehr [&hellip;]","og_url":"https:\/\/now-news.de\/de\/deutschland\/ist-die-anwesenheit-westlicher-truppen-in-der-ukraine-jetzt-bestaetigt\/","og_site_name":"just-now.NEWS Deutschland","article_publisher":"https:\/\/www.facebook.com\/wirmachenauf","article_published_time":"2024-02-29T19:05:48+00:00","og_image":[{"width":460,"height":259,"url":"https:\/\/now-news.de\/de\/wp-content\/uploads\/sites\/3\/2024\/02\/Ist-die-Anwesenheit-westlicher-Truppen-in-der-Ukraine-jetzt-bestaetigt.jpg","type":"image\/jpeg"}],"author":"rtnews","twitter_card":"summary_large_image","twitter_creator":"@WirMachenAuf_de","twitter_site":"@WirMachenAuf_de","twitter_misc":{"Verfasst von":"rtnews","Gesch\u00e4tzte Lesezeit":"3\u00a0Minuten"},"schema":{"@context":"https:\/\/schema.org","@graph":[{"@type":"Article","@id":"https:\/\/now-news.de\/de\/deutschland\/ist-die-anwesenheit-westlicher-truppen-in-der-ukraine-jetzt-bestaetigt\/#article","isPartOf":{"@id":"https:\/\/now-news.de\/de\/deutschland\/ist-die-anwesenheit-westlicher-truppen-in-der-ukraine-jetzt-bestaetigt\/"},"author":{"name":"rtnews","@id":"https:\/\/now-news.de\/de\/#\/schema\/person\/fb534a4e865501d8b3285208df34a9b5"},"headline":"Ist die Anwesenheit westlicher Truppen in der Ukraine jetzt best\u00e4tigt?","datePublished":"2024-02-29T19:05:48+00:00","dateModified":"2024-02-29T19:05:48+00:00","mainEntityOfPage":{"@id":"https:\/\/now-news.de\/de\/deutschland\/ist-die-anwesenheit-westlicher-truppen-in-der-ukraine-jetzt-bestaetigt\/"},"wordCount":587,"commentCount":0,"publisher":{"@id":"https:\/\/now-news.de\/de\/#organization"},"image":{"@id":"https:\/\/now-news.de\/de\/deutschland\/ist-die-anwesenheit-westlicher-truppen-in-der-ukraine-jetzt-bestaetigt\/#primaryimage"},"thumbnailUrl":"https:\/\/now-news.de\/de\/wp-content\/uploads\/sites\/3\/2024\/02\/Ist-die-Anwesenheit-westlicher-Truppen-in-der-Ukraine-jetzt-bestaetigt.jpg","keywords":["Anwesenheit","best\u00e4tigt","der","die","ist","Jetzt","Truppen","ukraine","westlicher"],"articleSection":["Deutschland","Russland"],"inLanguage":"de","potentialAction":[{"@type":"CommentAction","name":"Comment","target":["https:\/\/now-news.de\/de\/deutschland\/ist-die-anwesenheit-westlicher-truppen-in-der-ukraine-jetzt-bestaetigt\/#respond"]}]},{"@type":"WebPage","@id":"https:\/\/now-news.de\/de\/deutschland\/ist-die-anwesenheit-westlicher-truppen-in-der-ukraine-jetzt-bestaetigt\/","url":"https:\/\/now-news.de\/de\/deutschland\/ist-die-anwesenheit-westlicher-truppen-in-der-ukraine-jetzt-bestaetigt\/","name":"Ist die Anwesenheit westlicher Truppen in der Ukraine jetzt best\u00e4tigt? - just-now.NEWS Deutschland","isPartOf":{"@id":"https:\/\/now-news.de\/de\/#website"},"primaryImageOfPage":{"@id":"https:\/\/now-news.de\/de\/deutschland\/ist-die-anwesenheit-westlicher-truppen-in-der-ukraine-jetzt-bestaetigt\/#primaryimage"},"image":{"@id":"https:\/\/now-news.de\/de\/deutschland\/ist-die-anwesenheit-westlicher-truppen-in-der-ukraine-jetzt-bestaetigt\/#primaryimage"},"thumbnailUrl":"https:\/\/now-news.de\/de\/wp-content\/uploads\/sites\/3\/2024\/02\/Ist-die-Anwesenheit-westlicher-Truppen-in-der-Ukraine-jetzt-bestaetigt.jpg","datePublished":"2024-02-29T19:05:48+00:00","dateModified":"2024-02-29T19:05:48+00:00","breadcrumb":{"@id":"https:\/\/now-news.de\/de\/deutschland\/ist-die-anwesenheit-westlicher-truppen-in-der-ukraine-jetzt-bestaetigt\/#breadcrumb"},"inLanguage":"de","potentialAction":[{"@type":"ReadAction","target":["https:\/\/now-news.de\/de\/deutschland\/ist-die-anwesenheit-westlicher-truppen-in-der-ukraine-jetzt-bestaetigt\/"]}]},{"@type":"ImageObject","inLanguage":"de","@id":"https:\/\/now-news.de\/de\/deutschland\/ist-die-anwesenheit-westlicher-truppen-in-der-ukraine-jetzt-bestaetigt\/#primaryimage","url":"https:\/\/now-news.de\/de\/wp-content\/uploads\/sites\/3\/2024\/02\/Ist-die-Anwesenheit-westlicher-Truppen-in-der-Ukraine-jetzt-bestaetigt.jpg","contentUrl":"https:\/\/now-news.de\/de\/wp-content\/uploads\/sites\/3\/2024\/02\/Ist-die-Anwesenheit-westlicher-Truppen-in-der-Ukraine-jetzt-bestaetigt.jpg","width":460,"height":259,"caption":"Ist die Anwesenheit westlicher Truppen in der Ukraine jetzt best\u00e4tigt?"},{"@type":"BreadcrumbList","@id":"https:\/\/now-news.de\/de\/deutschland\/ist-die-anwesenheit-westlicher-truppen-in-der-ukraine-jetzt-bestaetigt\/#breadcrumb","itemListElement":[{"@type":"ListItem","position":1,"name":"Home","item":"https:\/\/now-news.de\/de\/"},{"@type":"ListItem","position":2,"name":"Ist die Anwesenheit westlicher Truppen in der Ukraine jetzt best\u00e4tigt?"}]},{"@type":"WebSite","@id":"https:\/\/now-news.de\/de\/#website","url":"https:\/\/now-news.de\/de\/","name":"just-now.NEWS Deutschland","description":"Das Portal f\u00fcr unzensierte Nachrichten aus der Welt","publisher":{"@id":"https:\/\/now-news.de\/de\/#organization"},"potentialAction":[{"@type":"SearchAction","target":{"@type":"EntryPoint","urlTemplate":"https:\/\/now-news.de\/de\/?s={search_term_string}"},"query-input":"required name=search_term_string"}],"inLanguage":"de"},{"@type":"Organization","@id":"https:\/\/now-news.de\/de\/#organization","name":"Just Now News","url":"https:\/\/now-news.de\/de\/","logo":{"@type":"ImageObject","inLanguage":"de","@id":"https:\/\/now-news.de\/de\/#\/schema\/logo\/image\/","url":"http:\/\/just-now.news\/de\/wp-content\/uploads\/sites\/3\/2022\/04\/logo500x500.jpg","contentUrl":"http:\/\/just-now.news\/de\/wp-content\/uploads\/sites\/3\/2022\/04\/logo500x500.jpg","width":500,"height":500,"caption":"Just Now News"},"image":{"@id":"https:\/\/now-news.de\/de\/#\/schema\/logo\/image\/"},"sameAs":["https:\/\/www.facebook.com\/wirmachenauf","https:\/\/x.com\/WirMachenAuf_de"]},{"@type":"Person","@id":"https:\/\/now-news.de\/de\/#\/schema\/person\/fb534a4e865501d8b3285208df34a9b5","name":"rtnews","image":{"@type":"ImageObject","inLanguage":"de","@id":"https:\/\/now-news.de\/de\/#\/schema\/person\/image\/","url":"https:\/\/secure.gravatar.com\/avatar\/82aafea7d8127119dd649515f56e2117?s=96&d=mm&r=g","contentUrl":"https:\/\/secure.gravatar.com\/avatar\/82aafea7d8127119dd649515f56e2117?s=96&d=mm&r=g","caption":"rtnews"},"url":"https:\/\/now-news.de\/de\/author\/rnews\/"}]}},"_links":{"self":[{"href":"https:\/\/now-news.de\/de\/wp-json\/wp\/v2\/posts\/56273"}],"collection":[{"href":"https:\/\/now-news.de\/de\/wp-json\/wp\/v2\/posts"}],"about":[{"href":"https:\/\/now-news.de\/de\/wp-json\/wp\/v2\/types\/post"}],"author":[{"embeddable":true,"href":"https:\/\/now-news.de\/de\/wp-json\/wp\/v2\/users\/3"}],"replies":[{"embeddable":true,"href":"https:\/\/now-news.de\/de\/wp-json\/wp\/v2\/comments?post=56273"}],"version-history":[{"count":0,"href":"https:\/\/now-news.de\/de\/wp-json\/wp\/v2\/posts\/56273\/revisions"}],"wp:featuredmedia":[{"embeddable":true,"href":"https:\/\/now-news.de\/de\/wp-json\/wp\/v2\/media\/56274"}],"wp:attachment":[{"href":"https:\/\/now-news.de\/de\/wp-json\/wp\/v2\/media?parent=56273"}],"wp:term":[{"taxonomy":"category","embeddable":true,"href":"https:\/\/now-news.de\/de\/wp-json\/wp\/v2\/categories?post=56273"},{"taxonomy":"post_tag","embeddable":true,"href":"https:\/\/now-news.de\/de\/wp-json\/wp\/v2\/tags?post=56273"}],"curies":[{"name":"wp","href":"https:\/\/api.w.org\/{rel}","templated":true}]}}