{"id":56229,"date":"2024-02-29T15:03:19","date_gmt":"2024-02-29T13:03:19","guid":{"rendered":"https:\/\/just-now.news\/de\/deutschland\/zweierlei-mass-cdu-mitglied-bedraengt-reporterin-fuer-ndr-chefredakteur-kein-problem\/"},"modified":"2024-02-29T15:03:19","modified_gmt":"2024-02-29T13:03:19","slug":"zweierlei-mass-cdu-mitglied-bedraengt-reporterin-fuer-ndr-chefredakteur-kein-problem","status":"publish","type":"post","link":"https:\/\/now-news.de\/de\/deutschland\/zweierlei-mass-cdu-mitglied-bedraengt-reporterin-fuer-ndr-chefredakteur-kein-problem\/","title":{"rendered":"Zweierlei Ma\u00df? CDU-Mitglied bedr\u00e4ngt Reporterin \u2013 f\u00fcr NDR-Chefredakteur kein Problem"},"content":{"rendered":"<p><img decoding=\"async\" src=\"http:\/\/just-now.news\/de\/wp-content\/uploads\/sites\/3\/2024\/02\/65e06414b480cc40b60b296b.jpeg\" \/><\/p>\n<div class=\"Text-root Text-type_1 \">\n                Ein &#8220;Geheimtreffen&#8221; r\u00fcttelt das Land auf. Beteiligt waren nachweislich AfD- wie auch CDU-Mitglieder. Medial attackiert wird die AfD. Eine Mitarbeiterin des NDR wird auf einer CDU-Regionalkonferenz vor laufender Kamera bedr\u00e4ngt. Der Skandal bleibt aus. Der Deutsche Journalisten-Verband schweigt.\n            <\/div>\n<p><\/p>\n<div class=\"Text-root Text-type_5 ArticleView-text ViewText-root \">\n<p>Das Land befindet sich in einem medial-politisch forcierten Zustand der emotionalen Erregung. Teile der Gesellschaft, ein verorteter &#8220;Aufstand der Anst\u00e4ndigen&#8221;, versammelt sich seit Wochen quer durch die Republik, um sich alleinig gegen die AfD zu positionieren. Der Deutsche Journalisten-Verband forderte in einer offiziellen Mitteilung &#8220;Warnhinweise&#8221; zur Partei AfD in Artikeln &#8220;wie auf Zigarettenschachteln&#8221;<em>. <\/em>Nachweislich waren auch CDU-Mitglieder bei den k\u00fcnstlich aufgeblasenen &#8220;Deportationsabsprachen&#8221; in Potsdam anwesend. Dies provoziert keinerlei Reaktion, genauso wenig wie auch eine k\u00fcrzlich erfolgte Attacke eines CDU-Mitglieds auf eine <em>NDR<\/em>-Mitarbeiterin.<\/p>\n<p>Vollkommen unaufgeregt <a rel=\"nofollow noopener\" target=\"_blank\" href=\"https:\/\/www.ndr.de\/fernsehen\/sendungen\/hallo_niedersachsen\/CDU-auf-Deutschlandtour-in-Hannover,hallonds86018.html\">berichtet<\/a> die <em>NDR<\/em>-Sendung <em>Hallo Niedersachsen<\/em> \u00fcber die j\u00fcngste\u00a0CDU-Regionalkonferenz in\u00a0Hannover. Es kommt zu einer Live-Schaltung, im Hintergrund spricht der CDU-Bundesvorsitzende Friedrich Merz vor den Delegierten. So weit, so unspektakul\u00e4r.<\/p>\n<p>Kurz vor Ende ihrer Live-Ansage gesellt sich ein bis dato unbekanntes CDU-Mitglied aus dem Saal zu der <em>NDR<\/em>-Reporterin Katharina Seiler, um sie verbal wie auch k\u00f6rperlich zu bedr\u00e4ngen. An seinem Anliegen l\u00e4sst er keinen Zweifel: &#8220;K\u00f6nnen Sie das woanders machen?&#8221; Die <em>NDR<\/em>-Mitarbeiterin wehrt sich mit dem Hinweis: &#8220;Das geht so nicht!&#8221;<\/p>\n<p>Der Sender schaltet umgehend zur\u00fcck ins Studio, der\u00a0anscheinend in diesem Falle am\u00fcsierte <em>NDR<\/em>-Moderator Jan Starkebaum bittet die Zuschauer, &#8220;die St\u00f6rung zu entschuldigen&#8221;. Ein Videoausschnitt des Ereignisses fand seinen Weg zur Plattform X. Dort reagierte Thorsten Hapke,\u00a0Chefredakteur beim <em>NDR<\/em> Niedersachsen, h\u00f6chstpers\u00f6nlich auf die Bel\u00e4stigung einer Mitarbeiterin:<\/p>\n<div class=\"EmbedBlock-root EmbedBlock-twitter\">\n<div class=\"TwitterEmbed\">\n<blockquote class=\"twitter-tweet lazyload\" data-twitter=\"twitter-tweet\">\n<p lang=\"de\" dir=\"ltr\">Die Antwort ist: unsere Reporterin hat von einer Position live geschaltet, die die Organisatoren von der <a rel=\"nofollow noopener\" target=\"_blank\" href=\"https:\/\/twitter.com\/hashtag\/CDU?src=hash&amp;ref_src=twsrc%5Etfw\">#CDU<\/a> vorgesehen hatten. Trotzdem f\u00fchlte sich eine Gruppe \u00e4lterer Delegierter gest\u00f6rt, einer von Ihnen so sehr, dass er die Schalte abbrechen wollte.<\/p>\n<p>\u2014 Thorsten Hapke (@t_hapke) <a rel=\"nofollow noopener\" target=\"_blank\" href=\"https:\/\/twitter.com\/t_hapke\/status\/1762939825403879736?ref_src=twsrc%5Etfw\">February 28, 2024<\/a><\/p><\/blockquote>\n<\/div>\n<\/div>\n<p>Im zweiten Teil seines X-Posting erg\u00e4nzt Hapke:<\/p>\n<blockquote>\n<p><em>&#8220;CDU-Generalsekret\u00e4r Carsten Linnemann hat sich entschuldigt \u2013 was nicht n\u00f6tig war, f\u00fcr individuelles Fehlverhalten kann niemand etwas. Fall damit erledigt.&#8221;<\/em><\/p>\n<\/blockquote>\n<p>\u00c4hnliche G\u00fcte und entspannte Reaktionen gegen\u00fcber vergleichbaren Ereignissen vor oder w\u00e4hrend AfD-Veranstaltungen sind so weit nicht recherchierbar. Auch eine Ermahnung durch den\u00a0Deutschen Journalisten-Verband (DJV) war demnach nicht vonn\u00f6ten. Dieser hatte am 27. Februar in einer <a rel=\"nofollow noopener\" target=\"_blank\" href=\"https:\/\/www.djv.de\/startseite\/profil\/der-djv\/pressebereich-download\/pressemitteilungen\/detail\/news-berichterstattung-neu-justieren\">Mitteilung<\/a> darum gebeten, dass &#8220;Berichterstatter, die bedr\u00e4ngt, beschimpft oder angegriffen wurden, sich an ihren DJV-Landesverband wenden&#8221; sollten. Aber anscheinend nur, wenn es auf Veranstaltungen der AfD passiert und\/oder der leitende\u00a0Chefredakteur nicht schon vorher den &#8220;Fall f\u00fcr erledigt&#8221; erkl\u00e4rt.<\/p>\n<p>Die Definition &#8220;individuellen Fehlverhaltens&#8221; obliegt damit nachweislich der tagespolitischen Vorgabe der jeweiligen Sender.<\/p>\n<p><strong>Mehr zum Thema \u2013<\/strong>\u00a0<a rel=\"nofollow noopener\" target=\"_blank\" href=\"https:\/\/freedert.online\/inland\/196805-landtagswahlen-in-ostdeutschland-kooperation-von-mdr-und-verfassungsschutz\/\">Landtagswahlen in Ostdeutschland: Steuert der Verfassungsschutz die Arbeit des MDR?<\/a><\/p>\n<\/div>\n<p><script async src=\"https:\/\/platform.twitter.com\/widgets.js\" charset=\"utf-8\"><\/script><br \/>\n<br \/><br \/>\n<br \/><a href=\"https:\/\/de.rt.com\/inland\/197832-attacke-auf-oerr-mitarbeiterin-durch\/\">Source link <\/a><\/p>\n","protected":false},"excerpt":{"rendered":"<p>Ein &#8220;Geheimtreffen&#8221; r\u00fcttelt das Land auf. Beteiligt waren nachweislich AfD- wie auch CDU-Mitglieder. Medial attackiert wird die AfD. Eine Mitarbeiterin des NDR wird auf einer CDU-Regionalkonferenz vor laufender Kamera bedr\u00e4ngt. Der Skandal bleibt aus. Der Deutsche Journalisten-Verband schweigt. Das Land befindet sich in einem medial-politisch forcierten Zustand der emotionalen Erregung. Teile der Gesellschaft, ein verorteter [&hellip;]<\/p>\n","protected":false},"author":3,"featured_media":56230,"comment_status":"open","ping_status":"open","sticky":false,"template":"","format":"standard","meta":{"_yoast_indexnow_last_ping":["1709212005"],"wp_automatic_camp":["217"],"c76b718365f601e7973cfff948857d6b":["Zweierlei Ma\u00df? CDU-Mitglied bedr\u00e4ngt Reporterin \u2013 f\u00fcr NDR-Chefredakteur kein Problem"],"original_link":["https:\/\/de.rt.com\/inland\/197832-attacke-auf-oerr-mitarbeiterin-durch\/"],"_thumbnail_id":["56230"],"_wptgpro_p2tg_sent2tg":["a:1:{i:23737;s:19:\"2024-02-29 15:07:51\";}"],"jnews_social_counter_last_update":["1777197581"]},"categories":[19,23],"tags":[54003,54002,221,2030,3079,54004,17161,5438,40456],"yoast_head":"<!-- This site is optimized with the Yoast SEO Premium plugin v22.7 (Yoast SEO v22.7) - https:\/\/yoast.com\/wordpress\/plugins\/seo\/ -->\n<title>Zweierlei Ma\u00df? CDU-Mitglied bedr\u00e4ngt Reporterin \u2013 f\u00fcr NDR-Chefredakteur kein Problem - just-now.NEWS Deutschland<\/title>\n<meta name=\"robots\" content=\"index, follow, max-snippet:-1, max-image-preview:large, max-video-preview:-1\" \/>\n<link rel=\"canonical\" href=\"https:\/\/now-news.de\/de\/deutschland\/zweierlei-mass-cdu-mitglied-bedraengt-reporterin-fuer-ndr-chefredakteur-kein-problem\/\" \/>\n<meta property=\"og:locale\" content=\"de_DE\" \/>\n<meta property=\"og:type\" content=\"article\" \/>\n<meta property=\"og:title\" content=\"Zweierlei Ma\u00df? CDU-Mitglied bedr\u00e4ngt Reporterin \u2013 f\u00fcr NDR-Chefredakteur kein Problem\" \/>\n<meta property=\"og:description\" content=\"Ein &#8220;Geheimtreffen&#8221; r\u00fcttelt das Land auf. Beteiligt waren nachweislich AfD- wie auch CDU-Mitglieder. Medial attackiert wird die AfD. Eine Mitarbeiterin des NDR wird auf einer CDU-Regionalkonferenz vor laufender Kamera bedr\u00e4ngt. Der Skandal bleibt aus. Der Deutsche Journalisten-Verband schweigt. Das Land befindet sich in einem medial-politisch forcierten Zustand der emotionalen Erregung. Teile der Gesellschaft, ein verorteter [&hellip;]\" \/>\n<meta property=\"og:url\" content=\"https:\/\/now-news.de\/de\/deutschland\/zweierlei-mass-cdu-mitglied-bedraengt-reporterin-fuer-ndr-chefredakteur-kein-problem\/\" \/>\n<meta property=\"og:site_name\" content=\"just-now.NEWS Deutschland\" \/>\n<meta property=\"article:publisher\" content=\"https:\/\/www.facebook.com\/wirmachenauf\" \/>\n<meta property=\"article:published_time\" content=\"2024-02-29T13:03:19+00:00\" \/>\n<meta property=\"og:image\" content=\"https:\/\/now-news.de\/de\/wp-content\/uploads\/sites\/3\/2024\/02\/Zweierlei-Mass-CDU-Mitglied-bedraengt-Reporterin-\u2013-fuer-NDR-Chefredakteur-kein-Problem.jpeg\" \/>\n\t<meta property=\"og:image:width\" content=\"460\" \/>\n\t<meta property=\"og:image:height\" content=\"259\" \/>\n\t<meta property=\"og:image:type\" content=\"image\/jpeg\" \/>\n<meta name=\"author\" content=\"rtnews\" \/>\n<meta name=\"twitter:card\" content=\"summary_large_image\" \/>\n<meta name=\"twitter:creator\" content=\"@WirMachenAuf_de\" \/>\n<meta name=\"twitter:site\" content=\"@WirMachenAuf_de\" \/>\n<meta name=\"twitter:label1\" content=\"Verfasst von\" \/>\n\t<meta name=\"twitter:data1\" content=\"rtnews\" \/>\n\t<meta name=\"twitter:label2\" content=\"Gesch\u00e4tzte Lesezeit\" \/>\n\t<meta name=\"twitter:data2\" content=\"2\u00a0Minuten\" \/>\n<script type=\"application\/ld+json\" class=\"yoast-schema-graph\">{\"@context\":\"https:\/\/schema.org\",\"@graph\":[{\"@type\":\"Article\",\"@id\":\"https:\/\/now-news.de\/de\/deutschland\/zweierlei-mass-cdu-mitglied-bedraengt-reporterin-fuer-ndr-chefredakteur-kein-problem\/#article\",\"isPartOf\":{\"@id\":\"https:\/\/now-news.de\/de\/deutschland\/zweierlei-mass-cdu-mitglied-bedraengt-reporterin-fuer-ndr-chefredakteur-kein-problem\/\"},\"author\":{\"name\":\"rtnews\",\"@id\":\"https:\/\/now-news.de\/de\/#\/schema\/person\/fb534a4e865501d8b3285208df34a9b5\"},\"headline\":\"Zweierlei Ma\u00df? CDU-Mitglied bedr\u00e4ngt Reporterin \u2013 f\u00fcr NDR-Chefredakteur kein Problem\",\"datePublished\":\"2024-02-29T13:03:19+00:00\",\"dateModified\":\"2024-02-29T13:03:19+00:00\",\"mainEntityOfPage\":{\"@id\":\"https:\/\/now-news.de\/de\/deutschland\/zweierlei-mass-cdu-mitglied-bedraengt-reporterin-fuer-ndr-chefredakteur-kein-problem\/\"},\"wordCount\":464,\"commentCount\":0,\"publisher\":{\"@id\":\"https:\/\/now-news.de\/de\/#organization\"},\"image\":{\"@id\":\"https:\/\/now-news.de\/de\/deutschland\/zweierlei-mass-cdu-mitglied-bedraengt-reporterin-fuer-ndr-chefredakteur-kein-problem\/#primaryimage\"},\"thumbnailUrl\":\"https:\/\/now-news.de\/de\/wp-content\/uploads\/sites\/3\/2024\/02\/Zweierlei-Mass-CDU-Mitglied-bedraengt-Reporterin-\u2013-fuer-NDR-Chefredakteur-kein-Problem.jpeg\",\"keywords\":[\"bedr\u00e4ngt\",\"CDUMitglied\",\"f\u00fcr\",\"Kein\",\"Mass\",\"NDRChefredakteur\",\"problem\",\"Reporterin\",\"zweierlei\"],\"articleSection\":[\"Deutschland\",\"Russland\"],\"inLanguage\":\"de\",\"potentialAction\":[{\"@type\":\"CommentAction\",\"name\":\"Comment\",\"target\":[\"https:\/\/now-news.de\/de\/deutschland\/zweierlei-mass-cdu-mitglied-bedraengt-reporterin-fuer-ndr-chefredakteur-kein-problem\/#respond\"]}]},{\"@type\":\"WebPage\",\"@id\":\"https:\/\/now-news.de\/de\/deutschland\/zweierlei-mass-cdu-mitglied-bedraengt-reporterin-fuer-ndr-chefredakteur-kein-problem\/\",\"url\":\"https:\/\/now-news.de\/de\/deutschland\/zweierlei-mass-cdu-mitglied-bedraengt-reporterin-fuer-ndr-chefredakteur-kein-problem\/\",\"name\":\"Zweierlei Ma\u00df? CDU-Mitglied bedr\u00e4ngt Reporterin \u2013 f\u00fcr NDR-Chefredakteur kein Problem - just-now.NEWS Deutschland\",\"isPartOf\":{\"@id\":\"https:\/\/now-news.de\/de\/#website\"},\"primaryImageOfPage\":{\"@id\":\"https:\/\/now-news.de\/de\/deutschland\/zweierlei-mass-cdu-mitglied-bedraengt-reporterin-fuer-ndr-chefredakteur-kein-problem\/#primaryimage\"},\"image\":{\"@id\":\"https:\/\/now-news.de\/de\/deutschland\/zweierlei-mass-cdu-mitglied-bedraengt-reporterin-fuer-ndr-chefredakteur-kein-problem\/#primaryimage\"},\"thumbnailUrl\":\"https:\/\/now-news.de\/de\/wp-content\/uploads\/sites\/3\/2024\/02\/Zweierlei-Mass-CDU-Mitglied-bedraengt-Reporterin-\u2013-fuer-NDR-Chefredakteur-kein-Problem.jpeg\",\"datePublished\":\"2024-02-29T13:03:19+00:00\",\"dateModified\":\"2024-02-29T13:03:19+00:00\",\"breadcrumb\":{\"@id\":\"https:\/\/now-news.de\/de\/deutschland\/zweierlei-mass-cdu-mitglied-bedraengt-reporterin-fuer-ndr-chefredakteur-kein-problem\/#breadcrumb\"},\"inLanguage\":\"de\",\"potentialAction\":[{\"@type\":\"ReadAction\",\"target\":[\"https:\/\/now-news.de\/de\/deutschland\/zweierlei-mass-cdu-mitglied-bedraengt-reporterin-fuer-ndr-chefredakteur-kein-problem\/\"]}]},{\"@type\":\"ImageObject\",\"inLanguage\":\"de\",\"@id\":\"https:\/\/now-news.de\/de\/deutschland\/zweierlei-mass-cdu-mitglied-bedraengt-reporterin-fuer-ndr-chefredakteur-kein-problem\/#primaryimage\",\"url\":\"https:\/\/now-news.de\/de\/wp-content\/uploads\/sites\/3\/2024\/02\/Zweierlei-Mass-CDU-Mitglied-bedraengt-Reporterin-\u2013-fuer-NDR-Chefredakteur-kein-Problem.jpeg\",\"contentUrl\":\"https:\/\/now-news.de\/de\/wp-content\/uploads\/sites\/3\/2024\/02\/Zweierlei-Mass-CDU-Mitglied-bedraengt-Reporterin-\u2013-fuer-NDR-Chefredakteur-kein-Problem.jpeg\",\"width\":460,\"height\":259,\"caption\":\"Zweierlei Ma\u00df? CDU-Mitglied bedr\u00e4ngt Reporterin \u2013 f\u00fcr NDR-Chefredakteur kein Problem\"},{\"@type\":\"BreadcrumbList\",\"@id\":\"https:\/\/now-news.de\/de\/deutschland\/zweierlei-mass-cdu-mitglied-bedraengt-reporterin-fuer-ndr-chefredakteur-kein-problem\/#breadcrumb\",\"itemListElement\":[{\"@type\":\"ListItem\",\"position\":1,\"name\":\"Home\",\"item\":\"https:\/\/now-news.de\/de\/\"},{\"@type\":\"ListItem\",\"position\":2,\"name\":\"Zweierlei Ma\u00df? CDU-Mitglied bedr\u00e4ngt Reporterin \u2013 f\u00fcr NDR-Chefredakteur kein Problem\"}]},{\"@type\":\"WebSite\",\"@id\":\"https:\/\/now-news.de\/de\/#website\",\"url\":\"https:\/\/now-news.de\/de\/\",\"name\":\"just-now.NEWS Deutschland\",\"description\":\"Das Portal f\u00fcr unzensierte Nachrichten aus der Welt\",\"publisher\":{\"@id\":\"https:\/\/now-news.de\/de\/#organization\"},\"potentialAction\":[{\"@type\":\"SearchAction\",\"target\":{\"@type\":\"EntryPoint\",\"urlTemplate\":\"https:\/\/now-news.de\/de\/?s={search_term_string}\"},\"query-input\":\"required name=search_term_string\"}],\"inLanguage\":\"de\"},{\"@type\":\"Organization\",\"@id\":\"https:\/\/now-news.de\/de\/#organization\",\"name\":\"Just Now News\",\"url\":\"https:\/\/now-news.de\/de\/\",\"logo\":{\"@type\":\"ImageObject\",\"inLanguage\":\"de\",\"@id\":\"https:\/\/now-news.de\/de\/#\/schema\/logo\/image\/\",\"url\":\"http:\/\/just-now.news\/de\/wp-content\/uploads\/sites\/3\/2022\/04\/logo500x500.jpg\",\"contentUrl\":\"http:\/\/just-now.news\/de\/wp-content\/uploads\/sites\/3\/2022\/04\/logo500x500.jpg\",\"width\":500,\"height\":500,\"caption\":\"Just Now News\"},\"image\":{\"@id\":\"https:\/\/now-news.de\/de\/#\/schema\/logo\/image\/\"},\"sameAs\":[\"https:\/\/www.facebook.com\/wirmachenauf\",\"https:\/\/x.com\/WirMachenAuf_de\"]},{\"@type\":\"Person\",\"@id\":\"https:\/\/now-news.de\/de\/#\/schema\/person\/fb534a4e865501d8b3285208df34a9b5\",\"name\":\"rtnews\",\"image\":{\"@type\":\"ImageObject\",\"inLanguage\":\"de\",\"@id\":\"https:\/\/now-news.de\/de\/#\/schema\/person\/image\/\",\"url\":\"https:\/\/secure.gravatar.com\/avatar\/82aafea7d8127119dd649515f56e2117?s=96&d=mm&r=g\",\"contentUrl\":\"https:\/\/secure.gravatar.com\/avatar\/82aafea7d8127119dd649515f56e2117?s=96&d=mm&r=g\",\"caption\":\"rtnews\"},\"url\":\"https:\/\/now-news.de\/de\/author\/rnews\/\"}]}<\/script>\n<!-- \/ Yoast SEO Premium plugin. -->","yoast_head_json":{"title":"Zweierlei Ma\u00df? CDU-Mitglied bedr\u00e4ngt Reporterin \u2013 f\u00fcr NDR-Chefredakteur kein Problem - just-now.NEWS Deutschland","robots":{"index":"index","follow":"follow","max-snippet":"max-snippet:-1","max-image-preview":"max-image-preview:large","max-video-preview":"max-video-preview:-1"},"canonical":"https:\/\/now-news.de\/de\/deutschland\/zweierlei-mass-cdu-mitglied-bedraengt-reporterin-fuer-ndr-chefredakteur-kein-problem\/","og_locale":"de_DE","og_type":"article","og_title":"Zweierlei Ma\u00df? CDU-Mitglied bedr\u00e4ngt Reporterin \u2013 f\u00fcr NDR-Chefredakteur kein Problem","og_description":"Ein &#8220;Geheimtreffen&#8221; r\u00fcttelt das Land auf. Beteiligt waren nachweislich AfD- wie auch CDU-Mitglieder. Medial attackiert wird die AfD. Eine Mitarbeiterin des NDR wird auf einer CDU-Regionalkonferenz vor laufender Kamera bedr\u00e4ngt. Der Skandal bleibt aus. Der Deutsche Journalisten-Verband schweigt. Das Land befindet sich in einem medial-politisch forcierten Zustand der emotionalen Erregung. Teile der Gesellschaft, ein verorteter [&hellip;]","og_url":"https:\/\/now-news.de\/de\/deutschland\/zweierlei-mass-cdu-mitglied-bedraengt-reporterin-fuer-ndr-chefredakteur-kein-problem\/","og_site_name":"just-now.NEWS Deutschland","article_publisher":"https:\/\/www.facebook.com\/wirmachenauf","article_published_time":"2024-02-29T13:03:19+00:00","og_image":[{"width":460,"height":259,"url":"https:\/\/now-news.de\/de\/wp-content\/uploads\/sites\/3\/2024\/02\/Zweierlei-Mass-CDU-Mitglied-bedraengt-Reporterin-\u2013-fuer-NDR-Chefredakteur-kein-Problem.jpeg","type":"image\/jpeg"}],"author":"rtnews","twitter_card":"summary_large_image","twitter_creator":"@WirMachenAuf_de","twitter_site":"@WirMachenAuf_de","twitter_misc":{"Verfasst von":"rtnews","Gesch\u00e4tzte Lesezeit":"2\u00a0Minuten"},"schema":{"@context":"https:\/\/schema.org","@graph":[{"@type":"Article","@id":"https:\/\/now-news.de\/de\/deutschland\/zweierlei-mass-cdu-mitglied-bedraengt-reporterin-fuer-ndr-chefredakteur-kein-problem\/#article","isPartOf":{"@id":"https:\/\/now-news.de\/de\/deutschland\/zweierlei-mass-cdu-mitglied-bedraengt-reporterin-fuer-ndr-chefredakteur-kein-problem\/"},"author":{"name":"rtnews","@id":"https:\/\/now-news.de\/de\/#\/schema\/person\/fb534a4e865501d8b3285208df34a9b5"},"headline":"Zweierlei Ma\u00df? CDU-Mitglied bedr\u00e4ngt Reporterin \u2013 f\u00fcr NDR-Chefredakteur kein Problem","datePublished":"2024-02-29T13:03:19+00:00","dateModified":"2024-02-29T13:03:19+00:00","mainEntityOfPage":{"@id":"https:\/\/now-news.de\/de\/deutschland\/zweierlei-mass-cdu-mitglied-bedraengt-reporterin-fuer-ndr-chefredakteur-kein-problem\/"},"wordCount":464,"commentCount":0,"publisher":{"@id":"https:\/\/now-news.de\/de\/#organization"},"image":{"@id":"https:\/\/now-news.de\/de\/deutschland\/zweierlei-mass-cdu-mitglied-bedraengt-reporterin-fuer-ndr-chefredakteur-kein-problem\/#primaryimage"},"thumbnailUrl":"https:\/\/now-news.de\/de\/wp-content\/uploads\/sites\/3\/2024\/02\/Zweierlei-Mass-CDU-Mitglied-bedraengt-Reporterin-\u2013-fuer-NDR-Chefredakteur-kein-Problem.jpeg","keywords":["bedr\u00e4ngt","CDUMitglied","f\u00fcr","Kein","Mass","NDRChefredakteur","problem","Reporterin","zweierlei"],"articleSection":["Deutschland","Russland"],"inLanguage":"de","potentialAction":[{"@type":"CommentAction","name":"Comment","target":["https:\/\/now-news.de\/de\/deutschland\/zweierlei-mass-cdu-mitglied-bedraengt-reporterin-fuer-ndr-chefredakteur-kein-problem\/#respond"]}]},{"@type":"WebPage","@id":"https:\/\/now-news.de\/de\/deutschland\/zweierlei-mass-cdu-mitglied-bedraengt-reporterin-fuer-ndr-chefredakteur-kein-problem\/","url":"https:\/\/now-news.de\/de\/deutschland\/zweierlei-mass-cdu-mitglied-bedraengt-reporterin-fuer-ndr-chefredakteur-kein-problem\/","name":"Zweierlei Ma\u00df? CDU-Mitglied bedr\u00e4ngt Reporterin \u2013 f\u00fcr NDR-Chefredakteur kein Problem - just-now.NEWS Deutschland","isPartOf":{"@id":"https:\/\/now-news.de\/de\/#website"},"primaryImageOfPage":{"@id":"https:\/\/now-news.de\/de\/deutschland\/zweierlei-mass-cdu-mitglied-bedraengt-reporterin-fuer-ndr-chefredakteur-kein-problem\/#primaryimage"},"image":{"@id":"https:\/\/now-news.de\/de\/deutschland\/zweierlei-mass-cdu-mitglied-bedraengt-reporterin-fuer-ndr-chefredakteur-kein-problem\/#primaryimage"},"thumbnailUrl":"https:\/\/now-news.de\/de\/wp-content\/uploads\/sites\/3\/2024\/02\/Zweierlei-Mass-CDU-Mitglied-bedraengt-Reporterin-\u2013-fuer-NDR-Chefredakteur-kein-Problem.jpeg","datePublished":"2024-02-29T13:03:19+00:00","dateModified":"2024-02-29T13:03:19+00:00","breadcrumb":{"@id":"https:\/\/now-news.de\/de\/deutschland\/zweierlei-mass-cdu-mitglied-bedraengt-reporterin-fuer-ndr-chefredakteur-kein-problem\/#breadcrumb"},"inLanguage":"de","potentialAction":[{"@type":"ReadAction","target":["https:\/\/now-news.de\/de\/deutschland\/zweierlei-mass-cdu-mitglied-bedraengt-reporterin-fuer-ndr-chefredakteur-kein-problem\/"]}]},{"@type":"ImageObject","inLanguage":"de","@id":"https:\/\/now-news.de\/de\/deutschland\/zweierlei-mass-cdu-mitglied-bedraengt-reporterin-fuer-ndr-chefredakteur-kein-problem\/#primaryimage","url":"https:\/\/now-news.de\/de\/wp-content\/uploads\/sites\/3\/2024\/02\/Zweierlei-Mass-CDU-Mitglied-bedraengt-Reporterin-\u2013-fuer-NDR-Chefredakteur-kein-Problem.jpeg","contentUrl":"https:\/\/now-news.de\/de\/wp-content\/uploads\/sites\/3\/2024\/02\/Zweierlei-Mass-CDU-Mitglied-bedraengt-Reporterin-\u2013-fuer-NDR-Chefredakteur-kein-Problem.jpeg","width":460,"height":259,"caption":"Zweierlei Ma\u00df? CDU-Mitglied bedr\u00e4ngt Reporterin \u2013 f\u00fcr NDR-Chefredakteur kein Problem"},{"@type":"BreadcrumbList","@id":"https:\/\/now-news.de\/de\/deutschland\/zweierlei-mass-cdu-mitglied-bedraengt-reporterin-fuer-ndr-chefredakteur-kein-problem\/#breadcrumb","itemListElement":[{"@type":"ListItem","position":1,"name":"Home","item":"https:\/\/now-news.de\/de\/"},{"@type":"ListItem","position":2,"name":"Zweierlei Ma\u00df? CDU-Mitglied bedr\u00e4ngt Reporterin \u2013 f\u00fcr NDR-Chefredakteur kein Problem"}]},{"@type":"WebSite","@id":"https:\/\/now-news.de\/de\/#website","url":"https:\/\/now-news.de\/de\/","name":"just-now.NEWS Deutschland","description":"Das Portal f\u00fcr unzensierte Nachrichten aus der Welt","publisher":{"@id":"https:\/\/now-news.de\/de\/#organization"},"potentialAction":[{"@type":"SearchAction","target":{"@type":"EntryPoint","urlTemplate":"https:\/\/now-news.de\/de\/?s={search_term_string}"},"query-input":"required name=search_term_string"}],"inLanguage":"de"},{"@type":"Organization","@id":"https:\/\/now-news.de\/de\/#organization","name":"Just Now News","url":"https:\/\/now-news.de\/de\/","logo":{"@type":"ImageObject","inLanguage":"de","@id":"https:\/\/now-news.de\/de\/#\/schema\/logo\/image\/","url":"http:\/\/just-now.news\/de\/wp-content\/uploads\/sites\/3\/2022\/04\/logo500x500.jpg","contentUrl":"http:\/\/just-now.news\/de\/wp-content\/uploads\/sites\/3\/2022\/04\/logo500x500.jpg","width":500,"height":500,"caption":"Just Now News"},"image":{"@id":"https:\/\/now-news.de\/de\/#\/schema\/logo\/image\/"},"sameAs":["https:\/\/www.facebook.com\/wirmachenauf","https:\/\/x.com\/WirMachenAuf_de"]},{"@type":"Person","@id":"https:\/\/now-news.de\/de\/#\/schema\/person\/fb534a4e865501d8b3285208df34a9b5","name":"rtnews","image":{"@type":"ImageObject","inLanguage":"de","@id":"https:\/\/now-news.de\/de\/#\/schema\/person\/image\/","url":"https:\/\/secure.gravatar.com\/avatar\/82aafea7d8127119dd649515f56e2117?s=96&d=mm&r=g","contentUrl":"https:\/\/secure.gravatar.com\/avatar\/82aafea7d8127119dd649515f56e2117?s=96&d=mm&r=g","caption":"rtnews"},"url":"https:\/\/now-news.de\/de\/author\/rnews\/"}]}},"_links":{"self":[{"href":"https:\/\/now-news.de\/de\/wp-json\/wp\/v2\/posts\/56229"}],"collection":[{"href":"https:\/\/now-news.de\/de\/wp-json\/wp\/v2\/posts"}],"about":[{"href":"https:\/\/now-news.de\/de\/wp-json\/wp\/v2\/types\/post"}],"author":[{"embeddable":true,"href":"https:\/\/now-news.de\/de\/wp-json\/wp\/v2\/users\/3"}],"replies":[{"embeddable":true,"href":"https:\/\/now-news.de\/de\/wp-json\/wp\/v2\/comments?post=56229"}],"version-history":[{"count":0,"href":"https:\/\/now-news.de\/de\/wp-json\/wp\/v2\/posts\/56229\/revisions"}],"wp:featuredmedia":[{"embeddable":true,"href":"https:\/\/now-news.de\/de\/wp-json\/wp\/v2\/media\/56230"}],"wp:attachment":[{"href":"https:\/\/now-news.de\/de\/wp-json\/wp\/v2\/media?parent=56229"}],"wp:term":[{"taxonomy":"category","embeddable":true,"href":"https:\/\/now-news.de\/de\/wp-json\/wp\/v2\/categories?post=56229"},{"taxonomy":"post_tag","embeddable":true,"href":"https:\/\/now-news.de\/de\/wp-json\/wp\/v2\/tags?post=56229"}],"curies":[{"name":"wp","href":"https:\/\/api.w.org\/{rel}","templated":true}]}}