{"id":56204,"date":"2024-02-29T10:16:33","date_gmt":"2024-02-29T08:16:33","guid":{"rendered":"https:\/\/just-now.news\/de\/deutschland\/fahren-sie-doch-nach-russland-herr-kujat\/"},"modified":"2024-02-29T10:16:33","modified_gmt":"2024-02-29T08:16:33","slug":"fahren-sie-doch-nach-russland-herr-kujat","status":"publish","type":"post","link":"https:\/\/now-news.de\/de\/deutschland\/fahren-sie-doch-nach-russland-herr-kujat\/","title":{"rendered":"Fahren Sie doch nach Russland, Herr Kujat!"},"content":{"rendered":"<div class=\"Text-root Text-type_1 \">\n                Der Brigadegeneral a.D. Harald Kujat wird von Friedensbewegten sehr gesch\u00e4tzt. In seinen \u00c4u\u00dferungen zum Ukraine-Konflikt legt er N\u00fcchternheit und Deeskalationswillen an den Tag. Aber zieht er in seiner Analyse wirklich alle M\u00f6glichkeiten in Betracht?\n            <\/div>\n<p><\/p>\n<div class=\"Text-root Text-type_5 ArticleView-text ViewText-root \">\n<p><em>Von Wladislaw Sankin<\/em><\/p>\n<p>Ich halte mein Versprechen. Darum bat mich eine Besucherin des Themenabends mit dem Bundeswehrgeneral a.D. Harald Kujat, der Mitte Februar in Berlin-Dahlen bei der Eurasiengesellschaft e.V. stattfand. Ich sollte in meinem Bericht \u00fcber die Veranstaltung unbedingt erw\u00e4hnen, dass sie Angst vor einem Einberufungsbescheid f\u00fcr ihren Sohn hat. Deswegen h\u00f6rt sie dem General gerne zu. Es gibt ihr Hoffnung, dass vern\u00fcnftige Leute beim Milit\u00e4r wie Kujat im drohenden milit\u00e4rischen Konflikt mit Russland deeskalierend wirken k\u00f6nnten.<\/p>\n<p>Das Interesse an den Analysen des ehemaligen Generalinspekteurs der Bundeswehr (2000\u20132002) und Vorsitzenden des NATO-Milit\u00e4rausschusses (2002\u20132005) ist heute st\u00e4rker denn je. Der General ist mit seinen 82 Jahren zu einem echten &#8220;Star&#8221; der alternativen Medienszene avanciert. Seine Interviews und sonstigen \u00f6ffentlichen Auftritte werden bei YouTube Millionenfach <a rel=\"nofollow noopener\" target=\"_blank\" href=\"https:\/\/www.youtube.com\/watch?v=Ws0wX6ZTjkk&amp;t=13s\">angeklickt<\/a>. Mit dem Vortrag bei den &#8220;Eurasiern&#8221;, der auf dem YouTube-Kanal der <em>NachDenkSeiten<\/em>\u00a0<a rel=\"nofollow noopener\" target=\"_blank\" href=\"https:\/\/www.youtube.com\/watch?v=L6dbonhYkDE&amp;t=2556s\">ver\u00f6ffentlicht<\/a> und von vielen anderen Plattformen verlinkt wurde, gelang ein n\u00e4chster erfolgreicher Medien-Coup. Umso beharrlicher wird Kujat von den Mainstreammedien ignoriert.<\/p>\n<p>Der Brigadegeneral a.D. besticht mit\u00a0hervorragender Allgemeinbildung und N\u00fcchternheit. Er zitiert aus den Klassikern und ordnet Ereignisse faktenreich ein. Was die Menschen an dem pensionierten Milit\u00e4r-Freigeist besonders beeindruckt, ist sein unbedingter Wille zur Deeskalation.<\/p>\n<p>Dabei war Kujat, der heute als Dissident und Kritiker der westlichen Politik wahrgenommen wird, eine der zentralen Figuren bei zwei Erweiterungswellen der NATO nach Osten in den Jahren 1999 und 2004. Diese Schritte bedauert er nicht. Heute erz\u00e4hlt er, dass er auch damals fair bleiben wollte. Als er mit Polen und Ungarn die Verhandlungen gef\u00fchrt hat, fragte er die Beitrittswilligen: Habt ihr mit den Russen dar\u00fcber gesprochen, sind sie einverstanden? Und er wusste damals schon, dass die Russen vor allem in der Aufnahme Polens in die NATO ein gro\u00dfes Problem sahen, erz\u00e4hlte er dem Publikum in Berlin-Dahlen, nachdem die Kameras ausgeschaltet waren.\u00a0<\/p>\n<p>Seit den <a rel=\"nofollow noopener\" target=\"_blank\" href=\"https:\/\/freedert.online\/meinung\/197595-warum-macron-von-bodentruppen-redet\/\">Enth\u00fcllungen Macrons<\/a> am Montag spricht man offen \u00fcber die Entsendung von NATO-Kontingenten in die Ukraine, wom\u00f6glich an die Frontabschnitte, die Russland seit nun anderthalb Jahren als sein eigenes Territorium ansieht. Das unter Mitwirkung des damaligen NATO-Funktion\u00e4rs Kujat erweiterte B\u00fcndnis steht an einer immer n\u00e4her r\u00fcckenden Schwelle zu einer direkten Konfrontation mit der Nuklear-Supermacht Russland. Der Einberufungsbescheid r\u00fcckt damit der Realit\u00e4t ein kleines St\u00fcck n\u00e4her.\u00a0<\/p>\n<p>Kujat will deshalb, dass das Blutvergie\u00dfen in der Ukraine aufh\u00f6rt und die NATO und Russland beide einen Schritt zur\u00fcck zur Deeskalation gehen. Daf\u00fcr m\u00fcssten erst die Waffenpausen im russisch-ukrainischen Krieg\u00a0erreicht werden. Danach m\u00fcsse man Verhandlungen aufnehmen. Er z\u00e4hlt auf, welche Schritte beide Konfliktparteien zur Gesichtswahrung gehen k\u00f6nnten. Dabei beruft er sich auf das von der Ukraine auf Dr\u00e4ngen des Westens im April 2022 abgelehnte Istanbul-Abkommen, das die Ukraine und Russland in den ersten Wochen nach der russischen Invasion <a rel=\"nofollow noopener\" target=\"_blank\" href=\"https:\/\/freedert.online\/kurzclips\/video\/193120-vollidioten-putin-zu-abbruch-friedensverhandlungen\/\">ausgehandelt <\/a>haben.<\/p>\n<p>Das ist ein edles Anliegen. Zu sehen, wie vor allem Soldaten auf beiden Seiten tagt\u00e4glich in gro\u00dfer Anzahl sterben, bereitet gro\u00dfen Schmerz. Auch diejenigen auf der ukrainischen Seite geh\u00f6ren meinem Volk an. Die Ukrainer sind Russen, die durch nationalistische Propaganda ihrer Regierung und westliche Einfl\u00fcsterer irregef\u00fchrt worden sind. Kleine ethnische Unterschiede und\u00a0vermeintliche historische Ressentiments d\u00fcrfen da <a rel=\"nofollow noopener\" target=\"_blank\" href=\"https:\/\/freedert.online\/europa\/195679-es-wird-wiedervereinigung-geben-ueber-putin-aussoehnung-zwischen-russen-und-ukrainern\/\">nicht \u00fcberbewertet<\/a> werden \u2013 was die Spalter im Westen nur zu gern machen. Oft schie\u00dfen Br\u00fcder aufeinander in diesem Krieg.<\/p>\n<p>Aber leider sind die wohlwollenden Vorschl\u00e4ge zu einem friedlichen Unentschieden von Herrn Kujat kein Heilmittel. Der Brigadegeneral a.D. erkennt zwar die Fehler des Westens, zum Beispiel die Organisation des Staatsstreichs im Jahr 2014 in Kiew, an, kann aber die NATO, eine der S\u00e4ulen der westlichen Hegemonie, nicht f\u00fcr obsolet erkl\u00e4ren. Er denkt, ein NATO-Russland-Rat k\u00f6nnte auch k\u00fcnftig, wenn die Krise vorbei ist, die Sachen wie vor 20 Jahren regeln.<\/p>\n<p>Kujat spricht da aus seiner eigenen Erfahrung und das ist verst\u00e4ndlich. Aber diese Erfahrung liegt in der Vergangenheit. Und heute haben sich sowohl\u00a0die Akteure des Konflikts als auch die Welt insgesamt grundlegend ver\u00e4ndert. Auch der Istanbuler Vertrag, der ihm zufolge ein sehr gutes Angebot f\u00fcr die Ukraine war, geh\u00f6rt der Vergangenheit an. Seine Erw\u00e4hnung in der russischen Argumentation ist nichts weiter als ein diplomatischer Trick f\u00fcr die Au\u00dfenwahrnehmung. Istanbul ist viel eher ein Zeichen der anf\u00e4nglichen Schw\u00e4che.\u00a0<\/p>\n<p>Kujat ruft richtigerweise dazu auf, den Gordischen Knoten des Konflikts mit Russland nicht mit dem Schwert, sondern durch kluges Entflechten zu l\u00f6sen. Das kluge Verhalten basiert vor allem darauf, dass man die politischen Ziele des Gegners versteht; beziehungsweise derjenigen Seite, die man f\u00fcr einen Gegner h\u00e4lt, denn Russland hat jahrelang die F\u00fchrung westlicher Staaten f\u00fcr faire Partner gehalten. \u00dcber Russlands Ziele redet Kujat hingegen nicht viel und bleibt oft im Unklaren.<\/p>\n<p>So betont er st\u00e4ndig in seinen Analysen, dass die EU nun die Hauptlast beim Wiederaufbau der Ukraine \u00fcbernehmen werde \u2013 f\u00fcr Jahrzehnte. Er geht also fest davon aus, dass die Ukraine als Staat \u00fcberlebt und weiterhin eine Rolle in Europa spielen wird. Auf der anderen Seite h\u00e4lt er es f\u00fcr wahrscheinlich, dass Russland nach wie vor plant, bedeutende russisch gepr\u00e4gte Gro\u00dfst\u00e4dte Charkow und Odessa einzunehmen. Kommt Odessa wieder unter die russische Obhut, verliert die Ukraine den Zugang zum Schwarzen Meer. Das w\u00e4re eine fundamentale Schw\u00e4chung ihrer strategischen Position, die insbesondere die Seem\u00e4chte USA und Gro\u00dfbritannien auf keinen Fall hinnehmen werden.\u00a0<\/p>\n<p>Ob dies Russland gelingt oder nicht, sei laut Kujat noch ungewiss. Aber in seinen Zukunftsszenarien gibt es immer eine Ukraine, wobei es f\u00fcr ihn keine Rolle spielt, auf welchen ideologischen Grunds\u00e4tzen diese Ukraine basiert. Ob es etwa eine R\u00fcckabwicklung der nazistischen Ideologie geben wird. Diese Ideologie ist keine Nebens\u00e4chlichkeit, sondern der Kern und Gr\u00fcndungsmythos des modernen ukrainischen Staates, der auf Abgrenzung und \u00dcberlegenheit zu allem Russischen basiert.<\/p>\n<figure class=\"RTImage-root\">\n<div class=\"RTImage-image RTImage-original\"><picture class=\"Picture-root Picture-original\"><!--[if IE 9]><video style=\"display: none;\"><![endif]--><source media=\"(-webkit-min-device-pixel-ratio: 2) and (min-resolution: 120dpi)\" data-srcset=\" \nhttp:\/\/just-now.news\/de\/wp-content\/uploads\/sites\/3\/2024\/02\/65df8cc748fbef371369e3a4.jpg 850w,\n                http:\/\/just-now.news\/de\/wp-content\/uploads\/sites\/3\/2024\/02\/65df8cc748fbef371369e3a4.jpg 1960w,            \" ><source data-srcset=\" \nhttp:\/\/just-now.news\/de\/wp-content\/uploads\/sites\/3\/2024\/02\/65df8cc748fbef371369e3a4.jpg 460w,\n              http:\/\/just-now.news\/de\/wp-content\/uploads\/sites\/3\/2024\/02\/65df8cc748fbef371369e3a4.jpg 980w,\n            \" ><!--[if IE 9]><\/video><![endif]--><img decoding=\"async\" data- src=\"data:image\/png;base64,iVBORw0KGgoAAAANSUhEUgAAABAAAAAJCAQAAACRI2S5AAAAEElEQVR42mNkIAAYRxWAAQAG9gAKqv6+AwAAAABJRU5ErkJggg==\" class=\"Picture-root Picture-original lazyload\" data-src=\"http:\/\/just-now.news\/de\/wp-content\/uploads\/sites\/3\/2024\/02\/65df8cc748fbef371369e3a4.jpg\" alt=\"\"><\/source><\/source><\/picture><!-- noscript pattern --><noscript><img decoding=\"async\" src=\"http:\/\/just-now.news\/de\/wp-content\/uploads\/sites\/3\/2024\/02\/65df8cc748fbef371369e3a4.jpg\" alt=\"\"><\/noscript><\/div><figcaption class=\"RTImage-footer\"><span class=\"RTImage-caption\"><span class=\"RTImage-captionItem\">Die Fahne der UPA-Faschisten und Freiheits-Kitsch bei der &#8220;Victory for Peace&#8221; Kundgebung vor dem Branbendurger Tor am 24. Februar<\/span><\/span><span class=\"RTImage-source\"><span class=\"RTImage-captionItem\">Tilo Gr\u00e4ser<\/span><\/span><\/figcaption><\/figure>\n<p>Wie auch Nazi-Deutschland begreift sich die Ukraine in allen ihren offiziellen Verlautbarungen als Speerspitze der &#8220;zivilisierten Welt&#8221;, die es gegen den \u00f6stlichen Nachbarn Russland zu verteidigen gilt. Statt des &#8220;Judo-Bolschewismus&#8221; gilt es nun, sich gegen den &#8220;Putinismus&#8221; zu verteidigen \u2013 die ideologischen Denkmuster bleiben dieselben. In der Ukraine k\u00e4mpfen Freiheitsliebende gegen die Orks, die h\u00e4sslichen Sklaven Putins\u00a0\u2013\u00a0die Ankl\u00e4nge an dieses Narrativ ziehen sich wie ein roter Faden gegen die westliche Berichterstattung.\u00a0<\/p>\n<p>Doch der Experte &#8220;\u00fcbersieht&#8221; diese entscheidende ideologische Komponente und geht konsequenterweise auf Russlands Streben nach einer &#8220;Entnazifizierung&#8221; der Ukraine\u00a0nicht ein. Dabei ist der Kampf gegen den Nazismus gerade in Russland, dem Erben der Sieger \u00fcber den deutschen Faschismus, ein Motiv mit ungeheurer Mobilisierungskraft.\u00a0\u00a0<\/p>\n<div class=\"EmbedBlock-root EmbedBlock-externalVideo EmbedBlock-odysee\">\n<div class=\"VkEmbed\"><iframe class=\"lazyload\" data-src=\"https:\/\/odysee.com\/%24\/embed\/%40RTDE%3Ae%2FGeneral-a.D.-Kujat-kritisiert-Regierungspolitik---Ohne-R%C3%BCcksicht-auf-eigene-und-ukrainische-Bev%C3%B6lkerung-%3A4\" frameborder=\"0\" width=\"853\" height=\"480\" allowfullscreen><\/iframe><\/div>\n<\/div>\n<p>Das n\u00e4chste Problem ist die Realit\u00e4tsferne. Auf welcher Basis wird der Westen der\u00a0Ukraine beim Wiederaufbau helfen? Wird das Milit\u00e4r der NATO oder EU gegen den Willen Russlands im Land pr\u00e4sent bleiben? Wenn ja, warum sollte Russland dies zulassen, wenn die Entmilitarisierung, also Vertreibung der NATO aus der Ukraine, das zweite russische Motiv f\u00fcr die Invasion war? Und was passiert mit den ganzen Milliarden f\u00fcr den Wiederaufbau, wenn das ukrainische Regime doch fallen sollte? Allerdings hat Kujat die derzeitige milit\u00e4rische Strategie der Russen, die darauf abzielt, die Kr\u00e4fte des Gegners zu zerm\u00fcrben, bis der organisierte Widerstand zusammenbricht, zutreffend beschrieben.\u00a0<\/p>\n<p>Das Tragische im gegenw\u00e4rtigen Konflikt ist, dass es schlicht und einfach kein Unentschieden geben kann. Allein das Erkennen der wahren Ziele und Absichten Russlands und die Anerkennung der Entschlossenheit, mit der Russland diese Ziele erreichen will, kann Abhilfe schaffen. Doch wagen sich nur Wenige im Westen, dies klar und unmissverst\u00e4ndlich auszusprechen.<\/p>\n<p>Dabei gen\u00fcgt es, statt Kreml-Astrologie und Putin-Bashing zu betreiben, genau zuzuh\u00f6ren, was die russischen Offiziellen \u00fcber die Ukraine und Russlands Ziele und Perspektiven zur L\u00f6sung des Konflikts gesagt haben und jeden Tag aufs Neue sagen. Russlands Botschaft ist dabei ganz klar. Fr\u00fcher, als die Ukraine ein Land mit einer berechenbaren Regierung war, hat Russland die Souver\u00e4nit\u00e4t der Ukraine respektiert. Als es damit, sp\u00e4testens nach dem Scheitern des Minsker Prozesses, endg\u00fcltig vorbei war, hat Russland eine 180-Grad-Wende vollzogen. Heute betrachtet Russland die Ukraine als sein historisches Gebiet, das es von einer nazistisch-westlichen Okkupation zu befreien gilt. Darauf arbeitet das ganze Land mit seinen 145 Millionen Einwohnern hin.\u00a0\u00a0<\/p>\n<p>F\u00fcr den Westen bedeutet diese Wende Folgendes: Er soll sich aus der Ukraine komplett zur\u00fcckziehen. Der Westen ist der Westen und soll im Westen bleiben. In der neuen Weltordnung, die Russland anstrebt, soll die Sicherheitsarchitektur ganz neu verhandelt werden. Darin bleibt f\u00fcr B\u00fcndnisse wie die NATO kaum noch Platz, zumindest in ihrem alten ideologischen Gewand.<\/p>\n<p>Wenn die Ernsthaftigkeit der russischen Ziele nicht verstanden wird, kommen nur wohlgemeinte Karikaturen heraus, wie j\u00fcngst ein Vorschlag des Linken-Veteranen Gregor Gysi. Gysi hat sich der l\u00e4cherlichen Naivit\u00e4t preisgegeben, als er in einem <em>Spiegel<\/em>-Gespr\u00e4ch <a rel=\"nofollow noopener\" target=\"_blank\" href=\"https:\/\/www.spiegel.de\/politik\/deutschland\/gregor-gysi-fordert-48-stunden-plan-zu-einer-waffenruhe-in-der-ukraine-a-b3fed67d-716f-48ee-b8f2-bcd366f109e2\">vorgeschlagen<\/a> hat, die westlichen Waffenlieferungen in die Ukraine f\u00fcr 48-Stunden auszusetzen. Ihm zufolge w\u00fcrde diese gro\u00dfz\u00fcgige Geste einen Verhandlungsprozess in Gang setzen, an dessen Ende der Westen Russland &#8220;\u00fcberreden&#8221; k\u00f6nnte, sich aus den angeblich besetzten Gebieten, einschlie\u00dflich des Donbass, zur\u00fcckzuziehen.<\/p>\n<p>Die Vorstellung, dem Westen w\u00fcrde gelingen, Russland in der Ukraine aufzuhalten oder sogar zum R\u00fcckzug zu zwingen, ist naiv und gef\u00e4hrlich. Das n\u00e4hrt auf der Seite der Bellizisten falsche Hoffnungen, die die Eskalationsspirale weiter antreiben k\u00f6nnten. Die Furchtlosigkeit der westlichen Kriegstreiber macht in Russland langsam sogar jene seri\u00f6sen Experten nerv\u00f6s, die noch vor weniger als einem Jahr Sergei Karaganow <a rel=\"nofollow noopener\" target=\"_blank\" href=\"https:\/\/freedert.online\/russland\/175400-russische-experten-verurteilen-forderungen-nach-nuklearem-praeventivschlag\/\">zur\u00fcckgepfiffen<\/a> haben, als dieser von einem\u00a0pr\u00e4ventiven Nuklearschlag gegen europ\u00e4ische St\u00e4dte <a rel=\"nofollow noopener\" target=\"_blank\" href=\"https:\/\/freedert.online\/international\/173861-sergei-karaganow-warum-ein-atomschlag-gegen-westeuropa\/\">fabuliert<\/a>\u00a0hatte.<\/p>\n<p>Beispielsweise ruft der angesehene Politikwissenschaftler und Milit\u00e4rexperte Dmitri Trenin in seinem letzten <a rel=\"nofollow noopener\" target=\"_blank\" href=\"https:\/\/profile.ru\/abroad\/kak-rossiya-mozhet-pokonchit-s-deficitom-straha-v-otnosheniyah-s-zapadom-1456137\/\">Artikel <\/a>die russische F\u00fchrung eindringlich dazu auf, viel st\u00e4rker als bislang auf Einsch\u00fcchterung zu setzen. Russland m\u00fcsse Entschlossenheit zeigen, seine Drohungen in die Tat umzusetzen.\u00a0<\/p>\n<p>Russland wird von seinen Zielen nicht abweichen, weil es davon nicht abweichen kann. Russland ist massiv vom Westen bedroht. Der Westen hingegen ist von Russland nicht bedroht, weil der Krieg schon seit zwei Jahren fernab seines Territoriums stattfindet und bislang nicht auf Resteuropa \u00fcbergesprungen ist. Das gilt allerdings nur, solange er keine neuen Krisen auf den anderen Schaupl\u00e4tzen provoziert.<\/p>\n<p>Die vielen friedensbewegten Experten und Politiker sollten deshalb ihre Einsch\u00e4tzungen angesichts dieser klaren\u00a0Tatsachen \u00fcberdenken und von\u00a0realit\u00e4tsfernen Vers\u00f6hnungsfantasien Abstand nehmen. Es kostet nur wertvolle Zeit und Energie, die \u00fcberfl\u00fcssigen\u00a0Illusionen\u00a0zu verbreiten.<\/p>\n<p>Deshalb mein pers\u00f6nlicher Vorschlag an\u00a0den gesch\u00e4tzten Herrn Kujat: Fliegen Sie doch nach Moskau und f\u00fchren Sie selbst Gespr\u00e4che, um Informationen aus erster Hand zu bekommen. Nehmen Sie andere friedensbewegte Kollegen aus dem Milit\u00e4r mit, bilden Sie eine kleine Delegation und werden Sie damit zum Gesandten.<\/p>\n<p>In Deutschland w\u00fcrde das ganz sicher Folgen haben. Denn wenn in Europa keine Einsicht \u00fcber die Ernsthaftigkeit der russischen Ziele und die F\u00e4higkeiten, diese Ziele umzusetzen, einkehrt, werden die Europ\u00e4er auf beiden Seiten der Front bald nur noch die Wahl haben, in einem konventionell gef\u00fchrten Krieg zu Zehntausenden zu sterben \u2013 oder in einem Atomkrieg zu Millionen.<\/p>\n<p><strong>Mehr zum Thema<\/strong> &#8211;\u00a0<a rel=\"nofollow noopener\" target=\"_blank\" href=\"https:\/\/freedert.online\/inland\/168989-major-ad-im-interview-putin\/\">Major a. D. im Interview: Putin hat nicht die Absicht, die Ukraine einzunehmen<\/a><\/p>\n<div class=\"EmbedBlock-root EmbedBlock-externalVideo EmbedBlock-odysee\">\n<div class=\"VkEmbed\"><iframe class=\"lazyload\" data-src=\"https:\/\/odysee.com\/%24\/embed\/%40RTDE%3Ae%2F-Wir-weigern-uns%2C-Feinde-der-Russen-zu-sein--%E2%80%93-Proteste-bei-M%C3%BCnchner-Sicherheitskonferenz%3Ac\" frameborder=\"0\" width=\"853\" height=\"480\" allowfullscreen><\/iframe><\/div>\n<\/div>\n<\/div>\n<p><br \/>\n<br \/><a href=\"https:\/\/de.rt.com\/meinung\/197697-fahren-sie-doch-nach-russland\/\">Source link <\/a><\/p>\n","protected":false},"excerpt":{"rendered":"<p>Der Brigadegeneral a.D. Harald Kujat wird von Friedensbewegten sehr gesch\u00e4tzt. In seinen \u00c4u\u00dferungen zum Ukraine-Konflikt legt er N\u00fcchternheit und Deeskalationswillen an den Tag. Aber zieht er in seiner Analyse wirklich alle M\u00f6glichkeiten in Betracht? Von Wladislaw Sankin Ich halte mein Versprechen. Darum bat mich eine Besucherin des Themenabends mit dem Bundeswehrgeneral a.D. Harald Kujat, der [&hellip;]<\/p>\n","protected":false},"author":3,"featured_media":56205,"comment_status":"open","ping_status":"open","sticky":false,"template":"","format":"standard","meta":{"_yoast_indexnow_last_ping":["1709195366"],"wp_automatic_camp":["217"],"65c626c7b169b412ff18421831462b4c":["Fahren Sie doch nach Russland, Herr Kujat!"],"original_link":["https:\/\/de.rt.com\/meinung\/197697-fahren-sie-doch-nach-russland\/"],"_thumbnail_id":["56205"],"jnews_social_counter_last_update":["1777127972"],"_wptgpro_p2tg_sent2tg":["a:1:{i:23737;s:19:\"2024-02-29 10:30:53\";}"]},"categories":[19,23],"tags":[9898,1623,35488,34303,979,126,527],"yoast_head":"<!-- This site is optimized with the Yoast SEO Premium plugin v22.7 (Yoast SEO v22.7) - https:\/\/yoast.com\/wordpress\/plugins\/seo\/ -->\n<title>Fahren Sie doch nach Russland, Herr Kujat! - just-now.NEWS Deutschland<\/title>\n<meta name=\"robots\" content=\"index, follow, max-snippet:-1, max-image-preview:large, max-video-preview:-1\" \/>\n<link rel=\"canonical\" href=\"https:\/\/now-news.de\/de\/deutschland\/fahren-sie-doch-nach-russland-herr-kujat\/\" \/>\n<meta property=\"og:locale\" content=\"de_DE\" \/>\n<meta property=\"og:type\" content=\"article\" \/>\n<meta property=\"og:title\" content=\"Fahren Sie doch nach Russland, Herr Kujat!\" \/>\n<meta property=\"og:description\" content=\"Der Brigadegeneral a.D. Harald Kujat wird von Friedensbewegten sehr gesch\u00e4tzt. In seinen \u00c4u\u00dferungen zum Ukraine-Konflikt legt er N\u00fcchternheit und Deeskalationswillen an den Tag. Aber zieht er in seiner Analyse wirklich alle M\u00f6glichkeiten in Betracht? Von Wladislaw Sankin Ich halte mein Versprechen. Darum bat mich eine Besucherin des Themenabends mit dem Bundeswehrgeneral a.D. Harald Kujat, der [&hellip;]\" \/>\n<meta property=\"og:url\" content=\"https:\/\/now-news.de\/de\/deutschland\/fahren-sie-doch-nach-russland-herr-kujat\/\" \/>\n<meta property=\"og:site_name\" content=\"just-now.NEWS Deutschland\" \/>\n<meta property=\"article:publisher\" content=\"https:\/\/www.facebook.com\/wirmachenauf\" \/>\n<meta property=\"article:published_time\" content=\"2024-02-29T08:16:33+00:00\" \/>\n<meta property=\"og:image\" content=\"https:\/\/now-news.de\/de\/wp-content\/uploads\/sites\/3\/2024\/02\/Fahren-Sie-doch-nach-Russland-Herr-Kujat.jpg\" \/>\n\t<meta property=\"og:image:width\" content=\"1800\" \/>\n\t<meta property=\"og:image:height\" content=\"1049\" \/>\n\t<meta property=\"og:image:type\" content=\"image\/jpeg\" \/>\n<meta name=\"author\" content=\"rtnews\" \/>\n<meta name=\"twitter:card\" content=\"summary_large_image\" \/>\n<meta name=\"twitter:creator\" content=\"@WirMachenAuf_de\" \/>\n<meta name=\"twitter:site\" content=\"@WirMachenAuf_de\" \/>\n<meta name=\"twitter:label1\" content=\"Verfasst von\" \/>\n\t<meta name=\"twitter:data1\" content=\"rtnews\" \/>\n\t<meta name=\"twitter:label2\" content=\"Gesch\u00e4tzte Lesezeit\" \/>\n\t<meta name=\"twitter:data2\" content=\"10\u00a0Minuten\" \/>\n<script type=\"application\/ld+json\" class=\"yoast-schema-graph\">{\"@context\":\"https:\/\/schema.org\",\"@graph\":[{\"@type\":\"Article\",\"@id\":\"https:\/\/now-news.de\/de\/deutschland\/fahren-sie-doch-nach-russland-herr-kujat\/#article\",\"isPartOf\":{\"@id\":\"https:\/\/now-news.de\/de\/deutschland\/fahren-sie-doch-nach-russland-herr-kujat\/\"},\"author\":{\"name\":\"rtnews\",\"@id\":\"https:\/\/now-news.de\/de\/#\/schema\/person\/fb534a4e865501d8b3285208df34a9b5\"},\"headline\":\"Fahren Sie doch nach Russland, Herr Kujat!\",\"datePublished\":\"2024-02-29T08:16:33+00:00\",\"dateModified\":\"2024-02-29T08:16:33+00:00\",\"mainEntityOfPage\":{\"@id\":\"https:\/\/now-news.de\/de\/deutschland\/fahren-sie-doch-nach-russland-herr-kujat\/\"},\"wordCount\":1934,\"commentCount\":0,\"publisher\":{\"@id\":\"https:\/\/now-news.de\/de\/#organization\"},\"image\":{\"@id\":\"https:\/\/now-news.de\/de\/deutschland\/fahren-sie-doch-nach-russland-herr-kujat\/#primaryimage\"},\"thumbnailUrl\":\"https:\/\/now-news.de\/de\/wp-content\/uploads\/sites\/3\/2024\/02\/Fahren-Sie-doch-nach-Russland-Herr-Kujat.jpg\",\"keywords\":[\"doch\",\"Fahren\",\"Herr\",\"Kujat\",\"nach\",\"russland\",\"Sie\"],\"articleSection\":[\"Deutschland\",\"Russland\"],\"inLanguage\":\"de\",\"potentialAction\":[{\"@type\":\"CommentAction\",\"name\":\"Comment\",\"target\":[\"https:\/\/now-news.de\/de\/deutschland\/fahren-sie-doch-nach-russland-herr-kujat\/#respond\"]}]},{\"@type\":\"WebPage\",\"@id\":\"https:\/\/now-news.de\/de\/deutschland\/fahren-sie-doch-nach-russland-herr-kujat\/\",\"url\":\"https:\/\/now-news.de\/de\/deutschland\/fahren-sie-doch-nach-russland-herr-kujat\/\",\"name\":\"Fahren Sie doch nach Russland, Herr Kujat! - just-now.NEWS Deutschland\",\"isPartOf\":{\"@id\":\"https:\/\/now-news.de\/de\/#website\"},\"primaryImageOfPage\":{\"@id\":\"https:\/\/now-news.de\/de\/deutschland\/fahren-sie-doch-nach-russland-herr-kujat\/#primaryimage\"},\"image\":{\"@id\":\"https:\/\/now-news.de\/de\/deutschland\/fahren-sie-doch-nach-russland-herr-kujat\/#primaryimage\"},\"thumbnailUrl\":\"https:\/\/now-news.de\/de\/wp-content\/uploads\/sites\/3\/2024\/02\/Fahren-Sie-doch-nach-Russland-Herr-Kujat.jpg\",\"datePublished\":\"2024-02-29T08:16:33+00:00\",\"dateModified\":\"2024-02-29T08:16:33+00:00\",\"breadcrumb\":{\"@id\":\"https:\/\/now-news.de\/de\/deutschland\/fahren-sie-doch-nach-russland-herr-kujat\/#breadcrumb\"},\"inLanguage\":\"de\",\"potentialAction\":[{\"@type\":\"ReadAction\",\"target\":[\"https:\/\/now-news.de\/de\/deutschland\/fahren-sie-doch-nach-russland-herr-kujat\/\"]}]},{\"@type\":\"ImageObject\",\"inLanguage\":\"de\",\"@id\":\"https:\/\/now-news.de\/de\/deutschland\/fahren-sie-doch-nach-russland-herr-kujat\/#primaryimage\",\"url\":\"https:\/\/now-news.de\/de\/wp-content\/uploads\/sites\/3\/2024\/02\/Fahren-Sie-doch-nach-Russland-Herr-Kujat.jpg\",\"contentUrl\":\"https:\/\/now-news.de\/de\/wp-content\/uploads\/sites\/3\/2024\/02\/Fahren-Sie-doch-nach-Russland-Herr-Kujat.jpg\",\"width\":1800,\"height\":1049,\"caption\":\"Fahren Sie doch nach Russland, Herr Kujat!\"},{\"@type\":\"BreadcrumbList\",\"@id\":\"https:\/\/now-news.de\/de\/deutschland\/fahren-sie-doch-nach-russland-herr-kujat\/#breadcrumb\",\"itemListElement\":[{\"@type\":\"ListItem\",\"position\":1,\"name\":\"Home\",\"item\":\"https:\/\/now-news.de\/de\/\"},{\"@type\":\"ListItem\",\"position\":2,\"name\":\"Fahren Sie doch nach Russland, Herr Kujat!\"}]},{\"@type\":\"WebSite\",\"@id\":\"https:\/\/now-news.de\/de\/#website\",\"url\":\"https:\/\/now-news.de\/de\/\",\"name\":\"just-now.NEWS Deutschland\",\"description\":\"Das Portal f\u00fcr unzensierte Nachrichten aus der Welt\",\"publisher\":{\"@id\":\"https:\/\/now-news.de\/de\/#organization\"},\"potentialAction\":[{\"@type\":\"SearchAction\",\"target\":{\"@type\":\"EntryPoint\",\"urlTemplate\":\"https:\/\/now-news.de\/de\/?s={search_term_string}\"},\"query-input\":\"required name=search_term_string\"}],\"inLanguage\":\"de\"},{\"@type\":\"Organization\",\"@id\":\"https:\/\/now-news.de\/de\/#organization\",\"name\":\"Just Now News\",\"url\":\"https:\/\/now-news.de\/de\/\",\"logo\":{\"@type\":\"ImageObject\",\"inLanguage\":\"de\",\"@id\":\"https:\/\/now-news.de\/de\/#\/schema\/logo\/image\/\",\"url\":\"http:\/\/just-now.news\/de\/wp-content\/uploads\/sites\/3\/2022\/04\/logo500x500.jpg\",\"contentUrl\":\"http:\/\/just-now.news\/de\/wp-content\/uploads\/sites\/3\/2022\/04\/logo500x500.jpg\",\"width\":500,\"height\":500,\"caption\":\"Just Now News\"},\"image\":{\"@id\":\"https:\/\/now-news.de\/de\/#\/schema\/logo\/image\/\"},\"sameAs\":[\"https:\/\/www.facebook.com\/wirmachenauf\",\"https:\/\/x.com\/WirMachenAuf_de\"]},{\"@type\":\"Person\",\"@id\":\"https:\/\/now-news.de\/de\/#\/schema\/person\/fb534a4e865501d8b3285208df34a9b5\",\"name\":\"rtnews\",\"image\":{\"@type\":\"ImageObject\",\"inLanguage\":\"de\",\"@id\":\"https:\/\/now-news.de\/de\/#\/schema\/person\/image\/\",\"url\":\"https:\/\/secure.gravatar.com\/avatar\/82aafea7d8127119dd649515f56e2117?s=96&d=mm&r=g\",\"contentUrl\":\"https:\/\/secure.gravatar.com\/avatar\/82aafea7d8127119dd649515f56e2117?s=96&d=mm&r=g\",\"caption\":\"rtnews\"},\"url\":\"https:\/\/now-news.de\/de\/author\/rnews\/\"}]}<\/script>\n<!-- \/ Yoast SEO Premium plugin. -->","yoast_head_json":{"title":"Fahren Sie doch nach Russland, Herr Kujat! - just-now.NEWS Deutschland","robots":{"index":"index","follow":"follow","max-snippet":"max-snippet:-1","max-image-preview":"max-image-preview:large","max-video-preview":"max-video-preview:-1"},"canonical":"https:\/\/now-news.de\/de\/deutschland\/fahren-sie-doch-nach-russland-herr-kujat\/","og_locale":"de_DE","og_type":"article","og_title":"Fahren Sie doch nach Russland, Herr Kujat!","og_description":"Der Brigadegeneral a.D. Harald Kujat wird von Friedensbewegten sehr gesch\u00e4tzt. In seinen \u00c4u\u00dferungen zum Ukraine-Konflikt legt er N\u00fcchternheit und Deeskalationswillen an den Tag. Aber zieht er in seiner Analyse wirklich alle M\u00f6glichkeiten in Betracht? Von Wladislaw Sankin Ich halte mein Versprechen. Darum bat mich eine Besucherin des Themenabends mit dem Bundeswehrgeneral a.D. Harald Kujat, der [&hellip;]","og_url":"https:\/\/now-news.de\/de\/deutschland\/fahren-sie-doch-nach-russland-herr-kujat\/","og_site_name":"just-now.NEWS Deutschland","article_publisher":"https:\/\/www.facebook.com\/wirmachenauf","article_published_time":"2024-02-29T08:16:33+00:00","og_image":[{"width":1800,"height":1049,"url":"https:\/\/now-news.de\/de\/wp-content\/uploads\/sites\/3\/2024\/02\/Fahren-Sie-doch-nach-Russland-Herr-Kujat.jpg","type":"image\/jpeg"}],"author":"rtnews","twitter_card":"summary_large_image","twitter_creator":"@WirMachenAuf_de","twitter_site":"@WirMachenAuf_de","twitter_misc":{"Verfasst von":"rtnews","Gesch\u00e4tzte Lesezeit":"10\u00a0Minuten"},"schema":{"@context":"https:\/\/schema.org","@graph":[{"@type":"Article","@id":"https:\/\/now-news.de\/de\/deutschland\/fahren-sie-doch-nach-russland-herr-kujat\/#article","isPartOf":{"@id":"https:\/\/now-news.de\/de\/deutschland\/fahren-sie-doch-nach-russland-herr-kujat\/"},"author":{"name":"rtnews","@id":"https:\/\/now-news.de\/de\/#\/schema\/person\/fb534a4e865501d8b3285208df34a9b5"},"headline":"Fahren Sie doch nach Russland, Herr Kujat!","datePublished":"2024-02-29T08:16:33+00:00","dateModified":"2024-02-29T08:16:33+00:00","mainEntityOfPage":{"@id":"https:\/\/now-news.de\/de\/deutschland\/fahren-sie-doch-nach-russland-herr-kujat\/"},"wordCount":1934,"commentCount":0,"publisher":{"@id":"https:\/\/now-news.de\/de\/#organization"},"image":{"@id":"https:\/\/now-news.de\/de\/deutschland\/fahren-sie-doch-nach-russland-herr-kujat\/#primaryimage"},"thumbnailUrl":"https:\/\/now-news.de\/de\/wp-content\/uploads\/sites\/3\/2024\/02\/Fahren-Sie-doch-nach-Russland-Herr-Kujat.jpg","keywords":["doch","Fahren","Herr","Kujat","nach","russland","Sie"],"articleSection":["Deutschland","Russland"],"inLanguage":"de","potentialAction":[{"@type":"CommentAction","name":"Comment","target":["https:\/\/now-news.de\/de\/deutschland\/fahren-sie-doch-nach-russland-herr-kujat\/#respond"]}]},{"@type":"WebPage","@id":"https:\/\/now-news.de\/de\/deutschland\/fahren-sie-doch-nach-russland-herr-kujat\/","url":"https:\/\/now-news.de\/de\/deutschland\/fahren-sie-doch-nach-russland-herr-kujat\/","name":"Fahren Sie doch nach Russland, Herr Kujat! - just-now.NEWS Deutschland","isPartOf":{"@id":"https:\/\/now-news.de\/de\/#website"},"primaryImageOfPage":{"@id":"https:\/\/now-news.de\/de\/deutschland\/fahren-sie-doch-nach-russland-herr-kujat\/#primaryimage"},"image":{"@id":"https:\/\/now-news.de\/de\/deutschland\/fahren-sie-doch-nach-russland-herr-kujat\/#primaryimage"},"thumbnailUrl":"https:\/\/now-news.de\/de\/wp-content\/uploads\/sites\/3\/2024\/02\/Fahren-Sie-doch-nach-Russland-Herr-Kujat.jpg","datePublished":"2024-02-29T08:16:33+00:00","dateModified":"2024-02-29T08:16:33+00:00","breadcrumb":{"@id":"https:\/\/now-news.de\/de\/deutschland\/fahren-sie-doch-nach-russland-herr-kujat\/#breadcrumb"},"inLanguage":"de","potentialAction":[{"@type":"ReadAction","target":["https:\/\/now-news.de\/de\/deutschland\/fahren-sie-doch-nach-russland-herr-kujat\/"]}]},{"@type":"ImageObject","inLanguage":"de","@id":"https:\/\/now-news.de\/de\/deutschland\/fahren-sie-doch-nach-russland-herr-kujat\/#primaryimage","url":"https:\/\/now-news.de\/de\/wp-content\/uploads\/sites\/3\/2024\/02\/Fahren-Sie-doch-nach-Russland-Herr-Kujat.jpg","contentUrl":"https:\/\/now-news.de\/de\/wp-content\/uploads\/sites\/3\/2024\/02\/Fahren-Sie-doch-nach-Russland-Herr-Kujat.jpg","width":1800,"height":1049,"caption":"Fahren Sie doch nach Russland, Herr Kujat!"},{"@type":"BreadcrumbList","@id":"https:\/\/now-news.de\/de\/deutschland\/fahren-sie-doch-nach-russland-herr-kujat\/#breadcrumb","itemListElement":[{"@type":"ListItem","position":1,"name":"Home","item":"https:\/\/now-news.de\/de\/"},{"@type":"ListItem","position":2,"name":"Fahren Sie doch nach Russland, Herr Kujat!"}]},{"@type":"WebSite","@id":"https:\/\/now-news.de\/de\/#website","url":"https:\/\/now-news.de\/de\/","name":"just-now.NEWS Deutschland","description":"Das Portal f\u00fcr unzensierte Nachrichten aus der Welt","publisher":{"@id":"https:\/\/now-news.de\/de\/#organization"},"potentialAction":[{"@type":"SearchAction","target":{"@type":"EntryPoint","urlTemplate":"https:\/\/now-news.de\/de\/?s={search_term_string}"},"query-input":"required name=search_term_string"}],"inLanguage":"de"},{"@type":"Organization","@id":"https:\/\/now-news.de\/de\/#organization","name":"Just Now News","url":"https:\/\/now-news.de\/de\/","logo":{"@type":"ImageObject","inLanguage":"de","@id":"https:\/\/now-news.de\/de\/#\/schema\/logo\/image\/","url":"http:\/\/just-now.news\/de\/wp-content\/uploads\/sites\/3\/2022\/04\/logo500x500.jpg","contentUrl":"http:\/\/just-now.news\/de\/wp-content\/uploads\/sites\/3\/2022\/04\/logo500x500.jpg","width":500,"height":500,"caption":"Just Now News"},"image":{"@id":"https:\/\/now-news.de\/de\/#\/schema\/logo\/image\/"},"sameAs":["https:\/\/www.facebook.com\/wirmachenauf","https:\/\/x.com\/WirMachenAuf_de"]},{"@type":"Person","@id":"https:\/\/now-news.de\/de\/#\/schema\/person\/fb534a4e865501d8b3285208df34a9b5","name":"rtnews","image":{"@type":"ImageObject","inLanguage":"de","@id":"https:\/\/now-news.de\/de\/#\/schema\/person\/image\/","url":"https:\/\/secure.gravatar.com\/avatar\/82aafea7d8127119dd649515f56e2117?s=96&d=mm&r=g","contentUrl":"https:\/\/secure.gravatar.com\/avatar\/82aafea7d8127119dd649515f56e2117?s=96&d=mm&r=g","caption":"rtnews"},"url":"https:\/\/now-news.de\/de\/author\/rnews\/"}]}},"_links":{"self":[{"href":"https:\/\/now-news.de\/de\/wp-json\/wp\/v2\/posts\/56204"}],"collection":[{"href":"https:\/\/now-news.de\/de\/wp-json\/wp\/v2\/posts"}],"about":[{"href":"https:\/\/now-news.de\/de\/wp-json\/wp\/v2\/types\/post"}],"author":[{"embeddable":true,"href":"https:\/\/now-news.de\/de\/wp-json\/wp\/v2\/users\/3"}],"replies":[{"embeddable":true,"href":"https:\/\/now-news.de\/de\/wp-json\/wp\/v2\/comments?post=56204"}],"version-history":[{"count":0,"href":"https:\/\/now-news.de\/de\/wp-json\/wp\/v2\/posts\/56204\/revisions"}],"wp:featuredmedia":[{"embeddable":true,"href":"https:\/\/now-news.de\/de\/wp-json\/wp\/v2\/media\/56205"}],"wp:attachment":[{"href":"https:\/\/now-news.de\/de\/wp-json\/wp\/v2\/media?parent=56204"}],"wp:term":[{"taxonomy":"category","embeddable":true,"href":"https:\/\/now-news.de\/de\/wp-json\/wp\/v2\/categories?post=56204"},{"taxonomy":"post_tag","embeddable":true,"href":"https:\/\/now-news.de\/de\/wp-json\/wp\/v2\/tags?post=56204"}],"curies":[{"name":"wp","href":"https:\/\/api.w.org\/{rel}","templated":true}]}}