{"id":56101,"date":"2024-02-27T21:02:23","date_gmt":"2024-02-27T19:02:23","guid":{"rendered":"https:\/\/just-now.news\/de\/deutschland\/vater-des-ermordeten-fahnenfluechtigen-piloten-sohn-handelte-wie-judas\/"},"modified":"2024-02-27T21:02:23","modified_gmt":"2024-02-27T19:02:23","slug":"vater-des-ermordeten-fahnenfluechtigen-piloten-sohn-handelte-wie-judas","status":"publish","type":"post","link":"https:\/\/now-news.de\/de\/deutschland\/vater-des-ermordeten-fahnenfluechtigen-piloten-sohn-handelte-wie-judas\/","title":{"rendered":"Vater des ermordeten fahnenfl\u00fcchtigen Piloten: Sohn handelte wie Judas"},"content":{"rendered":"<p><img decoding=\"async\" src=\"http:\/\/just-now.news\/de\/wp-content\/uploads\/sites\/3\/2024\/02\/65de0058b480cc49a4537285.jpg\" \/><\/p>\n<div class=\"Text-root Text-type_1 \">\n                Besatzungsmitglieder des Hubschraubers Mi-8, die bei der Fahnenflucht des ehemaligen russischen Piloten Maxim Kusminow get\u00f6tet wurden, sind mehr zu bedauern als dieser selbst, sagt Kusminows Vater. F\u00fcr die Aktion seines Sohns findet er drastische Worte und nennt ihn Judas.\n            <\/div>\n<p><\/p>\n<div class=\"Text-root Text-type_5 ArticleView-text ViewText-root \">\n<p>Oleg Siwajew, der Vater des desertierten russischen Hubschrauberpiloten Maxim Kusminow, der in Spanien ermordet wurde, hat seinen Sohn mit Judas verglichen und erkl\u00e4rt, dass er mehr Mitleid mit Kusminows get\u00f6teten Kameraden habe. In einem <a rel=\"nofollow noopener\" target=\"_blank\" href=\"https:\/\/t.me\/rt_russian\/190704\">Videointerview<\/a>, das <em>RT <\/em>vorliegt, sagte er am Montag:<\/p>\n<blockquote>\n<p><em>&#8220;Er hat wie Judas gehandelt.&#8221;<\/em><\/p>\n<\/blockquote>\n<p>Gleichzeitig tue es ihm &#8220;auf menschlicher Ebene&#8221; leid, dass Kusminow sich &#8220;f\u00fcr eine solche komplette Nichtigkeit&#8221; verausgabt und seine Heimat verraten hat, f\u00fcgte sein Vater hinzu. Er betonte:<\/p>\n<blockquote>\n<p><em>&#8220;Keine Seite hat jemals Verr\u00e4ter respektiert. Ein Verr\u00e4ter ist ein Verr\u00e4ter.&#8221;<\/em><\/p>\n<\/blockquote>\n<p>Noch mehr Mitleid habe Siwajew allerdings mit den Kameraden seines Sohns, die sich als weitere Besatzungsmitglieder am Bord des von Kusminow entf\u00fchrten Hubschraubers befunden hatten und unter ungekl\u00e4rten Umst\u00e4nden get\u00f6tet worden waren.<strong><\/strong>Siwajew erkl\u00e4rte:<\/p>\n<blockquote>\n<p><em>&#8220;Sie waren ihm wie Br\u00fcder. Sie sahen in ihm einen Kameraden, einen echten Bruder, und dann dieser Verrat. Diese Menschen tun mir aufrichtig leid \u2013 mehr als er.&#8221;<\/em><\/p>\n<\/blockquote>\n<p>Seinen Sohn habe er zuletzt im Jahr 2013 gesehen, so Siwajew.<\/p>\n<p>Der ehemalige russische Pilot Kusminow hatte am 9. August 2023 einen Milit\u00e4rhubschrauber des Typs Mi-8 aus dem russischen Kursk ins Gebiet Charkow in der Ukraine entf\u00fchrt. Die Aktion war von ihm im Voraus gemeinsam mit ukrainischen Geheimdiensten geplant worden. Zwei weitere Besatzungsmitglieder des Hubschraubers hatten die Flucht nicht verhindern k\u00f6nnen, weil sie die Maschine nicht hatten steuern k\u00f6nnen. Sie hatten sich geweigert, sich zu ergeben, und waren entweder von Kusminow selbst oder vom ukrainischen Milit\u00e4r get\u00f6tet worden. Berichten zufolge erhielt Kusminow von Kiew 500.000 US-Dollar und einen &#8220;Schutzplan&#8221; in einem EU-Staat.<\/p>\n<p>Am 13. Februar hatten spanische Beh\u00f6rden den Mord an einem 33-j\u00e4hrigen ukrainischen Staatsb\u00fcrger in der Stadt Villajoyosa gemeldet. Medienberichten zufolge handelte es sich bei der mit zahlreichen Schusswunden aufgefundene und von einem Auto \u00fcberfahrenen Leiche um den Deserteur Kusminow, der unter einer falschen Identit\u00e4t in Spanien gelebt hatte. Spanische Beh\u00f6rden machten bisher keine offiziellen Angaben zur Identit\u00e4t des Get\u00f6teten, allerdings wurde Kusminows Tod vom ukrainischen Milit\u00e4rgeheimdienst GUR best\u00e4tigt.<\/p>\n<p>Sergei Naryschkin, der Chef des russischen Auslandsgeheimdienstes, \u00e4u\u00dferte sich nicht zu Kusminows Tod, erkl\u00e4rte aber, dass der ehemalige Pilot bereits in jenem Moment, als er sein Land verriet, zu einer &#8220;moralischen Leiche&#8221; geworden sei.<\/p>\n<p><strong>Mehr zum Thema: <\/strong><a rel=\"nofollow noopener\" target=\"_blank\" href=\"https:\/\/freedert.online\/europa\/196872-moralische-leiche-geheimdienstchef-tod-des-russischen-deserteurs-in-spanien\/\">&#8220;Moralische Leiche&#8221; \u2013 Geheimdienstchef zum Tod des russischen Deserteurs in Spanien<\/a><strong><\/strong><\/p>\n<\/div>\n<p><br \/>\n<br \/><a href=\"https:\/\/de.rt.com\/gesellschaft\/197608-vater-des-ermordeten-fahnenfluechtigen-piloten-vergleicht-sohn-mit-judas\/\">Source link <\/a><\/p>\n","protected":false},"excerpt":{"rendered":"<p>Besatzungsmitglieder des Hubschraubers Mi-8, die bei der Fahnenflucht des ehemaligen russischen Piloten Maxim Kusminow get\u00f6tet wurden, sind mehr zu bedauern als dieser selbst, sagt Kusminows Vater. F\u00fcr die Aktion seines Sohns findet er drastische Worte und nennt ihn Judas. Oleg Siwajew, der Vater des desertierten russischen Hubschrauberpiloten Maxim Kusminow, der in Spanien ermordet wurde, hat [&hellip;]<\/p>\n","protected":false},"author":3,"featured_media":56102,"comment_status":"open","ping_status":"open","sticky":false,"template":"","format":"standard","meta":{"_yoast_indexnow_last_ping":["1709060554"],"wp_automatic_camp":["217"],"9d8e7523658410760de16b13410da443":["Vater des ermordeten fahnenfl\u00fcchtigen Piloten: Sohn handelte wie Judas"],"original_link":["https:\/\/de.rt.com\/gesellschaft\/197608-vater-des-ermordeten-fahnenfluechtigen-piloten-vergleicht-sohn-mit-judas\/"],"_thumbnail_id":["56102"],"_wptgpro_p2tg_sent2tg":["a:1:{i:23737;s:19:\"2024-02-27 21:03:47\";}"],"jnews_social_counter_last_update":["1777259662"]},"categories":[19,23],"tags":[583,20015,53938,34474,2639,3908,19545,19980,579],"yoast_head":"<!-- This site is optimized with the Yoast SEO Premium plugin v22.7 (Yoast SEO v22.7) - https:\/\/yoast.com\/wordpress\/plugins\/seo\/ -->\n<title>Vater des ermordeten fahnenfl\u00fcchtigen Piloten: Sohn handelte wie Judas - just-now.NEWS Deutschland<\/title>\n<meta name=\"robots\" content=\"index, follow, max-snippet:-1, max-image-preview:large, max-video-preview:-1\" \/>\n<link rel=\"canonical\" href=\"https:\/\/now-news.de\/de\/deutschland\/vater-des-ermordeten-fahnenfluechtigen-piloten-sohn-handelte-wie-judas\/\" \/>\n<meta property=\"og:locale\" content=\"de_DE\" \/>\n<meta property=\"og:type\" content=\"article\" \/>\n<meta property=\"og:title\" content=\"Vater des ermordeten fahnenfl\u00fcchtigen Piloten: Sohn handelte wie Judas\" \/>\n<meta property=\"og:description\" content=\"Besatzungsmitglieder des Hubschraubers Mi-8, die bei der Fahnenflucht des ehemaligen russischen Piloten Maxim Kusminow get\u00f6tet wurden, sind mehr zu bedauern als dieser selbst, sagt Kusminows Vater. F\u00fcr die Aktion seines Sohns findet er drastische Worte und nennt ihn Judas. Oleg Siwajew, der Vater des desertierten russischen Hubschrauberpiloten Maxim Kusminow, der in Spanien ermordet wurde, hat [&hellip;]\" \/>\n<meta property=\"og:url\" content=\"https:\/\/now-news.de\/de\/deutschland\/vater-des-ermordeten-fahnenfluechtigen-piloten-sohn-handelte-wie-judas\/\" \/>\n<meta property=\"og:site_name\" content=\"just-now.NEWS Deutschland\" \/>\n<meta property=\"article:publisher\" content=\"https:\/\/www.facebook.com\/wirmachenauf\" \/>\n<meta property=\"article:published_time\" content=\"2024-02-27T19:02:23+00:00\" \/>\n<meta property=\"og:image\" content=\"https:\/\/now-news.de\/de\/wp-content\/uploads\/sites\/3\/2024\/02\/Vater-des-ermordeten-fahnenfluechtigen-Piloten-Sohn-handelte-wie-Judas.jpg\" \/>\n\t<meta property=\"og:image:width\" content=\"460\" \/>\n\t<meta property=\"og:image:height\" content=\"259\" \/>\n\t<meta property=\"og:image:type\" content=\"image\/jpeg\" \/>\n<meta name=\"author\" content=\"rtnews\" \/>\n<meta name=\"twitter:card\" content=\"summary_large_image\" \/>\n<meta name=\"twitter:creator\" content=\"@WirMachenAuf_de\" \/>\n<meta name=\"twitter:site\" content=\"@WirMachenAuf_de\" \/>\n<meta name=\"twitter:label1\" content=\"Verfasst von\" \/>\n\t<meta name=\"twitter:data1\" content=\"rtnews\" \/>\n\t<meta name=\"twitter:label2\" content=\"Gesch\u00e4tzte Lesezeit\" \/>\n\t<meta name=\"twitter:data2\" content=\"2\u00a0Minuten\" \/>\n<script type=\"application\/ld+json\" class=\"yoast-schema-graph\">{\"@context\":\"https:\/\/schema.org\",\"@graph\":[{\"@type\":\"Article\",\"@id\":\"https:\/\/now-news.de\/de\/deutschland\/vater-des-ermordeten-fahnenfluechtigen-piloten-sohn-handelte-wie-judas\/#article\",\"isPartOf\":{\"@id\":\"https:\/\/now-news.de\/de\/deutschland\/vater-des-ermordeten-fahnenfluechtigen-piloten-sohn-handelte-wie-judas\/\"},\"author\":{\"name\":\"rtnews\",\"@id\":\"https:\/\/now-news.de\/de\/#\/schema\/person\/fb534a4e865501d8b3285208df34a9b5\"},\"headline\":\"Vater des ermordeten fahnenfl\u00fcchtigen Piloten: Sohn handelte wie Judas\",\"datePublished\":\"2024-02-27T19:02:23+00:00\",\"dateModified\":\"2024-02-27T19:02:23+00:00\",\"mainEntityOfPage\":{\"@id\":\"https:\/\/now-news.de\/de\/deutschland\/vater-des-ermordeten-fahnenfluechtigen-piloten-sohn-handelte-wie-judas\/\"},\"wordCount\":443,\"commentCount\":0,\"publisher\":{\"@id\":\"https:\/\/now-news.de\/de\/#organization\"},\"image\":{\"@id\":\"https:\/\/now-news.de\/de\/deutschland\/vater-des-ermordeten-fahnenfluechtigen-piloten-sohn-handelte-wie-judas\/#primaryimage\"},\"thumbnailUrl\":\"https:\/\/now-news.de\/de\/wp-content\/uploads\/sites\/3\/2024\/02\/Vater-des-ermordeten-fahnenfluechtigen-Piloten-Sohn-handelte-wie-Judas.jpg\",\"keywords\":[\"des\",\"ermordeten\",\"fahnenfl\u00fcchtigen\",\"handelte\",\"Judas\",\"Piloten\",\"Sohn\",\"Vater\",\"Wie\"],\"articleSection\":[\"Deutschland\",\"Russland\"],\"inLanguage\":\"de\",\"potentialAction\":[{\"@type\":\"CommentAction\",\"name\":\"Comment\",\"target\":[\"https:\/\/now-news.de\/de\/deutschland\/vater-des-ermordeten-fahnenfluechtigen-piloten-sohn-handelte-wie-judas\/#respond\"]}]},{\"@type\":\"WebPage\",\"@id\":\"https:\/\/now-news.de\/de\/deutschland\/vater-des-ermordeten-fahnenfluechtigen-piloten-sohn-handelte-wie-judas\/\",\"url\":\"https:\/\/now-news.de\/de\/deutschland\/vater-des-ermordeten-fahnenfluechtigen-piloten-sohn-handelte-wie-judas\/\",\"name\":\"Vater des ermordeten fahnenfl\u00fcchtigen Piloten: Sohn handelte wie Judas - just-now.NEWS Deutschland\",\"isPartOf\":{\"@id\":\"https:\/\/now-news.de\/de\/#website\"},\"primaryImageOfPage\":{\"@id\":\"https:\/\/now-news.de\/de\/deutschland\/vater-des-ermordeten-fahnenfluechtigen-piloten-sohn-handelte-wie-judas\/#primaryimage\"},\"image\":{\"@id\":\"https:\/\/now-news.de\/de\/deutschland\/vater-des-ermordeten-fahnenfluechtigen-piloten-sohn-handelte-wie-judas\/#primaryimage\"},\"thumbnailUrl\":\"https:\/\/now-news.de\/de\/wp-content\/uploads\/sites\/3\/2024\/02\/Vater-des-ermordeten-fahnenfluechtigen-Piloten-Sohn-handelte-wie-Judas.jpg\",\"datePublished\":\"2024-02-27T19:02:23+00:00\",\"dateModified\":\"2024-02-27T19:02:23+00:00\",\"breadcrumb\":{\"@id\":\"https:\/\/now-news.de\/de\/deutschland\/vater-des-ermordeten-fahnenfluechtigen-piloten-sohn-handelte-wie-judas\/#breadcrumb\"},\"inLanguage\":\"de\",\"potentialAction\":[{\"@type\":\"ReadAction\",\"target\":[\"https:\/\/now-news.de\/de\/deutschland\/vater-des-ermordeten-fahnenfluechtigen-piloten-sohn-handelte-wie-judas\/\"]}]},{\"@type\":\"ImageObject\",\"inLanguage\":\"de\",\"@id\":\"https:\/\/now-news.de\/de\/deutschland\/vater-des-ermordeten-fahnenfluechtigen-piloten-sohn-handelte-wie-judas\/#primaryimage\",\"url\":\"https:\/\/now-news.de\/de\/wp-content\/uploads\/sites\/3\/2024\/02\/Vater-des-ermordeten-fahnenfluechtigen-Piloten-Sohn-handelte-wie-Judas.jpg\",\"contentUrl\":\"https:\/\/now-news.de\/de\/wp-content\/uploads\/sites\/3\/2024\/02\/Vater-des-ermordeten-fahnenfluechtigen-Piloten-Sohn-handelte-wie-Judas.jpg\",\"width\":460,\"height\":259,\"caption\":\"Vater des ermordeten fahnenfl\u00fcchtigen Piloten: Sohn handelte wie Judas\"},{\"@type\":\"BreadcrumbList\",\"@id\":\"https:\/\/now-news.de\/de\/deutschland\/vater-des-ermordeten-fahnenfluechtigen-piloten-sohn-handelte-wie-judas\/#breadcrumb\",\"itemListElement\":[{\"@type\":\"ListItem\",\"position\":1,\"name\":\"Home\",\"item\":\"https:\/\/now-news.de\/de\/\"},{\"@type\":\"ListItem\",\"position\":2,\"name\":\"Vater des ermordeten fahnenfl\u00fcchtigen Piloten: Sohn handelte wie Judas\"}]},{\"@type\":\"WebSite\",\"@id\":\"https:\/\/now-news.de\/de\/#website\",\"url\":\"https:\/\/now-news.de\/de\/\",\"name\":\"just-now.NEWS Deutschland\",\"description\":\"Das Portal f\u00fcr unzensierte Nachrichten aus der Welt\",\"publisher\":{\"@id\":\"https:\/\/now-news.de\/de\/#organization\"},\"potentialAction\":[{\"@type\":\"SearchAction\",\"target\":{\"@type\":\"EntryPoint\",\"urlTemplate\":\"https:\/\/now-news.de\/de\/?s={search_term_string}\"},\"query-input\":\"required name=search_term_string\"}],\"inLanguage\":\"de\"},{\"@type\":\"Organization\",\"@id\":\"https:\/\/now-news.de\/de\/#organization\",\"name\":\"Just Now News\",\"url\":\"https:\/\/now-news.de\/de\/\",\"logo\":{\"@type\":\"ImageObject\",\"inLanguage\":\"de\",\"@id\":\"https:\/\/now-news.de\/de\/#\/schema\/logo\/image\/\",\"url\":\"http:\/\/just-now.news\/de\/wp-content\/uploads\/sites\/3\/2022\/04\/logo500x500.jpg\",\"contentUrl\":\"http:\/\/just-now.news\/de\/wp-content\/uploads\/sites\/3\/2022\/04\/logo500x500.jpg\",\"width\":500,\"height\":500,\"caption\":\"Just Now News\"},\"image\":{\"@id\":\"https:\/\/now-news.de\/de\/#\/schema\/logo\/image\/\"},\"sameAs\":[\"https:\/\/www.facebook.com\/wirmachenauf\",\"https:\/\/x.com\/WirMachenAuf_de\"]},{\"@type\":\"Person\",\"@id\":\"https:\/\/now-news.de\/de\/#\/schema\/person\/fb534a4e865501d8b3285208df34a9b5\",\"name\":\"rtnews\",\"image\":{\"@type\":\"ImageObject\",\"inLanguage\":\"de\",\"@id\":\"https:\/\/now-news.de\/de\/#\/schema\/person\/image\/\",\"url\":\"https:\/\/secure.gravatar.com\/avatar\/82aafea7d8127119dd649515f56e2117?s=96&d=mm&r=g\",\"contentUrl\":\"https:\/\/secure.gravatar.com\/avatar\/82aafea7d8127119dd649515f56e2117?s=96&d=mm&r=g\",\"caption\":\"rtnews\"},\"url\":\"https:\/\/now-news.de\/de\/author\/rnews\/\"}]}<\/script>\n<!-- \/ Yoast SEO Premium plugin. -->","yoast_head_json":{"title":"Vater des ermordeten fahnenfl\u00fcchtigen Piloten: Sohn handelte wie Judas - just-now.NEWS Deutschland","robots":{"index":"index","follow":"follow","max-snippet":"max-snippet:-1","max-image-preview":"max-image-preview:large","max-video-preview":"max-video-preview:-1"},"canonical":"https:\/\/now-news.de\/de\/deutschland\/vater-des-ermordeten-fahnenfluechtigen-piloten-sohn-handelte-wie-judas\/","og_locale":"de_DE","og_type":"article","og_title":"Vater des ermordeten fahnenfl\u00fcchtigen Piloten: Sohn handelte wie Judas","og_description":"Besatzungsmitglieder des Hubschraubers Mi-8, die bei der Fahnenflucht des ehemaligen russischen Piloten Maxim Kusminow get\u00f6tet wurden, sind mehr zu bedauern als dieser selbst, sagt Kusminows Vater. F\u00fcr die Aktion seines Sohns findet er drastische Worte und nennt ihn Judas. Oleg Siwajew, der Vater des desertierten russischen Hubschrauberpiloten Maxim Kusminow, der in Spanien ermordet wurde, hat [&hellip;]","og_url":"https:\/\/now-news.de\/de\/deutschland\/vater-des-ermordeten-fahnenfluechtigen-piloten-sohn-handelte-wie-judas\/","og_site_name":"just-now.NEWS Deutschland","article_publisher":"https:\/\/www.facebook.com\/wirmachenauf","article_published_time":"2024-02-27T19:02:23+00:00","og_image":[{"width":460,"height":259,"url":"https:\/\/now-news.de\/de\/wp-content\/uploads\/sites\/3\/2024\/02\/Vater-des-ermordeten-fahnenfluechtigen-Piloten-Sohn-handelte-wie-Judas.jpg","type":"image\/jpeg"}],"author":"rtnews","twitter_card":"summary_large_image","twitter_creator":"@WirMachenAuf_de","twitter_site":"@WirMachenAuf_de","twitter_misc":{"Verfasst von":"rtnews","Gesch\u00e4tzte Lesezeit":"2\u00a0Minuten"},"schema":{"@context":"https:\/\/schema.org","@graph":[{"@type":"Article","@id":"https:\/\/now-news.de\/de\/deutschland\/vater-des-ermordeten-fahnenfluechtigen-piloten-sohn-handelte-wie-judas\/#article","isPartOf":{"@id":"https:\/\/now-news.de\/de\/deutschland\/vater-des-ermordeten-fahnenfluechtigen-piloten-sohn-handelte-wie-judas\/"},"author":{"name":"rtnews","@id":"https:\/\/now-news.de\/de\/#\/schema\/person\/fb534a4e865501d8b3285208df34a9b5"},"headline":"Vater des ermordeten fahnenfl\u00fcchtigen Piloten: Sohn handelte wie Judas","datePublished":"2024-02-27T19:02:23+00:00","dateModified":"2024-02-27T19:02:23+00:00","mainEntityOfPage":{"@id":"https:\/\/now-news.de\/de\/deutschland\/vater-des-ermordeten-fahnenfluechtigen-piloten-sohn-handelte-wie-judas\/"},"wordCount":443,"commentCount":0,"publisher":{"@id":"https:\/\/now-news.de\/de\/#organization"},"image":{"@id":"https:\/\/now-news.de\/de\/deutschland\/vater-des-ermordeten-fahnenfluechtigen-piloten-sohn-handelte-wie-judas\/#primaryimage"},"thumbnailUrl":"https:\/\/now-news.de\/de\/wp-content\/uploads\/sites\/3\/2024\/02\/Vater-des-ermordeten-fahnenfluechtigen-Piloten-Sohn-handelte-wie-Judas.jpg","keywords":["des","ermordeten","fahnenfl\u00fcchtigen","handelte","Judas","Piloten","Sohn","Vater","Wie"],"articleSection":["Deutschland","Russland"],"inLanguage":"de","potentialAction":[{"@type":"CommentAction","name":"Comment","target":["https:\/\/now-news.de\/de\/deutschland\/vater-des-ermordeten-fahnenfluechtigen-piloten-sohn-handelte-wie-judas\/#respond"]}]},{"@type":"WebPage","@id":"https:\/\/now-news.de\/de\/deutschland\/vater-des-ermordeten-fahnenfluechtigen-piloten-sohn-handelte-wie-judas\/","url":"https:\/\/now-news.de\/de\/deutschland\/vater-des-ermordeten-fahnenfluechtigen-piloten-sohn-handelte-wie-judas\/","name":"Vater des ermordeten fahnenfl\u00fcchtigen Piloten: Sohn handelte wie Judas - just-now.NEWS Deutschland","isPartOf":{"@id":"https:\/\/now-news.de\/de\/#website"},"primaryImageOfPage":{"@id":"https:\/\/now-news.de\/de\/deutschland\/vater-des-ermordeten-fahnenfluechtigen-piloten-sohn-handelte-wie-judas\/#primaryimage"},"image":{"@id":"https:\/\/now-news.de\/de\/deutschland\/vater-des-ermordeten-fahnenfluechtigen-piloten-sohn-handelte-wie-judas\/#primaryimage"},"thumbnailUrl":"https:\/\/now-news.de\/de\/wp-content\/uploads\/sites\/3\/2024\/02\/Vater-des-ermordeten-fahnenfluechtigen-Piloten-Sohn-handelte-wie-Judas.jpg","datePublished":"2024-02-27T19:02:23+00:00","dateModified":"2024-02-27T19:02:23+00:00","breadcrumb":{"@id":"https:\/\/now-news.de\/de\/deutschland\/vater-des-ermordeten-fahnenfluechtigen-piloten-sohn-handelte-wie-judas\/#breadcrumb"},"inLanguage":"de","potentialAction":[{"@type":"ReadAction","target":["https:\/\/now-news.de\/de\/deutschland\/vater-des-ermordeten-fahnenfluechtigen-piloten-sohn-handelte-wie-judas\/"]}]},{"@type":"ImageObject","inLanguage":"de","@id":"https:\/\/now-news.de\/de\/deutschland\/vater-des-ermordeten-fahnenfluechtigen-piloten-sohn-handelte-wie-judas\/#primaryimage","url":"https:\/\/now-news.de\/de\/wp-content\/uploads\/sites\/3\/2024\/02\/Vater-des-ermordeten-fahnenfluechtigen-Piloten-Sohn-handelte-wie-Judas.jpg","contentUrl":"https:\/\/now-news.de\/de\/wp-content\/uploads\/sites\/3\/2024\/02\/Vater-des-ermordeten-fahnenfluechtigen-Piloten-Sohn-handelte-wie-Judas.jpg","width":460,"height":259,"caption":"Vater des ermordeten fahnenfl\u00fcchtigen Piloten: Sohn handelte wie Judas"},{"@type":"BreadcrumbList","@id":"https:\/\/now-news.de\/de\/deutschland\/vater-des-ermordeten-fahnenfluechtigen-piloten-sohn-handelte-wie-judas\/#breadcrumb","itemListElement":[{"@type":"ListItem","position":1,"name":"Home","item":"https:\/\/now-news.de\/de\/"},{"@type":"ListItem","position":2,"name":"Vater des ermordeten fahnenfl\u00fcchtigen Piloten: Sohn handelte wie Judas"}]},{"@type":"WebSite","@id":"https:\/\/now-news.de\/de\/#website","url":"https:\/\/now-news.de\/de\/","name":"just-now.NEWS Deutschland","description":"Das Portal f\u00fcr unzensierte Nachrichten aus der Welt","publisher":{"@id":"https:\/\/now-news.de\/de\/#organization"},"potentialAction":[{"@type":"SearchAction","target":{"@type":"EntryPoint","urlTemplate":"https:\/\/now-news.de\/de\/?s={search_term_string}"},"query-input":"required name=search_term_string"}],"inLanguage":"de"},{"@type":"Organization","@id":"https:\/\/now-news.de\/de\/#organization","name":"Just Now News","url":"https:\/\/now-news.de\/de\/","logo":{"@type":"ImageObject","inLanguage":"de","@id":"https:\/\/now-news.de\/de\/#\/schema\/logo\/image\/","url":"http:\/\/just-now.news\/de\/wp-content\/uploads\/sites\/3\/2022\/04\/logo500x500.jpg","contentUrl":"http:\/\/just-now.news\/de\/wp-content\/uploads\/sites\/3\/2022\/04\/logo500x500.jpg","width":500,"height":500,"caption":"Just Now News"},"image":{"@id":"https:\/\/now-news.de\/de\/#\/schema\/logo\/image\/"},"sameAs":["https:\/\/www.facebook.com\/wirmachenauf","https:\/\/x.com\/WirMachenAuf_de"]},{"@type":"Person","@id":"https:\/\/now-news.de\/de\/#\/schema\/person\/fb534a4e865501d8b3285208df34a9b5","name":"rtnews","image":{"@type":"ImageObject","inLanguage":"de","@id":"https:\/\/now-news.de\/de\/#\/schema\/person\/image\/","url":"https:\/\/secure.gravatar.com\/avatar\/82aafea7d8127119dd649515f56e2117?s=96&d=mm&r=g","contentUrl":"https:\/\/secure.gravatar.com\/avatar\/82aafea7d8127119dd649515f56e2117?s=96&d=mm&r=g","caption":"rtnews"},"url":"https:\/\/now-news.de\/de\/author\/rnews\/"}]}},"_links":{"self":[{"href":"https:\/\/now-news.de\/de\/wp-json\/wp\/v2\/posts\/56101"}],"collection":[{"href":"https:\/\/now-news.de\/de\/wp-json\/wp\/v2\/posts"}],"about":[{"href":"https:\/\/now-news.de\/de\/wp-json\/wp\/v2\/types\/post"}],"author":[{"embeddable":true,"href":"https:\/\/now-news.de\/de\/wp-json\/wp\/v2\/users\/3"}],"replies":[{"embeddable":true,"href":"https:\/\/now-news.de\/de\/wp-json\/wp\/v2\/comments?post=56101"}],"version-history":[{"count":0,"href":"https:\/\/now-news.de\/de\/wp-json\/wp\/v2\/posts\/56101\/revisions"}],"wp:featuredmedia":[{"embeddable":true,"href":"https:\/\/now-news.de\/de\/wp-json\/wp\/v2\/media\/56102"}],"wp:attachment":[{"href":"https:\/\/now-news.de\/de\/wp-json\/wp\/v2\/media?parent=56101"}],"wp:term":[{"taxonomy":"category","embeddable":true,"href":"https:\/\/now-news.de\/de\/wp-json\/wp\/v2\/categories?post=56101"},{"taxonomy":"post_tag","embeddable":true,"href":"https:\/\/now-news.de\/de\/wp-json\/wp\/v2\/tags?post=56101"}],"curies":[{"name":"wp","href":"https:\/\/api.w.org\/{rel}","templated":true}]}}