{"id":55977,"date":"2024-02-26T08:24:53","date_gmt":"2024-02-26T06:24:53","guid":{"rendered":"https:\/\/just-now.news\/de\/deutschland\/protest-us-soldat-setzt-sich-vor-israelischer-botschaft-in-washington-in-brand\/"},"modified":"2024-02-26T08:24:53","modified_gmt":"2024-02-26T06:24:53","slug":"protest-us-soldat-setzt-sich-vor-israelischer-botschaft-in-washington-in-brand","status":"publish","type":"post","link":"https:\/\/now-news.de\/de\/deutschland\/protest-us-soldat-setzt-sich-vor-israelischer-botschaft-in-washington-in-brand\/","title":{"rendered":"Protest: US-Soldat setzt sich vor israelischer Botschaft in Washington in Brand"},"content":{"rendered":"<p><img decoding=\"async\" src=\"http:\/\/just-now.news\/de\/wp-content\/uploads\/sites\/3\/2024\/02\/65dc27f1b480cc3f2f0dc104.jpg\" \/><\/p>\n<div class=\"Text-root Text-type_1 \">\n                Ein Angeh\u00f6riger der US-Luftwaffe wurde in kritischem Zustand ins Krankenhaus eingeliefert, nachdem er sich vor der israelischen Botschaft in Washington in Brand gesetzt hatte. Als er in Flammen aufging, soll der Mann gerufen haben: &#8220;Ich werde mich nicht l\u00e4nger an einem V\u00f6lkermord beteiligen&#8230; Free Palestine&#8221;.\n            <\/div>\n<p><\/p>\n<div class=\"Text-root Text-type_5 ArticleView-text ViewText-root \">\n<p>Ein Mann wurde in kritischem Zustand ins Krankenhaus eingeliefert, nachdem er sich am Sonntag vor der israelischen Botschaft in Washington, D.C., selbst angez\u00fcndet hatte, wie die Rettungsdienste der Stadt mitteilten.<\/p>\n<p>Vito Maggiolo, ein Sprecher des Rettungsdienstes in Washington, teilte Reportern mit, dass der Mann mit &#8220;kritischen, lebensbedrohlichen Verletzungen&#8221; ins Krankenhaus eingeliefert wurde.<\/p>\n<p>Die unabh\u00e4ngige Journalistin Talia Jane sagte, sie habe Aufnahmen des Vorfalls erhalten, die zeigen, dass der Mann eine Milit\u00e4runiform trug und sich als &#8220;aktives Mitglied der US Luftwaffe&#8221; bezeichnete.<\/p>\n<p>Jane zufolge sagte der Mann: &#8220;Ich werde mich nicht l\u00e4nger an einem V\u00f6lkermord beteiligen&#8221; und rief &#8220;Free Palestine&#8221;. Die Journalistin postete ein Foto, das einen Mann in Uniform zeigt, der in Flammen aufgeht.<\/p>\n<div class=\"EmbedBlock-root EmbedBlock-twitter\">\n<div class=\"TwitterEmbed\">\n<blockquote class=\"twitter-tweet lazyload\" data-twitter=\"twitter-tweet\" data-media-max-width=\"560\">\n<p lang=\"en\" dir=\"ltr\">HORRIBLE: A protestor (claimed to be an active duty member of the US Air Force) committed an act of self-immolation (burning himself alive) in front of the Israeli embassy in Washington DC today. He shouted:\u201cI am about to engage in an extreme act of protest, but compared to\u2026 <a rel=\"nofollow noopener\" target=\"_blank\" href=\"https:\/\/t.co\/e7YTqatTrE\">pic.twitter.com\/e7YTqatTrE<\/a><\/p>\n<p>\u2014 Brian Krassenstein (@krassenstein) <a rel=\"nofollow noopener\" target=\"_blank\" href=\"https:\/\/twitter.com\/krassenstein\/status\/1761876419414523960?ref_src=twsrc%5Etfw\">February 25, 2024<\/a><\/p><\/blockquote>\n<\/div>\n<\/div>\n<p><em>CNN<\/em>, das sich das Video ebenfalls angesehen hat, berichtete, der Mann habe sich als Aaron Bushnell ausgewiesen. Rose Riley, eine Sprecherin der US-Luftwaffe, best\u00e4tigte sp\u00e4ter gegen\u00fcber <em>CNN<\/em>, dass &#8220;ein aktiver Soldat in den heutigen Vorfall verwickelt war&#8221;.<\/p>\n<p>Seit dem Beginn der israelischen Milit\u00e4roperation gegen die Hamas im Gazastreifen im Oktober 2023 gab es zahlreiche Pro-Pal\u00e4stina-Proteste vor israelischen Auslandsvertretungen. Die Demonstranten forderten einen Waffenstillstand und wiesen auf die hohe Zahl von Todesopfern unter der Zivilbev\u00f6lkerung hin. Anfang Dezember z\u00fcndete sich ein Mann vor dem israelischen Konsulat in Atlanta im US-Bundesstaat Georgia an.<\/p>\n<p>Auch in Washington und anderen St\u00e4dten fanden pro-israelische Demonstrationen statt, bei denen die Menschen um die von der Hamas get\u00f6teten Israelis trauerten und die Freilassung der Geiseln forderten, die die Gruppe bei ihrem Angriff am 7. Oktober, der den anhaltenden Krieg ausl\u00f6ste, genommen hatte.<\/p>\n<p>Nach Angaben der \u00f6rtlichen Hamas-Beh\u00f6rden sind seit Beginn des Konflikts fast 30.000 Pal\u00e4stinenser im Gazastreifen get\u00f6tet worden. Israel hat den Vorwurf des V\u00f6lkermords zur\u00fcckgewiesen und argumentiert, dass die Hamas Zivilisten als menschliche Schutzschilde einsetzt und letztlich f\u00fcr die Todesf\u00e4lle in Gaza verantwortlich gemacht werden sollte.<\/p>\n<p><strong>Mehr zum Thema<\/strong> &#8211;\u00a0<a rel=\"nofollow noopener\" target=\"_blank\" href=\"https:\/\/freedert.online\/der-nahe-osten\/197109-nach-huthi-angriff-auf-eilat\/\">Nach Huthi-Angriff auf Eilat: Handelsschiff vor der K\u00fcste Jemens angegriffen und in Brand geraten<\/a><\/p>\n<div class=\"EmbedBlock-root EmbedBlock-externalVideo EmbedBlock-odysee\">\n<div class=\"VkEmbed\"><iframe class=\"lazyload\" data-src=\"https:\/\/odysee.com\/%24\/embed\/%40RTDE%3Ae%2FKnesset-gegen-eine-Gr%C3%BCndung-eines-Pal%C3%A4stinenserstaats%3A7\" frameborder=\"0\" width=\"853\" height=\"480\" allowfullscreen><\/iframe><\/div>\n<\/div>\n<p><strong><\/strong><\/p>\n<p><strong><\/strong><\/p>\n<p><strong><\/strong><\/p>\n<p><strong><\/strong><\/p>\n<p><strong><\/strong><\/p>\n<p><strong><\/strong><\/p>\n<p><strong><\/strong><\/p>\n<p><strong><\/strong><\/p>\n<p><strong><\/strong><\/p>\n<\/div>\n<p><script async src=\"https:\/\/platform.twitter.com\/widgets.js\" charset=\"utf-8\"><\/script><br \/>\n<br \/><br \/>\n<br \/><a href=\"https:\/\/de.rt.com\/nordamerika\/197404-protest-us-soldat-setzt-sich\/\">Source link <\/a><\/p>\n","protected":false},"excerpt":{"rendered":"<p>Ein Angeh\u00f6riger der US-Luftwaffe wurde in kritischem Zustand ins Krankenhaus eingeliefert, nachdem er sich vor der israelischen Botschaft in Washington in Brand gesetzt hatte. Als er in Flammen aufging, soll der Mann gerufen haben: &#8220;Ich werde mich nicht l\u00e4nger an einem V\u00f6lkermord beteiligen&#8230; Free Palestine&#8221;. Ein Mann wurde in kritischem Zustand ins Krankenhaus eingeliefert, nachdem [&hellip;]<\/p>\n","protected":false},"author":3,"featured_media":55978,"comment_status":"open","ping_status":"open","sticky":false,"template":"","format":"standard","meta":{"_yoast_indexnow_last_ping":["1708928855"],"wp_automatic_camp":["217"],"46b9deca407f9c909fd8e7eee87cf06c":["Protest: US-Soldat setzt sich vor israelischer Botschaft in Washington in Brand"],"original_link":["https:\/\/de.rt.com\/nordamerika\/197404-protest-us-soldat-setzt-sich\/"],"_thumbnail_id":["55978"],"jnews_social_counter_last_update":["1777202387"],"_wptgpro_p2tg_sent2tg":["a:1:{i:23737;s:19:\"2024-02-26 08:28:37\";}"]},"categories":[19,23],"tags":[186,5430,5032,3823,1997,434,47820,320,1039],"yoast_head":"<!-- This site is optimized with the Yoast SEO Premium plugin v22.7 (Yoast SEO v22.7) - https:\/\/yoast.com\/wordpress\/plugins\/seo\/ -->\n<title>Protest: US-Soldat setzt sich vor israelischer Botschaft in Washington in Brand - just-now.NEWS Deutschland<\/title>\n<meta name=\"robots\" content=\"index, follow, max-snippet:-1, max-image-preview:large, max-video-preview:-1\" \/>\n<link rel=\"canonical\" href=\"https:\/\/now-news.de\/de\/deutschland\/protest-us-soldat-setzt-sich-vor-israelischer-botschaft-in-washington-in-brand\/\" \/>\n<meta property=\"og:locale\" content=\"de_DE\" \/>\n<meta property=\"og:type\" content=\"article\" \/>\n<meta property=\"og:title\" content=\"Protest: US-Soldat setzt sich vor israelischer Botschaft in Washington in Brand\" \/>\n<meta property=\"og:description\" content=\"Ein Angeh\u00f6riger der US-Luftwaffe wurde in kritischem Zustand ins Krankenhaus eingeliefert, nachdem er sich vor der israelischen Botschaft in Washington in Brand gesetzt hatte. Als er in Flammen aufging, soll der Mann gerufen haben: &#8220;Ich werde mich nicht l\u00e4nger an einem V\u00f6lkermord beteiligen&#8230; Free Palestine&#8221;. Ein Mann wurde in kritischem Zustand ins Krankenhaus eingeliefert, nachdem [&hellip;]\" \/>\n<meta property=\"og:url\" content=\"https:\/\/now-news.de\/de\/deutschland\/protest-us-soldat-setzt-sich-vor-israelischer-botschaft-in-washington-in-brand\/\" \/>\n<meta property=\"og:site_name\" content=\"just-now.NEWS Deutschland\" \/>\n<meta property=\"article:publisher\" content=\"https:\/\/www.facebook.com\/wirmachenauf\" \/>\n<meta property=\"article:published_time\" content=\"2024-02-26T06:24:53+00:00\" \/>\n<meta property=\"og:image\" content=\"https:\/\/now-news.de\/de\/wp-content\/uploads\/sites\/3\/2024\/02\/Protest-US-Soldat-setzt-sich-vor-israelischer-Botschaft-in-Washington-in.jpg\" \/>\n\t<meta property=\"og:image:width\" content=\"460\" \/>\n\t<meta property=\"og:image:height\" content=\"259\" \/>\n\t<meta property=\"og:image:type\" content=\"image\/jpeg\" \/>\n<meta name=\"author\" content=\"rtnews\" \/>\n<meta name=\"twitter:card\" content=\"summary_large_image\" \/>\n<meta name=\"twitter:creator\" content=\"@WirMachenAuf_de\" \/>\n<meta name=\"twitter:site\" content=\"@WirMachenAuf_de\" \/>\n<meta name=\"twitter:label1\" content=\"Verfasst von\" \/>\n\t<meta name=\"twitter:data1\" content=\"rtnews\" \/>\n\t<meta name=\"twitter:label2\" content=\"Gesch\u00e4tzte Lesezeit\" \/>\n\t<meta name=\"twitter:data2\" content=\"2\u00a0Minuten\" \/>\n<script type=\"application\/ld+json\" class=\"yoast-schema-graph\">{\"@context\":\"https:\/\/schema.org\",\"@graph\":[{\"@type\":\"Article\",\"@id\":\"https:\/\/now-news.de\/de\/deutschland\/protest-us-soldat-setzt-sich-vor-israelischer-botschaft-in-washington-in-brand\/#article\",\"isPartOf\":{\"@id\":\"https:\/\/now-news.de\/de\/deutschland\/protest-us-soldat-setzt-sich-vor-israelischer-botschaft-in-washington-in-brand\/\"},\"author\":{\"name\":\"rtnews\",\"@id\":\"https:\/\/now-news.de\/de\/#\/schema\/person\/fb534a4e865501d8b3285208df34a9b5\"},\"headline\":\"Protest: US-Soldat setzt sich vor israelischer Botschaft in Washington in Brand\",\"datePublished\":\"2024-02-26T06:24:53+00:00\",\"dateModified\":\"2024-02-26T06:24:53+00:00\",\"mainEntityOfPage\":{\"@id\":\"https:\/\/now-news.de\/de\/deutschland\/protest-us-soldat-setzt-sich-vor-israelischer-botschaft-in-washington-in-brand\/\"},\"wordCount\":453,\"commentCount\":0,\"publisher\":{\"@id\":\"https:\/\/now-news.de\/de\/#organization\"},\"image\":{\"@id\":\"https:\/\/now-news.de\/de\/deutschland\/protest-us-soldat-setzt-sich-vor-israelischer-botschaft-in-washington-in-brand\/#primaryimage\"},\"thumbnailUrl\":\"https:\/\/now-news.de\/de\/wp-content\/uploads\/sites\/3\/2024\/02\/Protest-US-Soldat-setzt-sich-vor-israelischer-Botschaft-in-Washington-in.jpg\",\"keywords\":[\"Botschaft\",\"Brand\",\"Israelischer\",\"Protest\",\"setzt\",\"sich\",\"USSoldat\",\"vor\",\"Washington\"],\"articleSection\":[\"Deutschland\",\"Russland\"],\"inLanguage\":\"de\",\"potentialAction\":[{\"@type\":\"CommentAction\",\"name\":\"Comment\",\"target\":[\"https:\/\/now-news.de\/de\/deutschland\/protest-us-soldat-setzt-sich-vor-israelischer-botschaft-in-washington-in-brand\/#respond\"]}]},{\"@type\":\"WebPage\",\"@id\":\"https:\/\/now-news.de\/de\/deutschland\/protest-us-soldat-setzt-sich-vor-israelischer-botschaft-in-washington-in-brand\/\",\"url\":\"https:\/\/now-news.de\/de\/deutschland\/protest-us-soldat-setzt-sich-vor-israelischer-botschaft-in-washington-in-brand\/\",\"name\":\"Protest: US-Soldat setzt sich vor israelischer Botschaft in Washington in Brand - just-now.NEWS Deutschland\",\"isPartOf\":{\"@id\":\"https:\/\/now-news.de\/de\/#website\"},\"primaryImageOfPage\":{\"@id\":\"https:\/\/now-news.de\/de\/deutschland\/protest-us-soldat-setzt-sich-vor-israelischer-botschaft-in-washington-in-brand\/#primaryimage\"},\"image\":{\"@id\":\"https:\/\/now-news.de\/de\/deutschland\/protest-us-soldat-setzt-sich-vor-israelischer-botschaft-in-washington-in-brand\/#primaryimage\"},\"thumbnailUrl\":\"https:\/\/now-news.de\/de\/wp-content\/uploads\/sites\/3\/2024\/02\/Protest-US-Soldat-setzt-sich-vor-israelischer-Botschaft-in-Washington-in.jpg\",\"datePublished\":\"2024-02-26T06:24:53+00:00\",\"dateModified\":\"2024-02-26T06:24:53+00:00\",\"breadcrumb\":{\"@id\":\"https:\/\/now-news.de\/de\/deutschland\/protest-us-soldat-setzt-sich-vor-israelischer-botschaft-in-washington-in-brand\/#breadcrumb\"},\"inLanguage\":\"de\",\"potentialAction\":[{\"@type\":\"ReadAction\",\"target\":[\"https:\/\/now-news.de\/de\/deutschland\/protest-us-soldat-setzt-sich-vor-israelischer-botschaft-in-washington-in-brand\/\"]}]},{\"@type\":\"ImageObject\",\"inLanguage\":\"de\",\"@id\":\"https:\/\/now-news.de\/de\/deutschland\/protest-us-soldat-setzt-sich-vor-israelischer-botschaft-in-washington-in-brand\/#primaryimage\",\"url\":\"https:\/\/now-news.de\/de\/wp-content\/uploads\/sites\/3\/2024\/02\/Protest-US-Soldat-setzt-sich-vor-israelischer-Botschaft-in-Washington-in.jpg\",\"contentUrl\":\"https:\/\/now-news.de\/de\/wp-content\/uploads\/sites\/3\/2024\/02\/Protest-US-Soldat-setzt-sich-vor-israelischer-Botschaft-in-Washington-in.jpg\",\"width\":460,\"height\":259,\"caption\":\"Protest: US-Soldat setzt sich vor israelischer Botschaft in Washington in Brand\"},{\"@type\":\"BreadcrumbList\",\"@id\":\"https:\/\/now-news.de\/de\/deutschland\/protest-us-soldat-setzt-sich-vor-israelischer-botschaft-in-washington-in-brand\/#breadcrumb\",\"itemListElement\":[{\"@type\":\"ListItem\",\"position\":1,\"name\":\"Home\",\"item\":\"https:\/\/now-news.de\/de\/\"},{\"@type\":\"ListItem\",\"position\":2,\"name\":\"Protest: US-Soldat setzt sich vor israelischer Botschaft in Washington in Brand\"}]},{\"@type\":\"WebSite\",\"@id\":\"https:\/\/now-news.de\/de\/#website\",\"url\":\"https:\/\/now-news.de\/de\/\",\"name\":\"just-now.NEWS Deutschland\",\"description\":\"Das Portal f\u00fcr unzensierte Nachrichten aus der Welt\",\"publisher\":{\"@id\":\"https:\/\/now-news.de\/de\/#organization\"},\"potentialAction\":[{\"@type\":\"SearchAction\",\"target\":{\"@type\":\"EntryPoint\",\"urlTemplate\":\"https:\/\/now-news.de\/de\/?s={search_term_string}\"},\"query-input\":\"required name=search_term_string\"}],\"inLanguage\":\"de\"},{\"@type\":\"Organization\",\"@id\":\"https:\/\/now-news.de\/de\/#organization\",\"name\":\"Just Now News\",\"url\":\"https:\/\/now-news.de\/de\/\",\"logo\":{\"@type\":\"ImageObject\",\"inLanguage\":\"de\",\"@id\":\"https:\/\/now-news.de\/de\/#\/schema\/logo\/image\/\",\"url\":\"http:\/\/just-now.news\/de\/wp-content\/uploads\/sites\/3\/2022\/04\/logo500x500.jpg\",\"contentUrl\":\"http:\/\/just-now.news\/de\/wp-content\/uploads\/sites\/3\/2022\/04\/logo500x500.jpg\",\"width\":500,\"height\":500,\"caption\":\"Just Now News\"},\"image\":{\"@id\":\"https:\/\/now-news.de\/de\/#\/schema\/logo\/image\/\"},\"sameAs\":[\"https:\/\/www.facebook.com\/wirmachenauf\",\"https:\/\/x.com\/WirMachenAuf_de\"]},{\"@type\":\"Person\",\"@id\":\"https:\/\/now-news.de\/de\/#\/schema\/person\/fb534a4e865501d8b3285208df34a9b5\",\"name\":\"rtnews\",\"image\":{\"@type\":\"ImageObject\",\"inLanguage\":\"de\",\"@id\":\"https:\/\/now-news.de\/de\/#\/schema\/person\/image\/\",\"url\":\"https:\/\/secure.gravatar.com\/avatar\/82aafea7d8127119dd649515f56e2117?s=96&d=mm&r=g\",\"contentUrl\":\"https:\/\/secure.gravatar.com\/avatar\/82aafea7d8127119dd649515f56e2117?s=96&d=mm&r=g\",\"caption\":\"rtnews\"},\"url\":\"https:\/\/now-news.de\/de\/author\/rnews\/\"}]}<\/script>\n<!-- \/ Yoast SEO Premium plugin. -->","yoast_head_json":{"title":"Protest: US-Soldat setzt sich vor israelischer Botschaft in Washington in Brand - just-now.NEWS Deutschland","robots":{"index":"index","follow":"follow","max-snippet":"max-snippet:-1","max-image-preview":"max-image-preview:large","max-video-preview":"max-video-preview:-1"},"canonical":"https:\/\/now-news.de\/de\/deutschland\/protest-us-soldat-setzt-sich-vor-israelischer-botschaft-in-washington-in-brand\/","og_locale":"de_DE","og_type":"article","og_title":"Protest: US-Soldat setzt sich vor israelischer Botschaft in Washington in Brand","og_description":"Ein Angeh\u00f6riger der US-Luftwaffe wurde in kritischem Zustand ins Krankenhaus eingeliefert, nachdem er sich vor der israelischen Botschaft in Washington in Brand gesetzt hatte. Als er in Flammen aufging, soll der Mann gerufen haben: &#8220;Ich werde mich nicht l\u00e4nger an einem V\u00f6lkermord beteiligen&#8230; Free Palestine&#8221;. Ein Mann wurde in kritischem Zustand ins Krankenhaus eingeliefert, nachdem [&hellip;]","og_url":"https:\/\/now-news.de\/de\/deutschland\/protest-us-soldat-setzt-sich-vor-israelischer-botschaft-in-washington-in-brand\/","og_site_name":"just-now.NEWS Deutschland","article_publisher":"https:\/\/www.facebook.com\/wirmachenauf","article_published_time":"2024-02-26T06:24:53+00:00","og_image":[{"width":460,"height":259,"url":"https:\/\/now-news.de\/de\/wp-content\/uploads\/sites\/3\/2024\/02\/Protest-US-Soldat-setzt-sich-vor-israelischer-Botschaft-in-Washington-in.jpg","type":"image\/jpeg"}],"author":"rtnews","twitter_card":"summary_large_image","twitter_creator":"@WirMachenAuf_de","twitter_site":"@WirMachenAuf_de","twitter_misc":{"Verfasst von":"rtnews","Gesch\u00e4tzte Lesezeit":"2\u00a0Minuten"},"schema":{"@context":"https:\/\/schema.org","@graph":[{"@type":"Article","@id":"https:\/\/now-news.de\/de\/deutschland\/protest-us-soldat-setzt-sich-vor-israelischer-botschaft-in-washington-in-brand\/#article","isPartOf":{"@id":"https:\/\/now-news.de\/de\/deutschland\/protest-us-soldat-setzt-sich-vor-israelischer-botschaft-in-washington-in-brand\/"},"author":{"name":"rtnews","@id":"https:\/\/now-news.de\/de\/#\/schema\/person\/fb534a4e865501d8b3285208df34a9b5"},"headline":"Protest: US-Soldat setzt sich vor israelischer Botschaft in Washington in Brand","datePublished":"2024-02-26T06:24:53+00:00","dateModified":"2024-02-26T06:24:53+00:00","mainEntityOfPage":{"@id":"https:\/\/now-news.de\/de\/deutschland\/protest-us-soldat-setzt-sich-vor-israelischer-botschaft-in-washington-in-brand\/"},"wordCount":453,"commentCount":0,"publisher":{"@id":"https:\/\/now-news.de\/de\/#organization"},"image":{"@id":"https:\/\/now-news.de\/de\/deutschland\/protest-us-soldat-setzt-sich-vor-israelischer-botschaft-in-washington-in-brand\/#primaryimage"},"thumbnailUrl":"https:\/\/now-news.de\/de\/wp-content\/uploads\/sites\/3\/2024\/02\/Protest-US-Soldat-setzt-sich-vor-israelischer-Botschaft-in-Washington-in.jpg","keywords":["Botschaft","Brand","Israelischer","Protest","setzt","sich","USSoldat","vor","Washington"],"articleSection":["Deutschland","Russland"],"inLanguage":"de","potentialAction":[{"@type":"CommentAction","name":"Comment","target":["https:\/\/now-news.de\/de\/deutschland\/protest-us-soldat-setzt-sich-vor-israelischer-botschaft-in-washington-in-brand\/#respond"]}]},{"@type":"WebPage","@id":"https:\/\/now-news.de\/de\/deutschland\/protest-us-soldat-setzt-sich-vor-israelischer-botschaft-in-washington-in-brand\/","url":"https:\/\/now-news.de\/de\/deutschland\/protest-us-soldat-setzt-sich-vor-israelischer-botschaft-in-washington-in-brand\/","name":"Protest: US-Soldat setzt sich vor israelischer Botschaft in Washington in Brand - just-now.NEWS Deutschland","isPartOf":{"@id":"https:\/\/now-news.de\/de\/#website"},"primaryImageOfPage":{"@id":"https:\/\/now-news.de\/de\/deutschland\/protest-us-soldat-setzt-sich-vor-israelischer-botschaft-in-washington-in-brand\/#primaryimage"},"image":{"@id":"https:\/\/now-news.de\/de\/deutschland\/protest-us-soldat-setzt-sich-vor-israelischer-botschaft-in-washington-in-brand\/#primaryimage"},"thumbnailUrl":"https:\/\/now-news.de\/de\/wp-content\/uploads\/sites\/3\/2024\/02\/Protest-US-Soldat-setzt-sich-vor-israelischer-Botschaft-in-Washington-in.jpg","datePublished":"2024-02-26T06:24:53+00:00","dateModified":"2024-02-26T06:24:53+00:00","breadcrumb":{"@id":"https:\/\/now-news.de\/de\/deutschland\/protest-us-soldat-setzt-sich-vor-israelischer-botschaft-in-washington-in-brand\/#breadcrumb"},"inLanguage":"de","potentialAction":[{"@type":"ReadAction","target":["https:\/\/now-news.de\/de\/deutschland\/protest-us-soldat-setzt-sich-vor-israelischer-botschaft-in-washington-in-brand\/"]}]},{"@type":"ImageObject","inLanguage":"de","@id":"https:\/\/now-news.de\/de\/deutschland\/protest-us-soldat-setzt-sich-vor-israelischer-botschaft-in-washington-in-brand\/#primaryimage","url":"https:\/\/now-news.de\/de\/wp-content\/uploads\/sites\/3\/2024\/02\/Protest-US-Soldat-setzt-sich-vor-israelischer-Botschaft-in-Washington-in.jpg","contentUrl":"https:\/\/now-news.de\/de\/wp-content\/uploads\/sites\/3\/2024\/02\/Protest-US-Soldat-setzt-sich-vor-israelischer-Botschaft-in-Washington-in.jpg","width":460,"height":259,"caption":"Protest: US-Soldat setzt sich vor israelischer Botschaft in Washington in Brand"},{"@type":"BreadcrumbList","@id":"https:\/\/now-news.de\/de\/deutschland\/protest-us-soldat-setzt-sich-vor-israelischer-botschaft-in-washington-in-brand\/#breadcrumb","itemListElement":[{"@type":"ListItem","position":1,"name":"Home","item":"https:\/\/now-news.de\/de\/"},{"@type":"ListItem","position":2,"name":"Protest: US-Soldat setzt sich vor israelischer Botschaft in Washington in Brand"}]},{"@type":"WebSite","@id":"https:\/\/now-news.de\/de\/#website","url":"https:\/\/now-news.de\/de\/","name":"just-now.NEWS Deutschland","description":"Das Portal f\u00fcr unzensierte Nachrichten aus der Welt","publisher":{"@id":"https:\/\/now-news.de\/de\/#organization"},"potentialAction":[{"@type":"SearchAction","target":{"@type":"EntryPoint","urlTemplate":"https:\/\/now-news.de\/de\/?s={search_term_string}"},"query-input":"required name=search_term_string"}],"inLanguage":"de"},{"@type":"Organization","@id":"https:\/\/now-news.de\/de\/#organization","name":"Just Now News","url":"https:\/\/now-news.de\/de\/","logo":{"@type":"ImageObject","inLanguage":"de","@id":"https:\/\/now-news.de\/de\/#\/schema\/logo\/image\/","url":"http:\/\/just-now.news\/de\/wp-content\/uploads\/sites\/3\/2022\/04\/logo500x500.jpg","contentUrl":"http:\/\/just-now.news\/de\/wp-content\/uploads\/sites\/3\/2022\/04\/logo500x500.jpg","width":500,"height":500,"caption":"Just Now News"},"image":{"@id":"https:\/\/now-news.de\/de\/#\/schema\/logo\/image\/"},"sameAs":["https:\/\/www.facebook.com\/wirmachenauf","https:\/\/x.com\/WirMachenAuf_de"]},{"@type":"Person","@id":"https:\/\/now-news.de\/de\/#\/schema\/person\/fb534a4e865501d8b3285208df34a9b5","name":"rtnews","image":{"@type":"ImageObject","inLanguage":"de","@id":"https:\/\/now-news.de\/de\/#\/schema\/person\/image\/","url":"https:\/\/secure.gravatar.com\/avatar\/82aafea7d8127119dd649515f56e2117?s=96&d=mm&r=g","contentUrl":"https:\/\/secure.gravatar.com\/avatar\/82aafea7d8127119dd649515f56e2117?s=96&d=mm&r=g","caption":"rtnews"},"url":"https:\/\/now-news.de\/de\/author\/rnews\/"}]}},"_links":{"self":[{"href":"https:\/\/now-news.de\/de\/wp-json\/wp\/v2\/posts\/55977"}],"collection":[{"href":"https:\/\/now-news.de\/de\/wp-json\/wp\/v2\/posts"}],"about":[{"href":"https:\/\/now-news.de\/de\/wp-json\/wp\/v2\/types\/post"}],"author":[{"embeddable":true,"href":"https:\/\/now-news.de\/de\/wp-json\/wp\/v2\/users\/3"}],"replies":[{"embeddable":true,"href":"https:\/\/now-news.de\/de\/wp-json\/wp\/v2\/comments?post=55977"}],"version-history":[{"count":0,"href":"https:\/\/now-news.de\/de\/wp-json\/wp\/v2\/posts\/55977\/revisions"}],"wp:featuredmedia":[{"embeddable":true,"href":"https:\/\/now-news.de\/de\/wp-json\/wp\/v2\/media\/55978"}],"wp:attachment":[{"href":"https:\/\/now-news.de\/de\/wp-json\/wp\/v2\/media?parent=55977"}],"wp:term":[{"taxonomy":"category","embeddable":true,"href":"https:\/\/now-news.de\/de\/wp-json\/wp\/v2\/categories?post=55977"},{"taxonomy":"post_tag","embeddable":true,"href":"https:\/\/now-news.de\/de\/wp-json\/wp\/v2\/tags?post=55977"}],"curies":[{"name":"wp","href":"https:\/\/api.w.org\/{rel}","templated":true}]}}