{"id":55967,"date":"2024-02-25T21:53:00","date_gmt":"2024-02-25T19:53:00","guid":{"rendered":"https:\/\/just-now.news\/de\/deutschland\/fachkraeftemangel-auch-bei-der-ruestungsindustrie\/"},"modified":"2024-02-25T21:53:00","modified_gmt":"2024-02-25T19:53:00","slug":"fachkraeftemangel-auch-bei-der-ruestungsindustrie","status":"publish","type":"post","link":"https:\/\/now-news.de\/de\/deutschland\/fachkraeftemangel-auch-bei-der-ruestungsindustrie\/","title":{"rendered":"Fachkr\u00e4ftemangel auch bei der R\u00fcstungsindustrie?"},"content":{"rendered":"<p><img decoding=\"async\" src=\"http:\/\/just-now.news\/de\/wp-content\/uploads\/sites\/3\/2024\/02\/65db6d2ab480cc437c7d2a83.jpg\" \/><\/p>\n<div class=\"Text-root Text-type_1 \">\n                Die R\u00fcstungsindustrie ist neben Pharma die einzige Branche, die von der deutschen Politik der letzten Jahre wirklich profitiert hat. Aber jetzt hat sie wohl Probleme, Ingenieure zu finden. Und importierte Kr\u00e4fte helfen in diesem Fall garantiert nicht.\n            <\/div>\n<p><\/p>\n<div class=\"Text-root Text-type_5 ArticleView-text ViewText-root \">\n<p>300 Kandidaten m\u00fcsse man ansprechen, um eine F\u00fchrungsposition in der R\u00fcstungsindustrie zu besetzen, <a rel=\"nofollow noopener\" target=\"_blank\" href=\"https:\/\/www.handelsblatt.com\/karriere\/deutschland-diese-experten-suchen-ruestungsunternehmen-jetzt-dringend-01\/100013362.html\">klagte<\/a> eine Headhunterin gegen\u00fcber dem <em>Handelsblatt.<\/em> Und das, obwohl sich &#8220;das Image der Branche im Vergleich zu fr\u00fcher deutlich verbessert&#8221; habe \u2013 wirklich sympathisch scheinen m\u00f6gliche Besch\u00e4ftigte es dennoch nicht zu finden, Raketen und Granaten zu ihrem Lebenswerk zu machen.<\/p>\n<p>IT-Experten und hoch spezialisierte Ingenieure w\u00fcrden besonders gesucht, so das Blatt. Und die R\u00fcstungsfirmen selbst sich als v\u00f6llig unschuldig betrachten:<\/p>\n<p>&#8220;Aufgrund der Kriege in der Ukraine und Israel steigt nat\u00fcrlich schon die Zahl der Auftragseing\u00e4nge. Als Krisenprofiteure sehen wir uns allerdings nicht&#8221;, meinte der Chef von Airbus Defence. Nur die Aktien der R\u00fcstungsfirmen stiegen gewaltig, die von Rheinmetall von einem Tief um die 30 Euro im Jahr 2014 inzwischen auf ganze 400 Euro. Hier sollen vor allem die Kapazit\u00e4ten f\u00fcr die Pulverproduktion ausgebaut werden.<\/p>\n<p>Auch MBDA will die Produktion erweitern. Eine Order f\u00fcr 1.000 Patriot-Raketen von der NATO liegt bereits auf dem Tisch. Thyssen-Krupp baut neue U-Boote, und Hensoldt verspricht sich gute Gesch\u00e4fte mit spezialisierten Radarsystemen. Aber auch hier fehlen vor allem Ingenieure.<\/p>\n<p>Allerdings sind diese L\u00fccken nicht durch Import aus beliebigen L\u00e4ndern zu stopfen. Daf\u00fcr sorgen schon die Sicherheitsanforderungen. Man d\u00fcrfte davon ausgehen, dass selbst die im Vergleich hoch ausgebildeten ukrainischen Migranten sp\u00e4testens an dieser H\u00fcrde scheitern. Die in Deutschland lang und gern betriebene Strategie, ausgebildete Kr\u00e4fte aus anderen L\u00e4ndern zu holen, st\u00f6\u00dft in diesem Bereich auf eine un\u00fcberwindbare H\u00fcrde.<\/p>\n<p>Die Stellenzuw\u00e4chse in diesem Sektor halten sich \u00fcbrigens insgesamt dennoch in sehr engen Grenzen. Das <em>Handelsblatt<\/em> spricht von &#8220;niedrigem zweistelligem Bereich&#8221; bei Rheinmetall, also bestenfalls zwischen zwei- und dreitausend Arbeitspl\u00e4tzen; bei Thyssen-Krupp Marine Systems sollen es 550 Stellen sein, bei Hensoldt 300, bei MBDA 300 und bei KNDS, der Fusion der Panzerbauer Krauss-Maffei Wegmann und Nexter, ganze 500. Das sind in Summe vielleicht 5.000 Arbeitspl\u00e4tze; weit weniger, als bereits jetzt schon durch die Folgen der Sanktionspolitik in anderen Branchen verloren gegangen sind.<\/p>\n<p>Allerdings wird aus einem Ingenieur, der Automobilteile entwickelt hat, kaum einer, der Radarsysteme konstruiert. Man kann also auch noch davon ausgehen, dass selbst die meisten derer, die ihre Arbeit schon verloren haben oder verlieren werden, von dieser Art des Wachstums wenig haben werden.<\/p>\n<p><strong>Mehr zum Thema<\/strong> &#8211;\u00a0<a rel=\"nofollow noopener\" target=\"_blank\" href=\"https:\/\/freeassange.rtde.live\/meinung\/194889-rheinmetalls-ostflanke-nato-kriegskurs-gegen\/\">Rheinmetalls Ostflanke: NATO-Kriegskurs gegen Russland l\u00e4sst gr\u00f6\u00dfte deutsche Waffenschmiede wachsen<\/a><\/p>\n<\/p>\n<\/div>\n<p><br \/>\n<br \/><a href=\"https:\/\/de.rt.com\/wirtschaft\/197373-fachkraeftemangel-auch-bei-ruestungsindustrie\/\">Source link <\/a><\/p>\n","protected":false},"excerpt":{"rendered":"<p>Die R\u00fcstungsindustrie ist neben Pharma die einzige Branche, die von der deutschen Politik der letzten Jahre wirklich profitiert hat. Aber jetzt hat sie wohl Probleme, Ingenieure zu finden. Und importierte Kr\u00e4fte helfen in diesem Fall garantiert nicht. 300 Kandidaten m\u00fcsse man ansprechen, um eine F\u00fchrungsposition in der R\u00fcstungsindustrie zu besetzen, klagte eine Headhunterin gegen\u00fcber dem [&hellip;]<\/p>\n","protected":false},"author":3,"featured_media":55968,"comment_status":"open","ping_status":"open","sticky":false,"template":"","format":"standard","meta":{"_yoast_indexnow_last_ping":["1708890993"],"wp_automatic_camp":["217"],"728a5b98a416de97897f81ab82a665d5":["Fachkr\u00e4ftemangel auch bei der R\u00fcstungsindustrie?"],"original_link":["https:\/\/de.rt.com\/wirtschaft\/197373-fachkraeftemangel-auch-bei-ruestungsindustrie\/"],"_thumbnail_id":["55968"],"jnews_social_counter_last_update":["1777688745"],"_wptgpro_p2tg_sent2tg":["a:1:{i:23737;s:19:\"2024-02-25 21:57:34\";}"]},"categories":[19,23],"tags":[1475,363,82,36933,36633],"yoast_head":"<!-- This site is optimized with the Yoast SEO Premium plugin v22.7 (Yoast SEO v22.7) - https:\/\/yoast.com\/wordpress\/plugins\/seo\/ -->\n<title>Fachkr\u00e4ftemangel auch bei der R\u00fcstungsindustrie? - just-now.NEWS Deutschland<\/title>\n<meta name=\"robots\" content=\"index, follow, max-snippet:-1, max-image-preview:large, max-video-preview:-1\" \/>\n<link rel=\"canonical\" href=\"https:\/\/now-news.de\/de\/deutschland\/fachkraeftemangel-auch-bei-der-ruestungsindustrie\/\" \/>\n<meta property=\"og:locale\" content=\"de_DE\" \/>\n<meta property=\"og:type\" content=\"article\" \/>\n<meta property=\"og:title\" content=\"Fachkr\u00e4ftemangel auch bei der R\u00fcstungsindustrie?\" \/>\n<meta property=\"og:description\" content=\"Die R\u00fcstungsindustrie ist neben Pharma die einzige Branche, die von der deutschen Politik der letzten Jahre wirklich profitiert hat. Aber jetzt hat sie wohl Probleme, Ingenieure zu finden. Und importierte Kr\u00e4fte helfen in diesem Fall garantiert nicht. 300 Kandidaten m\u00fcsse man ansprechen, um eine F\u00fchrungsposition in der R\u00fcstungsindustrie zu besetzen, klagte eine Headhunterin gegen\u00fcber dem [&hellip;]\" \/>\n<meta property=\"og:url\" content=\"https:\/\/now-news.de\/de\/deutschland\/fachkraeftemangel-auch-bei-der-ruestungsindustrie\/\" \/>\n<meta property=\"og:site_name\" content=\"just-now.NEWS Deutschland\" \/>\n<meta property=\"article:publisher\" content=\"https:\/\/www.facebook.com\/wirmachenauf\" \/>\n<meta property=\"article:published_time\" content=\"2024-02-25T19:53:00+00:00\" \/>\n<meta property=\"og:image\" content=\"https:\/\/now-news.de\/de\/wp-content\/uploads\/sites\/3\/2024\/02\/Fachkraeftemangel-auch-bei-der-Ruestungsindustrie.jpg\" \/>\n\t<meta property=\"og:image:width\" content=\"460\" \/>\n\t<meta property=\"og:image:height\" content=\"259\" \/>\n\t<meta property=\"og:image:type\" content=\"image\/jpeg\" \/>\n<meta name=\"author\" content=\"rtnews\" \/>\n<meta name=\"twitter:card\" content=\"summary_large_image\" \/>\n<meta name=\"twitter:creator\" content=\"@WirMachenAuf_de\" \/>\n<meta name=\"twitter:site\" content=\"@WirMachenAuf_de\" \/>\n<meta name=\"twitter:label1\" content=\"Verfasst von\" \/>\n\t<meta name=\"twitter:data1\" content=\"rtnews\" \/>\n\t<meta name=\"twitter:label2\" content=\"Gesch\u00e4tzte Lesezeit\" \/>\n\t<meta name=\"twitter:data2\" content=\"2\u00a0Minuten\" \/>\n<script type=\"application\/ld+json\" class=\"yoast-schema-graph\">{\"@context\":\"https:\/\/schema.org\",\"@graph\":[{\"@type\":\"Article\",\"@id\":\"https:\/\/now-news.de\/de\/deutschland\/fachkraeftemangel-auch-bei-der-ruestungsindustrie\/#article\",\"isPartOf\":{\"@id\":\"https:\/\/now-news.de\/de\/deutschland\/fachkraeftemangel-auch-bei-der-ruestungsindustrie\/\"},\"author\":{\"name\":\"rtnews\",\"@id\":\"https:\/\/now-news.de\/de\/#\/schema\/person\/fb534a4e865501d8b3285208df34a9b5\"},\"headline\":\"Fachkr\u00e4ftemangel auch bei der R\u00fcstungsindustrie?\",\"datePublished\":\"2024-02-25T19:53:00+00:00\",\"dateModified\":\"2024-02-25T19:53:00+00:00\",\"mainEntityOfPage\":{\"@id\":\"https:\/\/now-news.de\/de\/deutschland\/fachkraeftemangel-auch-bei-der-ruestungsindustrie\/\"},\"wordCount\":444,\"commentCount\":0,\"publisher\":{\"@id\":\"https:\/\/now-news.de\/de\/#organization\"},\"image\":{\"@id\":\"https:\/\/now-news.de\/de\/deutschland\/fachkraeftemangel-auch-bei-der-ruestungsindustrie\/#primaryimage\"},\"thumbnailUrl\":\"https:\/\/now-news.de\/de\/wp-content\/uploads\/sites\/3\/2024\/02\/Fachkraeftemangel-auch-bei-der-Ruestungsindustrie.jpg\",\"keywords\":[\"auch\",\"bei\",\"der\",\"Fachkr\u00e4ftemangel\",\"R\u00fcstungsindustrie\"],\"articleSection\":[\"Deutschland\",\"Russland\"],\"inLanguage\":\"de\",\"potentialAction\":[{\"@type\":\"CommentAction\",\"name\":\"Comment\",\"target\":[\"https:\/\/now-news.de\/de\/deutschland\/fachkraeftemangel-auch-bei-der-ruestungsindustrie\/#respond\"]}]},{\"@type\":\"WebPage\",\"@id\":\"https:\/\/now-news.de\/de\/deutschland\/fachkraeftemangel-auch-bei-der-ruestungsindustrie\/\",\"url\":\"https:\/\/now-news.de\/de\/deutschland\/fachkraeftemangel-auch-bei-der-ruestungsindustrie\/\",\"name\":\"Fachkr\u00e4ftemangel auch bei der R\u00fcstungsindustrie? - just-now.NEWS Deutschland\",\"isPartOf\":{\"@id\":\"https:\/\/now-news.de\/de\/#website\"},\"primaryImageOfPage\":{\"@id\":\"https:\/\/now-news.de\/de\/deutschland\/fachkraeftemangel-auch-bei-der-ruestungsindustrie\/#primaryimage\"},\"image\":{\"@id\":\"https:\/\/now-news.de\/de\/deutschland\/fachkraeftemangel-auch-bei-der-ruestungsindustrie\/#primaryimage\"},\"thumbnailUrl\":\"https:\/\/now-news.de\/de\/wp-content\/uploads\/sites\/3\/2024\/02\/Fachkraeftemangel-auch-bei-der-Ruestungsindustrie.jpg\",\"datePublished\":\"2024-02-25T19:53:00+00:00\",\"dateModified\":\"2024-02-25T19:53:00+00:00\",\"breadcrumb\":{\"@id\":\"https:\/\/now-news.de\/de\/deutschland\/fachkraeftemangel-auch-bei-der-ruestungsindustrie\/#breadcrumb\"},\"inLanguage\":\"de\",\"potentialAction\":[{\"@type\":\"ReadAction\",\"target\":[\"https:\/\/now-news.de\/de\/deutschland\/fachkraeftemangel-auch-bei-der-ruestungsindustrie\/\"]}]},{\"@type\":\"ImageObject\",\"inLanguage\":\"de\",\"@id\":\"https:\/\/now-news.de\/de\/deutschland\/fachkraeftemangel-auch-bei-der-ruestungsindustrie\/#primaryimage\",\"url\":\"https:\/\/now-news.de\/de\/wp-content\/uploads\/sites\/3\/2024\/02\/Fachkraeftemangel-auch-bei-der-Ruestungsindustrie.jpg\",\"contentUrl\":\"https:\/\/now-news.de\/de\/wp-content\/uploads\/sites\/3\/2024\/02\/Fachkraeftemangel-auch-bei-der-Ruestungsindustrie.jpg\",\"width\":460,\"height\":259,\"caption\":\"Fachkr\u00e4ftemangel auch bei der R\u00fcstungsindustrie?\"},{\"@type\":\"BreadcrumbList\",\"@id\":\"https:\/\/now-news.de\/de\/deutschland\/fachkraeftemangel-auch-bei-der-ruestungsindustrie\/#breadcrumb\",\"itemListElement\":[{\"@type\":\"ListItem\",\"position\":1,\"name\":\"Home\",\"item\":\"https:\/\/now-news.de\/de\/\"},{\"@type\":\"ListItem\",\"position\":2,\"name\":\"Fachkr\u00e4ftemangel auch bei der R\u00fcstungsindustrie?\"}]},{\"@type\":\"WebSite\",\"@id\":\"https:\/\/now-news.de\/de\/#website\",\"url\":\"https:\/\/now-news.de\/de\/\",\"name\":\"just-now.NEWS Deutschland\",\"description\":\"Das Portal f\u00fcr unzensierte Nachrichten aus der Welt\",\"publisher\":{\"@id\":\"https:\/\/now-news.de\/de\/#organization\"},\"potentialAction\":[{\"@type\":\"SearchAction\",\"target\":{\"@type\":\"EntryPoint\",\"urlTemplate\":\"https:\/\/now-news.de\/de\/?s={search_term_string}\"},\"query-input\":\"required name=search_term_string\"}],\"inLanguage\":\"de\"},{\"@type\":\"Organization\",\"@id\":\"https:\/\/now-news.de\/de\/#organization\",\"name\":\"Just Now News\",\"url\":\"https:\/\/now-news.de\/de\/\",\"logo\":{\"@type\":\"ImageObject\",\"inLanguage\":\"de\",\"@id\":\"https:\/\/now-news.de\/de\/#\/schema\/logo\/image\/\",\"url\":\"http:\/\/just-now.news\/de\/wp-content\/uploads\/sites\/3\/2022\/04\/logo500x500.jpg\",\"contentUrl\":\"http:\/\/just-now.news\/de\/wp-content\/uploads\/sites\/3\/2022\/04\/logo500x500.jpg\",\"width\":500,\"height\":500,\"caption\":\"Just Now News\"},\"image\":{\"@id\":\"https:\/\/now-news.de\/de\/#\/schema\/logo\/image\/\"},\"sameAs\":[\"https:\/\/www.facebook.com\/wirmachenauf\",\"https:\/\/x.com\/WirMachenAuf_de\"]},{\"@type\":\"Person\",\"@id\":\"https:\/\/now-news.de\/de\/#\/schema\/person\/fb534a4e865501d8b3285208df34a9b5\",\"name\":\"rtnews\",\"image\":{\"@type\":\"ImageObject\",\"inLanguage\":\"de\",\"@id\":\"https:\/\/now-news.de\/de\/#\/schema\/person\/image\/\",\"url\":\"https:\/\/secure.gravatar.com\/avatar\/82aafea7d8127119dd649515f56e2117?s=96&d=mm&r=g\",\"contentUrl\":\"https:\/\/secure.gravatar.com\/avatar\/82aafea7d8127119dd649515f56e2117?s=96&d=mm&r=g\",\"caption\":\"rtnews\"},\"url\":\"https:\/\/now-news.de\/de\/author\/rnews\/\"}]}<\/script>\n<!-- \/ Yoast SEO Premium plugin. -->","yoast_head_json":{"title":"Fachkr\u00e4ftemangel auch bei der R\u00fcstungsindustrie? - just-now.NEWS Deutschland","robots":{"index":"index","follow":"follow","max-snippet":"max-snippet:-1","max-image-preview":"max-image-preview:large","max-video-preview":"max-video-preview:-1"},"canonical":"https:\/\/now-news.de\/de\/deutschland\/fachkraeftemangel-auch-bei-der-ruestungsindustrie\/","og_locale":"de_DE","og_type":"article","og_title":"Fachkr\u00e4ftemangel auch bei der R\u00fcstungsindustrie?","og_description":"Die R\u00fcstungsindustrie ist neben Pharma die einzige Branche, die von der deutschen Politik der letzten Jahre wirklich profitiert hat. Aber jetzt hat sie wohl Probleme, Ingenieure zu finden. Und importierte Kr\u00e4fte helfen in diesem Fall garantiert nicht. 300 Kandidaten m\u00fcsse man ansprechen, um eine F\u00fchrungsposition in der R\u00fcstungsindustrie zu besetzen, klagte eine Headhunterin gegen\u00fcber dem [&hellip;]","og_url":"https:\/\/now-news.de\/de\/deutschland\/fachkraeftemangel-auch-bei-der-ruestungsindustrie\/","og_site_name":"just-now.NEWS Deutschland","article_publisher":"https:\/\/www.facebook.com\/wirmachenauf","article_published_time":"2024-02-25T19:53:00+00:00","og_image":[{"width":460,"height":259,"url":"https:\/\/now-news.de\/de\/wp-content\/uploads\/sites\/3\/2024\/02\/Fachkraeftemangel-auch-bei-der-Ruestungsindustrie.jpg","type":"image\/jpeg"}],"author":"rtnews","twitter_card":"summary_large_image","twitter_creator":"@WirMachenAuf_de","twitter_site":"@WirMachenAuf_de","twitter_misc":{"Verfasst von":"rtnews","Gesch\u00e4tzte Lesezeit":"2\u00a0Minuten"},"schema":{"@context":"https:\/\/schema.org","@graph":[{"@type":"Article","@id":"https:\/\/now-news.de\/de\/deutschland\/fachkraeftemangel-auch-bei-der-ruestungsindustrie\/#article","isPartOf":{"@id":"https:\/\/now-news.de\/de\/deutschland\/fachkraeftemangel-auch-bei-der-ruestungsindustrie\/"},"author":{"name":"rtnews","@id":"https:\/\/now-news.de\/de\/#\/schema\/person\/fb534a4e865501d8b3285208df34a9b5"},"headline":"Fachkr\u00e4ftemangel auch bei der R\u00fcstungsindustrie?","datePublished":"2024-02-25T19:53:00+00:00","dateModified":"2024-02-25T19:53:00+00:00","mainEntityOfPage":{"@id":"https:\/\/now-news.de\/de\/deutschland\/fachkraeftemangel-auch-bei-der-ruestungsindustrie\/"},"wordCount":444,"commentCount":0,"publisher":{"@id":"https:\/\/now-news.de\/de\/#organization"},"image":{"@id":"https:\/\/now-news.de\/de\/deutschland\/fachkraeftemangel-auch-bei-der-ruestungsindustrie\/#primaryimage"},"thumbnailUrl":"https:\/\/now-news.de\/de\/wp-content\/uploads\/sites\/3\/2024\/02\/Fachkraeftemangel-auch-bei-der-Ruestungsindustrie.jpg","keywords":["auch","bei","der","Fachkr\u00e4ftemangel","R\u00fcstungsindustrie"],"articleSection":["Deutschland","Russland"],"inLanguage":"de","potentialAction":[{"@type":"CommentAction","name":"Comment","target":["https:\/\/now-news.de\/de\/deutschland\/fachkraeftemangel-auch-bei-der-ruestungsindustrie\/#respond"]}]},{"@type":"WebPage","@id":"https:\/\/now-news.de\/de\/deutschland\/fachkraeftemangel-auch-bei-der-ruestungsindustrie\/","url":"https:\/\/now-news.de\/de\/deutschland\/fachkraeftemangel-auch-bei-der-ruestungsindustrie\/","name":"Fachkr\u00e4ftemangel auch bei der R\u00fcstungsindustrie? - just-now.NEWS Deutschland","isPartOf":{"@id":"https:\/\/now-news.de\/de\/#website"},"primaryImageOfPage":{"@id":"https:\/\/now-news.de\/de\/deutschland\/fachkraeftemangel-auch-bei-der-ruestungsindustrie\/#primaryimage"},"image":{"@id":"https:\/\/now-news.de\/de\/deutschland\/fachkraeftemangel-auch-bei-der-ruestungsindustrie\/#primaryimage"},"thumbnailUrl":"https:\/\/now-news.de\/de\/wp-content\/uploads\/sites\/3\/2024\/02\/Fachkraeftemangel-auch-bei-der-Ruestungsindustrie.jpg","datePublished":"2024-02-25T19:53:00+00:00","dateModified":"2024-02-25T19:53:00+00:00","breadcrumb":{"@id":"https:\/\/now-news.de\/de\/deutschland\/fachkraeftemangel-auch-bei-der-ruestungsindustrie\/#breadcrumb"},"inLanguage":"de","potentialAction":[{"@type":"ReadAction","target":["https:\/\/now-news.de\/de\/deutschland\/fachkraeftemangel-auch-bei-der-ruestungsindustrie\/"]}]},{"@type":"ImageObject","inLanguage":"de","@id":"https:\/\/now-news.de\/de\/deutschland\/fachkraeftemangel-auch-bei-der-ruestungsindustrie\/#primaryimage","url":"https:\/\/now-news.de\/de\/wp-content\/uploads\/sites\/3\/2024\/02\/Fachkraeftemangel-auch-bei-der-Ruestungsindustrie.jpg","contentUrl":"https:\/\/now-news.de\/de\/wp-content\/uploads\/sites\/3\/2024\/02\/Fachkraeftemangel-auch-bei-der-Ruestungsindustrie.jpg","width":460,"height":259,"caption":"Fachkr\u00e4ftemangel auch bei der R\u00fcstungsindustrie?"},{"@type":"BreadcrumbList","@id":"https:\/\/now-news.de\/de\/deutschland\/fachkraeftemangel-auch-bei-der-ruestungsindustrie\/#breadcrumb","itemListElement":[{"@type":"ListItem","position":1,"name":"Home","item":"https:\/\/now-news.de\/de\/"},{"@type":"ListItem","position":2,"name":"Fachkr\u00e4ftemangel auch bei der R\u00fcstungsindustrie?"}]},{"@type":"WebSite","@id":"https:\/\/now-news.de\/de\/#website","url":"https:\/\/now-news.de\/de\/","name":"just-now.NEWS Deutschland","description":"Das Portal f\u00fcr unzensierte Nachrichten aus der Welt","publisher":{"@id":"https:\/\/now-news.de\/de\/#organization"},"potentialAction":[{"@type":"SearchAction","target":{"@type":"EntryPoint","urlTemplate":"https:\/\/now-news.de\/de\/?s={search_term_string}"},"query-input":"required name=search_term_string"}],"inLanguage":"de"},{"@type":"Organization","@id":"https:\/\/now-news.de\/de\/#organization","name":"Just Now News","url":"https:\/\/now-news.de\/de\/","logo":{"@type":"ImageObject","inLanguage":"de","@id":"https:\/\/now-news.de\/de\/#\/schema\/logo\/image\/","url":"http:\/\/just-now.news\/de\/wp-content\/uploads\/sites\/3\/2022\/04\/logo500x500.jpg","contentUrl":"http:\/\/just-now.news\/de\/wp-content\/uploads\/sites\/3\/2022\/04\/logo500x500.jpg","width":500,"height":500,"caption":"Just Now News"},"image":{"@id":"https:\/\/now-news.de\/de\/#\/schema\/logo\/image\/"},"sameAs":["https:\/\/www.facebook.com\/wirmachenauf","https:\/\/x.com\/WirMachenAuf_de"]},{"@type":"Person","@id":"https:\/\/now-news.de\/de\/#\/schema\/person\/fb534a4e865501d8b3285208df34a9b5","name":"rtnews","image":{"@type":"ImageObject","inLanguage":"de","@id":"https:\/\/now-news.de\/de\/#\/schema\/person\/image\/","url":"https:\/\/secure.gravatar.com\/avatar\/82aafea7d8127119dd649515f56e2117?s=96&d=mm&r=g","contentUrl":"https:\/\/secure.gravatar.com\/avatar\/82aafea7d8127119dd649515f56e2117?s=96&d=mm&r=g","caption":"rtnews"},"url":"https:\/\/now-news.de\/de\/author\/rnews\/"}]}},"_links":{"self":[{"href":"https:\/\/now-news.de\/de\/wp-json\/wp\/v2\/posts\/55967"}],"collection":[{"href":"https:\/\/now-news.de\/de\/wp-json\/wp\/v2\/posts"}],"about":[{"href":"https:\/\/now-news.de\/de\/wp-json\/wp\/v2\/types\/post"}],"author":[{"embeddable":true,"href":"https:\/\/now-news.de\/de\/wp-json\/wp\/v2\/users\/3"}],"replies":[{"embeddable":true,"href":"https:\/\/now-news.de\/de\/wp-json\/wp\/v2\/comments?post=55967"}],"version-history":[{"count":0,"href":"https:\/\/now-news.de\/de\/wp-json\/wp\/v2\/posts\/55967\/revisions"}],"wp:featuredmedia":[{"embeddable":true,"href":"https:\/\/now-news.de\/de\/wp-json\/wp\/v2\/media\/55968"}],"wp:attachment":[{"href":"https:\/\/now-news.de\/de\/wp-json\/wp\/v2\/media?parent=55967"}],"wp:term":[{"taxonomy":"category","embeddable":true,"href":"https:\/\/now-news.de\/de\/wp-json\/wp\/v2\/categories?post=55967"},{"taxonomy":"post_tag","embeddable":true,"href":"https:\/\/now-news.de\/de\/wp-json\/wp\/v2\/tags?post=55967"}],"curies":[{"name":"wp","href":"https:\/\/api.w.org\/{rel}","templated":true}]}}