{"id":55905,"date":"2024-02-24T19:06:13","date_gmt":"2024-02-24T17:06:13","guid":{"rendered":"https:\/\/just-now.news\/de\/deutschland\/das-globale-awdejewka\/"},"modified":"2024-02-24T19:06:13","modified_gmt":"2024-02-24T17:06:13","slug":"das-globale-awdejewka","status":"publish","type":"post","link":"https:\/\/now-news.de\/de\/deutschland\/das-globale-awdejewka\/","title":{"rendered":"Das globale Awdejewka"},"content":{"rendered":"<p><img decoding=\"async\" src=\"http:\/\/just-now.news\/de\/wp-content\/uploads\/sites\/3\/2024\/02\/65d4d9dbb480cc13cf2c978a.jpg\" \/><\/p>\n<div class=\"Text-root Text-type_1 \">\n                Der Verlust von Awdejewka ist nicht nur eine milit\u00e4rische Niederlage f\u00fcr die Ukraine. Er l\u00e4sst auch Widerspr\u00fcche zwischen Kiews westlichen Verb\u00fcndeten, an denen die weitere Unterst\u00fctzung der Ukraine scheitern k\u00f6nnte, zutage treten.\n            <\/div>\n<p><\/p>\n<div class=\"Text-root Text-type_5 ArticleView-text ViewText-root \">\n<p><em>Von Sergei Strokan<\/em><\/p>\n<p>Der Verlust von Awdejewka wurde nicht nur f\u00fcr Kiew zu einer verheerenden moralischen und strategischen Niederlage, sondern auch f\u00fcr dessen westliche Verb\u00fcndeten zu einem schweren Schlag. Das ist zwar noch kein K.-o.-Schlag, aber immerhin ein Zu-Boden-Gehen samt einer kollektiven euroatlantischen Gehirnersch\u00fctterung.<\/p>\n<p>Dieses vernebelte Hirn versucht, eine L\u00f6sung zu finden und der sich im Niedergang befindenden Ukraine zu helfen. Doch parallel zu dieser Suche kommen Kiews Unterst\u00fctzer zur \u2013 wenn auch nicht zur Schau getragenen \u2013 Erkenntnis, dass dies nicht m\u00f6glich ist.<\/p>\n<p>Welche Ver\u00e4nderung bringt der symboltr\u00e4chtige Verlust von Awdejewka in Kiews Beziehungen zu seinen westlichen Verb\u00fcndeten und in deren Beziehungen untereinander? Zwei Schl\u00fcsse k\u00f6nnen heute schon gezogen werden.<\/p>\n<p>Erstens verwandelt sich die Unterst\u00fctzung der Ukraine zwei Jahre nach dem Beginn der russischen Milit\u00e4roperation f\u00fcr den Westen in eine Art Rollenspiel. Bei diesem Spiel ist es f\u00fcr Kiews Verb\u00fcndete das Wichtigste, die Realit\u00e4ten im Kampfgebiet nicht anzuerkennen, die Kosten einer weiteren Teilnahme am Ukraine-Konflikt zu minimieren und eine eigene geopolitische Niederlage zu vermeiden.<\/p>\n<p>Zweitens kommt man nicht umhin, zu bemerken, dass die von US-Pr\u00e4sident Joe Biden zum Kampf gegen Russland erschaffene Koalition des Westens allm\u00e4hlich zerbricht. Der US-amerikanische und der europ\u00e4ische Fl\u00fcgel dieser Koalition beginnen, jeweils ein eigenes Leben zu f\u00fchren, und gemeinsam werden diese zwei schw\u00e4chelnden Fl\u00fcgel nicht mehr fliegen. Im Lager der westlichen Verb\u00fcndeten herrschen bei aller vorgeblichen Einigkeit Irrungen und Wirrungen.<\/p>\n<p>Nachdem Biden Awdejewka bei einem Telefongespr\u00e4ch mit Wladimir Selenskij besprochen hatte, ver\u00f6ffentlichte der Pressedienst des Wei\u00dfen Hauses eine Erkl\u00e4rung. Darin hei\u00dft es, dass weder die ukrainische Armee noch die US-Administration am Geschehenen schuld seien, sondern der tatenlos gebliebene US-Kongress. Die Schlussfolgerung sei, dass US-amerikanische Abgeordnete, die den Gesetzentwurf \u00fcber die milliardenschwere Finanzierung der Ukraine immer noch nicht gebilligt hatten, ihren Fehler berichtigen m\u00fcssen, solange es noch nicht zu sp\u00e4t ist. Doch das Repr\u00e4sentantenhaus, das sich bis zum 28. Februar in den Urlaub begab, hat es offensichtlich nicht sehr eilig.<\/p>\n<p>In dieser Lage versuchen die europ\u00e4ischen Verb\u00fcndeten, sich mit dem Gedanken anzufreunden, dass sie die Ukraine m\u00f6glicherweise ohne die USA weiter unterst\u00fctzen m\u00fcssen. Doch an dieser Etappe kommt es zu einer weiteren Spaltung \u2013 diesmal schon unter den Europ\u00e4ern, denn sie haben unterschiedliche Vorstellungen davon, was zu tun sei. So behauptete Tschechiens Pr\u00e4sident Petr Pavel, dass sein Land die M\u00f6glichkeit gefunden habe, f\u00fcr das ukrainische Milit\u00e4r Hunderttausende Artilleriegeschosse in Drittl\u00e4ndern zu kaufen. Doch dazu werde Geld ben\u00f6tigt, das nicht da ist. Zuvor hatte die Zeitung <em>Politico<\/em> berichtet, dass Tschechien dar\u00fcber unzufrieden war, dass die EU ihr Versprechen, Kiew zwischen M\u00e4rz 2023 und M\u00e4rz 2024 eine Million Geschosse zu liefern, nicht gehalten hatte. Prag forderte von Br\u00fcssel, auf der ganzen Welt \u2013 von S\u00fcdkorea bis S\u00fcdafrika \u2013 Munition f\u00fcr die Ukraine einzukaufen.<\/p>\n<p>Doch diese Forderung steht im Widerspruch zur Absicht der EU-F\u00fchrung, bei der Hilfe f\u00fcr die Ukraine Mittel nicht zu weltweiten Waffenk\u00e4ufen, sondern zur Finanzierung der europ\u00e4ischen R\u00fcstungsindustrie zu finden. In diesem Stimmenchor forderte Griechenlands Ministerpr\u00e4sident Kiriakos Mitsotakis, die Ordnung der nach seinen Worten &#8220;zersplitterten&#8221; europ\u00e4ischen R\u00fcstungsindustrie zu einer Priorit\u00e4t zu machen.<\/p>\n<p>Seinerseits r\u00e4umte der \u00f6sterreichische General Peter Vorhofer in einem <a rel=\"nofollow noopener\" target=\"_blank\" href=\"https:\/\/www.diepresse.com\/18165828\/bundesheer-stratege-trumps-aussagen-erhoehen-auch-die-gefahr-fuer-oesterreich\">Interview<\/a> mit <em>Die Presse<\/em> ein, dass Europas R\u00fcstungsindustrie mit dem russischen milit\u00e4risch-industriellen Komplex in dem sich abzeichnenden &#8220;Krieg der Lagerh\u00e4user&#8221; beim Produktionstempo noch nicht mithalten kann. All diese Widerspr\u00fcche der westlichen Verb\u00fcndeten traten vor dem Hintergrund des Verlusts von Awdejewka durch Kiew offen zutage und drohen zu einem eigenen Fiasko f\u00fcr den Westen zu werden.<\/p>\n<p><em>\u00dcbersetzt aus dem <a rel=\"nofollow noopener\" target=\"_blank\" href=\"https:\/\/t.me\/c\/1686844692\/5724\">Russischen<\/a>.<\/em><\/p>\n<p><em>Sergei Strokan ist Dichter, Journalist und Moderator von Talkshows auf staatlichen Fernsehsendern. Er wurde in der Ukraine in der Stadt Nowomoskowsk in der Region Dnjepropetrowsk geboren. Im Jahr 1982 schloss er sein Studium am Institut f\u00fcr Asien- und Afrikastudien der Staatlichen Universit\u00e4t Moskau als Orientalist-Philologe ab. Danach arbeitete er in der Asien-Abteilung der Russischen Akademie der Wissenschaften, dann als Sonderkorrespondent f\u00fcr die Wochenzeitung Moscow News und auch als Leiter der Abteilung f\u00fcr ausw\u00e4rtige Angelegenheiten der sozialen und politischen Zeitschrift Itogi. Derzeit ist er Kolumnist bei der Zeitung Kommersant.<\/em><\/p>\n<p><strong>Mehr zum Thema <\/strong>\u2013 <a rel=\"nofollow noopener\" target=\"_blank\" href=\"https:\/\/freedert.online\/international\/196657-nato-befehlshaber-westen-war-uebermaessig\/\">NATO-Befehlshaber: Westen war &#8220;\u00fcberm\u00e4\u00dfig optimistisch&#8221; bez\u00fcglich milit\u00e4rischer Erfolge der Ukraine<\/a><\/p>\n<\/div>\n<p><br \/>\n<br \/><a href=\"https:\/\/de.rt.com\/meinung\/196871-das-globale-awdejewka\/\">Source link <\/a><\/p>\n","protected":false},"excerpt":{"rendered":"<p>Der Verlust von Awdejewka ist nicht nur eine milit\u00e4rische Niederlage f\u00fcr die Ukraine. Er l\u00e4sst auch Widerspr\u00fcche zwischen Kiews westlichen Verb\u00fcndeten, an denen die weitere Unterst\u00fctzung der Ukraine scheitern k\u00f6nnte, zutage treten. Von Sergei Strokan Der Verlust von Awdejewka wurde nicht nur f\u00fcr Kiew zu einer verheerenden moralischen und strategischen Niederlage, sondern auch f\u00fcr dessen [&hellip;]<\/p>\n","protected":false},"author":3,"featured_media":55906,"comment_status":"open","ping_status":"open","sticky":false,"template":"","format":"standard","meta":{"_yoast_indexnow_last_ping":["1708794506"],"wp_automatic_camp":["217"],"7affa46111644ed6c80d750258466957":["Das globale Awdejewka"],"original_link":["https:\/\/de.rt.com\/meinung\/196871-das-globale-awdejewka\/"],"_thumbnail_id":["55906"],"_wptgpro_p2tg_sent2tg":["a:1:{i:23737;s:19:\"2024-02-24 19:09:29\";}"],"jnews_social_counter_last_update":["1777391302"]},"categories":[19,23],"tags":[30951,427,2025],"yoast_head":"<!-- This site is optimized with the Yoast SEO Premium plugin v22.7 (Yoast SEO v22.7) - https:\/\/yoast.com\/wordpress\/plugins\/seo\/ -->\n<title>Das globale Awdejewka - just-now.NEWS Deutschland<\/title>\n<meta name=\"robots\" content=\"index, follow, max-snippet:-1, max-image-preview:large, max-video-preview:-1\" \/>\n<link rel=\"canonical\" href=\"https:\/\/now-news.de\/de\/deutschland\/das-globale-awdejewka\/\" \/>\n<meta property=\"og:locale\" content=\"de_DE\" \/>\n<meta property=\"og:type\" content=\"article\" \/>\n<meta property=\"og:title\" content=\"Das globale Awdejewka\" \/>\n<meta property=\"og:description\" content=\"Der Verlust von Awdejewka ist nicht nur eine milit\u00e4rische Niederlage f\u00fcr die Ukraine. Er l\u00e4sst auch Widerspr\u00fcche zwischen Kiews westlichen Verb\u00fcndeten, an denen die weitere Unterst\u00fctzung der Ukraine scheitern k\u00f6nnte, zutage treten. Von Sergei Strokan Der Verlust von Awdejewka wurde nicht nur f\u00fcr Kiew zu einer verheerenden moralischen und strategischen Niederlage, sondern auch f\u00fcr dessen [&hellip;]\" \/>\n<meta property=\"og:url\" content=\"https:\/\/now-news.de\/de\/deutschland\/das-globale-awdejewka\/\" \/>\n<meta property=\"og:site_name\" content=\"just-now.NEWS Deutschland\" \/>\n<meta property=\"article:publisher\" content=\"https:\/\/www.facebook.com\/wirmachenauf\" \/>\n<meta property=\"article:published_time\" content=\"2024-02-24T17:06:13+00:00\" \/>\n<meta property=\"og:image\" content=\"https:\/\/now-news.de\/de\/wp-content\/uploads\/sites\/3\/2024\/02\/Das-globale-Awdejewka.jpg\" \/>\n\t<meta property=\"og:image:width\" content=\"460\" \/>\n\t<meta property=\"og:image:height\" content=\"259\" \/>\n\t<meta property=\"og:image:type\" content=\"image\/jpeg\" \/>\n<meta name=\"author\" content=\"rtnews\" \/>\n<meta name=\"twitter:card\" content=\"summary_large_image\" \/>\n<meta name=\"twitter:creator\" content=\"@WirMachenAuf_de\" \/>\n<meta name=\"twitter:site\" content=\"@WirMachenAuf_de\" \/>\n<meta name=\"twitter:label1\" content=\"Verfasst von\" \/>\n\t<meta name=\"twitter:data1\" content=\"rtnews\" \/>\n\t<meta name=\"twitter:label2\" content=\"Gesch\u00e4tzte Lesezeit\" \/>\n\t<meta name=\"twitter:data2\" content=\"4\u00a0Minuten\" \/>\n<script type=\"application\/ld+json\" class=\"yoast-schema-graph\">{\"@context\":\"https:\/\/schema.org\",\"@graph\":[{\"@type\":\"Article\",\"@id\":\"https:\/\/now-news.de\/de\/deutschland\/das-globale-awdejewka\/#article\",\"isPartOf\":{\"@id\":\"https:\/\/now-news.de\/de\/deutschland\/das-globale-awdejewka\/\"},\"author\":{\"name\":\"rtnews\",\"@id\":\"https:\/\/now-news.de\/de\/#\/schema\/person\/fb534a4e865501d8b3285208df34a9b5\"},\"headline\":\"Das globale Awdejewka\",\"datePublished\":\"2024-02-24T17:06:13+00:00\",\"dateModified\":\"2024-02-24T17:06:13+00:00\",\"mainEntityOfPage\":{\"@id\":\"https:\/\/now-news.de\/de\/deutschland\/das-globale-awdejewka\/\"},\"wordCount\":781,\"commentCount\":0,\"publisher\":{\"@id\":\"https:\/\/now-news.de\/de\/#organization\"},\"image\":{\"@id\":\"https:\/\/now-news.de\/de\/deutschland\/das-globale-awdejewka\/#primaryimage\"},\"thumbnailUrl\":\"https:\/\/now-news.de\/de\/wp-content\/uploads\/sites\/3\/2024\/02\/Das-globale-Awdejewka.jpg\",\"keywords\":[\"Awdejewka\",\"das\",\"globale\"],\"articleSection\":[\"Deutschland\",\"Russland\"],\"inLanguage\":\"de\",\"potentialAction\":[{\"@type\":\"CommentAction\",\"name\":\"Comment\",\"target\":[\"https:\/\/now-news.de\/de\/deutschland\/das-globale-awdejewka\/#respond\"]}]},{\"@type\":\"WebPage\",\"@id\":\"https:\/\/now-news.de\/de\/deutschland\/das-globale-awdejewka\/\",\"url\":\"https:\/\/now-news.de\/de\/deutschland\/das-globale-awdejewka\/\",\"name\":\"Das globale Awdejewka - just-now.NEWS Deutschland\",\"isPartOf\":{\"@id\":\"https:\/\/now-news.de\/de\/#website\"},\"primaryImageOfPage\":{\"@id\":\"https:\/\/now-news.de\/de\/deutschland\/das-globale-awdejewka\/#primaryimage\"},\"image\":{\"@id\":\"https:\/\/now-news.de\/de\/deutschland\/das-globale-awdejewka\/#primaryimage\"},\"thumbnailUrl\":\"https:\/\/now-news.de\/de\/wp-content\/uploads\/sites\/3\/2024\/02\/Das-globale-Awdejewka.jpg\",\"datePublished\":\"2024-02-24T17:06:13+00:00\",\"dateModified\":\"2024-02-24T17:06:13+00:00\",\"breadcrumb\":{\"@id\":\"https:\/\/now-news.de\/de\/deutschland\/das-globale-awdejewka\/#breadcrumb\"},\"inLanguage\":\"de\",\"potentialAction\":[{\"@type\":\"ReadAction\",\"target\":[\"https:\/\/now-news.de\/de\/deutschland\/das-globale-awdejewka\/\"]}]},{\"@type\":\"ImageObject\",\"inLanguage\":\"de\",\"@id\":\"https:\/\/now-news.de\/de\/deutschland\/das-globale-awdejewka\/#primaryimage\",\"url\":\"https:\/\/now-news.de\/de\/wp-content\/uploads\/sites\/3\/2024\/02\/Das-globale-Awdejewka.jpg\",\"contentUrl\":\"https:\/\/now-news.de\/de\/wp-content\/uploads\/sites\/3\/2024\/02\/Das-globale-Awdejewka.jpg\",\"width\":460,\"height\":259,\"caption\":\"Das globale Awdejewka\"},{\"@type\":\"BreadcrumbList\",\"@id\":\"https:\/\/now-news.de\/de\/deutschland\/das-globale-awdejewka\/#breadcrumb\",\"itemListElement\":[{\"@type\":\"ListItem\",\"position\":1,\"name\":\"Home\",\"item\":\"https:\/\/now-news.de\/de\/\"},{\"@type\":\"ListItem\",\"position\":2,\"name\":\"Das globale Awdejewka\"}]},{\"@type\":\"WebSite\",\"@id\":\"https:\/\/now-news.de\/de\/#website\",\"url\":\"https:\/\/now-news.de\/de\/\",\"name\":\"just-now.NEWS Deutschland\",\"description\":\"Das Portal f\u00fcr unzensierte Nachrichten aus der Welt\",\"publisher\":{\"@id\":\"https:\/\/now-news.de\/de\/#organization\"},\"potentialAction\":[{\"@type\":\"SearchAction\",\"target\":{\"@type\":\"EntryPoint\",\"urlTemplate\":\"https:\/\/now-news.de\/de\/?s={search_term_string}\"},\"query-input\":\"required name=search_term_string\"}],\"inLanguage\":\"de\"},{\"@type\":\"Organization\",\"@id\":\"https:\/\/now-news.de\/de\/#organization\",\"name\":\"Just Now News\",\"url\":\"https:\/\/now-news.de\/de\/\",\"logo\":{\"@type\":\"ImageObject\",\"inLanguage\":\"de\",\"@id\":\"https:\/\/now-news.de\/de\/#\/schema\/logo\/image\/\",\"url\":\"http:\/\/just-now.news\/de\/wp-content\/uploads\/sites\/3\/2022\/04\/logo500x500.jpg\",\"contentUrl\":\"http:\/\/just-now.news\/de\/wp-content\/uploads\/sites\/3\/2022\/04\/logo500x500.jpg\",\"width\":500,\"height\":500,\"caption\":\"Just Now News\"},\"image\":{\"@id\":\"https:\/\/now-news.de\/de\/#\/schema\/logo\/image\/\"},\"sameAs\":[\"https:\/\/www.facebook.com\/wirmachenauf\",\"https:\/\/x.com\/WirMachenAuf_de\"]},{\"@type\":\"Person\",\"@id\":\"https:\/\/now-news.de\/de\/#\/schema\/person\/fb534a4e865501d8b3285208df34a9b5\",\"name\":\"rtnews\",\"image\":{\"@type\":\"ImageObject\",\"inLanguage\":\"de\",\"@id\":\"https:\/\/now-news.de\/de\/#\/schema\/person\/image\/\",\"url\":\"https:\/\/secure.gravatar.com\/avatar\/82aafea7d8127119dd649515f56e2117?s=96&d=mm&r=g\",\"contentUrl\":\"https:\/\/secure.gravatar.com\/avatar\/82aafea7d8127119dd649515f56e2117?s=96&d=mm&r=g\",\"caption\":\"rtnews\"},\"url\":\"https:\/\/now-news.de\/de\/author\/rnews\/\"}]}<\/script>\n<!-- \/ Yoast SEO Premium plugin. -->","yoast_head_json":{"title":"Das globale Awdejewka - just-now.NEWS Deutschland","robots":{"index":"index","follow":"follow","max-snippet":"max-snippet:-1","max-image-preview":"max-image-preview:large","max-video-preview":"max-video-preview:-1"},"canonical":"https:\/\/now-news.de\/de\/deutschland\/das-globale-awdejewka\/","og_locale":"de_DE","og_type":"article","og_title":"Das globale Awdejewka","og_description":"Der Verlust von Awdejewka ist nicht nur eine milit\u00e4rische Niederlage f\u00fcr die Ukraine. Er l\u00e4sst auch Widerspr\u00fcche zwischen Kiews westlichen Verb\u00fcndeten, an denen die weitere Unterst\u00fctzung der Ukraine scheitern k\u00f6nnte, zutage treten. Von Sergei Strokan Der Verlust von Awdejewka wurde nicht nur f\u00fcr Kiew zu einer verheerenden moralischen und strategischen Niederlage, sondern auch f\u00fcr dessen [&hellip;]","og_url":"https:\/\/now-news.de\/de\/deutschland\/das-globale-awdejewka\/","og_site_name":"just-now.NEWS Deutschland","article_publisher":"https:\/\/www.facebook.com\/wirmachenauf","article_published_time":"2024-02-24T17:06:13+00:00","og_image":[{"width":460,"height":259,"url":"https:\/\/now-news.de\/de\/wp-content\/uploads\/sites\/3\/2024\/02\/Das-globale-Awdejewka.jpg","type":"image\/jpeg"}],"author":"rtnews","twitter_card":"summary_large_image","twitter_creator":"@WirMachenAuf_de","twitter_site":"@WirMachenAuf_de","twitter_misc":{"Verfasst von":"rtnews","Gesch\u00e4tzte Lesezeit":"4\u00a0Minuten"},"schema":{"@context":"https:\/\/schema.org","@graph":[{"@type":"Article","@id":"https:\/\/now-news.de\/de\/deutschland\/das-globale-awdejewka\/#article","isPartOf":{"@id":"https:\/\/now-news.de\/de\/deutschland\/das-globale-awdejewka\/"},"author":{"name":"rtnews","@id":"https:\/\/now-news.de\/de\/#\/schema\/person\/fb534a4e865501d8b3285208df34a9b5"},"headline":"Das globale Awdejewka","datePublished":"2024-02-24T17:06:13+00:00","dateModified":"2024-02-24T17:06:13+00:00","mainEntityOfPage":{"@id":"https:\/\/now-news.de\/de\/deutschland\/das-globale-awdejewka\/"},"wordCount":781,"commentCount":0,"publisher":{"@id":"https:\/\/now-news.de\/de\/#organization"},"image":{"@id":"https:\/\/now-news.de\/de\/deutschland\/das-globale-awdejewka\/#primaryimage"},"thumbnailUrl":"https:\/\/now-news.de\/de\/wp-content\/uploads\/sites\/3\/2024\/02\/Das-globale-Awdejewka.jpg","keywords":["Awdejewka","das","globale"],"articleSection":["Deutschland","Russland"],"inLanguage":"de","potentialAction":[{"@type":"CommentAction","name":"Comment","target":["https:\/\/now-news.de\/de\/deutschland\/das-globale-awdejewka\/#respond"]}]},{"@type":"WebPage","@id":"https:\/\/now-news.de\/de\/deutschland\/das-globale-awdejewka\/","url":"https:\/\/now-news.de\/de\/deutschland\/das-globale-awdejewka\/","name":"Das globale Awdejewka - just-now.NEWS Deutschland","isPartOf":{"@id":"https:\/\/now-news.de\/de\/#website"},"primaryImageOfPage":{"@id":"https:\/\/now-news.de\/de\/deutschland\/das-globale-awdejewka\/#primaryimage"},"image":{"@id":"https:\/\/now-news.de\/de\/deutschland\/das-globale-awdejewka\/#primaryimage"},"thumbnailUrl":"https:\/\/now-news.de\/de\/wp-content\/uploads\/sites\/3\/2024\/02\/Das-globale-Awdejewka.jpg","datePublished":"2024-02-24T17:06:13+00:00","dateModified":"2024-02-24T17:06:13+00:00","breadcrumb":{"@id":"https:\/\/now-news.de\/de\/deutschland\/das-globale-awdejewka\/#breadcrumb"},"inLanguage":"de","potentialAction":[{"@type":"ReadAction","target":["https:\/\/now-news.de\/de\/deutschland\/das-globale-awdejewka\/"]}]},{"@type":"ImageObject","inLanguage":"de","@id":"https:\/\/now-news.de\/de\/deutschland\/das-globale-awdejewka\/#primaryimage","url":"https:\/\/now-news.de\/de\/wp-content\/uploads\/sites\/3\/2024\/02\/Das-globale-Awdejewka.jpg","contentUrl":"https:\/\/now-news.de\/de\/wp-content\/uploads\/sites\/3\/2024\/02\/Das-globale-Awdejewka.jpg","width":460,"height":259,"caption":"Das globale Awdejewka"},{"@type":"BreadcrumbList","@id":"https:\/\/now-news.de\/de\/deutschland\/das-globale-awdejewka\/#breadcrumb","itemListElement":[{"@type":"ListItem","position":1,"name":"Home","item":"https:\/\/now-news.de\/de\/"},{"@type":"ListItem","position":2,"name":"Das globale Awdejewka"}]},{"@type":"WebSite","@id":"https:\/\/now-news.de\/de\/#website","url":"https:\/\/now-news.de\/de\/","name":"just-now.NEWS Deutschland","description":"Das Portal f\u00fcr unzensierte Nachrichten aus der Welt","publisher":{"@id":"https:\/\/now-news.de\/de\/#organization"},"potentialAction":[{"@type":"SearchAction","target":{"@type":"EntryPoint","urlTemplate":"https:\/\/now-news.de\/de\/?s={search_term_string}"},"query-input":"required name=search_term_string"}],"inLanguage":"de"},{"@type":"Organization","@id":"https:\/\/now-news.de\/de\/#organization","name":"Just Now News","url":"https:\/\/now-news.de\/de\/","logo":{"@type":"ImageObject","inLanguage":"de","@id":"https:\/\/now-news.de\/de\/#\/schema\/logo\/image\/","url":"http:\/\/just-now.news\/de\/wp-content\/uploads\/sites\/3\/2022\/04\/logo500x500.jpg","contentUrl":"http:\/\/just-now.news\/de\/wp-content\/uploads\/sites\/3\/2022\/04\/logo500x500.jpg","width":500,"height":500,"caption":"Just Now News"},"image":{"@id":"https:\/\/now-news.de\/de\/#\/schema\/logo\/image\/"},"sameAs":["https:\/\/www.facebook.com\/wirmachenauf","https:\/\/x.com\/WirMachenAuf_de"]},{"@type":"Person","@id":"https:\/\/now-news.de\/de\/#\/schema\/person\/fb534a4e865501d8b3285208df34a9b5","name":"rtnews","image":{"@type":"ImageObject","inLanguage":"de","@id":"https:\/\/now-news.de\/de\/#\/schema\/person\/image\/","url":"https:\/\/secure.gravatar.com\/avatar\/82aafea7d8127119dd649515f56e2117?s=96&d=mm&r=g","contentUrl":"https:\/\/secure.gravatar.com\/avatar\/82aafea7d8127119dd649515f56e2117?s=96&d=mm&r=g","caption":"rtnews"},"url":"https:\/\/now-news.de\/de\/author\/rnews\/"}]}},"_links":{"self":[{"href":"https:\/\/now-news.de\/de\/wp-json\/wp\/v2\/posts\/55905"}],"collection":[{"href":"https:\/\/now-news.de\/de\/wp-json\/wp\/v2\/posts"}],"about":[{"href":"https:\/\/now-news.de\/de\/wp-json\/wp\/v2\/types\/post"}],"author":[{"embeddable":true,"href":"https:\/\/now-news.de\/de\/wp-json\/wp\/v2\/users\/3"}],"replies":[{"embeddable":true,"href":"https:\/\/now-news.de\/de\/wp-json\/wp\/v2\/comments?post=55905"}],"version-history":[{"count":0,"href":"https:\/\/now-news.de\/de\/wp-json\/wp\/v2\/posts\/55905\/revisions"}],"wp:featuredmedia":[{"embeddable":true,"href":"https:\/\/now-news.de\/de\/wp-json\/wp\/v2\/media\/55906"}],"wp:attachment":[{"href":"https:\/\/now-news.de\/de\/wp-json\/wp\/v2\/media?parent=55905"}],"wp:term":[{"taxonomy":"category","embeddable":true,"href":"https:\/\/now-news.de\/de\/wp-json\/wp\/v2\/categories?post=55905"},{"taxonomy":"post_tag","embeddable":true,"href":"https:\/\/now-news.de\/de\/wp-json\/wp\/v2\/tags?post=55905"}],"curies":[{"name":"wp","href":"https:\/\/api.w.org\/{rel}","templated":true}]}}