{"id":55869,"date":"2024-02-23T20:32:24","date_gmt":"2024-02-23T18:32:24","guid":{"rendered":"https:\/\/just-now.news\/de\/deutschland\/schaedliche-verbotspolitik-beendet-bundestag-billigt-legalisierung-von-cannabis\/"},"modified":"2024-02-23T20:32:24","modified_gmt":"2024-02-23T18:32:24","slug":"schaedliche-verbotspolitik-beendet-bundestag-billigt-legalisierung-von-cannabis","status":"publish","type":"post","link":"https:\/\/now-news.de\/de\/deutschland\/schaedliche-verbotspolitik-beendet-bundestag-billigt-legalisierung-von-cannabis\/","title":{"rendered":"&quot;Sch\u00e4dliche Verbotspolitik beendet&quot;: Bundestag billigt Legalisierung von Cannabis"},"content":{"rendered":"<div class=\"Text-root Text-type_1 \">\n                Wie erwartet hat der Bundestag die Legalisierung von Cannabis unter Einschr\u00e4nkungen beschlossen. Der Abstimmung war eine harte Debatte vorausgegangen. Der gr\u00f6\u00dfte Verfechter der Legalisierung ist Gesundheitsminister Karl Lauterbach.\n            <\/div>\n<p><\/p>\n<div class=\"Text-root Text-type_5 ArticleView-text ViewText-root \">\n<p>Der\u00a0Bundestag\u00a0hat die kontrollierte Freigabe von\u00a0Cannabis\u00a0in Deutschland beschlossen. Besitz und Anbau der Droge sollen zum 1. April mit zahlreichen Vorgaben f\u00fcr Vollj\u00e4hrige zum Eigenkonsum legal werden, wie ein am Freitag angenommenes Gesetz der Ampelkoalition vorsieht. Daf\u00fcr stimmten 407 Abgeordnete, mit Nein 226 Abgeordnete, zudem gab es vier Enthaltungen. Das Gesetz kommt abschlie\u00dfend voraussichtlich am 22. M\u00e4rz noch in den\u00a0Bundesrat. Zustimmungsbed\u00fcrftig ist es nicht, die L\u00e4nderkammer k\u00f6nnte prinzipiell aber den Vermittlungsausschuss mit dem Bundestag anrufen und das Verfahren abbremsen.<\/p>\n<p data-speakable=\"\">\u00dcber die weitreichende Z\u00e4sur in der Drogenpolitik wurde bis zuletzt kontrovers diskutiert. Erlaubt werden soll f\u00fcr Erwachsene ab 18 Jahren grunds\u00e4tzlich der Besitz von bis zu 25 Gramm Cannabis zum Eigenkonsum. In der eigenen Wohnung sollen drei lebende Cannabispflanzen und bis zu 50 Gramm Cannabis zum Eigenkonsum legal werden. Kiffen im \u00f6ffentlichen Raum soll unter anderem in Schulen, Sportst\u00e4tten und in Sichtweite davon verboten werden \u2013 konkret in 100 Metern Luftlinie um den Eingangsbereich.<\/p>\n<p data-speakable=\"\">Erlaubt werden sollen auch nicht-kommerzielle &#8220;Anbauvereinigungen&#8221; f\u00fcr Vollj\u00e4hrige, in denen bis zu 500 Mitglieder mit Wohnsitz im Inland Cannabis gemeinschaftlich anbauen und untereinander zum Eigenkonsum abgeben \u2013 im Monat h\u00f6chstens 50 Gramm je Mitglied. Sp\u00e4testens 18 Monate nach Inkrafttreten des Gesetzes soll es eine erste Bewertung unter anderem dazu vorliegen, wie es sich auf den Kinder- und Jugendschutz auswirkt.<\/p>\n<p data-speakable=\"\">Vor der Abstimmung hatte Bundesgesundheitsminister\u00a0Karl Lauterbach\u00a0(SPD) sein umstrittenes Gesetzesvorhaben erneut verteidigt. &#8220;Die Lage, in der wir jetzt sind, ist in keiner Weise akzeptabel&#8221;, hatte Lauterbach in seiner Rede am Freitag im Parlament betont und insbesondere auf die Bek\u00e4mpfung des Schwarzmarktes verwiesen.<\/p>\n<figure class=\"RTImage-root\">\n<div class=\"RTImage-image RTImage-original\"><picture class=\"Picture-root Picture-original\"><!--[if IE 9]><video style=\"display: none;\"><![endif]--><source media=\"(-webkit-min-device-pixel-ratio: 2) and (min-resolution: 120dpi)\" data-srcset=\" \nhttp:\/\/just-now.news\/de\/wp-content\/uploads\/sites\/3\/2024\/02\/65d8ce5948fbef2d137f0659.jpg 850w,\n                http:\/\/just-now.news\/de\/wp-content\/uploads\/sites\/3\/2024\/02\/65d8ce5948fbef2d137f0659.jpg 1960w,            \" ><source data-srcset=\" \nhttp:\/\/just-now.news\/de\/wp-content\/uploads\/sites\/3\/2024\/02\/65d8ce5948fbef2d137f0659.jpg 460w,\n              http:\/\/just-now.news\/de\/wp-content\/uploads\/sites\/3\/2024\/02\/65d8ce5948fbef2d137f0659.jpg 980w,\n            \" ><!--[if IE 9]><\/video><![endif]--><img decoding=\"async\" data- src=\"data:image\/png;base64,iVBORw0KGgoAAAANSUhEUgAAABAAAAAJCAQAAACRI2S5AAAAEElEQVR42mNkIAAYRxWAAQAG9gAKqv6+AwAAAABJRU5ErkJggg==\" class=\"Picture-root Picture-original lazyload\" data-src=\"http:\/\/just-now.news\/de\/wp-content\/uploads\/sites\/3\/2024\/02\/65d8ce5948fbef2d137f0659.jpg\" alt=\"\"><\/source><\/source><\/picture><!-- noscript pattern --><noscript><img decoding=\"async\" src=\"http:\/\/just-now.news\/de\/wp-content\/uploads\/sites\/3\/2024\/02\/65d8ce5948fbef2d137f0659.jpg\" alt=\"\"><\/noscript><\/div><figcaption class=\"RTImage-footer\"><span class=\"RTImage-caption\"><span class=\"RTImage-captionItem\">Gesundheitsminister Karl Lauterbach argumentiert vor der Presse, warum Legalisierung von Cannabis f\u00fcr das Land ist (22. Februar 2024)<\/span><\/span><span class=\"RTImage-source\"><span class=\"RTImage-captionItem\">www.globallookpress.com<\/span><\/span><\/figcaption><\/figure>\n<p data-speakable=\"\">Die Zahl der Konsumenten zwischen 18 und 25 Jahren habe sich in den vergangenen zehn Jahren verdoppelt, argumentierte Lauterbach. Mit dem Gesetz werde eine legale Alternative zum &#8220;bedenklichen kriminellen Schwarzmarkt&#8221; geschaffen. Zudem werde damit ein besserer Kinder- und Jugendschutz erm\u00f6glicht.<\/p>\n<p data-speakable=\"\">&#8220;Der Schwarzmarkt ist der Kern des \u00dcbels.&#8221; Jeder Kampf gegen den Schwarzmarkt sei ein wichtiger Schritt zum Schutz junger Menschen. Daher solle ein legales Angebot geschaffen werden. Lauterbach hob zugleich eine vorgesehene st\u00e4rkere Aufkl\u00e4rung hervor. &#8220;Wir verharmlosen nicht.&#8221; Viele junge Menschen w\u00fcssten bisher nicht, dass Cannabiskonsum f\u00fcr das wachsende Gehirn wie ein &#8220;Gehirngift&#8221; wirke.<\/p>\n<p data-speakable=\"\">Es gibt jedoch berechtigte Zweifel, dass die Bundesregierung es mit der Aufkl\u00e4rung der Jugendlichen \u00fcber die Sch\u00e4dlichkeit des Cannabiskonsums ernst meint. Im vergangenen Jahr hatte die Bundesregung mit einer Instagram-Kampagne unter den Jugendlichen irritiert. &#8220;Sie bedienen sich der Jugendsprache, um Ihren Gesetzesentwurf unters Volk zu bringen&#8221;, kritisierte die Sprecherin des Berufsverbands der Kinder- und Jugend\u00e4rzte Tanja Brunnert bei <em>Markus Lanz<\/em> im<em> ZDF<\/em> Karl Lauterbach. Der Bundesminister\u00a0geriet w\u00e4hrend der kritischen <a rel=\"nofollow noopener\" target=\"_blank\" href=\"https:\/\/www.zdf.de\/gesellschaft\/markus-lanz\/markus-lanz-vom-8-februar-2024-100.html\">Talkrunde<\/a> am 8. Februar mehrfach <a rel=\"nofollow noopener\" target=\"_blank\" href=\"https:\/\/www.focus.de\/kultur\/kino_tv\/tv-talk-ueber-cannabis-nach-cannabis-zoff-wundert-sich-lanz-nur-lauterbach-groupies-hier-auf-der-bank_id_259653988.html?poc=0.332670292844339\">ins Straucheln<\/a>.<\/p>\n<div class=\"EmbedBlock-root EmbedBlock-instagram\">\n<div class=\"InstagramEmbed\">\n<blockquote class=\"instagram-media lazyload\" data-instagram=\"intagrm\" data-instgrm-captioned data-instgrm-permalink=\"https:\/\/www.instagram.com\/p\/CwAcl3NNEB1\/?utm_source=ig_embed&amp;utm_campaign=loading\" data-instgrm-version=\"14\" style=\" background:#FFF; border:0; border-radius:3px; box-shadow:0 0 1px 0 rgba(0,0,0,0.5),0 1px 10px 0 rgba(0,0,0,0.15); margin: 1px; max-width:540px; min-width:326px; padding:0; width:99.375%; width:-webkit-calc(100% - 2px); width:calc(100% - 2px);\">\n<div style=\"padding:16px;\"><a rel=\"nofollow noopener\" target=\"_blank\" href=\"https:\/\/www.instagram.com\/p\/CwAcl3NNEB1\/?utm_source=ig_embed&amp;utm_campaign=loading\" style=\" background:#FFFFFF; line-height:0; padding:0 0; text-align:center; text-decoration:none; width:100%;\"><\/p>\n<div style=\" display: flex; flex-direction: row; align-items: center;\">\n<div style=\"background-color: #F4F4F4; border-radius: 50%; flex-grow: 0; height: 40px; margin-right: 14px; width: 40px;\"><\/div>\n<div style=\"display: flex; flex-direction: column; flex-grow: 1; justify-content: center;\">\n<div style=\" background-color: #F4F4F4; border-radius: 4px; flex-grow: 0; height: 14px; margin-bottom: 6px; width: 100px;\"><\/div>\n<div style=\" background-color: #F4F4F4; border-radius: 4px; flex-grow: 0; height: 14px; width: 60px;\"><\/div>\n<\/div>\n<\/div>\n<div style=\"padding: 19% 0;\"><\/div>\n<div style=\"display:block; height:50px; margin:0 auto 12px; width:50px;\"><svg width=\"50px\" height=\"50px\" viewbox=\"0 0 60 60\" version=\"1.1\" xmlns=\"https:\/\/www.w3.org\/2000\/svg\" xmlns:xlink=\"https:\/\/www.w3.org\/1999\/xlink\"><g stroke=\"none\" stroke-width=\"1\" fill=\"none\" fill-rule=\"evenodd\"><g transform=\"translate(-511.000000, -20.000000)\" fill=\"#000000\"><g><path d=\"M556.869,30.41 C554.814,30.41 553.148,32.076 553.148,34.131 C553.148,36.186 554.814,37.852 556.869,37.852 C558.924,37.852 560.59,36.186 560.59,34.131 C560.59,32.076 558.924,30.41 556.869,30.41 M541,60.657 C535.114,60.657 530.342,55.887 530.342,50 C530.342,44.114 535.114,39.342 541,39.342 C546.887,39.342 551.658,44.114 551.658,50 C551.658,55.887 546.887,60.657 541,60.657 M541,33.886 C532.1,33.886 524.886,41.1 524.886,50 C524.886,58.899 532.1,66.113 541,66.113 C549.9,66.113 557.115,58.899 557.115,50 C557.115,41.1 549.9,33.886 541,33.886 M565.378,62.101 C565.244,65.022 564.756,66.606 564.346,67.663 C563.803,69.06 563.154,70.057 562.106,71.106 C561.058,72.155 560.06,72.803 558.662,73.347 C557.607,73.757 556.021,74.244 553.102,74.378 C549.944,74.521 548.997,74.552 541,74.552 C533.003,74.552 532.056,74.521 528.898,74.378 C525.979,74.244 524.393,73.757 523.338,73.347 C521.94,72.803 520.942,72.155 519.894,71.106 C518.846,70.057 518.197,69.06 517.654,67.663 C517.244,66.606 516.755,65.022 516.623,62.101 C516.479,58.943 516.448,57.996 516.448,50 C516.448,42.003 516.479,41.056 516.623,37.899 C516.755,34.978 517.244,33.391 517.654,32.338 C518.197,30.938 518.846,29.942 519.894,28.894 C520.942,27.846 521.94,27.196 523.338,26.654 C524.393,26.244 525.979,25.756 528.898,25.623 C532.057,25.479 533.004,25.448 541,25.448 C548.997,25.448 549.943,25.479 553.102,25.623 C556.021,25.756 557.607,26.244 558.662,26.654 C560.06,27.196 561.058,27.846 562.106,28.894 C563.154,29.942 563.803,30.938 564.346,32.338 C564.756,33.391 565.244,34.978 565.378,37.899 C565.522,41.056 565.552,42.003 565.552,50 C565.552,57.996 565.522,58.943 565.378,62.101 M570.82,37.631 C570.674,34.438 570.167,32.258 569.425,30.349 C568.659,28.377 567.633,26.702 565.965,25.035 C564.297,23.368 562.623,22.342 560.652,21.575 C558.743,20.834 556.562,20.326 553.369,20.18 C550.169,20.033 549.148,20 541,20 C532.853,20 531.831,20.033 528.631,20.18 C525.438,20.326 523.257,20.834 521.349,21.575 C519.376,22.342 517.703,23.368 516.035,25.035 C514.368,26.702 513.342,28.377 512.574,30.349 C511.834,32.258 511.326,34.438 511.181,37.631 C511.035,40.831 511,41.851 511,50 C511,58.147 511.035,59.17 511.181,62.369 C511.326,65.562 511.834,67.743 512.574,69.651 C513.342,71.625 514.368,73.296 516.035,74.965 C517.703,76.634 519.376,77.658 521.349,78.425 C523.257,79.167 525.438,79.673 528.631,79.82 C531.831,79.965 532.853,80.001 541,80.001 C549.148,80.001 550.169,79.965 553.369,79.82 C556.562,79.673 558.743,79.167 560.652,78.425 C562.623,77.658 564.297,76.634 565.965,74.965 C567.633,73.296 568.659,71.625 569.425,69.651 C570.167,67.743 570.674,65.562 570.82,62.369 C570.966,59.17 571,58.147 571,50 C571,41.851 570.966,40.831 570.82,37.631\"><\/path><\/g><\/g><\/g><\/svg><\/div>\n<div style=\"padding-top: 8px;\">\n<div style=\" color:#3897f0; font-family:Arial,sans-serif; font-size:14px; font-style:normal; font-weight:550; line-height:18px;\">Sieh dir diesen Beitrag auf Instagram an<\/div>\n<\/div>\n<div style=\"padding: 12.5% 0;\"><\/div>\n<div style=\"display: flex; flex-direction: row; margin-bottom: 14px; align-items: center;\">\n<div>\n<div style=\"background-color: #F4F4F4; border-radius: 50%; height: 12.5px; width: 12.5px; transform: translateX(0px) translateY(7px);\"><\/div>\n<div style=\"background-color: #F4F4F4; height: 12.5px; transform: rotate(-45deg) translateX(3px) translateY(1px); width: 12.5px; flex-grow: 0; margin-right: 14px; margin-left: 2px;\"><\/div>\n<div style=\"background-color: #F4F4F4; border-radius: 50%; height: 12.5px; width: 12.5px; transform: translateX(9px) translateY(-18px);\"><\/div>\n<\/div>\n<div style=\"margin-left: 8px;\">\n<div style=\" background-color: #F4F4F4; border-radius: 50%; flex-grow: 0; height: 20px; width: 20px;\"><\/div>\n<div style=\" width: 0; height: 0; border-top: 2px solid transparent; border-left: 6px solid #f4f4f4; border-bottom: 2px solid transparent; transform: translateX(16px) translateY(-4px) rotate(30deg)\"><\/div>\n<\/div>\n<div style=\"margin-left: auto;\">\n<div style=\" width: 0px; border-top: 8px solid #F4F4F4; border-right: 8px solid transparent; transform: translateY(16px);\"><\/div>\n<div style=\" background-color: #F4F4F4; flex-grow: 0; height: 12px; width: 16px; transform: translateY(-4px);\"><\/div>\n<div style=\" width: 0; height: 0; border-top: 8px solid #F4F4F4; border-left: 8px solid transparent; transform: translateY(-4px) translateX(8px);\"><\/div>\n<\/div>\n<\/div>\n<div style=\"display: flex; flex-direction: column; flex-grow: 1; justify-content: center; margin-bottom: 24px;\">\n<div style=\" background-color: #F4F4F4; border-radius: 4px; flex-grow: 0; height: 14px; margin-bottom: 6px; width: 224px;\"><\/div>\n<div style=\" background-color: #F4F4F4; border-radius: 4px; flex-grow: 0; height: 14px; width: 144px;\"><\/div>\n<\/div>\n<p><\/a><\/p>\n<p style=\" color:#c9c8cd; font-family:Arial,sans-serif; font-size:14px; line-height:17px; margin-bottom:0; margin-top:8px; overflow:hidden; padding:8px 0 7px; text-align:center; text-overflow:ellipsis; white-space:nowrap;\"><a rel=\"nofollow noopener\" target=\"_blank\" href=\"https:\/\/www.instagram.com\/p\/CwAcl3NNEB1\/?utm_source=ig_embed&amp;utm_campaign=loading\" style=\" color:#c9c8cd; font-family:Arial,sans-serif; font-size:14px; font-style:normal; font-weight:normal; line-height:17px; text-decoration:none;\">Ein Beitrag geteilt von Bundesregierung (@bundesregierung)<\/a><\/p>\n<\/div>\n<\/blockquote>\n<\/div>\n<\/div>\n<p data-speakable=\"\">Die &#8220;verlorene&#8221; Schlacht im <em>ZDF<\/em> hat dem Vorhaben kaum geschadet. Unterst\u00fctzung erhielt Lauterbach von einem Ampelpartner, den Gr\u00fcnen. &#8220;Wir beenden die sch\u00e4dliche Verbotspolitik&#8221;, k\u00fcndigte deren Gesundheitsexpertin Kirsten Kappert-Gonther an. Sie verwies auf gepanschtes Cannabis, das vielfach auf dem Schwarzmarkt im Umlauf sei. &#8220;Der Schwarzmarkt versch\u00e4rft die Risiken des Konsums&#8221;, betonte sie, daher sei &#8220;ein Paradigmenwechsel&#8221; erforderlich.<\/p>\n<p><a rel=\"nofollow noopener\" target=\"_blank\" href=\"https:\/\/i0.web.de\/image\/048\/39358048,pd=3\/wirkt-thc.jpg\"><\/a>Die FDP-Fachpolitikerin Kristine L\u00fctke sprach von einem &#8220;historischen Wendepunkt&#8221; hin zu einem Umgang, der der gesellschaftlichen Realit\u00e4t entspreche. Mit Cannabis aus Eigenanbau w\u00fcssten Konsumenten, woher es komme. Zudem werde der Weg zum Dealer und anderen, weitaus gef\u00e4hrlicheren Drogen deutlich l\u00e4nger.<\/p>\n<p>Scharfe Kritik an dem Vorhaben kam hingegen aus der\u00a0CDU. Die Abgeordnete Simone Borchardt verwies etwa auf die erheblichen Gefahren durch Cannabiskonsum, etwa Beeintr\u00e4chtigungen der kognitiven F\u00e4higkeiten gerade bei j\u00fcngeren Menschen. Das geplante Gesetz sei jedoch &#8220;eine Steilvorlage f\u00fcr jeden Dealer&#8221;, Kinder- und Jugendschutz sei darin &#8220;nicht mehr als ein reines Lippenbekenntnis&#8221;. Borchardt warf Lauterbach vor: &#8220;Sie machen Politik f\u00fcr ihre Ideologie und nicht f\u00fcr das Land.&#8221; \u00c4rzte, Polizisten und Psychotherapeuten sowie alle Innenminister der L\u00e4nder h\u00e4tten davor gewarnt. Anbau zu Hause sei nicht zu kontrollieren.<\/p>\n<p data-speakable=\"\">CSU-Landesgruppenchef Alexander Dobrindt sagte der <em>dpa<\/em>, die Legalisierung werde zu mehr Sucht, mehr sozialen Problemen und weniger Sicherheit gerade f\u00fcr junge Menschen f\u00fchren. &#8220;Dieses Gesetz ist nicht kontrollierbar und ein Geschenk f\u00fcr die organisierte Kriminalit\u00e4t in\u00a0Deutschland.&#8221; J\u00f6rg Schneider (AfD) warnte vor einem &#8220;Konjunkturprogramm f\u00fcr das organisierte Verbrechen&#8221;.<\/p>\n<p data-speakable=\"\">Wie die <em>RT<\/em>-Redaktion aus\u00a0Gespr\u00e4chen mit Fachleuten\u00a0erfuhr, reagieren viele \u00c4rzte und Mitarbeiter der Einrichtungen f\u00fcr Drogenhilfe nur mit Kopfsch\u00fctteln auf die Argumentation der Legalisierungsverfechter. Drogen seien immer ein Risiko, und ausgerechnet drogenabh\u00e4ngige Jugendliche bek\u00e4men mit der Legalisierung ein &#8220;unschlagbares Argument&#8221; f\u00fcr ihren sch\u00e4dlichen Cannabiskonsum.\u00a0<\/p>\n<p data-speakable=\"\">Nach der Debatte erfolgte eine namentliche Abstimmung \u00fcber das Vorhaben der Ampelkoalition. Das Vorhaben ist unter Fachleuten und auch in der Koalition umstritten. Einige SPD-Abgeordnete hatten vorab angek\u00fcndigt, gegen den Gesetzentwurf zu stimmen.<\/p>\n<p data-speakable=\"\"><strong>Mehr zum Thema<\/strong> \u2013 <a rel=\"nofollow noopener\" target=\"_blank\" href=\"https:\/\/freedert.online\/europa\/196359-ukraine-legalisiert-medizinisches-cannabis\/\">Ukraine legalisiert medizinisches Cannabis<\/a><\/p>\n<div class=\"EmbedBlock-root EmbedBlock-externalVideo EmbedBlock-odysee\">\n<div class=\"VkEmbed\"><iframe class=\"lazyload\" data-src=\"https:\/\/odysee.com\/%24\/embed\/%40RTDE%3Ae%2FLegalisierung-von-Cannabis--Kultusminister-Schwarz-warnt-vor-Drogenwellen-an-Schulen-%3Ab\" frameborder=\"0\" width=\"853\" height=\"480\" allowfullscreen><\/iframe><\/div>\n<\/div>\n<p>(rt\/dpa)<\/p>\n<\/div>\n<p><script async defer src=\"https:\/\/platform.instagram.com\/en_US\/embeds.js\"><\/script><br \/>\n<br \/><br \/>\n<br \/><a href=\"https:\/\/de.rt.com\/inland\/197213-schaedliche-verbotspolitik-beendet-bundestag-billigt-legalisierung-von-cannabis\/\">Source link <\/a><\/p>\n","protected":false},"excerpt":{"rendered":"<p>Wie erwartet hat der Bundestag die Legalisierung von Cannabis unter Einschr\u00e4nkungen beschlossen. Der Abstimmung war eine harte Debatte vorausgegangen. Der gr\u00f6\u00dfte Verfechter der Legalisierung ist Gesundheitsminister Karl Lauterbach. Der\u00a0Bundestag\u00a0hat die kontrollierte Freigabe von\u00a0Cannabis\u00a0in Deutschland beschlossen. Besitz und Anbau der Droge sollen zum 1. April mit zahlreichen Vorgaben f\u00fcr Vollj\u00e4hrige zum Eigenkonsum legal werden, wie ein [&hellip;]<\/p>\n","protected":false},"author":3,"featured_media":55870,"comment_status":"open","ping_status":"open","sticky":false,"template":"","format":"standard","meta":{"_yoast_indexnow_last_ping":["1708714101"],"wp_automatic_camp":["217"],"27ee9fade723385dca9fc2ee9ec06e39":["&quot;Sch\u00e4dliche Verbotspolitik beendet&quot;: Bundestag billigt Legalisierung von Cannabis"],"original_link":["https:\/\/de.rt.com\/inland\/197213-schaedliche-verbotspolitik-beendet-bundestag-billigt-legalisierung-von-cannabis\/"],"_thumbnail_id":["55870"],"_wptgpro_p2tg_sent2tg":["a:1:{i:23737;s:19:\"2024-02-23 20:49:28\";}"],"jnews_social_counter_last_update":["1777612162"]},"categories":[19,23],"tags":[53821,28092,2105,43044,28301,53819,53820,50],"yoast_head":"<!-- This site is optimized with the Yoast SEO Premium plugin v22.7 (Yoast SEO v22.7) - https:\/\/yoast.com\/wordpress\/plugins\/seo\/ -->\n<title>&quot;Sch\u00e4dliche Verbotspolitik beendet&quot;: Bundestag billigt Legalisierung von Cannabis - just-now.NEWS Deutschland<\/title>\n<meta name=\"robots\" content=\"index, follow, max-snippet:-1, max-image-preview:large, max-video-preview:-1\" \/>\n<link rel=\"canonical\" href=\"https:\/\/now-news.de\/de\/deutschland\/schaedliche-verbotspolitik-beendet-bundestag-billigt-legalisierung-von-cannabis\/\" \/>\n<meta property=\"og:locale\" content=\"de_DE\" \/>\n<meta property=\"og:type\" content=\"article\" \/>\n<meta property=\"og:title\" content=\"&quot;Sch\u00e4dliche Verbotspolitik beendet&quot;: Bundestag billigt Legalisierung von Cannabis\" \/>\n<meta property=\"og:description\" content=\"Wie erwartet hat der Bundestag die Legalisierung von Cannabis unter Einschr\u00e4nkungen beschlossen. Der Abstimmung war eine harte Debatte vorausgegangen. Der gr\u00f6\u00dfte Verfechter der Legalisierung ist Gesundheitsminister Karl Lauterbach. Der\u00a0Bundestag\u00a0hat die kontrollierte Freigabe von\u00a0Cannabis\u00a0in Deutschland beschlossen. Besitz und Anbau der Droge sollen zum 1. April mit zahlreichen Vorgaben f\u00fcr Vollj\u00e4hrige zum Eigenkonsum legal werden, wie ein [&hellip;]\" \/>\n<meta property=\"og:url\" content=\"https:\/\/now-news.de\/de\/deutschland\/schaedliche-verbotspolitik-beendet-bundestag-billigt-legalisierung-von-cannabis\/\" \/>\n<meta property=\"og:site_name\" content=\"just-now.NEWS Deutschland\" \/>\n<meta property=\"article:publisher\" content=\"https:\/\/www.facebook.com\/wirmachenauf\" \/>\n<meta property=\"article:published_time\" content=\"2024-02-23T18:32:24+00:00\" \/>\n<meta property=\"og:image\" content=\"https:\/\/now-news.de\/de\/wp-content\/uploads\/sites\/3\/2024\/02\/quotSchaedliche-Verbotspolitik-beendetquot-Bundestag-billigt-Legalisierung-von-Cannabis.jpg\" \/>\n\t<meta property=\"og:image:width\" content=\"1620\" \/>\n\t<meta property=\"og:image:height\" content=\"1080\" \/>\n\t<meta property=\"og:image:type\" content=\"image\/jpeg\" \/>\n<meta name=\"author\" content=\"rtnews\" \/>\n<meta name=\"twitter:card\" content=\"summary_large_image\" \/>\n<meta name=\"twitter:creator\" content=\"@WirMachenAuf_de\" \/>\n<meta name=\"twitter:site\" content=\"@WirMachenAuf_de\" \/>\n<meta name=\"twitter:label1\" content=\"Verfasst von\" \/>\n\t<meta name=\"twitter:data1\" content=\"rtnews\" \/>\n\t<meta name=\"twitter:label2\" content=\"Gesch\u00e4tzte Lesezeit\" \/>\n\t<meta name=\"twitter:data2\" content=\"4\u00a0Minuten\" \/>\n<script type=\"application\/ld+json\" class=\"yoast-schema-graph\">{\"@context\":\"https:\/\/schema.org\",\"@graph\":[{\"@type\":\"Article\",\"@id\":\"https:\/\/now-news.de\/de\/deutschland\/schaedliche-verbotspolitik-beendet-bundestag-billigt-legalisierung-von-cannabis\/#article\",\"isPartOf\":{\"@id\":\"https:\/\/now-news.de\/de\/deutschland\/schaedliche-verbotspolitik-beendet-bundestag-billigt-legalisierung-von-cannabis\/\"},\"author\":{\"name\":\"rtnews\",\"@id\":\"https:\/\/now-news.de\/de\/#\/schema\/person\/fb534a4e865501d8b3285208df34a9b5\"},\"headline\":\"&quot;Sch\u00e4dliche Verbotspolitik beendet&quot;: Bundestag billigt Legalisierung von Cannabis\",\"datePublished\":\"2024-02-23T18:32:24+00:00\",\"dateModified\":\"2024-02-23T18:32:24+00:00\",\"mainEntityOfPage\":{\"@id\":\"https:\/\/now-news.de\/de\/deutschland\/schaedliche-verbotspolitik-beendet-bundestag-billigt-legalisierung-von-cannabis\/\"},\"wordCount\":865,\"commentCount\":0,\"publisher\":{\"@id\":\"https:\/\/now-news.de\/de\/#organization\"},\"image\":{\"@id\":\"https:\/\/now-news.de\/de\/deutschland\/schaedliche-verbotspolitik-beendet-bundestag-billigt-legalisierung-von-cannabis\/#primaryimage\"},\"thumbnailUrl\":\"https:\/\/now-news.de\/de\/wp-content\/uploads\/sites\/3\/2024\/02\/quotSchaedliche-Verbotspolitik-beendetquot-Bundestag-billigt-Legalisierung-von-Cannabis.jpg\",\"keywords\":[\"beendetquot\",\"billigt\",\"Bundestag\",\"Cannabis\",\"Legalisierung\",\"quotSch\u00e4dliche\",\"Verbotspolitik\",\"von\"],\"articleSection\":[\"Deutschland\",\"Russland\"],\"inLanguage\":\"de\",\"potentialAction\":[{\"@type\":\"CommentAction\",\"name\":\"Comment\",\"target\":[\"https:\/\/now-news.de\/de\/deutschland\/schaedliche-verbotspolitik-beendet-bundestag-billigt-legalisierung-von-cannabis\/#respond\"]}]},{\"@type\":\"WebPage\",\"@id\":\"https:\/\/now-news.de\/de\/deutschland\/schaedliche-verbotspolitik-beendet-bundestag-billigt-legalisierung-von-cannabis\/\",\"url\":\"https:\/\/now-news.de\/de\/deutschland\/schaedliche-verbotspolitik-beendet-bundestag-billigt-legalisierung-von-cannabis\/\",\"name\":\"&quot;Sch\u00e4dliche Verbotspolitik beendet&quot;: Bundestag billigt Legalisierung von Cannabis - just-now.NEWS Deutschland\",\"isPartOf\":{\"@id\":\"https:\/\/now-news.de\/de\/#website\"},\"primaryImageOfPage\":{\"@id\":\"https:\/\/now-news.de\/de\/deutschland\/schaedliche-verbotspolitik-beendet-bundestag-billigt-legalisierung-von-cannabis\/#primaryimage\"},\"image\":{\"@id\":\"https:\/\/now-news.de\/de\/deutschland\/schaedliche-verbotspolitik-beendet-bundestag-billigt-legalisierung-von-cannabis\/#primaryimage\"},\"thumbnailUrl\":\"https:\/\/now-news.de\/de\/wp-content\/uploads\/sites\/3\/2024\/02\/quotSchaedliche-Verbotspolitik-beendetquot-Bundestag-billigt-Legalisierung-von-Cannabis.jpg\",\"datePublished\":\"2024-02-23T18:32:24+00:00\",\"dateModified\":\"2024-02-23T18:32:24+00:00\",\"breadcrumb\":{\"@id\":\"https:\/\/now-news.de\/de\/deutschland\/schaedliche-verbotspolitik-beendet-bundestag-billigt-legalisierung-von-cannabis\/#breadcrumb\"},\"inLanguage\":\"de\",\"potentialAction\":[{\"@type\":\"ReadAction\",\"target\":[\"https:\/\/now-news.de\/de\/deutschland\/schaedliche-verbotspolitik-beendet-bundestag-billigt-legalisierung-von-cannabis\/\"]}]},{\"@type\":\"ImageObject\",\"inLanguage\":\"de\",\"@id\":\"https:\/\/now-news.de\/de\/deutschland\/schaedliche-verbotspolitik-beendet-bundestag-billigt-legalisierung-von-cannabis\/#primaryimage\",\"url\":\"https:\/\/now-news.de\/de\/wp-content\/uploads\/sites\/3\/2024\/02\/quotSchaedliche-Verbotspolitik-beendetquot-Bundestag-billigt-Legalisierung-von-Cannabis.jpg\",\"contentUrl\":\"https:\/\/now-news.de\/de\/wp-content\/uploads\/sites\/3\/2024\/02\/quotSchaedliche-Verbotspolitik-beendetquot-Bundestag-billigt-Legalisierung-von-Cannabis.jpg\",\"width\":1620,\"height\":1080,\"caption\":\"&quot;Sch\u00e4dliche Verbotspolitik beendet&quot;: Bundestag billigt Legalisierung von Cannabis\"},{\"@type\":\"BreadcrumbList\",\"@id\":\"https:\/\/now-news.de\/de\/deutschland\/schaedliche-verbotspolitik-beendet-bundestag-billigt-legalisierung-von-cannabis\/#breadcrumb\",\"itemListElement\":[{\"@type\":\"ListItem\",\"position\":1,\"name\":\"Home\",\"item\":\"https:\/\/now-news.de\/de\/\"},{\"@type\":\"ListItem\",\"position\":2,\"name\":\"&quot;Sch\u00e4dliche Verbotspolitik beendet&quot;: Bundestag billigt Legalisierung von Cannabis\"}]},{\"@type\":\"WebSite\",\"@id\":\"https:\/\/now-news.de\/de\/#website\",\"url\":\"https:\/\/now-news.de\/de\/\",\"name\":\"just-now.NEWS Deutschland\",\"description\":\"Das Portal f\u00fcr unzensierte Nachrichten aus der Welt\",\"publisher\":{\"@id\":\"https:\/\/now-news.de\/de\/#organization\"},\"potentialAction\":[{\"@type\":\"SearchAction\",\"target\":{\"@type\":\"EntryPoint\",\"urlTemplate\":\"https:\/\/now-news.de\/de\/?s={search_term_string}\"},\"query-input\":\"required name=search_term_string\"}],\"inLanguage\":\"de\"},{\"@type\":\"Organization\",\"@id\":\"https:\/\/now-news.de\/de\/#organization\",\"name\":\"Just Now News\",\"url\":\"https:\/\/now-news.de\/de\/\",\"logo\":{\"@type\":\"ImageObject\",\"inLanguage\":\"de\",\"@id\":\"https:\/\/now-news.de\/de\/#\/schema\/logo\/image\/\",\"url\":\"http:\/\/just-now.news\/de\/wp-content\/uploads\/sites\/3\/2022\/04\/logo500x500.jpg\",\"contentUrl\":\"http:\/\/just-now.news\/de\/wp-content\/uploads\/sites\/3\/2022\/04\/logo500x500.jpg\",\"width\":500,\"height\":500,\"caption\":\"Just Now News\"},\"image\":{\"@id\":\"https:\/\/now-news.de\/de\/#\/schema\/logo\/image\/\"},\"sameAs\":[\"https:\/\/www.facebook.com\/wirmachenauf\",\"https:\/\/x.com\/WirMachenAuf_de\"]},{\"@type\":\"Person\",\"@id\":\"https:\/\/now-news.de\/de\/#\/schema\/person\/fb534a4e865501d8b3285208df34a9b5\",\"name\":\"rtnews\",\"image\":{\"@type\":\"ImageObject\",\"inLanguage\":\"de\",\"@id\":\"https:\/\/now-news.de\/de\/#\/schema\/person\/image\/\",\"url\":\"https:\/\/secure.gravatar.com\/avatar\/82aafea7d8127119dd649515f56e2117?s=96&d=mm&r=g\",\"contentUrl\":\"https:\/\/secure.gravatar.com\/avatar\/82aafea7d8127119dd649515f56e2117?s=96&d=mm&r=g\",\"caption\":\"rtnews\"},\"url\":\"https:\/\/now-news.de\/de\/author\/rnews\/\"}]}<\/script>\n<!-- \/ Yoast SEO Premium plugin. -->","yoast_head_json":{"title":"&quot;Sch\u00e4dliche Verbotspolitik beendet&quot;: Bundestag billigt Legalisierung von Cannabis - just-now.NEWS Deutschland","robots":{"index":"index","follow":"follow","max-snippet":"max-snippet:-1","max-image-preview":"max-image-preview:large","max-video-preview":"max-video-preview:-1"},"canonical":"https:\/\/now-news.de\/de\/deutschland\/schaedliche-verbotspolitik-beendet-bundestag-billigt-legalisierung-von-cannabis\/","og_locale":"de_DE","og_type":"article","og_title":"&quot;Sch\u00e4dliche Verbotspolitik beendet&quot;: Bundestag billigt Legalisierung von Cannabis","og_description":"Wie erwartet hat der Bundestag die Legalisierung von Cannabis unter Einschr\u00e4nkungen beschlossen. Der Abstimmung war eine harte Debatte vorausgegangen. Der gr\u00f6\u00dfte Verfechter der Legalisierung ist Gesundheitsminister Karl Lauterbach. Der\u00a0Bundestag\u00a0hat die kontrollierte Freigabe von\u00a0Cannabis\u00a0in Deutschland beschlossen. Besitz und Anbau der Droge sollen zum 1. April mit zahlreichen Vorgaben f\u00fcr Vollj\u00e4hrige zum Eigenkonsum legal werden, wie ein [&hellip;]","og_url":"https:\/\/now-news.de\/de\/deutschland\/schaedliche-verbotspolitik-beendet-bundestag-billigt-legalisierung-von-cannabis\/","og_site_name":"just-now.NEWS Deutschland","article_publisher":"https:\/\/www.facebook.com\/wirmachenauf","article_published_time":"2024-02-23T18:32:24+00:00","og_image":[{"width":1620,"height":1080,"url":"https:\/\/now-news.de\/de\/wp-content\/uploads\/sites\/3\/2024\/02\/quotSchaedliche-Verbotspolitik-beendetquot-Bundestag-billigt-Legalisierung-von-Cannabis.jpg","type":"image\/jpeg"}],"author":"rtnews","twitter_card":"summary_large_image","twitter_creator":"@WirMachenAuf_de","twitter_site":"@WirMachenAuf_de","twitter_misc":{"Verfasst von":"rtnews","Gesch\u00e4tzte Lesezeit":"4\u00a0Minuten"},"schema":{"@context":"https:\/\/schema.org","@graph":[{"@type":"Article","@id":"https:\/\/now-news.de\/de\/deutschland\/schaedliche-verbotspolitik-beendet-bundestag-billigt-legalisierung-von-cannabis\/#article","isPartOf":{"@id":"https:\/\/now-news.de\/de\/deutschland\/schaedliche-verbotspolitik-beendet-bundestag-billigt-legalisierung-von-cannabis\/"},"author":{"name":"rtnews","@id":"https:\/\/now-news.de\/de\/#\/schema\/person\/fb534a4e865501d8b3285208df34a9b5"},"headline":"&quot;Sch\u00e4dliche Verbotspolitik beendet&quot;: Bundestag billigt Legalisierung von Cannabis","datePublished":"2024-02-23T18:32:24+00:00","dateModified":"2024-02-23T18:32:24+00:00","mainEntityOfPage":{"@id":"https:\/\/now-news.de\/de\/deutschland\/schaedliche-verbotspolitik-beendet-bundestag-billigt-legalisierung-von-cannabis\/"},"wordCount":865,"commentCount":0,"publisher":{"@id":"https:\/\/now-news.de\/de\/#organization"},"image":{"@id":"https:\/\/now-news.de\/de\/deutschland\/schaedliche-verbotspolitik-beendet-bundestag-billigt-legalisierung-von-cannabis\/#primaryimage"},"thumbnailUrl":"https:\/\/now-news.de\/de\/wp-content\/uploads\/sites\/3\/2024\/02\/quotSchaedliche-Verbotspolitik-beendetquot-Bundestag-billigt-Legalisierung-von-Cannabis.jpg","keywords":["beendetquot","billigt","Bundestag","Cannabis","Legalisierung","quotSch\u00e4dliche","Verbotspolitik","von"],"articleSection":["Deutschland","Russland"],"inLanguage":"de","potentialAction":[{"@type":"CommentAction","name":"Comment","target":["https:\/\/now-news.de\/de\/deutschland\/schaedliche-verbotspolitik-beendet-bundestag-billigt-legalisierung-von-cannabis\/#respond"]}]},{"@type":"WebPage","@id":"https:\/\/now-news.de\/de\/deutschland\/schaedliche-verbotspolitik-beendet-bundestag-billigt-legalisierung-von-cannabis\/","url":"https:\/\/now-news.de\/de\/deutschland\/schaedliche-verbotspolitik-beendet-bundestag-billigt-legalisierung-von-cannabis\/","name":"&quot;Sch\u00e4dliche Verbotspolitik beendet&quot;: Bundestag billigt Legalisierung von Cannabis - just-now.NEWS Deutschland","isPartOf":{"@id":"https:\/\/now-news.de\/de\/#website"},"primaryImageOfPage":{"@id":"https:\/\/now-news.de\/de\/deutschland\/schaedliche-verbotspolitik-beendet-bundestag-billigt-legalisierung-von-cannabis\/#primaryimage"},"image":{"@id":"https:\/\/now-news.de\/de\/deutschland\/schaedliche-verbotspolitik-beendet-bundestag-billigt-legalisierung-von-cannabis\/#primaryimage"},"thumbnailUrl":"https:\/\/now-news.de\/de\/wp-content\/uploads\/sites\/3\/2024\/02\/quotSchaedliche-Verbotspolitik-beendetquot-Bundestag-billigt-Legalisierung-von-Cannabis.jpg","datePublished":"2024-02-23T18:32:24+00:00","dateModified":"2024-02-23T18:32:24+00:00","breadcrumb":{"@id":"https:\/\/now-news.de\/de\/deutschland\/schaedliche-verbotspolitik-beendet-bundestag-billigt-legalisierung-von-cannabis\/#breadcrumb"},"inLanguage":"de","potentialAction":[{"@type":"ReadAction","target":["https:\/\/now-news.de\/de\/deutschland\/schaedliche-verbotspolitik-beendet-bundestag-billigt-legalisierung-von-cannabis\/"]}]},{"@type":"ImageObject","inLanguage":"de","@id":"https:\/\/now-news.de\/de\/deutschland\/schaedliche-verbotspolitik-beendet-bundestag-billigt-legalisierung-von-cannabis\/#primaryimage","url":"https:\/\/now-news.de\/de\/wp-content\/uploads\/sites\/3\/2024\/02\/quotSchaedliche-Verbotspolitik-beendetquot-Bundestag-billigt-Legalisierung-von-Cannabis.jpg","contentUrl":"https:\/\/now-news.de\/de\/wp-content\/uploads\/sites\/3\/2024\/02\/quotSchaedliche-Verbotspolitik-beendetquot-Bundestag-billigt-Legalisierung-von-Cannabis.jpg","width":1620,"height":1080,"caption":"&quot;Sch\u00e4dliche Verbotspolitik beendet&quot;: Bundestag billigt Legalisierung von Cannabis"},{"@type":"BreadcrumbList","@id":"https:\/\/now-news.de\/de\/deutschland\/schaedliche-verbotspolitik-beendet-bundestag-billigt-legalisierung-von-cannabis\/#breadcrumb","itemListElement":[{"@type":"ListItem","position":1,"name":"Home","item":"https:\/\/now-news.de\/de\/"},{"@type":"ListItem","position":2,"name":"&quot;Sch\u00e4dliche Verbotspolitik beendet&quot;: Bundestag billigt Legalisierung von Cannabis"}]},{"@type":"WebSite","@id":"https:\/\/now-news.de\/de\/#website","url":"https:\/\/now-news.de\/de\/","name":"just-now.NEWS Deutschland","description":"Das Portal f\u00fcr unzensierte Nachrichten aus der Welt","publisher":{"@id":"https:\/\/now-news.de\/de\/#organization"},"potentialAction":[{"@type":"SearchAction","target":{"@type":"EntryPoint","urlTemplate":"https:\/\/now-news.de\/de\/?s={search_term_string}"},"query-input":"required name=search_term_string"}],"inLanguage":"de"},{"@type":"Organization","@id":"https:\/\/now-news.de\/de\/#organization","name":"Just Now News","url":"https:\/\/now-news.de\/de\/","logo":{"@type":"ImageObject","inLanguage":"de","@id":"https:\/\/now-news.de\/de\/#\/schema\/logo\/image\/","url":"http:\/\/just-now.news\/de\/wp-content\/uploads\/sites\/3\/2022\/04\/logo500x500.jpg","contentUrl":"http:\/\/just-now.news\/de\/wp-content\/uploads\/sites\/3\/2022\/04\/logo500x500.jpg","width":500,"height":500,"caption":"Just Now News"},"image":{"@id":"https:\/\/now-news.de\/de\/#\/schema\/logo\/image\/"},"sameAs":["https:\/\/www.facebook.com\/wirmachenauf","https:\/\/x.com\/WirMachenAuf_de"]},{"@type":"Person","@id":"https:\/\/now-news.de\/de\/#\/schema\/person\/fb534a4e865501d8b3285208df34a9b5","name":"rtnews","image":{"@type":"ImageObject","inLanguage":"de","@id":"https:\/\/now-news.de\/de\/#\/schema\/person\/image\/","url":"https:\/\/secure.gravatar.com\/avatar\/82aafea7d8127119dd649515f56e2117?s=96&d=mm&r=g","contentUrl":"https:\/\/secure.gravatar.com\/avatar\/82aafea7d8127119dd649515f56e2117?s=96&d=mm&r=g","caption":"rtnews"},"url":"https:\/\/now-news.de\/de\/author\/rnews\/"}]}},"_links":{"self":[{"href":"https:\/\/now-news.de\/de\/wp-json\/wp\/v2\/posts\/55869"}],"collection":[{"href":"https:\/\/now-news.de\/de\/wp-json\/wp\/v2\/posts"}],"about":[{"href":"https:\/\/now-news.de\/de\/wp-json\/wp\/v2\/types\/post"}],"author":[{"embeddable":true,"href":"https:\/\/now-news.de\/de\/wp-json\/wp\/v2\/users\/3"}],"replies":[{"embeddable":true,"href":"https:\/\/now-news.de\/de\/wp-json\/wp\/v2\/comments?post=55869"}],"version-history":[{"count":0,"href":"https:\/\/now-news.de\/de\/wp-json\/wp\/v2\/posts\/55869\/revisions"}],"wp:featuredmedia":[{"embeddable":true,"href":"https:\/\/now-news.de\/de\/wp-json\/wp\/v2\/media\/55870"}],"wp:attachment":[{"href":"https:\/\/now-news.de\/de\/wp-json\/wp\/v2\/media?parent=55869"}],"wp:term":[{"taxonomy":"category","embeddable":true,"href":"https:\/\/now-news.de\/de\/wp-json\/wp\/v2\/categories?post=55869"},{"taxonomy":"post_tag","embeddable":true,"href":"https:\/\/now-news.de\/de\/wp-json\/wp\/v2\/tags?post=55869"}],"curies":[{"name":"wp","href":"https:\/\/api.w.org\/{rel}","templated":true}]}}