{"id":55836,"date":"2024-02-23T10:44:28","date_gmt":"2024-02-23T08:44:28","guid":{"rendered":"https:\/\/just-now.news\/de\/deutschland\/ein-affe-mit-handgranate-warum-atomwaffen-in-eu-haenden-ein-albtraum-waeren\/"},"modified":"2024-02-23T10:44:28","modified_gmt":"2024-02-23T08:44:28","slug":"ein-affe-mit-handgranate-warum-atomwaffen-in-eu-haenden-ein-albtraum-waeren","status":"publish","type":"post","link":"https:\/\/now-news.de\/de\/deutschland\/ein-affe-mit-handgranate-warum-atomwaffen-in-eu-haenden-ein-albtraum-waeren\/","title":{"rendered":"Ein Affe mit Handgranate? Warum Atomwaffen in EU-H\u00e4nden ein Albtraum w\u00e4ren"},"content":{"rendered":"<p><img decoding=\"async\" src=\"http:\/\/just-now.news\/de\/wp-content\/uploads\/sites\/3\/2024\/02\/65d75c4148fbef325a0d1c35.jpg\" \/><\/p>\n<div class=\"Text-root Text-type_1 \">\n                Aus Angst, von den USA bei einer m\u00f6glichen Pr\u00e4sidentschaft von Donald Trump trotz NATO im Stich gelassen zu werden, verbreiten westeurop\u00e4ische Wortf\u00fchrer die Idee einer eigenen Nuklearstreitmacht der EU. Was soll denn dabei schon schiefgehen?\n            <\/div>\n<p><\/p>\n<div class=\"Text-root Text-type_5 ArticleView-text ViewText-root \">\n<p><em>Von Tarik Cyril Amar<\/em><\/p>\n<p>Nachdem die europ\u00e4ischen <a rel=\"nofollow noopener\" target=\"_blank\" href=\"https:\/\/www.msn.com\/en-us\/news\/world\/from-poland-to-spain-farmers-ramp-up-protests\/ar-BB1i2aLg\">Bauern<\/a> rebellieren, die Wirtschaft \u00a0<a rel=\"nofollow noopener\" target=\"_blank\" href=\"https:\/\/www.express.co.uk\/news\/world\/1867213\/eu-economy-growth-forecast-2024\">schrumpft<\/a> und die traditionellen Parteien <a rel=\"nofollow noopener\" target=\"_blank\" href=\"https:\/\/ecfr.eu\/publication\/a-sharp-right-turn-a-forecast-for-the-2024-european-parliament-elections\/\">zerfallen<\/a>, k\u00f6nnte man meinen, dass die Europ\u00e4ische Union im eigenen Hause genug Grund zur Sorge hat. Doch die v\u00f6llig abgehobenen Eliten dieser Union lieben es, in gro\u00dfen Dimensionen zu denken. Und was ist gr\u00f6\u00dfer als Atomwaffen? So sind sie nun schon wieder auf eine der typisch unverbl\u00fcmten Provokationen von Donald Trump hereingefallen. Der ehemalige \u2013 und wahrscheinlich auch wieder k\u00fcnftige \u2013 US-amerikanische Pr\u00e4sident hat davor <a rel=\"nofollow noopener\" target=\"_blank\" href=\"https:\/\/www.msn.com\/en-us\/news\/politics\/trump-says-he-would-encourage-russia-to-do-whatever-the-hell-they-want-to-any-nato-country-that-doesn-t-pay-enough\/ar-BB1i5PZw\">gewarnt<\/a>, dass NATO-Mitglieder, die nicht genug f\u00fcr die Verteidigung ausgeben, unter seiner Pr\u00e4sidentschaft nicht l\u00e4nger auf den Schutz durch die USA z\u00e4hlen k\u00f6nnen, was durchaus vern\u00fcnftig klingt.<\/p>\n<p>Warum aber betteln im Niedergang begriffene, aber immer noch vergleichsweise wohlhabende EU-Staaten weiterhin, wenn es um ihre Verteidigung geht? Trumps Drohung hat verschiedentlich vorhersehbare Schocks ausgel\u00f6st. Das Wei\u00dfe Haus schwadronierte schelmisch \u00fcber die &#8220;<a rel=\"nofollow noopener\" target=\"_blank\" href=\"https:\/\/www.msn.com\/en-us\/news\/politics\/maddow-blog-trump-threatens-nato-says-he-s-willing-to-encourage-russia\/ar-BB1i9tSd\">entsetzliche und unbeholfene<\/a>&#8221; Rhetorik eines Mannes, der immerhin \u2013 ganz anders als der derzeitige Pr\u00e4sident Joe Biden gemeinsam mit Israel \u2013 einen V\u00f6lkermord nicht einfach \u00fcbersehen will. Das muss man sich einmal vorstellen in den USA. Andererseits aber haben <a rel=\"nofollow noopener\" target=\"_blank\" href=\"https:\/\/www.msn.com\/en-us\/news\/politics\/trump-s-threat-to-nato-allies-draws-little-condemnation-from-gop-reflecting-his-grip-on-the-party\/ar-BB1ibtHC\">viele Republikaner demonstrativ ihre Unbek\u00fcmmertheit<\/a> \u2013 wenn nicht sogar v\u00f6llige Zustimmung \u2013 zum V\u00f6lkermord in Gaza zur Schau gestellt. Und das spiegelt sicherlich auch die Meinung vieler gew\u00f6hnlicher US-B\u00fcrger wider \u2013\u00a0das hei\u00dft, sofern sie \u00fcberhaupt einen Gedanken an Europa verschwenden.<\/p>\n<p>Und als ob der gruselige Mann mit dem orangen Schopf noch nicht genug Schaden angerichtet h\u00e4tte, kam als n\u00e4chstes das Pentagon daher und &#8220;<a rel=\"nofollow noopener\" target=\"_blank\" href=\"https:\/\/www.nytimes.com\/2024\/02\/14\/us\/politics\/intelligence-russia-nuclear.html\">enth\u00fcllte<\/a>&#8220;, dass Russland \u2013 also jene ber\u00fchmte Tankstelle, die nur Soldaten mit Schaufeln zum Erbeuten deutscher Waschmaschinen an die Front schickt \u2013 wenn nicht einen Todesstern, dann etwas ebenso Unheimliches da drau\u00dfen im Weltraum baut. Das ist ein Sputnik-Schock 2.0, nat\u00fcrlich vor dem Hintergrund der unaufh\u00f6rlichen Panikmache der NATO, mit der sich die NATO selbst am meisten in Angst und Schrecken versetzt hat.<\/p>\n<p>Kein Wunder also, dass auf Trumps h\u00f6hnische Bemerkungen die Reaktionen in der EU ernsthaft von Angst vor einem Bruch innerhalb der NATO-Allianz gepr\u00e4gt waren. Ein Symptom war eine Art Weckruf unter den NATO-Mitgliedern in Europa. Wobei eine Frage verworren bleibt \u2013 die Frage nach eigenen Nuklearstreitkr\u00e4ften. So oder so hat sich der deutsche <a rel=\"nofollow noopener\" target=\"_blank\" href=\"https:\/\/www.msn.com\/en-gb\/news\/world\/german-minister-calls-for-uk-to-expand-nuclear-weapons-to-protect-europe-following-trump-s-nato-comments\/ar-BB1ilJ8S\">Finanzminister Christian Lindner<\/a> extra daf\u00fcr von der Zerst\u00f6rung seines Staatshaushalts eine Auszeit genommen (in einer Wirtschaftslage, die der Kinderbuchautor und Wirtschaftsminister Robert Habeck als sein Kabinettskollege gerade als &#8220;dramatisch schlecht&#8221; bezeichnet hat). Wof\u00fcr? Um einen Artikel zu <a rel=\"nofollow noopener\" target=\"_blank\" href=\"https:\/\/www.msn.com\/en-gb\/news\/world\/german-minister-calls-for-uk-to-expand-nuclear-weapons-to-protect-europe-following-trump-s-nato-comments\/ar-BB1ilJ8S\">verfassen<\/a>, laut dem Lindner fordert, Frankreich, das seine Atomwaffen nicht mehr der NATO unterstellt, sowie Gro\u00dfbritannien, das nicht einmal mehr EU-Mitglied ist \u2013 also zwei kleine Atomm\u00e4chte \u2013 sollten als Geschenkeonkel f\u00fcr die neue Sicherheit der EU einstehen, indem sie zur Abschreckung ihre \u00a0atomaren Schutzschirme \u00fcber alle \u00fcbrigen L\u00e4nder der EU ausdehnen.<\/p>\n<p>Katarina Barley, die Vizepr\u00e4sidentin des Europ\u00e4ischen Parlaments mit den ewig gl\u00e4nzenden Augen und jetzt <a rel=\"nofollow noopener\" target=\"_blank\" href=\"https:\/\/www.tellerreport.com\/news\/2024-02-13-criticism-of-barley-s-nuclear-weapons-initiative.ryd6FAOiT.html\">Spitzenkandidatin der deutschen Sozialdemokraten<\/a> f\u00fcr die kommende EU-Wahl \u2013 somit Mitglied jener Partei, die eine zutiefst unpopul\u00e4re Bundesregierung anf\u00fchrt und gem\u00e4\u00df Umfragen kurz vor dem Aussterben steht \u2013 und <a rel=\"nofollow noopener\" target=\"_blank\" href=\"https:\/\/www.wsws.org\/en\/articles\/2024\/02\/16\/gkba-f16.html\">Manfred Weber<\/a>, Chef der konservativen Fraktion im Europ\u00e4ischen Parlament, halten die Dinge allgemeiner: Sie schlagen lediglich vor, die EU solle irgendwie ihre eigenen Weltuntergangswaffen haben. Donald Tusk, frisch wieder eingestellt als Statthalter der EU in Polen, hat \u00e4hnliches genuschelt. Nun ja, wen interessieren schon die Details, oder? Diese Haltung, einfach mal auf den Busch zu klopfen(&#8220;on s&#8217;engage et puis on voit&#8221;), hat sich ja in der Ukraine schlie\u00dflich als durchschlagender Erfolg erwiesen, nicht wahr?<\/p>\n<p>In Wirklichkeit ist das Ganze aber kein durch Donald Trump verursachtes Problem. In einer Welt mit mehr als einer Atommacht ist der atomare Schutzschirm der USA \u00fcber jedem anderen Ort als den USA grunds\u00e4tzlich unzuverl\u00e4ssig, was nat\u00fcrlich die Frage eines st\u00e4ndigen strukturellen Problems aufwirft. Wer den Realismus dem Wunschdenken vorzieht, hat das schon lange verstanden.<\/p>\n<p>Henry Kissinger zum Beispiel \u2013 ein \u00fcbler, aber manchmal auch brutal offener Verfechter von Realpolitik \u2013 erkl\u00e4rte bereits in den 1950er Jahren alles, vielleicht am pr\u00e4gnantesten <a rel=\"nofollow noopener\" target=\"_blank\" href=\"https:\/\/www.bing.com\/videos\/riverview\/relatedvideo?q=kissinger+trade+on+nuclear+deterrene&amp;mid=BC8F29AFA7D702E5BEA0BC8F29AFA7D702E5BEA0&amp;FORM=VIRE\">in seinem Fernsehinterview im Jahr 1958<\/a>, also nur etwas mehr als ein Jahrzehnt nach dem Beginn des Atomzeitalters: W\u00fcrden Verb\u00fcndete so heftig oder erfolgreich angegriffen, dass nur ein US-Atomschlag als Reaktion \u00fcbrig bliebe, st\u00fcnde jeder amerikanische Pr\u00e4sident \u2013 unabh\u00e4ngig von den bestehenden Vertr\u00e4gen oder den gemachten Zusagen \u2013 immer vor einer unm\u00f6glichen Wahl: Entweder den jeweiligen Verb\u00fcndeten fallen zu lassen oder einen Vergeltungsschlag gegen die USA selbst zu riskieren. Zwar wurden verschiedene Ma\u00dfnahmen entwickelt, um dieses Dilemma zu entsch\u00e4rfen \u2013 etwa durch einen begrenzten Atomkrieg, durch nukleare Teilhabe oder durch die NATO-Mittelstreckenraketen in den 1980er Jahren. Aber in Wirklichkeit kann dieses Dilemma gar nicht gel\u00f6st werden.<\/p>\n<p>Und da stehen wir nun: In einer unter historischer Amnesie leidenden EU mit Gerede \u00fcber das Anschaffen eigener Atomwaffen. Es geht aber nicht die Atomwaffen, die es in den nationalen Arsenalen Frankreichs, Gro\u00dfbritanniens und auf US-amerikanischen St\u00fctzpunkten in Europa, <a rel=\"nofollow noopener\" target=\"_blank\" href=\"https:\/\/armscontrolcenter.org\/fact-sheet-u-s-nuclear-weapons-in-europe\/\">verteilt auf f\u00fcnf NATO-L\u00e4nder<\/a>, ohnehin schon gibt und an die wir uns schon gew\u00f6hnt haben. Es geht vielmehr um neue, zus\u00e4tzliche Atomwaffen. Was soll denn dabei schon schiefgehen? Eigentlich alles, wenn wir mal etwas mehr ins Detail gehen.<\/p>\n<p>Erstens haben die Eliten der Europ\u00e4ischen Union erwartungsgem\u00e4\u00df sofort wieder Uneinigkeit und Verwirrung zur Schau gestellt. Zwar meinte niemand, der Ruf nach Atomwaffen w\u00fcrde f\u00fcr die USA eine Herausforderung darstellen. Aber es war immer noch zu viel f\u00fcr hartgesottene Atlantiker wie den deutschen Verteidigungsminister Boris Pistorius oder Jens Stoltenberg als NATO-Aush\u00e4ngeschild und die Vorsitzende des Verteidigungsausschusses im Deutschen Bundestages und <a rel=\"nofollow noopener\" target=\"_blank\" href=\"https:\/\/youtu.be\/kLJ1FTFO3dI\">Volkssturm-Nostalgikerin Marie-Agnes Strack-Zimmermann<\/a>. Sie alle versuchten den eventuell als subversiv wahrgenommen Eindruck zu relativieren, Europa k\u00f6nnte wom\u00f6glich versuchen, in seiner Verteidigungspolitik etwas Bedeutendes auf eigene Faust zu unternehmen. Nein, vergesst diesen Gedanken! Aber ein so uneiniger Haufen ist kein sicherer Hort f\u00fcr den Besitz von Atomwaffen.<\/p>\n<p>Zweitens sind Atomwaffen nat\u00fcrlich f\u00fcr extreme Notf\u00e4lle gedacht. Entweder als letztes Mittel oder als Abschreckung durch die Androhung von Vergeltungsma\u00dfnahmen im Sinne von &#8220;Wir werden euch mitnehmen, wenn sowieso alles verloren ist&#8221; \u2013 was der Doktrin von Gro\u00dfbritannien und Frankreich entspricht. Oder bestenfalls in der Situation einer drohenden katastrophalen Niederlage. Eine Folge dieser Tatsache ist, dass die Entscheidung, Atomwaffen einzusetzen, dazu f\u00fchren w\u00fcrde, dass entweder eine Person oder eine sehr kompakte Gruppe in einem Bunker zusammenhockt und diese Entscheidung trifft. Wer w\u00e4re denn das im Falle der EU? Die Pr\u00e4sidentin der Europ\u00e4ischen Kommission etwa? Jemand wie Ursula von der Leyen, eine selbsts\u00fcchtige, kurzsichtige und r\u00fccksichtslose Machthaberin, ohne jede demokratische Legitimation, die in Wirklichkeit den USA und nicht Europa dient? Na, dann viel Gl\u00fcck!<\/p>\n<p>Und wie w\u00fcrde die EU mit der Tatsache umgehen, dass ein solcher ultimativer Entscheider auch nationale All\u00fcren haben k\u00f6nnte, zum Beispiel ein Este oder ein Pole, also aus Staaten, die ihre recht eigenwilligen riskanten Pl\u00e4ne und, ehrlich gesagt, nationalistischen Komplexe haben? Oder vielleicht jemand aus Spanien oder Griechenland, also aus L\u00e4ndern, die m\u00f6glicherweise weit weg von den direkten Auswirkungen eines gro\u00dfen Krieges in Mitteleuropa verschont bleiben w\u00fcrden und daher keine Sorge h\u00e4tten, etwa Madrid oder Athen verbrennen zu sehen (um mal ein letztes Argument f\u00fcr Lettland oder Deutschland zu nennen)? Oder bildet man vielleicht ein Komitee, das einstimmig oder auch durch Mehrheitsentscheidung beschlie\u00dft, wann der allerletzte rote Knopf gedr\u00fcckt werden soll?<\/p>\n<p>Drittens und ganz allgemein: K\u00f6nnen Sie sich vorstellen, dass die heutige EU \u2013 oder irgendetwas, was daraus hervorgeht \u2013 im Besitz von Massenvernichtungswaffen sein sollte? Das hei\u00dft n\u00e4mlich: ein Klub von Staaten, von denen sich die meisten jetzt hartn\u00e4ckig (Schei\u00df auf den Internationalen Gerichtshof!) an einem andauernden V\u00f6lkermord im Nahen Osten beteiligen, ver\u00fcbt von Israel an den Pal\u00e4stinensern, und von denen viele pathologisch davon regelrecht besessen sind, gegen Russland k\u00e4mpfen zu wollen, w\u00e4hrend niemandem von denen \u00fcberhaupt in den Sinn kommt, dass die gr\u00f6\u00dfte Bedrohung f\u00fcr ihre eigene Souver\u00e4nit\u00e4t von ihrem &#8220;Gro\u00dfen Bruder&#8221; in Washington, D.C. ausgeht.<\/p>\n<p>Das bringt uns nun zu dem letzten und grundlegendsten Problem: Diese ganze Debatte \u00fcber Atomwaffen f\u00fcr Europa basiert auf bizarr engstirnigen Pr\u00e4missen, die n\u00e4mlich verraten, dass die Europ\u00e4ische Union politisch bei Weitem nicht reif genug ist, um \u00fcber solche Waffen zu verf\u00fcgen. Denn wenn es so w\u00e4re, dann w\u00fcrden die Strategen und die Politiker eine einfache Tatsache ehrlich anerkennen und debattieren: Eine solche Atomstreitmacht m\u00fcsste n\u00e4mlich jeden m\u00f6glichen lebensgef\u00e4hrlichen Gegner abschrecken, folglich auch die USA. Jedoch handelt es sich heute in Europa um dieselben Staats- und Regierungschefs, die einfach ignorieren, dass die schlimmste Kriegshandlung und zugleich der gr\u00f6\u00dfte \u00d6ko-Terrorakt und die massivste Zerst\u00f6rung einer lebenswichtigen Infrastruktur der Europ\u00e4ischen Union \u2013 die Zerst\u00f6rung der Nord Stream Pipelines \u2013 von Washington aus initiiert selbst oder \u00fcber Stellvertreter durchgef\u00fchrt wurde.<\/p>\n<p>Diese EU ist ein gro\u00dfer Zusammenschluss von Staaten in einer zunehmend instabilen und gesetzlosen Welt, in der die immer gr\u00f6\u00dfere Verbreitung von Atomwaffen unvermeidlich sein wird. Hypothetisch w\u00e4re daher ein solches B\u00fcndnis pr\u00e4destiniert f\u00fcr den Besitz solcher Waffen. Doch in Wirklichkeit mangelt es dieser EU an drei wesentlichen Eigenschaften, um \u00fcberhaupt \u00fcber den Erwerb von Atomwaffen nachdenken zu d\u00fcrfen: Sie ist viel zu zerstritten, sie hat keinerlei ernsthafte Vorstellungen davon, dass ihre ureigenen Interessen nicht nur unabh\u00e4ngig von den USA, sondern sogar im Gegensatz zu denen der USA existieren. Und es fehlt dieser EU an einer Elite, der man auch nur ann\u00e4hernd Waffen anzuvertrauen bereit sein d\u00fcrfte, mit denen man imstande w\u00e4re, die Welt zu vernichten. Damit w\u00fcrde die EU nat\u00fcrlich keineswegs alleine dastehen. Aber ist ein Konstrukt von der Art der USA auf diesem Planeten nicht schon schlimm genug?<\/p>\n<p><strong>Mehr zum Thema<\/strong> \u2013\u00a0<a rel=\"nofollow noopener\" target=\"_blank\" href=\"https:\/\/freedert.online\/europa\/196260-debatte-ueber-anschaffung-von-atombombe\/\">Debatte \u00fcber Atombomben: Europa soll USA 1.000 nichtaktive Nuklearsprengk\u00f6pfe abkaufen <\/a><\/p>\n<div class=\"EmbedBlock-root EmbedBlock-externalVideo EmbedBlock-odysee\">\n<div class=\"VkEmbed\"><iframe class=\"lazyload\" data-src=\"https:\/\/odysee.com\/%24\/embed\/%40RTDE%3Ae%2FVorschlag-zu-EU-Atombomben--Barley-erntet-Kritik-aus-eigenen-Reihen%3A3\" frameborder=\"0\" width=\"853\" height=\"480\" allowfullscreen><\/iframe><\/div>\n<\/div>\n<p><em>\u00dcbersetzt aus dem <\/em><a rel=\"nofollow noopener\" target=\"_blank\" href=\"https:\/\/www.rt.com\/news\/592689-eu-us-trump-nukes\/\"><em>Englischen<\/em><\/a><\/p>\n<p><em>Tarik Cyril Amar\u00a0ist Historiker an der Ko\u00e7-Universit\u00e4t in Istanbul, befasst sich mit Russland, der Ukraine und Osteuropa, der Geschichte des Zweiten Weltkriegs, dem kulturellen Kalten Krieg und der Erinnerungspolitik. Man findet ihn auf X unter\u00a0<a rel=\"nofollow noopener\" target=\"_blank\" href=\"https:\/\/twitter.com\/tarikcyrilamar\">@tarikcyrilamar<\/a>.<\/em><\/p>\n<\/div>\n<p><script async src=\"https:\/\/platform.twitter.com\/widgets.js\" charset=\"utf-8\"><\/script><br \/>\n<br \/><br \/>\n<br \/><a href=\"https:\/\/de.rt.com\/meinung\/197118-affe-mit-handgranate-warum-atomwaffen-in-eu-haenden-eine-schlechte-idee-ist\/\">Source link <\/a><\/p>\n","protected":false},"excerpt":{"rendered":"<p>Aus Angst, von den USA bei einer m\u00f6glichen Pr\u00e4sidentschaft von Donald Trump trotz NATO im Stich gelassen zu werden, verbreiten westeurop\u00e4ische Wortf\u00fchrer die Idee einer eigenen Nuklearstreitmacht der EU. Was soll denn dabei schon schiefgehen? Von Tarik Cyril Amar Nachdem die europ\u00e4ischen Bauern rebellieren, die Wirtschaft \u00a0schrumpft und die traditionellen Parteien zerfallen, k\u00f6nnte man meinen, [&hellip;]<\/p>\n","protected":false},"author":3,"featured_media":55837,"comment_status":"open","ping_status":"open","sticky":false,"template":"","format":"standard","meta":{"_yoast_indexnow_last_ping":["1708678467"],"wp_automatic_camp":["217"],"0633dcf02f1bd5ba8be2c9a39bfadfed":["Ein Affe mit Handgranate? Warum Atomwaffen in EU-H\u00e4nden ein Albtraum w\u00e4ren"],"original_link":["https:\/\/de.rt.com\/meinung\/197118-affe-mit-handgranate-warum-atomwaffen-in-eu-haenden-eine-schlechte-idee-ist\/"],"_thumbnail_id":["55837"],"jnews_social_counter_last_update":["1777099961"],"_wptgpro_p2tg_sent2tg":["a:1:{i:23737;s:19:\"2024-02-23 10:55:44\";}"]},"categories":[19,23],"tags":[53802,18993,7620,357,53803,42414,419,6518,1289],"yoast_head":"<!-- This site is optimized with the Yoast SEO Premium plugin v22.7 (Yoast SEO v22.7) - https:\/\/yoast.com\/wordpress\/plugins\/seo\/ -->\n<title>Ein Affe mit Handgranate? Warum Atomwaffen in EU-H\u00e4nden ein Albtraum w\u00e4ren - just-now.NEWS Deutschland<\/title>\n<meta name=\"robots\" content=\"index, follow, max-snippet:-1, max-image-preview:large, max-video-preview:-1\" \/>\n<link rel=\"canonical\" href=\"https:\/\/now-news.de\/de\/deutschland\/ein-affe-mit-handgranate-warum-atomwaffen-in-eu-haenden-ein-albtraum-waeren\/\" \/>\n<meta property=\"og:locale\" content=\"de_DE\" \/>\n<meta property=\"og:type\" content=\"article\" \/>\n<meta property=\"og:title\" content=\"Ein Affe mit Handgranate? Warum Atomwaffen in EU-H\u00e4nden ein Albtraum w\u00e4ren\" \/>\n<meta property=\"og:description\" content=\"Aus Angst, von den USA bei einer m\u00f6glichen Pr\u00e4sidentschaft von Donald Trump trotz NATO im Stich gelassen zu werden, verbreiten westeurop\u00e4ische Wortf\u00fchrer die Idee einer eigenen Nuklearstreitmacht der EU. Was soll denn dabei schon schiefgehen? Von Tarik Cyril Amar Nachdem die europ\u00e4ischen Bauern rebellieren, die Wirtschaft \u00a0schrumpft und die traditionellen Parteien zerfallen, k\u00f6nnte man meinen, [&hellip;]\" \/>\n<meta property=\"og:url\" content=\"https:\/\/now-news.de\/de\/deutschland\/ein-affe-mit-handgranate-warum-atomwaffen-in-eu-haenden-ein-albtraum-waeren\/\" \/>\n<meta property=\"og:site_name\" content=\"just-now.NEWS Deutschland\" \/>\n<meta property=\"article:publisher\" content=\"https:\/\/www.facebook.com\/wirmachenauf\" \/>\n<meta property=\"article:published_time\" content=\"2024-02-23T08:44:28+00:00\" \/>\n<meta property=\"og:image\" content=\"https:\/\/now-news.de\/de\/wp-content\/uploads\/sites\/3\/2024\/02\/Ein-Affe-mit-Handgranate-Warum-Atomwaffen-in-EU-Haenden-ein-Albtraum.jpg\" \/>\n\t<meta property=\"og:image:width\" content=\"460\" \/>\n\t<meta property=\"og:image:height\" content=\"259\" \/>\n\t<meta property=\"og:image:type\" content=\"image\/jpeg\" \/>\n<meta name=\"author\" content=\"rtnews\" \/>\n<meta name=\"twitter:card\" content=\"summary_large_image\" \/>\n<meta name=\"twitter:creator\" content=\"@WirMachenAuf_de\" \/>\n<meta name=\"twitter:site\" content=\"@WirMachenAuf_de\" \/>\n<meta name=\"twitter:label1\" content=\"Verfasst von\" \/>\n\t<meta name=\"twitter:data1\" content=\"rtnews\" \/>\n\t<meta name=\"twitter:label2\" content=\"Gesch\u00e4tzte Lesezeit\" \/>\n\t<meta name=\"twitter:data2\" content=\"9\u00a0Minuten\" \/>\n<script type=\"application\/ld+json\" class=\"yoast-schema-graph\">{\"@context\":\"https:\/\/schema.org\",\"@graph\":[{\"@type\":\"Article\",\"@id\":\"https:\/\/now-news.de\/de\/deutschland\/ein-affe-mit-handgranate-warum-atomwaffen-in-eu-haenden-ein-albtraum-waeren\/#article\",\"isPartOf\":{\"@id\":\"https:\/\/now-news.de\/de\/deutschland\/ein-affe-mit-handgranate-warum-atomwaffen-in-eu-haenden-ein-albtraum-waeren\/\"},\"author\":{\"name\":\"rtnews\",\"@id\":\"https:\/\/now-news.de\/de\/#\/schema\/person\/fb534a4e865501d8b3285208df34a9b5\"},\"headline\":\"Ein Affe mit Handgranate? Warum Atomwaffen in EU-H\u00e4nden ein Albtraum w\u00e4ren\",\"datePublished\":\"2024-02-23T08:44:28+00:00\",\"dateModified\":\"2024-02-23T08:44:28+00:00\",\"mainEntityOfPage\":{\"@id\":\"https:\/\/now-news.de\/de\/deutschland\/ein-affe-mit-handgranate-warum-atomwaffen-in-eu-haenden-ein-albtraum-waeren\/\"},\"wordCount\":1771,\"commentCount\":0,\"publisher\":{\"@id\":\"https:\/\/now-news.de\/de\/#organization\"},\"image\":{\"@id\":\"https:\/\/now-news.de\/de\/deutschland\/ein-affe-mit-handgranate-warum-atomwaffen-in-eu-haenden-ein-albtraum-waeren\/#primaryimage\"},\"thumbnailUrl\":\"https:\/\/now-news.de\/de\/wp-content\/uploads\/sites\/3\/2024\/02\/Ein-Affe-mit-Handgranate-Warum-Atomwaffen-in-EU-Haenden-ein-Albtraum.jpg\",\"keywords\":[\"Affe\",\"Albtraum\",\"Atomwaffen\",\"ein\",\"EUH\u00e4nden\",\"Handgranate\",\"mit\",\"waren\",\"Warum\"],\"articleSection\":[\"Deutschland\",\"Russland\"],\"inLanguage\":\"de\",\"potentialAction\":[{\"@type\":\"CommentAction\",\"name\":\"Comment\",\"target\":[\"https:\/\/now-news.de\/de\/deutschland\/ein-affe-mit-handgranate-warum-atomwaffen-in-eu-haenden-ein-albtraum-waeren\/#respond\"]}]},{\"@type\":\"WebPage\",\"@id\":\"https:\/\/now-news.de\/de\/deutschland\/ein-affe-mit-handgranate-warum-atomwaffen-in-eu-haenden-ein-albtraum-waeren\/\",\"url\":\"https:\/\/now-news.de\/de\/deutschland\/ein-affe-mit-handgranate-warum-atomwaffen-in-eu-haenden-ein-albtraum-waeren\/\",\"name\":\"Ein Affe mit Handgranate? Warum Atomwaffen in EU-H\u00e4nden ein Albtraum w\u00e4ren - just-now.NEWS Deutschland\",\"isPartOf\":{\"@id\":\"https:\/\/now-news.de\/de\/#website\"},\"primaryImageOfPage\":{\"@id\":\"https:\/\/now-news.de\/de\/deutschland\/ein-affe-mit-handgranate-warum-atomwaffen-in-eu-haenden-ein-albtraum-waeren\/#primaryimage\"},\"image\":{\"@id\":\"https:\/\/now-news.de\/de\/deutschland\/ein-affe-mit-handgranate-warum-atomwaffen-in-eu-haenden-ein-albtraum-waeren\/#primaryimage\"},\"thumbnailUrl\":\"https:\/\/now-news.de\/de\/wp-content\/uploads\/sites\/3\/2024\/02\/Ein-Affe-mit-Handgranate-Warum-Atomwaffen-in-EU-Haenden-ein-Albtraum.jpg\",\"datePublished\":\"2024-02-23T08:44:28+00:00\",\"dateModified\":\"2024-02-23T08:44:28+00:00\",\"breadcrumb\":{\"@id\":\"https:\/\/now-news.de\/de\/deutschland\/ein-affe-mit-handgranate-warum-atomwaffen-in-eu-haenden-ein-albtraum-waeren\/#breadcrumb\"},\"inLanguage\":\"de\",\"potentialAction\":[{\"@type\":\"ReadAction\",\"target\":[\"https:\/\/now-news.de\/de\/deutschland\/ein-affe-mit-handgranate-warum-atomwaffen-in-eu-haenden-ein-albtraum-waeren\/\"]}]},{\"@type\":\"ImageObject\",\"inLanguage\":\"de\",\"@id\":\"https:\/\/now-news.de\/de\/deutschland\/ein-affe-mit-handgranate-warum-atomwaffen-in-eu-haenden-ein-albtraum-waeren\/#primaryimage\",\"url\":\"https:\/\/now-news.de\/de\/wp-content\/uploads\/sites\/3\/2024\/02\/Ein-Affe-mit-Handgranate-Warum-Atomwaffen-in-EU-Haenden-ein-Albtraum.jpg\",\"contentUrl\":\"https:\/\/now-news.de\/de\/wp-content\/uploads\/sites\/3\/2024\/02\/Ein-Affe-mit-Handgranate-Warum-Atomwaffen-in-EU-Haenden-ein-Albtraum.jpg\",\"width\":460,\"height\":259,\"caption\":\"Ein Affe mit Handgranate? Warum Atomwaffen in EU-H\u00e4nden ein Albtraum w\u00e4ren\"},{\"@type\":\"BreadcrumbList\",\"@id\":\"https:\/\/now-news.de\/de\/deutschland\/ein-affe-mit-handgranate-warum-atomwaffen-in-eu-haenden-ein-albtraum-waeren\/#breadcrumb\",\"itemListElement\":[{\"@type\":\"ListItem\",\"position\":1,\"name\":\"Home\",\"item\":\"https:\/\/now-news.de\/de\/\"},{\"@type\":\"ListItem\",\"position\":2,\"name\":\"Ein Affe mit Handgranate? Warum Atomwaffen in EU-H\u00e4nden ein Albtraum w\u00e4ren\"}]},{\"@type\":\"WebSite\",\"@id\":\"https:\/\/now-news.de\/de\/#website\",\"url\":\"https:\/\/now-news.de\/de\/\",\"name\":\"just-now.NEWS Deutschland\",\"description\":\"Das Portal f\u00fcr unzensierte Nachrichten aus der Welt\",\"publisher\":{\"@id\":\"https:\/\/now-news.de\/de\/#organization\"},\"potentialAction\":[{\"@type\":\"SearchAction\",\"target\":{\"@type\":\"EntryPoint\",\"urlTemplate\":\"https:\/\/now-news.de\/de\/?s={search_term_string}\"},\"query-input\":\"required name=search_term_string\"}],\"inLanguage\":\"de\"},{\"@type\":\"Organization\",\"@id\":\"https:\/\/now-news.de\/de\/#organization\",\"name\":\"Just Now News\",\"url\":\"https:\/\/now-news.de\/de\/\",\"logo\":{\"@type\":\"ImageObject\",\"inLanguage\":\"de\",\"@id\":\"https:\/\/now-news.de\/de\/#\/schema\/logo\/image\/\",\"url\":\"http:\/\/just-now.news\/de\/wp-content\/uploads\/sites\/3\/2022\/04\/logo500x500.jpg\",\"contentUrl\":\"http:\/\/just-now.news\/de\/wp-content\/uploads\/sites\/3\/2022\/04\/logo500x500.jpg\",\"width\":500,\"height\":500,\"caption\":\"Just Now News\"},\"image\":{\"@id\":\"https:\/\/now-news.de\/de\/#\/schema\/logo\/image\/\"},\"sameAs\":[\"https:\/\/www.facebook.com\/wirmachenauf\",\"https:\/\/x.com\/WirMachenAuf_de\"]},{\"@type\":\"Person\",\"@id\":\"https:\/\/now-news.de\/de\/#\/schema\/person\/fb534a4e865501d8b3285208df34a9b5\",\"name\":\"rtnews\",\"image\":{\"@type\":\"ImageObject\",\"inLanguage\":\"de\",\"@id\":\"https:\/\/now-news.de\/de\/#\/schema\/person\/image\/\",\"url\":\"https:\/\/secure.gravatar.com\/avatar\/82aafea7d8127119dd649515f56e2117?s=96&d=mm&r=g\",\"contentUrl\":\"https:\/\/secure.gravatar.com\/avatar\/82aafea7d8127119dd649515f56e2117?s=96&d=mm&r=g\",\"caption\":\"rtnews\"},\"url\":\"https:\/\/now-news.de\/de\/author\/rnews\/\"}]}<\/script>\n<!-- \/ Yoast SEO Premium plugin. -->","yoast_head_json":{"title":"Ein Affe mit Handgranate? Warum Atomwaffen in EU-H\u00e4nden ein Albtraum w\u00e4ren - just-now.NEWS Deutschland","robots":{"index":"index","follow":"follow","max-snippet":"max-snippet:-1","max-image-preview":"max-image-preview:large","max-video-preview":"max-video-preview:-1"},"canonical":"https:\/\/now-news.de\/de\/deutschland\/ein-affe-mit-handgranate-warum-atomwaffen-in-eu-haenden-ein-albtraum-waeren\/","og_locale":"de_DE","og_type":"article","og_title":"Ein Affe mit Handgranate? Warum Atomwaffen in EU-H\u00e4nden ein Albtraum w\u00e4ren","og_description":"Aus Angst, von den USA bei einer m\u00f6glichen Pr\u00e4sidentschaft von Donald Trump trotz NATO im Stich gelassen zu werden, verbreiten westeurop\u00e4ische Wortf\u00fchrer die Idee einer eigenen Nuklearstreitmacht der EU. Was soll denn dabei schon schiefgehen? Von Tarik Cyril Amar Nachdem die europ\u00e4ischen Bauern rebellieren, die Wirtschaft \u00a0schrumpft und die traditionellen Parteien zerfallen, k\u00f6nnte man meinen, [&hellip;]","og_url":"https:\/\/now-news.de\/de\/deutschland\/ein-affe-mit-handgranate-warum-atomwaffen-in-eu-haenden-ein-albtraum-waeren\/","og_site_name":"just-now.NEWS Deutschland","article_publisher":"https:\/\/www.facebook.com\/wirmachenauf","article_published_time":"2024-02-23T08:44:28+00:00","og_image":[{"width":460,"height":259,"url":"https:\/\/now-news.de\/de\/wp-content\/uploads\/sites\/3\/2024\/02\/Ein-Affe-mit-Handgranate-Warum-Atomwaffen-in-EU-Haenden-ein-Albtraum.jpg","type":"image\/jpeg"}],"author":"rtnews","twitter_card":"summary_large_image","twitter_creator":"@WirMachenAuf_de","twitter_site":"@WirMachenAuf_de","twitter_misc":{"Verfasst von":"rtnews","Gesch\u00e4tzte Lesezeit":"9\u00a0Minuten"},"schema":{"@context":"https:\/\/schema.org","@graph":[{"@type":"Article","@id":"https:\/\/now-news.de\/de\/deutschland\/ein-affe-mit-handgranate-warum-atomwaffen-in-eu-haenden-ein-albtraum-waeren\/#article","isPartOf":{"@id":"https:\/\/now-news.de\/de\/deutschland\/ein-affe-mit-handgranate-warum-atomwaffen-in-eu-haenden-ein-albtraum-waeren\/"},"author":{"name":"rtnews","@id":"https:\/\/now-news.de\/de\/#\/schema\/person\/fb534a4e865501d8b3285208df34a9b5"},"headline":"Ein Affe mit Handgranate? Warum Atomwaffen in EU-H\u00e4nden ein Albtraum w\u00e4ren","datePublished":"2024-02-23T08:44:28+00:00","dateModified":"2024-02-23T08:44:28+00:00","mainEntityOfPage":{"@id":"https:\/\/now-news.de\/de\/deutschland\/ein-affe-mit-handgranate-warum-atomwaffen-in-eu-haenden-ein-albtraum-waeren\/"},"wordCount":1771,"commentCount":0,"publisher":{"@id":"https:\/\/now-news.de\/de\/#organization"},"image":{"@id":"https:\/\/now-news.de\/de\/deutschland\/ein-affe-mit-handgranate-warum-atomwaffen-in-eu-haenden-ein-albtraum-waeren\/#primaryimage"},"thumbnailUrl":"https:\/\/now-news.de\/de\/wp-content\/uploads\/sites\/3\/2024\/02\/Ein-Affe-mit-Handgranate-Warum-Atomwaffen-in-EU-Haenden-ein-Albtraum.jpg","keywords":["Affe","Albtraum","Atomwaffen","ein","EUH\u00e4nden","Handgranate","mit","waren","Warum"],"articleSection":["Deutschland","Russland"],"inLanguage":"de","potentialAction":[{"@type":"CommentAction","name":"Comment","target":["https:\/\/now-news.de\/de\/deutschland\/ein-affe-mit-handgranate-warum-atomwaffen-in-eu-haenden-ein-albtraum-waeren\/#respond"]}]},{"@type":"WebPage","@id":"https:\/\/now-news.de\/de\/deutschland\/ein-affe-mit-handgranate-warum-atomwaffen-in-eu-haenden-ein-albtraum-waeren\/","url":"https:\/\/now-news.de\/de\/deutschland\/ein-affe-mit-handgranate-warum-atomwaffen-in-eu-haenden-ein-albtraum-waeren\/","name":"Ein Affe mit Handgranate? Warum Atomwaffen in EU-H\u00e4nden ein Albtraum w\u00e4ren - just-now.NEWS Deutschland","isPartOf":{"@id":"https:\/\/now-news.de\/de\/#website"},"primaryImageOfPage":{"@id":"https:\/\/now-news.de\/de\/deutschland\/ein-affe-mit-handgranate-warum-atomwaffen-in-eu-haenden-ein-albtraum-waeren\/#primaryimage"},"image":{"@id":"https:\/\/now-news.de\/de\/deutschland\/ein-affe-mit-handgranate-warum-atomwaffen-in-eu-haenden-ein-albtraum-waeren\/#primaryimage"},"thumbnailUrl":"https:\/\/now-news.de\/de\/wp-content\/uploads\/sites\/3\/2024\/02\/Ein-Affe-mit-Handgranate-Warum-Atomwaffen-in-EU-Haenden-ein-Albtraum.jpg","datePublished":"2024-02-23T08:44:28+00:00","dateModified":"2024-02-23T08:44:28+00:00","breadcrumb":{"@id":"https:\/\/now-news.de\/de\/deutschland\/ein-affe-mit-handgranate-warum-atomwaffen-in-eu-haenden-ein-albtraum-waeren\/#breadcrumb"},"inLanguage":"de","potentialAction":[{"@type":"ReadAction","target":["https:\/\/now-news.de\/de\/deutschland\/ein-affe-mit-handgranate-warum-atomwaffen-in-eu-haenden-ein-albtraum-waeren\/"]}]},{"@type":"ImageObject","inLanguage":"de","@id":"https:\/\/now-news.de\/de\/deutschland\/ein-affe-mit-handgranate-warum-atomwaffen-in-eu-haenden-ein-albtraum-waeren\/#primaryimage","url":"https:\/\/now-news.de\/de\/wp-content\/uploads\/sites\/3\/2024\/02\/Ein-Affe-mit-Handgranate-Warum-Atomwaffen-in-EU-Haenden-ein-Albtraum.jpg","contentUrl":"https:\/\/now-news.de\/de\/wp-content\/uploads\/sites\/3\/2024\/02\/Ein-Affe-mit-Handgranate-Warum-Atomwaffen-in-EU-Haenden-ein-Albtraum.jpg","width":460,"height":259,"caption":"Ein Affe mit Handgranate? Warum Atomwaffen in EU-H\u00e4nden ein Albtraum w\u00e4ren"},{"@type":"BreadcrumbList","@id":"https:\/\/now-news.de\/de\/deutschland\/ein-affe-mit-handgranate-warum-atomwaffen-in-eu-haenden-ein-albtraum-waeren\/#breadcrumb","itemListElement":[{"@type":"ListItem","position":1,"name":"Home","item":"https:\/\/now-news.de\/de\/"},{"@type":"ListItem","position":2,"name":"Ein Affe mit Handgranate? Warum Atomwaffen in EU-H\u00e4nden ein Albtraum w\u00e4ren"}]},{"@type":"WebSite","@id":"https:\/\/now-news.de\/de\/#website","url":"https:\/\/now-news.de\/de\/","name":"just-now.NEWS Deutschland","description":"Das Portal f\u00fcr unzensierte Nachrichten aus der Welt","publisher":{"@id":"https:\/\/now-news.de\/de\/#organization"},"potentialAction":[{"@type":"SearchAction","target":{"@type":"EntryPoint","urlTemplate":"https:\/\/now-news.de\/de\/?s={search_term_string}"},"query-input":"required name=search_term_string"}],"inLanguage":"de"},{"@type":"Organization","@id":"https:\/\/now-news.de\/de\/#organization","name":"Just Now News","url":"https:\/\/now-news.de\/de\/","logo":{"@type":"ImageObject","inLanguage":"de","@id":"https:\/\/now-news.de\/de\/#\/schema\/logo\/image\/","url":"http:\/\/just-now.news\/de\/wp-content\/uploads\/sites\/3\/2022\/04\/logo500x500.jpg","contentUrl":"http:\/\/just-now.news\/de\/wp-content\/uploads\/sites\/3\/2022\/04\/logo500x500.jpg","width":500,"height":500,"caption":"Just Now News"},"image":{"@id":"https:\/\/now-news.de\/de\/#\/schema\/logo\/image\/"},"sameAs":["https:\/\/www.facebook.com\/wirmachenauf","https:\/\/x.com\/WirMachenAuf_de"]},{"@type":"Person","@id":"https:\/\/now-news.de\/de\/#\/schema\/person\/fb534a4e865501d8b3285208df34a9b5","name":"rtnews","image":{"@type":"ImageObject","inLanguage":"de","@id":"https:\/\/now-news.de\/de\/#\/schema\/person\/image\/","url":"https:\/\/secure.gravatar.com\/avatar\/82aafea7d8127119dd649515f56e2117?s=96&d=mm&r=g","contentUrl":"https:\/\/secure.gravatar.com\/avatar\/82aafea7d8127119dd649515f56e2117?s=96&d=mm&r=g","caption":"rtnews"},"url":"https:\/\/now-news.de\/de\/author\/rnews\/"}]}},"_links":{"self":[{"href":"https:\/\/now-news.de\/de\/wp-json\/wp\/v2\/posts\/55836"}],"collection":[{"href":"https:\/\/now-news.de\/de\/wp-json\/wp\/v2\/posts"}],"about":[{"href":"https:\/\/now-news.de\/de\/wp-json\/wp\/v2\/types\/post"}],"author":[{"embeddable":true,"href":"https:\/\/now-news.de\/de\/wp-json\/wp\/v2\/users\/3"}],"replies":[{"embeddable":true,"href":"https:\/\/now-news.de\/de\/wp-json\/wp\/v2\/comments?post=55836"}],"version-history":[{"count":0,"href":"https:\/\/now-news.de\/de\/wp-json\/wp\/v2\/posts\/55836\/revisions"}],"wp:featuredmedia":[{"embeddable":true,"href":"https:\/\/now-news.de\/de\/wp-json\/wp\/v2\/media\/55837"}],"wp:attachment":[{"href":"https:\/\/now-news.de\/de\/wp-json\/wp\/v2\/media?parent=55836"}],"wp:term":[{"taxonomy":"category","embeddable":true,"href":"https:\/\/now-news.de\/de\/wp-json\/wp\/v2\/categories?post=55836"},{"taxonomy":"post_tag","embeddable":true,"href":"https:\/\/now-news.de\/de\/wp-json\/wp\/v2\/tags?post=55836"}],"curies":[{"name":"wp","href":"https:\/\/api.w.org\/{rel}","templated":true}]}}