{"id":55807,"date":"2024-02-22T17:17:25","date_gmt":"2024-02-22T15:17:25","guid":{"rendered":"https:\/\/just-now.news\/de\/deutschland\/nach-huthi-angriff-auf-eilat-handelsschiff-vor-der-kueste-jemens-angegriffen-und-in-brand-geraten\/"},"modified":"2024-02-22T17:17:25","modified_gmt":"2024-02-22T15:17:25","slug":"nach-huthi-angriff-auf-eilat-handelsschiff-vor-der-kueste-jemens-angegriffen-und-in-brand-geraten","status":"publish","type":"post","link":"https:\/\/now-news.de\/de\/deutschland\/nach-huthi-angriff-auf-eilat-handelsschiff-vor-der-kueste-jemens-angegriffen-und-in-brand-geraten\/","title":{"rendered":"Nach Huthi-Angriff auf Eilat: Handelsschiff vor der K\u00fcste Jemens angegriffen und in Brand geraten"},"content":{"rendered":"<p><img decoding=\"async\" src=\"http:\/\/just-now.news\/de\/wp-content\/uploads\/sites\/3\/2024\/02\/65d759bc48fbef446e7c9bc1.jpg\" \/><\/p>\n<div class=\"Text-root Text-type_1 \">\n                Vor der K\u00fcste Jemens wurde erneut ein Frachtschiff mit Raketen angegriffen und ist dabei in Brand geraten. Wenige Stunden vorher hatten Huthi im Jemen die israelische Hafenstadt Eilat mit Raketen angegriffen.\n            <\/div>\n<p><\/p>\n<div class=\"Text-root Text-type_5 ArticleView-text ViewText-root \">\n<p>Vor der K\u00fcste Jemens ist erneut ein Frachtschiff mit Raketen angegriffen worden und dabei in Brand geraten. Das teilte die zur britischen Marine geh\u00f6rende Stelle f\u00fcr Handelsschifffahrt UKMTO am Donnerstag mit. Demnach wurde das Schiff am Morgen etwa 70 nautische Meilen s\u00fcd\u00f6stlich der jemenitischen Hafenstadt Aden mit zwei Raketen beschossen, woraufhin an Bord ein Feuer ausbrach. Streitkr\u00e4fte der internationalen Allianz zum Schutz der Seewege seien im Einsatz, um auf den Vorfall zu reagieren, hie\u00df es weiter.\u00a0<\/p>\n<p>Die von\u00a0<em>The Associated Press<\/em>\u00a0analysierten Schiffsverfolgungsdaten identifizierten das brennende Schiff als ein unter der Flagge Palaus fahrendes Frachtschiff namens Islander\u00a0in britischem Besitz. Es war von Thailand kommend auf dem Weg nach \u00c4gypten und hatte zuvor Nachrichten mit der Aufschrift &#8220;SYRIAN CREW ON BOARD&#8221; verschickt, um zu verhindern, dass es ins Visier der Huthi ger\u00e4t.<\/p>\n<p>Wer hinter dem j\u00fcngsten Angriff steckte, war zun\u00e4chst nicht klar. In den vergangenen Wochen und Monaten hatten die Huthi jedoch immer wieder Handelsschiffe im Jemen ins Visier genommen. Die Huthi agieren nach eigenen Angaben aus Solidarit\u00e4t mit den Pal\u00e4stinensern in Gaza und richten ihre Attacken auf Frachter mit Verbindungen zu Israel, den USA oder Gro\u00dfbritannien.\u00a0<\/p>\n<p>Die israelische Armee\u00a0hatte kurz zuvor in der N\u00e4he des Roten Meeres einen Flugk\u00f6rper aus Jemen abgefangen: &#8220;Das Objekt drang nicht in israelisches Gebiet ein und stellte keine Gefahr f\u00fcr die Zivilbev\u00f6lkerung dar&#8221;, teilte das Milit\u00e4r mit. Eilat war auch in der Vergangenheit Ziel von Langstreckenraketen der jemenitischen Huthi, die sich seit Beginn des Gaza-Krieges im Oktober mit den Pal\u00e4stinensern solidarisieren.\u00a0Eilat am Roten Meer ist eine der wichtigsten Hafenst\u00e4dte Israels. Am 31. Oktober beanspruchten die Huthi erstmals einen Raketen- und Drohnenbeschuss auf die Hafenstadt.<\/p>\n<p><strong>Mehr zum Thema<\/strong> &#8211; <a rel=\"nofollow noopener\" target=\"_blank\" href=\"https:\/\/freeassange.rtde.life\/der-nahe-osten\/196498-huthi-greifen-britischen-tanker-im\/\">Huthi greifen britischen Tanker im Roten Meer an<\/a><\/p>\n<div class=\"EmbedBlock-root EmbedBlock-externalVideo EmbedBlock-odysee\">\n<div class=\"VkEmbed\"><iframe class=\"lazyload\" data-src=\"https:\/\/odysee.com\/%24\/embed\/%40RTDE%3Ae%2FDiplomatische-Krise-zwischen-Israel-und-Brasilien-nach-Holocaust-Vergleich-durch-Pr%C3%A4sident-Lula%3Aa\" frameborder=\"0\" width=\"853\" height=\"480\" allowfullscreen><\/iframe><\/div>\n<\/div>\n<\/div>\n<p><br \/>\n<br \/><a href=\"https:\/\/de.rt.com\/der-nahe-osten\/197109-nach-huthi-angriff-auf-eilat\/\">Source link <\/a><\/p>\n","protected":false},"excerpt":{"rendered":"<p>Vor der K\u00fcste Jemens wurde erneut ein Frachtschiff mit Raketen angegriffen und ist dabei in Brand geraten. Wenige Stunden vorher hatten Huthi im Jemen die israelische Hafenstadt Eilat mit Raketen angegriffen. Vor der K\u00fcste Jemens ist erneut ein Frachtschiff mit Raketen angegriffen worden und dabei in Brand geraten. Das teilte die zur britischen Marine geh\u00f6rende [&hellip;]<\/p>\n","protected":false},"author":3,"featured_media":55808,"comment_status":"open","ping_status":"open","sticky":false,"template":"","format":"standard","meta":{"_yoast_indexnow_last_ping":["1708615882"],"wp_automatic_camp":["217"],"ac573cab28403f122617e58ea3dc6b93":["Nach Huthi-Angriff auf Eilat: Handelsschiff vor der K\u00fcste Jemens angegriffen und in Brand geraten"],"original_link":["https:\/\/de.rt.com\/der-nahe-osten\/197109-nach-huthi-angriff-auf-eilat\/"],"_thumbnail_id":["55808"],"_wptgpro_p2tg_sent2tg":["a:1:{i:23737;s:19:\"2024-02-22 17:32:23\";}"],"jnews_social_counter_last_update":["1777258210"]},"categories":[19,23],"tags":[18042,133,5430,82,51838,11199,52455,52080,53785,29086,979,140,320],"yoast_head":"<!-- This site is optimized with the Yoast SEO Premium plugin v22.7 (Yoast SEO v22.7) - https:\/\/yoast.com\/wordpress\/plugins\/seo\/ -->\n<title>Nach Huthi-Angriff auf Eilat: Handelsschiff vor der K\u00fcste Jemens angegriffen und in Brand geraten - just-now.NEWS Deutschland<\/title>\n<meta name=\"robots\" content=\"index, follow, max-snippet:-1, max-image-preview:large, max-video-preview:-1\" \/>\n<link rel=\"canonical\" href=\"https:\/\/now-news.de\/de\/deutschland\/nach-huthi-angriff-auf-eilat-handelsschiff-vor-der-kueste-jemens-angegriffen-und-in-brand-geraten\/\" \/>\n<meta property=\"og:locale\" content=\"de_DE\" \/>\n<meta property=\"og:type\" content=\"article\" \/>\n<meta property=\"og:title\" content=\"Nach Huthi-Angriff auf Eilat: Handelsschiff vor der K\u00fcste Jemens angegriffen und in Brand geraten\" \/>\n<meta property=\"og:description\" content=\"Vor der K\u00fcste Jemens wurde erneut ein Frachtschiff mit Raketen angegriffen und ist dabei in Brand geraten. Wenige Stunden vorher hatten Huthi im Jemen die israelische Hafenstadt Eilat mit Raketen angegriffen. Vor der K\u00fcste Jemens ist erneut ein Frachtschiff mit Raketen angegriffen worden und dabei in Brand geraten. Das teilte die zur britischen Marine geh\u00f6rende [&hellip;]\" \/>\n<meta property=\"og:url\" content=\"https:\/\/now-news.de\/de\/deutschland\/nach-huthi-angriff-auf-eilat-handelsschiff-vor-der-kueste-jemens-angegriffen-und-in-brand-geraten\/\" \/>\n<meta property=\"og:site_name\" content=\"just-now.NEWS Deutschland\" \/>\n<meta property=\"article:publisher\" content=\"https:\/\/www.facebook.com\/wirmachenauf\" \/>\n<meta property=\"article:published_time\" content=\"2024-02-22T15:17:25+00:00\" \/>\n<meta property=\"og:image\" content=\"https:\/\/now-news.de\/de\/wp-content\/uploads\/sites\/3\/2024\/02\/Nach-Huthi-Angriff-auf-Eilat-Handelsschiff-vor-der-Kueste-Jemens-angegriffen.jpg\" \/>\n\t<meta property=\"og:image:width\" content=\"460\" \/>\n\t<meta property=\"og:image:height\" content=\"259\" \/>\n\t<meta property=\"og:image:type\" content=\"image\/jpeg\" \/>\n<meta name=\"author\" content=\"rtnews\" \/>\n<meta name=\"twitter:card\" content=\"summary_large_image\" \/>\n<meta name=\"twitter:creator\" content=\"@WirMachenAuf_de\" \/>\n<meta name=\"twitter:site\" content=\"@WirMachenAuf_de\" \/>\n<meta name=\"twitter:label1\" content=\"Verfasst von\" \/>\n\t<meta name=\"twitter:data1\" content=\"rtnews\" \/>\n\t<meta name=\"twitter:label2\" content=\"Gesch\u00e4tzte Lesezeit\" \/>\n\t<meta name=\"twitter:data2\" content=\"2\u00a0Minuten\" \/>\n<script type=\"application\/ld+json\" class=\"yoast-schema-graph\">{\"@context\":\"https:\/\/schema.org\",\"@graph\":[{\"@type\":\"Article\",\"@id\":\"https:\/\/now-news.de\/de\/deutschland\/nach-huthi-angriff-auf-eilat-handelsschiff-vor-der-kueste-jemens-angegriffen-und-in-brand-geraten\/#article\",\"isPartOf\":{\"@id\":\"https:\/\/now-news.de\/de\/deutschland\/nach-huthi-angriff-auf-eilat-handelsschiff-vor-der-kueste-jemens-angegriffen-und-in-brand-geraten\/\"},\"author\":{\"name\":\"rtnews\",\"@id\":\"https:\/\/now-news.de\/de\/#\/schema\/person\/fb534a4e865501d8b3285208df34a9b5\"},\"headline\":\"Nach Huthi-Angriff auf Eilat: Handelsschiff vor der K\u00fcste Jemens angegriffen und in Brand geraten\",\"datePublished\":\"2024-02-22T15:17:25+00:00\",\"dateModified\":\"2024-02-22T15:17:25+00:00\",\"mainEntityOfPage\":{\"@id\":\"https:\/\/now-news.de\/de\/deutschland\/nach-huthi-angriff-auf-eilat-handelsschiff-vor-der-kueste-jemens-angegriffen-und-in-brand-geraten\/\"},\"wordCount\":351,\"commentCount\":0,\"publisher\":{\"@id\":\"https:\/\/now-news.de\/de\/#organization\"},\"image\":{\"@id\":\"https:\/\/now-news.de\/de\/deutschland\/nach-huthi-angriff-auf-eilat-handelsschiff-vor-der-kueste-jemens-angegriffen-und-in-brand-geraten\/#primaryimage\"},\"thumbnailUrl\":\"https:\/\/now-news.de\/de\/wp-content\/uploads\/sites\/3\/2024\/02\/Nach-Huthi-Angriff-auf-Eilat-Handelsschiff-vor-der-Kueste-Jemens-angegriffen.jpg\",\"keywords\":[\"angegriffen\",\"AUF\",\"Brand\",\"der\",\"Eilat\",\"geraten\",\"Handelsschiff\",\"HuthiAngriff\",\"Jemens\",\"K\u00fcste\",\"nach\",\"und\",\"vor\"],\"articleSection\":[\"Deutschland\",\"Russland\"],\"inLanguage\":\"de\",\"potentialAction\":[{\"@type\":\"CommentAction\",\"name\":\"Comment\",\"target\":[\"https:\/\/now-news.de\/de\/deutschland\/nach-huthi-angriff-auf-eilat-handelsschiff-vor-der-kueste-jemens-angegriffen-und-in-brand-geraten\/#respond\"]}]},{\"@type\":\"WebPage\",\"@id\":\"https:\/\/now-news.de\/de\/deutschland\/nach-huthi-angriff-auf-eilat-handelsschiff-vor-der-kueste-jemens-angegriffen-und-in-brand-geraten\/\",\"url\":\"https:\/\/now-news.de\/de\/deutschland\/nach-huthi-angriff-auf-eilat-handelsschiff-vor-der-kueste-jemens-angegriffen-und-in-brand-geraten\/\",\"name\":\"Nach Huthi-Angriff auf Eilat: Handelsschiff vor der K\u00fcste Jemens angegriffen und in Brand geraten - just-now.NEWS Deutschland\",\"isPartOf\":{\"@id\":\"https:\/\/now-news.de\/de\/#website\"},\"primaryImageOfPage\":{\"@id\":\"https:\/\/now-news.de\/de\/deutschland\/nach-huthi-angriff-auf-eilat-handelsschiff-vor-der-kueste-jemens-angegriffen-und-in-brand-geraten\/#primaryimage\"},\"image\":{\"@id\":\"https:\/\/now-news.de\/de\/deutschland\/nach-huthi-angriff-auf-eilat-handelsschiff-vor-der-kueste-jemens-angegriffen-und-in-brand-geraten\/#primaryimage\"},\"thumbnailUrl\":\"https:\/\/now-news.de\/de\/wp-content\/uploads\/sites\/3\/2024\/02\/Nach-Huthi-Angriff-auf-Eilat-Handelsschiff-vor-der-Kueste-Jemens-angegriffen.jpg\",\"datePublished\":\"2024-02-22T15:17:25+00:00\",\"dateModified\":\"2024-02-22T15:17:25+00:00\",\"breadcrumb\":{\"@id\":\"https:\/\/now-news.de\/de\/deutschland\/nach-huthi-angriff-auf-eilat-handelsschiff-vor-der-kueste-jemens-angegriffen-und-in-brand-geraten\/#breadcrumb\"},\"inLanguage\":\"de\",\"potentialAction\":[{\"@type\":\"ReadAction\",\"target\":[\"https:\/\/now-news.de\/de\/deutschland\/nach-huthi-angriff-auf-eilat-handelsschiff-vor-der-kueste-jemens-angegriffen-und-in-brand-geraten\/\"]}]},{\"@type\":\"ImageObject\",\"inLanguage\":\"de\",\"@id\":\"https:\/\/now-news.de\/de\/deutschland\/nach-huthi-angriff-auf-eilat-handelsschiff-vor-der-kueste-jemens-angegriffen-und-in-brand-geraten\/#primaryimage\",\"url\":\"https:\/\/now-news.de\/de\/wp-content\/uploads\/sites\/3\/2024\/02\/Nach-Huthi-Angriff-auf-Eilat-Handelsschiff-vor-der-Kueste-Jemens-angegriffen.jpg\",\"contentUrl\":\"https:\/\/now-news.de\/de\/wp-content\/uploads\/sites\/3\/2024\/02\/Nach-Huthi-Angriff-auf-Eilat-Handelsschiff-vor-der-Kueste-Jemens-angegriffen.jpg\",\"width\":460,\"height\":259,\"caption\":\"Nach Huthi-Angriff auf Eilat: Handelsschiff vor der K\u00fcste Jemens angegriffen und in Brand geraten\"},{\"@type\":\"BreadcrumbList\",\"@id\":\"https:\/\/now-news.de\/de\/deutschland\/nach-huthi-angriff-auf-eilat-handelsschiff-vor-der-kueste-jemens-angegriffen-und-in-brand-geraten\/#breadcrumb\",\"itemListElement\":[{\"@type\":\"ListItem\",\"position\":1,\"name\":\"Home\",\"item\":\"https:\/\/now-news.de\/de\/\"},{\"@type\":\"ListItem\",\"position\":2,\"name\":\"Nach Huthi-Angriff auf Eilat: Handelsschiff vor der K\u00fcste Jemens angegriffen und in Brand geraten\"}]},{\"@type\":\"WebSite\",\"@id\":\"https:\/\/now-news.de\/de\/#website\",\"url\":\"https:\/\/now-news.de\/de\/\",\"name\":\"just-now.NEWS Deutschland\",\"description\":\"Das Portal f\u00fcr unzensierte Nachrichten aus der Welt\",\"publisher\":{\"@id\":\"https:\/\/now-news.de\/de\/#organization\"},\"potentialAction\":[{\"@type\":\"SearchAction\",\"target\":{\"@type\":\"EntryPoint\",\"urlTemplate\":\"https:\/\/now-news.de\/de\/?s={search_term_string}\"},\"query-input\":\"required name=search_term_string\"}],\"inLanguage\":\"de\"},{\"@type\":\"Organization\",\"@id\":\"https:\/\/now-news.de\/de\/#organization\",\"name\":\"Just Now News\",\"url\":\"https:\/\/now-news.de\/de\/\",\"logo\":{\"@type\":\"ImageObject\",\"inLanguage\":\"de\",\"@id\":\"https:\/\/now-news.de\/de\/#\/schema\/logo\/image\/\",\"url\":\"http:\/\/just-now.news\/de\/wp-content\/uploads\/sites\/3\/2022\/04\/logo500x500.jpg\",\"contentUrl\":\"http:\/\/just-now.news\/de\/wp-content\/uploads\/sites\/3\/2022\/04\/logo500x500.jpg\",\"width\":500,\"height\":500,\"caption\":\"Just Now News\"},\"image\":{\"@id\":\"https:\/\/now-news.de\/de\/#\/schema\/logo\/image\/\"},\"sameAs\":[\"https:\/\/www.facebook.com\/wirmachenauf\",\"https:\/\/x.com\/WirMachenAuf_de\"]},{\"@type\":\"Person\",\"@id\":\"https:\/\/now-news.de\/de\/#\/schema\/person\/fb534a4e865501d8b3285208df34a9b5\",\"name\":\"rtnews\",\"image\":{\"@type\":\"ImageObject\",\"inLanguage\":\"de\",\"@id\":\"https:\/\/now-news.de\/de\/#\/schema\/person\/image\/\",\"url\":\"https:\/\/secure.gravatar.com\/avatar\/82aafea7d8127119dd649515f56e2117?s=96&d=mm&r=g\",\"contentUrl\":\"https:\/\/secure.gravatar.com\/avatar\/82aafea7d8127119dd649515f56e2117?s=96&d=mm&r=g\",\"caption\":\"rtnews\"},\"url\":\"https:\/\/now-news.de\/de\/author\/rnews\/\"}]}<\/script>\n<!-- \/ Yoast SEO Premium plugin. -->","yoast_head_json":{"title":"Nach Huthi-Angriff auf Eilat: Handelsschiff vor der K\u00fcste Jemens angegriffen und in Brand geraten - just-now.NEWS Deutschland","robots":{"index":"index","follow":"follow","max-snippet":"max-snippet:-1","max-image-preview":"max-image-preview:large","max-video-preview":"max-video-preview:-1"},"canonical":"https:\/\/now-news.de\/de\/deutschland\/nach-huthi-angriff-auf-eilat-handelsschiff-vor-der-kueste-jemens-angegriffen-und-in-brand-geraten\/","og_locale":"de_DE","og_type":"article","og_title":"Nach Huthi-Angriff auf Eilat: Handelsschiff vor der K\u00fcste Jemens angegriffen und in Brand geraten","og_description":"Vor der K\u00fcste Jemens wurde erneut ein Frachtschiff mit Raketen angegriffen und ist dabei in Brand geraten. Wenige Stunden vorher hatten Huthi im Jemen die israelische Hafenstadt Eilat mit Raketen angegriffen. Vor der K\u00fcste Jemens ist erneut ein Frachtschiff mit Raketen angegriffen worden und dabei in Brand geraten. Das teilte die zur britischen Marine geh\u00f6rende [&hellip;]","og_url":"https:\/\/now-news.de\/de\/deutschland\/nach-huthi-angriff-auf-eilat-handelsschiff-vor-der-kueste-jemens-angegriffen-und-in-brand-geraten\/","og_site_name":"just-now.NEWS Deutschland","article_publisher":"https:\/\/www.facebook.com\/wirmachenauf","article_published_time":"2024-02-22T15:17:25+00:00","og_image":[{"width":460,"height":259,"url":"https:\/\/now-news.de\/de\/wp-content\/uploads\/sites\/3\/2024\/02\/Nach-Huthi-Angriff-auf-Eilat-Handelsschiff-vor-der-Kueste-Jemens-angegriffen.jpg","type":"image\/jpeg"}],"author":"rtnews","twitter_card":"summary_large_image","twitter_creator":"@WirMachenAuf_de","twitter_site":"@WirMachenAuf_de","twitter_misc":{"Verfasst von":"rtnews","Gesch\u00e4tzte Lesezeit":"2\u00a0Minuten"},"schema":{"@context":"https:\/\/schema.org","@graph":[{"@type":"Article","@id":"https:\/\/now-news.de\/de\/deutschland\/nach-huthi-angriff-auf-eilat-handelsschiff-vor-der-kueste-jemens-angegriffen-und-in-brand-geraten\/#article","isPartOf":{"@id":"https:\/\/now-news.de\/de\/deutschland\/nach-huthi-angriff-auf-eilat-handelsschiff-vor-der-kueste-jemens-angegriffen-und-in-brand-geraten\/"},"author":{"name":"rtnews","@id":"https:\/\/now-news.de\/de\/#\/schema\/person\/fb534a4e865501d8b3285208df34a9b5"},"headline":"Nach Huthi-Angriff auf Eilat: Handelsschiff vor der K\u00fcste Jemens angegriffen und in Brand geraten","datePublished":"2024-02-22T15:17:25+00:00","dateModified":"2024-02-22T15:17:25+00:00","mainEntityOfPage":{"@id":"https:\/\/now-news.de\/de\/deutschland\/nach-huthi-angriff-auf-eilat-handelsschiff-vor-der-kueste-jemens-angegriffen-und-in-brand-geraten\/"},"wordCount":351,"commentCount":0,"publisher":{"@id":"https:\/\/now-news.de\/de\/#organization"},"image":{"@id":"https:\/\/now-news.de\/de\/deutschland\/nach-huthi-angriff-auf-eilat-handelsschiff-vor-der-kueste-jemens-angegriffen-und-in-brand-geraten\/#primaryimage"},"thumbnailUrl":"https:\/\/now-news.de\/de\/wp-content\/uploads\/sites\/3\/2024\/02\/Nach-Huthi-Angriff-auf-Eilat-Handelsschiff-vor-der-Kueste-Jemens-angegriffen.jpg","keywords":["angegriffen","AUF","Brand","der","Eilat","geraten","Handelsschiff","HuthiAngriff","Jemens","K\u00fcste","nach","und","vor"],"articleSection":["Deutschland","Russland"],"inLanguage":"de","potentialAction":[{"@type":"CommentAction","name":"Comment","target":["https:\/\/now-news.de\/de\/deutschland\/nach-huthi-angriff-auf-eilat-handelsschiff-vor-der-kueste-jemens-angegriffen-und-in-brand-geraten\/#respond"]}]},{"@type":"WebPage","@id":"https:\/\/now-news.de\/de\/deutschland\/nach-huthi-angriff-auf-eilat-handelsschiff-vor-der-kueste-jemens-angegriffen-und-in-brand-geraten\/","url":"https:\/\/now-news.de\/de\/deutschland\/nach-huthi-angriff-auf-eilat-handelsschiff-vor-der-kueste-jemens-angegriffen-und-in-brand-geraten\/","name":"Nach Huthi-Angriff auf Eilat: Handelsschiff vor der K\u00fcste Jemens angegriffen und in Brand geraten - just-now.NEWS Deutschland","isPartOf":{"@id":"https:\/\/now-news.de\/de\/#website"},"primaryImageOfPage":{"@id":"https:\/\/now-news.de\/de\/deutschland\/nach-huthi-angriff-auf-eilat-handelsschiff-vor-der-kueste-jemens-angegriffen-und-in-brand-geraten\/#primaryimage"},"image":{"@id":"https:\/\/now-news.de\/de\/deutschland\/nach-huthi-angriff-auf-eilat-handelsschiff-vor-der-kueste-jemens-angegriffen-und-in-brand-geraten\/#primaryimage"},"thumbnailUrl":"https:\/\/now-news.de\/de\/wp-content\/uploads\/sites\/3\/2024\/02\/Nach-Huthi-Angriff-auf-Eilat-Handelsschiff-vor-der-Kueste-Jemens-angegriffen.jpg","datePublished":"2024-02-22T15:17:25+00:00","dateModified":"2024-02-22T15:17:25+00:00","breadcrumb":{"@id":"https:\/\/now-news.de\/de\/deutschland\/nach-huthi-angriff-auf-eilat-handelsschiff-vor-der-kueste-jemens-angegriffen-und-in-brand-geraten\/#breadcrumb"},"inLanguage":"de","potentialAction":[{"@type":"ReadAction","target":["https:\/\/now-news.de\/de\/deutschland\/nach-huthi-angriff-auf-eilat-handelsschiff-vor-der-kueste-jemens-angegriffen-und-in-brand-geraten\/"]}]},{"@type":"ImageObject","inLanguage":"de","@id":"https:\/\/now-news.de\/de\/deutschland\/nach-huthi-angriff-auf-eilat-handelsschiff-vor-der-kueste-jemens-angegriffen-und-in-brand-geraten\/#primaryimage","url":"https:\/\/now-news.de\/de\/wp-content\/uploads\/sites\/3\/2024\/02\/Nach-Huthi-Angriff-auf-Eilat-Handelsschiff-vor-der-Kueste-Jemens-angegriffen.jpg","contentUrl":"https:\/\/now-news.de\/de\/wp-content\/uploads\/sites\/3\/2024\/02\/Nach-Huthi-Angriff-auf-Eilat-Handelsschiff-vor-der-Kueste-Jemens-angegriffen.jpg","width":460,"height":259,"caption":"Nach Huthi-Angriff auf Eilat: Handelsschiff vor der K\u00fcste Jemens angegriffen und in Brand geraten"},{"@type":"BreadcrumbList","@id":"https:\/\/now-news.de\/de\/deutschland\/nach-huthi-angriff-auf-eilat-handelsschiff-vor-der-kueste-jemens-angegriffen-und-in-brand-geraten\/#breadcrumb","itemListElement":[{"@type":"ListItem","position":1,"name":"Home","item":"https:\/\/now-news.de\/de\/"},{"@type":"ListItem","position":2,"name":"Nach Huthi-Angriff auf Eilat: Handelsschiff vor der K\u00fcste Jemens angegriffen und in Brand geraten"}]},{"@type":"WebSite","@id":"https:\/\/now-news.de\/de\/#website","url":"https:\/\/now-news.de\/de\/","name":"just-now.NEWS Deutschland","description":"Das Portal f\u00fcr unzensierte Nachrichten aus der Welt","publisher":{"@id":"https:\/\/now-news.de\/de\/#organization"},"potentialAction":[{"@type":"SearchAction","target":{"@type":"EntryPoint","urlTemplate":"https:\/\/now-news.de\/de\/?s={search_term_string}"},"query-input":"required name=search_term_string"}],"inLanguage":"de"},{"@type":"Organization","@id":"https:\/\/now-news.de\/de\/#organization","name":"Just Now News","url":"https:\/\/now-news.de\/de\/","logo":{"@type":"ImageObject","inLanguage":"de","@id":"https:\/\/now-news.de\/de\/#\/schema\/logo\/image\/","url":"http:\/\/just-now.news\/de\/wp-content\/uploads\/sites\/3\/2022\/04\/logo500x500.jpg","contentUrl":"http:\/\/just-now.news\/de\/wp-content\/uploads\/sites\/3\/2022\/04\/logo500x500.jpg","width":500,"height":500,"caption":"Just Now News"},"image":{"@id":"https:\/\/now-news.de\/de\/#\/schema\/logo\/image\/"},"sameAs":["https:\/\/www.facebook.com\/wirmachenauf","https:\/\/x.com\/WirMachenAuf_de"]},{"@type":"Person","@id":"https:\/\/now-news.de\/de\/#\/schema\/person\/fb534a4e865501d8b3285208df34a9b5","name":"rtnews","image":{"@type":"ImageObject","inLanguage":"de","@id":"https:\/\/now-news.de\/de\/#\/schema\/person\/image\/","url":"https:\/\/secure.gravatar.com\/avatar\/82aafea7d8127119dd649515f56e2117?s=96&d=mm&r=g","contentUrl":"https:\/\/secure.gravatar.com\/avatar\/82aafea7d8127119dd649515f56e2117?s=96&d=mm&r=g","caption":"rtnews"},"url":"https:\/\/now-news.de\/de\/author\/rnews\/"}]}},"_links":{"self":[{"href":"https:\/\/now-news.de\/de\/wp-json\/wp\/v2\/posts\/55807"}],"collection":[{"href":"https:\/\/now-news.de\/de\/wp-json\/wp\/v2\/posts"}],"about":[{"href":"https:\/\/now-news.de\/de\/wp-json\/wp\/v2\/types\/post"}],"author":[{"embeddable":true,"href":"https:\/\/now-news.de\/de\/wp-json\/wp\/v2\/users\/3"}],"replies":[{"embeddable":true,"href":"https:\/\/now-news.de\/de\/wp-json\/wp\/v2\/comments?post=55807"}],"version-history":[{"count":0,"href":"https:\/\/now-news.de\/de\/wp-json\/wp\/v2\/posts\/55807\/revisions"}],"wp:featuredmedia":[{"embeddable":true,"href":"https:\/\/now-news.de\/de\/wp-json\/wp\/v2\/media\/55808"}],"wp:attachment":[{"href":"https:\/\/now-news.de\/de\/wp-json\/wp\/v2\/media?parent=55807"}],"wp:term":[{"taxonomy":"category","embeddable":true,"href":"https:\/\/now-news.de\/de\/wp-json\/wp\/v2\/categories?post=55807"},{"taxonomy":"post_tag","embeddable":true,"href":"https:\/\/now-news.de\/de\/wp-json\/wp\/v2\/tags?post=55807"}],"curies":[{"name":"wp","href":"https:\/\/api.w.org\/{rel}","templated":true}]}}