{"id":55796,"date":"2024-02-22T15:34:54","date_gmt":"2024-02-22T13:34:54","guid":{"rendered":"https:\/\/just-now.news\/de\/deutschland\/migrationsueberflutung-bekaempfen-ex-frontex-chef-tritt-bei-eu-wahl-fuer-le-pen-partei-an\/"},"modified":"2024-02-22T15:34:54","modified_gmt":"2024-02-22T13:34:54","slug":"migrationsueberflutung-bekaempfen-ex-frontex-chef-tritt-bei-eu-wahl-fuer-le-pen-partei-an","status":"publish","type":"post","link":"https:\/\/now-news.de\/de\/deutschland\/migrationsueberflutung-bekaempfen-ex-frontex-chef-tritt-bei-eu-wahl-fuer-le-pen-partei-an\/","title":{"rendered":"&quot;Migrations\u00fcberflutung bek\u00e4mpfen&quot; \u2013 Ex-Frontex-Chef tritt bei EU-Wahl f\u00fcr Le-Pen-Partei an"},"content":{"rendered":"<p><img decoding=\"async\" src=\"http:\/\/just-now.news\/de\/wp-content\/uploads\/sites\/3\/2024\/02\/65d73d0d48fbef43f2278e3e.jpg\" \/><\/p>\n<div class=\"Text-root Text-type_1 \">\n                Der ehemalige Direktor der EU-Grenzschutzagentur Frontex und franz\u00f6sische Beamte Fabrice Leggeri will in Frankreich auf der Liste der Rassemblement National (RN) von Marine Le Pen f\u00fcr die Europawahl im Juni antreten. Leggeri war nach Vorw\u00fcrfen von Menschenrechtlern als Frontex-Chef zur\u00fcckgetreten.\n            <\/div>\n<p><\/p>\n<div class=\"Text-root Text-type_5 ArticleView-text ViewText-root \">\n<p>Der fr\u00fchere langj\u00e4hrige Direktor der Europ\u00e4ischen Agentur f\u00fcr die Grenz- und K\u00fcstenwache Frontex Fabrice Leggeri erkl\u00e4rte, dass er in Frankreich auf der Liste des rechtsnationalen Rassemblement National (RN) von Marine Le Pen f\u00fcr die Europawahl im Juni antreten will.<\/p>\n<p>Leggeri und das Rassemblement National gaben seine Kandidatur auf dem Listenplatz drei der Partei am Samstagabend bekannt. Gemeinsam wolle man den Franzosen die Kontrolle \u00fcber die Migrationspolitik ihres Landes zur\u00fcckgeben und f\u00fcr striktere Einwanderungsregeln innerhalb der ganzen EU k\u00e4mpfen, hei\u00dft es.<\/p>\n<p>Laut Umfragen kann die Partei unter F\u00fchrung von Marine Le Pen darauf hoffen, bei der Europawahl am 9. Juni deutlich besser als das Regierungslager von Pr\u00e4sident Emmanuel Macron abzuschneiden. Die Partei habe &#8220;einen konkreten Plan und die Kapazit\u00e4ten, ihn umzusetzen&#8221;, sagte Leggeri der franz\u00f6sischen Sonntagszeitung <em>Journal du Dimanche<\/em>. Ihm gehe es vor allem darum, die &#8220;Migrations\u00fcberflutung zu bek\u00e4mpfen&#8221;.<\/p>\n<p>Im April 2022 hatte Leggeri nach schweren Vorw\u00fcrfen gegen ihn und weitere Mitarbeiter seinen Posten als Frontex-Direktor zur Verf\u00fcgung gestellt. Hintergrund waren insbesondere Ermittlungen \u00fcber tats\u00e4chliche illegale Zur\u00fcckweisungen von Migranten, sogenannten &#8220;Pushbacks&#8221;, durch Griechenland im Mittelmeer. F\u00fchrungskr\u00e4fte der in Warschau ans\u00e4ssigen Agentur Frontex sollen absichtlich vertuscht haben, dass griechische Grenzsch\u00fctzer Migranten auf das offene Mittelmeer zur\u00fcckbrachten.<\/p>\n<p>Pushbacks an den Au\u00dfengrenzen sind nach internationalem Recht illegal. Daher werfen auch Nichtregierungsorganisationen Frontex vor, die Rechte von Migranten nicht ausreichend zu sch\u00fctzen. Leggeri wurde von ihnen w\u00e4hrend seiner Amtszeit als einer der Hauptverantwortlichen dieser Praxis ausgemacht.<\/p>\n<p>Leggeri schrieb zu seiner jetzigen Kandidatur f\u00fcr das Europaparlament auf X:<\/p>\n<blockquote>\n<p><em>&#8220;Mein Ziel ist es, meine Erfahrung und mein Fachwissen in den Dienst der Franzosen zu stellen &#8230; Nachdem ich fast sieben Jahre lang Frontex geleitet und rund 30 Jahre f\u00fcr den Staat gearbeitet habe, insbesondere in den Bereichen Sicherheit und Migrationsmanagement, ist diese Entscheidung nur konsequent.&#8221;<\/em><\/p>\n<\/blockquote>\n<p>Frontex war 2004 von der Europ\u00e4ischen Union gegr\u00fcndet und ab 2015 zur Europ\u00e4ischen Agentur f\u00fcr die Grenz- und K\u00fcstenwache ausgebaut worden. Der eigentliche Grenzschutz f\u00e4llt zwar weiterhin unter die Zust\u00e4ndigkeit der Mitgliedstaaten, die Agentur soll aber f\u00fcr ein gemeinsames Management an den Au\u00dfengrenzen der EU sorgen und nationale Grenzschutzeinheiten bei Bedarf effektiv unterst\u00fctzen.<\/p>\n<p>Im Juli 2022 hatte <em>Der Spiegel<\/em> \u00fcber ein geheimes EU-Papier berichtet, wonach Frontex beim Zur\u00fcckdr\u00e4ngen von Fl\u00fcchtlingen auf dem Meer durch die griechische K\u00fcstenwache bewusst &#8220;weggesehen&#8221; hat. In einem Fall sei ein Frontex-Flugzeug eigens aus der \u00c4g\u00e4is abgezogen worden, &#8220;um nicht Zeuge zu werden&#8221;, beschrieb es der Bericht des Europ\u00e4ischen Amtes f\u00fcr Betrugsbek\u00e4mpfung OLAF (franz\u00f6sisch: Office Europ\u00e9en de Lutte Anti-Fraude), aus dem das deutsche Nachrichtenmagazin <em>Der Spiegel<\/em> wie auch die franz\u00f6sische Zeitung <em>Le Monde<\/em> zitierten.<\/p>\n<p>Der nicht zur Ver\u00f6ffentlichung bestimmte Olaf-Bericht gilt als einer der Gr\u00fcnde f\u00fcr den R\u00fccktritt von Leggeri im April 2022. Ende 2022 wurde der Niederl\u00e4nder Hans Leijtens vom Frontex-Verwaltungsrat f\u00fcr f\u00fcnf Jahre zum Exekutivdirektor der Grenzschutzagentur ernannt. Der 59-j\u00e4hrige Soziologe und Psychologe war bis dahin Kommandant der niederl\u00e4ndischen Grenz- und Milit\u00e4rpolizei und zuvor Generaldirektor der niederl\u00e4ndischen Steuer- und Zollverwaltung.<\/p>\n<p><strong>Mehr zum Thema<\/strong> \u2013 <a rel=\"nofollow noopener\" target=\"_blank\" href=\"https:\/\/freeassange.rtde.life\/inland\/196054-wirbel-um-buergergeld-betrug-in\/\">Sozialbetrug: Wie &#8220;falsche&#8221; Ukrainer B\u00fcrgergeld erschleichen<\/a><\/p>\n<div class=\"EmbedBlock-root EmbedBlock-externalVideo EmbedBlock-odysee\">\n<div class=\"VkEmbed\"><iframe class=\"lazyload\" data-src=\"https:\/\/odysee.com\/%24\/embed\/%40RTDE%3Ae%2F-Die-L%C3%B6sung-hei%C3%9Ft-Kontrolle--%E2%80%93-Lindner-%C3%BCber--illegale-Migration-in-unser-Sozialsystem-%3A3\" frameborder=\"0\" width=\"853\" height=\"480\" allowfullscreen><\/iframe><\/div>\n<\/div>\n<\/div>\n<p><br \/>\n<br \/><a href=\"https:\/\/de.rt.com\/europa\/197090-migrationsueberflutung-bekaempfen-ex-frontex-chef-tritt-bei-eu-wahl-f%C3%BCr-le-pen-partei-an\/\">Source link <\/a><\/p>\n","protected":false},"excerpt":{"rendered":"<p>Der ehemalige Direktor der EU-Grenzschutzagentur Frontex und franz\u00f6sische Beamte Fabrice Leggeri will in Frankreich auf der Liste der Rassemblement National (RN) von Marine Le Pen f\u00fcr die Europawahl im Juni antreten. Leggeri war nach Vorw\u00fcrfen von Menschenrechtlern als Frontex-Chef zur\u00fcckgetreten. Der fr\u00fchere langj\u00e4hrige Direktor der Europ\u00e4ischen Agentur f\u00fcr die Grenz- und K\u00fcstenwache Frontex Fabrice Leggeri [&hellip;]<\/p>\n","protected":false},"author":3,"featured_media":55797,"comment_status":"open","ping_status":"open","sticky":false,"template":"","format":"standard","meta":{"_yoast_indexnow_last_ping":["1708609099"],"wp_automatic_camp":["217"],"2b5f75fb397db53d3b56fd6d66b755ac":["&quot;Migrations\u00fcberflutung bek\u00e4mpfen&quot; \u2013 Ex-Frontex-Chef tritt bei EU-Wahl f\u00fcr Le-Pen-Partei an"],"original_link":["https:\/\/de.rt.com\/europa\/197090-migrationsueberflutung-bekaempfen-ex-frontex-chef-tritt-bei-eu-wahl-f%C3%BCr-le-pen-partei-an\/"],"_thumbnail_id":["55797"],"_wptgpro_p2tg_sent2tg":["a:1:{i:23737;s:19:\"2024-02-22 15:39:20\";}"],"jnews_social_counter_last_update":["1777262614"]},"categories":[19,23],"tags":[363,20695,46825,53777,221,53778,53776,3470],"yoast_head":"<!-- This site is optimized with the Yoast SEO Premium plugin v22.7 (Yoast SEO v22.7) - https:\/\/yoast.com\/wordpress\/plugins\/seo\/ -->\n<title>&quot;Migrations\u00fcberflutung bek\u00e4mpfen&quot; \u2013 Ex-Frontex-Chef tritt bei EU-Wahl f\u00fcr Le-Pen-Partei an - just-now.NEWS Deutschland<\/title>\n<meta name=\"robots\" content=\"index, follow, max-snippet:-1, max-image-preview:large, max-video-preview:-1\" \/>\n<link rel=\"canonical\" href=\"https:\/\/now-news.de\/de\/deutschland\/migrationsueberflutung-bekaempfen-ex-frontex-chef-tritt-bei-eu-wahl-fuer-le-pen-partei-an\/\" \/>\n<meta property=\"og:locale\" content=\"de_DE\" \/>\n<meta property=\"og:type\" content=\"article\" \/>\n<meta property=\"og:title\" content=\"&quot;Migrations\u00fcberflutung bek\u00e4mpfen&quot; \u2013 Ex-Frontex-Chef tritt bei EU-Wahl f\u00fcr Le-Pen-Partei an\" \/>\n<meta property=\"og:description\" content=\"Der ehemalige Direktor der EU-Grenzschutzagentur Frontex und franz\u00f6sische Beamte Fabrice Leggeri will in Frankreich auf der Liste der Rassemblement National (RN) von Marine Le Pen f\u00fcr die Europawahl im Juni antreten. Leggeri war nach Vorw\u00fcrfen von Menschenrechtlern als Frontex-Chef zur\u00fcckgetreten. Der fr\u00fchere langj\u00e4hrige Direktor der Europ\u00e4ischen Agentur f\u00fcr die Grenz- und K\u00fcstenwache Frontex Fabrice Leggeri [&hellip;]\" \/>\n<meta property=\"og:url\" content=\"https:\/\/now-news.de\/de\/deutschland\/migrationsueberflutung-bekaempfen-ex-frontex-chef-tritt-bei-eu-wahl-fuer-le-pen-partei-an\/\" \/>\n<meta property=\"og:site_name\" content=\"just-now.NEWS Deutschland\" \/>\n<meta property=\"article:publisher\" content=\"https:\/\/www.facebook.com\/wirmachenauf\" \/>\n<meta property=\"article:published_time\" content=\"2024-02-22T13:34:54+00:00\" \/>\n<meta property=\"og:image\" content=\"https:\/\/now-news.de\/de\/wp-content\/uploads\/sites\/3\/2024\/02\/quotMigrationsueberflutung-bekaempfenquot-\u2013-Ex-Frontex-Chef-tritt-bei-EU-Wahl-fuer-Le-Pen-Partei-an.jpg\" \/>\n\t<meta property=\"og:image:width\" content=\"460\" \/>\n\t<meta property=\"og:image:height\" content=\"259\" \/>\n\t<meta property=\"og:image:type\" content=\"image\/jpeg\" \/>\n<meta name=\"author\" content=\"rtnews\" \/>\n<meta name=\"twitter:card\" content=\"summary_large_image\" \/>\n<meta name=\"twitter:creator\" content=\"@WirMachenAuf_de\" \/>\n<meta name=\"twitter:site\" content=\"@WirMachenAuf_de\" \/>\n<meta name=\"twitter:label1\" content=\"Verfasst von\" \/>\n\t<meta name=\"twitter:data1\" content=\"rtnews\" \/>\n\t<meta name=\"twitter:label2\" content=\"Gesch\u00e4tzte Lesezeit\" \/>\n\t<meta name=\"twitter:data2\" content=\"3\u00a0Minuten\" \/>\n<script type=\"application\/ld+json\" class=\"yoast-schema-graph\">{\"@context\":\"https:\/\/schema.org\",\"@graph\":[{\"@type\":\"Article\",\"@id\":\"https:\/\/now-news.de\/de\/deutschland\/migrationsueberflutung-bekaempfen-ex-frontex-chef-tritt-bei-eu-wahl-fuer-le-pen-partei-an\/#article\",\"isPartOf\":{\"@id\":\"https:\/\/now-news.de\/de\/deutschland\/migrationsueberflutung-bekaempfen-ex-frontex-chef-tritt-bei-eu-wahl-fuer-le-pen-partei-an\/\"},\"author\":{\"name\":\"rtnews\",\"@id\":\"https:\/\/now-news.de\/de\/#\/schema\/person\/fb534a4e865501d8b3285208df34a9b5\"},\"headline\":\"&quot;Migrations\u00fcberflutung bek\u00e4mpfen&quot; \u2013 Ex-Frontex-Chef tritt bei EU-Wahl f\u00fcr Le-Pen-Partei an\",\"datePublished\":\"2024-02-22T13:34:54+00:00\",\"dateModified\":\"2024-02-22T13:34:54+00:00\",\"mainEntityOfPage\":{\"@id\":\"https:\/\/now-news.de\/de\/deutschland\/migrationsueberflutung-bekaempfen-ex-frontex-chef-tritt-bei-eu-wahl-fuer-le-pen-partei-an\/\"},\"wordCount\":599,\"commentCount\":0,\"publisher\":{\"@id\":\"https:\/\/now-news.de\/de\/#organization\"},\"image\":{\"@id\":\"https:\/\/now-news.de\/de\/deutschland\/migrationsueberflutung-bekaempfen-ex-frontex-chef-tritt-bei-eu-wahl-fuer-le-pen-partei-an\/#primaryimage\"},\"thumbnailUrl\":\"https:\/\/now-news.de\/de\/wp-content\/uploads\/sites\/3\/2024\/02\/quotMigrationsueberflutung-bekaempfenquot-\u2013-Ex-Frontex-Chef-tritt-bei-EU-Wahl-fuer-Le-Pen-Partei-an.jpg\",\"keywords\":[\"bei\",\"bek\u00e4mpfenquot\",\"EUWahl\",\"ExFrontexChef\",\"f\u00fcr\",\"LePenPartei\",\"quotMigrations\u00fcberflutung\",\"tritt\"],\"articleSection\":[\"Deutschland\",\"Russland\"],\"inLanguage\":\"de\",\"potentialAction\":[{\"@type\":\"CommentAction\",\"name\":\"Comment\",\"target\":[\"https:\/\/now-news.de\/de\/deutschland\/migrationsueberflutung-bekaempfen-ex-frontex-chef-tritt-bei-eu-wahl-fuer-le-pen-partei-an\/#respond\"]}]},{\"@type\":\"WebPage\",\"@id\":\"https:\/\/now-news.de\/de\/deutschland\/migrationsueberflutung-bekaempfen-ex-frontex-chef-tritt-bei-eu-wahl-fuer-le-pen-partei-an\/\",\"url\":\"https:\/\/now-news.de\/de\/deutschland\/migrationsueberflutung-bekaempfen-ex-frontex-chef-tritt-bei-eu-wahl-fuer-le-pen-partei-an\/\",\"name\":\"&quot;Migrations\u00fcberflutung bek\u00e4mpfen&quot; \u2013 Ex-Frontex-Chef tritt bei EU-Wahl f\u00fcr Le-Pen-Partei an - just-now.NEWS Deutschland\",\"isPartOf\":{\"@id\":\"https:\/\/now-news.de\/de\/#website\"},\"primaryImageOfPage\":{\"@id\":\"https:\/\/now-news.de\/de\/deutschland\/migrationsueberflutung-bekaempfen-ex-frontex-chef-tritt-bei-eu-wahl-fuer-le-pen-partei-an\/#primaryimage\"},\"image\":{\"@id\":\"https:\/\/now-news.de\/de\/deutschland\/migrationsueberflutung-bekaempfen-ex-frontex-chef-tritt-bei-eu-wahl-fuer-le-pen-partei-an\/#primaryimage\"},\"thumbnailUrl\":\"https:\/\/now-news.de\/de\/wp-content\/uploads\/sites\/3\/2024\/02\/quotMigrationsueberflutung-bekaempfenquot-\u2013-Ex-Frontex-Chef-tritt-bei-EU-Wahl-fuer-Le-Pen-Partei-an.jpg\",\"datePublished\":\"2024-02-22T13:34:54+00:00\",\"dateModified\":\"2024-02-22T13:34:54+00:00\",\"breadcrumb\":{\"@id\":\"https:\/\/now-news.de\/de\/deutschland\/migrationsueberflutung-bekaempfen-ex-frontex-chef-tritt-bei-eu-wahl-fuer-le-pen-partei-an\/#breadcrumb\"},\"inLanguage\":\"de\",\"potentialAction\":[{\"@type\":\"ReadAction\",\"target\":[\"https:\/\/now-news.de\/de\/deutschland\/migrationsueberflutung-bekaempfen-ex-frontex-chef-tritt-bei-eu-wahl-fuer-le-pen-partei-an\/\"]}]},{\"@type\":\"ImageObject\",\"inLanguage\":\"de\",\"@id\":\"https:\/\/now-news.de\/de\/deutschland\/migrationsueberflutung-bekaempfen-ex-frontex-chef-tritt-bei-eu-wahl-fuer-le-pen-partei-an\/#primaryimage\",\"url\":\"https:\/\/now-news.de\/de\/wp-content\/uploads\/sites\/3\/2024\/02\/quotMigrationsueberflutung-bekaempfenquot-\u2013-Ex-Frontex-Chef-tritt-bei-EU-Wahl-fuer-Le-Pen-Partei-an.jpg\",\"contentUrl\":\"https:\/\/now-news.de\/de\/wp-content\/uploads\/sites\/3\/2024\/02\/quotMigrationsueberflutung-bekaempfenquot-\u2013-Ex-Frontex-Chef-tritt-bei-EU-Wahl-fuer-Le-Pen-Partei-an.jpg\",\"width\":460,\"height\":259,\"caption\":\"&quot;Migrations\u00fcberflutung bek\u00e4mpfen&quot; \u2013 Ex-Frontex-Chef tritt bei EU-Wahl f\u00fcr Le-Pen-Partei an\"},{\"@type\":\"BreadcrumbList\",\"@id\":\"https:\/\/now-news.de\/de\/deutschland\/migrationsueberflutung-bekaempfen-ex-frontex-chef-tritt-bei-eu-wahl-fuer-le-pen-partei-an\/#breadcrumb\",\"itemListElement\":[{\"@type\":\"ListItem\",\"position\":1,\"name\":\"Home\",\"item\":\"https:\/\/now-news.de\/de\/\"},{\"@type\":\"ListItem\",\"position\":2,\"name\":\"&quot;Migrations\u00fcberflutung bek\u00e4mpfen&quot; \u2013 Ex-Frontex-Chef tritt bei EU-Wahl f\u00fcr Le-Pen-Partei an\"}]},{\"@type\":\"WebSite\",\"@id\":\"https:\/\/now-news.de\/de\/#website\",\"url\":\"https:\/\/now-news.de\/de\/\",\"name\":\"just-now.NEWS Deutschland\",\"description\":\"Das Portal f\u00fcr unzensierte Nachrichten aus der Welt\",\"publisher\":{\"@id\":\"https:\/\/now-news.de\/de\/#organization\"},\"potentialAction\":[{\"@type\":\"SearchAction\",\"target\":{\"@type\":\"EntryPoint\",\"urlTemplate\":\"https:\/\/now-news.de\/de\/?s={search_term_string}\"},\"query-input\":\"required name=search_term_string\"}],\"inLanguage\":\"de\"},{\"@type\":\"Organization\",\"@id\":\"https:\/\/now-news.de\/de\/#organization\",\"name\":\"Just Now News\",\"url\":\"https:\/\/now-news.de\/de\/\",\"logo\":{\"@type\":\"ImageObject\",\"inLanguage\":\"de\",\"@id\":\"https:\/\/now-news.de\/de\/#\/schema\/logo\/image\/\",\"url\":\"http:\/\/just-now.news\/de\/wp-content\/uploads\/sites\/3\/2022\/04\/logo500x500.jpg\",\"contentUrl\":\"http:\/\/just-now.news\/de\/wp-content\/uploads\/sites\/3\/2022\/04\/logo500x500.jpg\",\"width\":500,\"height\":500,\"caption\":\"Just Now News\"},\"image\":{\"@id\":\"https:\/\/now-news.de\/de\/#\/schema\/logo\/image\/\"},\"sameAs\":[\"https:\/\/www.facebook.com\/wirmachenauf\",\"https:\/\/x.com\/WirMachenAuf_de\"]},{\"@type\":\"Person\",\"@id\":\"https:\/\/now-news.de\/de\/#\/schema\/person\/fb534a4e865501d8b3285208df34a9b5\",\"name\":\"rtnews\",\"image\":{\"@type\":\"ImageObject\",\"inLanguage\":\"de\",\"@id\":\"https:\/\/now-news.de\/de\/#\/schema\/person\/image\/\",\"url\":\"https:\/\/secure.gravatar.com\/avatar\/82aafea7d8127119dd649515f56e2117?s=96&d=mm&r=g\",\"contentUrl\":\"https:\/\/secure.gravatar.com\/avatar\/82aafea7d8127119dd649515f56e2117?s=96&d=mm&r=g\",\"caption\":\"rtnews\"},\"url\":\"https:\/\/now-news.de\/de\/author\/rnews\/\"}]}<\/script>\n<!-- \/ Yoast SEO Premium plugin. -->","yoast_head_json":{"title":"&quot;Migrations\u00fcberflutung bek\u00e4mpfen&quot; \u2013 Ex-Frontex-Chef tritt bei EU-Wahl f\u00fcr Le-Pen-Partei an - just-now.NEWS Deutschland","robots":{"index":"index","follow":"follow","max-snippet":"max-snippet:-1","max-image-preview":"max-image-preview:large","max-video-preview":"max-video-preview:-1"},"canonical":"https:\/\/now-news.de\/de\/deutschland\/migrationsueberflutung-bekaempfen-ex-frontex-chef-tritt-bei-eu-wahl-fuer-le-pen-partei-an\/","og_locale":"de_DE","og_type":"article","og_title":"&quot;Migrations\u00fcberflutung bek\u00e4mpfen&quot; \u2013 Ex-Frontex-Chef tritt bei EU-Wahl f\u00fcr Le-Pen-Partei an","og_description":"Der ehemalige Direktor der EU-Grenzschutzagentur Frontex und franz\u00f6sische Beamte Fabrice Leggeri will in Frankreich auf der Liste der Rassemblement National (RN) von Marine Le Pen f\u00fcr die Europawahl im Juni antreten. Leggeri war nach Vorw\u00fcrfen von Menschenrechtlern als Frontex-Chef zur\u00fcckgetreten. Der fr\u00fchere langj\u00e4hrige Direktor der Europ\u00e4ischen Agentur f\u00fcr die Grenz- und K\u00fcstenwache Frontex Fabrice Leggeri [&hellip;]","og_url":"https:\/\/now-news.de\/de\/deutschland\/migrationsueberflutung-bekaempfen-ex-frontex-chef-tritt-bei-eu-wahl-fuer-le-pen-partei-an\/","og_site_name":"just-now.NEWS Deutschland","article_publisher":"https:\/\/www.facebook.com\/wirmachenauf","article_published_time":"2024-02-22T13:34:54+00:00","og_image":[{"width":460,"height":259,"url":"https:\/\/now-news.de\/de\/wp-content\/uploads\/sites\/3\/2024\/02\/quotMigrationsueberflutung-bekaempfenquot-\u2013-Ex-Frontex-Chef-tritt-bei-EU-Wahl-fuer-Le-Pen-Partei-an.jpg","type":"image\/jpeg"}],"author":"rtnews","twitter_card":"summary_large_image","twitter_creator":"@WirMachenAuf_de","twitter_site":"@WirMachenAuf_de","twitter_misc":{"Verfasst von":"rtnews","Gesch\u00e4tzte Lesezeit":"3\u00a0Minuten"},"schema":{"@context":"https:\/\/schema.org","@graph":[{"@type":"Article","@id":"https:\/\/now-news.de\/de\/deutschland\/migrationsueberflutung-bekaempfen-ex-frontex-chef-tritt-bei-eu-wahl-fuer-le-pen-partei-an\/#article","isPartOf":{"@id":"https:\/\/now-news.de\/de\/deutschland\/migrationsueberflutung-bekaempfen-ex-frontex-chef-tritt-bei-eu-wahl-fuer-le-pen-partei-an\/"},"author":{"name":"rtnews","@id":"https:\/\/now-news.de\/de\/#\/schema\/person\/fb534a4e865501d8b3285208df34a9b5"},"headline":"&quot;Migrations\u00fcberflutung bek\u00e4mpfen&quot; \u2013 Ex-Frontex-Chef tritt bei EU-Wahl f\u00fcr Le-Pen-Partei an","datePublished":"2024-02-22T13:34:54+00:00","dateModified":"2024-02-22T13:34:54+00:00","mainEntityOfPage":{"@id":"https:\/\/now-news.de\/de\/deutschland\/migrationsueberflutung-bekaempfen-ex-frontex-chef-tritt-bei-eu-wahl-fuer-le-pen-partei-an\/"},"wordCount":599,"commentCount":0,"publisher":{"@id":"https:\/\/now-news.de\/de\/#organization"},"image":{"@id":"https:\/\/now-news.de\/de\/deutschland\/migrationsueberflutung-bekaempfen-ex-frontex-chef-tritt-bei-eu-wahl-fuer-le-pen-partei-an\/#primaryimage"},"thumbnailUrl":"https:\/\/now-news.de\/de\/wp-content\/uploads\/sites\/3\/2024\/02\/quotMigrationsueberflutung-bekaempfenquot-\u2013-Ex-Frontex-Chef-tritt-bei-EU-Wahl-fuer-Le-Pen-Partei-an.jpg","keywords":["bei","bek\u00e4mpfenquot","EUWahl","ExFrontexChef","f\u00fcr","LePenPartei","quotMigrations\u00fcberflutung","tritt"],"articleSection":["Deutschland","Russland"],"inLanguage":"de","potentialAction":[{"@type":"CommentAction","name":"Comment","target":["https:\/\/now-news.de\/de\/deutschland\/migrationsueberflutung-bekaempfen-ex-frontex-chef-tritt-bei-eu-wahl-fuer-le-pen-partei-an\/#respond"]}]},{"@type":"WebPage","@id":"https:\/\/now-news.de\/de\/deutschland\/migrationsueberflutung-bekaempfen-ex-frontex-chef-tritt-bei-eu-wahl-fuer-le-pen-partei-an\/","url":"https:\/\/now-news.de\/de\/deutschland\/migrationsueberflutung-bekaempfen-ex-frontex-chef-tritt-bei-eu-wahl-fuer-le-pen-partei-an\/","name":"&quot;Migrations\u00fcberflutung bek\u00e4mpfen&quot; \u2013 Ex-Frontex-Chef tritt bei EU-Wahl f\u00fcr Le-Pen-Partei an - just-now.NEWS Deutschland","isPartOf":{"@id":"https:\/\/now-news.de\/de\/#website"},"primaryImageOfPage":{"@id":"https:\/\/now-news.de\/de\/deutschland\/migrationsueberflutung-bekaempfen-ex-frontex-chef-tritt-bei-eu-wahl-fuer-le-pen-partei-an\/#primaryimage"},"image":{"@id":"https:\/\/now-news.de\/de\/deutschland\/migrationsueberflutung-bekaempfen-ex-frontex-chef-tritt-bei-eu-wahl-fuer-le-pen-partei-an\/#primaryimage"},"thumbnailUrl":"https:\/\/now-news.de\/de\/wp-content\/uploads\/sites\/3\/2024\/02\/quotMigrationsueberflutung-bekaempfenquot-\u2013-Ex-Frontex-Chef-tritt-bei-EU-Wahl-fuer-Le-Pen-Partei-an.jpg","datePublished":"2024-02-22T13:34:54+00:00","dateModified":"2024-02-22T13:34:54+00:00","breadcrumb":{"@id":"https:\/\/now-news.de\/de\/deutschland\/migrationsueberflutung-bekaempfen-ex-frontex-chef-tritt-bei-eu-wahl-fuer-le-pen-partei-an\/#breadcrumb"},"inLanguage":"de","potentialAction":[{"@type":"ReadAction","target":["https:\/\/now-news.de\/de\/deutschland\/migrationsueberflutung-bekaempfen-ex-frontex-chef-tritt-bei-eu-wahl-fuer-le-pen-partei-an\/"]}]},{"@type":"ImageObject","inLanguage":"de","@id":"https:\/\/now-news.de\/de\/deutschland\/migrationsueberflutung-bekaempfen-ex-frontex-chef-tritt-bei-eu-wahl-fuer-le-pen-partei-an\/#primaryimage","url":"https:\/\/now-news.de\/de\/wp-content\/uploads\/sites\/3\/2024\/02\/quotMigrationsueberflutung-bekaempfenquot-\u2013-Ex-Frontex-Chef-tritt-bei-EU-Wahl-fuer-Le-Pen-Partei-an.jpg","contentUrl":"https:\/\/now-news.de\/de\/wp-content\/uploads\/sites\/3\/2024\/02\/quotMigrationsueberflutung-bekaempfenquot-\u2013-Ex-Frontex-Chef-tritt-bei-EU-Wahl-fuer-Le-Pen-Partei-an.jpg","width":460,"height":259,"caption":"&quot;Migrations\u00fcberflutung bek\u00e4mpfen&quot; \u2013 Ex-Frontex-Chef tritt bei EU-Wahl f\u00fcr Le-Pen-Partei an"},{"@type":"BreadcrumbList","@id":"https:\/\/now-news.de\/de\/deutschland\/migrationsueberflutung-bekaempfen-ex-frontex-chef-tritt-bei-eu-wahl-fuer-le-pen-partei-an\/#breadcrumb","itemListElement":[{"@type":"ListItem","position":1,"name":"Home","item":"https:\/\/now-news.de\/de\/"},{"@type":"ListItem","position":2,"name":"&quot;Migrations\u00fcberflutung bek\u00e4mpfen&quot; \u2013 Ex-Frontex-Chef tritt bei EU-Wahl f\u00fcr Le-Pen-Partei an"}]},{"@type":"WebSite","@id":"https:\/\/now-news.de\/de\/#website","url":"https:\/\/now-news.de\/de\/","name":"just-now.NEWS Deutschland","description":"Das Portal f\u00fcr unzensierte Nachrichten aus der Welt","publisher":{"@id":"https:\/\/now-news.de\/de\/#organization"},"potentialAction":[{"@type":"SearchAction","target":{"@type":"EntryPoint","urlTemplate":"https:\/\/now-news.de\/de\/?s={search_term_string}"},"query-input":"required name=search_term_string"}],"inLanguage":"de"},{"@type":"Organization","@id":"https:\/\/now-news.de\/de\/#organization","name":"Just Now News","url":"https:\/\/now-news.de\/de\/","logo":{"@type":"ImageObject","inLanguage":"de","@id":"https:\/\/now-news.de\/de\/#\/schema\/logo\/image\/","url":"http:\/\/just-now.news\/de\/wp-content\/uploads\/sites\/3\/2022\/04\/logo500x500.jpg","contentUrl":"http:\/\/just-now.news\/de\/wp-content\/uploads\/sites\/3\/2022\/04\/logo500x500.jpg","width":500,"height":500,"caption":"Just Now News"},"image":{"@id":"https:\/\/now-news.de\/de\/#\/schema\/logo\/image\/"},"sameAs":["https:\/\/www.facebook.com\/wirmachenauf","https:\/\/x.com\/WirMachenAuf_de"]},{"@type":"Person","@id":"https:\/\/now-news.de\/de\/#\/schema\/person\/fb534a4e865501d8b3285208df34a9b5","name":"rtnews","image":{"@type":"ImageObject","inLanguage":"de","@id":"https:\/\/now-news.de\/de\/#\/schema\/person\/image\/","url":"https:\/\/secure.gravatar.com\/avatar\/82aafea7d8127119dd649515f56e2117?s=96&d=mm&r=g","contentUrl":"https:\/\/secure.gravatar.com\/avatar\/82aafea7d8127119dd649515f56e2117?s=96&d=mm&r=g","caption":"rtnews"},"url":"https:\/\/now-news.de\/de\/author\/rnews\/"}]}},"_links":{"self":[{"href":"https:\/\/now-news.de\/de\/wp-json\/wp\/v2\/posts\/55796"}],"collection":[{"href":"https:\/\/now-news.de\/de\/wp-json\/wp\/v2\/posts"}],"about":[{"href":"https:\/\/now-news.de\/de\/wp-json\/wp\/v2\/types\/post"}],"author":[{"embeddable":true,"href":"https:\/\/now-news.de\/de\/wp-json\/wp\/v2\/users\/3"}],"replies":[{"embeddable":true,"href":"https:\/\/now-news.de\/de\/wp-json\/wp\/v2\/comments?post=55796"}],"version-history":[{"count":0,"href":"https:\/\/now-news.de\/de\/wp-json\/wp\/v2\/posts\/55796\/revisions"}],"wp:featuredmedia":[{"embeddable":true,"href":"https:\/\/now-news.de\/de\/wp-json\/wp\/v2\/media\/55797"}],"wp:attachment":[{"href":"https:\/\/now-news.de\/de\/wp-json\/wp\/v2\/media?parent=55796"}],"wp:term":[{"taxonomy":"category","embeddable":true,"href":"https:\/\/now-news.de\/de\/wp-json\/wp\/v2\/categories?post=55796"},{"taxonomy":"post_tag","embeddable":true,"href":"https:\/\/now-news.de\/de\/wp-json\/wp\/v2\/tags?post=55796"}],"curies":[{"name":"wp","href":"https:\/\/api.w.org\/{rel}","templated":true}]}}