{"id":55783,"date":"2024-02-22T13:07:52","date_gmt":"2024-02-22T11:07:52","guid":{"rendered":"https:\/\/just-now.news\/de\/deutschland\/brasilien-fordert-in-vorbereitung-des-g20-gipfels-eine-reform-der-internationalen-institutionen\/"},"modified":"2024-02-22T13:07:52","modified_gmt":"2024-02-22T11:07:52","slug":"brasilien-fordert-in-vorbereitung-des-g20-gipfels-eine-reform-der-internationalen-institutionen","status":"publish","type":"post","link":"https:\/\/now-news.de\/de\/deutschland\/brasilien-fordert-in-vorbereitung-des-g20-gipfels-eine-reform-der-internationalen-institutionen\/","title":{"rendered":"Brasilien fordert in Vorbereitung des G20-Gipfels eine Reform der internationalen Institutionen"},"content":{"rendered":"<p><img decoding=\"async\" src=\"http:\/\/just-now.news\/de\/wp-content\/uploads\/sites\/3\/2024\/02\/65d7134948fbef446e7c9b77.jpg\" \/><\/p>\n<div class=\"Text-root Text-type_1 \">\n                In Vorbereitung des Gipfeltreffens der G20 im November hat Brasilien eine &#8220;inakzeptable L\u00e4hmung&#8221; des UN-Sicherheitsrats angesichts der Kriege im Nahen Osten und der Ukraine beklagt. Der brasilianische Pr\u00e4sident Lula da Silva hatte bereits fr\u00fcher die Aufnahme weiterer L\u00e4nder aus Afrika, Lateinamerika sowie von Indien, Deutschland oder Japan in den UN-Sicherheitsrat vorgeschlagen.\n            <\/div>\n<p><\/p>\n<div class=\"Text-root Text-type_5 ArticleView-text ViewText-root \">\n<p>W\u00e4hrend Brasilien derzeit den Vorsitz der Gruppe der Zwanzig (G20) \u00fcbernahm, forderte der brasilianische Au\u00dfenminister Mauro Vieira am Mittwoch Reformen der Vereinten Nationen und anderer multilateraler Institutionen. Mauro Vieira kritisierte gegen\u00fcber seinen bei der Er\u00f6ffnung des G20-Au\u00dfenminister-Treffens in Rio de Janeiro anwesenden Kollegen die Unf\u00e4higkeit der Vereinten Nationen und des UN-Sicherheitsrats, Konflikte wie die in der Ukraine und im Gazastreifen zu verhindern oder zu beenden.<\/p>\n<p>&#8220;Die multilateralen Institutionen sind nicht in der Lage, die aktuellen Herausforderungen zu bew\u00e4ltigen, wie die inakzeptable L\u00e4hmung des Sicherheitsrates in Bezug auf die laufenden Konflikte zeigt&#8221;, sagte Vieira w\u00f6rtlich bei der Er\u00f6ffnungssitzung der Au\u00dfenminister der G20.\u00a0<\/p>\n<p>Die Au\u00dfenminister der 19 f\u00fchrenden Industriestaaten und Entwicklungsl\u00e4nder sowie der EU und der Afrikanischen Union kommen bereits in dieser Woche in Brasilien zusammen, um \u00fcber Armut, Klimawandel und die zunehmenden globalen Spannungen zu diskutieren und einen Fahrplan f\u00fcr die weitere Arbeit im Vorfeld des Gipfeltreffens in Rio de Janeiro am 18. und 19. November 2024 zu vereinbaren.<\/p>\n<p>Einer der wichtigsten Vorschl\u00e4ge Brasiliens, der vom brasilianischen Pr\u00e4sidenten Luiz In\u00e1cio Lula da Silva unterbreitet wurde, ist eine Reform der globalen Institutionen wie der Vereinten Nationen, der Welthandelsorganisation und der multilateralen Banken, mit der er eine st\u00e4rkere Vertretung der sogenannten Entwicklungsl\u00e4nder anzustreben fordert.<\/p>\n<p>Der Pr\u00e4sident hatte am 18. Februar sein Interesse an einer Erweiterung des UN-Sicherheitsrats bekr\u00e4ftigt und daf\u00fcr die Aufnahme weiterer L\u00e4nder aus Afrika und Lateinamerika sowie von Indien, Deutschland oder Japan vorgeschlagen.<\/p>\n<p>&#8220;Wir m\u00fcssen mehr Leute einbeziehen und das Vetorecht in der UNO abschaffen, denn es ist nicht m\u00f6glich, dass ein Land allein ein Veto gegen etwas einlegen kann, das von allen Mitgliedern gebilligt wurde&#8221;, erkl\u00e4rte Lula da Silva anl\u00e4sslich eines Staatsbesuchs in \u00c4thiopien.<\/p>\n<p>Ob der brasilianische Vorsto\u00df erfolgreich sein wird, bleibt abzuwarten, da die st\u00e4ndigen Mitglieder des UN-Sicherheitsrats in der Vergangenheit bereits Reformversuchen, die zu einem Verlust ihrer Macht f\u00fchren w\u00fcrden, ablehnend gegen\u00fcberstanden, kommentierte die Nachrichtenagentur <em>AP<\/em>.<\/p>\n<p>Nach Jahren einer gewissen diplomatischen Isolation unter dem vorherigen brasilianischen Pr\u00e4sidenten Jair Bolsonaro hat Lula da Silva seit seiner R\u00fcckkehr in das Amt im Januar 2023 versucht, Brasilien wieder deutlich mehr Geh\u00f6r in der globalen Diplomatie zu verschaffen. Die Finanzminister und Zentralbankpr\u00e4sidenten des G20 werden n\u00e4chste Woche in Sao Paulo zusammentreffen, und f\u00fcr September ist noch ein zweites Treffen der Au\u00dfenminister im Vorfeld des Gipfeltreffens geplant.<\/p>\n<p><strong>Mehr zum Thema<\/strong> &#8211; <a rel=\"nofollow noopener\" target=\"_blank\" href=\"https:\/\/freeassange.rtde.life\/kurzclips\/video\/196881-diplomatische-krise-zwischen-israel-und\/\">Diplomatische Krise zwischen Israel und Brasilien nach Holocaust-Vergleich durch Pr\u00e4sident Lula<\/a><\/p>\n<div class=\"EmbedBlock-root EmbedBlock-externalVideo EmbedBlock-odysee\">\n<div class=\"VkEmbed\"><iframe class=\"lazyload\" data-src=\"https:\/\/odysee.com\/%24\/embed\/%40RTDE%3Ae%2F-Russlands-Kampf-gegen-den-Faschismus-ist-auch-der-unsere--%E2%80%93-Maduro-begr%C3%BC%C3%9Ft-Lawrow-in-Caracas%3A8\" frameborder=\"0\" width=\"853\" height=\"480\" allowfullscreen><\/iframe><\/div>\n<\/div>\n<\/div>\n<p><br \/>\n<br \/><a href=\"https:\/\/de.rt.com\/international\/197052-brasilien-fordert-zum-auftakt-g20\/\">Source link <\/a><\/p>\n","protected":false},"excerpt":{"rendered":"<p>In Vorbereitung des Gipfeltreffens der G20 im November hat Brasilien eine &#8220;inakzeptable L\u00e4hmung&#8221; des UN-Sicherheitsrats angesichts der Kriege im Nahen Osten und der Ukraine beklagt. Der brasilianische Pr\u00e4sident Lula da Silva hatte bereits fr\u00fcher die Aufnahme weiterer L\u00e4nder aus Afrika, Lateinamerika sowie von Indien, Deutschland oder Japan in den UN-Sicherheitsrat vorgeschlagen. W\u00e4hrend Brasilien derzeit den [&hellip;]<\/p>\n","protected":false},"author":3,"featured_media":55784,"comment_status":"open","ping_status":"open","sticky":false,"template":"","format":"standard","meta":{"_yoast_indexnow_last_ping":["1708600400"],"wp_automatic_camp":["217"],"29800db3d112ab01fd3605c09ade47bb":["Brasilien fordert in Vorbereitung des G20-Gipfels eine Reform der internationalen Institutionen"],"original_link":["https:\/\/de.rt.com\/international\/197052-brasilien-fordert-zum-auftakt-g20\/"],"_thumbnail_id":["55784"],"jnews_social_counter_last_update":["1777404286"],"_wptgpro_p2tg_sent2tg":["a:1:{i:23737;s:19:\"2024-02-22 13:14:22\";}"]},"categories":[19,23],"tags":[10646,82,583,275,355,27507,38586,524,269,1020],"yoast_head":"<!-- This site is optimized with the Yoast SEO Premium plugin v22.7 (Yoast SEO v22.7) - https:\/\/yoast.com\/wordpress\/plugins\/seo\/ -->\n<title>Brasilien fordert in Vorbereitung des G20-Gipfels eine Reform der internationalen Institutionen - just-now.NEWS Deutschland<\/title>\n<meta name=\"robots\" content=\"index, follow, max-snippet:-1, max-image-preview:large, max-video-preview:-1\" \/>\n<link rel=\"canonical\" href=\"https:\/\/now-news.de\/de\/deutschland\/brasilien-fordert-in-vorbereitung-des-g20-gipfels-eine-reform-der-internationalen-institutionen\/\" \/>\n<meta property=\"og:locale\" content=\"de_DE\" \/>\n<meta property=\"og:type\" content=\"article\" \/>\n<meta property=\"og:title\" content=\"Brasilien fordert in Vorbereitung des G20-Gipfels eine Reform der internationalen Institutionen\" \/>\n<meta property=\"og:description\" content=\"In Vorbereitung des Gipfeltreffens der G20 im November hat Brasilien eine &#8220;inakzeptable L\u00e4hmung&#8221; des UN-Sicherheitsrats angesichts der Kriege im Nahen Osten und der Ukraine beklagt. Der brasilianische Pr\u00e4sident Lula da Silva hatte bereits fr\u00fcher die Aufnahme weiterer L\u00e4nder aus Afrika, Lateinamerika sowie von Indien, Deutschland oder Japan in den UN-Sicherheitsrat vorgeschlagen. W\u00e4hrend Brasilien derzeit den [&hellip;]\" \/>\n<meta property=\"og:url\" content=\"https:\/\/now-news.de\/de\/deutschland\/brasilien-fordert-in-vorbereitung-des-g20-gipfels-eine-reform-der-internationalen-institutionen\/\" \/>\n<meta property=\"og:site_name\" content=\"just-now.NEWS Deutschland\" \/>\n<meta property=\"article:publisher\" content=\"https:\/\/www.facebook.com\/wirmachenauf\" \/>\n<meta property=\"article:published_time\" content=\"2024-02-22T11:07:52+00:00\" \/>\n<meta property=\"og:image\" content=\"https:\/\/now-news.de\/de\/wp-content\/uploads\/sites\/3\/2024\/02\/Brasilien-fordert-in-Vorbereitung-des-G20-Gipfels-eine-Reform-der-internationalen.jpg\" \/>\n\t<meta property=\"og:image:width\" content=\"460\" \/>\n\t<meta property=\"og:image:height\" content=\"259\" \/>\n\t<meta property=\"og:image:type\" content=\"image\/jpeg\" \/>\n<meta name=\"author\" content=\"rtnews\" \/>\n<meta name=\"twitter:card\" content=\"summary_large_image\" \/>\n<meta name=\"twitter:creator\" content=\"@WirMachenAuf_de\" \/>\n<meta name=\"twitter:site\" content=\"@WirMachenAuf_de\" \/>\n<meta name=\"twitter:label1\" content=\"Verfasst von\" \/>\n\t<meta name=\"twitter:data1\" content=\"rtnews\" \/>\n\t<meta name=\"twitter:label2\" content=\"Gesch\u00e4tzte Lesezeit\" \/>\n\t<meta name=\"twitter:data2\" content=\"2\u00a0Minuten\" \/>\n<script type=\"application\/ld+json\" class=\"yoast-schema-graph\">{\"@context\":\"https:\/\/schema.org\",\"@graph\":[{\"@type\":\"Article\",\"@id\":\"https:\/\/now-news.de\/de\/deutschland\/brasilien-fordert-in-vorbereitung-des-g20-gipfels-eine-reform-der-internationalen-institutionen\/#article\",\"isPartOf\":{\"@id\":\"https:\/\/now-news.de\/de\/deutschland\/brasilien-fordert-in-vorbereitung-des-g20-gipfels-eine-reform-der-internationalen-institutionen\/\"},\"author\":{\"name\":\"rtnews\",\"@id\":\"https:\/\/now-news.de\/de\/#\/schema\/person\/fb534a4e865501d8b3285208df34a9b5\"},\"headline\":\"Brasilien fordert in Vorbereitung des G20-Gipfels eine Reform der internationalen Institutionen\",\"datePublished\":\"2024-02-22T11:07:52+00:00\",\"dateModified\":\"2024-02-22T11:07:52+00:00\",\"mainEntityOfPage\":{\"@id\":\"https:\/\/now-news.de\/de\/deutschland\/brasilien-fordert-in-vorbereitung-des-g20-gipfels-eine-reform-der-internationalen-institutionen\/\"},\"wordCount\":494,\"commentCount\":0,\"publisher\":{\"@id\":\"https:\/\/now-news.de\/de\/#organization\"},\"image\":{\"@id\":\"https:\/\/now-news.de\/de\/deutschland\/brasilien-fordert-in-vorbereitung-des-g20-gipfels-eine-reform-der-internationalen-institutionen\/#primaryimage\"},\"thumbnailUrl\":\"https:\/\/now-news.de\/de\/wp-content\/uploads\/sites\/3\/2024\/02\/Brasilien-fordert-in-Vorbereitung-des-G20-Gipfels-eine-Reform-der-internationalen.jpg\",\"keywords\":[\"Brasilien\",\"der\",\"des\",\"eine\",\"fordert\",\"G20Gipfels\",\"Institutionen\",\"internationalen\",\"Reform\",\"Vorbereitung\"],\"articleSection\":[\"Deutschland\",\"Russland\"],\"inLanguage\":\"de\",\"potentialAction\":[{\"@type\":\"CommentAction\",\"name\":\"Comment\",\"target\":[\"https:\/\/now-news.de\/de\/deutschland\/brasilien-fordert-in-vorbereitung-des-g20-gipfels-eine-reform-der-internationalen-institutionen\/#respond\"]}]},{\"@type\":\"WebPage\",\"@id\":\"https:\/\/now-news.de\/de\/deutschland\/brasilien-fordert-in-vorbereitung-des-g20-gipfels-eine-reform-der-internationalen-institutionen\/\",\"url\":\"https:\/\/now-news.de\/de\/deutschland\/brasilien-fordert-in-vorbereitung-des-g20-gipfels-eine-reform-der-internationalen-institutionen\/\",\"name\":\"Brasilien fordert in Vorbereitung des G20-Gipfels eine Reform der internationalen Institutionen - just-now.NEWS Deutschland\",\"isPartOf\":{\"@id\":\"https:\/\/now-news.de\/de\/#website\"},\"primaryImageOfPage\":{\"@id\":\"https:\/\/now-news.de\/de\/deutschland\/brasilien-fordert-in-vorbereitung-des-g20-gipfels-eine-reform-der-internationalen-institutionen\/#primaryimage\"},\"image\":{\"@id\":\"https:\/\/now-news.de\/de\/deutschland\/brasilien-fordert-in-vorbereitung-des-g20-gipfels-eine-reform-der-internationalen-institutionen\/#primaryimage\"},\"thumbnailUrl\":\"https:\/\/now-news.de\/de\/wp-content\/uploads\/sites\/3\/2024\/02\/Brasilien-fordert-in-Vorbereitung-des-G20-Gipfels-eine-Reform-der-internationalen.jpg\",\"datePublished\":\"2024-02-22T11:07:52+00:00\",\"dateModified\":\"2024-02-22T11:07:52+00:00\",\"breadcrumb\":{\"@id\":\"https:\/\/now-news.de\/de\/deutschland\/brasilien-fordert-in-vorbereitung-des-g20-gipfels-eine-reform-der-internationalen-institutionen\/#breadcrumb\"},\"inLanguage\":\"de\",\"potentialAction\":[{\"@type\":\"ReadAction\",\"target\":[\"https:\/\/now-news.de\/de\/deutschland\/brasilien-fordert-in-vorbereitung-des-g20-gipfels-eine-reform-der-internationalen-institutionen\/\"]}]},{\"@type\":\"ImageObject\",\"inLanguage\":\"de\",\"@id\":\"https:\/\/now-news.de\/de\/deutschland\/brasilien-fordert-in-vorbereitung-des-g20-gipfels-eine-reform-der-internationalen-institutionen\/#primaryimage\",\"url\":\"https:\/\/now-news.de\/de\/wp-content\/uploads\/sites\/3\/2024\/02\/Brasilien-fordert-in-Vorbereitung-des-G20-Gipfels-eine-Reform-der-internationalen.jpg\",\"contentUrl\":\"https:\/\/now-news.de\/de\/wp-content\/uploads\/sites\/3\/2024\/02\/Brasilien-fordert-in-Vorbereitung-des-G20-Gipfels-eine-Reform-der-internationalen.jpg\",\"width\":460,\"height\":259,\"caption\":\"Brasilien fordert in Vorbereitung des G20-Gipfels eine Reform der internationalen Institutionen\"},{\"@type\":\"BreadcrumbList\",\"@id\":\"https:\/\/now-news.de\/de\/deutschland\/brasilien-fordert-in-vorbereitung-des-g20-gipfels-eine-reform-der-internationalen-institutionen\/#breadcrumb\",\"itemListElement\":[{\"@type\":\"ListItem\",\"position\":1,\"name\":\"Home\",\"item\":\"https:\/\/now-news.de\/de\/\"},{\"@type\":\"ListItem\",\"position\":2,\"name\":\"Brasilien fordert in Vorbereitung des G20-Gipfels eine Reform der internationalen Institutionen\"}]},{\"@type\":\"WebSite\",\"@id\":\"https:\/\/now-news.de\/de\/#website\",\"url\":\"https:\/\/now-news.de\/de\/\",\"name\":\"just-now.NEWS Deutschland\",\"description\":\"Das Portal f\u00fcr unzensierte Nachrichten aus der Welt\",\"publisher\":{\"@id\":\"https:\/\/now-news.de\/de\/#organization\"},\"potentialAction\":[{\"@type\":\"SearchAction\",\"target\":{\"@type\":\"EntryPoint\",\"urlTemplate\":\"https:\/\/now-news.de\/de\/?s={search_term_string}\"},\"query-input\":\"required name=search_term_string\"}],\"inLanguage\":\"de\"},{\"@type\":\"Organization\",\"@id\":\"https:\/\/now-news.de\/de\/#organization\",\"name\":\"Just Now News\",\"url\":\"https:\/\/now-news.de\/de\/\",\"logo\":{\"@type\":\"ImageObject\",\"inLanguage\":\"de\",\"@id\":\"https:\/\/now-news.de\/de\/#\/schema\/logo\/image\/\",\"url\":\"http:\/\/just-now.news\/de\/wp-content\/uploads\/sites\/3\/2022\/04\/logo500x500.jpg\",\"contentUrl\":\"http:\/\/just-now.news\/de\/wp-content\/uploads\/sites\/3\/2022\/04\/logo500x500.jpg\",\"width\":500,\"height\":500,\"caption\":\"Just Now News\"},\"image\":{\"@id\":\"https:\/\/now-news.de\/de\/#\/schema\/logo\/image\/\"},\"sameAs\":[\"https:\/\/www.facebook.com\/wirmachenauf\",\"https:\/\/x.com\/WirMachenAuf_de\"]},{\"@type\":\"Person\",\"@id\":\"https:\/\/now-news.de\/de\/#\/schema\/person\/fb534a4e865501d8b3285208df34a9b5\",\"name\":\"rtnews\",\"image\":{\"@type\":\"ImageObject\",\"inLanguage\":\"de\",\"@id\":\"https:\/\/now-news.de\/de\/#\/schema\/person\/image\/\",\"url\":\"https:\/\/secure.gravatar.com\/avatar\/82aafea7d8127119dd649515f56e2117?s=96&d=mm&r=g\",\"contentUrl\":\"https:\/\/secure.gravatar.com\/avatar\/82aafea7d8127119dd649515f56e2117?s=96&d=mm&r=g\",\"caption\":\"rtnews\"},\"url\":\"https:\/\/now-news.de\/de\/author\/rnews\/\"}]}<\/script>\n<!-- \/ Yoast SEO Premium plugin. -->","yoast_head_json":{"title":"Brasilien fordert in Vorbereitung des G20-Gipfels eine Reform der internationalen Institutionen - just-now.NEWS Deutschland","robots":{"index":"index","follow":"follow","max-snippet":"max-snippet:-1","max-image-preview":"max-image-preview:large","max-video-preview":"max-video-preview:-1"},"canonical":"https:\/\/now-news.de\/de\/deutschland\/brasilien-fordert-in-vorbereitung-des-g20-gipfels-eine-reform-der-internationalen-institutionen\/","og_locale":"de_DE","og_type":"article","og_title":"Brasilien fordert in Vorbereitung des G20-Gipfels eine Reform der internationalen Institutionen","og_description":"In Vorbereitung des Gipfeltreffens der G20 im November hat Brasilien eine &#8220;inakzeptable L\u00e4hmung&#8221; des UN-Sicherheitsrats angesichts der Kriege im Nahen Osten und der Ukraine beklagt. Der brasilianische Pr\u00e4sident Lula da Silva hatte bereits fr\u00fcher die Aufnahme weiterer L\u00e4nder aus Afrika, Lateinamerika sowie von Indien, Deutschland oder Japan in den UN-Sicherheitsrat vorgeschlagen. W\u00e4hrend Brasilien derzeit den [&hellip;]","og_url":"https:\/\/now-news.de\/de\/deutschland\/brasilien-fordert-in-vorbereitung-des-g20-gipfels-eine-reform-der-internationalen-institutionen\/","og_site_name":"just-now.NEWS Deutschland","article_publisher":"https:\/\/www.facebook.com\/wirmachenauf","article_published_time":"2024-02-22T11:07:52+00:00","og_image":[{"width":460,"height":259,"url":"https:\/\/now-news.de\/de\/wp-content\/uploads\/sites\/3\/2024\/02\/Brasilien-fordert-in-Vorbereitung-des-G20-Gipfels-eine-Reform-der-internationalen.jpg","type":"image\/jpeg"}],"author":"rtnews","twitter_card":"summary_large_image","twitter_creator":"@WirMachenAuf_de","twitter_site":"@WirMachenAuf_de","twitter_misc":{"Verfasst von":"rtnews","Gesch\u00e4tzte Lesezeit":"2\u00a0Minuten"},"schema":{"@context":"https:\/\/schema.org","@graph":[{"@type":"Article","@id":"https:\/\/now-news.de\/de\/deutschland\/brasilien-fordert-in-vorbereitung-des-g20-gipfels-eine-reform-der-internationalen-institutionen\/#article","isPartOf":{"@id":"https:\/\/now-news.de\/de\/deutschland\/brasilien-fordert-in-vorbereitung-des-g20-gipfels-eine-reform-der-internationalen-institutionen\/"},"author":{"name":"rtnews","@id":"https:\/\/now-news.de\/de\/#\/schema\/person\/fb534a4e865501d8b3285208df34a9b5"},"headline":"Brasilien fordert in Vorbereitung des G20-Gipfels eine Reform der internationalen Institutionen","datePublished":"2024-02-22T11:07:52+00:00","dateModified":"2024-02-22T11:07:52+00:00","mainEntityOfPage":{"@id":"https:\/\/now-news.de\/de\/deutschland\/brasilien-fordert-in-vorbereitung-des-g20-gipfels-eine-reform-der-internationalen-institutionen\/"},"wordCount":494,"commentCount":0,"publisher":{"@id":"https:\/\/now-news.de\/de\/#organization"},"image":{"@id":"https:\/\/now-news.de\/de\/deutschland\/brasilien-fordert-in-vorbereitung-des-g20-gipfels-eine-reform-der-internationalen-institutionen\/#primaryimage"},"thumbnailUrl":"https:\/\/now-news.de\/de\/wp-content\/uploads\/sites\/3\/2024\/02\/Brasilien-fordert-in-Vorbereitung-des-G20-Gipfels-eine-Reform-der-internationalen.jpg","keywords":["Brasilien","der","des","eine","fordert","G20Gipfels","Institutionen","internationalen","Reform","Vorbereitung"],"articleSection":["Deutschland","Russland"],"inLanguage":"de","potentialAction":[{"@type":"CommentAction","name":"Comment","target":["https:\/\/now-news.de\/de\/deutschland\/brasilien-fordert-in-vorbereitung-des-g20-gipfels-eine-reform-der-internationalen-institutionen\/#respond"]}]},{"@type":"WebPage","@id":"https:\/\/now-news.de\/de\/deutschland\/brasilien-fordert-in-vorbereitung-des-g20-gipfels-eine-reform-der-internationalen-institutionen\/","url":"https:\/\/now-news.de\/de\/deutschland\/brasilien-fordert-in-vorbereitung-des-g20-gipfels-eine-reform-der-internationalen-institutionen\/","name":"Brasilien fordert in Vorbereitung des G20-Gipfels eine Reform der internationalen Institutionen - just-now.NEWS Deutschland","isPartOf":{"@id":"https:\/\/now-news.de\/de\/#website"},"primaryImageOfPage":{"@id":"https:\/\/now-news.de\/de\/deutschland\/brasilien-fordert-in-vorbereitung-des-g20-gipfels-eine-reform-der-internationalen-institutionen\/#primaryimage"},"image":{"@id":"https:\/\/now-news.de\/de\/deutschland\/brasilien-fordert-in-vorbereitung-des-g20-gipfels-eine-reform-der-internationalen-institutionen\/#primaryimage"},"thumbnailUrl":"https:\/\/now-news.de\/de\/wp-content\/uploads\/sites\/3\/2024\/02\/Brasilien-fordert-in-Vorbereitung-des-G20-Gipfels-eine-Reform-der-internationalen.jpg","datePublished":"2024-02-22T11:07:52+00:00","dateModified":"2024-02-22T11:07:52+00:00","breadcrumb":{"@id":"https:\/\/now-news.de\/de\/deutschland\/brasilien-fordert-in-vorbereitung-des-g20-gipfels-eine-reform-der-internationalen-institutionen\/#breadcrumb"},"inLanguage":"de","potentialAction":[{"@type":"ReadAction","target":["https:\/\/now-news.de\/de\/deutschland\/brasilien-fordert-in-vorbereitung-des-g20-gipfels-eine-reform-der-internationalen-institutionen\/"]}]},{"@type":"ImageObject","inLanguage":"de","@id":"https:\/\/now-news.de\/de\/deutschland\/brasilien-fordert-in-vorbereitung-des-g20-gipfels-eine-reform-der-internationalen-institutionen\/#primaryimage","url":"https:\/\/now-news.de\/de\/wp-content\/uploads\/sites\/3\/2024\/02\/Brasilien-fordert-in-Vorbereitung-des-G20-Gipfels-eine-Reform-der-internationalen.jpg","contentUrl":"https:\/\/now-news.de\/de\/wp-content\/uploads\/sites\/3\/2024\/02\/Brasilien-fordert-in-Vorbereitung-des-G20-Gipfels-eine-Reform-der-internationalen.jpg","width":460,"height":259,"caption":"Brasilien fordert in Vorbereitung des G20-Gipfels eine Reform der internationalen Institutionen"},{"@type":"BreadcrumbList","@id":"https:\/\/now-news.de\/de\/deutschland\/brasilien-fordert-in-vorbereitung-des-g20-gipfels-eine-reform-der-internationalen-institutionen\/#breadcrumb","itemListElement":[{"@type":"ListItem","position":1,"name":"Home","item":"https:\/\/now-news.de\/de\/"},{"@type":"ListItem","position":2,"name":"Brasilien fordert in Vorbereitung des G20-Gipfels eine Reform der internationalen Institutionen"}]},{"@type":"WebSite","@id":"https:\/\/now-news.de\/de\/#website","url":"https:\/\/now-news.de\/de\/","name":"just-now.NEWS Deutschland","description":"Das Portal f\u00fcr unzensierte Nachrichten aus der Welt","publisher":{"@id":"https:\/\/now-news.de\/de\/#organization"},"potentialAction":[{"@type":"SearchAction","target":{"@type":"EntryPoint","urlTemplate":"https:\/\/now-news.de\/de\/?s={search_term_string}"},"query-input":"required name=search_term_string"}],"inLanguage":"de"},{"@type":"Organization","@id":"https:\/\/now-news.de\/de\/#organization","name":"Just Now News","url":"https:\/\/now-news.de\/de\/","logo":{"@type":"ImageObject","inLanguage":"de","@id":"https:\/\/now-news.de\/de\/#\/schema\/logo\/image\/","url":"http:\/\/just-now.news\/de\/wp-content\/uploads\/sites\/3\/2022\/04\/logo500x500.jpg","contentUrl":"http:\/\/just-now.news\/de\/wp-content\/uploads\/sites\/3\/2022\/04\/logo500x500.jpg","width":500,"height":500,"caption":"Just Now News"},"image":{"@id":"https:\/\/now-news.de\/de\/#\/schema\/logo\/image\/"},"sameAs":["https:\/\/www.facebook.com\/wirmachenauf","https:\/\/x.com\/WirMachenAuf_de"]},{"@type":"Person","@id":"https:\/\/now-news.de\/de\/#\/schema\/person\/fb534a4e865501d8b3285208df34a9b5","name":"rtnews","image":{"@type":"ImageObject","inLanguage":"de","@id":"https:\/\/now-news.de\/de\/#\/schema\/person\/image\/","url":"https:\/\/secure.gravatar.com\/avatar\/82aafea7d8127119dd649515f56e2117?s=96&d=mm&r=g","contentUrl":"https:\/\/secure.gravatar.com\/avatar\/82aafea7d8127119dd649515f56e2117?s=96&d=mm&r=g","caption":"rtnews"},"url":"https:\/\/now-news.de\/de\/author\/rnews\/"}]}},"_links":{"self":[{"href":"https:\/\/now-news.de\/de\/wp-json\/wp\/v2\/posts\/55783"}],"collection":[{"href":"https:\/\/now-news.de\/de\/wp-json\/wp\/v2\/posts"}],"about":[{"href":"https:\/\/now-news.de\/de\/wp-json\/wp\/v2\/types\/post"}],"author":[{"embeddable":true,"href":"https:\/\/now-news.de\/de\/wp-json\/wp\/v2\/users\/3"}],"replies":[{"embeddable":true,"href":"https:\/\/now-news.de\/de\/wp-json\/wp\/v2\/comments?post=55783"}],"version-history":[{"count":0,"href":"https:\/\/now-news.de\/de\/wp-json\/wp\/v2\/posts\/55783\/revisions"}],"wp:featuredmedia":[{"embeddable":true,"href":"https:\/\/now-news.de\/de\/wp-json\/wp\/v2\/media\/55784"}],"wp:attachment":[{"href":"https:\/\/now-news.de\/de\/wp-json\/wp\/v2\/media?parent=55783"}],"wp:term":[{"taxonomy":"category","embeddable":true,"href":"https:\/\/now-news.de\/de\/wp-json\/wp\/v2\/categories?post=55783"},{"taxonomy":"post_tag","embeddable":true,"href":"https:\/\/now-news.de\/de\/wp-json\/wp\/v2\/tags?post=55783"}],"curies":[{"name":"wp","href":"https:\/\/api.w.org\/{rel}","templated":true}]}}