{"id":55695,"date":"2024-02-20T22:00:29","date_gmt":"2024-02-20T20:00:29","guid":{"rendered":"https:\/\/just-now.news\/de\/deutschland\/moralische-leiche-geheimdienstchef-zum-tod-des-russischen-deserteurs-in-spanien\/"},"modified":"2024-02-20T22:00:29","modified_gmt":"2024-02-20T20:00:29","slug":"moralische-leiche-geheimdienstchef-zum-tod-des-russischen-deserteurs-in-spanien","status":"publish","type":"post","link":"https:\/\/now-news.de\/de\/deutschland\/moralische-leiche-geheimdienstchef-zum-tod-des-russischen-deserteurs-in-spanien\/","title":{"rendered":"&quot;Moralische Leiche&quot; \u2013 Geheimdienstchef zum Tod des russischen Deserteurs in Spanien"},"content":{"rendered":"<p><img decoding=\"async\" src=\"http:\/\/just-now.news\/de\/wp-content\/uploads\/sites\/3\/2024\/02\/65d4cf6fb480cc10f64ddcb8.jpg\" \/><\/p>\n<div class=\"Text-root Text-type_1 \">\n                Der Chef des russischen Auslandsgeheimdienstes lie\u00df offen, ob die russischen Geheimdienste etwas mit dem gewaltsamen Tod eines russischen \u00dcberl\u00e4ufers in einer spanischen K\u00fcstenstadt zu tun haben. Seinen \u00dcbertritt zur ukrainischen Armee vor sechs Monaten nannte er ein &#8220;abscheuliches Verbrechen&#8221;.\n            <\/div>\n<p><\/p>\n<div class=\"Text-root Text-type_5 ArticleView-text ViewText-root \">\n<p>Ein russischer Milit\u00e4rhubschrauberpilot Maxim Kusminow, der letzte Woche in Spanien get\u00f6tet wurde, sei ein &#8220;Verr\u00e4ter&#8221; gewesen, der ein &#8220;abscheuliches Verbrechen&#8221; begangen habe, sagte der Chef des russischen Auslandsgeheimdienstes (SWR) Sergei Naryschkin am Dienstag. Sechs Monate zuvor war er zur Ukraine \u00fcbergelaufen.<\/p>\n<p>Auf die Frage der Journalisten nach dem Tod des \u00dcberl\u00e4ufers \u00e4u\u00dferte sich Naryschkin nicht zu dem Vorfall in Spanien, sondern verurteilte lediglich das Vorgehen Kusminows. Der Soldat wurde in dem Moment, als er sein Land verriet, zu einer &#8220;moralischen Leiche&#8221;, so Naryschkin.<\/p>\n<p>Kusminow hatte im August letzten Jahres einen Mi-8-Hubschrauber entf\u00fchrt und ihn in die Ukraine geflogen \u2013 <em>RT DE<\/em>\u00a0<a rel=\"nofollow noopener\" target=\"_blank\" href=\"https:\/\/freedert.online\/international\/196733-fahnenfluechtiger-russe-tot-in-spanien\/\">berichtete<\/a>. Nach der Landung kamen seine beiden Besatzungsmitglieder unter ungekl\u00e4rten Umst\u00e4nden ums Leben \u2013 der ukrainische Geheimdienst erkl\u00e4rte, sie seien &#8220;liquidiert&#8221; worden.\u00a0Dazu Naryschkin im Wortlaut:<\/p>\n<blockquote>\n<p><em>&#8220;Wie es in Russland \u00fcblich ist, sagt man nur Gutes oder gar nichts \u00fcber den Verstorbenen. Dieser Verr\u00e4ter und Verbrecher war schon zu dem Zeitpunkt, als er sein schmutziges und abscheuliches Verbrechen plante, eine moralische Leiche.&#8221;<\/em><\/p>\n<\/blockquote>\n<p>Der Tod Kusminows wurde am Montag von mehreren Medien gemeldet und vom ukrainischen Milit\u00e4rgeheimdienst rasch best\u00e4tigt. Der Pilot sei letzte Woche in der spanischen K\u00fcstenstadt Villajoyosa erschossen worden, berichtete die spanische Nachrichtenagentur <em>EFE<\/em> unter Berufung auf mit den Ermittlungen vertraute Personen.<\/p>\n<p>\u00dcber die Schie\u00dferei in Villajoyosa wurde in den spanischen Medien ausf\u00fchrlich berichtet, wobei das Opfer urspr\u00fcnglich als 33-j\u00e4hriger ukrainischer Staatsb\u00fcrger identifiziert wurde. Er soll mehrere Schusswunden erlitten haben und von einem Auto \u00fcberfahren worden sein. Das Fahrzeug, das f\u00fcr den Anschlag benutzt worden sein soll, wurde sp\u00e4ter in einiger Entfernung vom Tatort in Brand gesetzt aufgefunden.<\/p>\n<p>Der 28-J\u00e4hrige soll die ukrainische Staatsb\u00fcrgerschaft angenommen haben, und es ist unklar, ob er unter einem falschen Namen in Spanien lebte. Bislang haben die spanischen Beh\u00f6rden die Identit\u00e4t der in Villajoyosa get\u00f6teten Person noch nicht offiziell best\u00e4tigt.<\/p>\n<p>Der spektakul\u00e4re \u00dcbertritt des russischen Milit\u00e4rs war kein spontaner Akt, sondern Teil einer Geheimoperation.\u00a0Die in Spanien lebende Mutter Kusminows hatte den Kontakt zu ukrainischen Geheimdiensten vermittelt. Nach Angaben aus Kiew hatten diese dann ein halbes Jahr lang die Aktion geplant und vorbereitet. W\u00e4hrend eines Routinefluges entlang der russisch-ukrainischen Grenze im Gebiet Belgorod hatte Kusminow dann den Hubschrauber auf ukrainisches Gebiet gesteuert und\u00a0war an einem vorbestimmten Ort gelandet, wo er den Hubschrauber der ukrainischen Seite \u00fcbergab.<\/p>\n<p><strong>Mehr zum Thema<\/strong> \u2013 <a rel=\"nofollow noopener\" target=\"_blank\" href=\"https:\/\/freedert.online\/russland\/194492-warum-ehemalige-ukrainische-soldaten-fuer-russland-kaempfen\/\">&#8220;Eid dem Volk, nicht der Regierung&#8221;: Warum ehemalige ukrainische Soldaten f\u00fcr Russland k\u00e4mpfen<\/a><\/p>\n<div class=\"EmbedBlock-root EmbedBlock-externalVideo EmbedBlock-odysee\">\n<div class=\"VkEmbed\"><iframe class=\"lazyload\" data-src=\"https:\/\/odysee.com\/%24\/embed\/%40RTDE%3Ae%2FUkraine--Komplette-Einheit-verweigert-Dienst%3A3\" frameborder=\"0\" width=\"853\" height=\"480\" allowfullscreen><\/iframe><\/div>\n<\/div>\n<\/div>\n<p><br \/>\n<br \/><a href=\"https:\/\/de.rt.com\/europa\/196872-moralische-leiche-geheimdienstchef-tod-des-russischen-deserteurs-in-spanien\/\">Source link <\/a><\/p>\n","protected":false},"excerpt":{"rendered":"<p>Der Chef des russischen Auslandsgeheimdienstes lie\u00df offen, ob die russischen Geheimdienste etwas mit dem gewaltsamen Tod eines russischen \u00dcberl\u00e4ufers in einer spanischen K\u00fcstenstadt zu tun haben. Seinen \u00dcbertritt zur ukrainischen Armee vor sechs Monaten nannte er ein &#8220;abscheuliches Verbrechen&#8221;. Ein russischer Milit\u00e4rhubschrauberpilot Maxim Kusminow, der letzte Woche in Spanien get\u00f6tet wurde, sei ein &#8220;Verr\u00e4ter&#8221; gewesen, [&hellip;]<\/p>\n","protected":false},"author":3,"featured_media":55696,"comment_status":"open","ping_status":"open","sticky":false,"template":"","format":"standard","meta":{"_yoast_indexnow_last_ping":["1708460122"],"wp_automatic_camp":["217"],"161ad915b011a84344e05be2df2c1596":["&quot;Moralische Leiche&quot; \u2013 Geheimdienstchef zum Tod des russischen Deserteurs in Spanien"],"original_link":["https:\/\/de.rt.com\/europa\/196872-moralische-leiche-geheimdienstchef-tod-des-russischen-deserteurs-in-spanien\/"],"_thumbnail_id":["55696"],"_wptgpro_p2tg_sent2tg":["a:1:{i:23737;s:19:\"2024-02-20 22:16:24\";}"],"jnews_social_counter_last_update":["1777242378"]},"categories":[19,23],"tags":[583,53723,33678,51961,53722,973,1271,12077,565],"yoast_head":"<!-- This site is optimized with the Yoast SEO Premium plugin v22.7 (Yoast SEO v22.7) - https:\/\/yoast.com\/wordpress\/plugins\/seo\/ -->\n<title>&quot;Moralische Leiche&quot; \u2013 Geheimdienstchef zum Tod des russischen Deserteurs in Spanien - just-now.NEWS Deutschland<\/title>\n<meta name=\"robots\" content=\"index, follow, max-snippet:-1, max-image-preview:large, max-video-preview:-1\" \/>\n<link rel=\"canonical\" href=\"https:\/\/now-news.de\/de\/deutschland\/moralische-leiche-geheimdienstchef-zum-tod-des-russischen-deserteurs-in-spanien\/\" \/>\n<meta property=\"og:locale\" content=\"de_DE\" \/>\n<meta property=\"og:type\" content=\"article\" \/>\n<meta property=\"og:title\" content=\"&quot;Moralische Leiche&quot; \u2013 Geheimdienstchef zum Tod des russischen Deserteurs in Spanien\" \/>\n<meta property=\"og:description\" content=\"Der Chef des russischen Auslandsgeheimdienstes lie\u00df offen, ob die russischen Geheimdienste etwas mit dem gewaltsamen Tod eines russischen \u00dcberl\u00e4ufers in einer spanischen K\u00fcstenstadt zu tun haben. Seinen \u00dcbertritt zur ukrainischen Armee vor sechs Monaten nannte er ein &#8220;abscheuliches Verbrechen&#8221;. Ein russischer Milit\u00e4rhubschrauberpilot Maxim Kusminow, der letzte Woche in Spanien get\u00f6tet wurde, sei ein &#8220;Verr\u00e4ter&#8221; gewesen, [&hellip;]\" \/>\n<meta property=\"og:url\" content=\"https:\/\/now-news.de\/de\/deutschland\/moralische-leiche-geheimdienstchef-zum-tod-des-russischen-deserteurs-in-spanien\/\" \/>\n<meta property=\"og:site_name\" content=\"just-now.NEWS Deutschland\" \/>\n<meta property=\"article:publisher\" content=\"https:\/\/www.facebook.com\/wirmachenauf\" \/>\n<meta property=\"article:published_time\" content=\"2024-02-20T20:00:29+00:00\" \/>\n<meta property=\"og:image\" content=\"https:\/\/now-news.de\/de\/wp-content\/uploads\/sites\/3\/2024\/02\/quotMoralische-Leichequot-\u2013-Geheimdienstchef-zum-Tod-des-russischen-Deserteurs-in.jpg\" \/>\n\t<meta property=\"og:image:width\" content=\"460\" \/>\n\t<meta property=\"og:image:height\" content=\"259\" \/>\n\t<meta property=\"og:image:type\" content=\"image\/jpeg\" \/>\n<meta name=\"author\" content=\"rtnews\" \/>\n<meta name=\"twitter:card\" content=\"summary_large_image\" \/>\n<meta name=\"twitter:creator\" content=\"@WirMachenAuf_de\" \/>\n<meta name=\"twitter:site\" content=\"@WirMachenAuf_de\" \/>\n<meta name=\"twitter:label1\" content=\"Verfasst von\" \/>\n\t<meta name=\"twitter:data1\" content=\"rtnews\" \/>\n\t<meta name=\"twitter:label2\" content=\"Gesch\u00e4tzte Lesezeit\" \/>\n\t<meta name=\"twitter:data2\" content=\"2\u00a0Minuten\" \/>\n<script type=\"application\/ld+json\" class=\"yoast-schema-graph\">{\"@context\":\"https:\/\/schema.org\",\"@graph\":[{\"@type\":\"Article\",\"@id\":\"https:\/\/now-news.de\/de\/deutschland\/moralische-leiche-geheimdienstchef-zum-tod-des-russischen-deserteurs-in-spanien\/#article\",\"isPartOf\":{\"@id\":\"https:\/\/now-news.de\/de\/deutschland\/moralische-leiche-geheimdienstchef-zum-tod-des-russischen-deserteurs-in-spanien\/\"},\"author\":{\"name\":\"rtnews\",\"@id\":\"https:\/\/now-news.de\/de\/#\/schema\/person\/fb534a4e865501d8b3285208df34a9b5\"},\"headline\":\"&quot;Moralische Leiche&quot; \u2013 Geheimdienstchef zum Tod des russischen Deserteurs in Spanien\",\"datePublished\":\"2024-02-20T20:00:29+00:00\",\"dateModified\":\"2024-02-20T20:00:29+00:00\",\"mainEntityOfPage\":{\"@id\":\"https:\/\/now-news.de\/de\/deutschland\/moralische-leiche-geheimdienstchef-zum-tod-des-russischen-deserteurs-in-spanien\/\"},\"wordCount\":476,\"commentCount\":0,\"publisher\":{\"@id\":\"https:\/\/now-news.de\/de\/#organization\"},\"image\":{\"@id\":\"https:\/\/now-news.de\/de\/deutschland\/moralische-leiche-geheimdienstchef-zum-tod-des-russischen-deserteurs-in-spanien\/#primaryimage\"},\"thumbnailUrl\":\"https:\/\/now-news.de\/de\/wp-content\/uploads\/sites\/3\/2024\/02\/quotMoralische-Leichequot-\u2013-Geheimdienstchef-zum-Tod-des-russischen-Deserteurs-in.jpg\",\"keywords\":[\"des\",\"Deserteurs\",\"GeheimdienstChef\",\"Leichequot\",\"quotMoralische\",\"russischen\",\"Spanien\",\"Tod\",\"zum\"],\"articleSection\":[\"Deutschland\",\"Russland\"],\"inLanguage\":\"de\",\"potentialAction\":[{\"@type\":\"CommentAction\",\"name\":\"Comment\",\"target\":[\"https:\/\/now-news.de\/de\/deutschland\/moralische-leiche-geheimdienstchef-zum-tod-des-russischen-deserteurs-in-spanien\/#respond\"]}]},{\"@type\":\"WebPage\",\"@id\":\"https:\/\/now-news.de\/de\/deutschland\/moralische-leiche-geheimdienstchef-zum-tod-des-russischen-deserteurs-in-spanien\/\",\"url\":\"https:\/\/now-news.de\/de\/deutschland\/moralische-leiche-geheimdienstchef-zum-tod-des-russischen-deserteurs-in-spanien\/\",\"name\":\"&quot;Moralische Leiche&quot; \u2013 Geheimdienstchef zum Tod des russischen Deserteurs in Spanien - just-now.NEWS Deutschland\",\"isPartOf\":{\"@id\":\"https:\/\/now-news.de\/de\/#website\"},\"primaryImageOfPage\":{\"@id\":\"https:\/\/now-news.de\/de\/deutschland\/moralische-leiche-geheimdienstchef-zum-tod-des-russischen-deserteurs-in-spanien\/#primaryimage\"},\"image\":{\"@id\":\"https:\/\/now-news.de\/de\/deutschland\/moralische-leiche-geheimdienstchef-zum-tod-des-russischen-deserteurs-in-spanien\/#primaryimage\"},\"thumbnailUrl\":\"https:\/\/now-news.de\/de\/wp-content\/uploads\/sites\/3\/2024\/02\/quotMoralische-Leichequot-\u2013-Geheimdienstchef-zum-Tod-des-russischen-Deserteurs-in.jpg\",\"datePublished\":\"2024-02-20T20:00:29+00:00\",\"dateModified\":\"2024-02-20T20:00:29+00:00\",\"breadcrumb\":{\"@id\":\"https:\/\/now-news.de\/de\/deutschland\/moralische-leiche-geheimdienstchef-zum-tod-des-russischen-deserteurs-in-spanien\/#breadcrumb\"},\"inLanguage\":\"de\",\"potentialAction\":[{\"@type\":\"ReadAction\",\"target\":[\"https:\/\/now-news.de\/de\/deutschland\/moralische-leiche-geheimdienstchef-zum-tod-des-russischen-deserteurs-in-spanien\/\"]}]},{\"@type\":\"ImageObject\",\"inLanguage\":\"de\",\"@id\":\"https:\/\/now-news.de\/de\/deutschland\/moralische-leiche-geheimdienstchef-zum-tod-des-russischen-deserteurs-in-spanien\/#primaryimage\",\"url\":\"https:\/\/now-news.de\/de\/wp-content\/uploads\/sites\/3\/2024\/02\/quotMoralische-Leichequot-\u2013-Geheimdienstchef-zum-Tod-des-russischen-Deserteurs-in.jpg\",\"contentUrl\":\"https:\/\/now-news.de\/de\/wp-content\/uploads\/sites\/3\/2024\/02\/quotMoralische-Leichequot-\u2013-Geheimdienstchef-zum-Tod-des-russischen-Deserteurs-in.jpg\",\"width\":460,\"height\":259,\"caption\":\"&quot;Moralische Leiche&quot; \u2013 Geheimdienstchef zum Tod des russischen Deserteurs in Spanien\"},{\"@type\":\"BreadcrumbList\",\"@id\":\"https:\/\/now-news.de\/de\/deutschland\/moralische-leiche-geheimdienstchef-zum-tod-des-russischen-deserteurs-in-spanien\/#breadcrumb\",\"itemListElement\":[{\"@type\":\"ListItem\",\"position\":1,\"name\":\"Home\",\"item\":\"https:\/\/now-news.de\/de\/\"},{\"@type\":\"ListItem\",\"position\":2,\"name\":\"&quot;Moralische Leiche&quot; \u2013 Geheimdienstchef zum Tod des russischen Deserteurs in Spanien\"}]},{\"@type\":\"WebSite\",\"@id\":\"https:\/\/now-news.de\/de\/#website\",\"url\":\"https:\/\/now-news.de\/de\/\",\"name\":\"just-now.NEWS Deutschland\",\"description\":\"Das Portal f\u00fcr unzensierte Nachrichten aus der Welt\",\"publisher\":{\"@id\":\"https:\/\/now-news.de\/de\/#organization\"},\"potentialAction\":[{\"@type\":\"SearchAction\",\"target\":{\"@type\":\"EntryPoint\",\"urlTemplate\":\"https:\/\/now-news.de\/de\/?s={search_term_string}\"},\"query-input\":\"required name=search_term_string\"}],\"inLanguage\":\"de\"},{\"@type\":\"Organization\",\"@id\":\"https:\/\/now-news.de\/de\/#organization\",\"name\":\"Just Now News\",\"url\":\"https:\/\/now-news.de\/de\/\",\"logo\":{\"@type\":\"ImageObject\",\"inLanguage\":\"de\",\"@id\":\"https:\/\/now-news.de\/de\/#\/schema\/logo\/image\/\",\"url\":\"http:\/\/just-now.news\/de\/wp-content\/uploads\/sites\/3\/2022\/04\/logo500x500.jpg\",\"contentUrl\":\"http:\/\/just-now.news\/de\/wp-content\/uploads\/sites\/3\/2022\/04\/logo500x500.jpg\",\"width\":500,\"height\":500,\"caption\":\"Just Now News\"},\"image\":{\"@id\":\"https:\/\/now-news.de\/de\/#\/schema\/logo\/image\/\"},\"sameAs\":[\"https:\/\/www.facebook.com\/wirmachenauf\",\"https:\/\/x.com\/WirMachenAuf_de\"]},{\"@type\":\"Person\",\"@id\":\"https:\/\/now-news.de\/de\/#\/schema\/person\/fb534a4e865501d8b3285208df34a9b5\",\"name\":\"rtnews\",\"image\":{\"@type\":\"ImageObject\",\"inLanguage\":\"de\",\"@id\":\"https:\/\/now-news.de\/de\/#\/schema\/person\/image\/\",\"url\":\"https:\/\/secure.gravatar.com\/avatar\/82aafea7d8127119dd649515f56e2117?s=96&d=mm&r=g\",\"contentUrl\":\"https:\/\/secure.gravatar.com\/avatar\/82aafea7d8127119dd649515f56e2117?s=96&d=mm&r=g\",\"caption\":\"rtnews\"},\"url\":\"https:\/\/now-news.de\/de\/author\/rnews\/\"}]}<\/script>\n<!-- \/ Yoast SEO Premium plugin. -->","yoast_head_json":{"title":"&quot;Moralische Leiche&quot; \u2013 Geheimdienstchef zum Tod des russischen Deserteurs in Spanien - just-now.NEWS Deutschland","robots":{"index":"index","follow":"follow","max-snippet":"max-snippet:-1","max-image-preview":"max-image-preview:large","max-video-preview":"max-video-preview:-1"},"canonical":"https:\/\/now-news.de\/de\/deutschland\/moralische-leiche-geheimdienstchef-zum-tod-des-russischen-deserteurs-in-spanien\/","og_locale":"de_DE","og_type":"article","og_title":"&quot;Moralische Leiche&quot; \u2013 Geheimdienstchef zum Tod des russischen Deserteurs in Spanien","og_description":"Der Chef des russischen Auslandsgeheimdienstes lie\u00df offen, ob die russischen Geheimdienste etwas mit dem gewaltsamen Tod eines russischen \u00dcberl\u00e4ufers in einer spanischen K\u00fcstenstadt zu tun haben. Seinen \u00dcbertritt zur ukrainischen Armee vor sechs Monaten nannte er ein &#8220;abscheuliches Verbrechen&#8221;. Ein russischer Milit\u00e4rhubschrauberpilot Maxim Kusminow, der letzte Woche in Spanien get\u00f6tet wurde, sei ein &#8220;Verr\u00e4ter&#8221; gewesen, [&hellip;]","og_url":"https:\/\/now-news.de\/de\/deutschland\/moralische-leiche-geheimdienstchef-zum-tod-des-russischen-deserteurs-in-spanien\/","og_site_name":"just-now.NEWS Deutschland","article_publisher":"https:\/\/www.facebook.com\/wirmachenauf","article_published_time":"2024-02-20T20:00:29+00:00","og_image":[{"width":460,"height":259,"url":"https:\/\/now-news.de\/de\/wp-content\/uploads\/sites\/3\/2024\/02\/quotMoralische-Leichequot-\u2013-Geheimdienstchef-zum-Tod-des-russischen-Deserteurs-in.jpg","type":"image\/jpeg"}],"author":"rtnews","twitter_card":"summary_large_image","twitter_creator":"@WirMachenAuf_de","twitter_site":"@WirMachenAuf_de","twitter_misc":{"Verfasst von":"rtnews","Gesch\u00e4tzte Lesezeit":"2\u00a0Minuten"},"schema":{"@context":"https:\/\/schema.org","@graph":[{"@type":"Article","@id":"https:\/\/now-news.de\/de\/deutschland\/moralische-leiche-geheimdienstchef-zum-tod-des-russischen-deserteurs-in-spanien\/#article","isPartOf":{"@id":"https:\/\/now-news.de\/de\/deutschland\/moralische-leiche-geheimdienstchef-zum-tod-des-russischen-deserteurs-in-spanien\/"},"author":{"name":"rtnews","@id":"https:\/\/now-news.de\/de\/#\/schema\/person\/fb534a4e865501d8b3285208df34a9b5"},"headline":"&quot;Moralische Leiche&quot; \u2013 Geheimdienstchef zum Tod des russischen Deserteurs in Spanien","datePublished":"2024-02-20T20:00:29+00:00","dateModified":"2024-02-20T20:00:29+00:00","mainEntityOfPage":{"@id":"https:\/\/now-news.de\/de\/deutschland\/moralische-leiche-geheimdienstchef-zum-tod-des-russischen-deserteurs-in-spanien\/"},"wordCount":476,"commentCount":0,"publisher":{"@id":"https:\/\/now-news.de\/de\/#organization"},"image":{"@id":"https:\/\/now-news.de\/de\/deutschland\/moralische-leiche-geheimdienstchef-zum-tod-des-russischen-deserteurs-in-spanien\/#primaryimage"},"thumbnailUrl":"https:\/\/now-news.de\/de\/wp-content\/uploads\/sites\/3\/2024\/02\/quotMoralische-Leichequot-\u2013-Geheimdienstchef-zum-Tod-des-russischen-Deserteurs-in.jpg","keywords":["des","Deserteurs","GeheimdienstChef","Leichequot","quotMoralische","russischen","Spanien","Tod","zum"],"articleSection":["Deutschland","Russland"],"inLanguage":"de","potentialAction":[{"@type":"CommentAction","name":"Comment","target":["https:\/\/now-news.de\/de\/deutschland\/moralische-leiche-geheimdienstchef-zum-tod-des-russischen-deserteurs-in-spanien\/#respond"]}]},{"@type":"WebPage","@id":"https:\/\/now-news.de\/de\/deutschland\/moralische-leiche-geheimdienstchef-zum-tod-des-russischen-deserteurs-in-spanien\/","url":"https:\/\/now-news.de\/de\/deutschland\/moralische-leiche-geheimdienstchef-zum-tod-des-russischen-deserteurs-in-spanien\/","name":"&quot;Moralische Leiche&quot; \u2013 Geheimdienstchef zum Tod des russischen Deserteurs in Spanien - just-now.NEWS Deutschland","isPartOf":{"@id":"https:\/\/now-news.de\/de\/#website"},"primaryImageOfPage":{"@id":"https:\/\/now-news.de\/de\/deutschland\/moralische-leiche-geheimdienstchef-zum-tod-des-russischen-deserteurs-in-spanien\/#primaryimage"},"image":{"@id":"https:\/\/now-news.de\/de\/deutschland\/moralische-leiche-geheimdienstchef-zum-tod-des-russischen-deserteurs-in-spanien\/#primaryimage"},"thumbnailUrl":"https:\/\/now-news.de\/de\/wp-content\/uploads\/sites\/3\/2024\/02\/quotMoralische-Leichequot-\u2013-Geheimdienstchef-zum-Tod-des-russischen-Deserteurs-in.jpg","datePublished":"2024-02-20T20:00:29+00:00","dateModified":"2024-02-20T20:00:29+00:00","breadcrumb":{"@id":"https:\/\/now-news.de\/de\/deutschland\/moralische-leiche-geheimdienstchef-zum-tod-des-russischen-deserteurs-in-spanien\/#breadcrumb"},"inLanguage":"de","potentialAction":[{"@type":"ReadAction","target":["https:\/\/now-news.de\/de\/deutschland\/moralische-leiche-geheimdienstchef-zum-tod-des-russischen-deserteurs-in-spanien\/"]}]},{"@type":"ImageObject","inLanguage":"de","@id":"https:\/\/now-news.de\/de\/deutschland\/moralische-leiche-geheimdienstchef-zum-tod-des-russischen-deserteurs-in-spanien\/#primaryimage","url":"https:\/\/now-news.de\/de\/wp-content\/uploads\/sites\/3\/2024\/02\/quotMoralische-Leichequot-\u2013-Geheimdienstchef-zum-Tod-des-russischen-Deserteurs-in.jpg","contentUrl":"https:\/\/now-news.de\/de\/wp-content\/uploads\/sites\/3\/2024\/02\/quotMoralische-Leichequot-\u2013-Geheimdienstchef-zum-Tod-des-russischen-Deserteurs-in.jpg","width":460,"height":259,"caption":"&quot;Moralische Leiche&quot; \u2013 Geheimdienstchef zum Tod des russischen Deserteurs in Spanien"},{"@type":"BreadcrumbList","@id":"https:\/\/now-news.de\/de\/deutschland\/moralische-leiche-geheimdienstchef-zum-tod-des-russischen-deserteurs-in-spanien\/#breadcrumb","itemListElement":[{"@type":"ListItem","position":1,"name":"Home","item":"https:\/\/now-news.de\/de\/"},{"@type":"ListItem","position":2,"name":"&quot;Moralische Leiche&quot; \u2013 Geheimdienstchef zum Tod des russischen Deserteurs in Spanien"}]},{"@type":"WebSite","@id":"https:\/\/now-news.de\/de\/#website","url":"https:\/\/now-news.de\/de\/","name":"just-now.NEWS Deutschland","description":"Das Portal f\u00fcr unzensierte Nachrichten aus der Welt","publisher":{"@id":"https:\/\/now-news.de\/de\/#organization"},"potentialAction":[{"@type":"SearchAction","target":{"@type":"EntryPoint","urlTemplate":"https:\/\/now-news.de\/de\/?s={search_term_string}"},"query-input":"required name=search_term_string"}],"inLanguage":"de"},{"@type":"Organization","@id":"https:\/\/now-news.de\/de\/#organization","name":"Just Now News","url":"https:\/\/now-news.de\/de\/","logo":{"@type":"ImageObject","inLanguage":"de","@id":"https:\/\/now-news.de\/de\/#\/schema\/logo\/image\/","url":"http:\/\/just-now.news\/de\/wp-content\/uploads\/sites\/3\/2022\/04\/logo500x500.jpg","contentUrl":"http:\/\/just-now.news\/de\/wp-content\/uploads\/sites\/3\/2022\/04\/logo500x500.jpg","width":500,"height":500,"caption":"Just Now News"},"image":{"@id":"https:\/\/now-news.de\/de\/#\/schema\/logo\/image\/"},"sameAs":["https:\/\/www.facebook.com\/wirmachenauf","https:\/\/x.com\/WirMachenAuf_de"]},{"@type":"Person","@id":"https:\/\/now-news.de\/de\/#\/schema\/person\/fb534a4e865501d8b3285208df34a9b5","name":"rtnews","image":{"@type":"ImageObject","inLanguage":"de","@id":"https:\/\/now-news.de\/de\/#\/schema\/person\/image\/","url":"https:\/\/secure.gravatar.com\/avatar\/82aafea7d8127119dd649515f56e2117?s=96&d=mm&r=g","contentUrl":"https:\/\/secure.gravatar.com\/avatar\/82aafea7d8127119dd649515f56e2117?s=96&d=mm&r=g","caption":"rtnews"},"url":"https:\/\/now-news.de\/de\/author\/rnews\/"}]}},"_links":{"self":[{"href":"https:\/\/now-news.de\/de\/wp-json\/wp\/v2\/posts\/55695"}],"collection":[{"href":"https:\/\/now-news.de\/de\/wp-json\/wp\/v2\/posts"}],"about":[{"href":"https:\/\/now-news.de\/de\/wp-json\/wp\/v2\/types\/post"}],"author":[{"embeddable":true,"href":"https:\/\/now-news.de\/de\/wp-json\/wp\/v2\/users\/3"}],"replies":[{"embeddable":true,"href":"https:\/\/now-news.de\/de\/wp-json\/wp\/v2\/comments?post=55695"}],"version-history":[{"count":0,"href":"https:\/\/now-news.de\/de\/wp-json\/wp\/v2\/posts\/55695\/revisions"}],"wp:featuredmedia":[{"embeddable":true,"href":"https:\/\/now-news.de\/de\/wp-json\/wp\/v2\/media\/55696"}],"wp:attachment":[{"href":"https:\/\/now-news.de\/de\/wp-json\/wp\/v2\/media?parent=55695"}],"wp:term":[{"taxonomy":"category","embeddable":true,"href":"https:\/\/now-news.de\/de\/wp-json\/wp\/v2\/categories?post=55695"},{"taxonomy":"post_tag","embeddable":true,"href":"https:\/\/now-news.de\/de\/wp-json\/wp\/v2\/tags?post=55695"}],"curies":[{"name":"wp","href":"https:\/\/api.w.org\/{rel}","templated":true}]}}