{"id":55674,"date":"2024-02-20T17:40:38","date_gmt":"2024-02-20T15:40:38","guid":{"rendered":"https:\/\/just-now.news\/de\/deutschland\/polen-bauern-wollen-totale-blockade-aller-grenzuebergaenge-zur-ukraine\/"},"modified":"2024-02-20T17:40:38","modified_gmt":"2024-02-20T15:40:38","slug":"polen-bauern-wollen-totale-blockade-aller-grenzuebergaenge-zur-ukraine","status":"publish","type":"post","link":"https:\/\/now-news.de\/de\/deutschland\/polen-bauern-wollen-totale-blockade-aller-grenzuebergaenge-zur-ukraine\/","title":{"rendered":"Polen: Bauern wollen &quot;totale Blockade aller Grenz\u00fcberg\u00e4nge&quot; zur Ukraine"},"content":{"rendered":"<p><img decoding=\"async\" src=\"http:\/\/just-now.news\/de\/wp-content\/uploads\/sites\/3\/2024\/02\/65d4a2fd48fbef43c30e38d8.jpg\" \/><\/p>\n<div class=\"Text-root Text-type_1 \">\n                Der Streit innerhalb der EU und mit der Ukraine um erleichterte Getreideeinfuhren aus der Ukraine in die EU eskaliert weiter. Polnische Landwirte wollen die Grenz\u00fcberg\u00e4nge zur Ukraine blockieren. Ukrainische Spediteure k\u00fcndigten einen Gegenprotest an drei Grenz\u00fcberg\u00e4ngen an.\n            <\/div>\n<p><\/p>\n<div class=\"Text-root Text-type_5 ArticleView-text ViewText-root \">\n<p>Polnische Landwirte wollen ihre Proteste gegen erleichterte Getreideeinfuhren aus der Ukraine in die EU und nach Polen mit einer umfassenden Grenzblockade wieder verst\u00e4rken. &#8220;Es wird eine totale Blockade aller Grenz\u00fcberg\u00e4nge geben&#8221;, verk\u00fcndete ein Sprecher der Bauerngewerkschaft, der Unabh\u00e4ngigen selbstverwalteten Gewerkschaft einzelner Landwirte &#8220;Solidarno\u015b\u0107&#8221;.<\/p>\n<p>Milit\u00e4rische Hilfsg\u00fcter w\u00fcrden dann durchgelassen, der Lkw- und Personenverkehr aber blockiert. Es werde Blockaden in den H\u00e4fen und auf den Autobahnen geben.<\/p>\n<p>Ukrainische Spediteure k\u00fcndigten einen Gegenprotest an drei Grenz\u00fcberg\u00e4ngen an. Agrarg\u00fcter z\u00e4hlen zu den wichtigsten Einnahmequellen der Ukraine. Wegen des Krieges gegen Russland versucht das Land, diese Produkte statt \u00fcber das umk\u00e4mpfte Schwarze Meer verst\u00e4rkt \u00fcber den Landweg zu exportieren.<\/p>\n<p>In Polen und auch in der Slowakei kommt es seit Monaten zu Protesten von Landwirten und Lkw-Fahrern gegen eine solche Einfuhr in die EU, weil sie Einbu\u00dfen durch billigere Konkurrenz bef\u00fcrchten.<\/p>\n<p>Der ukrainische Pr\u00e4sident Wladimir Selenskij hat die Proteste an der ukrainisch-polnischen Grenze als &#8220;Hohn&#8221; bezeichnet. Der Politiker h\u00e4lt sie f\u00fcr einen Vorwand. Den Protestierenden gehe es um &#8220;Politik, nicht um Getreide&#8221;. Angesichts der Lage an der Front erscheine der Disput absurd, beklagt der ukrainische Pr\u00e4sident.<\/p>\n<p>In den vergangenen Wochen sind viele europ\u00e4ische Bauern mit ihren Traktoren aus den Provinzen bis in die Hauptst\u00e4dte gefahren, um dort zu protestieren. Ob aus Deutschland, Frankreich, Portugal oder Spanien \u2013 aus vielen L\u00e4ndern kamen und kommen t\u00e4glich neue Berichte von protestierenden Bauern. Erst heute wieder kommt etwa aus Deutschland wieder eine Meldung, dass Landwirte im Bundesland Hessen zwei Lager von Edeka und Lidl blockieren.<\/p>\n<p>Die Landwirte haben eine Liste mit zahlreichen Forderungen vorgelegt. Unter anderem fordern sie die Einf\u00fchrung einer Kennzeichnung des Herkunftslandes auf allen Lebensmitteln im Einzelhandel und in der Gastronomie sowie das Beenden der Zollfreiheit f\u00fcr ukrainische Agrarprodukte, wie die Tageszeitung <em>Hessische\/Nieders\u00e4chsische Allgemeine<\/em> (<em>HNA<\/em>) berichtet.<\/p>\n<p><strong>Mehr zum Thema<\/strong> \u2013 <a rel=\"nofollow noopener\" target=\"_blank\" href=\"https:\/\/freedert.online\/kurzclips\/video\/196387-europaweite-bauernproteste-gegen-eu-agrarvorschriften\/\">Europaweite Bauernproteste gegen EU-Agrarvorschriften<\/a><\/p>\n<div class=\"EmbedBlock-root EmbedBlock-externalVideo EmbedBlock-odysee\">\n<div class=\"VkEmbed\"><iframe class=\"lazyload\" data-src=\"https:\/\/odysee.com\/%24\/embed\/%40RTDE%3Ae%2FEU-weite-Bauernproteste-Sie-wollen-die-Bev%C3%B6lkerung-reduzieren-und-unsere-Gehirne-waschen%3Ad\" frameborder=\"0\" width=\"853\" height=\"480\" allowfullscreen><\/iframe><\/div>\n<\/div>\n<\/div>\n<p><br \/>\n<br \/><a href=\"https:\/\/de.rt.com\/international\/196833-polnische-bauern-wollen-totale-blockade-aller-grenzuebergaenge-zur-ukraine\/\">Source link <\/a><\/p>\n","protected":false},"excerpt":{"rendered":"<p>Der Streit innerhalb der EU und mit der Ukraine um erleichterte Getreideeinfuhren aus der Ukraine in die EU eskaliert weiter. Polnische Landwirte wollen die Grenz\u00fcberg\u00e4nge zur Ukraine blockieren. Ukrainische Spediteure k\u00fcndigten einen Gegenprotest an drei Grenz\u00fcberg\u00e4ngen an. Polnische Landwirte wollen ihre Proteste gegen erleichterte Getreideeinfuhren aus der Ukraine in die EU und nach Polen mit [&hellip;]<\/p>\n","protected":false},"author":3,"featured_media":55675,"comment_status":"open","ping_status":"open","sticky":false,"template":"","format":"standard","meta":{"_yoast_indexnow_last_ping":["1708443695"],"wp_automatic_camp":["217"],"b18962ec95ce45e74262c58050b58e9b":["Polen: Bauern wollen &quot;totale Blockade aller Grenz\u00fcberg\u00e4nge&quot; zur Ukraine"],"original_link":["https:\/\/de.rt.com\/international\/196833-polnische-bauern-wollen-totale-blockade-aller-grenzuebergaenge-zur-ukraine\/"],"_thumbnail_id":["55675"],"_wptgpro_p2tg_sent2tg":["a:1:{i:23737;s:19:\"2024-02-20 17:42:42\";}"],"jnews_social_counter_last_update":["1777552033"]},"categories":[19,23],"tags":[11561,22707,25170,53714,5850,42320,127,1050,581],"yoast_head":"<!-- This site is optimized with the Yoast SEO Premium plugin v22.7 (Yoast SEO v22.7) - https:\/\/yoast.com\/wordpress\/plugins\/seo\/ -->\n<title>Polen: Bauern wollen &quot;totale Blockade aller Grenz\u00fcberg\u00e4nge&quot; zur Ukraine - just-now.NEWS Deutschland<\/title>\n<meta name=\"robots\" content=\"index, follow, max-snippet:-1, max-image-preview:large, max-video-preview:-1\" \/>\n<link rel=\"canonical\" href=\"https:\/\/now-news.de\/de\/deutschland\/polen-bauern-wollen-totale-blockade-aller-grenzuebergaenge-zur-ukraine\/\" \/>\n<meta property=\"og:locale\" content=\"de_DE\" \/>\n<meta property=\"og:type\" content=\"article\" \/>\n<meta property=\"og:title\" content=\"Polen: Bauern wollen &quot;totale Blockade aller Grenz\u00fcberg\u00e4nge&quot; zur Ukraine\" \/>\n<meta property=\"og:description\" content=\"Der Streit innerhalb der EU und mit der Ukraine um erleichterte Getreideeinfuhren aus der Ukraine in die EU eskaliert weiter. Polnische Landwirte wollen die Grenz\u00fcberg\u00e4nge zur Ukraine blockieren. Ukrainische Spediteure k\u00fcndigten einen Gegenprotest an drei Grenz\u00fcberg\u00e4ngen an. Polnische Landwirte wollen ihre Proteste gegen erleichterte Getreideeinfuhren aus der Ukraine in die EU und nach Polen mit [&hellip;]\" \/>\n<meta property=\"og:url\" content=\"https:\/\/now-news.de\/de\/deutschland\/polen-bauern-wollen-totale-blockade-aller-grenzuebergaenge-zur-ukraine\/\" \/>\n<meta property=\"og:site_name\" content=\"just-now.NEWS Deutschland\" \/>\n<meta property=\"article:publisher\" content=\"https:\/\/www.facebook.com\/wirmachenauf\" \/>\n<meta property=\"article:published_time\" content=\"2024-02-20T15:40:38+00:00\" \/>\n<meta property=\"og:image\" content=\"https:\/\/now-news.de\/de\/wp-content\/uploads\/sites\/3\/2024\/02\/Polen-Bauern-wollen-quottotale-Blockade-aller-Grenzuebergaengequot-zur-Ukraine.jpg\" \/>\n\t<meta property=\"og:image:width\" content=\"460\" \/>\n\t<meta property=\"og:image:height\" content=\"259\" \/>\n\t<meta property=\"og:image:type\" content=\"image\/jpeg\" \/>\n<meta name=\"author\" content=\"rtnews\" \/>\n<meta name=\"twitter:card\" content=\"summary_large_image\" \/>\n<meta name=\"twitter:creator\" content=\"@WirMachenAuf_de\" \/>\n<meta name=\"twitter:site\" content=\"@WirMachenAuf_de\" \/>\n<meta name=\"twitter:label1\" content=\"Verfasst von\" \/>\n\t<meta name=\"twitter:data1\" content=\"rtnews\" \/>\n\t<meta name=\"twitter:label2\" content=\"Gesch\u00e4tzte Lesezeit\" \/>\n\t<meta name=\"twitter:data2\" content=\"2\u00a0Minuten\" \/>\n<script type=\"application\/ld+json\" class=\"yoast-schema-graph\">{\"@context\":\"https:\/\/schema.org\",\"@graph\":[{\"@type\":\"Article\",\"@id\":\"https:\/\/now-news.de\/de\/deutschland\/polen-bauern-wollen-totale-blockade-aller-grenzuebergaenge-zur-ukraine\/#article\",\"isPartOf\":{\"@id\":\"https:\/\/now-news.de\/de\/deutschland\/polen-bauern-wollen-totale-blockade-aller-grenzuebergaenge-zur-ukraine\/\"},\"author\":{\"name\":\"rtnews\",\"@id\":\"https:\/\/now-news.de\/de\/#\/schema\/person\/fb534a4e865501d8b3285208df34a9b5\"},\"headline\":\"Polen: Bauern wollen &quot;totale Blockade aller Grenz\u00fcberg\u00e4nge&quot; zur Ukraine\",\"datePublished\":\"2024-02-20T15:40:38+00:00\",\"dateModified\":\"2024-02-20T15:40:38+00:00\",\"mainEntityOfPage\":{\"@id\":\"https:\/\/now-news.de\/de\/deutschland\/polen-bauern-wollen-totale-blockade-aller-grenzuebergaenge-zur-ukraine\/\"},\"wordCount\":382,\"commentCount\":0,\"publisher\":{\"@id\":\"https:\/\/now-news.de\/de\/#organization\"},\"image\":{\"@id\":\"https:\/\/now-news.de\/de\/deutschland\/polen-bauern-wollen-totale-blockade-aller-grenzuebergaenge-zur-ukraine\/#primaryimage\"},\"thumbnailUrl\":\"https:\/\/now-news.de\/de\/wp-content\/uploads\/sites\/3\/2024\/02\/Polen-Bauern-wollen-quottotale-Blockade-aller-Grenzuebergaengequot-zur-Ukraine.jpg\",\"keywords\":[\"aller\",\"Bauern\",\"Blockade\",\"Grenz\u00fcberg\u00e4ngequot\",\"Polen\",\"quotTotale\",\"ukraine\",\"wollen\",\"zur\"],\"articleSection\":[\"Deutschland\",\"Russland\"],\"inLanguage\":\"de\",\"potentialAction\":[{\"@type\":\"CommentAction\",\"name\":\"Comment\",\"target\":[\"https:\/\/now-news.de\/de\/deutschland\/polen-bauern-wollen-totale-blockade-aller-grenzuebergaenge-zur-ukraine\/#respond\"]}]},{\"@type\":\"WebPage\",\"@id\":\"https:\/\/now-news.de\/de\/deutschland\/polen-bauern-wollen-totale-blockade-aller-grenzuebergaenge-zur-ukraine\/\",\"url\":\"https:\/\/now-news.de\/de\/deutschland\/polen-bauern-wollen-totale-blockade-aller-grenzuebergaenge-zur-ukraine\/\",\"name\":\"Polen: Bauern wollen &quot;totale Blockade aller Grenz\u00fcberg\u00e4nge&quot; zur Ukraine - just-now.NEWS Deutschland\",\"isPartOf\":{\"@id\":\"https:\/\/now-news.de\/de\/#website\"},\"primaryImageOfPage\":{\"@id\":\"https:\/\/now-news.de\/de\/deutschland\/polen-bauern-wollen-totale-blockade-aller-grenzuebergaenge-zur-ukraine\/#primaryimage\"},\"image\":{\"@id\":\"https:\/\/now-news.de\/de\/deutschland\/polen-bauern-wollen-totale-blockade-aller-grenzuebergaenge-zur-ukraine\/#primaryimage\"},\"thumbnailUrl\":\"https:\/\/now-news.de\/de\/wp-content\/uploads\/sites\/3\/2024\/02\/Polen-Bauern-wollen-quottotale-Blockade-aller-Grenzuebergaengequot-zur-Ukraine.jpg\",\"datePublished\":\"2024-02-20T15:40:38+00:00\",\"dateModified\":\"2024-02-20T15:40:38+00:00\",\"breadcrumb\":{\"@id\":\"https:\/\/now-news.de\/de\/deutschland\/polen-bauern-wollen-totale-blockade-aller-grenzuebergaenge-zur-ukraine\/#breadcrumb\"},\"inLanguage\":\"de\",\"potentialAction\":[{\"@type\":\"ReadAction\",\"target\":[\"https:\/\/now-news.de\/de\/deutschland\/polen-bauern-wollen-totale-blockade-aller-grenzuebergaenge-zur-ukraine\/\"]}]},{\"@type\":\"ImageObject\",\"inLanguage\":\"de\",\"@id\":\"https:\/\/now-news.de\/de\/deutschland\/polen-bauern-wollen-totale-blockade-aller-grenzuebergaenge-zur-ukraine\/#primaryimage\",\"url\":\"https:\/\/now-news.de\/de\/wp-content\/uploads\/sites\/3\/2024\/02\/Polen-Bauern-wollen-quottotale-Blockade-aller-Grenzuebergaengequot-zur-Ukraine.jpg\",\"contentUrl\":\"https:\/\/now-news.de\/de\/wp-content\/uploads\/sites\/3\/2024\/02\/Polen-Bauern-wollen-quottotale-Blockade-aller-Grenzuebergaengequot-zur-Ukraine.jpg\",\"width\":460,\"height\":259,\"caption\":\"Polen: Bauern wollen &quot;totale Blockade aller Grenz\u00fcberg\u00e4nge&quot; zur Ukraine\"},{\"@type\":\"BreadcrumbList\",\"@id\":\"https:\/\/now-news.de\/de\/deutschland\/polen-bauern-wollen-totale-blockade-aller-grenzuebergaenge-zur-ukraine\/#breadcrumb\",\"itemListElement\":[{\"@type\":\"ListItem\",\"position\":1,\"name\":\"Home\",\"item\":\"https:\/\/now-news.de\/de\/\"},{\"@type\":\"ListItem\",\"position\":2,\"name\":\"Polen: Bauern wollen &quot;totale Blockade aller Grenz\u00fcberg\u00e4nge&quot; zur Ukraine\"}]},{\"@type\":\"WebSite\",\"@id\":\"https:\/\/now-news.de\/de\/#website\",\"url\":\"https:\/\/now-news.de\/de\/\",\"name\":\"just-now.NEWS Deutschland\",\"description\":\"Das Portal f\u00fcr unzensierte Nachrichten aus der Welt\",\"publisher\":{\"@id\":\"https:\/\/now-news.de\/de\/#organization\"},\"potentialAction\":[{\"@type\":\"SearchAction\",\"target\":{\"@type\":\"EntryPoint\",\"urlTemplate\":\"https:\/\/now-news.de\/de\/?s={search_term_string}\"},\"query-input\":\"required name=search_term_string\"}],\"inLanguage\":\"de\"},{\"@type\":\"Organization\",\"@id\":\"https:\/\/now-news.de\/de\/#organization\",\"name\":\"Just Now News\",\"url\":\"https:\/\/now-news.de\/de\/\",\"logo\":{\"@type\":\"ImageObject\",\"inLanguage\":\"de\",\"@id\":\"https:\/\/now-news.de\/de\/#\/schema\/logo\/image\/\",\"url\":\"http:\/\/just-now.news\/de\/wp-content\/uploads\/sites\/3\/2022\/04\/logo500x500.jpg\",\"contentUrl\":\"http:\/\/just-now.news\/de\/wp-content\/uploads\/sites\/3\/2022\/04\/logo500x500.jpg\",\"width\":500,\"height\":500,\"caption\":\"Just Now News\"},\"image\":{\"@id\":\"https:\/\/now-news.de\/de\/#\/schema\/logo\/image\/\"},\"sameAs\":[\"https:\/\/www.facebook.com\/wirmachenauf\",\"https:\/\/x.com\/WirMachenAuf_de\"]},{\"@type\":\"Person\",\"@id\":\"https:\/\/now-news.de\/de\/#\/schema\/person\/fb534a4e865501d8b3285208df34a9b5\",\"name\":\"rtnews\",\"image\":{\"@type\":\"ImageObject\",\"inLanguage\":\"de\",\"@id\":\"https:\/\/now-news.de\/de\/#\/schema\/person\/image\/\",\"url\":\"https:\/\/secure.gravatar.com\/avatar\/82aafea7d8127119dd649515f56e2117?s=96&d=mm&r=g\",\"contentUrl\":\"https:\/\/secure.gravatar.com\/avatar\/82aafea7d8127119dd649515f56e2117?s=96&d=mm&r=g\",\"caption\":\"rtnews\"},\"url\":\"https:\/\/now-news.de\/de\/author\/rnews\/\"}]}<\/script>\n<!-- \/ Yoast SEO Premium plugin. -->","yoast_head_json":{"title":"Polen: Bauern wollen &quot;totale Blockade aller Grenz\u00fcberg\u00e4nge&quot; zur Ukraine - just-now.NEWS Deutschland","robots":{"index":"index","follow":"follow","max-snippet":"max-snippet:-1","max-image-preview":"max-image-preview:large","max-video-preview":"max-video-preview:-1"},"canonical":"https:\/\/now-news.de\/de\/deutschland\/polen-bauern-wollen-totale-blockade-aller-grenzuebergaenge-zur-ukraine\/","og_locale":"de_DE","og_type":"article","og_title":"Polen: Bauern wollen &quot;totale Blockade aller Grenz\u00fcberg\u00e4nge&quot; zur Ukraine","og_description":"Der Streit innerhalb der EU und mit der Ukraine um erleichterte Getreideeinfuhren aus der Ukraine in die EU eskaliert weiter. Polnische Landwirte wollen die Grenz\u00fcberg\u00e4nge zur Ukraine blockieren. Ukrainische Spediteure k\u00fcndigten einen Gegenprotest an drei Grenz\u00fcberg\u00e4ngen an. Polnische Landwirte wollen ihre Proteste gegen erleichterte Getreideeinfuhren aus der Ukraine in die EU und nach Polen mit [&hellip;]","og_url":"https:\/\/now-news.de\/de\/deutschland\/polen-bauern-wollen-totale-blockade-aller-grenzuebergaenge-zur-ukraine\/","og_site_name":"just-now.NEWS Deutschland","article_publisher":"https:\/\/www.facebook.com\/wirmachenauf","article_published_time":"2024-02-20T15:40:38+00:00","og_image":[{"width":460,"height":259,"url":"https:\/\/now-news.de\/de\/wp-content\/uploads\/sites\/3\/2024\/02\/Polen-Bauern-wollen-quottotale-Blockade-aller-Grenzuebergaengequot-zur-Ukraine.jpg","type":"image\/jpeg"}],"author":"rtnews","twitter_card":"summary_large_image","twitter_creator":"@WirMachenAuf_de","twitter_site":"@WirMachenAuf_de","twitter_misc":{"Verfasst von":"rtnews","Gesch\u00e4tzte Lesezeit":"2\u00a0Minuten"},"schema":{"@context":"https:\/\/schema.org","@graph":[{"@type":"Article","@id":"https:\/\/now-news.de\/de\/deutschland\/polen-bauern-wollen-totale-blockade-aller-grenzuebergaenge-zur-ukraine\/#article","isPartOf":{"@id":"https:\/\/now-news.de\/de\/deutschland\/polen-bauern-wollen-totale-blockade-aller-grenzuebergaenge-zur-ukraine\/"},"author":{"name":"rtnews","@id":"https:\/\/now-news.de\/de\/#\/schema\/person\/fb534a4e865501d8b3285208df34a9b5"},"headline":"Polen: Bauern wollen &quot;totale Blockade aller Grenz\u00fcberg\u00e4nge&quot; zur Ukraine","datePublished":"2024-02-20T15:40:38+00:00","dateModified":"2024-02-20T15:40:38+00:00","mainEntityOfPage":{"@id":"https:\/\/now-news.de\/de\/deutschland\/polen-bauern-wollen-totale-blockade-aller-grenzuebergaenge-zur-ukraine\/"},"wordCount":382,"commentCount":0,"publisher":{"@id":"https:\/\/now-news.de\/de\/#organization"},"image":{"@id":"https:\/\/now-news.de\/de\/deutschland\/polen-bauern-wollen-totale-blockade-aller-grenzuebergaenge-zur-ukraine\/#primaryimage"},"thumbnailUrl":"https:\/\/now-news.de\/de\/wp-content\/uploads\/sites\/3\/2024\/02\/Polen-Bauern-wollen-quottotale-Blockade-aller-Grenzuebergaengequot-zur-Ukraine.jpg","keywords":["aller","Bauern","Blockade","Grenz\u00fcberg\u00e4ngequot","Polen","quotTotale","ukraine","wollen","zur"],"articleSection":["Deutschland","Russland"],"inLanguage":"de","potentialAction":[{"@type":"CommentAction","name":"Comment","target":["https:\/\/now-news.de\/de\/deutschland\/polen-bauern-wollen-totale-blockade-aller-grenzuebergaenge-zur-ukraine\/#respond"]}]},{"@type":"WebPage","@id":"https:\/\/now-news.de\/de\/deutschland\/polen-bauern-wollen-totale-blockade-aller-grenzuebergaenge-zur-ukraine\/","url":"https:\/\/now-news.de\/de\/deutschland\/polen-bauern-wollen-totale-blockade-aller-grenzuebergaenge-zur-ukraine\/","name":"Polen: Bauern wollen &quot;totale Blockade aller Grenz\u00fcberg\u00e4nge&quot; zur Ukraine - just-now.NEWS Deutschland","isPartOf":{"@id":"https:\/\/now-news.de\/de\/#website"},"primaryImageOfPage":{"@id":"https:\/\/now-news.de\/de\/deutschland\/polen-bauern-wollen-totale-blockade-aller-grenzuebergaenge-zur-ukraine\/#primaryimage"},"image":{"@id":"https:\/\/now-news.de\/de\/deutschland\/polen-bauern-wollen-totale-blockade-aller-grenzuebergaenge-zur-ukraine\/#primaryimage"},"thumbnailUrl":"https:\/\/now-news.de\/de\/wp-content\/uploads\/sites\/3\/2024\/02\/Polen-Bauern-wollen-quottotale-Blockade-aller-Grenzuebergaengequot-zur-Ukraine.jpg","datePublished":"2024-02-20T15:40:38+00:00","dateModified":"2024-02-20T15:40:38+00:00","breadcrumb":{"@id":"https:\/\/now-news.de\/de\/deutschland\/polen-bauern-wollen-totale-blockade-aller-grenzuebergaenge-zur-ukraine\/#breadcrumb"},"inLanguage":"de","potentialAction":[{"@type":"ReadAction","target":["https:\/\/now-news.de\/de\/deutschland\/polen-bauern-wollen-totale-blockade-aller-grenzuebergaenge-zur-ukraine\/"]}]},{"@type":"ImageObject","inLanguage":"de","@id":"https:\/\/now-news.de\/de\/deutschland\/polen-bauern-wollen-totale-blockade-aller-grenzuebergaenge-zur-ukraine\/#primaryimage","url":"https:\/\/now-news.de\/de\/wp-content\/uploads\/sites\/3\/2024\/02\/Polen-Bauern-wollen-quottotale-Blockade-aller-Grenzuebergaengequot-zur-Ukraine.jpg","contentUrl":"https:\/\/now-news.de\/de\/wp-content\/uploads\/sites\/3\/2024\/02\/Polen-Bauern-wollen-quottotale-Blockade-aller-Grenzuebergaengequot-zur-Ukraine.jpg","width":460,"height":259,"caption":"Polen: Bauern wollen &quot;totale Blockade aller Grenz\u00fcberg\u00e4nge&quot; zur Ukraine"},{"@type":"BreadcrumbList","@id":"https:\/\/now-news.de\/de\/deutschland\/polen-bauern-wollen-totale-blockade-aller-grenzuebergaenge-zur-ukraine\/#breadcrumb","itemListElement":[{"@type":"ListItem","position":1,"name":"Home","item":"https:\/\/now-news.de\/de\/"},{"@type":"ListItem","position":2,"name":"Polen: Bauern wollen &quot;totale Blockade aller Grenz\u00fcberg\u00e4nge&quot; zur Ukraine"}]},{"@type":"WebSite","@id":"https:\/\/now-news.de\/de\/#website","url":"https:\/\/now-news.de\/de\/","name":"just-now.NEWS Deutschland","description":"Das Portal f\u00fcr unzensierte Nachrichten aus der Welt","publisher":{"@id":"https:\/\/now-news.de\/de\/#organization"},"potentialAction":[{"@type":"SearchAction","target":{"@type":"EntryPoint","urlTemplate":"https:\/\/now-news.de\/de\/?s={search_term_string}"},"query-input":"required name=search_term_string"}],"inLanguage":"de"},{"@type":"Organization","@id":"https:\/\/now-news.de\/de\/#organization","name":"Just Now News","url":"https:\/\/now-news.de\/de\/","logo":{"@type":"ImageObject","inLanguage":"de","@id":"https:\/\/now-news.de\/de\/#\/schema\/logo\/image\/","url":"http:\/\/just-now.news\/de\/wp-content\/uploads\/sites\/3\/2022\/04\/logo500x500.jpg","contentUrl":"http:\/\/just-now.news\/de\/wp-content\/uploads\/sites\/3\/2022\/04\/logo500x500.jpg","width":500,"height":500,"caption":"Just Now News"},"image":{"@id":"https:\/\/now-news.de\/de\/#\/schema\/logo\/image\/"},"sameAs":["https:\/\/www.facebook.com\/wirmachenauf","https:\/\/x.com\/WirMachenAuf_de"]},{"@type":"Person","@id":"https:\/\/now-news.de\/de\/#\/schema\/person\/fb534a4e865501d8b3285208df34a9b5","name":"rtnews","image":{"@type":"ImageObject","inLanguage":"de","@id":"https:\/\/now-news.de\/de\/#\/schema\/person\/image\/","url":"https:\/\/secure.gravatar.com\/avatar\/82aafea7d8127119dd649515f56e2117?s=96&d=mm&r=g","contentUrl":"https:\/\/secure.gravatar.com\/avatar\/82aafea7d8127119dd649515f56e2117?s=96&d=mm&r=g","caption":"rtnews"},"url":"https:\/\/now-news.de\/de\/author\/rnews\/"}]}},"_links":{"self":[{"href":"https:\/\/now-news.de\/de\/wp-json\/wp\/v2\/posts\/55674"}],"collection":[{"href":"https:\/\/now-news.de\/de\/wp-json\/wp\/v2\/posts"}],"about":[{"href":"https:\/\/now-news.de\/de\/wp-json\/wp\/v2\/types\/post"}],"author":[{"embeddable":true,"href":"https:\/\/now-news.de\/de\/wp-json\/wp\/v2\/users\/3"}],"replies":[{"embeddable":true,"href":"https:\/\/now-news.de\/de\/wp-json\/wp\/v2\/comments?post=55674"}],"version-history":[{"count":0,"href":"https:\/\/now-news.de\/de\/wp-json\/wp\/v2\/posts\/55674\/revisions"}],"wp:featuredmedia":[{"embeddable":true,"href":"https:\/\/now-news.de\/de\/wp-json\/wp\/v2\/media\/55675"}],"wp:attachment":[{"href":"https:\/\/now-news.de\/de\/wp-json\/wp\/v2\/media?parent=55674"}],"wp:term":[{"taxonomy":"category","embeddable":true,"href":"https:\/\/now-news.de\/de\/wp-json\/wp\/v2\/categories?post=55674"},{"taxonomy":"post_tag","embeddable":true,"href":"https:\/\/now-news.de\/de\/wp-json\/wp\/v2\/tags?post=55674"}],"curies":[{"name":"wp","href":"https:\/\/api.w.org\/{rel}","templated":true}]}}