{"id":55661,"date":"2024-02-20T14:46:47","date_gmt":"2024-02-20T12:46:47","guid":{"rendered":"https:\/\/just-now.news\/de\/deutschland\/tod-von-nawalny-eu-fordert-internationale-untersuchung\/"},"modified":"2024-02-20T14:46:47","modified_gmt":"2024-02-20T12:46:47","slug":"tod-von-nawalny-eu-fordert-internationale-untersuchung","status":"publish","type":"post","link":"https:\/\/now-news.de\/de\/deutschland\/tod-von-nawalny-eu-fordert-internationale-untersuchung\/","title":{"rendered":"Tod von Nawalny: EU fordert &quot;internationale Untersuchung&quot;"},"content":{"rendered":"<p><img decoding=\"async\" src=\"http:\/\/just-now.news\/de\/wp-content\/uploads\/sites\/3\/2024\/02\/65d491a2b480cc14d951d86a.jpg\" \/><\/p>\n<div class=\"Text-root Text-type_1 \">\n                Noch bevor die Todesursache gekl\u00e4rt ist, zeigt sich die Europ\u00e4ische Union &#8220;emp\u00f6rt&#8221; \u00fcber den Tod des Oppositionellen. Nawalny war am Freitag unerwartet in einem russischen Gef\u00e4ngnis gestorben.\n            <\/div>\n<p><\/p>\n<div class=\"Text-root Text-type_5 ArticleView-text ViewText-root \">\n<p>Russland muss nach den Worten des EU-Chefdiplomaten Josep Borrell eine internationale Untersuchung zum Tod des Oppositionellen und Antikorruptionsk\u00e4mpfers Alexei Nawalny zulassen.<\/p>\n<p>Nawalny war am Freitag unerwartet in einem russischen Gef\u00e4ngnis gestorben, wo er eine lange Haftstrafe im Zusammenhang mit einer Reihe von strafrechtlichen Verurteilungen verb\u00fc\u00dfte.<\/p>\n<p>&#8220;Russland muss eine unabh\u00e4ngige und transparente internationale Untersuchung der Umst\u00e4nde seines pl\u00f6tzlichen Todes zulassen&#8221;, sagte Borrell am Montag in einer Erkl\u00e4rung.<\/p>\n<p>Er f\u00fcgte hinzu, dass die EU &#8220;keine M\u00fchen scheuen wird, um die politische F\u00fchrung und die Beh\u00f6rden Russlands zur Rechenschaft zu ziehen&#8221;, und drohte mit weiteren Sanktionen gegen Moskau. Er wiederholte, dass die EU \u00fcber den Tod Nawalnys &#8220;emp\u00f6rt&#8221; sei.<\/p>\n<p>Kremlsprecher Dmitri Peskow erkl\u00e4rte zu den \u00c4u\u00dferungen des EU-Au\u00dfenpolitikers:<\/p>\n<blockquote>\n<p><em>&#8220;Wir akzeptieren solche Forderungen \u00fcberhaupt nicht, vor allem nicht von Herrn Borrell&#8221;.<\/em><\/p>\n<\/blockquote>\n<div class=\"EmbedBlock-root EmbedBlock-twitter\">\n<div class=\"TwitterEmbed\">\n<blockquote class=\"twitter-tweet lazyload\" data-twitter=\"twitter-tweet\">\n<p lang=\"en\" dir=\"ltr\">How do the <a rel=\"nofollow noopener\" target=\"_blank\" href=\"https:\/\/twitter.com\/hashtag\/EU?src=hash&amp;ref_src=twsrc%5Etfw\">#EU<\/a> and the <a rel=\"nofollow noopener\" target=\"_blank\" href=\"https:\/\/twitter.com\/hashtag\/US?src=hash&amp;ref_src=twsrc%5Etfw\">#US<\/a> know exactly what happened to Alexey Navalny within minutes but still don\u2019t know what happened to the <a rel=\"nofollow noopener\" target=\"_blank\" href=\"https:\/\/twitter.com\/hashtag\/Nordstream2?src=hash&amp;ref_src=twsrc%5Etfw\">#Nordstream2<\/a>? <a rel=\"nofollow noopener\" target=\"_blank\" href=\"https:\/\/t.co\/BurIKBYVgm\">pic.twitter.com\/BurIKBYVgm<\/a><\/p>\n<p>\u2014 Russian Embassy in South Africa \ud83c\uddf7\ud83c\uddfa (@EmbassyofRussia) <a rel=\"nofollow noopener\" target=\"_blank\" href=\"https:\/\/twitter.com\/EmbassyofRussia\/status\/1759519868133486716?ref_src=twsrc%5Etfw\">February 19, 2024<\/a><\/p><\/blockquote>\n<\/div>\n<\/div>\n<p>Nach Angaben der russischen Beh\u00f6rden f\u00fchlte sich Nawalny pl\u00f6tzlich &#8220;krank&#8221; und brach am Freitag zusammen. Versuche, den 47-J\u00e4hrigen wiederzubeleben, seien fehlgeschlagen, und er sei noch am selben Tag f\u00fcr tot erkl\u00e4rt worden. Die genaue Todesursache ist nach wie vor unklar, eine Quelle von <em>RT Russian<\/em> vermutete jedoch ein Blutgerinnsel. Eine Untersuchung wurde inzwischen eingeleitet.<\/p>\n<p>Nawalny wurde 2021 wegen Versto\u00dfes gegen seine Bew\u00e4hrungsauflagen zu einer Haftstrafe wegen Betrugs verurteilt. Zwei Jahre sp\u00e4ter wurde er wegen &#8220;extremistischer Aktivit\u00e4ten&#8221; zu 19 Jahren Haft verurteilt.<\/p>\n<p>Der Aktivist bestritt jegliches Fehlverhalten und beharrte darauf, dass alle Verfahren gegen ihn politisch motiviert seien. Nawalny behauptete zudem, die Haftbedingungen k\u00e4men &#8220;Folter&#8221; gleich.<\/p>\n<p>Mehrere westliche Staatschefs, darunter US-Pr\u00e4sident Joe Biden, erkl\u00e4rten, der russische Pr\u00e4sident Wladimir Putin und die russische Regierung seien letztlich f\u00fcr den Tod Nawalnys &#8220;verantwortlich&#8221;.<\/p>\n<p>Die Sprecherin des russischen Au\u00dfenministeriums, Maria Sacharowa, warf dem Westen vor, auf &#8220;zynische&#8221; Weise den russischen Beh\u00f6rden die Schuld zu geben, anstatt die Ver\u00f6ffentlichung der gerichtsmedizinischen Berichte abzuwarten.<\/p>\n<p>Kremlsprecher Dmitri Peskow sagte am Montag, es sei &#8220;v\u00f6llig inakzeptabel&#8221;, dass westliche Politiker &#8220;emp\u00f6rende Aussagen&#8221; \u00fcber Nawalny machten, w\u00e4hrend die Ermittlungen zu seinem Tod noch liefen.<\/p>\n<p><strong>Mehr zum Thema<\/strong> &#8211;\u00a0<a rel=\"nofollow noopener\" target=\"_blank\" href=\"https:\/\/freeassange.rtde.live\/meinung\/196542-nawalny-heiligsprechung-unverbesserlichen-rassisten\/\">Nawalny \u2013 Heiligsprechung eines unverbesserlichen Rassisten<\/a><\/p>\n<div class=\"EmbedBlock-root EmbedBlock-externalVideo EmbedBlock-odysee\">\n<div class=\"VkEmbed\"><iframe class=\"lazyload\" data-src=\"https:\/\/odysee.com\/%24\/embed\/%40RTDE%3Ae%2FPutin%2C-Putin%2C-Putin--Nach-Nawalnys-Tod-steht-f%C3%BCr-den-kollektiven-Westen-der-Schuldige-fest%3Ac\" frameborder=\"0\" width=\"853\" height=\"480\" allowfullscreen><\/iframe><\/div>\n<\/div>\n<\/div>\n<p><script async src=\"https:\/\/platform.twitter.com\/widgets.js\" charset=\"utf-8\"><\/script><br \/>\n<br \/><br \/>\n<br \/><a href=\"https:\/\/de.rt.com\/international\/196818-tod-von-nawalny-eu-fordert\/\">Source link <\/a><\/p>\n","protected":false},"excerpt":{"rendered":"<p>Noch bevor die Todesursache gekl\u00e4rt ist, zeigt sich die Europ\u00e4ische Union &#8220;emp\u00f6rt&#8221; \u00fcber den Tod des Oppositionellen. Nawalny war am Freitag unerwartet in einem russischen Gef\u00e4ngnis gestorben. Russland muss nach den Worten des EU-Chefdiplomaten Josep Borrell eine internationale Untersuchung zum Tod des Oppositionellen und Antikorruptionsk\u00e4mpfers Alexei Nawalny zulassen. Nawalny war am Freitag unerwartet in einem [&hellip;]<\/p>\n","protected":false},"author":3,"featured_media":55662,"comment_status":"open","ping_status":"open","sticky":false,"template":"","format":"standard","meta":{"_yoast_indexnow_last_ping":["1708434032"],"wp_automatic_camp":["217"],"06d6192d8419d09c1c2347f25e99162f":["Tod von Nawalny: EU fordert &quot;internationale Untersuchung&quot;"],"original_link":["https:\/\/de.rt.com\/international\/196818-tod-von-nawalny-eu-fordert\/"],"_thumbnail_id":["55662"],"_wptgpro_p2tg_sent2tg":["a:1:{i:23737;s:19:\"2024-02-20 15:01:39\";}"],"jnews_social_counter_last_update":["1777358957"]},"categories":[19,23],"tags":[355,24580,29104,12077,53711,50],"yoast_head":"<!-- This site is optimized with the Yoast SEO Premium plugin v22.7 (Yoast SEO v22.7) - https:\/\/yoast.com\/wordpress\/plugins\/seo\/ -->\n<title>Tod von Nawalny: EU fordert &quot;internationale Untersuchung&quot; - just-now.NEWS Deutschland<\/title>\n<meta name=\"robots\" content=\"index, follow, max-snippet:-1, max-image-preview:large, max-video-preview:-1\" \/>\n<link rel=\"canonical\" href=\"https:\/\/now-news.de\/de\/deutschland\/tod-von-nawalny-eu-fordert-internationale-untersuchung\/\" \/>\n<meta property=\"og:locale\" content=\"de_DE\" \/>\n<meta property=\"og:type\" content=\"article\" \/>\n<meta property=\"og:title\" content=\"Tod von Nawalny: EU fordert &quot;internationale Untersuchung&quot;\" \/>\n<meta property=\"og:description\" content=\"Noch bevor die Todesursache gekl\u00e4rt ist, zeigt sich die Europ\u00e4ische Union &#8220;emp\u00f6rt&#8221; \u00fcber den Tod des Oppositionellen. Nawalny war am Freitag unerwartet in einem russischen Gef\u00e4ngnis gestorben. Russland muss nach den Worten des EU-Chefdiplomaten Josep Borrell eine internationale Untersuchung zum Tod des Oppositionellen und Antikorruptionsk\u00e4mpfers Alexei Nawalny zulassen. Nawalny war am Freitag unerwartet in einem [&hellip;]\" \/>\n<meta property=\"og:url\" content=\"https:\/\/now-news.de\/de\/deutschland\/tod-von-nawalny-eu-fordert-internationale-untersuchung\/\" \/>\n<meta property=\"og:site_name\" content=\"just-now.NEWS Deutschland\" \/>\n<meta property=\"article:publisher\" content=\"https:\/\/www.facebook.com\/wirmachenauf\" \/>\n<meta property=\"article:published_time\" content=\"2024-02-20T12:46:47+00:00\" \/>\n<meta property=\"og:image\" content=\"https:\/\/now-news.de\/de\/wp-content\/uploads\/sites\/3\/2024\/02\/Tod-von-Nawalny-EU-fordert-quotinternationale-Untersuchungquot.jpg\" \/>\n\t<meta property=\"og:image:width\" content=\"460\" \/>\n\t<meta property=\"og:image:height\" content=\"259\" \/>\n\t<meta property=\"og:image:type\" content=\"image\/jpeg\" \/>\n<meta name=\"author\" content=\"rtnews\" \/>\n<meta name=\"twitter:card\" content=\"summary_large_image\" \/>\n<meta name=\"twitter:creator\" content=\"@WirMachenAuf_de\" \/>\n<meta name=\"twitter:site\" content=\"@WirMachenAuf_de\" \/>\n<meta name=\"twitter:label1\" content=\"Verfasst von\" \/>\n\t<meta name=\"twitter:data1\" content=\"rtnews\" \/>\n\t<meta name=\"twitter:label2\" content=\"Gesch\u00e4tzte Lesezeit\" \/>\n\t<meta name=\"twitter:data2\" content=\"2\u00a0Minuten\" \/>\n<script type=\"application\/ld+json\" class=\"yoast-schema-graph\">{\"@context\":\"https:\/\/schema.org\",\"@graph\":[{\"@type\":\"Article\",\"@id\":\"https:\/\/now-news.de\/de\/deutschland\/tod-von-nawalny-eu-fordert-internationale-untersuchung\/#article\",\"isPartOf\":{\"@id\":\"https:\/\/now-news.de\/de\/deutschland\/tod-von-nawalny-eu-fordert-internationale-untersuchung\/\"},\"author\":{\"name\":\"rtnews\",\"@id\":\"https:\/\/now-news.de\/de\/#\/schema\/person\/fb534a4e865501d8b3285208df34a9b5\"},\"headline\":\"Tod von Nawalny: EU fordert &quot;internationale Untersuchung&quot;\",\"datePublished\":\"2024-02-20T12:46:47+00:00\",\"dateModified\":\"2024-02-20T12:46:47+00:00\",\"mainEntityOfPage\":{\"@id\":\"https:\/\/now-news.de\/de\/deutschland\/tod-von-nawalny-eu-fordert-internationale-untersuchung\/\"},\"wordCount\":433,\"commentCount\":0,\"publisher\":{\"@id\":\"https:\/\/now-news.de\/de\/#organization\"},\"image\":{\"@id\":\"https:\/\/now-news.de\/de\/deutschland\/tod-von-nawalny-eu-fordert-internationale-untersuchung\/#primaryimage\"},\"thumbnailUrl\":\"https:\/\/now-news.de\/de\/wp-content\/uploads\/sites\/3\/2024\/02\/Tod-von-Nawalny-EU-fordert-quotinternationale-Untersuchungquot.jpg\",\"keywords\":[\"fordert\",\"Nawalny\",\"quotInternationale\",\"Tod\",\"Untersuchungquot\",\"von\"],\"articleSection\":[\"Deutschland\",\"Russland\"],\"inLanguage\":\"de\",\"potentialAction\":[{\"@type\":\"CommentAction\",\"name\":\"Comment\",\"target\":[\"https:\/\/now-news.de\/de\/deutschland\/tod-von-nawalny-eu-fordert-internationale-untersuchung\/#respond\"]}]},{\"@type\":\"WebPage\",\"@id\":\"https:\/\/now-news.de\/de\/deutschland\/tod-von-nawalny-eu-fordert-internationale-untersuchung\/\",\"url\":\"https:\/\/now-news.de\/de\/deutschland\/tod-von-nawalny-eu-fordert-internationale-untersuchung\/\",\"name\":\"Tod von Nawalny: EU fordert &quot;internationale Untersuchung&quot; - just-now.NEWS Deutschland\",\"isPartOf\":{\"@id\":\"https:\/\/now-news.de\/de\/#website\"},\"primaryImageOfPage\":{\"@id\":\"https:\/\/now-news.de\/de\/deutschland\/tod-von-nawalny-eu-fordert-internationale-untersuchung\/#primaryimage\"},\"image\":{\"@id\":\"https:\/\/now-news.de\/de\/deutschland\/tod-von-nawalny-eu-fordert-internationale-untersuchung\/#primaryimage\"},\"thumbnailUrl\":\"https:\/\/now-news.de\/de\/wp-content\/uploads\/sites\/3\/2024\/02\/Tod-von-Nawalny-EU-fordert-quotinternationale-Untersuchungquot.jpg\",\"datePublished\":\"2024-02-20T12:46:47+00:00\",\"dateModified\":\"2024-02-20T12:46:47+00:00\",\"breadcrumb\":{\"@id\":\"https:\/\/now-news.de\/de\/deutschland\/tod-von-nawalny-eu-fordert-internationale-untersuchung\/#breadcrumb\"},\"inLanguage\":\"de\",\"potentialAction\":[{\"@type\":\"ReadAction\",\"target\":[\"https:\/\/now-news.de\/de\/deutschland\/tod-von-nawalny-eu-fordert-internationale-untersuchung\/\"]}]},{\"@type\":\"ImageObject\",\"inLanguage\":\"de\",\"@id\":\"https:\/\/now-news.de\/de\/deutschland\/tod-von-nawalny-eu-fordert-internationale-untersuchung\/#primaryimage\",\"url\":\"https:\/\/now-news.de\/de\/wp-content\/uploads\/sites\/3\/2024\/02\/Tod-von-Nawalny-EU-fordert-quotinternationale-Untersuchungquot.jpg\",\"contentUrl\":\"https:\/\/now-news.de\/de\/wp-content\/uploads\/sites\/3\/2024\/02\/Tod-von-Nawalny-EU-fordert-quotinternationale-Untersuchungquot.jpg\",\"width\":460,\"height\":259,\"caption\":\"Tod von Nawalny: EU fordert &quot;internationale Untersuchung&quot;\"},{\"@type\":\"BreadcrumbList\",\"@id\":\"https:\/\/now-news.de\/de\/deutschland\/tod-von-nawalny-eu-fordert-internationale-untersuchung\/#breadcrumb\",\"itemListElement\":[{\"@type\":\"ListItem\",\"position\":1,\"name\":\"Home\",\"item\":\"https:\/\/now-news.de\/de\/\"},{\"@type\":\"ListItem\",\"position\":2,\"name\":\"Tod von Nawalny: EU fordert &quot;internationale Untersuchung&quot;\"}]},{\"@type\":\"WebSite\",\"@id\":\"https:\/\/now-news.de\/de\/#website\",\"url\":\"https:\/\/now-news.de\/de\/\",\"name\":\"just-now.NEWS Deutschland\",\"description\":\"Das Portal f\u00fcr unzensierte Nachrichten aus der Welt\",\"publisher\":{\"@id\":\"https:\/\/now-news.de\/de\/#organization\"},\"potentialAction\":[{\"@type\":\"SearchAction\",\"target\":{\"@type\":\"EntryPoint\",\"urlTemplate\":\"https:\/\/now-news.de\/de\/?s={search_term_string}\"},\"query-input\":\"required name=search_term_string\"}],\"inLanguage\":\"de\"},{\"@type\":\"Organization\",\"@id\":\"https:\/\/now-news.de\/de\/#organization\",\"name\":\"Just Now News\",\"url\":\"https:\/\/now-news.de\/de\/\",\"logo\":{\"@type\":\"ImageObject\",\"inLanguage\":\"de\",\"@id\":\"https:\/\/now-news.de\/de\/#\/schema\/logo\/image\/\",\"url\":\"http:\/\/just-now.news\/de\/wp-content\/uploads\/sites\/3\/2022\/04\/logo500x500.jpg\",\"contentUrl\":\"http:\/\/just-now.news\/de\/wp-content\/uploads\/sites\/3\/2022\/04\/logo500x500.jpg\",\"width\":500,\"height\":500,\"caption\":\"Just Now News\"},\"image\":{\"@id\":\"https:\/\/now-news.de\/de\/#\/schema\/logo\/image\/\"},\"sameAs\":[\"https:\/\/www.facebook.com\/wirmachenauf\",\"https:\/\/x.com\/WirMachenAuf_de\"]},{\"@type\":\"Person\",\"@id\":\"https:\/\/now-news.de\/de\/#\/schema\/person\/fb534a4e865501d8b3285208df34a9b5\",\"name\":\"rtnews\",\"image\":{\"@type\":\"ImageObject\",\"inLanguage\":\"de\",\"@id\":\"https:\/\/now-news.de\/de\/#\/schema\/person\/image\/\",\"url\":\"https:\/\/secure.gravatar.com\/avatar\/82aafea7d8127119dd649515f56e2117?s=96&d=mm&r=g\",\"contentUrl\":\"https:\/\/secure.gravatar.com\/avatar\/82aafea7d8127119dd649515f56e2117?s=96&d=mm&r=g\",\"caption\":\"rtnews\"},\"url\":\"https:\/\/now-news.de\/de\/author\/rnews\/\"}]}<\/script>\n<!-- \/ Yoast SEO Premium plugin. -->","yoast_head_json":{"title":"Tod von Nawalny: EU fordert &quot;internationale Untersuchung&quot; - just-now.NEWS Deutschland","robots":{"index":"index","follow":"follow","max-snippet":"max-snippet:-1","max-image-preview":"max-image-preview:large","max-video-preview":"max-video-preview:-1"},"canonical":"https:\/\/now-news.de\/de\/deutschland\/tod-von-nawalny-eu-fordert-internationale-untersuchung\/","og_locale":"de_DE","og_type":"article","og_title":"Tod von Nawalny: EU fordert &quot;internationale Untersuchung&quot;","og_description":"Noch bevor die Todesursache gekl\u00e4rt ist, zeigt sich die Europ\u00e4ische Union &#8220;emp\u00f6rt&#8221; \u00fcber den Tod des Oppositionellen. Nawalny war am Freitag unerwartet in einem russischen Gef\u00e4ngnis gestorben. Russland muss nach den Worten des EU-Chefdiplomaten Josep Borrell eine internationale Untersuchung zum Tod des Oppositionellen und Antikorruptionsk\u00e4mpfers Alexei Nawalny zulassen. Nawalny war am Freitag unerwartet in einem [&hellip;]","og_url":"https:\/\/now-news.de\/de\/deutschland\/tod-von-nawalny-eu-fordert-internationale-untersuchung\/","og_site_name":"just-now.NEWS Deutschland","article_publisher":"https:\/\/www.facebook.com\/wirmachenauf","article_published_time":"2024-02-20T12:46:47+00:00","og_image":[{"width":460,"height":259,"url":"https:\/\/now-news.de\/de\/wp-content\/uploads\/sites\/3\/2024\/02\/Tod-von-Nawalny-EU-fordert-quotinternationale-Untersuchungquot.jpg","type":"image\/jpeg"}],"author":"rtnews","twitter_card":"summary_large_image","twitter_creator":"@WirMachenAuf_de","twitter_site":"@WirMachenAuf_de","twitter_misc":{"Verfasst von":"rtnews","Gesch\u00e4tzte Lesezeit":"2\u00a0Minuten"},"schema":{"@context":"https:\/\/schema.org","@graph":[{"@type":"Article","@id":"https:\/\/now-news.de\/de\/deutschland\/tod-von-nawalny-eu-fordert-internationale-untersuchung\/#article","isPartOf":{"@id":"https:\/\/now-news.de\/de\/deutschland\/tod-von-nawalny-eu-fordert-internationale-untersuchung\/"},"author":{"name":"rtnews","@id":"https:\/\/now-news.de\/de\/#\/schema\/person\/fb534a4e865501d8b3285208df34a9b5"},"headline":"Tod von Nawalny: EU fordert &quot;internationale Untersuchung&quot;","datePublished":"2024-02-20T12:46:47+00:00","dateModified":"2024-02-20T12:46:47+00:00","mainEntityOfPage":{"@id":"https:\/\/now-news.de\/de\/deutschland\/tod-von-nawalny-eu-fordert-internationale-untersuchung\/"},"wordCount":433,"commentCount":0,"publisher":{"@id":"https:\/\/now-news.de\/de\/#organization"},"image":{"@id":"https:\/\/now-news.de\/de\/deutschland\/tod-von-nawalny-eu-fordert-internationale-untersuchung\/#primaryimage"},"thumbnailUrl":"https:\/\/now-news.de\/de\/wp-content\/uploads\/sites\/3\/2024\/02\/Tod-von-Nawalny-EU-fordert-quotinternationale-Untersuchungquot.jpg","keywords":["fordert","Nawalny","quotInternationale","Tod","Untersuchungquot","von"],"articleSection":["Deutschland","Russland"],"inLanguage":"de","potentialAction":[{"@type":"CommentAction","name":"Comment","target":["https:\/\/now-news.de\/de\/deutschland\/tod-von-nawalny-eu-fordert-internationale-untersuchung\/#respond"]}]},{"@type":"WebPage","@id":"https:\/\/now-news.de\/de\/deutschland\/tod-von-nawalny-eu-fordert-internationale-untersuchung\/","url":"https:\/\/now-news.de\/de\/deutschland\/tod-von-nawalny-eu-fordert-internationale-untersuchung\/","name":"Tod von Nawalny: EU fordert &quot;internationale Untersuchung&quot; - just-now.NEWS Deutschland","isPartOf":{"@id":"https:\/\/now-news.de\/de\/#website"},"primaryImageOfPage":{"@id":"https:\/\/now-news.de\/de\/deutschland\/tod-von-nawalny-eu-fordert-internationale-untersuchung\/#primaryimage"},"image":{"@id":"https:\/\/now-news.de\/de\/deutschland\/tod-von-nawalny-eu-fordert-internationale-untersuchung\/#primaryimage"},"thumbnailUrl":"https:\/\/now-news.de\/de\/wp-content\/uploads\/sites\/3\/2024\/02\/Tod-von-Nawalny-EU-fordert-quotinternationale-Untersuchungquot.jpg","datePublished":"2024-02-20T12:46:47+00:00","dateModified":"2024-02-20T12:46:47+00:00","breadcrumb":{"@id":"https:\/\/now-news.de\/de\/deutschland\/tod-von-nawalny-eu-fordert-internationale-untersuchung\/#breadcrumb"},"inLanguage":"de","potentialAction":[{"@type":"ReadAction","target":["https:\/\/now-news.de\/de\/deutschland\/tod-von-nawalny-eu-fordert-internationale-untersuchung\/"]}]},{"@type":"ImageObject","inLanguage":"de","@id":"https:\/\/now-news.de\/de\/deutschland\/tod-von-nawalny-eu-fordert-internationale-untersuchung\/#primaryimage","url":"https:\/\/now-news.de\/de\/wp-content\/uploads\/sites\/3\/2024\/02\/Tod-von-Nawalny-EU-fordert-quotinternationale-Untersuchungquot.jpg","contentUrl":"https:\/\/now-news.de\/de\/wp-content\/uploads\/sites\/3\/2024\/02\/Tod-von-Nawalny-EU-fordert-quotinternationale-Untersuchungquot.jpg","width":460,"height":259,"caption":"Tod von Nawalny: EU fordert &quot;internationale Untersuchung&quot;"},{"@type":"BreadcrumbList","@id":"https:\/\/now-news.de\/de\/deutschland\/tod-von-nawalny-eu-fordert-internationale-untersuchung\/#breadcrumb","itemListElement":[{"@type":"ListItem","position":1,"name":"Home","item":"https:\/\/now-news.de\/de\/"},{"@type":"ListItem","position":2,"name":"Tod von Nawalny: EU fordert &quot;internationale Untersuchung&quot;"}]},{"@type":"WebSite","@id":"https:\/\/now-news.de\/de\/#website","url":"https:\/\/now-news.de\/de\/","name":"just-now.NEWS Deutschland","description":"Das Portal f\u00fcr unzensierte Nachrichten aus der Welt","publisher":{"@id":"https:\/\/now-news.de\/de\/#organization"},"potentialAction":[{"@type":"SearchAction","target":{"@type":"EntryPoint","urlTemplate":"https:\/\/now-news.de\/de\/?s={search_term_string}"},"query-input":"required name=search_term_string"}],"inLanguage":"de"},{"@type":"Organization","@id":"https:\/\/now-news.de\/de\/#organization","name":"Just Now News","url":"https:\/\/now-news.de\/de\/","logo":{"@type":"ImageObject","inLanguage":"de","@id":"https:\/\/now-news.de\/de\/#\/schema\/logo\/image\/","url":"http:\/\/just-now.news\/de\/wp-content\/uploads\/sites\/3\/2022\/04\/logo500x500.jpg","contentUrl":"http:\/\/just-now.news\/de\/wp-content\/uploads\/sites\/3\/2022\/04\/logo500x500.jpg","width":500,"height":500,"caption":"Just Now News"},"image":{"@id":"https:\/\/now-news.de\/de\/#\/schema\/logo\/image\/"},"sameAs":["https:\/\/www.facebook.com\/wirmachenauf","https:\/\/x.com\/WirMachenAuf_de"]},{"@type":"Person","@id":"https:\/\/now-news.de\/de\/#\/schema\/person\/fb534a4e865501d8b3285208df34a9b5","name":"rtnews","image":{"@type":"ImageObject","inLanguage":"de","@id":"https:\/\/now-news.de\/de\/#\/schema\/person\/image\/","url":"https:\/\/secure.gravatar.com\/avatar\/82aafea7d8127119dd649515f56e2117?s=96&d=mm&r=g","contentUrl":"https:\/\/secure.gravatar.com\/avatar\/82aafea7d8127119dd649515f56e2117?s=96&d=mm&r=g","caption":"rtnews"},"url":"https:\/\/now-news.de\/de\/author\/rnews\/"}]}},"_links":{"self":[{"href":"https:\/\/now-news.de\/de\/wp-json\/wp\/v2\/posts\/55661"}],"collection":[{"href":"https:\/\/now-news.de\/de\/wp-json\/wp\/v2\/posts"}],"about":[{"href":"https:\/\/now-news.de\/de\/wp-json\/wp\/v2\/types\/post"}],"author":[{"embeddable":true,"href":"https:\/\/now-news.de\/de\/wp-json\/wp\/v2\/users\/3"}],"replies":[{"embeddable":true,"href":"https:\/\/now-news.de\/de\/wp-json\/wp\/v2\/comments?post=55661"}],"version-history":[{"count":0,"href":"https:\/\/now-news.de\/de\/wp-json\/wp\/v2\/posts\/55661\/revisions"}],"wp:featuredmedia":[{"embeddable":true,"href":"https:\/\/now-news.de\/de\/wp-json\/wp\/v2\/media\/55662"}],"wp:attachment":[{"href":"https:\/\/now-news.de\/de\/wp-json\/wp\/v2\/media?parent=55661"}],"wp:term":[{"taxonomy":"category","embeddable":true,"href":"https:\/\/now-news.de\/de\/wp-json\/wp\/v2\/categories?post=55661"},{"taxonomy":"post_tag","embeddable":true,"href":"https:\/\/now-news.de\/de\/wp-json\/wp\/v2\/tags?post=55661"}],"curies":[{"name":"wp","href":"https:\/\/api.w.org\/{rel}","templated":true}]}}