{"id":55658,"date":"2024-02-20T12:44:20","date_gmt":"2024-02-20T10:44:20","guid":{"rendered":"https:\/\/just-now.news\/de\/deutschland\/causa-fuellmich-wurde-dem-inhaftierten-rechtsanwalt-die-zulassung-entzogen\/"},"modified":"2024-02-20T12:44:20","modified_gmt":"2024-02-20T10:44:20","slug":"causa-fuellmich-wurde-dem-inhaftierten-rechtsanwalt-die-zulassung-entzogen","status":"publish","type":"post","link":"https:\/\/now-news.de\/de\/deutschland\/causa-fuellmich-wurde-dem-inhaftierten-rechtsanwalt-die-zulassung-entzogen\/","title":{"rendered":"Causa Fuellmich: Wurde dem inhaftierten Rechtsanwalt die Zulassung entzogen?"},"content":{"rendered":"<p><img decoding=\"async\" src=\"http:\/\/just-now.news\/de\/wp-content\/uploads\/sites\/3\/2024\/02\/65d466da48fbef43c30e38b1.jpeg\" \/><\/p>\n<div class=\"Text-root Text-type_1 \">\n                Der Mitbegr\u00fcnder des Corona-Ausschusses, Reiner Fuellmich, sitzt seit seiner Verhaftung im Oktober des Vorjahres im Gef\u00e4ngnis. Ende Januar begann der Prozess in G\u00f6ttingen. Nun wurde medial behauptet, dass die Rechtsanwaltskammer Braunschweig Fuellmich die Zulassung als Rechtsanwalt entzogen hat. Das Team um den Anwalt widerspricht.\n            <\/div>\n<p><\/p>\n<div class=\"Text-root Text-type_5 ArticleView-text ViewText-root \">\n<p>Reiner Fuellmich gilt als prominentes Gesicht der &#8220;Corona-Ma\u00dfnahmenkritiker&#8221; der Jahre 2020 bis 2022. Seit dem Mai des Vorjahres existierte ein\u00a0europ\u00e4ischer Haftbefehl gegen den Juristen, der sich zu diesem Zeitpunkt in Mexiko aufhielt. Seit Juni 2023 ermittelte die\u00a0deutsche Staatsanwaltschaft verst\u00e4rkt gegen den umtriebigen Anwalt. Aufgrund von Visa-Unklarheiten erfolgte der R\u00fcckflug nach Deutschland, wo Fuellmich unmittelbar am Flughafen Frankfurt festgenommen wurde. Seit diesem Zeitpunkt befindet sich der Rechtsanwalt in Untersuchungshaft in der Justizvollzugsanstalt Rosdorf. Am 31. Januar kam es zur Prozesser\u00f6ffnung in G\u00f6ttingen. Nun wurde medial best\u00e4tigt, dass Fuellmich seine Zulassung als Rechtsanwalt entzogen wurde.<\/p>\n<p>Fuellmich war seit Juli 1992 zugelassener und <a rel=\"nofollow noopener\" target=\"_blank\" href=\"https:\/\/www.rak-braunschweig.de\/images\/downloads\/kammermitteilungen\/220916_Kammermitteilung_Nr_3-2022.pdf\">gelisteter<\/a> Rechtsanwalt der\u00a0Rechtsanwaltskammer Braunschweig. Die <em>Hessische\/Nieders\u00e4chsische Allgemeine\u00a0<\/em>(<em>HNA<\/em>) <a rel=\"nofollow noopener\" target=\"_blank\" href=\"https:\/\/www.hna.de\/lokales\/goettingen\/goettingen-ort28741\/goettinger-querdenker-anwalt-fuellmich-zulassung-entzogen-92834489.html\">informierte<\/a> am 15. Februar \u00fcber die j\u00fcngsten Parallelereignisse in der Causa Fuellmich. In dem Artikel wird dar\u00fcber informiert, dass aus dem &#8220;bundesweiten amtlichen Anwaltsverzeichnis&#8221; hervorgehe, dass der &#8220;Querdenker-Anwalt&#8221;, so die <em>HNA<\/em>, nicht mehr gelistet ist. So hei\u00dft es auf der <a rel=\"nofollow noopener\" target=\"_blank\" href=\"https:\/\/bravsearch.bea-brak.de\/bravsearch\/index.brak\">Webseite<\/a> im Eintrag des Namens Reiner Fuellmich:<\/p>\n<p><em>&#8220;Die eingetragene Person ist nicht mehr Mitglied der Anwaltskammer. Ein Liquidator wird ernannt.&#8221;\u00a0<\/em><\/p>\n<p>Die &#8220;F\u00fcllmich Telegram Gruppe&#8221; widerspricht. In einer aktuellen Presseerkl\u00e4rung hei\u00dft es:<\/p>\n<p><em>&#8220;Dr. Reiner F\u00fcllmich hat NICHT, wie in diversen Medien f\u00e4lschlicherweise verbreitet wird, seine Zulassung als Anwalt &#8220;verloren&#8221;, sondern er hat darauf verzichtet.<\/em><\/p>\n<p><em>Der Verzicht auf die Zulassung als Rechtsanwalt ist bereits im Dezember 2023 freiwillig von Dr. Reiner F\u00fcllmich gegen\u00fcber der zust\u00e4ndigen Rechtsanwaltskammer erkl\u00e4rt worden, da er aktuell l\u00e4nger als drei Monate nicht durchgehend als Anwalt t\u00e4tig sein kann.<\/em><\/p>\n<p><em>In einem solchen Fall muss unabh\u00e4ngig vom Grund der Unterbrechung der Anwaltst\u00e4tigkeit ein Zulassungsverzicht ausgesprochen werden. Die Zulassung kann nach aktuellem Status jederzeit wieder neu bei der Kammer beantragt werden.&#8221;<\/em><\/p>\n<p>Reiner Fuellmich k\u00f6nnte damit nach diesem Einzug jederzeit wieder seine Anwaltszulassung aufnehmen. Die Rechtsanwaltskammer Braunschweig best\u00e4tigte gegen\u00fcber der <em>HNA,\u00a0<\/em>dass &#8220;ein sogenannter Abwickler bestellt worden sei, der die noch laufenden Mandate des fr\u00fcheren G\u00f6ttinger Anwalts zu Ende bearbeite&#8221;.\u00a0Als Abwickler wurde demnach Fuellmichs Kanzleikollege Tobias Weissenborn bestellt. Weissenborn geh\u00f6rte zu einem aus drei Anw\u00e4lten bestehenden Verteidigerbund f\u00fcr Sucharit Bhakdi im Mai 2023. Des Weiteren vertritt Weissenborn derzeit &#8220;Hans-Joachim H.&#8221;, der vor dem Oberlandesgericht Frankfurt wegen seiner mutma\u00dflichen <a rel=\"nofollow noopener\" target=\"_blank\" href=\"https:\/\/www.ndr.de\/nachrichten\/niedersachsen\/Reichsbuerger-Bundesanwaltschaft-klagt-Gruppe-Reuss-an,reichsbuerger506.html\">Mitgliedschaft<\/a>\u00a0in der sogenannten &#8220;Reichsb\u00fcrgergruppe Reu\u00df&#8221; angeklagt ist.<\/p>\n<p>Fuellmich muss sich aktuell\u00a0in seinem Prozess vor der Wirtschaftsstrafkammer des Landgerichts G\u00f6ttingen wegen &#8220;Untreue in zwei F\u00e4llen und Subventionsbetrugs&#8221; verantworten. In der Anklageschrift wird ihm vorgeworfen, Spendengelder, die die Arbeit des &#8220;Corona-Ausschusses&#8221; finanzieren sollten, &#8220;f\u00fcr private Zwecke verwendet&#8221; zu haben.<\/p>\n<p>Das Ergebnis eines Haftpr\u00fcfungstermins im Dezember 2023 ergab, dass die zust\u00e4ndige Wirtschaftsstrafkammer des Landgerichts G\u00f6ttingen &#8220;eine Au\u00dfervollzugsetzung des Haftbefehls&#8221; endg\u00fcltig ablehnte. Mit Prozessbeginn wurden weitere acht Verhandlungstage von der zust\u00e4ndigen Kammer angesetzt. Anfang M\u00e4rz soll\u00a0dann das Urteil gesprochen werden.<\/p>\n<p><em>Anmerkung der Redaktion: Dieser Artikel wurde nach dem Eingehen kritischer Kommentare \u00fcberabeitet und um die Presseerkl\u00e4rung der &#8220;F\u00fcllmich Telegram Gruppe&#8221; erg\u00e4nzt.<\/em><\/p>\n<p><strong>Mehr zum Thema &#8211;<\/strong>\u00a0<a rel=\"nofollow noopener\" target=\"_blank\" href=\"https:\/\/pressefreiheit.rtde.live\/inland\/194454-oberlandesgericht-anklage-gegen-michael-ballweg\/\">Oberlandesgericht: Anklage gegen Michael Ballweg wegen Betrugs in 9.450 F\u00e4llen zugelassen<\/a><\/p>\n<\/div>\n<p><br \/>\n<br \/><a href=\"https:\/\/de.rt.com\/inland\/196790-causa-fuellmich-wurde-inhaftiertem-rechtsanwalt\/\">Source link <\/a><\/p>\n","protected":false},"excerpt":{"rendered":"<p>Der Mitbegr\u00fcnder des Corona-Ausschusses, Reiner Fuellmich, sitzt seit seiner Verhaftung im Oktober des Vorjahres im Gef\u00e4ngnis. Ende Januar begann der Prozess in G\u00f6ttingen. Nun wurde medial behauptet, dass die Rechtsanwaltskammer Braunschweig Fuellmich die Zulassung als Rechtsanwalt entzogen hat. Das Team um den Anwalt widerspricht. Reiner Fuellmich gilt als prominentes Gesicht der &#8220;Corona-Ma\u00dfnahmenkritiker&#8221; der Jahre 2020 [&hellip;]<\/p>\n","protected":false},"author":3,"featured_media":55653,"comment_status":"open","ping_status":"open","sticky":false,"template":"","format":"standard","meta":{"_yoast_indexnow_last_ping":["1708429228"],"wp_automatic_camp":["217"],"cc3ca6330752c92959bab821c9dfc93c":["Causa Fuellmich: Wurde dem inhaftierten Rechtsanwalt die Zulassung entzogen?"],"original_link":["https:\/\/de.rt.com\/inland\/196790-causa-fuellmich-wurde-inhaftiertem-rechtsanwalt\/"],"_thumbnail_id":["55653"],"jnews_social_counter_last_update":["1777325290"],"_wptgpro_p2tg_sent2tg":["a:1:{i:23737;s:19:\"2024-02-20 13:41:30\";}"]},"categories":[19,23],"tags":[30383,134,45,28310,36561,33635,19224,528,10895],"yoast_head":"<!-- This site is optimized with the Yoast SEO Premium plugin v22.7 (Yoast SEO v22.7) - https:\/\/yoast.com\/wordpress\/plugins\/seo\/ -->\n<title>Causa Fuellmich: Wurde dem inhaftierten Rechtsanwalt die Zulassung entzogen? - just-now.NEWS Deutschland<\/title>\n<meta name=\"robots\" content=\"index, follow, max-snippet:-1, max-image-preview:large, max-video-preview:-1\" \/>\n<link rel=\"canonical\" href=\"https:\/\/now-news.de\/de\/deutschland\/causa-fuellmich-wurde-dem-inhaftierten-rechtsanwalt-die-zulassung-entzogen\/\" \/>\n<meta property=\"og:locale\" content=\"de_DE\" \/>\n<meta property=\"og:type\" content=\"article\" \/>\n<meta property=\"og:title\" content=\"Causa Fuellmich: Wurde dem inhaftierten Rechtsanwalt die Zulassung entzogen?\" \/>\n<meta property=\"og:description\" content=\"Der Mitbegr\u00fcnder des Corona-Ausschusses, Reiner Fuellmich, sitzt seit seiner Verhaftung im Oktober des Vorjahres im Gef\u00e4ngnis. Ende Januar begann der Prozess in G\u00f6ttingen. Nun wurde medial behauptet, dass die Rechtsanwaltskammer Braunschweig Fuellmich die Zulassung als Rechtsanwalt entzogen hat. Das Team um den Anwalt widerspricht. Reiner Fuellmich gilt als prominentes Gesicht der &#8220;Corona-Ma\u00dfnahmenkritiker&#8221; der Jahre 2020 [&hellip;]\" \/>\n<meta property=\"og:url\" content=\"https:\/\/now-news.de\/de\/deutschland\/causa-fuellmich-wurde-dem-inhaftierten-rechtsanwalt-die-zulassung-entzogen\/\" \/>\n<meta property=\"og:site_name\" content=\"just-now.NEWS Deutschland\" \/>\n<meta property=\"article:publisher\" content=\"https:\/\/www.facebook.com\/wirmachenauf\" \/>\n<meta property=\"article:published_time\" content=\"2024-02-20T10:44:20+00:00\" \/>\n<meta property=\"og:image\" content=\"https:\/\/now-news.de\/de\/wp-content\/uploads\/sites\/3\/2024\/02\/Causa-Fuellmich-Inhaftiertem-Rechtsanwalt-wird-Anwaltszulassung-entzogen.jpeg\" \/>\n\t<meta property=\"og:image:width\" content=\"460\" \/>\n\t<meta property=\"og:image:height\" content=\"259\" \/>\n\t<meta property=\"og:image:type\" content=\"image\/jpeg\" \/>\n<meta name=\"author\" content=\"rtnews\" \/>\n<meta name=\"twitter:card\" content=\"summary_large_image\" \/>\n<meta name=\"twitter:creator\" content=\"@WirMachenAuf_de\" \/>\n<meta name=\"twitter:site\" content=\"@WirMachenAuf_de\" \/>\n<meta name=\"twitter:label1\" content=\"Verfasst von\" \/>\n\t<meta name=\"twitter:data1\" content=\"rtnews\" \/>\n\t<meta name=\"twitter:label2\" content=\"Gesch\u00e4tzte Lesezeit\" \/>\n\t<meta name=\"twitter:data2\" content=\"3\u00a0Minuten\" \/>\n<script type=\"application\/ld+json\" class=\"yoast-schema-graph\">{\"@context\":\"https:\/\/schema.org\",\"@graph\":[{\"@type\":\"Article\",\"@id\":\"https:\/\/now-news.de\/de\/deutschland\/causa-fuellmich-wurde-dem-inhaftierten-rechtsanwalt-die-zulassung-entzogen\/#article\",\"isPartOf\":{\"@id\":\"https:\/\/now-news.de\/de\/deutschland\/causa-fuellmich-wurde-dem-inhaftierten-rechtsanwalt-die-zulassung-entzogen\/\"},\"author\":{\"name\":\"rtnews\",\"@id\":\"https:\/\/now-news.de\/de\/#\/schema\/person\/fb534a4e865501d8b3285208df34a9b5\"},\"headline\":\"Causa Fuellmich: Wurde dem inhaftierten Rechtsanwalt die Zulassung entzogen?\",\"datePublished\":\"2024-02-20T10:44:20+00:00\",\"dateModified\":\"2024-02-20T10:44:20+00:00\",\"mainEntityOfPage\":{\"@id\":\"https:\/\/now-news.de\/de\/deutschland\/causa-fuellmich-wurde-dem-inhaftierten-rechtsanwalt-die-zulassung-entzogen\/\"},\"wordCount\":571,\"commentCount\":0,\"publisher\":{\"@id\":\"https:\/\/now-news.de\/de\/#organization\"},\"image\":{\"@id\":\"https:\/\/now-news.de\/de\/deutschland\/causa-fuellmich-wurde-dem-inhaftierten-rechtsanwalt-die-zulassung-entzogen\/#primaryimage\"},\"thumbnailUrl\":\"https:\/\/now-news.de\/de\/wp-content\/uploads\/sites\/3\/2024\/02\/Causa-Fuellmich-Inhaftiertem-Rechtsanwalt-wird-Anwaltszulassung-entzogen.jpeg\",\"keywords\":[\"Causa\",\"DEM\",\"die\",\"entzogen\",\"F\u00fcllmich\",\"inhaftierten\",\"RECHTSANWALT\",\"wurde\",\"Zulassung\"],\"articleSection\":[\"Deutschland\",\"Russland\"],\"inLanguage\":\"de\",\"potentialAction\":[{\"@type\":\"CommentAction\",\"name\":\"Comment\",\"target\":[\"https:\/\/now-news.de\/de\/deutschland\/causa-fuellmich-wurde-dem-inhaftierten-rechtsanwalt-die-zulassung-entzogen\/#respond\"]}]},{\"@type\":\"WebPage\",\"@id\":\"https:\/\/now-news.de\/de\/deutschland\/causa-fuellmich-wurde-dem-inhaftierten-rechtsanwalt-die-zulassung-entzogen\/\",\"url\":\"https:\/\/now-news.de\/de\/deutschland\/causa-fuellmich-wurde-dem-inhaftierten-rechtsanwalt-die-zulassung-entzogen\/\",\"name\":\"Causa Fuellmich: Wurde dem inhaftierten Rechtsanwalt die Zulassung entzogen? - just-now.NEWS Deutschland\",\"isPartOf\":{\"@id\":\"https:\/\/now-news.de\/de\/#website\"},\"primaryImageOfPage\":{\"@id\":\"https:\/\/now-news.de\/de\/deutschland\/causa-fuellmich-wurde-dem-inhaftierten-rechtsanwalt-die-zulassung-entzogen\/#primaryimage\"},\"image\":{\"@id\":\"https:\/\/now-news.de\/de\/deutschland\/causa-fuellmich-wurde-dem-inhaftierten-rechtsanwalt-die-zulassung-entzogen\/#primaryimage\"},\"thumbnailUrl\":\"https:\/\/now-news.de\/de\/wp-content\/uploads\/sites\/3\/2024\/02\/Causa-Fuellmich-Inhaftiertem-Rechtsanwalt-wird-Anwaltszulassung-entzogen.jpeg\",\"datePublished\":\"2024-02-20T10:44:20+00:00\",\"dateModified\":\"2024-02-20T10:44:20+00:00\",\"breadcrumb\":{\"@id\":\"https:\/\/now-news.de\/de\/deutschland\/causa-fuellmich-wurde-dem-inhaftierten-rechtsanwalt-die-zulassung-entzogen\/#breadcrumb\"},\"inLanguage\":\"de\",\"potentialAction\":[{\"@type\":\"ReadAction\",\"target\":[\"https:\/\/now-news.de\/de\/deutschland\/causa-fuellmich-wurde-dem-inhaftierten-rechtsanwalt-die-zulassung-entzogen\/\"]}]},{\"@type\":\"ImageObject\",\"inLanguage\":\"de\",\"@id\":\"https:\/\/now-news.de\/de\/deutschland\/causa-fuellmich-wurde-dem-inhaftierten-rechtsanwalt-die-zulassung-entzogen\/#primaryimage\",\"url\":\"https:\/\/now-news.de\/de\/wp-content\/uploads\/sites\/3\/2024\/02\/Causa-Fuellmich-Inhaftiertem-Rechtsanwalt-wird-Anwaltszulassung-entzogen.jpeg\",\"contentUrl\":\"https:\/\/now-news.de\/de\/wp-content\/uploads\/sites\/3\/2024\/02\/Causa-Fuellmich-Inhaftiertem-Rechtsanwalt-wird-Anwaltszulassung-entzogen.jpeg\",\"width\":460,\"height\":259,\"caption\":\"Causa Fuellmich: Inhaftiertem Rechtsanwalt wird Anwaltszulassung entzogen\"},{\"@type\":\"BreadcrumbList\",\"@id\":\"https:\/\/now-news.de\/de\/deutschland\/causa-fuellmich-wurde-dem-inhaftierten-rechtsanwalt-die-zulassung-entzogen\/#breadcrumb\",\"itemListElement\":[{\"@type\":\"ListItem\",\"position\":1,\"name\":\"Home\",\"item\":\"https:\/\/now-news.de\/de\/\"},{\"@type\":\"ListItem\",\"position\":2,\"name\":\"Causa Fuellmich: Wurde dem inhaftierten Rechtsanwalt die Zulassung entzogen?\"}]},{\"@type\":\"WebSite\",\"@id\":\"https:\/\/now-news.de\/de\/#website\",\"url\":\"https:\/\/now-news.de\/de\/\",\"name\":\"just-now.NEWS Deutschland\",\"description\":\"Das Portal f\u00fcr unzensierte Nachrichten aus der Welt\",\"publisher\":{\"@id\":\"https:\/\/now-news.de\/de\/#organization\"},\"potentialAction\":[{\"@type\":\"SearchAction\",\"target\":{\"@type\":\"EntryPoint\",\"urlTemplate\":\"https:\/\/now-news.de\/de\/?s={search_term_string}\"},\"query-input\":\"required name=search_term_string\"}],\"inLanguage\":\"de\"},{\"@type\":\"Organization\",\"@id\":\"https:\/\/now-news.de\/de\/#organization\",\"name\":\"Just Now News\",\"url\":\"https:\/\/now-news.de\/de\/\",\"logo\":{\"@type\":\"ImageObject\",\"inLanguage\":\"de\",\"@id\":\"https:\/\/now-news.de\/de\/#\/schema\/logo\/image\/\",\"url\":\"http:\/\/just-now.news\/de\/wp-content\/uploads\/sites\/3\/2022\/04\/logo500x500.jpg\",\"contentUrl\":\"http:\/\/just-now.news\/de\/wp-content\/uploads\/sites\/3\/2022\/04\/logo500x500.jpg\",\"width\":500,\"height\":500,\"caption\":\"Just Now News\"},\"image\":{\"@id\":\"https:\/\/now-news.de\/de\/#\/schema\/logo\/image\/\"},\"sameAs\":[\"https:\/\/www.facebook.com\/wirmachenauf\",\"https:\/\/x.com\/WirMachenAuf_de\"]},{\"@type\":\"Person\",\"@id\":\"https:\/\/now-news.de\/de\/#\/schema\/person\/fb534a4e865501d8b3285208df34a9b5\",\"name\":\"rtnews\",\"image\":{\"@type\":\"ImageObject\",\"inLanguage\":\"de\",\"@id\":\"https:\/\/now-news.de\/de\/#\/schema\/person\/image\/\",\"url\":\"https:\/\/secure.gravatar.com\/avatar\/82aafea7d8127119dd649515f56e2117?s=96&d=mm&r=g\",\"contentUrl\":\"https:\/\/secure.gravatar.com\/avatar\/82aafea7d8127119dd649515f56e2117?s=96&d=mm&r=g\",\"caption\":\"rtnews\"},\"url\":\"https:\/\/now-news.de\/de\/author\/rnews\/\"}]}<\/script>\n<!-- \/ Yoast SEO Premium plugin. -->","yoast_head_json":{"title":"Causa Fuellmich: Wurde dem inhaftierten Rechtsanwalt die Zulassung entzogen? - just-now.NEWS Deutschland","robots":{"index":"index","follow":"follow","max-snippet":"max-snippet:-1","max-image-preview":"max-image-preview:large","max-video-preview":"max-video-preview:-1"},"canonical":"https:\/\/now-news.de\/de\/deutschland\/causa-fuellmich-wurde-dem-inhaftierten-rechtsanwalt-die-zulassung-entzogen\/","og_locale":"de_DE","og_type":"article","og_title":"Causa Fuellmich: Wurde dem inhaftierten Rechtsanwalt die Zulassung entzogen?","og_description":"Der Mitbegr\u00fcnder des Corona-Ausschusses, Reiner Fuellmich, sitzt seit seiner Verhaftung im Oktober des Vorjahres im Gef\u00e4ngnis. Ende Januar begann der Prozess in G\u00f6ttingen. Nun wurde medial behauptet, dass die Rechtsanwaltskammer Braunschweig Fuellmich die Zulassung als Rechtsanwalt entzogen hat. Das Team um den Anwalt widerspricht. Reiner Fuellmich gilt als prominentes Gesicht der &#8220;Corona-Ma\u00dfnahmenkritiker&#8221; der Jahre 2020 [&hellip;]","og_url":"https:\/\/now-news.de\/de\/deutschland\/causa-fuellmich-wurde-dem-inhaftierten-rechtsanwalt-die-zulassung-entzogen\/","og_site_name":"just-now.NEWS Deutschland","article_publisher":"https:\/\/www.facebook.com\/wirmachenauf","article_published_time":"2024-02-20T10:44:20+00:00","og_image":[{"width":460,"height":259,"url":"https:\/\/now-news.de\/de\/wp-content\/uploads\/sites\/3\/2024\/02\/Causa-Fuellmich-Inhaftiertem-Rechtsanwalt-wird-Anwaltszulassung-entzogen.jpeg","type":"image\/jpeg"}],"author":"rtnews","twitter_card":"summary_large_image","twitter_creator":"@WirMachenAuf_de","twitter_site":"@WirMachenAuf_de","twitter_misc":{"Verfasst von":"rtnews","Gesch\u00e4tzte Lesezeit":"3\u00a0Minuten"},"schema":{"@context":"https:\/\/schema.org","@graph":[{"@type":"Article","@id":"https:\/\/now-news.de\/de\/deutschland\/causa-fuellmich-wurde-dem-inhaftierten-rechtsanwalt-die-zulassung-entzogen\/#article","isPartOf":{"@id":"https:\/\/now-news.de\/de\/deutschland\/causa-fuellmich-wurde-dem-inhaftierten-rechtsanwalt-die-zulassung-entzogen\/"},"author":{"name":"rtnews","@id":"https:\/\/now-news.de\/de\/#\/schema\/person\/fb534a4e865501d8b3285208df34a9b5"},"headline":"Causa Fuellmich: Wurde dem inhaftierten Rechtsanwalt die Zulassung entzogen?","datePublished":"2024-02-20T10:44:20+00:00","dateModified":"2024-02-20T10:44:20+00:00","mainEntityOfPage":{"@id":"https:\/\/now-news.de\/de\/deutschland\/causa-fuellmich-wurde-dem-inhaftierten-rechtsanwalt-die-zulassung-entzogen\/"},"wordCount":571,"commentCount":0,"publisher":{"@id":"https:\/\/now-news.de\/de\/#organization"},"image":{"@id":"https:\/\/now-news.de\/de\/deutschland\/causa-fuellmich-wurde-dem-inhaftierten-rechtsanwalt-die-zulassung-entzogen\/#primaryimage"},"thumbnailUrl":"https:\/\/now-news.de\/de\/wp-content\/uploads\/sites\/3\/2024\/02\/Causa-Fuellmich-Inhaftiertem-Rechtsanwalt-wird-Anwaltszulassung-entzogen.jpeg","keywords":["Causa","DEM","die","entzogen","F\u00fcllmich","inhaftierten","RECHTSANWALT","wurde","Zulassung"],"articleSection":["Deutschland","Russland"],"inLanguage":"de","potentialAction":[{"@type":"CommentAction","name":"Comment","target":["https:\/\/now-news.de\/de\/deutschland\/causa-fuellmich-wurde-dem-inhaftierten-rechtsanwalt-die-zulassung-entzogen\/#respond"]}]},{"@type":"WebPage","@id":"https:\/\/now-news.de\/de\/deutschland\/causa-fuellmich-wurde-dem-inhaftierten-rechtsanwalt-die-zulassung-entzogen\/","url":"https:\/\/now-news.de\/de\/deutschland\/causa-fuellmich-wurde-dem-inhaftierten-rechtsanwalt-die-zulassung-entzogen\/","name":"Causa Fuellmich: Wurde dem inhaftierten Rechtsanwalt die Zulassung entzogen? - just-now.NEWS Deutschland","isPartOf":{"@id":"https:\/\/now-news.de\/de\/#website"},"primaryImageOfPage":{"@id":"https:\/\/now-news.de\/de\/deutschland\/causa-fuellmich-wurde-dem-inhaftierten-rechtsanwalt-die-zulassung-entzogen\/#primaryimage"},"image":{"@id":"https:\/\/now-news.de\/de\/deutschland\/causa-fuellmich-wurde-dem-inhaftierten-rechtsanwalt-die-zulassung-entzogen\/#primaryimage"},"thumbnailUrl":"https:\/\/now-news.de\/de\/wp-content\/uploads\/sites\/3\/2024\/02\/Causa-Fuellmich-Inhaftiertem-Rechtsanwalt-wird-Anwaltszulassung-entzogen.jpeg","datePublished":"2024-02-20T10:44:20+00:00","dateModified":"2024-02-20T10:44:20+00:00","breadcrumb":{"@id":"https:\/\/now-news.de\/de\/deutschland\/causa-fuellmich-wurde-dem-inhaftierten-rechtsanwalt-die-zulassung-entzogen\/#breadcrumb"},"inLanguage":"de","potentialAction":[{"@type":"ReadAction","target":["https:\/\/now-news.de\/de\/deutschland\/causa-fuellmich-wurde-dem-inhaftierten-rechtsanwalt-die-zulassung-entzogen\/"]}]},{"@type":"ImageObject","inLanguage":"de","@id":"https:\/\/now-news.de\/de\/deutschland\/causa-fuellmich-wurde-dem-inhaftierten-rechtsanwalt-die-zulassung-entzogen\/#primaryimage","url":"https:\/\/now-news.de\/de\/wp-content\/uploads\/sites\/3\/2024\/02\/Causa-Fuellmich-Inhaftiertem-Rechtsanwalt-wird-Anwaltszulassung-entzogen.jpeg","contentUrl":"https:\/\/now-news.de\/de\/wp-content\/uploads\/sites\/3\/2024\/02\/Causa-Fuellmich-Inhaftiertem-Rechtsanwalt-wird-Anwaltszulassung-entzogen.jpeg","width":460,"height":259,"caption":"Causa Fuellmich: Inhaftiertem Rechtsanwalt wird Anwaltszulassung entzogen"},{"@type":"BreadcrumbList","@id":"https:\/\/now-news.de\/de\/deutschland\/causa-fuellmich-wurde-dem-inhaftierten-rechtsanwalt-die-zulassung-entzogen\/#breadcrumb","itemListElement":[{"@type":"ListItem","position":1,"name":"Home","item":"https:\/\/now-news.de\/de\/"},{"@type":"ListItem","position":2,"name":"Causa Fuellmich: Wurde dem inhaftierten Rechtsanwalt die Zulassung entzogen?"}]},{"@type":"WebSite","@id":"https:\/\/now-news.de\/de\/#website","url":"https:\/\/now-news.de\/de\/","name":"just-now.NEWS Deutschland","description":"Das Portal f\u00fcr unzensierte Nachrichten aus der Welt","publisher":{"@id":"https:\/\/now-news.de\/de\/#organization"},"potentialAction":[{"@type":"SearchAction","target":{"@type":"EntryPoint","urlTemplate":"https:\/\/now-news.de\/de\/?s={search_term_string}"},"query-input":"required name=search_term_string"}],"inLanguage":"de"},{"@type":"Organization","@id":"https:\/\/now-news.de\/de\/#organization","name":"Just Now News","url":"https:\/\/now-news.de\/de\/","logo":{"@type":"ImageObject","inLanguage":"de","@id":"https:\/\/now-news.de\/de\/#\/schema\/logo\/image\/","url":"http:\/\/just-now.news\/de\/wp-content\/uploads\/sites\/3\/2022\/04\/logo500x500.jpg","contentUrl":"http:\/\/just-now.news\/de\/wp-content\/uploads\/sites\/3\/2022\/04\/logo500x500.jpg","width":500,"height":500,"caption":"Just Now News"},"image":{"@id":"https:\/\/now-news.de\/de\/#\/schema\/logo\/image\/"},"sameAs":["https:\/\/www.facebook.com\/wirmachenauf","https:\/\/x.com\/WirMachenAuf_de"]},{"@type":"Person","@id":"https:\/\/now-news.de\/de\/#\/schema\/person\/fb534a4e865501d8b3285208df34a9b5","name":"rtnews","image":{"@type":"ImageObject","inLanguage":"de","@id":"https:\/\/now-news.de\/de\/#\/schema\/person\/image\/","url":"https:\/\/secure.gravatar.com\/avatar\/82aafea7d8127119dd649515f56e2117?s=96&d=mm&r=g","contentUrl":"https:\/\/secure.gravatar.com\/avatar\/82aafea7d8127119dd649515f56e2117?s=96&d=mm&r=g","caption":"rtnews"},"url":"https:\/\/now-news.de\/de\/author\/rnews\/"}]}},"_links":{"self":[{"href":"https:\/\/now-news.de\/de\/wp-json\/wp\/v2\/posts\/55658"}],"collection":[{"href":"https:\/\/now-news.de\/de\/wp-json\/wp\/v2\/posts"}],"about":[{"href":"https:\/\/now-news.de\/de\/wp-json\/wp\/v2\/types\/post"}],"author":[{"embeddable":true,"href":"https:\/\/now-news.de\/de\/wp-json\/wp\/v2\/users\/3"}],"replies":[{"embeddable":true,"href":"https:\/\/now-news.de\/de\/wp-json\/wp\/v2\/comments?post=55658"}],"version-history":[{"count":0,"href":"https:\/\/now-news.de\/de\/wp-json\/wp\/v2\/posts\/55658\/revisions"}],"wp:featuredmedia":[{"embeddable":true,"href":"https:\/\/now-news.de\/de\/wp-json\/wp\/v2\/media\/55653"}],"wp:attachment":[{"href":"https:\/\/now-news.de\/de\/wp-json\/wp\/v2\/media?parent=55658"}],"wp:term":[{"taxonomy":"category","embeddable":true,"href":"https:\/\/now-news.de\/de\/wp-json\/wp\/v2\/categories?post=55658"},{"taxonomy":"post_tag","embeddable":true,"href":"https:\/\/now-news.de\/de\/wp-json\/wp\/v2\/tags?post=55658"}],"curies":[{"name":"wp","href":"https:\/\/api.w.org\/{rel}","templated":true}]}}