{"id":55656,"date":"2024-02-20T13:12:53","date_gmt":"2024-02-20T11:12:53","guid":{"rendered":"https:\/\/just-now.news\/de\/deutschland\/die-supermacht-ambitionen-deutschlands-sind-wiedererwacht\/"},"modified":"2024-02-20T13:12:53","modified_gmt":"2024-02-20T11:12:53","slug":"die-supermacht-ambitionen-deutschlands-sind-wiedererwacht","status":"publish","type":"post","link":"https:\/\/now-news.de\/de\/deutschland\/die-supermacht-ambitionen-deutschlands-sind-wiedererwacht\/","title":{"rendered":"Die Supermacht-Ambitionen Deutschlands sind wiedererwacht"},"content":{"rendered":"<p><img decoding=\"async\" src=\"http:\/\/just-now.news\/de\/wp-content\/uploads\/sites\/3\/2024\/02\/65d48a3f48fbef655c747c05.jpg\" \/><\/p>\n<div class=\"Text-root Text-type_1 \">\n                Die Rolle Deutschlands als bevorzugter Junior-Partner der USA in der EU wird nach der Einnahme von Awdejewka durch Russland an Bedeutung gewinnen und die Wiederbelebung des Weimarer Dreiecks beschleunigen, mit dem die &#8220;Festung Europa&#8221; errichtet werden soll.\n            <\/div>\n<p><\/p>\n<div class=\"Text-root Text-type_5 ArticleView-text ViewText-root \">\n<p><em>Von Andrew Korybko<\/em><\/p>\n<p>Schlussendlich gelang es Russland, die ukrainische Festungsstadt Awdejewka nach einer langwierigen Schlacht doch noch zu <a rel=\"nofollow noopener\" target=\"_blank\" href=\"https:\/\/tass.com\/politics\/1747997\">erobern<\/a> und einzunehmen, was mit einem <a rel=\"nofollow noopener\" target=\"_blank\" href=\"https:\/\/www.rt.com\/russia\/592607-ukrainians-fled-avdeevka-chaos\/\">chaotischen<\/a> R\u00fcckzug der Truppen des Kiewer Regimes endete, die dabei kurzerhand ihre Verwundeten <a rel=\"nofollow noopener\" target=\"_blank\" href=\"https:\/\/www.rt.com\/russia\/592612-kiev-abandon-wounded-avdeevka\/\">zur\u00fccklie\u00dfen<\/a>. Die Stadt fiel just zu dem Zeitpunkt unter die Kontrolle Russlands, als sich die westliche Elite zur diesj\u00e4hrigen M\u00fcnchner Sicherheitskonferenz einfand. Dies gab ihnen nun die bequeme Gelegenheit, die n\u00e4chsten Schritte in diesem Stellvertreterkrieg gegen Russland zu planen.<\/p>\n<p>Allerdings wird es f\u00fcr die Ukraine keine nennenswerten Finanzhilfen mehr geben, trotz der k\u00fcrzlich abgeschlossenen Sicherheitsabkommen zwischen der Ukraine, Deutschland und Frankreich. Vielmehr wird der Fokus des Westens auf einer langfristigen Eind\u00e4mmung Russlands in Europa liegen. Zu diesem Zweck wird die Rolle Deutschlands als bevorzugter Partner der USA in der EU bei der &#8220;F\u00fchrung aus dem Hintergrund&#8221; st\u00e4rker hervorgehoben. Dies <a rel=\"nofollow noopener\" target=\"_blank\" href=\"https:\/\/pressefreiheit.rtde.live\/europa\/194623-niederlande-deutschland-und-polen-ebnen\/\">steht<\/a> in Verbindung mit dem &#8220;milit\u00e4rischen Schengen&#8221; und der Wiederbelebung des Weimarer Dreiecks zur Beschleunigung des Aufbaus der &#8220;Festung Europa&#8221;.<\/p>\n<p>Diese beiden Konzepte lassen sich in etwa so zusammenfassen: Deutschland wird seine umfassende Dominanz \u00fcber Polen ausnutzen, damit es nach einer fast acht Jahrzehnte langen Unterbrechung seinen lang verloren geglaubten Weg zu einer Supermacht wieder aufnehmen kann. Der Grund, warum sich der Westen nach Awdejewka auf die Beschleunigung dieses geostrategischen Wandels konzentrieren wird, anstatt an seinem Stellvertreterkrieg gegen Russland in der Ukraine festzuhalten, liegt darin, dass inzwischen klar geworden ist, dass sein Engagement in der Ukraine eine verlorene Sache ist.<\/p>\n<p>Russland hat den Zerm\u00fcrbungskrieg mit der NATO, den Generalsekret\u00e4r Stoltenberg vor fast genau einem Jahr ausgerufen hat, bereits gewonnen, wie bereits das Scheitern der Gegenoffensive der Ukraine und die anschlie\u00dfende Umkehr der Dynamik in diesem Konflikt bewiesen haben, wodurch die Ukraine nun erneut in die Defensive geraten ist. Syrski, der Nachfolger des ehemaligen Oberbefehlshabers Saluschny, gab dies vergangene Woche ausdr\u00fccklich zu, noch vor dem katastrophalen R\u00fcckzug aus Awdejewka, das als Kiews letzte gro\u00dfe Bastion im Donbass galt.<\/p>\n<p>Nun sind die Voraussetzungen f\u00fcr eine bevorstehende russische Offensive geschaffen, die im besten Fall \u2013 aus Sicht Moskaus \u2013 und im schlimmsten Fall \u2013 aus Sicht des Westens \u2013 \u00fcber den Rest dieser Region hinwegrollen k\u00f6nnte. Das hei\u00dft nicht, dass dies tats\u00e4chlich passieren wird, weil der sogenannte &#8220;Nebel des Krieges&#8221; es unm\u00f6glich macht, die volle Verteidigungsf\u00e4higkeit der Ukraine hinter ihren eigenen Linien genau abzusch\u00e4tzen. Aber nicht ohne Grund ist der Westen in Panik geraten und hat Selenskij beschlossen, dem Westen die Schuld an seiner j\u00fcngsten Niederlage zu geben.<\/p>\n<p>Er beklagte sich dar\u00fcber, dass ein sogenannter &#8220;k\u00fcnstlicher Mangel an Waffen&#8221; daf\u00fcr verantwortlich sei, womit er auf den Stillstand im US-Kongress anspielte, der weiterhin \u00fcber die Hilfen f\u00fcr die Ukraine debattiert, die von Biden ausdr\u00fccklich bef\u00fcrwortet werden, um Druck auf seine politischen Gegner auszu\u00fcben. Der unerwartete Tod von Nawalny am vergangenen Freitag wurde von antirussischen Falken ausgenutzt, um zu fordern, dass das Repr\u00e4sentantenhaus bei der Wiederaufnahme seiner Beratungen in diesem Monat das Gesetz des Senats zur Finanzierung des Stellvertreterkriegs verabschiedet. Doch selbst wenn es verabschiedet wird, besteht das Problem darin, dass die USA bereits ihre eigenen Arsenale geleert haben.<\/p>\n<p>W\u00e4hrend es m\u00f6glich w\u00e4re, auf die eisernen Reserven zur\u00fcckzugreifen, die man f\u00fcr die eigenen nationalen Sicherheitsbed\u00fcrfnisse zur Seite gelegt hat, und gleichzeitig die Vasallen dazu zu zwingen, dies ebenfalls zu tun, deutet die Tatsache, dass die Gegenoffensive gescheitert ist, darauf hin, dass dies keinen Unterschied mehr machen wird. Schlie\u00dflich hat Kiew bisher wesentlich gr\u00f6\u00dfere Hilfen erhalten als jene, die derzeit in den USA zur Debatte stehen. Was auch immer an Waffen und Granaten an Kiew geschickt werden k\u00f6nnte, w\u00fcrde lediglich dazu dienen, die Frontlinie so lange wie m\u00f6glich zu halten, um einen russischen Durchbruch zu verhindern. Das Ziel w\u00e4re, die Pattsituation aufrechtzuerhalten, von der Saluschny als Erster zugab, dass sie bereits im vergangenen Herbst eingetreten ist.<\/p>\n<p>Um ehrlich zu sein, war seine Einsch\u00e4tzung unzutreffend, da sich die Frontlinie kontinuierlich in Richtung Westen bewegt hat \u2013 wenn auch schwerf\u00e4llig. Aber nach der Eroberung von Awdejewka durch Russland, k\u00f6nnte sich das Tempo in Richtung Westen beschleunigen. Pr\u00e4sident Putin hat bereits signalisiert, dass die russischen Truppen weiter vorr\u00fccken werden, solange seinen Forderungen nach Sicherheitsgarantien nicht entsprochen wird. Und dies, nachdem er k\u00fcrzlich Bedauern <a rel=\"nofollow noopener\" target=\"_blank\" href=\"https:\/\/www.rt.com\/russia\/592456-putin-ukraine-conflict-regret\/\">ge\u00e4u\u00dfert<\/a> hatte, dass er den Beginn der Sonderoperation nicht fr\u00fcher angeordnet hat.<\/p>\n<p>Am Sonntag, nach dem Fall der ukrainischen Festungsstadt, <a rel=\"nofollow noopener\" target=\"_blank\" href=\"https:\/\/www.rt.com\/russia\/592619-ukraine-existential-matter-putin\/\">unterstrich<\/a> Putin in einem Interview mit Pawel Sarubin vom russischen TV-Sender <em>Rossija-1<\/em>, dass ein Sieg f\u00fcr Russland &#8220;eine Frage von Leben und Tod&#8221; sei.<\/p>\n<p>Es bleibt unklar, wann und zu welchen Bedingungen der Konflikt enden wird, aber das Menetekel zeichnet sich ab und es ist deutlich zu erkennen, dass Russlands Forderungen nach Sicherheitsgarantien bis zu einem gewissen Grad erf\u00fcllt werden. Ebendarum plant der Westen \u2013 nach Stoltenbergs eigenen Worten \u2013, sich auf eine jahrzehntelange &#8220;Konfrontation&#8221; mit Russland einzustellen. Darin liegt die Bedeutung des geostrategischen Wandels, der oben beschrieben wurde, hinsichtlich der Rolle Deutschlands bei der Eind\u00e4mmung Russlands in Europa.<\/p>\n<p>Zur Aufw\u00e4rmung f\u00fcr diese Konfrontation werden europaweit zahlreiche NATO-\u00dcbungen im Rahmen von &#8220;Steadfast Defender 2024&#8243;durchgef\u00fchrt \u2013 die gr\u00f6\u00dften seit dem Ende des alten Kalten Krieges. Diese zielen darauf ab, die teilweise Umsetzung eines &#8220;milit\u00e4rischen Schengen&#8221; zwischen Deutschland, Polen und den Niederlanden zu optimieren, dem Frankreich voraussichtlich mittelfristig ebenfalls beitreten wird. Auch die baltischen Staaten werden sich voraussichtlich daran beteiligen, da sie Unterst\u00fctzung beim Aufbau ihrer sogenannten &#8220;Ostsee-Verteidigungslinie&#8221; ben\u00f6tigen, die sich bis zur Arktis erstrecken k\u00f6nnte, falls sich Finnland wie erwartet ebenfalls beteiligt.<\/p>\n<p>Somit kommt das wiederbelebte Weimarer Dreieck ins Spiel, weil Deutschland auf die Unterst\u00fctzung Frankreichs angewiesen ist, denn Berlin kann dies alles realistischerweise nicht alleine bew\u00e4ltigen. Was wiederum die milit\u00e4rische Unterordnung Polens erforderlich macht. Vor den Augen der Welt nimmt daher ein Milit\u00e4rkorridor von Frankreich nach Estland allm\u00e4hlich Gestalt an, der \u00fcber D\u00e4nemark und Schweden nach Finnland f\u00fchren k\u00f6nnte \u2013 wobei Schweden ein NATO-Beitrittskandidat ist und somit diesem neuen &#8220;Schengen&#8221; voraussichtlich ebenfalls beitreten wird.<\/p>\n<p>Die Eroberung von Awdejewka durch Russland wird daher in ganz Europa nachhallen und die Umsetzung dieser langfristigen Eind\u00e4mmungspl\u00e4ne beschleunigen. Es ist diese geostrategische Dynamik, der Beobachter mehr Aufmerksamkeit schenken sollten als allem anderen, weil das Wiedererwachen der l\u00e4ngst aufgegeben geglaubten Ambitionen Deutschlands, eine Supermacht zu sein, eine Entwicklung von globaler Bedeutung ist.<\/p>\n<p><strong>Mehr zum Thema<\/strong> \u2013 <a rel=\"nofollow noopener\" target=\"_blank\" href=\"https:\/\/freeassange.rtde.life\/meinung\/196694-hasshaendlerin-julia-nawalnaya-westens-werkzeug-hasshandlerin-julia-nawalnaya-westens\/\">Die Hassh\u00e4ndlerin \u2013 Julia Nawalnaja, Werkzeug zur Anstachelung eines russischen B\u00fcrgerkriegs <\/a><\/p>\n<div class=\"EmbedBlock-root EmbedBlock-externalVideo EmbedBlock-odysee\">\n<div class=\"VkEmbed\"><iframe class=\"lazyload\" data-src=\"https:\/\/odysee.com\/%24\/embed\/%40RTDE%3Ae%2FExperte--NATO%2C-USA-und-Bundesregierung-ver%C3%BCben-bewusst-Kriegsverbrechen%3A9\" frameborder=\"0\" width=\"853\" height=\"480\" allowfullscreen><\/iframe><\/div>\n<\/div>\n<p><em>Aus dem <a rel=\"nofollow noopener\" target=\"_blank\" href=\"https:\/\/korybko.substack.com\/p\/russias-capture-of-avdeevka-will\">Englischen<\/a>.<\/em><\/p>\n<p><em>Andrew Korybko ist ein in Moskau ans\u00e4ssiger amerikanischer Politologe, der sich auf die US-Strategie in Afrika und Eurasien sowie auf Chinas Belt &amp; Road-Initiative, Russlands geopolitischen Balanceakt und hybride Kriegsf\u00fchrung spezialisiert hat.<\/em><\/p>\n<\/div>\n<p><br \/>\n<br \/><a href=\"https:\/\/de.rt.com\/amerika\/196763-wiedererwachen-supermacht-ambitionen-deutschlands-ist\/\">Source link <\/a><\/p>\n","protected":false},"excerpt":{"rendered":"<p>Die Rolle Deutschlands als bevorzugter Junior-Partner der USA in der EU wird nach der Einnahme von Awdejewka durch Russland an Bedeutung gewinnen und die Wiederbelebung des Weimarer Dreiecks beschleunigen, mit dem die &#8220;Festung Europa&#8221; errichtet werden soll. Von Andrew Korybko Schlussendlich gelang es Russland, die ukrainische Festungsstadt Awdejewka nach einer langwierigen Schlacht doch noch zu [&hellip;]<\/p>\n","protected":false},"author":3,"featured_media":55657,"comment_status":"open","ping_status":"open","sticky":false,"template":"","format":"standard","meta":{"_yoast_indexnow_last_ping":["1708428259"],"wp_automatic_camp":["217"],"c0592f22ecc82c2e27e696717d0b87ba":["Die Supermacht-Ambitionen Deutschlands sind wiedererwacht"],"original_link":["https:\/\/de.rt.com\/amerika\/196763-wiedererwachen-supermacht-ambitionen-deutschlands-ist\/"],"_thumbnail_id":["55657"],"_wptgpro_p2tg_sent2tg":["a:1:{i:23737;s:19:\"2024-02-20 13:25:25\";}"],"jnews_social_counter_last_update":["1777283310"]},"categories":[19,23],"tags":[4480,45,1046,53709,53710],"yoast_head":"<!-- This site is optimized with the Yoast SEO Premium plugin v22.7 (Yoast SEO v22.7) - https:\/\/yoast.com\/wordpress\/plugins\/seo\/ -->\n<title>Die Supermacht-Ambitionen Deutschlands sind wiedererwacht - just-now.NEWS Deutschland<\/title>\n<meta name=\"robots\" content=\"index, follow, max-snippet:-1, max-image-preview:large, max-video-preview:-1\" \/>\n<link rel=\"canonical\" href=\"https:\/\/now-news.de\/de\/deutschland\/die-supermacht-ambitionen-deutschlands-sind-wiedererwacht\/\" \/>\n<meta property=\"og:locale\" content=\"de_DE\" \/>\n<meta property=\"og:type\" content=\"article\" \/>\n<meta property=\"og:title\" content=\"Die Supermacht-Ambitionen Deutschlands sind wiedererwacht\" \/>\n<meta property=\"og:description\" content=\"Die Rolle Deutschlands als bevorzugter Junior-Partner der USA in der EU wird nach der Einnahme von Awdejewka durch Russland an Bedeutung gewinnen und die Wiederbelebung des Weimarer Dreiecks beschleunigen, mit dem die &#8220;Festung Europa&#8221; errichtet werden soll. Von Andrew Korybko Schlussendlich gelang es Russland, die ukrainische Festungsstadt Awdejewka nach einer langwierigen Schlacht doch noch zu [&hellip;]\" \/>\n<meta property=\"og:url\" content=\"https:\/\/now-news.de\/de\/deutschland\/die-supermacht-ambitionen-deutschlands-sind-wiedererwacht\/\" \/>\n<meta property=\"og:site_name\" content=\"just-now.NEWS Deutschland\" \/>\n<meta property=\"article:publisher\" content=\"https:\/\/www.facebook.com\/wirmachenauf\" \/>\n<meta property=\"article:published_time\" content=\"2024-02-20T11:12:53+00:00\" \/>\n<meta property=\"og:image\" content=\"https:\/\/now-news.de\/de\/wp-content\/uploads\/sites\/3\/2024\/02\/Die-Supermacht-Ambitionen-Deutschlands-sind-wiedererwacht.jpg\" \/>\n\t<meta property=\"og:image:width\" content=\"460\" \/>\n\t<meta property=\"og:image:height\" content=\"259\" \/>\n\t<meta property=\"og:image:type\" content=\"image\/jpeg\" \/>\n<meta name=\"author\" content=\"rtnews\" \/>\n<meta name=\"twitter:card\" content=\"summary_large_image\" \/>\n<meta name=\"twitter:creator\" content=\"@WirMachenAuf_de\" \/>\n<meta name=\"twitter:site\" content=\"@WirMachenAuf_de\" \/>\n<meta name=\"twitter:label1\" content=\"Verfasst von\" \/>\n\t<meta name=\"twitter:data1\" content=\"rtnews\" \/>\n\t<meta name=\"twitter:label2\" content=\"Gesch\u00e4tzte Lesezeit\" \/>\n\t<meta name=\"twitter:data2\" content=\"6\u00a0Minuten\" \/>\n<script type=\"application\/ld+json\" class=\"yoast-schema-graph\">{\"@context\":\"https:\/\/schema.org\",\"@graph\":[{\"@type\":\"Article\",\"@id\":\"https:\/\/now-news.de\/de\/deutschland\/die-supermacht-ambitionen-deutschlands-sind-wiedererwacht\/#article\",\"isPartOf\":{\"@id\":\"https:\/\/now-news.de\/de\/deutschland\/die-supermacht-ambitionen-deutschlands-sind-wiedererwacht\/\"},\"author\":{\"name\":\"rtnews\",\"@id\":\"https:\/\/now-news.de\/de\/#\/schema\/person\/fb534a4e865501d8b3285208df34a9b5\"},\"headline\":\"Die Supermacht-Ambitionen Deutschlands sind wiedererwacht\",\"datePublished\":\"2024-02-20T11:12:53+00:00\",\"dateModified\":\"2024-02-20T11:12:53+00:00\",\"mainEntityOfPage\":{\"@id\":\"https:\/\/now-news.de\/de\/deutschland\/die-supermacht-ambitionen-deutschlands-sind-wiedererwacht\/\"},\"wordCount\":1172,\"commentCount\":0,\"publisher\":{\"@id\":\"https:\/\/now-news.de\/de\/#organization\"},\"image\":{\"@id\":\"https:\/\/now-news.de\/de\/deutschland\/die-supermacht-ambitionen-deutschlands-sind-wiedererwacht\/#primaryimage\"},\"thumbnailUrl\":\"https:\/\/now-news.de\/de\/wp-content\/uploads\/sites\/3\/2024\/02\/Die-Supermacht-Ambitionen-Deutschlands-sind-wiedererwacht.jpg\",\"keywords\":[\"Deutschlands\",\"die\",\"sind\",\"SupermachtAmbitionen\",\"wiedererwacht\"],\"articleSection\":[\"Deutschland\",\"Russland\"],\"inLanguage\":\"de\",\"potentialAction\":[{\"@type\":\"CommentAction\",\"name\":\"Comment\",\"target\":[\"https:\/\/now-news.de\/de\/deutschland\/die-supermacht-ambitionen-deutschlands-sind-wiedererwacht\/#respond\"]}]},{\"@type\":\"WebPage\",\"@id\":\"https:\/\/now-news.de\/de\/deutschland\/die-supermacht-ambitionen-deutschlands-sind-wiedererwacht\/\",\"url\":\"https:\/\/now-news.de\/de\/deutschland\/die-supermacht-ambitionen-deutschlands-sind-wiedererwacht\/\",\"name\":\"Die Supermacht-Ambitionen Deutschlands sind wiedererwacht - just-now.NEWS Deutschland\",\"isPartOf\":{\"@id\":\"https:\/\/now-news.de\/de\/#website\"},\"primaryImageOfPage\":{\"@id\":\"https:\/\/now-news.de\/de\/deutschland\/die-supermacht-ambitionen-deutschlands-sind-wiedererwacht\/#primaryimage\"},\"image\":{\"@id\":\"https:\/\/now-news.de\/de\/deutschland\/die-supermacht-ambitionen-deutschlands-sind-wiedererwacht\/#primaryimage\"},\"thumbnailUrl\":\"https:\/\/now-news.de\/de\/wp-content\/uploads\/sites\/3\/2024\/02\/Die-Supermacht-Ambitionen-Deutschlands-sind-wiedererwacht.jpg\",\"datePublished\":\"2024-02-20T11:12:53+00:00\",\"dateModified\":\"2024-02-20T11:12:53+00:00\",\"breadcrumb\":{\"@id\":\"https:\/\/now-news.de\/de\/deutschland\/die-supermacht-ambitionen-deutschlands-sind-wiedererwacht\/#breadcrumb\"},\"inLanguage\":\"de\",\"potentialAction\":[{\"@type\":\"ReadAction\",\"target\":[\"https:\/\/now-news.de\/de\/deutschland\/die-supermacht-ambitionen-deutschlands-sind-wiedererwacht\/\"]}]},{\"@type\":\"ImageObject\",\"inLanguage\":\"de\",\"@id\":\"https:\/\/now-news.de\/de\/deutschland\/die-supermacht-ambitionen-deutschlands-sind-wiedererwacht\/#primaryimage\",\"url\":\"https:\/\/now-news.de\/de\/wp-content\/uploads\/sites\/3\/2024\/02\/Die-Supermacht-Ambitionen-Deutschlands-sind-wiedererwacht.jpg\",\"contentUrl\":\"https:\/\/now-news.de\/de\/wp-content\/uploads\/sites\/3\/2024\/02\/Die-Supermacht-Ambitionen-Deutschlands-sind-wiedererwacht.jpg\",\"width\":460,\"height\":259,\"caption\":\"Die Supermacht-Ambitionen Deutschlands sind wiedererwacht\"},{\"@type\":\"BreadcrumbList\",\"@id\":\"https:\/\/now-news.de\/de\/deutschland\/die-supermacht-ambitionen-deutschlands-sind-wiedererwacht\/#breadcrumb\",\"itemListElement\":[{\"@type\":\"ListItem\",\"position\":1,\"name\":\"Home\",\"item\":\"https:\/\/now-news.de\/de\/\"},{\"@type\":\"ListItem\",\"position\":2,\"name\":\"Die Supermacht-Ambitionen Deutschlands sind wiedererwacht\"}]},{\"@type\":\"WebSite\",\"@id\":\"https:\/\/now-news.de\/de\/#website\",\"url\":\"https:\/\/now-news.de\/de\/\",\"name\":\"just-now.NEWS Deutschland\",\"description\":\"Das Portal f\u00fcr unzensierte Nachrichten aus der Welt\",\"publisher\":{\"@id\":\"https:\/\/now-news.de\/de\/#organization\"},\"potentialAction\":[{\"@type\":\"SearchAction\",\"target\":{\"@type\":\"EntryPoint\",\"urlTemplate\":\"https:\/\/now-news.de\/de\/?s={search_term_string}\"},\"query-input\":\"required name=search_term_string\"}],\"inLanguage\":\"de\"},{\"@type\":\"Organization\",\"@id\":\"https:\/\/now-news.de\/de\/#organization\",\"name\":\"Just Now News\",\"url\":\"https:\/\/now-news.de\/de\/\",\"logo\":{\"@type\":\"ImageObject\",\"inLanguage\":\"de\",\"@id\":\"https:\/\/now-news.de\/de\/#\/schema\/logo\/image\/\",\"url\":\"http:\/\/just-now.news\/de\/wp-content\/uploads\/sites\/3\/2022\/04\/logo500x500.jpg\",\"contentUrl\":\"http:\/\/just-now.news\/de\/wp-content\/uploads\/sites\/3\/2022\/04\/logo500x500.jpg\",\"width\":500,\"height\":500,\"caption\":\"Just Now News\"},\"image\":{\"@id\":\"https:\/\/now-news.de\/de\/#\/schema\/logo\/image\/\"},\"sameAs\":[\"https:\/\/www.facebook.com\/wirmachenauf\",\"https:\/\/x.com\/WirMachenAuf_de\"]},{\"@type\":\"Person\",\"@id\":\"https:\/\/now-news.de\/de\/#\/schema\/person\/fb534a4e865501d8b3285208df34a9b5\",\"name\":\"rtnews\",\"image\":{\"@type\":\"ImageObject\",\"inLanguage\":\"de\",\"@id\":\"https:\/\/now-news.de\/de\/#\/schema\/person\/image\/\",\"url\":\"https:\/\/secure.gravatar.com\/avatar\/82aafea7d8127119dd649515f56e2117?s=96&d=mm&r=g\",\"contentUrl\":\"https:\/\/secure.gravatar.com\/avatar\/82aafea7d8127119dd649515f56e2117?s=96&d=mm&r=g\",\"caption\":\"rtnews\"},\"url\":\"https:\/\/now-news.de\/de\/author\/rnews\/\"}]}<\/script>\n<!-- \/ Yoast SEO Premium plugin. -->","yoast_head_json":{"title":"Die Supermacht-Ambitionen Deutschlands sind wiedererwacht - just-now.NEWS Deutschland","robots":{"index":"index","follow":"follow","max-snippet":"max-snippet:-1","max-image-preview":"max-image-preview:large","max-video-preview":"max-video-preview:-1"},"canonical":"https:\/\/now-news.de\/de\/deutschland\/die-supermacht-ambitionen-deutschlands-sind-wiedererwacht\/","og_locale":"de_DE","og_type":"article","og_title":"Die Supermacht-Ambitionen Deutschlands sind wiedererwacht","og_description":"Die Rolle Deutschlands als bevorzugter Junior-Partner der USA in der EU wird nach der Einnahme von Awdejewka durch Russland an Bedeutung gewinnen und die Wiederbelebung des Weimarer Dreiecks beschleunigen, mit dem die &#8220;Festung Europa&#8221; errichtet werden soll. Von Andrew Korybko Schlussendlich gelang es Russland, die ukrainische Festungsstadt Awdejewka nach einer langwierigen Schlacht doch noch zu [&hellip;]","og_url":"https:\/\/now-news.de\/de\/deutschland\/die-supermacht-ambitionen-deutschlands-sind-wiedererwacht\/","og_site_name":"just-now.NEWS Deutschland","article_publisher":"https:\/\/www.facebook.com\/wirmachenauf","article_published_time":"2024-02-20T11:12:53+00:00","og_image":[{"width":460,"height":259,"url":"https:\/\/now-news.de\/de\/wp-content\/uploads\/sites\/3\/2024\/02\/Die-Supermacht-Ambitionen-Deutschlands-sind-wiedererwacht.jpg","type":"image\/jpeg"}],"author":"rtnews","twitter_card":"summary_large_image","twitter_creator":"@WirMachenAuf_de","twitter_site":"@WirMachenAuf_de","twitter_misc":{"Verfasst von":"rtnews","Gesch\u00e4tzte Lesezeit":"6\u00a0Minuten"},"schema":{"@context":"https:\/\/schema.org","@graph":[{"@type":"Article","@id":"https:\/\/now-news.de\/de\/deutschland\/die-supermacht-ambitionen-deutschlands-sind-wiedererwacht\/#article","isPartOf":{"@id":"https:\/\/now-news.de\/de\/deutschland\/die-supermacht-ambitionen-deutschlands-sind-wiedererwacht\/"},"author":{"name":"rtnews","@id":"https:\/\/now-news.de\/de\/#\/schema\/person\/fb534a4e865501d8b3285208df34a9b5"},"headline":"Die Supermacht-Ambitionen Deutschlands sind wiedererwacht","datePublished":"2024-02-20T11:12:53+00:00","dateModified":"2024-02-20T11:12:53+00:00","mainEntityOfPage":{"@id":"https:\/\/now-news.de\/de\/deutschland\/die-supermacht-ambitionen-deutschlands-sind-wiedererwacht\/"},"wordCount":1172,"commentCount":0,"publisher":{"@id":"https:\/\/now-news.de\/de\/#organization"},"image":{"@id":"https:\/\/now-news.de\/de\/deutschland\/die-supermacht-ambitionen-deutschlands-sind-wiedererwacht\/#primaryimage"},"thumbnailUrl":"https:\/\/now-news.de\/de\/wp-content\/uploads\/sites\/3\/2024\/02\/Die-Supermacht-Ambitionen-Deutschlands-sind-wiedererwacht.jpg","keywords":["Deutschlands","die","sind","SupermachtAmbitionen","wiedererwacht"],"articleSection":["Deutschland","Russland"],"inLanguage":"de","potentialAction":[{"@type":"CommentAction","name":"Comment","target":["https:\/\/now-news.de\/de\/deutschland\/die-supermacht-ambitionen-deutschlands-sind-wiedererwacht\/#respond"]}]},{"@type":"WebPage","@id":"https:\/\/now-news.de\/de\/deutschland\/die-supermacht-ambitionen-deutschlands-sind-wiedererwacht\/","url":"https:\/\/now-news.de\/de\/deutschland\/die-supermacht-ambitionen-deutschlands-sind-wiedererwacht\/","name":"Die Supermacht-Ambitionen Deutschlands sind wiedererwacht - just-now.NEWS Deutschland","isPartOf":{"@id":"https:\/\/now-news.de\/de\/#website"},"primaryImageOfPage":{"@id":"https:\/\/now-news.de\/de\/deutschland\/die-supermacht-ambitionen-deutschlands-sind-wiedererwacht\/#primaryimage"},"image":{"@id":"https:\/\/now-news.de\/de\/deutschland\/die-supermacht-ambitionen-deutschlands-sind-wiedererwacht\/#primaryimage"},"thumbnailUrl":"https:\/\/now-news.de\/de\/wp-content\/uploads\/sites\/3\/2024\/02\/Die-Supermacht-Ambitionen-Deutschlands-sind-wiedererwacht.jpg","datePublished":"2024-02-20T11:12:53+00:00","dateModified":"2024-02-20T11:12:53+00:00","breadcrumb":{"@id":"https:\/\/now-news.de\/de\/deutschland\/die-supermacht-ambitionen-deutschlands-sind-wiedererwacht\/#breadcrumb"},"inLanguage":"de","potentialAction":[{"@type":"ReadAction","target":["https:\/\/now-news.de\/de\/deutschland\/die-supermacht-ambitionen-deutschlands-sind-wiedererwacht\/"]}]},{"@type":"ImageObject","inLanguage":"de","@id":"https:\/\/now-news.de\/de\/deutschland\/die-supermacht-ambitionen-deutschlands-sind-wiedererwacht\/#primaryimage","url":"https:\/\/now-news.de\/de\/wp-content\/uploads\/sites\/3\/2024\/02\/Die-Supermacht-Ambitionen-Deutschlands-sind-wiedererwacht.jpg","contentUrl":"https:\/\/now-news.de\/de\/wp-content\/uploads\/sites\/3\/2024\/02\/Die-Supermacht-Ambitionen-Deutschlands-sind-wiedererwacht.jpg","width":460,"height":259,"caption":"Die Supermacht-Ambitionen Deutschlands sind wiedererwacht"},{"@type":"BreadcrumbList","@id":"https:\/\/now-news.de\/de\/deutschland\/die-supermacht-ambitionen-deutschlands-sind-wiedererwacht\/#breadcrumb","itemListElement":[{"@type":"ListItem","position":1,"name":"Home","item":"https:\/\/now-news.de\/de\/"},{"@type":"ListItem","position":2,"name":"Die Supermacht-Ambitionen Deutschlands sind wiedererwacht"}]},{"@type":"WebSite","@id":"https:\/\/now-news.de\/de\/#website","url":"https:\/\/now-news.de\/de\/","name":"just-now.NEWS Deutschland","description":"Das Portal f\u00fcr unzensierte Nachrichten aus der Welt","publisher":{"@id":"https:\/\/now-news.de\/de\/#organization"},"potentialAction":[{"@type":"SearchAction","target":{"@type":"EntryPoint","urlTemplate":"https:\/\/now-news.de\/de\/?s={search_term_string}"},"query-input":"required name=search_term_string"}],"inLanguage":"de"},{"@type":"Organization","@id":"https:\/\/now-news.de\/de\/#organization","name":"Just Now News","url":"https:\/\/now-news.de\/de\/","logo":{"@type":"ImageObject","inLanguage":"de","@id":"https:\/\/now-news.de\/de\/#\/schema\/logo\/image\/","url":"http:\/\/just-now.news\/de\/wp-content\/uploads\/sites\/3\/2022\/04\/logo500x500.jpg","contentUrl":"http:\/\/just-now.news\/de\/wp-content\/uploads\/sites\/3\/2022\/04\/logo500x500.jpg","width":500,"height":500,"caption":"Just Now News"},"image":{"@id":"https:\/\/now-news.de\/de\/#\/schema\/logo\/image\/"},"sameAs":["https:\/\/www.facebook.com\/wirmachenauf","https:\/\/x.com\/WirMachenAuf_de"]},{"@type":"Person","@id":"https:\/\/now-news.de\/de\/#\/schema\/person\/fb534a4e865501d8b3285208df34a9b5","name":"rtnews","image":{"@type":"ImageObject","inLanguage":"de","@id":"https:\/\/now-news.de\/de\/#\/schema\/person\/image\/","url":"https:\/\/secure.gravatar.com\/avatar\/82aafea7d8127119dd649515f56e2117?s=96&d=mm&r=g","contentUrl":"https:\/\/secure.gravatar.com\/avatar\/82aafea7d8127119dd649515f56e2117?s=96&d=mm&r=g","caption":"rtnews"},"url":"https:\/\/now-news.de\/de\/author\/rnews\/"}]}},"_links":{"self":[{"href":"https:\/\/now-news.de\/de\/wp-json\/wp\/v2\/posts\/55656"}],"collection":[{"href":"https:\/\/now-news.de\/de\/wp-json\/wp\/v2\/posts"}],"about":[{"href":"https:\/\/now-news.de\/de\/wp-json\/wp\/v2\/types\/post"}],"author":[{"embeddable":true,"href":"https:\/\/now-news.de\/de\/wp-json\/wp\/v2\/users\/3"}],"replies":[{"embeddable":true,"href":"https:\/\/now-news.de\/de\/wp-json\/wp\/v2\/comments?post=55656"}],"version-history":[{"count":0,"href":"https:\/\/now-news.de\/de\/wp-json\/wp\/v2\/posts\/55656\/revisions"}],"wp:featuredmedia":[{"embeddable":true,"href":"https:\/\/now-news.de\/de\/wp-json\/wp\/v2\/media\/55657"}],"wp:attachment":[{"href":"https:\/\/now-news.de\/de\/wp-json\/wp\/v2\/media?parent=55656"}],"wp:term":[{"taxonomy":"category","embeddable":true,"href":"https:\/\/now-news.de\/de\/wp-json\/wp\/v2\/categories?post=55656"},{"taxonomy":"post_tag","embeddable":true,"href":"https:\/\/now-news.de\/de\/wp-json\/wp\/v2\/tags?post=55656"}],"curies":[{"name":"wp","href":"https:\/\/api.w.org\/{rel}","templated":true}]}}