{"id":55644,"date":"2024-02-20T11:25:37","date_gmt":"2024-02-20T09:25:37","guid":{"rendered":"https:\/\/just-now.news\/de\/deutschland\/neuer-hoechststand-auslaenderanteil-in-oesterreich-steigt-auf-197-prozent\/"},"modified":"2024-02-20T11:25:37","modified_gmt":"2024-02-20T09:25:37","slug":"neuer-hoechststand-auslaenderanteil-in-oesterreich-steigt-auf-197-prozent","status":"publish","type":"post","link":"https:\/\/now-news.de\/de\/deutschland\/neuer-hoechststand-auslaenderanteil-in-oesterreich-steigt-auf-197-prozent\/","title":{"rendered":"Neuer H\u00f6chststand: Ausl\u00e4nderanteil in \u00d6sterreich steigt auf 19,7 Prozent"},"content":{"rendered":"<div class=\"Text-root Text-type_1 \">\n                Bald ist jeder Zweite ein Ausl\u00e4nder: \u00d6sterreichs Ausl\u00e4nderanteil erreicht mit 19,7 Prozent einen neuen H\u00f6chststand. Ukrainer in \u00d6sterreich sind wenig aktiv bei der Jobsuche \u2013 Hochqualifizierte Gefl\u00fcchtete zeigen geringeres Interesse an der Arbeitsmarktintegration.\n            <\/div>\n<p><\/p>\n<div class=\"Text-root Text-type_5 ArticleView-text ViewText-root \">\n<p>Zu Beginn des Jahres 2024 betrug der Anteil der Ausl\u00e4nder an der Gesamtbev\u00f6lkerung in \u00d6sterreich 19,7 Prozent, was etwa 1,8 Millionen Menschen entsprach. Dies markierte einen neuen H\u00f6chststand, nachdem der Ausl\u00e4nderanteil in den vorangegangenen Jahren kontinuierlich gestiegen war. Diese Daten werden aus dem Zentralen Melderegister (<a rel=\"nofollow noopener\" target=\"_blank\" href=\"https:\/\/de.statista.com\/statistik\/daten\/studie\/293102\/umfrage\/auslaenderanteil-in-oesterreich\/\">ZMR<\/a>) erhoben.<\/p>\n<p>In \u00d6sterreich ist die doppelte Staatsb\u00fcrgerschaft \u2013 mit wenigen Ausnahmen \u2013 nicht m\u00f6glich: Ausl\u00e4nder, die die \u00f6sterreichische Staatsb\u00fcrgerschaft erlangen m\u00f6chten, m\u00fcssen innerhalb von zwei Jahren ihre bisherige Staatsb\u00fcrgerschaft aufgeben, um die \u00f6sterreichische zu erhalten. Gleichzeitig verlieren \u00d6sterreicher ihre Staatsb\u00fcrgerschaft, wenn sie eine fremde Staatsangeh\u00f6rigkeit erwerben.<\/p>\n<figure class=\"RTImage-root\">\n<div class=\"RTImage-image RTImage-original\"><picture class=\"Picture-root Picture-original\"><!--[if IE 9]><video style=\"display: none;\"><![endif]--><source media=\"(-webkit-min-device-pixel-ratio: 2) and (min-resolution: 120dpi)\" data-srcset=\" \nhttp:\/\/just-now.news\/de\/wp-content\/uploads\/sites\/3\/2024\/02\/65d455ce48fbef3f316e3b5a.png 850w,\n                http:\/\/just-now.news\/de\/wp-content\/uploads\/sites\/3\/2024\/02\/65d455ce48fbef3f316e3b5a.png 1960w,            \" ><source data-srcset=\" \nhttp:\/\/just-now.news\/de\/wp-content\/uploads\/sites\/3\/2024\/02\/65d455ce48fbef3f316e3b5a.png 460w,\n              http:\/\/just-now.news\/de\/wp-content\/uploads\/sites\/3\/2024\/02\/65d455ce48fbef3f316e3b5a.png 980w,\n            \" ><!--[if IE 9]><\/video><![endif]--><img decoding=\"async\" data- src=\"data:image\/png;base64,iVBORw0KGgoAAAANSUhEUgAAABAAAAAJCAQAAACRI2S5AAAAEElEQVR42mNkIAAYRxWAAQAG9gAKqv6+AwAAAABJRU5ErkJggg==\" class=\"Picture-root Picture-original lazyload\" data-src=\"http:\/\/just-now.news\/de\/wp-content\/uploads\/sites\/3\/2024\/02\/65d455ce48fbef3f316e3b5a.png\" alt=\"\"><\/source><\/source><\/picture><!-- noscript pattern --><noscript><img decoding=\"async\" src=\"http:\/\/just-now.news\/de\/wp-content\/uploads\/sites\/3\/2024\/02\/65d455ce48fbef3f316e3b5a.png\" alt=\"\"><\/noscript><\/div><figcaption class=\"RTImage-footer\"><span class=\"RTImage-caption\"><\/span><span class=\"RTImage-source\"><a rel=\"nofollow noopener\" target=\"_blank\" class=\"RTImage-captionItem Link-root\" href=\"https:\/\/de.statista.com\/statistik\/daten\/studie\/293102\/umfrage\/auslaenderanteil-in-oesterreich\/\">@Statista<\/a><\/span><\/figcaption><\/figure>\n<p>Die Ver\u00f6ffentlichung des \u00d6sterreichischen Integrationsfonds bietet aktuelle Daten zur Integration: Demnach wurde etwa jeder f\u00fcnfte Einwohner \u00d6sterreichs nicht hier geboren. Anfang 2024 lebten rund 1,8 Millionen Menschen mit ausl\u00e4ndischem Geburtsort in \u00d6sterreich, was einem Anteil von etwa 19,7 Prozent an der Gesamtbev\u00f6lkerung entspricht, verglichen mit 17,3 Prozent am 1. Januar 2015. Der Anteil der im Ausland geborenen Bev\u00f6lkerung an der Gesamtbev\u00f6lkerung eines Bundeslandes war in Wien mit 35,4 Prozent am h\u00f6chsten und im Burgenland mit 11,4 Prozent am niedrigsten.<\/p>\n<div class=\"EmbedBlock-root EmbedBlock-twitter\">\n<div class=\"TwitterEmbed\">\n<blockquote class=\"twitter-tweet lazyload\" data-twitter=\"twitter-tweet\" data-media-max-width=\"560\">\n<p lang=\"de\" dir=\"ltr\">Wahrscheinlich werde ich wieder als ausl\u00e4nderfeindlich und Nazi beschimpft, wenn ich diesen Artikel poste. Diejenigen, die mich beschimpfen, wissen nicht, dass ich selbst Fl\u00fcchtling bin, der 1965 aus der \u010cSSR nach \u00d6sterreich emigriert bin. <a rel=\"nofollow noopener\" target=\"_blank\" href=\"https:\/\/t.co\/7oWhFzE30e\">https:\/\/t.co\/7oWhFzE30e<\/a><\/p>\n<p>\u2014 Marcel Sima (@marcel_sima) <a rel=\"nofollow noopener\" target=\"_blank\" href=\"https:\/\/twitter.com\/marcel_sima\/status\/1759183065887178792?ref_src=twsrc%5Etfw\">February 18, 2024<\/a><\/p><\/blockquote>\n<\/div>\n<\/div>\n<p>Die Verteilung der 1,765 Millionen Personen mit ausl\u00e4ndischem Geburtsort in \u00d6sterreich sah wie folgt aus:<\/p>\n<ul>\n<li>Wien: 35,4 Prozent<\/li>\n<li>Ober\u00f6sterreich: 16,0 Prozent<\/li>\n<li>Nieder\u00f6sterreich: 12,2 Prozent<\/li>\n<\/ul>\n<p>Die Top-Herkunftsl\u00e4nder seit 2015 blieben in den meisten Bundesl\u00e4ndern unver\u00e4ndert: Deutschland, Bosnien-Herzegowina und die T\u00fcrkei. In Nieder\u00f6sterreich und der Steiermark r\u00fcckten Personen mit rum\u00e4nischem Geburtsort jedoch an die Spitze der Zugzugs-Statistik.<\/p>\n<p>Mittlerweile leben etwa 80.000 Ukrainer in \u00d6sterreich, wobei nur etwa 16.000 von ihnen f\u00fcr ihren Lebensunterhalt arbeiten. Ukrainische Gefl\u00fcchtete, die nach \u00d6sterreich gekommen sind, sind im Allgemeinen hochgebildet, suchen jedoch weniger aktiv nach Arbeit und haben geringere R\u00fcckkehrw\u00fcnsche, je weiter sie sich im Westen Europas befinden. Forscher der \u00d6sterreichischen Akademie der Wissenschaften und der Wirtschaftsuniversit\u00e4t Wien haben etwa\u00a0<a rel=\"nofollow noopener\" target=\"_blank\" href=\"https:\/\/www.diepresse.com\/17935056\/ukrainische-gefluechtete-in-oesterreich-sind-gebildeter-aber-langsamer-bei-der-jobaufnahme\">1.500 Interviews<\/a>\u00a0durchgef\u00fchrt und festgestellt, dass 66 Prozent der Gefl\u00fcchteten in der Krakauer Stichprobe und sogar 83 Prozent in der Wiener Stichprobe einen terti\u00e4ren Bildungsabschluss haben, im Vergleich zu 30 Prozent in der Gesamtbev\u00f6lkerung der Ukraine.<\/p>\n<blockquote>\n<p>Trotz ihrer Bildung zeigen sie weniger Interesse an einer beruflichen Perspektive und \u00e4u\u00dfern weniger R\u00fcckkehrw\u00fcnsche, je weiter sie in den Westen Europas gelangen.<\/p>\n<\/blockquote>\n<p>Der st\u00e4rkste Anstieg der im Ausland geborenen Bev\u00f6lkerung seit Januar 2015 wurde in der Steiermark, gefolgt von Ober\u00f6sterreich und Tirol, verzeichnet. Die Arbeitslosenquote unter Ausl\u00e4ndern war in Wien am h\u00f6chsten, gefolgt von K\u00e4rnten und der Steiermark. Insgesamt sind ausl\u00e4ndische Arbeitskr\u00e4fte weiterhin st\u00e4rker von Arbeitslosigkeit betroffen als Inl\u00e4nder. Die Kritik an der Entwicklung kommt insbesondere von der FP\u00d6, die eine restriktivere Zuwanderungspolitik fordert und die &#8220;\u00dcberfremdung&#8221; als zunehmendes Problem betrachtet.<\/p>\n<p><strong>Mehr zum Thema\u00a0<\/strong>\u2013\u00a0<a rel=\"nofollow noopener\" target=\"_blank\" href=\"https:\/\/freedert.online\/europa\/193683-oesterreichs-bundeskanzler-will-geschlechtergerechte-sprache\/\">\u00d6sterreichs Bundeskanzler will geschlechtergerechte Sprache in der Verwaltung abschaffen<\/a><\/p>\n<\/p>\n<\/div>\n<p><script async src=\"https:\/\/platform.twitter.com\/widgets.js\" charset=\"utf-8\"><\/script><br \/>\n<br \/><br \/>\n<br \/><a href=\"https:\/\/de.rt.com\/oesterreich\/196768-neuer-hoechststand-auslaenderanteil-in-oesterreich\/\">Source link <\/a><\/p>\n","protected":false},"excerpt":{"rendered":"<p>Bald ist jeder Zweite ein Ausl\u00e4nder: \u00d6sterreichs Ausl\u00e4nderanteil erreicht mit 19,7 Prozent einen neuen H\u00f6chststand. Ukrainer in \u00d6sterreich sind wenig aktiv bei der Jobsuche \u2013 Hochqualifizierte Gefl\u00fcchtete zeigen geringeres Interesse an der Arbeitsmarktintegration. Zu Beginn des Jahres 2024 betrug der Anteil der Ausl\u00e4nder an der Gesamtbev\u00f6lkerung in \u00d6sterreich 19,7 Prozent, was etwa 1,8 Millionen Menschen [&hellip;]<\/p>\n","protected":false},"author":3,"featured_media":55645,"comment_status":"open","ping_status":"open","sticky":false,"template":"","format":"standard","meta":{"_yoast_indexnow_last_ping":["1708421546"],"wp_automatic_camp":["217"],"88b8242b180f7a5b1c370e51efdefa44":["Neuer H\u00f6chststand: Ausl\u00e4nderanteil in \u00d6sterreich steigt auf 19,7 Prozent"],"original_link":["https:\/\/de.rt.com\/oesterreich\/196768-neuer-hoechststand-auslaenderanteil-in-oesterreich\/"],"_thumbnail_id":["55645"],"_wptgpro_p2tg_sent2tg":["a:1:{i:23737;s:19:\"2024-02-20 11:33:34\";}"],"jnews_social_counter_last_update":["1777410497"]},"categories":[19,23],"tags":[133,53699,32669,956,7290,1429,13726],"yoast_head":"<!-- This site is optimized with the Yoast SEO Premium plugin v22.7 (Yoast SEO v22.7) - https:\/\/yoast.com\/wordpress\/plugins\/seo\/ -->\n<title>Neuer H\u00f6chststand: Ausl\u00e4nderanteil in \u00d6sterreich steigt auf 19,7 Prozent - just-now.NEWS Deutschland<\/title>\n<meta name=\"robots\" content=\"index, follow, max-snippet:-1, max-image-preview:large, max-video-preview:-1\" \/>\n<link rel=\"canonical\" href=\"https:\/\/now-news.de\/de\/deutschland\/neuer-hoechststand-auslaenderanteil-in-oesterreich-steigt-auf-197-prozent\/\" \/>\n<meta property=\"og:locale\" content=\"de_DE\" \/>\n<meta property=\"og:type\" content=\"article\" \/>\n<meta property=\"og:title\" content=\"Neuer H\u00f6chststand: Ausl\u00e4nderanteil in \u00d6sterreich steigt auf 19,7 Prozent\" \/>\n<meta property=\"og:description\" content=\"Bald ist jeder Zweite ein Ausl\u00e4nder: \u00d6sterreichs Ausl\u00e4nderanteil erreicht mit 19,7 Prozent einen neuen H\u00f6chststand. Ukrainer in \u00d6sterreich sind wenig aktiv bei der Jobsuche \u2013 Hochqualifizierte Gefl\u00fcchtete zeigen geringeres Interesse an der Arbeitsmarktintegration. Zu Beginn des Jahres 2024 betrug der Anteil der Ausl\u00e4nder an der Gesamtbev\u00f6lkerung in \u00d6sterreich 19,7 Prozent, was etwa 1,8 Millionen Menschen [&hellip;]\" \/>\n<meta property=\"og:url\" content=\"https:\/\/now-news.de\/de\/deutschland\/neuer-hoechststand-auslaenderanteil-in-oesterreich-steigt-auf-197-prozent\/\" \/>\n<meta property=\"og:site_name\" content=\"just-now.NEWS Deutschland\" \/>\n<meta property=\"article:publisher\" content=\"https:\/\/www.facebook.com\/wirmachenauf\" \/>\n<meta property=\"article:published_time\" content=\"2024-02-20T09:25:37+00:00\" \/>\n<meta property=\"og:image\" content=\"https:\/\/now-news.de\/de\/wp-content\/uploads\/sites\/3\/2024\/02\/Neuer-Hoechststand-Auslaenderanteil-in-Oesterreich-steigt-auf-197-Prozent.png\" \/>\n\t<meta property=\"og:image:width\" content=\"1411\" \/>\n\t<meta property=\"og:image:height\" content=\"891\" \/>\n\t<meta property=\"og:image:type\" content=\"image\/png\" \/>\n<meta name=\"author\" content=\"rtnews\" \/>\n<meta name=\"twitter:card\" content=\"summary_large_image\" \/>\n<meta name=\"twitter:creator\" content=\"@WirMachenAuf_de\" \/>\n<meta name=\"twitter:site\" content=\"@WirMachenAuf_de\" \/>\n<meta name=\"twitter:label1\" content=\"Verfasst von\" \/>\n\t<meta name=\"twitter:data1\" content=\"rtnews\" \/>\n\t<meta name=\"twitter:label2\" content=\"Gesch\u00e4tzte Lesezeit\" \/>\n\t<meta name=\"twitter:data2\" content=\"3\u00a0Minuten\" \/>\n<script type=\"application\/ld+json\" class=\"yoast-schema-graph\">{\"@context\":\"https:\/\/schema.org\",\"@graph\":[{\"@type\":\"Article\",\"@id\":\"https:\/\/now-news.de\/de\/deutschland\/neuer-hoechststand-auslaenderanteil-in-oesterreich-steigt-auf-197-prozent\/#article\",\"isPartOf\":{\"@id\":\"https:\/\/now-news.de\/de\/deutschland\/neuer-hoechststand-auslaenderanteil-in-oesterreich-steigt-auf-197-prozent\/\"},\"author\":{\"name\":\"rtnews\",\"@id\":\"https:\/\/now-news.de\/de\/#\/schema\/person\/fb534a4e865501d8b3285208df34a9b5\"},\"headline\":\"Neuer H\u00f6chststand: Ausl\u00e4nderanteil in \u00d6sterreich steigt auf 19,7 Prozent\",\"datePublished\":\"2024-02-20T09:25:37+00:00\",\"dateModified\":\"2024-02-20T09:25:37+00:00\",\"mainEntityOfPage\":{\"@id\":\"https:\/\/now-news.de\/de\/deutschland\/neuer-hoechststand-auslaenderanteil-in-oesterreich-steigt-auf-197-prozent\/\"},\"wordCount\":545,\"commentCount\":0,\"publisher\":{\"@id\":\"https:\/\/now-news.de\/de\/#organization\"},\"image\":{\"@id\":\"https:\/\/now-news.de\/de\/deutschland\/neuer-hoechststand-auslaenderanteil-in-oesterreich-steigt-auf-197-prozent\/#primaryimage\"},\"thumbnailUrl\":\"https:\/\/now-news.de\/de\/wp-content\/uploads\/sites\/3\/2024\/02\/Neuer-Hoechststand-Auslaenderanteil-in-Oesterreich-steigt-auf-197-Prozent.png\",\"keywords\":[\"AUF\",\"Ausl\u00e4nderanteil\",\"H\u00f6chststand\",\"Neuer\",\"\u00d6sterreich\",\"Prozent\",\"steigt\"],\"articleSection\":[\"Deutschland\",\"Russland\"],\"inLanguage\":\"de\",\"potentialAction\":[{\"@type\":\"CommentAction\",\"name\":\"Comment\",\"target\":[\"https:\/\/now-news.de\/de\/deutschland\/neuer-hoechststand-auslaenderanteil-in-oesterreich-steigt-auf-197-prozent\/#respond\"]}]},{\"@type\":\"WebPage\",\"@id\":\"https:\/\/now-news.de\/de\/deutschland\/neuer-hoechststand-auslaenderanteil-in-oesterreich-steigt-auf-197-prozent\/\",\"url\":\"https:\/\/now-news.de\/de\/deutschland\/neuer-hoechststand-auslaenderanteil-in-oesterreich-steigt-auf-197-prozent\/\",\"name\":\"Neuer H\u00f6chststand: Ausl\u00e4nderanteil in \u00d6sterreich steigt auf 19,7 Prozent - just-now.NEWS Deutschland\",\"isPartOf\":{\"@id\":\"https:\/\/now-news.de\/de\/#website\"},\"primaryImageOfPage\":{\"@id\":\"https:\/\/now-news.de\/de\/deutschland\/neuer-hoechststand-auslaenderanteil-in-oesterreich-steigt-auf-197-prozent\/#primaryimage\"},\"image\":{\"@id\":\"https:\/\/now-news.de\/de\/deutschland\/neuer-hoechststand-auslaenderanteil-in-oesterreich-steigt-auf-197-prozent\/#primaryimage\"},\"thumbnailUrl\":\"https:\/\/now-news.de\/de\/wp-content\/uploads\/sites\/3\/2024\/02\/Neuer-Hoechststand-Auslaenderanteil-in-Oesterreich-steigt-auf-197-Prozent.png\",\"datePublished\":\"2024-02-20T09:25:37+00:00\",\"dateModified\":\"2024-02-20T09:25:37+00:00\",\"breadcrumb\":{\"@id\":\"https:\/\/now-news.de\/de\/deutschland\/neuer-hoechststand-auslaenderanteil-in-oesterreich-steigt-auf-197-prozent\/#breadcrumb\"},\"inLanguage\":\"de\",\"potentialAction\":[{\"@type\":\"ReadAction\",\"target\":[\"https:\/\/now-news.de\/de\/deutschland\/neuer-hoechststand-auslaenderanteil-in-oesterreich-steigt-auf-197-prozent\/\"]}]},{\"@type\":\"ImageObject\",\"inLanguage\":\"de\",\"@id\":\"https:\/\/now-news.de\/de\/deutschland\/neuer-hoechststand-auslaenderanteil-in-oesterreich-steigt-auf-197-prozent\/#primaryimage\",\"url\":\"https:\/\/now-news.de\/de\/wp-content\/uploads\/sites\/3\/2024\/02\/Neuer-Hoechststand-Auslaenderanteil-in-Oesterreich-steigt-auf-197-Prozent.png\",\"contentUrl\":\"https:\/\/now-news.de\/de\/wp-content\/uploads\/sites\/3\/2024\/02\/Neuer-Hoechststand-Auslaenderanteil-in-Oesterreich-steigt-auf-197-Prozent.png\",\"width\":1411,\"height\":891,\"caption\":\"Neuer H\u00f6chststand: Ausl\u00e4nderanteil in \u00d6sterreich steigt auf 19,7 Prozent\"},{\"@type\":\"BreadcrumbList\",\"@id\":\"https:\/\/now-news.de\/de\/deutschland\/neuer-hoechststand-auslaenderanteil-in-oesterreich-steigt-auf-197-prozent\/#breadcrumb\",\"itemListElement\":[{\"@type\":\"ListItem\",\"position\":1,\"name\":\"Home\",\"item\":\"https:\/\/now-news.de\/de\/\"},{\"@type\":\"ListItem\",\"position\":2,\"name\":\"Neuer H\u00f6chststand: Ausl\u00e4nderanteil in \u00d6sterreich steigt auf 19,7 Prozent\"}]},{\"@type\":\"WebSite\",\"@id\":\"https:\/\/now-news.de\/de\/#website\",\"url\":\"https:\/\/now-news.de\/de\/\",\"name\":\"just-now.NEWS Deutschland\",\"description\":\"Das Portal f\u00fcr unzensierte Nachrichten aus der Welt\",\"publisher\":{\"@id\":\"https:\/\/now-news.de\/de\/#organization\"},\"potentialAction\":[{\"@type\":\"SearchAction\",\"target\":{\"@type\":\"EntryPoint\",\"urlTemplate\":\"https:\/\/now-news.de\/de\/?s={search_term_string}\"},\"query-input\":\"required name=search_term_string\"}],\"inLanguage\":\"de\"},{\"@type\":\"Organization\",\"@id\":\"https:\/\/now-news.de\/de\/#organization\",\"name\":\"Just Now News\",\"url\":\"https:\/\/now-news.de\/de\/\",\"logo\":{\"@type\":\"ImageObject\",\"inLanguage\":\"de\",\"@id\":\"https:\/\/now-news.de\/de\/#\/schema\/logo\/image\/\",\"url\":\"http:\/\/just-now.news\/de\/wp-content\/uploads\/sites\/3\/2022\/04\/logo500x500.jpg\",\"contentUrl\":\"http:\/\/just-now.news\/de\/wp-content\/uploads\/sites\/3\/2022\/04\/logo500x500.jpg\",\"width\":500,\"height\":500,\"caption\":\"Just Now News\"},\"image\":{\"@id\":\"https:\/\/now-news.de\/de\/#\/schema\/logo\/image\/\"},\"sameAs\":[\"https:\/\/www.facebook.com\/wirmachenauf\",\"https:\/\/x.com\/WirMachenAuf_de\"]},{\"@type\":\"Person\",\"@id\":\"https:\/\/now-news.de\/de\/#\/schema\/person\/fb534a4e865501d8b3285208df34a9b5\",\"name\":\"rtnews\",\"image\":{\"@type\":\"ImageObject\",\"inLanguage\":\"de\",\"@id\":\"https:\/\/now-news.de\/de\/#\/schema\/person\/image\/\",\"url\":\"https:\/\/secure.gravatar.com\/avatar\/82aafea7d8127119dd649515f56e2117?s=96&d=mm&r=g\",\"contentUrl\":\"https:\/\/secure.gravatar.com\/avatar\/82aafea7d8127119dd649515f56e2117?s=96&d=mm&r=g\",\"caption\":\"rtnews\"},\"url\":\"https:\/\/now-news.de\/de\/author\/rnews\/\"}]}<\/script>\n<!-- \/ Yoast SEO Premium plugin. -->","yoast_head_json":{"title":"Neuer H\u00f6chststand: Ausl\u00e4nderanteil in \u00d6sterreich steigt auf 19,7 Prozent - just-now.NEWS Deutschland","robots":{"index":"index","follow":"follow","max-snippet":"max-snippet:-1","max-image-preview":"max-image-preview:large","max-video-preview":"max-video-preview:-1"},"canonical":"https:\/\/now-news.de\/de\/deutschland\/neuer-hoechststand-auslaenderanteil-in-oesterreich-steigt-auf-197-prozent\/","og_locale":"de_DE","og_type":"article","og_title":"Neuer H\u00f6chststand: Ausl\u00e4nderanteil in \u00d6sterreich steigt auf 19,7 Prozent","og_description":"Bald ist jeder Zweite ein Ausl\u00e4nder: \u00d6sterreichs Ausl\u00e4nderanteil erreicht mit 19,7 Prozent einen neuen H\u00f6chststand. Ukrainer in \u00d6sterreich sind wenig aktiv bei der Jobsuche \u2013 Hochqualifizierte Gefl\u00fcchtete zeigen geringeres Interesse an der Arbeitsmarktintegration. Zu Beginn des Jahres 2024 betrug der Anteil der Ausl\u00e4nder an der Gesamtbev\u00f6lkerung in \u00d6sterreich 19,7 Prozent, was etwa 1,8 Millionen Menschen [&hellip;]","og_url":"https:\/\/now-news.de\/de\/deutschland\/neuer-hoechststand-auslaenderanteil-in-oesterreich-steigt-auf-197-prozent\/","og_site_name":"just-now.NEWS Deutschland","article_publisher":"https:\/\/www.facebook.com\/wirmachenauf","article_published_time":"2024-02-20T09:25:37+00:00","og_image":[{"width":1411,"height":891,"url":"https:\/\/now-news.de\/de\/wp-content\/uploads\/sites\/3\/2024\/02\/Neuer-Hoechststand-Auslaenderanteil-in-Oesterreich-steigt-auf-197-Prozent.png","type":"image\/png"}],"author":"rtnews","twitter_card":"summary_large_image","twitter_creator":"@WirMachenAuf_de","twitter_site":"@WirMachenAuf_de","twitter_misc":{"Verfasst von":"rtnews","Gesch\u00e4tzte Lesezeit":"3\u00a0Minuten"},"schema":{"@context":"https:\/\/schema.org","@graph":[{"@type":"Article","@id":"https:\/\/now-news.de\/de\/deutschland\/neuer-hoechststand-auslaenderanteil-in-oesterreich-steigt-auf-197-prozent\/#article","isPartOf":{"@id":"https:\/\/now-news.de\/de\/deutschland\/neuer-hoechststand-auslaenderanteil-in-oesterreich-steigt-auf-197-prozent\/"},"author":{"name":"rtnews","@id":"https:\/\/now-news.de\/de\/#\/schema\/person\/fb534a4e865501d8b3285208df34a9b5"},"headline":"Neuer H\u00f6chststand: Ausl\u00e4nderanteil in \u00d6sterreich steigt auf 19,7 Prozent","datePublished":"2024-02-20T09:25:37+00:00","dateModified":"2024-02-20T09:25:37+00:00","mainEntityOfPage":{"@id":"https:\/\/now-news.de\/de\/deutschland\/neuer-hoechststand-auslaenderanteil-in-oesterreich-steigt-auf-197-prozent\/"},"wordCount":545,"commentCount":0,"publisher":{"@id":"https:\/\/now-news.de\/de\/#organization"},"image":{"@id":"https:\/\/now-news.de\/de\/deutschland\/neuer-hoechststand-auslaenderanteil-in-oesterreich-steigt-auf-197-prozent\/#primaryimage"},"thumbnailUrl":"https:\/\/now-news.de\/de\/wp-content\/uploads\/sites\/3\/2024\/02\/Neuer-Hoechststand-Auslaenderanteil-in-Oesterreich-steigt-auf-197-Prozent.png","keywords":["AUF","Ausl\u00e4nderanteil","H\u00f6chststand","Neuer","\u00d6sterreich","Prozent","steigt"],"articleSection":["Deutschland","Russland"],"inLanguage":"de","potentialAction":[{"@type":"CommentAction","name":"Comment","target":["https:\/\/now-news.de\/de\/deutschland\/neuer-hoechststand-auslaenderanteil-in-oesterreich-steigt-auf-197-prozent\/#respond"]}]},{"@type":"WebPage","@id":"https:\/\/now-news.de\/de\/deutschland\/neuer-hoechststand-auslaenderanteil-in-oesterreich-steigt-auf-197-prozent\/","url":"https:\/\/now-news.de\/de\/deutschland\/neuer-hoechststand-auslaenderanteil-in-oesterreich-steigt-auf-197-prozent\/","name":"Neuer H\u00f6chststand: Ausl\u00e4nderanteil in \u00d6sterreich steigt auf 19,7 Prozent - just-now.NEWS Deutschland","isPartOf":{"@id":"https:\/\/now-news.de\/de\/#website"},"primaryImageOfPage":{"@id":"https:\/\/now-news.de\/de\/deutschland\/neuer-hoechststand-auslaenderanteil-in-oesterreich-steigt-auf-197-prozent\/#primaryimage"},"image":{"@id":"https:\/\/now-news.de\/de\/deutschland\/neuer-hoechststand-auslaenderanteil-in-oesterreich-steigt-auf-197-prozent\/#primaryimage"},"thumbnailUrl":"https:\/\/now-news.de\/de\/wp-content\/uploads\/sites\/3\/2024\/02\/Neuer-Hoechststand-Auslaenderanteil-in-Oesterreich-steigt-auf-197-Prozent.png","datePublished":"2024-02-20T09:25:37+00:00","dateModified":"2024-02-20T09:25:37+00:00","breadcrumb":{"@id":"https:\/\/now-news.de\/de\/deutschland\/neuer-hoechststand-auslaenderanteil-in-oesterreich-steigt-auf-197-prozent\/#breadcrumb"},"inLanguage":"de","potentialAction":[{"@type":"ReadAction","target":["https:\/\/now-news.de\/de\/deutschland\/neuer-hoechststand-auslaenderanteil-in-oesterreich-steigt-auf-197-prozent\/"]}]},{"@type":"ImageObject","inLanguage":"de","@id":"https:\/\/now-news.de\/de\/deutschland\/neuer-hoechststand-auslaenderanteil-in-oesterreich-steigt-auf-197-prozent\/#primaryimage","url":"https:\/\/now-news.de\/de\/wp-content\/uploads\/sites\/3\/2024\/02\/Neuer-Hoechststand-Auslaenderanteil-in-Oesterreich-steigt-auf-197-Prozent.png","contentUrl":"https:\/\/now-news.de\/de\/wp-content\/uploads\/sites\/3\/2024\/02\/Neuer-Hoechststand-Auslaenderanteil-in-Oesterreich-steigt-auf-197-Prozent.png","width":1411,"height":891,"caption":"Neuer H\u00f6chststand: Ausl\u00e4nderanteil in \u00d6sterreich steigt auf 19,7 Prozent"},{"@type":"BreadcrumbList","@id":"https:\/\/now-news.de\/de\/deutschland\/neuer-hoechststand-auslaenderanteil-in-oesterreich-steigt-auf-197-prozent\/#breadcrumb","itemListElement":[{"@type":"ListItem","position":1,"name":"Home","item":"https:\/\/now-news.de\/de\/"},{"@type":"ListItem","position":2,"name":"Neuer H\u00f6chststand: Ausl\u00e4nderanteil in \u00d6sterreich steigt auf 19,7 Prozent"}]},{"@type":"WebSite","@id":"https:\/\/now-news.de\/de\/#website","url":"https:\/\/now-news.de\/de\/","name":"just-now.NEWS Deutschland","description":"Das Portal f\u00fcr unzensierte Nachrichten aus der Welt","publisher":{"@id":"https:\/\/now-news.de\/de\/#organization"},"potentialAction":[{"@type":"SearchAction","target":{"@type":"EntryPoint","urlTemplate":"https:\/\/now-news.de\/de\/?s={search_term_string}"},"query-input":"required name=search_term_string"}],"inLanguage":"de"},{"@type":"Organization","@id":"https:\/\/now-news.de\/de\/#organization","name":"Just Now News","url":"https:\/\/now-news.de\/de\/","logo":{"@type":"ImageObject","inLanguage":"de","@id":"https:\/\/now-news.de\/de\/#\/schema\/logo\/image\/","url":"http:\/\/just-now.news\/de\/wp-content\/uploads\/sites\/3\/2022\/04\/logo500x500.jpg","contentUrl":"http:\/\/just-now.news\/de\/wp-content\/uploads\/sites\/3\/2022\/04\/logo500x500.jpg","width":500,"height":500,"caption":"Just Now News"},"image":{"@id":"https:\/\/now-news.de\/de\/#\/schema\/logo\/image\/"},"sameAs":["https:\/\/www.facebook.com\/wirmachenauf","https:\/\/x.com\/WirMachenAuf_de"]},{"@type":"Person","@id":"https:\/\/now-news.de\/de\/#\/schema\/person\/fb534a4e865501d8b3285208df34a9b5","name":"rtnews","image":{"@type":"ImageObject","inLanguage":"de","@id":"https:\/\/now-news.de\/de\/#\/schema\/person\/image\/","url":"https:\/\/secure.gravatar.com\/avatar\/82aafea7d8127119dd649515f56e2117?s=96&d=mm&r=g","contentUrl":"https:\/\/secure.gravatar.com\/avatar\/82aafea7d8127119dd649515f56e2117?s=96&d=mm&r=g","caption":"rtnews"},"url":"https:\/\/now-news.de\/de\/author\/rnews\/"}]}},"_links":{"self":[{"href":"https:\/\/now-news.de\/de\/wp-json\/wp\/v2\/posts\/55644"}],"collection":[{"href":"https:\/\/now-news.de\/de\/wp-json\/wp\/v2\/posts"}],"about":[{"href":"https:\/\/now-news.de\/de\/wp-json\/wp\/v2\/types\/post"}],"author":[{"embeddable":true,"href":"https:\/\/now-news.de\/de\/wp-json\/wp\/v2\/users\/3"}],"replies":[{"embeddable":true,"href":"https:\/\/now-news.de\/de\/wp-json\/wp\/v2\/comments?post=55644"}],"version-history":[{"count":0,"href":"https:\/\/now-news.de\/de\/wp-json\/wp\/v2\/posts\/55644\/revisions"}],"wp:featuredmedia":[{"embeddable":true,"href":"https:\/\/now-news.de\/de\/wp-json\/wp\/v2\/media\/55645"}],"wp:attachment":[{"href":"https:\/\/now-news.de\/de\/wp-json\/wp\/v2\/media?parent=55644"}],"wp:term":[{"taxonomy":"category","embeddable":true,"href":"https:\/\/now-news.de\/de\/wp-json\/wp\/v2\/categories?post=55644"},{"taxonomy":"post_tag","embeddable":true,"href":"https:\/\/now-news.de\/de\/wp-json\/wp\/v2\/tags?post=55644"}],"curies":[{"name":"wp","href":"https:\/\/api.w.org\/{rel}","templated":true}]}}