{"id":55560,"date":"2024-02-18T22:00:08","date_gmt":"2024-02-18T20:00:08","guid":{"rendered":"https:\/\/just-now.news\/de\/deutschland\/centuria-magdeburg-ministerium-weiss-nichts-ueber-umtriebe-ukrainischer-neonazis-in-deutschland\/"},"modified":"2024-02-18T22:00:08","modified_gmt":"2024-02-18T20:00:08","slug":"centuria-magdeburg-ministerium-weiss-nichts-ueber-umtriebe-ukrainischer-neonazis-in-deutschland","status":"publish","type":"post","link":"https:\/\/now-news.de\/de\/deutschland\/centuria-magdeburg-ministerium-weiss-nichts-ueber-umtriebe-ukrainischer-neonazis-in-deutschland\/","title":{"rendered":"&quot;Centuria Magdeburg&quot;: Ministerium wei\u00df nichts \u00fcber Umtriebe ukrainischer Neonazis in Deutschland"},"content":{"rendered":"<p><img decoding=\"async\" src=\"http:\/\/just-now.news\/de\/wp-content\/uploads\/sites\/3\/2024\/02\/65cfe204b480cc3d2e7bf665.jpg\" \/><\/p>\n<div class=\"Text-root Text-type_1 \">\n                Die &#8220;Asow&#8221;-nahe ukrainische Neonaziorganisation &#8220;Centuria&#8221; hat einen Ableger in Magdeburg. Seit einem halben Jahr meldet die Vereinigung Demonstrationen an, rekrutiert Mitglieder, verbreitet rassistische Hetze und sammelt Spenden. Doch Sachsen-Anhalts Innenministerium hat &#8220;keine Erkenntnisse&#8221;.\n            <\/div>\n<p><\/p>\n<div class=\"Text-root Text-type_5 ArticleView-text ViewText-root \">\n<p><em>Von Susan Bonath<\/em><\/p>\n<p>Nazis in der Ukraine? Sp\u00e4testens seit dem Kriegsbeginn vor zwei Jahren tun deutsche Medien und Politiker dies meist als russische Propaganda ab. Dabei galt Kiew schon Jahre zuvor als braune Hochburg: Neonazis aus aller Welt pilgerten in die ukrainische Hauptstadt, um Hitlerportr\u00e4ts und Hakenkreuzfahnen zu schwenken. Seit Kriegsbeginn ist es umgekehrt: Ukrainische Neonazis, die offenbar als Fl\u00fcchtlinge in Deutschland leben, breiten ihre Strukturen unter den Augen der Beh\u00f6rden in Deutschland aus \u2013 und niemand schreitet ein.<\/p>\n<p><strong>&#8220;Keine Erkenntnisse&#8221;<\/strong><\/p>\n<p>Die im Jahr 2020 als Ableger der neofaschistischen &#8220;Asow&#8221;-Bewegung in Kiew gegr\u00fcndete militante Hundertschaft &#8220;Centuria&#8221; rekrutiert seit mindestens einem halben Jahr Anh\u00e4nger in Deutschland. Ihr Ableger &#8220;Centuria Magdeburg&#8221; verbreitet seine Ideologie in den sozialen Medien und auf der Stra\u00dfe, sammelt Spenden und rekrutiert neue Mitglieder. Das Innenministerium Sachsen-Anhalt m\u00fcsste derartige rechtsextremistische Umtriebe l\u00e4ngst auf dem Schirm haben. Hat es aber nicht, wie ein Sprecher der Autorin mitteilte. Auf Nachfrage erkl\u00e4rte dieser am Freitag:<\/p>\n<blockquote>\n<p><em>&#8220;Der Landespolizei Sachsen-Anhalt liegen keine Erkenntnisse zur angefragten Organisation in Bezug auf Sachsen-Anhalt vor.&#8221;<\/em><\/p>\n<\/blockquote>\n<p>Ob Sachsen-Anhalts Verfassungsschutz Informationen zu dieser Gruppe habe, wisse man beim Innenministerium aber nicht. Dieser teile seine Beobachtungen ohnehin nicht der \u00d6ffentlichkeit mit. Das stimmt zwar, sonst w\u00e4re es kein Geheimdienst. Merkw\u00fcrdig ist es dennoch, dass eine \u00f6ffentlich agierende Gruppe, die noch dazu mit anderen ukrainischen Organisationen in Deutschland vernetzt sein will, der Oberbeh\u00f6rde \u00fcber die Landespolizei bisher nicht aufgefallen sei. Stellt sich das Ministerium in einer Art Staatsr\u00e4son blind?<\/p>\n<p><strong>Umtriebig und gut vernetzt<\/strong><\/p>\n<p>\u00dcber die Umtriebe von &#8220;Centuria Magdeburg&#8221; hatte zuerst die Berliner Tageszeitung <em>junge Welt<\/em>\u00a0<a rel=\"nofollow noopener\" target=\"_blank\" href=\"https:\/\/www.jungewelt.de\/artikel\/469335.nazi-organisationen-h%C3%B6llensturm-f%C3%BCr-den-feind.html\">berichtet<\/a>. Der <a rel=\"nofollow noopener\" target=\"_blank\" href=\"https:\/\/t.me\/centuria_magdeburg\">Telegram-Kanal<\/a> der Gruppe ist seit Ende August 2023 aktiv.<strong><\/strong>Am 24. August, dem 32. Unabh\u00e4ngigkeitstag der Ukraine, hatte sie zusammen mit dem seit 2009 bestehenden <a rel=\"nofollow noopener\" target=\"_blank\" href=\"https:\/\/www.ukraine-sachsen-anhalt.de\/de\/home\/\">Verein<\/a> &#8220;Deutsch-Ukrainische Vereinigung Sachsen-Anhalt&#8221; eine Kundgebung in der Magdeburger Innenstadt organisiert, zu welcher angeblich &#8220;mehrere Tausend Teilnehmer&#8221; gekommen waren.<\/p>\n<p>Zuletzt organisierte &#8220;Centuria Magdeburg&#8221; demnach in Berlin eine Demonstration zum &#8220;Gedenken an die Verteidiger von Asowstal&#8221;. Gemeint ist das neonazistische Asow-Regiment, das sich \u00fcber Jahre im Stahlwerk von Mariupol verschanzt und immer wieder die zumeist russischsprachige Bev\u00f6lkerung im Donbass angegriffen hatte, bevor dem die russische Armee im Fr\u00fchling 2022 ein Ende bereitete.<\/p>\n<p>Au\u00dferdem protzt die Gruppe mit Kontakten zu faschistischen Gruppen im Ausland, etwa in Wei\u00dfrussland. Auf Fotos und Videos posieren die Magdeburger Centuria-Mitglieder mit Fahnen des Bandera-Fl\u00fcgels der faschistischen Organisation OUN. Diese kollaborierte im Zweiten Weltkrieg mit der SS und ermordete in deren Auftrag Zehntausende Juden, Polen und andere Minderheiten. Auch andere rechtsextreme Symbole, die teilweise an die NS-Zeit erinnern, sind zu sehen. In der Ukraine terrorisiert Centuria russischsprachige Ukrainer, Linke, Roma und andere Minderheiten.<\/p>\n<p><strong>Spenden f\u00fcr den &#8220;Sturm&#8221;<\/strong><\/p>\n<p>Nach eigener Darstellung sammelt der Magdeburger Ableger derzeit in Deutschland Spenden f\u00fcr den Kampfverband seiner ukrainischen Mutterorganisation. Der ist seit 2022 in die &#8220;Dritte Asow-Sturmbrigade&#8221; der ukrainischen Armee integriert, Kommandant ist der bekannte Neonazi-F\u00fchrer Andrei Bilezki.<\/p>\n<p>&#8220;Centuria Magdeburg&#8221; will inzwischen \u00fcber Mitglieder in sechs deutschen St\u00e4dten verf\u00fcgen. Sie sei mit ukrainischen Organisationen in ganz Deutschland vernetzt. Aber auch deutsche Neonazis stehen ihr nahe. So lobte die vom Verfassungsschutz beobachtete <a rel=\"nofollow noopener\" target=\"_blank\" href=\"https:\/\/der-dritte-weg.info\/2020\/08\/centuria-neue-nationale-organisationsstruktur-in-der-ukraine-gegruendet-video\/\">Kleinpartei<\/a> &#8220;Der III. Weg&#8221; bereits 2020 die Gr\u00fcndung von Centuria in Kiew<strong><\/strong>und verfasste au\u00dferdem mehrere Beitr\u00e4ge \u00fcber sie.<\/p>\n<p>Um Geld und neue Mitglieder wirbt &#8220;Centuria Magdeburg&#8221; nicht nur auf ihren Kundgebungen. Sie bem\u00fcht auch die Wanderlust, l\u00e4dt gemeinsam mit dem nationalistischen Pfadfinderbund &#8220;Plast&#8221; zu Ausfl\u00fcgen in den Harz ein. Man wolle, so erkl\u00e4ren die Protagonisten ihr Ziel in ihrem \u00f6ffentlichen Telegram-Kanal, &#8220;ukrainische Gruppen in Deutschland vereinen&#8221; und sich &#8220;immer aktiver in das \u00f6ffentliche Leben einbringen&#8221;. Und weiter:<\/p>\n<blockquote>\n<p><em>&#8220;Die Feinde der Ukraine sollen sehen, dass wir vereint sind und unsere Auswanderer nicht bereit sind, f\u00fcr ein paar hundert Euro ihre nationale Identit\u00e4t zu vergessen. Wir erschaffen eine neue Generation von Helden!&#8221;<\/em><\/p>\n<\/blockquote>\n<p>Die Gruppe verbreitet nicht nur antirussische und proukrainische Propaganda. Zu ihren &#8220;Feinden&#8221; hat sie neben Russen alle m\u00f6glichen Minderheiten erkl\u00e4rt, die bei Faschisten verhasst sind: Linke, Araber, Afrikaner, Pal\u00e4stinenser, Muslime, Migranten (au\u00dfer ukrainische) und Homosexuelle.<\/p>\n<p>Neuerdings rekrutiert &#8220;Centuria Magdeburg&#8221; neben ukrainischen Kriegsfl\u00fcchtlingen auch explizit deutsch- und englischsprachige Anh\u00e4nger und versendet ihre Inhalte auch in diesen Sprachen. Die militante Neonazigruppe sieht offenbar enormes Wachstumspotenzial in Deutschland, und man muss zumindest annehmen, dass \u00e4hnlich wie bei der ukrainischen Mutterorganisation auch Waffen im Spiel sein k\u00f6nnten.<\/p>\n<p><strong>Geheuchelter &#8220;Kampf gegen rechts&#8221;<\/strong><\/p>\n<p>Es ist nicht glaubhaft, dass Sachsen-Anhalts Innenministerium \u00fcber kein Wissen zu Neonazi-Symbolen verf\u00fcgt und nicht mit sozialen Netzwerken, in denen die Gruppe aktiv ist, umgehen kann. Die einzig m\u00f6gliche Erkl\u00e4rung f\u00fcr die fehlenden Erkenntnisse lautet: Man will es nicht wissen \u2013 trotz aller ersichtlicher Gefahren.<\/p>\n<p>Dies verdeutlicht die Verlogenheit der Politik hinsichtlich ihres angeblichen Kampfes &#8220;gegen rechts&#8221;. Die Regierenden haben diese politische Kategorie ihres Inhalts entleert und zu einer moralistischen Plattit\u00fcde umgedeutet. &#8220;Rechts&#8221; ist f\u00fcr sie lediglich, wer eine andere Meinung als die der Herrschenden verbreitet. Ukrainische Faschisten und ihre Netzwerkereien in Deutschland passen offensichtlich bestens in ihr Verst\u00e4ndnis von einer &#8220;demokratischen Grundordnung&#8221; \u2013 kein gutes Zeichen.<\/p>\n<p><strong>Mehr zum Thema<\/strong> &#8211; <a rel=\"nofollow noopener\" target=\"_blank\" href=\"https:\/\/freeassange.rtde.life\/meinung\/160378-warum-das-regime-in-der-ukraine-nazistisch-ist\/\">Warum wir das aktuelle Regime in der Ukraine als nazistisch bezeichnen<\/a><\/p>\n<\/p>\n<\/div>\n<p><br \/>\n<br \/><a href=\"https:\/\/de.rt.com\/inland\/196442-centuria-magdeburg-ministerium-weiss-nichts\/\">Source link <\/a><\/p>\n","protected":false},"excerpt":{"rendered":"<p>Die &#8220;Asow&#8221;-nahe ukrainische Neonaziorganisation &#8220;Centuria&#8221; hat einen Ableger in Magdeburg. Seit einem halben Jahr meldet die Vereinigung Demonstrationen an, rekrutiert Mitglieder, verbreitet rassistische Hetze und sammelt Spenden. Doch Sachsen-Anhalts Innenministerium hat &#8220;keine Erkenntnisse&#8221;. Von Susan Bonath Nazis in der Ukraine? Sp\u00e4testens seit dem Kriegsbeginn vor zwei Jahren tun deutsche Medien und Politiker dies meist als [&hellip;]<\/p>\n","protected":false},"author":3,"featured_media":55561,"comment_status":"open","ping_status":"open","sticky":false,"template":"","format":"standard","meta":{"_yoast_indexnow_last_ping":["1708286532"],"wp_automatic_camp":["217"],"38b9c594d5c5f422790dd8714a930b85":["&quot;Centuria Magdeburg&quot;: Ministerium wei\u00df nichts \u00fcber Umtriebe ukrainischer Neonazis in Deutschland"],"original_link":["https:\/\/de.rt.com\/inland\/196442-centuria-magdeburg-ministerium-weiss-nichts\/"],"_thumbnail_id":["55561"],"jnews_social_counter_last_update":["1777735918"],"_wptgpro_p2tg_sent2tg":["a:1:{i:23737;s:19:\"2024-02-18 22:03:27\";}"],"_cmplz_scanned_post":["1"]},"categories":[19,23],"tags":[179,53647,17077,10706,3095,53646,139,488,53648,20543],"yoast_head":"<!-- This site is optimized with the Yoast SEO Premium plugin v22.7 (Yoast SEO v22.7) - https:\/\/yoast.com\/wordpress\/plugins\/seo\/ -->\n<title>&quot;Centuria Magdeburg&quot;: Ministerium wei\u00df nichts \u00fcber Umtriebe ukrainischer Neonazis in Deutschland - just-now.NEWS Deutschland<\/title>\n<meta name=\"robots\" content=\"index, follow, max-snippet:-1, max-image-preview:large, max-video-preview:-1\" \/>\n<link rel=\"canonical\" href=\"https:\/\/now-news.de\/de\/deutschland\/centuria-magdeburg-ministerium-weiss-nichts-ueber-umtriebe-ukrainischer-neonazis-in-deutschland\/\" \/>\n<meta property=\"og:locale\" content=\"de_DE\" \/>\n<meta property=\"og:type\" content=\"article\" \/>\n<meta property=\"og:title\" content=\"&quot;Centuria Magdeburg&quot;: Ministerium wei\u00df nichts \u00fcber Umtriebe ukrainischer Neonazis in Deutschland\" \/>\n<meta property=\"og:description\" content=\"Die &#8220;Asow&#8221;-nahe ukrainische Neonaziorganisation &#8220;Centuria&#8221; hat einen Ableger in Magdeburg. Seit einem halben Jahr meldet die Vereinigung Demonstrationen an, rekrutiert Mitglieder, verbreitet rassistische Hetze und sammelt Spenden. Doch Sachsen-Anhalts Innenministerium hat &#8220;keine Erkenntnisse&#8221;. Von Susan Bonath Nazis in der Ukraine? Sp\u00e4testens seit dem Kriegsbeginn vor zwei Jahren tun deutsche Medien und Politiker dies meist als [&hellip;]\" \/>\n<meta property=\"og:url\" content=\"https:\/\/now-news.de\/de\/deutschland\/centuria-magdeburg-ministerium-weiss-nichts-ueber-umtriebe-ukrainischer-neonazis-in-deutschland\/\" \/>\n<meta property=\"og:site_name\" content=\"just-now.NEWS Deutschland\" \/>\n<meta property=\"article:publisher\" content=\"https:\/\/www.facebook.com\/wirmachenauf\" \/>\n<meta property=\"article:published_time\" content=\"2024-02-18T20:00:08+00:00\" \/>\n<meta property=\"og:image\" content=\"https:\/\/now-news.de\/de\/wp-content\/uploads\/sites\/3\/2024\/02\/quotCenturia-Magdeburgquot-Ministerium-weiss-nichts-ueber-Umtriebe-ukrainischer-Neonazis-in.jpg\" \/>\n\t<meta property=\"og:image:width\" content=\"460\" \/>\n\t<meta property=\"og:image:height\" content=\"259\" \/>\n\t<meta property=\"og:image:type\" content=\"image\/jpeg\" \/>\n<meta name=\"author\" content=\"rtnews\" \/>\n<meta name=\"twitter:card\" content=\"summary_large_image\" \/>\n<meta name=\"twitter:creator\" content=\"@WirMachenAuf_de\" \/>\n<meta name=\"twitter:site\" content=\"@WirMachenAuf_de\" \/>\n<meta name=\"twitter:label1\" content=\"Verfasst von\" \/>\n\t<meta name=\"twitter:data1\" content=\"rtnews\" \/>\n\t<meta name=\"twitter:label2\" content=\"Gesch\u00e4tzte Lesezeit\" \/>\n\t<meta name=\"twitter:data2\" content=\"4\u00a0Minuten\" \/>\n<script type=\"application\/ld+json\" class=\"yoast-schema-graph\">{\"@context\":\"https:\/\/schema.org\",\"@graph\":[{\"@type\":\"Article\",\"@id\":\"https:\/\/now-news.de\/de\/deutschland\/centuria-magdeburg-ministerium-weiss-nichts-ueber-umtriebe-ukrainischer-neonazis-in-deutschland\/#article\",\"isPartOf\":{\"@id\":\"https:\/\/now-news.de\/de\/deutschland\/centuria-magdeburg-ministerium-weiss-nichts-ueber-umtriebe-ukrainischer-neonazis-in-deutschland\/\"},\"author\":{\"name\":\"rtnews\",\"@id\":\"https:\/\/now-news.de\/de\/#\/schema\/person\/fb534a4e865501d8b3285208df34a9b5\"},\"headline\":\"&quot;Centuria Magdeburg&quot;: Ministerium wei\u00df nichts \u00fcber Umtriebe ukrainischer Neonazis in Deutschland\",\"datePublished\":\"2024-02-18T20:00:08+00:00\",\"dateModified\":\"2024-02-18T20:00:08+00:00\",\"mainEntityOfPage\":{\"@id\":\"https:\/\/now-news.de\/de\/deutschland\/centuria-magdeburg-ministerium-weiss-nichts-ueber-umtriebe-ukrainischer-neonazis-in-deutschland\/\"},\"wordCount\":908,\"commentCount\":0,\"publisher\":{\"@id\":\"https:\/\/now-news.de\/de\/#organization\"},\"image\":{\"@id\":\"https:\/\/now-news.de\/de\/deutschland\/centuria-magdeburg-ministerium-weiss-nichts-ueber-umtriebe-ukrainischer-neonazis-in-deutschland\/#primaryimage\"},\"thumbnailUrl\":\"https:\/\/now-news.de\/de\/wp-content\/uploads\/sites\/3\/2024\/02\/quotCenturia-Magdeburgquot-Ministerium-weiss-nichts-ueber-Umtriebe-ukrainischer-Neonazis-in.jpg\",\"keywords\":[\"Deutschland\",\"Magdeburgquot\",\"Ministerium\",\"Neonazis\",\"Nichts\",\"quotCenturia\",\"\u00fcber\",\"Ukrainischer\",\"Umtriebe\",\"wei\u00df\"],\"articleSection\":[\"Deutschland\",\"Russland\"],\"inLanguage\":\"de\",\"potentialAction\":[{\"@type\":\"CommentAction\",\"name\":\"Comment\",\"target\":[\"https:\/\/now-news.de\/de\/deutschland\/centuria-magdeburg-ministerium-weiss-nichts-ueber-umtriebe-ukrainischer-neonazis-in-deutschland\/#respond\"]}]},{\"@type\":\"WebPage\",\"@id\":\"https:\/\/now-news.de\/de\/deutschland\/centuria-magdeburg-ministerium-weiss-nichts-ueber-umtriebe-ukrainischer-neonazis-in-deutschland\/\",\"url\":\"https:\/\/now-news.de\/de\/deutschland\/centuria-magdeburg-ministerium-weiss-nichts-ueber-umtriebe-ukrainischer-neonazis-in-deutschland\/\",\"name\":\"&quot;Centuria Magdeburg&quot;: Ministerium wei\u00df nichts \u00fcber Umtriebe ukrainischer Neonazis in Deutschland - just-now.NEWS Deutschland\",\"isPartOf\":{\"@id\":\"https:\/\/now-news.de\/de\/#website\"},\"primaryImageOfPage\":{\"@id\":\"https:\/\/now-news.de\/de\/deutschland\/centuria-magdeburg-ministerium-weiss-nichts-ueber-umtriebe-ukrainischer-neonazis-in-deutschland\/#primaryimage\"},\"image\":{\"@id\":\"https:\/\/now-news.de\/de\/deutschland\/centuria-magdeburg-ministerium-weiss-nichts-ueber-umtriebe-ukrainischer-neonazis-in-deutschland\/#primaryimage\"},\"thumbnailUrl\":\"https:\/\/now-news.de\/de\/wp-content\/uploads\/sites\/3\/2024\/02\/quotCenturia-Magdeburgquot-Ministerium-weiss-nichts-ueber-Umtriebe-ukrainischer-Neonazis-in.jpg\",\"datePublished\":\"2024-02-18T20:00:08+00:00\",\"dateModified\":\"2024-02-18T20:00:08+00:00\",\"breadcrumb\":{\"@id\":\"https:\/\/now-news.de\/de\/deutschland\/centuria-magdeburg-ministerium-weiss-nichts-ueber-umtriebe-ukrainischer-neonazis-in-deutschland\/#breadcrumb\"},\"inLanguage\":\"de\",\"potentialAction\":[{\"@type\":\"ReadAction\",\"target\":[\"https:\/\/now-news.de\/de\/deutschland\/centuria-magdeburg-ministerium-weiss-nichts-ueber-umtriebe-ukrainischer-neonazis-in-deutschland\/\"]}]},{\"@type\":\"ImageObject\",\"inLanguage\":\"de\",\"@id\":\"https:\/\/now-news.de\/de\/deutschland\/centuria-magdeburg-ministerium-weiss-nichts-ueber-umtriebe-ukrainischer-neonazis-in-deutschland\/#primaryimage\",\"url\":\"https:\/\/now-news.de\/de\/wp-content\/uploads\/sites\/3\/2024\/02\/quotCenturia-Magdeburgquot-Ministerium-weiss-nichts-ueber-Umtriebe-ukrainischer-Neonazis-in.jpg\",\"contentUrl\":\"https:\/\/now-news.de\/de\/wp-content\/uploads\/sites\/3\/2024\/02\/quotCenturia-Magdeburgquot-Ministerium-weiss-nichts-ueber-Umtriebe-ukrainischer-Neonazis-in.jpg\",\"width\":460,\"height\":259,\"caption\":\"&quot;Centuria Magdeburg&quot;: Ministerium wei\u00df nichts \u00fcber Umtriebe ukrainischer Neonazis in Deutschland\"},{\"@type\":\"BreadcrumbList\",\"@id\":\"https:\/\/now-news.de\/de\/deutschland\/centuria-magdeburg-ministerium-weiss-nichts-ueber-umtriebe-ukrainischer-neonazis-in-deutschland\/#breadcrumb\",\"itemListElement\":[{\"@type\":\"ListItem\",\"position\":1,\"name\":\"Home\",\"item\":\"https:\/\/now-news.de\/de\/\"},{\"@type\":\"ListItem\",\"position\":2,\"name\":\"&quot;Centuria Magdeburg&quot;: Ministerium wei\u00df nichts \u00fcber Umtriebe ukrainischer Neonazis in Deutschland\"}]},{\"@type\":\"WebSite\",\"@id\":\"https:\/\/now-news.de\/de\/#website\",\"url\":\"https:\/\/now-news.de\/de\/\",\"name\":\"just-now.NEWS Deutschland\",\"description\":\"Das Portal f\u00fcr unzensierte Nachrichten aus der Welt\",\"publisher\":{\"@id\":\"https:\/\/now-news.de\/de\/#organization\"},\"potentialAction\":[{\"@type\":\"SearchAction\",\"target\":{\"@type\":\"EntryPoint\",\"urlTemplate\":\"https:\/\/now-news.de\/de\/?s={search_term_string}\"},\"query-input\":\"required name=search_term_string\"}],\"inLanguage\":\"de\"},{\"@type\":\"Organization\",\"@id\":\"https:\/\/now-news.de\/de\/#organization\",\"name\":\"Just Now News\",\"url\":\"https:\/\/now-news.de\/de\/\",\"logo\":{\"@type\":\"ImageObject\",\"inLanguage\":\"de\",\"@id\":\"https:\/\/now-news.de\/de\/#\/schema\/logo\/image\/\",\"url\":\"http:\/\/just-now.news\/de\/wp-content\/uploads\/sites\/3\/2022\/04\/logo500x500.jpg\",\"contentUrl\":\"http:\/\/just-now.news\/de\/wp-content\/uploads\/sites\/3\/2022\/04\/logo500x500.jpg\",\"width\":500,\"height\":500,\"caption\":\"Just Now News\"},\"image\":{\"@id\":\"https:\/\/now-news.de\/de\/#\/schema\/logo\/image\/\"},\"sameAs\":[\"https:\/\/www.facebook.com\/wirmachenauf\",\"https:\/\/x.com\/WirMachenAuf_de\"]},{\"@type\":\"Person\",\"@id\":\"https:\/\/now-news.de\/de\/#\/schema\/person\/fb534a4e865501d8b3285208df34a9b5\",\"name\":\"rtnews\",\"image\":{\"@type\":\"ImageObject\",\"inLanguage\":\"de\",\"@id\":\"https:\/\/now-news.de\/de\/#\/schema\/person\/image\/\",\"url\":\"https:\/\/secure.gravatar.com\/avatar\/82aafea7d8127119dd649515f56e2117?s=96&d=mm&r=g\",\"contentUrl\":\"https:\/\/secure.gravatar.com\/avatar\/82aafea7d8127119dd649515f56e2117?s=96&d=mm&r=g\",\"caption\":\"rtnews\"},\"url\":\"https:\/\/now-news.de\/de\/author\/rnews\/\"}]}<\/script>\n<!-- \/ Yoast SEO Premium plugin. -->","yoast_head_json":{"title":"&quot;Centuria Magdeburg&quot;: Ministerium wei\u00df nichts \u00fcber Umtriebe ukrainischer Neonazis in Deutschland - just-now.NEWS Deutschland","robots":{"index":"index","follow":"follow","max-snippet":"max-snippet:-1","max-image-preview":"max-image-preview:large","max-video-preview":"max-video-preview:-1"},"canonical":"https:\/\/now-news.de\/de\/deutschland\/centuria-magdeburg-ministerium-weiss-nichts-ueber-umtriebe-ukrainischer-neonazis-in-deutschland\/","og_locale":"de_DE","og_type":"article","og_title":"&quot;Centuria Magdeburg&quot;: Ministerium wei\u00df nichts \u00fcber Umtriebe ukrainischer Neonazis in Deutschland","og_description":"Die &#8220;Asow&#8221;-nahe ukrainische Neonaziorganisation &#8220;Centuria&#8221; hat einen Ableger in Magdeburg. Seit einem halben Jahr meldet die Vereinigung Demonstrationen an, rekrutiert Mitglieder, verbreitet rassistische Hetze und sammelt Spenden. Doch Sachsen-Anhalts Innenministerium hat &#8220;keine Erkenntnisse&#8221;. Von Susan Bonath Nazis in der Ukraine? Sp\u00e4testens seit dem Kriegsbeginn vor zwei Jahren tun deutsche Medien und Politiker dies meist als [&hellip;]","og_url":"https:\/\/now-news.de\/de\/deutschland\/centuria-magdeburg-ministerium-weiss-nichts-ueber-umtriebe-ukrainischer-neonazis-in-deutschland\/","og_site_name":"just-now.NEWS Deutschland","article_publisher":"https:\/\/www.facebook.com\/wirmachenauf","article_published_time":"2024-02-18T20:00:08+00:00","og_image":[{"width":460,"height":259,"url":"https:\/\/now-news.de\/de\/wp-content\/uploads\/sites\/3\/2024\/02\/quotCenturia-Magdeburgquot-Ministerium-weiss-nichts-ueber-Umtriebe-ukrainischer-Neonazis-in.jpg","type":"image\/jpeg"}],"author":"rtnews","twitter_card":"summary_large_image","twitter_creator":"@WirMachenAuf_de","twitter_site":"@WirMachenAuf_de","twitter_misc":{"Verfasst von":"rtnews","Gesch\u00e4tzte Lesezeit":"4\u00a0Minuten"},"schema":{"@context":"https:\/\/schema.org","@graph":[{"@type":"Article","@id":"https:\/\/now-news.de\/de\/deutschland\/centuria-magdeburg-ministerium-weiss-nichts-ueber-umtriebe-ukrainischer-neonazis-in-deutschland\/#article","isPartOf":{"@id":"https:\/\/now-news.de\/de\/deutschland\/centuria-magdeburg-ministerium-weiss-nichts-ueber-umtriebe-ukrainischer-neonazis-in-deutschland\/"},"author":{"name":"rtnews","@id":"https:\/\/now-news.de\/de\/#\/schema\/person\/fb534a4e865501d8b3285208df34a9b5"},"headline":"&quot;Centuria Magdeburg&quot;: Ministerium wei\u00df nichts \u00fcber Umtriebe ukrainischer Neonazis in Deutschland","datePublished":"2024-02-18T20:00:08+00:00","dateModified":"2024-02-18T20:00:08+00:00","mainEntityOfPage":{"@id":"https:\/\/now-news.de\/de\/deutschland\/centuria-magdeburg-ministerium-weiss-nichts-ueber-umtriebe-ukrainischer-neonazis-in-deutschland\/"},"wordCount":908,"commentCount":0,"publisher":{"@id":"https:\/\/now-news.de\/de\/#organization"},"image":{"@id":"https:\/\/now-news.de\/de\/deutschland\/centuria-magdeburg-ministerium-weiss-nichts-ueber-umtriebe-ukrainischer-neonazis-in-deutschland\/#primaryimage"},"thumbnailUrl":"https:\/\/now-news.de\/de\/wp-content\/uploads\/sites\/3\/2024\/02\/quotCenturia-Magdeburgquot-Ministerium-weiss-nichts-ueber-Umtriebe-ukrainischer-Neonazis-in.jpg","keywords":["Deutschland","Magdeburgquot","Ministerium","Neonazis","Nichts","quotCenturia","\u00fcber","Ukrainischer","Umtriebe","wei\u00df"],"articleSection":["Deutschland","Russland"],"inLanguage":"de","potentialAction":[{"@type":"CommentAction","name":"Comment","target":["https:\/\/now-news.de\/de\/deutschland\/centuria-magdeburg-ministerium-weiss-nichts-ueber-umtriebe-ukrainischer-neonazis-in-deutschland\/#respond"]}]},{"@type":"WebPage","@id":"https:\/\/now-news.de\/de\/deutschland\/centuria-magdeburg-ministerium-weiss-nichts-ueber-umtriebe-ukrainischer-neonazis-in-deutschland\/","url":"https:\/\/now-news.de\/de\/deutschland\/centuria-magdeburg-ministerium-weiss-nichts-ueber-umtriebe-ukrainischer-neonazis-in-deutschland\/","name":"&quot;Centuria Magdeburg&quot;: Ministerium wei\u00df nichts \u00fcber Umtriebe ukrainischer Neonazis in Deutschland - just-now.NEWS Deutschland","isPartOf":{"@id":"https:\/\/now-news.de\/de\/#website"},"primaryImageOfPage":{"@id":"https:\/\/now-news.de\/de\/deutschland\/centuria-magdeburg-ministerium-weiss-nichts-ueber-umtriebe-ukrainischer-neonazis-in-deutschland\/#primaryimage"},"image":{"@id":"https:\/\/now-news.de\/de\/deutschland\/centuria-magdeburg-ministerium-weiss-nichts-ueber-umtriebe-ukrainischer-neonazis-in-deutschland\/#primaryimage"},"thumbnailUrl":"https:\/\/now-news.de\/de\/wp-content\/uploads\/sites\/3\/2024\/02\/quotCenturia-Magdeburgquot-Ministerium-weiss-nichts-ueber-Umtriebe-ukrainischer-Neonazis-in.jpg","datePublished":"2024-02-18T20:00:08+00:00","dateModified":"2024-02-18T20:00:08+00:00","breadcrumb":{"@id":"https:\/\/now-news.de\/de\/deutschland\/centuria-magdeburg-ministerium-weiss-nichts-ueber-umtriebe-ukrainischer-neonazis-in-deutschland\/#breadcrumb"},"inLanguage":"de","potentialAction":[{"@type":"ReadAction","target":["https:\/\/now-news.de\/de\/deutschland\/centuria-magdeburg-ministerium-weiss-nichts-ueber-umtriebe-ukrainischer-neonazis-in-deutschland\/"]}]},{"@type":"ImageObject","inLanguage":"de","@id":"https:\/\/now-news.de\/de\/deutschland\/centuria-magdeburg-ministerium-weiss-nichts-ueber-umtriebe-ukrainischer-neonazis-in-deutschland\/#primaryimage","url":"https:\/\/now-news.de\/de\/wp-content\/uploads\/sites\/3\/2024\/02\/quotCenturia-Magdeburgquot-Ministerium-weiss-nichts-ueber-Umtriebe-ukrainischer-Neonazis-in.jpg","contentUrl":"https:\/\/now-news.de\/de\/wp-content\/uploads\/sites\/3\/2024\/02\/quotCenturia-Magdeburgquot-Ministerium-weiss-nichts-ueber-Umtriebe-ukrainischer-Neonazis-in.jpg","width":460,"height":259,"caption":"&quot;Centuria Magdeburg&quot;: Ministerium wei\u00df nichts \u00fcber Umtriebe ukrainischer Neonazis in Deutschland"},{"@type":"BreadcrumbList","@id":"https:\/\/now-news.de\/de\/deutschland\/centuria-magdeburg-ministerium-weiss-nichts-ueber-umtriebe-ukrainischer-neonazis-in-deutschland\/#breadcrumb","itemListElement":[{"@type":"ListItem","position":1,"name":"Home","item":"https:\/\/now-news.de\/de\/"},{"@type":"ListItem","position":2,"name":"&quot;Centuria Magdeburg&quot;: Ministerium wei\u00df nichts \u00fcber Umtriebe ukrainischer Neonazis in Deutschland"}]},{"@type":"WebSite","@id":"https:\/\/now-news.de\/de\/#website","url":"https:\/\/now-news.de\/de\/","name":"just-now.NEWS Deutschland","description":"Das Portal f\u00fcr unzensierte Nachrichten aus der Welt","publisher":{"@id":"https:\/\/now-news.de\/de\/#organization"},"potentialAction":[{"@type":"SearchAction","target":{"@type":"EntryPoint","urlTemplate":"https:\/\/now-news.de\/de\/?s={search_term_string}"},"query-input":"required name=search_term_string"}],"inLanguage":"de"},{"@type":"Organization","@id":"https:\/\/now-news.de\/de\/#organization","name":"Just Now News","url":"https:\/\/now-news.de\/de\/","logo":{"@type":"ImageObject","inLanguage":"de","@id":"https:\/\/now-news.de\/de\/#\/schema\/logo\/image\/","url":"http:\/\/just-now.news\/de\/wp-content\/uploads\/sites\/3\/2022\/04\/logo500x500.jpg","contentUrl":"http:\/\/just-now.news\/de\/wp-content\/uploads\/sites\/3\/2022\/04\/logo500x500.jpg","width":500,"height":500,"caption":"Just Now News"},"image":{"@id":"https:\/\/now-news.de\/de\/#\/schema\/logo\/image\/"},"sameAs":["https:\/\/www.facebook.com\/wirmachenauf","https:\/\/x.com\/WirMachenAuf_de"]},{"@type":"Person","@id":"https:\/\/now-news.de\/de\/#\/schema\/person\/fb534a4e865501d8b3285208df34a9b5","name":"rtnews","image":{"@type":"ImageObject","inLanguage":"de","@id":"https:\/\/now-news.de\/de\/#\/schema\/person\/image\/","url":"https:\/\/secure.gravatar.com\/avatar\/82aafea7d8127119dd649515f56e2117?s=96&d=mm&r=g","contentUrl":"https:\/\/secure.gravatar.com\/avatar\/82aafea7d8127119dd649515f56e2117?s=96&d=mm&r=g","caption":"rtnews"},"url":"https:\/\/now-news.de\/de\/author\/rnews\/"}]}},"_links":{"self":[{"href":"https:\/\/now-news.de\/de\/wp-json\/wp\/v2\/posts\/55560"}],"collection":[{"href":"https:\/\/now-news.de\/de\/wp-json\/wp\/v2\/posts"}],"about":[{"href":"https:\/\/now-news.de\/de\/wp-json\/wp\/v2\/types\/post"}],"author":[{"embeddable":true,"href":"https:\/\/now-news.de\/de\/wp-json\/wp\/v2\/users\/3"}],"replies":[{"embeddable":true,"href":"https:\/\/now-news.de\/de\/wp-json\/wp\/v2\/comments?post=55560"}],"version-history":[{"count":0,"href":"https:\/\/now-news.de\/de\/wp-json\/wp\/v2\/posts\/55560\/revisions"}],"wp:featuredmedia":[{"embeddable":true,"href":"https:\/\/now-news.de\/de\/wp-json\/wp\/v2\/media\/55561"}],"wp:attachment":[{"href":"https:\/\/now-news.de\/de\/wp-json\/wp\/v2\/media?parent=55560"}],"wp:term":[{"taxonomy":"category","embeddable":true,"href":"https:\/\/now-news.de\/de\/wp-json\/wp\/v2\/categories?post=55560"},{"taxonomy":"post_tag","embeddable":true,"href":"https:\/\/now-news.de\/de\/wp-json\/wp\/v2\/tags?post=55560"}],"curies":[{"name":"wp","href":"https:\/\/api.w.org\/{rel}","templated":true}]}}