{"id":55550,"date":"2024-02-18T18:01:35","date_gmt":"2024-02-18T16:01:35","guid":{"rendered":"https:\/\/just-now.news\/de\/deutschland\/was-ist-nur-mit-ukrainern-los-versuch-einer-antwort-in-zwei-hypothesen\/"},"modified":"2024-02-18T18:01:35","modified_gmt":"2024-02-18T16:01:35","slug":"was-ist-nur-mit-ukrainern-los-versuch-einer-antwort-in-zwei-hypothesen","status":"publish","type":"post","link":"https:\/\/now-news.de\/de\/deutschland\/was-ist-nur-mit-ukrainern-los-versuch-einer-antwort-in-zwei-hypothesen\/","title":{"rendered":"Was ist nur mit Ukrainern los? Versuch einer Antwort in zwei Hypothesen"},"content":{"rendered":"<div class=\"Text-root Text-type_1 \">\n                Wie konnte aus einem sowjetischen Brudervolk \u2013 und sogar aus ethnischen Russen, die erst vor wenigen Jahren in die Ukraine gezogen sind \u2013 eine Nation von Russenhassern werden, die nach der Vernichtung des Nachbarn trachten? Der &#8220;russische Angriffskrieg&#8221; ist keine Erkl\u00e4rung, denn es begann lange davor.\n            <\/div>\n<p><\/p>\n<div class=\"Text-root Text-type_5 ArticleView-text ViewText-root \">\n<p><em>Von Alexej Danckwardt<\/em><\/p>\n<p>Es sind zwei aktuelle Anl\u00e4sse, die zu diesem Versuch, auf den derzeitigen Zustand der Ukraine etwas gro\u00dfr\u00e4umiger zu blicken, Ansto\u00df gaben. Zum einen n\u00e4hert sich der zehnte Jahrestag des Sieges des Euromaidan. Alles seitdem Geschehene, auch der fortdauernde Krieg, sind dessen Folgen. Zum anderen wurde uns durch die Ernennung von General Alexander Syrski zum Oberkommandierenden der ukrainischen Streitkr\u00e4fte erneut vorgef\u00fchrt, wie eng die Kriegsparteien, die sich derzeit so verbissen auf beiden Seiten der Front bek\u00e4mpfen, verwandt und ineinander verflochten sind.<\/p>\n<p><strong>Russen, die Russen hassen<\/strong>\u00a0<\/p>\n<p>Syrski ist ein ethnischer Russe, und zwar so russisch, dass es russischer kaum noch geht. Geboren wurde er in einem Dorf des zentralrussischen Bezirks Wladimir. Seine Vorfahren stammen, soweit es sich nachverfolgen l\u00e4sst, ebenfalls aus dieser Region, in der die &#8220;moskowitische&#8221; Staatlichkeit \u2013 wenn man sie von der gesamtrussischen trennen k\u00f6nnte \u2013 ihren Ursprung nahm. Das Dorf Petuschki, in dem Journalisten das Haus von Syrskis Gro\u00dfmutter ausfindig machten, liegt an der Grenze zum Gebiet Moskau, man erreicht von hier aus die russische Hauptstadt in rund zwei Stunden mit der Elektritschka.<\/p>\n<p>In die Ukraine kam Syrski 1986 im Alter von 21 Jahren, nach Abschluss seines Offiziersstudiums an einer Moskauer Elitehochschule wurde er einer Einheit der sowjetischen Armee zugeteilt, die im Gebiet Poltawa stationiert war. Hier erlebte er f\u00fcnf Jahre sp\u00e4ter den Zerfall der Sowjetunion, und es war wohl bequemer, den Eid auf die unabh\u00e4ngige Ukraine abzulegen, als anderswo von null anzufangen.\u00a0<\/p>\n<p>Die au\u00dferordentliche Mobilit\u00e4t aller Bev\u00f6lkerungsschichten in den 250 Jahren, in denen die Ukraine Teil des zaristischen Russlands war, und besonders in den fast 70 Jahren Sowjetunion, sorgte f\u00fcr Millionen solcher Schicksale auf beiden Seiten der Grenze, die es bis 1991 niemals gegeben hatte. Mindestens jeder Dritte jener, die sich heute Ukrainer nennen, ist in Wahrheit ethnischer Russe, dessen Gro\u00dfeltern oder Eltern in das Gebiet der USSR migriert waren. Hunderttausendfach sind &#8220;Ukrainer&#8221; Russen, die \u2013 wie Syrski \u2013 sogar selbst in diese Landstriche zogen.<\/p>\n<p>Millionen derjenigen, die sich in Russland f\u00fcr &#8220;reinbl\u00fctige&#8221; Russen halten, haben ein umgekehrtes Schicksal und bis heute Br\u00fcder oder Tanten, die in der Ukraine leben und sich Ukrainer nennen. Mit dem Thema der Kinder aus gemischten Ehen \u2013 ebenfalls Millionen und Abermillionen \u2013 will ich gar nicht erst anfangen, um die Verwirrung nicht unendlich werden zu lassen.\u00a0<\/p>\n<p>Und die zwei Drittel Ukrainer, die auf einen scheinbar &#8220;reinrassigen&#8221; Stammbaum ohne den kleinsten Tropfen &#8220;Moskowiterblut&#8221; verweisen k\u00f6nnen &#8230; Ich sehe bis heute keinen Unterschied zwischen Ukrainern und Russen.<\/p>\n<p>Das Schicksal wollte es, dass ich in meiner Kindheit oft die Schule wechseln musste. Ich ging durch zwei deutsche Schulen in Leipzig und durch drei russische: zwei in einer russischen Provinzkleinstadt mitten in den Wolgasteppen, die dritte war die Schule der in Leipzig stationierten sowjetischen Truppen. In jeder meiner russischen Klassen hatte ich ukrainische Mitsch\u00fcler, bis zu zehn an der Zahl. Niemand achtete damals auf Abstammung und Ethnie, es gab keine Unterschiede, keine Gr\u00e4ben, und nichts deutete darauf hin, dass wir eines Tages nicht mehr Teil eines untrennbaren Ganzen sein w\u00fcrden.\u00a0<\/p>\n<p>Nicht erst seitdem Russland im Februar 2022 in der Ukraine intervenierte, ist alles anders. Irgendwann zwischen 2004 und 2014 verga\u00df die Mehrheit der Ukrainer, Aitmatows Mankurten gleich, ihre enge Verwandtschaft mit dem russischen Volk und begann zu hassen. &#8220;Wer nicht h\u00fcpft, der ist ein Moskauer&#8221;, &#8220;Moskauer aufs Messer&#8221; und \u00e4hnliche Spr\u00fcche wurden zu Massenslogans auf dem Euromaidan, lange bevor die Krim zu Russland zur\u00fcckkehrte oder der Donbass rebellierte. Der Hass steigerte sich zum Verrat, denn nicht anders kann ich die Bereitschaft bezeichnen, Feinden, die offen nach der Vernichtung Russlands streben, Raum f\u00fcr Basen und Raketen anzubieten.\u00a0<\/p>\n<p>Was also ist geschehen? Wie konnte aus einem gebildeten Volk, das zu gro\u00dfem Teil sogar aus ethnischen Russen besteht, eine Ansammlung von Russenhassern werden, die Geister einer braunen Vergangenheit auf den Schild gehoben haben?<\/p>\n<p>Ich habe keine endg\u00fcltige Antwort, nur zwei Hypothesen.\u00a0<\/p>\n<p><strong>Erste Hypothese: Einsatz einer pschycho-informationellen Waffe\u00a0<\/strong><\/p>\n<p>Als ich im Sommer 2013 begann, mich mit der ukrainischen Thematik zu befassen, erlebte ich etwas Verst\u00f6rendes. Bis dahin hatte ich mich viele Jahre lang haupts\u00e4chlich aus der <em>Tagesschau<\/em> und dem Radiosender <em>mdr info<\/em> \u00fcber das aktuelle Geschehen informiert und las w\u00f6chentlich den <em>Spiegel<\/em> und den <em>Economist<\/em>, Letzteren hatte ich \u00fcber viele Jahre abonniert. Es war also nichts mit &#8220;russischer Propaganda&#8221;, die irgendeinen Einfluss auf mich gehabt h\u00e4tte und das nachfolgende Ph\u00e4nomen erkl\u00e4ren k\u00f6nnte. Dass die Ukraine in die EU strebt, kam f\u00fcr mich aus heiterem Himmel. Die Thematik, die mich seitdem nicht mehr loslie\u00df, war mir damals v\u00f6llig neu.\u00a0\u00a0<\/p>\n<p>Ich setzte mich also an den Computer und begann, mir t\u00e4glich mehrere Stunden ukrainisches Fernsehen anzusehen. Nachrichten, Talkshows, Dokumentarfilme und Selenskijs Satiresendung. Damals gab es noch viele Sendungen auf Russisch, und Ukrainisch begann ich nach etwa zwei Wochen ohne Probleme zu verstehen.\u00a0<\/p>\n<p>Was mir aus jenen Wochen in Erinnerung blieb, ist \u2013 au\u00dfer der dort \u00fcber die EU verbreiteten Propaganda, die mit der europ\u00e4ischen Lebenswirklichkeit nichts gemein hatte (Beispiel Klitschko: &#8220;In Europa hat jeder Jugendliche gesetzlichen Anspruch auf einen Arbeitsplatz&#8221;, Beispiel Jatzenjuk: &#8220;Euroassoziierung bedeutet, dass jeder Rentner sofort mindestens 1000 Euro Rente erhalten wird&#8221;) \u2013 die Reaktion meines K\u00f6rpers. Ich musste nach kurzer Zeit ukrainischen TV-Programms erbrechen, sp\u00fcrte \u00dcbelkeit, die Welt um mich herum bekam eine andere, dunkle F\u00e4rbung, mitten im sonnigen Sommer und im warmen Herbst. Dennoch zog es mich magisch vor den Bildschirm.\u00a0<\/p>\n<figure class=\"RTImage-root\">\n<div class=\"RTImage-image RTImage-original\"><picture class=\"Picture-root Picture-original\"><!--[if IE 9]><video style=\"display: none;\"><![endif]--><source media=\"(-webkit-min-device-pixel-ratio: 2) and (min-resolution: 120dpi)\" data-srcset=\" \nhttp:\/\/just-now.news\/de\/wp-content\/uploads\/sites\/3\/2024\/02\/65cf74b648fbef118f1d89b8.jpg 850w,\n                http:\/\/just-now.news\/de\/wp-content\/uploads\/sites\/3\/2024\/02\/65cf74b648fbef118f1d89b8.jpg 1960w,            \" ><source data-srcset=\" \nhttp:\/\/just-now.news\/de\/wp-content\/uploads\/sites\/3\/2024\/02\/65cf74b648fbef118f1d89b8.jpg 460w,\n              http:\/\/just-now.news\/de\/wp-content\/uploads\/sites\/3\/2024\/02\/65cf74b648fbef118f1d89b8.jpg 980w,\n            \" ><!--[if IE 9]><\/video><![endif]--><img decoding=\"async\" data- src=\"data:image\/png;base64,iVBORw0KGgoAAAANSUhEUgAAABAAAAAJCAQAAACRI2S5AAAAEElEQVR42mNkIAAYRxWAAQAG9gAKqv6+AwAAAABJRU5ErkJggg==\" class=\"Picture-root Picture-original lazyload\" data-src=\"http:\/\/just-now.news\/de\/wp-content\/uploads\/sites\/3\/2024\/02\/65cf74b648fbef118f1d89b8.jpg\" alt=\"\"><\/source><\/source><\/picture><!-- noscript pattern --><noscript><img decoding=\"async\" src=\"http:\/\/just-now.news\/de\/wp-content\/uploads\/sites\/3\/2024\/02\/65cf74b648fbef118f1d89b8.jpg\" alt=\"\"><\/noscript><\/div><figcaption class=\"RTImage-footer\"><span class=\"RTImage-caption\"><span class=\"RTImage-captionItem\">Sawik Schuster, einer der 2013\/2014 popul\u00e4rsten Talkshowhosts des ukrainischen TV. Man achte auf die farbliche Gestaltung des Studios.<\/span><\/span><span class=\"RTImage-source\"><span class=\"RTImage-captionItem\">Maxim Burlak\/Russian Look<\/span><span class=\"RTImage-captionItem\"> \/ www.globallookpress.com<\/span><\/span><\/figcaption><\/figure>\n<p>Nach einigen Wochen begann ich zu analysieren, was mit mir geschieht. Ich versuchte, mir bewusst zu machen, was an den ukrainischen Sendungen anders ist als beispielsweise an jenen des deutschen Fernsehens. Ohne Anspruch auf Vollst\u00e4ndigkeit: auff\u00e4llig war eine andere Farbauswahl mit surrealen Farbkombinationen. Dunkle, d\u00fcstere T\u00f6ne \u00fcberwogen, aber es war auch immer etwas dazu unpassend Grelles beigef\u00fcgt, beispielsweise Rot.<\/p>\n<figure class=\"RTImage-root\">\n<div class=\"RTImage-image RTImage-original\"><picture class=\"Picture-root Picture-original\"><!--[if IE 9]><video style=\"display: none;\"><![endif]--><source media=\"(-webkit-min-device-pixel-ratio: 2) and (min-resolution: 120dpi)\" data-srcset=\" \nhttp:\/\/just-now.news\/de\/wp-content\/uploads\/sites\/3\/2024\/02\/65cf778f48fbef6c3341d1b4.JPG 850w,\n                http:\/\/just-now.news\/de\/wp-content\/uploads\/sites\/3\/2024\/02\/65cf778f48fbef6c3341d1b4.JPG 1960w,            \" ><source data-srcset=\" \nhttp:\/\/just-now.news\/de\/wp-content\/uploads\/sites\/3\/2024\/02\/65cf778f48fbef6c3341d1b4.JPG 460w,\n              http:\/\/just-now.news\/de\/wp-content\/uploads\/sites\/3\/2024\/02\/65cf778f48fbef6c3341d1b4.JPG 980w,\n            \" ><!--[if IE 9]><\/video><![endif]--><img decoding=\"async\" data- src=\"data:image\/png;base64,iVBORw0KGgoAAAANSUhEUgAAABAAAAAJCAQAAACRI2S5AAAAEElEQVR42mNkIAAYRxWAAQAG9gAKqv6+AwAAAABJRU5ErkJggg==\" class=\"Picture-root Picture-original lazyload\" data-src=\"http:\/\/just-now.news\/de\/wp-content\/uploads\/sites\/3\/2024\/02\/65cf778f48fbef6c3341d1b4.JPG\" alt=\"\"><\/source><\/source><\/picture><!-- noscript pattern --><noscript><img decoding=\"async\" src=\"http:\/\/just-now.news\/de\/wp-content\/uploads\/sites\/3\/2024\/02\/65cf778f48fbef6c3341d1b4.JPG\" alt=\"\"><\/noscript><\/div><figcaption class=\"RTImage-footer\"><span class=\"RTImage-caption\"><span class=\"RTImage-captionItem\">Screenshot einer Talkshow mit Sawik Schuster am 27.09.2013<\/span><\/span><span class=\"RTImage-source\"><span class=\"RTImage-captionItem\">youtube \/ Inter<\/span><\/span><\/figcaption><\/figure>\n<p>Die Lichttechnik wurde massiv zur Betonung eines Sprechers eingesetzt, der sich in Talkshows vor seinem Wortbeitrag gew\u00f6hnlich allein in der Mitte des Studios aufstellte. Generell wurden Beleuchtung und Schnitt sehr aggressiv eingesetzt, w\u00e4hrend bestimmte Botschaften durch langes Verweilen der Kamera auf dem Sprechenden und den schon erw\u00e4hnten Einsatz des Projektorstrahls, wie im Theater, hervorgehoben wurden. Und das ist nur das, was mir als Nichtprofi auffiel.\u00a0<\/p>\n<p>Ob all das auf den Einsatz einer neuartigen psycho-informationellen Waffe hindeutet, kann ich nicht beurteilen. Ich selbst konnte mir auf vielf\u00e4ltige Weise &#8220;Gegengift&#8221; organisieren und habe sp\u00e4ter ukrainisches Fernsehen nicht mehr so intensiv konsumiert. Ukrainer dagegen leben nach der Abschaltung aller russischen Sender in ihren Kabelnetzen seit fast zehn Jahren unter einer informationellen Glocke, durch die nichts dringen kann. Sind unsere ukrainischen Br\u00fcder und Schwestern vielleicht Opfer einer Massenhypnose geworden, die Tag f\u00fcr Tag auf sie einwirkt?\u00a0<\/p>\n<p><strong>Zweite Hypothese:<\/strong>\u00a0<strong>&#8220;Einfach nur Faschismus&#8221;<\/strong><\/p>\n<p>&#8220;Einfach nur Faschismus&#8221;, so lautet der Titel einer im Ostblock bekannten Dokumentation \u00fcber den Hitlerfaschismus von Michail Romm. Leider beschr\u00e4nkt sich der Film auf oberfl\u00e4chliche Beobachtungen und hat f\u00fcr mich pers\u00f6nlich nie die Frage beantwortet, wie das zivilisierte und gebildete deutsche Volk, das Volk der Dichter und Denker, sich so hat verf\u00fchren lassen k\u00f6nnen.<\/p>\n<p>Doch in den letzten zehn Jahren habe ich in dem &#8220;besten Deutschland aller Zeiten&#8221; anschaulichen Geschichtsunterricht erlebt. Ich denke, nun zu wissen, wie es &#8220;dazu&#8221; kommen konnte.<\/p>\n<p>Es ist die Selbst\u00fcberh\u00f6hung, die Verabsolutisierung der eigenen Lebensart und der eigenen Errungenschaften, die Millionen glauben l\u00e4sst, auserw\u00e4hlt und besser als andere V\u00f6lker zu sein. Gleichzeitig erzeugt diese Selbst\u00fcberh\u00f6hung, die fr\u00fcher oder sp\u00e4ter in Widerspruch zur Lebenswirklichkeit tritt, Angst und Hass gegen alle \u2013 V\u00f6lker und Individuen \u2013, die die \u00fcberh\u00f6hten Werte und Errungenschaften infrage stellen.\u00a0<\/p>\n<p>Das war es, wie die Deutschen 1933 &#8220;verf\u00fchrt&#8221; wurden. Und das ist es, was in den letzten zehn Jahren \u2013 besonders deutlich w\u00e4hrend der sogenannten &#8220;Coronakrise&#8221; \u2013 wieder zum Vorschein kam.\u00a0<\/p>\n<p>Kann es sein, dass Ukrainern \u00c4hnliches widerfahren ist? Die Ukraine ist nach mehreren Jahrzehnten permanenten Fortschritts seit dem Zerfall der Sowjetunion auf dem absteigenden Ast. Die Lebensqualit\u00e4t der Mehrheit sank nach 1991 abrupt und hat sich seitdem anders als in Russland nie vollst\u00e4ndig erholt. Auch die Wirtschaftsleistung erreichte in den Jahren der Unabh\u00e4ngigkeit nie fr\u00fchere Werte. Das Gef\u00fchl der Unzufriedenheit mit dem eigenen Leben sieht man den meisten Ukrainern buchst\u00e4blich an.\u00a0<\/p>\n<p>Der objektiv an dem elenden Zustand Schuldige ist nicht schwer auszumachen \u2013 es ist die Kaste der Oligarchen und der korrupten Beamten, die das Land in den 1990ern Jahren privatisiert haben und seitdem riesige Reicht\u00fcmer anh\u00e4ufen, die sie in Europa und auf exotischen Inseln zur Schau stellen. Um all das nicht zu verlieren, brauchte diese herrschende Klasse ein Hassobjekt, das sie dem Volk vorsetzen konnte.<\/p>\n<p>Der Faschismus, die Diktatur der Oligarchen, appelliert immer an die niedersten Emotionen des Menschen, und der ukrainischen herrschenden Klasse boten sich eben Russland und Russen als S\u00fcndenbock und Wutableiter an. Es hat fast zwei Jahrzehnte unabl\u00e4ssiger russophober Hasspropaganda in den von den Oligarchen monopolisierten Massenmedien gebraucht, bis sich der Nazismus in den K\u00f6pfen vieler Ukrainer festgesetzt hat.<\/p>\n<p>Den genauen Zeitpunkt, wann die Stimmung gekippt ist, habe ich verpasst. In den 1990ern kannte die Diaspora der Russischsprachigen in Deutschland die Einteilung in Ethnien und Herkunftsl\u00e4nder noch nicht. Ich kann mich gut erinnern, wie neu ankommende Ukrainer sich selbst &#8220;Russaki&#8221; nannten, von &#8220;Russe&#8221; abgeleitet. Man hielt unabh\u00e4ngig davon zusammen, aus welcher Republik der fr\u00fcheren Sowjetunion man nach Deutschland gekommen war. Ich selbst hatte Ukrainischst\u00e4mmige unter meinen engen Freunden, einer von ihnen hatte sich selbst den Spitznamen &#8220;Hohol&#8221; (heute als angeblich rassistische Beleidigung angesehen) gegeben.\u00a0<\/p>\n<p>2006 zeigten sich erste Risse. Das war das Jahr der Weltmeisterschaft in Deutschland, das deutsche &#8220;Sommerm\u00e4rchen&#8221;. Die ukrainische Nationalmannschaft spielte in der Endrunde mit. Wir \u2013 Deutschrussen aus Russland, Tadschikistan, Kasachstan \u2013 wollten mitfeiern und erfuhren eine schroffe Abfuhr:<\/p>\n<blockquote>\n<p><em>&#8220;Wir sind nicht die euren, und das ist nicht eure Mannschaft.&#8221;<\/em><\/p>\n<\/blockquote>\n<p>Das war das erste Mal, dass mir ukrainischer Hass entgegenschlug.\u00a0<\/p>\n<p>Ukrainer igelten sich seitdem immer mehr in ihren exklusiven Gruppen ein, auch wenn sie angebotene Hilfe gern in Anspruch nahmen und anwaltlichen Beistand am besten kostenlos wollten \u2013 da war man wieder &#8220;Landsmann&#8221; und als solcher in der Pflicht. Ein Freund beschwerte sich irgendwann um 2010 herum, er sei von dem von Migranten aus der Ukraine gebildeten Freizeitfu\u00dfballteam, in dem er aufgrund seines Talents mitspielen durfte, kurzerhand von einer Feier ausgeladen worden. So etwas kannte er bis dahin nicht.\u00a0<\/p>\n<p>Anekdote am Rande: Dieselben jungen Ukrainer fuhren einige Jahre nach dem Euromaidan nach Kiew und wurden aus einem Restaurant rausgeschmissen, weil sie Russisch sprachen. Ich las in einem Forum, wie schockiert und gedem\u00fctigt sie davon waren. Fast so, wie einst der von ihnen von der Mannschaftsfeier Ausgeladene. Da schlug ihr eigener Chauvinismus pl\u00f6tzlich auf sie zur\u00fcck.\u00a0 \u00a0<\/p>\n<p>Wird das wieder heilen? Nun, wenn es tats\u00e4chlich so etwas \u00c4hnliches ist wie bei den Deutschen 1933 bis 1945, vergeht es kaum von selbst. Und wird, bis endlich ein Heilmittel gefunden ist, noch viel Unheil anrichten.\u00a0<\/p>\n<p><strong>Mehr zum Thema<\/strong> \u2013 <a rel=\"nofollow noopener\" target=\"_blank\" href=\"https:\/\/freeassange.rtde.life\/meinung\/183128-versuch-ukraine-von-russland-zu-reissen-ist-ein-verbrechen\/\">Der Versuch, die Ukraine von Russland zu rei\u00dfen \u2013 ein gro\u00dfes Verbrechen der Menschheitsgeschichte<\/a><\/p>\n<\/div>\n<p><br \/>\n<br \/><a href=\"https:\/\/de.rt.com\/international\/196308-was-ist-nur-mit-ukrainern-los\/\">Source link <\/a><\/p>\n","protected":false},"excerpt":{"rendered":"<p>Wie konnte aus einem sowjetischen Brudervolk \u2013 und sogar aus ethnischen Russen, die erst vor wenigen Jahren in die Ukraine gezogen sind \u2013 eine Nation von Russenhassern werden, die nach der Vernichtung des Nachbarn trachten? Der &#8220;russische Angriffskrieg&#8221; ist keine Erkl\u00e4rung, denn es begann lange davor. Von Alexej Danckwardt Es sind zwei aktuelle Anl\u00e4sse, die [&hellip;]<\/p>\n","protected":false},"author":3,"featured_media":55551,"comment_status":"open","ping_status":"open","sticky":false,"template":"","format":"standard","meta":{"_yoast_indexnow_last_ping":["1708273020"],"wp_automatic_camp":["217"],"3c1812b3fa899a64f39690adcd2d449d":["Was ist nur mit Ukrainern los? Versuch einer Antwort in zwei Hypothesen"],"original_link":["https:\/\/de.rt.com\/international\/196308-was-ist-nur-mit-ukrainern-los\/"],"_thumbnail_id":["55551"],"_wptgpro_p2tg_sent2tg":["a:1:{i:23737;s:19:\"2024-02-18 18:18:02\";}"],"jnews_social_counter_last_update":["1777451205"]},"categories":[19,23],"tags":[835,212,53642,414,11578,419,4230,27705,3934,1003],"yoast_head":"<!-- This site is optimized with the Yoast SEO Premium plugin v22.7 (Yoast SEO v22.7) - https:\/\/yoast.com\/wordpress\/plugins\/seo\/ -->\n<title>Was ist nur mit Ukrainern los? Versuch einer Antwort in zwei Hypothesen - just-now.NEWS Deutschland<\/title>\n<meta name=\"robots\" content=\"index, follow, max-snippet:-1, max-image-preview:large, max-video-preview:-1\" \/>\n<link rel=\"canonical\" href=\"https:\/\/now-news.de\/de\/deutschland\/was-ist-nur-mit-ukrainern-los-versuch-einer-antwort-in-zwei-hypothesen\/\" \/>\n<meta property=\"og:locale\" content=\"de_DE\" \/>\n<meta property=\"og:type\" content=\"article\" \/>\n<meta property=\"og:title\" content=\"Was ist nur mit Ukrainern los? Versuch einer Antwort in zwei Hypothesen\" \/>\n<meta property=\"og:description\" content=\"Wie konnte aus einem sowjetischen Brudervolk \u2013 und sogar aus ethnischen Russen, die erst vor wenigen Jahren in die Ukraine gezogen sind \u2013 eine Nation von Russenhassern werden, die nach der Vernichtung des Nachbarn trachten? Der &#8220;russische Angriffskrieg&#8221; ist keine Erkl\u00e4rung, denn es begann lange davor. Von Alexej Danckwardt Es sind zwei aktuelle Anl\u00e4sse, die [&hellip;]\" \/>\n<meta property=\"og:url\" content=\"https:\/\/now-news.de\/de\/deutschland\/was-ist-nur-mit-ukrainern-los-versuch-einer-antwort-in-zwei-hypothesen\/\" \/>\n<meta property=\"og:site_name\" content=\"just-now.NEWS Deutschland\" \/>\n<meta property=\"article:publisher\" content=\"https:\/\/www.facebook.com\/wirmachenauf\" \/>\n<meta property=\"article:published_time\" content=\"2024-02-18T16:01:35+00:00\" \/>\n<meta property=\"og:image\" content=\"https:\/\/now-news.de\/de\/wp-content\/uploads\/sites\/3\/2024\/02\/Was-ist-nur-mit-Ukrainern-los-Versuch-einer-Antwort-in.jpg\" \/>\n\t<meta property=\"og:image:width\" content=\"685\" \/>\n\t<meta property=\"og:image:height\" content=\"400\" \/>\n\t<meta property=\"og:image:type\" content=\"image\/jpeg\" \/>\n<meta name=\"author\" content=\"rtnews\" \/>\n<meta name=\"twitter:card\" content=\"summary_large_image\" \/>\n<meta name=\"twitter:creator\" content=\"@WirMachenAuf_de\" \/>\n<meta name=\"twitter:site\" content=\"@WirMachenAuf_de\" \/>\n<meta name=\"twitter:label1\" content=\"Verfasst von\" \/>\n\t<meta name=\"twitter:data1\" content=\"rtnews\" \/>\n\t<meta name=\"twitter:label2\" content=\"Gesch\u00e4tzte Lesezeit\" \/>\n\t<meta name=\"twitter:data2\" content=\"10\u00a0Minuten\" \/>\n<script type=\"application\/ld+json\" class=\"yoast-schema-graph\">{\"@context\":\"https:\/\/schema.org\",\"@graph\":[{\"@type\":\"Article\",\"@id\":\"https:\/\/now-news.de\/de\/deutschland\/was-ist-nur-mit-ukrainern-los-versuch-einer-antwort-in-zwei-hypothesen\/#article\",\"isPartOf\":{\"@id\":\"https:\/\/now-news.de\/de\/deutschland\/was-ist-nur-mit-ukrainern-los-versuch-einer-antwort-in-zwei-hypothesen\/\"},\"author\":{\"name\":\"rtnews\",\"@id\":\"https:\/\/now-news.de\/de\/#\/schema\/person\/fb534a4e865501d8b3285208df34a9b5\"},\"headline\":\"Was ist nur mit Ukrainern los? Versuch einer Antwort in zwei Hypothesen\",\"datePublished\":\"2024-02-18T16:01:35+00:00\",\"dateModified\":\"2024-02-18T16:01:35+00:00\",\"mainEntityOfPage\":{\"@id\":\"https:\/\/now-news.de\/de\/deutschland\/was-ist-nur-mit-ukrainern-los-versuch-einer-antwort-in-zwei-hypothesen\/\"},\"wordCount\":1936,\"commentCount\":0,\"publisher\":{\"@id\":\"https:\/\/now-news.de\/de\/#organization\"},\"image\":{\"@id\":\"https:\/\/now-news.de\/de\/deutschland\/was-ist-nur-mit-ukrainern-los-versuch-einer-antwort-in-zwei-hypothesen\/#primaryimage\"},\"thumbnailUrl\":\"https:\/\/now-news.de\/de\/wp-content\/uploads\/sites\/3\/2024\/02\/Was-ist-nur-mit-Ukrainern-los-Versuch-einer-Antwort-in.jpg\",\"keywords\":[\"Antwort\",\"einer\",\"Hypothesen\",\"ist\",\"los\",\"mit\",\"NUR\",\"Ukrainern\",\"Versuch\",\"zwei\"],\"articleSection\":[\"Deutschland\",\"Russland\"],\"inLanguage\":\"de\",\"potentialAction\":[{\"@type\":\"CommentAction\",\"name\":\"Comment\",\"target\":[\"https:\/\/now-news.de\/de\/deutschland\/was-ist-nur-mit-ukrainern-los-versuch-einer-antwort-in-zwei-hypothesen\/#respond\"]}]},{\"@type\":\"WebPage\",\"@id\":\"https:\/\/now-news.de\/de\/deutschland\/was-ist-nur-mit-ukrainern-los-versuch-einer-antwort-in-zwei-hypothesen\/\",\"url\":\"https:\/\/now-news.de\/de\/deutschland\/was-ist-nur-mit-ukrainern-los-versuch-einer-antwort-in-zwei-hypothesen\/\",\"name\":\"Was ist nur mit Ukrainern los? Versuch einer Antwort in zwei Hypothesen - just-now.NEWS Deutschland\",\"isPartOf\":{\"@id\":\"https:\/\/now-news.de\/de\/#website\"},\"primaryImageOfPage\":{\"@id\":\"https:\/\/now-news.de\/de\/deutschland\/was-ist-nur-mit-ukrainern-los-versuch-einer-antwort-in-zwei-hypothesen\/#primaryimage\"},\"image\":{\"@id\":\"https:\/\/now-news.de\/de\/deutschland\/was-ist-nur-mit-ukrainern-los-versuch-einer-antwort-in-zwei-hypothesen\/#primaryimage\"},\"thumbnailUrl\":\"https:\/\/now-news.de\/de\/wp-content\/uploads\/sites\/3\/2024\/02\/Was-ist-nur-mit-Ukrainern-los-Versuch-einer-Antwort-in.jpg\",\"datePublished\":\"2024-02-18T16:01:35+00:00\",\"dateModified\":\"2024-02-18T16:01:35+00:00\",\"breadcrumb\":{\"@id\":\"https:\/\/now-news.de\/de\/deutschland\/was-ist-nur-mit-ukrainern-los-versuch-einer-antwort-in-zwei-hypothesen\/#breadcrumb\"},\"inLanguage\":\"de\",\"potentialAction\":[{\"@type\":\"ReadAction\",\"target\":[\"https:\/\/now-news.de\/de\/deutschland\/was-ist-nur-mit-ukrainern-los-versuch-einer-antwort-in-zwei-hypothesen\/\"]}]},{\"@type\":\"ImageObject\",\"inLanguage\":\"de\",\"@id\":\"https:\/\/now-news.de\/de\/deutschland\/was-ist-nur-mit-ukrainern-los-versuch-einer-antwort-in-zwei-hypothesen\/#primaryimage\",\"url\":\"https:\/\/now-news.de\/de\/wp-content\/uploads\/sites\/3\/2024\/02\/Was-ist-nur-mit-Ukrainern-los-Versuch-einer-Antwort-in.jpg\",\"contentUrl\":\"https:\/\/now-news.de\/de\/wp-content\/uploads\/sites\/3\/2024\/02\/Was-ist-nur-mit-Ukrainern-los-Versuch-einer-Antwort-in.jpg\",\"width\":685,\"height\":400,\"caption\":\"Was ist nur mit Ukrainern los? Versuch einer Antwort in zwei Hypothesen\"},{\"@type\":\"BreadcrumbList\",\"@id\":\"https:\/\/now-news.de\/de\/deutschland\/was-ist-nur-mit-ukrainern-los-versuch-einer-antwort-in-zwei-hypothesen\/#breadcrumb\",\"itemListElement\":[{\"@type\":\"ListItem\",\"position\":1,\"name\":\"Home\",\"item\":\"https:\/\/now-news.de\/de\/\"},{\"@type\":\"ListItem\",\"position\":2,\"name\":\"Was ist nur mit Ukrainern los? Versuch einer Antwort in zwei Hypothesen\"}]},{\"@type\":\"WebSite\",\"@id\":\"https:\/\/now-news.de\/de\/#website\",\"url\":\"https:\/\/now-news.de\/de\/\",\"name\":\"just-now.NEWS Deutschland\",\"description\":\"Das Portal f\u00fcr unzensierte Nachrichten aus der Welt\",\"publisher\":{\"@id\":\"https:\/\/now-news.de\/de\/#organization\"},\"potentialAction\":[{\"@type\":\"SearchAction\",\"target\":{\"@type\":\"EntryPoint\",\"urlTemplate\":\"https:\/\/now-news.de\/de\/?s={search_term_string}\"},\"query-input\":\"required name=search_term_string\"}],\"inLanguage\":\"de\"},{\"@type\":\"Organization\",\"@id\":\"https:\/\/now-news.de\/de\/#organization\",\"name\":\"Just Now News\",\"url\":\"https:\/\/now-news.de\/de\/\",\"logo\":{\"@type\":\"ImageObject\",\"inLanguage\":\"de\",\"@id\":\"https:\/\/now-news.de\/de\/#\/schema\/logo\/image\/\",\"url\":\"http:\/\/just-now.news\/de\/wp-content\/uploads\/sites\/3\/2022\/04\/logo500x500.jpg\",\"contentUrl\":\"http:\/\/just-now.news\/de\/wp-content\/uploads\/sites\/3\/2022\/04\/logo500x500.jpg\",\"width\":500,\"height\":500,\"caption\":\"Just Now News\"},\"image\":{\"@id\":\"https:\/\/now-news.de\/de\/#\/schema\/logo\/image\/\"},\"sameAs\":[\"https:\/\/www.facebook.com\/wirmachenauf\",\"https:\/\/x.com\/WirMachenAuf_de\"]},{\"@type\":\"Person\",\"@id\":\"https:\/\/now-news.de\/de\/#\/schema\/person\/fb534a4e865501d8b3285208df34a9b5\",\"name\":\"rtnews\",\"image\":{\"@type\":\"ImageObject\",\"inLanguage\":\"de\",\"@id\":\"https:\/\/now-news.de\/de\/#\/schema\/person\/image\/\",\"url\":\"https:\/\/secure.gravatar.com\/avatar\/82aafea7d8127119dd649515f56e2117?s=96&d=mm&r=g\",\"contentUrl\":\"https:\/\/secure.gravatar.com\/avatar\/82aafea7d8127119dd649515f56e2117?s=96&d=mm&r=g\",\"caption\":\"rtnews\"},\"url\":\"https:\/\/now-news.de\/de\/author\/rnews\/\"}]}<\/script>\n<!-- \/ Yoast SEO Premium plugin. -->","yoast_head_json":{"title":"Was ist nur mit Ukrainern los? Versuch einer Antwort in zwei Hypothesen - just-now.NEWS Deutschland","robots":{"index":"index","follow":"follow","max-snippet":"max-snippet:-1","max-image-preview":"max-image-preview:large","max-video-preview":"max-video-preview:-1"},"canonical":"https:\/\/now-news.de\/de\/deutschland\/was-ist-nur-mit-ukrainern-los-versuch-einer-antwort-in-zwei-hypothesen\/","og_locale":"de_DE","og_type":"article","og_title":"Was ist nur mit Ukrainern los? Versuch einer Antwort in zwei Hypothesen","og_description":"Wie konnte aus einem sowjetischen Brudervolk \u2013 und sogar aus ethnischen Russen, die erst vor wenigen Jahren in die Ukraine gezogen sind \u2013 eine Nation von Russenhassern werden, die nach der Vernichtung des Nachbarn trachten? Der &#8220;russische Angriffskrieg&#8221; ist keine Erkl\u00e4rung, denn es begann lange davor. Von Alexej Danckwardt Es sind zwei aktuelle Anl\u00e4sse, die [&hellip;]","og_url":"https:\/\/now-news.de\/de\/deutschland\/was-ist-nur-mit-ukrainern-los-versuch-einer-antwort-in-zwei-hypothesen\/","og_site_name":"just-now.NEWS Deutschland","article_publisher":"https:\/\/www.facebook.com\/wirmachenauf","article_published_time":"2024-02-18T16:01:35+00:00","og_image":[{"width":685,"height":400,"url":"https:\/\/now-news.de\/de\/wp-content\/uploads\/sites\/3\/2024\/02\/Was-ist-nur-mit-Ukrainern-los-Versuch-einer-Antwort-in.jpg","type":"image\/jpeg"}],"author":"rtnews","twitter_card":"summary_large_image","twitter_creator":"@WirMachenAuf_de","twitter_site":"@WirMachenAuf_de","twitter_misc":{"Verfasst von":"rtnews","Gesch\u00e4tzte Lesezeit":"10\u00a0Minuten"},"schema":{"@context":"https:\/\/schema.org","@graph":[{"@type":"Article","@id":"https:\/\/now-news.de\/de\/deutschland\/was-ist-nur-mit-ukrainern-los-versuch-einer-antwort-in-zwei-hypothesen\/#article","isPartOf":{"@id":"https:\/\/now-news.de\/de\/deutschland\/was-ist-nur-mit-ukrainern-los-versuch-einer-antwort-in-zwei-hypothesen\/"},"author":{"name":"rtnews","@id":"https:\/\/now-news.de\/de\/#\/schema\/person\/fb534a4e865501d8b3285208df34a9b5"},"headline":"Was ist nur mit Ukrainern los? Versuch einer Antwort in zwei Hypothesen","datePublished":"2024-02-18T16:01:35+00:00","dateModified":"2024-02-18T16:01:35+00:00","mainEntityOfPage":{"@id":"https:\/\/now-news.de\/de\/deutschland\/was-ist-nur-mit-ukrainern-los-versuch-einer-antwort-in-zwei-hypothesen\/"},"wordCount":1936,"commentCount":0,"publisher":{"@id":"https:\/\/now-news.de\/de\/#organization"},"image":{"@id":"https:\/\/now-news.de\/de\/deutschland\/was-ist-nur-mit-ukrainern-los-versuch-einer-antwort-in-zwei-hypothesen\/#primaryimage"},"thumbnailUrl":"https:\/\/now-news.de\/de\/wp-content\/uploads\/sites\/3\/2024\/02\/Was-ist-nur-mit-Ukrainern-los-Versuch-einer-Antwort-in.jpg","keywords":["Antwort","einer","Hypothesen","ist","los","mit","NUR","Ukrainern","Versuch","zwei"],"articleSection":["Deutschland","Russland"],"inLanguage":"de","potentialAction":[{"@type":"CommentAction","name":"Comment","target":["https:\/\/now-news.de\/de\/deutschland\/was-ist-nur-mit-ukrainern-los-versuch-einer-antwort-in-zwei-hypothesen\/#respond"]}]},{"@type":"WebPage","@id":"https:\/\/now-news.de\/de\/deutschland\/was-ist-nur-mit-ukrainern-los-versuch-einer-antwort-in-zwei-hypothesen\/","url":"https:\/\/now-news.de\/de\/deutschland\/was-ist-nur-mit-ukrainern-los-versuch-einer-antwort-in-zwei-hypothesen\/","name":"Was ist nur mit Ukrainern los? Versuch einer Antwort in zwei Hypothesen - just-now.NEWS Deutschland","isPartOf":{"@id":"https:\/\/now-news.de\/de\/#website"},"primaryImageOfPage":{"@id":"https:\/\/now-news.de\/de\/deutschland\/was-ist-nur-mit-ukrainern-los-versuch-einer-antwort-in-zwei-hypothesen\/#primaryimage"},"image":{"@id":"https:\/\/now-news.de\/de\/deutschland\/was-ist-nur-mit-ukrainern-los-versuch-einer-antwort-in-zwei-hypothesen\/#primaryimage"},"thumbnailUrl":"https:\/\/now-news.de\/de\/wp-content\/uploads\/sites\/3\/2024\/02\/Was-ist-nur-mit-Ukrainern-los-Versuch-einer-Antwort-in.jpg","datePublished":"2024-02-18T16:01:35+00:00","dateModified":"2024-02-18T16:01:35+00:00","breadcrumb":{"@id":"https:\/\/now-news.de\/de\/deutschland\/was-ist-nur-mit-ukrainern-los-versuch-einer-antwort-in-zwei-hypothesen\/#breadcrumb"},"inLanguage":"de","potentialAction":[{"@type":"ReadAction","target":["https:\/\/now-news.de\/de\/deutschland\/was-ist-nur-mit-ukrainern-los-versuch-einer-antwort-in-zwei-hypothesen\/"]}]},{"@type":"ImageObject","inLanguage":"de","@id":"https:\/\/now-news.de\/de\/deutschland\/was-ist-nur-mit-ukrainern-los-versuch-einer-antwort-in-zwei-hypothesen\/#primaryimage","url":"https:\/\/now-news.de\/de\/wp-content\/uploads\/sites\/3\/2024\/02\/Was-ist-nur-mit-Ukrainern-los-Versuch-einer-Antwort-in.jpg","contentUrl":"https:\/\/now-news.de\/de\/wp-content\/uploads\/sites\/3\/2024\/02\/Was-ist-nur-mit-Ukrainern-los-Versuch-einer-Antwort-in.jpg","width":685,"height":400,"caption":"Was ist nur mit Ukrainern los? Versuch einer Antwort in zwei Hypothesen"},{"@type":"BreadcrumbList","@id":"https:\/\/now-news.de\/de\/deutschland\/was-ist-nur-mit-ukrainern-los-versuch-einer-antwort-in-zwei-hypothesen\/#breadcrumb","itemListElement":[{"@type":"ListItem","position":1,"name":"Home","item":"https:\/\/now-news.de\/de\/"},{"@type":"ListItem","position":2,"name":"Was ist nur mit Ukrainern los? Versuch einer Antwort in zwei Hypothesen"}]},{"@type":"WebSite","@id":"https:\/\/now-news.de\/de\/#website","url":"https:\/\/now-news.de\/de\/","name":"just-now.NEWS Deutschland","description":"Das Portal f\u00fcr unzensierte Nachrichten aus der Welt","publisher":{"@id":"https:\/\/now-news.de\/de\/#organization"},"potentialAction":[{"@type":"SearchAction","target":{"@type":"EntryPoint","urlTemplate":"https:\/\/now-news.de\/de\/?s={search_term_string}"},"query-input":"required name=search_term_string"}],"inLanguage":"de"},{"@type":"Organization","@id":"https:\/\/now-news.de\/de\/#organization","name":"Just Now News","url":"https:\/\/now-news.de\/de\/","logo":{"@type":"ImageObject","inLanguage":"de","@id":"https:\/\/now-news.de\/de\/#\/schema\/logo\/image\/","url":"http:\/\/just-now.news\/de\/wp-content\/uploads\/sites\/3\/2022\/04\/logo500x500.jpg","contentUrl":"http:\/\/just-now.news\/de\/wp-content\/uploads\/sites\/3\/2022\/04\/logo500x500.jpg","width":500,"height":500,"caption":"Just Now News"},"image":{"@id":"https:\/\/now-news.de\/de\/#\/schema\/logo\/image\/"},"sameAs":["https:\/\/www.facebook.com\/wirmachenauf","https:\/\/x.com\/WirMachenAuf_de"]},{"@type":"Person","@id":"https:\/\/now-news.de\/de\/#\/schema\/person\/fb534a4e865501d8b3285208df34a9b5","name":"rtnews","image":{"@type":"ImageObject","inLanguage":"de","@id":"https:\/\/now-news.de\/de\/#\/schema\/person\/image\/","url":"https:\/\/secure.gravatar.com\/avatar\/82aafea7d8127119dd649515f56e2117?s=96&d=mm&r=g","contentUrl":"https:\/\/secure.gravatar.com\/avatar\/82aafea7d8127119dd649515f56e2117?s=96&d=mm&r=g","caption":"rtnews"},"url":"https:\/\/now-news.de\/de\/author\/rnews\/"}]}},"_links":{"self":[{"href":"https:\/\/now-news.de\/de\/wp-json\/wp\/v2\/posts\/55550"}],"collection":[{"href":"https:\/\/now-news.de\/de\/wp-json\/wp\/v2\/posts"}],"about":[{"href":"https:\/\/now-news.de\/de\/wp-json\/wp\/v2\/types\/post"}],"author":[{"embeddable":true,"href":"https:\/\/now-news.de\/de\/wp-json\/wp\/v2\/users\/3"}],"replies":[{"embeddable":true,"href":"https:\/\/now-news.de\/de\/wp-json\/wp\/v2\/comments?post=55550"}],"version-history":[{"count":0,"href":"https:\/\/now-news.de\/de\/wp-json\/wp\/v2\/posts\/55550\/revisions"}],"wp:featuredmedia":[{"embeddable":true,"href":"https:\/\/now-news.de\/de\/wp-json\/wp\/v2\/media\/55551"}],"wp:attachment":[{"href":"https:\/\/now-news.de\/de\/wp-json\/wp\/v2\/media?parent=55550"}],"wp:term":[{"taxonomy":"category","embeddable":true,"href":"https:\/\/now-news.de\/de\/wp-json\/wp\/v2\/categories?post=55550"},{"taxonomy":"post_tag","embeddable":true,"href":"https:\/\/now-news.de\/de\/wp-json\/wp\/v2\/tags?post=55550"}],"curies":[{"name":"wp","href":"https:\/\/api.w.org\/{rel}","templated":true}]}}