{"id":55546,"date":"2024-02-18T16:54:58","date_gmt":"2024-02-18T14:54:58","guid":{"rendered":"https:\/\/just-now.news\/de\/deutschland\/der-stellvertreterkrieg-der-nato-in-der-ukraine-wird-mit-dem-fall-von-awdejewka-nicht-enden\/"},"modified":"2024-02-18T16:54:58","modified_gmt":"2024-02-18T14:54:58","slug":"der-stellvertreterkrieg-der-nato-in-der-ukraine-wird-mit-dem-fall-von-awdejewka-nicht-enden","status":"publish","type":"post","link":"https:\/\/now-news.de\/de\/deutschland\/der-stellvertreterkrieg-der-nato-in-der-ukraine-wird-mit-dem-fall-von-awdejewka-nicht-enden\/","title":{"rendered":"Der Stellvertreterkrieg der NATO in der Ukraine wird mit dem Fall von Awdejewka nicht enden"},"content":{"rendered":"<p><img decoding=\"async\" src=\"http:\/\/just-now.news\/de\/wp-content\/uploads\/sites\/3\/2024\/02\/65d21813b480cc681843d119.png\" \/><\/p>\n<div class=\"Text-root Text-type_1 \">\n                Der fast ein Jahrzehnt alte Konflikt, der vor zwei Jahren zu einem veritablen Krieg geworden ist, wird in den n\u00f6rdlichen Donezker Ausl\u00e4ufern weitergehen. Es wird weitere Terroranschl\u00e4ge geben und die Not der Zivilbev\u00f6lkerung k\u00f6nnte noch eine ganze Weile andauern.\n            <\/div>\n<p><br \/>\n<br \/><a href=\"https:\/\/de.rt.com\/meinung\/196574-stellvertreterkrieg-nato-in-ukraine-wird\/\">Source link <\/a><\/p>\n","protected":false},"excerpt":{"rendered":"<p>Der fast ein Jahrzehnt alte Konflikt, der vor zwei Jahren zu einem veritablen Krieg geworden ist, wird in den n\u00f6rdlichen Donezker Ausl\u00e4ufern weitergehen. Es wird weitere Terroranschl\u00e4ge geben und die Not der Zivilbev\u00f6lkerung k\u00f6nnte noch eine ganze Weile andauern. Source link<\/p>\n","protected":false},"author":3,"featured_media":55547,"comment_status":"open","ping_status":"open","sticky":false,"template":"","format":"standard","meta":{"_yoast_indexnow_last_ping":["1708269168"],"wp_automatic_camp":["217"],"c61ca4c03a99dd9569798f41c8f2d19d":["Der Stellvertreterkrieg der NATO in der Ukraine wird mit dem Fall von Awdejewka nicht enden"],"original_link":["https:\/\/de.rt.com\/meinung\/196574-stellvertreterkrieg-nato-in-ukraine-wird\/"],"_thumbnail_id":["55547"],"jnews_social_counter_last_update":["1777196048"],"_wptgpro_p2tg_sent2tg":["a:1:{i:23737;s:19:\"2024-02-18 17:14:46\";}"]},"categories":[19,23],"tags":[30951,134,82,12675,1657,419,2697,800,25146,127,50,374],"yoast_head":"<!-- This site is optimized with the Yoast SEO Premium plugin v22.7 (Yoast SEO v22.7) - https:\/\/yoast.com\/wordpress\/plugins\/seo\/ -->\n<title>Der Stellvertreterkrieg der NATO in der Ukraine wird mit dem Fall von Awdejewka nicht enden - just-now.NEWS Deutschland<\/title>\n<meta name=\"robots\" content=\"index, follow, max-snippet:-1, max-image-preview:large, max-video-preview:-1\" \/>\n<link rel=\"canonical\" href=\"https:\/\/now-news.de\/de\/deutschland\/der-stellvertreterkrieg-der-nato-in-der-ukraine-wird-mit-dem-fall-von-awdejewka-nicht-enden\/\" \/>\n<meta property=\"og:locale\" content=\"de_DE\" \/>\n<meta property=\"og:type\" content=\"article\" \/>\n<meta property=\"og:title\" content=\"Der Stellvertreterkrieg der NATO in der Ukraine wird mit dem Fall von Awdejewka nicht enden\" \/>\n<meta property=\"og:description\" content=\"Der fast ein Jahrzehnt alte Konflikt, der vor zwei Jahren zu einem veritablen Krieg geworden ist, wird in den n\u00f6rdlichen Donezker Ausl\u00e4ufern weitergehen. Es wird weitere Terroranschl\u00e4ge geben und die Not der Zivilbev\u00f6lkerung k\u00f6nnte noch eine ganze Weile andauern. Source link\" \/>\n<meta property=\"og:url\" content=\"https:\/\/now-news.de\/de\/deutschland\/der-stellvertreterkrieg-der-nato-in-der-ukraine-wird-mit-dem-fall-von-awdejewka-nicht-enden\/\" \/>\n<meta property=\"og:site_name\" content=\"just-now.NEWS Deutschland\" \/>\n<meta property=\"article:publisher\" content=\"https:\/\/www.facebook.com\/wirmachenauf\" \/>\n<meta property=\"article:published_time\" content=\"2024-02-18T14:54:58+00:00\" \/>\n<meta property=\"og:image\" content=\"https:\/\/now-news.de\/de\/wp-content\/uploads\/sites\/3\/2024\/02\/Der-Stellvertreterkrieg-der-NATO-in-der-Ukraine-wird-mit-dem.png\" \/>\n\t<meta property=\"og:image:width\" content=\"460\" \/>\n\t<meta property=\"og:image:height\" content=\"259\" \/>\n\t<meta property=\"og:image:type\" content=\"image\/png\" \/>\n<meta name=\"author\" content=\"rtnews\" \/>\n<meta name=\"twitter:card\" content=\"summary_large_image\" \/>\n<meta name=\"twitter:creator\" content=\"@WirMachenAuf_de\" \/>\n<meta name=\"twitter:site\" content=\"@WirMachenAuf_de\" \/>\n<meta name=\"twitter:label1\" content=\"Verfasst von\" \/>\n\t<meta name=\"twitter:data1\" content=\"rtnews\" \/>\n<script type=\"application\/ld+json\" class=\"yoast-schema-graph\">{\"@context\":\"https:\/\/schema.org\",\"@graph\":[{\"@type\":\"Article\",\"@id\":\"https:\/\/now-news.de\/de\/deutschland\/der-stellvertreterkrieg-der-nato-in-der-ukraine-wird-mit-dem-fall-von-awdejewka-nicht-enden\/#article\",\"isPartOf\":{\"@id\":\"https:\/\/now-news.de\/de\/deutschland\/der-stellvertreterkrieg-der-nato-in-der-ukraine-wird-mit-dem-fall-von-awdejewka-nicht-enden\/\"},\"author\":{\"name\":\"rtnews\",\"@id\":\"https:\/\/now-news.de\/de\/#\/schema\/person\/fb534a4e865501d8b3285208df34a9b5\"},\"headline\":\"Der Stellvertreterkrieg der NATO in der Ukraine wird mit dem Fall von Awdejewka nicht enden\",\"datePublished\":\"2024-02-18T14:54:58+00:00\",\"dateModified\":\"2024-02-18T14:54:58+00:00\",\"mainEntityOfPage\":{\"@id\":\"https:\/\/now-news.de\/de\/deutschland\/der-stellvertreterkrieg-der-nato-in-der-ukraine-wird-mit-dem-fall-von-awdejewka-nicht-enden\/\"},\"wordCount\":62,\"commentCount\":0,\"publisher\":{\"@id\":\"https:\/\/now-news.de\/de\/#organization\"},\"image\":{\"@id\":\"https:\/\/now-news.de\/de\/deutschland\/der-stellvertreterkrieg-der-nato-in-der-ukraine-wird-mit-dem-fall-von-awdejewka-nicht-enden\/#primaryimage\"},\"thumbnailUrl\":\"https:\/\/now-news.de\/de\/wp-content\/uploads\/sites\/3\/2024\/02\/Der-Stellvertreterkrieg-der-NATO-in-der-Ukraine-wird-mit-dem.png\",\"keywords\":[\"Awdejewka\",\"DEM\",\"der\",\"enden\",\"fall\",\"mit\",\"nato\",\"nicht\",\"Stellvertreterkrieg\",\"ukraine\",\"von\",\"wird\"],\"articleSection\":[\"Deutschland\",\"Russland\"],\"inLanguage\":\"de\",\"potentialAction\":[{\"@type\":\"CommentAction\",\"name\":\"Comment\",\"target\":[\"https:\/\/now-news.de\/de\/deutschland\/der-stellvertreterkrieg-der-nato-in-der-ukraine-wird-mit-dem-fall-von-awdejewka-nicht-enden\/#respond\"]}]},{\"@type\":\"WebPage\",\"@id\":\"https:\/\/now-news.de\/de\/deutschland\/der-stellvertreterkrieg-der-nato-in-der-ukraine-wird-mit-dem-fall-von-awdejewka-nicht-enden\/\",\"url\":\"https:\/\/now-news.de\/de\/deutschland\/der-stellvertreterkrieg-der-nato-in-der-ukraine-wird-mit-dem-fall-von-awdejewka-nicht-enden\/\",\"name\":\"Der Stellvertreterkrieg der NATO in der Ukraine wird mit dem Fall von Awdejewka nicht enden - just-now.NEWS Deutschland\",\"isPartOf\":{\"@id\":\"https:\/\/now-news.de\/de\/#website\"},\"primaryImageOfPage\":{\"@id\":\"https:\/\/now-news.de\/de\/deutschland\/der-stellvertreterkrieg-der-nato-in-der-ukraine-wird-mit-dem-fall-von-awdejewka-nicht-enden\/#primaryimage\"},\"image\":{\"@id\":\"https:\/\/now-news.de\/de\/deutschland\/der-stellvertreterkrieg-der-nato-in-der-ukraine-wird-mit-dem-fall-von-awdejewka-nicht-enden\/#primaryimage\"},\"thumbnailUrl\":\"https:\/\/now-news.de\/de\/wp-content\/uploads\/sites\/3\/2024\/02\/Der-Stellvertreterkrieg-der-NATO-in-der-Ukraine-wird-mit-dem.png\",\"datePublished\":\"2024-02-18T14:54:58+00:00\",\"dateModified\":\"2024-02-18T14:54:58+00:00\",\"breadcrumb\":{\"@id\":\"https:\/\/now-news.de\/de\/deutschland\/der-stellvertreterkrieg-der-nato-in-der-ukraine-wird-mit-dem-fall-von-awdejewka-nicht-enden\/#breadcrumb\"},\"inLanguage\":\"de\",\"potentialAction\":[{\"@type\":\"ReadAction\",\"target\":[\"https:\/\/now-news.de\/de\/deutschland\/der-stellvertreterkrieg-der-nato-in-der-ukraine-wird-mit-dem-fall-von-awdejewka-nicht-enden\/\"]}]},{\"@type\":\"ImageObject\",\"inLanguage\":\"de\",\"@id\":\"https:\/\/now-news.de\/de\/deutschland\/der-stellvertreterkrieg-der-nato-in-der-ukraine-wird-mit-dem-fall-von-awdejewka-nicht-enden\/#primaryimage\",\"url\":\"https:\/\/now-news.de\/de\/wp-content\/uploads\/sites\/3\/2024\/02\/Der-Stellvertreterkrieg-der-NATO-in-der-Ukraine-wird-mit-dem.png\",\"contentUrl\":\"https:\/\/now-news.de\/de\/wp-content\/uploads\/sites\/3\/2024\/02\/Der-Stellvertreterkrieg-der-NATO-in-der-Ukraine-wird-mit-dem.png\",\"width\":460,\"height\":259,\"caption\":\"Der Stellvertreterkrieg der NATO in der Ukraine wird mit dem Fall von Awdejewka nicht enden\"},{\"@type\":\"BreadcrumbList\",\"@id\":\"https:\/\/now-news.de\/de\/deutschland\/der-stellvertreterkrieg-der-nato-in-der-ukraine-wird-mit-dem-fall-von-awdejewka-nicht-enden\/#breadcrumb\",\"itemListElement\":[{\"@type\":\"ListItem\",\"position\":1,\"name\":\"Home\",\"item\":\"https:\/\/now-news.de\/de\/\"},{\"@type\":\"ListItem\",\"position\":2,\"name\":\"Der Stellvertreterkrieg der NATO in der Ukraine wird mit dem Fall von Awdejewka nicht enden\"}]},{\"@type\":\"WebSite\",\"@id\":\"https:\/\/now-news.de\/de\/#website\",\"url\":\"https:\/\/now-news.de\/de\/\",\"name\":\"just-now.NEWS Deutschland\",\"description\":\"Das Portal f\u00fcr unzensierte Nachrichten aus der Welt\",\"publisher\":{\"@id\":\"https:\/\/now-news.de\/de\/#organization\"},\"potentialAction\":[{\"@type\":\"SearchAction\",\"target\":{\"@type\":\"EntryPoint\",\"urlTemplate\":\"https:\/\/now-news.de\/de\/?s={search_term_string}\"},\"query-input\":\"required name=search_term_string\"}],\"inLanguage\":\"de\"},{\"@type\":\"Organization\",\"@id\":\"https:\/\/now-news.de\/de\/#organization\",\"name\":\"Just Now News\",\"url\":\"https:\/\/now-news.de\/de\/\",\"logo\":{\"@type\":\"ImageObject\",\"inLanguage\":\"de\",\"@id\":\"https:\/\/now-news.de\/de\/#\/schema\/logo\/image\/\",\"url\":\"http:\/\/just-now.news\/de\/wp-content\/uploads\/sites\/3\/2022\/04\/logo500x500.jpg\",\"contentUrl\":\"http:\/\/just-now.news\/de\/wp-content\/uploads\/sites\/3\/2022\/04\/logo500x500.jpg\",\"width\":500,\"height\":500,\"caption\":\"Just Now News\"},\"image\":{\"@id\":\"https:\/\/now-news.de\/de\/#\/schema\/logo\/image\/\"},\"sameAs\":[\"https:\/\/www.facebook.com\/wirmachenauf\",\"https:\/\/x.com\/WirMachenAuf_de\"]},{\"@type\":\"Person\",\"@id\":\"https:\/\/now-news.de\/de\/#\/schema\/person\/fb534a4e865501d8b3285208df34a9b5\",\"name\":\"rtnews\",\"image\":{\"@type\":\"ImageObject\",\"inLanguage\":\"de\",\"@id\":\"https:\/\/now-news.de\/de\/#\/schema\/person\/image\/\",\"url\":\"https:\/\/secure.gravatar.com\/avatar\/82aafea7d8127119dd649515f56e2117?s=96&d=mm&r=g\",\"contentUrl\":\"https:\/\/secure.gravatar.com\/avatar\/82aafea7d8127119dd649515f56e2117?s=96&d=mm&r=g\",\"caption\":\"rtnews\"},\"url\":\"https:\/\/now-news.de\/de\/author\/rnews\/\"}]}<\/script>\n<!-- \/ Yoast SEO Premium plugin. -->","yoast_head_json":{"title":"Der Stellvertreterkrieg der NATO in der Ukraine wird mit dem Fall von Awdejewka nicht enden - just-now.NEWS Deutschland","robots":{"index":"index","follow":"follow","max-snippet":"max-snippet:-1","max-image-preview":"max-image-preview:large","max-video-preview":"max-video-preview:-1"},"canonical":"https:\/\/now-news.de\/de\/deutschland\/der-stellvertreterkrieg-der-nato-in-der-ukraine-wird-mit-dem-fall-von-awdejewka-nicht-enden\/","og_locale":"de_DE","og_type":"article","og_title":"Der Stellvertreterkrieg der NATO in der Ukraine wird mit dem Fall von Awdejewka nicht enden","og_description":"Der fast ein Jahrzehnt alte Konflikt, der vor zwei Jahren zu einem veritablen Krieg geworden ist, wird in den n\u00f6rdlichen Donezker Ausl\u00e4ufern weitergehen. Es wird weitere Terroranschl\u00e4ge geben und die Not der Zivilbev\u00f6lkerung k\u00f6nnte noch eine ganze Weile andauern. Source link","og_url":"https:\/\/now-news.de\/de\/deutschland\/der-stellvertreterkrieg-der-nato-in-der-ukraine-wird-mit-dem-fall-von-awdejewka-nicht-enden\/","og_site_name":"just-now.NEWS Deutschland","article_publisher":"https:\/\/www.facebook.com\/wirmachenauf","article_published_time":"2024-02-18T14:54:58+00:00","og_image":[{"width":460,"height":259,"url":"https:\/\/now-news.de\/de\/wp-content\/uploads\/sites\/3\/2024\/02\/Der-Stellvertreterkrieg-der-NATO-in-der-Ukraine-wird-mit-dem.png","type":"image\/png"}],"author":"rtnews","twitter_card":"summary_large_image","twitter_creator":"@WirMachenAuf_de","twitter_site":"@WirMachenAuf_de","twitter_misc":{"Verfasst von":"rtnews"},"schema":{"@context":"https:\/\/schema.org","@graph":[{"@type":"Article","@id":"https:\/\/now-news.de\/de\/deutschland\/der-stellvertreterkrieg-der-nato-in-der-ukraine-wird-mit-dem-fall-von-awdejewka-nicht-enden\/#article","isPartOf":{"@id":"https:\/\/now-news.de\/de\/deutschland\/der-stellvertreterkrieg-der-nato-in-der-ukraine-wird-mit-dem-fall-von-awdejewka-nicht-enden\/"},"author":{"name":"rtnews","@id":"https:\/\/now-news.de\/de\/#\/schema\/person\/fb534a4e865501d8b3285208df34a9b5"},"headline":"Der Stellvertreterkrieg der NATO in der Ukraine wird mit dem Fall von Awdejewka nicht enden","datePublished":"2024-02-18T14:54:58+00:00","dateModified":"2024-02-18T14:54:58+00:00","mainEntityOfPage":{"@id":"https:\/\/now-news.de\/de\/deutschland\/der-stellvertreterkrieg-der-nato-in-der-ukraine-wird-mit-dem-fall-von-awdejewka-nicht-enden\/"},"wordCount":62,"commentCount":0,"publisher":{"@id":"https:\/\/now-news.de\/de\/#organization"},"image":{"@id":"https:\/\/now-news.de\/de\/deutschland\/der-stellvertreterkrieg-der-nato-in-der-ukraine-wird-mit-dem-fall-von-awdejewka-nicht-enden\/#primaryimage"},"thumbnailUrl":"https:\/\/now-news.de\/de\/wp-content\/uploads\/sites\/3\/2024\/02\/Der-Stellvertreterkrieg-der-NATO-in-der-Ukraine-wird-mit-dem.png","keywords":["Awdejewka","DEM","der","enden","fall","mit","nato","nicht","Stellvertreterkrieg","ukraine","von","wird"],"articleSection":["Deutschland","Russland"],"inLanguage":"de","potentialAction":[{"@type":"CommentAction","name":"Comment","target":["https:\/\/now-news.de\/de\/deutschland\/der-stellvertreterkrieg-der-nato-in-der-ukraine-wird-mit-dem-fall-von-awdejewka-nicht-enden\/#respond"]}]},{"@type":"WebPage","@id":"https:\/\/now-news.de\/de\/deutschland\/der-stellvertreterkrieg-der-nato-in-der-ukraine-wird-mit-dem-fall-von-awdejewka-nicht-enden\/","url":"https:\/\/now-news.de\/de\/deutschland\/der-stellvertreterkrieg-der-nato-in-der-ukraine-wird-mit-dem-fall-von-awdejewka-nicht-enden\/","name":"Der Stellvertreterkrieg der NATO in der Ukraine wird mit dem Fall von Awdejewka nicht enden - just-now.NEWS Deutschland","isPartOf":{"@id":"https:\/\/now-news.de\/de\/#website"},"primaryImageOfPage":{"@id":"https:\/\/now-news.de\/de\/deutschland\/der-stellvertreterkrieg-der-nato-in-der-ukraine-wird-mit-dem-fall-von-awdejewka-nicht-enden\/#primaryimage"},"image":{"@id":"https:\/\/now-news.de\/de\/deutschland\/der-stellvertreterkrieg-der-nato-in-der-ukraine-wird-mit-dem-fall-von-awdejewka-nicht-enden\/#primaryimage"},"thumbnailUrl":"https:\/\/now-news.de\/de\/wp-content\/uploads\/sites\/3\/2024\/02\/Der-Stellvertreterkrieg-der-NATO-in-der-Ukraine-wird-mit-dem.png","datePublished":"2024-02-18T14:54:58+00:00","dateModified":"2024-02-18T14:54:58+00:00","breadcrumb":{"@id":"https:\/\/now-news.de\/de\/deutschland\/der-stellvertreterkrieg-der-nato-in-der-ukraine-wird-mit-dem-fall-von-awdejewka-nicht-enden\/#breadcrumb"},"inLanguage":"de","potentialAction":[{"@type":"ReadAction","target":["https:\/\/now-news.de\/de\/deutschland\/der-stellvertreterkrieg-der-nato-in-der-ukraine-wird-mit-dem-fall-von-awdejewka-nicht-enden\/"]}]},{"@type":"ImageObject","inLanguage":"de","@id":"https:\/\/now-news.de\/de\/deutschland\/der-stellvertreterkrieg-der-nato-in-der-ukraine-wird-mit-dem-fall-von-awdejewka-nicht-enden\/#primaryimage","url":"https:\/\/now-news.de\/de\/wp-content\/uploads\/sites\/3\/2024\/02\/Der-Stellvertreterkrieg-der-NATO-in-der-Ukraine-wird-mit-dem.png","contentUrl":"https:\/\/now-news.de\/de\/wp-content\/uploads\/sites\/3\/2024\/02\/Der-Stellvertreterkrieg-der-NATO-in-der-Ukraine-wird-mit-dem.png","width":460,"height":259,"caption":"Der Stellvertreterkrieg der NATO in der Ukraine wird mit dem Fall von Awdejewka nicht enden"},{"@type":"BreadcrumbList","@id":"https:\/\/now-news.de\/de\/deutschland\/der-stellvertreterkrieg-der-nato-in-der-ukraine-wird-mit-dem-fall-von-awdejewka-nicht-enden\/#breadcrumb","itemListElement":[{"@type":"ListItem","position":1,"name":"Home","item":"https:\/\/now-news.de\/de\/"},{"@type":"ListItem","position":2,"name":"Der Stellvertreterkrieg der NATO in der Ukraine wird mit dem Fall von Awdejewka nicht enden"}]},{"@type":"WebSite","@id":"https:\/\/now-news.de\/de\/#website","url":"https:\/\/now-news.de\/de\/","name":"just-now.NEWS Deutschland","description":"Das Portal f\u00fcr unzensierte Nachrichten aus der Welt","publisher":{"@id":"https:\/\/now-news.de\/de\/#organization"},"potentialAction":[{"@type":"SearchAction","target":{"@type":"EntryPoint","urlTemplate":"https:\/\/now-news.de\/de\/?s={search_term_string}"},"query-input":"required name=search_term_string"}],"inLanguage":"de"},{"@type":"Organization","@id":"https:\/\/now-news.de\/de\/#organization","name":"Just Now News","url":"https:\/\/now-news.de\/de\/","logo":{"@type":"ImageObject","inLanguage":"de","@id":"https:\/\/now-news.de\/de\/#\/schema\/logo\/image\/","url":"http:\/\/just-now.news\/de\/wp-content\/uploads\/sites\/3\/2022\/04\/logo500x500.jpg","contentUrl":"http:\/\/just-now.news\/de\/wp-content\/uploads\/sites\/3\/2022\/04\/logo500x500.jpg","width":500,"height":500,"caption":"Just Now News"},"image":{"@id":"https:\/\/now-news.de\/de\/#\/schema\/logo\/image\/"},"sameAs":["https:\/\/www.facebook.com\/wirmachenauf","https:\/\/x.com\/WirMachenAuf_de"]},{"@type":"Person","@id":"https:\/\/now-news.de\/de\/#\/schema\/person\/fb534a4e865501d8b3285208df34a9b5","name":"rtnews","image":{"@type":"ImageObject","inLanguage":"de","@id":"https:\/\/now-news.de\/de\/#\/schema\/person\/image\/","url":"https:\/\/secure.gravatar.com\/avatar\/82aafea7d8127119dd649515f56e2117?s=96&d=mm&r=g","contentUrl":"https:\/\/secure.gravatar.com\/avatar\/82aafea7d8127119dd649515f56e2117?s=96&d=mm&r=g","caption":"rtnews"},"url":"https:\/\/now-news.de\/de\/author\/rnews\/"}]}},"_links":{"self":[{"href":"https:\/\/now-news.de\/de\/wp-json\/wp\/v2\/posts\/55546"}],"collection":[{"href":"https:\/\/now-news.de\/de\/wp-json\/wp\/v2\/posts"}],"about":[{"href":"https:\/\/now-news.de\/de\/wp-json\/wp\/v2\/types\/post"}],"author":[{"embeddable":true,"href":"https:\/\/now-news.de\/de\/wp-json\/wp\/v2\/users\/3"}],"replies":[{"embeddable":true,"href":"https:\/\/now-news.de\/de\/wp-json\/wp\/v2\/comments?post=55546"}],"version-history":[{"count":0,"href":"https:\/\/now-news.de\/de\/wp-json\/wp\/v2\/posts\/55546\/revisions"}],"wp:featuredmedia":[{"embeddable":true,"href":"https:\/\/now-news.de\/de\/wp-json\/wp\/v2\/media\/55547"}],"wp:attachment":[{"href":"https:\/\/now-news.de\/de\/wp-json\/wp\/v2\/media?parent=55546"}],"wp:term":[{"taxonomy":"category","embeddable":true,"href":"https:\/\/now-news.de\/de\/wp-json\/wp\/v2\/categories?post=55546"},{"taxonomy":"post_tag","embeddable":true,"href":"https:\/\/now-news.de\/de\/wp-json\/wp\/v2\/tags?post=55546"}],"curies":[{"name":"wp","href":"https:\/\/api.w.org\/{rel}","templated":true}]}}