{"id":55536,"date":"2024-02-18T13:15:23","date_gmt":"2024-02-18T11:15:23","guid":{"rendered":"https:\/\/just-now.news\/de\/deutschland\/italiens-aussenminister-warnt-vor-nato-aufnahme-der-ukraine\/"},"modified":"2024-02-18T13:15:23","modified_gmt":"2024-02-18T11:15:23","slug":"italiens-aussenminister-warnt-vor-nato-aufnahme-der-ukraine","status":"publish","type":"post","link":"https:\/\/now-news.de\/de\/deutschland\/italiens-aussenminister-warnt-vor-nato-aufnahme-der-ukraine\/","title":{"rendered":"Italiens Au\u00dfenminister warnt vor NATO-Aufnahme der Ukraine"},"content":{"rendered":"<p><img decoding=\"async\" src=\"http:\/\/just-now.news\/de\/wp-content\/uploads\/sites\/3\/2024\/02\/65d1d1ff48fbef0fc134c961.jpg\" \/><\/p>\n<div class=\"Text-root Text-type_1 \">\n                Der italienische Au\u00dfenminister r\u00e4t zur Vorsicht hinsichtlich der Aufnahme der Ukraine in die NATO. Dies k\u00f6nnte den B\u00fcndnisfall ausl\u00f6sen und zum Dritten Weltkrieg f\u00fchren, sagte er. Die Pl\u00e4ne zur Aufnahme der Ukraine ins Milit\u00e4rb\u00fcndnis sind Ausl\u00f6ser des Ukraine-Konflikts.\n            <\/div>\n<p><\/p>\n<div class=\"Text-root Text-type_5 ArticleView-text ViewText-root \">\n<p>Italiens Au\u00dfenminister Antonio Tajani r\u00e4t der NATO bez\u00fcglich der Aufnahmepl\u00e4ne der Ukraine zur Vorsicht. Der Ukraine Aufnahmezusagen zu machen, w\u00e4hrend sich das Land im Konflikt mit Russland befindet, sei f\u00fcr alle Beteiligten gef\u00e4hrlich, sagte Tajani auf der M\u00fcnchner Sicherheitskonferenz.\u00a0<\/p>\n<p>Die NATO arbeite daran, &#8220;die Ukraine in die NATO aufzunehmen&#8221;, m\u00fcsse dabei aber vorsichtig sein.\u00a0\u00a0<\/p>\n<blockquote>\n<p><em>&#8220;Ehrlich gesagt ist es f\u00fcr alle gef\u00e4hrlich, weil die Ukraine gegen Russland k\u00e4mpft. Ist die Ukraine Vollmitglied der NATO, w\u00fcrde das den Dritten Weltkrieg bedeuten.&#8221;<\/em><\/p>\n<\/blockquote>\n<p>Das sagte der Minister in seiner Antwort auf die Frage nach den M\u00f6glichkeiten, die eine Aufnahme der Ukraine in den Milit\u00e4rblock bieten w\u00fcrde.<\/p>\n<blockquote>\n<p><em>&#8220;Wir wollen die Ukraine unterst\u00fctzen, aber die Regeln sind klar: Wenn es einen Angriff gegen ein Mitgliedsland gibt, greift die Beistandsverpflichtung. Damit m\u00fcssen wir vorsichtig sein.&#8221;<\/em><\/p>\n<\/blockquote>\n<p>Er f\u00fcgte hinzu, dass die Unterst\u00fctzung der Ukraine durch die NATO-L\u00e4nder im bisherigen Format bereits ein klares Signal an Russland sende.\u00a0<\/p>\n<p>Der Auffassung Tajanis schloss sich der niederl\u00e4ndische Premierminister Mark Rutte an. Die Ukraine k\u00f6nne w\u00e4hrend der laufenden Auseinandersetzungen mit Russland nicht ins B\u00fcndnis aufgenommen werden. Es brauche ein bedachtes Vorgehen und Zwischenschritte.<\/p>\n<blockquote>\n<p><em>&#8220;Die schlechte Nachricht ist, solange der Krieg dauert, solange kann die Ukraine nicht Mitglied der NATO werden. Die gute Nachricht ist, dass wir von der EU lernen k\u00f6nnen&#8221;, <\/em><\/p>\n<\/blockquote>\n<p>sagte Rutte ebenfalls auf der M\u00fcnchner Sicherheitskonferenz.\u00a0<\/p>\n<p>Die EU sieht Zwischenschritte auf dem Weg zur Vollmitgliedschaft vor, w\u00e4hrend die NATO diese Abstufungen f\u00fcr eine Aufnahme nicht kennt. Rutte gab zu, dass die Ukraine aufgrund der anhaltenden Diskussion um die Mitgliedschaft unzufrieden sei. Daher sei eine langsame und umsichtige Ann\u00e4herung sinnvoller, statt Versprechungen zu machen, die nicht gehalten werden k\u00f6nnten, f\u00fcgte er hinzu.<\/p>\n<p>Der geplante NATO-Beitritt der Ukraine ist zentraler Ausl\u00f6ser des Konflikts zwischen dem Westen und Russland. Auf dem NATO-Gipfel in Bukarest im Jahr 2008 wurden die Ukraine und Georgien zum Beitritt eingeladen. Damit verstie\u00df die NATO gegen das Prinzip der Unteilbarkeit von Sicherheit, wie es unter anderem in der Schlussakte von Helsinki verankert ist.<\/p>\n<p>Russland sieht durch einen m\u00f6glichen Beitritt der Ukraine zum westlichen Milit\u00e4rb\u00fcndnis seine Sicherheitsinteressen verletzt. Ein Angriff der NATO auf Russland von ukrainischem Gebiet aus w\u00fcrde die zur Verf\u00fcgung stehende Reaktionszeit f\u00fcr Moskau erheblich verk\u00fcrzen.<\/p>\n<p>Nach dem Maidan-Putsch in der Ukraine im Jahr 2014 \u00e4nderte das Kiewer Putsch-Regime die ukrainische Verfassung. Die darin verankerte Verpflichtung zur Neutralit\u00e4t wurde aufgegeben. Als Staatsziel wurde der NATO-Beitritt in der Verfassung fixiert.\u00a0<\/p>\n<p>Im Interview mit dem US-Journalisten Tucker Carlson nannte Russlands Pr\u00e4sident Wladimir Putin die Pl\u00e4ne zur Aufnahme der Ukraine in die NATO einen schweren Fehler.\u00a0<\/p>\n<p>Auch andere NATO-L\u00e4nder f\u00fcrchten eine weitere Eskalation des Konflikts hin zu einer direkten Konfrontation der NATO mit Russland. Aus diesem Grund versorgen sie die Ukraine zwar mit Waffen und Munition, entsenden aber bisher noch kein Milit\u00e4r und unterlassen alles, was auf eine direkte Beteiligung hindeuten k\u00f6nnte. Sie b\u00fcrden der Ukraine damit die Hauptlast des Konfliktes auf.\u00a0<\/p>\n<p><strong>Mehr zum Thema<\/strong>\u00a0\u2013 <a rel=\"nofollow noopener\" target=\"_blank\" href=\"https:\/\/freedert.online\/international\/196520-scholz-auf-sicherheitskonferenz-wir-lassen\/\">Scholz auf Sicherheitskonferenz: &#8220;Wir lassen uns von Russland keinen Frieden diktieren&#8221;<\/a><\/p>\n<\/p>\n<\/div>\n<p><br \/>\n<br \/><a href=\"https:\/\/de.rt.com\/europa\/196558-italiens-aussenminister-warnt-vor-nato\/\">Source link <\/a><\/p>\n","protected":false},"excerpt":{"rendered":"<p>Der italienische Au\u00dfenminister r\u00e4t zur Vorsicht hinsichtlich der Aufnahme der Ukraine in die NATO. Dies k\u00f6nnte den B\u00fcndnisfall ausl\u00f6sen und zum Dritten Weltkrieg f\u00fchren, sagte er. Die Pl\u00e4ne zur Aufnahme der Ukraine ins Milit\u00e4rb\u00fcndnis sind Ausl\u00f6ser des Ukraine-Konflikts. Italiens Au\u00dfenminister Antonio Tajani r\u00e4t der NATO bez\u00fcglich der Aufnahmepl\u00e4ne der Ukraine zur Vorsicht. Der Ukraine Aufnahmezusagen [&hellip;]<\/p>\n","protected":false},"author":3,"featured_media":55537,"comment_status":"open","ping_status":"open","sticky":false,"template":"","format":"standard","meta":{"_yoast_indexnow_last_ping":["1708256522"],"wp_automatic_camp":["217"],"b3651176ec3cf90cdd59932591df7db8":["Italiens Au\u00dfenminister warnt vor NATO-Aufnahme der Ukraine"],"original_link":["https:\/\/de.rt.com\/europa\/196558-italiens-aussenminister-warnt-vor-nato\/"],"_thumbnail_id":["55537"],"jnews_social_counter_last_update":["1777169917"],"_wptgpro_p2tg_sent2tg":["a:1:{i:23737;s:19:\"2024-02-18 13:43:15\";}"]},"categories":[19,23],"tags":[13830,82,415,20174,127,320,912],"yoast_head":"<!-- This site is optimized with the Yoast SEO Premium plugin v22.7 (Yoast SEO v22.7) - https:\/\/yoast.com\/wordpress\/plugins\/seo\/ -->\n<title>Italiens Au\u00dfenminister warnt vor NATO-Aufnahme der Ukraine - just-now.NEWS Deutschland<\/title>\n<meta name=\"robots\" content=\"index, follow, max-snippet:-1, max-image-preview:large, max-video-preview:-1\" \/>\n<link rel=\"canonical\" href=\"https:\/\/now-news.de\/de\/deutschland\/italiens-aussenminister-warnt-vor-nato-aufnahme-der-ukraine\/\" \/>\n<meta property=\"og:locale\" content=\"de_DE\" \/>\n<meta property=\"og:type\" content=\"article\" \/>\n<meta property=\"og:title\" content=\"Italiens Au\u00dfenminister warnt vor NATO-Aufnahme der Ukraine\" \/>\n<meta property=\"og:description\" content=\"Der italienische Au\u00dfenminister r\u00e4t zur Vorsicht hinsichtlich der Aufnahme der Ukraine in die NATO. Dies k\u00f6nnte den B\u00fcndnisfall ausl\u00f6sen und zum Dritten Weltkrieg f\u00fchren, sagte er. Die Pl\u00e4ne zur Aufnahme der Ukraine ins Milit\u00e4rb\u00fcndnis sind Ausl\u00f6ser des Ukraine-Konflikts. Italiens Au\u00dfenminister Antonio Tajani r\u00e4t der NATO bez\u00fcglich der Aufnahmepl\u00e4ne der Ukraine zur Vorsicht. Der Ukraine Aufnahmezusagen [&hellip;]\" \/>\n<meta property=\"og:url\" content=\"https:\/\/now-news.de\/de\/deutschland\/italiens-aussenminister-warnt-vor-nato-aufnahme-der-ukraine\/\" \/>\n<meta property=\"og:site_name\" content=\"just-now.NEWS Deutschland\" \/>\n<meta property=\"article:publisher\" content=\"https:\/\/www.facebook.com\/wirmachenauf\" \/>\n<meta property=\"article:published_time\" content=\"2024-02-18T11:15:23+00:00\" \/>\n<meta property=\"og:image\" content=\"https:\/\/now-news.de\/de\/wp-content\/uploads\/sites\/3\/2024\/02\/Italiens-Aussenminister-warnt-vor-NATO-Aufnahme-der-Ukraine.jpg\" \/>\n\t<meta property=\"og:image:width\" content=\"460\" \/>\n\t<meta property=\"og:image:height\" content=\"259\" \/>\n\t<meta property=\"og:image:type\" content=\"image\/jpeg\" \/>\n<meta name=\"author\" content=\"rtnews\" \/>\n<meta name=\"twitter:card\" content=\"summary_large_image\" \/>\n<meta name=\"twitter:creator\" content=\"@WirMachenAuf_de\" \/>\n<meta name=\"twitter:site\" content=\"@WirMachenAuf_de\" \/>\n<meta name=\"twitter:label1\" content=\"Verfasst von\" \/>\n\t<meta name=\"twitter:data1\" content=\"rtnews\" \/>\n\t<meta name=\"twitter:label2\" content=\"Gesch\u00e4tzte Lesezeit\" \/>\n\t<meta name=\"twitter:data2\" content=\"3\u00a0Minuten\" \/>\n<script type=\"application\/ld+json\" class=\"yoast-schema-graph\">{\"@context\":\"https:\/\/schema.org\",\"@graph\":[{\"@type\":\"Article\",\"@id\":\"https:\/\/now-news.de\/de\/deutschland\/italiens-aussenminister-warnt-vor-nato-aufnahme-der-ukraine\/#article\",\"isPartOf\":{\"@id\":\"https:\/\/now-news.de\/de\/deutschland\/italiens-aussenminister-warnt-vor-nato-aufnahme-der-ukraine\/\"},\"author\":{\"name\":\"rtnews\",\"@id\":\"https:\/\/now-news.de\/de\/#\/schema\/person\/fb534a4e865501d8b3285208df34a9b5\"},\"headline\":\"Italiens Au\u00dfenminister warnt vor NATO-Aufnahme der Ukraine\",\"datePublished\":\"2024-02-18T11:15:23+00:00\",\"dateModified\":\"2024-02-18T11:15:23+00:00\",\"mainEntityOfPage\":{\"@id\":\"https:\/\/now-news.de\/de\/deutschland\/italiens-aussenminister-warnt-vor-nato-aufnahme-der-ukraine\/\"},\"wordCount\":590,\"commentCount\":0,\"publisher\":{\"@id\":\"https:\/\/now-news.de\/de\/#organization\"},\"image\":{\"@id\":\"https:\/\/now-news.de\/de\/deutschland\/italiens-aussenminister-warnt-vor-nato-aufnahme-der-ukraine\/#primaryimage\"},\"thumbnailUrl\":\"https:\/\/now-news.de\/de\/wp-content\/uploads\/sites\/3\/2024\/02\/Italiens-Aussenminister-warnt-vor-NATO-Aufnahme-der-Ukraine.jpg\",\"keywords\":[\"Au\u00dfenminister\",\"der\",\"Italiens\",\"NATOAufnahme\",\"ukraine\",\"vor\",\"warnt\"],\"articleSection\":[\"Deutschland\",\"Russland\"],\"inLanguage\":\"de\",\"potentialAction\":[{\"@type\":\"CommentAction\",\"name\":\"Comment\",\"target\":[\"https:\/\/now-news.de\/de\/deutschland\/italiens-aussenminister-warnt-vor-nato-aufnahme-der-ukraine\/#respond\"]}]},{\"@type\":\"WebPage\",\"@id\":\"https:\/\/now-news.de\/de\/deutschland\/italiens-aussenminister-warnt-vor-nato-aufnahme-der-ukraine\/\",\"url\":\"https:\/\/now-news.de\/de\/deutschland\/italiens-aussenminister-warnt-vor-nato-aufnahme-der-ukraine\/\",\"name\":\"Italiens Au\u00dfenminister warnt vor NATO-Aufnahme der Ukraine - just-now.NEWS Deutschland\",\"isPartOf\":{\"@id\":\"https:\/\/now-news.de\/de\/#website\"},\"primaryImageOfPage\":{\"@id\":\"https:\/\/now-news.de\/de\/deutschland\/italiens-aussenminister-warnt-vor-nato-aufnahme-der-ukraine\/#primaryimage\"},\"image\":{\"@id\":\"https:\/\/now-news.de\/de\/deutschland\/italiens-aussenminister-warnt-vor-nato-aufnahme-der-ukraine\/#primaryimage\"},\"thumbnailUrl\":\"https:\/\/now-news.de\/de\/wp-content\/uploads\/sites\/3\/2024\/02\/Italiens-Aussenminister-warnt-vor-NATO-Aufnahme-der-Ukraine.jpg\",\"datePublished\":\"2024-02-18T11:15:23+00:00\",\"dateModified\":\"2024-02-18T11:15:23+00:00\",\"breadcrumb\":{\"@id\":\"https:\/\/now-news.de\/de\/deutschland\/italiens-aussenminister-warnt-vor-nato-aufnahme-der-ukraine\/#breadcrumb\"},\"inLanguage\":\"de\",\"potentialAction\":[{\"@type\":\"ReadAction\",\"target\":[\"https:\/\/now-news.de\/de\/deutschland\/italiens-aussenminister-warnt-vor-nato-aufnahme-der-ukraine\/\"]}]},{\"@type\":\"ImageObject\",\"inLanguage\":\"de\",\"@id\":\"https:\/\/now-news.de\/de\/deutschland\/italiens-aussenminister-warnt-vor-nato-aufnahme-der-ukraine\/#primaryimage\",\"url\":\"https:\/\/now-news.de\/de\/wp-content\/uploads\/sites\/3\/2024\/02\/Italiens-Aussenminister-warnt-vor-NATO-Aufnahme-der-Ukraine.jpg\",\"contentUrl\":\"https:\/\/now-news.de\/de\/wp-content\/uploads\/sites\/3\/2024\/02\/Italiens-Aussenminister-warnt-vor-NATO-Aufnahme-der-Ukraine.jpg\",\"width\":460,\"height\":259,\"caption\":\"Italiens Au\u00dfenminister warnt vor NATO-Aufnahme der Ukraine\"},{\"@type\":\"BreadcrumbList\",\"@id\":\"https:\/\/now-news.de\/de\/deutschland\/italiens-aussenminister-warnt-vor-nato-aufnahme-der-ukraine\/#breadcrumb\",\"itemListElement\":[{\"@type\":\"ListItem\",\"position\":1,\"name\":\"Home\",\"item\":\"https:\/\/now-news.de\/de\/\"},{\"@type\":\"ListItem\",\"position\":2,\"name\":\"Italiens Au\u00dfenminister warnt vor NATO-Aufnahme der Ukraine\"}]},{\"@type\":\"WebSite\",\"@id\":\"https:\/\/now-news.de\/de\/#website\",\"url\":\"https:\/\/now-news.de\/de\/\",\"name\":\"just-now.NEWS Deutschland\",\"description\":\"Das Portal f\u00fcr unzensierte Nachrichten aus der Welt\",\"publisher\":{\"@id\":\"https:\/\/now-news.de\/de\/#organization\"},\"potentialAction\":[{\"@type\":\"SearchAction\",\"target\":{\"@type\":\"EntryPoint\",\"urlTemplate\":\"https:\/\/now-news.de\/de\/?s={search_term_string}\"},\"query-input\":\"required name=search_term_string\"}],\"inLanguage\":\"de\"},{\"@type\":\"Organization\",\"@id\":\"https:\/\/now-news.de\/de\/#organization\",\"name\":\"Just Now News\",\"url\":\"https:\/\/now-news.de\/de\/\",\"logo\":{\"@type\":\"ImageObject\",\"inLanguage\":\"de\",\"@id\":\"https:\/\/now-news.de\/de\/#\/schema\/logo\/image\/\",\"url\":\"http:\/\/just-now.news\/de\/wp-content\/uploads\/sites\/3\/2022\/04\/logo500x500.jpg\",\"contentUrl\":\"http:\/\/just-now.news\/de\/wp-content\/uploads\/sites\/3\/2022\/04\/logo500x500.jpg\",\"width\":500,\"height\":500,\"caption\":\"Just Now News\"},\"image\":{\"@id\":\"https:\/\/now-news.de\/de\/#\/schema\/logo\/image\/\"},\"sameAs\":[\"https:\/\/www.facebook.com\/wirmachenauf\",\"https:\/\/x.com\/WirMachenAuf_de\"]},{\"@type\":\"Person\",\"@id\":\"https:\/\/now-news.de\/de\/#\/schema\/person\/fb534a4e865501d8b3285208df34a9b5\",\"name\":\"rtnews\",\"image\":{\"@type\":\"ImageObject\",\"inLanguage\":\"de\",\"@id\":\"https:\/\/now-news.de\/de\/#\/schema\/person\/image\/\",\"url\":\"https:\/\/secure.gravatar.com\/avatar\/82aafea7d8127119dd649515f56e2117?s=96&d=mm&r=g\",\"contentUrl\":\"https:\/\/secure.gravatar.com\/avatar\/82aafea7d8127119dd649515f56e2117?s=96&d=mm&r=g\",\"caption\":\"rtnews\"},\"url\":\"https:\/\/now-news.de\/de\/author\/rnews\/\"}]}<\/script>\n<!-- \/ Yoast SEO Premium plugin. -->","yoast_head_json":{"title":"Italiens Au\u00dfenminister warnt vor NATO-Aufnahme der Ukraine - just-now.NEWS Deutschland","robots":{"index":"index","follow":"follow","max-snippet":"max-snippet:-1","max-image-preview":"max-image-preview:large","max-video-preview":"max-video-preview:-1"},"canonical":"https:\/\/now-news.de\/de\/deutschland\/italiens-aussenminister-warnt-vor-nato-aufnahme-der-ukraine\/","og_locale":"de_DE","og_type":"article","og_title":"Italiens Au\u00dfenminister warnt vor NATO-Aufnahme der Ukraine","og_description":"Der italienische Au\u00dfenminister r\u00e4t zur Vorsicht hinsichtlich der Aufnahme der Ukraine in die NATO. Dies k\u00f6nnte den B\u00fcndnisfall ausl\u00f6sen und zum Dritten Weltkrieg f\u00fchren, sagte er. Die Pl\u00e4ne zur Aufnahme der Ukraine ins Milit\u00e4rb\u00fcndnis sind Ausl\u00f6ser des Ukraine-Konflikts. Italiens Au\u00dfenminister Antonio Tajani r\u00e4t der NATO bez\u00fcglich der Aufnahmepl\u00e4ne der Ukraine zur Vorsicht. Der Ukraine Aufnahmezusagen [&hellip;]","og_url":"https:\/\/now-news.de\/de\/deutschland\/italiens-aussenminister-warnt-vor-nato-aufnahme-der-ukraine\/","og_site_name":"just-now.NEWS Deutschland","article_publisher":"https:\/\/www.facebook.com\/wirmachenauf","article_published_time":"2024-02-18T11:15:23+00:00","og_image":[{"width":460,"height":259,"url":"https:\/\/now-news.de\/de\/wp-content\/uploads\/sites\/3\/2024\/02\/Italiens-Aussenminister-warnt-vor-NATO-Aufnahme-der-Ukraine.jpg","type":"image\/jpeg"}],"author":"rtnews","twitter_card":"summary_large_image","twitter_creator":"@WirMachenAuf_de","twitter_site":"@WirMachenAuf_de","twitter_misc":{"Verfasst von":"rtnews","Gesch\u00e4tzte Lesezeit":"3\u00a0Minuten"},"schema":{"@context":"https:\/\/schema.org","@graph":[{"@type":"Article","@id":"https:\/\/now-news.de\/de\/deutschland\/italiens-aussenminister-warnt-vor-nato-aufnahme-der-ukraine\/#article","isPartOf":{"@id":"https:\/\/now-news.de\/de\/deutschland\/italiens-aussenminister-warnt-vor-nato-aufnahme-der-ukraine\/"},"author":{"name":"rtnews","@id":"https:\/\/now-news.de\/de\/#\/schema\/person\/fb534a4e865501d8b3285208df34a9b5"},"headline":"Italiens Au\u00dfenminister warnt vor NATO-Aufnahme der Ukraine","datePublished":"2024-02-18T11:15:23+00:00","dateModified":"2024-02-18T11:15:23+00:00","mainEntityOfPage":{"@id":"https:\/\/now-news.de\/de\/deutschland\/italiens-aussenminister-warnt-vor-nato-aufnahme-der-ukraine\/"},"wordCount":590,"commentCount":0,"publisher":{"@id":"https:\/\/now-news.de\/de\/#organization"},"image":{"@id":"https:\/\/now-news.de\/de\/deutschland\/italiens-aussenminister-warnt-vor-nato-aufnahme-der-ukraine\/#primaryimage"},"thumbnailUrl":"https:\/\/now-news.de\/de\/wp-content\/uploads\/sites\/3\/2024\/02\/Italiens-Aussenminister-warnt-vor-NATO-Aufnahme-der-Ukraine.jpg","keywords":["Au\u00dfenminister","der","Italiens","NATOAufnahme","ukraine","vor","warnt"],"articleSection":["Deutschland","Russland"],"inLanguage":"de","potentialAction":[{"@type":"CommentAction","name":"Comment","target":["https:\/\/now-news.de\/de\/deutschland\/italiens-aussenminister-warnt-vor-nato-aufnahme-der-ukraine\/#respond"]}]},{"@type":"WebPage","@id":"https:\/\/now-news.de\/de\/deutschland\/italiens-aussenminister-warnt-vor-nato-aufnahme-der-ukraine\/","url":"https:\/\/now-news.de\/de\/deutschland\/italiens-aussenminister-warnt-vor-nato-aufnahme-der-ukraine\/","name":"Italiens Au\u00dfenminister warnt vor NATO-Aufnahme der Ukraine - just-now.NEWS Deutschland","isPartOf":{"@id":"https:\/\/now-news.de\/de\/#website"},"primaryImageOfPage":{"@id":"https:\/\/now-news.de\/de\/deutschland\/italiens-aussenminister-warnt-vor-nato-aufnahme-der-ukraine\/#primaryimage"},"image":{"@id":"https:\/\/now-news.de\/de\/deutschland\/italiens-aussenminister-warnt-vor-nato-aufnahme-der-ukraine\/#primaryimage"},"thumbnailUrl":"https:\/\/now-news.de\/de\/wp-content\/uploads\/sites\/3\/2024\/02\/Italiens-Aussenminister-warnt-vor-NATO-Aufnahme-der-Ukraine.jpg","datePublished":"2024-02-18T11:15:23+00:00","dateModified":"2024-02-18T11:15:23+00:00","breadcrumb":{"@id":"https:\/\/now-news.de\/de\/deutschland\/italiens-aussenminister-warnt-vor-nato-aufnahme-der-ukraine\/#breadcrumb"},"inLanguage":"de","potentialAction":[{"@type":"ReadAction","target":["https:\/\/now-news.de\/de\/deutschland\/italiens-aussenminister-warnt-vor-nato-aufnahme-der-ukraine\/"]}]},{"@type":"ImageObject","inLanguage":"de","@id":"https:\/\/now-news.de\/de\/deutschland\/italiens-aussenminister-warnt-vor-nato-aufnahme-der-ukraine\/#primaryimage","url":"https:\/\/now-news.de\/de\/wp-content\/uploads\/sites\/3\/2024\/02\/Italiens-Aussenminister-warnt-vor-NATO-Aufnahme-der-Ukraine.jpg","contentUrl":"https:\/\/now-news.de\/de\/wp-content\/uploads\/sites\/3\/2024\/02\/Italiens-Aussenminister-warnt-vor-NATO-Aufnahme-der-Ukraine.jpg","width":460,"height":259,"caption":"Italiens Au\u00dfenminister warnt vor NATO-Aufnahme der Ukraine"},{"@type":"BreadcrumbList","@id":"https:\/\/now-news.de\/de\/deutschland\/italiens-aussenminister-warnt-vor-nato-aufnahme-der-ukraine\/#breadcrumb","itemListElement":[{"@type":"ListItem","position":1,"name":"Home","item":"https:\/\/now-news.de\/de\/"},{"@type":"ListItem","position":2,"name":"Italiens Au\u00dfenminister warnt vor NATO-Aufnahme der Ukraine"}]},{"@type":"WebSite","@id":"https:\/\/now-news.de\/de\/#website","url":"https:\/\/now-news.de\/de\/","name":"just-now.NEWS Deutschland","description":"Das Portal f\u00fcr unzensierte Nachrichten aus der Welt","publisher":{"@id":"https:\/\/now-news.de\/de\/#organization"},"potentialAction":[{"@type":"SearchAction","target":{"@type":"EntryPoint","urlTemplate":"https:\/\/now-news.de\/de\/?s={search_term_string}"},"query-input":"required name=search_term_string"}],"inLanguage":"de"},{"@type":"Organization","@id":"https:\/\/now-news.de\/de\/#organization","name":"Just Now News","url":"https:\/\/now-news.de\/de\/","logo":{"@type":"ImageObject","inLanguage":"de","@id":"https:\/\/now-news.de\/de\/#\/schema\/logo\/image\/","url":"http:\/\/just-now.news\/de\/wp-content\/uploads\/sites\/3\/2022\/04\/logo500x500.jpg","contentUrl":"http:\/\/just-now.news\/de\/wp-content\/uploads\/sites\/3\/2022\/04\/logo500x500.jpg","width":500,"height":500,"caption":"Just Now News"},"image":{"@id":"https:\/\/now-news.de\/de\/#\/schema\/logo\/image\/"},"sameAs":["https:\/\/www.facebook.com\/wirmachenauf","https:\/\/x.com\/WirMachenAuf_de"]},{"@type":"Person","@id":"https:\/\/now-news.de\/de\/#\/schema\/person\/fb534a4e865501d8b3285208df34a9b5","name":"rtnews","image":{"@type":"ImageObject","inLanguage":"de","@id":"https:\/\/now-news.de\/de\/#\/schema\/person\/image\/","url":"https:\/\/secure.gravatar.com\/avatar\/82aafea7d8127119dd649515f56e2117?s=96&d=mm&r=g","contentUrl":"https:\/\/secure.gravatar.com\/avatar\/82aafea7d8127119dd649515f56e2117?s=96&d=mm&r=g","caption":"rtnews"},"url":"https:\/\/now-news.de\/de\/author\/rnews\/"}]}},"_links":{"self":[{"href":"https:\/\/now-news.de\/de\/wp-json\/wp\/v2\/posts\/55536"}],"collection":[{"href":"https:\/\/now-news.de\/de\/wp-json\/wp\/v2\/posts"}],"about":[{"href":"https:\/\/now-news.de\/de\/wp-json\/wp\/v2\/types\/post"}],"author":[{"embeddable":true,"href":"https:\/\/now-news.de\/de\/wp-json\/wp\/v2\/users\/3"}],"replies":[{"embeddable":true,"href":"https:\/\/now-news.de\/de\/wp-json\/wp\/v2\/comments?post=55536"}],"version-history":[{"count":0,"href":"https:\/\/now-news.de\/de\/wp-json\/wp\/v2\/posts\/55536\/revisions"}],"wp:featuredmedia":[{"embeddable":true,"href":"https:\/\/now-news.de\/de\/wp-json\/wp\/v2\/media\/55537"}],"wp:attachment":[{"href":"https:\/\/now-news.de\/de\/wp-json\/wp\/v2\/media?parent=55536"}],"wp:term":[{"taxonomy":"category","embeddable":true,"href":"https:\/\/now-news.de\/de\/wp-json\/wp\/v2\/categories?post=55536"},{"taxonomy":"post_tag","embeddable":true,"href":"https:\/\/now-news.de\/de\/wp-json\/wp\/v2\/tags?post=55536"}],"curies":[{"name":"wp","href":"https:\/\/api.w.org\/{rel}","templated":true}]}}