{"id":55494,"date":"2024-02-17T14:28:13","date_gmt":"2024-02-17T12:28:13","guid":{"rendered":"https:\/\/just-now.news\/de\/deutschland\/in-einem-schiff-auf-dem-rhein-werteunion-hat-parteigruendung-vollzogen\/"},"modified":"2024-02-17T14:28:13","modified_gmt":"2024-02-17T12:28:13","slug":"in-einem-schiff-auf-dem-rhein-werteunion-hat-parteigruendung-vollzogen","status":"publish","type":"post","link":"https:\/\/now-news.de\/de\/deutschland\/in-einem-schiff-auf-dem-rhein-werteunion-hat-parteigruendung-vollzogen\/","title":{"rendered":"In einem Schiff auf dem Rhein: Werteunion hat Parteigr\u00fcndung vollzogen"},"content":{"rendered":"<p><img decoding=\"async\" src=\"http:\/\/just-now.news\/de\/wp-content\/uploads\/sites\/3\/2022\/10\/breaking3.jpg\" \/><\/p>\n<div class=\"Text-root Text-type_1 \">\n                Die Werteunion um den Verfassungsschutzchef Hans-Georg Maa\u00dfen hat sich als Partei gegr\u00fcndet. Gr\u00fcndungsort war ein Schiff auf dem Rhein. Die neue Partei will noch in diesem Jahr bei den Landtagswahlen im Osten antreten.\n            <\/div>\n<p><\/p>\n<div class=\"Text-root Text-type_5 ArticleView-text ViewText-root \">\n<p>Die Werteunion um den fr\u00fcheren Verfassungsschutzpr\u00e4sidenten Hans-Georg Maa\u00dfen ist in Remagen am Rhein zusammengekommen, um sich als Partei zu gr\u00fcnden. Maa\u00dfen und rund 20 Anh\u00e4nger gingen nach Angaben einer Reporterin der Nachrichtenagentur <em>dpa<\/em> am Sonnabend im Remagener Stadtteil Rolandseck an Bord eines Schiffes, das dann ablegte.<\/p>\n<p>Die Werteunion hatte den Ort geheim gehalten. Zun\u00e4chst war als Tagungsort das nahegelegene Bonn genannt worden.\u00a0Am Mittag meldete Maa\u00dfen dann Vollzug. In einem kurzen Post auf X schrieb er:<\/p>\n<p><em>&#8220;Done!&#8221;<\/em><\/p>\n<p>Dazu ver\u00f6ffentlichte er ein Foto, dass ihn mit zwei Parteikollegen am Heck des Schiffes MS Godesia auf dem Rhein zeigt.<\/p>\n<div class=\"EmbedBlock-root EmbedBlock-twitter\">\n<div class=\"TwitterEmbed\">\n<blockquote class=\"twitter-tweet lazyload\" data-twitter=\"twitter-tweet\">\n<p lang=\"en\" dir=\"ltr\">12:32 Uhr. Done!<a rel=\"nofollow noopener\" target=\"_blank\" href=\"https:\/\/twitter.com\/hashtag\/WerteUnion?src=hash&amp;ref_src=twsrc%5Etfw\">#WerteUnion<\/a><a rel=\"nofollow noopener\" target=\"_blank\" href=\"https:\/\/t.co\/IjdTFLNhEE\">pic.twitter.com\/IjdTFLNhEE<\/a><\/p>\n<p>\u2014 Hans-Georg Maa\u00dfen (@HGMaassen) <a rel=\"nofollow noopener\" target=\"_blank\" href=\"https:\/\/twitter.com\/HGMaassen\/status\/1758819148853817550?ref_src=twsrc%5Etfw\">February 17, 2024<\/a><\/p><\/blockquote>\n<\/div>\n<\/div>\n<p>Bei der Gr\u00fcndungsversammlung sollen nach fr\u00fcheren Angaben auch eine Satzung und ein Programm beschlossen werden. Der 61 Jahre alte Maa\u00dfen will nach eigenen Angaben f\u00fcr den Parteivorsitz kandidieren.<\/p>\n<p data-manual=\"paragraph\">Bereits im Januar hatte der Verein Werteunion bei einer Mitgliederversammlung in Erfurt durch die \u00dcbertragung des Namensrechts die Voraussetzung f\u00fcr die Parteigr\u00fcndung geschaffen. Die Partei Werteunion ist die zweite prominente Neugr\u00fcndung in diesem Jahr. Im Januar hatte sich bereits das B\u00fcndnis Sahra Wagenknecht (BSW) um die ehemalige Linken-Politikerin gebildet.<\/p>\n<p data-manual=\"paragraph\">Die Werteunion will nach nach Angaben von Vertretern bei den Landtagswahlen im September in Brandenburg, Sachsen und\u00a0Th\u00fcringen\u00a0antreten, nicht\u00a0jedoch bei der EU-Wahl im Juni.<\/p>\n<p data-manual=\"paragraph\">Maa\u00dfen war im Januar aus der CDU ausgetreten, nachdem der Vorstand der Partei gegen ihn\u00a0ein Ausschlussverfahren eingeleitet hatte. K\u00fcrzlich hatte er \u00f6ffentlich gemacht, dass das Bundesamt f\u00fcr Verfassungsschutz Daten \u00fcber ihn im Bereich Rechtsextremismus gespeichert habe.<\/p>\n<p data-manual=\"paragraph\"><strong>Mehr zum Thema<\/strong> &#8211; <a rel=\"nofollow noopener\" target=\"_blank\" href=\"https:\/\/freedert.online\/gesellschaft\/194639-kurz-nach-gruendung-werteunion-verfassungsschutz\/\">Kurz nach Gr\u00fcndung der &#8220;Werteunion&#8221;: Verfassungsschutz bespitzelt Parteichef Maa\u00dfen<\/a><\/p>\n<\/p>\n<\/div>\n<p><script async src=\"https:\/\/platform.twitter.com\/widgets.js\" charset=\"utf-8\"><\/script><br \/>\n<br \/><br \/>\n<br \/><a href=\"https:\/\/de.rt.com\/inland\/196507-in-schiff-auf-rhein-werteunion\/\">Source link <\/a><\/p>\n","protected":false},"excerpt":{"rendered":"<p>Die Werteunion um den Verfassungsschutzchef Hans-Georg Maa\u00dfen hat sich als Partei gegr\u00fcndet. Gr\u00fcndungsort war ein Schiff auf dem Rhein. Die neue Partei will noch in diesem Jahr bei den Landtagswahlen im Osten antreten. Die Werteunion um den fr\u00fcheren Verfassungsschutzpr\u00e4sidenten Hans-Georg Maa\u00dfen ist in Remagen am Rhein zusammengekommen, um sich als Partei zu gr\u00fcnden. Maa\u00dfen und [&hellip;]<\/p>\n","protected":false},"author":3,"featured_media":23828,"comment_status":"open","ping_status":"open","sticky":false,"template":"","format":"standard","meta":{"_yoast_indexnow_last_ping":["1708173480"],"wp_automatic_camp":["217"],"c40a9363b4e5c81578621566ba7fbfd6":["In einem Schiff auf dem Rhein: Werteunion hat Parteigr\u00fcndung vollzogen"],"original_link":["https:\/\/de.rt.com\/inland\/196507-in-schiff-auf-rhein-werteunion\/"],"_thumbnail_id":["23828"],"_wptgpro_p2tg_sent2tg":["a:1:{i:23737;s:19:\"2024-02-17 14:39:25\";}"],"jnews_social_counter_last_update":["1777347841"]},"categories":[19,23],"tags":[133,134,352,423,41813,22555,1425,53624,9680],"yoast_head":"<!-- This site is optimized with the Yoast SEO Premium plugin v22.7 (Yoast SEO v22.7) - https:\/\/yoast.com\/wordpress\/plugins\/seo\/ -->\n<title>In einem Schiff auf dem Rhein: Werteunion hat Parteigr\u00fcndung vollzogen - just-now.NEWS Deutschland<\/title>\n<meta name=\"robots\" content=\"index, follow, max-snippet:-1, max-image-preview:large, max-video-preview:-1\" \/>\n<link rel=\"canonical\" href=\"https:\/\/now-news.de\/de\/deutschland\/in-einem-schiff-auf-dem-rhein-werteunion-hat-parteigruendung-vollzogen\/\" \/>\n<meta property=\"og:locale\" content=\"de_DE\" \/>\n<meta property=\"og:type\" content=\"article\" \/>\n<meta property=\"og:title\" content=\"In einem Schiff auf dem Rhein: Werteunion hat Parteigr\u00fcndung vollzogen\" \/>\n<meta property=\"og:description\" content=\"Die Werteunion um den Verfassungsschutzchef Hans-Georg Maa\u00dfen hat sich als Partei gegr\u00fcndet. Gr\u00fcndungsort war ein Schiff auf dem Rhein. Die neue Partei will noch in diesem Jahr bei den Landtagswahlen im Osten antreten. Die Werteunion um den fr\u00fcheren Verfassungsschutzpr\u00e4sidenten Hans-Georg Maa\u00dfen ist in Remagen am Rhein zusammengekommen, um sich als Partei zu gr\u00fcnden. Maa\u00dfen und [&hellip;]\" \/>\n<meta property=\"og:url\" content=\"https:\/\/now-news.de\/de\/deutschland\/in-einem-schiff-auf-dem-rhein-werteunion-hat-parteigruendung-vollzogen\/\" \/>\n<meta property=\"og:site_name\" content=\"just-now.NEWS Deutschland\" \/>\n<meta property=\"article:publisher\" content=\"https:\/\/www.facebook.com\/wirmachenauf\" \/>\n<meta property=\"article:published_time\" content=\"2024-02-17T12:28:13+00:00\" \/>\n<meta property=\"og:image\" content=\"https:\/\/now-news.de\/de\/wp-content\/uploads\/sites\/3\/2022\/11\/Oberstes-britisches-Gericht-untersagt-Unabhaengigkeitsreferendum-in-Schottland.jpg\" \/>\n\t<meta property=\"og:image:width\" content=\"460\" \/>\n\t<meta property=\"og:image:height\" content=\"259\" \/>\n\t<meta property=\"og:image:type\" content=\"image\/jpeg\" \/>\n<meta name=\"author\" content=\"rtnews\" \/>\n<meta name=\"twitter:card\" content=\"summary_large_image\" \/>\n<meta name=\"twitter:creator\" content=\"@WirMachenAuf_de\" \/>\n<meta name=\"twitter:site\" content=\"@WirMachenAuf_de\" \/>\n<meta name=\"twitter:label1\" content=\"Verfasst von\" \/>\n\t<meta name=\"twitter:data1\" content=\"rtnews\" \/>\n\t<meta name=\"twitter:label2\" content=\"Gesch\u00e4tzte Lesezeit\" \/>\n\t<meta name=\"twitter:data2\" content=\"2\u00a0Minuten\" \/>\n<script type=\"application\/ld+json\" class=\"yoast-schema-graph\">{\"@context\":\"https:\/\/schema.org\",\"@graph\":[{\"@type\":\"Article\",\"@id\":\"https:\/\/now-news.de\/de\/deutschland\/in-einem-schiff-auf-dem-rhein-werteunion-hat-parteigruendung-vollzogen\/#article\",\"isPartOf\":{\"@id\":\"https:\/\/now-news.de\/de\/deutschland\/in-einem-schiff-auf-dem-rhein-werteunion-hat-parteigruendung-vollzogen\/\"},\"author\":{\"name\":\"rtnews\",\"@id\":\"https:\/\/now-news.de\/de\/#\/schema\/person\/fb534a4e865501d8b3285208df34a9b5\"},\"headline\":\"In einem Schiff auf dem Rhein: Werteunion hat Parteigr\u00fcndung vollzogen\",\"datePublished\":\"2024-02-17T12:28:13+00:00\",\"dateModified\":\"2024-02-17T12:28:13+00:00\",\"mainEntityOfPage\":{\"@id\":\"https:\/\/now-news.de\/de\/deutschland\/in-einem-schiff-auf-dem-rhein-werteunion-hat-parteigruendung-vollzogen\/\"},\"wordCount\":333,\"commentCount\":0,\"publisher\":{\"@id\":\"https:\/\/now-news.de\/de\/#organization\"},\"image\":{\"@id\":\"https:\/\/now-news.de\/de\/deutschland\/in-einem-schiff-auf-dem-rhein-werteunion-hat-parteigruendung-vollzogen\/#primaryimage\"},\"thumbnailUrl\":\"https:\/\/now-news.de\/de\/wp-content\/uploads\/sites\/3\/2022\/11\/Oberstes-britisches-Gericht-untersagt-Unabhaengigkeitsreferendum-in-Schottland.jpg\",\"keywords\":[\"AUF\",\"DEM\",\"einem\",\"hat\",\"Parteigr\u00fcndung\",\"Rhein\",\"Schiff\",\"vollzogen\",\"werteunion\"],\"articleSection\":[\"Deutschland\",\"Russland\"],\"inLanguage\":\"de\",\"potentialAction\":[{\"@type\":\"CommentAction\",\"name\":\"Comment\",\"target\":[\"https:\/\/now-news.de\/de\/deutschland\/in-einem-schiff-auf-dem-rhein-werteunion-hat-parteigruendung-vollzogen\/#respond\"]}]},{\"@type\":\"WebPage\",\"@id\":\"https:\/\/now-news.de\/de\/deutschland\/in-einem-schiff-auf-dem-rhein-werteunion-hat-parteigruendung-vollzogen\/\",\"url\":\"https:\/\/now-news.de\/de\/deutschland\/in-einem-schiff-auf-dem-rhein-werteunion-hat-parteigruendung-vollzogen\/\",\"name\":\"In einem Schiff auf dem Rhein: Werteunion hat Parteigr\u00fcndung vollzogen - just-now.NEWS Deutschland\",\"isPartOf\":{\"@id\":\"https:\/\/now-news.de\/de\/#website\"},\"primaryImageOfPage\":{\"@id\":\"https:\/\/now-news.de\/de\/deutschland\/in-einem-schiff-auf-dem-rhein-werteunion-hat-parteigruendung-vollzogen\/#primaryimage\"},\"image\":{\"@id\":\"https:\/\/now-news.de\/de\/deutschland\/in-einem-schiff-auf-dem-rhein-werteunion-hat-parteigruendung-vollzogen\/#primaryimage\"},\"thumbnailUrl\":\"https:\/\/now-news.de\/de\/wp-content\/uploads\/sites\/3\/2022\/11\/Oberstes-britisches-Gericht-untersagt-Unabhaengigkeitsreferendum-in-Schottland.jpg\",\"datePublished\":\"2024-02-17T12:28:13+00:00\",\"dateModified\":\"2024-02-17T12:28:13+00:00\",\"breadcrumb\":{\"@id\":\"https:\/\/now-news.de\/de\/deutschland\/in-einem-schiff-auf-dem-rhein-werteunion-hat-parteigruendung-vollzogen\/#breadcrumb\"},\"inLanguage\":\"de\",\"potentialAction\":[{\"@type\":\"ReadAction\",\"target\":[\"https:\/\/now-news.de\/de\/deutschland\/in-einem-schiff-auf-dem-rhein-werteunion-hat-parteigruendung-vollzogen\/\"]}]},{\"@type\":\"ImageObject\",\"inLanguage\":\"de\",\"@id\":\"https:\/\/now-news.de\/de\/deutschland\/in-einem-schiff-auf-dem-rhein-werteunion-hat-parteigruendung-vollzogen\/#primaryimage\",\"url\":\"https:\/\/now-news.de\/de\/wp-content\/uploads\/sites\/3\/2022\/11\/Oberstes-britisches-Gericht-untersagt-Unabhaengigkeitsreferendum-in-Schottland.jpg\",\"contentUrl\":\"https:\/\/now-news.de\/de\/wp-content\/uploads\/sites\/3\/2022\/11\/Oberstes-britisches-Gericht-untersagt-Unabhaengigkeitsreferendum-in-Schottland.jpg\",\"width\":460,\"height\":259,\"caption\":\"Oberstes britisches Gericht untersagt Unabh\u00e4ngigkeitsreferendum in Schottland\"},{\"@type\":\"BreadcrumbList\",\"@id\":\"https:\/\/now-news.de\/de\/deutschland\/in-einem-schiff-auf-dem-rhein-werteunion-hat-parteigruendung-vollzogen\/#breadcrumb\",\"itemListElement\":[{\"@type\":\"ListItem\",\"position\":1,\"name\":\"Home\",\"item\":\"https:\/\/now-news.de\/de\/\"},{\"@type\":\"ListItem\",\"position\":2,\"name\":\"In einem Schiff auf dem Rhein: Werteunion hat Parteigr\u00fcndung vollzogen\"}]},{\"@type\":\"WebSite\",\"@id\":\"https:\/\/now-news.de\/de\/#website\",\"url\":\"https:\/\/now-news.de\/de\/\",\"name\":\"just-now.NEWS Deutschland\",\"description\":\"Das Portal f\u00fcr unzensierte Nachrichten aus der Welt\",\"publisher\":{\"@id\":\"https:\/\/now-news.de\/de\/#organization\"},\"potentialAction\":[{\"@type\":\"SearchAction\",\"target\":{\"@type\":\"EntryPoint\",\"urlTemplate\":\"https:\/\/now-news.de\/de\/?s={search_term_string}\"},\"query-input\":\"required name=search_term_string\"}],\"inLanguage\":\"de\"},{\"@type\":\"Organization\",\"@id\":\"https:\/\/now-news.de\/de\/#organization\",\"name\":\"Just Now News\",\"url\":\"https:\/\/now-news.de\/de\/\",\"logo\":{\"@type\":\"ImageObject\",\"inLanguage\":\"de\",\"@id\":\"https:\/\/now-news.de\/de\/#\/schema\/logo\/image\/\",\"url\":\"http:\/\/just-now.news\/de\/wp-content\/uploads\/sites\/3\/2022\/04\/logo500x500.jpg\",\"contentUrl\":\"http:\/\/just-now.news\/de\/wp-content\/uploads\/sites\/3\/2022\/04\/logo500x500.jpg\",\"width\":500,\"height\":500,\"caption\":\"Just Now News\"},\"image\":{\"@id\":\"https:\/\/now-news.de\/de\/#\/schema\/logo\/image\/\"},\"sameAs\":[\"https:\/\/www.facebook.com\/wirmachenauf\",\"https:\/\/x.com\/WirMachenAuf_de\"]},{\"@type\":\"Person\",\"@id\":\"https:\/\/now-news.de\/de\/#\/schema\/person\/fb534a4e865501d8b3285208df34a9b5\",\"name\":\"rtnews\",\"image\":{\"@type\":\"ImageObject\",\"inLanguage\":\"de\",\"@id\":\"https:\/\/now-news.de\/de\/#\/schema\/person\/image\/\",\"url\":\"https:\/\/secure.gravatar.com\/avatar\/82aafea7d8127119dd649515f56e2117?s=96&d=mm&r=g\",\"contentUrl\":\"https:\/\/secure.gravatar.com\/avatar\/82aafea7d8127119dd649515f56e2117?s=96&d=mm&r=g\",\"caption\":\"rtnews\"},\"url\":\"https:\/\/now-news.de\/de\/author\/rnews\/\"}]}<\/script>\n<!-- \/ Yoast SEO Premium plugin. -->","yoast_head_json":{"title":"In einem Schiff auf dem Rhein: Werteunion hat Parteigr\u00fcndung vollzogen - just-now.NEWS Deutschland","robots":{"index":"index","follow":"follow","max-snippet":"max-snippet:-1","max-image-preview":"max-image-preview:large","max-video-preview":"max-video-preview:-1"},"canonical":"https:\/\/now-news.de\/de\/deutschland\/in-einem-schiff-auf-dem-rhein-werteunion-hat-parteigruendung-vollzogen\/","og_locale":"de_DE","og_type":"article","og_title":"In einem Schiff auf dem Rhein: Werteunion hat Parteigr\u00fcndung vollzogen","og_description":"Die Werteunion um den Verfassungsschutzchef Hans-Georg Maa\u00dfen hat sich als Partei gegr\u00fcndet. Gr\u00fcndungsort war ein Schiff auf dem Rhein. Die neue Partei will noch in diesem Jahr bei den Landtagswahlen im Osten antreten. Die Werteunion um den fr\u00fcheren Verfassungsschutzpr\u00e4sidenten Hans-Georg Maa\u00dfen ist in Remagen am Rhein zusammengekommen, um sich als Partei zu gr\u00fcnden. Maa\u00dfen und [&hellip;]","og_url":"https:\/\/now-news.de\/de\/deutschland\/in-einem-schiff-auf-dem-rhein-werteunion-hat-parteigruendung-vollzogen\/","og_site_name":"just-now.NEWS Deutschland","article_publisher":"https:\/\/www.facebook.com\/wirmachenauf","article_published_time":"2024-02-17T12:28:13+00:00","og_image":[{"width":460,"height":259,"url":"https:\/\/now-news.de\/de\/wp-content\/uploads\/sites\/3\/2022\/11\/Oberstes-britisches-Gericht-untersagt-Unabhaengigkeitsreferendum-in-Schottland.jpg","type":"image\/jpeg"}],"author":"rtnews","twitter_card":"summary_large_image","twitter_creator":"@WirMachenAuf_de","twitter_site":"@WirMachenAuf_de","twitter_misc":{"Verfasst von":"rtnews","Gesch\u00e4tzte Lesezeit":"2\u00a0Minuten"},"schema":{"@context":"https:\/\/schema.org","@graph":[{"@type":"Article","@id":"https:\/\/now-news.de\/de\/deutschland\/in-einem-schiff-auf-dem-rhein-werteunion-hat-parteigruendung-vollzogen\/#article","isPartOf":{"@id":"https:\/\/now-news.de\/de\/deutschland\/in-einem-schiff-auf-dem-rhein-werteunion-hat-parteigruendung-vollzogen\/"},"author":{"name":"rtnews","@id":"https:\/\/now-news.de\/de\/#\/schema\/person\/fb534a4e865501d8b3285208df34a9b5"},"headline":"In einem Schiff auf dem Rhein: Werteunion hat Parteigr\u00fcndung vollzogen","datePublished":"2024-02-17T12:28:13+00:00","dateModified":"2024-02-17T12:28:13+00:00","mainEntityOfPage":{"@id":"https:\/\/now-news.de\/de\/deutschland\/in-einem-schiff-auf-dem-rhein-werteunion-hat-parteigruendung-vollzogen\/"},"wordCount":333,"commentCount":0,"publisher":{"@id":"https:\/\/now-news.de\/de\/#organization"},"image":{"@id":"https:\/\/now-news.de\/de\/deutschland\/in-einem-schiff-auf-dem-rhein-werteunion-hat-parteigruendung-vollzogen\/#primaryimage"},"thumbnailUrl":"https:\/\/now-news.de\/de\/wp-content\/uploads\/sites\/3\/2022\/11\/Oberstes-britisches-Gericht-untersagt-Unabhaengigkeitsreferendum-in-Schottland.jpg","keywords":["AUF","DEM","einem","hat","Parteigr\u00fcndung","Rhein","Schiff","vollzogen","werteunion"],"articleSection":["Deutschland","Russland"],"inLanguage":"de","potentialAction":[{"@type":"CommentAction","name":"Comment","target":["https:\/\/now-news.de\/de\/deutschland\/in-einem-schiff-auf-dem-rhein-werteunion-hat-parteigruendung-vollzogen\/#respond"]}]},{"@type":"WebPage","@id":"https:\/\/now-news.de\/de\/deutschland\/in-einem-schiff-auf-dem-rhein-werteunion-hat-parteigruendung-vollzogen\/","url":"https:\/\/now-news.de\/de\/deutschland\/in-einem-schiff-auf-dem-rhein-werteunion-hat-parteigruendung-vollzogen\/","name":"In einem Schiff auf dem Rhein: Werteunion hat Parteigr\u00fcndung vollzogen - just-now.NEWS Deutschland","isPartOf":{"@id":"https:\/\/now-news.de\/de\/#website"},"primaryImageOfPage":{"@id":"https:\/\/now-news.de\/de\/deutschland\/in-einem-schiff-auf-dem-rhein-werteunion-hat-parteigruendung-vollzogen\/#primaryimage"},"image":{"@id":"https:\/\/now-news.de\/de\/deutschland\/in-einem-schiff-auf-dem-rhein-werteunion-hat-parteigruendung-vollzogen\/#primaryimage"},"thumbnailUrl":"https:\/\/now-news.de\/de\/wp-content\/uploads\/sites\/3\/2022\/11\/Oberstes-britisches-Gericht-untersagt-Unabhaengigkeitsreferendum-in-Schottland.jpg","datePublished":"2024-02-17T12:28:13+00:00","dateModified":"2024-02-17T12:28:13+00:00","breadcrumb":{"@id":"https:\/\/now-news.de\/de\/deutschland\/in-einem-schiff-auf-dem-rhein-werteunion-hat-parteigruendung-vollzogen\/#breadcrumb"},"inLanguage":"de","potentialAction":[{"@type":"ReadAction","target":["https:\/\/now-news.de\/de\/deutschland\/in-einem-schiff-auf-dem-rhein-werteunion-hat-parteigruendung-vollzogen\/"]}]},{"@type":"ImageObject","inLanguage":"de","@id":"https:\/\/now-news.de\/de\/deutschland\/in-einem-schiff-auf-dem-rhein-werteunion-hat-parteigruendung-vollzogen\/#primaryimage","url":"https:\/\/now-news.de\/de\/wp-content\/uploads\/sites\/3\/2022\/11\/Oberstes-britisches-Gericht-untersagt-Unabhaengigkeitsreferendum-in-Schottland.jpg","contentUrl":"https:\/\/now-news.de\/de\/wp-content\/uploads\/sites\/3\/2022\/11\/Oberstes-britisches-Gericht-untersagt-Unabhaengigkeitsreferendum-in-Schottland.jpg","width":460,"height":259,"caption":"Oberstes britisches Gericht untersagt Unabh\u00e4ngigkeitsreferendum in Schottland"},{"@type":"BreadcrumbList","@id":"https:\/\/now-news.de\/de\/deutschland\/in-einem-schiff-auf-dem-rhein-werteunion-hat-parteigruendung-vollzogen\/#breadcrumb","itemListElement":[{"@type":"ListItem","position":1,"name":"Home","item":"https:\/\/now-news.de\/de\/"},{"@type":"ListItem","position":2,"name":"In einem Schiff auf dem Rhein: Werteunion hat Parteigr\u00fcndung vollzogen"}]},{"@type":"WebSite","@id":"https:\/\/now-news.de\/de\/#website","url":"https:\/\/now-news.de\/de\/","name":"just-now.NEWS Deutschland","description":"Das Portal f\u00fcr unzensierte Nachrichten aus der Welt","publisher":{"@id":"https:\/\/now-news.de\/de\/#organization"},"potentialAction":[{"@type":"SearchAction","target":{"@type":"EntryPoint","urlTemplate":"https:\/\/now-news.de\/de\/?s={search_term_string}"},"query-input":"required name=search_term_string"}],"inLanguage":"de"},{"@type":"Organization","@id":"https:\/\/now-news.de\/de\/#organization","name":"Just Now News","url":"https:\/\/now-news.de\/de\/","logo":{"@type":"ImageObject","inLanguage":"de","@id":"https:\/\/now-news.de\/de\/#\/schema\/logo\/image\/","url":"http:\/\/just-now.news\/de\/wp-content\/uploads\/sites\/3\/2022\/04\/logo500x500.jpg","contentUrl":"http:\/\/just-now.news\/de\/wp-content\/uploads\/sites\/3\/2022\/04\/logo500x500.jpg","width":500,"height":500,"caption":"Just Now News"},"image":{"@id":"https:\/\/now-news.de\/de\/#\/schema\/logo\/image\/"},"sameAs":["https:\/\/www.facebook.com\/wirmachenauf","https:\/\/x.com\/WirMachenAuf_de"]},{"@type":"Person","@id":"https:\/\/now-news.de\/de\/#\/schema\/person\/fb534a4e865501d8b3285208df34a9b5","name":"rtnews","image":{"@type":"ImageObject","inLanguage":"de","@id":"https:\/\/now-news.de\/de\/#\/schema\/person\/image\/","url":"https:\/\/secure.gravatar.com\/avatar\/82aafea7d8127119dd649515f56e2117?s=96&d=mm&r=g","contentUrl":"https:\/\/secure.gravatar.com\/avatar\/82aafea7d8127119dd649515f56e2117?s=96&d=mm&r=g","caption":"rtnews"},"url":"https:\/\/now-news.de\/de\/author\/rnews\/"}]}},"_links":{"self":[{"href":"https:\/\/now-news.de\/de\/wp-json\/wp\/v2\/posts\/55494"}],"collection":[{"href":"https:\/\/now-news.de\/de\/wp-json\/wp\/v2\/posts"}],"about":[{"href":"https:\/\/now-news.de\/de\/wp-json\/wp\/v2\/types\/post"}],"author":[{"embeddable":true,"href":"https:\/\/now-news.de\/de\/wp-json\/wp\/v2\/users\/3"}],"replies":[{"embeddable":true,"href":"https:\/\/now-news.de\/de\/wp-json\/wp\/v2\/comments?post=55494"}],"version-history":[{"count":0,"href":"https:\/\/now-news.de\/de\/wp-json\/wp\/v2\/posts\/55494\/revisions"}],"wp:featuredmedia":[{"embeddable":true,"href":"https:\/\/now-news.de\/de\/wp-json\/wp\/v2\/media\/23828"}],"wp:attachment":[{"href":"https:\/\/now-news.de\/de\/wp-json\/wp\/v2\/media?parent=55494"}],"wp:term":[{"taxonomy":"category","embeddable":true,"href":"https:\/\/now-news.de\/de\/wp-json\/wp\/v2\/categories?post=55494"},{"taxonomy":"post_tag","embeddable":true,"href":"https:\/\/now-news.de\/de\/wp-json\/wp\/v2\/tags?post=55494"}],"curies":[{"name":"wp","href":"https:\/\/api.w.org\/{rel}","templated":true}]}}