{"id":55488,"date":"2024-02-17T11:33:59","date_gmt":"2024-02-17T09:33:59","guid":{"rendered":"https:\/\/just-now.news\/de\/deutschland\/serbien-westliche-erpressungen-und-oestliche-herausforderungen\/"},"modified":"2024-02-17T11:33:59","modified_gmt":"2024-02-17T09:33:59","slug":"serbien-westliche-erpressungen-und-oestliche-herausforderungen","status":"publish","type":"post","link":"https:\/\/now-news.de\/de\/deutschland\/serbien-westliche-erpressungen-und-oestliche-herausforderungen\/","title":{"rendered":"Serbien: Westliche Erpressungen und \u00f6stliche Herausforderungen"},"content":{"rendered":"<p><img decoding=\"async\" src=\"http:\/\/just-now.news\/de\/wp-content\/uploads\/sites\/3\/2024\/02\/65cb3bb748fbef48622f8c2f.jpg\" \/><\/p>\n<div class=\"Text-root Text-type_1 \">\n                Der ungarische Premierminister Viktor Orb\u00e1n hat als erster Nachbar Serbiens erkannt, dass Serbien nicht endlos im europ\u00e4ischen Vorzimmer warten kann und dass es h\u00f6chste Zeit ist, einen Weg aus der Sackgasse zu finden. Wohin wird der Weg Belgrad f\u00fchren?\n            <\/div>\n<p><\/p>\n<div class=\"Text-root Text-type_5 ArticleView-text ViewText-root \">\n<p><em>Von Marinko U\u010dur<\/em><\/p>\n<p>Ob der ungarische Premierminister Viktor Orb\u00e1n hellsichtig ist oder die politischen Prozesse in Europa und der Welt einfach nur anders begreifen kann, ist schwer zu sagen. Aber diese Frage taucht ja in den Kreisen von Medien und Politikern h\u00e4ufig auf. Allerdings kann man Orb\u00e1ns au\u00dfergew\u00f6hnliche F\u00e4higkeiten zum Antizipieren von Ereignissen nicht ignorieren, \u00fcber die viele europ\u00e4ische Staats- und Regierungschefs offenbar nicht verf\u00fcgen. Diese F\u00e4higkeit stellte der erste Mann der ungarischen Regierung am vergangenen Wochenende erneut unter Beweis, als er behauptete:<\/p>\n<blockquote>\n<p><em>&#8220;Serbien muss so schnell wie m\u00f6glich in die Europ\u00e4ische Union aufgenommen werden, sonst wird Br\u00fcssel verlieren.&#8221; <\/em><\/p>\n<\/blockquote>\n<p>Es ist nicht schwer zu erahnen, dass Orb\u00e1n als erster Nachbar Serbiens erkannte, dass dieses Land nicht endlos im europ\u00e4ischen Vorzimmer warten kann und dass es h\u00f6chste Zeit ist, einen Weg aus der Sackgasse zu finden.<\/p>\n<p>In einem Interview mit der \u00f6sterreichischen Tageszeitung <em>Die Presse<\/em> sagte Orb\u00e1n, dass man sich in Belgrad im Falle einer weiteren Verz\u00f6gerung des EU-Beitritts f\u00fcr die Zusammenarbeit mit anderen Partnern entscheiden k\u00f6nne.<\/p>\n<p>Nur Uninformierten bleibt unklar, wen Orb\u00e1n damit meinte. Er ist sich der Tatsache bewusst, dass es f\u00fcr Serbien erm\u00fcdend geworden ist, endlos auf Signale aus Br\u00fcssel f\u00fcr eine Mitgliedschaft in dieser Union zu warten. Allerdings stellt die Br\u00fcsseler EU-Administration gegen\u00fcber Belgrad immer wieder neue Bedingungen und Ultimaten auf, die in Serbien selbst zu wachsender EU-Skepsis gef\u00fchrt haben.<\/p>\n<p><strong>Wie kann Br\u00fcssel Serbien als ernsthaftesten und reifsten Beitrittskandidaten verlieren?<\/strong><\/p>\n<p>Ganz einfach: Orb\u00e1ns Worte werden auch viele serbische Amtstr\u00e4ger best\u00e4tigen. Serbien wird keine Wahl gelassen: Entweder wird es die Usurpation und Besetzung von Teilen seines eigenen Territoriums akzeptieren (die selbsternannte abtr\u00fcnnige Provinz Kosovo stellt 15 Prozent des Staatsgebiets Serbiens dar) oder es wird seinen eigenen Weg beschreiten, der dieses Land unweigerlich &#8220;in die H\u00e4nde Russlands und Chinas schieben wird&#8221;, wie man in Br\u00fcssel gerne behauptet. Und tats\u00e4chlich bedeutet das offizielle serbische Bekenntnis zur EU-Mitgliedschaft derzeit nicht viel, da man in Br\u00fcssel, mit der eigenen proukrainischen Agenda besch\u00e4ftigt ist und die Erweiterung der Mitgliederzahl ans Ende der Priorit\u00e4tenliste geschoben hat.<\/p>\n<p>Doch Serbien hat es wirklich eilig. In Belgrad hielt man jedem Druck stand und lie\u00df die traditionellen Freunde auf der Welt nicht im Stich. Serbien hat keine Sanktionen gegen Russland verh\u00e4ngt. Der Flugverkehr mit Moskau und Sankt Petersburg verl\u00e4uft reibungslos. Im Oktober letzten Jahres wurde mit China ein Freihandelsabkommen unterzeichnet.<\/p>\n<p>Serbien hat auch eine andere Wahl, und die ist sogar nach derzeitigem Stand immer aussichtsvoller. Offensichtlich bezog sich Viktor Orb\u00e1n in seinem Interview mit diesem \u00f6sterreichischen Medium auf diese M\u00f6glichkeiten Serbiens. Es scheint, dass Br\u00fcssel mit seinem Vorgehen Serbien lediglich in die H\u00e4nde derjenigen schiebt, die der Westen als Feinde wahrnimmt.<\/p>\n<p>Andererseits betrachtet Serbien diese L\u00e4nder, insbesondere die Russische F\u00f6deration, als seine traditionellen Freunde und Verb\u00fcndeten. Es ist schwer vorstellbar, was passieren w\u00fcrde, wenn Serbien aufgrund der fragw\u00fcrdigen europ\u00e4ischen Zukunft seinen Kurs g\u00e4nzlich \u00e4ndern und die politischen Prozesse in Richtung Osten und einer eurasischen Partnerschaft intensivieren w\u00fcrde.<\/p>\n<p>Russophobe prowestliche Elemente in bestimmten, wenn auch randst\u00e4ndigen Kreisen der serbischen Opposition w\u00fcrden dies als &#8220;Weltuntergang&#8221; betrachten. Ihre Plattit\u00fcde, Serbien habe einen Platz in der EU, sogar in der NATO, schwindet immer mehr und wurde aufgrund der &#8220;kalten Dusche&#8221; aus Stra\u00dfburg letzte Woche und des Versuchs von Europaabgeordneten, sich in den Wahlprozess in Serbien einzumischen, entlarvt.<\/p>\n<p>Die eingangs erw\u00e4hnte Erkl\u00e4rung des ungarischen Premierministers erfolgte nur wenige Tage nach der unverbindlichen Erkl\u00e4rung des Europ\u00e4ischen Parlament, eine internationale Untersuchung der angeblichen Unregelm\u00e4\u00dfigkeiten bei den Wahlen im vergangenen Dezember in Serbien zu fordern.<\/p>\n<p>Solche Positionen, auch wenn sie unverbindlich sind, gie\u00dfen \u00d6l ins Feuer und verwirren die serbischen B\u00fcrger, die der Erpressungen aus Br\u00fcssel ohnehin schon \u00fcberdr\u00fcssig sind. Deshalb k\u00f6nnte dieses Jahr eine Neupositionierung der serbischen Au\u00dfenpolitik und ein klares Bekenntnis bringen, alle Karten offen auf den Tisch zu legen.<\/p>\n<p><strong>Mehr zum Thema<\/strong> \u2013 <a rel=\"nofollow noopener\" target=\"_blank\" href=\"https:\/\/freeassange.rtde.life\/europa\/195422-deutsche-politik-auf-balkan-bestrebungen\/\">Deutsche Politik auf dem Balkan: Ambitionen, Milit\u00e4r und Rhetorik <\/a><\/p>\n<div class=\"EmbedBlock-root EmbedBlock-externalVideo EmbedBlock-vk\">\n<div class=\"VkEmbed\"><iframe class=\"lazyload\" data-src=\"https:\/\/vk.com\/video_ext.php?oid=-134310637&amp;id=456273252\" frameborder=\"0\" width=\"853\" height=\"480\" allowfullscreen><\/iframe><\/div>\n<\/div>\n<\/div>\n<p><br \/>\n<br \/><a href=\"https:\/\/de.rt.com\/europa\/195993-serbien-westliche-erpressungen-und-oestliche-herausforderungen\/\">Source link <\/a><\/p>\n","protected":false},"excerpt":{"rendered":"<p>Der ungarische Premierminister Viktor Orb\u00e1n hat als erster Nachbar Serbiens erkannt, dass Serbien nicht endlos im europ\u00e4ischen Vorzimmer warten kann und dass es h\u00f6chste Zeit ist, einen Weg aus der Sackgasse zu finden. Wohin wird der Weg Belgrad f\u00fchren? Von Marinko U\u010dur Ob der ungarische Premierminister Viktor Orb\u00e1n hellsichtig ist oder die politischen Prozesse in [&hellip;]<\/p>\n","protected":false},"author":3,"featured_media":55489,"comment_status":"open","ping_status":"open","sticky":false,"template":"","format":"standard","meta":{"_yoast_indexnow_last_ping":["1708162925"],"wp_automatic_camp":["217"],"5079ea1ba0dc6157b1f07ba4141ca9e1":["Serbien: Westliche Erpressungen und \u00f6stliche Herausforderungen"],"original_link":["https:\/\/de.rt.com\/europa\/195993-serbien-westliche-erpressungen-und-oestliche-herausforderungen\/"],"_thumbnail_id":["55489"],"_wptgpro_p2tg_sent2tg":["a:1:{i:23737;s:19:\"2024-02-17 11:43:06\";}"],"jnews_social_counter_last_update":["1777276613"]},"categories":[19,23],"tags":[25819,25513,53621,978,140,740],"yoast_head":"<!-- This site is optimized with the Yoast SEO Premium plugin v22.7 (Yoast SEO v22.7) - https:\/\/yoast.com\/wordpress\/plugins\/seo\/ -->\n<title>Serbien: Westliche Erpressungen und \u00f6stliche Herausforderungen - just-now.NEWS Deutschland<\/title>\n<meta name=\"robots\" content=\"index, follow, max-snippet:-1, max-image-preview:large, max-video-preview:-1\" \/>\n<link rel=\"canonical\" href=\"https:\/\/now-news.de\/de\/deutschland\/serbien-westliche-erpressungen-und-oestliche-herausforderungen\/\" \/>\n<meta property=\"og:locale\" content=\"de_DE\" \/>\n<meta property=\"og:type\" content=\"article\" \/>\n<meta property=\"og:title\" content=\"Serbien: Westliche Erpressungen und \u00f6stliche Herausforderungen\" \/>\n<meta property=\"og:description\" content=\"Der ungarische Premierminister Viktor Orb\u00e1n hat als erster Nachbar Serbiens erkannt, dass Serbien nicht endlos im europ\u00e4ischen Vorzimmer warten kann und dass es h\u00f6chste Zeit ist, einen Weg aus der Sackgasse zu finden. Wohin wird der Weg Belgrad f\u00fchren? Von Marinko U\u010dur Ob der ungarische Premierminister Viktor Orb\u00e1n hellsichtig ist oder die politischen Prozesse in [&hellip;]\" \/>\n<meta property=\"og:url\" content=\"https:\/\/now-news.de\/de\/deutschland\/serbien-westliche-erpressungen-und-oestliche-herausforderungen\/\" \/>\n<meta property=\"og:site_name\" content=\"just-now.NEWS Deutschland\" \/>\n<meta property=\"article:publisher\" content=\"https:\/\/www.facebook.com\/wirmachenauf\" \/>\n<meta property=\"article:published_time\" content=\"2024-02-17T09:33:59+00:00\" \/>\n<meta property=\"og:image\" content=\"https:\/\/now-news.de\/de\/wp-content\/uploads\/sites\/3\/2024\/02\/Serbien-Westliche-Erpressungen-und-oestliche-Herausforderungen.jpg\" \/>\n\t<meta property=\"og:image:width\" content=\"460\" \/>\n\t<meta property=\"og:image:height\" content=\"259\" \/>\n\t<meta property=\"og:image:type\" content=\"image\/jpeg\" \/>\n<meta name=\"author\" content=\"rtnews\" \/>\n<meta name=\"twitter:card\" content=\"summary_large_image\" \/>\n<meta name=\"twitter:creator\" content=\"@WirMachenAuf_de\" \/>\n<meta name=\"twitter:site\" content=\"@WirMachenAuf_de\" \/>\n<meta name=\"twitter:label1\" content=\"Verfasst von\" \/>\n\t<meta name=\"twitter:data1\" content=\"rtnews\" \/>\n\t<meta name=\"twitter:label2\" content=\"Gesch\u00e4tzte Lesezeit\" \/>\n\t<meta name=\"twitter:data2\" content=\"4\u00a0Minuten\" \/>\n<script type=\"application\/ld+json\" class=\"yoast-schema-graph\">{\"@context\":\"https:\/\/schema.org\",\"@graph\":[{\"@type\":\"Article\",\"@id\":\"https:\/\/now-news.de\/de\/deutschland\/serbien-westliche-erpressungen-und-oestliche-herausforderungen\/#article\",\"isPartOf\":{\"@id\":\"https:\/\/now-news.de\/de\/deutschland\/serbien-westliche-erpressungen-und-oestliche-herausforderungen\/\"},\"author\":{\"name\":\"rtnews\",\"@id\":\"https:\/\/now-news.de\/de\/#\/schema\/person\/fb534a4e865501d8b3285208df34a9b5\"},\"headline\":\"Serbien: Westliche Erpressungen und \u00f6stliche Herausforderungen\",\"datePublished\":\"2024-02-17T09:33:59+00:00\",\"dateModified\":\"2024-02-17T09:33:59+00:00\",\"mainEntityOfPage\":{\"@id\":\"https:\/\/now-news.de\/de\/deutschland\/serbien-westliche-erpressungen-und-oestliche-herausforderungen\/\"},\"wordCount\":748,\"commentCount\":0,\"publisher\":{\"@id\":\"https:\/\/now-news.de\/de\/#organization\"},\"image\":{\"@id\":\"https:\/\/now-news.de\/de\/deutschland\/serbien-westliche-erpressungen-und-oestliche-herausforderungen\/#primaryimage\"},\"thumbnailUrl\":\"https:\/\/now-news.de\/de\/wp-content\/uploads\/sites\/3\/2024\/02\/Serbien-Westliche-Erpressungen-und-oestliche-Herausforderungen.jpg\",\"keywords\":[\"Erpressungen\",\"Herausforderungen\",\"\u00f6stliche\",\"Serbien\",\"und\",\"westliche\"],\"articleSection\":[\"Deutschland\",\"Russland\"],\"inLanguage\":\"de\",\"potentialAction\":[{\"@type\":\"CommentAction\",\"name\":\"Comment\",\"target\":[\"https:\/\/now-news.de\/de\/deutschland\/serbien-westliche-erpressungen-und-oestliche-herausforderungen\/#respond\"]}]},{\"@type\":\"WebPage\",\"@id\":\"https:\/\/now-news.de\/de\/deutschland\/serbien-westliche-erpressungen-und-oestliche-herausforderungen\/\",\"url\":\"https:\/\/now-news.de\/de\/deutschland\/serbien-westliche-erpressungen-und-oestliche-herausforderungen\/\",\"name\":\"Serbien: Westliche Erpressungen und \u00f6stliche Herausforderungen - just-now.NEWS Deutschland\",\"isPartOf\":{\"@id\":\"https:\/\/now-news.de\/de\/#website\"},\"primaryImageOfPage\":{\"@id\":\"https:\/\/now-news.de\/de\/deutschland\/serbien-westliche-erpressungen-und-oestliche-herausforderungen\/#primaryimage\"},\"image\":{\"@id\":\"https:\/\/now-news.de\/de\/deutschland\/serbien-westliche-erpressungen-und-oestliche-herausforderungen\/#primaryimage\"},\"thumbnailUrl\":\"https:\/\/now-news.de\/de\/wp-content\/uploads\/sites\/3\/2024\/02\/Serbien-Westliche-Erpressungen-und-oestliche-Herausforderungen.jpg\",\"datePublished\":\"2024-02-17T09:33:59+00:00\",\"dateModified\":\"2024-02-17T09:33:59+00:00\",\"breadcrumb\":{\"@id\":\"https:\/\/now-news.de\/de\/deutschland\/serbien-westliche-erpressungen-und-oestliche-herausforderungen\/#breadcrumb\"},\"inLanguage\":\"de\",\"potentialAction\":[{\"@type\":\"ReadAction\",\"target\":[\"https:\/\/now-news.de\/de\/deutschland\/serbien-westliche-erpressungen-und-oestliche-herausforderungen\/\"]}]},{\"@type\":\"ImageObject\",\"inLanguage\":\"de\",\"@id\":\"https:\/\/now-news.de\/de\/deutschland\/serbien-westliche-erpressungen-und-oestliche-herausforderungen\/#primaryimage\",\"url\":\"https:\/\/now-news.de\/de\/wp-content\/uploads\/sites\/3\/2024\/02\/Serbien-Westliche-Erpressungen-und-oestliche-Herausforderungen.jpg\",\"contentUrl\":\"https:\/\/now-news.de\/de\/wp-content\/uploads\/sites\/3\/2024\/02\/Serbien-Westliche-Erpressungen-und-oestliche-Herausforderungen.jpg\",\"width\":460,\"height\":259,\"caption\":\"Serbien: Westliche Erpressungen und \u00f6stliche Herausforderungen\"},{\"@type\":\"BreadcrumbList\",\"@id\":\"https:\/\/now-news.de\/de\/deutschland\/serbien-westliche-erpressungen-und-oestliche-herausforderungen\/#breadcrumb\",\"itemListElement\":[{\"@type\":\"ListItem\",\"position\":1,\"name\":\"Home\",\"item\":\"https:\/\/now-news.de\/de\/\"},{\"@type\":\"ListItem\",\"position\":2,\"name\":\"Serbien: Westliche Erpressungen und \u00f6stliche Herausforderungen\"}]},{\"@type\":\"WebSite\",\"@id\":\"https:\/\/now-news.de\/de\/#website\",\"url\":\"https:\/\/now-news.de\/de\/\",\"name\":\"just-now.NEWS Deutschland\",\"description\":\"Das Portal f\u00fcr unzensierte Nachrichten aus der Welt\",\"publisher\":{\"@id\":\"https:\/\/now-news.de\/de\/#organization\"},\"potentialAction\":[{\"@type\":\"SearchAction\",\"target\":{\"@type\":\"EntryPoint\",\"urlTemplate\":\"https:\/\/now-news.de\/de\/?s={search_term_string}\"},\"query-input\":\"required name=search_term_string\"}],\"inLanguage\":\"de\"},{\"@type\":\"Organization\",\"@id\":\"https:\/\/now-news.de\/de\/#organization\",\"name\":\"Just Now News\",\"url\":\"https:\/\/now-news.de\/de\/\",\"logo\":{\"@type\":\"ImageObject\",\"inLanguage\":\"de\",\"@id\":\"https:\/\/now-news.de\/de\/#\/schema\/logo\/image\/\",\"url\":\"http:\/\/just-now.news\/de\/wp-content\/uploads\/sites\/3\/2022\/04\/logo500x500.jpg\",\"contentUrl\":\"http:\/\/just-now.news\/de\/wp-content\/uploads\/sites\/3\/2022\/04\/logo500x500.jpg\",\"width\":500,\"height\":500,\"caption\":\"Just Now News\"},\"image\":{\"@id\":\"https:\/\/now-news.de\/de\/#\/schema\/logo\/image\/\"},\"sameAs\":[\"https:\/\/www.facebook.com\/wirmachenauf\",\"https:\/\/x.com\/WirMachenAuf_de\"]},{\"@type\":\"Person\",\"@id\":\"https:\/\/now-news.de\/de\/#\/schema\/person\/fb534a4e865501d8b3285208df34a9b5\",\"name\":\"rtnews\",\"image\":{\"@type\":\"ImageObject\",\"inLanguage\":\"de\",\"@id\":\"https:\/\/now-news.de\/de\/#\/schema\/person\/image\/\",\"url\":\"https:\/\/secure.gravatar.com\/avatar\/82aafea7d8127119dd649515f56e2117?s=96&d=mm&r=g\",\"contentUrl\":\"https:\/\/secure.gravatar.com\/avatar\/82aafea7d8127119dd649515f56e2117?s=96&d=mm&r=g\",\"caption\":\"rtnews\"},\"url\":\"https:\/\/now-news.de\/de\/author\/rnews\/\"}]}<\/script>\n<!-- \/ Yoast SEO Premium plugin. -->","yoast_head_json":{"title":"Serbien: Westliche Erpressungen und \u00f6stliche Herausforderungen - just-now.NEWS Deutschland","robots":{"index":"index","follow":"follow","max-snippet":"max-snippet:-1","max-image-preview":"max-image-preview:large","max-video-preview":"max-video-preview:-1"},"canonical":"https:\/\/now-news.de\/de\/deutschland\/serbien-westliche-erpressungen-und-oestliche-herausforderungen\/","og_locale":"de_DE","og_type":"article","og_title":"Serbien: Westliche Erpressungen und \u00f6stliche Herausforderungen","og_description":"Der ungarische Premierminister Viktor Orb\u00e1n hat als erster Nachbar Serbiens erkannt, dass Serbien nicht endlos im europ\u00e4ischen Vorzimmer warten kann und dass es h\u00f6chste Zeit ist, einen Weg aus der Sackgasse zu finden. Wohin wird der Weg Belgrad f\u00fchren? Von Marinko U\u010dur Ob der ungarische Premierminister Viktor Orb\u00e1n hellsichtig ist oder die politischen Prozesse in [&hellip;]","og_url":"https:\/\/now-news.de\/de\/deutschland\/serbien-westliche-erpressungen-und-oestliche-herausforderungen\/","og_site_name":"just-now.NEWS Deutschland","article_publisher":"https:\/\/www.facebook.com\/wirmachenauf","article_published_time":"2024-02-17T09:33:59+00:00","og_image":[{"width":460,"height":259,"url":"https:\/\/now-news.de\/de\/wp-content\/uploads\/sites\/3\/2024\/02\/Serbien-Westliche-Erpressungen-und-oestliche-Herausforderungen.jpg","type":"image\/jpeg"}],"author":"rtnews","twitter_card":"summary_large_image","twitter_creator":"@WirMachenAuf_de","twitter_site":"@WirMachenAuf_de","twitter_misc":{"Verfasst von":"rtnews","Gesch\u00e4tzte Lesezeit":"4\u00a0Minuten"},"schema":{"@context":"https:\/\/schema.org","@graph":[{"@type":"Article","@id":"https:\/\/now-news.de\/de\/deutschland\/serbien-westliche-erpressungen-und-oestliche-herausforderungen\/#article","isPartOf":{"@id":"https:\/\/now-news.de\/de\/deutschland\/serbien-westliche-erpressungen-und-oestliche-herausforderungen\/"},"author":{"name":"rtnews","@id":"https:\/\/now-news.de\/de\/#\/schema\/person\/fb534a4e865501d8b3285208df34a9b5"},"headline":"Serbien: Westliche Erpressungen und \u00f6stliche Herausforderungen","datePublished":"2024-02-17T09:33:59+00:00","dateModified":"2024-02-17T09:33:59+00:00","mainEntityOfPage":{"@id":"https:\/\/now-news.de\/de\/deutschland\/serbien-westliche-erpressungen-und-oestliche-herausforderungen\/"},"wordCount":748,"commentCount":0,"publisher":{"@id":"https:\/\/now-news.de\/de\/#organization"},"image":{"@id":"https:\/\/now-news.de\/de\/deutschland\/serbien-westliche-erpressungen-und-oestliche-herausforderungen\/#primaryimage"},"thumbnailUrl":"https:\/\/now-news.de\/de\/wp-content\/uploads\/sites\/3\/2024\/02\/Serbien-Westliche-Erpressungen-und-oestliche-Herausforderungen.jpg","keywords":["Erpressungen","Herausforderungen","\u00f6stliche","Serbien","und","westliche"],"articleSection":["Deutschland","Russland"],"inLanguage":"de","potentialAction":[{"@type":"CommentAction","name":"Comment","target":["https:\/\/now-news.de\/de\/deutschland\/serbien-westliche-erpressungen-und-oestliche-herausforderungen\/#respond"]}]},{"@type":"WebPage","@id":"https:\/\/now-news.de\/de\/deutschland\/serbien-westliche-erpressungen-und-oestliche-herausforderungen\/","url":"https:\/\/now-news.de\/de\/deutschland\/serbien-westliche-erpressungen-und-oestliche-herausforderungen\/","name":"Serbien: Westliche Erpressungen und \u00f6stliche Herausforderungen - just-now.NEWS Deutschland","isPartOf":{"@id":"https:\/\/now-news.de\/de\/#website"},"primaryImageOfPage":{"@id":"https:\/\/now-news.de\/de\/deutschland\/serbien-westliche-erpressungen-und-oestliche-herausforderungen\/#primaryimage"},"image":{"@id":"https:\/\/now-news.de\/de\/deutschland\/serbien-westliche-erpressungen-und-oestliche-herausforderungen\/#primaryimage"},"thumbnailUrl":"https:\/\/now-news.de\/de\/wp-content\/uploads\/sites\/3\/2024\/02\/Serbien-Westliche-Erpressungen-und-oestliche-Herausforderungen.jpg","datePublished":"2024-02-17T09:33:59+00:00","dateModified":"2024-02-17T09:33:59+00:00","breadcrumb":{"@id":"https:\/\/now-news.de\/de\/deutschland\/serbien-westliche-erpressungen-und-oestliche-herausforderungen\/#breadcrumb"},"inLanguage":"de","potentialAction":[{"@type":"ReadAction","target":["https:\/\/now-news.de\/de\/deutschland\/serbien-westliche-erpressungen-und-oestliche-herausforderungen\/"]}]},{"@type":"ImageObject","inLanguage":"de","@id":"https:\/\/now-news.de\/de\/deutschland\/serbien-westliche-erpressungen-und-oestliche-herausforderungen\/#primaryimage","url":"https:\/\/now-news.de\/de\/wp-content\/uploads\/sites\/3\/2024\/02\/Serbien-Westliche-Erpressungen-und-oestliche-Herausforderungen.jpg","contentUrl":"https:\/\/now-news.de\/de\/wp-content\/uploads\/sites\/3\/2024\/02\/Serbien-Westliche-Erpressungen-und-oestliche-Herausforderungen.jpg","width":460,"height":259,"caption":"Serbien: Westliche Erpressungen und \u00f6stliche Herausforderungen"},{"@type":"BreadcrumbList","@id":"https:\/\/now-news.de\/de\/deutschland\/serbien-westliche-erpressungen-und-oestliche-herausforderungen\/#breadcrumb","itemListElement":[{"@type":"ListItem","position":1,"name":"Home","item":"https:\/\/now-news.de\/de\/"},{"@type":"ListItem","position":2,"name":"Serbien: Westliche Erpressungen und \u00f6stliche Herausforderungen"}]},{"@type":"WebSite","@id":"https:\/\/now-news.de\/de\/#website","url":"https:\/\/now-news.de\/de\/","name":"just-now.NEWS Deutschland","description":"Das Portal f\u00fcr unzensierte Nachrichten aus der Welt","publisher":{"@id":"https:\/\/now-news.de\/de\/#organization"},"potentialAction":[{"@type":"SearchAction","target":{"@type":"EntryPoint","urlTemplate":"https:\/\/now-news.de\/de\/?s={search_term_string}"},"query-input":"required name=search_term_string"}],"inLanguage":"de"},{"@type":"Organization","@id":"https:\/\/now-news.de\/de\/#organization","name":"Just Now News","url":"https:\/\/now-news.de\/de\/","logo":{"@type":"ImageObject","inLanguage":"de","@id":"https:\/\/now-news.de\/de\/#\/schema\/logo\/image\/","url":"http:\/\/just-now.news\/de\/wp-content\/uploads\/sites\/3\/2022\/04\/logo500x500.jpg","contentUrl":"http:\/\/just-now.news\/de\/wp-content\/uploads\/sites\/3\/2022\/04\/logo500x500.jpg","width":500,"height":500,"caption":"Just Now News"},"image":{"@id":"https:\/\/now-news.de\/de\/#\/schema\/logo\/image\/"},"sameAs":["https:\/\/www.facebook.com\/wirmachenauf","https:\/\/x.com\/WirMachenAuf_de"]},{"@type":"Person","@id":"https:\/\/now-news.de\/de\/#\/schema\/person\/fb534a4e865501d8b3285208df34a9b5","name":"rtnews","image":{"@type":"ImageObject","inLanguage":"de","@id":"https:\/\/now-news.de\/de\/#\/schema\/person\/image\/","url":"https:\/\/secure.gravatar.com\/avatar\/82aafea7d8127119dd649515f56e2117?s=96&d=mm&r=g","contentUrl":"https:\/\/secure.gravatar.com\/avatar\/82aafea7d8127119dd649515f56e2117?s=96&d=mm&r=g","caption":"rtnews"},"url":"https:\/\/now-news.de\/de\/author\/rnews\/"}]}},"_links":{"self":[{"href":"https:\/\/now-news.de\/de\/wp-json\/wp\/v2\/posts\/55488"}],"collection":[{"href":"https:\/\/now-news.de\/de\/wp-json\/wp\/v2\/posts"}],"about":[{"href":"https:\/\/now-news.de\/de\/wp-json\/wp\/v2\/types\/post"}],"author":[{"embeddable":true,"href":"https:\/\/now-news.de\/de\/wp-json\/wp\/v2\/users\/3"}],"replies":[{"embeddable":true,"href":"https:\/\/now-news.de\/de\/wp-json\/wp\/v2\/comments?post=55488"}],"version-history":[{"count":0,"href":"https:\/\/now-news.de\/de\/wp-json\/wp\/v2\/posts\/55488\/revisions"}],"wp:featuredmedia":[{"embeddable":true,"href":"https:\/\/now-news.de\/de\/wp-json\/wp\/v2\/media\/55489"}],"wp:attachment":[{"href":"https:\/\/now-news.de\/de\/wp-json\/wp\/v2\/media?parent=55488"}],"wp:term":[{"taxonomy":"category","embeddable":true,"href":"https:\/\/now-news.de\/de\/wp-json\/wp\/v2\/categories?post=55488"},{"taxonomy":"post_tag","embeddable":true,"href":"https:\/\/now-news.de\/de\/wp-json\/wp\/v2\/tags?post=55488"}],"curies":[{"name":"wp","href":"https:\/\/api.w.org\/{rel}","templated":true}]}}