{"id":55474,"date":"2024-02-16T22:56:18","date_gmt":"2024-02-16T20:56:18","guid":{"rendered":"https:\/\/just-now.news\/de\/deutschland\/abgeordnete-taylor-greene-zu-aussenminister-cameron-wegen-ukraine-hilfe-leck-mich-am-arsch\/"},"modified":"2024-02-16T22:56:18","modified_gmt":"2024-02-16T20:56:18","slug":"abgeordnete-taylor-greene-zu-aussenminister-cameron-wegen-ukraine-hilfe-leck-mich-am-arsch","status":"publish","type":"post","link":"https:\/\/now-news.de\/de\/deutschland\/abgeordnete-taylor-greene-zu-aussenminister-cameron-wegen-ukraine-hilfe-leck-mich-am-arsch\/","title":{"rendered":"Abgeordnete Taylor Greene zu Au\u00dfenminister Cameron wegen Ukraine-Hilfe: &quot;Leck mich am Arsch&quot;"},"content":{"rendered":"<p><img decoding=\"async\" src=\"http:\/\/just-now.news\/de\/wp-content\/uploads\/sites\/3\/2024\/02\/65cf768bb480cc38577ead24.jpg\" \/><\/p>\n<div class=\"Text-root Text-type_1 \">\n                Die US-Politikerin Marjorie Taylor Greene ist kein Kind von Traurigkeit. Das belegt auch ihre Reaktion auf die Aussage des britischen Au\u00dfenministers David Cameron, man d\u00fcrfe gegen\u00fcber Moskau &#8220;keine Schw\u00e4che zeigen, wie gegen\u00fcber Hitler&#8221;.\n            <\/div>\n<p><\/p>\n<div class=\"Text-root Text-type_5 ArticleView-text ViewText-root \">\n<p>Die republikanische Abgeordnete Marjorie Taylor Greene aus dem US-Bundesstaat Georgia zeigte sich sichtlich irritiert \u00fcber eine Aussage des britischen Au\u00dfenministers David Cameron.<\/p>\n<p>Cameron hatte in einem Artikel auf der US-Seite <em><a rel=\"nofollow noopener\" target=\"_blank\" href=\"https:\/\/thehill.com\/opinion\/international\/4465907-david-cameron-pass-ukraine-funding-for-the-sake-of-global-security\/\">The Hill<\/a><\/em> im Zusammenhang mit der stockenden Ukraine-Hilfe der Vereinigten Staaten geschrieben:<\/p>\n<blockquote>\n<p><em>&#8220;Ich glaube, unsere gemeinsame Geschichte zeigt, wie t\u00f6richt es ist, Tyrannen in Europa nachzugeben, die glauben, Grenzen mit Gewalt neu ziehen zu k\u00f6nnen. \u2026 Ich m\u00f6chte nicht, dass wir die Schw\u00e4che zeigen, die wir in den 1930er-Jahren gegen\u00fcber Hitler gezeigt haben. Er kam und wollte mehr, es kostete uns weit mehr Leben, seine Aggression zu stoppen.&#8221;<\/em><\/p>\n<\/blockquote>\n<p>Der britische Au\u00dfenminister bezog sich in seinem Artikel konkret auf die festgefahrene Situation rund um das 95,3 Milliarden US-Dollar (rund 88,6 Milliarden Euro) schwere Hilfspaket f\u00fcr die Ukraine. Das Geld wird vor allem durch republikanische Stimmen blockiert.<\/p>\n<p>Die republikanische Abgeordnete Taylor Greene im US-Repr\u00e4sentantenhaus wurde von dem britischen Nachrichtensender <em>Sky News<\/em> mit den Aussagen Camerons konfrontiert. Die Politikerin, von der bekannt ist, dass sie kein Blatt vor den Mund nimmt, sagte dem Nachrichtensender:<\/p>\n<blockquote>\n<p><em>&#8220;Es ist mir wirklich egal, was David Cameron zu sagen hat. \u2026 Ich finde, das ist eine unh\u00f6fliche Beschimpfung, und ich sch\u00e4tze diese Art von Sprache nicht. David Cameron muss sich um sein eigenes Land k\u00fcmmern und, offen gesagt, kann er mich am Arsch lecken.&#8221;<\/em><\/p>\n<\/blockquote>\n<p>Taylor Greene hat schon mehrfach f\u00fcr Schlagzeilen gesorgt. Unter anderem im Februar 2022, als sie &#8220;Gestapo&#8221; und &#8220;Gazpacho&#8221; verwechselte und der damaligen Sprecherin des US-Repr\u00e4sentantenhauses Nancy Pelosi vorwarf, dass die &#8220;Gazpacho-Polizei&#8221; Mitglieder des US-Kongresses ausspioniere.<\/p>\n<p><strong>Mehr zum Thema<\/strong> \u2013 <a rel=\"nofollow noopener\" target=\"_blank\" href=\"https:\/\/freeassange.rtde.life\/nordamerika\/196378-us-repraesentantenhaus-verschiebt-abstimmung-ueber\/\">US-Repr\u00e4sentantenhaus verschiebt Abstimmung \u00fcber Gesetzentwurf zu Ukraine-Hilfe <\/a><\/p>\n<div class=\"EmbedBlock-root EmbedBlock-externalVideo EmbedBlock-odysee\">\n<div class=\"VkEmbed\"><iframe class=\"lazyload\" data-src=\"https:\/\/odysee.com\/%24\/embed\/%40RTDE%3Ae%2FAwdejewka-stark-umk%C3%A4mpft--USA-warnen-vor-Fall-der-ukrainischen-Stadt%3A1\" frameborder=\"0\" width=\"853\" height=\"480\" allowfullscreen><\/iframe><\/div>\n<\/div>\n<\/div>\n<p><br \/>\n<br \/><a href=\"https:\/\/de.rt.com\/nordamerika\/196414-marjorie-taylor-greene-zu-david\/\">Source link <\/a><\/p>\n","protected":false},"excerpt":{"rendered":"<p>Die US-Politikerin Marjorie Taylor Greene ist kein Kind von Traurigkeit. Das belegt auch ihre Reaktion auf die Aussage des britischen Au\u00dfenministers David Cameron, man d\u00fcrfe gegen\u00fcber Moskau &#8220;keine Schw\u00e4che zeigen, wie gegen\u00fcber Hitler&#8221;. Die republikanische Abgeordnete Marjorie Taylor Greene aus dem US-Bundesstaat Georgia zeigte sich sichtlich irritiert \u00fcber eine Aussage des britischen Au\u00dfenministers David Cameron. [&hellip;]<\/p>\n","protected":false},"author":3,"featured_media":55475,"comment_status":"open","ping_status":"open","sticky":false,"template":"","format":"standard","meta":{"_yoast_indexnow_last_ping":["1708117680"],"wp_automatic_camp":["217"],"354a40be07ed341f2b3136c8f5ba76e8":["Abgeordnete Taylor Greene zu Au\u00dfenminister Cameron wegen Ukraine-Hilfe: &quot;Leck mich am Arsch&quot;"],"original_link":["https:\/\/de.rt.com\/nordamerika\/196414-marjorie-taylor-greene-zu-david\/"],"_thumbnail_id":["55475"],"jnews_social_counter_last_update":["1777253007"],"_wptgpro_p2tg_sent2tg":["a:1:{i:23737;s:19:\"2024-02-16 23:09:01\";}"]},"categories":[19,23],"tags":[7626,53617,13830,16848,19387,3568,53616,2437,35508,145],"yoast_head":"<!-- This site is optimized with the Yoast SEO Premium plugin v22.7 (Yoast SEO v22.7) - https:\/\/yoast.com\/wordpress\/plugins\/seo\/ -->\n<title>Abgeordnete Taylor Greene zu Au\u00dfenminister Cameron wegen Ukraine-Hilfe: &quot;Leck mich am Arsch&quot; - just-now.NEWS Deutschland<\/title>\n<meta name=\"robots\" content=\"index, follow, max-snippet:-1, max-image-preview:large, max-video-preview:-1\" \/>\n<link rel=\"canonical\" href=\"https:\/\/now-news.de\/de\/deutschland\/abgeordnete-taylor-greene-zu-aussenminister-cameron-wegen-ukraine-hilfe-leck-mich-am-arsch\/\" \/>\n<meta property=\"og:locale\" content=\"de_DE\" \/>\n<meta property=\"og:type\" content=\"article\" \/>\n<meta property=\"og:title\" content=\"Abgeordnete Taylor Greene zu Au\u00dfenminister Cameron wegen Ukraine-Hilfe: &quot;Leck mich am Arsch&quot;\" \/>\n<meta property=\"og:description\" content=\"Die US-Politikerin Marjorie Taylor Greene ist kein Kind von Traurigkeit. Das belegt auch ihre Reaktion auf die Aussage des britischen Au\u00dfenministers David Cameron, man d\u00fcrfe gegen\u00fcber Moskau &#8220;keine Schw\u00e4che zeigen, wie gegen\u00fcber Hitler&#8221;. Die republikanische Abgeordnete Marjorie Taylor Greene aus dem US-Bundesstaat Georgia zeigte sich sichtlich irritiert \u00fcber eine Aussage des britischen Au\u00dfenministers David Cameron. [&hellip;]\" \/>\n<meta property=\"og:url\" content=\"https:\/\/now-news.de\/de\/deutschland\/abgeordnete-taylor-greene-zu-aussenminister-cameron-wegen-ukraine-hilfe-leck-mich-am-arsch\/\" \/>\n<meta property=\"og:site_name\" content=\"just-now.NEWS Deutschland\" \/>\n<meta property=\"article:publisher\" content=\"https:\/\/www.facebook.com\/wirmachenauf\" \/>\n<meta property=\"article:published_time\" content=\"2024-02-16T20:56:18+00:00\" \/>\n<meta property=\"og:image\" content=\"https:\/\/now-news.de\/de\/wp-content\/uploads\/sites\/3\/2024\/02\/Abgeordnete-Taylor-Greene-zu-Aussenminister-Cameron-wegen-Ukraine-Hilfe-quotLeck-mich.jpg\" \/>\n\t<meta property=\"og:image:width\" content=\"460\" \/>\n\t<meta property=\"og:image:height\" content=\"259\" \/>\n\t<meta property=\"og:image:type\" content=\"image\/jpeg\" \/>\n<meta name=\"author\" content=\"rtnews\" \/>\n<meta name=\"twitter:card\" content=\"summary_large_image\" \/>\n<meta name=\"twitter:creator\" content=\"@WirMachenAuf_de\" \/>\n<meta name=\"twitter:site\" content=\"@WirMachenAuf_de\" \/>\n<meta name=\"twitter:label1\" content=\"Verfasst von\" \/>\n\t<meta name=\"twitter:data1\" content=\"rtnews\" \/>\n\t<meta name=\"twitter:label2\" content=\"Gesch\u00e4tzte Lesezeit\" \/>\n\t<meta name=\"twitter:data2\" content=\"2\u00a0Minuten\" \/>\n<script type=\"application\/ld+json\" class=\"yoast-schema-graph\">{\"@context\":\"https:\/\/schema.org\",\"@graph\":[{\"@type\":\"Article\",\"@id\":\"https:\/\/now-news.de\/de\/deutschland\/abgeordnete-taylor-greene-zu-aussenminister-cameron-wegen-ukraine-hilfe-leck-mich-am-arsch\/#article\",\"isPartOf\":{\"@id\":\"https:\/\/now-news.de\/de\/deutschland\/abgeordnete-taylor-greene-zu-aussenminister-cameron-wegen-ukraine-hilfe-leck-mich-am-arsch\/\"},\"author\":{\"name\":\"rtnews\",\"@id\":\"https:\/\/now-news.de\/de\/#\/schema\/person\/fb534a4e865501d8b3285208df34a9b5\"},\"headline\":\"Abgeordnete Taylor Greene zu Au\u00dfenminister Cameron wegen Ukraine-Hilfe: &quot;Leck mich am Arsch&quot;\",\"datePublished\":\"2024-02-16T20:56:18+00:00\",\"dateModified\":\"2024-02-16T20:56:18+00:00\",\"mainEntityOfPage\":{\"@id\":\"https:\/\/now-news.de\/de\/deutschland\/abgeordnete-taylor-greene-zu-aussenminister-cameron-wegen-ukraine-hilfe-leck-mich-am-arsch\/\"},\"wordCount\":327,\"commentCount\":0,\"publisher\":{\"@id\":\"https:\/\/now-news.de\/de\/#organization\"},\"image\":{\"@id\":\"https:\/\/now-news.de\/de\/deutschland\/abgeordnete-taylor-greene-zu-aussenminister-cameron-wegen-ukraine-hilfe-leck-mich-am-arsch\/#primaryimage\"},\"thumbnailUrl\":\"https:\/\/now-news.de\/de\/wp-content\/uploads\/sites\/3\/2024\/02\/Abgeordnete-Taylor-Greene-zu-Aussenminister-Cameron-wegen-Ukraine-Hilfe-quotLeck-mich.jpg\",\"keywords\":[\"Abgeordnete\",\"Arschquot\",\"Au\u00dfenminister\",\"Cameron\",\"Greene\",\"mich\",\"quotLeck\",\"Taylor\",\"UkraineHilfe\",\"wegen\"],\"articleSection\":[\"Deutschland\",\"Russland\"],\"inLanguage\":\"de\",\"potentialAction\":[{\"@type\":\"CommentAction\",\"name\":\"Comment\",\"target\":[\"https:\/\/now-news.de\/de\/deutschland\/abgeordnete-taylor-greene-zu-aussenminister-cameron-wegen-ukraine-hilfe-leck-mich-am-arsch\/#respond\"]}]},{\"@type\":\"WebPage\",\"@id\":\"https:\/\/now-news.de\/de\/deutschland\/abgeordnete-taylor-greene-zu-aussenminister-cameron-wegen-ukraine-hilfe-leck-mich-am-arsch\/\",\"url\":\"https:\/\/now-news.de\/de\/deutschland\/abgeordnete-taylor-greene-zu-aussenminister-cameron-wegen-ukraine-hilfe-leck-mich-am-arsch\/\",\"name\":\"Abgeordnete Taylor Greene zu Au\u00dfenminister Cameron wegen Ukraine-Hilfe: &quot;Leck mich am Arsch&quot; - just-now.NEWS Deutschland\",\"isPartOf\":{\"@id\":\"https:\/\/now-news.de\/de\/#website\"},\"primaryImageOfPage\":{\"@id\":\"https:\/\/now-news.de\/de\/deutschland\/abgeordnete-taylor-greene-zu-aussenminister-cameron-wegen-ukraine-hilfe-leck-mich-am-arsch\/#primaryimage\"},\"image\":{\"@id\":\"https:\/\/now-news.de\/de\/deutschland\/abgeordnete-taylor-greene-zu-aussenminister-cameron-wegen-ukraine-hilfe-leck-mich-am-arsch\/#primaryimage\"},\"thumbnailUrl\":\"https:\/\/now-news.de\/de\/wp-content\/uploads\/sites\/3\/2024\/02\/Abgeordnete-Taylor-Greene-zu-Aussenminister-Cameron-wegen-Ukraine-Hilfe-quotLeck-mich.jpg\",\"datePublished\":\"2024-02-16T20:56:18+00:00\",\"dateModified\":\"2024-02-16T20:56:18+00:00\",\"breadcrumb\":{\"@id\":\"https:\/\/now-news.de\/de\/deutschland\/abgeordnete-taylor-greene-zu-aussenminister-cameron-wegen-ukraine-hilfe-leck-mich-am-arsch\/#breadcrumb\"},\"inLanguage\":\"de\",\"potentialAction\":[{\"@type\":\"ReadAction\",\"target\":[\"https:\/\/now-news.de\/de\/deutschland\/abgeordnete-taylor-greene-zu-aussenminister-cameron-wegen-ukraine-hilfe-leck-mich-am-arsch\/\"]}]},{\"@type\":\"ImageObject\",\"inLanguage\":\"de\",\"@id\":\"https:\/\/now-news.de\/de\/deutschland\/abgeordnete-taylor-greene-zu-aussenminister-cameron-wegen-ukraine-hilfe-leck-mich-am-arsch\/#primaryimage\",\"url\":\"https:\/\/now-news.de\/de\/wp-content\/uploads\/sites\/3\/2024\/02\/Abgeordnete-Taylor-Greene-zu-Aussenminister-Cameron-wegen-Ukraine-Hilfe-quotLeck-mich.jpg\",\"contentUrl\":\"https:\/\/now-news.de\/de\/wp-content\/uploads\/sites\/3\/2024\/02\/Abgeordnete-Taylor-Greene-zu-Aussenminister-Cameron-wegen-Ukraine-Hilfe-quotLeck-mich.jpg\",\"width\":460,\"height\":259,\"caption\":\"Abgeordnete Taylor Greene zu Au\u00dfenminister Cameron wegen Ukraine-Hilfe: &quot;Leck mich am Arsch&quot;\"},{\"@type\":\"BreadcrumbList\",\"@id\":\"https:\/\/now-news.de\/de\/deutschland\/abgeordnete-taylor-greene-zu-aussenminister-cameron-wegen-ukraine-hilfe-leck-mich-am-arsch\/#breadcrumb\",\"itemListElement\":[{\"@type\":\"ListItem\",\"position\":1,\"name\":\"Home\",\"item\":\"https:\/\/now-news.de\/de\/\"},{\"@type\":\"ListItem\",\"position\":2,\"name\":\"Abgeordnete Taylor Greene zu Au\u00dfenminister Cameron wegen Ukraine-Hilfe: &quot;Leck mich am Arsch&quot;\"}]},{\"@type\":\"WebSite\",\"@id\":\"https:\/\/now-news.de\/de\/#website\",\"url\":\"https:\/\/now-news.de\/de\/\",\"name\":\"just-now.NEWS Deutschland\",\"description\":\"Das Portal f\u00fcr unzensierte Nachrichten aus der Welt\",\"publisher\":{\"@id\":\"https:\/\/now-news.de\/de\/#organization\"},\"potentialAction\":[{\"@type\":\"SearchAction\",\"target\":{\"@type\":\"EntryPoint\",\"urlTemplate\":\"https:\/\/now-news.de\/de\/?s={search_term_string}\"},\"query-input\":\"required name=search_term_string\"}],\"inLanguage\":\"de\"},{\"@type\":\"Organization\",\"@id\":\"https:\/\/now-news.de\/de\/#organization\",\"name\":\"Just Now News\",\"url\":\"https:\/\/now-news.de\/de\/\",\"logo\":{\"@type\":\"ImageObject\",\"inLanguage\":\"de\",\"@id\":\"https:\/\/now-news.de\/de\/#\/schema\/logo\/image\/\",\"url\":\"http:\/\/just-now.news\/de\/wp-content\/uploads\/sites\/3\/2022\/04\/logo500x500.jpg\",\"contentUrl\":\"http:\/\/just-now.news\/de\/wp-content\/uploads\/sites\/3\/2022\/04\/logo500x500.jpg\",\"width\":500,\"height\":500,\"caption\":\"Just Now News\"},\"image\":{\"@id\":\"https:\/\/now-news.de\/de\/#\/schema\/logo\/image\/\"},\"sameAs\":[\"https:\/\/www.facebook.com\/wirmachenauf\",\"https:\/\/x.com\/WirMachenAuf_de\"]},{\"@type\":\"Person\",\"@id\":\"https:\/\/now-news.de\/de\/#\/schema\/person\/fb534a4e865501d8b3285208df34a9b5\",\"name\":\"rtnews\",\"image\":{\"@type\":\"ImageObject\",\"inLanguage\":\"de\",\"@id\":\"https:\/\/now-news.de\/de\/#\/schema\/person\/image\/\",\"url\":\"https:\/\/secure.gravatar.com\/avatar\/82aafea7d8127119dd649515f56e2117?s=96&d=mm&r=g\",\"contentUrl\":\"https:\/\/secure.gravatar.com\/avatar\/82aafea7d8127119dd649515f56e2117?s=96&d=mm&r=g\",\"caption\":\"rtnews\"},\"url\":\"https:\/\/now-news.de\/de\/author\/rnews\/\"}]}<\/script>\n<!-- \/ Yoast SEO Premium plugin. -->","yoast_head_json":{"title":"Abgeordnete Taylor Greene zu Au\u00dfenminister Cameron wegen Ukraine-Hilfe: &quot;Leck mich am Arsch&quot; - just-now.NEWS Deutschland","robots":{"index":"index","follow":"follow","max-snippet":"max-snippet:-1","max-image-preview":"max-image-preview:large","max-video-preview":"max-video-preview:-1"},"canonical":"https:\/\/now-news.de\/de\/deutschland\/abgeordnete-taylor-greene-zu-aussenminister-cameron-wegen-ukraine-hilfe-leck-mich-am-arsch\/","og_locale":"de_DE","og_type":"article","og_title":"Abgeordnete Taylor Greene zu Au\u00dfenminister Cameron wegen Ukraine-Hilfe: &quot;Leck mich am Arsch&quot;","og_description":"Die US-Politikerin Marjorie Taylor Greene ist kein Kind von Traurigkeit. Das belegt auch ihre Reaktion auf die Aussage des britischen Au\u00dfenministers David Cameron, man d\u00fcrfe gegen\u00fcber Moskau &#8220;keine Schw\u00e4che zeigen, wie gegen\u00fcber Hitler&#8221;. Die republikanische Abgeordnete Marjorie Taylor Greene aus dem US-Bundesstaat Georgia zeigte sich sichtlich irritiert \u00fcber eine Aussage des britischen Au\u00dfenministers David Cameron. [&hellip;]","og_url":"https:\/\/now-news.de\/de\/deutschland\/abgeordnete-taylor-greene-zu-aussenminister-cameron-wegen-ukraine-hilfe-leck-mich-am-arsch\/","og_site_name":"just-now.NEWS Deutschland","article_publisher":"https:\/\/www.facebook.com\/wirmachenauf","article_published_time":"2024-02-16T20:56:18+00:00","og_image":[{"width":460,"height":259,"url":"https:\/\/now-news.de\/de\/wp-content\/uploads\/sites\/3\/2024\/02\/Abgeordnete-Taylor-Greene-zu-Aussenminister-Cameron-wegen-Ukraine-Hilfe-quotLeck-mich.jpg","type":"image\/jpeg"}],"author":"rtnews","twitter_card":"summary_large_image","twitter_creator":"@WirMachenAuf_de","twitter_site":"@WirMachenAuf_de","twitter_misc":{"Verfasst von":"rtnews","Gesch\u00e4tzte Lesezeit":"2\u00a0Minuten"},"schema":{"@context":"https:\/\/schema.org","@graph":[{"@type":"Article","@id":"https:\/\/now-news.de\/de\/deutschland\/abgeordnete-taylor-greene-zu-aussenminister-cameron-wegen-ukraine-hilfe-leck-mich-am-arsch\/#article","isPartOf":{"@id":"https:\/\/now-news.de\/de\/deutschland\/abgeordnete-taylor-greene-zu-aussenminister-cameron-wegen-ukraine-hilfe-leck-mich-am-arsch\/"},"author":{"name":"rtnews","@id":"https:\/\/now-news.de\/de\/#\/schema\/person\/fb534a4e865501d8b3285208df34a9b5"},"headline":"Abgeordnete Taylor Greene zu Au\u00dfenminister Cameron wegen Ukraine-Hilfe: &quot;Leck mich am Arsch&quot;","datePublished":"2024-02-16T20:56:18+00:00","dateModified":"2024-02-16T20:56:18+00:00","mainEntityOfPage":{"@id":"https:\/\/now-news.de\/de\/deutschland\/abgeordnete-taylor-greene-zu-aussenminister-cameron-wegen-ukraine-hilfe-leck-mich-am-arsch\/"},"wordCount":327,"commentCount":0,"publisher":{"@id":"https:\/\/now-news.de\/de\/#organization"},"image":{"@id":"https:\/\/now-news.de\/de\/deutschland\/abgeordnete-taylor-greene-zu-aussenminister-cameron-wegen-ukraine-hilfe-leck-mich-am-arsch\/#primaryimage"},"thumbnailUrl":"https:\/\/now-news.de\/de\/wp-content\/uploads\/sites\/3\/2024\/02\/Abgeordnete-Taylor-Greene-zu-Aussenminister-Cameron-wegen-Ukraine-Hilfe-quotLeck-mich.jpg","keywords":["Abgeordnete","Arschquot","Au\u00dfenminister","Cameron","Greene","mich","quotLeck","Taylor","UkraineHilfe","wegen"],"articleSection":["Deutschland","Russland"],"inLanguage":"de","potentialAction":[{"@type":"CommentAction","name":"Comment","target":["https:\/\/now-news.de\/de\/deutschland\/abgeordnete-taylor-greene-zu-aussenminister-cameron-wegen-ukraine-hilfe-leck-mich-am-arsch\/#respond"]}]},{"@type":"WebPage","@id":"https:\/\/now-news.de\/de\/deutschland\/abgeordnete-taylor-greene-zu-aussenminister-cameron-wegen-ukraine-hilfe-leck-mich-am-arsch\/","url":"https:\/\/now-news.de\/de\/deutschland\/abgeordnete-taylor-greene-zu-aussenminister-cameron-wegen-ukraine-hilfe-leck-mich-am-arsch\/","name":"Abgeordnete Taylor Greene zu Au\u00dfenminister Cameron wegen Ukraine-Hilfe: &quot;Leck mich am Arsch&quot; - just-now.NEWS Deutschland","isPartOf":{"@id":"https:\/\/now-news.de\/de\/#website"},"primaryImageOfPage":{"@id":"https:\/\/now-news.de\/de\/deutschland\/abgeordnete-taylor-greene-zu-aussenminister-cameron-wegen-ukraine-hilfe-leck-mich-am-arsch\/#primaryimage"},"image":{"@id":"https:\/\/now-news.de\/de\/deutschland\/abgeordnete-taylor-greene-zu-aussenminister-cameron-wegen-ukraine-hilfe-leck-mich-am-arsch\/#primaryimage"},"thumbnailUrl":"https:\/\/now-news.de\/de\/wp-content\/uploads\/sites\/3\/2024\/02\/Abgeordnete-Taylor-Greene-zu-Aussenminister-Cameron-wegen-Ukraine-Hilfe-quotLeck-mich.jpg","datePublished":"2024-02-16T20:56:18+00:00","dateModified":"2024-02-16T20:56:18+00:00","breadcrumb":{"@id":"https:\/\/now-news.de\/de\/deutschland\/abgeordnete-taylor-greene-zu-aussenminister-cameron-wegen-ukraine-hilfe-leck-mich-am-arsch\/#breadcrumb"},"inLanguage":"de","potentialAction":[{"@type":"ReadAction","target":["https:\/\/now-news.de\/de\/deutschland\/abgeordnete-taylor-greene-zu-aussenminister-cameron-wegen-ukraine-hilfe-leck-mich-am-arsch\/"]}]},{"@type":"ImageObject","inLanguage":"de","@id":"https:\/\/now-news.de\/de\/deutschland\/abgeordnete-taylor-greene-zu-aussenminister-cameron-wegen-ukraine-hilfe-leck-mich-am-arsch\/#primaryimage","url":"https:\/\/now-news.de\/de\/wp-content\/uploads\/sites\/3\/2024\/02\/Abgeordnete-Taylor-Greene-zu-Aussenminister-Cameron-wegen-Ukraine-Hilfe-quotLeck-mich.jpg","contentUrl":"https:\/\/now-news.de\/de\/wp-content\/uploads\/sites\/3\/2024\/02\/Abgeordnete-Taylor-Greene-zu-Aussenminister-Cameron-wegen-Ukraine-Hilfe-quotLeck-mich.jpg","width":460,"height":259,"caption":"Abgeordnete Taylor Greene zu Au\u00dfenminister Cameron wegen Ukraine-Hilfe: &quot;Leck mich am Arsch&quot;"},{"@type":"BreadcrumbList","@id":"https:\/\/now-news.de\/de\/deutschland\/abgeordnete-taylor-greene-zu-aussenminister-cameron-wegen-ukraine-hilfe-leck-mich-am-arsch\/#breadcrumb","itemListElement":[{"@type":"ListItem","position":1,"name":"Home","item":"https:\/\/now-news.de\/de\/"},{"@type":"ListItem","position":2,"name":"Abgeordnete Taylor Greene zu Au\u00dfenminister Cameron wegen Ukraine-Hilfe: &quot;Leck mich am Arsch&quot;"}]},{"@type":"WebSite","@id":"https:\/\/now-news.de\/de\/#website","url":"https:\/\/now-news.de\/de\/","name":"just-now.NEWS Deutschland","description":"Das Portal f\u00fcr unzensierte Nachrichten aus der Welt","publisher":{"@id":"https:\/\/now-news.de\/de\/#organization"},"potentialAction":[{"@type":"SearchAction","target":{"@type":"EntryPoint","urlTemplate":"https:\/\/now-news.de\/de\/?s={search_term_string}"},"query-input":"required name=search_term_string"}],"inLanguage":"de"},{"@type":"Organization","@id":"https:\/\/now-news.de\/de\/#organization","name":"Just Now News","url":"https:\/\/now-news.de\/de\/","logo":{"@type":"ImageObject","inLanguage":"de","@id":"https:\/\/now-news.de\/de\/#\/schema\/logo\/image\/","url":"http:\/\/just-now.news\/de\/wp-content\/uploads\/sites\/3\/2022\/04\/logo500x500.jpg","contentUrl":"http:\/\/just-now.news\/de\/wp-content\/uploads\/sites\/3\/2022\/04\/logo500x500.jpg","width":500,"height":500,"caption":"Just Now News"},"image":{"@id":"https:\/\/now-news.de\/de\/#\/schema\/logo\/image\/"},"sameAs":["https:\/\/www.facebook.com\/wirmachenauf","https:\/\/x.com\/WirMachenAuf_de"]},{"@type":"Person","@id":"https:\/\/now-news.de\/de\/#\/schema\/person\/fb534a4e865501d8b3285208df34a9b5","name":"rtnews","image":{"@type":"ImageObject","inLanguage":"de","@id":"https:\/\/now-news.de\/de\/#\/schema\/person\/image\/","url":"https:\/\/secure.gravatar.com\/avatar\/82aafea7d8127119dd649515f56e2117?s=96&d=mm&r=g","contentUrl":"https:\/\/secure.gravatar.com\/avatar\/82aafea7d8127119dd649515f56e2117?s=96&d=mm&r=g","caption":"rtnews"},"url":"https:\/\/now-news.de\/de\/author\/rnews\/"}]}},"_links":{"self":[{"href":"https:\/\/now-news.de\/de\/wp-json\/wp\/v2\/posts\/55474"}],"collection":[{"href":"https:\/\/now-news.de\/de\/wp-json\/wp\/v2\/posts"}],"about":[{"href":"https:\/\/now-news.de\/de\/wp-json\/wp\/v2\/types\/post"}],"author":[{"embeddable":true,"href":"https:\/\/now-news.de\/de\/wp-json\/wp\/v2\/users\/3"}],"replies":[{"embeddable":true,"href":"https:\/\/now-news.de\/de\/wp-json\/wp\/v2\/comments?post=55474"}],"version-history":[{"count":0,"href":"https:\/\/now-news.de\/de\/wp-json\/wp\/v2\/posts\/55474\/revisions"}],"wp:featuredmedia":[{"embeddable":true,"href":"https:\/\/now-news.de\/de\/wp-json\/wp\/v2\/media\/55475"}],"wp:attachment":[{"href":"https:\/\/now-news.de\/de\/wp-json\/wp\/v2\/media?parent=55474"}],"wp:term":[{"taxonomy":"category","embeddable":true,"href":"https:\/\/now-news.de\/de\/wp-json\/wp\/v2\/categories?post=55474"},{"taxonomy":"post_tag","embeddable":true,"href":"https:\/\/now-news.de\/de\/wp-json\/wp\/v2\/tags?post=55474"}],"curies":[{"name":"wp","href":"https:\/\/api.w.org\/{rel}","templated":true}]}}