{"id":55452,"date":"2024-02-16T18:37:16","date_gmt":"2024-02-16T16:37:16","guid":{"rendered":"https:\/\/just-now.news\/de\/deutschland\/putin-ruft-zum-weltweiten-kampf-gegen-nazi-propaganda-auf\/"},"modified":"2024-02-16T18:37:16","modified_gmt":"2024-02-16T16:37:16","slug":"putin-ruft-zum-weltweiten-kampf-gegen-nazi-propaganda-auf","status":"publish","type":"post","link":"https:\/\/now-news.de\/de\/deutschland\/putin-ruft-zum-weltweiten-kampf-gegen-nazi-propaganda-auf\/","title":{"rendered":"Putin ruft zum weltweiten Kampf gegen &quot;Nazi-Propaganda&quot; auf"},"content":{"rendered":"<p><img decoding=\"async\" src=\"http:\/\/just-now.news\/de\/wp-content\/uploads\/sites\/3\/2024\/02\/65cf722f48fbef6c34431a36.jpg\" \/><\/p>\n<div class=\"Text-root Text-type_1 \">\n                Im Westen ist heute der &#8220;Exzeptionalismus&#8221; verbreitet, also die Auffassung, man sei etwas Besseres als andere, erkl\u00e4rte Putin. Der Nationalsozialismus basierte auch auf dieser Einstellung. Deshalb k\u00f6nne man Neonazis nur mit einem multinationalen Ansatz besiegen.\n            <\/div>\n<p><\/p>\n<div class=\"Text-root Text-type_5 ArticleView-text ViewText-root \">\n<p>Der heute in Teilen des Westens weit verbreitete Exzeptionalismus sei auch die Grundlage des Nationalsozialismus gewesen. Man brauche einen multinationalen Ansatz, um ihn zu besiegen, sagte der russische Pr\u00e4sident Wladimir Putin in einem Gespr\u00e4ch mit dem Journalisten Pawel Zarubin am Mittwoch.<\/p>\n<p>Dabei ging Putin auch auf deutsche Presseberichte ein, wonach der Gro\u00dfvater der deutschen Au\u00dfenministerin Annalena Baerbock ein gl\u00fchender Nazi gewesen sei. Grunds\u00e4tzlich sei der russische Pr\u00e4sident aber nicht der Auffassung, dass Nachkommen von Nazis die politische Verantwortung f\u00fcr Taten der Vorfahren \u00fcbernehmen m\u00fcssten. Dazu erkl\u00e4rte er:<\/p>\n<blockquote>\n<p><em>&#8220;Ich glaube nicht, dass die heutige Generation der Deutschen die volle politische Verantwortung f\u00fcr alles, was Nazi-Deutschland getan hat, tragen muss.&#8221; <\/em><\/p>\n<\/blockquote>\n<p>Er bezeichnete es als &#8220;unfair&#8221;, alle Deutschen als Nazis zu bezeichnen. Das weitaus gr\u00f6\u00dfere Problem sei, so der russische Staatschef weiter, dass viele L\u00e4nder die Vorstellung \u00fcbernommen h\u00e4tten, &#8220;auserw\u00e4hlt&#8221; oder &#8220;au\u00dfergew\u00f6hnlich&#8221; zu sein. Gegen\u00fcber Zarubin erl\u00e4uterte er: &#8220;So hat der Nazismus begonnen.&#8221; Die Haltung, etwas Besseres zu sein, sei aktuell weit verbreitet. Dagegen m\u00fcsse mittels internationaler Kooperation vorgegangen werden:<\/p>\n<blockquote>\n<p><em>&#8220;Da dies so weit verbreitet ist, sollten wir auch \u00fcber den Aufbau einer antifaschistischen und antinazistischen Propaganda auf globaler Ebene nachdenken&#8221;, so Putin.<\/em><\/p>\n<\/blockquote>\n<p>Ein solches Unterfangen sei nur dann wirklich effektiv, wenn es von der Gesellschaft und nicht vom Staat ausgehe \u2013 egal von welchem Staat. In einem Gespr\u00e4ch mit den Mitarbeitern des Waffenherstellers Uralwagonsawod in Nischni Tagil wiederholte Putin am Donnerstag, dass Russland keine Toleranz gegen\u00fcber dem Nationalsozialismus zeigen d\u00fcrfe. Nach seiner Auffassung w\u00fcrden die Nachkommen der Naziunterst\u00fctzer w\u00e4hrend des Zweiten Weltkriegs nun von den USA bei der Wiederbelebung der m\u00f6rderischen Ideologie von Stepan Bandera und Roman Schuchewitsch in der Ukraine unterst\u00fctzt. Das habe zu dem derzeitigen Konflikt mit Kiew gef\u00fchrt.<\/p>\n<p>Der russische Pr\u00e4sident wies die h\u00e4ufig von modernen ukrainischen Nationalisten aufgestellte Behauptung zur\u00fcck, Bandera, Schuchewitsch und andere seien keine echten Nazis gewesen, weil sie zu einem bestimmten Zeitpunkt des Krieges von Deutschland inhaftiert worden seien. Putin zufolge bestrafte Hitlers Regime die ukrainischen Kollaborateure f\u00fcr ihren Versuch, mit den westlichen Alliierten zu verhandeln.<\/p>\n<p>Sie h\u00e4tten zu dem Zeitpunkt nur erkannt, dass das Dritte Reich zu verlieren drohe, aber sie seien Nazis geblieben: &#8220;Sie waren die ganze Zeit Nazis und sind es geblieben. Aber ihre Nachkommen, die Neonazis, sind absolut identisch mit denen, die wir w\u00e4hrend des Gro\u00dfen Vaterl\u00e4ndischen Krieges bek\u00e4mpft haben,&#8221; sagte der russische Staatschef. Er beschuldigte die derzeitige ukrainische Regierung, sich die Nazi-Ideologie zu eigen und ihr Land zu einem Feind und einer Bedrohung f\u00fcr Russland zu machen. Der Kreml hat die &#8220;Entnazifizierung&#8221; der Ukraine als eines der Hauptziele der aktuellen Milit\u00e4roperation genannt.<\/p>\n<p>Zahlreiche ukrainische Einheiten haben Abzeichen und Symbole der deutschen Naziwehrmacht und der SS verwendet. Andrey Biletsky ist der Gr\u00fcnder der ber\u00fcchtigten &#8220;Asow&#8221;-Miliz, die heute Teil der ukrainischen Armee ist. 2014 erkl\u00e4rte er gegen\u00fcber westlichen Reportern, dass er die Symbole der Gruppe \u2013 die SS-Wolfsangel-Rune und Heinrich Himmlers Schwarze Sonne \u2013 gew\u00e4hlt habe, weil sie im Zweiten Weltkrieg &#8220;von den Deutschen benutzt&#8221; worden seien. Die Regierung in Kiew und viele westliche Medien haben Aussagen \u00fcber den Nazi-Einfluss in der Ukraine jedoch als &#8220;russische Propaganda&#8221; abgetan.<\/p>\n<p><strong>Mehr zum Thema<\/strong> \u2013 <a rel=\"nofollow noopener\" target=\"_blank\" href=\"https:\/\/freedert.online\/international\/193928-warum-russlands-sieg-in-ukraine-gut-fuer-alle-ist\/\">Warum Russlands Sieg in der Ukraine f\u00fcr die Welt gut w\u00e4re <\/a><\/p>\n<\/p>\n<\/div>\n<p><br \/>\n<br \/><a href=\"https:\/\/de.rt.com\/international\/196405-putin-ruft-zum-weltweiten-kampf\/\">Source link <\/a><\/p>\n","protected":false},"excerpt":{"rendered":"<p>Im Westen ist heute der &#8220;Exzeptionalismus&#8221; verbreitet, also die Auffassung, man sei etwas Besseres als andere, erkl\u00e4rte Putin. Der Nationalsozialismus basierte auch auf dieser Einstellung. Deshalb k\u00f6nne man Neonazis nur mit einem multinationalen Ansatz besiegen. Der heute in Teilen des Westens weit verbreitete Exzeptionalismus sei auch die Grundlage des Nationalsozialismus gewesen. Man brauche einen multinationalen [&hellip;]<\/p>\n","protected":false},"author":3,"featured_media":55453,"comment_status":"open","ping_status":"open","sticky":false,"template":"","format":"standard","meta":{"_yoast_indexnow_last_ping":["1708102261"],"wp_automatic_camp":["217"],"90abcf204d67da44fc83c7d349304471":["Putin ruft zum weltweiten Kampf gegen &quot;Nazi-Propaganda&quot; auf"],"original_link":["https:\/\/de.rt.com\/international\/196405-putin-ruft-zum-weltweiten-kampf\/"],"_thumbnail_id":["55453"],"_wptgpro_p2tg_sent2tg":["a:1:{i:23737;s:19:\"2024-02-16 18:52:14\";}"],"jnews_social_counter_last_update":["1777713748"]},"categories":[19,23],"tags":[133,278,5522,125,53599,6183,23412,565],"yoast_head":"<!-- This site is optimized with the Yoast SEO Premium plugin v22.7 (Yoast SEO v22.7) - https:\/\/yoast.com\/wordpress\/plugins\/seo\/ -->\n<title>Putin ruft zum weltweiten Kampf gegen &quot;Nazi-Propaganda&quot; auf - just-now.NEWS Deutschland<\/title>\n<meta name=\"robots\" content=\"index, follow, max-snippet:-1, max-image-preview:large, max-video-preview:-1\" \/>\n<link rel=\"canonical\" href=\"https:\/\/now-news.de\/de\/deutschland\/putin-ruft-zum-weltweiten-kampf-gegen-nazi-propaganda-auf\/\" \/>\n<meta property=\"og:locale\" content=\"de_DE\" \/>\n<meta property=\"og:type\" content=\"article\" \/>\n<meta property=\"og:title\" content=\"Putin ruft zum weltweiten Kampf gegen &quot;Nazi-Propaganda&quot; auf\" \/>\n<meta property=\"og:description\" content=\"Im Westen ist heute der &#8220;Exzeptionalismus&#8221; verbreitet, also die Auffassung, man sei etwas Besseres als andere, erkl\u00e4rte Putin. Der Nationalsozialismus basierte auch auf dieser Einstellung. Deshalb k\u00f6nne man Neonazis nur mit einem multinationalen Ansatz besiegen. Der heute in Teilen des Westens weit verbreitete Exzeptionalismus sei auch die Grundlage des Nationalsozialismus gewesen. Man brauche einen multinationalen [&hellip;]\" \/>\n<meta property=\"og:url\" content=\"https:\/\/now-news.de\/de\/deutschland\/putin-ruft-zum-weltweiten-kampf-gegen-nazi-propaganda-auf\/\" \/>\n<meta property=\"og:site_name\" content=\"just-now.NEWS Deutschland\" \/>\n<meta property=\"article:publisher\" content=\"https:\/\/www.facebook.com\/wirmachenauf\" \/>\n<meta property=\"article:published_time\" content=\"2024-02-16T16:37:16+00:00\" \/>\n<meta property=\"og:image\" content=\"https:\/\/now-news.de\/de\/wp-content\/uploads\/sites\/3\/2024\/02\/Putin-ruft-zum-weltweiten-Kampf-gegen-quotNazi-Propagandaquot-auf.jpg\" \/>\n\t<meta property=\"og:image:width\" content=\"460\" \/>\n\t<meta property=\"og:image:height\" content=\"259\" \/>\n\t<meta property=\"og:image:type\" content=\"image\/jpeg\" \/>\n<meta name=\"author\" content=\"rtnews\" \/>\n<meta name=\"twitter:card\" content=\"summary_large_image\" \/>\n<meta name=\"twitter:creator\" content=\"@WirMachenAuf_de\" \/>\n<meta name=\"twitter:site\" content=\"@WirMachenAuf_de\" \/>\n<meta name=\"twitter:label1\" content=\"Verfasst von\" \/>\n\t<meta name=\"twitter:data1\" content=\"rtnews\" \/>\n\t<meta name=\"twitter:label2\" content=\"Gesch\u00e4tzte Lesezeit\" \/>\n\t<meta name=\"twitter:data2\" content=\"3\u00a0Minuten\" \/>\n<script type=\"application\/ld+json\" class=\"yoast-schema-graph\">{\"@context\":\"https:\/\/schema.org\",\"@graph\":[{\"@type\":\"Article\",\"@id\":\"https:\/\/now-news.de\/de\/deutschland\/putin-ruft-zum-weltweiten-kampf-gegen-nazi-propaganda-auf\/#article\",\"isPartOf\":{\"@id\":\"https:\/\/now-news.de\/de\/deutschland\/putin-ruft-zum-weltweiten-kampf-gegen-nazi-propaganda-auf\/\"},\"author\":{\"name\":\"rtnews\",\"@id\":\"https:\/\/now-news.de\/de\/#\/schema\/person\/fb534a4e865501d8b3285208df34a9b5\"},\"headline\":\"Putin ruft zum weltweiten Kampf gegen &quot;Nazi-Propaganda&quot; auf\",\"datePublished\":\"2024-02-16T16:37:16+00:00\",\"dateModified\":\"2024-02-16T16:37:16+00:00\",\"mainEntityOfPage\":{\"@id\":\"https:\/\/now-news.de\/de\/deutschland\/putin-ruft-zum-weltweiten-kampf-gegen-nazi-propaganda-auf\/\"},\"wordCount\":614,\"commentCount\":0,\"publisher\":{\"@id\":\"https:\/\/now-news.de\/de\/#organization\"},\"image\":{\"@id\":\"https:\/\/now-news.de\/de\/deutschland\/putin-ruft-zum-weltweiten-kampf-gegen-nazi-propaganda-auf\/#primaryimage\"},\"thumbnailUrl\":\"https:\/\/now-news.de\/de\/wp-content\/uploads\/sites\/3\/2024\/02\/Putin-ruft-zum-weltweiten-Kampf-gegen-quotNazi-Propagandaquot-auf.jpg\",\"keywords\":[\"AUF\",\"gegen\",\"Kampf\",\"putin\",\"quotNaziPropagandaquot\",\"ruft\",\"weltweiten\",\"zum\"],\"articleSection\":[\"Deutschland\",\"Russland\"],\"inLanguage\":\"de\",\"potentialAction\":[{\"@type\":\"CommentAction\",\"name\":\"Comment\",\"target\":[\"https:\/\/now-news.de\/de\/deutschland\/putin-ruft-zum-weltweiten-kampf-gegen-nazi-propaganda-auf\/#respond\"]}]},{\"@type\":\"WebPage\",\"@id\":\"https:\/\/now-news.de\/de\/deutschland\/putin-ruft-zum-weltweiten-kampf-gegen-nazi-propaganda-auf\/\",\"url\":\"https:\/\/now-news.de\/de\/deutschland\/putin-ruft-zum-weltweiten-kampf-gegen-nazi-propaganda-auf\/\",\"name\":\"Putin ruft zum weltweiten Kampf gegen &quot;Nazi-Propaganda&quot; auf - just-now.NEWS Deutschland\",\"isPartOf\":{\"@id\":\"https:\/\/now-news.de\/de\/#website\"},\"primaryImageOfPage\":{\"@id\":\"https:\/\/now-news.de\/de\/deutschland\/putin-ruft-zum-weltweiten-kampf-gegen-nazi-propaganda-auf\/#primaryimage\"},\"image\":{\"@id\":\"https:\/\/now-news.de\/de\/deutschland\/putin-ruft-zum-weltweiten-kampf-gegen-nazi-propaganda-auf\/#primaryimage\"},\"thumbnailUrl\":\"https:\/\/now-news.de\/de\/wp-content\/uploads\/sites\/3\/2024\/02\/Putin-ruft-zum-weltweiten-Kampf-gegen-quotNazi-Propagandaquot-auf.jpg\",\"datePublished\":\"2024-02-16T16:37:16+00:00\",\"dateModified\":\"2024-02-16T16:37:16+00:00\",\"breadcrumb\":{\"@id\":\"https:\/\/now-news.de\/de\/deutschland\/putin-ruft-zum-weltweiten-kampf-gegen-nazi-propaganda-auf\/#breadcrumb\"},\"inLanguage\":\"de\",\"potentialAction\":[{\"@type\":\"ReadAction\",\"target\":[\"https:\/\/now-news.de\/de\/deutschland\/putin-ruft-zum-weltweiten-kampf-gegen-nazi-propaganda-auf\/\"]}]},{\"@type\":\"ImageObject\",\"inLanguage\":\"de\",\"@id\":\"https:\/\/now-news.de\/de\/deutschland\/putin-ruft-zum-weltweiten-kampf-gegen-nazi-propaganda-auf\/#primaryimage\",\"url\":\"https:\/\/now-news.de\/de\/wp-content\/uploads\/sites\/3\/2024\/02\/Putin-ruft-zum-weltweiten-Kampf-gegen-quotNazi-Propagandaquot-auf.jpg\",\"contentUrl\":\"https:\/\/now-news.de\/de\/wp-content\/uploads\/sites\/3\/2024\/02\/Putin-ruft-zum-weltweiten-Kampf-gegen-quotNazi-Propagandaquot-auf.jpg\",\"width\":460,\"height\":259,\"caption\":\"Putin ruft zum weltweiten Kampf gegen &quot;Nazi-Propaganda&quot; auf\"},{\"@type\":\"BreadcrumbList\",\"@id\":\"https:\/\/now-news.de\/de\/deutschland\/putin-ruft-zum-weltweiten-kampf-gegen-nazi-propaganda-auf\/#breadcrumb\",\"itemListElement\":[{\"@type\":\"ListItem\",\"position\":1,\"name\":\"Home\",\"item\":\"https:\/\/now-news.de\/de\/\"},{\"@type\":\"ListItem\",\"position\":2,\"name\":\"Putin ruft zum weltweiten Kampf gegen &quot;Nazi-Propaganda&quot; auf\"}]},{\"@type\":\"WebSite\",\"@id\":\"https:\/\/now-news.de\/de\/#website\",\"url\":\"https:\/\/now-news.de\/de\/\",\"name\":\"just-now.NEWS Deutschland\",\"description\":\"Das Portal f\u00fcr unzensierte Nachrichten aus der Welt\",\"publisher\":{\"@id\":\"https:\/\/now-news.de\/de\/#organization\"},\"potentialAction\":[{\"@type\":\"SearchAction\",\"target\":{\"@type\":\"EntryPoint\",\"urlTemplate\":\"https:\/\/now-news.de\/de\/?s={search_term_string}\"},\"query-input\":\"required name=search_term_string\"}],\"inLanguage\":\"de\"},{\"@type\":\"Organization\",\"@id\":\"https:\/\/now-news.de\/de\/#organization\",\"name\":\"Just Now News\",\"url\":\"https:\/\/now-news.de\/de\/\",\"logo\":{\"@type\":\"ImageObject\",\"inLanguage\":\"de\",\"@id\":\"https:\/\/now-news.de\/de\/#\/schema\/logo\/image\/\",\"url\":\"http:\/\/just-now.news\/de\/wp-content\/uploads\/sites\/3\/2022\/04\/logo500x500.jpg\",\"contentUrl\":\"http:\/\/just-now.news\/de\/wp-content\/uploads\/sites\/3\/2022\/04\/logo500x500.jpg\",\"width\":500,\"height\":500,\"caption\":\"Just Now News\"},\"image\":{\"@id\":\"https:\/\/now-news.de\/de\/#\/schema\/logo\/image\/\"},\"sameAs\":[\"https:\/\/www.facebook.com\/wirmachenauf\",\"https:\/\/x.com\/WirMachenAuf_de\"]},{\"@type\":\"Person\",\"@id\":\"https:\/\/now-news.de\/de\/#\/schema\/person\/fb534a4e865501d8b3285208df34a9b5\",\"name\":\"rtnews\",\"image\":{\"@type\":\"ImageObject\",\"inLanguage\":\"de\",\"@id\":\"https:\/\/now-news.de\/de\/#\/schema\/person\/image\/\",\"url\":\"https:\/\/secure.gravatar.com\/avatar\/82aafea7d8127119dd649515f56e2117?s=96&d=mm&r=g\",\"contentUrl\":\"https:\/\/secure.gravatar.com\/avatar\/82aafea7d8127119dd649515f56e2117?s=96&d=mm&r=g\",\"caption\":\"rtnews\"},\"url\":\"https:\/\/now-news.de\/de\/author\/rnews\/\"}]}<\/script>\n<!-- \/ Yoast SEO Premium plugin. -->","yoast_head_json":{"title":"Putin ruft zum weltweiten Kampf gegen &quot;Nazi-Propaganda&quot; auf - just-now.NEWS Deutschland","robots":{"index":"index","follow":"follow","max-snippet":"max-snippet:-1","max-image-preview":"max-image-preview:large","max-video-preview":"max-video-preview:-1"},"canonical":"https:\/\/now-news.de\/de\/deutschland\/putin-ruft-zum-weltweiten-kampf-gegen-nazi-propaganda-auf\/","og_locale":"de_DE","og_type":"article","og_title":"Putin ruft zum weltweiten Kampf gegen &quot;Nazi-Propaganda&quot; auf","og_description":"Im Westen ist heute der &#8220;Exzeptionalismus&#8221; verbreitet, also die Auffassung, man sei etwas Besseres als andere, erkl\u00e4rte Putin. Der Nationalsozialismus basierte auch auf dieser Einstellung. Deshalb k\u00f6nne man Neonazis nur mit einem multinationalen Ansatz besiegen. Der heute in Teilen des Westens weit verbreitete Exzeptionalismus sei auch die Grundlage des Nationalsozialismus gewesen. Man brauche einen multinationalen [&hellip;]","og_url":"https:\/\/now-news.de\/de\/deutschland\/putin-ruft-zum-weltweiten-kampf-gegen-nazi-propaganda-auf\/","og_site_name":"just-now.NEWS Deutschland","article_publisher":"https:\/\/www.facebook.com\/wirmachenauf","article_published_time":"2024-02-16T16:37:16+00:00","og_image":[{"width":460,"height":259,"url":"https:\/\/now-news.de\/de\/wp-content\/uploads\/sites\/3\/2024\/02\/Putin-ruft-zum-weltweiten-Kampf-gegen-quotNazi-Propagandaquot-auf.jpg","type":"image\/jpeg"}],"author":"rtnews","twitter_card":"summary_large_image","twitter_creator":"@WirMachenAuf_de","twitter_site":"@WirMachenAuf_de","twitter_misc":{"Verfasst von":"rtnews","Gesch\u00e4tzte Lesezeit":"3\u00a0Minuten"},"schema":{"@context":"https:\/\/schema.org","@graph":[{"@type":"Article","@id":"https:\/\/now-news.de\/de\/deutschland\/putin-ruft-zum-weltweiten-kampf-gegen-nazi-propaganda-auf\/#article","isPartOf":{"@id":"https:\/\/now-news.de\/de\/deutschland\/putin-ruft-zum-weltweiten-kampf-gegen-nazi-propaganda-auf\/"},"author":{"name":"rtnews","@id":"https:\/\/now-news.de\/de\/#\/schema\/person\/fb534a4e865501d8b3285208df34a9b5"},"headline":"Putin ruft zum weltweiten Kampf gegen &quot;Nazi-Propaganda&quot; auf","datePublished":"2024-02-16T16:37:16+00:00","dateModified":"2024-02-16T16:37:16+00:00","mainEntityOfPage":{"@id":"https:\/\/now-news.de\/de\/deutschland\/putin-ruft-zum-weltweiten-kampf-gegen-nazi-propaganda-auf\/"},"wordCount":614,"commentCount":0,"publisher":{"@id":"https:\/\/now-news.de\/de\/#organization"},"image":{"@id":"https:\/\/now-news.de\/de\/deutschland\/putin-ruft-zum-weltweiten-kampf-gegen-nazi-propaganda-auf\/#primaryimage"},"thumbnailUrl":"https:\/\/now-news.de\/de\/wp-content\/uploads\/sites\/3\/2024\/02\/Putin-ruft-zum-weltweiten-Kampf-gegen-quotNazi-Propagandaquot-auf.jpg","keywords":["AUF","gegen","Kampf","putin","quotNaziPropagandaquot","ruft","weltweiten","zum"],"articleSection":["Deutschland","Russland"],"inLanguage":"de","potentialAction":[{"@type":"CommentAction","name":"Comment","target":["https:\/\/now-news.de\/de\/deutschland\/putin-ruft-zum-weltweiten-kampf-gegen-nazi-propaganda-auf\/#respond"]}]},{"@type":"WebPage","@id":"https:\/\/now-news.de\/de\/deutschland\/putin-ruft-zum-weltweiten-kampf-gegen-nazi-propaganda-auf\/","url":"https:\/\/now-news.de\/de\/deutschland\/putin-ruft-zum-weltweiten-kampf-gegen-nazi-propaganda-auf\/","name":"Putin ruft zum weltweiten Kampf gegen &quot;Nazi-Propaganda&quot; auf - just-now.NEWS Deutschland","isPartOf":{"@id":"https:\/\/now-news.de\/de\/#website"},"primaryImageOfPage":{"@id":"https:\/\/now-news.de\/de\/deutschland\/putin-ruft-zum-weltweiten-kampf-gegen-nazi-propaganda-auf\/#primaryimage"},"image":{"@id":"https:\/\/now-news.de\/de\/deutschland\/putin-ruft-zum-weltweiten-kampf-gegen-nazi-propaganda-auf\/#primaryimage"},"thumbnailUrl":"https:\/\/now-news.de\/de\/wp-content\/uploads\/sites\/3\/2024\/02\/Putin-ruft-zum-weltweiten-Kampf-gegen-quotNazi-Propagandaquot-auf.jpg","datePublished":"2024-02-16T16:37:16+00:00","dateModified":"2024-02-16T16:37:16+00:00","breadcrumb":{"@id":"https:\/\/now-news.de\/de\/deutschland\/putin-ruft-zum-weltweiten-kampf-gegen-nazi-propaganda-auf\/#breadcrumb"},"inLanguage":"de","potentialAction":[{"@type":"ReadAction","target":["https:\/\/now-news.de\/de\/deutschland\/putin-ruft-zum-weltweiten-kampf-gegen-nazi-propaganda-auf\/"]}]},{"@type":"ImageObject","inLanguage":"de","@id":"https:\/\/now-news.de\/de\/deutschland\/putin-ruft-zum-weltweiten-kampf-gegen-nazi-propaganda-auf\/#primaryimage","url":"https:\/\/now-news.de\/de\/wp-content\/uploads\/sites\/3\/2024\/02\/Putin-ruft-zum-weltweiten-Kampf-gegen-quotNazi-Propagandaquot-auf.jpg","contentUrl":"https:\/\/now-news.de\/de\/wp-content\/uploads\/sites\/3\/2024\/02\/Putin-ruft-zum-weltweiten-Kampf-gegen-quotNazi-Propagandaquot-auf.jpg","width":460,"height":259,"caption":"Putin ruft zum weltweiten Kampf gegen &quot;Nazi-Propaganda&quot; auf"},{"@type":"BreadcrumbList","@id":"https:\/\/now-news.de\/de\/deutschland\/putin-ruft-zum-weltweiten-kampf-gegen-nazi-propaganda-auf\/#breadcrumb","itemListElement":[{"@type":"ListItem","position":1,"name":"Home","item":"https:\/\/now-news.de\/de\/"},{"@type":"ListItem","position":2,"name":"Putin ruft zum weltweiten Kampf gegen &quot;Nazi-Propaganda&quot; auf"}]},{"@type":"WebSite","@id":"https:\/\/now-news.de\/de\/#website","url":"https:\/\/now-news.de\/de\/","name":"just-now.NEWS Deutschland","description":"Das Portal f\u00fcr unzensierte Nachrichten aus der Welt","publisher":{"@id":"https:\/\/now-news.de\/de\/#organization"},"potentialAction":[{"@type":"SearchAction","target":{"@type":"EntryPoint","urlTemplate":"https:\/\/now-news.de\/de\/?s={search_term_string}"},"query-input":"required name=search_term_string"}],"inLanguage":"de"},{"@type":"Organization","@id":"https:\/\/now-news.de\/de\/#organization","name":"Just Now News","url":"https:\/\/now-news.de\/de\/","logo":{"@type":"ImageObject","inLanguage":"de","@id":"https:\/\/now-news.de\/de\/#\/schema\/logo\/image\/","url":"http:\/\/just-now.news\/de\/wp-content\/uploads\/sites\/3\/2022\/04\/logo500x500.jpg","contentUrl":"http:\/\/just-now.news\/de\/wp-content\/uploads\/sites\/3\/2022\/04\/logo500x500.jpg","width":500,"height":500,"caption":"Just Now News"},"image":{"@id":"https:\/\/now-news.de\/de\/#\/schema\/logo\/image\/"},"sameAs":["https:\/\/www.facebook.com\/wirmachenauf","https:\/\/x.com\/WirMachenAuf_de"]},{"@type":"Person","@id":"https:\/\/now-news.de\/de\/#\/schema\/person\/fb534a4e865501d8b3285208df34a9b5","name":"rtnews","image":{"@type":"ImageObject","inLanguage":"de","@id":"https:\/\/now-news.de\/de\/#\/schema\/person\/image\/","url":"https:\/\/secure.gravatar.com\/avatar\/82aafea7d8127119dd649515f56e2117?s=96&d=mm&r=g","contentUrl":"https:\/\/secure.gravatar.com\/avatar\/82aafea7d8127119dd649515f56e2117?s=96&d=mm&r=g","caption":"rtnews"},"url":"https:\/\/now-news.de\/de\/author\/rnews\/"}]}},"_links":{"self":[{"href":"https:\/\/now-news.de\/de\/wp-json\/wp\/v2\/posts\/55452"}],"collection":[{"href":"https:\/\/now-news.de\/de\/wp-json\/wp\/v2\/posts"}],"about":[{"href":"https:\/\/now-news.de\/de\/wp-json\/wp\/v2\/types\/post"}],"author":[{"embeddable":true,"href":"https:\/\/now-news.de\/de\/wp-json\/wp\/v2\/users\/3"}],"replies":[{"embeddable":true,"href":"https:\/\/now-news.de\/de\/wp-json\/wp\/v2\/comments?post=55452"}],"version-history":[{"count":0,"href":"https:\/\/now-news.de\/de\/wp-json\/wp\/v2\/posts\/55452\/revisions"}],"wp:featuredmedia":[{"embeddable":true,"href":"https:\/\/now-news.de\/de\/wp-json\/wp\/v2\/media\/55453"}],"wp:attachment":[{"href":"https:\/\/now-news.de\/de\/wp-json\/wp\/v2\/media?parent=55452"}],"wp:term":[{"taxonomy":"category","embeddable":true,"href":"https:\/\/now-news.de\/de\/wp-json\/wp\/v2\/categories?post=55452"},{"taxonomy":"post_tag","embeddable":true,"href":"https:\/\/now-news.de\/de\/wp-json\/wp\/v2\/tags?post=55452"}],"curies":[{"name":"wp","href":"https:\/\/api.w.org\/{rel}","templated":true}]}}