{"id":55417,"date":"2024-02-16T09:42:05","date_gmt":"2024-02-16T07:42:05","guid":{"rendered":"https:\/\/just-now.news\/de\/deutschland\/selenskij-besuch-legt-berliner-s-bahn-lahm\/"},"modified":"2024-02-16T09:42:05","modified_gmt":"2024-02-16T07:42:05","slug":"selenskij-besuch-legt-berliner-s-bahn-lahm","status":"publish","type":"post","link":"https:\/\/now-news.de\/de\/deutschland\/selenskij-besuch-legt-berliner-s-bahn-lahm\/","title":{"rendered":"Selenskij-Besuch legt Berliner S-Bahn lahm"},"content":{"rendered":"<p><img decoding=\"async\" src=\"http:\/\/just-now.news\/de\/wp-content\/uploads\/sites\/3\/2024\/02\/65cf0db0b480cc03af69e2a6.jpg\" \/><\/p>\n<div class=\"Text-root Text-type_1 \">\n                Wladimir Selenskij kommt nach Berlin. Die Freude unter den Nutzern der S-Bahn d\u00fcrfte sich in engen Grenzen halten, denn das Unternehmen hat wegen des dadurch verursachten Polizeieinsatzes umfassende Einschr\u00e4nkungen im Verkehr angek\u00fcndigt.\n            <\/div>\n<p><\/p>\n<div class=\"Text-root Text-type_5 ArticleView-text ViewText-root \">\n<p>Der Besuch des ukrainischen Staatschefs Wladimir Selenskij in der deutschen Hauptstadt legt am Freitagmorgen den Verkehr der Berliner S-Bahn teilweise lahm. Die S-Bahn warnte am Morgen\u00a0vor erheblichen Einschr\u00e4nkungen:<\/p>\n<p><em>&#8220;Wegen eines Polizeieinsatzes im Raum Berlin (Staatsbesuch)\u00a0kann es auf allen Linien zu Versp\u00e4tungen sowie Zugausf\u00e4llen kommen.&#8221;<\/em><\/p>\n<div class=\"EmbedBlock-root EmbedBlock-twitter\">\n<div class=\"TwitterEmbed\">\n<blockquote class=\"twitter-tweet lazyload\" data-twitter=\"twitter-tweet\">\n<p lang=\"de\" dir=\"ltr\"><a rel=\"nofollow noopener\" target=\"_blank\" href=\"https:\/\/twitter.com\/hashtag\/S1?src=hash&amp;ref_src=twsrc%5Etfw\">#S1<\/a><a rel=\"nofollow noopener\" target=\"_blank\" href=\"https:\/\/twitter.com\/hashtag\/S2?src=hash&amp;ref_src=twsrc%5Etfw\">#S2<\/a><a rel=\"nofollow noopener\" target=\"_blank\" href=\"https:\/\/twitter.com\/hashtag\/S25?src=hash&amp;ref_src=twsrc%5Etfw\">#S25<\/a><a rel=\"nofollow noopener\" target=\"_blank\" href=\"https:\/\/twitter.com\/hashtag\/S26?src=hash&amp;ref_src=twsrc%5Etfw\">#S26<\/a><a rel=\"nofollow noopener\" target=\"_blank\" href=\"https:\/\/twitter.com\/hashtag\/S3?src=hash&amp;ref_src=twsrc%5Etfw\">#S3<\/a><a rel=\"nofollow noopener\" target=\"_blank\" href=\"https:\/\/twitter.com\/hashtag\/S41?src=hash&amp;ref_src=twsrc%5Etfw\">#S41<\/a><a rel=\"nofollow noopener\" target=\"_blank\" href=\"https:\/\/twitter.com\/hashtag\/S42?src=hash&amp;ref_src=twsrc%5Etfw\">#S42<\/a><a rel=\"nofollow noopener\" target=\"_blank\" href=\"https:\/\/twitter.com\/hashtag\/S45?src=hash&amp;ref_src=twsrc%5Etfw\">#S45<\/a><a rel=\"nofollow noopener\" target=\"_blank\" href=\"https:\/\/twitter.com\/hashtag\/S46?src=hash&amp;ref_src=twsrc%5Etfw\">#S46<\/a><a rel=\"nofollow noopener\" target=\"_blank\" href=\"https:\/\/twitter.com\/hashtag\/S47?src=hash&amp;ref_src=twsrc%5Etfw\">#S47<\/a><a rel=\"nofollow noopener\" target=\"_blank\" href=\"https:\/\/twitter.com\/hashtag\/S5?src=hash&amp;ref_src=twsrc%5Etfw\">#S5<\/a><a rel=\"nofollow noopener\" target=\"_blank\" href=\"https:\/\/twitter.com\/hashtag\/S7?src=hash&amp;ref_src=twsrc%5Etfw\">#S7<\/a><a rel=\"nofollow noopener\" target=\"_blank\" href=\"https:\/\/twitter.com\/hashtag\/S75?src=hash&amp;ref_src=twsrc%5Etfw\">#S75<\/a><a rel=\"nofollow noopener\" target=\"_blank\" href=\"https:\/\/twitter.com\/hashtag\/S8?src=hash&amp;ref_src=twsrc%5Etfw\">#S8<\/a><a rel=\"nofollow noopener\" target=\"_blank\" href=\"https:\/\/twitter.com\/hashtag\/S85?src=hash&amp;ref_src=twsrc%5Etfw\">#S85<\/a><a rel=\"nofollow noopener\" target=\"_blank\" href=\"https:\/\/twitter.com\/hashtag\/S9?src=hash&amp;ref_src=twsrc%5Etfw\">#S9<\/a> Wegen eines Polizeieinsatzes im Raum Berlin (Staatsbesuch) bitte mit Versp\u00e4tungen und Zugausf\u00e4llen rechnen. Bitte auch die im Bild aufgezeigten Einschr\u00e4nkungen beachten!Info: <a rel=\"nofollow noopener\" target=\"_blank\" href=\"https:\/\/t.co\/AE9dqJhSTz\">https:\/\/t.co\/AE9dqJhSTz<\/a><a rel=\"nofollow noopener\" target=\"_blank\" href=\"https:\/\/t.co\/lAkf7gNfoq\">pic.twitter.com\/lAkf7gNfoq<\/a><\/p>\n<p>\u2014 S-Bahn Berlin (@SBahnBerlin) <a rel=\"nofollow noopener\" target=\"_blank\" href=\"https:\/\/twitter.com\/SBahnBerlin\/status\/1758355775452516681?ref_src=twsrc%5Etfw\">February 16, 2024<\/a><\/p><\/blockquote>\n<\/div>\n<\/div>\n<p>Konkret genannt wurden St\u00f6rungen auf gleich\u00a0acht Linien:<\/p>\n<p><em>&#8220;Es kommt zu nachfolgenden Einschr\u00e4nkungen im Zugverkehr:<\/em><\/p>\n<ul>\n<li><em>Linie S1 verkehrt zwischen Zehlendorf &lt;&gt; Potsdamer Platz nur im 10 Minuten-Takt<\/em><\/li>\n<li><em>Linie S3 verkehrt zwischen Karlshorst &lt;&gt; Ostbahnhof nur im 10\u00a0Minuten-Takt<\/em><\/li>\n<li><em>Linie S41 verkehrt im 10\u00a0Minuten-Takt<\/em><\/li>\n<li><em>Linie S42 verkehrt im 10\u00a0Minuten-Takt<\/em><\/li>\n<li><em>Linie S5 verkehrt zwischen Mahlsdorf &lt;&gt; Ostbahnhof nur im 10\u00a0Minuten-Takt\u00a0<\/em><\/li>\n<li><em>Linie S26 verkehrt ab ca.08:00 Uhr nicht mehr<\/em><\/li>\n<li><em>Linie S2 verkehrt ab ca. 08:00 Uhr im 20 Minuten-Takt<\/em><\/li>\n<li><em>Linie S85 verkehrt ab ca. 08:00 Uhr nicht mehr<\/em><\/li>\n<li><em>Linie S1 verkehrt ab ca. 08:00 Uhr nicht mehr&#8221;<\/em><\/li>\n<\/ul>\n<p>Bei der BVG gibt es ebenfalls Einschr\u00e4nkungen. Am U-Bahnhof Bundestag (U5) bleiben am Freitagmorgen alle Ausg\u00e4nge mit Ausnahme des Ausgangs zur Paul-L\u00f6be-Allee verschlossen.\u00a0<\/p>\n<p>Womit im Detail die angeblich erforderlichen Einschr\u00e4nkungen im Nahverkehr, der von dem Gast aus Kiew mit seiner Entourage kaum benutzen werden d\u00fcrfte, begr\u00fcndet werden, ist zur Zeit unbekannt.<\/p>\n<div class=\"EmbedBlock-root EmbedBlock-twitter\">\n<div class=\"TwitterEmbed\">\n<blockquote class=\"twitter-tweet lazyload\" data-twitter=\"twitter-tweet\">\n<p lang=\"de\" dir=\"ltr\">Ab dem sp\u00e4ten Vormittag kommt es aufgrund eines <a rel=\"nofollow noopener\" target=\"_blank\" href=\"https:\/\/twitter.com\/hashtag\/Staatsbesuchs?src=hash&amp;ref_src=twsrc%5Etfw\">#Staatsbesuchs<\/a> zu umfangreichen Verkehrsbeeintr\u00e4chtigungen im Bereich rund um das <a rel=\"nofollow noopener\" target=\"_blank\" href=\"https:\/\/twitter.com\/hashtag\/Regierungsviertel?src=hash&amp;ref_src=twsrc%5Etfw\">#Regierungsviertel<\/a> in <a rel=\"nofollow noopener\" target=\"_blank\" href=\"https:\/\/twitter.com\/hashtag\/Tiergarten?src=hash&amp;ref_src=twsrc%5Etfw\">#Tiergarten<\/a>. Auch am Flughafen <a rel=\"nofollow noopener\" target=\"_blank\" href=\"https:\/\/twitter.com\/hashtag\/BER?src=hash&amp;ref_src=twsrc%5Etfw\">#BER<\/a> sind Verkehrseinschr\u00e4nkungen m\u00f6glich. <a rel=\"nofollow noopener\" target=\"_blank\" href=\"https:\/\/t.co\/6mGR6GyABw\">https:\/\/t.co\/6mGR6GyABw<\/a><\/p>\n<p>\u2014 Verkehrsinformationszentrale Berlin (VIZ Berlin) (@VIZ_Berlin) <a rel=\"nofollow noopener\" target=\"_blank\" href=\"https:\/\/twitter.com\/VIZ_Berlin\/status\/1758370481999073466?ref_src=twsrc%5Etfw\">February 16, 2024<\/a><\/p><\/blockquote>\n<\/div>\n<\/div>\n<p>Auch im Stra\u00dfenverkehr f\u00fchrt der Staatsbesuch zu Problemen. Die Berliner Verkehrsinformationszentrale warnt vor &#8220;umfangreichen Verkehrsbeeintr\u00e4chtigen im Bereich rund um das Regierungsviertel.<\/p>\n<p>Angesichts seiner schwierigen Lage d\u00fcrfte der Kiewer Staatschef auch in Deutschland um noch mehr finanzielle und milit\u00e4rische Hilfe bitten. Wie die Bundesregierung bekannt gab, werden Selenskij und der deutsche Bundeskanzler Olaf Scholz\u00a0am Freitag\u00a0&#8220;bilaterale Vereinbarung \u00fcber Sicherheitszusagen und langfristige Unterst\u00fctzung&#8221; unterzeichnen.<\/p>\n<p><strong>Mehr zum Thema<\/strong> &#8211; <a rel=\"nofollow noopener\" target=\"_blank\" href=\"https:\/\/freedert.online\/meinung\/195966-journalistische-standards-ard-acht-luegen-in-fuenf-minuten\/\">Journalistische Standards der ARD: Acht L\u00fcgen in f\u00fcnf Minuten<\/a><\/p>\n<\/p>\n<\/div>\n<p><script async src=\"https:\/\/platform.twitter.com\/widgets.js\" charset=\"utf-8\"><\/script><br \/>\n<br \/><br \/>\n<br \/><a href=\"https:\/\/de.rt.com\/inland\/196327-selenskij-besuch-legt-berliner-s\/\">Source link <\/a><\/p>\n","protected":false},"excerpt":{"rendered":"<p>Wladimir Selenskij kommt nach Berlin. Die Freude unter den Nutzern der S-Bahn d\u00fcrfte sich in engen Grenzen halten, denn das Unternehmen hat wegen des dadurch verursachten Polizeieinsatzes umfassende Einschr\u00e4nkungen im Verkehr angek\u00fcndigt. Der Besuch des ukrainischen Staatschefs Wladimir Selenskij in der deutschen Hauptstadt legt am Freitagmorgen den Verkehr der Berliner S-Bahn teilweise lahm. Die S-Bahn [&hellip;]<\/p>\n","protected":false},"author":3,"featured_media":55418,"comment_status":"open","ping_status":"open","sticky":false,"template":"","format":"standard","meta":{"_yoast_indexnow_last_ping":["1708069501"],"wp_automatic_camp":["217"],"6db665ecaa7bcd51bca15256fbf213d0":["Selenskij-Besuch legt Berliner S-Bahn lahm"],"original_link":["https:\/\/de.rt.com\/inland\/196327-selenskij-besuch-legt-berliner-s\/"],"_thumbnail_id":["55418"],"_wptgpro_p2tg_sent2tg":["a:1:{i:23737;s:19:\"2024-02-16 09:46:18\";}"],"jnews_social_counter_last_update":["1777322672"]},"categories":[19,23],"tags":[9101,34497,5552,53578,43868],"yoast_head":"<!-- This site is optimized with the Yoast SEO Premium plugin v22.7 (Yoast SEO v22.7) - https:\/\/yoast.com\/wordpress\/plugins\/seo\/ -->\n<title>Selenskij-Besuch legt Berliner S-Bahn lahm - just-now.NEWS Deutschland<\/title>\n<meta name=\"robots\" content=\"index, follow, max-snippet:-1, max-image-preview:large, max-video-preview:-1\" \/>\n<link rel=\"canonical\" href=\"https:\/\/now-news.de\/de\/deutschland\/selenskij-besuch-legt-berliner-s-bahn-lahm\/\" \/>\n<meta property=\"og:locale\" content=\"de_DE\" \/>\n<meta property=\"og:type\" content=\"article\" \/>\n<meta property=\"og:title\" content=\"Selenskij-Besuch legt Berliner S-Bahn lahm\" \/>\n<meta property=\"og:description\" content=\"Wladimir Selenskij kommt nach Berlin. Die Freude unter den Nutzern der S-Bahn d\u00fcrfte sich in engen Grenzen halten, denn das Unternehmen hat wegen des dadurch verursachten Polizeieinsatzes umfassende Einschr\u00e4nkungen im Verkehr angek\u00fcndigt. Der Besuch des ukrainischen Staatschefs Wladimir Selenskij in der deutschen Hauptstadt legt am Freitagmorgen den Verkehr der Berliner S-Bahn teilweise lahm. Die S-Bahn [&hellip;]\" \/>\n<meta property=\"og:url\" content=\"https:\/\/now-news.de\/de\/deutschland\/selenskij-besuch-legt-berliner-s-bahn-lahm\/\" \/>\n<meta property=\"og:site_name\" content=\"just-now.NEWS Deutschland\" \/>\n<meta property=\"article:publisher\" content=\"https:\/\/www.facebook.com\/wirmachenauf\" \/>\n<meta property=\"article:published_time\" content=\"2024-02-16T07:42:05+00:00\" \/>\n<meta property=\"og:image\" content=\"https:\/\/now-news.de\/de\/wp-content\/uploads\/sites\/3\/2024\/02\/Selenskij-Besuch-legt-Berliner-S-Bahn-lahm.jpg\" \/>\n\t<meta property=\"og:image:width\" content=\"460\" \/>\n\t<meta property=\"og:image:height\" content=\"259\" \/>\n\t<meta property=\"og:image:type\" content=\"image\/jpeg\" \/>\n<meta name=\"author\" content=\"rtnews\" \/>\n<meta name=\"twitter:card\" content=\"summary_large_image\" \/>\n<meta name=\"twitter:creator\" content=\"@WirMachenAuf_de\" \/>\n<meta name=\"twitter:site\" content=\"@WirMachenAuf_de\" \/>\n<meta name=\"twitter:label1\" content=\"Verfasst von\" \/>\n\t<meta name=\"twitter:data1\" content=\"rtnews\" \/>\n\t<meta name=\"twitter:label2\" content=\"Gesch\u00e4tzte Lesezeit\" \/>\n\t<meta name=\"twitter:data2\" content=\"2\u00a0Minuten\" \/>\n<script type=\"application\/ld+json\" class=\"yoast-schema-graph\">{\"@context\":\"https:\/\/schema.org\",\"@graph\":[{\"@type\":\"Article\",\"@id\":\"https:\/\/now-news.de\/de\/deutschland\/selenskij-besuch-legt-berliner-s-bahn-lahm\/#article\",\"isPartOf\":{\"@id\":\"https:\/\/now-news.de\/de\/deutschland\/selenskij-besuch-legt-berliner-s-bahn-lahm\/\"},\"author\":{\"name\":\"rtnews\",\"@id\":\"https:\/\/now-news.de\/de\/#\/schema\/person\/fb534a4e865501d8b3285208df34a9b5\"},\"headline\":\"Selenskij-Besuch legt Berliner S-Bahn lahm\",\"datePublished\":\"2024-02-16T07:42:05+00:00\",\"dateModified\":\"2024-02-16T07:42:05+00:00\",\"mainEntityOfPage\":{\"@id\":\"https:\/\/now-news.de\/de\/deutschland\/selenskij-besuch-legt-berliner-s-bahn-lahm\/\"},\"wordCount\":424,\"commentCount\":0,\"publisher\":{\"@id\":\"https:\/\/now-news.de\/de\/#organization\"},\"image\":{\"@id\":\"https:\/\/now-news.de\/de\/deutschland\/selenskij-besuch-legt-berliner-s-bahn-lahm\/#primaryimage\"},\"thumbnailUrl\":\"https:\/\/now-news.de\/de\/wp-content\/uploads\/sites\/3\/2024\/02\/Selenskij-Besuch-legt-Berliner-S-Bahn-lahm.jpg\",\"keywords\":[\"Berliner\",\"lahm\",\"legt\",\"SBahn\",\"SelenskijBesuch\"],\"articleSection\":[\"Deutschland\",\"Russland\"],\"inLanguage\":\"de\",\"potentialAction\":[{\"@type\":\"CommentAction\",\"name\":\"Comment\",\"target\":[\"https:\/\/now-news.de\/de\/deutschland\/selenskij-besuch-legt-berliner-s-bahn-lahm\/#respond\"]}]},{\"@type\":\"WebPage\",\"@id\":\"https:\/\/now-news.de\/de\/deutschland\/selenskij-besuch-legt-berliner-s-bahn-lahm\/\",\"url\":\"https:\/\/now-news.de\/de\/deutschland\/selenskij-besuch-legt-berliner-s-bahn-lahm\/\",\"name\":\"Selenskij-Besuch legt Berliner S-Bahn lahm - just-now.NEWS Deutschland\",\"isPartOf\":{\"@id\":\"https:\/\/now-news.de\/de\/#website\"},\"primaryImageOfPage\":{\"@id\":\"https:\/\/now-news.de\/de\/deutschland\/selenskij-besuch-legt-berliner-s-bahn-lahm\/#primaryimage\"},\"image\":{\"@id\":\"https:\/\/now-news.de\/de\/deutschland\/selenskij-besuch-legt-berliner-s-bahn-lahm\/#primaryimage\"},\"thumbnailUrl\":\"https:\/\/now-news.de\/de\/wp-content\/uploads\/sites\/3\/2024\/02\/Selenskij-Besuch-legt-Berliner-S-Bahn-lahm.jpg\",\"datePublished\":\"2024-02-16T07:42:05+00:00\",\"dateModified\":\"2024-02-16T07:42:05+00:00\",\"breadcrumb\":{\"@id\":\"https:\/\/now-news.de\/de\/deutschland\/selenskij-besuch-legt-berliner-s-bahn-lahm\/#breadcrumb\"},\"inLanguage\":\"de\",\"potentialAction\":[{\"@type\":\"ReadAction\",\"target\":[\"https:\/\/now-news.de\/de\/deutschland\/selenskij-besuch-legt-berliner-s-bahn-lahm\/\"]}]},{\"@type\":\"ImageObject\",\"inLanguage\":\"de\",\"@id\":\"https:\/\/now-news.de\/de\/deutschland\/selenskij-besuch-legt-berliner-s-bahn-lahm\/#primaryimage\",\"url\":\"https:\/\/now-news.de\/de\/wp-content\/uploads\/sites\/3\/2024\/02\/Selenskij-Besuch-legt-Berliner-S-Bahn-lahm.jpg\",\"contentUrl\":\"https:\/\/now-news.de\/de\/wp-content\/uploads\/sites\/3\/2024\/02\/Selenskij-Besuch-legt-Berliner-S-Bahn-lahm.jpg\",\"width\":460,\"height\":259,\"caption\":\"Selenskij-Besuch legt Berliner S-Bahn lahm\"},{\"@type\":\"BreadcrumbList\",\"@id\":\"https:\/\/now-news.de\/de\/deutschland\/selenskij-besuch-legt-berliner-s-bahn-lahm\/#breadcrumb\",\"itemListElement\":[{\"@type\":\"ListItem\",\"position\":1,\"name\":\"Home\",\"item\":\"https:\/\/now-news.de\/de\/\"},{\"@type\":\"ListItem\",\"position\":2,\"name\":\"Selenskij-Besuch legt Berliner S-Bahn lahm\"}]},{\"@type\":\"WebSite\",\"@id\":\"https:\/\/now-news.de\/de\/#website\",\"url\":\"https:\/\/now-news.de\/de\/\",\"name\":\"just-now.NEWS Deutschland\",\"description\":\"Das Portal f\u00fcr unzensierte Nachrichten aus der Welt\",\"publisher\":{\"@id\":\"https:\/\/now-news.de\/de\/#organization\"},\"potentialAction\":[{\"@type\":\"SearchAction\",\"target\":{\"@type\":\"EntryPoint\",\"urlTemplate\":\"https:\/\/now-news.de\/de\/?s={search_term_string}\"},\"query-input\":\"required name=search_term_string\"}],\"inLanguage\":\"de\"},{\"@type\":\"Organization\",\"@id\":\"https:\/\/now-news.de\/de\/#organization\",\"name\":\"Just Now News\",\"url\":\"https:\/\/now-news.de\/de\/\",\"logo\":{\"@type\":\"ImageObject\",\"inLanguage\":\"de\",\"@id\":\"https:\/\/now-news.de\/de\/#\/schema\/logo\/image\/\",\"url\":\"http:\/\/just-now.news\/de\/wp-content\/uploads\/sites\/3\/2022\/04\/logo500x500.jpg\",\"contentUrl\":\"http:\/\/just-now.news\/de\/wp-content\/uploads\/sites\/3\/2022\/04\/logo500x500.jpg\",\"width\":500,\"height\":500,\"caption\":\"Just Now News\"},\"image\":{\"@id\":\"https:\/\/now-news.de\/de\/#\/schema\/logo\/image\/\"},\"sameAs\":[\"https:\/\/www.facebook.com\/wirmachenauf\",\"https:\/\/x.com\/WirMachenAuf_de\"]},{\"@type\":\"Person\",\"@id\":\"https:\/\/now-news.de\/de\/#\/schema\/person\/fb534a4e865501d8b3285208df34a9b5\",\"name\":\"rtnews\",\"image\":{\"@type\":\"ImageObject\",\"inLanguage\":\"de\",\"@id\":\"https:\/\/now-news.de\/de\/#\/schema\/person\/image\/\",\"url\":\"https:\/\/secure.gravatar.com\/avatar\/82aafea7d8127119dd649515f56e2117?s=96&d=mm&r=g\",\"contentUrl\":\"https:\/\/secure.gravatar.com\/avatar\/82aafea7d8127119dd649515f56e2117?s=96&d=mm&r=g\",\"caption\":\"rtnews\"},\"url\":\"https:\/\/now-news.de\/de\/author\/rnews\/\"}]}<\/script>\n<!-- \/ Yoast SEO Premium plugin. -->","yoast_head_json":{"title":"Selenskij-Besuch legt Berliner S-Bahn lahm - just-now.NEWS Deutschland","robots":{"index":"index","follow":"follow","max-snippet":"max-snippet:-1","max-image-preview":"max-image-preview:large","max-video-preview":"max-video-preview:-1"},"canonical":"https:\/\/now-news.de\/de\/deutschland\/selenskij-besuch-legt-berliner-s-bahn-lahm\/","og_locale":"de_DE","og_type":"article","og_title":"Selenskij-Besuch legt Berliner S-Bahn lahm","og_description":"Wladimir Selenskij kommt nach Berlin. Die Freude unter den Nutzern der S-Bahn d\u00fcrfte sich in engen Grenzen halten, denn das Unternehmen hat wegen des dadurch verursachten Polizeieinsatzes umfassende Einschr\u00e4nkungen im Verkehr angek\u00fcndigt. Der Besuch des ukrainischen Staatschefs Wladimir Selenskij in der deutschen Hauptstadt legt am Freitagmorgen den Verkehr der Berliner S-Bahn teilweise lahm. Die S-Bahn [&hellip;]","og_url":"https:\/\/now-news.de\/de\/deutschland\/selenskij-besuch-legt-berliner-s-bahn-lahm\/","og_site_name":"just-now.NEWS Deutschland","article_publisher":"https:\/\/www.facebook.com\/wirmachenauf","article_published_time":"2024-02-16T07:42:05+00:00","og_image":[{"width":460,"height":259,"url":"https:\/\/now-news.de\/de\/wp-content\/uploads\/sites\/3\/2024\/02\/Selenskij-Besuch-legt-Berliner-S-Bahn-lahm.jpg","type":"image\/jpeg"}],"author":"rtnews","twitter_card":"summary_large_image","twitter_creator":"@WirMachenAuf_de","twitter_site":"@WirMachenAuf_de","twitter_misc":{"Verfasst von":"rtnews","Gesch\u00e4tzte Lesezeit":"2\u00a0Minuten"},"schema":{"@context":"https:\/\/schema.org","@graph":[{"@type":"Article","@id":"https:\/\/now-news.de\/de\/deutschland\/selenskij-besuch-legt-berliner-s-bahn-lahm\/#article","isPartOf":{"@id":"https:\/\/now-news.de\/de\/deutschland\/selenskij-besuch-legt-berliner-s-bahn-lahm\/"},"author":{"name":"rtnews","@id":"https:\/\/now-news.de\/de\/#\/schema\/person\/fb534a4e865501d8b3285208df34a9b5"},"headline":"Selenskij-Besuch legt Berliner S-Bahn lahm","datePublished":"2024-02-16T07:42:05+00:00","dateModified":"2024-02-16T07:42:05+00:00","mainEntityOfPage":{"@id":"https:\/\/now-news.de\/de\/deutschland\/selenskij-besuch-legt-berliner-s-bahn-lahm\/"},"wordCount":424,"commentCount":0,"publisher":{"@id":"https:\/\/now-news.de\/de\/#organization"},"image":{"@id":"https:\/\/now-news.de\/de\/deutschland\/selenskij-besuch-legt-berliner-s-bahn-lahm\/#primaryimage"},"thumbnailUrl":"https:\/\/now-news.de\/de\/wp-content\/uploads\/sites\/3\/2024\/02\/Selenskij-Besuch-legt-Berliner-S-Bahn-lahm.jpg","keywords":["Berliner","lahm","legt","SBahn","SelenskijBesuch"],"articleSection":["Deutschland","Russland"],"inLanguage":"de","potentialAction":[{"@type":"CommentAction","name":"Comment","target":["https:\/\/now-news.de\/de\/deutschland\/selenskij-besuch-legt-berliner-s-bahn-lahm\/#respond"]}]},{"@type":"WebPage","@id":"https:\/\/now-news.de\/de\/deutschland\/selenskij-besuch-legt-berliner-s-bahn-lahm\/","url":"https:\/\/now-news.de\/de\/deutschland\/selenskij-besuch-legt-berliner-s-bahn-lahm\/","name":"Selenskij-Besuch legt Berliner S-Bahn lahm - just-now.NEWS Deutschland","isPartOf":{"@id":"https:\/\/now-news.de\/de\/#website"},"primaryImageOfPage":{"@id":"https:\/\/now-news.de\/de\/deutschland\/selenskij-besuch-legt-berliner-s-bahn-lahm\/#primaryimage"},"image":{"@id":"https:\/\/now-news.de\/de\/deutschland\/selenskij-besuch-legt-berliner-s-bahn-lahm\/#primaryimage"},"thumbnailUrl":"https:\/\/now-news.de\/de\/wp-content\/uploads\/sites\/3\/2024\/02\/Selenskij-Besuch-legt-Berliner-S-Bahn-lahm.jpg","datePublished":"2024-02-16T07:42:05+00:00","dateModified":"2024-02-16T07:42:05+00:00","breadcrumb":{"@id":"https:\/\/now-news.de\/de\/deutschland\/selenskij-besuch-legt-berliner-s-bahn-lahm\/#breadcrumb"},"inLanguage":"de","potentialAction":[{"@type":"ReadAction","target":["https:\/\/now-news.de\/de\/deutschland\/selenskij-besuch-legt-berliner-s-bahn-lahm\/"]}]},{"@type":"ImageObject","inLanguage":"de","@id":"https:\/\/now-news.de\/de\/deutschland\/selenskij-besuch-legt-berliner-s-bahn-lahm\/#primaryimage","url":"https:\/\/now-news.de\/de\/wp-content\/uploads\/sites\/3\/2024\/02\/Selenskij-Besuch-legt-Berliner-S-Bahn-lahm.jpg","contentUrl":"https:\/\/now-news.de\/de\/wp-content\/uploads\/sites\/3\/2024\/02\/Selenskij-Besuch-legt-Berliner-S-Bahn-lahm.jpg","width":460,"height":259,"caption":"Selenskij-Besuch legt Berliner S-Bahn lahm"},{"@type":"BreadcrumbList","@id":"https:\/\/now-news.de\/de\/deutschland\/selenskij-besuch-legt-berliner-s-bahn-lahm\/#breadcrumb","itemListElement":[{"@type":"ListItem","position":1,"name":"Home","item":"https:\/\/now-news.de\/de\/"},{"@type":"ListItem","position":2,"name":"Selenskij-Besuch legt Berliner S-Bahn lahm"}]},{"@type":"WebSite","@id":"https:\/\/now-news.de\/de\/#website","url":"https:\/\/now-news.de\/de\/","name":"just-now.NEWS Deutschland","description":"Das Portal f\u00fcr unzensierte Nachrichten aus der Welt","publisher":{"@id":"https:\/\/now-news.de\/de\/#organization"},"potentialAction":[{"@type":"SearchAction","target":{"@type":"EntryPoint","urlTemplate":"https:\/\/now-news.de\/de\/?s={search_term_string}"},"query-input":"required name=search_term_string"}],"inLanguage":"de"},{"@type":"Organization","@id":"https:\/\/now-news.de\/de\/#organization","name":"Just Now News","url":"https:\/\/now-news.de\/de\/","logo":{"@type":"ImageObject","inLanguage":"de","@id":"https:\/\/now-news.de\/de\/#\/schema\/logo\/image\/","url":"http:\/\/just-now.news\/de\/wp-content\/uploads\/sites\/3\/2022\/04\/logo500x500.jpg","contentUrl":"http:\/\/just-now.news\/de\/wp-content\/uploads\/sites\/3\/2022\/04\/logo500x500.jpg","width":500,"height":500,"caption":"Just Now News"},"image":{"@id":"https:\/\/now-news.de\/de\/#\/schema\/logo\/image\/"},"sameAs":["https:\/\/www.facebook.com\/wirmachenauf","https:\/\/x.com\/WirMachenAuf_de"]},{"@type":"Person","@id":"https:\/\/now-news.de\/de\/#\/schema\/person\/fb534a4e865501d8b3285208df34a9b5","name":"rtnews","image":{"@type":"ImageObject","inLanguage":"de","@id":"https:\/\/now-news.de\/de\/#\/schema\/person\/image\/","url":"https:\/\/secure.gravatar.com\/avatar\/82aafea7d8127119dd649515f56e2117?s=96&d=mm&r=g","contentUrl":"https:\/\/secure.gravatar.com\/avatar\/82aafea7d8127119dd649515f56e2117?s=96&d=mm&r=g","caption":"rtnews"},"url":"https:\/\/now-news.de\/de\/author\/rnews\/"}]}},"_links":{"self":[{"href":"https:\/\/now-news.de\/de\/wp-json\/wp\/v2\/posts\/55417"}],"collection":[{"href":"https:\/\/now-news.de\/de\/wp-json\/wp\/v2\/posts"}],"about":[{"href":"https:\/\/now-news.de\/de\/wp-json\/wp\/v2\/types\/post"}],"author":[{"embeddable":true,"href":"https:\/\/now-news.de\/de\/wp-json\/wp\/v2\/users\/3"}],"replies":[{"embeddable":true,"href":"https:\/\/now-news.de\/de\/wp-json\/wp\/v2\/comments?post=55417"}],"version-history":[{"count":0,"href":"https:\/\/now-news.de\/de\/wp-json\/wp\/v2\/posts\/55417\/revisions"}],"wp:featuredmedia":[{"embeddable":true,"href":"https:\/\/now-news.de\/de\/wp-json\/wp\/v2\/media\/55418"}],"wp:attachment":[{"href":"https:\/\/now-news.de\/de\/wp-json\/wp\/v2\/media?parent=55417"}],"wp:term":[{"taxonomy":"category","embeddable":true,"href":"https:\/\/now-news.de\/de\/wp-json\/wp\/v2\/categories?post=55417"},{"taxonomy":"post_tag","embeddable":true,"href":"https:\/\/now-news.de\/de\/wp-json\/wp\/v2\/tags?post=55417"}],"curies":[{"name":"wp","href":"https:\/\/api.w.org\/{rel}","templated":true}]}}