{"id":55392,"date":"2024-02-15T19:10:06","date_gmt":"2024-02-15T17:10:06","guid":{"rendered":"https:\/\/just-now.news\/de\/deutschland\/faesers-reichstagsbrand-der-schritt-in-die-rundumverfolgung\/"},"modified":"2024-02-15T19:10:06","modified_gmt":"2024-02-15T17:10:06","slug":"faesers-reichstagsbrand-der-schritt-in-die-rundumverfolgung","status":"publish","type":"post","link":"https:\/\/now-news.de\/de\/deutschland\/faesers-reichstagsbrand-der-schritt-in-die-rundumverfolgung\/","title":{"rendered":"Faesers Reichstagsbrand: Der Schritt in die Rundumverfolgung"},"content":{"rendered":"<p><img decoding=\"async\" src=\"http:\/\/just-now.news\/de\/wp-content\/uploads\/sites\/3\/2024\/02\/65ce369bb480cc3b807bc152.jpg\" \/><\/p>\n<div class=\"Text-root Text-type_1 \">\n                Ihre S\u00e4tze werden desto schlimmer, je gr\u00fcndlicher man sie liest. Nancy Faeser gibt in der G\u00f6tterd\u00e4mmerung des Rechtsstaats den Loki, sie entfesselt die Kr\u00e4fte, die alle demokratischen Rechte verschlingen. Was als &#8220;Kampf gegen Rechts&#8221; inszeniert wird, ist der Schritt in die Diktatur.\n            <\/div>\n<p><\/p>\n<div class=\"Text-root Text-type_5 ArticleView-text ViewText-root \">\n<p><em>Von Dagmar Henn<\/em><\/p>\n<p>G\u00e4be es in Deutschland noch irgendjemanden, der tats\u00e4chlich die Rechte des Grundgesetzes, ob man es nun als Verfassung sieht oder nicht, bewahren wollte, er m\u00fcsste jetzt dem Handeln von Bundesinnenministerin Nancy Faeser und ihren Gefolgsleuten in der Justiz ein Ende setzen. Ungeachtet der vermeintlichen Zielrichtung der von ihr betriebenen Entwicklung, schlicht, weil sie die Grundlagen der Rechtsordnung aus den Angeln hebt.<\/p>\n<p>Das l\u00e4sst sich anhand von Zitaten aus ihrer Pressekonferenz <a rel=\"nofollow noopener\" target=\"_blank\" href=\"https:\/\/www.youtube.com\/watch?v=N7LOmiK4IF0&amp;t=248s\">belegen<\/a>. Man muss sie nur in ihrer vollen Bedeutung auf sich wirken lassen.<\/p>\n<blockquote>\n<p><em>&#8220;Es geht um einen ganzheitlichen Ansatz in der Bek\u00e4mpfung von Rechtsextremisten. Ich m\u00f6chte rechtsextremistische Netzwerke genauso behandeln wie Gruppierungen der organisierten Kriminalit\u00e4t. Diejenigen, die den Staat verh\u00f6hnen, m\u00fcssen es mit einem starken Staat zu tun bekommen. Das bedeutet, jeden Rechtsversto\u00df konsequent zu verfolgen und zu ahnden. Das kann nicht nur durch die Polizei, sondern auch durch die Ordnungsbeh\u00f6rden wie die Gastst\u00e4tten- oder Gewerbeaufsicht geschehen. Bei Rechtsextremisten jeden Stein umzudrehen, das muss der Ansatz sein.&#8221;<\/em><\/p>\n<\/blockquote>\n<p>Die Aussage &#8220;wie Gruppierungen der organisierten Kriminalit\u00e4t&#8221; ist keine rhetorische Floskel, sie verweist auf einen Komplex an rechtlichen Regelungen, die, das erw\u00e4hnt Faeser aus gutem Grund nicht, gewisserma\u00dfen der Einstieg in die Anti-Terror-Gesetze waren. Das zeigt selbst die Abfolge der entsprechenden Paragrafen des Strafgesetzbuchs. \u00a7 129, der &#8220;Mutterparagraf&#8221; gewisserma\u00dfen, tr\u00e4gt die \u00dcberschrift &#8220;Bildung krimineller Vereinigungen&#8221;; darauf folgt, nummerisch wie auch im Zeitpunkt der Entstehung, \u00a7 129 a, &#8220;Bildung terroristischer Vereinigungen&#8221; und \u00a7 129 b, &#8220;Kriminelle und terroristische Vereinigungen im Ausland&#8221;.<\/p>\n<p>Alle diese Paragrafen kennzeichnet eine f\u00fcr das deutsche Strafrecht eher ungew\u00f6hnliche und nicht unproblematische Eigenschaft: Es handelt sich um ein Kollektivstrafrecht. Man kann die Gr\u00fcnde daf\u00fcr nachvollziehen \u2013 es ist nun einmal bei einer arbeitsteiligen Vorgehensweise schwer, die genaue Schuld des Einzelnen zu bestimmen.<\/p>\n<p>Das \u00e4ndert nichts an der Tatsache, dass das deutsche Strafrecht ansonsten auf die individuelle Verantwortung abstellt. Die zwar nachgewiesen werden muss, es in diesen Zusammenh\u00e4ngen aber zul\u00e4sst, die Mitgliedschaft in der Gruppierung selbst, ohne jeden Nachweis einer konkreten Beteiligung an irgendwas, bereits zur Straftat zu erkl\u00e4ren (ein Schritt, den man in Bezug auf eine der schlimmsten kriminellen Organisationen der Menschheitsgeschichte, die SS, in der Bundesrepublik nie vollzogen hat).<\/p>\n<p>Wer sich noch an die 1970er erinnern kann, wei\u00df, wie weit die Anwendung des \u00a7 129 a gedehnt wurde, und wie h\u00e4ufig sie zur Grundlage von Verfolgungsma\u00dfnahmen wurden, die nichts mehr mit einer konkreten Bedrohung zu tun hatten. Nicht zu vergessen: An diesen Paragrafen h\u00e4ngen eine ganze Reihe von Sonderbestimmungen, angefangen vom Zeitraum, f\u00fcr den ohne Haftbefehl festgehalten werden darf, bis hin zu Isolationshaft und Einschr\u00e4nkungen in der Kommunikation mit Strafverteidigern. Faeser redet noch von &#8220;krimineller&#8221;, nicht von &#8220;terroristischer Vereinigung&#8221;, aber wer diese Paragrafen und ihre Folgen kennt, wei\u00df, in welche Richtung dieser Zug f\u00e4hrt.<\/p>\n<p>&#8220;Diejenigen, die den Staat verh\u00f6hnen&#8221; \u2013 das ist, so wie im gesamten Diskurs \u00fcber &#8220;Delegitimierung des Staates&#8221; geredet wird, eine Version von &#8220;L\u2019\u00e9tat, c\u2019est moi&#8221;; denn gemeint ist nicht eine Verh\u00f6hnung des Staates, sondern eine Verh\u00f6hnung der Regierung. Die zwar ein Teil des Staates ist, ein Teil seiner Exekutive, aber mitnichten der Staat selbst, auch wenn sich diese Herrschaften selbst so sehen.<\/p>\n<p>Wobei die Begriffswahl etwas eigenartig ist, denn Hohn und Verh\u00f6hnung ist etwas, das nur von oben nach unten funktioniert. Das Deutsche ist da sehr genau. Das, was von unten nach oben gerichtet ist, nennt sich Spott. Der Begriff des Hohns ist mit Macht verbunden, nicht mit Ohnmacht. Um den deutschen Staat zu verh\u00f6hnen, m\u00fcsste man Joe Biden hei\u00dfen oder Bill Gates. Beide sind jedoch nicht gemeint.<\/p>\n<p>Strenggenommen ist Au\u00dfenministerin Baerbocks ber\u00fchmte Aussage, es sei ihr &#8220;egal, was meine W\u00e4hler denken&#8221;, viel eher eine Verh\u00f6hnung des Staates als all das, was Frau Faeser darunter subsumieren d\u00fcrfte, denn wer, bitte, steht \u00fcber dem Souver\u00e4n? Und wer h\u00e4tte die f\u00fcr Hohn erforderliche Macht? Nein, man wei\u00df aus praktischer Erfahrung, dass damit schlicht eine etwas grunds\u00e4tzlichere Kritik gemeint ist.<\/p>\n<p>\u00dcbrigens ist Deutschland wei\u00df Gott nicht allein mit dem Bestreben, alle m\u00f6glichen abweichenden Aussagen zu inkriminieren. In Kanada liegt dem Parlament allen Ernstes ein Gesetzentwurf vor, der jede positive Aussage \u00fcber fossile Brennstoffe unter Strafe stellt; sollte das Gesetz verabschiedet werden, wird vermutlich selbst &#8220;Brand New Cadillac&#8221; von The Clash verboten. Die Reaktionen im Zusammenhang mit Trans- etc. sind ja bekannt. \u00dcberall wird eine Chiffre gesucht, unter die man das stellen kann, was verboten werden soll. Aber wie diese im Einzelnen lautet, ob &#8220;Rechtsextremismus&#8221; wie in Deutschland oder &#8220;Klimaleugnung&#8221; wie in Kanada, das ist letztlich unerheblich.<\/p>\n<p>Aber eines ist eindeutig \u2013 ob nun ein Teil der Exekutive verspottet wird oder fossile Brennstoffe nicht verdammt werden, es handelt sich in jedem Fall unverkennbar um ein Meinungsdelikt. Etwas, das eigentlich gar nicht verfolgt werden d\u00fcrfte, w\u00e4re das Grundgesetz noch das Papier wert, auf dem es steht. Wobei es \u00e4hnlich gelagerte Verfolgungen auch schon im Zusammenhang mit \u00a7 129 b gegeben hat, aber was jetzt angestrebt wird, hat v\u00f6llig neue Dimensionen.<\/p>\n<p>In den 1970ern gab es noch eine ganze Reihe prominenter Juristen, die sich stark gegen alle Gesetzes\u00e4nderungen engagierten, die in diesem Zusammenhang erfolgt waren; die meisten mussten daher in den 1980ern wieder zur\u00fcckgenommen werden. Das war m\u00f6glich, weil die Auseinandersetzung um die Notstandsgesetze 1968\/69 eine ganze Generation nicht nur politisiert, sondern auch mit juristischen Kenntnissen versehen hatte, etwas, das heute aufs Schmerzlichste fehlt.<\/p>\n<p>Zur\u00fcck zu Faeser. Wir reden also von Menschen, die keine Straftat begangen haben, die es &#8220;mit einem starken Staat zu tun bekommen&#8221; m\u00fcssen. Das weckt Assoziationen von einem SEK-Besuch morgens um f\u00fcnf. Faeser hat aber noch ganz andere M\u00f6glichkeiten im Blick, und da wird es abgr\u00fcndig.<\/p>\n<p>Vielleicht muss man zuvor noch ein paar Worte \u00fcber die SPD verlieren. Es d\u00fcrfte kaum eine Partei geben, in der die Intrigen so raffiniert sind wie in der SPD, die Partei ist schlie\u00dflich \u00e4lter als 150 Jahre; \u00fcbertroffen wird sie vermutlich nur von der katholischen Kirche. Innerhalb dieser Intrigen und auch sonst bei politischen Auseinandersetzungen werden gerne Mittel genutzt, die man als Au\u00dfenstehender nicht im Arsenal politischer Konflikte vermuten w\u00fcrde.<\/p>\n<p>Die Tatsache, dass von Beh\u00f6rden bis Krankenkassen \u00fcberall eigene Leute sitzen, wird durchaus als M\u00f6glichkeit politischer Verfolgung genutzt. Darstellungen dieser Techniken findet man in \u00e4lteren Fernsehserien \u00fcberwiegend bezogen auf die bayrische Regierungspartei CSU, aber die SPD ist darin sogar noch etwas besser. Wenn Faeser von &#8220;Ordnungsbeh\u00f6rden, wie die Gastst\u00e4tten- oder Gewerbeaufsicht&#8221; spricht, dann ist sie bestrebt, dieses inoffizielle \u2013 und eigentlich so illegale wie undemokratische \u2013 Arsenal gesetzlich absegnen zu lassen.<\/p>\n<p>Die Art und Weise, wie derartige Intrigen ablaufen, ist selten Thema in der politischen \u00d6ffentlichkeit; meist nur, wenn ein einzelner Fall gar zu offensichtlich ist. Und im Regelfall werden derartige Mittel eher in der politischen N\u00e4he als gegen den politischen Gegner eingesetzt, in der inneren Auseinandersetzung um Mandate, Vorstandsposten, aber auch um die politische Linie. Ein Einsatz gegen den Gegner ist viel zu gef\u00e4hrlich \u2013 das k\u00f6nnte dazu f\u00fchren, sich am empfangenden Ende wiederzufinden. Mit Gastst\u00e4tten- und Gewerbeaufsicht hat sie nur einen Teil der M\u00f6glichkeiten benannt, und nicht die sch\u00e4rfsten. Die b\u00f6sartigsten Angriffe laufen \u00fcber den Brandschutz oder das Jugendamt.<\/p>\n<p>Was nicht impliziert, dass die Mitarbeiter besagter Beh\u00f6rden auch nur eine Ahnung davon haben, wozu ihr Handeln dienen soll. Es ist nur wichtig, wahrzunehmen, dass Faeser hier nichts Neues erfindet, sondern Verfahren politischer Verfolgung als Allgemeinzustand etablieren will, die bisher gewisserma\u00dfen f\u00fcr die Sonderf\u00e4lle besonders heftiger Intrigen reserviert waren. Was allerdings einen \u00e4u\u00dferst bedrohlichen Unterton hat. Denn wenn man etwas, das man im Interesse der eigenen Sicherheit bisher nur im Nahbereich nutzte, weil sich politische Machtverh\u00e4ltnisse \u00e4ndern k\u00f6nnen, auf einmal gegen den politischen Gegner richtet, impliziert das\u00a0\u2013 zumindest f\u00fcr jene, die diese Verfahren kennen\u00a0\u2013, dass man nicht vorhat, noch genug von diesem politischen Gegner \u00fcbrig zu lassen, dass man je ans empfangende Ende geraten k\u00f6nnte.<\/p>\n<p>Man kann sogar argumentieren, dass eine gewisse Sch\u00e4rfe innerparteilicher Auseinandersetzungen gesamtgesellschaftlich n\u00fctzlich ist. Schlie\u00dflich sollten f\u00fchrende Politiker wissen, wie sie unter Druck reagieren; sie sollten wissen, wie Loyalit\u00e4t gewonnen und verloren werden kann; sie sollten wissen, welche Dinge sie zu tun oder eben nicht zu tun bereit sind; und sie sollten Erfahrungen sammeln, wie man Auseinandersetzungen nicht nur beginnt, sondern auch wieder beendet. Allerdings gelingt auch das nur, wenn ein gewisses Ma\u00df innerparteilicher Demokratie nicht unterschritten wird.<\/p>\n<p>Wenn solche Vorgehensweisen aber in der Gesellschaft eingef\u00fchrt werden, wenn also auf Grundlage einer der Obrigkeit nicht genehmen Meinungs\u00e4u\u00dferung das gesamte Bataillon von Ordnungsamt bis Brandschutz eingesetzt wird, dann ist das auf der einen Seite eine extreme Ausweitung politischer Verfolgung in Dimensionen, wie sie zuletzt bis 1945 existierten, und auf der anderen Seite ein Verhalten, das extrem zerst\u00f6rerische Wirkungen auf die Gesellschaft insgesamt entfalten wird.<\/p>\n<p>Das, was in Gestalt dieser allseitigen Verfolgung geschieht, ist weder das Ergebnis einer rechtlich \u00fcberpr\u00fcfbaren Entscheidung, noch hat es auch nur ansatzweise mit Grunds\u00e4tzen wie Verh\u00e4ltnism\u00e4\u00dfigkeit zu tun. Selbst wenn eine Beh\u00f6rde eine Verfehlung sucht, findet und ahndet und das f\u00fcr sich genommen rechtm\u00e4\u00dfig w\u00e4re, ist das, was Faeser imaginiert, eine au\u00dferrechtliche Bestrafung ohne Verteidigungs- und Einspruchsm\u00f6glichkeit, sprich: ein Handeln, das den Rahmen des Rechtsstaates vollst\u00e4ndig verl\u00e4sst.<\/p>\n<p>Und gleich, wie Frau Faeser, deren Verst\u00e4ndnisf\u00e4higkeiten juristisch wie soziologisch eng begrenzt sind, es rechtfertigen mag, selbst wenn sie vollkommen davon \u00fcberzeugt sein sollte, dass es ganz sicher nur gegen ganz abscheuliche, gef\u00e4hrliche Rechtsextreme gehe: Nichts und niemand kann verhindern, dass ein derart reichhaltig gedeckter Tisch an Verfolgungsma\u00dfnahmen samt Denunziationsstellen nicht zur Austragung aller denkbaren anderen Konflikte genutzt wird, vom Konkurrenten bis zur h\u00e4sslichen Scheidung. Was Faeser da errichtet, ist ein Bankett zur Vernichtung unliebsamer Mitb\u00fcrger.<\/p>\n<p>Der Grund, warum solche Ma\u00dfnahmen nicht die \u00fcbliche Verhaltensweise eines Staates sind, ist zum einen, dass sich die Zahl der Betroffenen schlicht nicht begrenzen l\u00e4sst, und zum anderen, dass damit jede Art Neutralit\u00e4t des staatlichen Apparates gegen\u00fcber pers\u00f6nlichen Konflikten aufgehoben wird.<\/p>\n<p>So sehr es in Bezug auf Auseinandersetzungen zwischen den Klassen Illusion ist, und so sehr sich vielerlei Mechanismen erkennen lassen, die innerhalb des rechtlichen Apparats von ganz allein, ohne jede Anweisung, zu Gunsten der Reicheren und M\u00e4chtigeren wirken (wie, dass Richter, die sehr gut bezahlt sind, st\u00e4rkere Sympathien f\u00fcr Ihresgleichen empfinden), so wichtig ist es dennoch f\u00fcr das Funktionieren eines Strafrechtssystems \u00fcberhaupt, dass es nicht oder\u00a0 sehr selten im Interesse von Person A gegen Person B dienstbar gemacht werden kann, sondern zumindest den glaubw\u00fcrdigen Anschein einer Gleichheit vor dem Gesetz erweckt. Die Kritik bezog sich historisch immer auf zu wenig, nicht zu viel Gleichheit.<\/p>\n<p>Das, was Faeser zu verfolgen scheint, ist allerdings ein v\u00f6lliges Aufl\u00f6sen der Grenze zwischen Zivil-, Ordnungs- und Strafrecht, und die v\u00f6llige Indienststellung jeglicher staatlicher Beh\u00f6rde, von Abwasserbeh\u00f6rde bis Zoll, f\u00fcr eine auf nebul\u00f6sen Formulierungen beruhende Rundumverfolgung. Bei der weder die v\u00f6llige wirtschaftliche Vernichtung noch beispielsweise der Entzug der Wohnung oder der Kinder ausgeschlossen sind. Wohlgemerkt, nicht f\u00fcr einen Betrug in Milliardenh\u00f6he, wie bei Cum-Ex; nicht f\u00fcr das Sch\u00fcren von Hass zwischen den V\u00f6lkern, wie seit einiger Zeit im Bundestag \u00fcblich, und auch nicht f\u00fcr die Unterst\u00fctzung des israelischen Genozids in Gaza, Handlungen, die man als ernste Vergehen betrachten sollte; nein, f\u00fcr &#8220;Verh\u00f6hnung des Staates&#8221;, eine Meinungs\u00e4u\u00dferung.<\/p>\n<p>Es l\u00e4sst sich noch viel mehr finden in Faesers Aussagen, und es sind auch noch weitere Gesetzes\u00e4nderungen in Arbeit, aber die Richtung ist \u00fcberall gleich; es entsteht der Eindruck, als werde nun alles, was bereits verabschiedet wurde, auf einen Schlag aktiviert und mit weiteren Erg\u00e4nzungen versehen umgesetzt. Vor kurzem habe ich einmal geschrieben, das Ganze k\u00e4me mir vor wie ein Reichstagsbrand in Zeitlupe. Wenn man Faeser und ihren Helfern aufmerksam genug lauscht, stellt man fest: Es ist schon der Morgen des 28. Februar.<\/p>\n<p><strong>Mehr zum Thema<\/strong> &#8211; <a rel=\"nofollow noopener\" target=\"_blank\" href=\"https:\/\/freeassange.rtde.live\/meinung\/195359-was-kann-weiter-rechts-sein-als-deutsche-panzer-die-wieder-auf-russen-schiessen\/\">Was kann weiter &#8220;rechts&#8221; sein als deutsche Panzer, die wieder auf Russen schie\u00dfen?<\/a><\/p>\n<\/div>\n<p><br \/>\n<br \/><a href=\"https:\/\/de.rt.com\/meinung\/196293-faesers-reichstagsbrand-schritt-in-rundumverfolgung\/\">Source link <\/a><\/p>\n","protected":false},"excerpt":{"rendered":"<p>Ihre S\u00e4tze werden desto schlimmer, je gr\u00fcndlicher man sie liest. Nancy Faeser gibt in der G\u00f6tterd\u00e4mmerung des Rechtsstaats den Loki, sie entfesselt die Kr\u00e4fte, die alle demokratischen Rechte verschlingen. Was als &#8220;Kampf gegen Rechts&#8221; inszeniert wird, ist der Schritt in die Diktatur. Von Dagmar Henn G\u00e4be es in Deutschland noch irgendjemanden, der tats\u00e4chlich die Rechte [&hellip;]<\/p>\n","protected":false},"author":3,"featured_media":55393,"comment_status":"open","ping_status":"open","sticky":false,"template":"","format":"standard","meta":{"_yoast_indexnow_last_ping":["1708017297"],"wp_automatic_camp":["217"],"22c7dd1fe8c1d3c00b17a9a019e19204":["Faesers Reichstagsbrand: Der Schritt in die Rundumverfolgung"],"original_link":["https:\/\/de.rt.com\/meinung\/196293-faesers-reichstagsbrand-schritt-in-rundumverfolgung\/"],"_thumbnail_id":["55393"],"jnews_social_counter_last_update":["1777202933"],"_wptgpro_p2tg_sent2tg":["a:1:{i:23737;s:19:\"2024-02-15 19:16:44\";}"]},"categories":[19,23],"tags":[82,45,35054,53561,53562,16158],"yoast_head":"<!-- This site is optimized with the Yoast SEO Premium plugin v22.7 (Yoast SEO v22.7) - https:\/\/yoast.com\/wordpress\/plugins\/seo\/ -->\n<title>Faesers Reichstagsbrand: Der Schritt in die Rundumverfolgung - just-now.NEWS Deutschland<\/title>\n<meta name=\"robots\" content=\"index, follow, max-snippet:-1, max-image-preview:large, max-video-preview:-1\" \/>\n<link rel=\"canonical\" href=\"https:\/\/now-news.de\/de\/deutschland\/faesers-reichstagsbrand-der-schritt-in-die-rundumverfolgung\/\" \/>\n<meta property=\"og:locale\" content=\"de_DE\" \/>\n<meta property=\"og:type\" content=\"article\" \/>\n<meta property=\"og:title\" content=\"Faesers Reichstagsbrand: Der Schritt in die Rundumverfolgung\" \/>\n<meta property=\"og:description\" content=\"Ihre S\u00e4tze werden desto schlimmer, je gr\u00fcndlicher man sie liest. Nancy Faeser gibt in der G\u00f6tterd\u00e4mmerung des Rechtsstaats den Loki, sie entfesselt die Kr\u00e4fte, die alle demokratischen Rechte verschlingen. Was als &#8220;Kampf gegen Rechts&#8221; inszeniert wird, ist der Schritt in die Diktatur. Von Dagmar Henn G\u00e4be es in Deutschland noch irgendjemanden, der tats\u00e4chlich die Rechte [&hellip;]\" \/>\n<meta property=\"og:url\" content=\"https:\/\/now-news.de\/de\/deutschland\/faesers-reichstagsbrand-der-schritt-in-die-rundumverfolgung\/\" \/>\n<meta property=\"og:site_name\" content=\"just-now.NEWS Deutschland\" \/>\n<meta property=\"article:publisher\" content=\"https:\/\/www.facebook.com\/wirmachenauf\" \/>\n<meta property=\"article:published_time\" content=\"2024-02-15T17:10:06+00:00\" \/>\n<meta property=\"og:image\" content=\"https:\/\/now-news.de\/de\/wp-content\/uploads\/sites\/3\/2024\/02\/Faesers-Reichstagsbrand-Der-Schritt-in-die-Rundumverfolgung.jpg\" \/>\n\t<meta property=\"og:image:width\" content=\"460\" \/>\n\t<meta property=\"og:image:height\" content=\"259\" \/>\n\t<meta property=\"og:image:type\" content=\"image\/jpeg\" \/>\n<meta name=\"author\" content=\"rtnews\" \/>\n<meta name=\"twitter:card\" content=\"summary_large_image\" \/>\n<meta name=\"twitter:creator\" content=\"@WirMachenAuf_de\" \/>\n<meta name=\"twitter:site\" content=\"@WirMachenAuf_de\" \/>\n<meta name=\"twitter:label1\" content=\"Verfasst von\" \/>\n\t<meta name=\"twitter:data1\" content=\"rtnews\" \/>\n\t<meta name=\"twitter:label2\" content=\"Gesch\u00e4tzte Lesezeit\" \/>\n\t<meta name=\"twitter:data2\" content=\"10\u00a0Minuten\" \/>\n<script type=\"application\/ld+json\" class=\"yoast-schema-graph\">{\"@context\":\"https:\/\/schema.org\",\"@graph\":[{\"@type\":\"Article\",\"@id\":\"https:\/\/now-news.de\/de\/deutschland\/faesers-reichstagsbrand-der-schritt-in-die-rundumverfolgung\/#article\",\"isPartOf\":{\"@id\":\"https:\/\/now-news.de\/de\/deutschland\/faesers-reichstagsbrand-der-schritt-in-die-rundumverfolgung\/\"},\"author\":{\"name\":\"rtnews\",\"@id\":\"https:\/\/now-news.de\/de\/#\/schema\/person\/fb534a4e865501d8b3285208df34a9b5\"},\"headline\":\"Faesers Reichstagsbrand: Der Schritt in die Rundumverfolgung\",\"datePublished\":\"2024-02-15T17:10:06+00:00\",\"dateModified\":\"2024-02-15T17:10:06+00:00\",\"mainEntityOfPage\":{\"@id\":\"https:\/\/now-news.de\/de\/deutschland\/faesers-reichstagsbrand-der-schritt-in-die-rundumverfolgung\/\"},\"wordCount\":2085,\"commentCount\":0,\"publisher\":{\"@id\":\"https:\/\/now-news.de\/de\/#organization\"},\"image\":{\"@id\":\"https:\/\/now-news.de\/de\/deutschland\/faesers-reichstagsbrand-der-schritt-in-die-rundumverfolgung\/#primaryimage\"},\"thumbnailUrl\":\"https:\/\/now-news.de\/de\/wp-content\/uploads\/sites\/3\/2024\/02\/Faesers-Reichstagsbrand-Der-Schritt-in-die-Rundumverfolgung.jpg\",\"keywords\":[\"der\",\"die\",\"Faesers\",\"Reichstagsbrand\",\"Rundumverfolgung\",\"Schritt\"],\"articleSection\":[\"Deutschland\",\"Russland\"],\"inLanguage\":\"de\",\"potentialAction\":[{\"@type\":\"CommentAction\",\"name\":\"Comment\",\"target\":[\"https:\/\/now-news.de\/de\/deutschland\/faesers-reichstagsbrand-der-schritt-in-die-rundumverfolgung\/#respond\"]}]},{\"@type\":\"WebPage\",\"@id\":\"https:\/\/now-news.de\/de\/deutschland\/faesers-reichstagsbrand-der-schritt-in-die-rundumverfolgung\/\",\"url\":\"https:\/\/now-news.de\/de\/deutschland\/faesers-reichstagsbrand-der-schritt-in-die-rundumverfolgung\/\",\"name\":\"Faesers Reichstagsbrand: Der Schritt in die Rundumverfolgung - just-now.NEWS Deutschland\",\"isPartOf\":{\"@id\":\"https:\/\/now-news.de\/de\/#website\"},\"primaryImageOfPage\":{\"@id\":\"https:\/\/now-news.de\/de\/deutschland\/faesers-reichstagsbrand-der-schritt-in-die-rundumverfolgung\/#primaryimage\"},\"image\":{\"@id\":\"https:\/\/now-news.de\/de\/deutschland\/faesers-reichstagsbrand-der-schritt-in-die-rundumverfolgung\/#primaryimage\"},\"thumbnailUrl\":\"https:\/\/now-news.de\/de\/wp-content\/uploads\/sites\/3\/2024\/02\/Faesers-Reichstagsbrand-Der-Schritt-in-die-Rundumverfolgung.jpg\",\"datePublished\":\"2024-02-15T17:10:06+00:00\",\"dateModified\":\"2024-02-15T17:10:06+00:00\",\"breadcrumb\":{\"@id\":\"https:\/\/now-news.de\/de\/deutschland\/faesers-reichstagsbrand-der-schritt-in-die-rundumverfolgung\/#breadcrumb\"},\"inLanguage\":\"de\",\"potentialAction\":[{\"@type\":\"ReadAction\",\"target\":[\"https:\/\/now-news.de\/de\/deutschland\/faesers-reichstagsbrand-der-schritt-in-die-rundumverfolgung\/\"]}]},{\"@type\":\"ImageObject\",\"inLanguage\":\"de\",\"@id\":\"https:\/\/now-news.de\/de\/deutschland\/faesers-reichstagsbrand-der-schritt-in-die-rundumverfolgung\/#primaryimage\",\"url\":\"https:\/\/now-news.de\/de\/wp-content\/uploads\/sites\/3\/2024\/02\/Faesers-Reichstagsbrand-Der-Schritt-in-die-Rundumverfolgung.jpg\",\"contentUrl\":\"https:\/\/now-news.de\/de\/wp-content\/uploads\/sites\/3\/2024\/02\/Faesers-Reichstagsbrand-Der-Schritt-in-die-Rundumverfolgung.jpg\",\"width\":460,\"height\":259,\"caption\":\"Faesers Reichstagsbrand: Der Schritt in die Rundumverfolgung\"},{\"@type\":\"BreadcrumbList\",\"@id\":\"https:\/\/now-news.de\/de\/deutschland\/faesers-reichstagsbrand-der-schritt-in-die-rundumverfolgung\/#breadcrumb\",\"itemListElement\":[{\"@type\":\"ListItem\",\"position\":1,\"name\":\"Home\",\"item\":\"https:\/\/now-news.de\/de\/\"},{\"@type\":\"ListItem\",\"position\":2,\"name\":\"Faesers Reichstagsbrand: Der Schritt in die Rundumverfolgung\"}]},{\"@type\":\"WebSite\",\"@id\":\"https:\/\/now-news.de\/de\/#website\",\"url\":\"https:\/\/now-news.de\/de\/\",\"name\":\"just-now.NEWS Deutschland\",\"description\":\"Das Portal f\u00fcr unzensierte Nachrichten aus der Welt\",\"publisher\":{\"@id\":\"https:\/\/now-news.de\/de\/#organization\"},\"potentialAction\":[{\"@type\":\"SearchAction\",\"target\":{\"@type\":\"EntryPoint\",\"urlTemplate\":\"https:\/\/now-news.de\/de\/?s={search_term_string}\"},\"query-input\":\"required name=search_term_string\"}],\"inLanguage\":\"de\"},{\"@type\":\"Organization\",\"@id\":\"https:\/\/now-news.de\/de\/#organization\",\"name\":\"Just Now News\",\"url\":\"https:\/\/now-news.de\/de\/\",\"logo\":{\"@type\":\"ImageObject\",\"inLanguage\":\"de\",\"@id\":\"https:\/\/now-news.de\/de\/#\/schema\/logo\/image\/\",\"url\":\"http:\/\/just-now.news\/de\/wp-content\/uploads\/sites\/3\/2022\/04\/logo500x500.jpg\",\"contentUrl\":\"http:\/\/just-now.news\/de\/wp-content\/uploads\/sites\/3\/2022\/04\/logo500x500.jpg\",\"width\":500,\"height\":500,\"caption\":\"Just Now News\"},\"image\":{\"@id\":\"https:\/\/now-news.de\/de\/#\/schema\/logo\/image\/\"},\"sameAs\":[\"https:\/\/www.facebook.com\/wirmachenauf\",\"https:\/\/x.com\/WirMachenAuf_de\"]},{\"@type\":\"Person\",\"@id\":\"https:\/\/now-news.de\/de\/#\/schema\/person\/fb534a4e865501d8b3285208df34a9b5\",\"name\":\"rtnews\",\"image\":{\"@type\":\"ImageObject\",\"inLanguage\":\"de\",\"@id\":\"https:\/\/now-news.de\/de\/#\/schema\/person\/image\/\",\"url\":\"https:\/\/secure.gravatar.com\/avatar\/82aafea7d8127119dd649515f56e2117?s=96&d=mm&r=g\",\"contentUrl\":\"https:\/\/secure.gravatar.com\/avatar\/82aafea7d8127119dd649515f56e2117?s=96&d=mm&r=g\",\"caption\":\"rtnews\"},\"url\":\"https:\/\/now-news.de\/de\/author\/rnews\/\"}]}<\/script>\n<!-- \/ Yoast SEO Premium plugin. -->","yoast_head_json":{"title":"Faesers Reichstagsbrand: Der Schritt in die Rundumverfolgung - just-now.NEWS Deutschland","robots":{"index":"index","follow":"follow","max-snippet":"max-snippet:-1","max-image-preview":"max-image-preview:large","max-video-preview":"max-video-preview:-1"},"canonical":"https:\/\/now-news.de\/de\/deutschland\/faesers-reichstagsbrand-der-schritt-in-die-rundumverfolgung\/","og_locale":"de_DE","og_type":"article","og_title":"Faesers Reichstagsbrand: Der Schritt in die Rundumverfolgung","og_description":"Ihre S\u00e4tze werden desto schlimmer, je gr\u00fcndlicher man sie liest. Nancy Faeser gibt in der G\u00f6tterd\u00e4mmerung des Rechtsstaats den Loki, sie entfesselt die Kr\u00e4fte, die alle demokratischen Rechte verschlingen. Was als &#8220;Kampf gegen Rechts&#8221; inszeniert wird, ist der Schritt in die Diktatur. Von Dagmar Henn G\u00e4be es in Deutschland noch irgendjemanden, der tats\u00e4chlich die Rechte [&hellip;]","og_url":"https:\/\/now-news.de\/de\/deutschland\/faesers-reichstagsbrand-der-schritt-in-die-rundumverfolgung\/","og_site_name":"just-now.NEWS Deutschland","article_publisher":"https:\/\/www.facebook.com\/wirmachenauf","article_published_time":"2024-02-15T17:10:06+00:00","og_image":[{"width":460,"height":259,"url":"https:\/\/now-news.de\/de\/wp-content\/uploads\/sites\/3\/2024\/02\/Faesers-Reichstagsbrand-Der-Schritt-in-die-Rundumverfolgung.jpg","type":"image\/jpeg"}],"author":"rtnews","twitter_card":"summary_large_image","twitter_creator":"@WirMachenAuf_de","twitter_site":"@WirMachenAuf_de","twitter_misc":{"Verfasst von":"rtnews","Gesch\u00e4tzte Lesezeit":"10\u00a0Minuten"},"schema":{"@context":"https:\/\/schema.org","@graph":[{"@type":"Article","@id":"https:\/\/now-news.de\/de\/deutschland\/faesers-reichstagsbrand-der-schritt-in-die-rundumverfolgung\/#article","isPartOf":{"@id":"https:\/\/now-news.de\/de\/deutschland\/faesers-reichstagsbrand-der-schritt-in-die-rundumverfolgung\/"},"author":{"name":"rtnews","@id":"https:\/\/now-news.de\/de\/#\/schema\/person\/fb534a4e865501d8b3285208df34a9b5"},"headline":"Faesers Reichstagsbrand: Der Schritt in die Rundumverfolgung","datePublished":"2024-02-15T17:10:06+00:00","dateModified":"2024-02-15T17:10:06+00:00","mainEntityOfPage":{"@id":"https:\/\/now-news.de\/de\/deutschland\/faesers-reichstagsbrand-der-schritt-in-die-rundumverfolgung\/"},"wordCount":2085,"commentCount":0,"publisher":{"@id":"https:\/\/now-news.de\/de\/#organization"},"image":{"@id":"https:\/\/now-news.de\/de\/deutschland\/faesers-reichstagsbrand-der-schritt-in-die-rundumverfolgung\/#primaryimage"},"thumbnailUrl":"https:\/\/now-news.de\/de\/wp-content\/uploads\/sites\/3\/2024\/02\/Faesers-Reichstagsbrand-Der-Schritt-in-die-Rundumverfolgung.jpg","keywords":["der","die","Faesers","Reichstagsbrand","Rundumverfolgung","Schritt"],"articleSection":["Deutschland","Russland"],"inLanguage":"de","potentialAction":[{"@type":"CommentAction","name":"Comment","target":["https:\/\/now-news.de\/de\/deutschland\/faesers-reichstagsbrand-der-schritt-in-die-rundumverfolgung\/#respond"]}]},{"@type":"WebPage","@id":"https:\/\/now-news.de\/de\/deutschland\/faesers-reichstagsbrand-der-schritt-in-die-rundumverfolgung\/","url":"https:\/\/now-news.de\/de\/deutschland\/faesers-reichstagsbrand-der-schritt-in-die-rundumverfolgung\/","name":"Faesers Reichstagsbrand: Der Schritt in die Rundumverfolgung - just-now.NEWS Deutschland","isPartOf":{"@id":"https:\/\/now-news.de\/de\/#website"},"primaryImageOfPage":{"@id":"https:\/\/now-news.de\/de\/deutschland\/faesers-reichstagsbrand-der-schritt-in-die-rundumverfolgung\/#primaryimage"},"image":{"@id":"https:\/\/now-news.de\/de\/deutschland\/faesers-reichstagsbrand-der-schritt-in-die-rundumverfolgung\/#primaryimage"},"thumbnailUrl":"https:\/\/now-news.de\/de\/wp-content\/uploads\/sites\/3\/2024\/02\/Faesers-Reichstagsbrand-Der-Schritt-in-die-Rundumverfolgung.jpg","datePublished":"2024-02-15T17:10:06+00:00","dateModified":"2024-02-15T17:10:06+00:00","breadcrumb":{"@id":"https:\/\/now-news.de\/de\/deutschland\/faesers-reichstagsbrand-der-schritt-in-die-rundumverfolgung\/#breadcrumb"},"inLanguage":"de","potentialAction":[{"@type":"ReadAction","target":["https:\/\/now-news.de\/de\/deutschland\/faesers-reichstagsbrand-der-schritt-in-die-rundumverfolgung\/"]}]},{"@type":"ImageObject","inLanguage":"de","@id":"https:\/\/now-news.de\/de\/deutschland\/faesers-reichstagsbrand-der-schritt-in-die-rundumverfolgung\/#primaryimage","url":"https:\/\/now-news.de\/de\/wp-content\/uploads\/sites\/3\/2024\/02\/Faesers-Reichstagsbrand-Der-Schritt-in-die-Rundumverfolgung.jpg","contentUrl":"https:\/\/now-news.de\/de\/wp-content\/uploads\/sites\/3\/2024\/02\/Faesers-Reichstagsbrand-Der-Schritt-in-die-Rundumverfolgung.jpg","width":460,"height":259,"caption":"Faesers Reichstagsbrand: Der Schritt in die Rundumverfolgung"},{"@type":"BreadcrumbList","@id":"https:\/\/now-news.de\/de\/deutschland\/faesers-reichstagsbrand-der-schritt-in-die-rundumverfolgung\/#breadcrumb","itemListElement":[{"@type":"ListItem","position":1,"name":"Home","item":"https:\/\/now-news.de\/de\/"},{"@type":"ListItem","position":2,"name":"Faesers Reichstagsbrand: Der Schritt in die Rundumverfolgung"}]},{"@type":"WebSite","@id":"https:\/\/now-news.de\/de\/#website","url":"https:\/\/now-news.de\/de\/","name":"just-now.NEWS Deutschland","description":"Das Portal f\u00fcr unzensierte Nachrichten aus der Welt","publisher":{"@id":"https:\/\/now-news.de\/de\/#organization"},"potentialAction":[{"@type":"SearchAction","target":{"@type":"EntryPoint","urlTemplate":"https:\/\/now-news.de\/de\/?s={search_term_string}"},"query-input":"required name=search_term_string"}],"inLanguage":"de"},{"@type":"Organization","@id":"https:\/\/now-news.de\/de\/#organization","name":"Just Now News","url":"https:\/\/now-news.de\/de\/","logo":{"@type":"ImageObject","inLanguage":"de","@id":"https:\/\/now-news.de\/de\/#\/schema\/logo\/image\/","url":"http:\/\/just-now.news\/de\/wp-content\/uploads\/sites\/3\/2022\/04\/logo500x500.jpg","contentUrl":"http:\/\/just-now.news\/de\/wp-content\/uploads\/sites\/3\/2022\/04\/logo500x500.jpg","width":500,"height":500,"caption":"Just Now News"},"image":{"@id":"https:\/\/now-news.de\/de\/#\/schema\/logo\/image\/"},"sameAs":["https:\/\/www.facebook.com\/wirmachenauf","https:\/\/x.com\/WirMachenAuf_de"]},{"@type":"Person","@id":"https:\/\/now-news.de\/de\/#\/schema\/person\/fb534a4e865501d8b3285208df34a9b5","name":"rtnews","image":{"@type":"ImageObject","inLanguage":"de","@id":"https:\/\/now-news.de\/de\/#\/schema\/person\/image\/","url":"https:\/\/secure.gravatar.com\/avatar\/82aafea7d8127119dd649515f56e2117?s=96&d=mm&r=g","contentUrl":"https:\/\/secure.gravatar.com\/avatar\/82aafea7d8127119dd649515f56e2117?s=96&d=mm&r=g","caption":"rtnews"},"url":"https:\/\/now-news.de\/de\/author\/rnews\/"}]}},"_links":{"self":[{"href":"https:\/\/now-news.de\/de\/wp-json\/wp\/v2\/posts\/55392"}],"collection":[{"href":"https:\/\/now-news.de\/de\/wp-json\/wp\/v2\/posts"}],"about":[{"href":"https:\/\/now-news.de\/de\/wp-json\/wp\/v2\/types\/post"}],"author":[{"embeddable":true,"href":"https:\/\/now-news.de\/de\/wp-json\/wp\/v2\/users\/3"}],"replies":[{"embeddable":true,"href":"https:\/\/now-news.de\/de\/wp-json\/wp\/v2\/comments?post=55392"}],"version-history":[{"count":0,"href":"https:\/\/now-news.de\/de\/wp-json\/wp\/v2\/posts\/55392\/revisions"}],"wp:featuredmedia":[{"embeddable":true,"href":"https:\/\/now-news.de\/de\/wp-json\/wp\/v2\/media\/55393"}],"wp:attachment":[{"href":"https:\/\/now-news.de\/de\/wp-json\/wp\/v2\/media?parent=55392"}],"wp:term":[{"taxonomy":"category","embeddable":true,"href":"https:\/\/now-news.de\/de\/wp-json\/wp\/v2\/categories?post=55392"},{"taxonomy":"post_tag","embeddable":true,"href":"https:\/\/now-news.de\/de\/wp-json\/wp\/v2\/tags?post=55392"}],"curies":[{"name":"wp","href":"https:\/\/api.w.org\/{rel}","templated":true}]}}