{"id":55374,"date":"2024-02-15T16:43:54","date_gmt":"2024-02-15T14:43:54","guid":{"rendered":"https:\/\/just-now.news\/de\/deutschland\/estlands-generalstaatsanwalt-drittlaender-koennten-premierministerin-kallas-an-russland-ausliefern\/"},"modified":"2024-02-15T16:43:54","modified_gmt":"2024-02-15T14:43:54","slug":"estlands-generalstaatsanwalt-drittlaender-koennten-premierministerin-kallas-an-russland-ausliefern","status":"publish","type":"post","link":"https:\/\/now-news.de\/de\/deutschland\/estlands-generalstaatsanwalt-drittlaender-koennten-premierministerin-kallas-an-russland-ausliefern\/","title":{"rendered":"Estlands Generalstaatsanwalt: Drittl\u00e4nder k\u00f6nnten Premierministerin Kallas an Russland ausliefern"},"content":{"rendered":"<p><img decoding=\"async\" src=\"http:\/\/just-now.news\/de\/wp-content\/uploads\/sites\/3\/2024\/02\/65ce190548fbef2cef7778af.jpg\" \/><\/p>\n<div class=\"Text-root Text-type_1 \">\n                Estlands Generalstaatsanwalt schlie\u00dft nicht aus, dass Premierministerin Kaja Kallas an Russland ausgeliefert werden k\u00f6nnte. Dies sei im Falle einer Auslandsreise durchaus m\u00f6glich. Estland rechne damit, dass ein Drittland dem russischen Haftbefehl nachkommen werde.\n            <\/div>\n<p><\/p>\n<div class=\"Text-root Text-type_5 ArticleView-text ViewText-root \">\n<p>Die Premierministerin Estlands, Kaja Kallas, k\u00f6nnte\u00a0durchaus an Russland ausgeliefert werden, falls sie ins Ausland reist. Dies hat der Generalstaatsanwalt des baltischen Landes, Andres Parmas, in einem Interview mit dem Nachrichtenportal <em>Delfi<\/em> erkl\u00e4rt. Der Beamte kommentierte damit den Haftbefehl\u00a0gegen die Regierungschefin, den das russische Innenministerium vor Kurzem erlassen hatte.<\/p>\n<p>Parmas betonte, dass die Sicherheit der Premierministerin vom internationalen diplomatischen Recht gew\u00e4hrleistet werde.\u00a0Dennoch k\u00f6nne Tallinn nicht erwarten oder fordern, dass Drittl\u00e4nder diese Regeln einhielten. Wenn ein Land auf seine Verpflichtungen verzichte und auf\u00a0ein mit Russland abgeschlossenes Auslieferungsabkommen verweise, sei Estland nicht in der Lage, etwas dagegen zu tun. Das Risiko w\u00fcrde zudem noch einmal deutlich steigen, wenn Kallas den Posten der Regierungschefin verlassen und als Privatperson ins Ausland reisen w\u00fcrde.<\/p>\n<p>Die Fahndung nach Kallas hat der Generalstaatsanwalt als eklatanten politischen Angriff und eine Einmischung in die Souver\u00e4nit\u00e4t eines anderen Landes bezeichnet. Der Au\u00dfenminister Estlands, Margus Tsahkna, erkl\u00e4rte bei einer Pressekonferenz am Donnerstag, dass die Ausschreibung der Premierministerin zur Fahndung eine ernste Angelegenheit sei. Kallas selbst zeigte sich indes wenig beeindruckt von der Nachricht. In einem Statement auf der Regierungswebseite erkl\u00e4rte sie, dass es sich um eine bekannte Einsch\u00fcchterungstaktik seitens Russlands handele. Estland und seine Regierungschefin w\u00fcrden trotz allem weiterhin die Ukraine unterst\u00fctzen, die europ\u00e4ische Verteidigung st\u00e4rken und gegen die russische Propaganda k\u00e4mpfen.<\/p>\n<p>Dass das\u00a0Innenministerium in Moskau Kallas zur Fahndung ausgeschrieben hatte, wurde am Dienstag bekannt. Die Sprecherin des russischen Au\u00dfenministeriums, Maria Sacharowa, erkl\u00e4rte diesbez\u00fcglich, man m\u00fcsse f\u00fcr Verbrechen gegen das Gedenken an die Befreier der Welt von Nazismus und Faschismus zur Rechenschaft gezogen werden<em>. <\/em>Seitens der\u00a0Medien hie\u00df es, dass nach Kallas und mehreren weiteren EU-Beamten wegen der Besch\u00e4digung, Sch\u00e4ndung oder Zerst\u00f6rung sowjetischer Denkm\u00e4ler gefahndet werde.<\/p>\n<p><strong>Mehr zum Thema \u2013 <\/strong><a rel=\"nofollow noopener\" target=\"_blank\" href=\"https:\/\/freedert.online\/europa\/196023-russland-setzt-estlands-premierministerin\/\">Russland setzt Estlands Premierministerin auf Fahndungsliste<\/a><\/p>\n<\/div>\n<p><br \/>\n<br \/><a href=\"https:\/\/de.rt.com\/international\/196275-estlands-generalstaatsanwalt-drittlaender-koennen-premierministerin\/\">Source link <\/a><\/p>\n","protected":false},"excerpt":{"rendered":"<p>Estlands Generalstaatsanwalt schlie\u00dft nicht aus, dass Premierministerin Kaja Kallas an Russland ausgeliefert werden k\u00f6nnte. Dies sei im Falle einer Auslandsreise durchaus m\u00f6glich. Estland rechne damit, dass ein Drittland dem russischen Haftbefehl nachkommen werde. Die Premierministerin Estlands, Kaja Kallas, k\u00f6nnte\u00a0durchaus an Russland ausgeliefert werden, falls sie ins Ausland reist. Dies hat der Generalstaatsanwalt des baltischen Landes, [&hellip;]<\/p>\n","protected":false},"author":3,"featured_media":55375,"comment_status":"open","ping_status":"open","sticky":false,"template":"","format":"standard","meta":{"_yoast_indexnow_last_ping":["1708008596"],"wp_automatic_camp":["217"],"ae629879111ac4518543ad2a45d4daae":["Estlands Generalstaatsanwalt: Drittl\u00e4nder k\u00f6nnten Premierministerin Kallas an Russland ausliefern"],"original_link":["https:\/\/de.rt.com\/international\/196275-estlands-generalstaatsanwalt-drittlaender-koennen-premierministerin\/"],"_thumbnail_id":["55375"],"_wptgpro_p2tg_sent2tg":["a:1:{i:23737;s:19:\"2024-02-15 16:51:00\";}"],"jnews_social_counter_last_update":["1777563570"]},"categories":[19,23],"tags":[38280,36038,30319,14862,28060,4667,21477,126],"yoast_head":"<!-- This site is optimized with the Yoast SEO Premium plugin v22.7 (Yoast SEO v22.7) - https:\/\/yoast.com\/wordpress\/plugins\/seo\/ -->\n<title>Estlands Generalstaatsanwalt: Drittl\u00e4nder k\u00f6nnten Premierministerin Kallas an Russland ausliefern - just-now.NEWS Deutschland<\/title>\n<meta name=\"robots\" content=\"index, follow, max-snippet:-1, max-image-preview:large, max-video-preview:-1\" \/>\n<link rel=\"canonical\" href=\"https:\/\/now-news.de\/de\/deutschland\/estlands-generalstaatsanwalt-drittlaender-koennten-premierministerin-kallas-an-russland-ausliefern\/\" \/>\n<meta property=\"og:locale\" content=\"de_DE\" \/>\n<meta property=\"og:type\" content=\"article\" \/>\n<meta property=\"og:title\" content=\"Estlands Generalstaatsanwalt: Drittl\u00e4nder k\u00f6nnten Premierministerin Kallas an Russland ausliefern\" \/>\n<meta property=\"og:description\" content=\"Estlands Generalstaatsanwalt schlie\u00dft nicht aus, dass Premierministerin Kaja Kallas an Russland ausgeliefert werden k\u00f6nnte. Dies sei im Falle einer Auslandsreise durchaus m\u00f6glich. Estland rechne damit, dass ein Drittland dem russischen Haftbefehl nachkommen werde. Die Premierministerin Estlands, Kaja Kallas, k\u00f6nnte\u00a0durchaus an Russland ausgeliefert werden, falls sie ins Ausland reist. Dies hat der Generalstaatsanwalt des baltischen Landes, [&hellip;]\" \/>\n<meta property=\"og:url\" content=\"https:\/\/now-news.de\/de\/deutschland\/estlands-generalstaatsanwalt-drittlaender-koennten-premierministerin-kallas-an-russland-ausliefern\/\" \/>\n<meta property=\"og:site_name\" content=\"just-now.NEWS Deutschland\" \/>\n<meta property=\"article:publisher\" content=\"https:\/\/www.facebook.com\/wirmachenauf\" \/>\n<meta property=\"article:published_time\" content=\"2024-02-15T14:43:54+00:00\" \/>\n<meta property=\"og:image\" content=\"https:\/\/now-news.de\/de\/wp-content\/uploads\/sites\/3\/2024\/02\/Estlands-Generalstaatsanwalt-Drittlaender-koennten-Premierministerin-Kallas-an-Russland-ausliefern.jpg\" \/>\n\t<meta property=\"og:image:width\" content=\"460\" \/>\n\t<meta property=\"og:image:height\" content=\"259\" \/>\n\t<meta property=\"og:image:type\" content=\"image\/jpeg\" \/>\n<meta name=\"author\" content=\"rtnews\" \/>\n<meta name=\"twitter:card\" content=\"summary_large_image\" \/>\n<meta name=\"twitter:creator\" content=\"@WirMachenAuf_de\" \/>\n<meta name=\"twitter:site\" content=\"@WirMachenAuf_de\" \/>\n<meta name=\"twitter:label1\" content=\"Verfasst von\" \/>\n\t<meta name=\"twitter:data1\" content=\"rtnews\" \/>\n\t<meta name=\"twitter:label2\" content=\"Gesch\u00e4tzte Lesezeit\" \/>\n\t<meta name=\"twitter:data2\" content=\"2\u00a0Minuten\" \/>\n<script type=\"application\/ld+json\" class=\"yoast-schema-graph\">{\"@context\":\"https:\/\/schema.org\",\"@graph\":[{\"@type\":\"Article\",\"@id\":\"https:\/\/now-news.de\/de\/deutschland\/estlands-generalstaatsanwalt-drittlaender-koennten-premierministerin-kallas-an-russland-ausliefern\/#article\",\"isPartOf\":{\"@id\":\"https:\/\/now-news.de\/de\/deutschland\/estlands-generalstaatsanwalt-drittlaender-koennten-premierministerin-kallas-an-russland-ausliefern\/\"},\"author\":{\"name\":\"rtnews\",\"@id\":\"https:\/\/now-news.de\/de\/#\/schema\/person\/fb534a4e865501d8b3285208df34a9b5\"},\"headline\":\"Estlands Generalstaatsanwalt: Drittl\u00e4nder k\u00f6nnten Premierministerin Kallas an Russland ausliefern\",\"datePublished\":\"2024-02-15T14:43:54+00:00\",\"dateModified\":\"2024-02-15T14:43:54+00:00\",\"mainEntityOfPage\":{\"@id\":\"https:\/\/now-news.de\/de\/deutschland\/estlands-generalstaatsanwalt-drittlaender-koennten-premierministerin-kallas-an-russland-ausliefern\/\"},\"wordCount\":365,\"commentCount\":0,\"publisher\":{\"@id\":\"https:\/\/now-news.de\/de\/#organization\"},\"image\":{\"@id\":\"https:\/\/now-news.de\/de\/deutschland\/estlands-generalstaatsanwalt-drittlaender-koennten-premierministerin-kallas-an-russland-ausliefern\/#primaryimage\"},\"thumbnailUrl\":\"https:\/\/now-news.de\/de\/wp-content\/uploads\/sites\/3\/2024\/02\/Estlands-Generalstaatsanwalt-Drittlaender-koennten-Premierministerin-Kallas-an-Russland-ausliefern.jpg\",\"keywords\":[\"ausliefern\",\"Drittl\u00e4nder\",\"Estlands\",\"Generalstaatsanwalt\",\"Kallas\",\"k\u00f6nnten\",\"Premierministerin\",\"russland\"],\"articleSection\":[\"Deutschland\",\"Russland\"],\"inLanguage\":\"de\",\"potentialAction\":[{\"@type\":\"CommentAction\",\"name\":\"Comment\",\"target\":[\"https:\/\/now-news.de\/de\/deutschland\/estlands-generalstaatsanwalt-drittlaender-koennten-premierministerin-kallas-an-russland-ausliefern\/#respond\"]}]},{\"@type\":\"WebPage\",\"@id\":\"https:\/\/now-news.de\/de\/deutschland\/estlands-generalstaatsanwalt-drittlaender-koennten-premierministerin-kallas-an-russland-ausliefern\/\",\"url\":\"https:\/\/now-news.de\/de\/deutschland\/estlands-generalstaatsanwalt-drittlaender-koennten-premierministerin-kallas-an-russland-ausliefern\/\",\"name\":\"Estlands Generalstaatsanwalt: Drittl\u00e4nder k\u00f6nnten Premierministerin Kallas an Russland ausliefern - just-now.NEWS Deutschland\",\"isPartOf\":{\"@id\":\"https:\/\/now-news.de\/de\/#website\"},\"primaryImageOfPage\":{\"@id\":\"https:\/\/now-news.de\/de\/deutschland\/estlands-generalstaatsanwalt-drittlaender-koennten-premierministerin-kallas-an-russland-ausliefern\/#primaryimage\"},\"image\":{\"@id\":\"https:\/\/now-news.de\/de\/deutschland\/estlands-generalstaatsanwalt-drittlaender-koennten-premierministerin-kallas-an-russland-ausliefern\/#primaryimage\"},\"thumbnailUrl\":\"https:\/\/now-news.de\/de\/wp-content\/uploads\/sites\/3\/2024\/02\/Estlands-Generalstaatsanwalt-Drittlaender-koennten-Premierministerin-Kallas-an-Russland-ausliefern.jpg\",\"datePublished\":\"2024-02-15T14:43:54+00:00\",\"dateModified\":\"2024-02-15T14:43:54+00:00\",\"breadcrumb\":{\"@id\":\"https:\/\/now-news.de\/de\/deutschland\/estlands-generalstaatsanwalt-drittlaender-koennten-premierministerin-kallas-an-russland-ausliefern\/#breadcrumb\"},\"inLanguage\":\"de\",\"potentialAction\":[{\"@type\":\"ReadAction\",\"target\":[\"https:\/\/now-news.de\/de\/deutschland\/estlands-generalstaatsanwalt-drittlaender-koennten-premierministerin-kallas-an-russland-ausliefern\/\"]}]},{\"@type\":\"ImageObject\",\"inLanguage\":\"de\",\"@id\":\"https:\/\/now-news.de\/de\/deutschland\/estlands-generalstaatsanwalt-drittlaender-koennten-premierministerin-kallas-an-russland-ausliefern\/#primaryimage\",\"url\":\"https:\/\/now-news.de\/de\/wp-content\/uploads\/sites\/3\/2024\/02\/Estlands-Generalstaatsanwalt-Drittlaender-koennten-Premierministerin-Kallas-an-Russland-ausliefern.jpg\",\"contentUrl\":\"https:\/\/now-news.de\/de\/wp-content\/uploads\/sites\/3\/2024\/02\/Estlands-Generalstaatsanwalt-Drittlaender-koennten-Premierministerin-Kallas-an-Russland-ausliefern.jpg\",\"width\":460,\"height\":259,\"caption\":\"Estlands Generalstaatsanwalt: Drittl\u00e4nder k\u00f6nnten Premierministerin Kallas an Russland ausliefern\"},{\"@type\":\"BreadcrumbList\",\"@id\":\"https:\/\/now-news.de\/de\/deutschland\/estlands-generalstaatsanwalt-drittlaender-koennten-premierministerin-kallas-an-russland-ausliefern\/#breadcrumb\",\"itemListElement\":[{\"@type\":\"ListItem\",\"position\":1,\"name\":\"Home\",\"item\":\"https:\/\/now-news.de\/de\/\"},{\"@type\":\"ListItem\",\"position\":2,\"name\":\"Estlands Generalstaatsanwalt: Drittl\u00e4nder k\u00f6nnten Premierministerin Kallas an Russland ausliefern\"}]},{\"@type\":\"WebSite\",\"@id\":\"https:\/\/now-news.de\/de\/#website\",\"url\":\"https:\/\/now-news.de\/de\/\",\"name\":\"just-now.NEWS Deutschland\",\"description\":\"Das Portal f\u00fcr unzensierte Nachrichten aus der Welt\",\"publisher\":{\"@id\":\"https:\/\/now-news.de\/de\/#organization\"},\"potentialAction\":[{\"@type\":\"SearchAction\",\"target\":{\"@type\":\"EntryPoint\",\"urlTemplate\":\"https:\/\/now-news.de\/de\/?s={search_term_string}\"},\"query-input\":\"required name=search_term_string\"}],\"inLanguage\":\"de\"},{\"@type\":\"Organization\",\"@id\":\"https:\/\/now-news.de\/de\/#organization\",\"name\":\"Just Now News\",\"url\":\"https:\/\/now-news.de\/de\/\",\"logo\":{\"@type\":\"ImageObject\",\"inLanguage\":\"de\",\"@id\":\"https:\/\/now-news.de\/de\/#\/schema\/logo\/image\/\",\"url\":\"http:\/\/just-now.news\/de\/wp-content\/uploads\/sites\/3\/2022\/04\/logo500x500.jpg\",\"contentUrl\":\"http:\/\/just-now.news\/de\/wp-content\/uploads\/sites\/3\/2022\/04\/logo500x500.jpg\",\"width\":500,\"height\":500,\"caption\":\"Just Now News\"},\"image\":{\"@id\":\"https:\/\/now-news.de\/de\/#\/schema\/logo\/image\/\"},\"sameAs\":[\"https:\/\/www.facebook.com\/wirmachenauf\",\"https:\/\/x.com\/WirMachenAuf_de\"]},{\"@type\":\"Person\",\"@id\":\"https:\/\/now-news.de\/de\/#\/schema\/person\/fb534a4e865501d8b3285208df34a9b5\",\"name\":\"rtnews\",\"image\":{\"@type\":\"ImageObject\",\"inLanguage\":\"de\",\"@id\":\"https:\/\/now-news.de\/de\/#\/schema\/person\/image\/\",\"url\":\"https:\/\/secure.gravatar.com\/avatar\/82aafea7d8127119dd649515f56e2117?s=96&d=mm&r=g\",\"contentUrl\":\"https:\/\/secure.gravatar.com\/avatar\/82aafea7d8127119dd649515f56e2117?s=96&d=mm&r=g\",\"caption\":\"rtnews\"},\"url\":\"https:\/\/now-news.de\/de\/author\/rnews\/\"}]}<\/script>\n<!-- \/ Yoast SEO Premium plugin. -->","yoast_head_json":{"title":"Estlands Generalstaatsanwalt: Drittl\u00e4nder k\u00f6nnten Premierministerin Kallas an Russland ausliefern - just-now.NEWS Deutschland","robots":{"index":"index","follow":"follow","max-snippet":"max-snippet:-1","max-image-preview":"max-image-preview:large","max-video-preview":"max-video-preview:-1"},"canonical":"https:\/\/now-news.de\/de\/deutschland\/estlands-generalstaatsanwalt-drittlaender-koennten-premierministerin-kallas-an-russland-ausliefern\/","og_locale":"de_DE","og_type":"article","og_title":"Estlands Generalstaatsanwalt: Drittl\u00e4nder k\u00f6nnten Premierministerin Kallas an Russland ausliefern","og_description":"Estlands Generalstaatsanwalt schlie\u00dft nicht aus, dass Premierministerin Kaja Kallas an Russland ausgeliefert werden k\u00f6nnte. Dies sei im Falle einer Auslandsreise durchaus m\u00f6glich. Estland rechne damit, dass ein Drittland dem russischen Haftbefehl nachkommen werde. Die Premierministerin Estlands, Kaja Kallas, k\u00f6nnte\u00a0durchaus an Russland ausgeliefert werden, falls sie ins Ausland reist. Dies hat der Generalstaatsanwalt des baltischen Landes, [&hellip;]","og_url":"https:\/\/now-news.de\/de\/deutschland\/estlands-generalstaatsanwalt-drittlaender-koennten-premierministerin-kallas-an-russland-ausliefern\/","og_site_name":"just-now.NEWS Deutschland","article_publisher":"https:\/\/www.facebook.com\/wirmachenauf","article_published_time":"2024-02-15T14:43:54+00:00","og_image":[{"width":460,"height":259,"url":"https:\/\/now-news.de\/de\/wp-content\/uploads\/sites\/3\/2024\/02\/Estlands-Generalstaatsanwalt-Drittlaender-koennten-Premierministerin-Kallas-an-Russland-ausliefern.jpg","type":"image\/jpeg"}],"author":"rtnews","twitter_card":"summary_large_image","twitter_creator":"@WirMachenAuf_de","twitter_site":"@WirMachenAuf_de","twitter_misc":{"Verfasst von":"rtnews","Gesch\u00e4tzte Lesezeit":"2\u00a0Minuten"},"schema":{"@context":"https:\/\/schema.org","@graph":[{"@type":"Article","@id":"https:\/\/now-news.de\/de\/deutschland\/estlands-generalstaatsanwalt-drittlaender-koennten-premierministerin-kallas-an-russland-ausliefern\/#article","isPartOf":{"@id":"https:\/\/now-news.de\/de\/deutschland\/estlands-generalstaatsanwalt-drittlaender-koennten-premierministerin-kallas-an-russland-ausliefern\/"},"author":{"name":"rtnews","@id":"https:\/\/now-news.de\/de\/#\/schema\/person\/fb534a4e865501d8b3285208df34a9b5"},"headline":"Estlands Generalstaatsanwalt: Drittl\u00e4nder k\u00f6nnten Premierministerin Kallas an Russland ausliefern","datePublished":"2024-02-15T14:43:54+00:00","dateModified":"2024-02-15T14:43:54+00:00","mainEntityOfPage":{"@id":"https:\/\/now-news.de\/de\/deutschland\/estlands-generalstaatsanwalt-drittlaender-koennten-premierministerin-kallas-an-russland-ausliefern\/"},"wordCount":365,"commentCount":0,"publisher":{"@id":"https:\/\/now-news.de\/de\/#organization"},"image":{"@id":"https:\/\/now-news.de\/de\/deutschland\/estlands-generalstaatsanwalt-drittlaender-koennten-premierministerin-kallas-an-russland-ausliefern\/#primaryimage"},"thumbnailUrl":"https:\/\/now-news.de\/de\/wp-content\/uploads\/sites\/3\/2024\/02\/Estlands-Generalstaatsanwalt-Drittlaender-koennten-Premierministerin-Kallas-an-Russland-ausliefern.jpg","keywords":["ausliefern","Drittl\u00e4nder","Estlands","Generalstaatsanwalt","Kallas","k\u00f6nnten","Premierministerin","russland"],"articleSection":["Deutschland","Russland"],"inLanguage":"de","potentialAction":[{"@type":"CommentAction","name":"Comment","target":["https:\/\/now-news.de\/de\/deutschland\/estlands-generalstaatsanwalt-drittlaender-koennten-premierministerin-kallas-an-russland-ausliefern\/#respond"]}]},{"@type":"WebPage","@id":"https:\/\/now-news.de\/de\/deutschland\/estlands-generalstaatsanwalt-drittlaender-koennten-premierministerin-kallas-an-russland-ausliefern\/","url":"https:\/\/now-news.de\/de\/deutschland\/estlands-generalstaatsanwalt-drittlaender-koennten-premierministerin-kallas-an-russland-ausliefern\/","name":"Estlands Generalstaatsanwalt: Drittl\u00e4nder k\u00f6nnten Premierministerin Kallas an Russland ausliefern - just-now.NEWS Deutschland","isPartOf":{"@id":"https:\/\/now-news.de\/de\/#website"},"primaryImageOfPage":{"@id":"https:\/\/now-news.de\/de\/deutschland\/estlands-generalstaatsanwalt-drittlaender-koennten-premierministerin-kallas-an-russland-ausliefern\/#primaryimage"},"image":{"@id":"https:\/\/now-news.de\/de\/deutschland\/estlands-generalstaatsanwalt-drittlaender-koennten-premierministerin-kallas-an-russland-ausliefern\/#primaryimage"},"thumbnailUrl":"https:\/\/now-news.de\/de\/wp-content\/uploads\/sites\/3\/2024\/02\/Estlands-Generalstaatsanwalt-Drittlaender-koennten-Premierministerin-Kallas-an-Russland-ausliefern.jpg","datePublished":"2024-02-15T14:43:54+00:00","dateModified":"2024-02-15T14:43:54+00:00","breadcrumb":{"@id":"https:\/\/now-news.de\/de\/deutschland\/estlands-generalstaatsanwalt-drittlaender-koennten-premierministerin-kallas-an-russland-ausliefern\/#breadcrumb"},"inLanguage":"de","potentialAction":[{"@type":"ReadAction","target":["https:\/\/now-news.de\/de\/deutschland\/estlands-generalstaatsanwalt-drittlaender-koennten-premierministerin-kallas-an-russland-ausliefern\/"]}]},{"@type":"ImageObject","inLanguage":"de","@id":"https:\/\/now-news.de\/de\/deutschland\/estlands-generalstaatsanwalt-drittlaender-koennten-premierministerin-kallas-an-russland-ausliefern\/#primaryimage","url":"https:\/\/now-news.de\/de\/wp-content\/uploads\/sites\/3\/2024\/02\/Estlands-Generalstaatsanwalt-Drittlaender-koennten-Premierministerin-Kallas-an-Russland-ausliefern.jpg","contentUrl":"https:\/\/now-news.de\/de\/wp-content\/uploads\/sites\/3\/2024\/02\/Estlands-Generalstaatsanwalt-Drittlaender-koennten-Premierministerin-Kallas-an-Russland-ausliefern.jpg","width":460,"height":259,"caption":"Estlands Generalstaatsanwalt: Drittl\u00e4nder k\u00f6nnten Premierministerin Kallas an Russland ausliefern"},{"@type":"BreadcrumbList","@id":"https:\/\/now-news.de\/de\/deutschland\/estlands-generalstaatsanwalt-drittlaender-koennten-premierministerin-kallas-an-russland-ausliefern\/#breadcrumb","itemListElement":[{"@type":"ListItem","position":1,"name":"Home","item":"https:\/\/now-news.de\/de\/"},{"@type":"ListItem","position":2,"name":"Estlands Generalstaatsanwalt: Drittl\u00e4nder k\u00f6nnten Premierministerin Kallas an Russland ausliefern"}]},{"@type":"WebSite","@id":"https:\/\/now-news.de\/de\/#website","url":"https:\/\/now-news.de\/de\/","name":"just-now.NEWS Deutschland","description":"Das Portal f\u00fcr unzensierte Nachrichten aus der Welt","publisher":{"@id":"https:\/\/now-news.de\/de\/#organization"},"potentialAction":[{"@type":"SearchAction","target":{"@type":"EntryPoint","urlTemplate":"https:\/\/now-news.de\/de\/?s={search_term_string}"},"query-input":"required name=search_term_string"}],"inLanguage":"de"},{"@type":"Organization","@id":"https:\/\/now-news.de\/de\/#organization","name":"Just Now News","url":"https:\/\/now-news.de\/de\/","logo":{"@type":"ImageObject","inLanguage":"de","@id":"https:\/\/now-news.de\/de\/#\/schema\/logo\/image\/","url":"http:\/\/just-now.news\/de\/wp-content\/uploads\/sites\/3\/2022\/04\/logo500x500.jpg","contentUrl":"http:\/\/just-now.news\/de\/wp-content\/uploads\/sites\/3\/2022\/04\/logo500x500.jpg","width":500,"height":500,"caption":"Just Now News"},"image":{"@id":"https:\/\/now-news.de\/de\/#\/schema\/logo\/image\/"},"sameAs":["https:\/\/www.facebook.com\/wirmachenauf","https:\/\/x.com\/WirMachenAuf_de"]},{"@type":"Person","@id":"https:\/\/now-news.de\/de\/#\/schema\/person\/fb534a4e865501d8b3285208df34a9b5","name":"rtnews","image":{"@type":"ImageObject","inLanguage":"de","@id":"https:\/\/now-news.de\/de\/#\/schema\/person\/image\/","url":"https:\/\/secure.gravatar.com\/avatar\/82aafea7d8127119dd649515f56e2117?s=96&d=mm&r=g","contentUrl":"https:\/\/secure.gravatar.com\/avatar\/82aafea7d8127119dd649515f56e2117?s=96&d=mm&r=g","caption":"rtnews"},"url":"https:\/\/now-news.de\/de\/author\/rnews\/"}]}},"_links":{"self":[{"href":"https:\/\/now-news.de\/de\/wp-json\/wp\/v2\/posts\/55374"}],"collection":[{"href":"https:\/\/now-news.de\/de\/wp-json\/wp\/v2\/posts"}],"about":[{"href":"https:\/\/now-news.de\/de\/wp-json\/wp\/v2\/types\/post"}],"author":[{"embeddable":true,"href":"https:\/\/now-news.de\/de\/wp-json\/wp\/v2\/users\/3"}],"replies":[{"embeddable":true,"href":"https:\/\/now-news.de\/de\/wp-json\/wp\/v2\/comments?post=55374"}],"version-history":[{"count":0,"href":"https:\/\/now-news.de\/de\/wp-json\/wp\/v2\/posts\/55374\/revisions"}],"wp:featuredmedia":[{"embeddable":true,"href":"https:\/\/now-news.de\/de\/wp-json\/wp\/v2\/media\/55375"}],"wp:attachment":[{"href":"https:\/\/now-news.de\/de\/wp-json\/wp\/v2\/media?parent=55374"}],"wp:term":[{"taxonomy":"category","embeddable":true,"href":"https:\/\/now-news.de\/de\/wp-json\/wp\/v2\/categories?post=55374"},{"taxonomy":"post_tag","embeddable":true,"href":"https:\/\/now-news.de\/de\/wp-json\/wp\/v2\/tags?post=55374"}],"curies":[{"name":"wp","href":"https:\/\/api.w.org\/{rel}","templated":true}]}}