{"id":5537,"date":"2022-05-01T08:56:09","date_gmt":"2022-05-01T06:56:09","guid":{"rendered":"http:\/\/just-now.news\/de\/deutschland\/frauenprotest-in-der-westukraine-gegen-rekrutierungen-von-maennern-an-die-front\/"},"modified":"2022-05-01T08:56:09","modified_gmt":"2022-05-01T06:56:09","slug":"frauenprotest-in-der-westukraine-gegen-rekrutierungen-von-maennern-an-die-front","status":"publish","type":"post","link":"https:\/\/now-news.de\/de\/deutschland\/frauenprotest-in-der-westukraine-gegen-rekrutierungen-von-maennern-an-die-front\/","title":{"rendered":"Frauenprotest in der Westukraine gegen Rekrutierungen von M\u00e4nnern an die Front"},"content":{"rendered":"<div class=\"Text-root Text-type_5 ArticleView-text ViewText-root \">\n<p>In Chust, einer Kleinstadt in der westukrainischen Region Transkarpatien, gelegen im Dreil\u00e4ndereck zwischen der Ukraine, Ungarn und Rum\u00e4nien, haben protestierende Frauen das Geb\u00e4ude des \u00f6rtlichen Rekrutierungsb\u00fcros umstellt, wie das russische Nachrichtenportal <em>Readovka<\/em>\u00a0<a target=\"_blank\" href=\"https:\/\/t.me\/readovkanews\/32481\" rel=\"noopener noreferrer\">berichtete<\/a>. Ihre Ehem\u00e4nner und andere m\u00e4nnliche Familienangeh\u00f6rige sollen als Mitglieder der Einheiten der sogenannten Territorialverteidigung der Ukraine rekrutiert werden.<\/p>\n<p>Die aufgebrachten und durcheinander schreienden Demonstrantinnen behaupteten bei ihrer Protestaktion, dass ihre k\u00fcnftigen &#8220;Verteidiger&#8221; ohne angemessene Ausbildung und Ausr\u00fcstung an die Front geschickt w\u00fcrden:<\/p>\n<blockquote>\n<p><em>&#8220;Jetzt gehen etwa 500 M\u00e4nner, die nicht die notwendige milit\u00e4rische Ausbildung erhalten haben, in den Osten der Ukraine.&#8221;<\/em><\/p>\n<\/blockquote>\n<p>Die Entsendung von nur notd\u00fcrftig trainierten und unzureichend ausger\u00fcsteten B\u00fcrgerwehren an die ukrainische Ostfront d\u00fcrfte darauf hindeuten, dass die Ukraine inzwischen mit erheblichen Mobilisierungsproblemen konfrontiert ist. Der Protest zeigt dar\u00fcber hinaus, dass\u00a0 mindestens ein Teil der ukrainischen Bev\u00f6lkerung im Westteil des Landes wenig Verst\u00e4ndnis und Neigung f\u00fcr die milit\u00e4rische Auseinandersetzung mit Russland und den weit entfernten Volksrepubliken im Donbass aufbringen kann.<\/p>\n<p>Die Videobotschaft einer einzelnen B\u00fcrgerin \u2013 vorgetragen auf Russisch \u2013 d\u00fcrfte vielen Frauen in der Region aus der Seele sprechen: Ihre minutenlange Anklage der \u00f6rtlichen Beh\u00f6rden, aber auch der Kiewer Regierung kritisiert die undurchsichtige Rekrutierungspraxis, die auch vor der Mobilisierung von untauglichen, kranken und alten M\u00e4nnern nicht Halt machen w\u00fcrde. Die Angeh\u00f6rigen der Wehrverwaltung w\u00fcrden die eigenen Familienangeh\u00f6rigen und andere nahestehende m\u00e4nnliche Personen schonen, w\u00e4hrend sie Fremde zum Kriegsdienst einz\u00f6gen. Die Einwohnerin von Chust legt auch nahe, dass bereits Eingezogene sich freikaufen oder von ihren Angeh\u00f6rigen ausgel\u00f6st werden k\u00f6nnen.<\/p>\n<div class=\"ReadMore-root Section-root Section-is1to3-xs_is1to1\" data-widgets=\"ReadMore\" data-has-alias>\n<div class=\"Section-container Section-isRow-isTop-isWrap\">\n<article class=\"Card-root Card-is1to1 \">\n<div class=\"Card-imageWrap\">\n<div class=\"Card-picture\">\n<picture class=\"Picture-root Picture-default\"><!--[if IE 9]><video style=\"display: none;\"><![endif]--><source media=\"(-webkit-min-device-pixel-ratio: 2) and (min-resolution: 120dpi)\" data-srcset=\" \nhttps:\/\/cdni.russiatoday.com\/deutsch\/images\/2022.04\/thumbnail\/626d74fc48fbef5f5355b37c.jpg 850w,\n                https:\/\/cdni.russiatoday.com\/deutsch\/images\/2022.04\/article\/626d74fc48fbef5f5355b37c.jpg 1960w,\n            \" srcset=\"data:image\/png;base64,iVBORw0KGgoAAAANSUhEUgAAABAAAAAJCAQAAACRI2S5AAAAEElEQVR42mNkIAAYRxWAAQAG9gAKqv6+AwAAAABJRU5ErkJggg==\"><source data-srcset=\" \nhttps:\/\/cdni.russiatoday.com\/deutsch\/images\/2022.04\/thumbnail\/626d74fc48fbef5f5355b37c.jpg 460w,\n              https:\/\/cdni.russiatoday.com\/deutsch\/images\/2022.04\/article\/626d74fc48fbef5f5355b37c.jpg 980w,\n            \" srcset=\"data:image\/png;base64,iVBORw0KGgoAAAANSUhEUgAAABAAAAAJCAQAAACRI2S5AAAAEElEQVR42mNkIAAYRxWAAQAG9gAKqv6+AwAAAABJRU5ErkJggg==\"><!--[if IE 9]><\/video><![endif]--><\/source><\/source><\/picture><!-- noscript pattern --><noscript><img decoding=\"async\" src=\"https:\/\/cdni.russiatoday.com\/deutsch\/images\/2022.04\/article\/626d74fc48fbef5f5355b37c.jpg\" alt=\"RT spricht mit dem B\u00fcrgermeister von Mariupol \u00fcber den Wiederaufbau der zerst\u00f6rten Stadt\"><\/noscript>    <\/div><\/div>\n<div class=\"Card-contentWrap\">\n<div class=\"Card-content\">\n<div class=\"Card-title\">\n<div class=\"HeaderNews-root HeaderNews-type_6 \">\n<p>            <a target=\"_blank\" href=\"https:\/\/de.rt.com\/europa\/137435-rt-spricht-mit-burgermeister-von\/\" class=\"Link-root Link-isFullCard \" rel=\"noopener\"><br \/>\n                RT spricht mit dem B\u00fcrgermeister von Mariupol \u00fcber den Wiederaufbau der zerst\u00f6rten Stadt<br \/>\n            <\/a><\/p><\/div><\/div><\/div><\/div>\n<\/article>\n<\/div><\/div>\n<p>Ihre Anklage beschr\u00e4nkt sich nicht allein auf die aktuellen Probleme bei der Rekrutierung. So wirft sie in ihrer Wutrede den Beh\u00f6rdenmitarbeitern nicht nur Bestechlichkeit vor, sondern benennt Machenschaften beim Zoll, dem grenz\u00fcberschreitenden Handel (Ger\u00fcchte dar\u00fcber kursieren seit etlichen Jahren) sowie Unregelm\u00e4\u00dfigkeiten beim Erwerb von Land und Grundst\u00fccken. Ihr Vorwurf gipfelt in der Aussage, die ukrainischen Beamten vor Ort und die Kiewer Regierungsvertreter seien &#8220;schlimmer als die Russen&#8221;.<\/p>\n<p><strong>Mehr zum Thema<\/strong> &#8211; <a target=\"_blank\" href=\"https:\/\/de.rt.com\/meinung\/137169-ukraine-waffen-geliefert-in-abgrund\/\" rel=\"noopener noreferrer\">Ukraine: Waffen geliefert in den Abgrund \u2013 und was wirklich mit ihnen passiert<\/a><\/p>\n<\/div>\n<p><br \/>\n<br \/><a href=\"https:\/\/de.rt.com\/international\/137434-frauenprotest-in-westukraine-gegen-rekrutierungen\/\">Source link <\/a><\/p>\n","protected":false},"excerpt":{"rendered":"<p>In Chust, einer Kleinstadt in der westukrainischen Region Transkarpatien, gelegen im Dreil\u00e4ndereck zwischen der Ukraine, Ungarn und Rum\u00e4nien, haben protestierende Frauen das Geb\u00e4ude des \u00f6rtlichen Rekrutierungsb\u00fcros umstellt, wie das russische Nachrichtenportal Readovka\u00a0berichtete. Ihre Ehem\u00e4nner und andere m\u00e4nnliche Familienangeh\u00f6rige sollen als Mitglieder der Einheiten der sogenannten Territorialverteidigung der Ukraine rekrutiert werden. Die aufgebrachten und durcheinander schreienden [&hellip;]<\/p>\n","protected":false},"author":3,"featured_media":5538,"comment_status":"open","ping_status":"open","sticky":false,"template":"","format":"standard","meta":{"wp_automatic_camp":["217"],"ea7b1fbe433691fc4854ba87fb04e78d":["Frauenprotest in der Westukraine gegen Rekrutierungen von M\u00e4nnern an die Front"],"original_link":["https:\/\/de.rt.com\/international\/137434-frauenprotest-in-westukraine-gegen-rekrutierungen\/"],"_thumbnail_id":["5538"],"wp_automatic_remove_first_image":["yes"],"_wptg_p2tg_sent2tg":["2022-05-01 09:00:58"],"jnews_social_counter_last_update":["1777606054"]},"categories":[19,23],"tags":[82,45,15631,10227,278,15633,15632,50,14420],"yoast_head":"<!-- This site is optimized with the Yoast SEO Premium plugin v22.7 (Yoast SEO v22.7) - https:\/\/yoast.com\/wordpress\/plugins\/seo\/ -->\n<title>Frauenprotest in der Westukraine gegen Rekrutierungen von M\u00e4nnern an die Front - just-now.NEWS Deutschland<\/title>\n<meta name=\"robots\" content=\"index, follow, max-snippet:-1, max-image-preview:large, max-video-preview:-1\" \/>\n<link rel=\"canonical\" href=\"https:\/\/now-news.de\/de\/deutschland\/frauenprotest-in-der-westukraine-gegen-rekrutierungen-von-maennern-an-die-front\/\" \/>\n<meta property=\"og:locale\" content=\"de_DE\" \/>\n<meta property=\"og:type\" content=\"article\" \/>\n<meta property=\"og:title\" content=\"Frauenprotest in der Westukraine gegen Rekrutierungen von M\u00e4nnern an die Front\" \/>\n<meta property=\"og:description\" content=\"In Chust, einer Kleinstadt in der westukrainischen Region Transkarpatien, gelegen im Dreil\u00e4ndereck zwischen der Ukraine, Ungarn und Rum\u00e4nien, haben protestierende Frauen das Geb\u00e4ude des \u00f6rtlichen Rekrutierungsb\u00fcros umstellt, wie das russische Nachrichtenportal Readovka\u00a0berichtete. Ihre Ehem\u00e4nner und andere m\u00e4nnliche Familienangeh\u00f6rige sollen als Mitglieder der Einheiten der sogenannten Territorialverteidigung der Ukraine rekrutiert werden. Die aufgebrachten und durcheinander schreienden [&hellip;]\" \/>\n<meta property=\"og:url\" content=\"https:\/\/now-news.de\/de\/deutschland\/frauenprotest-in-der-westukraine-gegen-rekrutierungen-von-maennern-an-die-front\/\" \/>\n<meta property=\"og:site_name\" content=\"just-now.NEWS Deutschland\" \/>\n<meta property=\"article:publisher\" content=\"https:\/\/www.facebook.com\/wirmachenauf\" \/>\n<meta property=\"article:published_time\" content=\"2022-05-01T06:56:09+00:00\" \/>\n<meta property=\"og:image\" content=\"https:\/\/now-news.de\/de\/wp-content\/uploads\/sites\/3\/2022\/05\/Frauenprotest-in-der-Westukraine-gegen-Rekrutierungen-von-Maennern-an-die.png\" \/>\n\t<meta property=\"og:image:width\" content=\"1104\" \/>\n\t<meta property=\"og:image:height\" content=\"622\" \/>\n\t<meta property=\"og:image:type\" content=\"image\/png\" \/>\n<meta name=\"author\" content=\"rtnews\" \/>\n<meta name=\"twitter:card\" content=\"summary_large_image\" \/>\n<meta name=\"twitter:creator\" content=\"@WirMachenAuf_de\" \/>\n<meta name=\"twitter:site\" content=\"@WirMachenAuf_de\" \/>\n<meta name=\"twitter:label1\" content=\"Verfasst von\" \/>\n\t<meta name=\"twitter:data1\" content=\"rtnews\" \/>\n\t<meta name=\"twitter:label2\" content=\"Gesch\u00e4tzte Lesezeit\" \/>\n\t<meta name=\"twitter:data2\" content=\"2\u00a0Minuten\" \/>\n<script type=\"application\/ld+json\" class=\"yoast-schema-graph\">{\"@context\":\"https:\/\/schema.org\",\"@graph\":[{\"@type\":\"Article\",\"@id\":\"https:\/\/now-news.de\/de\/deutschland\/frauenprotest-in-der-westukraine-gegen-rekrutierungen-von-maennern-an-die-front\/#article\",\"isPartOf\":{\"@id\":\"https:\/\/now-news.de\/de\/deutschland\/frauenprotest-in-der-westukraine-gegen-rekrutierungen-von-maennern-an-die-front\/\"},\"author\":{\"name\":\"rtnews\",\"@id\":\"https:\/\/now-news.de\/de\/#\/schema\/person\/fb534a4e865501d8b3285208df34a9b5\"},\"headline\":\"Frauenprotest in der Westukraine gegen Rekrutierungen von M\u00e4nnern an die Front\",\"datePublished\":\"2022-05-01T06:56:09+00:00\",\"dateModified\":\"2022-05-01T06:56:09+00:00\",\"mainEntityOfPage\":{\"@id\":\"https:\/\/now-news.de\/de\/deutschland\/frauenprotest-in-der-westukraine-gegen-rekrutierungen-von-maennern-an-die-front\/\"},\"wordCount\":395,\"commentCount\":0,\"publisher\":{\"@id\":\"https:\/\/now-news.de\/de\/#organization\"},\"image\":{\"@id\":\"https:\/\/now-news.de\/de\/deutschland\/frauenprotest-in-der-westukraine-gegen-rekrutierungen-von-maennern-an-die-front\/#primaryimage\"},\"thumbnailUrl\":\"https:\/\/now-news.de\/de\/wp-content\/uploads\/sites\/3\/2022\/05\/Frauenprotest-in-der-Westukraine-gegen-Rekrutierungen-von-Maennern-an-die.png\",\"keywords\":[\"der\",\"die\",\"Frauenprotest\",\"Front\",\"gegen\",\"M\u00e4nnern\",\"Rekrutierungen\",\"von\",\"Westukraine\"],\"articleSection\":[\"Deutschland\",\"Russland\"],\"inLanguage\":\"de\",\"potentialAction\":[{\"@type\":\"CommentAction\",\"name\":\"Comment\",\"target\":[\"https:\/\/now-news.de\/de\/deutschland\/frauenprotest-in-der-westukraine-gegen-rekrutierungen-von-maennern-an-die-front\/#respond\"]}]},{\"@type\":\"WebPage\",\"@id\":\"https:\/\/now-news.de\/de\/deutschland\/frauenprotest-in-der-westukraine-gegen-rekrutierungen-von-maennern-an-die-front\/\",\"url\":\"https:\/\/now-news.de\/de\/deutschland\/frauenprotest-in-der-westukraine-gegen-rekrutierungen-von-maennern-an-die-front\/\",\"name\":\"Frauenprotest in der Westukraine gegen Rekrutierungen von M\u00e4nnern an die Front - just-now.NEWS Deutschland\",\"isPartOf\":{\"@id\":\"https:\/\/now-news.de\/de\/#website\"},\"primaryImageOfPage\":{\"@id\":\"https:\/\/now-news.de\/de\/deutschland\/frauenprotest-in-der-westukraine-gegen-rekrutierungen-von-maennern-an-die-front\/#primaryimage\"},\"image\":{\"@id\":\"https:\/\/now-news.de\/de\/deutschland\/frauenprotest-in-der-westukraine-gegen-rekrutierungen-von-maennern-an-die-front\/#primaryimage\"},\"thumbnailUrl\":\"https:\/\/now-news.de\/de\/wp-content\/uploads\/sites\/3\/2022\/05\/Frauenprotest-in-der-Westukraine-gegen-Rekrutierungen-von-Maennern-an-die.png\",\"datePublished\":\"2022-05-01T06:56:09+00:00\",\"dateModified\":\"2022-05-01T06:56:09+00:00\",\"breadcrumb\":{\"@id\":\"https:\/\/now-news.de\/de\/deutschland\/frauenprotest-in-der-westukraine-gegen-rekrutierungen-von-maennern-an-die-front\/#breadcrumb\"},\"inLanguage\":\"de\",\"potentialAction\":[{\"@type\":\"ReadAction\",\"target\":[\"https:\/\/now-news.de\/de\/deutschland\/frauenprotest-in-der-westukraine-gegen-rekrutierungen-von-maennern-an-die-front\/\"]}]},{\"@type\":\"ImageObject\",\"inLanguage\":\"de\",\"@id\":\"https:\/\/now-news.de\/de\/deutschland\/frauenprotest-in-der-westukraine-gegen-rekrutierungen-von-maennern-an-die-front\/#primaryimage\",\"url\":\"https:\/\/now-news.de\/de\/wp-content\/uploads\/sites\/3\/2022\/05\/Frauenprotest-in-der-Westukraine-gegen-Rekrutierungen-von-Maennern-an-die.png\",\"contentUrl\":\"https:\/\/now-news.de\/de\/wp-content\/uploads\/sites\/3\/2022\/05\/Frauenprotest-in-der-Westukraine-gegen-Rekrutierungen-von-Maennern-an-die.png\",\"width\":1104,\"height\":622,\"caption\":\"Frauenprotest in der Westukraine gegen Rekrutierungen von M\u00e4nnern an die Front\"},{\"@type\":\"BreadcrumbList\",\"@id\":\"https:\/\/now-news.de\/de\/deutschland\/frauenprotest-in-der-westukraine-gegen-rekrutierungen-von-maennern-an-die-front\/#breadcrumb\",\"itemListElement\":[{\"@type\":\"ListItem\",\"position\":1,\"name\":\"Home\",\"item\":\"https:\/\/now-news.de\/de\/\"},{\"@type\":\"ListItem\",\"position\":2,\"name\":\"Frauenprotest in der Westukraine gegen Rekrutierungen von M\u00e4nnern an die Front\"}]},{\"@type\":\"WebSite\",\"@id\":\"https:\/\/now-news.de\/de\/#website\",\"url\":\"https:\/\/now-news.de\/de\/\",\"name\":\"just-now.NEWS Deutschland\",\"description\":\"Das Portal f\u00fcr unzensierte Nachrichten aus der Welt\",\"publisher\":{\"@id\":\"https:\/\/now-news.de\/de\/#organization\"},\"potentialAction\":[{\"@type\":\"SearchAction\",\"target\":{\"@type\":\"EntryPoint\",\"urlTemplate\":\"https:\/\/now-news.de\/de\/?s={search_term_string}\"},\"query-input\":\"required name=search_term_string\"}],\"inLanguage\":\"de\"},{\"@type\":\"Organization\",\"@id\":\"https:\/\/now-news.de\/de\/#organization\",\"name\":\"Just Now News\",\"url\":\"https:\/\/now-news.de\/de\/\",\"logo\":{\"@type\":\"ImageObject\",\"inLanguage\":\"de\",\"@id\":\"https:\/\/now-news.de\/de\/#\/schema\/logo\/image\/\",\"url\":\"http:\/\/just-now.news\/de\/wp-content\/uploads\/sites\/3\/2022\/04\/logo500x500.jpg\",\"contentUrl\":\"http:\/\/just-now.news\/de\/wp-content\/uploads\/sites\/3\/2022\/04\/logo500x500.jpg\",\"width\":500,\"height\":500,\"caption\":\"Just Now News\"},\"image\":{\"@id\":\"https:\/\/now-news.de\/de\/#\/schema\/logo\/image\/\"},\"sameAs\":[\"https:\/\/www.facebook.com\/wirmachenauf\",\"https:\/\/x.com\/WirMachenAuf_de\"]},{\"@type\":\"Person\",\"@id\":\"https:\/\/now-news.de\/de\/#\/schema\/person\/fb534a4e865501d8b3285208df34a9b5\",\"name\":\"rtnews\",\"image\":{\"@type\":\"ImageObject\",\"inLanguage\":\"de\",\"@id\":\"https:\/\/now-news.de\/de\/#\/schema\/person\/image\/\",\"url\":\"https:\/\/secure.gravatar.com\/avatar\/82aafea7d8127119dd649515f56e2117?s=96&d=mm&r=g\",\"contentUrl\":\"https:\/\/secure.gravatar.com\/avatar\/82aafea7d8127119dd649515f56e2117?s=96&d=mm&r=g\",\"caption\":\"rtnews\"},\"url\":\"https:\/\/now-news.de\/de\/author\/rnews\/\"}]}<\/script>\n<!-- \/ Yoast SEO Premium plugin. -->","yoast_head_json":{"title":"Frauenprotest in der Westukraine gegen Rekrutierungen von M\u00e4nnern an die Front - just-now.NEWS Deutschland","robots":{"index":"index","follow":"follow","max-snippet":"max-snippet:-1","max-image-preview":"max-image-preview:large","max-video-preview":"max-video-preview:-1"},"canonical":"https:\/\/now-news.de\/de\/deutschland\/frauenprotest-in-der-westukraine-gegen-rekrutierungen-von-maennern-an-die-front\/","og_locale":"de_DE","og_type":"article","og_title":"Frauenprotest in der Westukraine gegen Rekrutierungen von M\u00e4nnern an die Front","og_description":"In Chust, einer Kleinstadt in der westukrainischen Region Transkarpatien, gelegen im Dreil\u00e4ndereck zwischen der Ukraine, Ungarn und Rum\u00e4nien, haben protestierende Frauen das Geb\u00e4ude des \u00f6rtlichen Rekrutierungsb\u00fcros umstellt, wie das russische Nachrichtenportal Readovka\u00a0berichtete. Ihre Ehem\u00e4nner und andere m\u00e4nnliche Familienangeh\u00f6rige sollen als Mitglieder der Einheiten der sogenannten Territorialverteidigung der Ukraine rekrutiert werden. Die aufgebrachten und durcheinander schreienden [&hellip;]","og_url":"https:\/\/now-news.de\/de\/deutschland\/frauenprotest-in-der-westukraine-gegen-rekrutierungen-von-maennern-an-die-front\/","og_site_name":"just-now.NEWS Deutschland","article_publisher":"https:\/\/www.facebook.com\/wirmachenauf","article_published_time":"2022-05-01T06:56:09+00:00","og_image":[{"width":1104,"height":622,"url":"https:\/\/now-news.de\/de\/wp-content\/uploads\/sites\/3\/2022\/05\/Frauenprotest-in-der-Westukraine-gegen-Rekrutierungen-von-Maennern-an-die.png","type":"image\/png"}],"author":"rtnews","twitter_card":"summary_large_image","twitter_creator":"@WirMachenAuf_de","twitter_site":"@WirMachenAuf_de","twitter_misc":{"Verfasst von":"rtnews","Gesch\u00e4tzte Lesezeit":"2\u00a0Minuten"},"schema":{"@context":"https:\/\/schema.org","@graph":[{"@type":"Article","@id":"https:\/\/now-news.de\/de\/deutschland\/frauenprotest-in-der-westukraine-gegen-rekrutierungen-von-maennern-an-die-front\/#article","isPartOf":{"@id":"https:\/\/now-news.de\/de\/deutschland\/frauenprotest-in-der-westukraine-gegen-rekrutierungen-von-maennern-an-die-front\/"},"author":{"name":"rtnews","@id":"https:\/\/now-news.de\/de\/#\/schema\/person\/fb534a4e865501d8b3285208df34a9b5"},"headline":"Frauenprotest in der Westukraine gegen Rekrutierungen von M\u00e4nnern an die Front","datePublished":"2022-05-01T06:56:09+00:00","dateModified":"2022-05-01T06:56:09+00:00","mainEntityOfPage":{"@id":"https:\/\/now-news.de\/de\/deutschland\/frauenprotest-in-der-westukraine-gegen-rekrutierungen-von-maennern-an-die-front\/"},"wordCount":395,"commentCount":0,"publisher":{"@id":"https:\/\/now-news.de\/de\/#organization"},"image":{"@id":"https:\/\/now-news.de\/de\/deutschland\/frauenprotest-in-der-westukraine-gegen-rekrutierungen-von-maennern-an-die-front\/#primaryimage"},"thumbnailUrl":"https:\/\/now-news.de\/de\/wp-content\/uploads\/sites\/3\/2022\/05\/Frauenprotest-in-der-Westukraine-gegen-Rekrutierungen-von-Maennern-an-die.png","keywords":["der","die","Frauenprotest","Front","gegen","M\u00e4nnern","Rekrutierungen","von","Westukraine"],"articleSection":["Deutschland","Russland"],"inLanguage":"de","potentialAction":[{"@type":"CommentAction","name":"Comment","target":["https:\/\/now-news.de\/de\/deutschland\/frauenprotest-in-der-westukraine-gegen-rekrutierungen-von-maennern-an-die-front\/#respond"]}]},{"@type":"WebPage","@id":"https:\/\/now-news.de\/de\/deutschland\/frauenprotest-in-der-westukraine-gegen-rekrutierungen-von-maennern-an-die-front\/","url":"https:\/\/now-news.de\/de\/deutschland\/frauenprotest-in-der-westukraine-gegen-rekrutierungen-von-maennern-an-die-front\/","name":"Frauenprotest in der Westukraine gegen Rekrutierungen von M\u00e4nnern an die Front - just-now.NEWS Deutschland","isPartOf":{"@id":"https:\/\/now-news.de\/de\/#website"},"primaryImageOfPage":{"@id":"https:\/\/now-news.de\/de\/deutschland\/frauenprotest-in-der-westukraine-gegen-rekrutierungen-von-maennern-an-die-front\/#primaryimage"},"image":{"@id":"https:\/\/now-news.de\/de\/deutschland\/frauenprotest-in-der-westukraine-gegen-rekrutierungen-von-maennern-an-die-front\/#primaryimage"},"thumbnailUrl":"https:\/\/now-news.de\/de\/wp-content\/uploads\/sites\/3\/2022\/05\/Frauenprotest-in-der-Westukraine-gegen-Rekrutierungen-von-Maennern-an-die.png","datePublished":"2022-05-01T06:56:09+00:00","dateModified":"2022-05-01T06:56:09+00:00","breadcrumb":{"@id":"https:\/\/now-news.de\/de\/deutschland\/frauenprotest-in-der-westukraine-gegen-rekrutierungen-von-maennern-an-die-front\/#breadcrumb"},"inLanguage":"de","potentialAction":[{"@type":"ReadAction","target":["https:\/\/now-news.de\/de\/deutschland\/frauenprotest-in-der-westukraine-gegen-rekrutierungen-von-maennern-an-die-front\/"]}]},{"@type":"ImageObject","inLanguage":"de","@id":"https:\/\/now-news.de\/de\/deutschland\/frauenprotest-in-der-westukraine-gegen-rekrutierungen-von-maennern-an-die-front\/#primaryimage","url":"https:\/\/now-news.de\/de\/wp-content\/uploads\/sites\/3\/2022\/05\/Frauenprotest-in-der-Westukraine-gegen-Rekrutierungen-von-Maennern-an-die.png","contentUrl":"https:\/\/now-news.de\/de\/wp-content\/uploads\/sites\/3\/2022\/05\/Frauenprotest-in-der-Westukraine-gegen-Rekrutierungen-von-Maennern-an-die.png","width":1104,"height":622,"caption":"Frauenprotest in der Westukraine gegen Rekrutierungen von M\u00e4nnern an die Front"},{"@type":"BreadcrumbList","@id":"https:\/\/now-news.de\/de\/deutschland\/frauenprotest-in-der-westukraine-gegen-rekrutierungen-von-maennern-an-die-front\/#breadcrumb","itemListElement":[{"@type":"ListItem","position":1,"name":"Home","item":"https:\/\/now-news.de\/de\/"},{"@type":"ListItem","position":2,"name":"Frauenprotest in der Westukraine gegen Rekrutierungen von M\u00e4nnern an die Front"}]},{"@type":"WebSite","@id":"https:\/\/now-news.de\/de\/#website","url":"https:\/\/now-news.de\/de\/","name":"just-now.NEWS Deutschland","description":"Das Portal f\u00fcr unzensierte Nachrichten aus der Welt","publisher":{"@id":"https:\/\/now-news.de\/de\/#organization"},"potentialAction":[{"@type":"SearchAction","target":{"@type":"EntryPoint","urlTemplate":"https:\/\/now-news.de\/de\/?s={search_term_string}"},"query-input":"required name=search_term_string"}],"inLanguage":"de"},{"@type":"Organization","@id":"https:\/\/now-news.de\/de\/#organization","name":"Just Now News","url":"https:\/\/now-news.de\/de\/","logo":{"@type":"ImageObject","inLanguage":"de","@id":"https:\/\/now-news.de\/de\/#\/schema\/logo\/image\/","url":"http:\/\/just-now.news\/de\/wp-content\/uploads\/sites\/3\/2022\/04\/logo500x500.jpg","contentUrl":"http:\/\/just-now.news\/de\/wp-content\/uploads\/sites\/3\/2022\/04\/logo500x500.jpg","width":500,"height":500,"caption":"Just Now News"},"image":{"@id":"https:\/\/now-news.de\/de\/#\/schema\/logo\/image\/"},"sameAs":["https:\/\/www.facebook.com\/wirmachenauf","https:\/\/x.com\/WirMachenAuf_de"]},{"@type":"Person","@id":"https:\/\/now-news.de\/de\/#\/schema\/person\/fb534a4e865501d8b3285208df34a9b5","name":"rtnews","image":{"@type":"ImageObject","inLanguage":"de","@id":"https:\/\/now-news.de\/de\/#\/schema\/person\/image\/","url":"https:\/\/secure.gravatar.com\/avatar\/82aafea7d8127119dd649515f56e2117?s=96&d=mm&r=g","contentUrl":"https:\/\/secure.gravatar.com\/avatar\/82aafea7d8127119dd649515f56e2117?s=96&d=mm&r=g","caption":"rtnews"},"url":"https:\/\/now-news.de\/de\/author\/rnews\/"}]}},"_links":{"self":[{"href":"https:\/\/now-news.de\/de\/wp-json\/wp\/v2\/posts\/5537"}],"collection":[{"href":"https:\/\/now-news.de\/de\/wp-json\/wp\/v2\/posts"}],"about":[{"href":"https:\/\/now-news.de\/de\/wp-json\/wp\/v2\/types\/post"}],"author":[{"embeddable":true,"href":"https:\/\/now-news.de\/de\/wp-json\/wp\/v2\/users\/3"}],"replies":[{"embeddable":true,"href":"https:\/\/now-news.de\/de\/wp-json\/wp\/v2\/comments?post=5537"}],"version-history":[{"count":0,"href":"https:\/\/now-news.de\/de\/wp-json\/wp\/v2\/posts\/5537\/revisions"}],"wp:featuredmedia":[{"embeddable":true,"href":"https:\/\/now-news.de\/de\/wp-json\/wp\/v2\/media\/5538"}],"wp:attachment":[{"href":"https:\/\/now-news.de\/de\/wp-json\/wp\/v2\/media?parent=5537"}],"wp:term":[{"taxonomy":"category","embeddable":true,"href":"https:\/\/now-news.de\/de\/wp-json\/wp\/v2\/categories?post=5537"},{"taxonomy":"post_tag","embeddable":true,"href":"https:\/\/now-news.de\/de\/wp-json\/wp\/v2\/tags?post=5537"}],"curies":[{"name":"wp","href":"https:\/\/api.w.org\/{rel}","templated":true}]}}