{"id":55366,"date":"2024-02-15T14:55:28","date_gmt":"2024-02-15T12:55:28","guid":{"rendered":"https:\/\/just-now.news\/de\/deutschland\/putin-ueber-baerbock-feindselig-gegenueber-ihrem-eigenen-land\/"},"modified":"2024-02-15T14:55:28","modified_gmt":"2024-02-15T12:55:28","slug":"putin-ueber-baerbock-feindselig-gegenueber-ihrem-eigenen-land","status":"publish","type":"post","link":"https:\/\/now-news.de\/de\/deutschland\/putin-ueber-baerbock-feindselig-gegenueber-ihrem-eigenen-land\/","title":{"rendered":"Putin \u00fcber Baerbock: &quot;Feindselig gegen\u00fcber ihrem eigenen Land&quot;"},"content":{"rendered":"<p><img decoding=\"async\" src=\"http:\/\/just-now.news\/de\/wp-content\/uploads\/sites\/3\/2024\/02\/65cdffa7b480cc1dbf644dc8.jpg\" \/><\/p>\n<div class=\"Text-root Text-type_1 \">\n                Der russische Staatschef Wladimir Putin wirft der deutschen Au\u00dfenministerin Annalena Baerbock vor, die wirtschaftlichen Interessen ihres eigenen Volkes zu missachten. Auch zu Baerbocks &#8220;Nazi-Gro\u00dfvater&#8221; \u00e4u\u00dferte sich Putin.\n            <\/div>\n<p><\/p>\n<div class=\"Text-root Text-type_5 ArticleView-text ViewText-root \">\n<p>Die deutsche Au\u00dfenministerin zeigt nicht nur Feindseligkeit gegen\u00fcber Russland, sondern auch gegen\u00fcber ihrem eigenen Land, indem sie eine sch\u00e4dliche Wirtschaftspolitik verfolgt, sagte der russische Pr\u00e4sident Wladimir Putin am Mittwoch in einem Interview mit dem Sender <em>Rossija 1<\/em>.<\/p>\n<p>In dem Interview wurde Putin gebeten, zu Berichten in den deutschen Medien der vergangenen Woche Stellung zu nehmen. In diesen wurde behauptet, dass Baerbocks Gro\u00dfvater ein &#8220;bedingungsloser&#8221; Unterst\u00fctzer Adolf Hitlers gewesen sei, der f\u00fcr seinen Dienst in der deutschen Armee im Zweiten Weltkrieg mit einer der h\u00f6chsten Auszeichnungen der Nazis, dem Kriegsverdienstkreuz mit Schwertern, ausgezeichnet worden sei. Putin antwortete darauf:<\/p>\n<blockquote>\n<p><em>&#8220;Ich denke nicht, dass die heutigen Generationen von Deutschen die volle politische Verantwortung f\u00fcr alles tragen sollten, was Nazideutschland getan hat. (&#8230;) Man muss von den heutigen Realit\u00e4ten ausgehen, sich anschauen, was jemand tats\u00e4chlich tut und welche Politik verfolgt wird.&#8221;<\/em><\/p>\n<\/blockquote>\n<p>Putin wies darauf hin, dass Baerbock Mitglied der Gr\u00fcnen ist, und warf denjenigen, die in der europ\u00e4ischen Politik f\u00fcr eine Umweltagenda eintreten, vor, auf die \u00c4ngste der \u00d6ffentlichkeit vor dem Klimawandel zu &#8220;spekulieren&#8221;, &#8220;die sie selbst sch\u00fcren&#8221;, und gleichzeitig &#8220;ihre eigene politische Linie zu verfolgen, die weit von den Ideen entfernt ist, mit denen sie an die Macht gekommen sind&#8221;. Er f\u00fcgte hinzu:<\/p>\n<blockquote>\n<p><em>&#8220;Das ist es, was jetzt in Deutschland passiert. Zum Beispiel hat die Kohleverstromung zugenommen. Sie war bereits h\u00f6her als in Russland &#8230; Und jetzt ist sie noch weiter gestiegen. Wo ist hier die &#8216;gr\u00fcne&#8217; Agenda?&#8221;<\/em><\/p>\n<\/blockquote>\n<p>Deutschland setzt in der Tat verst\u00e4rkt auf Kohle als Ersatz f\u00fcr russisches \u00d6l und Gas, seit die EU-L\u00e4nder ihre Importe aus Moskau infolge der Sanktionen im Zusammenhang mit dem Ukraine-Konflikt drastisch reduziert haben.<\/p>\n<p>Nach Angaben der Bundesnetzagentur wird der Anteil der Kohle an der Stromerzeugung im Jahr 2023 bei 26 Prozent liegen. In Russland liegt er laut Energieminister Nikolai Schulginow bei 14 Prozent.<\/p>\n<p>Baerbock und Leute wie sie &#8220;sind feindselig gegen\u00fcber unserem Land, gegen\u00fcber Russland. Aber ich denke, sie sind auch feindselig gegen\u00fcber ihrem eigenen Land, denn es ist schwer vorstellbar, dass eine Politikerin von solchem Rang die wirtschaftlichen Interessen ihres Landes, ihres Volkes mit solcher Geringsch\u00e4tzung behandeln w\u00fcrde&#8221;, f\u00fchrte Putin in dem Interview weiter aus.<\/p>\n<p>Nach Angaben des IWF vom vergangenen Monat ist die deutsche Wirtschaftsleistung im vergangenen Jahr um 0,3 Prozent gegen\u00fcber 2022 gesunken, womit Deutschland die am schlechtesten abschneidende gro\u00dfe Volkswirtschaft der Welt ist.<\/p>\n<p>Anfang 2023 hatte Baerbock, die eine entschiedene Unterst\u00fctzerin der Ukraine ist, Kritik auf sich gezogen, als sie im Hinblick auf die Unterst\u00fctzung Kiews betont hatte:<\/p>\n<blockquote>\n<p><em>&#8220;Ja, wir m\u00fcssen mehr tun, denn wir f\u00fchren einen Krieg gegen Russland.&#8221;<\/em><\/p>\n<\/blockquote>\n<p>Sp\u00e4ter ruderte sie wegen der Aussage wieder zur\u00fcck und erkl\u00e4rte:<\/p>\n<blockquote>\n<p><em>&#8220;Nat\u00fcrlich ist man nicht an jedem Tag gleich gl\u00fccklich \u00fcber sich selber.&#8221;<\/em><\/p>\n<\/blockquote>\n<p>Sie stellte klar:<\/p>\n<blockquote>\n<p><em>&#8220;Wir sind nicht im Krieg mit Russland.&#8221;<\/em><\/p>\n<\/blockquote>\n<p>Zuvor, im Jahr 2022, hatte die Au\u00dfenministerin mit einer weiteren \u00c4u\u00dferung f\u00fcr Irritationen gesorgt. Sie hatte erkl\u00e4rt, dass die Unterst\u00fctzung f\u00fcr die Ukraine weitergehen werde, &#8220;egal, was meine deutschen W\u00e4hler denken&#8221;.<\/p>\n<p><strong>Mehr zum Thema<\/strong> \u2013 <a rel=\"nofollow noopener\" target=\"_blank\" href=\"https:\/\/freeassange.rtde.life\/meinung\/196168-wiederholungszwang-deutschlands-stolpert-in-falle\/\">Wiederholungszwang bei Fehlern: Deutschland stolpert in die Falle der eigenen Geschichte <\/a><\/p>\n<div class=\"EmbedBlock-root EmbedBlock-externalVideo EmbedBlock-odysee\">\n<div class=\"VkEmbed\"><iframe class=\"lazyload\" data-src=\"https:\/\/odysee.com\/%24\/embed\/%40RTDE%3Ae%2FBaerbock-%C3%BCber-ihren-Nazi-Opa---Wir-haben-ja-gar-nichts-gewusst-video%3A1\" frameborder=\"0\" width=\"853\" height=\"480\" allowfullscreen><\/iframe><\/div>\n<\/div>\n<\/div>\n<p><br \/>\n<br \/><a href=\"https:\/\/de.rt.com\/international\/196255-putin-ueber-baerbock-feindselig-gegenueber-ihrem-eigenen-land\/\">Source link <\/a><\/p>\n","protected":false},"excerpt":{"rendered":"<p>Der russische Staatschef Wladimir Putin wirft der deutschen Au\u00dfenministerin Annalena Baerbock vor, die wirtschaftlichen Interessen ihres eigenen Volkes zu missachten. Auch zu Baerbocks &#8220;Nazi-Gro\u00dfvater&#8221; \u00e4u\u00dferte sich Putin. Die deutsche Au\u00dfenministerin zeigt nicht nur Feindseligkeit gegen\u00fcber Russland, sondern auch gegen\u00fcber ihrem eigenen Land, indem sie eine sch\u00e4dliche Wirtschaftspolitik verfolgt, sagte der russische Pr\u00e4sident Wladimir Putin am [&hellip;]<\/p>\n","protected":false},"author":3,"featured_media":55367,"comment_status":"open","ping_status":"open","sticky":false,"template":"","format":"standard","meta":{"_yoast_indexnow_last_ping":["1708001815"],"wp_automatic_camp":["217"],"aeef2aa9c7cbc080926fd668264d1e08":["Putin \u00fcber Baerbock: &quot;Feindselig gegen\u00fcber ihrem eigenen Land&quot;"],"original_link":["https:\/\/de.rt.com\/international\/196255-putin-ueber-baerbock-feindselig-gegenueber-ihrem-eigenen-land\/"],"_thumbnail_id":["55367"],"_wptgpro_p2tg_sent2tg":["a:1:{i:23737;s:19:\"2024-02-15 14:57:56\";}"],"jnews_social_counter_last_update":["1777107700"]},"categories":[19,23],"tags":[587,947,8962,1161,34600,125,53552,139],"yoast_head":"<!-- This site is optimized with the Yoast SEO Premium plugin v22.7 (Yoast SEO v22.7) - https:\/\/yoast.com\/wordpress\/plugins\/seo\/ -->\n<title>Putin \u00fcber Baerbock: &quot;Feindselig gegen\u00fcber ihrem eigenen Land&quot; - just-now.NEWS Deutschland<\/title>\n<meta name=\"robots\" content=\"index, follow, max-snippet:-1, max-image-preview:large, max-video-preview:-1\" \/>\n<link rel=\"canonical\" href=\"https:\/\/now-news.de\/de\/deutschland\/putin-ueber-baerbock-feindselig-gegenueber-ihrem-eigenen-land\/\" \/>\n<meta property=\"og:locale\" content=\"de_DE\" \/>\n<meta property=\"og:type\" content=\"article\" \/>\n<meta property=\"og:title\" content=\"Putin \u00fcber Baerbock: &quot;Feindselig gegen\u00fcber ihrem eigenen Land&quot;\" \/>\n<meta property=\"og:description\" content=\"Der russische Staatschef Wladimir Putin wirft der deutschen Au\u00dfenministerin Annalena Baerbock vor, die wirtschaftlichen Interessen ihres eigenen Volkes zu missachten. Auch zu Baerbocks &#8220;Nazi-Gro\u00dfvater&#8221; \u00e4u\u00dferte sich Putin. Die deutsche Au\u00dfenministerin zeigt nicht nur Feindseligkeit gegen\u00fcber Russland, sondern auch gegen\u00fcber ihrem eigenen Land, indem sie eine sch\u00e4dliche Wirtschaftspolitik verfolgt, sagte der russische Pr\u00e4sident Wladimir Putin am [&hellip;]\" \/>\n<meta property=\"og:url\" content=\"https:\/\/now-news.de\/de\/deutschland\/putin-ueber-baerbock-feindselig-gegenueber-ihrem-eigenen-land\/\" \/>\n<meta property=\"og:site_name\" content=\"just-now.NEWS Deutschland\" \/>\n<meta property=\"article:publisher\" content=\"https:\/\/www.facebook.com\/wirmachenauf\" \/>\n<meta property=\"article:published_time\" content=\"2024-02-15T12:55:28+00:00\" \/>\n<meta property=\"og:image\" content=\"https:\/\/now-news.de\/de\/wp-content\/uploads\/sites\/3\/2024\/02\/Putin-ueber-Baerbock-quotFeindselig-gegenueber-ihrem-eigenen-Landquot.jpg\" \/>\n\t<meta property=\"og:image:width\" content=\"460\" \/>\n\t<meta property=\"og:image:height\" content=\"259\" \/>\n\t<meta property=\"og:image:type\" content=\"image\/jpeg\" \/>\n<meta name=\"author\" content=\"rtnews\" \/>\n<meta name=\"twitter:card\" content=\"summary_large_image\" \/>\n<meta name=\"twitter:creator\" content=\"@WirMachenAuf_de\" \/>\n<meta name=\"twitter:site\" content=\"@WirMachenAuf_de\" \/>\n<meta name=\"twitter:label1\" content=\"Verfasst von\" \/>\n\t<meta name=\"twitter:data1\" content=\"rtnews\" \/>\n\t<meta name=\"twitter:label2\" content=\"Gesch\u00e4tzte Lesezeit\" \/>\n\t<meta name=\"twitter:data2\" content=\"3\u00a0Minuten\" \/>\n<script type=\"application\/ld+json\" class=\"yoast-schema-graph\">{\"@context\":\"https:\/\/schema.org\",\"@graph\":[{\"@type\":\"Article\",\"@id\":\"https:\/\/now-news.de\/de\/deutschland\/putin-ueber-baerbock-feindselig-gegenueber-ihrem-eigenen-land\/#article\",\"isPartOf\":{\"@id\":\"https:\/\/now-news.de\/de\/deutschland\/putin-ueber-baerbock-feindselig-gegenueber-ihrem-eigenen-land\/\"},\"author\":{\"name\":\"rtnews\",\"@id\":\"https:\/\/now-news.de\/de\/#\/schema\/person\/fb534a4e865501d8b3285208df34a9b5\"},\"headline\":\"Putin \u00fcber Baerbock: &quot;Feindselig gegen\u00fcber ihrem eigenen Land&quot;\",\"datePublished\":\"2024-02-15T12:55:28+00:00\",\"dateModified\":\"2024-02-15T12:55:28+00:00\",\"mainEntityOfPage\":{\"@id\":\"https:\/\/now-news.de\/de\/deutschland\/putin-ueber-baerbock-feindselig-gegenueber-ihrem-eigenen-land\/\"},\"wordCount\":576,\"commentCount\":0,\"publisher\":{\"@id\":\"https:\/\/now-news.de\/de\/#organization\"},\"image\":{\"@id\":\"https:\/\/now-news.de\/de\/deutschland\/putin-ueber-baerbock-feindselig-gegenueber-ihrem-eigenen-land\/#primaryimage\"},\"thumbnailUrl\":\"https:\/\/now-news.de\/de\/wp-content\/uploads\/sites\/3\/2024\/02\/Putin-ueber-Baerbock-quotFeindselig-gegenueber-ihrem-eigenen-Landquot.jpg\",\"keywords\":[\"Baerbock\",\"eigenen\",\"gegen\u00fcber\",\"ihrem\",\"Landquot\",\"putin\",\"quotFeindselig\",\"\u00fcber\"],\"articleSection\":[\"Deutschland\",\"Russland\"],\"inLanguage\":\"de\",\"potentialAction\":[{\"@type\":\"CommentAction\",\"name\":\"Comment\",\"target\":[\"https:\/\/now-news.de\/de\/deutschland\/putin-ueber-baerbock-feindselig-gegenueber-ihrem-eigenen-land\/#respond\"]}]},{\"@type\":\"WebPage\",\"@id\":\"https:\/\/now-news.de\/de\/deutschland\/putin-ueber-baerbock-feindselig-gegenueber-ihrem-eigenen-land\/\",\"url\":\"https:\/\/now-news.de\/de\/deutschland\/putin-ueber-baerbock-feindselig-gegenueber-ihrem-eigenen-land\/\",\"name\":\"Putin \u00fcber Baerbock: &quot;Feindselig gegen\u00fcber ihrem eigenen Land&quot; - just-now.NEWS Deutschland\",\"isPartOf\":{\"@id\":\"https:\/\/now-news.de\/de\/#website\"},\"primaryImageOfPage\":{\"@id\":\"https:\/\/now-news.de\/de\/deutschland\/putin-ueber-baerbock-feindselig-gegenueber-ihrem-eigenen-land\/#primaryimage\"},\"image\":{\"@id\":\"https:\/\/now-news.de\/de\/deutschland\/putin-ueber-baerbock-feindselig-gegenueber-ihrem-eigenen-land\/#primaryimage\"},\"thumbnailUrl\":\"https:\/\/now-news.de\/de\/wp-content\/uploads\/sites\/3\/2024\/02\/Putin-ueber-Baerbock-quotFeindselig-gegenueber-ihrem-eigenen-Landquot.jpg\",\"datePublished\":\"2024-02-15T12:55:28+00:00\",\"dateModified\":\"2024-02-15T12:55:28+00:00\",\"breadcrumb\":{\"@id\":\"https:\/\/now-news.de\/de\/deutschland\/putin-ueber-baerbock-feindselig-gegenueber-ihrem-eigenen-land\/#breadcrumb\"},\"inLanguage\":\"de\",\"potentialAction\":[{\"@type\":\"ReadAction\",\"target\":[\"https:\/\/now-news.de\/de\/deutschland\/putin-ueber-baerbock-feindselig-gegenueber-ihrem-eigenen-land\/\"]}]},{\"@type\":\"ImageObject\",\"inLanguage\":\"de\",\"@id\":\"https:\/\/now-news.de\/de\/deutschland\/putin-ueber-baerbock-feindselig-gegenueber-ihrem-eigenen-land\/#primaryimage\",\"url\":\"https:\/\/now-news.de\/de\/wp-content\/uploads\/sites\/3\/2024\/02\/Putin-ueber-Baerbock-quotFeindselig-gegenueber-ihrem-eigenen-Landquot.jpg\",\"contentUrl\":\"https:\/\/now-news.de\/de\/wp-content\/uploads\/sites\/3\/2024\/02\/Putin-ueber-Baerbock-quotFeindselig-gegenueber-ihrem-eigenen-Landquot.jpg\",\"width\":460,\"height\":259,\"caption\":\"Putin \u00fcber Baerbock: &quot;Feindselig gegen\u00fcber ihrem eigenen Land&quot;\"},{\"@type\":\"BreadcrumbList\",\"@id\":\"https:\/\/now-news.de\/de\/deutschland\/putin-ueber-baerbock-feindselig-gegenueber-ihrem-eigenen-land\/#breadcrumb\",\"itemListElement\":[{\"@type\":\"ListItem\",\"position\":1,\"name\":\"Home\",\"item\":\"https:\/\/now-news.de\/de\/\"},{\"@type\":\"ListItem\",\"position\":2,\"name\":\"Putin \u00fcber Baerbock: &quot;Feindselig gegen\u00fcber ihrem eigenen Land&quot;\"}]},{\"@type\":\"WebSite\",\"@id\":\"https:\/\/now-news.de\/de\/#website\",\"url\":\"https:\/\/now-news.de\/de\/\",\"name\":\"just-now.NEWS Deutschland\",\"description\":\"Das Portal f\u00fcr unzensierte Nachrichten aus der Welt\",\"publisher\":{\"@id\":\"https:\/\/now-news.de\/de\/#organization\"},\"potentialAction\":[{\"@type\":\"SearchAction\",\"target\":{\"@type\":\"EntryPoint\",\"urlTemplate\":\"https:\/\/now-news.de\/de\/?s={search_term_string}\"},\"query-input\":\"required name=search_term_string\"}],\"inLanguage\":\"de\"},{\"@type\":\"Organization\",\"@id\":\"https:\/\/now-news.de\/de\/#organization\",\"name\":\"Just Now News\",\"url\":\"https:\/\/now-news.de\/de\/\",\"logo\":{\"@type\":\"ImageObject\",\"inLanguage\":\"de\",\"@id\":\"https:\/\/now-news.de\/de\/#\/schema\/logo\/image\/\",\"url\":\"http:\/\/just-now.news\/de\/wp-content\/uploads\/sites\/3\/2022\/04\/logo500x500.jpg\",\"contentUrl\":\"http:\/\/just-now.news\/de\/wp-content\/uploads\/sites\/3\/2022\/04\/logo500x500.jpg\",\"width\":500,\"height\":500,\"caption\":\"Just Now News\"},\"image\":{\"@id\":\"https:\/\/now-news.de\/de\/#\/schema\/logo\/image\/\"},\"sameAs\":[\"https:\/\/www.facebook.com\/wirmachenauf\",\"https:\/\/x.com\/WirMachenAuf_de\"]},{\"@type\":\"Person\",\"@id\":\"https:\/\/now-news.de\/de\/#\/schema\/person\/fb534a4e865501d8b3285208df34a9b5\",\"name\":\"rtnews\",\"image\":{\"@type\":\"ImageObject\",\"inLanguage\":\"de\",\"@id\":\"https:\/\/now-news.de\/de\/#\/schema\/person\/image\/\",\"url\":\"https:\/\/secure.gravatar.com\/avatar\/82aafea7d8127119dd649515f56e2117?s=96&d=mm&r=g\",\"contentUrl\":\"https:\/\/secure.gravatar.com\/avatar\/82aafea7d8127119dd649515f56e2117?s=96&d=mm&r=g\",\"caption\":\"rtnews\"},\"url\":\"https:\/\/now-news.de\/de\/author\/rnews\/\"}]}<\/script>\n<!-- \/ Yoast SEO Premium plugin. -->","yoast_head_json":{"title":"Putin \u00fcber Baerbock: &quot;Feindselig gegen\u00fcber ihrem eigenen Land&quot; - just-now.NEWS Deutschland","robots":{"index":"index","follow":"follow","max-snippet":"max-snippet:-1","max-image-preview":"max-image-preview:large","max-video-preview":"max-video-preview:-1"},"canonical":"https:\/\/now-news.de\/de\/deutschland\/putin-ueber-baerbock-feindselig-gegenueber-ihrem-eigenen-land\/","og_locale":"de_DE","og_type":"article","og_title":"Putin \u00fcber Baerbock: &quot;Feindselig gegen\u00fcber ihrem eigenen Land&quot;","og_description":"Der russische Staatschef Wladimir Putin wirft der deutschen Au\u00dfenministerin Annalena Baerbock vor, die wirtschaftlichen Interessen ihres eigenen Volkes zu missachten. Auch zu Baerbocks &#8220;Nazi-Gro\u00dfvater&#8221; \u00e4u\u00dferte sich Putin. Die deutsche Au\u00dfenministerin zeigt nicht nur Feindseligkeit gegen\u00fcber Russland, sondern auch gegen\u00fcber ihrem eigenen Land, indem sie eine sch\u00e4dliche Wirtschaftspolitik verfolgt, sagte der russische Pr\u00e4sident Wladimir Putin am [&hellip;]","og_url":"https:\/\/now-news.de\/de\/deutschland\/putin-ueber-baerbock-feindselig-gegenueber-ihrem-eigenen-land\/","og_site_name":"just-now.NEWS Deutschland","article_publisher":"https:\/\/www.facebook.com\/wirmachenauf","article_published_time":"2024-02-15T12:55:28+00:00","og_image":[{"width":460,"height":259,"url":"https:\/\/now-news.de\/de\/wp-content\/uploads\/sites\/3\/2024\/02\/Putin-ueber-Baerbock-quotFeindselig-gegenueber-ihrem-eigenen-Landquot.jpg","type":"image\/jpeg"}],"author":"rtnews","twitter_card":"summary_large_image","twitter_creator":"@WirMachenAuf_de","twitter_site":"@WirMachenAuf_de","twitter_misc":{"Verfasst von":"rtnews","Gesch\u00e4tzte Lesezeit":"3\u00a0Minuten"},"schema":{"@context":"https:\/\/schema.org","@graph":[{"@type":"Article","@id":"https:\/\/now-news.de\/de\/deutschland\/putin-ueber-baerbock-feindselig-gegenueber-ihrem-eigenen-land\/#article","isPartOf":{"@id":"https:\/\/now-news.de\/de\/deutschland\/putin-ueber-baerbock-feindselig-gegenueber-ihrem-eigenen-land\/"},"author":{"name":"rtnews","@id":"https:\/\/now-news.de\/de\/#\/schema\/person\/fb534a4e865501d8b3285208df34a9b5"},"headline":"Putin \u00fcber Baerbock: &quot;Feindselig gegen\u00fcber ihrem eigenen Land&quot;","datePublished":"2024-02-15T12:55:28+00:00","dateModified":"2024-02-15T12:55:28+00:00","mainEntityOfPage":{"@id":"https:\/\/now-news.de\/de\/deutschland\/putin-ueber-baerbock-feindselig-gegenueber-ihrem-eigenen-land\/"},"wordCount":576,"commentCount":0,"publisher":{"@id":"https:\/\/now-news.de\/de\/#organization"},"image":{"@id":"https:\/\/now-news.de\/de\/deutschland\/putin-ueber-baerbock-feindselig-gegenueber-ihrem-eigenen-land\/#primaryimage"},"thumbnailUrl":"https:\/\/now-news.de\/de\/wp-content\/uploads\/sites\/3\/2024\/02\/Putin-ueber-Baerbock-quotFeindselig-gegenueber-ihrem-eigenen-Landquot.jpg","keywords":["Baerbock","eigenen","gegen\u00fcber","ihrem","Landquot","putin","quotFeindselig","\u00fcber"],"articleSection":["Deutschland","Russland"],"inLanguage":"de","potentialAction":[{"@type":"CommentAction","name":"Comment","target":["https:\/\/now-news.de\/de\/deutschland\/putin-ueber-baerbock-feindselig-gegenueber-ihrem-eigenen-land\/#respond"]}]},{"@type":"WebPage","@id":"https:\/\/now-news.de\/de\/deutschland\/putin-ueber-baerbock-feindselig-gegenueber-ihrem-eigenen-land\/","url":"https:\/\/now-news.de\/de\/deutschland\/putin-ueber-baerbock-feindselig-gegenueber-ihrem-eigenen-land\/","name":"Putin \u00fcber Baerbock: &quot;Feindselig gegen\u00fcber ihrem eigenen Land&quot; - just-now.NEWS Deutschland","isPartOf":{"@id":"https:\/\/now-news.de\/de\/#website"},"primaryImageOfPage":{"@id":"https:\/\/now-news.de\/de\/deutschland\/putin-ueber-baerbock-feindselig-gegenueber-ihrem-eigenen-land\/#primaryimage"},"image":{"@id":"https:\/\/now-news.de\/de\/deutschland\/putin-ueber-baerbock-feindselig-gegenueber-ihrem-eigenen-land\/#primaryimage"},"thumbnailUrl":"https:\/\/now-news.de\/de\/wp-content\/uploads\/sites\/3\/2024\/02\/Putin-ueber-Baerbock-quotFeindselig-gegenueber-ihrem-eigenen-Landquot.jpg","datePublished":"2024-02-15T12:55:28+00:00","dateModified":"2024-02-15T12:55:28+00:00","breadcrumb":{"@id":"https:\/\/now-news.de\/de\/deutschland\/putin-ueber-baerbock-feindselig-gegenueber-ihrem-eigenen-land\/#breadcrumb"},"inLanguage":"de","potentialAction":[{"@type":"ReadAction","target":["https:\/\/now-news.de\/de\/deutschland\/putin-ueber-baerbock-feindselig-gegenueber-ihrem-eigenen-land\/"]}]},{"@type":"ImageObject","inLanguage":"de","@id":"https:\/\/now-news.de\/de\/deutschland\/putin-ueber-baerbock-feindselig-gegenueber-ihrem-eigenen-land\/#primaryimage","url":"https:\/\/now-news.de\/de\/wp-content\/uploads\/sites\/3\/2024\/02\/Putin-ueber-Baerbock-quotFeindselig-gegenueber-ihrem-eigenen-Landquot.jpg","contentUrl":"https:\/\/now-news.de\/de\/wp-content\/uploads\/sites\/3\/2024\/02\/Putin-ueber-Baerbock-quotFeindselig-gegenueber-ihrem-eigenen-Landquot.jpg","width":460,"height":259,"caption":"Putin \u00fcber Baerbock: &quot;Feindselig gegen\u00fcber ihrem eigenen Land&quot;"},{"@type":"BreadcrumbList","@id":"https:\/\/now-news.de\/de\/deutschland\/putin-ueber-baerbock-feindselig-gegenueber-ihrem-eigenen-land\/#breadcrumb","itemListElement":[{"@type":"ListItem","position":1,"name":"Home","item":"https:\/\/now-news.de\/de\/"},{"@type":"ListItem","position":2,"name":"Putin \u00fcber Baerbock: &quot;Feindselig gegen\u00fcber ihrem eigenen Land&quot;"}]},{"@type":"WebSite","@id":"https:\/\/now-news.de\/de\/#website","url":"https:\/\/now-news.de\/de\/","name":"just-now.NEWS Deutschland","description":"Das Portal f\u00fcr unzensierte Nachrichten aus der Welt","publisher":{"@id":"https:\/\/now-news.de\/de\/#organization"},"potentialAction":[{"@type":"SearchAction","target":{"@type":"EntryPoint","urlTemplate":"https:\/\/now-news.de\/de\/?s={search_term_string}"},"query-input":"required name=search_term_string"}],"inLanguage":"de"},{"@type":"Organization","@id":"https:\/\/now-news.de\/de\/#organization","name":"Just Now News","url":"https:\/\/now-news.de\/de\/","logo":{"@type":"ImageObject","inLanguage":"de","@id":"https:\/\/now-news.de\/de\/#\/schema\/logo\/image\/","url":"http:\/\/just-now.news\/de\/wp-content\/uploads\/sites\/3\/2022\/04\/logo500x500.jpg","contentUrl":"http:\/\/just-now.news\/de\/wp-content\/uploads\/sites\/3\/2022\/04\/logo500x500.jpg","width":500,"height":500,"caption":"Just Now News"},"image":{"@id":"https:\/\/now-news.de\/de\/#\/schema\/logo\/image\/"},"sameAs":["https:\/\/www.facebook.com\/wirmachenauf","https:\/\/x.com\/WirMachenAuf_de"]},{"@type":"Person","@id":"https:\/\/now-news.de\/de\/#\/schema\/person\/fb534a4e865501d8b3285208df34a9b5","name":"rtnews","image":{"@type":"ImageObject","inLanguage":"de","@id":"https:\/\/now-news.de\/de\/#\/schema\/person\/image\/","url":"https:\/\/secure.gravatar.com\/avatar\/82aafea7d8127119dd649515f56e2117?s=96&d=mm&r=g","contentUrl":"https:\/\/secure.gravatar.com\/avatar\/82aafea7d8127119dd649515f56e2117?s=96&d=mm&r=g","caption":"rtnews"},"url":"https:\/\/now-news.de\/de\/author\/rnews\/"}]}},"_links":{"self":[{"href":"https:\/\/now-news.de\/de\/wp-json\/wp\/v2\/posts\/55366"}],"collection":[{"href":"https:\/\/now-news.de\/de\/wp-json\/wp\/v2\/posts"}],"about":[{"href":"https:\/\/now-news.de\/de\/wp-json\/wp\/v2\/types\/post"}],"author":[{"embeddable":true,"href":"https:\/\/now-news.de\/de\/wp-json\/wp\/v2\/users\/3"}],"replies":[{"embeddable":true,"href":"https:\/\/now-news.de\/de\/wp-json\/wp\/v2\/comments?post=55366"}],"version-history":[{"count":0,"href":"https:\/\/now-news.de\/de\/wp-json\/wp\/v2\/posts\/55366\/revisions"}],"wp:featuredmedia":[{"embeddable":true,"href":"https:\/\/now-news.de\/de\/wp-json\/wp\/v2\/media\/55367"}],"wp:attachment":[{"href":"https:\/\/now-news.de\/de\/wp-json\/wp\/v2\/media?parent=55366"}],"wp:term":[{"taxonomy":"category","embeddable":true,"href":"https:\/\/now-news.de\/de\/wp-json\/wp\/v2\/categories?post=55366"},{"taxonomy":"post_tag","embeddable":true,"href":"https:\/\/now-news.de\/de\/wp-json\/wp\/v2\/tags?post=55366"}],"curies":[{"name":"wp","href":"https:\/\/api.w.org\/{rel}","templated":true}]}}