{"id":55364,"date":"2024-02-15T13:43:41","date_gmt":"2024-02-15T11:43:41","guid":{"rendered":"https:\/\/just-now.news\/de\/deutschland\/centuria-ein-neonazistisches-netzwerk-aus-der-ukraine-macht-sich-in-deutschland-breit\/"},"modified":"2024-02-15T13:43:41","modified_gmt":"2024-02-15T11:43:41","slug":"centuria-ein-neonazistisches-netzwerk-aus-der-ukraine-macht-sich-in-deutschland-breit","status":"publish","type":"post","link":"https:\/\/now-news.de\/de\/deutschland\/centuria-ein-neonazistisches-netzwerk-aus-der-ukraine-macht-sich-in-deutschland-breit\/","title":{"rendered":"&quot;Centuria&quot; &#8211; Ein neonazistisches Netzwerk aus der Ukraine macht sich in Deutschland breit"},"content":{"rendered":"<p><img decoding=\"async\" src=\"http:\/\/just-now.news\/de\/wp-content\/uploads\/sites\/3\/2024\/02\/65ccf9de48fbef24977dd8ec.JPG\" \/><\/p>\n<div class=\"Text-root Text-type_1 \">\n                Ein Ableger des ukrainischen Neonazi-Netzwerks &#8220;Asow&#8221; sammelt in Deutschland Spenden und organisiert Gedenkkundgebungen. Die rechtsextremen Aktivisten spielen sich als &#8220;Besch\u00fctzer&#8221; der Deutschen auf und genie\u00dfen das Wohlwollen der Beh\u00f6rden.\n            <\/div>\n<p><\/p>\n<div class=\"Text-root Text-type_5 ArticleView-text ViewText-root \">\n<p>Die ukrainische neonazistische &#8220;Centuria&#8221;-Bewegung ist in mindestens sechs deutschen St\u00e4dten aktiv, dabei genie\u00dft sie die Unterst\u00fctzung deutsch-ukrainischer Vereine. Darauf macht die <em>Junge Welt (JW)<\/em>-Autorin Susann Witt-Stahl in ihrem <a rel=\"nofollow noopener\" target=\"_blank\" href=\"https:\/\/www.jungewelt.de\/artikel\/469335.nazi-organisationen-h%C3%B6llensturm-f%C3%BCr-den-feind.html\">aktuellen Artikel <\/a>aufmerksam. Die Organisation gilt als Ableger des breit verzweigten &#8220;Asow&#8221;-Netzwerks und setzt sich haupts\u00e4chlich aus jungen ukrainischen Einwanderern zusammen. Die Vereinigung wolle &#8220;Feinden&#8221; ihres Landes, einen &#8220;H\u00f6llensturm&#8221; bereiten, zitiert die Journalistin aus einem in den sozialen Medien ver\u00f6ffentlichten Aufruf.\u00a0<\/p>\n<p>&#8220;Centuria&#8221; wurde am 1. August 2020 am Rande eines Waldes in der N\u00e4he von Kiew als B\u00fcrgerwehr f\u00fcr den Kampf um eine &#8220;Gro\u00df-Ukraine&#8221; aus der Taufe gehoben \u2013 &#8220;im Fackelschein und mit Nazipomp, der an die Kriegs\u00e4sthetik des antiken Roms angelehnt war.&#8221; Hunderte vermummte K\u00e4mpfer nahmen an der Zeremonie teil. Endzeitszenarien mit rassistischer Pr\u00e4gung werden bei &#8220;Centuria&#8221; mit wesentlichen Elementen der Bandera-Ideologie verflochten. In Deutschland genie\u00dft &#8220;Centuria&#8221; seit Jahren Bewunderung\u00a0seitens der Neonazikleinpartei &#8220;Der III. Weg&#8221;. Die Bewegung sieht sich ausdr\u00fccklich in der &#8220;europ\u00e4ischen nationalistischen Tradition&#8221; und nimmt f\u00fcr sich in Anspruch, Europa vor dem &#8220;russischen Terror-Staat&#8221; zu sch\u00fctzen \u2013 \u00e4hnlich wie das Dritte Reich den Alten Kontinent vor &#8220;j\u00fcdisch-bolschewistischen Horden&#8221; w\u00e4hrend des Zweiten Weltkriegs.<\/p>\n<p>Die<em> JW<\/em> weist darauf hin, dass rechtsextreme Aktivisten nationalistische Kundgebungen &#8220;unbehelligt von Antifas und\u00a0kritischer Medienberichterstattung&#8221; veranstalten k\u00f6nnen \u2013 wie zuletzt in Berlin vor dem Roten Rathaus, wo die Teilnehmer mit einer Fahne des Bandera-Fl\u00fcgels der faschistischen Organisation Ukrainischer Nationalisten (OUN) posierten. Diese Solidarit\u00e4tskundgebung war den sogenannten &#8220;Verteidigern von Asowstahl&#8221; gewidmet. Der Telegram-Kanal &#8220;Centuria Magdeburg&#8221; <a rel=\"nofollow noopener\" target=\"_blank\" href=\"https:\/\/t.me\/centuria_magdeburg\/100?single\">postete<\/a> hierzu:<\/p>\n<blockquote>\n<p><em><strong>&#8220;<\/strong>Die Magdeburger Initiativgruppe Centuria hat in Berlin eine Kundgebung zum Gedenken an die Verteidiger von Asowstahl organisiert, um die deutschen B\u00fcrger an den Preis zu erinnern, den die Ukraine f\u00fcr ihren relativen Frieden zahlt&#8230; W\u00e4hrend der Kundgebung wurde ein Appell an die deutschen B\u00fcrger von einem gefangenen Azowstahl-Verteidiger, einem Legion\u00e4r der Centuria &#8216;Roger&#8217;, verlesen.&#8221;<\/em><\/p>\n<\/blockquote>\n<p>Bei Aktionen in Magdeburg ist laut der\u00a0<em>JW<\/em>\u00a0die &#8220;Deutsch-Ukrainische Gesellschaft Sachsen-Anhalt&#8221; beteiligt. Der Verein genie\u00dft offenbar die Unterst\u00fctzung der st\u00e4dtischen Beh\u00f6rden \u2013\u00a0seine Kontaktdaten werden auf der offiziellen Webseite\u00a0der Stadt Magdeburg <a rel=\"nofollow noopener\" target=\"_blank\" href=\"https:\/\/www.magdeburg.de\/index.php?ModID=9&amp;FID=37.5944.1&amp;object=tx%2C698.8841\">aufgelistet<\/a>. Die\u00a0angeblichen &#8220;Verteidiger von Asowstahl&#8221; waren Angeh\u00f6rige der Terrormiliz &#8220;Asow&#8221;, die infolge der Einkesselung des Eisenh\u00fcttenwerks &#8220;Asowstahl&#8221; in russische Gefangenschaft gerieten. W\u00e4hrend der Kampfhandlungen hatten viele von ihnen verbrecherische Schie\u00dfbefehle gegen die \u00f6rtliche Zivilbev\u00f6lkerung ausgef\u00fchrt.\u00a0Zahlreiche T\u00e4ter wurden infolge von Ermittlungen der russischen Justiz zur Rechenschaft gezogen und bekamen langj\u00e4hrige Haftstrafen. Laut dem Ermittlungskomitee der Donezker Volksrepublik <a rel=\"nofollow noopener\" target=\"_blank\" href=\"https:\/\/freedert.online\/russland\/158600-in-mariupol-wurden-bislang-sterbliche-ueberreste-von-ueber-3000-zivilisten-entdeckt\/\">starben <\/a>w\u00e4hrend der Kampfhandlungen mehr als 3.000 Einwohner Mariupols.\u00a0<\/p>\n<p>Bei\u00a0ihren Aktionen in Berlin k\u00f6nnen die Aktivisten von &#8220;Centuria&#8221; auf die Unterst\u00fctzung eines weiteren ukrainischen Emigranten-Vereins z\u00e4hlen \u2013 Vitsche. Vitsche betreibt professionellen Stra\u00dfenaktivismus gegen Russland und dessen Sympathisanten, und genie\u00dft ebenso die Unterst\u00fctzung der deutschen\u00a0Politik \u2013\u00a0<em>RT DE<\/em>\u00a0<a rel=\"nofollow noopener\" target=\"_blank\" href=\"https:\/\/freedert.online\/europa\/157419-augenzeugin-aus-mariupol-berichtet-von-massaker-des-asow-bataillons\/\">berichtete<\/a> beispielsweise ausf\u00fchrlich \u00fcber die von Vitsche organisierte Hetzkampagne gegen die Kultureinrichtung &#8220;Das Russisches Haus in Berlin&#8221;. Bei den Aktionen von Centuria und Vitsche ist zum Beispiel auch\u00a0das gleiche Banner mit dem Schriftzug &#8220;Danke Deutschland f\u00fcr die Unterst\u00fctzung&#8221; <a rel=\"nofollow noopener\" target=\"_blank\" href=\"https:\/\/twitter.com\/emrshtn\/status\/1743633019745735009\">zu sehen<\/a>.\u00a0\u00a0<\/p>\n<p>Laut Witt-Stahl akquiriert die &#8220;Centuria&#8221;-Gruppe momentan Gelder f\u00fcr den Kampfverband ihrer Mutterorganisation, der seit 2022 in die Dritte &#8220;Asow&#8221;-Sturmbrigade der ukrainischen Armee unter dem Kommando des Nazif\u00fchrers Andrei Bilezky integriert ist, und beteiligt sich am <a rel=\"nofollow noopener\" target=\"_blank\" href=\"https:\/\/www.youtube.com\/@centuria3115\">&#8220;Informationskrieg&#8221;<\/a>. &#8220;Centuria&#8221;\u00a0setzt getreu ihrem F\u00fchrer Igor Michailenko \u2013 der &#8220;alles Antiukrainische vernichten&#8221; will\u00a0\u2013 auf Gewalt, und ruft zur Ausgabe von Waffen an die B\u00fcrger auf. In Deutschland stellt die Organisation ihren extremistischen Charakter selbst zur Schau, indem sie auf ihrem Telegram-Kanal <a rel=\"nofollow noopener\" target=\"_blank\" href=\"https:\/\/t.me\/centuria_magdeburg\/87\">gewaltverherrlichende Videos<\/a> mit einer Anleitung zum Bau von &#8220;Molotow-Cocktails&#8221; postet.\u00a0Es ist jedoch\u00a0davon auszugehen, dass &#8220;Centuria&#8221; ihre Strukturen in Deutschland ungehindert von den hiesigen Sicherheitsbeh\u00f6rden weiter ausbauen kann.<\/p>\n<p><strong>Mehr zum Thema<\/strong> &#8211; <a rel=\"nofollow noopener\" target=\"_blank\" href=\"https:\/\/freedert.online\/europa\/157419-augenzeugin-aus-mariupol-berichtet-von-massaker-des-asow-bataillons\/\">Sch\u00fcsse auf Menschen, die nach Brot anstanden \u2013 Augenzeugin berichtet von Asow-Massaker<\/a><\/p>\n<div class=\"EmbedBlock-root EmbedBlock-externalVideo EmbedBlock-odysee\">\n<div class=\"VkEmbed\"><iframe class=\"lazyload\" data-src=\"https:\/\/odysee.com\/%24\/embed\/%40RTDE%3Ae%2Fvon-faschismus-erzogen%3A0\" frameborder=\"0\" width=\"853\" height=\"480\" allowfullscreen><\/iframe><\/div>\n<\/div>\n<\/div>\n<p><script async src=\"https:\/\/platform.twitter.com\/widgets.js\" charset=\"utf-8\"><\/script><br \/>\n<br \/><br \/>\n<br \/><a href=\"https:\/\/de.rt.com\/inland\/196156-neonazistisches-netzwerk-aus-ukraine-macht-macht-sich-deutschland-breit\/\">Source link <\/a><\/p>\n","protected":false},"excerpt":{"rendered":"<p>Ein Ableger des ukrainischen Neonazi-Netzwerks &#8220;Asow&#8221; sammelt in Deutschland Spenden und organisiert Gedenkkundgebungen. Die rechtsextremen Aktivisten spielen sich als &#8220;Besch\u00fctzer&#8221; der Deutschen auf und genie\u00dfen das Wohlwollen der Beh\u00f6rden. Die ukrainische neonazistische &#8220;Centuria&#8221;-Bewegung ist in mindestens sechs deutschen St\u00e4dten aktiv, dabei genie\u00dft sie die Unterst\u00fctzung deutsch-ukrainischer Vereine. Darauf macht die Junge Welt (JW)-Autorin Susann Witt-Stahl [&hellip;]<\/p>\n","protected":false},"author":3,"featured_media":55365,"comment_status":"open","ping_status":"open","sticky":false,"template":"","format":"standard","meta":{"_yoast_indexnow_last_ping":["1707997987"],"wp_automatic_camp":["217"],"e3bed3ad5c01f4f336cf9aaec21ce5ef":["&quot;Centuria&quot; - Ein neonazistisches Netzwerk aus der Ukraine macht sich in Deutschland breit"],"original_link":["https:\/\/de.rt.com\/inland\/196156-neonazistisches-netzwerk-aus-ukraine-macht-macht-sich-deutschland-breit\/"],"_thumbnail_id":["55365"],"_wptgpro_p2tg_sent2tg":["a:1:{i:23737;s:19:\"2024-02-15 13:54:12\";}"],"jnews_social_counter_last_update":["1777240864"]},"categories":[19,23],"tags":[679,13802,82,179,357,4847,53551,8955,53550,434,127],"yoast_head":"<!-- This site is optimized with the Yoast SEO Premium plugin v22.7 (Yoast SEO v22.7) - https:\/\/yoast.com\/wordpress\/plugins\/seo\/ -->\n<title>&quot;Centuria&quot; - Ein neonazistisches Netzwerk aus der Ukraine macht sich in Deutschland breit - just-now.NEWS Deutschland<\/title>\n<meta name=\"robots\" content=\"index, follow, max-snippet:-1, max-image-preview:large, max-video-preview:-1\" \/>\n<link rel=\"canonical\" href=\"https:\/\/now-news.de\/de\/deutschland\/centuria-ein-neonazistisches-netzwerk-aus-der-ukraine-macht-sich-in-deutschland-breit\/\" \/>\n<meta property=\"og:locale\" content=\"de_DE\" \/>\n<meta property=\"og:type\" content=\"article\" \/>\n<meta property=\"og:title\" content=\"&quot;Centuria&quot; - Ein neonazistisches Netzwerk aus der Ukraine macht sich in Deutschland breit\" \/>\n<meta property=\"og:description\" content=\"Ein Ableger des ukrainischen Neonazi-Netzwerks &#8220;Asow&#8221; sammelt in Deutschland Spenden und organisiert Gedenkkundgebungen. Die rechtsextremen Aktivisten spielen sich als &#8220;Besch\u00fctzer&#8221; der Deutschen auf und genie\u00dfen das Wohlwollen der Beh\u00f6rden. Die ukrainische neonazistische &#8220;Centuria&#8221;-Bewegung ist in mindestens sechs deutschen St\u00e4dten aktiv, dabei genie\u00dft sie die Unterst\u00fctzung deutsch-ukrainischer Vereine. Darauf macht die Junge Welt (JW)-Autorin Susann Witt-Stahl [&hellip;]\" \/>\n<meta property=\"og:url\" content=\"https:\/\/now-news.de\/de\/deutschland\/centuria-ein-neonazistisches-netzwerk-aus-der-ukraine-macht-sich-in-deutschland-breit\/\" \/>\n<meta property=\"og:site_name\" content=\"just-now.NEWS Deutschland\" \/>\n<meta property=\"article:publisher\" content=\"https:\/\/www.facebook.com\/wirmachenauf\" \/>\n<meta property=\"article:published_time\" content=\"2024-02-15T11:43:41+00:00\" \/>\n<meta property=\"og:image\" content=\"https:\/\/now-news.de\/de\/wp-content\/uploads\/sites\/3\/2024\/02\/quotCenturiaquot-Ein-neonazistisches-Netzwerk-aus-der-Ukraine-macht-sich.JPG\" \/>\n\t<meta property=\"og:image:width\" content=\"460\" \/>\n\t<meta property=\"og:image:height\" content=\"259\" \/>\n\t<meta property=\"og:image:type\" content=\"image\/jpeg\" \/>\n<meta name=\"author\" content=\"rtnews\" \/>\n<meta name=\"twitter:card\" content=\"summary_large_image\" \/>\n<meta name=\"twitter:creator\" content=\"@WirMachenAuf_de\" \/>\n<meta name=\"twitter:site\" content=\"@WirMachenAuf_de\" \/>\n<meta name=\"twitter:label1\" content=\"Verfasst von\" \/>\n\t<meta name=\"twitter:data1\" content=\"rtnews\" \/>\n\t<meta name=\"twitter:label2\" content=\"Gesch\u00e4tzte Lesezeit\" \/>\n\t<meta name=\"twitter:data2\" content=\"3\u00a0Minuten\" \/>\n<script type=\"application\/ld+json\" class=\"yoast-schema-graph\">{\"@context\":\"https:\/\/schema.org\",\"@graph\":[{\"@type\":\"Article\",\"@id\":\"https:\/\/now-news.de\/de\/deutschland\/centuria-ein-neonazistisches-netzwerk-aus-der-ukraine-macht-sich-in-deutschland-breit\/#article\",\"isPartOf\":{\"@id\":\"https:\/\/now-news.de\/de\/deutschland\/centuria-ein-neonazistisches-netzwerk-aus-der-ukraine-macht-sich-in-deutschland-breit\/\"},\"author\":{\"name\":\"rtnews\",\"@id\":\"https:\/\/now-news.de\/de\/#\/schema\/person\/fb534a4e865501d8b3285208df34a9b5\"},\"headline\":\"&quot;Centuria&quot; &#8211; Ein neonazistisches Netzwerk aus der Ukraine macht sich in Deutschland breit\",\"datePublished\":\"2024-02-15T11:43:41+00:00\",\"dateModified\":\"2024-02-15T11:43:41+00:00\",\"mainEntityOfPage\":{\"@id\":\"https:\/\/now-news.de\/de\/deutschland\/centuria-ein-neonazistisches-netzwerk-aus-der-ukraine-macht-sich-in-deutschland-breit\/\"},\"wordCount\":697,\"commentCount\":0,\"publisher\":{\"@id\":\"https:\/\/now-news.de\/de\/#organization\"},\"image\":{\"@id\":\"https:\/\/now-news.de\/de\/deutschland\/centuria-ein-neonazistisches-netzwerk-aus-der-ukraine-macht-sich-in-deutschland-breit\/#primaryimage\"},\"thumbnailUrl\":\"https:\/\/now-news.de\/de\/wp-content\/uploads\/sites\/3\/2024\/02\/quotCenturiaquot-Ein-neonazistisches-Netzwerk-aus-der-Ukraine-macht-sich.JPG\",\"keywords\":[\"aus\",\"breit\",\"der\",\"Deutschland\",\"ein\",\"Macht\",\"neonazistisches\",\"netzwerk\",\"quotCenturiaquot\",\"sich\",\"ukraine\"],\"articleSection\":[\"Deutschland\",\"Russland\"],\"inLanguage\":\"de\",\"potentialAction\":[{\"@type\":\"CommentAction\",\"name\":\"Comment\",\"target\":[\"https:\/\/now-news.de\/de\/deutschland\/centuria-ein-neonazistisches-netzwerk-aus-der-ukraine-macht-sich-in-deutschland-breit\/#respond\"]}]},{\"@type\":\"WebPage\",\"@id\":\"https:\/\/now-news.de\/de\/deutschland\/centuria-ein-neonazistisches-netzwerk-aus-der-ukraine-macht-sich-in-deutschland-breit\/\",\"url\":\"https:\/\/now-news.de\/de\/deutschland\/centuria-ein-neonazistisches-netzwerk-aus-der-ukraine-macht-sich-in-deutschland-breit\/\",\"name\":\"&quot;Centuria&quot; - Ein neonazistisches Netzwerk aus der Ukraine macht sich in Deutschland breit - just-now.NEWS Deutschland\",\"isPartOf\":{\"@id\":\"https:\/\/now-news.de\/de\/#website\"},\"primaryImageOfPage\":{\"@id\":\"https:\/\/now-news.de\/de\/deutschland\/centuria-ein-neonazistisches-netzwerk-aus-der-ukraine-macht-sich-in-deutschland-breit\/#primaryimage\"},\"image\":{\"@id\":\"https:\/\/now-news.de\/de\/deutschland\/centuria-ein-neonazistisches-netzwerk-aus-der-ukraine-macht-sich-in-deutschland-breit\/#primaryimage\"},\"thumbnailUrl\":\"https:\/\/now-news.de\/de\/wp-content\/uploads\/sites\/3\/2024\/02\/quotCenturiaquot-Ein-neonazistisches-Netzwerk-aus-der-Ukraine-macht-sich.JPG\",\"datePublished\":\"2024-02-15T11:43:41+00:00\",\"dateModified\":\"2024-02-15T11:43:41+00:00\",\"breadcrumb\":{\"@id\":\"https:\/\/now-news.de\/de\/deutschland\/centuria-ein-neonazistisches-netzwerk-aus-der-ukraine-macht-sich-in-deutschland-breit\/#breadcrumb\"},\"inLanguage\":\"de\",\"potentialAction\":[{\"@type\":\"ReadAction\",\"target\":[\"https:\/\/now-news.de\/de\/deutschland\/centuria-ein-neonazistisches-netzwerk-aus-der-ukraine-macht-sich-in-deutschland-breit\/\"]}]},{\"@type\":\"ImageObject\",\"inLanguage\":\"de\",\"@id\":\"https:\/\/now-news.de\/de\/deutschland\/centuria-ein-neonazistisches-netzwerk-aus-der-ukraine-macht-sich-in-deutschland-breit\/#primaryimage\",\"url\":\"https:\/\/now-news.de\/de\/wp-content\/uploads\/sites\/3\/2024\/02\/quotCenturiaquot-Ein-neonazistisches-Netzwerk-aus-der-Ukraine-macht-sich.JPG\",\"contentUrl\":\"https:\/\/now-news.de\/de\/wp-content\/uploads\/sites\/3\/2024\/02\/quotCenturiaquot-Ein-neonazistisches-Netzwerk-aus-der-Ukraine-macht-sich.JPG\",\"width\":460,\"height\":259,\"caption\":\"&quot;Centuria&quot; - Ein neonazistisches Netzwerk aus der Ukraine macht sich in Deutschland breit\"},{\"@type\":\"BreadcrumbList\",\"@id\":\"https:\/\/now-news.de\/de\/deutschland\/centuria-ein-neonazistisches-netzwerk-aus-der-ukraine-macht-sich-in-deutschland-breit\/#breadcrumb\",\"itemListElement\":[{\"@type\":\"ListItem\",\"position\":1,\"name\":\"Home\",\"item\":\"https:\/\/now-news.de\/de\/\"},{\"@type\":\"ListItem\",\"position\":2,\"name\":\"&quot;Centuria&quot; &#8211; Ein neonazistisches Netzwerk aus der Ukraine macht sich in Deutschland breit\"}]},{\"@type\":\"WebSite\",\"@id\":\"https:\/\/now-news.de\/de\/#website\",\"url\":\"https:\/\/now-news.de\/de\/\",\"name\":\"just-now.NEWS Deutschland\",\"description\":\"Das Portal f\u00fcr unzensierte Nachrichten aus der Welt\",\"publisher\":{\"@id\":\"https:\/\/now-news.de\/de\/#organization\"},\"potentialAction\":[{\"@type\":\"SearchAction\",\"target\":{\"@type\":\"EntryPoint\",\"urlTemplate\":\"https:\/\/now-news.de\/de\/?s={search_term_string}\"},\"query-input\":\"required name=search_term_string\"}],\"inLanguage\":\"de\"},{\"@type\":\"Organization\",\"@id\":\"https:\/\/now-news.de\/de\/#organization\",\"name\":\"Just Now News\",\"url\":\"https:\/\/now-news.de\/de\/\",\"logo\":{\"@type\":\"ImageObject\",\"inLanguage\":\"de\",\"@id\":\"https:\/\/now-news.de\/de\/#\/schema\/logo\/image\/\",\"url\":\"http:\/\/just-now.news\/de\/wp-content\/uploads\/sites\/3\/2022\/04\/logo500x500.jpg\",\"contentUrl\":\"http:\/\/just-now.news\/de\/wp-content\/uploads\/sites\/3\/2022\/04\/logo500x500.jpg\",\"width\":500,\"height\":500,\"caption\":\"Just Now News\"},\"image\":{\"@id\":\"https:\/\/now-news.de\/de\/#\/schema\/logo\/image\/\"},\"sameAs\":[\"https:\/\/www.facebook.com\/wirmachenauf\",\"https:\/\/x.com\/WirMachenAuf_de\"]},{\"@type\":\"Person\",\"@id\":\"https:\/\/now-news.de\/de\/#\/schema\/person\/fb534a4e865501d8b3285208df34a9b5\",\"name\":\"rtnews\",\"image\":{\"@type\":\"ImageObject\",\"inLanguage\":\"de\",\"@id\":\"https:\/\/now-news.de\/de\/#\/schema\/person\/image\/\",\"url\":\"https:\/\/secure.gravatar.com\/avatar\/82aafea7d8127119dd649515f56e2117?s=96&d=mm&r=g\",\"contentUrl\":\"https:\/\/secure.gravatar.com\/avatar\/82aafea7d8127119dd649515f56e2117?s=96&d=mm&r=g\",\"caption\":\"rtnews\"},\"url\":\"https:\/\/now-news.de\/de\/author\/rnews\/\"}]}<\/script>\n<!-- \/ Yoast SEO Premium plugin. -->","yoast_head_json":{"title":"&quot;Centuria&quot; - Ein neonazistisches Netzwerk aus der Ukraine macht sich in Deutschland breit - just-now.NEWS Deutschland","robots":{"index":"index","follow":"follow","max-snippet":"max-snippet:-1","max-image-preview":"max-image-preview:large","max-video-preview":"max-video-preview:-1"},"canonical":"https:\/\/now-news.de\/de\/deutschland\/centuria-ein-neonazistisches-netzwerk-aus-der-ukraine-macht-sich-in-deutschland-breit\/","og_locale":"de_DE","og_type":"article","og_title":"&quot;Centuria&quot; - Ein neonazistisches Netzwerk aus der Ukraine macht sich in Deutschland breit","og_description":"Ein Ableger des ukrainischen Neonazi-Netzwerks &#8220;Asow&#8221; sammelt in Deutschland Spenden und organisiert Gedenkkundgebungen. Die rechtsextremen Aktivisten spielen sich als &#8220;Besch\u00fctzer&#8221; der Deutschen auf und genie\u00dfen das Wohlwollen der Beh\u00f6rden. Die ukrainische neonazistische &#8220;Centuria&#8221;-Bewegung ist in mindestens sechs deutschen St\u00e4dten aktiv, dabei genie\u00dft sie die Unterst\u00fctzung deutsch-ukrainischer Vereine. Darauf macht die Junge Welt (JW)-Autorin Susann Witt-Stahl [&hellip;]","og_url":"https:\/\/now-news.de\/de\/deutschland\/centuria-ein-neonazistisches-netzwerk-aus-der-ukraine-macht-sich-in-deutschland-breit\/","og_site_name":"just-now.NEWS Deutschland","article_publisher":"https:\/\/www.facebook.com\/wirmachenauf","article_published_time":"2024-02-15T11:43:41+00:00","og_image":[{"width":460,"height":259,"url":"https:\/\/now-news.de\/de\/wp-content\/uploads\/sites\/3\/2024\/02\/quotCenturiaquot-Ein-neonazistisches-Netzwerk-aus-der-Ukraine-macht-sich.JPG","type":"image\/jpeg"}],"author":"rtnews","twitter_card":"summary_large_image","twitter_creator":"@WirMachenAuf_de","twitter_site":"@WirMachenAuf_de","twitter_misc":{"Verfasst von":"rtnews","Gesch\u00e4tzte Lesezeit":"3\u00a0Minuten"},"schema":{"@context":"https:\/\/schema.org","@graph":[{"@type":"Article","@id":"https:\/\/now-news.de\/de\/deutschland\/centuria-ein-neonazistisches-netzwerk-aus-der-ukraine-macht-sich-in-deutschland-breit\/#article","isPartOf":{"@id":"https:\/\/now-news.de\/de\/deutschland\/centuria-ein-neonazistisches-netzwerk-aus-der-ukraine-macht-sich-in-deutschland-breit\/"},"author":{"name":"rtnews","@id":"https:\/\/now-news.de\/de\/#\/schema\/person\/fb534a4e865501d8b3285208df34a9b5"},"headline":"&quot;Centuria&quot; &#8211; Ein neonazistisches Netzwerk aus der Ukraine macht sich in Deutschland breit","datePublished":"2024-02-15T11:43:41+00:00","dateModified":"2024-02-15T11:43:41+00:00","mainEntityOfPage":{"@id":"https:\/\/now-news.de\/de\/deutschland\/centuria-ein-neonazistisches-netzwerk-aus-der-ukraine-macht-sich-in-deutschland-breit\/"},"wordCount":697,"commentCount":0,"publisher":{"@id":"https:\/\/now-news.de\/de\/#organization"},"image":{"@id":"https:\/\/now-news.de\/de\/deutschland\/centuria-ein-neonazistisches-netzwerk-aus-der-ukraine-macht-sich-in-deutschland-breit\/#primaryimage"},"thumbnailUrl":"https:\/\/now-news.de\/de\/wp-content\/uploads\/sites\/3\/2024\/02\/quotCenturiaquot-Ein-neonazistisches-Netzwerk-aus-der-Ukraine-macht-sich.JPG","keywords":["aus","breit","der","Deutschland","ein","Macht","neonazistisches","netzwerk","quotCenturiaquot","sich","ukraine"],"articleSection":["Deutschland","Russland"],"inLanguage":"de","potentialAction":[{"@type":"CommentAction","name":"Comment","target":["https:\/\/now-news.de\/de\/deutschland\/centuria-ein-neonazistisches-netzwerk-aus-der-ukraine-macht-sich-in-deutschland-breit\/#respond"]}]},{"@type":"WebPage","@id":"https:\/\/now-news.de\/de\/deutschland\/centuria-ein-neonazistisches-netzwerk-aus-der-ukraine-macht-sich-in-deutschland-breit\/","url":"https:\/\/now-news.de\/de\/deutschland\/centuria-ein-neonazistisches-netzwerk-aus-der-ukraine-macht-sich-in-deutschland-breit\/","name":"&quot;Centuria&quot; - Ein neonazistisches Netzwerk aus der Ukraine macht sich in Deutschland breit - just-now.NEWS Deutschland","isPartOf":{"@id":"https:\/\/now-news.de\/de\/#website"},"primaryImageOfPage":{"@id":"https:\/\/now-news.de\/de\/deutschland\/centuria-ein-neonazistisches-netzwerk-aus-der-ukraine-macht-sich-in-deutschland-breit\/#primaryimage"},"image":{"@id":"https:\/\/now-news.de\/de\/deutschland\/centuria-ein-neonazistisches-netzwerk-aus-der-ukraine-macht-sich-in-deutschland-breit\/#primaryimage"},"thumbnailUrl":"https:\/\/now-news.de\/de\/wp-content\/uploads\/sites\/3\/2024\/02\/quotCenturiaquot-Ein-neonazistisches-Netzwerk-aus-der-Ukraine-macht-sich.JPG","datePublished":"2024-02-15T11:43:41+00:00","dateModified":"2024-02-15T11:43:41+00:00","breadcrumb":{"@id":"https:\/\/now-news.de\/de\/deutschland\/centuria-ein-neonazistisches-netzwerk-aus-der-ukraine-macht-sich-in-deutschland-breit\/#breadcrumb"},"inLanguage":"de","potentialAction":[{"@type":"ReadAction","target":["https:\/\/now-news.de\/de\/deutschland\/centuria-ein-neonazistisches-netzwerk-aus-der-ukraine-macht-sich-in-deutschland-breit\/"]}]},{"@type":"ImageObject","inLanguage":"de","@id":"https:\/\/now-news.de\/de\/deutschland\/centuria-ein-neonazistisches-netzwerk-aus-der-ukraine-macht-sich-in-deutschland-breit\/#primaryimage","url":"https:\/\/now-news.de\/de\/wp-content\/uploads\/sites\/3\/2024\/02\/quotCenturiaquot-Ein-neonazistisches-Netzwerk-aus-der-Ukraine-macht-sich.JPG","contentUrl":"https:\/\/now-news.de\/de\/wp-content\/uploads\/sites\/3\/2024\/02\/quotCenturiaquot-Ein-neonazistisches-Netzwerk-aus-der-Ukraine-macht-sich.JPG","width":460,"height":259,"caption":"&quot;Centuria&quot; - Ein neonazistisches Netzwerk aus der Ukraine macht sich in Deutschland breit"},{"@type":"BreadcrumbList","@id":"https:\/\/now-news.de\/de\/deutschland\/centuria-ein-neonazistisches-netzwerk-aus-der-ukraine-macht-sich-in-deutschland-breit\/#breadcrumb","itemListElement":[{"@type":"ListItem","position":1,"name":"Home","item":"https:\/\/now-news.de\/de\/"},{"@type":"ListItem","position":2,"name":"&quot;Centuria&quot; &#8211; Ein neonazistisches Netzwerk aus der Ukraine macht sich in Deutschland breit"}]},{"@type":"WebSite","@id":"https:\/\/now-news.de\/de\/#website","url":"https:\/\/now-news.de\/de\/","name":"just-now.NEWS Deutschland","description":"Das Portal f\u00fcr unzensierte Nachrichten aus der Welt","publisher":{"@id":"https:\/\/now-news.de\/de\/#organization"},"potentialAction":[{"@type":"SearchAction","target":{"@type":"EntryPoint","urlTemplate":"https:\/\/now-news.de\/de\/?s={search_term_string}"},"query-input":"required name=search_term_string"}],"inLanguage":"de"},{"@type":"Organization","@id":"https:\/\/now-news.de\/de\/#organization","name":"Just Now News","url":"https:\/\/now-news.de\/de\/","logo":{"@type":"ImageObject","inLanguage":"de","@id":"https:\/\/now-news.de\/de\/#\/schema\/logo\/image\/","url":"http:\/\/just-now.news\/de\/wp-content\/uploads\/sites\/3\/2022\/04\/logo500x500.jpg","contentUrl":"http:\/\/just-now.news\/de\/wp-content\/uploads\/sites\/3\/2022\/04\/logo500x500.jpg","width":500,"height":500,"caption":"Just Now News"},"image":{"@id":"https:\/\/now-news.de\/de\/#\/schema\/logo\/image\/"},"sameAs":["https:\/\/www.facebook.com\/wirmachenauf","https:\/\/x.com\/WirMachenAuf_de"]},{"@type":"Person","@id":"https:\/\/now-news.de\/de\/#\/schema\/person\/fb534a4e865501d8b3285208df34a9b5","name":"rtnews","image":{"@type":"ImageObject","inLanguage":"de","@id":"https:\/\/now-news.de\/de\/#\/schema\/person\/image\/","url":"https:\/\/secure.gravatar.com\/avatar\/82aafea7d8127119dd649515f56e2117?s=96&d=mm&r=g","contentUrl":"https:\/\/secure.gravatar.com\/avatar\/82aafea7d8127119dd649515f56e2117?s=96&d=mm&r=g","caption":"rtnews"},"url":"https:\/\/now-news.de\/de\/author\/rnews\/"}]}},"_links":{"self":[{"href":"https:\/\/now-news.de\/de\/wp-json\/wp\/v2\/posts\/55364"}],"collection":[{"href":"https:\/\/now-news.de\/de\/wp-json\/wp\/v2\/posts"}],"about":[{"href":"https:\/\/now-news.de\/de\/wp-json\/wp\/v2\/types\/post"}],"author":[{"embeddable":true,"href":"https:\/\/now-news.de\/de\/wp-json\/wp\/v2\/users\/3"}],"replies":[{"embeddable":true,"href":"https:\/\/now-news.de\/de\/wp-json\/wp\/v2\/comments?post=55364"}],"version-history":[{"count":0,"href":"https:\/\/now-news.de\/de\/wp-json\/wp\/v2\/posts\/55364\/revisions"}],"wp:featuredmedia":[{"embeddable":true,"href":"https:\/\/now-news.de\/de\/wp-json\/wp\/v2\/media\/55365"}],"wp:attachment":[{"href":"https:\/\/now-news.de\/de\/wp-json\/wp\/v2\/media?parent=55364"}],"wp:term":[{"taxonomy":"category","embeddable":true,"href":"https:\/\/now-news.de\/de\/wp-json\/wp\/v2\/categories?post=55364"},{"taxonomy":"post_tag","embeddable":true,"href":"https:\/\/now-news.de\/de\/wp-json\/wp\/v2\/tags?post=55364"}],"curies":[{"name":"wp","href":"https:\/\/api.w.org\/{rel}","templated":true}]}}