{"id":55360,"date":"2024-02-15T12:35:58","date_gmt":"2024-02-15T10:35:58","guid":{"rendered":"https:\/\/just-now.news\/de\/deutschland\/zusammenland-500-unternehmen-und-verbaende-positionieren-sich-gegen-rechts\/"},"modified":"2024-02-15T12:35:58","modified_gmt":"2024-02-15T10:35:58","slug":"zusammenland-500-unternehmen-und-verbaende-positionieren-sich-gegen-rechts","status":"publish","type":"post","link":"https:\/\/now-news.de\/de\/deutschland\/zusammenland-500-unternehmen-und-verbaende-positionieren-sich-gegen-rechts\/","title":{"rendered":"&quot;#Zusammenland&quot; &#8211; 500 Unternehmen und Verb\u00e4nde positionieren sich gegen &quot;rechts&quot;"},"content":{"rendered":"<div class=\"Text-root Text-type_1 \">\n                Mehrere Medienh\u00e4user starten zusammen mit dem Medienkonzern Str\u00f6er, Monopolist der Au\u00dfenwerbung, eine konzertierte bundesweite Kampagne. Ziel sei es, ein &#8220;Zeichen gegen Rechtsextremismus&#8221; zu setzen. Partizipierende Unterst\u00fctzer k\u00f6nnen dabei &#8220;ihr Logo kostenfrei in die Anzeige integrieren&#8221;. Das Motto lautet: &#8220;Ein Gedanke, eine Haltung&#8221;.\n            <\/div>\n<p><\/p>\n<div class=\"Text-root Text-type_5 ArticleView-text ViewText-root \">\n<p>Die Causa Correctiv erf\u00e4hrt ihren n\u00e4chsten auff\u00e4lligen H\u00f6hepunkt. Seit dem 10. Januar rollt die medial-politische Welle einer vermeintlich ben\u00f6tigten &#8220;Demokratief\u00f6rderung&#8221;, beziehungsweise R\u00fcckbesinnung eines &#8220;Miteinanders der Menschen&#8221; durch das Land. B\u00fcrgern wird dabei auf allen erdenklichen gesellschaftlichen Ebenen nachdr\u00fccklich vermittelt und empfohlen, sich der unterstellten und selbst titulierten &#8220;Mehrheit im Land&#8221; anzuschlie\u00dfen und sich solidarisch &#8220;unterzuhaken&#8221;. Nun startet das n\u00e4chste gro\u00dfangelegte Vorhaben im &#8220;Kampf gegen rechts&#8221;. So hei\u00dft es auf der Webseite der Unternehmensgruppe Str\u00f6er:<\/p>\n<blockquote>\n<p><em>&#8220;Gro\u00dfe deutsche Qualit\u00e4tsmedien und Medienh\u00e4user starten Kampagne &#8216;#Zusammenland \u2013 Vielfalt macht uns stark&#8217;.&#8221;<\/em><\/p>\n<\/blockquote>\n<p>So h\u00e4tten die Verlagsredaktionen von\u00a0<em>Die Zeit<\/em>,\u00a0<em>Handelsblatt<\/em>,\u00a0<em>S\u00fcddeutsche Zeitung<\/em>,\u00a0<em>Tagesspiegel\u00a0<\/em>und<em>\u00a0WirtschaftsWoche\u00a0<\/em>in der vorbereitenden Planungsphase der Kampagne<em>\u00a0<\/em>kooperativ mit dem Unternehmen Str\u00f6er<em>\u00a0<\/em>&#8220;rund 500 Unternehmen, Stiftungen und Verb\u00e4nde&#8221; dazu bewegen k\u00f6nnen, im Rahmen der nun ver\u00f6ffentlichten Anzeige in den Printmedien,\u00a0sowie breiter Bewerbung im Stadtbild, sich unmissverst\u00e4ndlich &#8220;zu Freiheit, Vielfalt und einer Willkommenskultur&#8221; zu bekennen. Das Motto lautet: &#8220;Ein Gedanke, eine Haltung&#8221;.<\/p>\n<div class=\"EmbedBlock-root EmbedBlock-twitter\">\n<div class=\"TwitterEmbed\">\n<blockquote class=\"twitter-tweet lazyload\" data-twitter=\"twitter-tweet\" data-media-max-width=\"560\">\n<p lang=\"de\" dir=\"ltr\">Vielfalt macht uns stark! Der HDE ist deshalb Teil der Initiative <a rel=\"nofollow noopener\" target=\"_blank\" href=\"https:\/\/twitter.com\/hashtag\/Zusammenland?src=hash&amp;ref_src=twsrc%5Etfw\">#Zusammenland<\/a> &#8211; gegen Intoleranz und Ausgrenzung. <a rel=\"nofollow noopener\" target=\"_blank\" href=\"https:\/\/t.co\/2Z5itjWDgx\">pic.twitter.com\/2Z5itjWDgx<\/a><\/p>\n<p>\u2014 Handelsverband HDE (@handelsverband) <a rel=\"nofollow noopener\" target=\"_blank\" href=\"https:\/\/twitter.com\/handelsverband\/status\/1758026829900779837?ref_src=twsrc%5Etfw\">February 15, 2024<\/a><\/p><\/blockquote>\n<\/div>\n<\/div>\n<p>Auff\u00e4llig dabei ist die nicht existierende Kooperation in Publikationen des Springer-Verlags. Laut dem Str\u00f6er-<a rel=\"nofollow noopener\" target=\"_blank\" href=\"https:\/\/www.stroeer.de\/newsroom\/presse\/grosse-deutsche-qualitaetsmedien-und-medienhaeuser-starten-kampagne-zusammenland-vielfalt-macht-uns-stark-1\/\">Artikel<\/a>\u00a0erfolgen Darstellungen im Rahmen &#8220;jeweils einer Doppelseite in den Zeitungen und deutschlandweit auf digitaler Au\u00dfenwerbung&#8221;. Weiter hei\u00dft es:<\/p>\n<p><em>&#8220;Nach dem Launch wird das Motiv in den Zeitungen, im \u00f6ffentlichen Raum und \u00fcber das Social Web weiter ausgespielt.&#8221;\u00a0<\/em><\/p>\n<p>Das Unternehmen Str\u00f6er ist zudem seit 2015\u00a0<a rel=\"nofollow noopener\" target=\"_blank\" href=\"https:\/\/www.t-online.de\/id_83156130\/gehoert-nicht-zur-telekom-das-ist-t-online-de-und-die-mannschaft-dahinter.html\">Eigent\u00fcmer<\/a>\u00a0des reichweitenstarken Portals t-online. Zu den Vorgaben, der diktierten\u00a0Verpflichtung\u00a0bei einer &#8220;solidarischen&#8221; Teilnahme, hei\u00dft es:<\/p>\n<p><em>&#8220;Die Verlage und Medienh\u00e4user haben Unternehmen, Stiftungen und Verb\u00e4nden angeboten, ihr Logo kostenfrei in die Anzeige zu integrieren. Im Gegenzug sind die Organisationen aufgefordert, an gemeinn\u00fctzige Projekte oder unternehmensinterne Aktionen zu spenden. Anzeigenpl\u00e4tze im Gegenwert von mehreren Millionen Euro stellen die Zeitungen und Medienh\u00e4user zur Verf\u00fcgung.&#8221;<\/em><\/p>\n<p>Initiatoren der Aktion waren die Journalisten Rainer Esser (<em>Die Zeit<\/em>), Gabriel Grabner (<em>Tagesspiegel<\/em>), Andrea Wasmuth (<em>Handelsblatt Media Group<\/em>) und Christian Wegner (<em>S\u00fcddeutsche Zeitung<\/em>). Zu der Motivation und vermeintlichen Notwendigkeit hei\u00dft es:<\/p>\n<p><em>&#8220;Die Gesch\u00e4ftsf\u00fchrerin und die Gesch\u00e4ftsf\u00fchrer sind sich mit den teilnehmenden Partnerinnen und Partnern einig: &#8220;Weltoffenheit, Respekt und Gemeinschaft sind Werte, die Deutschland nicht nur zu einem lebenswerten, sondern auch zu einem wirtschaftlich starken Land machen. Deshalb stehen wir zusammen f\u00fcr ein offenes Land, das sich Schwierigkeiten mutig stellt.&#8221;<\/em><\/p>\n<p>Die Aktion wird auf allen medialen und gesellschaftlichen Ebenen offensiv beworben, so auch \u00fcber den <a rel=\"nofollow noopener\" target=\"_blank\" href=\"https:\/\/www.bdzv.de\/service\/presse\/branchennachrichten\/2024\/zusammenland-medienhaeuser-starten-kampagne-fuer-vielfalt\">Bundesverband<\/a>\u00a0Digitalpublisher und Zeitungsverleger, dem <a rel=\"nofollow noopener\" target=\"_blank\" href=\"https:\/\/twitter.com\/AUMAeV\/status\/1758039368697082279\">Verband<\/a>\u00a0der deutschen Messewirtschaft, wie auch \u00fcber die partizipierenden Unternehmen.<\/p>\n<div class=\"EmbedBlock-root EmbedBlock-twitter\">\n<div class=\"TwitterEmbed\">\n<blockquote class=\"twitter-tweet lazyload\" data-twitter=\"twitter-tweet\">\n<p lang=\"de\" dir=\"ltr\">Wir sind der WWF. Nat\u00fcrlich machen wir bei <a rel=\"nofollow noopener\" target=\"_blank\" href=\"https:\/\/twitter.com\/hashtag\/Zusammenland?src=hash&amp;ref_src=twsrc%5Etfw\">#Zusammenland<\/a> mit.Vielfalt macht uns stark. Das gilt f\u00fcr die Natur ebenso wie f\u00fcr unsere Gesellschaft. In Zeiten wie diesen ist es unsere Pflicht, uns f\u00fcr eine offene Gesellschaft einzusetzen, in der Rechtsextremismus keinen Platz hat. <a rel=\"nofollow noopener\" target=\"_blank\" href=\"https:\/\/t.co\/vCbRiubUFx\">pic.twitter.com\/vCbRiubUFx<\/a><\/p>\n<p>\u2014 WWF Deutschland (@WWF_Deutschland) <a rel=\"nofollow noopener\" target=\"_blank\" href=\"https:\/\/twitter.com\/WWF_Deutschland\/status\/1758035917808586964?ref_src=twsrc%5Etfw\">February 15, 2024<\/a><\/p><\/blockquote>\n<\/div>\n<\/div>\n<p>Die Deutsche Telekom (der Bund\u00a0h\u00e4lt rund 14,5 Prozent und indirekt \u00fcber die Kreditanstalt KfW weitere 17,5 Prozent der Aktien)\u00a0<a rel=\"nofollow noopener\" target=\"_blank\" href=\"https:\/\/www.telekom.com\/de\/medien\/medieninformationen\/detail\/telekom-unterstuetzt-zusammenland-1060274\">informiert<\/a>\u00a0zur Teilnahme an der Kampagne:<\/p>\n<p><em>&#8220;Jeder Dialog hilft, die Spaltung zu \u00fcberwinden und neuen gesellschaftlichen Zusammenhalt zu schaffen. Deshalb sind in den vergangenen Wochen Hunderttausende auf die Stra\u00dfen gegangen. Sie setzen ein Zeichen f\u00fcr Freiheit und Vielfalt. Weltoffenheit, Respekt und Gemeinschaft sind Werte, die Deutschland nicht nur zu einem lebenswerten, sondern auch zu einem wirtschaftlich starken Land machen.&#8221;<\/em><\/p>\n<p>Die gesamte Aktion\u00a0<a rel=\"nofollow noopener\" target=\"_blank\" href=\"https:\/\/taz.de\/Impfkampagne-von-Unternehmen\/!5814584\/\">erinnert<\/a>\u00a0dabei sehr an das Jahr 2021, als rund 150 Unternehmen mit ihren bekannten Marken die Slogans f\u00fcr eine damalige Impfkampagne der Bundesregierung adaptierten.\u00a0<\/p>\n<figure class=\"RTImage-root\">\n<div class=\"RTImage-image RTImage-original\"><picture class=\"Picture-root Picture-original\"><!--[if IE 9]><video style=\"display: none;\"><![endif]--><source media=\"(-webkit-min-device-pixel-ratio: 2) and (min-resolution: 120dpi)\" data-srcset=\" \nhttp:\/\/just-now.news\/de\/wp-content\/uploads\/sites\/3\/2024\/02\/65cdd64cb480cc1e84329c02.JPG 850w,\n                http:\/\/just-now.news\/de\/wp-content\/uploads\/sites\/3\/2024\/02\/65cdd64cb480cc1e84329c02.JPG 1960w,            \" ><source data-srcset=\" \nhttp:\/\/just-now.news\/de\/wp-content\/uploads\/sites\/3\/2024\/02\/65cdd64cb480cc1e84329c02.JPG 460w,\n              http:\/\/just-now.news\/de\/wp-content\/uploads\/sites\/3\/2024\/02\/65cdd64cb480cc1e84329c02.JPG 980w,\n            \" ><!--[if IE 9]><\/video><![endif]--><img decoding=\"async\" data- src=\"data:image\/png;base64,iVBORw0KGgoAAAANSUhEUgAAABAAAAAJCAQAAACRI2S5AAAAEElEQVR42mNkIAAYRxWAAQAG9gAKqv6+AwAAAABJRU5ErkJggg==\" class=\"Picture-root Picture-original lazyload\" data-src=\"http:\/\/just-now.news\/de\/wp-content\/uploads\/sites\/3\/2024\/02\/65cdd64cb480cc1e84329c02.JPG\" alt=\"\"><\/source><\/source><\/picture><!-- noscript pattern --><noscript><img decoding=\"async\" src=\"http:\/\/just-now.news\/de\/wp-content\/uploads\/sites\/3\/2024\/02\/65cdd64cb480cc1e84329c02.JPG\" alt=\"\"><\/noscript><\/div><figcaption class=\"RTImage-footer\"><span class=\"RTImage-caption\"><\/span><span class=\"RTImage-source\"><span class=\"RTImage-captionItem\">Archiv RT<\/span><\/span><\/figcaption><\/figure>\n<figure class=\"RTImage-root\">\n<div class=\"RTImage-image RTImage-original\"><picture class=\"Picture-root Picture-original\"><!--[if IE 9]><video style=\"display: none;\"><![endif]--><source media=\"(-webkit-min-device-pixel-ratio: 2) and (min-resolution: 120dpi)\" data-srcset=\" \nhttp:\/\/just-now.news\/de\/wp-content\/uploads\/sites\/3\/2024\/02\/65cdd67248fbef270d68e33e.JPG 850w,\n                http:\/\/just-now.news\/de\/wp-content\/uploads\/sites\/3\/2024\/02\/65cdd67248fbef270d68e33e.JPG 1960w,            \" ><source data-srcset=\" \nhttp:\/\/just-now.news\/de\/wp-content\/uploads\/sites\/3\/2024\/02\/65cdd67248fbef270d68e33e.JPG 460w,\n              http:\/\/just-now.news\/de\/wp-content\/uploads\/sites\/3\/2024\/02\/65cdd67248fbef270d68e33e.JPG 980w,\n            \" ><!--[if IE 9]><\/video><![endif]--><img decoding=\"async\" data- src=\"data:image\/png;base64,iVBORw0KGgoAAAANSUhEUgAAABAAAAAJCAQAAACRI2S5AAAAEElEQVR42mNkIAAYRxWAAQAG9gAKqv6+AwAAAABJRU5ErkJggg==\" class=\"Picture-root Picture-original lazyload\" data-src=\"http:\/\/just-now.news\/de\/wp-content\/uploads\/sites\/3\/2024\/02\/65cdd67248fbef270d68e33e.JPG\" alt=\"\"><\/source><\/source><\/picture><!-- noscript pattern --><noscript><img decoding=\"async\" src=\"http:\/\/just-now.news\/de\/wp-content\/uploads\/sites\/3\/2024\/02\/65cdd67248fbef270d68e33e.JPG\" alt=\"\"><\/noscript><\/div><figcaption class=\"RTImage-footer\"><span class=\"RTImage-caption\"><\/span><span class=\"RTImage-source\"><span class=\"RTImage-captionItem\">Archiv RT<\/span><\/span><\/figcaption><\/figure>\n<p><strong>Mehr zum Thema &#8211;<\/strong>\u00a0<a rel=\"nofollow noopener\" target=\"_blank\" href=\"https:\/\/freedert.online\/inland\/196057-nancy-faeser-droht-bei-rechtsextremisten\/\">Nancy Faeser droht: &#8220;Bei Rechtsextremisten jeden Stein umdrehen&#8221;<\/a><\/p>\n<\/div>\n<p><script async src=\"https:\/\/platform.twitter.com\/widgets.js\" charset=\"utf-8\"><\/script><br \/>\n<br \/><br \/>\n<br \/><a href=\"https:\/\/de.rt.com\/inland\/196229-zusammenland-zusammenland-500-unternehmen-und\/\">Source link <\/a><\/p>\n","protected":false},"excerpt":{"rendered":"<p>Mehrere Medienh\u00e4user starten zusammen mit dem Medienkonzern Str\u00f6er, Monopolist der Au\u00dfenwerbung, eine konzertierte bundesweite Kampagne. Ziel sei es, ein &#8220;Zeichen gegen Rechtsextremismus&#8221; zu setzen. Partizipierende Unterst\u00fctzer k\u00f6nnen dabei &#8220;ihr Logo kostenfrei in die Anzeige integrieren&#8221;. Das Motto lautet: &#8220;Ein Gedanke, eine Haltung&#8221;. Die Causa Correctiv erf\u00e4hrt ihren n\u00e4chsten auff\u00e4lligen H\u00f6hepunkt. Seit dem 10. Januar rollt [&hellip;]<\/p>\n","protected":false},"author":3,"featured_media":55361,"comment_status":"open","ping_status":"open","sticky":false,"template":"","format":"standard","meta":{"_yoast_indexnow_last_ping":["1707994134"],"wp_automatic_camp":["217"],"6aefcb1747e64201b09cd0ae6fb5c313":["&quot;#Zusammenland&quot; - 500 Unternehmen und Verb\u00e4nde positionieren sich gegen &quot;rechts&quot;"],"original_link":["https:\/\/de.rt.com\/inland\/196229-zusammenland-zusammenland-500-unternehmen-und\/"],"_thumbnail_id":["55361"],"_wptgpro_p2tg_sent2tg":["a:1:{i:23737;s:19:\"2024-02-15 12:50:13\";}"],"jnews_social_counter_last_update":["1777435281"]},"categories":[19,23],"tags":[278,50339,48593,53548,434,140,1525,39981],"yoast_head":"<!-- This site is optimized with the Yoast SEO Premium plugin v22.7 (Yoast SEO v22.7) - https:\/\/yoast.com\/wordpress\/plugins\/seo\/ -->\n<title>&quot;#Zusammenland&quot; - 500 Unternehmen und Verb\u00e4nde positionieren sich gegen &quot;rechts&quot; - just-now.NEWS Deutschland<\/title>\n<meta name=\"robots\" content=\"index, follow, max-snippet:-1, max-image-preview:large, max-video-preview:-1\" \/>\n<link rel=\"canonical\" href=\"https:\/\/now-news.de\/de\/deutschland\/zusammenland-500-unternehmen-und-verbaende-positionieren-sich-gegen-rechts\/\" \/>\n<meta property=\"og:locale\" content=\"de_DE\" \/>\n<meta property=\"og:type\" content=\"article\" \/>\n<meta property=\"og:title\" content=\"&quot;#Zusammenland&quot; - 500 Unternehmen und Verb\u00e4nde positionieren sich gegen &quot;rechts&quot;\" \/>\n<meta property=\"og:description\" content=\"Mehrere Medienh\u00e4user starten zusammen mit dem Medienkonzern Str\u00f6er, Monopolist der Au\u00dfenwerbung, eine konzertierte bundesweite Kampagne. Ziel sei es, ein &#8220;Zeichen gegen Rechtsextremismus&#8221; zu setzen. Partizipierende Unterst\u00fctzer k\u00f6nnen dabei &#8220;ihr Logo kostenfrei in die Anzeige integrieren&#8221;. Das Motto lautet: &#8220;Ein Gedanke, eine Haltung&#8221;. Die Causa Correctiv erf\u00e4hrt ihren n\u00e4chsten auff\u00e4lligen H\u00f6hepunkt. Seit dem 10. Januar rollt [&hellip;]\" \/>\n<meta property=\"og:url\" content=\"https:\/\/now-news.de\/de\/deutschland\/zusammenland-500-unternehmen-und-verbaende-positionieren-sich-gegen-rechts\/\" \/>\n<meta property=\"og:site_name\" content=\"just-now.NEWS Deutschland\" \/>\n<meta property=\"article:publisher\" content=\"https:\/\/www.facebook.com\/wirmachenauf\" \/>\n<meta property=\"article:published_time\" content=\"2024-02-15T10:35:58+00:00\" \/>\n<meta property=\"og:image\" content=\"https:\/\/now-news.de\/de\/wp-content\/uploads\/sites\/3\/2024\/02\/quotZusammenlandquot-500-Unternehmen-und-Verbaende-positionieren-sich-gegen-quotrechtsquot.JPG\" \/>\n\t<meta property=\"og:image:width\" content=\"536\" \/>\n\t<meta property=\"og:image:height\" content=\"470\" \/>\n\t<meta property=\"og:image:type\" content=\"image\/jpeg\" \/>\n<meta name=\"author\" content=\"rtnews\" \/>\n<meta name=\"twitter:card\" content=\"summary_large_image\" \/>\n<meta name=\"twitter:creator\" content=\"@WirMachenAuf_de\" \/>\n<meta name=\"twitter:site\" content=\"@WirMachenAuf_de\" \/>\n<meta name=\"twitter:label1\" content=\"Verfasst von\" \/>\n\t<meta name=\"twitter:data1\" content=\"rtnews\" \/>\n\t<meta name=\"twitter:label2\" content=\"Gesch\u00e4tzte Lesezeit\" \/>\n\t<meta name=\"twitter:data2\" content=\"3\u00a0Minuten\" \/>\n<script type=\"application\/ld+json\" class=\"yoast-schema-graph\">{\"@context\":\"https:\/\/schema.org\",\"@graph\":[{\"@type\":\"Article\",\"@id\":\"https:\/\/now-news.de\/de\/deutschland\/zusammenland-500-unternehmen-und-verbaende-positionieren-sich-gegen-rechts\/#article\",\"isPartOf\":{\"@id\":\"https:\/\/now-news.de\/de\/deutschland\/zusammenland-500-unternehmen-und-verbaende-positionieren-sich-gegen-rechts\/\"},\"author\":{\"name\":\"rtnews\",\"@id\":\"https:\/\/now-news.de\/de\/#\/schema\/person\/fb534a4e865501d8b3285208df34a9b5\"},\"headline\":\"&quot;#Zusammenland&quot; &#8211; 500 Unternehmen und Verb\u00e4nde positionieren sich gegen &quot;rechts&quot;\",\"datePublished\":\"2024-02-15T10:35:58+00:00\",\"dateModified\":\"2024-02-15T10:35:58+00:00\",\"mainEntityOfPage\":{\"@id\":\"https:\/\/now-news.de\/de\/deutschland\/zusammenland-500-unternehmen-und-verbaende-positionieren-sich-gegen-rechts\/\"},\"wordCount\":690,\"commentCount\":0,\"publisher\":{\"@id\":\"https:\/\/now-news.de\/de\/#organization\"},\"image\":{\"@id\":\"https:\/\/now-news.de\/de\/deutschland\/zusammenland-500-unternehmen-und-verbaende-positionieren-sich-gegen-rechts\/#primaryimage\"},\"thumbnailUrl\":\"https:\/\/now-news.de\/de\/wp-content\/uploads\/sites\/3\/2024\/02\/quotZusammenlandquot-500-Unternehmen-und-Verbaende-positionieren-sich-gegen-quotrechtsquot.JPG\",\"keywords\":[\"gegen\",\"positionieren\",\"quotrechtsquot\",\"quotZusammenlandquot\",\"sich\",\"und\",\"Unternehmen\",\"Verb\u00e4nde\"],\"articleSection\":[\"Deutschland\",\"Russland\"],\"inLanguage\":\"de\",\"potentialAction\":[{\"@type\":\"CommentAction\",\"name\":\"Comment\",\"target\":[\"https:\/\/now-news.de\/de\/deutschland\/zusammenland-500-unternehmen-und-verbaende-positionieren-sich-gegen-rechts\/#respond\"]}]},{\"@type\":\"WebPage\",\"@id\":\"https:\/\/now-news.de\/de\/deutschland\/zusammenland-500-unternehmen-und-verbaende-positionieren-sich-gegen-rechts\/\",\"url\":\"https:\/\/now-news.de\/de\/deutschland\/zusammenland-500-unternehmen-und-verbaende-positionieren-sich-gegen-rechts\/\",\"name\":\"&quot;#Zusammenland&quot; - 500 Unternehmen und Verb\u00e4nde positionieren sich gegen &quot;rechts&quot; - just-now.NEWS Deutschland\",\"isPartOf\":{\"@id\":\"https:\/\/now-news.de\/de\/#website\"},\"primaryImageOfPage\":{\"@id\":\"https:\/\/now-news.de\/de\/deutschland\/zusammenland-500-unternehmen-und-verbaende-positionieren-sich-gegen-rechts\/#primaryimage\"},\"image\":{\"@id\":\"https:\/\/now-news.de\/de\/deutschland\/zusammenland-500-unternehmen-und-verbaende-positionieren-sich-gegen-rechts\/#primaryimage\"},\"thumbnailUrl\":\"https:\/\/now-news.de\/de\/wp-content\/uploads\/sites\/3\/2024\/02\/quotZusammenlandquot-500-Unternehmen-und-Verbaende-positionieren-sich-gegen-quotrechtsquot.JPG\",\"datePublished\":\"2024-02-15T10:35:58+00:00\",\"dateModified\":\"2024-02-15T10:35:58+00:00\",\"breadcrumb\":{\"@id\":\"https:\/\/now-news.de\/de\/deutschland\/zusammenland-500-unternehmen-und-verbaende-positionieren-sich-gegen-rechts\/#breadcrumb\"},\"inLanguage\":\"de\",\"potentialAction\":[{\"@type\":\"ReadAction\",\"target\":[\"https:\/\/now-news.de\/de\/deutschland\/zusammenland-500-unternehmen-und-verbaende-positionieren-sich-gegen-rechts\/\"]}]},{\"@type\":\"ImageObject\",\"inLanguage\":\"de\",\"@id\":\"https:\/\/now-news.de\/de\/deutschland\/zusammenland-500-unternehmen-und-verbaende-positionieren-sich-gegen-rechts\/#primaryimage\",\"url\":\"https:\/\/now-news.de\/de\/wp-content\/uploads\/sites\/3\/2024\/02\/quotZusammenlandquot-500-Unternehmen-und-Verbaende-positionieren-sich-gegen-quotrechtsquot.JPG\",\"contentUrl\":\"https:\/\/now-news.de\/de\/wp-content\/uploads\/sites\/3\/2024\/02\/quotZusammenlandquot-500-Unternehmen-und-Verbaende-positionieren-sich-gegen-quotrechtsquot.JPG\",\"width\":536,\"height\":470,\"caption\":\"&quot;#Zusammenland&quot; - 500 Unternehmen und Verb\u00e4nde positionieren sich gegen &quot;rechts&quot;\"},{\"@type\":\"BreadcrumbList\",\"@id\":\"https:\/\/now-news.de\/de\/deutschland\/zusammenland-500-unternehmen-und-verbaende-positionieren-sich-gegen-rechts\/#breadcrumb\",\"itemListElement\":[{\"@type\":\"ListItem\",\"position\":1,\"name\":\"Home\",\"item\":\"https:\/\/now-news.de\/de\/\"},{\"@type\":\"ListItem\",\"position\":2,\"name\":\"&quot;#Zusammenland&quot; &#8211; 500 Unternehmen und Verb\u00e4nde positionieren sich gegen &quot;rechts&quot;\"}]},{\"@type\":\"WebSite\",\"@id\":\"https:\/\/now-news.de\/de\/#website\",\"url\":\"https:\/\/now-news.de\/de\/\",\"name\":\"just-now.NEWS Deutschland\",\"description\":\"Das Portal f\u00fcr unzensierte Nachrichten aus der Welt\",\"publisher\":{\"@id\":\"https:\/\/now-news.de\/de\/#organization\"},\"potentialAction\":[{\"@type\":\"SearchAction\",\"target\":{\"@type\":\"EntryPoint\",\"urlTemplate\":\"https:\/\/now-news.de\/de\/?s={search_term_string}\"},\"query-input\":\"required name=search_term_string\"}],\"inLanguage\":\"de\"},{\"@type\":\"Organization\",\"@id\":\"https:\/\/now-news.de\/de\/#organization\",\"name\":\"Just Now News\",\"url\":\"https:\/\/now-news.de\/de\/\",\"logo\":{\"@type\":\"ImageObject\",\"inLanguage\":\"de\",\"@id\":\"https:\/\/now-news.de\/de\/#\/schema\/logo\/image\/\",\"url\":\"http:\/\/just-now.news\/de\/wp-content\/uploads\/sites\/3\/2022\/04\/logo500x500.jpg\",\"contentUrl\":\"http:\/\/just-now.news\/de\/wp-content\/uploads\/sites\/3\/2022\/04\/logo500x500.jpg\",\"width\":500,\"height\":500,\"caption\":\"Just Now News\"},\"image\":{\"@id\":\"https:\/\/now-news.de\/de\/#\/schema\/logo\/image\/\"},\"sameAs\":[\"https:\/\/www.facebook.com\/wirmachenauf\",\"https:\/\/x.com\/WirMachenAuf_de\"]},{\"@type\":\"Person\",\"@id\":\"https:\/\/now-news.de\/de\/#\/schema\/person\/fb534a4e865501d8b3285208df34a9b5\",\"name\":\"rtnews\",\"image\":{\"@type\":\"ImageObject\",\"inLanguage\":\"de\",\"@id\":\"https:\/\/now-news.de\/de\/#\/schema\/person\/image\/\",\"url\":\"https:\/\/secure.gravatar.com\/avatar\/82aafea7d8127119dd649515f56e2117?s=96&d=mm&r=g\",\"contentUrl\":\"https:\/\/secure.gravatar.com\/avatar\/82aafea7d8127119dd649515f56e2117?s=96&d=mm&r=g\",\"caption\":\"rtnews\"},\"url\":\"https:\/\/now-news.de\/de\/author\/rnews\/\"}]}<\/script>\n<!-- \/ Yoast SEO Premium plugin. -->","yoast_head_json":{"title":"&quot;#Zusammenland&quot; - 500 Unternehmen und Verb\u00e4nde positionieren sich gegen &quot;rechts&quot; - just-now.NEWS Deutschland","robots":{"index":"index","follow":"follow","max-snippet":"max-snippet:-1","max-image-preview":"max-image-preview:large","max-video-preview":"max-video-preview:-1"},"canonical":"https:\/\/now-news.de\/de\/deutschland\/zusammenland-500-unternehmen-und-verbaende-positionieren-sich-gegen-rechts\/","og_locale":"de_DE","og_type":"article","og_title":"&quot;#Zusammenland&quot; - 500 Unternehmen und Verb\u00e4nde positionieren sich gegen &quot;rechts&quot;","og_description":"Mehrere Medienh\u00e4user starten zusammen mit dem Medienkonzern Str\u00f6er, Monopolist der Au\u00dfenwerbung, eine konzertierte bundesweite Kampagne. Ziel sei es, ein &#8220;Zeichen gegen Rechtsextremismus&#8221; zu setzen. Partizipierende Unterst\u00fctzer k\u00f6nnen dabei &#8220;ihr Logo kostenfrei in die Anzeige integrieren&#8221;. Das Motto lautet: &#8220;Ein Gedanke, eine Haltung&#8221;. Die Causa Correctiv erf\u00e4hrt ihren n\u00e4chsten auff\u00e4lligen H\u00f6hepunkt. Seit dem 10. Januar rollt [&hellip;]","og_url":"https:\/\/now-news.de\/de\/deutschland\/zusammenland-500-unternehmen-und-verbaende-positionieren-sich-gegen-rechts\/","og_site_name":"just-now.NEWS Deutschland","article_publisher":"https:\/\/www.facebook.com\/wirmachenauf","article_published_time":"2024-02-15T10:35:58+00:00","og_image":[{"width":536,"height":470,"url":"https:\/\/now-news.de\/de\/wp-content\/uploads\/sites\/3\/2024\/02\/quotZusammenlandquot-500-Unternehmen-und-Verbaende-positionieren-sich-gegen-quotrechtsquot.JPG","type":"image\/jpeg"}],"author":"rtnews","twitter_card":"summary_large_image","twitter_creator":"@WirMachenAuf_de","twitter_site":"@WirMachenAuf_de","twitter_misc":{"Verfasst von":"rtnews","Gesch\u00e4tzte Lesezeit":"3\u00a0Minuten"},"schema":{"@context":"https:\/\/schema.org","@graph":[{"@type":"Article","@id":"https:\/\/now-news.de\/de\/deutschland\/zusammenland-500-unternehmen-und-verbaende-positionieren-sich-gegen-rechts\/#article","isPartOf":{"@id":"https:\/\/now-news.de\/de\/deutschland\/zusammenland-500-unternehmen-und-verbaende-positionieren-sich-gegen-rechts\/"},"author":{"name":"rtnews","@id":"https:\/\/now-news.de\/de\/#\/schema\/person\/fb534a4e865501d8b3285208df34a9b5"},"headline":"&quot;#Zusammenland&quot; &#8211; 500 Unternehmen und Verb\u00e4nde positionieren sich gegen &quot;rechts&quot;","datePublished":"2024-02-15T10:35:58+00:00","dateModified":"2024-02-15T10:35:58+00:00","mainEntityOfPage":{"@id":"https:\/\/now-news.de\/de\/deutschland\/zusammenland-500-unternehmen-und-verbaende-positionieren-sich-gegen-rechts\/"},"wordCount":690,"commentCount":0,"publisher":{"@id":"https:\/\/now-news.de\/de\/#organization"},"image":{"@id":"https:\/\/now-news.de\/de\/deutschland\/zusammenland-500-unternehmen-und-verbaende-positionieren-sich-gegen-rechts\/#primaryimage"},"thumbnailUrl":"https:\/\/now-news.de\/de\/wp-content\/uploads\/sites\/3\/2024\/02\/quotZusammenlandquot-500-Unternehmen-und-Verbaende-positionieren-sich-gegen-quotrechtsquot.JPG","keywords":["gegen","positionieren","quotrechtsquot","quotZusammenlandquot","sich","und","Unternehmen","Verb\u00e4nde"],"articleSection":["Deutschland","Russland"],"inLanguage":"de","potentialAction":[{"@type":"CommentAction","name":"Comment","target":["https:\/\/now-news.de\/de\/deutschland\/zusammenland-500-unternehmen-und-verbaende-positionieren-sich-gegen-rechts\/#respond"]}]},{"@type":"WebPage","@id":"https:\/\/now-news.de\/de\/deutschland\/zusammenland-500-unternehmen-und-verbaende-positionieren-sich-gegen-rechts\/","url":"https:\/\/now-news.de\/de\/deutschland\/zusammenland-500-unternehmen-und-verbaende-positionieren-sich-gegen-rechts\/","name":"&quot;#Zusammenland&quot; - 500 Unternehmen und Verb\u00e4nde positionieren sich gegen &quot;rechts&quot; - just-now.NEWS Deutschland","isPartOf":{"@id":"https:\/\/now-news.de\/de\/#website"},"primaryImageOfPage":{"@id":"https:\/\/now-news.de\/de\/deutschland\/zusammenland-500-unternehmen-und-verbaende-positionieren-sich-gegen-rechts\/#primaryimage"},"image":{"@id":"https:\/\/now-news.de\/de\/deutschland\/zusammenland-500-unternehmen-und-verbaende-positionieren-sich-gegen-rechts\/#primaryimage"},"thumbnailUrl":"https:\/\/now-news.de\/de\/wp-content\/uploads\/sites\/3\/2024\/02\/quotZusammenlandquot-500-Unternehmen-und-Verbaende-positionieren-sich-gegen-quotrechtsquot.JPG","datePublished":"2024-02-15T10:35:58+00:00","dateModified":"2024-02-15T10:35:58+00:00","breadcrumb":{"@id":"https:\/\/now-news.de\/de\/deutschland\/zusammenland-500-unternehmen-und-verbaende-positionieren-sich-gegen-rechts\/#breadcrumb"},"inLanguage":"de","potentialAction":[{"@type":"ReadAction","target":["https:\/\/now-news.de\/de\/deutschland\/zusammenland-500-unternehmen-und-verbaende-positionieren-sich-gegen-rechts\/"]}]},{"@type":"ImageObject","inLanguage":"de","@id":"https:\/\/now-news.de\/de\/deutschland\/zusammenland-500-unternehmen-und-verbaende-positionieren-sich-gegen-rechts\/#primaryimage","url":"https:\/\/now-news.de\/de\/wp-content\/uploads\/sites\/3\/2024\/02\/quotZusammenlandquot-500-Unternehmen-und-Verbaende-positionieren-sich-gegen-quotrechtsquot.JPG","contentUrl":"https:\/\/now-news.de\/de\/wp-content\/uploads\/sites\/3\/2024\/02\/quotZusammenlandquot-500-Unternehmen-und-Verbaende-positionieren-sich-gegen-quotrechtsquot.JPG","width":536,"height":470,"caption":"&quot;#Zusammenland&quot; - 500 Unternehmen und Verb\u00e4nde positionieren sich gegen &quot;rechts&quot;"},{"@type":"BreadcrumbList","@id":"https:\/\/now-news.de\/de\/deutschland\/zusammenland-500-unternehmen-und-verbaende-positionieren-sich-gegen-rechts\/#breadcrumb","itemListElement":[{"@type":"ListItem","position":1,"name":"Home","item":"https:\/\/now-news.de\/de\/"},{"@type":"ListItem","position":2,"name":"&quot;#Zusammenland&quot; &#8211; 500 Unternehmen und Verb\u00e4nde positionieren sich gegen &quot;rechts&quot;"}]},{"@type":"WebSite","@id":"https:\/\/now-news.de\/de\/#website","url":"https:\/\/now-news.de\/de\/","name":"just-now.NEWS Deutschland","description":"Das Portal f\u00fcr unzensierte Nachrichten aus der Welt","publisher":{"@id":"https:\/\/now-news.de\/de\/#organization"},"potentialAction":[{"@type":"SearchAction","target":{"@type":"EntryPoint","urlTemplate":"https:\/\/now-news.de\/de\/?s={search_term_string}"},"query-input":"required name=search_term_string"}],"inLanguage":"de"},{"@type":"Organization","@id":"https:\/\/now-news.de\/de\/#organization","name":"Just Now News","url":"https:\/\/now-news.de\/de\/","logo":{"@type":"ImageObject","inLanguage":"de","@id":"https:\/\/now-news.de\/de\/#\/schema\/logo\/image\/","url":"http:\/\/just-now.news\/de\/wp-content\/uploads\/sites\/3\/2022\/04\/logo500x500.jpg","contentUrl":"http:\/\/just-now.news\/de\/wp-content\/uploads\/sites\/3\/2022\/04\/logo500x500.jpg","width":500,"height":500,"caption":"Just Now News"},"image":{"@id":"https:\/\/now-news.de\/de\/#\/schema\/logo\/image\/"},"sameAs":["https:\/\/www.facebook.com\/wirmachenauf","https:\/\/x.com\/WirMachenAuf_de"]},{"@type":"Person","@id":"https:\/\/now-news.de\/de\/#\/schema\/person\/fb534a4e865501d8b3285208df34a9b5","name":"rtnews","image":{"@type":"ImageObject","inLanguage":"de","@id":"https:\/\/now-news.de\/de\/#\/schema\/person\/image\/","url":"https:\/\/secure.gravatar.com\/avatar\/82aafea7d8127119dd649515f56e2117?s=96&d=mm&r=g","contentUrl":"https:\/\/secure.gravatar.com\/avatar\/82aafea7d8127119dd649515f56e2117?s=96&d=mm&r=g","caption":"rtnews"},"url":"https:\/\/now-news.de\/de\/author\/rnews\/"}]}},"_links":{"self":[{"href":"https:\/\/now-news.de\/de\/wp-json\/wp\/v2\/posts\/55360"}],"collection":[{"href":"https:\/\/now-news.de\/de\/wp-json\/wp\/v2\/posts"}],"about":[{"href":"https:\/\/now-news.de\/de\/wp-json\/wp\/v2\/types\/post"}],"author":[{"embeddable":true,"href":"https:\/\/now-news.de\/de\/wp-json\/wp\/v2\/users\/3"}],"replies":[{"embeddable":true,"href":"https:\/\/now-news.de\/de\/wp-json\/wp\/v2\/comments?post=55360"}],"version-history":[{"count":0,"href":"https:\/\/now-news.de\/de\/wp-json\/wp\/v2\/posts\/55360\/revisions"}],"wp:featuredmedia":[{"embeddable":true,"href":"https:\/\/now-news.de\/de\/wp-json\/wp\/v2\/media\/55361"}],"wp:attachment":[{"href":"https:\/\/now-news.de\/de\/wp-json\/wp\/v2\/media?parent=55360"}],"wp:term":[{"taxonomy":"category","embeddable":true,"href":"https:\/\/now-news.de\/de\/wp-json\/wp\/v2\/categories?post=55360"},{"taxonomy":"post_tag","embeddable":true,"href":"https:\/\/now-news.de\/de\/wp-json\/wp\/v2\/tags?post=55360"}],"curies":[{"name":"wp","href":"https:\/\/api.w.org\/{rel}","templated":true}]}}