{"id":55312,"date":"2024-02-14T16:52:58","date_gmt":"2024-02-14T14:52:58","guid":{"rendered":"https:\/\/just-now.news\/de\/deutschland\/den-stahlhelm-auf-die-ruestung-immer-hoeher\/"},"modified":"2024-02-14T16:52:58","modified_gmt":"2024-02-14T14:52:58","slug":"den-stahlhelm-auf-die-ruestung-immer-hoeher","status":"publish","type":"post","link":"https:\/\/now-news.de\/de\/deutschland\/den-stahlhelm-auf-die-ruestung-immer-hoeher\/","title":{"rendered":"Den Stahlhelm auf \u2013 Die R\u00fcstung immer h\u00f6her"},"content":{"rendered":"<p><img decoding=\"async\" src=\"http:\/\/just-now.news\/de\/wp-content\/uploads\/sites\/3\/2024\/02\/65ccb72a48fbef2ae00a666b.jpg\" \/><\/p>\n<div class=\"Text-root Text-type_1 \">\n                Was wird mit den verbalen milit\u00e4rischen Attacken aus medial-politischen deutschen Sch\u00fctzengr\u00e4ben bezweckt? M\u00f6chten, also w\u00fcnschen sich vereinzelte Personen aus dem \u00f6ffentlichen Leben tats\u00e4chlich den &#8220;totalen Krieg&#8221; gegen Russland? Autor Uli Gellermann dechiffriert j\u00fcngste ausgesprochene Stilbl\u00fcten und Tagesereignisse.\n            <\/div>\n<p><\/p>\n<div class=\"Text-root Text-type_5 ArticleView-text ViewText-root \">\n<p><em>Von Uli Gellermann\u00a0<\/em><\/p>\n<p>Da gab es doch mal das Lied von der Fahne, die man hochhalten solle. Im \u00e4hnlichen Takt spielt jetzt das Medien-Lied von der R\u00fcstung, die man immer weiter erh\u00f6hen m\u00fcsse. Die B\u00f6rse mit ihrem feinen Geh\u00f6r f\u00fcr gesellschaftliche Zust\u00e4nde hat umgehend reagiert: Von der Rheinmetall-R\u00fcstungs-Aktie wei\u00df sie: &#8220;Es geht wieder stark bergauf.&#8221; Man tr\u00e4gt wieder Stahlhelm.<\/p>\n<p><strong>Von Moskau nach Unterl\u00fc\u00df<\/strong><\/p>\n<p>Da kann der Kanzler nicht fernbleiben und eilt zum Spatenstich f\u00fcr eine neue Munitionsfabrik des R\u00fcstungskonzerns Rheinmetall in Unterl\u00fc\u00df, im Nordosten des Landes Niedersachsen in der L\u00fcneburger Heide. Ob der Standort so schlau gew\u00e4hlt war? Von Moskau nach Unterl\u00fc\u00df sind es nur 23 Stunden und 58 Minuten (rund 2.093,9\u00a0km)\u00a0mit dem Auto. Sehr viel l\u00e4nger brauchen auch die Panzer nicht, die jetzt seit Monaten aus dieser Richtung gesichtet werden. Nat\u00fcrlich nicht in Wirklichkeit, sondern nur in den deutschen Medien.<\/p>\n<p><strong>Gro\u00dfe L\u00fcgen wiederholen<\/strong><\/p>\n<p><em>&#8220;Wenn man eine gro\u00dfe L\u00fcge erz\u00e4hlt und sie oft genug wiederholt, dann werden die Leute sie am Ende glauben. Man kann die L\u00fcge so lange behaupten, wie es dem Staat gelingt, die Menschen von den politischen, wirtschaftlichen und milit\u00e4rischen Konsequenzen der L\u00fcge abzuschirmen. Deshalb ist es von lebenswichtiger Bedeutung f\u00fcr den Staat, seine gesamte Macht f\u00fcr die Unterdr\u00fcckung abweichender Meinungen einzusetzen. Die Wahrheit ist der Todfeind der L\u00fcge, und daher ist die Wahrheit der gr\u00f6\u00dfte Feind des Staates&#8221;.<\/em><\/p>\n<p>Soweit der Propaganda-Nazi Joseph Goebbels. An Wiederholungen mangelt es auch heute nicht.<\/p>\n<p><strong>Kriegst\u00fcchtiges Deutschland<\/strong><\/p>\n<p>Dass die westliche F\u00fchrungsmacht mit bestem Beispiel vorangeht, versteht sich: Der US-Senat bewilligt Milliardenhilfen f\u00fcr die Ukraine. Das Paket beinhaltet neben den Ukraine-Hilfen 14 Milliarden Dollar Kriegshilfen f\u00fcr Israel, acht Milliarden Dollar f\u00fcr Taiwan und Verb\u00fcndete in der Indopazifik-Region. Da kann Deutschland nicht fernbleiben: Der Bundeskanzler Scholz ist zu einem Besuch in den USA eingetroffen. Kurz vor dem Besuch hatte sich CDU-R\u00fcstungspolitiker Roderich Kiesewetter f\u00fcr eine Verdreifachung des Bundeswehr-Sonderverm\u00f6gens ausgesprochen: &#8220;Eine Erh\u00f6hung des Sonderverm\u00f6gens f\u00fcr die Bundeswehr w\u00fcrde ich nicht ausschlie\u00dfen. Es ist ja v\u00f6llig klar, dass wir eher 300 statt 100 Milliarden ben\u00f6tigen, damit die Bundeswehr kriegst\u00fcchtig wird&#8221;, sagte Kiesewetter der <em>S\u00fcddeutschen Zeitung<\/em>. Widerspruch aus dem Kanzleramt? Im Gegenteil. Kanzler Scholz wusste zur R\u00fcstungsproduktion, dass man Waffen &#8220;in Gro\u00dfserie statt in Manufaktur&#8221; herstellen sollte.<\/p>\n<div class=\"EmbedBlock-root EmbedBlock-twitter\">\n<div class=\"TwitterEmbed\">\n<blockquote class=\"twitter-tweet lazyload\" data-twitter=\"twitter-tweet\">\n<p lang=\"de\" dir=\"ltr\">Wir leben nicht in friedlichen Zeiten. Wer Frieden will, muss erfolgreich abschrecken und braucht zur Verteidigung eine solide industrielle Basis. Daf\u00fcr steht das erweiterte Rheinmetall-Werk f\u00fcr Munition in Unterl\u00fc\u00df. Danke an alle, die dieses Werk so schnell vorangebracht haben! <a rel=\"nofollow noopener\" target=\"_blank\" href=\"https:\/\/t.co\/ck5ECNCAZA\">pic.twitter.com\/ck5ECNCAZA<\/a><\/p>\n<p>\u2014 Bundeskanzler Olaf Scholz (@Bundeskanzler) <a rel=\"nofollow noopener\" target=\"_blank\" href=\"https:\/\/twitter.com\/Bundeskanzler\/status\/1757046644170789073?ref_src=twsrc%5Etfw\">February 12, 2024<\/a><\/p><\/blockquote>\n<\/div>\n<\/div>\n<p><strong>Niedergang der deutschen Wirtschaft<\/strong><\/p>\n<p>Parallel zur Hochr\u00fcstung spricht der US-Branchendienst <em>Bloomberg<\/em> von &#8220;Niedergang&#8221; und &#8220;politischer L\u00e4hmung&#8221;, wenn er \u00fcber die deutsche Wirtschaft textet. Ein wesentlicher Grund f\u00fcr den Niedergang sei der Wegfall des &#8220;billigen Erdgases aus Russland&#8221;. Doch statt das Verh\u00e4ltnis zu Russland zu normalisieren, wird das Verhandlungsangebot Putins im Interview mit dem US-Journalisten Tucker Carlson im Staatsender <em>Tagesschau<\/em> als &#8220;Die Putin-Verstehen-Show&#8221; diffamiert. Doch die deutschen Politiker m\u00fcssten das Angebot nur annehmen, um es auf seine Qualit\u00e4t zu pr\u00fcfen. Aber solange die deutsche Au\u00dfenpolitik in Washington und nicht in Berlin gemacht wird, kann daraus nichts werden.<\/p>\n<p><strong>Stalin-Note 1952<\/strong><\/p>\n<p>Die Lage erinnert fatal an die sogenannte &#8220;Stalin-Note&#8221; aus dem Jahr 1952, als die Regierung der Sowjetunion den USA, Gro\u00dfbritannien und Frankreich ein vereintes, souver\u00e4nes, demokratisches Deutschland vorschlug. Daf\u00fcr sollte das Land Neutralit\u00e4t wahren und alle\u00a0Besatzungstruppen\u00a0sollten abgezogen werden. Die Westm\u00e4chte lehnten ab. Sie sahen in dem Vorschlag einen Versuch, die\u00a0Westintegration\u00a0und die Wiederbewaffnung der Bundesrepublik zu verhindern. Damit begann der Kalte Krieg, der oft genug nur knapp am Hei\u00dfen vorbeischrammte.<\/p>\n<p><strong>Auch atomar ist normal<\/strong><\/p>\n<p>Politische F\u00fchrungskr\u00e4fte wie Finanzminister Christian Lindner (FDP) und die SPD-Spitzenkandidatin f\u00fcr die Europawahl, Katarina Barley, haben sich offen f\u00fcr eine Debatte \u00fcber eine gemeinsame nukleare Bewaffnung in Europa gezeigt. Frau Barley hatte die Verl\u00e4sslichkeit des US-Atomwaffen-Schutzschirms in Zweifel gezogen und die Anschaffung eigener EU-Atombomben ins Spiel gebracht:<\/p>\n<blockquote>\n<p><em>&#8220;Auf dem Weg zu einer europ\u00e4ischen Armee kann also auch das ein Thema werden.&#8221;<\/em><\/p>\n<\/blockquote>\n<p>Und Herr Lindner wei\u00df zur deutschen Atomr\u00fcstung zu sagen:<\/p>\n<blockquote>\n<p><em>&#8220;Der franz\u00f6sische Pr\u00e4sident Emmanuel Macron hat verschiedentlich Kooperationsangebote vorgetragen.&#8221;<\/em><\/p>\n<\/blockquote>\n<p>Noch vor Kurzem h\u00e4tten solche \u00c4u\u00dferungen als verr\u00fcckt gegolten. Inzwischen werden sie von der deutschen Medienlandschaft als normal referiert.<\/p>\n<p><strong>Ein t\u00f6dlicher Versuch<\/strong><\/p>\n<p>Auf dem Luftwaffenst\u00fctzpunkt B\u00fcchel in Rheinland-Pfalz lagern nach Angaben von US-Atomwaffenexperten noch immer etwa 20 Kernwaffen der\u00a0US-Armee. Im Ernstfall w\u00fcrden deutsche Piloten unter US-Befehl diese Waffen mit Tornado-Kampfjets ins Ziel bringen. Dieses Prinzip nennt sich &#8220;nukleare Teilhabe&#8221;. Schon als Teilhaber w\u00e4re man wieder wer, scheinen Christian Lindner und Katarina Barley zu denken.<\/p>\n<p>Der Krieg ist wieder in Mode in einem Land, das sich anscheinend weder daran erinnern will, dass es um 1945 in Tr\u00fcmmern lag, noch dass der verlorene Krieg mit dem Versuch begann, die Russen zu besiegen. Ein ziemlich t\u00f6dlicher Versuch.<\/p>\n<p><em><strong>Uli Gellermann<\/strong>\u00a0ist Filmemacher und Journalist. Seine Erfahrungen mit den \u00f6ffentlich-rechtlichen Sendern begr\u00fcnden seine Medienkritik. Er ist Betreiber der Internetseite\u00a0<a rel=\"nofollow noopener\" target=\"_blank\" href=\"https:\/\/www.rationalgalerie.de\/\">www.rationalgalerie.de<\/a>. Der Beitrag wurde zuerst am 14. Februar 2024 auf\u00a0<a rel=\"nofollow noopener\" target=\"_blank\" href=\"https:\/\/www.rationalgalerie.de\/home\/den-stahlhelm-auf\">www.rationalgalerie.de<\/a>\u00a0ver\u00f6ffentlicht.<\/em><\/p>\n<p><strong>Mehr zum Thema &#8211;<\/strong>\u00a0<a rel=\"nofollow noopener\" target=\"_blank\" href=\"https:\/\/freedert.online\/inland\/195849-cdu-hardliner-norbert-roettgen-fuerchtet\/\">CDU-Hardliner Norbert R\u00f6ttgen f\u00fcrchtet sich vor Trump \u2013 Kein US-Schutz mehr vor &#8220;Russen-Angriff&#8221;<\/a><\/p>\n<\/div>\n<p><script async src=\"https:\/\/platform.twitter.com\/widgets.js\" charset=\"utf-8\"><\/script><br \/>\n<br \/><br \/>\n<br \/><a href=\"https:\/\/de.rt.com\/meinung\/196163-stahlhelm-auf-ruestung-immer-hoeher\/\">Source link <\/a><\/p>\n","protected":false},"excerpt":{"rendered":"<p>Was wird mit den verbalen milit\u00e4rischen Attacken aus medial-politischen deutschen Sch\u00fctzengr\u00e4ben bezweckt? M\u00f6chten, also w\u00fcnschen sich vereinzelte Personen aus dem \u00f6ffentlichen Leben tats\u00e4chlich den &#8220;totalen Krieg&#8221; gegen Russland? Autor Uli Gellermann dechiffriert j\u00fcngste ausgesprochene Stilbl\u00fcten und Tagesereignisse. Von Uli Gellermann\u00a0 Da gab es doch mal das Lied von der Fahne, die man hochhalten solle. Im [&hellip;]<\/p>\n","protected":false},"author":3,"featured_media":55313,"comment_status":"open","ping_status":"open","sticky":false,"template":"","format":"standard","meta":{"_yoast_indexnow_last_ping":["1707922815"],"wp_automatic_camp":["217"],"227fcc064b534058056d7a3db9cada52":["Den Stahlhelm auf \u2013 Die R\u00fcstung immer h\u00f6her"],"original_link":["https:\/\/de.rt.com\/meinung\/196163-stahlhelm-auf-ruestung-immer-hoeher\/"],"_thumbnail_id":["55313"],"_wptgpro_p2tg_sent2tg":["a:1:{i:23737;s:19:\"2024-02-14 17:03:02\";}"],"jnews_social_counter_last_update":["1777351625"]},"categories":[19,23],"tags":[133,48,45,4868,2062,34328,53520],"yoast_head":"<!-- This site is optimized with the Yoast SEO Premium plugin v22.7 (Yoast SEO v22.7) - https:\/\/yoast.com\/wordpress\/plugins\/seo\/ -->\n<title>Den Stahlhelm auf \u2013 Die R\u00fcstung immer h\u00f6her - just-now.NEWS Deutschland<\/title>\n<meta name=\"robots\" content=\"index, follow, max-snippet:-1, max-image-preview:large, max-video-preview:-1\" \/>\n<link rel=\"canonical\" href=\"https:\/\/now-news.de\/de\/deutschland\/den-stahlhelm-auf-die-ruestung-immer-hoeher\/\" \/>\n<meta property=\"og:locale\" content=\"de_DE\" \/>\n<meta property=\"og:type\" content=\"article\" \/>\n<meta property=\"og:title\" content=\"Den Stahlhelm auf \u2013 Die R\u00fcstung immer h\u00f6her\" \/>\n<meta property=\"og:description\" content=\"Was wird mit den verbalen milit\u00e4rischen Attacken aus medial-politischen deutschen Sch\u00fctzengr\u00e4ben bezweckt? M\u00f6chten, also w\u00fcnschen sich vereinzelte Personen aus dem \u00f6ffentlichen Leben tats\u00e4chlich den &#8220;totalen Krieg&#8221; gegen Russland? Autor Uli Gellermann dechiffriert j\u00fcngste ausgesprochene Stilbl\u00fcten und Tagesereignisse. Von Uli Gellermann\u00a0 Da gab es doch mal das Lied von der Fahne, die man hochhalten solle. Im [&hellip;]\" \/>\n<meta property=\"og:url\" content=\"https:\/\/now-news.de\/de\/deutschland\/den-stahlhelm-auf-die-ruestung-immer-hoeher\/\" \/>\n<meta property=\"og:site_name\" content=\"just-now.NEWS Deutschland\" \/>\n<meta property=\"article:publisher\" content=\"https:\/\/www.facebook.com\/wirmachenauf\" \/>\n<meta property=\"article:published_time\" content=\"2024-02-14T14:52:58+00:00\" \/>\n<meta property=\"og:image\" content=\"https:\/\/now-news.de\/de\/wp-content\/uploads\/sites\/3\/2024\/02\/Den-Stahlhelm-auf-\u2013-Die-Ruestung-immer-hoeher.jpg\" \/>\n\t<meta property=\"og:image:width\" content=\"460\" \/>\n\t<meta property=\"og:image:height\" content=\"259\" \/>\n\t<meta property=\"og:image:type\" content=\"image\/jpeg\" \/>\n<meta name=\"author\" content=\"rtnews\" \/>\n<meta name=\"twitter:card\" content=\"summary_large_image\" \/>\n<meta name=\"twitter:creator\" content=\"@WirMachenAuf_de\" \/>\n<meta name=\"twitter:site\" content=\"@WirMachenAuf_de\" \/>\n<meta name=\"twitter:label1\" content=\"Verfasst von\" \/>\n\t<meta name=\"twitter:data1\" content=\"rtnews\" \/>\n\t<meta name=\"twitter:label2\" content=\"Gesch\u00e4tzte Lesezeit\" \/>\n\t<meta name=\"twitter:data2\" content=\"5\u00a0Minuten\" \/>\n<script type=\"application\/ld+json\" class=\"yoast-schema-graph\">{\"@context\":\"https:\/\/schema.org\",\"@graph\":[{\"@type\":\"Article\",\"@id\":\"https:\/\/now-news.de\/de\/deutschland\/den-stahlhelm-auf-die-ruestung-immer-hoeher\/#article\",\"isPartOf\":{\"@id\":\"https:\/\/now-news.de\/de\/deutschland\/den-stahlhelm-auf-die-ruestung-immer-hoeher\/\"},\"author\":{\"name\":\"rtnews\",\"@id\":\"https:\/\/now-news.de\/de\/#\/schema\/person\/fb534a4e865501d8b3285208df34a9b5\"},\"headline\":\"Den Stahlhelm auf \u2013 Die R\u00fcstung immer h\u00f6her\",\"datePublished\":\"2024-02-14T14:52:58+00:00\",\"dateModified\":\"2024-02-14T14:52:58+00:00\",\"mainEntityOfPage\":{\"@id\":\"https:\/\/now-news.de\/de\/deutschland\/den-stahlhelm-auf-die-ruestung-immer-hoeher\/\"},\"wordCount\":965,\"commentCount\":0,\"publisher\":{\"@id\":\"https:\/\/now-news.de\/de\/#organization\"},\"image\":{\"@id\":\"https:\/\/now-news.de\/de\/deutschland\/den-stahlhelm-auf-die-ruestung-immer-hoeher\/#primaryimage\"},\"thumbnailUrl\":\"https:\/\/now-news.de\/de\/wp-content\/uploads\/sites\/3\/2024\/02\/Den-Stahlhelm-auf-\u2013-Die-Ruestung-immer-hoeher.jpg\",\"keywords\":[\"AUF\",\"den\",\"die\",\"h\u00f6her\",\"Immer\",\"R\u00fcstung\",\"Stahlhelm\"],\"articleSection\":[\"Deutschland\",\"Russland\"],\"inLanguage\":\"de\",\"potentialAction\":[{\"@type\":\"CommentAction\",\"name\":\"Comment\",\"target\":[\"https:\/\/now-news.de\/de\/deutschland\/den-stahlhelm-auf-die-ruestung-immer-hoeher\/#respond\"]}]},{\"@type\":\"WebPage\",\"@id\":\"https:\/\/now-news.de\/de\/deutschland\/den-stahlhelm-auf-die-ruestung-immer-hoeher\/\",\"url\":\"https:\/\/now-news.de\/de\/deutschland\/den-stahlhelm-auf-die-ruestung-immer-hoeher\/\",\"name\":\"Den Stahlhelm auf \u2013 Die R\u00fcstung immer h\u00f6her - just-now.NEWS Deutschland\",\"isPartOf\":{\"@id\":\"https:\/\/now-news.de\/de\/#website\"},\"primaryImageOfPage\":{\"@id\":\"https:\/\/now-news.de\/de\/deutschland\/den-stahlhelm-auf-die-ruestung-immer-hoeher\/#primaryimage\"},\"image\":{\"@id\":\"https:\/\/now-news.de\/de\/deutschland\/den-stahlhelm-auf-die-ruestung-immer-hoeher\/#primaryimage\"},\"thumbnailUrl\":\"https:\/\/now-news.de\/de\/wp-content\/uploads\/sites\/3\/2024\/02\/Den-Stahlhelm-auf-\u2013-Die-Ruestung-immer-hoeher.jpg\",\"datePublished\":\"2024-02-14T14:52:58+00:00\",\"dateModified\":\"2024-02-14T14:52:58+00:00\",\"breadcrumb\":{\"@id\":\"https:\/\/now-news.de\/de\/deutschland\/den-stahlhelm-auf-die-ruestung-immer-hoeher\/#breadcrumb\"},\"inLanguage\":\"de\",\"potentialAction\":[{\"@type\":\"ReadAction\",\"target\":[\"https:\/\/now-news.de\/de\/deutschland\/den-stahlhelm-auf-die-ruestung-immer-hoeher\/\"]}]},{\"@type\":\"ImageObject\",\"inLanguage\":\"de\",\"@id\":\"https:\/\/now-news.de\/de\/deutschland\/den-stahlhelm-auf-die-ruestung-immer-hoeher\/#primaryimage\",\"url\":\"https:\/\/now-news.de\/de\/wp-content\/uploads\/sites\/3\/2024\/02\/Den-Stahlhelm-auf-\u2013-Die-Ruestung-immer-hoeher.jpg\",\"contentUrl\":\"https:\/\/now-news.de\/de\/wp-content\/uploads\/sites\/3\/2024\/02\/Den-Stahlhelm-auf-\u2013-Die-Ruestung-immer-hoeher.jpg\",\"width\":460,\"height\":259,\"caption\":\"Den Stahlhelm auf \u2013 Die R\u00fcstung immer h\u00f6her\"},{\"@type\":\"BreadcrumbList\",\"@id\":\"https:\/\/now-news.de\/de\/deutschland\/den-stahlhelm-auf-die-ruestung-immer-hoeher\/#breadcrumb\",\"itemListElement\":[{\"@type\":\"ListItem\",\"position\":1,\"name\":\"Home\",\"item\":\"https:\/\/now-news.de\/de\/\"},{\"@type\":\"ListItem\",\"position\":2,\"name\":\"Den Stahlhelm auf \u2013 Die R\u00fcstung immer h\u00f6her\"}]},{\"@type\":\"WebSite\",\"@id\":\"https:\/\/now-news.de\/de\/#website\",\"url\":\"https:\/\/now-news.de\/de\/\",\"name\":\"just-now.NEWS Deutschland\",\"description\":\"Das Portal f\u00fcr unzensierte Nachrichten aus der Welt\",\"publisher\":{\"@id\":\"https:\/\/now-news.de\/de\/#organization\"},\"potentialAction\":[{\"@type\":\"SearchAction\",\"target\":{\"@type\":\"EntryPoint\",\"urlTemplate\":\"https:\/\/now-news.de\/de\/?s={search_term_string}\"},\"query-input\":\"required name=search_term_string\"}],\"inLanguage\":\"de\"},{\"@type\":\"Organization\",\"@id\":\"https:\/\/now-news.de\/de\/#organization\",\"name\":\"Just Now News\",\"url\":\"https:\/\/now-news.de\/de\/\",\"logo\":{\"@type\":\"ImageObject\",\"inLanguage\":\"de\",\"@id\":\"https:\/\/now-news.de\/de\/#\/schema\/logo\/image\/\",\"url\":\"http:\/\/just-now.news\/de\/wp-content\/uploads\/sites\/3\/2022\/04\/logo500x500.jpg\",\"contentUrl\":\"http:\/\/just-now.news\/de\/wp-content\/uploads\/sites\/3\/2022\/04\/logo500x500.jpg\",\"width\":500,\"height\":500,\"caption\":\"Just Now News\"},\"image\":{\"@id\":\"https:\/\/now-news.de\/de\/#\/schema\/logo\/image\/\"},\"sameAs\":[\"https:\/\/www.facebook.com\/wirmachenauf\",\"https:\/\/x.com\/WirMachenAuf_de\"]},{\"@type\":\"Person\",\"@id\":\"https:\/\/now-news.de\/de\/#\/schema\/person\/fb534a4e865501d8b3285208df34a9b5\",\"name\":\"rtnews\",\"image\":{\"@type\":\"ImageObject\",\"inLanguage\":\"de\",\"@id\":\"https:\/\/now-news.de\/de\/#\/schema\/person\/image\/\",\"url\":\"https:\/\/secure.gravatar.com\/avatar\/82aafea7d8127119dd649515f56e2117?s=96&d=mm&r=g\",\"contentUrl\":\"https:\/\/secure.gravatar.com\/avatar\/82aafea7d8127119dd649515f56e2117?s=96&d=mm&r=g\",\"caption\":\"rtnews\"},\"url\":\"https:\/\/now-news.de\/de\/author\/rnews\/\"}]}<\/script>\n<!-- \/ Yoast SEO Premium plugin. -->","yoast_head_json":{"title":"Den Stahlhelm auf \u2013 Die R\u00fcstung immer h\u00f6her - just-now.NEWS Deutschland","robots":{"index":"index","follow":"follow","max-snippet":"max-snippet:-1","max-image-preview":"max-image-preview:large","max-video-preview":"max-video-preview:-1"},"canonical":"https:\/\/now-news.de\/de\/deutschland\/den-stahlhelm-auf-die-ruestung-immer-hoeher\/","og_locale":"de_DE","og_type":"article","og_title":"Den Stahlhelm auf \u2013 Die R\u00fcstung immer h\u00f6her","og_description":"Was wird mit den verbalen milit\u00e4rischen Attacken aus medial-politischen deutschen Sch\u00fctzengr\u00e4ben bezweckt? M\u00f6chten, also w\u00fcnschen sich vereinzelte Personen aus dem \u00f6ffentlichen Leben tats\u00e4chlich den &#8220;totalen Krieg&#8221; gegen Russland? Autor Uli Gellermann dechiffriert j\u00fcngste ausgesprochene Stilbl\u00fcten und Tagesereignisse. Von Uli Gellermann\u00a0 Da gab es doch mal das Lied von der Fahne, die man hochhalten solle. Im [&hellip;]","og_url":"https:\/\/now-news.de\/de\/deutschland\/den-stahlhelm-auf-die-ruestung-immer-hoeher\/","og_site_name":"just-now.NEWS Deutschland","article_publisher":"https:\/\/www.facebook.com\/wirmachenauf","article_published_time":"2024-02-14T14:52:58+00:00","og_image":[{"width":460,"height":259,"url":"https:\/\/now-news.de\/de\/wp-content\/uploads\/sites\/3\/2024\/02\/Den-Stahlhelm-auf-\u2013-Die-Ruestung-immer-hoeher.jpg","type":"image\/jpeg"}],"author":"rtnews","twitter_card":"summary_large_image","twitter_creator":"@WirMachenAuf_de","twitter_site":"@WirMachenAuf_de","twitter_misc":{"Verfasst von":"rtnews","Gesch\u00e4tzte Lesezeit":"5\u00a0Minuten"},"schema":{"@context":"https:\/\/schema.org","@graph":[{"@type":"Article","@id":"https:\/\/now-news.de\/de\/deutschland\/den-stahlhelm-auf-die-ruestung-immer-hoeher\/#article","isPartOf":{"@id":"https:\/\/now-news.de\/de\/deutschland\/den-stahlhelm-auf-die-ruestung-immer-hoeher\/"},"author":{"name":"rtnews","@id":"https:\/\/now-news.de\/de\/#\/schema\/person\/fb534a4e865501d8b3285208df34a9b5"},"headline":"Den Stahlhelm auf \u2013 Die R\u00fcstung immer h\u00f6her","datePublished":"2024-02-14T14:52:58+00:00","dateModified":"2024-02-14T14:52:58+00:00","mainEntityOfPage":{"@id":"https:\/\/now-news.de\/de\/deutschland\/den-stahlhelm-auf-die-ruestung-immer-hoeher\/"},"wordCount":965,"commentCount":0,"publisher":{"@id":"https:\/\/now-news.de\/de\/#organization"},"image":{"@id":"https:\/\/now-news.de\/de\/deutschland\/den-stahlhelm-auf-die-ruestung-immer-hoeher\/#primaryimage"},"thumbnailUrl":"https:\/\/now-news.de\/de\/wp-content\/uploads\/sites\/3\/2024\/02\/Den-Stahlhelm-auf-\u2013-Die-Ruestung-immer-hoeher.jpg","keywords":["AUF","den","die","h\u00f6her","Immer","R\u00fcstung","Stahlhelm"],"articleSection":["Deutschland","Russland"],"inLanguage":"de","potentialAction":[{"@type":"CommentAction","name":"Comment","target":["https:\/\/now-news.de\/de\/deutschland\/den-stahlhelm-auf-die-ruestung-immer-hoeher\/#respond"]}]},{"@type":"WebPage","@id":"https:\/\/now-news.de\/de\/deutschland\/den-stahlhelm-auf-die-ruestung-immer-hoeher\/","url":"https:\/\/now-news.de\/de\/deutschland\/den-stahlhelm-auf-die-ruestung-immer-hoeher\/","name":"Den Stahlhelm auf \u2013 Die R\u00fcstung immer h\u00f6her - just-now.NEWS Deutschland","isPartOf":{"@id":"https:\/\/now-news.de\/de\/#website"},"primaryImageOfPage":{"@id":"https:\/\/now-news.de\/de\/deutschland\/den-stahlhelm-auf-die-ruestung-immer-hoeher\/#primaryimage"},"image":{"@id":"https:\/\/now-news.de\/de\/deutschland\/den-stahlhelm-auf-die-ruestung-immer-hoeher\/#primaryimage"},"thumbnailUrl":"https:\/\/now-news.de\/de\/wp-content\/uploads\/sites\/3\/2024\/02\/Den-Stahlhelm-auf-\u2013-Die-Ruestung-immer-hoeher.jpg","datePublished":"2024-02-14T14:52:58+00:00","dateModified":"2024-02-14T14:52:58+00:00","breadcrumb":{"@id":"https:\/\/now-news.de\/de\/deutschland\/den-stahlhelm-auf-die-ruestung-immer-hoeher\/#breadcrumb"},"inLanguage":"de","potentialAction":[{"@type":"ReadAction","target":["https:\/\/now-news.de\/de\/deutschland\/den-stahlhelm-auf-die-ruestung-immer-hoeher\/"]}]},{"@type":"ImageObject","inLanguage":"de","@id":"https:\/\/now-news.de\/de\/deutschland\/den-stahlhelm-auf-die-ruestung-immer-hoeher\/#primaryimage","url":"https:\/\/now-news.de\/de\/wp-content\/uploads\/sites\/3\/2024\/02\/Den-Stahlhelm-auf-\u2013-Die-Ruestung-immer-hoeher.jpg","contentUrl":"https:\/\/now-news.de\/de\/wp-content\/uploads\/sites\/3\/2024\/02\/Den-Stahlhelm-auf-\u2013-Die-Ruestung-immer-hoeher.jpg","width":460,"height":259,"caption":"Den Stahlhelm auf \u2013 Die R\u00fcstung immer h\u00f6her"},{"@type":"BreadcrumbList","@id":"https:\/\/now-news.de\/de\/deutschland\/den-stahlhelm-auf-die-ruestung-immer-hoeher\/#breadcrumb","itemListElement":[{"@type":"ListItem","position":1,"name":"Home","item":"https:\/\/now-news.de\/de\/"},{"@type":"ListItem","position":2,"name":"Den Stahlhelm auf \u2013 Die R\u00fcstung immer h\u00f6her"}]},{"@type":"WebSite","@id":"https:\/\/now-news.de\/de\/#website","url":"https:\/\/now-news.de\/de\/","name":"just-now.NEWS Deutschland","description":"Das Portal f\u00fcr unzensierte Nachrichten aus der Welt","publisher":{"@id":"https:\/\/now-news.de\/de\/#organization"},"potentialAction":[{"@type":"SearchAction","target":{"@type":"EntryPoint","urlTemplate":"https:\/\/now-news.de\/de\/?s={search_term_string}"},"query-input":"required name=search_term_string"}],"inLanguage":"de"},{"@type":"Organization","@id":"https:\/\/now-news.de\/de\/#organization","name":"Just Now News","url":"https:\/\/now-news.de\/de\/","logo":{"@type":"ImageObject","inLanguage":"de","@id":"https:\/\/now-news.de\/de\/#\/schema\/logo\/image\/","url":"http:\/\/just-now.news\/de\/wp-content\/uploads\/sites\/3\/2022\/04\/logo500x500.jpg","contentUrl":"http:\/\/just-now.news\/de\/wp-content\/uploads\/sites\/3\/2022\/04\/logo500x500.jpg","width":500,"height":500,"caption":"Just Now News"},"image":{"@id":"https:\/\/now-news.de\/de\/#\/schema\/logo\/image\/"},"sameAs":["https:\/\/www.facebook.com\/wirmachenauf","https:\/\/x.com\/WirMachenAuf_de"]},{"@type":"Person","@id":"https:\/\/now-news.de\/de\/#\/schema\/person\/fb534a4e865501d8b3285208df34a9b5","name":"rtnews","image":{"@type":"ImageObject","inLanguage":"de","@id":"https:\/\/now-news.de\/de\/#\/schema\/person\/image\/","url":"https:\/\/secure.gravatar.com\/avatar\/82aafea7d8127119dd649515f56e2117?s=96&d=mm&r=g","contentUrl":"https:\/\/secure.gravatar.com\/avatar\/82aafea7d8127119dd649515f56e2117?s=96&d=mm&r=g","caption":"rtnews"},"url":"https:\/\/now-news.de\/de\/author\/rnews\/"}]}},"_links":{"self":[{"href":"https:\/\/now-news.de\/de\/wp-json\/wp\/v2\/posts\/55312"}],"collection":[{"href":"https:\/\/now-news.de\/de\/wp-json\/wp\/v2\/posts"}],"about":[{"href":"https:\/\/now-news.de\/de\/wp-json\/wp\/v2\/types\/post"}],"author":[{"embeddable":true,"href":"https:\/\/now-news.de\/de\/wp-json\/wp\/v2\/users\/3"}],"replies":[{"embeddable":true,"href":"https:\/\/now-news.de\/de\/wp-json\/wp\/v2\/comments?post=55312"}],"version-history":[{"count":0,"href":"https:\/\/now-news.de\/de\/wp-json\/wp\/v2\/posts\/55312\/revisions"}],"wp:featuredmedia":[{"embeddable":true,"href":"https:\/\/now-news.de\/de\/wp-json\/wp\/v2\/media\/55313"}],"wp:attachment":[{"href":"https:\/\/now-news.de\/de\/wp-json\/wp\/v2\/media?parent=55312"}],"wp:term":[{"taxonomy":"category","embeddable":true,"href":"https:\/\/now-news.de\/de\/wp-json\/wp\/v2\/categories?post=55312"},{"taxonomy":"post_tag","embeddable":true,"href":"https:\/\/now-news.de\/de\/wp-json\/wp\/v2\/tags?post=55312"}],"curies":[{"name":"wp","href":"https:\/\/api.w.org\/{rel}","templated":true}]}}