{"id":55256,"date":"2024-02-13T19:41:58","date_gmt":"2024-02-13T17:41:58","guid":{"rendered":"https:\/\/just-now.news\/de\/deutschland\/elon-musk-es-ist-voellig-ausgeschlossen-dass-russland-den-ukraine-konflikt-verliert\/"},"modified":"2024-02-13T19:41:58","modified_gmt":"2024-02-13T17:41:58","slug":"elon-musk-es-ist-voellig-ausgeschlossen-dass-russland-den-ukraine-konflikt-verliert","status":"publish","type":"post","link":"https:\/\/now-news.de\/de\/deutschland\/elon-musk-es-ist-voellig-ausgeschlossen-dass-russland-den-ukraine-konflikt-verliert\/","title":{"rendered":"Elon Musk: &quot;Es ist v\u00f6llig ausgeschlossen, dass Russland den Ukraine-Konflikt verliert&quot;"},"content":{"rendered":"<p><img decoding=\"async\" src=\"http:\/\/just-now.news\/de\/wp-content\/uploads\/sites\/3\/2024\/02\/65cb91e4b480cc29a0785742.jpg\" \/><\/p>\n<div class=\"Text-root Text-type_1 \">\n                Der US-Milliard\u00e4r Elon Musk fordert eine friedliche Beilegung des Ukraine-Konflikts. Weitere US-Finanzhilfen lehnt er ab. Sie w\u00fcrden der Ukraine schaden. Er sei nicht aus Moskau gesteuert, schlie\u00dflich habe sein SpaceX-Projekt den Russen sogar geschadet, erkl\u00e4rte Musk.\n            <\/div>\n<p><\/p>\n<div class=\"Text-root Text-type_5 ArticleView-text ViewText-root \">\n<p>Es sei &#8220;v\u00f6llig ausgeschlossen&#8221;, dass Russland in seinem Konflikt mit der Ukraine eine Niederlage erleiden werde, sagte der CEO von Tesla und SpaceX, Elon Musk. Am Montag \u00e4u\u00dferte sich der zu den reichsten M\u00e4nnern der Welt geh\u00f6rende Milliard\u00e4r Elon Musk, w\u00e4hrend einer Diskussion \u00fcber einen Gesetzentwurf des Senats auf <em>X Spaces<\/em> \u2013 dem Audioformat seiner Social-Media-Plattform X. Das geplante Gesetz sollte zus\u00e4tzliche US-Hilfe f\u00fcr Kiew bereitstellen.<\/p>\n<p>Ihm schlossen sich eine Reihe weiterer Personen an, die sich gegen eine weitere Finanzierung der Ukraine aussprachen. Dazu geh\u00f6rten die republikanischen Abgeordneten Ron Johnson, J.D. Vance und Mike Lee, der ehemalige GOP-Pr\u00e4sidentschaftskandidat Vivek Ramaswamy und der Unternehmer David Sacks. Laut einem Zitat auf <em>Bloomber<\/em>g habe der Tesla- und SpaceX-Chef erkl\u00e4rt:<\/p>\n<blockquote>\n<p><em>&#8220;Diese Ausgaben helfen der Ukraine nicht. Den Krieg zu verl\u00e4ngern, hilft der Ukraine nicht.&#8221;<\/em><\/p>\n<\/blockquote>\n<p>Er forderte die Amerikaner auf, sich mit ihren gew\u00e4hlten Vertretern in Verbindung zu setzen. Sie sollten sich bei ihnen \u00fcber den 95 Milliarden US-Dollar schweren Vorschlag f\u00fcr Soforthilfe erkundigen, der neben 60 Milliarden US-Dollar f\u00fcr die Ukraine auch Mittel f\u00fcr Israel und Taiwan enthalte.<\/p>\n<p>Der Gesetzentwurf passierte am Dienstag den Senat. Erwartungen zufolge wird er es im Repr\u00e4sentantenhaus schwer haben. Dort ist der Widerstand gegen weitere Finanzhilfen f\u00fcr Kiew unter den Republikanern viel st\u00e4rker. Sie fordern zudem h\u00f6here Ausgaben f\u00fcr die Sicherheit an der Grenze zwischen den USA und Mexiko.<\/p>\n<p>Musk hat sich f\u00fcr eine friedliche Beilegung des Konflikts zwischen Russland und der Ukraine ausgesprochen. Bei vielen Gelegenheiten kritisierte er die US-Milit\u00e4rhilfe f\u00fcr Kiew w\u00e4hrend der zweij\u00e4hrigen K\u00e4mpfe. Der Vorwurf, dass er aufgrund dieser \u00c4u\u00dferungen ein Apologet des russischen Pr\u00e4sidenten Wladimir Putin ist, sei &#8220;absurd&#8221;, sagte er. Seine Unternehmen &#8220;haben wahrscheinlich mehr getan, um Russland zu untergraben, als alles andere&#8221;, behauptete der Unternehmer und verwies darauf, dass SpaceX seinen Starlink-Internetdienst der Ukraine zur Verf\u00fcgung gestellt habe.<\/p>\n<p>Musk sagte, was er sich wirklich w\u00fcnsche, sei, dass das Sterben sowohl auf ukrainischer als auch auf russischer Seite aufh\u00f6re. Er wandte sich auch an einige westliche Politiker, die &#8220;einen Regimewechsel in Russland wollen&#8221;. Zu ihnen sagte er: &#8220;Sie sollten dar\u00fcber nachdenken, wer die Person ist, die Putin aus dem Weg r\u00e4umen k\u00f6nnte. W\u00fcrde diese Person ein Pazifist sein? Wahrscheinlich nicht.&#8221; Diese Person w\u00e4re wahrscheinlich &#8220;noch h\u00e4rter als Putin&#8221;, f\u00fcgte er hinzu.<\/p>\n<p>Der russische Staatschef hatte sich vergangene Woche in einem Interview mit dem unabh\u00e4ngigen US-Journalisten Tucker Carlson \u00fcber Musk ge\u00e4u\u00dfert und den Unternehmer als &#8220;intelligente Person&#8221; bezeichnet. &#8220;Ich denke, man kann Elon Musk nicht aufhalten, er wird tun, was er f\u00fcr richtig h\u00e4lt&#8221;, sagte Putin. Aber seine Aktivit\u00e4ten m\u00fcssten noch &#8220;formalisiert und bestimmten Regeln unterworfen werden&#8221;.<\/p>\n<p><strong>Mehr zum Thema<\/strong> \u2013 <a rel=\"nofollow noopener\" target=\"_blank\" href=\"https:\/\/freedert.online\/kurzclips\/video\/196062-tucker-carlson-unterstuetzung-ukraine-ist\/\">Tucker Carlson: Unterst\u00fctzung der Ukraine ist Beihilfe zum Mord <\/a><\/p>\n<\/div>\n<p><br \/>\n<br \/><a href=\"https:\/\/de.rt.com\/international\/196082-elon-musk-es-ist-voellig\/\">Source link <\/a><\/p>\n","protected":false},"excerpt":{"rendered":"<p>Der US-Milliard\u00e4r Elon Musk fordert eine friedliche Beilegung des Ukraine-Konflikts. Weitere US-Finanzhilfen lehnt er ab. Sie w\u00fcrden der Ukraine schaden. Er sei nicht aus Moskau gesteuert, schlie\u00dflich habe sein SpaceX-Projekt den Russen sogar geschadet, erkl\u00e4rte Musk. Es sei &#8220;v\u00f6llig ausgeschlossen&#8221;, dass Russland in seinem Konflikt mit der Ukraine eine Niederlage erleiden werde, sagte der CEO [&hellip;]<\/p>\n","protected":false},"author":3,"featured_media":55257,"comment_status":"open","ping_status":"open","sticky":false,"template":"","format":"standard","meta":{"_yoast_indexnow_last_ping":["1707846453"],"wp_automatic_camp":["217"],"fae2674a34f1b67491abc4b436f6feb8":["Elon Musk: &quot;Es ist v\u00f6llig ausgeschlossen, dass Russland den Ukraine-Konflikt verliert&quot;"],"original_link":["https:\/\/de.rt.com\/international\/196082-elon-musk-es-ist-voellig\/"],"_thumbnail_id":["55257"],"_wptgpro_p2tg_sent2tg":["a:1:{i:23737;s:19:\"2024-02-13 19:48:34\";}"],"jnews_social_counter_last_update":["1777569528"]},"categories":[19,23],"tags":[19422,42,48,2056,414,1582,19377,126,1173,36669,19291],"yoast_head":"<!-- This site is optimized with the Yoast SEO Premium plugin v22.7 (Yoast SEO v22.7) - https:\/\/yoast.com\/wordpress\/plugins\/seo\/ -->\n<title>Elon Musk: &quot;Es ist v\u00f6llig ausgeschlossen, dass Russland den Ukraine-Konflikt verliert&quot; - just-now.NEWS Deutschland<\/title>\n<meta name=\"robots\" content=\"index, follow, max-snippet:-1, max-image-preview:large, max-video-preview:-1\" \/>\n<link rel=\"canonical\" href=\"https:\/\/now-news.de\/de\/deutschland\/elon-musk-es-ist-voellig-ausgeschlossen-dass-russland-den-ukraine-konflikt-verliert\/\" \/>\n<meta property=\"og:locale\" content=\"de_DE\" \/>\n<meta property=\"og:type\" content=\"article\" \/>\n<meta property=\"og:title\" content=\"Elon Musk: &quot;Es ist v\u00f6llig ausgeschlossen, dass Russland den Ukraine-Konflikt verliert&quot;\" \/>\n<meta property=\"og:description\" content=\"Der US-Milliard\u00e4r Elon Musk fordert eine friedliche Beilegung des Ukraine-Konflikts. Weitere US-Finanzhilfen lehnt er ab. Sie w\u00fcrden der Ukraine schaden. Er sei nicht aus Moskau gesteuert, schlie\u00dflich habe sein SpaceX-Projekt den Russen sogar geschadet, erkl\u00e4rte Musk. Es sei &#8220;v\u00f6llig ausgeschlossen&#8221;, dass Russland in seinem Konflikt mit der Ukraine eine Niederlage erleiden werde, sagte der CEO [&hellip;]\" \/>\n<meta property=\"og:url\" content=\"https:\/\/now-news.de\/de\/deutschland\/elon-musk-es-ist-voellig-ausgeschlossen-dass-russland-den-ukraine-konflikt-verliert\/\" \/>\n<meta property=\"og:site_name\" content=\"just-now.NEWS Deutschland\" \/>\n<meta property=\"article:publisher\" content=\"https:\/\/www.facebook.com\/wirmachenauf\" \/>\n<meta property=\"article:published_time\" content=\"2024-02-13T17:41:58+00:00\" \/>\n<meta property=\"og:image\" content=\"https:\/\/now-news.de\/de\/wp-content\/uploads\/sites\/3\/2024\/02\/Elon-Musk-quotEs-ist-voellig-ausgeschlossen-dass-Russland-den-Ukraine-Konflikt.jpg\" \/>\n\t<meta property=\"og:image:width\" content=\"460\" \/>\n\t<meta property=\"og:image:height\" content=\"259\" \/>\n\t<meta property=\"og:image:type\" content=\"image\/jpeg\" \/>\n<meta name=\"author\" content=\"rtnews\" \/>\n<meta name=\"twitter:card\" content=\"summary_large_image\" \/>\n<meta name=\"twitter:creator\" content=\"@WirMachenAuf_de\" \/>\n<meta name=\"twitter:site\" content=\"@WirMachenAuf_de\" \/>\n<meta name=\"twitter:label1\" content=\"Verfasst von\" \/>\n\t<meta name=\"twitter:data1\" content=\"rtnews\" \/>\n\t<meta name=\"twitter:label2\" content=\"Gesch\u00e4tzte Lesezeit\" \/>\n\t<meta name=\"twitter:data2\" content=\"3\u00a0Minuten\" \/>\n<script type=\"application\/ld+json\" class=\"yoast-schema-graph\">{\"@context\":\"https:\/\/schema.org\",\"@graph\":[{\"@type\":\"Article\",\"@id\":\"https:\/\/now-news.de\/de\/deutschland\/elon-musk-es-ist-voellig-ausgeschlossen-dass-russland-den-ukraine-konflikt-verliert\/#article\",\"isPartOf\":{\"@id\":\"https:\/\/now-news.de\/de\/deutschland\/elon-musk-es-ist-voellig-ausgeschlossen-dass-russland-den-ukraine-konflikt-verliert\/\"},\"author\":{\"name\":\"rtnews\",\"@id\":\"https:\/\/now-news.de\/de\/#\/schema\/person\/fb534a4e865501d8b3285208df34a9b5\"},\"headline\":\"Elon Musk: &quot;Es ist v\u00f6llig ausgeschlossen, dass Russland den Ukraine-Konflikt verliert&quot;\",\"datePublished\":\"2024-02-13T17:41:58+00:00\",\"dateModified\":\"2024-02-13T17:41:58+00:00\",\"mainEntityOfPage\":{\"@id\":\"https:\/\/now-news.de\/de\/deutschland\/elon-musk-es-ist-voellig-ausgeschlossen-dass-russland-den-ukraine-konflikt-verliert\/\"},\"wordCount\":537,\"commentCount\":0,\"publisher\":{\"@id\":\"https:\/\/now-news.de\/de\/#organization\"},\"image\":{\"@id\":\"https:\/\/now-news.de\/de\/deutschland\/elon-musk-es-ist-voellig-ausgeschlossen-dass-russland-den-ukraine-konflikt-verliert\/#primaryimage\"},\"thumbnailUrl\":\"https:\/\/now-news.de\/de\/wp-content\/uploads\/sites\/3\/2024\/02\/Elon-Musk-quotEs-ist-voellig-ausgeschlossen-dass-Russland-den-Ukraine-Konflikt.jpg\",\"keywords\":[\"ausgeschlossen\",\"dass\",\"den\",\"ELON\",\"ist\",\"Musk\",\"quotEs\",\"russland\",\"UkraineKonflikt\",\"verliertquot\",\"v\u00f6llig\"],\"articleSection\":[\"Deutschland\",\"Russland\"],\"inLanguage\":\"de\",\"potentialAction\":[{\"@type\":\"CommentAction\",\"name\":\"Comment\",\"target\":[\"https:\/\/now-news.de\/de\/deutschland\/elon-musk-es-ist-voellig-ausgeschlossen-dass-russland-den-ukraine-konflikt-verliert\/#respond\"]}]},{\"@type\":\"WebPage\",\"@id\":\"https:\/\/now-news.de\/de\/deutschland\/elon-musk-es-ist-voellig-ausgeschlossen-dass-russland-den-ukraine-konflikt-verliert\/\",\"url\":\"https:\/\/now-news.de\/de\/deutschland\/elon-musk-es-ist-voellig-ausgeschlossen-dass-russland-den-ukraine-konflikt-verliert\/\",\"name\":\"Elon Musk: &quot;Es ist v\u00f6llig ausgeschlossen, dass Russland den Ukraine-Konflikt verliert&quot; - just-now.NEWS Deutschland\",\"isPartOf\":{\"@id\":\"https:\/\/now-news.de\/de\/#website\"},\"primaryImageOfPage\":{\"@id\":\"https:\/\/now-news.de\/de\/deutschland\/elon-musk-es-ist-voellig-ausgeschlossen-dass-russland-den-ukraine-konflikt-verliert\/#primaryimage\"},\"image\":{\"@id\":\"https:\/\/now-news.de\/de\/deutschland\/elon-musk-es-ist-voellig-ausgeschlossen-dass-russland-den-ukraine-konflikt-verliert\/#primaryimage\"},\"thumbnailUrl\":\"https:\/\/now-news.de\/de\/wp-content\/uploads\/sites\/3\/2024\/02\/Elon-Musk-quotEs-ist-voellig-ausgeschlossen-dass-Russland-den-Ukraine-Konflikt.jpg\",\"datePublished\":\"2024-02-13T17:41:58+00:00\",\"dateModified\":\"2024-02-13T17:41:58+00:00\",\"breadcrumb\":{\"@id\":\"https:\/\/now-news.de\/de\/deutschland\/elon-musk-es-ist-voellig-ausgeschlossen-dass-russland-den-ukraine-konflikt-verliert\/#breadcrumb\"},\"inLanguage\":\"de\",\"potentialAction\":[{\"@type\":\"ReadAction\",\"target\":[\"https:\/\/now-news.de\/de\/deutschland\/elon-musk-es-ist-voellig-ausgeschlossen-dass-russland-den-ukraine-konflikt-verliert\/\"]}]},{\"@type\":\"ImageObject\",\"inLanguage\":\"de\",\"@id\":\"https:\/\/now-news.de\/de\/deutschland\/elon-musk-es-ist-voellig-ausgeschlossen-dass-russland-den-ukraine-konflikt-verliert\/#primaryimage\",\"url\":\"https:\/\/now-news.de\/de\/wp-content\/uploads\/sites\/3\/2024\/02\/Elon-Musk-quotEs-ist-voellig-ausgeschlossen-dass-Russland-den-Ukraine-Konflikt.jpg\",\"contentUrl\":\"https:\/\/now-news.de\/de\/wp-content\/uploads\/sites\/3\/2024\/02\/Elon-Musk-quotEs-ist-voellig-ausgeschlossen-dass-Russland-den-Ukraine-Konflikt.jpg\",\"width\":460,\"height\":259,\"caption\":\"Elon Musk: &quot;Es ist v\u00f6llig ausgeschlossen, dass Russland den Ukraine-Konflikt verliert&quot;\"},{\"@type\":\"BreadcrumbList\",\"@id\":\"https:\/\/now-news.de\/de\/deutschland\/elon-musk-es-ist-voellig-ausgeschlossen-dass-russland-den-ukraine-konflikt-verliert\/#breadcrumb\",\"itemListElement\":[{\"@type\":\"ListItem\",\"position\":1,\"name\":\"Home\",\"item\":\"https:\/\/now-news.de\/de\/\"},{\"@type\":\"ListItem\",\"position\":2,\"name\":\"Elon Musk: &quot;Es ist v\u00f6llig ausgeschlossen, dass Russland den Ukraine-Konflikt verliert&quot;\"}]},{\"@type\":\"WebSite\",\"@id\":\"https:\/\/now-news.de\/de\/#website\",\"url\":\"https:\/\/now-news.de\/de\/\",\"name\":\"just-now.NEWS Deutschland\",\"description\":\"Das Portal f\u00fcr unzensierte Nachrichten aus der Welt\",\"publisher\":{\"@id\":\"https:\/\/now-news.de\/de\/#organization\"},\"potentialAction\":[{\"@type\":\"SearchAction\",\"target\":{\"@type\":\"EntryPoint\",\"urlTemplate\":\"https:\/\/now-news.de\/de\/?s={search_term_string}\"},\"query-input\":\"required name=search_term_string\"}],\"inLanguage\":\"de\"},{\"@type\":\"Organization\",\"@id\":\"https:\/\/now-news.de\/de\/#organization\",\"name\":\"Just Now News\",\"url\":\"https:\/\/now-news.de\/de\/\",\"logo\":{\"@type\":\"ImageObject\",\"inLanguage\":\"de\",\"@id\":\"https:\/\/now-news.de\/de\/#\/schema\/logo\/image\/\",\"url\":\"http:\/\/just-now.news\/de\/wp-content\/uploads\/sites\/3\/2022\/04\/logo500x500.jpg\",\"contentUrl\":\"http:\/\/just-now.news\/de\/wp-content\/uploads\/sites\/3\/2022\/04\/logo500x500.jpg\",\"width\":500,\"height\":500,\"caption\":\"Just Now News\"},\"image\":{\"@id\":\"https:\/\/now-news.de\/de\/#\/schema\/logo\/image\/\"},\"sameAs\":[\"https:\/\/www.facebook.com\/wirmachenauf\",\"https:\/\/x.com\/WirMachenAuf_de\"]},{\"@type\":\"Person\",\"@id\":\"https:\/\/now-news.de\/de\/#\/schema\/person\/fb534a4e865501d8b3285208df34a9b5\",\"name\":\"rtnews\",\"image\":{\"@type\":\"ImageObject\",\"inLanguage\":\"de\",\"@id\":\"https:\/\/now-news.de\/de\/#\/schema\/person\/image\/\",\"url\":\"https:\/\/secure.gravatar.com\/avatar\/82aafea7d8127119dd649515f56e2117?s=96&d=mm&r=g\",\"contentUrl\":\"https:\/\/secure.gravatar.com\/avatar\/82aafea7d8127119dd649515f56e2117?s=96&d=mm&r=g\",\"caption\":\"rtnews\"},\"url\":\"https:\/\/now-news.de\/de\/author\/rnews\/\"}]}<\/script>\n<!-- \/ Yoast SEO Premium plugin. -->","yoast_head_json":{"title":"Elon Musk: &quot;Es ist v\u00f6llig ausgeschlossen, dass Russland den Ukraine-Konflikt verliert&quot; - just-now.NEWS Deutschland","robots":{"index":"index","follow":"follow","max-snippet":"max-snippet:-1","max-image-preview":"max-image-preview:large","max-video-preview":"max-video-preview:-1"},"canonical":"https:\/\/now-news.de\/de\/deutschland\/elon-musk-es-ist-voellig-ausgeschlossen-dass-russland-den-ukraine-konflikt-verliert\/","og_locale":"de_DE","og_type":"article","og_title":"Elon Musk: &quot;Es ist v\u00f6llig ausgeschlossen, dass Russland den Ukraine-Konflikt verliert&quot;","og_description":"Der US-Milliard\u00e4r Elon Musk fordert eine friedliche Beilegung des Ukraine-Konflikts. Weitere US-Finanzhilfen lehnt er ab. Sie w\u00fcrden der Ukraine schaden. Er sei nicht aus Moskau gesteuert, schlie\u00dflich habe sein SpaceX-Projekt den Russen sogar geschadet, erkl\u00e4rte Musk. Es sei &#8220;v\u00f6llig ausgeschlossen&#8221;, dass Russland in seinem Konflikt mit der Ukraine eine Niederlage erleiden werde, sagte der CEO [&hellip;]","og_url":"https:\/\/now-news.de\/de\/deutschland\/elon-musk-es-ist-voellig-ausgeschlossen-dass-russland-den-ukraine-konflikt-verliert\/","og_site_name":"just-now.NEWS Deutschland","article_publisher":"https:\/\/www.facebook.com\/wirmachenauf","article_published_time":"2024-02-13T17:41:58+00:00","og_image":[{"width":460,"height":259,"url":"https:\/\/now-news.de\/de\/wp-content\/uploads\/sites\/3\/2024\/02\/Elon-Musk-quotEs-ist-voellig-ausgeschlossen-dass-Russland-den-Ukraine-Konflikt.jpg","type":"image\/jpeg"}],"author":"rtnews","twitter_card":"summary_large_image","twitter_creator":"@WirMachenAuf_de","twitter_site":"@WirMachenAuf_de","twitter_misc":{"Verfasst von":"rtnews","Gesch\u00e4tzte Lesezeit":"3\u00a0Minuten"},"schema":{"@context":"https:\/\/schema.org","@graph":[{"@type":"Article","@id":"https:\/\/now-news.de\/de\/deutschland\/elon-musk-es-ist-voellig-ausgeschlossen-dass-russland-den-ukraine-konflikt-verliert\/#article","isPartOf":{"@id":"https:\/\/now-news.de\/de\/deutschland\/elon-musk-es-ist-voellig-ausgeschlossen-dass-russland-den-ukraine-konflikt-verliert\/"},"author":{"name":"rtnews","@id":"https:\/\/now-news.de\/de\/#\/schema\/person\/fb534a4e865501d8b3285208df34a9b5"},"headline":"Elon Musk: &quot;Es ist v\u00f6llig ausgeschlossen, dass Russland den Ukraine-Konflikt verliert&quot;","datePublished":"2024-02-13T17:41:58+00:00","dateModified":"2024-02-13T17:41:58+00:00","mainEntityOfPage":{"@id":"https:\/\/now-news.de\/de\/deutschland\/elon-musk-es-ist-voellig-ausgeschlossen-dass-russland-den-ukraine-konflikt-verliert\/"},"wordCount":537,"commentCount":0,"publisher":{"@id":"https:\/\/now-news.de\/de\/#organization"},"image":{"@id":"https:\/\/now-news.de\/de\/deutschland\/elon-musk-es-ist-voellig-ausgeschlossen-dass-russland-den-ukraine-konflikt-verliert\/#primaryimage"},"thumbnailUrl":"https:\/\/now-news.de\/de\/wp-content\/uploads\/sites\/3\/2024\/02\/Elon-Musk-quotEs-ist-voellig-ausgeschlossen-dass-Russland-den-Ukraine-Konflikt.jpg","keywords":["ausgeschlossen","dass","den","ELON","ist","Musk","quotEs","russland","UkraineKonflikt","verliertquot","v\u00f6llig"],"articleSection":["Deutschland","Russland"],"inLanguage":"de","potentialAction":[{"@type":"CommentAction","name":"Comment","target":["https:\/\/now-news.de\/de\/deutschland\/elon-musk-es-ist-voellig-ausgeschlossen-dass-russland-den-ukraine-konflikt-verliert\/#respond"]}]},{"@type":"WebPage","@id":"https:\/\/now-news.de\/de\/deutschland\/elon-musk-es-ist-voellig-ausgeschlossen-dass-russland-den-ukraine-konflikt-verliert\/","url":"https:\/\/now-news.de\/de\/deutschland\/elon-musk-es-ist-voellig-ausgeschlossen-dass-russland-den-ukraine-konflikt-verliert\/","name":"Elon Musk: &quot;Es ist v\u00f6llig ausgeschlossen, dass Russland den Ukraine-Konflikt verliert&quot; - just-now.NEWS Deutschland","isPartOf":{"@id":"https:\/\/now-news.de\/de\/#website"},"primaryImageOfPage":{"@id":"https:\/\/now-news.de\/de\/deutschland\/elon-musk-es-ist-voellig-ausgeschlossen-dass-russland-den-ukraine-konflikt-verliert\/#primaryimage"},"image":{"@id":"https:\/\/now-news.de\/de\/deutschland\/elon-musk-es-ist-voellig-ausgeschlossen-dass-russland-den-ukraine-konflikt-verliert\/#primaryimage"},"thumbnailUrl":"https:\/\/now-news.de\/de\/wp-content\/uploads\/sites\/3\/2024\/02\/Elon-Musk-quotEs-ist-voellig-ausgeschlossen-dass-Russland-den-Ukraine-Konflikt.jpg","datePublished":"2024-02-13T17:41:58+00:00","dateModified":"2024-02-13T17:41:58+00:00","breadcrumb":{"@id":"https:\/\/now-news.de\/de\/deutschland\/elon-musk-es-ist-voellig-ausgeschlossen-dass-russland-den-ukraine-konflikt-verliert\/#breadcrumb"},"inLanguage":"de","potentialAction":[{"@type":"ReadAction","target":["https:\/\/now-news.de\/de\/deutschland\/elon-musk-es-ist-voellig-ausgeschlossen-dass-russland-den-ukraine-konflikt-verliert\/"]}]},{"@type":"ImageObject","inLanguage":"de","@id":"https:\/\/now-news.de\/de\/deutschland\/elon-musk-es-ist-voellig-ausgeschlossen-dass-russland-den-ukraine-konflikt-verliert\/#primaryimage","url":"https:\/\/now-news.de\/de\/wp-content\/uploads\/sites\/3\/2024\/02\/Elon-Musk-quotEs-ist-voellig-ausgeschlossen-dass-Russland-den-Ukraine-Konflikt.jpg","contentUrl":"https:\/\/now-news.de\/de\/wp-content\/uploads\/sites\/3\/2024\/02\/Elon-Musk-quotEs-ist-voellig-ausgeschlossen-dass-Russland-den-Ukraine-Konflikt.jpg","width":460,"height":259,"caption":"Elon Musk: &quot;Es ist v\u00f6llig ausgeschlossen, dass Russland den Ukraine-Konflikt verliert&quot;"},{"@type":"BreadcrumbList","@id":"https:\/\/now-news.de\/de\/deutschland\/elon-musk-es-ist-voellig-ausgeschlossen-dass-russland-den-ukraine-konflikt-verliert\/#breadcrumb","itemListElement":[{"@type":"ListItem","position":1,"name":"Home","item":"https:\/\/now-news.de\/de\/"},{"@type":"ListItem","position":2,"name":"Elon Musk: &quot;Es ist v\u00f6llig ausgeschlossen, dass Russland den Ukraine-Konflikt verliert&quot;"}]},{"@type":"WebSite","@id":"https:\/\/now-news.de\/de\/#website","url":"https:\/\/now-news.de\/de\/","name":"just-now.NEWS Deutschland","description":"Das Portal f\u00fcr unzensierte Nachrichten aus der Welt","publisher":{"@id":"https:\/\/now-news.de\/de\/#organization"},"potentialAction":[{"@type":"SearchAction","target":{"@type":"EntryPoint","urlTemplate":"https:\/\/now-news.de\/de\/?s={search_term_string}"},"query-input":"required name=search_term_string"}],"inLanguage":"de"},{"@type":"Organization","@id":"https:\/\/now-news.de\/de\/#organization","name":"Just Now News","url":"https:\/\/now-news.de\/de\/","logo":{"@type":"ImageObject","inLanguage":"de","@id":"https:\/\/now-news.de\/de\/#\/schema\/logo\/image\/","url":"http:\/\/just-now.news\/de\/wp-content\/uploads\/sites\/3\/2022\/04\/logo500x500.jpg","contentUrl":"http:\/\/just-now.news\/de\/wp-content\/uploads\/sites\/3\/2022\/04\/logo500x500.jpg","width":500,"height":500,"caption":"Just Now News"},"image":{"@id":"https:\/\/now-news.de\/de\/#\/schema\/logo\/image\/"},"sameAs":["https:\/\/www.facebook.com\/wirmachenauf","https:\/\/x.com\/WirMachenAuf_de"]},{"@type":"Person","@id":"https:\/\/now-news.de\/de\/#\/schema\/person\/fb534a4e865501d8b3285208df34a9b5","name":"rtnews","image":{"@type":"ImageObject","inLanguage":"de","@id":"https:\/\/now-news.de\/de\/#\/schema\/person\/image\/","url":"https:\/\/secure.gravatar.com\/avatar\/82aafea7d8127119dd649515f56e2117?s=96&d=mm&r=g","contentUrl":"https:\/\/secure.gravatar.com\/avatar\/82aafea7d8127119dd649515f56e2117?s=96&d=mm&r=g","caption":"rtnews"},"url":"https:\/\/now-news.de\/de\/author\/rnews\/"}]}},"_links":{"self":[{"href":"https:\/\/now-news.de\/de\/wp-json\/wp\/v2\/posts\/55256"}],"collection":[{"href":"https:\/\/now-news.de\/de\/wp-json\/wp\/v2\/posts"}],"about":[{"href":"https:\/\/now-news.de\/de\/wp-json\/wp\/v2\/types\/post"}],"author":[{"embeddable":true,"href":"https:\/\/now-news.de\/de\/wp-json\/wp\/v2\/users\/3"}],"replies":[{"embeddable":true,"href":"https:\/\/now-news.de\/de\/wp-json\/wp\/v2\/comments?post=55256"}],"version-history":[{"count":0,"href":"https:\/\/now-news.de\/de\/wp-json\/wp\/v2\/posts\/55256\/revisions"}],"wp:featuredmedia":[{"embeddable":true,"href":"https:\/\/now-news.de\/de\/wp-json\/wp\/v2\/media\/55257"}],"wp:attachment":[{"href":"https:\/\/now-news.de\/de\/wp-json\/wp\/v2\/media?parent=55256"}],"wp:term":[{"taxonomy":"category","embeddable":true,"href":"https:\/\/now-news.de\/de\/wp-json\/wp\/v2\/categories?post=55256"},{"taxonomy":"post_tag","embeddable":true,"href":"https:\/\/now-news.de\/de\/wp-json\/wp\/v2\/tags?post=55256"}],"curies":[{"name":"wp","href":"https:\/\/api.w.org\/{rel}","templated":true}]}}