{"id":55207,"date":"2024-02-12T23:25:54","date_gmt":"2024-02-12T21:25:54","guid":{"rendered":"https:\/\/just-now.news\/de\/deutschland\/nebensja-kiew-wird-sich-wegen-voelkermordes-im-donbass-vor-gericht-verantworten-muessen\/"},"modified":"2024-02-12T23:25:54","modified_gmt":"2024-02-12T21:25:54","slug":"nebensja-kiew-wird-sich-wegen-voelkermordes-im-donbass-vor-gericht-verantworten-muessen","status":"publish","type":"post","link":"https:\/\/now-news.de\/de\/deutschland\/nebensja-kiew-wird-sich-wegen-voelkermordes-im-donbass-vor-gericht-verantworten-muessen\/","title":{"rendered":"Nebensja: Kiew wird sich wegen V\u00f6lkermordes im Donbass vor Gericht verantworten m\u00fcssen"},"content":{"rendered":"<p><img decoding=\"async\" src=\"http:\/\/just-now.news\/de\/wp-content\/uploads\/sites\/3\/2024\/02\/65ca881148fbef7176105d9a.jpg\" \/><\/p>\n<div class=\"Text-root Text-type_1 \">\n                Die beiden Entscheidungen, die der Internationale Gerichtshof der Vereinten Nationen in den zwei Klageverfahren der Ukraine gegen Russland gef\u00e4llt habe, h\u00e4tten das langj\u00e4hrige ukrainische Narrativ widerlegt. Dies sagte Russlands UN-Botschafter Nebensja. Nun befinde sich Kiew in Den Haag auf der Anklagebank, schlussfolgerte er.\n            <\/div>\n<p><\/p>\n<div class=\"Text-root Text-type_5 ArticleView-text ViewText-root \">\n<p>Nach der <a rel=\"nofollow noopener\" target=\"_blank\" href=\"https:\/\/freeassange.rtde.life\/international\/194903-internationaler-gerichtshof-laesst-klage-ukraine-vs-russland-zu\/\">Zwischenentscheidung des Internationalen Gerichtshofs<\/a> der Vereinten Nationen zu einer Klage gegen Moskau sitze nun Kiew auf der Anklagebank und werde beweisen m\u00fcssen, dass es nicht Organisator des V\u00f6lkermords im Donbass war. Dies sagte der St\u00e4ndige Vertreter Russlands bei der UNO, Wassili Nebensja, auf einer Sitzung des Sicherheitsrates der Weltorganisation am Montag.<\/p>\n<blockquote>\n<p><em>&#8220;Kiew hat sich damit selbst auf die Anklagebank gesetzt und wird\u00a0jetzt beweisen m\u00fcssen, dass es keinen V\u00f6lkermord durch das Kiewer Regime im Donbass gab&#8221;<\/em>, betonte der Diplomat.<\/p>\n<\/blockquote>\n<p>Er erinnerte zudem daran, dass der Internationale Gerichtshof der Vereinten Nationen sich in einem Parallelverfahren, das zuvor <a rel=\"nofollow noopener\" target=\"_blank\" href=\"https:\/\/freeassange.rtde.life\/international\/194647-internationaler-gerichtshof-weist-klage-ukraine-ab\/\">durch Urteil abgeschlossen<\/a> werden konnte, geweigert habe, Russland pauschal als &#8220;Aggressorstaat&#8221; und als ein Land anzuerkennen, das den Terrorismus f\u00f6rdere und die Krimtataren sowie die Ukrainer auf der Krim diskriminiere. Auch habe er weder die Volksrepublik Donezk noch Russland f\u00fcr den Abschuss des Fluges MH-17 verantwortlich gemacht:<\/p>\n<blockquote>\n<p><em>&#8220;Dieser ungeschickte Versuch (der Ukraine) endete mit einem endg\u00fcltigen Gerichtsurteil, das besagt, dass weder die Donezker noch die Lugansker Volksrepubliken terroristische Organisationen sind. Mit anderen Worten: Es gab keine Terroristen im Donbass. Es gab nur diejenigen, die von den neuen Beh\u00f6rden die Achtung ihrer gesetzlichen Rechte forderten und die Kiew stattdessen zu t\u00f6ten begann.&#8221;<\/em><\/p>\n<\/blockquote>\n<p>Der Botschafter f\u00fcgte hinzu, dass die ukrainische Regierung die Strafma\u00dfnahmen gegen die Zivilbev\u00f6lkerung im Donbass stets als &#8220;Anti-Terror-Operation&#8221; bezeichnet habe, als Ma\u00dfnahmen gegen &#8220;Terroristen&#8221;, die sich nach dem Urteil des Haager Gerichts gar nicht in der Region aufhielten.<\/p>\n<p>Der Diplomat k\u00fcndigte dar\u00fcber hinaus an, dass Russland im UN-Sicherheitsrat und in der UN-Generalversammlung ein Schreiben mit der korrekten Auslegung der Urteile des Internationalen Gerichtshofs zu den Klagen der Ukraine gegen Moskau in Umlauf bringen werde.<\/p>\n<p><strong>Mehr zum Thema<\/strong> &#8211; <a rel=\"nofollow noopener\" target=\"_blank\" href=\"https:\/\/freeassange.rtde.life\/international\/194903-internationaler-gerichtshof-laesst-klage-ukraine-vs-russland-zu\/\">Internationaler Gerichtshof l\u00e4sst Klage der Ukraine gegen Russland teilweise zu<\/a><\/p>\n<\/p>\n<\/div>\n<p><br \/>\n<br \/><a href=\"https:\/\/de.rt.com\/international\/195983-nebensja-kiew-wird-sich-wegen-genozids-verantworten-muessen\/\">Source link <\/a><\/p>\n","protected":false},"excerpt":{"rendered":"<p>Die beiden Entscheidungen, die der Internationale Gerichtshof der Vereinten Nationen in den zwei Klageverfahren der Ukraine gegen Russland gef\u00e4llt habe, h\u00e4tten das langj\u00e4hrige ukrainische Narrativ widerlegt. Dies sagte Russlands UN-Botschafter Nebensja. Nun befinde sich Kiew in Den Haag auf der Anklagebank, schlussfolgerte er. Nach der Zwischenentscheidung des Internationalen Gerichtshofs der Vereinten Nationen zu einer Klage [&hellip;]<\/p>\n","protected":false},"author":3,"featured_media":55208,"comment_status":"open","ping_status":"open","sticky":false,"template":"","format":"standard","meta":{"_yoast_indexnow_last_ping":["1707773722"],"wp_automatic_camp":["217"],"7ce939bfefeb56d2dc1458809be25605":["Nebensja: Kiew wird sich wegen V\u00f6lkermordes im Donbass vor Gericht verantworten m\u00fcssen"],"original_link":["https:\/\/de.rt.com\/international\/195983-nebensja-kiew-wird-sich-wegen-genozids-verantworten-muessen\/"],"_thumbnail_id":["55208"],"_wptgpro_p2tg_sent2tg":["a:1:{i:23737;s:19:\"2024-02-12 23:36:23\";}"],"jnews_social_counter_last_update":["1777174781"]},"categories":[19,23],"tags":[818,3348,1025,10623,31952,434,39913,49993,320,145,374],"yoast_head":"<!-- This site is optimized with the Yoast SEO Premium plugin v22.7 (Yoast SEO v22.7) - https:\/\/yoast.com\/wordpress\/plugins\/seo\/ -->\n<title>Nebensja: Kiew wird sich wegen V\u00f6lkermordes im Donbass vor Gericht verantworten m\u00fcssen - just-now.NEWS Deutschland<\/title>\n<meta name=\"robots\" content=\"index, follow, max-snippet:-1, max-image-preview:large, max-video-preview:-1\" \/>\n<link rel=\"canonical\" href=\"https:\/\/now-news.de\/de\/deutschland\/nebensja-kiew-wird-sich-wegen-voelkermordes-im-donbass-vor-gericht-verantworten-muessen\/\" \/>\n<meta property=\"og:locale\" content=\"de_DE\" \/>\n<meta property=\"og:type\" content=\"article\" \/>\n<meta property=\"og:title\" content=\"Nebensja: Kiew wird sich wegen V\u00f6lkermordes im Donbass vor Gericht verantworten m\u00fcssen\" \/>\n<meta property=\"og:description\" content=\"Die beiden Entscheidungen, die der Internationale Gerichtshof der Vereinten Nationen in den zwei Klageverfahren der Ukraine gegen Russland gef\u00e4llt habe, h\u00e4tten das langj\u00e4hrige ukrainische Narrativ widerlegt. Dies sagte Russlands UN-Botschafter Nebensja. Nun befinde sich Kiew in Den Haag auf der Anklagebank, schlussfolgerte er. Nach der Zwischenentscheidung des Internationalen Gerichtshofs der Vereinten Nationen zu einer Klage [&hellip;]\" \/>\n<meta property=\"og:url\" content=\"https:\/\/now-news.de\/de\/deutschland\/nebensja-kiew-wird-sich-wegen-voelkermordes-im-donbass-vor-gericht-verantworten-muessen\/\" \/>\n<meta property=\"og:site_name\" content=\"just-now.NEWS Deutschland\" \/>\n<meta property=\"article:publisher\" content=\"https:\/\/www.facebook.com\/wirmachenauf\" \/>\n<meta property=\"article:published_time\" content=\"2024-02-12T21:25:54+00:00\" \/>\n<meta property=\"og:image\" content=\"https:\/\/now-news.de\/de\/wp-content\/uploads\/sites\/3\/2024\/02\/Nebensja-Kiew-wird-sich-wegen-Voelkermordes-im-Donbass-vor-Gericht.jpg\" \/>\n\t<meta property=\"og:image:width\" content=\"460\" \/>\n\t<meta property=\"og:image:height\" content=\"259\" \/>\n\t<meta property=\"og:image:type\" content=\"image\/jpeg\" \/>\n<meta name=\"author\" content=\"rtnews\" \/>\n<meta name=\"twitter:card\" content=\"summary_large_image\" \/>\n<meta name=\"twitter:creator\" content=\"@WirMachenAuf_de\" \/>\n<meta name=\"twitter:site\" content=\"@WirMachenAuf_de\" \/>\n<meta name=\"twitter:label1\" content=\"Verfasst von\" \/>\n\t<meta name=\"twitter:data1\" content=\"rtnews\" \/>\n\t<meta name=\"twitter:label2\" content=\"Gesch\u00e4tzte Lesezeit\" \/>\n\t<meta name=\"twitter:data2\" content=\"2\u00a0Minuten\" \/>\n<script type=\"application\/ld+json\" class=\"yoast-schema-graph\">{\"@context\":\"https:\/\/schema.org\",\"@graph\":[{\"@type\":\"Article\",\"@id\":\"https:\/\/now-news.de\/de\/deutschland\/nebensja-kiew-wird-sich-wegen-voelkermordes-im-donbass-vor-gericht-verantworten-muessen\/#article\",\"isPartOf\":{\"@id\":\"https:\/\/now-news.de\/de\/deutschland\/nebensja-kiew-wird-sich-wegen-voelkermordes-im-donbass-vor-gericht-verantworten-muessen\/\"},\"author\":{\"name\":\"rtnews\",\"@id\":\"https:\/\/now-news.de\/de\/#\/schema\/person\/fb534a4e865501d8b3285208df34a9b5\"},\"headline\":\"Nebensja: Kiew wird sich wegen V\u00f6lkermordes im Donbass vor Gericht verantworten m\u00fcssen\",\"datePublished\":\"2024-02-12T21:25:54+00:00\",\"dateModified\":\"2024-02-12T21:25:54+00:00\",\"mainEntityOfPage\":{\"@id\":\"https:\/\/now-news.de\/de\/deutschland\/nebensja-kiew-wird-sich-wegen-voelkermordes-im-donbass-vor-gericht-verantworten-muessen\/\"},\"wordCount\":367,\"commentCount\":0,\"publisher\":{\"@id\":\"https:\/\/now-news.de\/de\/#organization\"},\"image\":{\"@id\":\"https:\/\/now-news.de\/de\/deutschland\/nebensja-kiew-wird-sich-wegen-voelkermordes-im-donbass-vor-gericht-verantworten-muessen\/#primaryimage\"},\"thumbnailUrl\":\"https:\/\/now-news.de\/de\/wp-content\/uploads\/sites\/3\/2024\/02\/Nebensja-Kiew-wird-sich-wegen-Voelkermordes-im-Donbass-vor-Gericht.jpg\",\"keywords\":[\"Donbass\",\"Gericht\",\"Kiew\",\"m\u00fcssen\",\"Nebensja\",\"sich\",\"verantworten\",\"V\u00f6lkermordes\",\"vor\",\"wegen\",\"wird\"],\"articleSection\":[\"Deutschland\",\"Russland\"],\"inLanguage\":\"de\",\"potentialAction\":[{\"@type\":\"CommentAction\",\"name\":\"Comment\",\"target\":[\"https:\/\/now-news.de\/de\/deutschland\/nebensja-kiew-wird-sich-wegen-voelkermordes-im-donbass-vor-gericht-verantworten-muessen\/#respond\"]}]},{\"@type\":\"WebPage\",\"@id\":\"https:\/\/now-news.de\/de\/deutschland\/nebensja-kiew-wird-sich-wegen-voelkermordes-im-donbass-vor-gericht-verantworten-muessen\/\",\"url\":\"https:\/\/now-news.de\/de\/deutschland\/nebensja-kiew-wird-sich-wegen-voelkermordes-im-donbass-vor-gericht-verantworten-muessen\/\",\"name\":\"Nebensja: Kiew wird sich wegen V\u00f6lkermordes im Donbass vor Gericht verantworten m\u00fcssen - just-now.NEWS Deutschland\",\"isPartOf\":{\"@id\":\"https:\/\/now-news.de\/de\/#website\"},\"primaryImageOfPage\":{\"@id\":\"https:\/\/now-news.de\/de\/deutschland\/nebensja-kiew-wird-sich-wegen-voelkermordes-im-donbass-vor-gericht-verantworten-muessen\/#primaryimage\"},\"image\":{\"@id\":\"https:\/\/now-news.de\/de\/deutschland\/nebensja-kiew-wird-sich-wegen-voelkermordes-im-donbass-vor-gericht-verantworten-muessen\/#primaryimage\"},\"thumbnailUrl\":\"https:\/\/now-news.de\/de\/wp-content\/uploads\/sites\/3\/2024\/02\/Nebensja-Kiew-wird-sich-wegen-Voelkermordes-im-Donbass-vor-Gericht.jpg\",\"datePublished\":\"2024-02-12T21:25:54+00:00\",\"dateModified\":\"2024-02-12T21:25:54+00:00\",\"breadcrumb\":{\"@id\":\"https:\/\/now-news.de\/de\/deutschland\/nebensja-kiew-wird-sich-wegen-voelkermordes-im-donbass-vor-gericht-verantworten-muessen\/#breadcrumb\"},\"inLanguage\":\"de\",\"potentialAction\":[{\"@type\":\"ReadAction\",\"target\":[\"https:\/\/now-news.de\/de\/deutschland\/nebensja-kiew-wird-sich-wegen-voelkermordes-im-donbass-vor-gericht-verantworten-muessen\/\"]}]},{\"@type\":\"ImageObject\",\"inLanguage\":\"de\",\"@id\":\"https:\/\/now-news.de\/de\/deutschland\/nebensja-kiew-wird-sich-wegen-voelkermordes-im-donbass-vor-gericht-verantworten-muessen\/#primaryimage\",\"url\":\"https:\/\/now-news.de\/de\/wp-content\/uploads\/sites\/3\/2024\/02\/Nebensja-Kiew-wird-sich-wegen-Voelkermordes-im-Donbass-vor-Gericht.jpg\",\"contentUrl\":\"https:\/\/now-news.de\/de\/wp-content\/uploads\/sites\/3\/2024\/02\/Nebensja-Kiew-wird-sich-wegen-Voelkermordes-im-Donbass-vor-Gericht.jpg\",\"width\":460,\"height\":259,\"caption\":\"Nebensja: Kiew wird sich wegen V\u00f6lkermordes im Donbass vor Gericht verantworten m\u00fcssen\"},{\"@type\":\"BreadcrumbList\",\"@id\":\"https:\/\/now-news.de\/de\/deutschland\/nebensja-kiew-wird-sich-wegen-voelkermordes-im-donbass-vor-gericht-verantworten-muessen\/#breadcrumb\",\"itemListElement\":[{\"@type\":\"ListItem\",\"position\":1,\"name\":\"Home\",\"item\":\"https:\/\/now-news.de\/de\/\"},{\"@type\":\"ListItem\",\"position\":2,\"name\":\"Nebensja: Kiew wird sich wegen V\u00f6lkermordes im Donbass vor Gericht verantworten m\u00fcssen\"}]},{\"@type\":\"WebSite\",\"@id\":\"https:\/\/now-news.de\/de\/#website\",\"url\":\"https:\/\/now-news.de\/de\/\",\"name\":\"just-now.NEWS Deutschland\",\"description\":\"Das Portal f\u00fcr unzensierte Nachrichten aus der Welt\",\"publisher\":{\"@id\":\"https:\/\/now-news.de\/de\/#organization\"},\"potentialAction\":[{\"@type\":\"SearchAction\",\"target\":{\"@type\":\"EntryPoint\",\"urlTemplate\":\"https:\/\/now-news.de\/de\/?s={search_term_string}\"},\"query-input\":\"required name=search_term_string\"}],\"inLanguage\":\"de\"},{\"@type\":\"Organization\",\"@id\":\"https:\/\/now-news.de\/de\/#organization\",\"name\":\"Just Now News\",\"url\":\"https:\/\/now-news.de\/de\/\",\"logo\":{\"@type\":\"ImageObject\",\"inLanguage\":\"de\",\"@id\":\"https:\/\/now-news.de\/de\/#\/schema\/logo\/image\/\",\"url\":\"http:\/\/just-now.news\/de\/wp-content\/uploads\/sites\/3\/2022\/04\/logo500x500.jpg\",\"contentUrl\":\"http:\/\/just-now.news\/de\/wp-content\/uploads\/sites\/3\/2022\/04\/logo500x500.jpg\",\"width\":500,\"height\":500,\"caption\":\"Just Now News\"},\"image\":{\"@id\":\"https:\/\/now-news.de\/de\/#\/schema\/logo\/image\/\"},\"sameAs\":[\"https:\/\/www.facebook.com\/wirmachenauf\",\"https:\/\/x.com\/WirMachenAuf_de\"]},{\"@type\":\"Person\",\"@id\":\"https:\/\/now-news.de\/de\/#\/schema\/person\/fb534a4e865501d8b3285208df34a9b5\",\"name\":\"rtnews\",\"image\":{\"@type\":\"ImageObject\",\"inLanguage\":\"de\",\"@id\":\"https:\/\/now-news.de\/de\/#\/schema\/person\/image\/\",\"url\":\"https:\/\/secure.gravatar.com\/avatar\/82aafea7d8127119dd649515f56e2117?s=96&d=mm&r=g\",\"contentUrl\":\"https:\/\/secure.gravatar.com\/avatar\/82aafea7d8127119dd649515f56e2117?s=96&d=mm&r=g\",\"caption\":\"rtnews\"},\"url\":\"https:\/\/now-news.de\/de\/author\/rnews\/\"}]}<\/script>\n<!-- \/ Yoast SEO Premium plugin. -->","yoast_head_json":{"title":"Nebensja: Kiew wird sich wegen V\u00f6lkermordes im Donbass vor Gericht verantworten m\u00fcssen - just-now.NEWS Deutschland","robots":{"index":"index","follow":"follow","max-snippet":"max-snippet:-1","max-image-preview":"max-image-preview:large","max-video-preview":"max-video-preview:-1"},"canonical":"https:\/\/now-news.de\/de\/deutschland\/nebensja-kiew-wird-sich-wegen-voelkermordes-im-donbass-vor-gericht-verantworten-muessen\/","og_locale":"de_DE","og_type":"article","og_title":"Nebensja: Kiew wird sich wegen V\u00f6lkermordes im Donbass vor Gericht verantworten m\u00fcssen","og_description":"Die beiden Entscheidungen, die der Internationale Gerichtshof der Vereinten Nationen in den zwei Klageverfahren der Ukraine gegen Russland gef\u00e4llt habe, h\u00e4tten das langj\u00e4hrige ukrainische Narrativ widerlegt. Dies sagte Russlands UN-Botschafter Nebensja. Nun befinde sich Kiew in Den Haag auf der Anklagebank, schlussfolgerte er. Nach der Zwischenentscheidung des Internationalen Gerichtshofs der Vereinten Nationen zu einer Klage [&hellip;]","og_url":"https:\/\/now-news.de\/de\/deutschland\/nebensja-kiew-wird-sich-wegen-voelkermordes-im-donbass-vor-gericht-verantworten-muessen\/","og_site_name":"just-now.NEWS Deutschland","article_publisher":"https:\/\/www.facebook.com\/wirmachenauf","article_published_time":"2024-02-12T21:25:54+00:00","og_image":[{"width":460,"height":259,"url":"https:\/\/now-news.de\/de\/wp-content\/uploads\/sites\/3\/2024\/02\/Nebensja-Kiew-wird-sich-wegen-Voelkermordes-im-Donbass-vor-Gericht.jpg","type":"image\/jpeg"}],"author":"rtnews","twitter_card":"summary_large_image","twitter_creator":"@WirMachenAuf_de","twitter_site":"@WirMachenAuf_de","twitter_misc":{"Verfasst von":"rtnews","Gesch\u00e4tzte Lesezeit":"2\u00a0Minuten"},"schema":{"@context":"https:\/\/schema.org","@graph":[{"@type":"Article","@id":"https:\/\/now-news.de\/de\/deutschland\/nebensja-kiew-wird-sich-wegen-voelkermordes-im-donbass-vor-gericht-verantworten-muessen\/#article","isPartOf":{"@id":"https:\/\/now-news.de\/de\/deutschland\/nebensja-kiew-wird-sich-wegen-voelkermordes-im-donbass-vor-gericht-verantworten-muessen\/"},"author":{"name":"rtnews","@id":"https:\/\/now-news.de\/de\/#\/schema\/person\/fb534a4e865501d8b3285208df34a9b5"},"headline":"Nebensja: Kiew wird sich wegen V\u00f6lkermordes im Donbass vor Gericht verantworten m\u00fcssen","datePublished":"2024-02-12T21:25:54+00:00","dateModified":"2024-02-12T21:25:54+00:00","mainEntityOfPage":{"@id":"https:\/\/now-news.de\/de\/deutschland\/nebensja-kiew-wird-sich-wegen-voelkermordes-im-donbass-vor-gericht-verantworten-muessen\/"},"wordCount":367,"commentCount":0,"publisher":{"@id":"https:\/\/now-news.de\/de\/#organization"},"image":{"@id":"https:\/\/now-news.de\/de\/deutschland\/nebensja-kiew-wird-sich-wegen-voelkermordes-im-donbass-vor-gericht-verantworten-muessen\/#primaryimage"},"thumbnailUrl":"https:\/\/now-news.de\/de\/wp-content\/uploads\/sites\/3\/2024\/02\/Nebensja-Kiew-wird-sich-wegen-Voelkermordes-im-Donbass-vor-Gericht.jpg","keywords":["Donbass","Gericht","Kiew","m\u00fcssen","Nebensja","sich","verantworten","V\u00f6lkermordes","vor","wegen","wird"],"articleSection":["Deutschland","Russland"],"inLanguage":"de","potentialAction":[{"@type":"CommentAction","name":"Comment","target":["https:\/\/now-news.de\/de\/deutschland\/nebensja-kiew-wird-sich-wegen-voelkermordes-im-donbass-vor-gericht-verantworten-muessen\/#respond"]}]},{"@type":"WebPage","@id":"https:\/\/now-news.de\/de\/deutschland\/nebensja-kiew-wird-sich-wegen-voelkermordes-im-donbass-vor-gericht-verantworten-muessen\/","url":"https:\/\/now-news.de\/de\/deutschland\/nebensja-kiew-wird-sich-wegen-voelkermordes-im-donbass-vor-gericht-verantworten-muessen\/","name":"Nebensja: Kiew wird sich wegen V\u00f6lkermordes im Donbass vor Gericht verantworten m\u00fcssen - just-now.NEWS Deutschland","isPartOf":{"@id":"https:\/\/now-news.de\/de\/#website"},"primaryImageOfPage":{"@id":"https:\/\/now-news.de\/de\/deutschland\/nebensja-kiew-wird-sich-wegen-voelkermordes-im-donbass-vor-gericht-verantworten-muessen\/#primaryimage"},"image":{"@id":"https:\/\/now-news.de\/de\/deutschland\/nebensja-kiew-wird-sich-wegen-voelkermordes-im-donbass-vor-gericht-verantworten-muessen\/#primaryimage"},"thumbnailUrl":"https:\/\/now-news.de\/de\/wp-content\/uploads\/sites\/3\/2024\/02\/Nebensja-Kiew-wird-sich-wegen-Voelkermordes-im-Donbass-vor-Gericht.jpg","datePublished":"2024-02-12T21:25:54+00:00","dateModified":"2024-02-12T21:25:54+00:00","breadcrumb":{"@id":"https:\/\/now-news.de\/de\/deutschland\/nebensja-kiew-wird-sich-wegen-voelkermordes-im-donbass-vor-gericht-verantworten-muessen\/#breadcrumb"},"inLanguage":"de","potentialAction":[{"@type":"ReadAction","target":["https:\/\/now-news.de\/de\/deutschland\/nebensja-kiew-wird-sich-wegen-voelkermordes-im-donbass-vor-gericht-verantworten-muessen\/"]}]},{"@type":"ImageObject","inLanguage":"de","@id":"https:\/\/now-news.de\/de\/deutschland\/nebensja-kiew-wird-sich-wegen-voelkermordes-im-donbass-vor-gericht-verantworten-muessen\/#primaryimage","url":"https:\/\/now-news.de\/de\/wp-content\/uploads\/sites\/3\/2024\/02\/Nebensja-Kiew-wird-sich-wegen-Voelkermordes-im-Donbass-vor-Gericht.jpg","contentUrl":"https:\/\/now-news.de\/de\/wp-content\/uploads\/sites\/3\/2024\/02\/Nebensja-Kiew-wird-sich-wegen-Voelkermordes-im-Donbass-vor-Gericht.jpg","width":460,"height":259,"caption":"Nebensja: Kiew wird sich wegen V\u00f6lkermordes im Donbass vor Gericht verantworten m\u00fcssen"},{"@type":"BreadcrumbList","@id":"https:\/\/now-news.de\/de\/deutschland\/nebensja-kiew-wird-sich-wegen-voelkermordes-im-donbass-vor-gericht-verantworten-muessen\/#breadcrumb","itemListElement":[{"@type":"ListItem","position":1,"name":"Home","item":"https:\/\/now-news.de\/de\/"},{"@type":"ListItem","position":2,"name":"Nebensja: Kiew wird sich wegen V\u00f6lkermordes im Donbass vor Gericht verantworten m\u00fcssen"}]},{"@type":"WebSite","@id":"https:\/\/now-news.de\/de\/#website","url":"https:\/\/now-news.de\/de\/","name":"just-now.NEWS Deutschland","description":"Das Portal f\u00fcr unzensierte Nachrichten aus der Welt","publisher":{"@id":"https:\/\/now-news.de\/de\/#organization"},"potentialAction":[{"@type":"SearchAction","target":{"@type":"EntryPoint","urlTemplate":"https:\/\/now-news.de\/de\/?s={search_term_string}"},"query-input":"required name=search_term_string"}],"inLanguage":"de"},{"@type":"Organization","@id":"https:\/\/now-news.de\/de\/#organization","name":"Just Now News","url":"https:\/\/now-news.de\/de\/","logo":{"@type":"ImageObject","inLanguage":"de","@id":"https:\/\/now-news.de\/de\/#\/schema\/logo\/image\/","url":"http:\/\/just-now.news\/de\/wp-content\/uploads\/sites\/3\/2022\/04\/logo500x500.jpg","contentUrl":"http:\/\/just-now.news\/de\/wp-content\/uploads\/sites\/3\/2022\/04\/logo500x500.jpg","width":500,"height":500,"caption":"Just Now News"},"image":{"@id":"https:\/\/now-news.de\/de\/#\/schema\/logo\/image\/"},"sameAs":["https:\/\/www.facebook.com\/wirmachenauf","https:\/\/x.com\/WirMachenAuf_de"]},{"@type":"Person","@id":"https:\/\/now-news.de\/de\/#\/schema\/person\/fb534a4e865501d8b3285208df34a9b5","name":"rtnews","image":{"@type":"ImageObject","inLanguage":"de","@id":"https:\/\/now-news.de\/de\/#\/schema\/person\/image\/","url":"https:\/\/secure.gravatar.com\/avatar\/82aafea7d8127119dd649515f56e2117?s=96&d=mm&r=g","contentUrl":"https:\/\/secure.gravatar.com\/avatar\/82aafea7d8127119dd649515f56e2117?s=96&d=mm&r=g","caption":"rtnews"},"url":"https:\/\/now-news.de\/de\/author\/rnews\/"}]}},"_links":{"self":[{"href":"https:\/\/now-news.de\/de\/wp-json\/wp\/v2\/posts\/55207"}],"collection":[{"href":"https:\/\/now-news.de\/de\/wp-json\/wp\/v2\/posts"}],"about":[{"href":"https:\/\/now-news.de\/de\/wp-json\/wp\/v2\/types\/post"}],"author":[{"embeddable":true,"href":"https:\/\/now-news.de\/de\/wp-json\/wp\/v2\/users\/3"}],"replies":[{"embeddable":true,"href":"https:\/\/now-news.de\/de\/wp-json\/wp\/v2\/comments?post=55207"}],"version-history":[{"count":0,"href":"https:\/\/now-news.de\/de\/wp-json\/wp\/v2\/posts\/55207\/revisions"}],"wp:featuredmedia":[{"embeddable":true,"href":"https:\/\/now-news.de\/de\/wp-json\/wp\/v2\/media\/55208"}],"wp:attachment":[{"href":"https:\/\/now-news.de\/de\/wp-json\/wp\/v2\/media?parent=55207"}],"wp:term":[{"taxonomy":"category","embeddable":true,"href":"https:\/\/now-news.de\/de\/wp-json\/wp\/v2\/categories?post=55207"},{"taxonomy":"post_tag","embeddable":true,"href":"https:\/\/now-news.de\/de\/wp-json\/wp\/v2\/tags?post=55207"}],"curies":[{"name":"wp","href":"https:\/\/api.w.org\/{rel}","templated":true}]}}