{"id":55159,"date":"2024-02-12T12:35:35","date_gmt":"2024-02-12T10:35:35","guid":{"rendered":"https:\/\/just-now.news\/de\/deutschland\/finnland-ex-regierungschef-stubb-wird-neuer-praesident\/"},"modified":"2024-02-12T12:35:35","modified_gmt":"2024-02-12T10:35:35","slug":"finnland-ex-regierungschef-stubb-wird-neuer-praesident","status":"publish","type":"post","link":"https:\/\/now-news.de\/de\/deutschland\/finnland-ex-regierungschef-stubb-wird-neuer-praesident\/","title":{"rendered":"Finnland: Ex-Regierungschef Stubb wird neuer Pr\u00e4sident"},"content":{"rendered":"<p><img decoding=\"async\" src=\"http:\/\/just-now.news\/de\/wp-content\/uploads\/sites\/3\/2024\/02\/65c9d57fb480cc19fd652ea8.jpg\" \/><\/p>\n<div class=\"Text-root Text-type_1 \">\n                Nach der Stichwahl am Sonntag wird der ehemalige Premierminister Alexander Stubb der n\u00e4chste Pr\u00e4sident Finnlands. Er soll sein Amt am 1. M\u00e4rz antreten. Die Beziehungen zu Russland d\u00fcrften sich kaum zum Besseren ver\u00e4ndern.\n            <\/div>\n<p><\/p>\n<div class=\"Text-root Text-type_5 ArticleView-text ViewText-root \">\n<p>Die Pr\u00e4sidentschaftswahlen in Finnland sind am Sonntag zu Ende gegangen. In der Stichwahl wurde Aleksander Stubb, ehemaliger Premierminister und Mitglied der konservativen Sammlungspartei, zum neuen Staatsoberhaupt gew\u00e4hlt. Insgesamt 51,6 Prozent der W\u00e4hler stimmten f\u00fcr ihn, 48,4 Prozent f\u00fcr seinen Herausforderer, den ehemaligen Au\u00dfenminister Pekka Haavisto.<\/p>\n<p>Haavisto gratulierte Stubb zu seinem Sieg: &#8220;Herzlichen Gl\u00fcckwunsch zu Ihrer Wahl zum dreizehnten Pr\u00e4sidenten Finnlands.&#8221; Stubb betonte, es sei &#8220;die gr\u00f6\u00dfte Ehre seines Lebens&#8221;, Pr\u00e4sident zu werden.<\/p>\n<p>Laut Gesetz wird der Pr\u00e4sident f\u00fcr sechs Jahre gew\u00e4hlt und kann h\u00f6chstens zwei Amtszeiten in Folge aus\u00fcben. Stubb wird sein Amt am 1. M\u00e4rz antreten.<\/p>\n<p>Finnland w\u00e4hlt zum ersten Mal seit seinem NATO-Beitritt einen neuen Pr\u00e4sidenten. Anders als die Staatsoberh\u00e4upter vieler anderer westlicher L\u00e4nder spielt der Pr\u00e4sident eine wichtige Rolle bei der Entwicklung und Umsetzung der Au\u00dfenpolitik. Er vertritt das Land in der NATO und leitet die finnischen Streitkr\u00e4fte.<\/p>\n<p>Der 55-j\u00e4hrige Finnlandschwede hat sich seit seiner Ernennung zum Au\u00dfenminister im Jahr 2008 als aktiver Unterst\u00fctzer der NATO gezeigt. Von 2014 bis 2015 leitete er das Ministerkabinett. Im Jahr 2017 k\u00fcndigte er seinen R\u00fcckzug aus der Politik an. Danach arbeitete er im Bankensektor und zuletzt als Professor am Europ\u00e4ischen Hochschulinstitut in Florenz. Im vergangenen Jahr k\u00fcndigte Stubb \u00fcberraschend seine Kandidatur f\u00fcr das Amt des Staatspr\u00e4sidenten an.<\/p>\n<p>Im Wahlkampf zeigte er sich als aktiver Verfechter eines antirussischen Kurses. Er sprach sich gegen eine Mitgliedschaft Russlands im UN-Sicherheitsrat aus und lehnte umfassende diplomatische und politische Beziehungen zum \u00f6stlichen Nachbarn ab, solange russische Truppen in der Ukraine stationiert sind. Stubb betonte, er sehe keine M\u00f6glichkeit f\u00fcr einen politischen Dialog\u00a0mit Wladimir Putin, solange Russland Krieg f\u00fchre. &#8220;Wir alle wollen einen Weg zum Frieden finden, aber ich glaube, dass dieser Weg im Moment nur \u00fcber das Schlachtfeld f\u00fchrt&#8221;, erkl\u00e4rte er. Die Sicherheit sei f\u00fcr Finnland eine existenzielle Frage. Stubb versprach, die Ukraine weiterhin zu unterst\u00fctzen.<\/p>\n<p><strong>Mehr zum Thema<\/strong> &#8211; <a rel=\"nofollow noopener\" target=\"_blank\" href=\"https:\/\/freedert.online\/europa\/194306-finnland-praesidentschaftskandidaten-ohne-mehrheit-stichwahl\/\">Finnland: Pr\u00e4sidentschaftskandidaten ohne Mehrheit \u2013 Stichwahl<\/a><\/p>\n<\/div>\n<p><br \/>\n<br \/><a href=\"https:\/\/de.rt.com\/europa\/195859-finnland-ex-regierungschef-stubb-wird\/\">Source link <\/a><\/p>\n","protected":false},"excerpt":{"rendered":"<p>Nach der Stichwahl am Sonntag wird der ehemalige Premierminister Alexander Stubb der n\u00e4chste Pr\u00e4sident Finnlands. Er soll sein Amt am 1. M\u00e4rz antreten. Die Beziehungen zu Russland d\u00fcrften sich kaum zum Besseren ver\u00e4ndern. Die Pr\u00e4sidentschaftswahlen in Finnland sind am Sonntag zu Ende gegangen. In der Stichwahl wurde Aleksander Stubb, ehemaliger Premierminister und Mitglied der konservativen [&hellip;]<\/p>\n","protected":false},"author":3,"featured_media":55160,"comment_status":"open","ping_status":"open","sticky":false,"template":"","format":"standard","meta":{"_yoast_indexnow_last_ping":["1707734234"],"wp_automatic_camp":["217"],"7591eb62598e926491d0c4e4d6a1c501":["Finnland: Ex-Regierungschef Stubb wird neuer Pr\u00e4sident"],"original_link":["https:\/\/de.rt.com\/europa\/195859-finnland-ex-regierungschef-stubb-wird\/"],"_thumbnail_id":["55160"],"jnews_social_counter_last_update":["1777338616"],"_wptgpro_p2tg_sent2tg":["a:1:{i:23737;s:19:\"2024-02-12 12:38:34\";}"]},"categories":[19,23],"tags":[27251,1906,956,3464,53438,374],"yoast_head":"<!-- This site is optimized with the Yoast SEO Premium plugin v22.7 (Yoast SEO v22.7) - https:\/\/yoast.com\/wordpress\/plugins\/seo\/ -->\n<title>Finnland: Ex-Regierungschef Stubb wird neuer Pr\u00e4sident - just-now.NEWS Deutschland<\/title>\n<meta name=\"robots\" content=\"index, follow, max-snippet:-1, max-image-preview:large, max-video-preview:-1\" \/>\n<link rel=\"canonical\" href=\"https:\/\/now-news.de\/de\/deutschland\/finnland-ex-regierungschef-stubb-wird-neuer-praesident\/\" \/>\n<meta property=\"og:locale\" content=\"de_DE\" \/>\n<meta property=\"og:type\" content=\"article\" \/>\n<meta property=\"og:title\" content=\"Finnland: Ex-Regierungschef Stubb wird neuer Pr\u00e4sident\" \/>\n<meta property=\"og:description\" content=\"Nach der Stichwahl am Sonntag wird der ehemalige Premierminister Alexander Stubb der n\u00e4chste Pr\u00e4sident Finnlands. Er soll sein Amt am 1. M\u00e4rz antreten. Die Beziehungen zu Russland d\u00fcrften sich kaum zum Besseren ver\u00e4ndern. Die Pr\u00e4sidentschaftswahlen in Finnland sind am Sonntag zu Ende gegangen. In der Stichwahl wurde Aleksander Stubb, ehemaliger Premierminister und Mitglied der konservativen [&hellip;]\" \/>\n<meta property=\"og:url\" content=\"https:\/\/now-news.de\/de\/deutschland\/finnland-ex-regierungschef-stubb-wird-neuer-praesident\/\" \/>\n<meta property=\"og:site_name\" content=\"just-now.NEWS Deutschland\" \/>\n<meta property=\"article:publisher\" content=\"https:\/\/www.facebook.com\/wirmachenauf\" \/>\n<meta property=\"article:published_time\" content=\"2024-02-12T10:35:35+00:00\" \/>\n<meta property=\"og:image\" content=\"https:\/\/now-news.de\/de\/wp-content\/uploads\/sites\/3\/2024\/02\/Finnland-Ex-Regierungschef-Stubb-wird-neuer-Praesident.jpg\" \/>\n\t<meta property=\"og:image:width\" content=\"460\" \/>\n\t<meta property=\"og:image:height\" content=\"259\" \/>\n\t<meta property=\"og:image:type\" content=\"image\/jpeg\" \/>\n<meta name=\"author\" content=\"rtnews\" \/>\n<meta name=\"twitter:card\" content=\"summary_large_image\" \/>\n<meta name=\"twitter:creator\" content=\"@WirMachenAuf_de\" \/>\n<meta name=\"twitter:site\" content=\"@WirMachenAuf_de\" \/>\n<meta name=\"twitter:label1\" content=\"Verfasst von\" \/>\n\t<meta name=\"twitter:data1\" content=\"rtnews\" \/>\n\t<meta name=\"twitter:label2\" content=\"Gesch\u00e4tzte Lesezeit\" \/>\n\t<meta name=\"twitter:data2\" content=\"2\u00a0Minuten\" \/>\n<script type=\"application\/ld+json\" class=\"yoast-schema-graph\">{\"@context\":\"https:\/\/schema.org\",\"@graph\":[{\"@type\":\"Article\",\"@id\":\"https:\/\/now-news.de\/de\/deutschland\/finnland-ex-regierungschef-stubb-wird-neuer-praesident\/#article\",\"isPartOf\":{\"@id\":\"https:\/\/now-news.de\/de\/deutschland\/finnland-ex-regierungschef-stubb-wird-neuer-praesident\/\"},\"author\":{\"name\":\"rtnews\",\"@id\":\"https:\/\/now-news.de\/de\/#\/schema\/person\/fb534a4e865501d8b3285208df34a9b5\"},\"headline\":\"Finnland: Ex-Regierungschef Stubb wird neuer Pr\u00e4sident\",\"datePublished\":\"2024-02-12T10:35:35+00:00\",\"dateModified\":\"2024-02-12T10:35:35+00:00\",\"mainEntityOfPage\":{\"@id\":\"https:\/\/now-news.de\/de\/deutschland\/finnland-ex-regierungschef-stubb-wird-neuer-praesident\/\"},\"wordCount\":391,\"commentCount\":0,\"publisher\":{\"@id\":\"https:\/\/now-news.de\/de\/#organization\"},\"image\":{\"@id\":\"https:\/\/now-news.de\/de\/deutschland\/finnland-ex-regierungschef-stubb-wird-neuer-praesident\/#primaryimage\"},\"thumbnailUrl\":\"https:\/\/now-news.de\/de\/wp-content\/uploads\/sites\/3\/2024\/02\/Finnland-Ex-Regierungschef-Stubb-wird-neuer-Praesident.jpg\",\"keywords\":[\"ExRegierungschef\",\"Finnland\",\"Neuer\",\"Pr\u00e4sident\",\"Stubb\",\"wird\"],\"articleSection\":[\"Deutschland\",\"Russland\"],\"inLanguage\":\"de\",\"potentialAction\":[{\"@type\":\"CommentAction\",\"name\":\"Comment\",\"target\":[\"https:\/\/now-news.de\/de\/deutschland\/finnland-ex-regierungschef-stubb-wird-neuer-praesident\/#respond\"]}]},{\"@type\":\"WebPage\",\"@id\":\"https:\/\/now-news.de\/de\/deutschland\/finnland-ex-regierungschef-stubb-wird-neuer-praesident\/\",\"url\":\"https:\/\/now-news.de\/de\/deutschland\/finnland-ex-regierungschef-stubb-wird-neuer-praesident\/\",\"name\":\"Finnland: Ex-Regierungschef Stubb wird neuer Pr\u00e4sident - just-now.NEWS Deutschland\",\"isPartOf\":{\"@id\":\"https:\/\/now-news.de\/de\/#website\"},\"primaryImageOfPage\":{\"@id\":\"https:\/\/now-news.de\/de\/deutschland\/finnland-ex-regierungschef-stubb-wird-neuer-praesident\/#primaryimage\"},\"image\":{\"@id\":\"https:\/\/now-news.de\/de\/deutschland\/finnland-ex-regierungschef-stubb-wird-neuer-praesident\/#primaryimage\"},\"thumbnailUrl\":\"https:\/\/now-news.de\/de\/wp-content\/uploads\/sites\/3\/2024\/02\/Finnland-Ex-Regierungschef-Stubb-wird-neuer-Praesident.jpg\",\"datePublished\":\"2024-02-12T10:35:35+00:00\",\"dateModified\":\"2024-02-12T10:35:35+00:00\",\"breadcrumb\":{\"@id\":\"https:\/\/now-news.de\/de\/deutschland\/finnland-ex-regierungschef-stubb-wird-neuer-praesident\/#breadcrumb\"},\"inLanguage\":\"de\",\"potentialAction\":[{\"@type\":\"ReadAction\",\"target\":[\"https:\/\/now-news.de\/de\/deutschland\/finnland-ex-regierungschef-stubb-wird-neuer-praesident\/\"]}]},{\"@type\":\"ImageObject\",\"inLanguage\":\"de\",\"@id\":\"https:\/\/now-news.de\/de\/deutschland\/finnland-ex-regierungschef-stubb-wird-neuer-praesident\/#primaryimage\",\"url\":\"https:\/\/now-news.de\/de\/wp-content\/uploads\/sites\/3\/2024\/02\/Finnland-Ex-Regierungschef-Stubb-wird-neuer-Praesident.jpg\",\"contentUrl\":\"https:\/\/now-news.de\/de\/wp-content\/uploads\/sites\/3\/2024\/02\/Finnland-Ex-Regierungschef-Stubb-wird-neuer-Praesident.jpg\",\"width\":460,\"height\":259,\"caption\":\"Finnland: Ex-Regierungschef Stubb wird neuer Pr\u00e4sident\"},{\"@type\":\"BreadcrumbList\",\"@id\":\"https:\/\/now-news.de\/de\/deutschland\/finnland-ex-regierungschef-stubb-wird-neuer-praesident\/#breadcrumb\",\"itemListElement\":[{\"@type\":\"ListItem\",\"position\":1,\"name\":\"Home\",\"item\":\"https:\/\/now-news.de\/de\/\"},{\"@type\":\"ListItem\",\"position\":2,\"name\":\"Finnland: Ex-Regierungschef Stubb wird neuer Pr\u00e4sident\"}]},{\"@type\":\"WebSite\",\"@id\":\"https:\/\/now-news.de\/de\/#website\",\"url\":\"https:\/\/now-news.de\/de\/\",\"name\":\"just-now.NEWS Deutschland\",\"description\":\"Das Portal f\u00fcr unzensierte Nachrichten aus der Welt\",\"publisher\":{\"@id\":\"https:\/\/now-news.de\/de\/#organization\"},\"potentialAction\":[{\"@type\":\"SearchAction\",\"target\":{\"@type\":\"EntryPoint\",\"urlTemplate\":\"https:\/\/now-news.de\/de\/?s={search_term_string}\"},\"query-input\":\"required name=search_term_string\"}],\"inLanguage\":\"de\"},{\"@type\":\"Organization\",\"@id\":\"https:\/\/now-news.de\/de\/#organization\",\"name\":\"Just Now News\",\"url\":\"https:\/\/now-news.de\/de\/\",\"logo\":{\"@type\":\"ImageObject\",\"inLanguage\":\"de\",\"@id\":\"https:\/\/now-news.de\/de\/#\/schema\/logo\/image\/\",\"url\":\"http:\/\/just-now.news\/de\/wp-content\/uploads\/sites\/3\/2022\/04\/logo500x500.jpg\",\"contentUrl\":\"http:\/\/just-now.news\/de\/wp-content\/uploads\/sites\/3\/2022\/04\/logo500x500.jpg\",\"width\":500,\"height\":500,\"caption\":\"Just Now News\"},\"image\":{\"@id\":\"https:\/\/now-news.de\/de\/#\/schema\/logo\/image\/\"},\"sameAs\":[\"https:\/\/www.facebook.com\/wirmachenauf\",\"https:\/\/x.com\/WirMachenAuf_de\"]},{\"@type\":\"Person\",\"@id\":\"https:\/\/now-news.de\/de\/#\/schema\/person\/fb534a4e865501d8b3285208df34a9b5\",\"name\":\"rtnews\",\"image\":{\"@type\":\"ImageObject\",\"inLanguage\":\"de\",\"@id\":\"https:\/\/now-news.de\/de\/#\/schema\/person\/image\/\",\"url\":\"https:\/\/secure.gravatar.com\/avatar\/82aafea7d8127119dd649515f56e2117?s=96&d=mm&r=g\",\"contentUrl\":\"https:\/\/secure.gravatar.com\/avatar\/82aafea7d8127119dd649515f56e2117?s=96&d=mm&r=g\",\"caption\":\"rtnews\"},\"url\":\"https:\/\/now-news.de\/de\/author\/rnews\/\"}]}<\/script>\n<!-- \/ Yoast SEO Premium plugin. -->","yoast_head_json":{"title":"Finnland: Ex-Regierungschef Stubb wird neuer Pr\u00e4sident - just-now.NEWS Deutschland","robots":{"index":"index","follow":"follow","max-snippet":"max-snippet:-1","max-image-preview":"max-image-preview:large","max-video-preview":"max-video-preview:-1"},"canonical":"https:\/\/now-news.de\/de\/deutschland\/finnland-ex-regierungschef-stubb-wird-neuer-praesident\/","og_locale":"de_DE","og_type":"article","og_title":"Finnland: Ex-Regierungschef Stubb wird neuer Pr\u00e4sident","og_description":"Nach der Stichwahl am Sonntag wird der ehemalige Premierminister Alexander Stubb der n\u00e4chste Pr\u00e4sident Finnlands. Er soll sein Amt am 1. M\u00e4rz antreten. Die Beziehungen zu Russland d\u00fcrften sich kaum zum Besseren ver\u00e4ndern. Die Pr\u00e4sidentschaftswahlen in Finnland sind am Sonntag zu Ende gegangen. In der Stichwahl wurde Aleksander Stubb, ehemaliger Premierminister und Mitglied der konservativen [&hellip;]","og_url":"https:\/\/now-news.de\/de\/deutschland\/finnland-ex-regierungschef-stubb-wird-neuer-praesident\/","og_site_name":"just-now.NEWS Deutschland","article_publisher":"https:\/\/www.facebook.com\/wirmachenauf","article_published_time":"2024-02-12T10:35:35+00:00","og_image":[{"width":460,"height":259,"url":"https:\/\/now-news.de\/de\/wp-content\/uploads\/sites\/3\/2024\/02\/Finnland-Ex-Regierungschef-Stubb-wird-neuer-Praesident.jpg","type":"image\/jpeg"}],"author":"rtnews","twitter_card":"summary_large_image","twitter_creator":"@WirMachenAuf_de","twitter_site":"@WirMachenAuf_de","twitter_misc":{"Verfasst von":"rtnews","Gesch\u00e4tzte Lesezeit":"2\u00a0Minuten"},"schema":{"@context":"https:\/\/schema.org","@graph":[{"@type":"Article","@id":"https:\/\/now-news.de\/de\/deutschland\/finnland-ex-regierungschef-stubb-wird-neuer-praesident\/#article","isPartOf":{"@id":"https:\/\/now-news.de\/de\/deutschland\/finnland-ex-regierungschef-stubb-wird-neuer-praesident\/"},"author":{"name":"rtnews","@id":"https:\/\/now-news.de\/de\/#\/schema\/person\/fb534a4e865501d8b3285208df34a9b5"},"headline":"Finnland: Ex-Regierungschef Stubb wird neuer Pr\u00e4sident","datePublished":"2024-02-12T10:35:35+00:00","dateModified":"2024-02-12T10:35:35+00:00","mainEntityOfPage":{"@id":"https:\/\/now-news.de\/de\/deutschland\/finnland-ex-regierungschef-stubb-wird-neuer-praesident\/"},"wordCount":391,"commentCount":0,"publisher":{"@id":"https:\/\/now-news.de\/de\/#organization"},"image":{"@id":"https:\/\/now-news.de\/de\/deutschland\/finnland-ex-regierungschef-stubb-wird-neuer-praesident\/#primaryimage"},"thumbnailUrl":"https:\/\/now-news.de\/de\/wp-content\/uploads\/sites\/3\/2024\/02\/Finnland-Ex-Regierungschef-Stubb-wird-neuer-Praesident.jpg","keywords":["ExRegierungschef","Finnland","Neuer","Pr\u00e4sident","Stubb","wird"],"articleSection":["Deutschland","Russland"],"inLanguage":"de","potentialAction":[{"@type":"CommentAction","name":"Comment","target":["https:\/\/now-news.de\/de\/deutschland\/finnland-ex-regierungschef-stubb-wird-neuer-praesident\/#respond"]}]},{"@type":"WebPage","@id":"https:\/\/now-news.de\/de\/deutschland\/finnland-ex-regierungschef-stubb-wird-neuer-praesident\/","url":"https:\/\/now-news.de\/de\/deutschland\/finnland-ex-regierungschef-stubb-wird-neuer-praesident\/","name":"Finnland: Ex-Regierungschef Stubb wird neuer Pr\u00e4sident - just-now.NEWS Deutschland","isPartOf":{"@id":"https:\/\/now-news.de\/de\/#website"},"primaryImageOfPage":{"@id":"https:\/\/now-news.de\/de\/deutschland\/finnland-ex-regierungschef-stubb-wird-neuer-praesident\/#primaryimage"},"image":{"@id":"https:\/\/now-news.de\/de\/deutschland\/finnland-ex-regierungschef-stubb-wird-neuer-praesident\/#primaryimage"},"thumbnailUrl":"https:\/\/now-news.de\/de\/wp-content\/uploads\/sites\/3\/2024\/02\/Finnland-Ex-Regierungschef-Stubb-wird-neuer-Praesident.jpg","datePublished":"2024-02-12T10:35:35+00:00","dateModified":"2024-02-12T10:35:35+00:00","breadcrumb":{"@id":"https:\/\/now-news.de\/de\/deutschland\/finnland-ex-regierungschef-stubb-wird-neuer-praesident\/#breadcrumb"},"inLanguage":"de","potentialAction":[{"@type":"ReadAction","target":["https:\/\/now-news.de\/de\/deutschland\/finnland-ex-regierungschef-stubb-wird-neuer-praesident\/"]}]},{"@type":"ImageObject","inLanguage":"de","@id":"https:\/\/now-news.de\/de\/deutschland\/finnland-ex-regierungschef-stubb-wird-neuer-praesident\/#primaryimage","url":"https:\/\/now-news.de\/de\/wp-content\/uploads\/sites\/3\/2024\/02\/Finnland-Ex-Regierungschef-Stubb-wird-neuer-Praesident.jpg","contentUrl":"https:\/\/now-news.de\/de\/wp-content\/uploads\/sites\/3\/2024\/02\/Finnland-Ex-Regierungschef-Stubb-wird-neuer-Praesident.jpg","width":460,"height":259,"caption":"Finnland: Ex-Regierungschef Stubb wird neuer Pr\u00e4sident"},{"@type":"BreadcrumbList","@id":"https:\/\/now-news.de\/de\/deutschland\/finnland-ex-regierungschef-stubb-wird-neuer-praesident\/#breadcrumb","itemListElement":[{"@type":"ListItem","position":1,"name":"Home","item":"https:\/\/now-news.de\/de\/"},{"@type":"ListItem","position":2,"name":"Finnland: Ex-Regierungschef Stubb wird neuer Pr\u00e4sident"}]},{"@type":"WebSite","@id":"https:\/\/now-news.de\/de\/#website","url":"https:\/\/now-news.de\/de\/","name":"just-now.NEWS Deutschland","description":"Das Portal f\u00fcr unzensierte Nachrichten aus der Welt","publisher":{"@id":"https:\/\/now-news.de\/de\/#organization"},"potentialAction":[{"@type":"SearchAction","target":{"@type":"EntryPoint","urlTemplate":"https:\/\/now-news.de\/de\/?s={search_term_string}"},"query-input":"required name=search_term_string"}],"inLanguage":"de"},{"@type":"Organization","@id":"https:\/\/now-news.de\/de\/#organization","name":"Just Now News","url":"https:\/\/now-news.de\/de\/","logo":{"@type":"ImageObject","inLanguage":"de","@id":"https:\/\/now-news.de\/de\/#\/schema\/logo\/image\/","url":"http:\/\/just-now.news\/de\/wp-content\/uploads\/sites\/3\/2022\/04\/logo500x500.jpg","contentUrl":"http:\/\/just-now.news\/de\/wp-content\/uploads\/sites\/3\/2022\/04\/logo500x500.jpg","width":500,"height":500,"caption":"Just Now News"},"image":{"@id":"https:\/\/now-news.de\/de\/#\/schema\/logo\/image\/"},"sameAs":["https:\/\/www.facebook.com\/wirmachenauf","https:\/\/x.com\/WirMachenAuf_de"]},{"@type":"Person","@id":"https:\/\/now-news.de\/de\/#\/schema\/person\/fb534a4e865501d8b3285208df34a9b5","name":"rtnews","image":{"@type":"ImageObject","inLanguage":"de","@id":"https:\/\/now-news.de\/de\/#\/schema\/person\/image\/","url":"https:\/\/secure.gravatar.com\/avatar\/82aafea7d8127119dd649515f56e2117?s=96&d=mm&r=g","contentUrl":"https:\/\/secure.gravatar.com\/avatar\/82aafea7d8127119dd649515f56e2117?s=96&d=mm&r=g","caption":"rtnews"},"url":"https:\/\/now-news.de\/de\/author\/rnews\/"}]}},"_links":{"self":[{"href":"https:\/\/now-news.de\/de\/wp-json\/wp\/v2\/posts\/55159"}],"collection":[{"href":"https:\/\/now-news.de\/de\/wp-json\/wp\/v2\/posts"}],"about":[{"href":"https:\/\/now-news.de\/de\/wp-json\/wp\/v2\/types\/post"}],"author":[{"embeddable":true,"href":"https:\/\/now-news.de\/de\/wp-json\/wp\/v2\/users\/3"}],"replies":[{"embeddable":true,"href":"https:\/\/now-news.de\/de\/wp-json\/wp\/v2\/comments?post=55159"}],"version-history":[{"count":0,"href":"https:\/\/now-news.de\/de\/wp-json\/wp\/v2\/posts\/55159\/revisions"}],"wp:featuredmedia":[{"embeddable":true,"href":"https:\/\/now-news.de\/de\/wp-json\/wp\/v2\/media\/55160"}],"wp:attachment":[{"href":"https:\/\/now-news.de\/de\/wp-json\/wp\/v2\/media?parent=55159"}],"wp:term":[{"taxonomy":"category","embeddable":true,"href":"https:\/\/now-news.de\/de\/wp-json\/wp\/v2\/categories?post=55159"},{"taxonomy":"post_tag","embeddable":true,"href":"https:\/\/now-news.de\/de\/wp-json\/wp\/v2\/tags?post=55159"}],"curies":[{"name":"wp","href":"https:\/\/api.w.org\/{rel}","templated":true}]}}