{"id":55124,"date":"2024-02-11T13:55:02","date_gmt":"2024-02-11T11:55:02","guid":{"rendered":"https:\/\/just-now.news\/de\/deutschland\/inkompetenz-am-werk-amherds-nato-traeume-stuerzen-schweizer-armee-in-noete\/"},"modified":"2024-02-11T13:55:02","modified_gmt":"2024-02-11T11:55:02","slug":"inkompetenz-am-werk-amherds-nato-traeume-stuerzen-schweizer-armee-in-noete","status":"publish","type":"post","link":"https:\/\/now-news.de\/de\/deutschland\/inkompetenz-am-werk-amherds-nato-traeume-stuerzen-schweizer-armee-in-noete\/","title":{"rendered":"Inkompetenz am Werk: Amherds NATO-Tr\u00e4ume st\u00fcrzen Schweizer Armee in N\u00f6te"},"content":{"rendered":"<p><img decoding=\"async\" src=\"http:\/\/just-now.news\/de\/wp-content\/uploads\/sites\/3\/2024\/02\/65c8953cb480cc02f7461ffc.jpeg\" \/><\/p>\n<div class=\"Text-root Text-type_1 \">\n                Amherds inkompetente Finanzstrategie bringt die Schweizer Armee in N\u00f6te, w\u00e4hrend ihre NATO-Ambitionen das Budget belasten und die nationale Sicherheit gef\u00e4hrden.\n            <\/div>\n<p><\/p>\n<div class=\"Text-root Text-type_5 ArticleView-text ViewText-root \">\n<p>Die j\u00fcngsten Enth\u00fcllungen \u00fcber die Finanzplanung des Verteidigungsdepartements (VBS) legen ein verheerendes Zeugnis von Inkompetenz und fragw\u00fcrdiger Priorit\u00e4tensetzung unter der Leitung von Verteidigungsministerin Viola Amherd ab. Die Entscheidung, die Armeeausgaben drastisch zu k\u00fcrzen, wirft ernsthafte Fragen auf und verdeutlicht die besorgniserregende finanzielle Notlage, in der sich die Schweizer Streitkr\u00e4fte befinden.<\/p>\n<p>Die Offenlegung von Dokumenten des Finanzdepartements, die im Rahmen der Beratungen \u00fcber den Voranschlag 2024 ans Licht kamen, ist alarmierend. Berichten zufolge haben sich Finanzministerin Karin Keller-Sutter und Verteidigungsministerin Viola Amherd auf eine Reduzierung der Armeeausgaben um satte 286 Millionen Franken (ca.\u00a0303 Millionen Euro) gegen\u00fcber dem urspr\u00fcnglichen Plan geeinigt. Diese Entscheidung wurde getroffen, obwohl Armeechef Thomas S\u00fcssli eindringlich auf den dringenden Finanzbedarf hingewiesen hatte. Es ist in der Tat schockierend, dass die Ministerin anscheinend bereit war, die finanzielle Sicherheit und Effektivit\u00e4t der Schweizer Streitkr\u00e4fte zu gef\u00e4hrden, w\u00e4hrend gleichzeitig dramatische Finanzl\u00fccken bestehen.<\/p>\n<p>Die aktuelle finanzielle Notlage der Armee ist \u00e4u\u00dferst beunruhigend. Es wird berichtet, dass derzeit 800 Millionen Franken (847 Millionen Euro) fehlen und Zahlungen auf die kommenden Jahre verschoben werden m\u00fcssen. Trotz dieser alarmierenden Situation plant das Verteidigungsdepartement, dem Bundesrat auch f\u00fcr das Jahr 2024 ein R\u00fcstungsprogramm vorzulegen. Diese Entscheidung ist angesichts der finanziellen Engp\u00e4sse und der dringenden Bed\u00fcrfnisse der Armee unverantwortlich.<\/p>\n<div class=\"EmbedBlock-root EmbedBlock-twitter\">\n<div class=\"TwitterEmbed\">\n<blockquote class=\"twitter-tweet lazyload\" data-twitter=\"twitter-tweet\" data-media-max-width=\"560\">\n<p lang=\"de\" dir=\"ltr\">Warum stellt eigentlich niemand die Frage der Rolle des Gesamtbundesrates, welcher dem Parlament diesen Finanzplan vorgeschlagen hat? Kann mir kaum vorstellen, dass <a rel=\"nofollow noopener\" target=\"_blank\" href=\"https:\/\/twitter.com\/Violapamherd?ref_src=twsrc%5Etfw\">@Violapamherd<\/a> bei dieser sicherheitspolitischen Weltlage mit der K\u00fcrzung einverstanden war.\u2026<\/p>\n<p>\u2014 Elisabeth Schneider-Schneiter (@Elisabeth_S_S) <a rel=\"nofollow noopener\" target=\"_blank\" href=\"https:\/\/twitter.com\/Elisabeth_S_S\/status\/1753719988983050335?ref_src=twsrc%5Etfw\">February 3, 2024<\/a><\/p><\/blockquote>\n<\/div>\n<\/div>\n<p>Es ist offensichtlich, dass Verteidigungsministerin Amherd und Armeechef S\u00fcssli ein enges Verh\u00e4ltnis pflegen und gemeinsame Ziele verfolgen. Dennoch darf dies nicht dar\u00fcber hinwegt\u00e4uschen, dass die aktuellen Finanzentscheidungen die Sicherheit und Effektivit\u00e4t der Schweizer Streitkr\u00e4fte gef\u00e4hrden. Die Armee steht vor enormen Herausforderungen, darunter die Notwendigkeit, bei R\u00fcstungsfirmen um Zahlungsaufschub zu bitten und popul\u00e4re Veranstaltungen aus finanziellen Gr\u00fcnden abzusagen.<\/p>\n<p>Die Hauptursache f\u00fcr diese Misere liegt in der \u00fcberm\u00e4\u00dfigen Bewilligung von Ausgaben im Verh\u00e4ltnis zum Budget. Die Entscheidung des Parlaments, das Budget nicht wie geplant bis 2030 auf 1 Prozent des Bruttoinlandsprodukts zu erh\u00f6hen, sondern erst bis 2035, versch\u00e4rft die finanzielle Krise der Armee zus\u00e4tzlich. Es steht au\u00dfer Frage, dass dringende Ma\u00dfnahmen ergriffen werden m\u00fcssen, um diese prek\u00e4re Lage zu bew\u00e4ltigen und die Sicherheit der Schweiz zu gew\u00e4hrleisten.<\/p>\n<p>Die Zur\u00fcckhaltung von Verteidigungsministerin Amherd, sich gegen die Sparvorschl\u00e4ge zu wehren, st\u00f6\u00dft auf heftige Kritik und wird als Zeichen von mangelnder Erfahrung und Inkompetenz gewertet. Es ist unverantwortlich, dass sie offenbar bereit war, den finanziellen Engp\u00e4ssen der Armee zuzustimmen, ohne angemessene Gegenma\u00dfnahmen zu ergreifen. Ihre NATO-Ambitionen m\u00f6gen auf den ersten Blick lobenswert erscheinen, aber sie sind kostspielig und sollten nicht auf Kosten der nationalen Sicherheit gehen.<\/p>\n<div class=\"EmbedBlock-root EmbedBlock-twitter\">\n<div class=\"TwitterEmbed\">\n<blockquote class=\"twitter-tweet lazyload\" data-twitter=\"twitter-tweet\" data-media-max-width=\"560\">\n<p lang=\"en\" dir=\"ltr\">Thank you for visiting Switzerland &amp; the exchange, Admiral Rob Bauer. We are committed to expanding our int. <a rel=\"nofollow noopener\" target=\"_blank\" href=\"https:\/\/twitter.com\/hashtag\/SecurityPolicy?src=hash&amp;ref_src=twsrc%5Etfw\">#SecurityPolicy<\/a> cooperation with our most valuable partners such as <a rel=\"nofollow noopener\" target=\"_blank\" href=\"https:\/\/twitter.com\/NATO?ref_src=twsrc%5Etfw\">@NATO<\/a> &amp; the <a rel=\"nofollow noopener\" target=\"_blank\" href=\"https:\/\/twitter.com\/hashtag\/EU?src=hash&amp;ref_src=twsrc%5Etfw\">#EU<\/a>. The recently adopted <a rel=\"nofollow noopener\" target=\"_blank\" href=\"https:\/\/twitter.com\/hashtag\/ITPP?src=hash&amp;ref_src=twsrc%5Etfw\">#ITPP<\/a> gives as a concrete agenda to move forward with our goal. <a rel=\"nofollow noopener\" target=\"_blank\" href=\"https:\/\/t.co\/lF7EKOsWIq\">pic.twitter.com\/lF7EKOsWIq<\/a><\/p>\n<p>\u2014 Viola Amherd (@Violapamherd) <a rel=\"nofollow noopener\" target=\"_blank\" href=\"https:\/\/twitter.com\/Violapamherd\/status\/1731985403467399256?ref_src=twsrc%5Etfw\">December 5, 2023<\/a><\/p><\/blockquote>\n<\/div>\n<\/div>\n<p>Es ist an der Zeit, dass die Regierung die Priorit\u00e4ten neu setzt und die finanziellen Mittel bereitstellt, die die Schweizer Armee dringend ben\u00f6tigt, um ihre Aufgaben zu erf\u00fcllen und die Sicherheit der Schweiz zu gew\u00e4hrleisten.\u00a0<\/p>\n<p>Mit rund 500.000 Euro im Jahr sticht Amherd trotzdem heraus, da sie eine zus\u00e4tzliche Pauschale von 12.700 Euro erh\u00e4lt und damit das am besten verdienende Staatsoberhaupt Europas ist.<\/p>\n<p>Amherds Traum von einer m\u00f6glichen NATO-Mitgliedschaft, die hoffentlich der neutralen Schweiz nie widerf\u00e4hrt, w\u00fcrde zweifellos nicht nur die Neutralit\u00e4t des Landes, sondern auch das Budget erheblich belasten. Und sie w\u00fcrde eine umfassende \u00dcberarbeitung der Finanzstrategie erfordern, zumal diese bisher nicht klar definiert wurde.<\/p>\n<p>Amherd sollte aus ihrem Traum der Wokeness erwachen und die finanziellen Realit\u00e4ten anerkennen, indem sie die Rechnung sorgf\u00e4ltig zusammenstellt. Es ist h\u00f6chste Zeit, dass sie ihrer Verantwortung gerecht wird und wirklich an die Arbeit geht, insbesondere angesichts ihres hohen Gehalts.<\/p>\n<p><strong>Mehr zum Thema<\/strong>\u00a0&#8211;\u00a0\u00a0<a rel=\"nofollow noopener\" target=\"_blank\" href=\"https:\/\/freedert.online\/schweiz\/192894-schweiz-soll-nach-selenski-auch\/\">Schweizer Au\u00dfenpolitiker: Nach Selenskij sollte auch Putin nach Bern kommen<\/a><\/p>\n<div class=\"EmbedBlock-root EmbedBlock-externalVideo EmbedBlock-odysee\">\n<div class=\"VkEmbed\"><iframe class=\"lazyload\" data-src=\"https:\/\/odysee.com\/%24\/embed\/%40RTDE%3Ae%2FDie-Fixierung-auf-Selenskijs-Friedensformel-ist-eine-Sackgasse%3A4\" frameborder=\"0\" width=\"853\" height=\"480\" allowfullscreen><\/iframe><\/div>\n<\/div>\n<\/div>\n<p><script async src=\"https:\/\/platform.twitter.com\/widgets.js\" charset=\"utf-8\"><\/script><br \/>\n<br \/><br \/>\n<br \/><a href=\"https:\/\/de.rt.com\/schweiz\/195802-inkompetenz-am-werk-amherds-nato\/\">Source link <\/a><\/p>\n","protected":false},"excerpt":{"rendered":"<p>Amherds inkompetente Finanzstrategie bringt die Schweizer Armee in N\u00f6te, w\u00e4hrend ihre NATO-Ambitionen das Budget belasten und die nationale Sicherheit gef\u00e4hrden. Die j\u00fcngsten Enth\u00fcllungen \u00fcber die Finanzplanung des Verteidigungsdepartements (VBS) legen ein verheerendes Zeugnis von Inkompetenz und fragw\u00fcrdiger Priorit\u00e4tensetzung unter der Leitung von Verteidigungsministerin Viola Amherd ab. Die Entscheidung, die Armeeausgaben drastisch zu k\u00fcrzen, wirft ernsthafte [&hellip;]<\/p>\n","protected":false},"author":3,"featured_media":55125,"comment_status":"open","ping_status":"open","sticky":false,"template":"","format":"standard","meta":{"_yoast_indexnow_last_ping":["1707653186"],"wp_automatic_camp":["217"],"3726d2e16b087a299811400fe834ef7b":["Inkompetenz am Werk: Amherds NATO-Tr\u00e4ume st\u00fcrzen Schweizer Armee in N\u00f6te"],"original_link":["https:\/\/de.rt.com\/schweiz\/195802-inkompetenz-am-werk-amherds-nato\/"],"_thumbnail_id":["55125"],"jnews_social_counter_last_update":["1777245281"],"_wptgpro_p2tg_sent2tg":["a:1:{i:23737;s:19:\"2024-02-11 14:07:32\";}"]},"categories":[19,23],"tags":[53417,2398,20999,53418,13572,3424,25540,13119],"yoast_head":"<!-- This site is optimized with the Yoast SEO Premium plugin v22.7 (Yoast SEO v22.7) - https:\/\/yoast.com\/wordpress\/plugins\/seo\/ -->\n<title>Inkompetenz am Werk: Amherds NATO-Tr\u00e4ume st\u00fcrzen Schweizer Armee in N\u00f6te - just-now.NEWS Deutschland<\/title>\n<meta name=\"robots\" content=\"index, follow, max-snippet:-1, max-image-preview:large, max-video-preview:-1\" \/>\n<link rel=\"canonical\" href=\"https:\/\/now-news.de\/de\/deutschland\/inkompetenz-am-werk-amherds-nato-traeume-stuerzen-schweizer-armee-in-noete\/\" \/>\n<meta property=\"og:locale\" content=\"de_DE\" \/>\n<meta property=\"og:type\" content=\"article\" \/>\n<meta property=\"og:title\" content=\"Inkompetenz am Werk: Amherds NATO-Tr\u00e4ume st\u00fcrzen Schweizer Armee in N\u00f6te\" \/>\n<meta property=\"og:description\" content=\"Amherds inkompetente Finanzstrategie bringt die Schweizer Armee in N\u00f6te, w\u00e4hrend ihre NATO-Ambitionen das Budget belasten und die nationale Sicherheit gef\u00e4hrden. Die j\u00fcngsten Enth\u00fcllungen \u00fcber die Finanzplanung des Verteidigungsdepartements (VBS) legen ein verheerendes Zeugnis von Inkompetenz und fragw\u00fcrdiger Priorit\u00e4tensetzung unter der Leitung von Verteidigungsministerin Viola Amherd ab. Die Entscheidung, die Armeeausgaben drastisch zu k\u00fcrzen, wirft ernsthafte [&hellip;]\" \/>\n<meta property=\"og:url\" content=\"https:\/\/now-news.de\/de\/deutschland\/inkompetenz-am-werk-amherds-nato-traeume-stuerzen-schweizer-armee-in-noete\/\" \/>\n<meta property=\"og:site_name\" content=\"just-now.NEWS Deutschland\" \/>\n<meta property=\"article:publisher\" content=\"https:\/\/www.facebook.com\/wirmachenauf\" \/>\n<meta property=\"article:published_time\" content=\"2024-02-11T11:55:02+00:00\" \/>\n<meta property=\"og:image\" content=\"https:\/\/now-news.de\/de\/wp-content\/uploads\/sites\/3\/2024\/02\/Inkompetenz-am-Werk-Amherds-NATO-Traeume-stuerzen-Schweizer-Armee-in-Noete.jpeg\" \/>\n\t<meta property=\"og:image:width\" content=\"460\" \/>\n\t<meta property=\"og:image:height\" content=\"259\" \/>\n\t<meta property=\"og:image:type\" content=\"image\/jpeg\" \/>\n<meta name=\"author\" content=\"rtnews\" \/>\n<meta name=\"twitter:card\" content=\"summary_large_image\" \/>\n<meta name=\"twitter:creator\" content=\"@WirMachenAuf_de\" \/>\n<meta name=\"twitter:site\" content=\"@WirMachenAuf_de\" \/>\n<meta name=\"twitter:label1\" content=\"Verfasst von\" \/>\n\t<meta name=\"twitter:data1\" content=\"rtnews\" \/>\n\t<meta name=\"twitter:label2\" content=\"Gesch\u00e4tzte Lesezeit\" \/>\n\t<meta name=\"twitter:data2\" content=\"4\u00a0Minuten\" \/>\n<script type=\"application\/ld+json\" class=\"yoast-schema-graph\">{\"@context\":\"https:\/\/schema.org\",\"@graph\":[{\"@type\":\"Article\",\"@id\":\"https:\/\/now-news.de\/de\/deutschland\/inkompetenz-am-werk-amherds-nato-traeume-stuerzen-schweizer-armee-in-noete\/#article\",\"isPartOf\":{\"@id\":\"https:\/\/now-news.de\/de\/deutschland\/inkompetenz-am-werk-amherds-nato-traeume-stuerzen-schweizer-armee-in-noete\/\"},\"author\":{\"name\":\"rtnews\",\"@id\":\"https:\/\/now-news.de\/de\/#\/schema\/person\/fb534a4e865501d8b3285208df34a9b5\"},\"headline\":\"Inkompetenz am Werk: Amherds NATO-Tr\u00e4ume st\u00fcrzen Schweizer Armee in N\u00f6te\",\"datePublished\":\"2024-02-11T11:55:02+00:00\",\"dateModified\":\"2024-02-11T11:55:02+00:00\",\"mainEntityOfPage\":{\"@id\":\"https:\/\/now-news.de\/de\/deutschland\/inkompetenz-am-werk-amherds-nato-traeume-stuerzen-schweizer-armee-in-noete\/\"},\"wordCount\":739,\"commentCount\":0,\"publisher\":{\"@id\":\"https:\/\/now-news.de\/de\/#organization\"},\"image\":{\"@id\":\"https:\/\/now-news.de\/de\/deutschland\/inkompetenz-am-werk-amherds-nato-traeume-stuerzen-schweizer-armee-in-noete\/#primaryimage\"},\"thumbnailUrl\":\"https:\/\/now-news.de\/de\/wp-content\/uploads\/sites\/3\/2024\/02\/Inkompetenz-am-Werk-Amherds-NATO-Traeume-stuerzen-Schweizer-Armee-in-Noete.jpeg\",\"keywords\":[\"Amherds\",\"Armee\",\"Inkompetenz\",\"NATOTr\u00e4ume\",\"note\",\"Schweizer\",\"st\u00fcrzen\",\"werk\"],\"articleSection\":[\"Deutschland\",\"Russland\"],\"inLanguage\":\"de\",\"potentialAction\":[{\"@type\":\"CommentAction\",\"name\":\"Comment\",\"target\":[\"https:\/\/now-news.de\/de\/deutschland\/inkompetenz-am-werk-amherds-nato-traeume-stuerzen-schweizer-armee-in-noete\/#respond\"]}]},{\"@type\":\"WebPage\",\"@id\":\"https:\/\/now-news.de\/de\/deutschland\/inkompetenz-am-werk-amherds-nato-traeume-stuerzen-schweizer-armee-in-noete\/\",\"url\":\"https:\/\/now-news.de\/de\/deutschland\/inkompetenz-am-werk-amherds-nato-traeume-stuerzen-schweizer-armee-in-noete\/\",\"name\":\"Inkompetenz am Werk: Amherds NATO-Tr\u00e4ume st\u00fcrzen Schweizer Armee in N\u00f6te - just-now.NEWS Deutschland\",\"isPartOf\":{\"@id\":\"https:\/\/now-news.de\/de\/#website\"},\"primaryImageOfPage\":{\"@id\":\"https:\/\/now-news.de\/de\/deutschland\/inkompetenz-am-werk-amherds-nato-traeume-stuerzen-schweizer-armee-in-noete\/#primaryimage\"},\"image\":{\"@id\":\"https:\/\/now-news.de\/de\/deutschland\/inkompetenz-am-werk-amherds-nato-traeume-stuerzen-schweizer-armee-in-noete\/#primaryimage\"},\"thumbnailUrl\":\"https:\/\/now-news.de\/de\/wp-content\/uploads\/sites\/3\/2024\/02\/Inkompetenz-am-Werk-Amherds-NATO-Traeume-stuerzen-Schweizer-Armee-in-Noete.jpeg\",\"datePublished\":\"2024-02-11T11:55:02+00:00\",\"dateModified\":\"2024-02-11T11:55:02+00:00\",\"breadcrumb\":{\"@id\":\"https:\/\/now-news.de\/de\/deutschland\/inkompetenz-am-werk-amherds-nato-traeume-stuerzen-schweizer-armee-in-noete\/#breadcrumb\"},\"inLanguage\":\"de\",\"potentialAction\":[{\"@type\":\"ReadAction\",\"target\":[\"https:\/\/now-news.de\/de\/deutschland\/inkompetenz-am-werk-amherds-nato-traeume-stuerzen-schweizer-armee-in-noete\/\"]}]},{\"@type\":\"ImageObject\",\"inLanguage\":\"de\",\"@id\":\"https:\/\/now-news.de\/de\/deutschland\/inkompetenz-am-werk-amherds-nato-traeume-stuerzen-schweizer-armee-in-noete\/#primaryimage\",\"url\":\"https:\/\/now-news.de\/de\/wp-content\/uploads\/sites\/3\/2024\/02\/Inkompetenz-am-Werk-Amherds-NATO-Traeume-stuerzen-Schweizer-Armee-in-Noete.jpeg\",\"contentUrl\":\"https:\/\/now-news.de\/de\/wp-content\/uploads\/sites\/3\/2024\/02\/Inkompetenz-am-Werk-Amherds-NATO-Traeume-stuerzen-Schweizer-Armee-in-Noete.jpeg\",\"width\":460,\"height\":259,\"caption\":\"Inkompetenz am Werk: Amherds NATO-Tr\u00e4ume st\u00fcrzen Schweizer Armee in N\u00f6te\"},{\"@type\":\"BreadcrumbList\",\"@id\":\"https:\/\/now-news.de\/de\/deutschland\/inkompetenz-am-werk-amherds-nato-traeume-stuerzen-schweizer-armee-in-noete\/#breadcrumb\",\"itemListElement\":[{\"@type\":\"ListItem\",\"position\":1,\"name\":\"Home\",\"item\":\"https:\/\/now-news.de\/de\/\"},{\"@type\":\"ListItem\",\"position\":2,\"name\":\"Inkompetenz am Werk: Amherds NATO-Tr\u00e4ume st\u00fcrzen Schweizer Armee in N\u00f6te\"}]},{\"@type\":\"WebSite\",\"@id\":\"https:\/\/now-news.de\/de\/#website\",\"url\":\"https:\/\/now-news.de\/de\/\",\"name\":\"just-now.NEWS Deutschland\",\"description\":\"Das Portal f\u00fcr unzensierte Nachrichten aus der Welt\",\"publisher\":{\"@id\":\"https:\/\/now-news.de\/de\/#organization\"},\"potentialAction\":[{\"@type\":\"SearchAction\",\"target\":{\"@type\":\"EntryPoint\",\"urlTemplate\":\"https:\/\/now-news.de\/de\/?s={search_term_string}\"},\"query-input\":\"required name=search_term_string\"}],\"inLanguage\":\"de\"},{\"@type\":\"Organization\",\"@id\":\"https:\/\/now-news.de\/de\/#organization\",\"name\":\"Just Now News\",\"url\":\"https:\/\/now-news.de\/de\/\",\"logo\":{\"@type\":\"ImageObject\",\"inLanguage\":\"de\",\"@id\":\"https:\/\/now-news.de\/de\/#\/schema\/logo\/image\/\",\"url\":\"http:\/\/just-now.news\/de\/wp-content\/uploads\/sites\/3\/2022\/04\/logo500x500.jpg\",\"contentUrl\":\"http:\/\/just-now.news\/de\/wp-content\/uploads\/sites\/3\/2022\/04\/logo500x500.jpg\",\"width\":500,\"height\":500,\"caption\":\"Just Now News\"},\"image\":{\"@id\":\"https:\/\/now-news.de\/de\/#\/schema\/logo\/image\/\"},\"sameAs\":[\"https:\/\/www.facebook.com\/wirmachenauf\",\"https:\/\/x.com\/WirMachenAuf_de\"]},{\"@type\":\"Person\",\"@id\":\"https:\/\/now-news.de\/de\/#\/schema\/person\/fb534a4e865501d8b3285208df34a9b5\",\"name\":\"rtnews\",\"image\":{\"@type\":\"ImageObject\",\"inLanguage\":\"de\",\"@id\":\"https:\/\/now-news.de\/de\/#\/schema\/person\/image\/\",\"url\":\"https:\/\/secure.gravatar.com\/avatar\/82aafea7d8127119dd649515f56e2117?s=96&d=mm&r=g\",\"contentUrl\":\"https:\/\/secure.gravatar.com\/avatar\/82aafea7d8127119dd649515f56e2117?s=96&d=mm&r=g\",\"caption\":\"rtnews\"},\"url\":\"https:\/\/now-news.de\/de\/author\/rnews\/\"}]}<\/script>\n<!-- \/ Yoast SEO Premium plugin. -->","yoast_head_json":{"title":"Inkompetenz am Werk: Amherds NATO-Tr\u00e4ume st\u00fcrzen Schweizer Armee in N\u00f6te - just-now.NEWS Deutschland","robots":{"index":"index","follow":"follow","max-snippet":"max-snippet:-1","max-image-preview":"max-image-preview:large","max-video-preview":"max-video-preview:-1"},"canonical":"https:\/\/now-news.de\/de\/deutschland\/inkompetenz-am-werk-amherds-nato-traeume-stuerzen-schweizer-armee-in-noete\/","og_locale":"de_DE","og_type":"article","og_title":"Inkompetenz am Werk: Amherds NATO-Tr\u00e4ume st\u00fcrzen Schweizer Armee in N\u00f6te","og_description":"Amherds inkompetente Finanzstrategie bringt die Schweizer Armee in N\u00f6te, w\u00e4hrend ihre NATO-Ambitionen das Budget belasten und die nationale Sicherheit gef\u00e4hrden. Die j\u00fcngsten Enth\u00fcllungen \u00fcber die Finanzplanung des Verteidigungsdepartements (VBS) legen ein verheerendes Zeugnis von Inkompetenz und fragw\u00fcrdiger Priorit\u00e4tensetzung unter der Leitung von Verteidigungsministerin Viola Amherd ab. Die Entscheidung, die Armeeausgaben drastisch zu k\u00fcrzen, wirft ernsthafte [&hellip;]","og_url":"https:\/\/now-news.de\/de\/deutschland\/inkompetenz-am-werk-amherds-nato-traeume-stuerzen-schweizer-armee-in-noete\/","og_site_name":"just-now.NEWS Deutschland","article_publisher":"https:\/\/www.facebook.com\/wirmachenauf","article_published_time":"2024-02-11T11:55:02+00:00","og_image":[{"width":460,"height":259,"url":"https:\/\/now-news.de\/de\/wp-content\/uploads\/sites\/3\/2024\/02\/Inkompetenz-am-Werk-Amherds-NATO-Traeume-stuerzen-Schweizer-Armee-in-Noete.jpeg","type":"image\/jpeg"}],"author":"rtnews","twitter_card":"summary_large_image","twitter_creator":"@WirMachenAuf_de","twitter_site":"@WirMachenAuf_de","twitter_misc":{"Verfasst von":"rtnews","Gesch\u00e4tzte Lesezeit":"4\u00a0Minuten"},"schema":{"@context":"https:\/\/schema.org","@graph":[{"@type":"Article","@id":"https:\/\/now-news.de\/de\/deutschland\/inkompetenz-am-werk-amherds-nato-traeume-stuerzen-schweizer-armee-in-noete\/#article","isPartOf":{"@id":"https:\/\/now-news.de\/de\/deutschland\/inkompetenz-am-werk-amherds-nato-traeume-stuerzen-schweizer-armee-in-noete\/"},"author":{"name":"rtnews","@id":"https:\/\/now-news.de\/de\/#\/schema\/person\/fb534a4e865501d8b3285208df34a9b5"},"headline":"Inkompetenz am Werk: Amherds NATO-Tr\u00e4ume st\u00fcrzen Schweizer Armee in N\u00f6te","datePublished":"2024-02-11T11:55:02+00:00","dateModified":"2024-02-11T11:55:02+00:00","mainEntityOfPage":{"@id":"https:\/\/now-news.de\/de\/deutschland\/inkompetenz-am-werk-amherds-nato-traeume-stuerzen-schweizer-armee-in-noete\/"},"wordCount":739,"commentCount":0,"publisher":{"@id":"https:\/\/now-news.de\/de\/#organization"},"image":{"@id":"https:\/\/now-news.de\/de\/deutschland\/inkompetenz-am-werk-amherds-nato-traeume-stuerzen-schweizer-armee-in-noete\/#primaryimage"},"thumbnailUrl":"https:\/\/now-news.de\/de\/wp-content\/uploads\/sites\/3\/2024\/02\/Inkompetenz-am-Werk-Amherds-NATO-Traeume-stuerzen-Schweizer-Armee-in-Noete.jpeg","keywords":["Amherds","Armee","Inkompetenz","NATOTr\u00e4ume","note","Schweizer","st\u00fcrzen","werk"],"articleSection":["Deutschland","Russland"],"inLanguage":"de","potentialAction":[{"@type":"CommentAction","name":"Comment","target":["https:\/\/now-news.de\/de\/deutschland\/inkompetenz-am-werk-amherds-nato-traeume-stuerzen-schweizer-armee-in-noete\/#respond"]}]},{"@type":"WebPage","@id":"https:\/\/now-news.de\/de\/deutschland\/inkompetenz-am-werk-amherds-nato-traeume-stuerzen-schweizer-armee-in-noete\/","url":"https:\/\/now-news.de\/de\/deutschland\/inkompetenz-am-werk-amherds-nato-traeume-stuerzen-schweizer-armee-in-noete\/","name":"Inkompetenz am Werk: Amherds NATO-Tr\u00e4ume st\u00fcrzen Schweizer Armee in N\u00f6te - just-now.NEWS Deutschland","isPartOf":{"@id":"https:\/\/now-news.de\/de\/#website"},"primaryImageOfPage":{"@id":"https:\/\/now-news.de\/de\/deutschland\/inkompetenz-am-werk-amherds-nato-traeume-stuerzen-schweizer-armee-in-noete\/#primaryimage"},"image":{"@id":"https:\/\/now-news.de\/de\/deutschland\/inkompetenz-am-werk-amherds-nato-traeume-stuerzen-schweizer-armee-in-noete\/#primaryimage"},"thumbnailUrl":"https:\/\/now-news.de\/de\/wp-content\/uploads\/sites\/3\/2024\/02\/Inkompetenz-am-Werk-Amherds-NATO-Traeume-stuerzen-Schweizer-Armee-in-Noete.jpeg","datePublished":"2024-02-11T11:55:02+00:00","dateModified":"2024-02-11T11:55:02+00:00","breadcrumb":{"@id":"https:\/\/now-news.de\/de\/deutschland\/inkompetenz-am-werk-amherds-nato-traeume-stuerzen-schweizer-armee-in-noete\/#breadcrumb"},"inLanguage":"de","potentialAction":[{"@type":"ReadAction","target":["https:\/\/now-news.de\/de\/deutschland\/inkompetenz-am-werk-amherds-nato-traeume-stuerzen-schweizer-armee-in-noete\/"]}]},{"@type":"ImageObject","inLanguage":"de","@id":"https:\/\/now-news.de\/de\/deutschland\/inkompetenz-am-werk-amherds-nato-traeume-stuerzen-schweizer-armee-in-noete\/#primaryimage","url":"https:\/\/now-news.de\/de\/wp-content\/uploads\/sites\/3\/2024\/02\/Inkompetenz-am-Werk-Amherds-NATO-Traeume-stuerzen-Schweizer-Armee-in-Noete.jpeg","contentUrl":"https:\/\/now-news.de\/de\/wp-content\/uploads\/sites\/3\/2024\/02\/Inkompetenz-am-Werk-Amherds-NATO-Traeume-stuerzen-Schweizer-Armee-in-Noete.jpeg","width":460,"height":259,"caption":"Inkompetenz am Werk: Amherds NATO-Tr\u00e4ume st\u00fcrzen Schweizer Armee in N\u00f6te"},{"@type":"BreadcrumbList","@id":"https:\/\/now-news.de\/de\/deutschland\/inkompetenz-am-werk-amherds-nato-traeume-stuerzen-schweizer-armee-in-noete\/#breadcrumb","itemListElement":[{"@type":"ListItem","position":1,"name":"Home","item":"https:\/\/now-news.de\/de\/"},{"@type":"ListItem","position":2,"name":"Inkompetenz am Werk: Amherds NATO-Tr\u00e4ume st\u00fcrzen Schweizer Armee in N\u00f6te"}]},{"@type":"WebSite","@id":"https:\/\/now-news.de\/de\/#website","url":"https:\/\/now-news.de\/de\/","name":"just-now.NEWS Deutschland","description":"Das Portal f\u00fcr unzensierte Nachrichten aus der Welt","publisher":{"@id":"https:\/\/now-news.de\/de\/#organization"},"potentialAction":[{"@type":"SearchAction","target":{"@type":"EntryPoint","urlTemplate":"https:\/\/now-news.de\/de\/?s={search_term_string}"},"query-input":"required name=search_term_string"}],"inLanguage":"de"},{"@type":"Organization","@id":"https:\/\/now-news.de\/de\/#organization","name":"Just Now News","url":"https:\/\/now-news.de\/de\/","logo":{"@type":"ImageObject","inLanguage":"de","@id":"https:\/\/now-news.de\/de\/#\/schema\/logo\/image\/","url":"http:\/\/just-now.news\/de\/wp-content\/uploads\/sites\/3\/2022\/04\/logo500x500.jpg","contentUrl":"http:\/\/just-now.news\/de\/wp-content\/uploads\/sites\/3\/2022\/04\/logo500x500.jpg","width":500,"height":500,"caption":"Just Now News"},"image":{"@id":"https:\/\/now-news.de\/de\/#\/schema\/logo\/image\/"},"sameAs":["https:\/\/www.facebook.com\/wirmachenauf","https:\/\/x.com\/WirMachenAuf_de"]},{"@type":"Person","@id":"https:\/\/now-news.de\/de\/#\/schema\/person\/fb534a4e865501d8b3285208df34a9b5","name":"rtnews","image":{"@type":"ImageObject","inLanguage":"de","@id":"https:\/\/now-news.de\/de\/#\/schema\/person\/image\/","url":"https:\/\/secure.gravatar.com\/avatar\/82aafea7d8127119dd649515f56e2117?s=96&d=mm&r=g","contentUrl":"https:\/\/secure.gravatar.com\/avatar\/82aafea7d8127119dd649515f56e2117?s=96&d=mm&r=g","caption":"rtnews"},"url":"https:\/\/now-news.de\/de\/author\/rnews\/"}]}},"_links":{"self":[{"href":"https:\/\/now-news.de\/de\/wp-json\/wp\/v2\/posts\/55124"}],"collection":[{"href":"https:\/\/now-news.de\/de\/wp-json\/wp\/v2\/posts"}],"about":[{"href":"https:\/\/now-news.de\/de\/wp-json\/wp\/v2\/types\/post"}],"author":[{"embeddable":true,"href":"https:\/\/now-news.de\/de\/wp-json\/wp\/v2\/users\/3"}],"replies":[{"embeddable":true,"href":"https:\/\/now-news.de\/de\/wp-json\/wp\/v2\/comments?post=55124"}],"version-history":[{"count":0,"href":"https:\/\/now-news.de\/de\/wp-json\/wp\/v2\/posts\/55124\/revisions"}],"wp:featuredmedia":[{"embeddable":true,"href":"https:\/\/now-news.de\/de\/wp-json\/wp\/v2\/media\/55125"}],"wp:attachment":[{"href":"https:\/\/now-news.de\/de\/wp-json\/wp\/v2\/media?parent=55124"}],"wp:term":[{"taxonomy":"category","embeddable":true,"href":"https:\/\/now-news.de\/de\/wp-json\/wp\/v2\/categories?post=55124"},{"taxonomy":"post_tag","embeddable":true,"href":"https:\/\/now-news.de\/de\/wp-json\/wp\/v2\/tags?post=55124"}],"curies":[{"name":"wp","href":"https:\/\/api.w.org\/{rel}","templated":true}]}}