{"id":55067,"date":"2024-02-09T22:42:20","date_gmt":"2024-02-09T20:42:20","guid":{"rendered":"https:\/\/just-now.news\/de\/deutschland\/baerbock-ueber-ihren-nazi-opa-wir-haben-ja-gar-nichts-gewusst\/"},"modified":"2024-02-09T22:42:20","modified_gmt":"2024-02-09T20:42:20","slug":"baerbock-ueber-ihren-nazi-opa-wir-haben-ja-gar-nichts-gewusst","status":"publish","type":"post","link":"https:\/\/now-news.de\/de\/deutschland\/baerbock-ueber-ihren-nazi-opa-wir-haben-ja-gar-nichts-gewusst\/","title":{"rendered":"Baerbock \u00fcber ihren Nazi-Opa: &quot;Wir haben ja gar nichts gewusst&quot;"},"content":{"rendered":"<p><img decoding=\"async\" src=\"http:\/\/just-now.news\/de\/wp-content\/uploads\/sites\/3\/2024\/02\/65c67778b480cc10621f31bf.jpg\" \/><\/p>\n<div class=\"Text-root Text-type_1 \">\n                Die &#8220;Bunte&#8221; hat die Wehrmachtsakte von Annalena Baerbocks Gro\u00dfvater eingesehen und herausgefunden, dass dieser kein einfacher Wehrpflichtiger, sondern ein gl\u00fchender Nationalsozialist war. Es ist nicht dieser Umstand, es ist der Umgang der Au\u00dfenministerin mit ihrer Familiengeschichte, der viel \u00fcber sie aussagt.\n            <\/div>\n<p><\/p>\n<div class=\"Text-root Text-type_5 ArticleView-text ViewText-root \">\n<p><em>Von Alexej Danckwardt<\/em><\/p>\n<p>Das ist schon merkw\u00fcrdig. Wir haben es bereits 2021 gewusst, dass Annalena Baerbock einen Nazi und Kriegsverbrecher romantisiert und wei\u00dfw\u00e4scht, wenn sie in hohen T\u00f6nen \u00fcber ihren Gro\u00dfvater v\u00e4terlicherseits spricht. Wir <a rel=\"nofollow noopener\" target=\"_blank\" href=\"https:\/\/freedert.online\/meinung\/117986-baerbock-auf-schultern-ihres-wehrmacht-gro%C3%9Fvaters\/\">schrieben<\/a> sogar dar\u00fcber. Und nicht nur wir.\u00a0<\/p>\n<p>Sie selbst will aber nichts von der Nazi-Vergangenheit des Waldemar Baerbock gewusst haben, dessen Ostfeldzug sie an der Oder-Br\u00fccke in Frankfurt (Oder) stehend sowie bei der Vorstellung im Atlantic Council im Fr\u00fchjahr 2021 so hochtrabend in die Tradition der Europ\u00e4ischen Einheit r\u00fcckte. Erst jetzt will sie davon erfahren haben, von dem Magazin <em>Bunte<\/em> eingesehene Wehrmachts-Akten sollen ihr erstmals die Augen f\u00fcr die dunkle Vergangenheit ihrer Familie ge\u00f6ffnet haben.\u00a0<\/p>\n<p>Baerbocks Gro\u00dfvater war nicht nur Ingenieur in einer Einheit, die Flak-Gesch\u00fctze reparierte, sondern \u2013 wie die Akten lobend festhalten \u2013 ein gl\u00fchender Anh\u00e4nger der Nazis. W\u00f6rtlich steht in der Akte, dass &#8220;Oberst Kriegsoffizier Waldemar Baerbock ein bedingungsloser Nationalsozialist ist&#8221;.\u00a0<\/p>\n<p>Hitlers &#8220;Mein Kampf&#8221; hat er mehrmals und (so ausdr\u00fccklich die Akte) &#8220;aufmerksam&#8221; gelesen. Steigerung w\u00e4re nur noch, wenn er es auswendig gelernt h\u00e4tte.\u00a01944 wurde ihm das Kriegsverdienstkreuz mit Schwertern verliehen, eine hohe Auszeichnung der NSDAP f\u00fcr &#8220;besondere Verdienste bei Einsatz unter feindlicher Waffenwirkung oder f\u00fcr besondere Verdienste in der milit\u00e4rischen Kriegsf\u00fchrung&#8221;. Kein einfacher Soldat jedenfalls, der &#8220;nur&#8221; seine Wehrpflicht erf\u00fcllte. Und wer wei\u00df, was wir noch alles erfahren, wenn wir seinen Weg im Zweiten Weltkrieg aufmerksam nachverfolgen.\u00a0<\/p>\n<p>Aber ist es von Bedeutung, was der Gro\u00dfvater der deutschen Au\u00dfenministerin war? Sind wir nicht alle Produkte unserer Kindheit, die wir zwar in uns tragen, aber doch aus ihr herauswachsen? Und hat der Tageskolumnist der <em>Bild<\/em>\u00a0mit seinem Hinweis nicht recht, dass nahezu jeder Deutsche jemanden unter seinen Vorfahren hat, der mehr oder weniger gl\u00e4ubig den Nazis gedient hatte?\u00a0<\/p>\n<p>Der Umgang mit diesem Erbe, die Art und die Tiefe seiner intellektuellen Verarbeitung sind entscheidend. Und was wir bei Annalena Baerbock erleben, ist das genaue Gegenteil des Verarbeitens und Herauswachsens. Sie stolziert geradezu mit ihrer Familiengeschichte und sieht die &#8220;Leistung&#8221; ihrer Gro\u00dfeltern als das Fundament, auf dem sie deutsche Au\u00dfenpolitik, die der W\u00e4hler ihr so unvern\u00fcnftig anvertraut hat, und die europ\u00e4ische Einheit aufbauen will.<\/p>\n<div class=\"EmbedBlock-root EmbedBlock-twitter\">\n<div class=\"TwitterEmbed\">\n<blockquote class=\"twitter-tweet lazyload\" data-twitter=\"twitter-tweet\">\n<p lang=\"de\" dir=\"ltr\">Kennt Ihr schon <a rel=\"nofollow noopener\" target=\"_blank\" href=\"https:\/\/twitter.com\/ABaerbock?ref_src=twsrc%5Etfw\">@ABaerbock<\/a>&#8216;s Auftritt beim <a rel=\"nofollow noopener\" target=\"_blank\" href=\"https:\/\/twitter.com\/AtlanticCouncil?ref_src=twsrc%5Etfw\">@AtlanticCouncil<\/a>? <a rel=\"nofollow noopener\" target=\"_blank\" href=\"https:\/\/twitter.com\/hashtag\/BaerbockforKanzlerin?src=hash&amp;ref_src=twsrc%5Etfw\">#BaerbockforKanzlerin<\/a> verkauft sich dort zun\u00e4chst als Ostdeutsche (h\u00e4?), um dann zu erz\u00e4hlen, wie ihr Ostfront-Opa im Winter 45 an der Oder gegen die Rote Armee k\u00e4mpfte. Dies sei ihre Inspiration f\u00fcr &#8220;fighting for\ud83c\uddea\ud83c\uddfa&#8221;&#8230; <a rel=\"nofollow noopener\" target=\"_blank\" href=\"https:\/\/t.co\/VJrnQcTnKO\">pic.twitter.com\/VJrnQcTnKO<\/a><\/p>\n<p>\u2014 Florian Warweg (@FWarweg) <a rel=\"nofollow noopener\" target=\"_blank\" href=\"https:\/\/twitter.com\/FWarweg\/status\/1395046719524585479?ref_src=twsrc%5Etfw\">May 19, 2021<\/a><\/p><\/blockquote>\n<\/div>\n<\/div>\n<p>Dass die Au\u00dfenministerin gar nichts \u00fcber ihren Gro\u00dfvater und die Umst\u00e4nde wusste, unter denen er \u00fcber die Oder-Br\u00fccke nach Osten zog, darf man ihr nicht abnehmen. Wir erfuhren heute auch, dass die Vergangenheit des Opas Waldemar in der Familie durchaus Thema war, dass Annalenas Vater sich mit seinem Vater dar\u00fcber gestritten hat und dieser letztlich gestanden hatte, in der Wehrmacht gewesen zu sein. Mehr noch, er hatte sogar &#8220;eine Art Familienbuch&#8221; dar\u00fcber verfasst. Mindestens das hat Baerbock gewusst und wollte Europa dennoch auf die Schulter ihres Gro\u00dfvaters setzen. Ausdr\u00fccklich.\u00a0<\/p>\n<p>Und das ist nicht alles. Da ist noch ihre <a rel=\"nofollow noopener\" target=\"_blank\" href=\"https:\/\/freedert.online\/inland\/180470-baerbock-widmet-autobiographie-kriegsgenerationen-gekaempft\/\">Gro\u00dfmutter m\u00fctterlicherseits<\/a>, die sie ihrem eigenen Bekunden nach sehr gepr\u00e4gt habe, eine Deutsche aus Polen, die dem kleinen Annalenchen immer wieder von dem schweren Nachkriegsschicksal der Schlesien-Deutschen erz\u00e4hlt hat. Ohne richtigen Kontext sind solche Erz\u00e4hlungen geeignet, Russophobie, Russenhass und Rachedurst wachsen zu lassen, also alles, was wir bei der Au\u00dfenministerin beobachten und immer wieder kritisieren.\u00a0<\/p>\n<p>In den richtigen Kontext hat Baerbock nie etwas ger\u00fcckt und die Tr\u00e4nen, die sie neulich f\u00fcr die Kameras im Bundestag \u00fcber das Schicksal der Auschwitz-Insassen vergossen hat, \u00e4ndern daran wenig. Denn nicht gegen Juden ziehen Deutschland und Europa aktuell in den Krieg, sondern gegen Russland, mit dessen Trag\u00f6dien sich die Au\u00dfenministerin absolut sicher nie besch\u00e4ftigt und dar\u00fcber auch niemals eine Tr\u00e4ne aus sich herausgedr\u00fcckt hat.<\/p>\n<p>Erkennt man das erst einmal, dann passen alle Puzzlest\u00fccke zusammen und man versteht, warum ausgerechnet Annalena Baerbock das Vorstellungsgespr\u00e4ch vor dem Atlantic Council mit Bravour gemeistert hat. Sie ist die genau passende Person, um in die Fu\u00dfstapfen ihres Gro\u00dfvaters zu treten und Deutschland in den Dritten Weltkrieg zu f\u00fchren. \u00dcber die Oder-Br\u00fccke und immer ostw\u00e4rts geradeaus.\u00a0<\/p>\n<p><strong>Mehr zum Thema<\/strong> \u2013 <a rel=\"nofollow noopener\" target=\"_blank\" href=\"https:\/\/freedert.online\/meinung\/117986-baerbock-auf-schultern-ihres-wehrmacht-gro%C3%9Fvaters\/\">Annalena Baerbock: &#8220;Wiedervereinigung Europas&#8221; auf den Schultern ihres Wehrmacht-Gro\u00dfvaters?<\/a>\u00a0<\/p>\n<\/p>\n<\/div>\n<p><script async src=\"https:\/\/platform.twitter.com\/widgets.js\" charset=\"utf-8\"><\/script><br \/>\n<br \/><br \/>\n<br \/><a href=\"https:\/\/de.rt.com\/meinung\/195701-baerbock-zu-ihrem-nazi-opa\/\">Source link <\/a><\/p>\n","protected":false},"excerpt":{"rendered":"<p>Die &#8220;Bunte&#8221; hat die Wehrmachtsakte von Annalena Baerbocks Gro\u00dfvater eingesehen und herausgefunden, dass dieser kein einfacher Wehrpflichtiger, sondern ein gl\u00fchender Nationalsozialist war. Es ist nicht dieser Umstand, es ist der Umgang der Au\u00dfenministerin mit ihrer Familiengeschichte, der viel \u00fcber sie aussagt. Von Alexej Danckwardt Das ist schon merkw\u00fcrdig. Wir haben es bereits 2021 gewusst, dass [&hellip;]<\/p>\n","protected":false},"author":3,"featured_media":55068,"comment_status":"open","ping_status":"open","sticky":false,"template":"","format":"standard","meta":{"_yoast_indexnow_last_ping":["1707513098"],"wp_automatic_camp":["217"],"f8e596090e6d3f0c1a4d176060d2b0f7":["Baerbock \u00fcber ihren Nazi-Opa: &quot;Wir haben ja gar nichts gewusst&quot;"],"original_link":["https:\/\/de.rt.com\/meinung\/195701-baerbock-zu-ihrem-nazi-opa\/"],"_thumbnail_id":["55068"],"jnews_social_counter_last_update":["1777793680"],"_wptgpro_p2tg_sent2tg":["a:1:{i:23737;s:19:\"2024-02-09 23:13:02\";}"]},"categories":[19,23],"tags":[587,22404,53377,771,1524,53376,3095,5451,139],"yoast_head":"<!-- This site is optimized with the Yoast SEO Premium plugin v22.7 (Yoast SEO v22.7) - https:\/\/yoast.com\/wordpress\/plugins\/seo\/ -->\n<title>Baerbock \u00fcber ihren Nazi-Opa: &quot;Wir haben ja gar nichts gewusst&quot; - just-now.NEWS Deutschland<\/title>\n<meta name=\"robots\" content=\"index, follow, max-snippet:-1, max-image-preview:large, max-video-preview:-1\" \/>\n<link rel=\"canonical\" href=\"https:\/\/now-news.de\/de\/deutschland\/baerbock-ueber-ihren-nazi-opa-wir-haben-ja-gar-nichts-gewusst\/\" \/>\n<meta property=\"og:locale\" content=\"de_DE\" \/>\n<meta property=\"og:type\" content=\"article\" \/>\n<meta property=\"og:title\" content=\"Baerbock \u00fcber ihren Nazi-Opa: &quot;Wir haben ja gar nichts gewusst&quot;\" \/>\n<meta property=\"og:description\" content=\"Die &#8220;Bunte&#8221; hat die Wehrmachtsakte von Annalena Baerbocks Gro\u00dfvater eingesehen und herausgefunden, dass dieser kein einfacher Wehrpflichtiger, sondern ein gl\u00fchender Nationalsozialist war. Es ist nicht dieser Umstand, es ist der Umgang der Au\u00dfenministerin mit ihrer Familiengeschichte, der viel \u00fcber sie aussagt. Von Alexej Danckwardt Das ist schon merkw\u00fcrdig. Wir haben es bereits 2021 gewusst, dass [&hellip;]\" \/>\n<meta property=\"og:url\" content=\"https:\/\/now-news.de\/de\/deutschland\/baerbock-ueber-ihren-nazi-opa-wir-haben-ja-gar-nichts-gewusst\/\" \/>\n<meta property=\"og:site_name\" content=\"just-now.NEWS Deutschland\" \/>\n<meta property=\"article:publisher\" content=\"https:\/\/www.facebook.com\/wirmachenauf\" \/>\n<meta property=\"article:published_time\" content=\"2024-02-09T20:42:20+00:00\" \/>\n<meta property=\"og:image\" content=\"https:\/\/now-news.de\/de\/wp-content\/uploads\/sites\/3\/2024\/02\/Baerbock-ueber-ihren-Nazi-Opa-quotWir-haben-ja-gar-nichts-gewusstquot.jpg\" \/>\n\t<meta property=\"og:image:width\" content=\"460\" \/>\n\t<meta property=\"og:image:height\" content=\"259\" \/>\n\t<meta property=\"og:image:type\" content=\"image\/jpeg\" \/>\n<meta name=\"author\" content=\"rtnews\" \/>\n<meta name=\"twitter:card\" content=\"summary_large_image\" \/>\n<meta name=\"twitter:creator\" content=\"@WirMachenAuf_de\" \/>\n<meta name=\"twitter:site\" content=\"@WirMachenAuf_de\" \/>\n<meta name=\"twitter:label1\" content=\"Verfasst von\" \/>\n\t<meta name=\"twitter:data1\" content=\"rtnews\" \/>\n\t<meta name=\"twitter:label2\" content=\"Gesch\u00e4tzte Lesezeit\" \/>\n\t<meta name=\"twitter:data2\" content=\"4\u00a0Minuten\" \/>\n<script type=\"application\/ld+json\" class=\"yoast-schema-graph\">{\"@context\":\"https:\/\/schema.org\",\"@graph\":[{\"@type\":\"Article\",\"@id\":\"https:\/\/now-news.de\/de\/deutschland\/baerbock-ueber-ihren-nazi-opa-wir-haben-ja-gar-nichts-gewusst\/#article\",\"isPartOf\":{\"@id\":\"https:\/\/now-news.de\/de\/deutschland\/baerbock-ueber-ihren-nazi-opa-wir-haben-ja-gar-nichts-gewusst\/\"},\"author\":{\"name\":\"rtnews\",\"@id\":\"https:\/\/now-news.de\/de\/#\/schema\/person\/fb534a4e865501d8b3285208df34a9b5\"},\"headline\":\"Baerbock \u00fcber ihren Nazi-Opa: &quot;Wir haben ja gar nichts gewusst&quot;\",\"datePublished\":\"2024-02-09T20:42:20+00:00\",\"dateModified\":\"2024-02-09T20:42:20+00:00\",\"mainEntityOfPage\":{\"@id\":\"https:\/\/now-news.de\/de\/deutschland\/baerbock-ueber-ihren-nazi-opa-wir-haben-ja-gar-nichts-gewusst\/\"},\"wordCount\":806,\"commentCount\":0,\"publisher\":{\"@id\":\"https:\/\/now-news.de\/de\/#organization\"},\"image\":{\"@id\":\"https:\/\/now-news.de\/de\/deutschland\/baerbock-ueber-ihren-nazi-opa-wir-haben-ja-gar-nichts-gewusst\/#primaryimage\"},\"thumbnailUrl\":\"https:\/\/now-news.de\/de\/wp-content\/uploads\/sites\/3\/2024\/02\/Baerbock-ueber-ihren-Nazi-Opa-quotWir-haben-ja-gar-nichts-gewusstquot.jpg\",\"keywords\":[\"Baerbock\",\"gar\",\"gewusstquot\",\"haben\",\"ihren\",\"NaziOpa\",\"Nichts\",\"quotWir\",\"\u00fcber\"],\"articleSection\":[\"Deutschland\",\"Russland\"],\"inLanguage\":\"de\",\"potentialAction\":[{\"@type\":\"CommentAction\",\"name\":\"Comment\",\"target\":[\"https:\/\/now-news.de\/de\/deutschland\/baerbock-ueber-ihren-nazi-opa-wir-haben-ja-gar-nichts-gewusst\/#respond\"]}]},{\"@type\":\"WebPage\",\"@id\":\"https:\/\/now-news.de\/de\/deutschland\/baerbock-ueber-ihren-nazi-opa-wir-haben-ja-gar-nichts-gewusst\/\",\"url\":\"https:\/\/now-news.de\/de\/deutschland\/baerbock-ueber-ihren-nazi-opa-wir-haben-ja-gar-nichts-gewusst\/\",\"name\":\"Baerbock \u00fcber ihren Nazi-Opa: &quot;Wir haben ja gar nichts gewusst&quot; - just-now.NEWS Deutschland\",\"isPartOf\":{\"@id\":\"https:\/\/now-news.de\/de\/#website\"},\"primaryImageOfPage\":{\"@id\":\"https:\/\/now-news.de\/de\/deutschland\/baerbock-ueber-ihren-nazi-opa-wir-haben-ja-gar-nichts-gewusst\/#primaryimage\"},\"image\":{\"@id\":\"https:\/\/now-news.de\/de\/deutschland\/baerbock-ueber-ihren-nazi-opa-wir-haben-ja-gar-nichts-gewusst\/#primaryimage\"},\"thumbnailUrl\":\"https:\/\/now-news.de\/de\/wp-content\/uploads\/sites\/3\/2024\/02\/Baerbock-ueber-ihren-Nazi-Opa-quotWir-haben-ja-gar-nichts-gewusstquot.jpg\",\"datePublished\":\"2024-02-09T20:42:20+00:00\",\"dateModified\":\"2024-02-09T20:42:20+00:00\",\"breadcrumb\":{\"@id\":\"https:\/\/now-news.de\/de\/deutschland\/baerbock-ueber-ihren-nazi-opa-wir-haben-ja-gar-nichts-gewusst\/#breadcrumb\"},\"inLanguage\":\"de\",\"potentialAction\":[{\"@type\":\"ReadAction\",\"target\":[\"https:\/\/now-news.de\/de\/deutschland\/baerbock-ueber-ihren-nazi-opa-wir-haben-ja-gar-nichts-gewusst\/\"]}]},{\"@type\":\"ImageObject\",\"inLanguage\":\"de\",\"@id\":\"https:\/\/now-news.de\/de\/deutschland\/baerbock-ueber-ihren-nazi-opa-wir-haben-ja-gar-nichts-gewusst\/#primaryimage\",\"url\":\"https:\/\/now-news.de\/de\/wp-content\/uploads\/sites\/3\/2024\/02\/Baerbock-ueber-ihren-Nazi-Opa-quotWir-haben-ja-gar-nichts-gewusstquot.jpg\",\"contentUrl\":\"https:\/\/now-news.de\/de\/wp-content\/uploads\/sites\/3\/2024\/02\/Baerbock-ueber-ihren-Nazi-Opa-quotWir-haben-ja-gar-nichts-gewusstquot.jpg\",\"width\":460,\"height\":259,\"caption\":\"Baerbock \u00fcber ihren Nazi-Opa: &quot;Wir haben ja gar nichts gewusst&quot;\"},{\"@type\":\"BreadcrumbList\",\"@id\":\"https:\/\/now-news.de\/de\/deutschland\/baerbock-ueber-ihren-nazi-opa-wir-haben-ja-gar-nichts-gewusst\/#breadcrumb\",\"itemListElement\":[{\"@type\":\"ListItem\",\"position\":1,\"name\":\"Home\",\"item\":\"https:\/\/now-news.de\/de\/\"},{\"@type\":\"ListItem\",\"position\":2,\"name\":\"Baerbock \u00fcber ihren Nazi-Opa: &quot;Wir haben ja gar nichts gewusst&quot;\"}]},{\"@type\":\"WebSite\",\"@id\":\"https:\/\/now-news.de\/de\/#website\",\"url\":\"https:\/\/now-news.de\/de\/\",\"name\":\"just-now.NEWS Deutschland\",\"description\":\"Das Portal f\u00fcr unzensierte Nachrichten aus der Welt\",\"publisher\":{\"@id\":\"https:\/\/now-news.de\/de\/#organization\"},\"potentialAction\":[{\"@type\":\"SearchAction\",\"target\":{\"@type\":\"EntryPoint\",\"urlTemplate\":\"https:\/\/now-news.de\/de\/?s={search_term_string}\"},\"query-input\":\"required name=search_term_string\"}],\"inLanguage\":\"de\"},{\"@type\":\"Organization\",\"@id\":\"https:\/\/now-news.de\/de\/#organization\",\"name\":\"Just Now News\",\"url\":\"https:\/\/now-news.de\/de\/\",\"logo\":{\"@type\":\"ImageObject\",\"inLanguage\":\"de\",\"@id\":\"https:\/\/now-news.de\/de\/#\/schema\/logo\/image\/\",\"url\":\"http:\/\/just-now.news\/de\/wp-content\/uploads\/sites\/3\/2022\/04\/logo500x500.jpg\",\"contentUrl\":\"http:\/\/just-now.news\/de\/wp-content\/uploads\/sites\/3\/2022\/04\/logo500x500.jpg\",\"width\":500,\"height\":500,\"caption\":\"Just Now News\"},\"image\":{\"@id\":\"https:\/\/now-news.de\/de\/#\/schema\/logo\/image\/\"},\"sameAs\":[\"https:\/\/www.facebook.com\/wirmachenauf\",\"https:\/\/x.com\/WirMachenAuf_de\"]},{\"@type\":\"Person\",\"@id\":\"https:\/\/now-news.de\/de\/#\/schema\/person\/fb534a4e865501d8b3285208df34a9b5\",\"name\":\"rtnews\",\"image\":{\"@type\":\"ImageObject\",\"inLanguage\":\"de\",\"@id\":\"https:\/\/now-news.de\/de\/#\/schema\/person\/image\/\",\"url\":\"https:\/\/secure.gravatar.com\/avatar\/82aafea7d8127119dd649515f56e2117?s=96&d=mm&r=g\",\"contentUrl\":\"https:\/\/secure.gravatar.com\/avatar\/82aafea7d8127119dd649515f56e2117?s=96&d=mm&r=g\",\"caption\":\"rtnews\"},\"url\":\"https:\/\/now-news.de\/de\/author\/rnews\/\"}]}<\/script>\n<!-- \/ Yoast SEO Premium plugin. -->","yoast_head_json":{"title":"Baerbock \u00fcber ihren Nazi-Opa: &quot;Wir haben ja gar nichts gewusst&quot; - just-now.NEWS Deutschland","robots":{"index":"index","follow":"follow","max-snippet":"max-snippet:-1","max-image-preview":"max-image-preview:large","max-video-preview":"max-video-preview:-1"},"canonical":"https:\/\/now-news.de\/de\/deutschland\/baerbock-ueber-ihren-nazi-opa-wir-haben-ja-gar-nichts-gewusst\/","og_locale":"de_DE","og_type":"article","og_title":"Baerbock \u00fcber ihren Nazi-Opa: &quot;Wir haben ja gar nichts gewusst&quot;","og_description":"Die &#8220;Bunte&#8221; hat die Wehrmachtsakte von Annalena Baerbocks Gro\u00dfvater eingesehen und herausgefunden, dass dieser kein einfacher Wehrpflichtiger, sondern ein gl\u00fchender Nationalsozialist war. Es ist nicht dieser Umstand, es ist der Umgang der Au\u00dfenministerin mit ihrer Familiengeschichte, der viel \u00fcber sie aussagt. Von Alexej Danckwardt Das ist schon merkw\u00fcrdig. Wir haben es bereits 2021 gewusst, dass [&hellip;]","og_url":"https:\/\/now-news.de\/de\/deutschland\/baerbock-ueber-ihren-nazi-opa-wir-haben-ja-gar-nichts-gewusst\/","og_site_name":"just-now.NEWS Deutschland","article_publisher":"https:\/\/www.facebook.com\/wirmachenauf","article_published_time":"2024-02-09T20:42:20+00:00","og_image":[{"width":460,"height":259,"url":"https:\/\/now-news.de\/de\/wp-content\/uploads\/sites\/3\/2024\/02\/Baerbock-ueber-ihren-Nazi-Opa-quotWir-haben-ja-gar-nichts-gewusstquot.jpg","type":"image\/jpeg"}],"author":"rtnews","twitter_card":"summary_large_image","twitter_creator":"@WirMachenAuf_de","twitter_site":"@WirMachenAuf_de","twitter_misc":{"Verfasst von":"rtnews","Gesch\u00e4tzte Lesezeit":"4\u00a0Minuten"},"schema":{"@context":"https:\/\/schema.org","@graph":[{"@type":"Article","@id":"https:\/\/now-news.de\/de\/deutschland\/baerbock-ueber-ihren-nazi-opa-wir-haben-ja-gar-nichts-gewusst\/#article","isPartOf":{"@id":"https:\/\/now-news.de\/de\/deutschland\/baerbock-ueber-ihren-nazi-opa-wir-haben-ja-gar-nichts-gewusst\/"},"author":{"name":"rtnews","@id":"https:\/\/now-news.de\/de\/#\/schema\/person\/fb534a4e865501d8b3285208df34a9b5"},"headline":"Baerbock \u00fcber ihren Nazi-Opa: &quot;Wir haben ja gar nichts gewusst&quot;","datePublished":"2024-02-09T20:42:20+00:00","dateModified":"2024-02-09T20:42:20+00:00","mainEntityOfPage":{"@id":"https:\/\/now-news.de\/de\/deutschland\/baerbock-ueber-ihren-nazi-opa-wir-haben-ja-gar-nichts-gewusst\/"},"wordCount":806,"commentCount":0,"publisher":{"@id":"https:\/\/now-news.de\/de\/#organization"},"image":{"@id":"https:\/\/now-news.de\/de\/deutschland\/baerbock-ueber-ihren-nazi-opa-wir-haben-ja-gar-nichts-gewusst\/#primaryimage"},"thumbnailUrl":"https:\/\/now-news.de\/de\/wp-content\/uploads\/sites\/3\/2024\/02\/Baerbock-ueber-ihren-Nazi-Opa-quotWir-haben-ja-gar-nichts-gewusstquot.jpg","keywords":["Baerbock","gar","gewusstquot","haben","ihren","NaziOpa","Nichts","quotWir","\u00fcber"],"articleSection":["Deutschland","Russland"],"inLanguage":"de","potentialAction":[{"@type":"CommentAction","name":"Comment","target":["https:\/\/now-news.de\/de\/deutschland\/baerbock-ueber-ihren-nazi-opa-wir-haben-ja-gar-nichts-gewusst\/#respond"]}]},{"@type":"WebPage","@id":"https:\/\/now-news.de\/de\/deutschland\/baerbock-ueber-ihren-nazi-opa-wir-haben-ja-gar-nichts-gewusst\/","url":"https:\/\/now-news.de\/de\/deutschland\/baerbock-ueber-ihren-nazi-opa-wir-haben-ja-gar-nichts-gewusst\/","name":"Baerbock \u00fcber ihren Nazi-Opa: &quot;Wir haben ja gar nichts gewusst&quot; - just-now.NEWS Deutschland","isPartOf":{"@id":"https:\/\/now-news.de\/de\/#website"},"primaryImageOfPage":{"@id":"https:\/\/now-news.de\/de\/deutschland\/baerbock-ueber-ihren-nazi-opa-wir-haben-ja-gar-nichts-gewusst\/#primaryimage"},"image":{"@id":"https:\/\/now-news.de\/de\/deutschland\/baerbock-ueber-ihren-nazi-opa-wir-haben-ja-gar-nichts-gewusst\/#primaryimage"},"thumbnailUrl":"https:\/\/now-news.de\/de\/wp-content\/uploads\/sites\/3\/2024\/02\/Baerbock-ueber-ihren-Nazi-Opa-quotWir-haben-ja-gar-nichts-gewusstquot.jpg","datePublished":"2024-02-09T20:42:20+00:00","dateModified":"2024-02-09T20:42:20+00:00","breadcrumb":{"@id":"https:\/\/now-news.de\/de\/deutschland\/baerbock-ueber-ihren-nazi-opa-wir-haben-ja-gar-nichts-gewusst\/#breadcrumb"},"inLanguage":"de","potentialAction":[{"@type":"ReadAction","target":["https:\/\/now-news.de\/de\/deutschland\/baerbock-ueber-ihren-nazi-opa-wir-haben-ja-gar-nichts-gewusst\/"]}]},{"@type":"ImageObject","inLanguage":"de","@id":"https:\/\/now-news.de\/de\/deutschland\/baerbock-ueber-ihren-nazi-opa-wir-haben-ja-gar-nichts-gewusst\/#primaryimage","url":"https:\/\/now-news.de\/de\/wp-content\/uploads\/sites\/3\/2024\/02\/Baerbock-ueber-ihren-Nazi-Opa-quotWir-haben-ja-gar-nichts-gewusstquot.jpg","contentUrl":"https:\/\/now-news.de\/de\/wp-content\/uploads\/sites\/3\/2024\/02\/Baerbock-ueber-ihren-Nazi-Opa-quotWir-haben-ja-gar-nichts-gewusstquot.jpg","width":460,"height":259,"caption":"Baerbock \u00fcber ihren Nazi-Opa: &quot;Wir haben ja gar nichts gewusst&quot;"},{"@type":"BreadcrumbList","@id":"https:\/\/now-news.de\/de\/deutschland\/baerbock-ueber-ihren-nazi-opa-wir-haben-ja-gar-nichts-gewusst\/#breadcrumb","itemListElement":[{"@type":"ListItem","position":1,"name":"Home","item":"https:\/\/now-news.de\/de\/"},{"@type":"ListItem","position":2,"name":"Baerbock \u00fcber ihren Nazi-Opa: &quot;Wir haben ja gar nichts gewusst&quot;"}]},{"@type":"WebSite","@id":"https:\/\/now-news.de\/de\/#website","url":"https:\/\/now-news.de\/de\/","name":"just-now.NEWS Deutschland","description":"Das Portal f\u00fcr unzensierte Nachrichten aus der Welt","publisher":{"@id":"https:\/\/now-news.de\/de\/#organization"},"potentialAction":[{"@type":"SearchAction","target":{"@type":"EntryPoint","urlTemplate":"https:\/\/now-news.de\/de\/?s={search_term_string}"},"query-input":"required name=search_term_string"}],"inLanguage":"de"},{"@type":"Organization","@id":"https:\/\/now-news.de\/de\/#organization","name":"Just Now News","url":"https:\/\/now-news.de\/de\/","logo":{"@type":"ImageObject","inLanguage":"de","@id":"https:\/\/now-news.de\/de\/#\/schema\/logo\/image\/","url":"http:\/\/just-now.news\/de\/wp-content\/uploads\/sites\/3\/2022\/04\/logo500x500.jpg","contentUrl":"http:\/\/just-now.news\/de\/wp-content\/uploads\/sites\/3\/2022\/04\/logo500x500.jpg","width":500,"height":500,"caption":"Just Now News"},"image":{"@id":"https:\/\/now-news.de\/de\/#\/schema\/logo\/image\/"},"sameAs":["https:\/\/www.facebook.com\/wirmachenauf","https:\/\/x.com\/WirMachenAuf_de"]},{"@type":"Person","@id":"https:\/\/now-news.de\/de\/#\/schema\/person\/fb534a4e865501d8b3285208df34a9b5","name":"rtnews","image":{"@type":"ImageObject","inLanguage":"de","@id":"https:\/\/now-news.de\/de\/#\/schema\/person\/image\/","url":"https:\/\/secure.gravatar.com\/avatar\/82aafea7d8127119dd649515f56e2117?s=96&d=mm&r=g","contentUrl":"https:\/\/secure.gravatar.com\/avatar\/82aafea7d8127119dd649515f56e2117?s=96&d=mm&r=g","caption":"rtnews"},"url":"https:\/\/now-news.de\/de\/author\/rnews\/"}]}},"_links":{"self":[{"href":"https:\/\/now-news.de\/de\/wp-json\/wp\/v2\/posts\/55067"}],"collection":[{"href":"https:\/\/now-news.de\/de\/wp-json\/wp\/v2\/posts"}],"about":[{"href":"https:\/\/now-news.de\/de\/wp-json\/wp\/v2\/types\/post"}],"author":[{"embeddable":true,"href":"https:\/\/now-news.de\/de\/wp-json\/wp\/v2\/users\/3"}],"replies":[{"embeddable":true,"href":"https:\/\/now-news.de\/de\/wp-json\/wp\/v2\/comments?post=55067"}],"version-history":[{"count":0,"href":"https:\/\/now-news.de\/de\/wp-json\/wp\/v2\/posts\/55067\/revisions"}],"wp:featuredmedia":[{"embeddable":true,"href":"https:\/\/now-news.de\/de\/wp-json\/wp\/v2\/media\/55068"}],"wp:attachment":[{"href":"https:\/\/now-news.de\/de\/wp-json\/wp\/v2\/media?parent=55067"}],"wp:term":[{"taxonomy":"category","embeddable":true,"href":"https:\/\/now-news.de\/de\/wp-json\/wp\/v2\/categories?post=55067"},{"taxonomy":"post_tag","embeddable":true,"href":"https:\/\/now-news.de\/de\/wp-json\/wp\/v2\/tags?post=55067"}],"curies":[{"name":"wp","href":"https:\/\/api.w.org\/{rel}","templated":true}]}}