{"id":55001,"date":"2024-02-08T21:17:19","date_gmt":"2024-02-08T19:17:19","guid":{"rendered":"https:\/\/just-now.news\/de\/deutschland\/die-eu-will-ungarn-strafen-weil-es-seine-demokratie-schuetzt\/"},"modified":"2024-02-08T21:17:19","modified_gmt":"2024-02-08T19:17:19","slug":"die-eu-will-ungarn-strafen-weil-es-seine-demokratie-schuetzt","status":"publish","type":"post","link":"https:\/\/now-news.de\/de\/deutschland\/die-eu-will-ungarn-strafen-weil-es-seine-demokratie-schuetzt\/","title":{"rendered":"Die EU will Ungarn strafen, weil es seine Demokratie sch\u00fctzt"},"content":{"rendered":"<p><img decoding=\"async\" src=\"http:\/\/just-now.news\/de\/wp-content\/uploads\/sites\/3\/2024\/02\/65c505c8b480cc4082032e8a.jpg\" \/><\/p>\n<div class=\"Text-root Text-type_1 \">\n                Man darf es Vereinen und Organisationen nicht verbieten, nein, nicht einmal erschweren, Geld aus dem Ausland anzunehmen. Das meint zumindest die EU-Kommission und er\u00f6ffnet ein weiteres Verfahren gegen Ungarn um einen alten Streitpunkt und ein neues Gesetz.\n            <\/div>\n<p><\/p>\n<div class=\"Text-root Text-type_5 ArticleView-text ViewText-root \">\n<p><em>Von Dagmar Henn<\/em><\/p>\n<p>Man ahnt es schon, Souver\u00e4nit\u00e4t ist etwas, was der EU-Kommission nicht gef\u00e4llt. Insofern w\u00e4re alleine die Bezeichnung des ungarischen Souver\u00e4nit\u00e4tsverteidigungsgesetzes Grund, dagegen vorzugehen. Tats\u00e4chlich hat die EU-Kommission jetzt beschlossen, wegen dieses Gesetzes ein Vertragsverletzungsverfahren gegen Ungarn einzuleiten.<\/p>\n<p>Ein derartiges Vertragsverletzungsverfahren dient als Grundlage daf\u00fcr, Mittel f\u00fcr ein Land zu sperren. Ungarn ist zwar Nettoempf\u00e4nger\u00a0\u2012 2022 waren es 4,4 Milliarden Euro \u2012, aber die Mittel, die gesperrt werden k\u00f6nnen, sind weit umfangreicher. Ungarn hat nun zwei Monate Zeit, zu den Vorw\u00fcrfen Stellung zu nehmen.<\/p>\n<p>Die Auseinandersetzung um die Fragen, mit denen sich das neue ungarische Gesetz befasst, gibt es schon l\u00e4nger. Bereits 2017 verabschiedete Ungarn ein Gesetz, das NGOs, die Mittel aus dem Ausland oberhalb eines Schwellenwerts erhielten, verpflichtete, sich zu registrieren. Damals lag dieser Schwellenwert bei 20.500 Euro im Jahr. Die Liste dieser Organisationen war im Netz einsehbar.<\/p>\n<p>Die EU-Kommission klagte\u00a0seinerzeit dagegen, und der Europ\u00e4ische Gerichtshof entschied, dieses Gesetz versto\u00dfe gegen EU-Recht. In der deutschen Berichterstattung wurde das Gesetz \u00fcberwiegend als Anti-Soros-Gesetz <a rel=\"nofollow noopener\" target=\"_blank\" href=\"https:\/\/www.zeit.de\/politik\/ausland\/2020-06\/eugh-urteil-ngo-gesetz-ungarn-eu-recht\">gewertet<\/a>. Folge dieses Urteils war auch damals ein Verfahren der Kommission.<\/p>\n<p>Das neue Gesetz wurde im Dezember verabschiedet, und es schafft eine eigene Beh\u00f6rde, die die Aktivit\u00e4ten der derart registrierten NGOs \u00fcberwachen soll. Was die Kommission nun zum n\u00e4chsten Verfahren <a rel=\"nofollow noopener\" target=\"_blank\" href=\"https:\/\/ec.europa.eu\/commission\/presscorner\/detail\/de\/inf_24_301\">animierte<\/a>:<\/p>\n<blockquote>\n<p><em>&#8220;Mit dem Gesetz wird das sogenannte Amt zur Verteidigung der nationalen Souver\u00e4nit\u00e4t eingerichtet, das bestimmte Aktivit\u00e4ten untersuchen soll, die f\u00fcr einen anderen Staat oder eine ausl\u00e4ndische Einrichtung, Organisation oder nat\u00fcrliche Person ausgef\u00fchrt werden und die Souver\u00e4nit\u00e4t Ungarns verletzen oder gef\u00e4hrden k\u00f6nnten. Gleiches gilt f\u00fcr Organisationen, deren mit Geldern aus dem Ausland finanzierte Aktivit\u00e4ten Wahlergebnisse oder den W\u00e4hlerwillen beeinflussen k\u00f6nnten. Mit dem Gesetz werden au\u00dferdem ungarische Rechtsvorschriften erg\u00e4nzt oder ge\u00e4ndert, die es Kandidaten, politischen Parteien und Vereinigungen, die an Wahlen teilnehmen, verbieten, Gelder aus dem Ausland einzusetzen, um den W\u00e4hlerwillen bei Wahlen zu beeinflussen oder dies zu versuchen. Au\u00dferdem wird die Verwendung von Geldern aus dem Ausland im Zusammenhang mit Wahlen unter Strafe gestellt.&#8221;<\/em><\/p>\n<\/blockquote>\n<p>Nur vern\u00fcnftig, sollte man meinen. Aber die EU-Kommission sieht darin einen Versto\u00df gegen demokratische Prinzipien. Auch die Privatsph\u00e4re m\u00f6glicher Spender ist ihr ganz besonders wichtig.<\/p>\n<p>Aber ist dieses Gesetz tats\u00e4chlich in irgendeiner Weise undemokratisch? Sicher, es erschwert die Arbeit von NGOs, aber diese Kategorie von Organisationen umfasst eben bei weitem nicht nur regul\u00e4re, von Mitgliedern geschaffene Vereine, sondern ebenso k\u00fcnstliche Organisationen, die nie etwas anderes waren als Interessenvertretungen ihrer Gro\u00dfspender. Abmahnvereine wie die Deutsche Umwelthilfe, oder gar dieses ganze suspekte Geflecht aus Nebengeheimdiensten. Technisch gesehen alles NGOs, weil zwar wom\u00f6glich von der eigenen Regierung finanziert, aber nicht von dieser betrieben.<\/p>\n<p>W\u00e4re es ein Demokratieverlust, g\u00e4be es in Deutschland ein vergleichbares Gesetz, und <em>Correctiv<\/em> beispielsweise m\u00fcsste sich als &#8220;ausl\u00e4ndischer Agent&#8221; kennzeichnen? W\u00e4re es einer, wenn Spenden von Gates, Soros oder Omidjar untersagt w\u00e4ren?<\/p>\n<p>Damit w\u00e4re man zwar nicht die Bertelsmann-Stiftung los, die ein heimisches Gew\u00e4chs ist, aber die politischen Prozesse w\u00fcrden wieder etwas authentischer. Irgendwie hat man im Verlauf der Jahre v\u00f6llig vergessen, wie wichtig die Frage der Finanzierung in der Politik ist. Nicht in dem Sinne, dass man je den Bedarf nach Geld vergessen h\u00e4tte; nein, man hat vielmehr vergessen, dass \u00f6konomische Ungleichheit mit Demokratie unvereinbar ist, wenn nicht korrigierend eingegriffen wird.<\/p>\n<p>Noch etwas, wo man in der deutschen Vergangenheit schon einmal weiter war. Die Proteste, die es einst gegen die <em>Bild<\/em>-Zeitung und den Springer-Konzern gab, hatten auch etwas mit der Rolle zu tun, die einst der Zeitungsmogul Alfred Hugenberg in der Weimarer Republik gespielt hatte. Auch die Gr\u00fcndung eines \u00f6ffentlich-rechtlichen Rundfunks war urspr\u00fcnglich dadurch motiviert, eine Monopolisierung des Meinungsraums durch wirtschaftlich besonders M\u00e4chtige zu verhindern.<\/p>\n<p>Diese \u00dcberlegungen sind sowas von gestern. Heute wird bedenkenlos mit &#8220;Philanthropen&#8221; geschmust, es wird kassiert und geliebedienert, was das Zeug h\u00e4lt, und gerne auch die jeweils neueste politische Gummipuppe in gemeinsamer Anstrengung aufgeblasen. Diese k\u00fcnstlichen Organisationen werden schlie\u00dflich auch nicht durch z\u00e4he innere Entscheidungsprozesse daran gehindert, Material f\u00fcr die Berichterstattung zu liefern, und kommen nicht immer wieder mit den gleichen alten Geschichten wie Tarifk\u00e4mpfen oder kommunalen Verkehrsproblemen.<\/p>\n<p>Dass viele dieser Organisationen einer Agenda folgen, die mit den Interessen der Bev\u00f6lkerung nichts zu tun hat, ist f\u00fcr die deutschen Medien kein Problem, und f\u00fcr die EU-Kommission erst recht nicht. Dabei hat sich das Missverh\u00e4ltnis genau im gleichen Ma\u00df versch\u00e4rft, wie sich die Ungleichheit der Einkommen und Verm\u00f6gen erh\u00f6ht hat.<\/p>\n<p>Die staatliche Parteienfinanzierung sollte einmal dazu dienen, es zu verhindern, dass einige wenige Reiche durch Spenden ihre politischen Interessen durchsetzen k\u00f6nnen, indem der Abstand zwischen den willf\u00e4hrigen und den weniger willf\u00e4hrigen Parteien verringert wurde. Und es gab die M\u00f6glichkeit, durch viele kleine Spender mit den einzelnen Gro\u00dfen mitzuhalten. Aber je reicher die Reichen werden, desto mehr dieser kleinen Spenden br\u00e4uchte es dazu.<\/p>\n<p>Im Grunde entwickelt sich ein Teufelskreis \u2013 der schnellere Erfolg dieser synthetischen Politik entmutigt die ganz normalen B\u00fcrger, ihre Interessen zu vertreten, wodurch dann der finanzielle Abstand noch gr\u00f6\u00dfer wird. Am Ende bleibt ein Polittheater, das eine Demokratie simuliert, die gar nicht mehr auf freiwillig von Menschen geschaffenen Organisationen beruht, sondern auf tausend auswechselbaren Masken stets der gleichen Oligarchen.<\/p>\n<p>Jeder Schritt, mit dem man diese Finanzfl\u00fcsse einschr\u00e4nkt, ist ein Gewinn f\u00fcr die Demokratie, weil er den wirklichen politischen Prozessen, die auf Begegnungen wirklicher Menschen beruhen, die sich f\u00fcr ihre eigenen Interessen einsetzen, wieder Raum verschafft. Ein Raum, in dem Debatten auch langsam sein d\u00fcrfen, weil daneben eben keine NGO mit Hochglanzbrosch\u00fcren steht, die es besser wei\u00df.<\/p>\n<p>Es ergeht dem politischen Leben nicht anders als dem geistigen, das sich seit Beginn der Drittmittelmode an den Universit\u00e4ten auch deutlich auf dem absteigenden Ast bewegt. Nicht nur, weil die spezifischen Interessen der Spender immer \u00fcber die der Allgemeinheit gestellt werden. Auch, weil eine derartige Struktur geradezu darauf abrichtet, Ergebnisse zu liefern, die besagten Spendern besonders genehm sind. Schlie\u00dflich sind da immer auch andere, die nach den gleichen Mitteln sp\u00e4hen.<\/p>\n<p>Und gleichzeitig sorgen gerade diese wenigen Individuen daf\u00fcr, m\u00f6glichst wenig \u00fcber Steuern zur staatlichen Finanzierung beizutragen. Wodurch sich auch der Entscheidungsspielraum der Politik immer weiter einengt. Was das normale politische Leben ein weiteres Mal stranguliert.<\/p>\n<p>Die Sicht, die in den deutschen Medien verbreitet wird, nach der dieses Gesetz antidemokratisch sei, zeugt nur davon, wie vage und abstrakt die Vorstellung der Schreiber von Demokratie und wie gering ihre Ahnung von wirklichen politischen Abl\u00e4ufen ist. Oder wie gerne sie einfach das schreiben, was den Oligarchen gef\u00e4llt. In Wirklichkeit ist ein solches Gesetz, wie Ungarn es besitzt, eine inzwischen leider notwendige Ma\u00dfnahme, um die Chance auf Demokratie zu wahren.<\/p>\n<p><strong>Mehr zum Thema<\/strong> &#8211; <a rel=\"nofollow noopener\" target=\"_blank\" href=\"https:\/\/freedert.online\/meinung\/173365-wie-simulierte-reale-demokratie-erdrueckt\/\">Die Rolle der NGOs \u2013 oder wie die simulierte Demokratie die reale erdr\u00fcckt <\/a><\/p>\n<\/p>\n<\/div>\n<p><br \/>\n<br \/><a href=\"https:\/\/de.rt.com\/meinung\/195610-eu-will-ungarn-strafen-weil\/\">Source link <\/a><\/p>\n","protected":false},"excerpt":{"rendered":"<p>Man darf es Vereinen und Organisationen nicht verbieten, nein, nicht einmal erschweren, Geld aus dem Ausland anzunehmen. Das meint zumindest die EU-Kommission und er\u00f6ffnet ein weiteres Verfahren gegen Ungarn um einen alten Streitpunkt und ein neues Gesetz. Von Dagmar Henn Man ahnt es schon, Souver\u00e4nit\u00e4t ist etwas, was der EU-Kommission nicht gef\u00e4llt. Insofern w\u00e4re alleine [&hellip;]<\/p>\n","protected":false},"author":3,"featured_media":55002,"comment_status":"open","ping_status":"open","sticky":false,"template":"","format":"standard","meta":{"_yoast_indexnow_last_ping":["1707420061"],"wp_automatic_camp":["217"],"e206222102ea3e9daa307724354cfa6c":["Die EU will Ungarn strafen, weil es seine Demokratie sch\u00fctzt"],"original_link":["https:\/\/de.rt.com\/meinung\/195610-eu-will-ungarn-strafen-weil\/"],"_thumbnail_id":["55002"],"jnews_social_counter_last_update":["1777208510"],"_wptgpro_p2tg_sent2tg":["a:1:{i:23737;s:19:\"2024-02-08 21:23:14\";}"]},"categories":[19,23],"tags":[2570,45,7759,265,21782,11664,9228],"yoast_head":"<!-- This site is optimized with the Yoast SEO Premium plugin v22.7 (Yoast SEO v22.7) - https:\/\/yoast.com\/wordpress\/plugins\/seo\/ -->\n<title>Die EU will Ungarn strafen, weil es seine Demokratie sch\u00fctzt - just-now.NEWS Deutschland<\/title>\n<meta name=\"robots\" content=\"index, follow, max-snippet:-1, max-image-preview:large, max-video-preview:-1\" \/>\n<link rel=\"canonical\" href=\"https:\/\/now-news.de\/de\/deutschland\/die-eu-will-ungarn-strafen-weil-es-seine-demokratie-schuetzt\/\" \/>\n<meta property=\"og:locale\" content=\"de_DE\" \/>\n<meta property=\"og:type\" content=\"article\" \/>\n<meta property=\"og:title\" content=\"Die EU will Ungarn strafen, weil es seine Demokratie sch\u00fctzt\" \/>\n<meta property=\"og:description\" content=\"Man darf es Vereinen und Organisationen nicht verbieten, nein, nicht einmal erschweren, Geld aus dem Ausland anzunehmen. Das meint zumindest die EU-Kommission und er\u00f6ffnet ein weiteres Verfahren gegen Ungarn um einen alten Streitpunkt und ein neues Gesetz. Von Dagmar Henn Man ahnt es schon, Souver\u00e4nit\u00e4t ist etwas, was der EU-Kommission nicht gef\u00e4llt. Insofern w\u00e4re alleine [&hellip;]\" \/>\n<meta property=\"og:url\" content=\"https:\/\/now-news.de\/de\/deutschland\/die-eu-will-ungarn-strafen-weil-es-seine-demokratie-schuetzt\/\" \/>\n<meta property=\"og:site_name\" content=\"just-now.NEWS Deutschland\" \/>\n<meta property=\"article:publisher\" content=\"https:\/\/www.facebook.com\/wirmachenauf\" \/>\n<meta property=\"article:published_time\" content=\"2024-02-08T19:17:19+00:00\" \/>\n<meta property=\"og:image\" content=\"https:\/\/now-news.de\/de\/wp-content\/uploads\/sites\/3\/2024\/02\/Die-EU-will-Ungarn-strafen-weil-es-seine-Demokratie-schuetzt.jpg\" \/>\n\t<meta property=\"og:image:width\" content=\"460\" \/>\n\t<meta property=\"og:image:height\" content=\"259\" \/>\n\t<meta property=\"og:image:type\" content=\"image\/jpeg\" \/>\n<meta name=\"author\" content=\"rtnews\" \/>\n<meta name=\"twitter:card\" content=\"summary_large_image\" \/>\n<meta name=\"twitter:creator\" content=\"@WirMachenAuf_de\" \/>\n<meta name=\"twitter:site\" content=\"@WirMachenAuf_de\" \/>\n<meta name=\"twitter:label1\" content=\"Verfasst von\" \/>\n\t<meta name=\"twitter:data1\" content=\"rtnews\" \/>\n\t<meta name=\"twitter:label2\" content=\"Gesch\u00e4tzte Lesezeit\" \/>\n\t<meta name=\"twitter:data2\" content=\"6\u00a0Minuten\" \/>\n<script type=\"application\/ld+json\" class=\"yoast-schema-graph\">{\"@context\":\"https:\/\/schema.org\",\"@graph\":[{\"@type\":\"Article\",\"@id\":\"https:\/\/now-news.de\/de\/deutschland\/die-eu-will-ungarn-strafen-weil-es-seine-demokratie-schuetzt\/#article\",\"isPartOf\":{\"@id\":\"https:\/\/now-news.de\/de\/deutschland\/die-eu-will-ungarn-strafen-weil-es-seine-demokratie-schuetzt\/\"},\"author\":{\"name\":\"rtnews\",\"@id\":\"https:\/\/now-news.de\/de\/#\/schema\/person\/fb534a4e865501d8b3285208df34a9b5\"},\"headline\":\"Die EU will Ungarn strafen, weil es seine Demokratie sch\u00fctzt\",\"datePublished\":\"2024-02-08T19:17:19+00:00\",\"dateModified\":\"2024-02-08T19:17:19+00:00\",\"mainEntityOfPage\":{\"@id\":\"https:\/\/now-news.de\/de\/deutschland\/die-eu-will-ungarn-strafen-weil-es-seine-demokratie-schuetzt\/\"},\"wordCount\":1216,\"commentCount\":0,\"publisher\":{\"@id\":\"https:\/\/now-news.de\/de\/#organization\"},\"image\":{\"@id\":\"https:\/\/now-news.de\/de\/deutschland\/die-eu-will-ungarn-strafen-weil-es-seine-demokratie-schuetzt\/#primaryimage\"},\"thumbnailUrl\":\"https:\/\/now-news.de\/de\/wp-content\/uploads\/sites\/3\/2024\/02\/Die-EU-will-Ungarn-strafen-weil-es-seine-Demokratie-schuetzt.jpg\",\"keywords\":[\"Demokratie\",\"die\",\"sch\u00fctzt\",\"seine\",\"Strafen\",\"Ungarn\",\"weil\"],\"articleSection\":[\"Deutschland\",\"Russland\"],\"inLanguage\":\"de\",\"potentialAction\":[{\"@type\":\"CommentAction\",\"name\":\"Comment\",\"target\":[\"https:\/\/now-news.de\/de\/deutschland\/die-eu-will-ungarn-strafen-weil-es-seine-demokratie-schuetzt\/#respond\"]}]},{\"@type\":\"WebPage\",\"@id\":\"https:\/\/now-news.de\/de\/deutschland\/die-eu-will-ungarn-strafen-weil-es-seine-demokratie-schuetzt\/\",\"url\":\"https:\/\/now-news.de\/de\/deutschland\/die-eu-will-ungarn-strafen-weil-es-seine-demokratie-schuetzt\/\",\"name\":\"Die EU will Ungarn strafen, weil es seine Demokratie sch\u00fctzt - just-now.NEWS Deutschland\",\"isPartOf\":{\"@id\":\"https:\/\/now-news.de\/de\/#website\"},\"primaryImageOfPage\":{\"@id\":\"https:\/\/now-news.de\/de\/deutschland\/die-eu-will-ungarn-strafen-weil-es-seine-demokratie-schuetzt\/#primaryimage\"},\"image\":{\"@id\":\"https:\/\/now-news.de\/de\/deutschland\/die-eu-will-ungarn-strafen-weil-es-seine-demokratie-schuetzt\/#primaryimage\"},\"thumbnailUrl\":\"https:\/\/now-news.de\/de\/wp-content\/uploads\/sites\/3\/2024\/02\/Die-EU-will-Ungarn-strafen-weil-es-seine-Demokratie-schuetzt.jpg\",\"datePublished\":\"2024-02-08T19:17:19+00:00\",\"dateModified\":\"2024-02-08T19:17:19+00:00\",\"breadcrumb\":{\"@id\":\"https:\/\/now-news.de\/de\/deutschland\/die-eu-will-ungarn-strafen-weil-es-seine-demokratie-schuetzt\/#breadcrumb\"},\"inLanguage\":\"de\",\"potentialAction\":[{\"@type\":\"ReadAction\",\"target\":[\"https:\/\/now-news.de\/de\/deutschland\/die-eu-will-ungarn-strafen-weil-es-seine-demokratie-schuetzt\/\"]}]},{\"@type\":\"ImageObject\",\"inLanguage\":\"de\",\"@id\":\"https:\/\/now-news.de\/de\/deutschland\/die-eu-will-ungarn-strafen-weil-es-seine-demokratie-schuetzt\/#primaryimage\",\"url\":\"https:\/\/now-news.de\/de\/wp-content\/uploads\/sites\/3\/2024\/02\/Die-EU-will-Ungarn-strafen-weil-es-seine-Demokratie-schuetzt.jpg\",\"contentUrl\":\"https:\/\/now-news.de\/de\/wp-content\/uploads\/sites\/3\/2024\/02\/Die-EU-will-Ungarn-strafen-weil-es-seine-Demokratie-schuetzt.jpg\",\"width\":460,\"height\":259,\"caption\":\"Die EU will Ungarn strafen, weil es seine Demokratie sch\u00fctzt\"},{\"@type\":\"BreadcrumbList\",\"@id\":\"https:\/\/now-news.de\/de\/deutschland\/die-eu-will-ungarn-strafen-weil-es-seine-demokratie-schuetzt\/#breadcrumb\",\"itemListElement\":[{\"@type\":\"ListItem\",\"position\":1,\"name\":\"Home\",\"item\":\"https:\/\/now-news.de\/de\/\"},{\"@type\":\"ListItem\",\"position\":2,\"name\":\"Die EU will Ungarn strafen, weil es seine Demokratie sch\u00fctzt\"}]},{\"@type\":\"WebSite\",\"@id\":\"https:\/\/now-news.de\/de\/#website\",\"url\":\"https:\/\/now-news.de\/de\/\",\"name\":\"just-now.NEWS Deutschland\",\"description\":\"Das Portal f\u00fcr unzensierte Nachrichten aus der Welt\",\"publisher\":{\"@id\":\"https:\/\/now-news.de\/de\/#organization\"},\"potentialAction\":[{\"@type\":\"SearchAction\",\"target\":{\"@type\":\"EntryPoint\",\"urlTemplate\":\"https:\/\/now-news.de\/de\/?s={search_term_string}\"},\"query-input\":\"required name=search_term_string\"}],\"inLanguage\":\"de\"},{\"@type\":\"Organization\",\"@id\":\"https:\/\/now-news.de\/de\/#organization\",\"name\":\"Just Now News\",\"url\":\"https:\/\/now-news.de\/de\/\",\"logo\":{\"@type\":\"ImageObject\",\"inLanguage\":\"de\",\"@id\":\"https:\/\/now-news.de\/de\/#\/schema\/logo\/image\/\",\"url\":\"http:\/\/just-now.news\/de\/wp-content\/uploads\/sites\/3\/2022\/04\/logo500x500.jpg\",\"contentUrl\":\"http:\/\/just-now.news\/de\/wp-content\/uploads\/sites\/3\/2022\/04\/logo500x500.jpg\",\"width\":500,\"height\":500,\"caption\":\"Just Now News\"},\"image\":{\"@id\":\"https:\/\/now-news.de\/de\/#\/schema\/logo\/image\/\"},\"sameAs\":[\"https:\/\/www.facebook.com\/wirmachenauf\",\"https:\/\/x.com\/WirMachenAuf_de\"]},{\"@type\":\"Person\",\"@id\":\"https:\/\/now-news.de\/de\/#\/schema\/person\/fb534a4e865501d8b3285208df34a9b5\",\"name\":\"rtnews\",\"image\":{\"@type\":\"ImageObject\",\"inLanguage\":\"de\",\"@id\":\"https:\/\/now-news.de\/de\/#\/schema\/person\/image\/\",\"url\":\"https:\/\/secure.gravatar.com\/avatar\/82aafea7d8127119dd649515f56e2117?s=96&d=mm&r=g\",\"contentUrl\":\"https:\/\/secure.gravatar.com\/avatar\/82aafea7d8127119dd649515f56e2117?s=96&d=mm&r=g\",\"caption\":\"rtnews\"},\"url\":\"https:\/\/now-news.de\/de\/author\/rnews\/\"}]}<\/script>\n<!-- \/ Yoast SEO Premium plugin. -->","yoast_head_json":{"title":"Die EU will Ungarn strafen, weil es seine Demokratie sch\u00fctzt - just-now.NEWS Deutschland","robots":{"index":"index","follow":"follow","max-snippet":"max-snippet:-1","max-image-preview":"max-image-preview:large","max-video-preview":"max-video-preview:-1"},"canonical":"https:\/\/now-news.de\/de\/deutschland\/die-eu-will-ungarn-strafen-weil-es-seine-demokratie-schuetzt\/","og_locale":"de_DE","og_type":"article","og_title":"Die EU will Ungarn strafen, weil es seine Demokratie sch\u00fctzt","og_description":"Man darf es Vereinen und Organisationen nicht verbieten, nein, nicht einmal erschweren, Geld aus dem Ausland anzunehmen. Das meint zumindest die EU-Kommission und er\u00f6ffnet ein weiteres Verfahren gegen Ungarn um einen alten Streitpunkt und ein neues Gesetz. Von Dagmar Henn Man ahnt es schon, Souver\u00e4nit\u00e4t ist etwas, was der EU-Kommission nicht gef\u00e4llt. Insofern w\u00e4re alleine [&hellip;]","og_url":"https:\/\/now-news.de\/de\/deutschland\/die-eu-will-ungarn-strafen-weil-es-seine-demokratie-schuetzt\/","og_site_name":"just-now.NEWS Deutschland","article_publisher":"https:\/\/www.facebook.com\/wirmachenauf","article_published_time":"2024-02-08T19:17:19+00:00","og_image":[{"width":460,"height":259,"url":"https:\/\/now-news.de\/de\/wp-content\/uploads\/sites\/3\/2024\/02\/Die-EU-will-Ungarn-strafen-weil-es-seine-Demokratie-schuetzt.jpg","type":"image\/jpeg"}],"author":"rtnews","twitter_card":"summary_large_image","twitter_creator":"@WirMachenAuf_de","twitter_site":"@WirMachenAuf_de","twitter_misc":{"Verfasst von":"rtnews","Gesch\u00e4tzte Lesezeit":"6\u00a0Minuten"},"schema":{"@context":"https:\/\/schema.org","@graph":[{"@type":"Article","@id":"https:\/\/now-news.de\/de\/deutschland\/die-eu-will-ungarn-strafen-weil-es-seine-demokratie-schuetzt\/#article","isPartOf":{"@id":"https:\/\/now-news.de\/de\/deutschland\/die-eu-will-ungarn-strafen-weil-es-seine-demokratie-schuetzt\/"},"author":{"name":"rtnews","@id":"https:\/\/now-news.de\/de\/#\/schema\/person\/fb534a4e865501d8b3285208df34a9b5"},"headline":"Die EU will Ungarn strafen, weil es seine Demokratie sch\u00fctzt","datePublished":"2024-02-08T19:17:19+00:00","dateModified":"2024-02-08T19:17:19+00:00","mainEntityOfPage":{"@id":"https:\/\/now-news.de\/de\/deutschland\/die-eu-will-ungarn-strafen-weil-es-seine-demokratie-schuetzt\/"},"wordCount":1216,"commentCount":0,"publisher":{"@id":"https:\/\/now-news.de\/de\/#organization"},"image":{"@id":"https:\/\/now-news.de\/de\/deutschland\/die-eu-will-ungarn-strafen-weil-es-seine-demokratie-schuetzt\/#primaryimage"},"thumbnailUrl":"https:\/\/now-news.de\/de\/wp-content\/uploads\/sites\/3\/2024\/02\/Die-EU-will-Ungarn-strafen-weil-es-seine-Demokratie-schuetzt.jpg","keywords":["Demokratie","die","sch\u00fctzt","seine","Strafen","Ungarn","weil"],"articleSection":["Deutschland","Russland"],"inLanguage":"de","potentialAction":[{"@type":"CommentAction","name":"Comment","target":["https:\/\/now-news.de\/de\/deutschland\/die-eu-will-ungarn-strafen-weil-es-seine-demokratie-schuetzt\/#respond"]}]},{"@type":"WebPage","@id":"https:\/\/now-news.de\/de\/deutschland\/die-eu-will-ungarn-strafen-weil-es-seine-demokratie-schuetzt\/","url":"https:\/\/now-news.de\/de\/deutschland\/die-eu-will-ungarn-strafen-weil-es-seine-demokratie-schuetzt\/","name":"Die EU will Ungarn strafen, weil es seine Demokratie sch\u00fctzt - just-now.NEWS Deutschland","isPartOf":{"@id":"https:\/\/now-news.de\/de\/#website"},"primaryImageOfPage":{"@id":"https:\/\/now-news.de\/de\/deutschland\/die-eu-will-ungarn-strafen-weil-es-seine-demokratie-schuetzt\/#primaryimage"},"image":{"@id":"https:\/\/now-news.de\/de\/deutschland\/die-eu-will-ungarn-strafen-weil-es-seine-demokratie-schuetzt\/#primaryimage"},"thumbnailUrl":"https:\/\/now-news.de\/de\/wp-content\/uploads\/sites\/3\/2024\/02\/Die-EU-will-Ungarn-strafen-weil-es-seine-Demokratie-schuetzt.jpg","datePublished":"2024-02-08T19:17:19+00:00","dateModified":"2024-02-08T19:17:19+00:00","breadcrumb":{"@id":"https:\/\/now-news.de\/de\/deutschland\/die-eu-will-ungarn-strafen-weil-es-seine-demokratie-schuetzt\/#breadcrumb"},"inLanguage":"de","potentialAction":[{"@type":"ReadAction","target":["https:\/\/now-news.de\/de\/deutschland\/die-eu-will-ungarn-strafen-weil-es-seine-demokratie-schuetzt\/"]}]},{"@type":"ImageObject","inLanguage":"de","@id":"https:\/\/now-news.de\/de\/deutschland\/die-eu-will-ungarn-strafen-weil-es-seine-demokratie-schuetzt\/#primaryimage","url":"https:\/\/now-news.de\/de\/wp-content\/uploads\/sites\/3\/2024\/02\/Die-EU-will-Ungarn-strafen-weil-es-seine-Demokratie-schuetzt.jpg","contentUrl":"https:\/\/now-news.de\/de\/wp-content\/uploads\/sites\/3\/2024\/02\/Die-EU-will-Ungarn-strafen-weil-es-seine-Demokratie-schuetzt.jpg","width":460,"height":259,"caption":"Die EU will Ungarn strafen, weil es seine Demokratie sch\u00fctzt"},{"@type":"BreadcrumbList","@id":"https:\/\/now-news.de\/de\/deutschland\/die-eu-will-ungarn-strafen-weil-es-seine-demokratie-schuetzt\/#breadcrumb","itemListElement":[{"@type":"ListItem","position":1,"name":"Home","item":"https:\/\/now-news.de\/de\/"},{"@type":"ListItem","position":2,"name":"Die EU will Ungarn strafen, weil es seine Demokratie sch\u00fctzt"}]},{"@type":"WebSite","@id":"https:\/\/now-news.de\/de\/#website","url":"https:\/\/now-news.de\/de\/","name":"just-now.NEWS Deutschland","description":"Das Portal f\u00fcr unzensierte Nachrichten aus der Welt","publisher":{"@id":"https:\/\/now-news.de\/de\/#organization"},"potentialAction":[{"@type":"SearchAction","target":{"@type":"EntryPoint","urlTemplate":"https:\/\/now-news.de\/de\/?s={search_term_string}"},"query-input":"required name=search_term_string"}],"inLanguage":"de"},{"@type":"Organization","@id":"https:\/\/now-news.de\/de\/#organization","name":"Just Now News","url":"https:\/\/now-news.de\/de\/","logo":{"@type":"ImageObject","inLanguage":"de","@id":"https:\/\/now-news.de\/de\/#\/schema\/logo\/image\/","url":"http:\/\/just-now.news\/de\/wp-content\/uploads\/sites\/3\/2022\/04\/logo500x500.jpg","contentUrl":"http:\/\/just-now.news\/de\/wp-content\/uploads\/sites\/3\/2022\/04\/logo500x500.jpg","width":500,"height":500,"caption":"Just Now News"},"image":{"@id":"https:\/\/now-news.de\/de\/#\/schema\/logo\/image\/"},"sameAs":["https:\/\/www.facebook.com\/wirmachenauf","https:\/\/x.com\/WirMachenAuf_de"]},{"@type":"Person","@id":"https:\/\/now-news.de\/de\/#\/schema\/person\/fb534a4e865501d8b3285208df34a9b5","name":"rtnews","image":{"@type":"ImageObject","inLanguage":"de","@id":"https:\/\/now-news.de\/de\/#\/schema\/person\/image\/","url":"https:\/\/secure.gravatar.com\/avatar\/82aafea7d8127119dd649515f56e2117?s=96&d=mm&r=g","contentUrl":"https:\/\/secure.gravatar.com\/avatar\/82aafea7d8127119dd649515f56e2117?s=96&d=mm&r=g","caption":"rtnews"},"url":"https:\/\/now-news.de\/de\/author\/rnews\/"}]}},"_links":{"self":[{"href":"https:\/\/now-news.de\/de\/wp-json\/wp\/v2\/posts\/55001"}],"collection":[{"href":"https:\/\/now-news.de\/de\/wp-json\/wp\/v2\/posts"}],"about":[{"href":"https:\/\/now-news.de\/de\/wp-json\/wp\/v2\/types\/post"}],"author":[{"embeddable":true,"href":"https:\/\/now-news.de\/de\/wp-json\/wp\/v2\/users\/3"}],"replies":[{"embeddable":true,"href":"https:\/\/now-news.de\/de\/wp-json\/wp\/v2\/comments?post=55001"}],"version-history":[{"count":0,"href":"https:\/\/now-news.de\/de\/wp-json\/wp\/v2\/posts\/55001\/revisions"}],"wp:featuredmedia":[{"embeddable":true,"href":"https:\/\/now-news.de\/de\/wp-json\/wp\/v2\/media\/55002"}],"wp:attachment":[{"href":"https:\/\/now-news.de\/de\/wp-json\/wp\/v2\/media?parent=55001"}],"wp:term":[{"taxonomy":"category","embeddable":true,"href":"https:\/\/now-news.de\/de\/wp-json\/wp\/v2\/categories?post=55001"},{"taxonomy":"post_tag","embeddable":true,"href":"https:\/\/now-news.de\/de\/wp-json\/wp\/v2\/tags?post=55001"}],"curies":[{"name":"wp","href":"https:\/\/api.w.org\/{rel}","templated":true}]}}