{"id":54991,"date":"2024-02-08T19:26:50","date_gmt":"2024-02-08T17:26:50","guid":{"rendered":"https:\/\/just-now.news\/de\/deutschland\/deutschland-im-abwaerts-taumel-oecd-senkt-prognose\/"},"modified":"2024-02-08T19:26:50","modified_gmt":"2024-02-08T17:26:50","slug":"deutschland-im-abwaerts-taumel-oecd-senkt-prognose","status":"publish","type":"post","link":"https:\/\/now-news.de\/de\/deutschland\/deutschland-im-abwaerts-taumel-oecd-senkt-prognose\/","title":{"rendered":"Deutschland im Abw\u00e4rts-Taumel: OECD senkt Prognose"},"content":{"rendered":"<p><img decoding=\"async\" src=\"http:\/\/just-now.news\/de\/wp-content\/uploads\/sites\/3\/2024\/02\/65c4c2e2b480cc7ab7667b41.jpg\" \/><\/p>\n<div class=\"Text-root Text-type_1 \">\n                Nach dem IWF senkt nun auch die OECD ihre Prognose f\u00fcr Deutschland. Um 0,3 Prozent soll die deutsche Wirtschaft wachsen. Dass es mit Deutschland abw\u00e4rtsgeht, best\u00e4tigen auch Habeck und Lindner. Nur L\u00f6sungen haben sie keine. Das Sanktionsregime steht weiter nicht infrage.\n            <\/div>\n<p><\/p>\n<div class=\"Text-root Text-type_5 ArticleView-text ViewText-root \">\n<p><em>Von Gert Ewen Ungar<\/em><\/p>\n<p>Die Experten der Organisation f\u00fcr wirtschaftliche Zusammenarbeit und Entwicklung, OECD, haben ihre <a rel=\"nofollow noopener\" target=\"_blank\" href=\"https:\/\/www.oecd.org\/economic-outlook\/february-2024\/\">Prognose <\/a>f\u00fcr Deutschland f\u00fcr das Jahr 2024 halbiert. Von der Herbstprognose, die f\u00fcr Deutschland bereits ein recht sp\u00e4rliches Wachstum von 0,6 Prozent vorhergesagt hat, lie\u00df die OECD in ihrem aktuellen Ausblick gerade mal die H\u00e4lfte \u00fcbrig. Um 0,3 Prozent soll die deutsche Wirtschaft in diesem Jahr wachsen. Damit landet Deutschland auf dem vorletzten Platz aller untersuchten L\u00e4nder. Lediglich Argentinien, dem der neue Pr\u00e4sident Javier Milei einen marktradikalen wirtschaftlichen Selbstmord verordnet hat, steht noch schlechter da. Die Prognose geht von einer Schrumpfung der Wirtschaft um knapp 3 Prozent aus. Sollte sich Milei mit seinen Vorhaben durchsetzen k\u00f6nnen, d\u00fcrfte das Minus allerdings noch deutlich h\u00f6her ausfallen.\u00a0<\/p>\n<p>Die Weltwirtschaft soll insgesamt um 2,9 Prozent wachsen, allerdings sind die Wachstumsraten sehr ungleich verteilt. Der Westen schw\u00e4chelt insgesamt. Das h\u00f6chste Wachstum wird dabei f\u00fcr die USA prognostiziert. Aber auch sie verbleiben mit 2,1 Prozent unter dem Durchschnitt. \u00dcberdurchschnittliche Wachstumsraten finden sich vor allem im Globalen S\u00fcden. Indiens Wachstum prognostiziert die OECD mit 6,2 Prozent, das Wachstum Indonesiens mit 5,1 und Chinas mit 4,7 Prozent. Trotz umfassender Sanktionen erwartet die Organisation f\u00fcr Russland weiterhin positive Wachstumsraten. 1,8 Prozent sagt die OECD vorher. Russlands Wirtschaft w\u00e4chst damit wesentlich st\u00e4rker als die deutsche.\u00a0<\/p>\n<p>In den Analysen und den Erkl\u00e4rungsversuchen zur deutschen Wachstumsschw\u00e4che wird viel \u00fcber globale Unsicherheit, hohe Zinsen und Energiepreise sowie eine global schwache Konjunktur geredet. Allerdings sind diese Bedingungen f\u00fcr alle westlichen L\u00e4nder gleich. Dennoch hinkt Deutschland auch unter den insgesamt schw\u00e4chelnden westlichen L\u00e4ndern noch weit abgeschlagen hinterher. Zwei Worte fallen in der Diskussion nicht. Sanktionen und Nord Stream.\u00a0<\/p>\n<p>Diskutiert wird in Deutschland inzwischen \u00fcber die Schuldenbremse. Dass dieser Nachlass von Wolfgang Sch\u00e4uble sch\u00e4dlich f\u00fcr den Wirtschaftsstandort Deutschland ist, ist unter \u00d6konomen kaum mehr umstritten. Auch die OECD fordert zumindest eine Reform der ins Grundgesetz geschriebenen Wachstumsbremse. Die Chancen auf eine tats\u00e4chliche Reform stehen jedoch schlecht. Sowohl die CDU als auch die FDP sprechen sich dagegen aus. Damit fehlt die notwendige Zweidrittelmehrheit f\u00fcr eine Grundgesetz\u00e4nderung. Staatlichen Investitionen ist ein grundgesetzlicher Riegel vorgeschoben.\u00a0<\/p>\n<p>Die deutsche Malaise wird durch\u00a0hausgemachte Probleme und Unsicherheiten verst\u00e4rkt. Neben den fehlenden Wachstumsimpulsen durch staatliche Investitionen gibt es bei den Unternehmen gleichzeitig gro\u00dfe Verunsicherung durch von der Politik gemachte Vorgaben und sich best\u00e4ndig ver\u00e4ndernde Rahmenbedingungen. Daher sei die Stimmung in keinem Land derzeit so schlecht wie in Deutschland, sagte Constantin Gall, Leiter des Bereichs Strategie und Transaktionen f\u00fcr die Region Westeuropa bei der Unternehmensberatung EY. EY befragte weltweit 1200 Unternehmenschefs, 100 auch in Deutschland. Ergebnis: extrem miese Stimmung in Deutschland.<\/p>\n<p>Ermittelt wurde zudem, dass deutsche Unternehmen immer h\u00e4ufiger im Ausland investieren, wo das wirtschaftliche Umfeld besser ist als in Deutschland. In diesem Zusammenhang f\u00e4llt das Wort &#8220;Sanktionen&#8221; zwar nicht, denn offene Kritik am Sanktionsregime ist in Deutschland nicht opportun. Aber die Kritik an hohen Energiekosten und die Tatsache, dass vor allem energieintensive Unternehmen ihre Produktion in Deutschland ganz deutlich herunterfahren, spricht f\u00fcr die These, dass mit dem Sanktionsregime die deutsche Wirtschaft massiv gesch\u00e4digt wird. Dabei handelt es sich nicht um eine Wachstumsdelle, die durch einen kr\u00e4ftigen Aufschwung wieder ausgeglichen werden k\u00f6nnte, sondern um ein strukturelles Problem.<\/p>\n<blockquote>\n<p><em>&#8220;Es ist l\u00e4ngst nicht ausgemacht, dass Deutschland mittelfristig seine starke Position in der Weltwirtschaft behaupten kann \u2013 das bereitet den Unternehmenslenkern Sorgen&#8221;, <\/em><\/p>\n<\/blockquote>\n<p>sagte Gall. Diese Erkenntnis ist auch in der Politik angekommen. Auf einer Veranstaltung des Nachrichtenportals <em>Bloomberg<\/em> sagte Finanzminister Christian Lindner:\u00a0<\/p>\n<blockquote>\n<p><em>&#8220;Der Wirtschaftsminister sagt, wir sind nicht mehr wettbewerbsf\u00e4hig, auch in steuerlicher Hinsicht. Der Finanzminister sagt, dass wir \u00e4rmer werden, weil wir kein Wachstum haben, wir fallen zur\u00fcck.&#8221;<\/em><\/p>\n<\/blockquote>\n<p>Praktikable L\u00f6sungen hat weder der eine noch der andere. Am Sanktionsregime wollen beide festhalten.<\/p>\n<p><strong>Mehr zum Thema<\/strong>\u00a0\u2013\u00a0<a rel=\"nofollow noopener\" target=\"_blank\" href=\"https:\/\/freedert.online\/kurzclips\/video\/195320-lindner-ueber-deutschen-wohlstand-wir\/\">Lindner \u00fcber deutschen Wohlstand: &#8220;Wir werden \u00e4rmer&#8221;<\/a><\/p>\n<\/p>\n<\/div>\n<p><br \/>\n<br \/><a href=\"https:\/\/de.rt.com\/inland\/195557-deutschland-im-abwaerts-taumel-oecd\/\">Source link <\/a><\/p>\n","protected":false},"excerpt":{"rendered":"<p>Nach dem IWF senkt nun auch die OECD ihre Prognose f\u00fcr Deutschland. Um 0,3 Prozent soll die deutsche Wirtschaft wachsen. Dass es mit Deutschland abw\u00e4rtsgeht, best\u00e4tigen auch Habeck und Lindner. Nur L\u00f6sungen haben sie keine. Das Sanktionsregime steht weiter nicht infrage. Von Gert Ewen Ungar Die Experten der Organisation f\u00fcr wirtschaftliche Zusammenarbeit und Entwicklung, OECD, [&hellip;]<\/p>\n","protected":false},"author":3,"featured_media":54992,"comment_status":"open","ping_status":"open","sticky":false,"template":"","format":"standard","meta":{"_yoast_indexnow_last_ping":["1707414050"],"wp_automatic_camp":["217"],"9ece9ac00e2cedefee1f2b72fe310909":["Deutschland im Abw\u00e4rts-Taumel: OECD senkt Prognose"],"original_link":["https:\/\/de.rt.com\/inland\/195557-deutschland-im-abwaerts-taumel-oecd\/"],"_thumbnail_id":["54992"],"jnews_social_counter_last_update":["1777109128"],"_wptgpro_p2tg_sent2tg":["a:1:{i:23737;s:19:\"2024-02-08 19:42:08\";}"]},"categories":[19,23],"tags":[53346,179,53347,11804,12210],"yoast_head":"<!-- This site is optimized with the Yoast SEO Premium plugin v22.7 (Yoast SEO v22.7) - https:\/\/yoast.com\/wordpress\/plugins\/seo\/ -->\n<title>Deutschland im Abw\u00e4rts-Taumel: OECD senkt Prognose - just-now.NEWS Deutschland<\/title>\n<meta name=\"robots\" content=\"index, follow, max-snippet:-1, max-image-preview:large, max-video-preview:-1\" \/>\n<link rel=\"canonical\" href=\"https:\/\/now-news.de\/de\/deutschland\/deutschland-im-abwaerts-taumel-oecd-senkt-prognose\/\" \/>\n<meta property=\"og:locale\" content=\"de_DE\" \/>\n<meta property=\"og:type\" content=\"article\" \/>\n<meta property=\"og:title\" content=\"Deutschland im Abw\u00e4rts-Taumel: OECD senkt Prognose\" \/>\n<meta property=\"og:description\" content=\"Nach dem IWF senkt nun auch die OECD ihre Prognose f\u00fcr Deutschland. Um 0,3 Prozent soll die deutsche Wirtschaft wachsen. Dass es mit Deutschland abw\u00e4rtsgeht, best\u00e4tigen auch Habeck und Lindner. Nur L\u00f6sungen haben sie keine. Das Sanktionsregime steht weiter nicht infrage. Von Gert Ewen Ungar Die Experten der Organisation f\u00fcr wirtschaftliche Zusammenarbeit und Entwicklung, OECD, [&hellip;]\" \/>\n<meta property=\"og:url\" content=\"https:\/\/now-news.de\/de\/deutschland\/deutschland-im-abwaerts-taumel-oecd-senkt-prognose\/\" \/>\n<meta property=\"og:site_name\" content=\"just-now.NEWS Deutschland\" \/>\n<meta property=\"article:publisher\" content=\"https:\/\/www.facebook.com\/wirmachenauf\" \/>\n<meta property=\"article:published_time\" content=\"2024-02-08T17:26:50+00:00\" \/>\n<meta property=\"og:image\" content=\"https:\/\/now-news.de\/de\/wp-content\/uploads\/sites\/3\/2024\/02\/Deutschland-im-Abwaerts-Taumel-OECD-senkt-Prognose.jpg\" \/>\n\t<meta property=\"og:image:width\" content=\"460\" \/>\n\t<meta property=\"og:image:height\" content=\"259\" \/>\n\t<meta property=\"og:image:type\" content=\"image\/jpeg\" \/>\n<meta name=\"author\" content=\"rtnews\" \/>\n<meta name=\"twitter:card\" content=\"summary_large_image\" \/>\n<meta name=\"twitter:creator\" content=\"@WirMachenAuf_de\" \/>\n<meta name=\"twitter:site\" content=\"@WirMachenAuf_de\" \/>\n<meta name=\"twitter:label1\" content=\"Verfasst von\" \/>\n\t<meta name=\"twitter:data1\" content=\"rtnews\" \/>\n\t<meta name=\"twitter:label2\" content=\"Gesch\u00e4tzte Lesezeit\" \/>\n\t<meta name=\"twitter:data2\" content=\"3\u00a0Minuten\" \/>\n<script type=\"application\/ld+json\" class=\"yoast-schema-graph\">{\"@context\":\"https:\/\/schema.org\",\"@graph\":[{\"@type\":\"Article\",\"@id\":\"https:\/\/now-news.de\/de\/deutschland\/deutschland-im-abwaerts-taumel-oecd-senkt-prognose\/#article\",\"isPartOf\":{\"@id\":\"https:\/\/now-news.de\/de\/deutschland\/deutschland-im-abwaerts-taumel-oecd-senkt-prognose\/\"},\"author\":{\"name\":\"rtnews\",\"@id\":\"https:\/\/now-news.de\/de\/#\/schema\/person\/fb534a4e865501d8b3285208df34a9b5\"},\"headline\":\"Deutschland im Abw\u00e4rts-Taumel: OECD senkt Prognose\",\"datePublished\":\"2024-02-08T17:26:50+00:00\",\"dateModified\":\"2024-02-08T17:26:50+00:00\",\"mainEntityOfPage\":{\"@id\":\"https:\/\/now-news.de\/de\/deutschland\/deutschland-im-abwaerts-taumel-oecd-senkt-prognose\/\"},\"wordCount\":698,\"commentCount\":0,\"publisher\":{\"@id\":\"https:\/\/now-news.de\/de\/#organization\"},\"image\":{\"@id\":\"https:\/\/now-news.de\/de\/deutschland\/deutschland-im-abwaerts-taumel-oecd-senkt-prognose\/#primaryimage\"},\"thumbnailUrl\":\"https:\/\/now-news.de\/de\/wp-content\/uploads\/sites\/3\/2024\/02\/Deutschland-im-Abwaerts-Taumel-OECD-senkt-Prognose.jpg\",\"keywords\":[\"Abw\u00e4rtsTaumel\",\"Deutschland\",\"OECD\",\"Prognose\",\"senkt\"],\"articleSection\":[\"Deutschland\",\"Russland\"],\"inLanguage\":\"de\",\"potentialAction\":[{\"@type\":\"CommentAction\",\"name\":\"Comment\",\"target\":[\"https:\/\/now-news.de\/de\/deutschland\/deutschland-im-abwaerts-taumel-oecd-senkt-prognose\/#respond\"]}]},{\"@type\":\"WebPage\",\"@id\":\"https:\/\/now-news.de\/de\/deutschland\/deutschland-im-abwaerts-taumel-oecd-senkt-prognose\/\",\"url\":\"https:\/\/now-news.de\/de\/deutschland\/deutschland-im-abwaerts-taumel-oecd-senkt-prognose\/\",\"name\":\"Deutschland im Abw\u00e4rts-Taumel: OECD senkt Prognose - just-now.NEWS Deutschland\",\"isPartOf\":{\"@id\":\"https:\/\/now-news.de\/de\/#website\"},\"primaryImageOfPage\":{\"@id\":\"https:\/\/now-news.de\/de\/deutschland\/deutschland-im-abwaerts-taumel-oecd-senkt-prognose\/#primaryimage\"},\"image\":{\"@id\":\"https:\/\/now-news.de\/de\/deutschland\/deutschland-im-abwaerts-taumel-oecd-senkt-prognose\/#primaryimage\"},\"thumbnailUrl\":\"https:\/\/now-news.de\/de\/wp-content\/uploads\/sites\/3\/2024\/02\/Deutschland-im-Abwaerts-Taumel-OECD-senkt-Prognose.jpg\",\"datePublished\":\"2024-02-08T17:26:50+00:00\",\"dateModified\":\"2024-02-08T17:26:50+00:00\",\"breadcrumb\":{\"@id\":\"https:\/\/now-news.de\/de\/deutschland\/deutschland-im-abwaerts-taumel-oecd-senkt-prognose\/#breadcrumb\"},\"inLanguage\":\"de\",\"potentialAction\":[{\"@type\":\"ReadAction\",\"target\":[\"https:\/\/now-news.de\/de\/deutschland\/deutschland-im-abwaerts-taumel-oecd-senkt-prognose\/\"]}]},{\"@type\":\"ImageObject\",\"inLanguage\":\"de\",\"@id\":\"https:\/\/now-news.de\/de\/deutschland\/deutschland-im-abwaerts-taumel-oecd-senkt-prognose\/#primaryimage\",\"url\":\"https:\/\/now-news.de\/de\/wp-content\/uploads\/sites\/3\/2024\/02\/Deutschland-im-Abwaerts-Taumel-OECD-senkt-Prognose.jpg\",\"contentUrl\":\"https:\/\/now-news.de\/de\/wp-content\/uploads\/sites\/3\/2024\/02\/Deutschland-im-Abwaerts-Taumel-OECD-senkt-Prognose.jpg\",\"width\":460,\"height\":259,\"caption\":\"Deutschland im Abw\u00e4rts-Taumel: OECD senkt Prognose\"},{\"@type\":\"BreadcrumbList\",\"@id\":\"https:\/\/now-news.de\/de\/deutschland\/deutschland-im-abwaerts-taumel-oecd-senkt-prognose\/#breadcrumb\",\"itemListElement\":[{\"@type\":\"ListItem\",\"position\":1,\"name\":\"Home\",\"item\":\"https:\/\/now-news.de\/de\/\"},{\"@type\":\"ListItem\",\"position\":2,\"name\":\"Deutschland im Abw\u00e4rts-Taumel: OECD senkt Prognose\"}]},{\"@type\":\"WebSite\",\"@id\":\"https:\/\/now-news.de\/de\/#website\",\"url\":\"https:\/\/now-news.de\/de\/\",\"name\":\"just-now.NEWS Deutschland\",\"description\":\"Das Portal f\u00fcr unzensierte Nachrichten aus der Welt\",\"publisher\":{\"@id\":\"https:\/\/now-news.de\/de\/#organization\"},\"potentialAction\":[{\"@type\":\"SearchAction\",\"target\":{\"@type\":\"EntryPoint\",\"urlTemplate\":\"https:\/\/now-news.de\/de\/?s={search_term_string}\"},\"query-input\":\"required name=search_term_string\"}],\"inLanguage\":\"de\"},{\"@type\":\"Organization\",\"@id\":\"https:\/\/now-news.de\/de\/#organization\",\"name\":\"Just Now News\",\"url\":\"https:\/\/now-news.de\/de\/\",\"logo\":{\"@type\":\"ImageObject\",\"inLanguage\":\"de\",\"@id\":\"https:\/\/now-news.de\/de\/#\/schema\/logo\/image\/\",\"url\":\"http:\/\/just-now.news\/de\/wp-content\/uploads\/sites\/3\/2022\/04\/logo500x500.jpg\",\"contentUrl\":\"http:\/\/just-now.news\/de\/wp-content\/uploads\/sites\/3\/2022\/04\/logo500x500.jpg\",\"width\":500,\"height\":500,\"caption\":\"Just Now News\"},\"image\":{\"@id\":\"https:\/\/now-news.de\/de\/#\/schema\/logo\/image\/\"},\"sameAs\":[\"https:\/\/www.facebook.com\/wirmachenauf\",\"https:\/\/x.com\/WirMachenAuf_de\"]},{\"@type\":\"Person\",\"@id\":\"https:\/\/now-news.de\/de\/#\/schema\/person\/fb534a4e865501d8b3285208df34a9b5\",\"name\":\"rtnews\",\"image\":{\"@type\":\"ImageObject\",\"inLanguage\":\"de\",\"@id\":\"https:\/\/now-news.de\/de\/#\/schema\/person\/image\/\",\"url\":\"https:\/\/secure.gravatar.com\/avatar\/82aafea7d8127119dd649515f56e2117?s=96&d=mm&r=g\",\"contentUrl\":\"https:\/\/secure.gravatar.com\/avatar\/82aafea7d8127119dd649515f56e2117?s=96&d=mm&r=g\",\"caption\":\"rtnews\"},\"url\":\"https:\/\/now-news.de\/de\/author\/rnews\/\"}]}<\/script>\n<!-- \/ Yoast SEO Premium plugin. -->","yoast_head_json":{"title":"Deutschland im Abw\u00e4rts-Taumel: OECD senkt Prognose - just-now.NEWS Deutschland","robots":{"index":"index","follow":"follow","max-snippet":"max-snippet:-1","max-image-preview":"max-image-preview:large","max-video-preview":"max-video-preview:-1"},"canonical":"https:\/\/now-news.de\/de\/deutschland\/deutschland-im-abwaerts-taumel-oecd-senkt-prognose\/","og_locale":"de_DE","og_type":"article","og_title":"Deutschland im Abw\u00e4rts-Taumel: OECD senkt Prognose","og_description":"Nach dem IWF senkt nun auch die OECD ihre Prognose f\u00fcr Deutschland. Um 0,3 Prozent soll die deutsche Wirtschaft wachsen. Dass es mit Deutschland abw\u00e4rtsgeht, best\u00e4tigen auch Habeck und Lindner. Nur L\u00f6sungen haben sie keine. Das Sanktionsregime steht weiter nicht infrage. Von Gert Ewen Ungar Die Experten der Organisation f\u00fcr wirtschaftliche Zusammenarbeit und Entwicklung, OECD, [&hellip;]","og_url":"https:\/\/now-news.de\/de\/deutschland\/deutschland-im-abwaerts-taumel-oecd-senkt-prognose\/","og_site_name":"just-now.NEWS Deutschland","article_publisher":"https:\/\/www.facebook.com\/wirmachenauf","article_published_time":"2024-02-08T17:26:50+00:00","og_image":[{"width":460,"height":259,"url":"https:\/\/now-news.de\/de\/wp-content\/uploads\/sites\/3\/2024\/02\/Deutschland-im-Abwaerts-Taumel-OECD-senkt-Prognose.jpg","type":"image\/jpeg"}],"author":"rtnews","twitter_card":"summary_large_image","twitter_creator":"@WirMachenAuf_de","twitter_site":"@WirMachenAuf_de","twitter_misc":{"Verfasst von":"rtnews","Gesch\u00e4tzte Lesezeit":"3\u00a0Minuten"},"schema":{"@context":"https:\/\/schema.org","@graph":[{"@type":"Article","@id":"https:\/\/now-news.de\/de\/deutschland\/deutschland-im-abwaerts-taumel-oecd-senkt-prognose\/#article","isPartOf":{"@id":"https:\/\/now-news.de\/de\/deutschland\/deutschland-im-abwaerts-taumel-oecd-senkt-prognose\/"},"author":{"name":"rtnews","@id":"https:\/\/now-news.de\/de\/#\/schema\/person\/fb534a4e865501d8b3285208df34a9b5"},"headline":"Deutschland im Abw\u00e4rts-Taumel: OECD senkt Prognose","datePublished":"2024-02-08T17:26:50+00:00","dateModified":"2024-02-08T17:26:50+00:00","mainEntityOfPage":{"@id":"https:\/\/now-news.de\/de\/deutschland\/deutschland-im-abwaerts-taumel-oecd-senkt-prognose\/"},"wordCount":698,"commentCount":0,"publisher":{"@id":"https:\/\/now-news.de\/de\/#organization"},"image":{"@id":"https:\/\/now-news.de\/de\/deutschland\/deutschland-im-abwaerts-taumel-oecd-senkt-prognose\/#primaryimage"},"thumbnailUrl":"https:\/\/now-news.de\/de\/wp-content\/uploads\/sites\/3\/2024\/02\/Deutschland-im-Abwaerts-Taumel-OECD-senkt-Prognose.jpg","keywords":["Abw\u00e4rtsTaumel","Deutschland","OECD","Prognose","senkt"],"articleSection":["Deutschland","Russland"],"inLanguage":"de","potentialAction":[{"@type":"CommentAction","name":"Comment","target":["https:\/\/now-news.de\/de\/deutschland\/deutschland-im-abwaerts-taumel-oecd-senkt-prognose\/#respond"]}]},{"@type":"WebPage","@id":"https:\/\/now-news.de\/de\/deutschland\/deutschland-im-abwaerts-taumel-oecd-senkt-prognose\/","url":"https:\/\/now-news.de\/de\/deutschland\/deutschland-im-abwaerts-taumel-oecd-senkt-prognose\/","name":"Deutschland im Abw\u00e4rts-Taumel: OECD senkt Prognose - just-now.NEWS Deutschland","isPartOf":{"@id":"https:\/\/now-news.de\/de\/#website"},"primaryImageOfPage":{"@id":"https:\/\/now-news.de\/de\/deutschland\/deutschland-im-abwaerts-taumel-oecd-senkt-prognose\/#primaryimage"},"image":{"@id":"https:\/\/now-news.de\/de\/deutschland\/deutschland-im-abwaerts-taumel-oecd-senkt-prognose\/#primaryimage"},"thumbnailUrl":"https:\/\/now-news.de\/de\/wp-content\/uploads\/sites\/3\/2024\/02\/Deutschland-im-Abwaerts-Taumel-OECD-senkt-Prognose.jpg","datePublished":"2024-02-08T17:26:50+00:00","dateModified":"2024-02-08T17:26:50+00:00","breadcrumb":{"@id":"https:\/\/now-news.de\/de\/deutschland\/deutschland-im-abwaerts-taumel-oecd-senkt-prognose\/#breadcrumb"},"inLanguage":"de","potentialAction":[{"@type":"ReadAction","target":["https:\/\/now-news.de\/de\/deutschland\/deutschland-im-abwaerts-taumel-oecd-senkt-prognose\/"]}]},{"@type":"ImageObject","inLanguage":"de","@id":"https:\/\/now-news.de\/de\/deutschland\/deutschland-im-abwaerts-taumel-oecd-senkt-prognose\/#primaryimage","url":"https:\/\/now-news.de\/de\/wp-content\/uploads\/sites\/3\/2024\/02\/Deutschland-im-Abwaerts-Taumel-OECD-senkt-Prognose.jpg","contentUrl":"https:\/\/now-news.de\/de\/wp-content\/uploads\/sites\/3\/2024\/02\/Deutschland-im-Abwaerts-Taumel-OECD-senkt-Prognose.jpg","width":460,"height":259,"caption":"Deutschland im Abw\u00e4rts-Taumel: OECD senkt Prognose"},{"@type":"BreadcrumbList","@id":"https:\/\/now-news.de\/de\/deutschland\/deutschland-im-abwaerts-taumel-oecd-senkt-prognose\/#breadcrumb","itemListElement":[{"@type":"ListItem","position":1,"name":"Home","item":"https:\/\/now-news.de\/de\/"},{"@type":"ListItem","position":2,"name":"Deutschland im Abw\u00e4rts-Taumel: OECD senkt Prognose"}]},{"@type":"WebSite","@id":"https:\/\/now-news.de\/de\/#website","url":"https:\/\/now-news.de\/de\/","name":"just-now.NEWS Deutschland","description":"Das Portal f\u00fcr unzensierte Nachrichten aus der Welt","publisher":{"@id":"https:\/\/now-news.de\/de\/#organization"},"potentialAction":[{"@type":"SearchAction","target":{"@type":"EntryPoint","urlTemplate":"https:\/\/now-news.de\/de\/?s={search_term_string}"},"query-input":"required name=search_term_string"}],"inLanguage":"de"},{"@type":"Organization","@id":"https:\/\/now-news.de\/de\/#organization","name":"Just Now News","url":"https:\/\/now-news.de\/de\/","logo":{"@type":"ImageObject","inLanguage":"de","@id":"https:\/\/now-news.de\/de\/#\/schema\/logo\/image\/","url":"http:\/\/just-now.news\/de\/wp-content\/uploads\/sites\/3\/2022\/04\/logo500x500.jpg","contentUrl":"http:\/\/just-now.news\/de\/wp-content\/uploads\/sites\/3\/2022\/04\/logo500x500.jpg","width":500,"height":500,"caption":"Just Now News"},"image":{"@id":"https:\/\/now-news.de\/de\/#\/schema\/logo\/image\/"},"sameAs":["https:\/\/www.facebook.com\/wirmachenauf","https:\/\/x.com\/WirMachenAuf_de"]},{"@type":"Person","@id":"https:\/\/now-news.de\/de\/#\/schema\/person\/fb534a4e865501d8b3285208df34a9b5","name":"rtnews","image":{"@type":"ImageObject","inLanguage":"de","@id":"https:\/\/now-news.de\/de\/#\/schema\/person\/image\/","url":"https:\/\/secure.gravatar.com\/avatar\/82aafea7d8127119dd649515f56e2117?s=96&d=mm&r=g","contentUrl":"https:\/\/secure.gravatar.com\/avatar\/82aafea7d8127119dd649515f56e2117?s=96&d=mm&r=g","caption":"rtnews"},"url":"https:\/\/now-news.de\/de\/author\/rnews\/"}]}},"_links":{"self":[{"href":"https:\/\/now-news.de\/de\/wp-json\/wp\/v2\/posts\/54991"}],"collection":[{"href":"https:\/\/now-news.de\/de\/wp-json\/wp\/v2\/posts"}],"about":[{"href":"https:\/\/now-news.de\/de\/wp-json\/wp\/v2\/types\/post"}],"author":[{"embeddable":true,"href":"https:\/\/now-news.de\/de\/wp-json\/wp\/v2\/users\/3"}],"replies":[{"embeddable":true,"href":"https:\/\/now-news.de\/de\/wp-json\/wp\/v2\/comments?post=54991"}],"version-history":[{"count":0,"href":"https:\/\/now-news.de\/de\/wp-json\/wp\/v2\/posts\/54991\/revisions"}],"wp:featuredmedia":[{"embeddable":true,"href":"https:\/\/now-news.de\/de\/wp-json\/wp\/v2\/media\/54992"}],"wp:attachment":[{"href":"https:\/\/now-news.de\/de\/wp-json\/wp\/v2\/media?parent=54991"}],"wp:term":[{"taxonomy":"category","embeddable":true,"href":"https:\/\/now-news.de\/de\/wp-json\/wp\/v2\/categories?post=54991"},{"taxonomy":"post_tag","embeddable":true,"href":"https:\/\/now-news.de\/de\/wp-json\/wp\/v2\/tags?post=54991"}],"curies":[{"name":"wp","href":"https:\/\/api.w.org\/{rel}","templated":true}]}}